{"id":42689,"date":"2015-07-15T22:48:18","date_gmt":"2015-07-15T20:48:18","guid":{"rendered":"http:\/\/eldigitaldeasturias.com\/magazine365\/?p=42689"},"modified":"2015-07-15T22:48:18","modified_gmt":"2015-07-15T20:48:18","slug":"la-agencia-valenciana-de-turismo-potenciara-la-tomatina-de-bunol-en-el-extranjero","status":"publish","type":"post","link":"https:\/\/eldigitaldeasturias.com\/magazine365\/la-agencia-valenciana-de-turismo-potenciara-la-tomatina-de-bunol-en-el-extranjero\/","title":{"rendered":"La Agencia Valenciana de Turismo potenciar\u00e1 la &#8216;Tomatina&#8217; de Bu\u00f1ol en el extranjero"},"content":{"rendered":"<p><img fetchpriority=\"high\" decoding=\"async\" class=\"alignleft size-medium wp-image-42690\" src=\"https:\/\/eldigitaldeasturias.com\/magazine365\/wp-content\/uploads\/2015\/07\/fotonoticia_20150714161649_800-360x240.jpg\" alt=\"fotonoticia_20150714161649_800\" width=\"360\" height=\"240\" srcset=\"https:\/\/eldigitaldeasturias.com\/magazine365\/wp-content\/uploads\/2015\/07\/fotonoticia_20150714161649_800-360x240.jpg 360w, https:\/\/eldigitaldeasturias.com\/magazine365\/wp-content\/uploads\/2015\/07\/fotonoticia_20150714161649_800-650x434.jpg 650w, https:\/\/eldigitaldeasturias.com\/magazine365\/wp-content\/uploads\/2015\/07\/fotonoticia_20150714161649_800-768x513.jpg 768w, https:\/\/eldigitaldeasturias.com\/magazine365\/wp-content\/uploads\/2015\/07\/fotonoticia_20150714161649_800-150x100.jpg 150w, https:\/\/eldigitaldeasturias.com\/magazine365\/wp-content\/uploads\/2015\/07\/fotonoticia_20150714161649_800-450x300.jpg 450w, https:\/\/eldigitaldeasturias.com\/magazine365\/wp-content\/uploads\/2015\/07\/fotonoticia_20150714161649_800-696x465.jpg 696w, https:\/\/eldigitaldeasturias.com\/magazine365\/wp-content\/uploads\/2015\/07\/fotonoticia_20150714161649_800-629x420.jpg 629w, https:\/\/eldigitaldeasturias.com\/magazine365\/wp-content\/uploads\/2015\/07\/fotonoticia_20150714161649_800-84x55.jpg 84w, https:\/\/eldigitaldeasturias.com\/magazine365\/wp-content\/uploads\/2015\/07\/fotonoticia_20150714161649_800.jpg 800w\" sizes=\"(max-width: 360px) 100vw, 360px\" \/>La Agencia Valenciana de Turismo potenciar\u00e1 la fiesta de la &#8216;Tomatina&#8217; de Bu\u00f1ol (Valencia) en mercados internacionales y colaborar\u00e1 en la difusi\u00f3n del concierto &#8216;Mano a manos&#8217; que se celebra en la localidad y en el que dos bandas de m\u00fasica se retan en un concierto.<\/p>\n<p>El secretario auton\u00f3mico de la agencia de turismo, Francesc Colomer, ha mantenido este martes una reuni\u00f3n de trabajo con el alcalde de Bu\u00f1ol, Rafa P\u00e9rez y con el concejal de Turismo y Comercio, Manuel Sierra, para concretar los t\u00e9rminos del protocolo de colaboraci\u00f3n que firmar\u00e1n con el objetivo de promocionar y dar difusi\u00f3n a la 42\u00aa edici\u00f3n del concierto &#8216;Mano a Mano&#8217;.<\/p>\n<p>Colomer se ha comprometido a visitar en los pr\u00f3ximos d\u00edas el auditorio en el que tendr\u00e1 lugar este certamen, donde firmar\u00e1 el protocolo de colaboraci\u00f3n, que incluye la implicaci\u00f3n de las oficinas de Turismo de la Comunitat Valenciana para difundir su celebraci\u00f3n y conseguir atraer al mayor n\u00famero de visitantes posible.<\/p>\n<p>El concierto &#8216;Mano a Mano&#8217;, reconocido como Fiesta de Inter\u00e9s Tur\u00edstico Auton\u00f3mico, tendr\u00e1 lugar el pr\u00f3ximo 15 de agosto en el Auditorio Municipal S.Luis de Bu\u00f1ol, donde las dos sociedades musicales de la localidad se retar\u00e1n en duelo musical.<\/p>\n<p>De hecho, este concierto re\u00fane en el escenario a la Banda Sinf\u00f3nica \u00abLa Arm\u00f3nica\u00bb de Bu\u00f1ol y a la Banda Sinf\u00f3nica de la Sociedad Musical La Art\u00edstica de Bu\u00f1ol, dos de las m\u00e1ximas exponentes del panorama band\u00edstico de la Comunidad Valenciana y de Espa\u00f1a, galardonadas en cert\u00e1menes y mundiales de bandas.<\/p>\n<p>&#8216;TOMATINA&#8217;<\/p>\n<p>Por otro lado, Colomer ha mostrado su inter\u00e9s por \u00abpotenciar la fiesta de la &#8216;Tomatina&#8217; en mercados internacionales, como Corea, India o Jap\u00f3n, donde ya est\u00e1 captando la atenci\u00f3n de los turistas\u00bb.<\/p>\n<p>Por eso, ha incidido en la necesidad de poner en marcha iniciativas junto a touroperadores y empresarios del sector \u00abpara ofrecer la posibilidad a estos visitantes de prolongar su estancia en la Comunitat Valenciana y fidelizarlos a trav\u00e9s de una oferta variada y de calidad\u00bb.<\/p>\n","protected":false},"excerpt":{"rendered":"<p>La Agencia Valenciana de Turismo potenciar\u00e1 la fiesta de la &#8216;Tomatina&#8217; de Bu\u00f1ol (Valencia) en mercados internacionales y colaborar\u00e1 en la difusi\u00f3n del concierto &#8216;Mano a manos&#8217; que se celebra en la localidad y en el que dos bandas de m\u00fasica se retan en un concierto. El secretario auton\u00f3mico de la agencia de turismo, Francesc<\/p>\n","protected":false},"author":1,"featured_media":42690,"comment_status":"open","ping_status":"closed","sticky":false,"template":"","format":"standard","meta":{"footnotes":""},"categories":[222],"tags":[],"class_list":{"0":"post-42689","1":"post","2":"type-post","3":"status-publish","4":"format-standard","5":"has-post-thumbnail","7":"category-actualidad-turismo"},"aioseo_notices":[],"aioseo_head":"\n\t\t<!-- All in One SEO Pro 4.9.6.1 - aioseo.com -->\n\t<meta name=\"description\" content=\"La Agencia Valenciana de Turismo potenciar\u00e1 la fiesta de la &#039;Tomatina&#039; de Bu\u00f1ol (Valencia) en mercados internacionales y colaborar\u00e1 en la difusi\u00f3n del concierto &#039;Mano a manos&#039; que se celebra en la localidad y en el que dos bandas de m\u00fasica se retan en un concierto. El secretario auton\u00f3mico de la agencia de turismo, Francesc\" \/>\n\t<meta name=\"robots\" content=\"max-image-preview:large\" \/>\n\t<meta name=\"author\" content=\"admin\"\/>\n\t<meta name=\"google-site-verification\" content=\"UA-38556648-1\" \/>\n\t<meta name=\"keywords\" content=\"actualidad turismo\" \/>\n\t<link rel=\"canonical\" href=\"https:\/\/eldigitaldeasturias.com\/magazine365\/la-agencia-valenciana-de-turismo-potenciara-la-tomatina-de-bunol-en-el-extranjero\/\" \/>\n\t<meta name=\"generator\" content=\"All in One SEO Pro (AIOSEO) 4.9.6.1\" \/>\n\t\t<meta property=\"og:locale\" content=\"es_ES\" \/>\n\t\t<meta property=\"og:site_name\" content=\"El Digital de Asturias \u2013 Revista de ocio, turismo y estilo de vida\" \/>\n\t\t<meta property=\"og:type\" content=\"article\" \/>\n\t\t<meta property=\"og:title\" content=\"La Agencia Valenciana de Turismo potenciar\u00e1 la \u2018Tomatina\u2019 de Bu\u00f1ol en el extranjero | El Digital de Asturias\" \/>\n\t\t<meta property=\"og:description\" content=\"La Agencia Valenciana de Turismo potenciar\u00e1 la fiesta de la &#039;Tomatina&#039; de Bu\u00f1ol (Valencia) en mercados internacionales y colaborar\u00e1 en la difusi\u00f3n del concierto &#039;Mano a manos&#039; que se celebra en la localidad y en el que dos bandas de m\u00fasica se retan en un concierto. El secretario auton\u00f3mico de la agencia de turismo, Francesc\" \/>\n\t\t<meta property=\"og:url\" content=\"https:\/\/eldigitaldeasturias.com\/magazine365\/la-agencia-valenciana-de-turismo-potenciara-la-tomatina-de-bunol-en-el-extranjero\/\" \/>\n\t\t<meta property=\"og:image\" content=\"https:\/\/eldigitaldeasturias.com\/magazine365\/wp-content\/uploads\/2015\/07\/fotonoticia_20150714161649_800.jpg\" \/>\n\t\t<meta property=\"og:image:secure_url\" content=\"https:\/\/eldigitaldeasturias.com\/magazine365\/wp-content\/uploads\/2015\/07\/fotonoticia_20150714161649_800.jpg\" \/>\n\t\t<meta property=\"og:image:width\" content=\"800\" \/>\n\t\t<meta property=\"og:image:height\" content=\"534\" \/>\n\t\t<meta property=\"article:published_time\" content=\"2015-07-15T20:48:18+00:00\" \/>\n\t\t<meta property=\"article:modified_time\" content=\"2015-07-15T20:48:18+00:00\" \/>\n\t\t<meta name=\"twitter:card\" content=\"summary_large_image\" \/>\n\t\t<meta name=\"twitter:title\" content=\"La Agencia Valenciana de Turismo potenciar\u00e1 la \u2018Tomatina\u2019 de Bu\u00f1ol en el extranjero | El Digital de Asturias\" \/>\n\t\t<meta name=\"twitter:description\" content=\"La Agencia Valenciana de Turismo potenciar\u00e1 la fiesta de la &#039;Tomatina&#039; de Bu\u00f1ol (Valencia) en mercados internacionales y colaborar\u00e1 en la difusi\u00f3n del concierto &#039;Mano a manos&#039; que se celebra en la localidad y en el que dos bandas de m\u00fasica se retan en un concierto. El secretario auton\u00f3mico de la agencia de turismo, Francesc\" \/>\n\t\t<meta name=\"twitter:image\" content=\"https:\/\/eldigitaldeasturias.com\/magazine365\/wp-content\/uploads\/2015\/07\/fotonoticia_20150714161649_800.jpg\" \/>\n\t\t<script type=\"application\/ld+json\" class=\"aioseo-schema\">\n\t\t\t{\"@context\":\"https:\\\/\\\/schema.org\",\"@graph\":[{\"@type\":\"Article\",\"@id\":\"https:\\\/\\\/eldigitaldeasturias.com\\\/magazine365\\\/la-agencia-valenciana-de-turismo-potenciara-la-tomatina-de-bunol-en-el-extranjero\\\/#article\",\"name\":\"La Agencia Valenciana de Turismo potenciar\\u00e1 la \\u2018Tomatina\\u2019 de Bu\\u00f1ol en el extranjero | El Digital de Asturias\",\"headline\":\"La Agencia Valenciana de Turismo potenciar\\u00e1 la &#8216;Tomatina&#8217; de Bu\\u00f1ol en el extranjero\",\"author\":{\"@id\":\"https:\\\/\\\/eldigitaldeasturias.com\\\/magazine365\\\/author\\\/admin\\\/#author\"},\"publisher\":{\"@id\":\"https:\\\/\\\/eldigitaldeasturias.com\\\/magazine365\\\/#organization\"},\"image\":{\"@type\":\"ImageObject\",\"url\":\"https:\\\/\\\/eldigitaldeasturias.com\\\/magazine365\\\/wp-content\\\/uploads\\\/2015\\\/07\\\/fotonoticia_20150714161649_800.jpg\",\"width\":800,\"height\":534},\"datePublished\":\"2015-07-15T22:48:18+02:00\",\"dateModified\":\"2015-07-15T22:48:18+02:00\",\"inLanguage\":\"es-ES\",\"mainEntityOfPage\":{\"@id\":\"https:\\\/\\\/eldigitaldeasturias.com\\\/magazine365\\\/la-agencia-valenciana-de-turismo-potenciara-la-tomatina-de-bunol-en-el-extranjero\\\/#webpage\"},\"isPartOf\":{\"@id\":\"https:\\\/\\\/eldigitaldeasturias.com\\\/magazine365\\\/la-agencia-valenciana-de-turismo-potenciara-la-tomatina-de-bunol-en-el-extranjero\\\/#webpage\"},\"articleSection\":\"Actualidad Turismo\"},{\"@type\":\"BreadcrumbList\",\"@id\":\"https:\\\/\\\/eldigitaldeasturias.com\\\/magazine365\\\/la-agencia-valenciana-de-turismo-potenciara-la-tomatina-de-bunol-en-el-extranjero\\\/#breadcrumblist\",\"itemListElement\":[{\"@type\":\"ListItem\",\"@id\":\"https:\\\/\\\/eldigitaldeasturias.com\\\/magazine365#listItem\",\"position\":1,\"name\":\"Home\",\"item\":\"https:\\\/\\\/eldigitaldeasturias.com\\\/magazine365\",\"nextItem\":{\"@type\":\"ListItem\",\"@id\":\"https:\\\/\\\/eldigitaldeasturias.com\\\/magazine365\\\/category\\\/actualidad-turismo\\\/#listItem\",\"name\":\"Actualidad Turismo\"}},{\"@type\":\"ListItem\",\"@id\":\"https:\\\/\\\/eldigitaldeasturias.com\\\/magazine365\\\/category\\\/actualidad-turismo\\\/#listItem\",\"position\":2,\"name\":\"Actualidad Turismo\",\"item\":\"https:\\\/\\\/eldigitaldeasturias.com\\\/magazine365\\\/category\\\/actualidad-turismo\\\/\",\"nextItem\":{\"@type\":\"ListItem\",\"@id\":\"https:\\\/\\\/eldigitaldeasturias.com\\\/magazine365\\\/la-agencia-valenciana-de-turismo-potenciara-la-tomatina-de-bunol-en-el-extranjero\\\/#listItem\",\"name\":\"La Agencia Valenciana de Turismo potenciar\\u00e1 la &#8216;Tomatina&#8217; de Bu\\u00f1ol en el extranjero\"},\"previousItem\":{\"@type\":\"ListItem\",\"@id\":\"https:\\\/\\\/eldigitaldeasturias.com\\\/magazine365#listItem\",\"name\":\"Home\"}},{\"@type\":\"ListItem\",\"@id\":\"https:\\\/\\\/eldigitaldeasturias.com\\\/magazine365\\\/la-agencia-valenciana-de-turismo-potenciara-la-tomatina-de-bunol-en-el-extranjero\\\/#listItem\",\"position\":3,\"name\":\"La Agencia Valenciana de Turismo potenciar\\u00e1 la &#8216;Tomatina&#8217; de Bu\\u00f1ol en el extranjero\",\"previousItem\":{\"@type\":\"ListItem\",\"@id\":\"https:\\\/\\\/eldigitaldeasturias.com\\\/magazine365\\\/category\\\/actualidad-turismo\\\/#listItem\",\"name\":\"Actualidad Turismo\"}}]},{\"@type\":\"Organization\",\"@id\":\"https:\\\/\\\/eldigitaldeasturias.com\\\/magazine365\\\/#organization\",\"name\":\"El digital de Asturias\",\"description\":\"Revista de ocio, turismo y estilo de vida\",\"url\":\"https:\\\/\\\/eldigitaldeasturias.com\\\/magazine365\\\/\",\"logo\":{\"@type\":\"ImageObject\",\"url\":\"https:\\\/\\\/www.eldigitaldeasturias.com\\\/noticias\\\/wp-content\\\/uploads\\\/2020\\\/12\\\/EDA.jpg\",\"@id\":\"https:\\\/\\\/eldigitaldeasturias.com\\\/magazine365\\\/la-agencia-valenciana-de-turismo-potenciara-la-tomatina-de-bunol-en-el-extranjero\\\/#organizationLogo\"},\"image\":{\"@id\":\"https:\\\/\\\/eldigitaldeasturias.com\\\/magazine365\\\/la-agencia-valenciana-de-turismo-potenciara-la-tomatina-de-bunol-en-el-extranjero\\\/#organizationLogo\"}},{\"@type\":\"Person\",\"@id\":\"https:\\\/\\\/eldigitaldeasturias.com\\\/magazine365\\\/author\\\/admin\\\/#author\",\"url\":\"https:\\\/\\\/eldigitaldeasturias.com\\\/magazine365\\\/author\\\/admin\\\/\",\"name\":\"admin\",\"image\":{\"@type\":\"ImageObject\",\"@id\":\"https:\\\/\\\/eldigitaldeasturias.com\\\/magazine365\\\/la-agencia-valenciana-de-turismo-potenciara-la-tomatina-de-bunol-en-el-extranjero\\\/#authorImage\",\"url\":\"https:\\\/\\\/eldigitaldeasturias.com\\\/magazine365\\\/wp-content\\\/litespeed\\\/avatar\\\/e571bcf59a0edd6fa6838245a470f2fe.jpg?ver=1777574230\",\"width\":96,\"height\":96,\"caption\":\"admin\"}},{\"@type\":\"WebPage\",\"@id\":\"https:\\\/\\\/eldigitaldeasturias.com\\\/magazine365\\\/la-agencia-valenciana-de-turismo-potenciara-la-tomatina-de-bunol-en-el-extranjero\\\/#webpage\",\"url\":\"https:\\\/\\\/eldigitaldeasturias.com\\\/magazine365\\\/la-agencia-valenciana-de-turismo-potenciara-la-tomatina-de-bunol-en-el-extranjero\\\/\",\"name\":\"La Agencia Valenciana de Turismo potenciar\\u00e1 la \\u2018Tomatina\\u2019 de Bu\\u00f1ol en el extranjero | El Digital de Asturias\",\"description\":\"La Agencia Valenciana de Turismo potenciar\\u00e1 la fiesta de la 'Tomatina' de Bu\\u00f1ol (Valencia) en mercados internacionales y colaborar\\u00e1 en la difusi\\u00f3n del concierto 'Mano a manos' que se celebra en la localidad y en el que dos bandas de m\\u00fasica se retan en un concierto. El secretario auton\\u00f3mico de la agencia de turismo, Francesc\",\"inLanguage\":\"es-ES\",\"isPartOf\":{\"@id\":\"https:\\\/\\\/eldigitaldeasturias.com\\\/magazine365\\\/#website\"},\"breadcrumb\":{\"@id\":\"https:\\\/\\\/eldigitaldeasturias.com\\\/magazine365\\\/la-agencia-valenciana-de-turismo-potenciara-la-tomatina-de-bunol-en-el-extranjero\\\/#breadcrumblist\"},\"author\":{\"@id\":\"https:\\\/\\\/eldigitaldeasturias.com\\\/magazine365\\\/author\\\/admin\\\/#author\"},\"creator\":{\"@id\":\"https:\\\/\\\/eldigitaldeasturias.com\\\/magazine365\\\/author\\\/admin\\\/#author\"},\"image\":{\"@type\":\"ImageObject\",\"url\":\"https:\\\/\\\/eldigitaldeasturias.com\\\/magazine365\\\/wp-content\\\/uploads\\\/2015\\\/07\\\/fotonoticia_20150714161649_800.jpg\",\"@id\":\"https:\\\/\\\/eldigitaldeasturias.com\\\/magazine365\\\/la-agencia-valenciana-de-turismo-potenciara-la-tomatina-de-bunol-en-el-extranjero\\\/#mainImage\",\"width\":800,\"height\":534},\"primaryImageOfPage\":{\"@id\":\"https:\\\/\\\/eldigitaldeasturias.com\\\/magazine365\\\/la-agencia-valenciana-de-turismo-potenciara-la-tomatina-de-bunol-en-el-extranjero\\\/#mainImage\"},\"datePublished\":\"2015-07-15T22:48:18+02:00\",\"dateModified\":\"2015-07-15T22:48:18+02:00\"},{\"@type\":\"WebSite\",\"@id\":\"https:\\\/\\\/eldigitaldeasturias.com\\\/magazine365\\\/#website\",\"url\":\"https:\\\/\\\/eldigitaldeasturias.com\\\/magazine365\\\/\",\"name\":\"El Digital de Asturias\",\"description\":\"Revista de ocio, turismo y estilo de vida\",\"inLanguage\":\"es-ES\",\"publisher\":{\"@id\":\"https:\\\/\\\/eldigitaldeasturias.com\\\/magazine365\\\/#organization\"}}]}\n\t\t<\/script>\n\t\t<!-- All in One SEO Pro -->\r\n\t\t<title>La Agencia Valenciana de Turismo potenciar\u00e1 la \u2018Tomatina\u2019 de Bu\u00f1ol en el extranjero | El Digital de Asturias<\/title>\n\n","aioseo_head_json":{"title":"La Agencia Valenciana de Turismo potenciar\u00e1 la \u2018Tomatina\u2019 de Bu\u00f1ol en el extranjero | El Digital de Asturias","description":"La Agencia Valenciana de Turismo potenciar\u00e1 la fiesta de la 'Tomatina' de Bu\u00f1ol (Valencia) en mercados internacionales y colaborar\u00e1 en la difusi\u00f3n del concierto 'Mano a manos' que se celebra en la localidad y en el que dos bandas de m\u00fasica se retan en un concierto. El secretario auton\u00f3mico de la agencia de turismo, Francesc","canonical_url":"https:\/\/eldigitaldeasturias.com\/magazine365\/la-agencia-valenciana-de-turismo-potenciara-la-tomatina-de-bunol-en-el-extranjero\/","robots":"max-image-preview:large","keywords":"actualidad turismo","webmasterTools":{"google-site-verification":"UA-38556648-1","miscellaneous":""},"schema":{"@context":"https:\/\/schema.org","@graph":[{"@type":"Article","@id":"https:\/\/eldigitaldeasturias.com\/magazine365\/la-agencia-valenciana-de-turismo-potenciara-la-tomatina-de-bunol-en-el-extranjero\/#article","name":"La Agencia Valenciana de Turismo potenciar\u00e1 la \u2018Tomatina\u2019 de Bu\u00f1ol en el extranjero | El Digital de Asturias","headline":"La Agencia Valenciana de Turismo potenciar\u00e1 la &#8216;Tomatina&#8217; de Bu\u00f1ol en el extranjero","author":{"@id":"https:\/\/eldigitaldeasturias.com\/magazine365\/author\/admin\/#author"},"publisher":{"@id":"https:\/\/eldigitaldeasturias.com\/magazine365\/#organization"},"image":{"@type":"ImageObject","url":"https:\/\/eldigitaldeasturias.com\/magazine365\/wp-content\/uploads\/2015\/07\/fotonoticia_20150714161649_800.jpg","width":800,"height":534},"datePublished":"2015-07-15T22:48:18+02:00","dateModified":"2015-07-15T22:48:18+02:00","inLanguage":"es-ES","mainEntityOfPage":{"@id":"https:\/\/eldigitaldeasturias.com\/magazine365\/la-agencia-valenciana-de-turismo-potenciara-la-tomatina-de-bunol-en-el-extranjero\/#webpage"},"isPartOf":{"@id":"https:\/\/eldigitaldeasturias.com\/magazine365\/la-agencia-valenciana-de-turismo-potenciara-la-tomatina-de-bunol-en-el-extranjero\/#webpage"},"articleSection":"Actualidad Turismo"},{"@type":"BreadcrumbList","@id":"https:\/\/eldigitaldeasturias.com\/magazine365\/la-agencia-valenciana-de-turismo-potenciara-la-tomatina-de-bunol-en-el-extranjero\/#breadcrumblist","itemListElement":[{"@type":"ListItem","@id":"https:\/\/eldigitaldeasturias.com\/magazine365#listItem","position":1,"name":"Home","item":"https:\/\/eldigitaldeasturias.com\/magazine365","nextItem":{"@type":"ListItem","@id":"https:\/\/eldigitaldeasturias.com\/magazine365\/category\/actualidad-turismo\/#listItem","name":"Actualidad Turismo"}},{"@type":"ListItem","@id":"https:\/\/eldigitaldeasturias.com\/magazine365\/category\/actualidad-turismo\/#listItem","position":2,"name":"Actualidad Turismo","item":"https:\/\/eldigitaldeasturias.com\/magazine365\/category\/actualidad-turismo\/","nextItem":{"@type":"ListItem","@id":"https:\/\/eldigitaldeasturias.com\/magazine365\/la-agencia-valenciana-de-turismo-potenciara-la-tomatina-de-bunol-en-el-extranjero\/#listItem","name":"La Agencia Valenciana de Turismo potenciar\u00e1 la &#8216;Tomatina&#8217; de Bu\u00f1ol en el extranjero"},"previousItem":{"@type":"ListItem","@id":"https:\/\/eldigitaldeasturias.com\/magazine365#listItem","name":"Home"}},{"@type":"ListItem","@id":"https:\/\/eldigitaldeasturias.com\/magazine365\/la-agencia-valenciana-de-turismo-potenciara-la-tomatina-de-bunol-en-el-extranjero\/#listItem","position":3,"name":"La Agencia Valenciana de Turismo potenciar\u00e1 la &#8216;Tomatina&#8217; de Bu\u00f1ol en el extranjero","previousItem":{"@type":"ListItem","@id":"https:\/\/eldigitaldeasturias.com\/magazine365\/category\/actualidad-turismo\/#listItem","name":"Actualidad Turismo"}}]},{"@type":"Organization","@id":"https:\/\/eldigitaldeasturias.com\/magazine365\/#organization","name":"El digital de Asturias","description":"Revista de ocio, turismo y estilo de vida","url":"https:\/\/eldigitaldeasturias.com\/magazine365\/","logo":{"@type":"ImageObject","url":"https:\/\/www.eldigitaldeasturias.com\/noticias\/wp-content\/uploads\/2020\/12\/EDA.jpg","@id":"https:\/\/eldigitaldeasturias.com\/magazine365\/la-agencia-valenciana-de-turismo-potenciara-la-tomatina-de-bunol-en-el-extranjero\/#organizationLogo"},"image":{"@id":"https:\/\/eldigitaldeasturias.com\/magazine365\/la-agencia-valenciana-de-turismo-potenciara-la-tomatina-de-bunol-en-el-extranjero\/#organizationLogo"}},{"@type":"Person","@id":"https:\/\/eldigitaldeasturias.com\/magazine365\/author\/admin\/#author","url":"https:\/\/eldigitaldeasturias.com\/magazine365\/author\/admin\/","name":"admin","image":{"@type":"ImageObject","@id":"https:\/\/eldigitaldeasturias.com\/magazine365\/la-agencia-valenciana-de-turismo-potenciara-la-tomatina-de-bunol-en-el-extranjero\/#authorImage","url":"https:\/\/eldigitaldeasturias.com\/magazine365\/wp-content\/litespeed\/avatar\/e571bcf59a0edd6fa6838245a470f2fe.jpg?ver=1777574230","width":96,"height":96,"caption":"admin"}},{"@type":"WebPage","@id":"https:\/\/eldigitaldeasturias.com\/magazine365\/la-agencia-valenciana-de-turismo-potenciara-la-tomatina-de-bunol-en-el-extranjero\/#webpage","url":"https:\/\/eldigitaldeasturias.com\/magazine365\/la-agencia-valenciana-de-turismo-potenciara-la-tomatina-de-bunol-en-el-extranjero\/","name":"La Agencia Valenciana de Turismo potenciar\u00e1 la \u2018Tomatina\u2019 de Bu\u00f1ol en el extranjero | El Digital de Asturias","description":"La Agencia Valenciana de Turismo potenciar\u00e1 la fiesta de la 'Tomatina' de Bu\u00f1ol (Valencia) en mercados internacionales y colaborar\u00e1 en la difusi\u00f3n del concierto 'Mano a manos' que se celebra en la localidad y en el que dos bandas de m\u00fasica se retan en un concierto. El secretario auton\u00f3mico de la agencia de turismo, Francesc","inLanguage":"es-ES","isPartOf":{"@id":"https:\/\/eldigitaldeasturias.com\/magazine365\/#website"},"breadcrumb":{"@id":"https:\/\/eldigitaldeasturias.com\/magazine365\/la-agencia-valenciana-de-turismo-potenciara-la-tomatina-de-bunol-en-el-extranjero\/#breadcrumblist"},"author":{"@id":"https:\/\/eldigitaldeasturias.com\/magazine365\/author\/admin\/#author"},"creator":{"@id":"https:\/\/eldigitaldeasturias.com\/magazine365\/author\/admin\/#author"},"image":{"@type":"ImageObject","url":"https:\/\/eldigitaldeasturias.com\/magazine365\/wp-content\/uploads\/2015\/07\/fotonoticia_20150714161649_800.jpg","@id":"https:\/\/eldigitaldeasturias.com\/magazine365\/la-agencia-valenciana-de-turismo-potenciara-la-tomatina-de-bunol-en-el-extranjero\/#mainImage","width":800,"height":534},"primaryImageOfPage":{"@id":"https:\/\/eldigitaldeasturias.com\/magazine365\/la-agencia-valenciana-de-turismo-potenciara-la-tomatina-de-bunol-en-el-extranjero\/#mainImage"},"datePublished":"2015-07-15T22:48:18+02:00","dateModified":"2015-07-15T22:48:18+02:00"},{"@type":"WebSite","@id":"https:\/\/eldigitaldeasturias.com\/magazine365\/#website","url":"https:\/\/eldigitaldeasturias.com\/magazine365\/","name":"El Digital de Asturias","description":"Revista de ocio, turismo y estilo de vida","inLanguage":"es-ES","publisher":{"@id":"https:\/\/eldigitaldeasturias.com\/magazine365\/#organization"}}]},"og:locale":"es_ES","og:site_name":"El Digital de Asturias \u2013 Revista de ocio, turismo y estilo de vida","og:type":"article","og:title":"La Agencia Valenciana de Turismo potenciar\u00e1 la \u2018Tomatina\u2019 de Bu\u00f1ol en el extranjero | El Digital de Asturias","og:description":"La Agencia Valenciana de Turismo potenciar\u00e1 la fiesta de la 'Tomatina' de Bu\u00f1ol (Valencia) en mercados internacionales y colaborar\u00e1 en la difusi\u00f3n del concierto 'Mano a manos' que se celebra en la localidad y en el que dos bandas de m\u00fasica se retan en un concierto. El secretario auton\u00f3mico de la agencia de turismo, Francesc","og:url":"https:\/\/eldigitaldeasturias.com\/magazine365\/la-agencia-valenciana-de-turismo-potenciara-la-tomatina-de-bunol-en-el-extranjero\/","og:image":"https:\/\/eldigitaldeasturias.com\/magazine365\/wp-content\/uploads\/2015\/07\/fotonoticia_20150714161649_800.jpg","og:image:secure_url":"https:\/\/eldigitaldeasturias.com\/magazine365\/wp-content\/uploads\/2015\/07\/fotonoticia_20150714161649_800.jpg","og:image:width":800,"og:image:height":534,"article:published_time":"2015-07-15T20:48:18+00:00","article:modified_time":"2015-07-15T20:48:18+00:00","twitter:card":"summary_large_image","twitter:title":"La Agencia Valenciana de Turismo potenciar\u00e1 la \u2018Tomatina\u2019 de Bu\u00f1ol en el extranjero | El Digital de Asturias","twitter:description":"La Agencia Valenciana de Turismo potenciar\u00e1 la fiesta de la 'Tomatina' de Bu\u00f1ol (Valencia) en mercados internacionales y colaborar\u00e1 en la difusi\u00f3n del concierto 'Mano a manos' que se celebra en la localidad y en el que dos bandas de m\u00fasica se retan en un concierto. El secretario auton\u00f3mico de la agencia de turismo, Francesc","twitter:image":"https:\/\/eldigitaldeasturias.com\/magazine365\/wp-content\/uploads\/2015\/07\/fotonoticia_20150714161649_800.jpg"},"aioseo_meta_data":{"post_id":"42689","title":null,"description":null,"keywords":null,"keyphrases":null,"primary_term":null,"canonical_url":null,"og_title":null,"og_description":null,"og_object_type":"default","og_image_type":"default","og_image_url":null,"og_image_width":null,"og_image_height":null,"og_image_custom_url":null,"og_image_custom_fields":null,"og_video":null,"og_custom_url":null,"og_article_section":null,"og_article_tags":null,"twitter_use_og":false,"twitter_card":"default","twitter_image_type":"default","twitter_image_url":null,"twitter_image_custom_url":null,"twitter_image_custom_fields":null,"twitter_title":null,"twitter_description":null,"schema":{"blockGraphs":[],"customGraphs":[],"default":{"data":{"Article":[],"Course":[],"Dataset":[],"FAQPage":[],"Movie":[],"Person":[],"Product":[],"ProductReview":[],"Car":[],"Recipe":[],"Service":[],"SoftwareApplication":[],"WebPage":[]},"graphName":"","isEnabled":true},"graphs":[],"defaultGraph":"","defaultPostTypeGraph":""},"schema_type":null,"schema_type_options":null,"pillar_content":false,"robots_default":true,"robots_noindex":false,"robots_noarchive":false,"robots_nosnippet":false,"robots_nofollow":false,"robots_noimageindex":false,"robots_noodp":false,"robots_notranslate":false,"robots_max_snippet":null,"robots_max_videopreview":null,"robots_max_imagepreview":"large","priority":null,"frequency":null,"location":null,"local_seo":null,"seo_analyzer_scan_date":"2025-09-19 18:19:57","breadcrumb_settings":null,"limit_modified_date":false,"open_ai":null,"ai":null,"created":"2021-03-09 01:57:46","updated":"2025-09-19 18:19:57"},"aioseo_breadcrumb":"<div class=\"aioseo-breadcrumbs\"><span class=\"aioseo-breadcrumb\">\n\t<a href=\"https:\/\/eldigitaldeasturias.com\/magazine365\" title=\"Home\">Home<\/a>\n<\/span><span class=\"aioseo-breadcrumb-separator\">\u2013<\/span><span class=\"aioseo-breadcrumb\">\n\t<a href=\"https:\/\/eldigitaldeasturias.com\/magazine365\/category\/actualidad-turismo\/\" title=\"Actualidad Turismo\">Actualidad Turismo<\/a>\n<\/span><span class=\"aioseo-breadcrumb-separator\">\u2013<\/span><span class=\"aioseo-breadcrumb\">\n\t<a href=\"https:\/\/eldigitaldeasturias.com\/magazine365\/la-agencia-valenciana-de-turismo-potenciara-la-tomatina-de-bunol-en-el-extranjero\/\" title=\"La Agencia Valenciana de Turismo potenciar\u00e1 la \u2018Tomatina\u2019 de Bu\u00f1ol en el extranjero\">La Agencia Valenciana de Turismo potenciar\u00e1 la \u2018Tomatina\u2019 de Bu\u00f1ol en el extranjero<\/a>\n<\/span><\/div>","aioseo_breadcrumb_json":[{"label":"Home","link":"https:\/\/eldigitaldeasturias.com\/magazine365"},{"label":"Actualidad Turismo","link":"https:\/\/eldigitaldeasturias.com\/magazine365\/category\/actualidad-turismo\/"},{"label":"La Agencia Valenciana de Turismo potenciar\u00e1 la &#8216;Tomatina&#8217; de Bu\u00f1ol en el extranjero","link":"https:\/\/eldigitaldeasturias.com\/magazine365\/la-agencia-valenciana-de-turismo-potenciara-la-tomatina-de-bunol-en-el-extranjero\/"}],"_links":{"self":[{"href":"https:\/\/eldigitaldeasturias.com\/magazine365\/wp-json\/wp\/v2\/posts\/42689","targetHints":{"allow":["GET"]}}],"collection":[{"href":"https:\/\/eldigitaldeasturias.com\/magazine365\/wp-json\/wp\/v2\/posts"}],"about":[{"href":"https:\/\/eldigitaldeasturias.com\/magazine365\/wp-json\/wp\/v2\/types\/post"}],"author":[{"embeddable":true,"href":"https:\/\/eldigitaldeasturias.com\/magazine365\/wp-json\/wp\/v2\/users\/1"}],"replies":[{"embeddable":true,"href":"https:\/\/eldigitaldeasturias.com\/magazine365\/wp-json\/wp\/v2\/comments?post=42689"}],"version-history":[{"count":0,"href":"https:\/\/eldigitaldeasturias.com\/magazine365\/wp-json\/wp\/v2\/posts\/42689\/revisions"}],"wp:featuredmedia":[{"embeddable":true,"href":"https:\/\/eldigitaldeasturias.com\/magazine365\/wp-json\/wp\/v2\/media\/42690"}],"wp:attachment":[{"href":"https:\/\/eldigitaldeasturias.com\/magazine365\/wp-json\/wp\/v2\/media?parent=42689"}],"wp:term":[{"taxonomy":"category","embeddable":true,"href":"https:\/\/eldigitaldeasturias.com\/magazine365\/wp-json\/wp\/v2\/categories?post=42689"},{"taxonomy":"post_tag","embeddable":true,"href":"https:\/\/eldigitaldeasturias.com\/magazine365\/wp-json\/wp\/v2\/tags?post=42689"}],"curies":[{"name":"wp","href":"https:\/\/api.w.org\/{rel}","templated":true}]}}