{"id":42683,"date":"2015-07-15T22:45:42","date_gmt":"2015-07-15T20:45:42","guid":{"rendered":"http:\/\/eldigitaldeasturias.com\/magazine365\/?p=42683"},"modified":"2015-07-15T22:45:42","modified_gmt":"2015-07-15T20:45:42","slug":"el-govern-regula-las-areas-de-autocaravanas-viviendas-compartidas-y-albergues","status":"publish","type":"post","link":"https:\/\/eldigitaldeasturias.com\/magazine365\/el-govern-regula-las-areas-de-autocaravanas-viviendas-compartidas-y-albergues\/","title":{"rendered":"El Govern regula las \u00e1reas de autocaravanas, viviendas compartidas y albergues"},"content":{"rendered":"<p><img fetchpriority=\"high\" decoding=\"async\" class=\"alignleft size-medium wp-image-42684\" src=\"https:\/\/eldigitaldeasturias.com\/magazine365\/wp-content\/uploads\/2015\/07\/fotonoticia_20150714152623_800-360x270.jpg\" alt=\"fotonoticia_20150714152623_800\" width=\"360\" height=\"270\" srcset=\"https:\/\/eldigitaldeasturias.com\/magazine365\/wp-content\/uploads\/2015\/07\/fotonoticia_20150714152623_800-360x270.jpg 360w, https:\/\/eldigitaldeasturias.com\/magazine365\/wp-content\/uploads\/2015\/07\/fotonoticia_20150714152623_800-650x488.jpg 650w, https:\/\/eldigitaldeasturias.com\/magazine365\/wp-content\/uploads\/2015\/07\/fotonoticia_20150714152623_800-768x576.jpg 768w, https:\/\/eldigitaldeasturias.com\/magazine365\/wp-content\/uploads\/2015\/07\/fotonoticia_20150714152623_800-150x113.jpg 150w, https:\/\/eldigitaldeasturias.com\/magazine365\/wp-content\/uploads\/2015\/07\/fotonoticia_20150714152623_800-450x338.jpg 450w, https:\/\/eldigitaldeasturias.com\/magazine365\/wp-content\/uploads\/2015\/07\/fotonoticia_20150714152623_800-80x60.jpg 80w, https:\/\/eldigitaldeasturias.com\/magazine365\/wp-content\/uploads\/2015\/07\/fotonoticia_20150714152623_800-265x198.jpg 265w, https:\/\/eldigitaldeasturias.com\/magazine365\/wp-content\/uploads\/2015\/07\/fotonoticia_20150714152623_800-696x522.jpg 696w, https:\/\/eldigitaldeasturias.com\/magazine365\/wp-content\/uploads\/2015\/07\/fotonoticia_20150714152623_800-560x420.jpg 560w, https:\/\/eldigitaldeasturias.com\/magazine365\/wp-content\/uploads\/2015\/07\/fotonoticia_20150714152623_800-90x67.jpg 90w, https:\/\/eldigitaldeasturias.com\/magazine365\/wp-content\/uploads\/2015\/07\/fotonoticia_20150714152623_800-100x75.jpg 100w, https:\/\/eldigitaldeasturias.com\/magazine365\/wp-content\/uploads\/2015\/07\/fotonoticia_20150714152623_800.jpg 800w\" sizes=\"(max-width: 360px) 100vw, 360px\" \/>El conseller de Empresa y Empleo de la Generalitat, Felip Puig, ha expuesto este martes en el Consell Executiu las l\u00edneas de la nueva regulaci\u00f3n de los alojamientos tur\u00edsticos en Catalunya, que contempla la regularizaci\u00f3n y ordenaci\u00f3n las \u00e1reas de acogida de autocaravanas, viviendas compartidas y albergues tur\u00edsticos.<\/p>\n<p>En rueda de prensa tras el Consell Executiu, Puig ha destacado que se trata de \u00abuna puesta del Govern para acreditar los servicios tur\u00edsticos que se ofrecen y exigirles calidad\u00bb, y ha destacado que el reglamento es una herramienta para los ayuntamientos que decidir\u00e1n si lo aplican o no.<\/p>\n<p>En este sentido, ha contrastado el modelo del Govern, que ha calificado de proactivo, con el del Ayuntamiento de Barcelona que ha tachado de \u00abprohibitivo\u00bb despu\u00e9s de la decisi\u00f3n del gobierno municipal liderado por Ada Colau de aprobar una moratoria de licencias tur\u00edsticas; aunque ha matizado que no contrarresta la medida que espera concluya lo m\u00e1s pronto posible.<\/p>\n<p>Seg\u00fan Puig, la suya es una apuesta por un turismo responsable y sostenible, por lo que \u00abera necesaria una reordenaci\u00f3n de las modalidades de alojamiento que existen\u00bb y, adem\u00e1s, regular aquellas que han aparecido en los \u00faltimos a\u00f1os y que estaban exentas de normas.<\/p>\n<p>As\u00ed, estas nuevas modalidades tur\u00edsticas quedar\u00e1n sujetas al impuesto sobre estancia en establecimientos tur\u00edsticos, con un importe m\u00ednimo de 0,65 euros en Barcelona y 0,45 euros en el resto de Catalunya.<\/p>\n<p>Las \u00e1reas de acogida de autocaravanas han sido descritas como espacios debidamente delimitados y abiertos al p\u00fablico para la ocupaci\u00f3n exclusiva de autocaravanas en tr\u00e1nsito, a cambio de contraprestaci\u00f3n econ\u00f3mica: no admiten elementos fijos como bungalows y permiten una estancia m\u00e1xima de 48 horas.<\/p>\n<p>Para poder compartir vivienda, el oferente &#8211;que tambi\u00e9n ser\u00e1 responsable de infracciones e incumplimientos de las obligaciones&#8211; debe ser propietario, estar empadronado y pernoctar durante la estancia, y podr\u00e1 ceder un m\u00e1ximo de dos habitaciones cuatro meses al a\u00f1o.<\/p>\n<p>En relaci\u00f3n a los albergues tur\u00edsticos, son definidos como alojamientos que prestan un servicio temporal en dormitorios con capacidad m\u00faltiple, y como condici\u00f3n de prestaci\u00f3n de servicio debe incluir la limpieza peri\u00f3dica de las instalaciones comunes y las unidades de alojamiento.<\/p>\n<p>Seg\u00fan el Govern, el objetivo de esta nueva regulaci\u00f3n es racionalizar y simplificar la normativa tur\u00edstica, a trav\u00e9s de un reglamento \u00fanico de turismo; ordenar y regularizar la oferta de alojamiento tur\u00edstico en sus diferentes tipolog\u00edas, y cumplir con el Plan Estrat\u00e9gico de Turismo, en el \u00e1mbito de la modernizaci\u00f3n y actualizaci\u00f3n de la normativa tur\u00edstica existente.<\/p>\n<p>MODIFICACIONES EN MODALIDADES DE ALOJAMIENTO<\/p>\n<p>La nueva regulaci\u00f3n tambi\u00e9n constar\u00e1 de modificaciones en modalidades de alojamiento tur\u00edstico que ya exist\u00edan.<\/p>\n<p>Se permite el r\u00e9gimen de condominio en la titularidad del inmueble que se constituya como establecimiento hostelero o apartamientos tur\u00edsticos; se equipara el concepto de &#8216;mobil-home&#8217; y bungalow, se aumenta el porcentaje de elementos fijos permitidos en un c\u00e1mping (del 40% al 50%), y los c\u00e1mpings pasaran a categorizarse con el s\u00edmbolo de estrellas.<\/p>\n<p>Tambi\u00e9n se a\u00f1ade que cualquier vivienda que se comercialice a trav\u00e9s de una comercializadora tur\u00edstica se considerar\u00e1 tur\u00edstica, y el ayuntamiento podr\u00e1 requerir al propietario que informe a los vecinos de la apertura de la vivienda de uso tur\u00edstico.<\/p>\n<p>INSPECCIONES Y SANCIONES<\/p>\n<p>En lo referente a la inspecci\u00f3n, se dota a la administraci\u00f3n de nuevos instrumentos jur\u00eddicos y procedimientos para perseguir la actividad tur\u00edstica ilegal.<\/p>\n<p>Adem\u00e1s, la normativa se adecua al nuevo marco de r\u00e9gimen de declaraci\u00f3n responsable definido por la Ley de Simplificaci\u00f3n aprobada por el Parlament, y se implanta la Ventanilla \u00danica Empresarial (Fue) como instrumento interadministrativo de interlocuci\u00f3n \u00fanica con la empresa.<\/p>\n","protected":false},"excerpt":{"rendered":"<p>El conseller de Empresa y Empleo de la Generalitat, Felip Puig, ha expuesto este martes en el Consell Executiu las l\u00edneas de la nueva regulaci\u00f3n de los alojamientos tur\u00edsticos en Catalunya, que contempla la regularizaci\u00f3n y ordenaci\u00f3n las \u00e1reas de acogida de autocaravanas, viviendas compartidas y albergues tur\u00edsticos. En rueda de prensa tras el Consell<\/p>\n","protected":false},"author":1,"featured_media":42684,"comment_status":"open","ping_status":"closed","sticky":false,"template":"","format":"standard","meta":{"footnotes":""},"categories":[224],"tags":[],"class_list":{"0":"post-42683","1":"post","2":"type-post","3":"status-publish","4":"format-standard","5":"has-post-thumbnail","7":"category-noticias-actualidad"},"aioseo_notices":[],"aioseo_head":"\n\t\t<!-- All in One SEO Pro 4.9.6.1 - aioseo.com -->\n\t<meta name=\"description\" content=\"El conseller de Empresa y Empleo de la Generalitat, Felip Puig, ha expuesto este martes en el Consell Executiu las l\u00edneas de la nueva regulaci\u00f3n de los alojamientos tur\u00edsticos en Catalunya, que contempla la regularizaci\u00f3n y ordenaci\u00f3n las \u00e1reas de acogida de autocaravanas, viviendas compartidas y albergues tur\u00edsticos. En rueda de prensa tras el Consell\" \/>\n\t<meta name=\"robots\" content=\"max-image-preview:large\" \/>\n\t<meta name=\"author\" content=\"admin\"\/>\n\t<meta name=\"google-site-verification\" content=\"UA-38556648-1\" \/>\n\t<meta name=\"keywords\" content=\"noticias y actualidad\" \/>\n\t<link rel=\"canonical\" href=\"https:\/\/eldigitaldeasturias.com\/magazine365\/el-govern-regula-las-areas-de-autocaravanas-viviendas-compartidas-y-albergues\/\" \/>\n\t<meta name=\"generator\" content=\"All in One SEO Pro (AIOSEO) 4.9.6.1\" \/>\n\t\t<meta property=\"og:locale\" content=\"es_ES\" \/>\n\t\t<meta property=\"og:site_name\" content=\"El Digital de Asturias \u2013 Revista de ocio, turismo y estilo de vida\" \/>\n\t\t<meta property=\"og:type\" content=\"article\" \/>\n\t\t<meta property=\"og:title\" content=\"El Govern regula las \u00e1reas de autocaravanas, viviendas compartidas y albergues | El Digital de Asturias\" \/>\n\t\t<meta property=\"og:description\" content=\"El conseller de Empresa y Empleo de la Generalitat, Felip Puig, ha expuesto este martes en el Consell Executiu las l\u00edneas de la nueva regulaci\u00f3n de los alojamientos tur\u00edsticos en Catalunya, que contempla la regularizaci\u00f3n y ordenaci\u00f3n las \u00e1reas de acogida de autocaravanas, viviendas compartidas y albergues tur\u00edsticos. En rueda de prensa tras el Consell\" \/>\n\t\t<meta property=\"og:url\" content=\"https:\/\/eldigitaldeasturias.com\/magazine365\/el-govern-regula-las-areas-de-autocaravanas-viviendas-compartidas-y-albergues\/\" \/>\n\t\t<meta property=\"og:image\" content=\"https:\/\/eldigitaldeasturias.com\/magazine365\/wp-content\/uploads\/2015\/07\/fotonoticia_20150714152623_800.jpg\" \/>\n\t\t<meta property=\"og:image:secure_url\" content=\"https:\/\/eldigitaldeasturias.com\/magazine365\/wp-content\/uploads\/2015\/07\/fotonoticia_20150714152623_800.jpg\" \/>\n\t\t<meta property=\"og:image:width\" content=\"800\" \/>\n\t\t<meta property=\"og:image:height\" content=\"600\" \/>\n\t\t<meta property=\"article:published_time\" content=\"2015-07-15T20:45:42+00:00\" \/>\n\t\t<meta property=\"article:modified_time\" content=\"2015-07-15T20:45:42+00:00\" \/>\n\t\t<meta name=\"twitter:card\" content=\"summary_large_image\" \/>\n\t\t<meta name=\"twitter:title\" content=\"El Govern regula las \u00e1reas de autocaravanas, viviendas compartidas y albergues | El Digital de Asturias\" \/>\n\t\t<meta name=\"twitter:description\" content=\"El conseller de Empresa y Empleo de la Generalitat, Felip Puig, ha expuesto este martes en el Consell Executiu las l\u00edneas de la nueva regulaci\u00f3n de los alojamientos tur\u00edsticos en Catalunya, que contempla la regularizaci\u00f3n y ordenaci\u00f3n las \u00e1reas de acogida de autocaravanas, viviendas compartidas y albergues tur\u00edsticos. En rueda de prensa tras el Consell\" \/>\n\t\t<meta name=\"twitter:image\" content=\"https:\/\/eldigitaldeasturias.com\/magazine365\/wp-content\/uploads\/2015\/07\/fotonoticia_20150714152623_800.jpg\" \/>\n\t\t<script type=\"application\/ld+json\" class=\"aioseo-schema\">\n\t\t\t{\"@context\":\"https:\\\/\\\/schema.org\",\"@graph\":[{\"@type\":\"Article\",\"@id\":\"https:\\\/\\\/eldigitaldeasturias.com\\\/magazine365\\\/el-govern-regula-las-areas-de-autocaravanas-viviendas-compartidas-y-albergues\\\/#article\",\"name\":\"El Govern regula las \\u00e1reas de autocaravanas, viviendas compartidas y albergues | El Digital de Asturias\",\"headline\":\"El Govern regula las \\u00e1reas de autocaravanas, viviendas compartidas y albergues\",\"author\":{\"@id\":\"https:\\\/\\\/eldigitaldeasturias.com\\\/magazine365\\\/author\\\/admin\\\/#author\"},\"publisher\":{\"@id\":\"https:\\\/\\\/eldigitaldeasturias.com\\\/magazine365\\\/#organization\"},\"image\":{\"@type\":\"ImageObject\",\"url\":\"https:\\\/\\\/eldigitaldeasturias.com\\\/magazine365\\\/wp-content\\\/uploads\\\/2015\\\/07\\\/fotonoticia_20150714152623_800.jpg\",\"width\":800,\"height\":600},\"datePublished\":\"2015-07-15T22:45:42+02:00\",\"dateModified\":\"2015-07-15T22:45:42+02:00\",\"inLanguage\":\"es-ES\",\"mainEntityOfPage\":{\"@id\":\"https:\\\/\\\/eldigitaldeasturias.com\\\/magazine365\\\/el-govern-regula-las-areas-de-autocaravanas-viviendas-compartidas-y-albergues\\\/#webpage\"},\"isPartOf\":{\"@id\":\"https:\\\/\\\/eldigitaldeasturias.com\\\/magazine365\\\/el-govern-regula-las-areas-de-autocaravanas-viviendas-compartidas-y-albergues\\\/#webpage\"},\"articleSection\":\"Noticias y Actualidad\"},{\"@type\":\"BreadcrumbList\",\"@id\":\"https:\\\/\\\/eldigitaldeasturias.com\\\/magazine365\\\/el-govern-regula-las-areas-de-autocaravanas-viviendas-compartidas-y-albergues\\\/#breadcrumblist\",\"itemListElement\":[{\"@type\":\"ListItem\",\"@id\":\"https:\\\/\\\/eldigitaldeasturias.com\\\/magazine365#listItem\",\"position\":1,\"name\":\"Home\",\"item\":\"https:\\\/\\\/eldigitaldeasturias.com\\\/magazine365\",\"nextItem\":{\"@type\":\"ListItem\",\"@id\":\"https:\\\/\\\/eldigitaldeasturias.com\\\/magazine365\\\/category\\\/noticias-actualidad\\\/#listItem\",\"name\":\"Noticias y Actualidad\"}},{\"@type\":\"ListItem\",\"@id\":\"https:\\\/\\\/eldigitaldeasturias.com\\\/magazine365\\\/category\\\/noticias-actualidad\\\/#listItem\",\"position\":2,\"name\":\"Noticias y Actualidad\",\"item\":\"https:\\\/\\\/eldigitaldeasturias.com\\\/magazine365\\\/category\\\/noticias-actualidad\\\/\",\"nextItem\":{\"@type\":\"ListItem\",\"@id\":\"https:\\\/\\\/eldigitaldeasturias.com\\\/magazine365\\\/el-govern-regula-las-areas-de-autocaravanas-viviendas-compartidas-y-albergues\\\/#listItem\",\"name\":\"El Govern regula las \\u00e1reas de autocaravanas, viviendas compartidas y albergues\"},\"previousItem\":{\"@type\":\"ListItem\",\"@id\":\"https:\\\/\\\/eldigitaldeasturias.com\\\/magazine365#listItem\",\"name\":\"Home\"}},{\"@type\":\"ListItem\",\"@id\":\"https:\\\/\\\/eldigitaldeasturias.com\\\/magazine365\\\/el-govern-regula-las-areas-de-autocaravanas-viviendas-compartidas-y-albergues\\\/#listItem\",\"position\":3,\"name\":\"El Govern regula las \\u00e1reas de autocaravanas, viviendas compartidas y albergues\",\"previousItem\":{\"@type\":\"ListItem\",\"@id\":\"https:\\\/\\\/eldigitaldeasturias.com\\\/magazine365\\\/category\\\/noticias-actualidad\\\/#listItem\",\"name\":\"Noticias y Actualidad\"}}]},{\"@type\":\"Organization\",\"@id\":\"https:\\\/\\\/eldigitaldeasturias.com\\\/magazine365\\\/#organization\",\"name\":\"El digital de Asturias\",\"description\":\"Revista de ocio, turismo y estilo de vida\",\"url\":\"https:\\\/\\\/eldigitaldeasturias.com\\\/magazine365\\\/\",\"logo\":{\"@type\":\"ImageObject\",\"url\":\"https:\\\/\\\/www.eldigitaldeasturias.com\\\/noticias\\\/wp-content\\\/uploads\\\/2020\\\/12\\\/EDA.jpg\",\"@id\":\"https:\\\/\\\/eldigitaldeasturias.com\\\/magazine365\\\/el-govern-regula-las-areas-de-autocaravanas-viviendas-compartidas-y-albergues\\\/#organizationLogo\"},\"image\":{\"@id\":\"https:\\\/\\\/eldigitaldeasturias.com\\\/magazine365\\\/el-govern-regula-las-areas-de-autocaravanas-viviendas-compartidas-y-albergues\\\/#organizationLogo\"}},{\"@type\":\"Person\",\"@id\":\"https:\\\/\\\/eldigitaldeasturias.com\\\/magazine365\\\/author\\\/admin\\\/#author\",\"url\":\"https:\\\/\\\/eldigitaldeasturias.com\\\/magazine365\\\/author\\\/admin\\\/\",\"name\":\"admin\",\"image\":{\"@type\":\"ImageObject\",\"@id\":\"https:\\\/\\\/eldigitaldeasturias.com\\\/magazine365\\\/el-govern-regula-las-areas-de-autocaravanas-viviendas-compartidas-y-albergues\\\/#authorImage\",\"url\":\"https:\\\/\\\/eldigitaldeasturias.com\\\/magazine365\\\/wp-content\\\/litespeed\\\/avatar\\\/e571bcf59a0edd6fa6838245a470f2fe.jpg?ver=1777574230\",\"width\":96,\"height\":96,\"caption\":\"admin\"}},{\"@type\":\"WebPage\",\"@id\":\"https:\\\/\\\/eldigitaldeasturias.com\\\/magazine365\\\/el-govern-regula-las-areas-de-autocaravanas-viviendas-compartidas-y-albergues\\\/#webpage\",\"url\":\"https:\\\/\\\/eldigitaldeasturias.com\\\/magazine365\\\/el-govern-regula-las-areas-de-autocaravanas-viviendas-compartidas-y-albergues\\\/\",\"name\":\"El Govern regula las \\u00e1reas de autocaravanas, viviendas compartidas y albergues | El Digital de Asturias\",\"description\":\"El conseller de Empresa y Empleo de la Generalitat, Felip Puig, ha expuesto este martes en el Consell Executiu las l\\u00edneas de la nueva regulaci\\u00f3n de los alojamientos tur\\u00edsticos en Catalunya, que contempla la regularizaci\\u00f3n y ordenaci\\u00f3n las \\u00e1reas de acogida de autocaravanas, viviendas compartidas y albergues tur\\u00edsticos. En rueda de prensa tras el Consell\",\"inLanguage\":\"es-ES\",\"isPartOf\":{\"@id\":\"https:\\\/\\\/eldigitaldeasturias.com\\\/magazine365\\\/#website\"},\"breadcrumb\":{\"@id\":\"https:\\\/\\\/eldigitaldeasturias.com\\\/magazine365\\\/el-govern-regula-las-areas-de-autocaravanas-viviendas-compartidas-y-albergues\\\/#breadcrumblist\"},\"author\":{\"@id\":\"https:\\\/\\\/eldigitaldeasturias.com\\\/magazine365\\\/author\\\/admin\\\/#author\"},\"creator\":{\"@id\":\"https:\\\/\\\/eldigitaldeasturias.com\\\/magazine365\\\/author\\\/admin\\\/#author\"},\"image\":{\"@type\":\"ImageObject\",\"url\":\"https:\\\/\\\/eldigitaldeasturias.com\\\/magazine365\\\/wp-content\\\/uploads\\\/2015\\\/07\\\/fotonoticia_20150714152623_800.jpg\",\"@id\":\"https:\\\/\\\/eldigitaldeasturias.com\\\/magazine365\\\/el-govern-regula-las-areas-de-autocaravanas-viviendas-compartidas-y-albergues\\\/#mainImage\",\"width\":800,\"height\":600},\"primaryImageOfPage\":{\"@id\":\"https:\\\/\\\/eldigitaldeasturias.com\\\/magazine365\\\/el-govern-regula-las-areas-de-autocaravanas-viviendas-compartidas-y-albergues\\\/#mainImage\"},\"datePublished\":\"2015-07-15T22:45:42+02:00\",\"dateModified\":\"2015-07-15T22:45:42+02:00\"},{\"@type\":\"WebSite\",\"@id\":\"https:\\\/\\\/eldigitaldeasturias.com\\\/magazine365\\\/#website\",\"url\":\"https:\\\/\\\/eldigitaldeasturias.com\\\/magazine365\\\/\",\"name\":\"El Digital de Asturias\",\"description\":\"Revista de ocio, turismo y estilo de vida\",\"inLanguage\":\"es-ES\",\"publisher\":{\"@id\":\"https:\\\/\\\/eldigitaldeasturias.com\\\/magazine365\\\/#organization\"}}]}\n\t\t<\/script>\n\t\t<!-- All in One SEO Pro -->\r\n\t\t<title>El Govern regula las \u00e1reas de autocaravanas, viviendas compartidas y albergues | El Digital de Asturias<\/title>\n\n","aioseo_head_json":{"title":"El Govern regula las \u00e1reas de autocaravanas, viviendas compartidas y albergues | El Digital de Asturias","description":"El conseller de Empresa y Empleo de la Generalitat, Felip Puig, ha expuesto este martes en el Consell Executiu las l\u00edneas de la nueva regulaci\u00f3n de los alojamientos tur\u00edsticos en Catalunya, que contempla la regularizaci\u00f3n y ordenaci\u00f3n las \u00e1reas de acogida de autocaravanas, viviendas compartidas y albergues tur\u00edsticos. En rueda de prensa tras el Consell","canonical_url":"https:\/\/eldigitaldeasturias.com\/magazine365\/el-govern-regula-las-areas-de-autocaravanas-viviendas-compartidas-y-albergues\/","robots":"max-image-preview:large","keywords":"noticias y actualidad","webmasterTools":{"google-site-verification":"UA-38556648-1","miscellaneous":""},"schema":{"@context":"https:\/\/schema.org","@graph":[{"@type":"Article","@id":"https:\/\/eldigitaldeasturias.com\/magazine365\/el-govern-regula-las-areas-de-autocaravanas-viviendas-compartidas-y-albergues\/#article","name":"El Govern regula las \u00e1reas de autocaravanas, viviendas compartidas y albergues | El Digital de Asturias","headline":"El Govern regula las \u00e1reas de autocaravanas, viviendas compartidas y albergues","author":{"@id":"https:\/\/eldigitaldeasturias.com\/magazine365\/author\/admin\/#author"},"publisher":{"@id":"https:\/\/eldigitaldeasturias.com\/magazine365\/#organization"},"image":{"@type":"ImageObject","url":"https:\/\/eldigitaldeasturias.com\/magazine365\/wp-content\/uploads\/2015\/07\/fotonoticia_20150714152623_800.jpg","width":800,"height":600},"datePublished":"2015-07-15T22:45:42+02:00","dateModified":"2015-07-15T22:45:42+02:00","inLanguage":"es-ES","mainEntityOfPage":{"@id":"https:\/\/eldigitaldeasturias.com\/magazine365\/el-govern-regula-las-areas-de-autocaravanas-viviendas-compartidas-y-albergues\/#webpage"},"isPartOf":{"@id":"https:\/\/eldigitaldeasturias.com\/magazine365\/el-govern-regula-las-areas-de-autocaravanas-viviendas-compartidas-y-albergues\/#webpage"},"articleSection":"Noticias y Actualidad"},{"@type":"BreadcrumbList","@id":"https:\/\/eldigitaldeasturias.com\/magazine365\/el-govern-regula-las-areas-de-autocaravanas-viviendas-compartidas-y-albergues\/#breadcrumblist","itemListElement":[{"@type":"ListItem","@id":"https:\/\/eldigitaldeasturias.com\/magazine365#listItem","position":1,"name":"Home","item":"https:\/\/eldigitaldeasturias.com\/magazine365","nextItem":{"@type":"ListItem","@id":"https:\/\/eldigitaldeasturias.com\/magazine365\/category\/noticias-actualidad\/#listItem","name":"Noticias y Actualidad"}},{"@type":"ListItem","@id":"https:\/\/eldigitaldeasturias.com\/magazine365\/category\/noticias-actualidad\/#listItem","position":2,"name":"Noticias y Actualidad","item":"https:\/\/eldigitaldeasturias.com\/magazine365\/category\/noticias-actualidad\/","nextItem":{"@type":"ListItem","@id":"https:\/\/eldigitaldeasturias.com\/magazine365\/el-govern-regula-las-areas-de-autocaravanas-viviendas-compartidas-y-albergues\/#listItem","name":"El Govern regula las \u00e1reas de autocaravanas, viviendas compartidas y albergues"},"previousItem":{"@type":"ListItem","@id":"https:\/\/eldigitaldeasturias.com\/magazine365#listItem","name":"Home"}},{"@type":"ListItem","@id":"https:\/\/eldigitaldeasturias.com\/magazine365\/el-govern-regula-las-areas-de-autocaravanas-viviendas-compartidas-y-albergues\/#listItem","position":3,"name":"El Govern regula las \u00e1reas de autocaravanas, viviendas compartidas y albergues","previousItem":{"@type":"ListItem","@id":"https:\/\/eldigitaldeasturias.com\/magazine365\/category\/noticias-actualidad\/#listItem","name":"Noticias y Actualidad"}}]},{"@type":"Organization","@id":"https:\/\/eldigitaldeasturias.com\/magazine365\/#organization","name":"El digital de Asturias","description":"Revista de ocio, turismo y estilo de vida","url":"https:\/\/eldigitaldeasturias.com\/magazine365\/","logo":{"@type":"ImageObject","url":"https:\/\/www.eldigitaldeasturias.com\/noticias\/wp-content\/uploads\/2020\/12\/EDA.jpg","@id":"https:\/\/eldigitaldeasturias.com\/magazine365\/el-govern-regula-las-areas-de-autocaravanas-viviendas-compartidas-y-albergues\/#organizationLogo"},"image":{"@id":"https:\/\/eldigitaldeasturias.com\/magazine365\/el-govern-regula-las-areas-de-autocaravanas-viviendas-compartidas-y-albergues\/#organizationLogo"}},{"@type":"Person","@id":"https:\/\/eldigitaldeasturias.com\/magazine365\/author\/admin\/#author","url":"https:\/\/eldigitaldeasturias.com\/magazine365\/author\/admin\/","name":"admin","image":{"@type":"ImageObject","@id":"https:\/\/eldigitaldeasturias.com\/magazine365\/el-govern-regula-las-areas-de-autocaravanas-viviendas-compartidas-y-albergues\/#authorImage","url":"https:\/\/eldigitaldeasturias.com\/magazine365\/wp-content\/litespeed\/avatar\/e571bcf59a0edd6fa6838245a470f2fe.jpg?ver=1777574230","width":96,"height":96,"caption":"admin"}},{"@type":"WebPage","@id":"https:\/\/eldigitaldeasturias.com\/magazine365\/el-govern-regula-las-areas-de-autocaravanas-viviendas-compartidas-y-albergues\/#webpage","url":"https:\/\/eldigitaldeasturias.com\/magazine365\/el-govern-regula-las-areas-de-autocaravanas-viviendas-compartidas-y-albergues\/","name":"El Govern regula las \u00e1reas de autocaravanas, viviendas compartidas y albergues | El Digital de Asturias","description":"El conseller de Empresa y Empleo de la Generalitat, Felip Puig, ha expuesto este martes en el Consell Executiu las l\u00edneas de la nueva regulaci\u00f3n de los alojamientos tur\u00edsticos en Catalunya, que contempla la regularizaci\u00f3n y ordenaci\u00f3n las \u00e1reas de acogida de autocaravanas, viviendas compartidas y albergues tur\u00edsticos. En rueda de prensa tras el Consell","inLanguage":"es-ES","isPartOf":{"@id":"https:\/\/eldigitaldeasturias.com\/magazine365\/#website"},"breadcrumb":{"@id":"https:\/\/eldigitaldeasturias.com\/magazine365\/el-govern-regula-las-areas-de-autocaravanas-viviendas-compartidas-y-albergues\/#breadcrumblist"},"author":{"@id":"https:\/\/eldigitaldeasturias.com\/magazine365\/author\/admin\/#author"},"creator":{"@id":"https:\/\/eldigitaldeasturias.com\/magazine365\/author\/admin\/#author"},"image":{"@type":"ImageObject","url":"https:\/\/eldigitaldeasturias.com\/magazine365\/wp-content\/uploads\/2015\/07\/fotonoticia_20150714152623_800.jpg","@id":"https:\/\/eldigitaldeasturias.com\/magazine365\/el-govern-regula-las-areas-de-autocaravanas-viviendas-compartidas-y-albergues\/#mainImage","width":800,"height":600},"primaryImageOfPage":{"@id":"https:\/\/eldigitaldeasturias.com\/magazine365\/el-govern-regula-las-areas-de-autocaravanas-viviendas-compartidas-y-albergues\/#mainImage"},"datePublished":"2015-07-15T22:45:42+02:00","dateModified":"2015-07-15T22:45:42+02:00"},{"@type":"WebSite","@id":"https:\/\/eldigitaldeasturias.com\/magazine365\/#website","url":"https:\/\/eldigitaldeasturias.com\/magazine365\/","name":"El Digital de Asturias","description":"Revista de ocio, turismo y estilo de vida","inLanguage":"es-ES","publisher":{"@id":"https:\/\/eldigitaldeasturias.com\/magazine365\/#organization"}}]},"og:locale":"es_ES","og:site_name":"El Digital de Asturias \u2013 Revista de ocio, turismo y estilo de vida","og:type":"article","og:title":"El Govern regula las \u00e1reas de autocaravanas, viviendas compartidas y albergues | El Digital de Asturias","og:description":"El conseller de Empresa y Empleo de la Generalitat, Felip Puig, ha expuesto este martes en el Consell Executiu las l\u00edneas de la nueva regulaci\u00f3n de los alojamientos tur\u00edsticos en Catalunya, que contempla la regularizaci\u00f3n y ordenaci\u00f3n las \u00e1reas de acogida de autocaravanas, viviendas compartidas y albergues tur\u00edsticos. En rueda de prensa tras el Consell","og:url":"https:\/\/eldigitaldeasturias.com\/magazine365\/el-govern-regula-las-areas-de-autocaravanas-viviendas-compartidas-y-albergues\/","og:image":"https:\/\/eldigitaldeasturias.com\/magazine365\/wp-content\/uploads\/2015\/07\/fotonoticia_20150714152623_800.jpg","og:image:secure_url":"https:\/\/eldigitaldeasturias.com\/magazine365\/wp-content\/uploads\/2015\/07\/fotonoticia_20150714152623_800.jpg","og:image:width":800,"og:image:height":600,"article:published_time":"2015-07-15T20:45:42+00:00","article:modified_time":"2015-07-15T20:45:42+00:00","twitter:card":"summary_large_image","twitter:title":"El Govern regula las \u00e1reas de autocaravanas, viviendas compartidas y albergues | El Digital de Asturias","twitter:description":"El conseller de Empresa y Empleo de la Generalitat, Felip Puig, ha expuesto este martes en el Consell Executiu las l\u00edneas de la nueva regulaci\u00f3n de los alojamientos tur\u00edsticos en Catalunya, que contempla la regularizaci\u00f3n y ordenaci\u00f3n las \u00e1reas de acogida de autocaravanas, viviendas compartidas y albergues tur\u00edsticos. En rueda de prensa tras el Consell","twitter:image":"https:\/\/eldigitaldeasturias.com\/magazine365\/wp-content\/uploads\/2015\/07\/fotonoticia_20150714152623_800.jpg"},"aioseo_meta_data":{"post_id":"42683","title":null,"description":null,"keywords":null,"keyphrases":null,"primary_term":null,"canonical_url":null,"og_title":null,"og_description":null,"og_object_type":"default","og_image_type":"default","og_image_url":null,"og_image_width":null,"og_image_height":null,"og_image_custom_url":null,"og_image_custom_fields":null,"og_video":null,"og_custom_url":null,"og_article_section":null,"og_article_tags":null,"twitter_use_og":false,"twitter_card":"default","twitter_image_type":"default","twitter_image_url":null,"twitter_image_custom_url":null,"twitter_image_custom_fields":null,"twitter_title":null,"twitter_description":null,"schema":{"blockGraphs":[],"customGraphs":[],"default":{"data":{"Article":[],"Course":[],"Dataset":[],"FAQPage":[],"Movie":[],"Person":[],"Product":[],"ProductReview":[],"Car":[],"Recipe":[],"Service":[],"SoftwareApplication":[],"WebPage":[]},"graphName":"","isEnabled":true},"graphs":[],"defaultGraph":"","defaultPostTypeGraph":""},"schema_type":null,"schema_type_options":null,"pillar_content":false,"robots_default":true,"robots_noindex":false,"robots_noarchive":false,"robots_nosnippet":false,"robots_nofollow":false,"robots_noimageindex":false,"robots_noodp":false,"robots_notranslate":false,"robots_max_snippet":null,"robots_max_videopreview":null,"robots_max_imagepreview":"large","priority":null,"frequency":null,"location":null,"local_seo":null,"seo_analyzer_scan_date":"2025-09-19 18:17:18","breadcrumb_settings":null,"limit_modified_date":false,"open_ai":null,"ai":null,"created":"2021-03-09 01:57:46","updated":"2025-09-19 18:17:18"},"aioseo_breadcrumb":"<div class=\"aioseo-breadcrumbs\"><span class=\"aioseo-breadcrumb\">\n\t<a href=\"https:\/\/eldigitaldeasturias.com\/magazine365\" title=\"Home\">Home<\/a>\n<\/span><span class=\"aioseo-breadcrumb-separator\">\u2013<\/span><span class=\"aioseo-breadcrumb\">\n\t<a href=\"https:\/\/eldigitaldeasturias.com\/magazine365\/category\/noticias-actualidad\/\" title=\"Noticias y Actualidad\">Noticias y Actualidad<\/a>\n<\/span><span class=\"aioseo-breadcrumb-separator\">\u2013<\/span><span class=\"aioseo-breadcrumb\">\n\t<a href=\"https:\/\/eldigitaldeasturias.com\/magazine365\/el-govern-regula-las-areas-de-autocaravanas-viviendas-compartidas-y-albergues\/\" title=\"El Govern regula las \u00e1reas de autocaravanas, viviendas compartidas y albergues\">El Govern regula las \u00e1reas de autocaravanas, viviendas compartidas y albergues<\/a>\n<\/span><\/div>","aioseo_breadcrumb_json":[{"label":"Home","link":"https:\/\/eldigitaldeasturias.com\/magazine365"},{"label":"Noticias y Actualidad","link":"https:\/\/eldigitaldeasturias.com\/magazine365\/category\/noticias-actualidad\/"},{"label":"El Govern regula las \u00e1reas de autocaravanas, viviendas compartidas y albergues","link":"https:\/\/eldigitaldeasturias.com\/magazine365\/el-govern-regula-las-areas-de-autocaravanas-viviendas-compartidas-y-albergues\/"}],"_links":{"self":[{"href":"https:\/\/eldigitaldeasturias.com\/magazine365\/wp-json\/wp\/v2\/posts\/42683","targetHints":{"allow":["GET"]}}],"collection":[{"href":"https:\/\/eldigitaldeasturias.com\/magazine365\/wp-json\/wp\/v2\/posts"}],"about":[{"href":"https:\/\/eldigitaldeasturias.com\/magazine365\/wp-json\/wp\/v2\/types\/post"}],"author":[{"embeddable":true,"href":"https:\/\/eldigitaldeasturias.com\/magazine365\/wp-json\/wp\/v2\/users\/1"}],"replies":[{"embeddable":true,"href":"https:\/\/eldigitaldeasturias.com\/magazine365\/wp-json\/wp\/v2\/comments?post=42683"}],"version-history":[{"count":0,"href":"https:\/\/eldigitaldeasturias.com\/magazine365\/wp-json\/wp\/v2\/posts\/42683\/revisions"}],"wp:featuredmedia":[{"embeddable":true,"href":"https:\/\/eldigitaldeasturias.com\/magazine365\/wp-json\/wp\/v2\/media\/42684"}],"wp:attachment":[{"href":"https:\/\/eldigitaldeasturias.com\/magazine365\/wp-json\/wp\/v2\/media?parent=42683"}],"wp:term":[{"taxonomy":"category","embeddable":true,"href":"https:\/\/eldigitaldeasturias.com\/magazine365\/wp-json\/wp\/v2\/categories?post=42683"},{"taxonomy":"post_tag","embeddable":true,"href":"https:\/\/eldigitaldeasturias.com\/magazine365\/wp-json\/wp\/v2\/tags?post=42683"}],"curies":[{"name":"wp","href":"https:\/\/api.w.org\/{rel}","templated":true}]}}