{"id":42666,"date":"2015-07-15T00:39:52","date_gmt":"2015-07-14T22:39:52","guid":{"rendered":"http:\/\/eldigitaldeasturias.com\/magazine365\/?p=42666"},"modified":"2015-07-15T00:39:52","modified_gmt":"2015-07-14T22:39:52","slug":"el-numero-de-peregrinos-coreanos-del-camino-de-santiago-se-duplica-en-los-ultimos-cinco-anos-en-navarra","status":"publish","type":"post","link":"https:\/\/eldigitaldeasturias.com\/magazine365\/el-numero-de-peregrinos-coreanos-del-camino-de-santiago-se-duplica-en-los-ultimos-cinco-anos-en-navarra\/","title":{"rendered":"El n\u00famero de peregrinos coreanos del Camino de Santiago se duplica en los \u00faltimos cinco a\u00f1os en Navarra"},"content":{"rendered":"<p><img fetchpriority=\"high\" decoding=\"async\" class=\"alignleft size-medium wp-image-42667\" src=\"https:\/\/eldigitaldeasturias.com\/magazine365\/wp-content\/uploads\/2015\/07\/fotonoticia_20150714150730_800-360x270.jpg\" alt=\"fotonoticia_20150714150730_800\" width=\"360\" height=\"270\" srcset=\"https:\/\/eldigitaldeasturias.com\/magazine365\/wp-content\/uploads\/2015\/07\/fotonoticia_20150714150730_800-360x270.jpg 360w, https:\/\/eldigitaldeasturias.com\/magazine365\/wp-content\/uploads\/2015\/07\/fotonoticia_20150714150730_800-650x488.jpg 650w, https:\/\/eldigitaldeasturias.com\/magazine365\/wp-content\/uploads\/2015\/07\/fotonoticia_20150714150730_800-768x576.jpg 768w, https:\/\/eldigitaldeasturias.com\/magazine365\/wp-content\/uploads\/2015\/07\/fotonoticia_20150714150730_800-150x113.jpg 150w, https:\/\/eldigitaldeasturias.com\/magazine365\/wp-content\/uploads\/2015\/07\/fotonoticia_20150714150730_800-450x338.jpg 450w, https:\/\/eldigitaldeasturias.com\/magazine365\/wp-content\/uploads\/2015\/07\/fotonoticia_20150714150730_800-80x60.jpg 80w, https:\/\/eldigitaldeasturias.com\/magazine365\/wp-content\/uploads\/2015\/07\/fotonoticia_20150714150730_800-265x198.jpg 265w, https:\/\/eldigitaldeasturias.com\/magazine365\/wp-content\/uploads\/2015\/07\/fotonoticia_20150714150730_800-696x522.jpg 696w, https:\/\/eldigitaldeasturias.com\/magazine365\/wp-content\/uploads\/2015\/07\/fotonoticia_20150714150730_800-560x420.jpg 560w, https:\/\/eldigitaldeasturias.com\/magazine365\/wp-content\/uploads\/2015\/07\/fotonoticia_20150714150730_800-90x67.jpg 90w, https:\/\/eldigitaldeasturias.com\/magazine365\/wp-content\/uploads\/2015\/07\/fotonoticia_20150714150730_800-100x75.jpg 100w, https:\/\/eldigitaldeasturias.com\/magazine365\/wp-content\/uploads\/2015\/07\/fotonoticia_20150714150730_800.jpg 800w\" sizes=\"(max-width: 360px) 100vw, 360px\" \/>El consejero de Presidencia, Justicia e Interior del Gobierno de Navarra, Javier Morr\u00e1s, ha mantenido este martes en su despacho una sesi\u00f3n de trabajo con el embajador de la Rep\u00fablica de Corea en Espa\u00f1a, Hee-Kwon Park, sobre temas de seguridad relativos a las personas de este pa\u00eds que realizan el Camino de Santiago, dado que se ha duplicado en los \u00faltimos cinco a\u00f1os.<\/p>\n<p>De hecho, seg\u00fan datos del albergue de Roncesvalles, el a\u00f1o pasado 2.585 coreanos y coreanas pernoctaron en dicha instalaci\u00f3n, cifra que supone el 3,93 por ciento del total de peregrinos. Hace cinco a\u00f1os, en 2010, fueron 1.099 y desde entonces se han incrementado anualmente en unas 400 personas. En 2004, por su parte, fueron 18 los peregrinos registrados de dicha nacionalidad.<\/p>\n<p>Durante la reuni\u00f3n, ha informado el Gobierno de Navarra en un comunicado, han abordado las labores de coordinaci\u00f3n emprendidas entre el Ejecutivo foral y la Embajada de la Rep\u00fablica de Corea en diciembre de 2013 sobre la difusi\u00f3n de informaci\u00f3n entre los peregrinos de este pa\u00eds y ante las posibles situaciones de emergencia en las que se puedan ver involucrados.<\/p>\n<p>Asimismo, el consejero Morr\u00e1s ha trasladado al embajador Park la decisi\u00f3n el Gobierno de Navarra de cerrar en el periodo invernal el tramo m\u00e1s duro de la primera etapa del Camino de Santiago en suelo foral, que une Saint Jean Pied de Port (Francia) con Roncesvalles. Es decir, \u00fanicamente ser\u00e1 posible realizarla por Valcarlos y no por el Collado de Lepoeder.<\/p>\n<p>Por otra parte, en la reuni\u00f3n, en la que tambi\u00e9n ha participado la jefa de la Secci\u00f3n de Desarrollo de Productos Tur\u00edsticos, Estefan\u00eda Mun\u00e1rriz, se han abordado cuestiones tur\u00edsticas que pueden ser de inter\u00e9s para los ciudadanos de la Rep\u00fablica de Corea.<\/p>\n<p>Las oficinas de turismo del Gobierno de Navarra comenzaron a medir el n\u00famero de turistas procedentes de ese pa\u00eds el 21 de mayo y a fecha de hoy ya han sido registrados 219, el 57 por ciento de ellos en Pamplona.<\/p>\n<p>Finalmente, el embajador de la Rep\u00fablica de Corea tambi\u00e9n se ha interesado en la experiencia de la Administraci\u00f3n Foral en la implantaci\u00f3n de la energ\u00eda e\u00f3lica, a la que ha considerado un \u00abreferente internacional\u00bb.<\/p>\n","protected":false},"excerpt":{"rendered":"<p>El consejero de Presidencia, Justicia e Interior del Gobierno de Navarra, Javier Morr\u00e1s, ha mantenido este martes en su despacho una sesi\u00f3n de trabajo con el embajador de la Rep\u00fablica de Corea en Espa\u00f1a, Hee-Kwon Park, sobre temas de seguridad relativos a las personas de este pa\u00eds que realizan el Camino de Santiago, dado que<\/p>\n","protected":false},"author":1,"featured_media":42667,"comment_status":"open","ping_status":"closed","sticky":false,"template":"","format":"standard","meta":{"footnotes":""},"categories":[222],"tags":[],"class_list":{"0":"post-42666","1":"post","2":"type-post","3":"status-publish","4":"format-standard","5":"has-post-thumbnail","7":"category-actualidad-turismo"},"aioseo_notices":[],"aioseo_head":"\n\t\t<!-- All in One SEO Pro 4.9.6.1 - aioseo.com -->\n\t<meta name=\"description\" content=\"El consejero de Presidencia, Justicia e Interior del Gobierno de Navarra, Javier Morr\u00e1s, ha mantenido este martes en su despacho una sesi\u00f3n de trabajo con el embajador de la Rep\u00fablica de Corea en Espa\u00f1a, Hee-Kwon Park, sobre temas de seguridad relativos a las personas de este pa\u00eds que realizan el Camino de Santiago, dado que\" \/>\n\t<meta name=\"robots\" content=\"max-image-preview:large\" \/>\n\t<meta name=\"author\" content=\"admin\"\/>\n\t<meta name=\"google-site-verification\" content=\"UA-38556648-1\" \/>\n\t<meta name=\"keywords\" content=\"actualidad turismo\" \/>\n\t<link rel=\"canonical\" href=\"https:\/\/eldigitaldeasturias.com\/magazine365\/el-numero-de-peregrinos-coreanos-del-camino-de-santiago-se-duplica-en-los-ultimos-cinco-anos-en-navarra\/\" \/>\n\t<meta name=\"generator\" content=\"All in One SEO Pro (AIOSEO) 4.9.6.1\" \/>\n\t\t<meta property=\"og:locale\" content=\"es_ES\" \/>\n\t\t<meta property=\"og:site_name\" content=\"El Digital de Asturias \u2013 Revista de ocio, turismo y estilo de vida\" \/>\n\t\t<meta property=\"og:type\" content=\"article\" \/>\n\t\t<meta property=\"og:title\" content=\"El n\u00famero de peregrinos coreanos del Camino de Santiago se duplica en los \u00faltimos cinco a\u00f1os en Navarra | El Digital de Asturias\" \/>\n\t\t<meta property=\"og:description\" content=\"El consejero de Presidencia, Justicia e Interior del Gobierno de Navarra, Javier Morr\u00e1s, ha mantenido este martes en su despacho una sesi\u00f3n de trabajo con el embajador de la Rep\u00fablica de Corea en Espa\u00f1a, Hee-Kwon Park, sobre temas de seguridad relativos a las personas de este pa\u00eds que realizan el Camino de Santiago, dado que\" \/>\n\t\t<meta property=\"og:url\" content=\"https:\/\/eldigitaldeasturias.com\/magazine365\/el-numero-de-peregrinos-coreanos-del-camino-de-santiago-se-duplica-en-los-ultimos-cinco-anos-en-navarra\/\" \/>\n\t\t<meta property=\"og:image\" content=\"https:\/\/eldigitaldeasturias.com\/magazine365\/wp-content\/uploads\/2015\/07\/fotonoticia_20150714150730_800.jpg\" \/>\n\t\t<meta property=\"og:image:secure_url\" content=\"https:\/\/eldigitaldeasturias.com\/magazine365\/wp-content\/uploads\/2015\/07\/fotonoticia_20150714150730_800.jpg\" \/>\n\t\t<meta property=\"og:image:width\" content=\"800\" \/>\n\t\t<meta property=\"og:image:height\" content=\"600\" \/>\n\t\t<meta property=\"article:published_time\" content=\"2015-07-14T22:39:52+00:00\" \/>\n\t\t<meta property=\"article:modified_time\" content=\"2015-07-14T22:39:52+00:00\" \/>\n\t\t<meta name=\"twitter:card\" content=\"summary_large_image\" \/>\n\t\t<meta name=\"twitter:title\" content=\"El n\u00famero de peregrinos coreanos del Camino de Santiago se duplica en los \u00faltimos cinco a\u00f1os en Navarra | El Digital de Asturias\" \/>\n\t\t<meta name=\"twitter:description\" content=\"El consejero de Presidencia, Justicia e Interior del Gobierno de Navarra, Javier Morr\u00e1s, ha mantenido este martes en su despacho una sesi\u00f3n de trabajo con el embajador de la Rep\u00fablica de Corea en Espa\u00f1a, Hee-Kwon Park, sobre temas de seguridad relativos a las personas de este pa\u00eds que realizan el Camino de Santiago, dado que\" \/>\n\t\t<meta name=\"twitter:image\" content=\"https:\/\/eldigitaldeasturias.com\/magazine365\/wp-content\/uploads\/2015\/07\/fotonoticia_20150714150730_800.jpg\" \/>\n\t\t<script type=\"application\/ld+json\" class=\"aioseo-schema\">\n\t\t\t{\"@context\":\"https:\\\/\\\/schema.org\",\"@graph\":[{\"@type\":\"Article\",\"@id\":\"https:\\\/\\\/eldigitaldeasturias.com\\\/magazine365\\\/el-numero-de-peregrinos-coreanos-del-camino-de-santiago-se-duplica-en-los-ultimos-cinco-anos-en-navarra\\\/#article\",\"name\":\"El n\\u00famero de peregrinos coreanos del Camino de Santiago se duplica en los \\u00faltimos cinco a\\u00f1os en Navarra | El Digital de Asturias\",\"headline\":\"El n\\u00famero de peregrinos coreanos del Camino de Santiago se duplica en los \\u00faltimos cinco a\\u00f1os en Navarra\",\"author\":{\"@id\":\"https:\\\/\\\/eldigitaldeasturias.com\\\/magazine365\\\/author\\\/admin\\\/#author\"},\"publisher\":{\"@id\":\"https:\\\/\\\/eldigitaldeasturias.com\\\/magazine365\\\/#organization\"},\"image\":{\"@type\":\"ImageObject\",\"url\":\"https:\\\/\\\/eldigitaldeasturias.com\\\/magazine365\\\/wp-content\\\/uploads\\\/2015\\\/07\\\/fotonoticia_20150714150730_800.jpg\",\"width\":800,\"height\":600},\"datePublished\":\"2015-07-15T00:39:52+02:00\",\"dateModified\":\"2015-07-15T00:39:52+02:00\",\"inLanguage\":\"es-ES\",\"mainEntityOfPage\":{\"@id\":\"https:\\\/\\\/eldigitaldeasturias.com\\\/magazine365\\\/el-numero-de-peregrinos-coreanos-del-camino-de-santiago-se-duplica-en-los-ultimos-cinco-anos-en-navarra\\\/#webpage\"},\"isPartOf\":{\"@id\":\"https:\\\/\\\/eldigitaldeasturias.com\\\/magazine365\\\/el-numero-de-peregrinos-coreanos-del-camino-de-santiago-se-duplica-en-los-ultimos-cinco-anos-en-navarra\\\/#webpage\"},\"articleSection\":\"Actualidad Turismo\"},{\"@type\":\"BreadcrumbList\",\"@id\":\"https:\\\/\\\/eldigitaldeasturias.com\\\/magazine365\\\/el-numero-de-peregrinos-coreanos-del-camino-de-santiago-se-duplica-en-los-ultimos-cinco-anos-en-navarra\\\/#breadcrumblist\",\"itemListElement\":[{\"@type\":\"ListItem\",\"@id\":\"https:\\\/\\\/eldigitaldeasturias.com\\\/magazine365#listItem\",\"position\":1,\"name\":\"Home\",\"item\":\"https:\\\/\\\/eldigitaldeasturias.com\\\/magazine365\",\"nextItem\":{\"@type\":\"ListItem\",\"@id\":\"https:\\\/\\\/eldigitaldeasturias.com\\\/magazine365\\\/category\\\/actualidad-turismo\\\/#listItem\",\"name\":\"Actualidad Turismo\"}},{\"@type\":\"ListItem\",\"@id\":\"https:\\\/\\\/eldigitaldeasturias.com\\\/magazine365\\\/category\\\/actualidad-turismo\\\/#listItem\",\"position\":2,\"name\":\"Actualidad Turismo\",\"item\":\"https:\\\/\\\/eldigitaldeasturias.com\\\/magazine365\\\/category\\\/actualidad-turismo\\\/\",\"nextItem\":{\"@type\":\"ListItem\",\"@id\":\"https:\\\/\\\/eldigitaldeasturias.com\\\/magazine365\\\/el-numero-de-peregrinos-coreanos-del-camino-de-santiago-se-duplica-en-los-ultimos-cinco-anos-en-navarra\\\/#listItem\",\"name\":\"El n\\u00famero de peregrinos coreanos del Camino de Santiago se duplica en los \\u00faltimos cinco a\\u00f1os en Navarra\"},\"previousItem\":{\"@type\":\"ListItem\",\"@id\":\"https:\\\/\\\/eldigitaldeasturias.com\\\/magazine365#listItem\",\"name\":\"Home\"}},{\"@type\":\"ListItem\",\"@id\":\"https:\\\/\\\/eldigitaldeasturias.com\\\/magazine365\\\/el-numero-de-peregrinos-coreanos-del-camino-de-santiago-se-duplica-en-los-ultimos-cinco-anos-en-navarra\\\/#listItem\",\"position\":3,\"name\":\"El n\\u00famero de peregrinos coreanos del Camino de Santiago se duplica en los \\u00faltimos cinco a\\u00f1os en Navarra\",\"previousItem\":{\"@type\":\"ListItem\",\"@id\":\"https:\\\/\\\/eldigitaldeasturias.com\\\/magazine365\\\/category\\\/actualidad-turismo\\\/#listItem\",\"name\":\"Actualidad Turismo\"}}]},{\"@type\":\"Organization\",\"@id\":\"https:\\\/\\\/eldigitaldeasturias.com\\\/magazine365\\\/#organization\",\"name\":\"El digital de Asturias\",\"description\":\"Revista de ocio, turismo y estilo de vida\",\"url\":\"https:\\\/\\\/eldigitaldeasturias.com\\\/magazine365\\\/\",\"logo\":{\"@type\":\"ImageObject\",\"url\":\"https:\\\/\\\/www.eldigitaldeasturias.com\\\/noticias\\\/wp-content\\\/uploads\\\/2020\\\/12\\\/EDA.jpg\",\"@id\":\"https:\\\/\\\/eldigitaldeasturias.com\\\/magazine365\\\/el-numero-de-peregrinos-coreanos-del-camino-de-santiago-se-duplica-en-los-ultimos-cinco-anos-en-navarra\\\/#organizationLogo\"},\"image\":{\"@id\":\"https:\\\/\\\/eldigitaldeasturias.com\\\/magazine365\\\/el-numero-de-peregrinos-coreanos-del-camino-de-santiago-se-duplica-en-los-ultimos-cinco-anos-en-navarra\\\/#organizationLogo\"}},{\"@type\":\"Person\",\"@id\":\"https:\\\/\\\/eldigitaldeasturias.com\\\/magazine365\\\/author\\\/admin\\\/#author\",\"url\":\"https:\\\/\\\/eldigitaldeasturias.com\\\/magazine365\\\/author\\\/admin\\\/\",\"name\":\"admin\",\"image\":{\"@type\":\"ImageObject\",\"@id\":\"https:\\\/\\\/eldigitaldeasturias.com\\\/magazine365\\\/el-numero-de-peregrinos-coreanos-del-camino-de-santiago-se-duplica-en-los-ultimos-cinco-anos-en-navarra\\\/#authorImage\",\"url\":\"https:\\\/\\\/eldigitaldeasturias.com\\\/magazine365\\\/wp-content\\\/litespeed\\\/avatar\\\/e571bcf59a0edd6fa6838245a470f2fe.jpg?ver=1777574230\",\"width\":96,\"height\":96,\"caption\":\"admin\"}},{\"@type\":\"WebPage\",\"@id\":\"https:\\\/\\\/eldigitaldeasturias.com\\\/magazine365\\\/el-numero-de-peregrinos-coreanos-del-camino-de-santiago-se-duplica-en-los-ultimos-cinco-anos-en-navarra\\\/#webpage\",\"url\":\"https:\\\/\\\/eldigitaldeasturias.com\\\/magazine365\\\/el-numero-de-peregrinos-coreanos-del-camino-de-santiago-se-duplica-en-los-ultimos-cinco-anos-en-navarra\\\/\",\"name\":\"El n\\u00famero de peregrinos coreanos del Camino de Santiago se duplica en los \\u00faltimos cinco a\\u00f1os en Navarra | El Digital de Asturias\",\"description\":\"El consejero de Presidencia, Justicia e Interior del Gobierno de Navarra, Javier Morr\\u00e1s, ha mantenido este martes en su despacho una sesi\\u00f3n de trabajo con el embajador de la Rep\\u00fablica de Corea en Espa\\u00f1a, Hee-Kwon Park, sobre temas de seguridad relativos a las personas de este pa\\u00eds que realizan el Camino de Santiago, dado que\",\"inLanguage\":\"es-ES\",\"isPartOf\":{\"@id\":\"https:\\\/\\\/eldigitaldeasturias.com\\\/magazine365\\\/#website\"},\"breadcrumb\":{\"@id\":\"https:\\\/\\\/eldigitaldeasturias.com\\\/magazine365\\\/el-numero-de-peregrinos-coreanos-del-camino-de-santiago-se-duplica-en-los-ultimos-cinco-anos-en-navarra\\\/#breadcrumblist\"},\"author\":{\"@id\":\"https:\\\/\\\/eldigitaldeasturias.com\\\/magazine365\\\/author\\\/admin\\\/#author\"},\"creator\":{\"@id\":\"https:\\\/\\\/eldigitaldeasturias.com\\\/magazine365\\\/author\\\/admin\\\/#author\"},\"image\":{\"@type\":\"ImageObject\",\"url\":\"https:\\\/\\\/eldigitaldeasturias.com\\\/magazine365\\\/wp-content\\\/uploads\\\/2015\\\/07\\\/fotonoticia_20150714150730_800.jpg\",\"@id\":\"https:\\\/\\\/eldigitaldeasturias.com\\\/magazine365\\\/el-numero-de-peregrinos-coreanos-del-camino-de-santiago-se-duplica-en-los-ultimos-cinco-anos-en-navarra\\\/#mainImage\",\"width\":800,\"height\":600},\"primaryImageOfPage\":{\"@id\":\"https:\\\/\\\/eldigitaldeasturias.com\\\/magazine365\\\/el-numero-de-peregrinos-coreanos-del-camino-de-santiago-se-duplica-en-los-ultimos-cinco-anos-en-navarra\\\/#mainImage\"},\"datePublished\":\"2015-07-15T00:39:52+02:00\",\"dateModified\":\"2015-07-15T00:39:52+02:00\"},{\"@type\":\"WebSite\",\"@id\":\"https:\\\/\\\/eldigitaldeasturias.com\\\/magazine365\\\/#website\",\"url\":\"https:\\\/\\\/eldigitaldeasturias.com\\\/magazine365\\\/\",\"name\":\"El Digital de Asturias\",\"description\":\"Revista de ocio, turismo y estilo de vida\",\"inLanguage\":\"es-ES\",\"publisher\":{\"@id\":\"https:\\\/\\\/eldigitaldeasturias.com\\\/magazine365\\\/#organization\"}}]}\n\t\t<\/script>\n\t\t<!-- All in One SEO Pro -->\r\n\t\t<title>El n\u00famero de peregrinos coreanos del Camino de Santiago se duplica en los \u00faltimos cinco a\u00f1os en Navarra | El Digital de Asturias<\/title>\n\n","aioseo_head_json":{"title":"El n\u00famero de peregrinos coreanos del Camino de Santiago se duplica en los \u00faltimos cinco a\u00f1os en Navarra | El Digital de Asturias","description":"El consejero de Presidencia, Justicia e Interior del Gobierno de Navarra, Javier Morr\u00e1s, ha mantenido este martes en su despacho una sesi\u00f3n de trabajo con el embajador de la Rep\u00fablica de Corea en Espa\u00f1a, Hee-Kwon Park, sobre temas de seguridad relativos a las personas de este pa\u00eds que realizan el Camino de Santiago, dado que","canonical_url":"https:\/\/eldigitaldeasturias.com\/magazine365\/el-numero-de-peregrinos-coreanos-del-camino-de-santiago-se-duplica-en-los-ultimos-cinco-anos-en-navarra\/","robots":"max-image-preview:large","keywords":"actualidad turismo","webmasterTools":{"google-site-verification":"UA-38556648-1","miscellaneous":""},"schema":{"@context":"https:\/\/schema.org","@graph":[{"@type":"Article","@id":"https:\/\/eldigitaldeasturias.com\/magazine365\/el-numero-de-peregrinos-coreanos-del-camino-de-santiago-se-duplica-en-los-ultimos-cinco-anos-en-navarra\/#article","name":"El n\u00famero de peregrinos coreanos del Camino de Santiago se duplica en los \u00faltimos cinco a\u00f1os en Navarra | El Digital de Asturias","headline":"El n\u00famero de peregrinos coreanos del Camino de Santiago se duplica en los \u00faltimos cinco a\u00f1os en Navarra","author":{"@id":"https:\/\/eldigitaldeasturias.com\/magazine365\/author\/admin\/#author"},"publisher":{"@id":"https:\/\/eldigitaldeasturias.com\/magazine365\/#organization"},"image":{"@type":"ImageObject","url":"https:\/\/eldigitaldeasturias.com\/magazine365\/wp-content\/uploads\/2015\/07\/fotonoticia_20150714150730_800.jpg","width":800,"height":600},"datePublished":"2015-07-15T00:39:52+02:00","dateModified":"2015-07-15T00:39:52+02:00","inLanguage":"es-ES","mainEntityOfPage":{"@id":"https:\/\/eldigitaldeasturias.com\/magazine365\/el-numero-de-peregrinos-coreanos-del-camino-de-santiago-se-duplica-en-los-ultimos-cinco-anos-en-navarra\/#webpage"},"isPartOf":{"@id":"https:\/\/eldigitaldeasturias.com\/magazine365\/el-numero-de-peregrinos-coreanos-del-camino-de-santiago-se-duplica-en-los-ultimos-cinco-anos-en-navarra\/#webpage"},"articleSection":"Actualidad Turismo"},{"@type":"BreadcrumbList","@id":"https:\/\/eldigitaldeasturias.com\/magazine365\/el-numero-de-peregrinos-coreanos-del-camino-de-santiago-se-duplica-en-los-ultimos-cinco-anos-en-navarra\/#breadcrumblist","itemListElement":[{"@type":"ListItem","@id":"https:\/\/eldigitaldeasturias.com\/magazine365#listItem","position":1,"name":"Home","item":"https:\/\/eldigitaldeasturias.com\/magazine365","nextItem":{"@type":"ListItem","@id":"https:\/\/eldigitaldeasturias.com\/magazine365\/category\/actualidad-turismo\/#listItem","name":"Actualidad Turismo"}},{"@type":"ListItem","@id":"https:\/\/eldigitaldeasturias.com\/magazine365\/category\/actualidad-turismo\/#listItem","position":2,"name":"Actualidad Turismo","item":"https:\/\/eldigitaldeasturias.com\/magazine365\/category\/actualidad-turismo\/","nextItem":{"@type":"ListItem","@id":"https:\/\/eldigitaldeasturias.com\/magazine365\/el-numero-de-peregrinos-coreanos-del-camino-de-santiago-se-duplica-en-los-ultimos-cinco-anos-en-navarra\/#listItem","name":"El n\u00famero de peregrinos coreanos del Camino de Santiago se duplica en los \u00faltimos cinco a\u00f1os en Navarra"},"previousItem":{"@type":"ListItem","@id":"https:\/\/eldigitaldeasturias.com\/magazine365#listItem","name":"Home"}},{"@type":"ListItem","@id":"https:\/\/eldigitaldeasturias.com\/magazine365\/el-numero-de-peregrinos-coreanos-del-camino-de-santiago-se-duplica-en-los-ultimos-cinco-anos-en-navarra\/#listItem","position":3,"name":"El n\u00famero de peregrinos coreanos del Camino de Santiago se duplica en los \u00faltimos cinco a\u00f1os en Navarra","previousItem":{"@type":"ListItem","@id":"https:\/\/eldigitaldeasturias.com\/magazine365\/category\/actualidad-turismo\/#listItem","name":"Actualidad Turismo"}}]},{"@type":"Organization","@id":"https:\/\/eldigitaldeasturias.com\/magazine365\/#organization","name":"El digital de Asturias","description":"Revista de ocio, turismo y estilo de vida","url":"https:\/\/eldigitaldeasturias.com\/magazine365\/","logo":{"@type":"ImageObject","url":"https:\/\/www.eldigitaldeasturias.com\/noticias\/wp-content\/uploads\/2020\/12\/EDA.jpg","@id":"https:\/\/eldigitaldeasturias.com\/magazine365\/el-numero-de-peregrinos-coreanos-del-camino-de-santiago-se-duplica-en-los-ultimos-cinco-anos-en-navarra\/#organizationLogo"},"image":{"@id":"https:\/\/eldigitaldeasturias.com\/magazine365\/el-numero-de-peregrinos-coreanos-del-camino-de-santiago-se-duplica-en-los-ultimos-cinco-anos-en-navarra\/#organizationLogo"}},{"@type":"Person","@id":"https:\/\/eldigitaldeasturias.com\/magazine365\/author\/admin\/#author","url":"https:\/\/eldigitaldeasturias.com\/magazine365\/author\/admin\/","name":"admin","image":{"@type":"ImageObject","@id":"https:\/\/eldigitaldeasturias.com\/magazine365\/el-numero-de-peregrinos-coreanos-del-camino-de-santiago-se-duplica-en-los-ultimos-cinco-anos-en-navarra\/#authorImage","url":"https:\/\/eldigitaldeasturias.com\/magazine365\/wp-content\/litespeed\/avatar\/e571bcf59a0edd6fa6838245a470f2fe.jpg?ver=1777574230","width":96,"height":96,"caption":"admin"}},{"@type":"WebPage","@id":"https:\/\/eldigitaldeasturias.com\/magazine365\/el-numero-de-peregrinos-coreanos-del-camino-de-santiago-se-duplica-en-los-ultimos-cinco-anos-en-navarra\/#webpage","url":"https:\/\/eldigitaldeasturias.com\/magazine365\/el-numero-de-peregrinos-coreanos-del-camino-de-santiago-se-duplica-en-los-ultimos-cinco-anos-en-navarra\/","name":"El n\u00famero de peregrinos coreanos del Camino de Santiago se duplica en los \u00faltimos cinco a\u00f1os en Navarra | El Digital de Asturias","description":"El consejero de Presidencia, Justicia e Interior del Gobierno de Navarra, Javier Morr\u00e1s, ha mantenido este martes en su despacho una sesi\u00f3n de trabajo con el embajador de la Rep\u00fablica de Corea en Espa\u00f1a, Hee-Kwon Park, sobre temas de seguridad relativos a las personas de este pa\u00eds que realizan el Camino de Santiago, dado que","inLanguage":"es-ES","isPartOf":{"@id":"https:\/\/eldigitaldeasturias.com\/magazine365\/#website"},"breadcrumb":{"@id":"https:\/\/eldigitaldeasturias.com\/magazine365\/el-numero-de-peregrinos-coreanos-del-camino-de-santiago-se-duplica-en-los-ultimos-cinco-anos-en-navarra\/#breadcrumblist"},"author":{"@id":"https:\/\/eldigitaldeasturias.com\/magazine365\/author\/admin\/#author"},"creator":{"@id":"https:\/\/eldigitaldeasturias.com\/magazine365\/author\/admin\/#author"},"image":{"@type":"ImageObject","url":"https:\/\/eldigitaldeasturias.com\/magazine365\/wp-content\/uploads\/2015\/07\/fotonoticia_20150714150730_800.jpg","@id":"https:\/\/eldigitaldeasturias.com\/magazine365\/el-numero-de-peregrinos-coreanos-del-camino-de-santiago-se-duplica-en-los-ultimos-cinco-anos-en-navarra\/#mainImage","width":800,"height":600},"primaryImageOfPage":{"@id":"https:\/\/eldigitaldeasturias.com\/magazine365\/el-numero-de-peregrinos-coreanos-del-camino-de-santiago-se-duplica-en-los-ultimos-cinco-anos-en-navarra\/#mainImage"},"datePublished":"2015-07-15T00:39:52+02:00","dateModified":"2015-07-15T00:39:52+02:00"},{"@type":"WebSite","@id":"https:\/\/eldigitaldeasturias.com\/magazine365\/#website","url":"https:\/\/eldigitaldeasturias.com\/magazine365\/","name":"El Digital de Asturias","description":"Revista de ocio, turismo y estilo de vida","inLanguage":"es-ES","publisher":{"@id":"https:\/\/eldigitaldeasturias.com\/magazine365\/#organization"}}]},"og:locale":"es_ES","og:site_name":"El Digital de Asturias \u2013 Revista de ocio, turismo y estilo de vida","og:type":"article","og:title":"El n\u00famero de peregrinos coreanos del Camino de Santiago se duplica en los \u00faltimos cinco a\u00f1os en Navarra | El Digital de Asturias","og:description":"El consejero de Presidencia, Justicia e Interior del Gobierno de Navarra, Javier Morr\u00e1s, ha mantenido este martes en su despacho una sesi\u00f3n de trabajo con el embajador de la Rep\u00fablica de Corea en Espa\u00f1a, Hee-Kwon Park, sobre temas de seguridad relativos a las personas de este pa\u00eds que realizan el Camino de Santiago, dado que","og:url":"https:\/\/eldigitaldeasturias.com\/magazine365\/el-numero-de-peregrinos-coreanos-del-camino-de-santiago-se-duplica-en-los-ultimos-cinco-anos-en-navarra\/","og:image":"https:\/\/eldigitaldeasturias.com\/magazine365\/wp-content\/uploads\/2015\/07\/fotonoticia_20150714150730_800.jpg","og:image:secure_url":"https:\/\/eldigitaldeasturias.com\/magazine365\/wp-content\/uploads\/2015\/07\/fotonoticia_20150714150730_800.jpg","og:image:width":800,"og:image:height":600,"article:published_time":"2015-07-14T22:39:52+00:00","article:modified_time":"2015-07-14T22:39:52+00:00","twitter:card":"summary_large_image","twitter:title":"El n\u00famero de peregrinos coreanos del Camino de Santiago se duplica en los \u00faltimos cinco a\u00f1os en Navarra | El Digital de Asturias","twitter:description":"El consejero de Presidencia, Justicia e Interior del Gobierno de Navarra, Javier Morr\u00e1s, ha mantenido este martes en su despacho una sesi\u00f3n de trabajo con el embajador de la Rep\u00fablica de Corea en Espa\u00f1a, Hee-Kwon Park, sobre temas de seguridad relativos a las personas de este pa\u00eds que realizan el Camino de Santiago, dado que","twitter:image":"https:\/\/eldigitaldeasturias.com\/magazine365\/wp-content\/uploads\/2015\/07\/fotonoticia_20150714150730_800.jpg"},"aioseo_meta_data":{"post_id":"42666","title":null,"description":null,"keywords":null,"keyphrases":null,"primary_term":null,"canonical_url":null,"og_title":null,"og_description":null,"og_object_type":"default","og_image_type":"default","og_image_url":null,"og_image_width":null,"og_image_height":null,"og_image_custom_url":null,"og_image_custom_fields":null,"og_video":null,"og_custom_url":null,"og_article_section":null,"og_article_tags":null,"twitter_use_og":false,"twitter_card":"default","twitter_image_type":"default","twitter_image_url":null,"twitter_image_custom_url":null,"twitter_image_custom_fields":null,"twitter_title":null,"twitter_description":null,"schema":{"blockGraphs":[],"customGraphs":[],"default":{"data":{"Article":[],"Course":[],"Dataset":[],"FAQPage":[],"Movie":[],"Person":[],"Product":[],"ProductReview":[],"Car":[],"Recipe":[],"Service":[],"SoftwareApplication":[],"WebPage":[]},"graphName":"","isEnabled":true},"graphs":[]},"schema_type":null,"schema_type_options":null,"pillar_content":false,"robots_default":true,"robots_noindex":false,"robots_noarchive":false,"robots_nosnippet":false,"robots_nofollow":false,"robots_noimageindex":false,"robots_noodp":false,"robots_notranslate":false,"robots_max_snippet":null,"robots_max_videopreview":null,"robots_max_imagepreview":"large","priority":null,"frequency":null,"location":null,"local_seo":null,"seo_analyzer_scan_date":"2025-09-19 18:13:08","breadcrumb_settings":null,"limit_modified_date":false,"open_ai":null,"ai":null,"created":"2021-03-09 01:57:46","updated":"2025-09-19 18:13:08"},"aioseo_breadcrumb":"<div class=\"aioseo-breadcrumbs\"><span class=\"aioseo-breadcrumb\">\n\t<a href=\"https:\/\/eldigitaldeasturias.com\/magazine365\" title=\"Home\">Home<\/a>\n<\/span><span class=\"aioseo-breadcrumb-separator\">\u2013<\/span><span class=\"aioseo-breadcrumb\">\n\t<a href=\"https:\/\/eldigitaldeasturias.com\/magazine365\/category\/actualidad-turismo\/\" title=\"Actualidad Turismo\">Actualidad Turismo<\/a>\n<\/span><span class=\"aioseo-breadcrumb-separator\">\u2013<\/span><span class=\"aioseo-breadcrumb\">\n\t<a href=\"https:\/\/eldigitaldeasturias.com\/magazine365\/el-numero-de-peregrinos-coreanos-del-camino-de-santiago-se-duplica-en-los-ultimos-cinco-anos-en-navarra\/\" title=\"El n\u00famero de peregrinos coreanos del Camino de Santiago se duplica en los \u00faltimos cinco a\u00f1os en Navarra\">El n\u00famero de peregrinos coreanos del Camino de Santiago se duplica en los \u00faltimos cinco a\u00f1os en Navarra<\/a>\n<\/span><\/div>","aioseo_breadcrumb_json":[{"label":"Home","link":"https:\/\/eldigitaldeasturias.com\/magazine365"},{"label":"Actualidad Turismo","link":"https:\/\/eldigitaldeasturias.com\/magazine365\/category\/actualidad-turismo\/"},{"label":"El n\u00famero de peregrinos coreanos del Camino de Santiago se duplica en los \u00faltimos cinco a\u00f1os en Navarra","link":"https:\/\/eldigitaldeasturias.com\/magazine365\/el-numero-de-peregrinos-coreanos-del-camino-de-santiago-se-duplica-en-los-ultimos-cinco-anos-en-navarra\/"}],"_links":{"self":[{"href":"https:\/\/eldigitaldeasturias.com\/magazine365\/wp-json\/wp\/v2\/posts\/42666","targetHints":{"allow":["GET"]}}],"collection":[{"href":"https:\/\/eldigitaldeasturias.com\/magazine365\/wp-json\/wp\/v2\/posts"}],"about":[{"href":"https:\/\/eldigitaldeasturias.com\/magazine365\/wp-json\/wp\/v2\/types\/post"}],"author":[{"embeddable":true,"href":"https:\/\/eldigitaldeasturias.com\/magazine365\/wp-json\/wp\/v2\/users\/1"}],"replies":[{"embeddable":true,"href":"https:\/\/eldigitaldeasturias.com\/magazine365\/wp-json\/wp\/v2\/comments?post=42666"}],"version-history":[{"count":0,"href":"https:\/\/eldigitaldeasturias.com\/magazine365\/wp-json\/wp\/v2\/posts\/42666\/revisions"}],"wp:featuredmedia":[{"embeddable":true,"href":"https:\/\/eldigitaldeasturias.com\/magazine365\/wp-json\/wp\/v2\/media\/42667"}],"wp:attachment":[{"href":"https:\/\/eldigitaldeasturias.com\/magazine365\/wp-json\/wp\/v2\/media?parent=42666"}],"wp:term":[{"taxonomy":"category","embeddable":true,"href":"https:\/\/eldigitaldeasturias.com\/magazine365\/wp-json\/wp\/v2\/categories?post=42666"},{"taxonomy":"post_tag","embeddable":true,"href":"https:\/\/eldigitaldeasturias.com\/magazine365\/wp-json\/wp\/v2\/tags?post=42666"}],"curies":[{"name":"wp","href":"https:\/\/api.w.org\/{rel}","templated":true}]}}