{"id":42663,"date":"2015-07-15T00:38:19","date_gmt":"2015-07-14T22:38:19","guid":{"rendered":"http:\/\/eldigitaldeasturias.com\/magazine365\/?p=42663"},"modified":"2015-07-15T00:38:19","modified_gmt":"2015-07-14T22:38:19","slug":"carmona-partidario-de-una-tasa-turistica-siempre-que-se-concierte-con-los-empresarios","status":"publish","type":"post","link":"https:\/\/eldigitaldeasturias.com\/magazine365\/carmona-partidario-de-una-tasa-turistica-siempre-que-se-concierte-con-los-empresarios\/","title":{"rendered":"Carmona, partidario de una tasa tur\u00edstica siempre que se concierte con los empresarios"},"content":{"rendered":"<p><img fetchpriority=\"high\" decoding=\"async\" class=\"alignleft size-medium wp-image-42664\" src=\"https:\/\/eldigitaldeasturias.com\/magazine365\/wp-content\/uploads\/2015\/07\/fotonoticia_20150714143810_800-360x240.jpg\" alt=\"fotonoticia_20150714143810_800\" width=\"360\" height=\"240\" srcset=\"https:\/\/eldigitaldeasturias.com\/magazine365\/wp-content\/uploads\/2015\/07\/fotonoticia_20150714143810_800-360x240.jpg 360w, https:\/\/eldigitaldeasturias.com\/magazine365\/wp-content\/uploads\/2015\/07\/fotonoticia_20150714143810_800-650x433.jpg 650w, https:\/\/eldigitaldeasturias.com\/magazine365\/wp-content\/uploads\/2015\/07\/fotonoticia_20150714143810_800-768x512.jpg 768w, https:\/\/eldigitaldeasturias.com\/magazine365\/wp-content\/uploads\/2015\/07\/fotonoticia_20150714143810_800-150x100.jpg 150w, https:\/\/eldigitaldeasturias.com\/magazine365\/wp-content\/uploads\/2015\/07\/fotonoticia_20150714143810_800-450x300.jpg 450w, https:\/\/eldigitaldeasturias.com\/magazine365\/wp-content\/uploads\/2015\/07\/fotonoticia_20150714143810_800-696x464.jpg 696w, https:\/\/eldigitaldeasturias.com\/magazine365\/wp-content\/uploads\/2015\/07\/fotonoticia_20150714143810_800-630x420.jpg 630w, https:\/\/eldigitaldeasturias.com\/magazine365\/wp-content\/uploads\/2015\/07\/fotonoticia_20150714143810_800-84x55.jpg 84w, https:\/\/eldigitaldeasturias.com\/magazine365\/wp-content\/uploads\/2015\/07\/fotonoticia_20150714143810_800.jpg 800w\" sizes=\"(max-width: 360px) 100vw, 360px\" \/>El portavoz socialista del Ayuntamiento de Madrid, Antonio Miguel Carmona, ha manifestado este martes tras reunirse con el presidente de la Conferaci\u00f3n Empresarial de Madrid (CEIM), Juan Pablo L\u00e1zaro, que es partidario de una tasa tur\u00edstica \u00absiempre que se concierte con los empresarios y sea para promocionar Madrid en el exterior\u00bb.<\/p>\n<p>En declaraciones a los medios, Carmona ha destacado que la tasa supondr\u00eda una cantidad de 16 millones de euros y que si \u00ablos empresarios no quieren gestionar ese dinero, no habr\u00e1 tasa\u00bb. \u00abEstamos a favor de una tasa como en Par\u00eds, Roma o Londres que sea gestionada por una mesa de empresarios, gobierno municipal y agentes econ\u00f3micos y sociales para la promoci\u00f3n de Madrid en el exterior\u00bb, ha destacado el portavoz socialista.<\/p>\n<p>En cuanto al turismo, Carmona ha se\u00f1alado que quiere duplicar el n\u00famero de visitantes tur\u00edsticos en Madrid para que la ciudad pueda convertirse en \u00abcapital mundial del espa\u00f1ol\u00bb. Y para conseguirlo, quieren potenciar la cultura y conseguir una reducci\u00f3n de tasas cinematogr\u00e1ficas.<\/p>\n<p>Otro de los temas sobre los que se ha pronunciado ha sido el de las tasas de los cajeros autom\u00e1ticos. \u00abAl igual que pagan impuestos los peque\u00f1os comerciantes, deber\u00edan pagarlo algunos los bancos por tener un cajero de cara al p\u00fablico\u00bb, ha explicado el portavoz socialista.<\/p>\n","protected":false},"excerpt":{"rendered":"<p>El portavoz socialista del Ayuntamiento de Madrid, Antonio Miguel Carmona, ha manifestado este martes tras reunirse con el presidente de la Conferaci\u00f3n Empresarial de Madrid (CEIM), Juan Pablo L\u00e1zaro, que es partidario de una tasa tur\u00edstica \u00absiempre que se concierte con los empresarios y sea para promocionar Madrid en el exterior\u00bb. En declaraciones a los<\/p>\n","protected":false},"author":1,"featured_media":42664,"comment_status":"open","ping_status":"closed","sticky":false,"template":"","format":"standard","meta":{"footnotes":""},"categories":[222],"tags":[],"class_list":{"0":"post-42663","1":"post","2":"type-post","3":"status-publish","4":"format-standard","5":"has-post-thumbnail","7":"category-actualidad-turismo"},"aioseo_notices":[],"aioseo_head":"\n\t\t<!-- All in One SEO Pro 4.9.6.1 - aioseo.com -->\n\t<meta name=\"description\" content=\"El portavoz socialista del Ayuntamiento de Madrid, Antonio Miguel Carmona, ha manifestado este martes tras reunirse con el presidente de la Conferaci\u00f3n Empresarial de Madrid (CEIM), Juan Pablo L\u00e1zaro, que es partidario de una tasa tur\u00edstica &quot;siempre que se concierte con los empresarios y sea para promocionar Madrid en el exterior&quot;. En declaraciones a los\" \/>\n\t<meta name=\"robots\" content=\"max-image-preview:large\" \/>\n\t<meta name=\"author\" content=\"admin\"\/>\n\t<meta name=\"google-site-verification\" content=\"UA-38556648-1\" \/>\n\t<meta name=\"keywords\" content=\"actualidad turismo\" \/>\n\t<link rel=\"canonical\" href=\"https:\/\/eldigitaldeasturias.com\/magazine365\/carmona-partidario-de-una-tasa-turistica-siempre-que-se-concierte-con-los-empresarios\/\" \/>\n\t<meta name=\"generator\" content=\"All in One SEO Pro (AIOSEO) 4.9.6.1\" \/>\n\t\t<meta property=\"og:locale\" content=\"es_ES\" \/>\n\t\t<meta property=\"og:site_name\" content=\"El Digital de Asturias \u2013 Revista de ocio, turismo y estilo de vida\" \/>\n\t\t<meta property=\"og:type\" content=\"article\" \/>\n\t\t<meta property=\"og:title\" content=\"Carmona, partidario de una tasa tur\u00edstica siempre que se concierte con los empresarios | El Digital de Asturias\" \/>\n\t\t<meta property=\"og:description\" content=\"El portavoz socialista del Ayuntamiento de Madrid, Antonio Miguel Carmona, ha manifestado este martes tras reunirse con el presidente de la Conferaci\u00f3n Empresarial de Madrid (CEIM), Juan Pablo L\u00e1zaro, que es partidario de una tasa tur\u00edstica &quot;siempre que se concierte con los empresarios y sea para promocionar Madrid en el exterior&quot;. En declaraciones a los\" \/>\n\t\t<meta property=\"og:url\" content=\"https:\/\/eldigitaldeasturias.com\/magazine365\/carmona-partidario-de-una-tasa-turistica-siempre-que-se-concierte-con-los-empresarios\/\" \/>\n\t\t<meta property=\"og:image\" content=\"https:\/\/eldigitaldeasturias.com\/magazine365\/wp-content\/uploads\/2015\/07\/fotonoticia_20150714143810_800.jpg\" \/>\n\t\t<meta property=\"og:image:secure_url\" content=\"https:\/\/eldigitaldeasturias.com\/magazine365\/wp-content\/uploads\/2015\/07\/fotonoticia_20150714143810_800.jpg\" \/>\n\t\t<meta property=\"og:image:width\" content=\"800\" \/>\n\t\t<meta property=\"og:image:height\" content=\"533\" \/>\n\t\t<meta property=\"article:published_time\" content=\"2015-07-14T22:38:19+00:00\" \/>\n\t\t<meta property=\"article:modified_time\" content=\"2015-07-14T22:38:19+00:00\" \/>\n\t\t<meta name=\"twitter:card\" content=\"summary_large_image\" \/>\n\t\t<meta name=\"twitter:title\" content=\"Carmona, partidario de una tasa tur\u00edstica siempre que se concierte con los empresarios | El Digital de Asturias\" \/>\n\t\t<meta name=\"twitter:description\" content=\"El portavoz socialista del Ayuntamiento de Madrid, Antonio Miguel Carmona, ha manifestado este martes tras reunirse con el presidente de la Conferaci\u00f3n Empresarial de Madrid (CEIM), Juan Pablo L\u00e1zaro, que es partidario de una tasa tur\u00edstica &quot;siempre que se concierte con los empresarios y sea para promocionar Madrid en el exterior&quot;. En declaraciones a los\" \/>\n\t\t<meta name=\"twitter:image\" content=\"https:\/\/eldigitaldeasturias.com\/magazine365\/wp-content\/uploads\/2015\/07\/fotonoticia_20150714143810_800.jpg\" \/>\n\t\t<script type=\"application\/ld+json\" class=\"aioseo-schema\">\n\t\t\t{\"@context\":\"https:\\\/\\\/schema.org\",\"@graph\":[{\"@type\":\"Article\",\"@id\":\"https:\\\/\\\/eldigitaldeasturias.com\\\/magazine365\\\/carmona-partidario-de-una-tasa-turistica-siempre-que-se-concierte-con-los-empresarios\\\/#article\",\"name\":\"Carmona, partidario de una tasa tur\\u00edstica siempre que se concierte con los empresarios | El Digital de Asturias\",\"headline\":\"Carmona, partidario de una tasa tur\\u00edstica siempre que se concierte con los empresarios\",\"author\":{\"@id\":\"https:\\\/\\\/eldigitaldeasturias.com\\\/magazine365\\\/author\\\/admin\\\/#author\"},\"publisher\":{\"@id\":\"https:\\\/\\\/eldigitaldeasturias.com\\\/magazine365\\\/#organization\"},\"image\":{\"@type\":\"ImageObject\",\"url\":\"https:\\\/\\\/eldigitaldeasturias.com\\\/magazine365\\\/wp-content\\\/uploads\\\/2015\\\/07\\\/fotonoticia_20150714143810_800.jpg\",\"width\":800,\"height\":533},\"datePublished\":\"2015-07-15T00:38:19+02:00\",\"dateModified\":\"2015-07-15T00:38:19+02:00\",\"inLanguage\":\"es-ES\",\"mainEntityOfPage\":{\"@id\":\"https:\\\/\\\/eldigitaldeasturias.com\\\/magazine365\\\/carmona-partidario-de-una-tasa-turistica-siempre-que-se-concierte-con-los-empresarios\\\/#webpage\"},\"isPartOf\":{\"@id\":\"https:\\\/\\\/eldigitaldeasturias.com\\\/magazine365\\\/carmona-partidario-de-una-tasa-turistica-siempre-que-se-concierte-con-los-empresarios\\\/#webpage\"},\"articleSection\":\"Actualidad Turismo\"},{\"@type\":\"BreadcrumbList\",\"@id\":\"https:\\\/\\\/eldigitaldeasturias.com\\\/magazine365\\\/carmona-partidario-de-una-tasa-turistica-siempre-que-se-concierte-con-los-empresarios\\\/#breadcrumblist\",\"itemListElement\":[{\"@type\":\"ListItem\",\"@id\":\"https:\\\/\\\/eldigitaldeasturias.com\\\/magazine365#listItem\",\"position\":1,\"name\":\"Home\",\"item\":\"https:\\\/\\\/eldigitaldeasturias.com\\\/magazine365\",\"nextItem\":{\"@type\":\"ListItem\",\"@id\":\"https:\\\/\\\/eldigitaldeasturias.com\\\/magazine365\\\/category\\\/actualidad-turismo\\\/#listItem\",\"name\":\"Actualidad Turismo\"}},{\"@type\":\"ListItem\",\"@id\":\"https:\\\/\\\/eldigitaldeasturias.com\\\/magazine365\\\/category\\\/actualidad-turismo\\\/#listItem\",\"position\":2,\"name\":\"Actualidad Turismo\",\"item\":\"https:\\\/\\\/eldigitaldeasturias.com\\\/magazine365\\\/category\\\/actualidad-turismo\\\/\",\"nextItem\":{\"@type\":\"ListItem\",\"@id\":\"https:\\\/\\\/eldigitaldeasturias.com\\\/magazine365\\\/carmona-partidario-de-una-tasa-turistica-siempre-que-se-concierte-con-los-empresarios\\\/#listItem\",\"name\":\"Carmona, partidario de una tasa tur\\u00edstica siempre que se concierte con los empresarios\"},\"previousItem\":{\"@type\":\"ListItem\",\"@id\":\"https:\\\/\\\/eldigitaldeasturias.com\\\/magazine365#listItem\",\"name\":\"Home\"}},{\"@type\":\"ListItem\",\"@id\":\"https:\\\/\\\/eldigitaldeasturias.com\\\/magazine365\\\/carmona-partidario-de-una-tasa-turistica-siempre-que-se-concierte-con-los-empresarios\\\/#listItem\",\"position\":3,\"name\":\"Carmona, partidario de una tasa tur\\u00edstica siempre que se concierte con los empresarios\",\"previousItem\":{\"@type\":\"ListItem\",\"@id\":\"https:\\\/\\\/eldigitaldeasturias.com\\\/magazine365\\\/category\\\/actualidad-turismo\\\/#listItem\",\"name\":\"Actualidad Turismo\"}}]},{\"@type\":\"Organization\",\"@id\":\"https:\\\/\\\/eldigitaldeasturias.com\\\/magazine365\\\/#organization\",\"name\":\"El digital de Asturias\",\"description\":\"Revista de ocio, turismo y estilo de vida\",\"url\":\"https:\\\/\\\/eldigitaldeasturias.com\\\/magazine365\\\/\",\"logo\":{\"@type\":\"ImageObject\",\"url\":\"https:\\\/\\\/www.eldigitaldeasturias.com\\\/noticias\\\/wp-content\\\/uploads\\\/2020\\\/12\\\/EDA.jpg\",\"@id\":\"https:\\\/\\\/eldigitaldeasturias.com\\\/magazine365\\\/carmona-partidario-de-una-tasa-turistica-siempre-que-se-concierte-con-los-empresarios\\\/#organizationLogo\"},\"image\":{\"@id\":\"https:\\\/\\\/eldigitaldeasturias.com\\\/magazine365\\\/carmona-partidario-de-una-tasa-turistica-siempre-que-se-concierte-con-los-empresarios\\\/#organizationLogo\"}},{\"@type\":\"Person\",\"@id\":\"https:\\\/\\\/eldigitaldeasturias.com\\\/magazine365\\\/author\\\/admin\\\/#author\",\"url\":\"https:\\\/\\\/eldigitaldeasturias.com\\\/magazine365\\\/author\\\/admin\\\/\",\"name\":\"admin\",\"image\":{\"@type\":\"ImageObject\",\"@id\":\"https:\\\/\\\/eldigitaldeasturias.com\\\/magazine365\\\/carmona-partidario-de-una-tasa-turistica-siempre-que-se-concierte-con-los-empresarios\\\/#authorImage\",\"url\":\"https:\\\/\\\/eldigitaldeasturias.com\\\/magazine365\\\/wp-content\\\/litespeed\\\/avatar\\\/e571bcf59a0edd6fa6838245a470f2fe.jpg?ver=1777574230\",\"width\":96,\"height\":96,\"caption\":\"admin\"}},{\"@type\":\"WebPage\",\"@id\":\"https:\\\/\\\/eldigitaldeasturias.com\\\/magazine365\\\/carmona-partidario-de-una-tasa-turistica-siempre-que-se-concierte-con-los-empresarios\\\/#webpage\",\"url\":\"https:\\\/\\\/eldigitaldeasturias.com\\\/magazine365\\\/carmona-partidario-de-una-tasa-turistica-siempre-que-se-concierte-con-los-empresarios\\\/\",\"name\":\"Carmona, partidario de una tasa tur\\u00edstica siempre que se concierte con los empresarios | El Digital de Asturias\",\"description\":\"El portavoz socialista del Ayuntamiento de Madrid, Antonio Miguel Carmona, ha manifestado este martes tras reunirse con el presidente de la Conferaci\\u00f3n Empresarial de Madrid (CEIM), Juan Pablo L\\u00e1zaro, que es partidario de una tasa tur\\u00edstica \\\"siempre que se concierte con los empresarios y sea para promocionar Madrid en el exterior\\\". En declaraciones a los\",\"inLanguage\":\"es-ES\",\"isPartOf\":{\"@id\":\"https:\\\/\\\/eldigitaldeasturias.com\\\/magazine365\\\/#website\"},\"breadcrumb\":{\"@id\":\"https:\\\/\\\/eldigitaldeasturias.com\\\/magazine365\\\/carmona-partidario-de-una-tasa-turistica-siempre-que-se-concierte-con-los-empresarios\\\/#breadcrumblist\"},\"author\":{\"@id\":\"https:\\\/\\\/eldigitaldeasturias.com\\\/magazine365\\\/author\\\/admin\\\/#author\"},\"creator\":{\"@id\":\"https:\\\/\\\/eldigitaldeasturias.com\\\/magazine365\\\/author\\\/admin\\\/#author\"},\"image\":{\"@type\":\"ImageObject\",\"url\":\"https:\\\/\\\/eldigitaldeasturias.com\\\/magazine365\\\/wp-content\\\/uploads\\\/2015\\\/07\\\/fotonoticia_20150714143810_800.jpg\",\"@id\":\"https:\\\/\\\/eldigitaldeasturias.com\\\/magazine365\\\/carmona-partidario-de-una-tasa-turistica-siempre-que-se-concierte-con-los-empresarios\\\/#mainImage\",\"width\":800,\"height\":533},\"primaryImageOfPage\":{\"@id\":\"https:\\\/\\\/eldigitaldeasturias.com\\\/magazine365\\\/carmona-partidario-de-una-tasa-turistica-siempre-que-se-concierte-con-los-empresarios\\\/#mainImage\"},\"datePublished\":\"2015-07-15T00:38:19+02:00\",\"dateModified\":\"2015-07-15T00:38:19+02:00\"},{\"@type\":\"WebSite\",\"@id\":\"https:\\\/\\\/eldigitaldeasturias.com\\\/magazine365\\\/#website\",\"url\":\"https:\\\/\\\/eldigitaldeasturias.com\\\/magazine365\\\/\",\"name\":\"El Digital de Asturias\",\"description\":\"Revista de ocio, turismo y estilo de vida\",\"inLanguage\":\"es-ES\",\"publisher\":{\"@id\":\"https:\\\/\\\/eldigitaldeasturias.com\\\/magazine365\\\/#organization\"}}]}\n\t\t<\/script>\n\t\t<!-- All in One SEO Pro -->\r\n\t\t<title>Carmona, partidario de una tasa tur\u00edstica siempre que se concierte con los empresarios | El Digital de Asturias<\/title>\n\n","aioseo_head_json":{"title":"Carmona, partidario de una tasa tur\u00edstica siempre que se concierte con los empresarios | El Digital de Asturias","description":"El portavoz socialista del Ayuntamiento de Madrid, Antonio Miguel Carmona, ha manifestado este martes tras reunirse con el presidente de la Conferaci\u00f3n Empresarial de Madrid (CEIM), Juan Pablo L\u00e1zaro, que es partidario de una tasa tur\u00edstica \"siempre que se concierte con los empresarios y sea para promocionar Madrid en el exterior\". En declaraciones a los","canonical_url":"https:\/\/eldigitaldeasturias.com\/magazine365\/carmona-partidario-de-una-tasa-turistica-siempre-que-se-concierte-con-los-empresarios\/","robots":"max-image-preview:large","keywords":"actualidad turismo","webmasterTools":{"google-site-verification":"UA-38556648-1","miscellaneous":""},"schema":{"@context":"https:\/\/schema.org","@graph":[{"@type":"Article","@id":"https:\/\/eldigitaldeasturias.com\/magazine365\/carmona-partidario-de-una-tasa-turistica-siempre-que-se-concierte-con-los-empresarios\/#article","name":"Carmona, partidario de una tasa tur\u00edstica siempre que se concierte con los empresarios | El Digital de Asturias","headline":"Carmona, partidario de una tasa tur\u00edstica siempre que se concierte con los empresarios","author":{"@id":"https:\/\/eldigitaldeasturias.com\/magazine365\/author\/admin\/#author"},"publisher":{"@id":"https:\/\/eldigitaldeasturias.com\/magazine365\/#organization"},"image":{"@type":"ImageObject","url":"https:\/\/eldigitaldeasturias.com\/magazine365\/wp-content\/uploads\/2015\/07\/fotonoticia_20150714143810_800.jpg","width":800,"height":533},"datePublished":"2015-07-15T00:38:19+02:00","dateModified":"2015-07-15T00:38:19+02:00","inLanguage":"es-ES","mainEntityOfPage":{"@id":"https:\/\/eldigitaldeasturias.com\/magazine365\/carmona-partidario-de-una-tasa-turistica-siempre-que-se-concierte-con-los-empresarios\/#webpage"},"isPartOf":{"@id":"https:\/\/eldigitaldeasturias.com\/magazine365\/carmona-partidario-de-una-tasa-turistica-siempre-que-se-concierte-con-los-empresarios\/#webpage"},"articleSection":"Actualidad Turismo"},{"@type":"BreadcrumbList","@id":"https:\/\/eldigitaldeasturias.com\/magazine365\/carmona-partidario-de-una-tasa-turistica-siempre-que-se-concierte-con-los-empresarios\/#breadcrumblist","itemListElement":[{"@type":"ListItem","@id":"https:\/\/eldigitaldeasturias.com\/magazine365#listItem","position":1,"name":"Home","item":"https:\/\/eldigitaldeasturias.com\/magazine365","nextItem":{"@type":"ListItem","@id":"https:\/\/eldigitaldeasturias.com\/magazine365\/category\/actualidad-turismo\/#listItem","name":"Actualidad Turismo"}},{"@type":"ListItem","@id":"https:\/\/eldigitaldeasturias.com\/magazine365\/category\/actualidad-turismo\/#listItem","position":2,"name":"Actualidad Turismo","item":"https:\/\/eldigitaldeasturias.com\/magazine365\/category\/actualidad-turismo\/","nextItem":{"@type":"ListItem","@id":"https:\/\/eldigitaldeasturias.com\/magazine365\/carmona-partidario-de-una-tasa-turistica-siempre-que-se-concierte-con-los-empresarios\/#listItem","name":"Carmona, partidario de una tasa tur\u00edstica siempre que se concierte con los empresarios"},"previousItem":{"@type":"ListItem","@id":"https:\/\/eldigitaldeasturias.com\/magazine365#listItem","name":"Home"}},{"@type":"ListItem","@id":"https:\/\/eldigitaldeasturias.com\/magazine365\/carmona-partidario-de-una-tasa-turistica-siempre-que-se-concierte-con-los-empresarios\/#listItem","position":3,"name":"Carmona, partidario de una tasa tur\u00edstica siempre que se concierte con los empresarios","previousItem":{"@type":"ListItem","@id":"https:\/\/eldigitaldeasturias.com\/magazine365\/category\/actualidad-turismo\/#listItem","name":"Actualidad Turismo"}}]},{"@type":"Organization","@id":"https:\/\/eldigitaldeasturias.com\/magazine365\/#organization","name":"El digital de Asturias","description":"Revista de ocio, turismo y estilo de vida","url":"https:\/\/eldigitaldeasturias.com\/magazine365\/","logo":{"@type":"ImageObject","url":"https:\/\/www.eldigitaldeasturias.com\/noticias\/wp-content\/uploads\/2020\/12\/EDA.jpg","@id":"https:\/\/eldigitaldeasturias.com\/magazine365\/carmona-partidario-de-una-tasa-turistica-siempre-que-se-concierte-con-los-empresarios\/#organizationLogo"},"image":{"@id":"https:\/\/eldigitaldeasturias.com\/magazine365\/carmona-partidario-de-una-tasa-turistica-siempre-que-se-concierte-con-los-empresarios\/#organizationLogo"}},{"@type":"Person","@id":"https:\/\/eldigitaldeasturias.com\/magazine365\/author\/admin\/#author","url":"https:\/\/eldigitaldeasturias.com\/magazine365\/author\/admin\/","name":"admin","image":{"@type":"ImageObject","@id":"https:\/\/eldigitaldeasturias.com\/magazine365\/carmona-partidario-de-una-tasa-turistica-siempre-que-se-concierte-con-los-empresarios\/#authorImage","url":"https:\/\/eldigitaldeasturias.com\/magazine365\/wp-content\/litespeed\/avatar\/e571bcf59a0edd6fa6838245a470f2fe.jpg?ver=1777574230","width":96,"height":96,"caption":"admin"}},{"@type":"WebPage","@id":"https:\/\/eldigitaldeasturias.com\/magazine365\/carmona-partidario-de-una-tasa-turistica-siempre-que-se-concierte-con-los-empresarios\/#webpage","url":"https:\/\/eldigitaldeasturias.com\/magazine365\/carmona-partidario-de-una-tasa-turistica-siempre-que-se-concierte-con-los-empresarios\/","name":"Carmona, partidario de una tasa tur\u00edstica siempre que se concierte con los empresarios | El Digital de Asturias","description":"El portavoz socialista del Ayuntamiento de Madrid, Antonio Miguel Carmona, ha manifestado este martes tras reunirse con el presidente de la Conferaci\u00f3n Empresarial de Madrid (CEIM), Juan Pablo L\u00e1zaro, que es partidario de una tasa tur\u00edstica \"siempre que se concierte con los empresarios y sea para promocionar Madrid en el exterior\". En declaraciones a los","inLanguage":"es-ES","isPartOf":{"@id":"https:\/\/eldigitaldeasturias.com\/magazine365\/#website"},"breadcrumb":{"@id":"https:\/\/eldigitaldeasturias.com\/magazine365\/carmona-partidario-de-una-tasa-turistica-siempre-que-se-concierte-con-los-empresarios\/#breadcrumblist"},"author":{"@id":"https:\/\/eldigitaldeasturias.com\/magazine365\/author\/admin\/#author"},"creator":{"@id":"https:\/\/eldigitaldeasturias.com\/magazine365\/author\/admin\/#author"},"image":{"@type":"ImageObject","url":"https:\/\/eldigitaldeasturias.com\/magazine365\/wp-content\/uploads\/2015\/07\/fotonoticia_20150714143810_800.jpg","@id":"https:\/\/eldigitaldeasturias.com\/magazine365\/carmona-partidario-de-una-tasa-turistica-siempre-que-se-concierte-con-los-empresarios\/#mainImage","width":800,"height":533},"primaryImageOfPage":{"@id":"https:\/\/eldigitaldeasturias.com\/magazine365\/carmona-partidario-de-una-tasa-turistica-siempre-que-se-concierte-con-los-empresarios\/#mainImage"},"datePublished":"2015-07-15T00:38:19+02:00","dateModified":"2015-07-15T00:38:19+02:00"},{"@type":"WebSite","@id":"https:\/\/eldigitaldeasturias.com\/magazine365\/#website","url":"https:\/\/eldigitaldeasturias.com\/magazine365\/","name":"El Digital de Asturias","description":"Revista de ocio, turismo y estilo de vida","inLanguage":"es-ES","publisher":{"@id":"https:\/\/eldigitaldeasturias.com\/magazine365\/#organization"}}]},"og:locale":"es_ES","og:site_name":"El Digital de Asturias \u2013 Revista de ocio, turismo y estilo de vida","og:type":"article","og:title":"Carmona, partidario de una tasa tur\u00edstica siempre que se concierte con los empresarios | El Digital de Asturias","og:description":"El portavoz socialista del Ayuntamiento de Madrid, Antonio Miguel Carmona, ha manifestado este martes tras reunirse con el presidente de la Conferaci\u00f3n Empresarial de Madrid (CEIM), Juan Pablo L\u00e1zaro, que es partidario de una tasa tur\u00edstica &quot;siempre que se concierte con los empresarios y sea para promocionar Madrid en el exterior&quot;. En declaraciones a los","og:url":"https:\/\/eldigitaldeasturias.com\/magazine365\/carmona-partidario-de-una-tasa-turistica-siempre-que-se-concierte-con-los-empresarios\/","og:image":"https:\/\/eldigitaldeasturias.com\/magazine365\/wp-content\/uploads\/2015\/07\/fotonoticia_20150714143810_800.jpg","og:image:secure_url":"https:\/\/eldigitaldeasturias.com\/magazine365\/wp-content\/uploads\/2015\/07\/fotonoticia_20150714143810_800.jpg","og:image:width":800,"og:image:height":533,"article:published_time":"2015-07-14T22:38:19+00:00","article:modified_time":"2015-07-14T22:38:19+00:00","twitter:card":"summary_large_image","twitter:title":"Carmona, partidario de una tasa tur\u00edstica siempre que se concierte con los empresarios | El Digital de Asturias","twitter:description":"El portavoz socialista del Ayuntamiento de Madrid, Antonio Miguel Carmona, ha manifestado este martes tras reunirse con el presidente de la Conferaci\u00f3n Empresarial de Madrid (CEIM), Juan Pablo L\u00e1zaro, que es partidario de una tasa tur\u00edstica &quot;siempre que se concierte con los empresarios y sea para promocionar Madrid en el exterior&quot;. En declaraciones a los","twitter:image":"https:\/\/eldigitaldeasturias.com\/magazine365\/wp-content\/uploads\/2015\/07\/fotonoticia_20150714143810_800.jpg"},"aioseo_meta_data":{"post_id":"42663","title":null,"description":null,"keywords":null,"keyphrases":null,"primary_term":null,"canonical_url":null,"og_title":null,"og_description":null,"og_object_type":"default","og_image_type":"default","og_image_url":null,"og_image_width":null,"og_image_height":null,"og_image_custom_url":null,"og_image_custom_fields":null,"og_video":null,"og_custom_url":null,"og_article_section":null,"og_article_tags":null,"twitter_use_og":false,"twitter_card":"default","twitter_image_type":"default","twitter_image_url":null,"twitter_image_custom_url":null,"twitter_image_custom_fields":null,"twitter_title":null,"twitter_description":null,"schema":{"blockGraphs":[],"customGraphs":[],"default":{"data":{"Article":[],"Course":[],"Dataset":[],"FAQPage":[],"Movie":[],"Person":[],"Product":[],"ProductReview":[],"Car":[],"Recipe":[],"Service":[],"SoftwareApplication":[],"WebPage":[]},"graphName":"","isEnabled":true},"graphs":[],"defaultGraph":"","defaultPostTypeGraph":""},"schema_type":null,"schema_type_options":null,"pillar_content":false,"robots_default":true,"robots_noindex":false,"robots_noarchive":false,"robots_nosnippet":false,"robots_nofollow":false,"robots_noimageindex":false,"robots_noodp":false,"robots_notranslate":false,"robots_max_snippet":null,"robots_max_videopreview":null,"robots_max_imagepreview":"large","priority":null,"frequency":null,"location":null,"local_seo":null,"seo_analyzer_scan_date":"2025-09-19 18:13:07","breadcrumb_settings":null,"limit_modified_date":false,"open_ai":null,"ai":null,"created":"2021-03-09 01:57:46","updated":"2025-09-19 18:13:07"},"aioseo_breadcrumb":"<div class=\"aioseo-breadcrumbs\"><span class=\"aioseo-breadcrumb\">\n\t<a href=\"https:\/\/eldigitaldeasturias.com\/magazine365\" title=\"Home\">Home<\/a>\n<\/span><span class=\"aioseo-breadcrumb-separator\">\u2013<\/span><span class=\"aioseo-breadcrumb\">\n\t<a href=\"https:\/\/eldigitaldeasturias.com\/magazine365\/category\/actualidad-turismo\/\" title=\"Actualidad Turismo\">Actualidad Turismo<\/a>\n<\/span><span class=\"aioseo-breadcrumb-separator\">\u2013<\/span><span class=\"aioseo-breadcrumb\">\n\t<a href=\"https:\/\/eldigitaldeasturias.com\/magazine365\/carmona-partidario-de-una-tasa-turistica-siempre-que-se-concierte-con-los-empresarios\/\" title=\"Carmona, partidario de una tasa tur\u00edstica siempre que se concierte con los empresarios\">Carmona, partidario de una tasa tur\u00edstica siempre que se concierte con los empresarios<\/a>\n<\/span><\/div>","aioseo_breadcrumb_json":[{"label":"Home","link":"https:\/\/eldigitaldeasturias.com\/magazine365"},{"label":"Actualidad Turismo","link":"https:\/\/eldigitaldeasturias.com\/magazine365\/category\/actualidad-turismo\/"},{"label":"Carmona, partidario de una tasa tur\u00edstica siempre que se concierte con los empresarios","link":"https:\/\/eldigitaldeasturias.com\/magazine365\/carmona-partidario-de-una-tasa-turistica-siempre-que-se-concierte-con-los-empresarios\/"}],"_links":{"self":[{"href":"https:\/\/eldigitaldeasturias.com\/magazine365\/wp-json\/wp\/v2\/posts\/42663","targetHints":{"allow":["GET"]}}],"collection":[{"href":"https:\/\/eldigitaldeasturias.com\/magazine365\/wp-json\/wp\/v2\/posts"}],"about":[{"href":"https:\/\/eldigitaldeasturias.com\/magazine365\/wp-json\/wp\/v2\/types\/post"}],"author":[{"embeddable":true,"href":"https:\/\/eldigitaldeasturias.com\/magazine365\/wp-json\/wp\/v2\/users\/1"}],"replies":[{"embeddable":true,"href":"https:\/\/eldigitaldeasturias.com\/magazine365\/wp-json\/wp\/v2\/comments?post=42663"}],"version-history":[{"count":0,"href":"https:\/\/eldigitaldeasturias.com\/magazine365\/wp-json\/wp\/v2\/posts\/42663\/revisions"}],"wp:featuredmedia":[{"embeddable":true,"href":"https:\/\/eldigitaldeasturias.com\/magazine365\/wp-json\/wp\/v2\/media\/42664"}],"wp:attachment":[{"href":"https:\/\/eldigitaldeasturias.com\/magazine365\/wp-json\/wp\/v2\/media?parent=42663"}],"wp:term":[{"taxonomy":"category","embeddable":true,"href":"https:\/\/eldigitaldeasturias.com\/magazine365\/wp-json\/wp\/v2\/categories?post=42663"},{"taxonomy":"post_tag","embeddable":true,"href":"https:\/\/eldigitaldeasturias.com\/magazine365\/wp-json\/wp\/v2\/tags?post=42663"}],"curies":[{"name":"wp","href":"https:\/\/api.w.org\/{rel}","templated":true}]}}