{"id":42660,"date":"2015-07-15T00:36:29","date_gmt":"2015-07-14T22:36:29","guid":{"rendered":"http:\/\/eldigitaldeasturias.com\/magazine365\/?p=42660"},"modified":"2015-07-15T00:36:29","modified_gmt":"2015-07-14T22:36:29","slug":"amadeus-no-preve-que-la-nueva-politica-comercial-de-lufhtansa-le-afecte-significativamente","status":"publish","type":"post","link":"https:\/\/eldigitaldeasturias.com\/magazine365\/amadeus-no-preve-que-la-nueva-politica-comercial-de-lufhtansa-le-afecte-significativamente\/","title":{"rendered":"Amadeus no prev\u00e9 que la nueva pol\u00edtica comercial de Lufhtansa le afecte \u00absignificativamente\u00bb"},"content":{"rendered":"<p><img fetchpriority=\"high\" decoding=\"async\" class=\"alignleft size-medium wp-image-42661\" src=\"https:\/\/eldigitaldeasturias.com\/magazine365\/wp-content\/uploads\/2015\/07\/fotonoticia_20150714143707_800-360x270.jpg\" alt=\"fotonoticia_20150714143707_800\" width=\"360\" height=\"270\" srcset=\"https:\/\/eldigitaldeasturias.com\/magazine365\/wp-content\/uploads\/2015\/07\/fotonoticia_20150714143707_800-360x270.jpg 360w, https:\/\/eldigitaldeasturias.com\/magazine365\/wp-content\/uploads\/2015\/07\/fotonoticia_20150714143707_800-650x488.jpg 650w, https:\/\/eldigitaldeasturias.com\/magazine365\/wp-content\/uploads\/2015\/07\/fotonoticia_20150714143707_800-768x577.jpg 768w, https:\/\/eldigitaldeasturias.com\/magazine365\/wp-content\/uploads\/2015\/07\/fotonoticia_20150714143707_800-150x113.jpg 150w, https:\/\/eldigitaldeasturias.com\/magazine365\/wp-content\/uploads\/2015\/07\/fotonoticia_20150714143707_800-450x338.jpg 450w, https:\/\/eldigitaldeasturias.com\/magazine365\/wp-content\/uploads\/2015\/07\/fotonoticia_20150714143707_800-80x60.jpg 80w, https:\/\/eldigitaldeasturias.com\/magazine365\/wp-content\/uploads\/2015\/07\/fotonoticia_20150714143707_800-265x198.jpg 265w, https:\/\/eldigitaldeasturias.com\/magazine365\/wp-content\/uploads\/2015\/07\/fotonoticia_20150714143707_800-696x523.jpg 696w, https:\/\/eldigitaldeasturias.com\/magazine365\/wp-content\/uploads\/2015\/07\/fotonoticia_20150714143707_800-559x420.jpg 559w, https:\/\/eldigitaldeasturias.com\/magazine365\/wp-content\/uploads\/2015\/07\/fotonoticia_20150714143707_800-90x67.jpg 90w, https:\/\/eldigitaldeasturias.com\/magazine365\/wp-content\/uploads\/2015\/07\/fotonoticia_20150714143707_800-100x75.jpg 100w, https:\/\/eldigitaldeasturias.com\/magazine365\/wp-content\/uploads\/2015\/07\/fotonoticia_20150714143707_800.jpg 800w\" sizes=\"(max-width: 360px) 100vw, 360px\" \/>Amadeus no prev\u00e9 \u00abni a corto ni a medio plazo\u00bb un impacto \u00absignificativo\u00bb por el cambio de pol\u00edtica comercial de Lufthansa, aerol\u00ednea que impondr\u00e1 la tasa adicional de 16 euros en reservas por GDS a partir de septiembre.<\/p>\n<p>La compa\u00f1\u00eda asegur\u00f3 que, a pesar de que Lufhtansa es uno de sus principales clientes, el posible cambio de contrato al reducir los servicios tecnol\u00f3gicos prestados a la compa\u00f1\u00eda a\u00e9rea \u00abno afectar\u00e1 significativamente a la actividad del grupo\u00bb.<\/p>\n<p>Esta afirmaci\u00f3n se respalda en que la empresa se centra tanto en distribuci\u00f3n como en soluciones tecnol\u00f3gicas. La multinacional recalca asimismo que presta servicio a m\u00e1s de 400 aerol\u00edneas, siendo Lufthansa uno de sus clientes.<\/p>\n<p>La proveedora tecnol\u00f3gica ha defendido adem\u00e1s que no puede \u00absolucionar un problema de la industria\u00bb que busca un contacto directo con el cliente frente a la venta directa de las &#8216;low cost&#8217; a trav\u00e9s de sus p\u00e1ginas web.<\/p>\n<p>El director de Estrategia de Marketing de Amadeus, Gianni Pisanello, asegur\u00f3 que \u00ablas agencias de viajes deciden, no vamos a intentar hacer nada, somos un servidor de Lufthansa que quiere ayudarle a desarrollar el sistema\u00bb. As\u00ed lo ha argumentado Pisanello este martes, en un encuentro con los medios celebrado en Madrid.<\/p>\n<p>La Confederaci\u00f3n Espa\u00f1ola de Agencias de Viajes (CEAV), as\u00ed como la Asociaci\u00f3n Europea de Agencias de Viajes (ECTTA), a la que pertenece la Federaci\u00f3n Empresarial de Asociaciones Territoriales de Agencias de Viajes Espa\u00f1olas (Fetave), mostraron su rechazo a la iniciativa de Lufthansa.<\/p>\n<p>Dos tercios de las ventas de Lufthansa se producen a trav\u00e9s de agencias de viajes, seg\u00fan inform\u00f3 la propia compa\u00f1\u00eda a los medios durante la presentaci\u00f3n de su nuevo director en Espa\u00f1a y Portugal el pasado mes de junio.<\/p>\n<p>ECTTA argument\u00f3 que la aplicaci\u00f3n del recargo por reserva \u00abestar\u00eda alterando las reglas del mercado beneficiando de forma arbitraria su propio canal de distribuci\u00f3n en perjuicio de las agencias de viajes y GDS\u00bb.<\/p>\n<p>NEGOCIACI\u00d3N ENTRE PROVEEDORA Y AEROL\u00cdNEA<\/p>\n<p>El grupo alem\u00e1n anunci\u00f3 a principios de junio su decisi\u00f3n de fomentar las reservas directas en su web y est\u00e1 negociando con Amadeus su contrato, empresa con la que est\u00e1 pendiente de renovar por otros cinco a\u00f1os el acuerdo de distribuci\u00f3n.<\/p>\n<p>\u00abNo es una plataforma, es un est\u00e1ndar de comunicaci\u00f3n y estamos a favor de unificar el lenguaje\u00bb inform\u00e1tico para mejorar la distribuci\u00f3n &#8216;online&#8217;, ha explicado Pisanello. \u00abEstamos trabajando con la IATA para que sea posible\u00bb, a\u00f1adi\u00f3.<\/p>\n<p>RECUPERAR LA CALIDAD<\/p>\n<p>Amadeus destac\u00f3 en el encuentro informativo la presi\u00f3n de las aerol\u00edneas europeas que se enfrentan a la competencia de las &#8216;low cost&#8217; y de las \u00e1rabes que ofertan productos &#8216;premium&#8217;, adem\u00e1s de la fragmentaci\u00f3n del precio del billete &#8211;cobro por cada servicio adicional aparte del precio base del pasaje&#8211;.<\/p>\n<p>Por ello, es necesario facilitar la venta a trav\u00e9s de los servicios complementarios o bien mostrando paquetes cerrados, como son los billetes &#8216;flexibles&#8217;.<\/p>\n<p>As\u00ed, la tecnolog\u00eda facilita agilizar las operaciones de posicionamiento, visibilizaci\u00f3n y distribuci\u00f3n del producto, adapt\u00e1ndose al viajero, que en el 50% de casos prefiere ir elegir las opciones en su billete durante la compra &#8211;opciones tales como viajar con mascota, elegir asiento o una maleta adicional&#8211;.<\/p>\n<p>La implementaci\u00f3n de las nuevas tecnolog\u00edas ayuda as\u00ed a que las aerol\u00edneas tradicionales puedan mantener sus ingresos frente a las &#8216;low cost&#8217;, enfoc\u00e1ndose tanto al cliente que s\u00f3lo se fija en el precio como aquel que busca calidad.<\/p>\n<p>As\u00ed, seg\u00fan Amadeus, 63 aerol\u00edneas ingresaron 38.100 millones de d\u00f3lares (34.538 millones de euros) en 2014, con una media de 17,5 d\u00f3lares de ingreso por pasajeros (15,8 euros por pasajero) frente a los cinco d\u00f3lares (4,5 euros) de media de las empresas a\u00e9reas que no recurren a sistemas de merchandising y diferenciaci\u00f3n.<\/p>\n","protected":false},"excerpt":{"rendered":"<p>Amadeus no prev\u00e9 \u00abni a corto ni a medio plazo\u00bb un impacto \u00absignificativo\u00bb por el cambio de pol\u00edtica comercial de Lufthansa, aerol\u00ednea que impondr\u00e1 la tasa adicional de 16 euros en reservas por GDS a partir de septiembre. La compa\u00f1\u00eda asegur\u00f3 que, a pesar de que Lufhtansa es uno de sus principales clientes, el posible<\/p>\n","protected":false},"author":1,"featured_media":42661,"comment_status":"open","ping_status":"closed","sticky":false,"template":"","format":"standard","meta":{"footnotes":""},"categories":[222],"tags":[],"class_list":{"0":"post-42660","1":"post","2":"type-post","3":"status-publish","4":"format-standard","5":"has-post-thumbnail","7":"category-actualidad-turismo"},"aioseo_notices":[],"aioseo_head":"\n\t\t<!-- All in One SEO Pro 4.9.6.1 - aioseo.com -->\n\t<meta name=\"description\" content=\"Amadeus no prev\u00e9 &quot;ni a corto ni a medio plazo&quot; un impacto &quot;significativo&quot; por el cambio de pol\u00edtica comercial de Lufthansa, aerol\u00ednea que impondr\u00e1 la tasa adicional de 16 euros en reservas por GDS a partir de septiembre. La compa\u00f1\u00eda asegur\u00f3 que, a pesar de que Lufhtansa es uno de sus principales clientes, el posible\" \/>\n\t<meta name=\"robots\" content=\"max-image-preview:large\" \/>\n\t<meta name=\"author\" content=\"admin\"\/>\n\t<meta name=\"google-site-verification\" content=\"UA-38556648-1\" \/>\n\t<meta name=\"keywords\" content=\"actualidad turismo\" \/>\n\t<link rel=\"canonical\" href=\"https:\/\/eldigitaldeasturias.com\/magazine365\/amadeus-no-preve-que-la-nueva-politica-comercial-de-lufhtansa-le-afecte-significativamente\/\" \/>\n\t<meta name=\"generator\" content=\"All in One SEO Pro (AIOSEO) 4.9.6.1\" \/>\n\t\t<meta property=\"og:locale\" content=\"es_ES\" \/>\n\t\t<meta property=\"og:site_name\" content=\"El Digital de Asturias \u2013 Revista de ocio, turismo y estilo de vida\" \/>\n\t\t<meta property=\"og:type\" content=\"article\" \/>\n\t\t<meta property=\"og:title\" content=\"Amadeus no prev\u00e9 que la nueva pol\u00edtica comercial de Lufhtansa le afecte \u00absignificativamente\u00bb | El Digital de Asturias\" \/>\n\t\t<meta property=\"og:description\" content=\"Amadeus no prev\u00e9 &quot;ni a corto ni a medio plazo&quot; un impacto &quot;significativo&quot; por el cambio de pol\u00edtica comercial de Lufthansa, aerol\u00ednea que impondr\u00e1 la tasa adicional de 16 euros en reservas por GDS a partir de septiembre. La compa\u00f1\u00eda asegur\u00f3 que, a pesar de que Lufhtansa es uno de sus principales clientes, el posible\" \/>\n\t\t<meta property=\"og:url\" content=\"https:\/\/eldigitaldeasturias.com\/magazine365\/amadeus-no-preve-que-la-nueva-politica-comercial-de-lufhtansa-le-afecte-significativamente\/\" \/>\n\t\t<meta property=\"og:image\" content=\"https:\/\/eldigitaldeasturias.com\/magazine365\/wp-content\/uploads\/2015\/07\/fotonoticia_20150714143707_800.jpg\" \/>\n\t\t<meta property=\"og:image:secure_url\" content=\"https:\/\/eldigitaldeasturias.com\/magazine365\/wp-content\/uploads\/2015\/07\/fotonoticia_20150714143707_800.jpg\" \/>\n\t\t<meta property=\"og:image:width\" content=\"800\" \/>\n\t\t<meta property=\"og:image:height\" content=\"601\" \/>\n\t\t<meta property=\"article:published_time\" content=\"2015-07-14T22:36:29+00:00\" \/>\n\t\t<meta property=\"article:modified_time\" content=\"2015-07-14T22:36:29+00:00\" \/>\n\t\t<meta name=\"twitter:card\" content=\"summary_large_image\" \/>\n\t\t<meta name=\"twitter:title\" content=\"Amadeus no prev\u00e9 que la nueva pol\u00edtica comercial de Lufhtansa le afecte \u00absignificativamente\u00bb | El Digital de Asturias\" \/>\n\t\t<meta name=\"twitter:description\" content=\"Amadeus no prev\u00e9 &quot;ni a corto ni a medio plazo&quot; un impacto &quot;significativo&quot; por el cambio de pol\u00edtica comercial de Lufthansa, aerol\u00ednea que impondr\u00e1 la tasa adicional de 16 euros en reservas por GDS a partir de septiembre. La compa\u00f1\u00eda asegur\u00f3 que, a pesar de que Lufhtansa es uno de sus principales clientes, el posible\" \/>\n\t\t<meta name=\"twitter:image\" content=\"https:\/\/eldigitaldeasturias.com\/magazine365\/wp-content\/uploads\/2015\/07\/fotonoticia_20150714143707_800.jpg\" \/>\n\t\t<script type=\"application\/ld+json\" class=\"aioseo-schema\">\n\t\t\t{\"@context\":\"https:\\\/\\\/schema.org\",\"@graph\":[{\"@type\":\"Article\",\"@id\":\"https:\\\/\\\/eldigitaldeasturias.com\\\/magazine365\\\/amadeus-no-preve-que-la-nueva-politica-comercial-de-lufhtansa-le-afecte-significativamente\\\/#article\",\"name\":\"Amadeus no prev\\u00e9 que la nueva pol\\u00edtica comercial de Lufhtansa le afecte \\u00absignificativamente\\u00bb | El Digital de Asturias\",\"headline\":\"Amadeus no prev\\u00e9 que la nueva pol\\u00edtica comercial de Lufhtansa le afecte \\u00absignificativamente\\u00bb\",\"author\":{\"@id\":\"https:\\\/\\\/eldigitaldeasturias.com\\\/magazine365\\\/author\\\/admin\\\/#author\"},\"publisher\":{\"@id\":\"https:\\\/\\\/eldigitaldeasturias.com\\\/magazine365\\\/#organization\"},\"image\":{\"@type\":\"ImageObject\",\"url\":\"https:\\\/\\\/eldigitaldeasturias.com\\\/magazine365\\\/wp-content\\\/uploads\\\/2015\\\/07\\\/fotonoticia_20150714143707_800.jpg\",\"width\":800,\"height\":601},\"datePublished\":\"2015-07-15T00:36:29+02:00\",\"dateModified\":\"2015-07-15T00:36:29+02:00\",\"inLanguage\":\"es-ES\",\"mainEntityOfPage\":{\"@id\":\"https:\\\/\\\/eldigitaldeasturias.com\\\/magazine365\\\/amadeus-no-preve-que-la-nueva-politica-comercial-de-lufhtansa-le-afecte-significativamente\\\/#webpage\"},\"isPartOf\":{\"@id\":\"https:\\\/\\\/eldigitaldeasturias.com\\\/magazine365\\\/amadeus-no-preve-que-la-nueva-politica-comercial-de-lufhtansa-le-afecte-significativamente\\\/#webpage\"},\"articleSection\":\"Actualidad Turismo\"},{\"@type\":\"BreadcrumbList\",\"@id\":\"https:\\\/\\\/eldigitaldeasturias.com\\\/magazine365\\\/amadeus-no-preve-que-la-nueva-politica-comercial-de-lufhtansa-le-afecte-significativamente\\\/#breadcrumblist\",\"itemListElement\":[{\"@type\":\"ListItem\",\"@id\":\"https:\\\/\\\/eldigitaldeasturias.com\\\/magazine365#listItem\",\"position\":1,\"name\":\"Home\",\"item\":\"https:\\\/\\\/eldigitaldeasturias.com\\\/magazine365\",\"nextItem\":{\"@type\":\"ListItem\",\"@id\":\"https:\\\/\\\/eldigitaldeasturias.com\\\/magazine365\\\/category\\\/actualidad-turismo\\\/#listItem\",\"name\":\"Actualidad Turismo\"}},{\"@type\":\"ListItem\",\"@id\":\"https:\\\/\\\/eldigitaldeasturias.com\\\/magazine365\\\/category\\\/actualidad-turismo\\\/#listItem\",\"position\":2,\"name\":\"Actualidad Turismo\",\"item\":\"https:\\\/\\\/eldigitaldeasturias.com\\\/magazine365\\\/category\\\/actualidad-turismo\\\/\",\"nextItem\":{\"@type\":\"ListItem\",\"@id\":\"https:\\\/\\\/eldigitaldeasturias.com\\\/magazine365\\\/amadeus-no-preve-que-la-nueva-politica-comercial-de-lufhtansa-le-afecte-significativamente\\\/#listItem\",\"name\":\"Amadeus no prev\\u00e9 que la nueva pol\\u00edtica comercial de Lufhtansa le afecte \\u00absignificativamente\\u00bb\"},\"previousItem\":{\"@type\":\"ListItem\",\"@id\":\"https:\\\/\\\/eldigitaldeasturias.com\\\/magazine365#listItem\",\"name\":\"Home\"}},{\"@type\":\"ListItem\",\"@id\":\"https:\\\/\\\/eldigitaldeasturias.com\\\/magazine365\\\/amadeus-no-preve-que-la-nueva-politica-comercial-de-lufhtansa-le-afecte-significativamente\\\/#listItem\",\"position\":3,\"name\":\"Amadeus no prev\\u00e9 que la nueva pol\\u00edtica comercial de Lufhtansa le afecte \\u00absignificativamente\\u00bb\",\"previousItem\":{\"@type\":\"ListItem\",\"@id\":\"https:\\\/\\\/eldigitaldeasturias.com\\\/magazine365\\\/category\\\/actualidad-turismo\\\/#listItem\",\"name\":\"Actualidad Turismo\"}}]},{\"@type\":\"Organization\",\"@id\":\"https:\\\/\\\/eldigitaldeasturias.com\\\/magazine365\\\/#organization\",\"name\":\"El digital de Asturias\",\"description\":\"Revista de ocio, turismo y estilo de vida\",\"url\":\"https:\\\/\\\/eldigitaldeasturias.com\\\/magazine365\\\/\",\"logo\":{\"@type\":\"ImageObject\",\"url\":\"https:\\\/\\\/www.eldigitaldeasturias.com\\\/noticias\\\/wp-content\\\/uploads\\\/2020\\\/12\\\/EDA.jpg\",\"@id\":\"https:\\\/\\\/eldigitaldeasturias.com\\\/magazine365\\\/amadeus-no-preve-que-la-nueva-politica-comercial-de-lufhtansa-le-afecte-significativamente\\\/#organizationLogo\"},\"image\":{\"@id\":\"https:\\\/\\\/eldigitaldeasturias.com\\\/magazine365\\\/amadeus-no-preve-que-la-nueva-politica-comercial-de-lufhtansa-le-afecte-significativamente\\\/#organizationLogo\"}},{\"@type\":\"Person\",\"@id\":\"https:\\\/\\\/eldigitaldeasturias.com\\\/magazine365\\\/author\\\/admin\\\/#author\",\"url\":\"https:\\\/\\\/eldigitaldeasturias.com\\\/magazine365\\\/author\\\/admin\\\/\",\"name\":\"admin\",\"image\":{\"@type\":\"ImageObject\",\"@id\":\"https:\\\/\\\/eldigitaldeasturias.com\\\/magazine365\\\/amadeus-no-preve-que-la-nueva-politica-comercial-de-lufhtansa-le-afecte-significativamente\\\/#authorImage\",\"url\":\"https:\\\/\\\/eldigitaldeasturias.com\\\/magazine365\\\/wp-content\\\/litespeed\\\/avatar\\\/e571bcf59a0edd6fa6838245a470f2fe.jpg?ver=1777574230\",\"width\":96,\"height\":96,\"caption\":\"admin\"}},{\"@type\":\"WebPage\",\"@id\":\"https:\\\/\\\/eldigitaldeasturias.com\\\/magazine365\\\/amadeus-no-preve-que-la-nueva-politica-comercial-de-lufhtansa-le-afecte-significativamente\\\/#webpage\",\"url\":\"https:\\\/\\\/eldigitaldeasturias.com\\\/magazine365\\\/amadeus-no-preve-que-la-nueva-politica-comercial-de-lufhtansa-le-afecte-significativamente\\\/\",\"name\":\"Amadeus no prev\\u00e9 que la nueva pol\\u00edtica comercial de Lufhtansa le afecte \\u00absignificativamente\\u00bb | El Digital de Asturias\",\"description\":\"Amadeus no prev\\u00e9 \\\"ni a corto ni a medio plazo\\\" un impacto \\\"significativo\\\" por el cambio de pol\\u00edtica comercial de Lufthansa, aerol\\u00ednea que impondr\\u00e1 la tasa adicional de 16 euros en reservas por GDS a partir de septiembre. La compa\\u00f1\\u00eda asegur\\u00f3 que, a pesar de que Lufhtansa es uno de sus principales clientes, el posible\",\"inLanguage\":\"es-ES\",\"isPartOf\":{\"@id\":\"https:\\\/\\\/eldigitaldeasturias.com\\\/magazine365\\\/#website\"},\"breadcrumb\":{\"@id\":\"https:\\\/\\\/eldigitaldeasturias.com\\\/magazine365\\\/amadeus-no-preve-que-la-nueva-politica-comercial-de-lufhtansa-le-afecte-significativamente\\\/#breadcrumblist\"},\"author\":{\"@id\":\"https:\\\/\\\/eldigitaldeasturias.com\\\/magazine365\\\/author\\\/admin\\\/#author\"},\"creator\":{\"@id\":\"https:\\\/\\\/eldigitaldeasturias.com\\\/magazine365\\\/author\\\/admin\\\/#author\"},\"image\":{\"@type\":\"ImageObject\",\"url\":\"https:\\\/\\\/eldigitaldeasturias.com\\\/magazine365\\\/wp-content\\\/uploads\\\/2015\\\/07\\\/fotonoticia_20150714143707_800.jpg\",\"@id\":\"https:\\\/\\\/eldigitaldeasturias.com\\\/magazine365\\\/amadeus-no-preve-que-la-nueva-politica-comercial-de-lufhtansa-le-afecte-significativamente\\\/#mainImage\",\"width\":800,\"height\":601},\"primaryImageOfPage\":{\"@id\":\"https:\\\/\\\/eldigitaldeasturias.com\\\/magazine365\\\/amadeus-no-preve-que-la-nueva-politica-comercial-de-lufhtansa-le-afecte-significativamente\\\/#mainImage\"},\"datePublished\":\"2015-07-15T00:36:29+02:00\",\"dateModified\":\"2015-07-15T00:36:29+02:00\"},{\"@type\":\"WebSite\",\"@id\":\"https:\\\/\\\/eldigitaldeasturias.com\\\/magazine365\\\/#website\",\"url\":\"https:\\\/\\\/eldigitaldeasturias.com\\\/magazine365\\\/\",\"name\":\"El Digital de Asturias\",\"description\":\"Revista de ocio, turismo y estilo de vida\",\"inLanguage\":\"es-ES\",\"publisher\":{\"@id\":\"https:\\\/\\\/eldigitaldeasturias.com\\\/magazine365\\\/#organization\"}}]}\n\t\t<\/script>\n\t\t<!-- All in One SEO Pro -->\r\n\t\t<title>Amadeus no prev\u00e9 que la nueva pol\u00edtica comercial de Lufhtansa le afecte \u00absignificativamente\u00bb | El Digital de Asturias<\/title>\n\n","aioseo_head_json":{"title":"Amadeus no prev\u00e9 que la nueva pol\u00edtica comercial de Lufhtansa le afecte \u00absignificativamente\u00bb | El Digital de Asturias","description":"Amadeus no prev\u00e9 \"ni a corto ni a medio plazo\" un impacto \"significativo\" por el cambio de pol\u00edtica comercial de Lufthansa, aerol\u00ednea que impondr\u00e1 la tasa adicional de 16 euros en reservas por GDS a partir de septiembre. La compa\u00f1\u00eda asegur\u00f3 que, a pesar de que Lufhtansa es uno de sus principales clientes, el posible","canonical_url":"https:\/\/eldigitaldeasturias.com\/magazine365\/amadeus-no-preve-que-la-nueva-politica-comercial-de-lufhtansa-le-afecte-significativamente\/","robots":"max-image-preview:large","keywords":"actualidad turismo","webmasterTools":{"google-site-verification":"UA-38556648-1","miscellaneous":""},"schema":{"@context":"https:\/\/schema.org","@graph":[{"@type":"Article","@id":"https:\/\/eldigitaldeasturias.com\/magazine365\/amadeus-no-preve-que-la-nueva-politica-comercial-de-lufhtansa-le-afecte-significativamente\/#article","name":"Amadeus no prev\u00e9 que la nueva pol\u00edtica comercial de Lufhtansa le afecte \u00absignificativamente\u00bb | El Digital de Asturias","headline":"Amadeus no prev\u00e9 que la nueva pol\u00edtica comercial de Lufhtansa le afecte \u00absignificativamente\u00bb","author":{"@id":"https:\/\/eldigitaldeasturias.com\/magazine365\/author\/admin\/#author"},"publisher":{"@id":"https:\/\/eldigitaldeasturias.com\/magazine365\/#organization"},"image":{"@type":"ImageObject","url":"https:\/\/eldigitaldeasturias.com\/magazine365\/wp-content\/uploads\/2015\/07\/fotonoticia_20150714143707_800.jpg","width":800,"height":601},"datePublished":"2015-07-15T00:36:29+02:00","dateModified":"2015-07-15T00:36:29+02:00","inLanguage":"es-ES","mainEntityOfPage":{"@id":"https:\/\/eldigitaldeasturias.com\/magazine365\/amadeus-no-preve-que-la-nueva-politica-comercial-de-lufhtansa-le-afecte-significativamente\/#webpage"},"isPartOf":{"@id":"https:\/\/eldigitaldeasturias.com\/magazine365\/amadeus-no-preve-que-la-nueva-politica-comercial-de-lufhtansa-le-afecte-significativamente\/#webpage"},"articleSection":"Actualidad Turismo"},{"@type":"BreadcrumbList","@id":"https:\/\/eldigitaldeasturias.com\/magazine365\/amadeus-no-preve-que-la-nueva-politica-comercial-de-lufhtansa-le-afecte-significativamente\/#breadcrumblist","itemListElement":[{"@type":"ListItem","@id":"https:\/\/eldigitaldeasturias.com\/magazine365#listItem","position":1,"name":"Home","item":"https:\/\/eldigitaldeasturias.com\/magazine365","nextItem":{"@type":"ListItem","@id":"https:\/\/eldigitaldeasturias.com\/magazine365\/category\/actualidad-turismo\/#listItem","name":"Actualidad Turismo"}},{"@type":"ListItem","@id":"https:\/\/eldigitaldeasturias.com\/magazine365\/category\/actualidad-turismo\/#listItem","position":2,"name":"Actualidad Turismo","item":"https:\/\/eldigitaldeasturias.com\/magazine365\/category\/actualidad-turismo\/","nextItem":{"@type":"ListItem","@id":"https:\/\/eldigitaldeasturias.com\/magazine365\/amadeus-no-preve-que-la-nueva-politica-comercial-de-lufhtansa-le-afecte-significativamente\/#listItem","name":"Amadeus no prev\u00e9 que la nueva pol\u00edtica comercial de Lufhtansa le afecte \u00absignificativamente\u00bb"},"previousItem":{"@type":"ListItem","@id":"https:\/\/eldigitaldeasturias.com\/magazine365#listItem","name":"Home"}},{"@type":"ListItem","@id":"https:\/\/eldigitaldeasturias.com\/magazine365\/amadeus-no-preve-que-la-nueva-politica-comercial-de-lufhtansa-le-afecte-significativamente\/#listItem","position":3,"name":"Amadeus no prev\u00e9 que la nueva pol\u00edtica comercial de Lufhtansa le afecte \u00absignificativamente\u00bb","previousItem":{"@type":"ListItem","@id":"https:\/\/eldigitaldeasturias.com\/magazine365\/category\/actualidad-turismo\/#listItem","name":"Actualidad Turismo"}}]},{"@type":"Organization","@id":"https:\/\/eldigitaldeasturias.com\/magazine365\/#organization","name":"El digital de Asturias","description":"Revista de ocio, turismo y estilo de vida","url":"https:\/\/eldigitaldeasturias.com\/magazine365\/","logo":{"@type":"ImageObject","url":"https:\/\/www.eldigitaldeasturias.com\/noticias\/wp-content\/uploads\/2020\/12\/EDA.jpg","@id":"https:\/\/eldigitaldeasturias.com\/magazine365\/amadeus-no-preve-que-la-nueva-politica-comercial-de-lufhtansa-le-afecte-significativamente\/#organizationLogo"},"image":{"@id":"https:\/\/eldigitaldeasturias.com\/magazine365\/amadeus-no-preve-que-la-nueva-politica-comercial-de-lufhtansa-le-afecte-significativamente\/#organizationLogo"}},{"@type":"Person","@id":"https:\/\/eldigitaldeasturias.com\/magazine365\/author\/admin\/#author","url":"https:\/\/eldigitaldeasturias.com\/magazine365\/author\/admin\/","name":"admin","image":{"@type":"ImageObject","@id":"https:\/\/eldigitaldeasturias.com\/magazine365\/amadeus-no-preve-que-la-nueva-politica-comercial-de-lufhtansa-le-afecte-significativamente\/#authorImage","url":"https:\/\/eldigitaldeasturias.com\/magazine365\/wp-content\/litespeed\/avatar\/e571bcf59a0edd6fa6838245a470f2fe.jpg?ver=1777574230","width":96,"height":96,"caption":"admin"}},{"@type":"WebPage","@id":"https:\/\/eldigitaldeasturias.com\/magazine365\/amadeus-no-preve-que-la-nueva-politica-comercial-de-lufhtansa-le-afecte-significativamente\/#webpage","url":"https:\/\/eldigitaldeasturias.com\/magazine365\/amadeus-no-preve-que-la-nueva-politica-comercial-de-lufhtansa-le-afecte-significativamente\/","name":"Amadeus no prev\u00e9 que la nueva pol\u00edtica comercial de Lufhtansa le afecte \u00absignificativamente\u00bb | El Digital de Asturias","description":"Amadeus no prev\u00e9 \"ni a corto ni a medio plazo\" un impacto \"significativo\" por el cambio de pol\u00edtica comercial de Lufthansa, aerol\u00ednea que impondr\u00e1 la tasa adicional de 16 euros en reservas por GDS a partir de septiembre. La compa\u00f1\u00eda asegur\u00f3 que, a pesar de que Lufhtansa es uno de sus principales clientes, el posible","inLanguage":"es-ES","isPartOf":{"@id":"https:\/\/eldigitaldeasturias.com\/magazine365\/#website"},"breadcrumb":{"@id":"https:\/\/eldigitaldeasturias.com\/magazine365\/amadeus-no-preve-que-la-nueva-politica-comercial-de-lufhtansa-le-afecte-significativamente\/#breadcrumblist"},"author":{"@id":"https:\/\/eldigitaldeasturias.com\/magazine365\/author\/admin\/#author"},"creator":{"@id":"https:\/\/eldigitaldeasturias.com\/magazine365\/author\/admin\/#author"},"image":{"@type":"ImageObject","url":"https:\/\/eldigitaldeasturias.com\/magazine365\/wp-content\/uploads\/2015\/07\/fotonoticia_20150714143707_800.jpg","@id":"https:\/\/eldigitaldeasturias.com\/magazine365\/amadeus-no-preve-que-la-nueva-politica-comercial-de-lufhtansa-le-afecte-significativamente\/#mainImage","width":800,"height":601},"primaryImageOfPage":{"@id":"https:\/\/eldigitaldeasturias.com\/magazine365\/amadeus-no-preve-que-la-nueva-politica-comercial-de-lufhtansa-le-afecte-significativamente\/#mainImage"},"datePublished":"2015-07-15T00:36:29+02:00","dateModified":"2015-07-15T00:36:29+02:00"},{"@type":"WebSite","@id":"https:\/\/eldigitaldeasturias.com\/magazine365\/#website","url":"https:\/\/eldigitaldeasturias.com\/magazine365\/","name":"El Digital de Asturias","description":"Revista de ocio, turismo y estilo de vida","inLanguage":"es-ES","publisher":{"@id":"https:\/\/eldigitaldeasturias.com\/magazine365\/#organization"}}]},"og:locale":"es_ES","og:site_name":"El Digital de Asturias \u2013 Revista de ocio, turismo y estilo de vida","og:type":"article","og:title":"Amadeus no prev\u00e9 que la nueva pol\u00edtica comercial de Lufhtansa le afecte \u00absignificativamente\u00bb | El Digital de Asturias","og:description":"Amadeus no prev\u00e9 &quot;ni a corto ni a medio plazo&quot; un impacto &quot;significativo&quot; por el cambio de pol\u00edtica comercial de Lufthansa, aerol\u00ednea que impondr\u00e1 la tasa adicional de 16 euros en reservas por GDS a partir de septiembre. La compa\u00f1\u00eda asegur\u00f3 que, a pesar de que Lufhtansa es uno de sus principales clientes, el posible","og:url":"https:\/\/eldigitaldeasturias.com\/magazine365\/amadeus-no-preve-que-la-nueva-politica-comercial-de-lufhtansa-le-afecte-significativamente\/","og:image":"https:\/\/eldigitaldeasturias.com\/magazine365\/wp-content\/uploads\/2015\/07\/fotonoticia_20150714143707_800.jpg","og:image:secure_url":"https:\/\/eldigitaldeasturias.com\/magazine365\/wp-content\/uploads\/2015\/07\/fotonoticia_20150714143707_800.jpg","og:image:width":800,"og:image:height":601,"article:published_time":"2015-07-14T22:36:29+00:00","article:modified_time":"2015-07-14T22:36:29+00:00","twitter:card":"summary_large_image","twitter:title":"Amadeus no prev\u00e9 que la nueva pol\u00edtica comercial de Lufhtansa le afecte \u00absignificativamente\u00bb | El Digital de Asturias","twitter:description":"Amadeus no prev\u00e9 &quot;ni a corto ni a medio plazo&quot; un impacto &quot;significativo&quot; por el cambio de pol\u00edtica comercial de Lufthansa, aerol\u00ednea que impondr\u00e1 la tasa adicional de 16 euros en reservas por GDS a partir de septiembre. La compa\u00f1\u00eda asegur\u00f3 que, a pesar de que Lufhtansa es uno de sus principales clientes, el posible","twitter:image":"https:\/\/eldigitaldeasturias.com\/magazine365\/wp-content\/uploads\/2015\/07\/fotonoticia_20150714143707_800.jpg"},"aioseo_meta_data":{"post_id":"42660","title":null,"description":null,"keywords":null,"keyphrases":null,"primary_term":null,"canonical_url":null,"og_title":null,"og_description":null,"og_object_type":"default","og_image_type":"default","og_image_url":null,"og_image_width":null,"og_image_height":null,"og_image_custom_url":null,"og_image_custom_fields":null,"og_video":null,"og_custom_url":null,"og_article_section":null,"og_article_tags":null,"twitter_use_og":false,"twitter_card":"default","twitter_image_type":"default","twitter_image_url":null,"twitter_image_custom_url":null,"twitter_image_custom_fields":null,"twitter_title":null,"twitter_description":null,"schema":{"blockGraphs":[],"customGraphs":[],"default":{"data":{"Article":[],"Course":[],"Dataset":[],"FAQPage":[],"Movie":[],"Person":[],"Product":[],"ProductReview":[],"Car":[],"Recipe":[],"Service":[],"SoftwareApplication":[],"WebPage":[]},"graphName":"","isEnabled":true},"graphs":[],"defaultGraph":"","defaultPostTypeGraph":""},"schema_type":null,"schema_type_options":null,"pillar_content":false,"robots_default":true,"robots_noindex":false,"robots_noarchive":false,"robots_nosnippet":false,"robots_nofollow":false,"robots_noimageindex":false,"robots_noodp":false,"robots_notranslate":false,"robots_max_snippet":null,"robots_max_videopreview":null,"robots_max_imagepreview":"large","priority":null,"frequency":null,"location":null,"local_seo":null,"seo_analyzer_scan_date":"2025-09-19 18:13:06","breadcrumb_settings":null,"limit_modified_date":false,"open_ai":null,"ai":null,"created":"2021-03-09 01:57:46","updated":"2025-09-19 18:13:06"},"aioseo_breadcrumb":"<div class=\"aioseo-breadcrumbs\"><span class=\"aioseo-breadcrumb\">\n\t<a href=\"https:\/\/eldigitaldeasturias.com\/magazine365\" title=\"Home\">Home<\/a>\n<\/span><span class=\"aioseo-breadcrumb-separator\">\u2013<\/span><span class=\"aioseo-breadcrumb\">\n\t<a href=\"https:\/\/eldigitaldeasturias.com\/magazine365\/category\/actualidad-turismo\/\" title=\"Actualidad Turismo\">Actualidad Turismo<\/a>\n<\/span><span class=\"aioseo-breadcrumb-separator\">\u2013<\/span><span class=\"aioseo-breadcrumb\">\n\t<a href=\"https:\/\/eldigitaldeasturias.com\/magazine365\/amadeus-no-preve-que-la-nueva-politica-comercial-de-lufhtansa-le-afecte-significativamente\/\" title=\"Amadeus no prev\u00e9 que la nueva pol\u00edtica comercial de Lufhtansa le afecte \u00absignificativamente\u00bb\">Amadeus no prev\u00e9 que la nueva pol\u00edtica comercial de Lufhtansa le afecte \u00absignificativamente\u00bb<\/a>\n<\/span><\/div>","aioseo_breadcrumb_json":[{"label":"Home","link":"https:\/\/eldigitaldeasturias.com\/magazine365"},{"label":"Actualidad Turismo","link":"https:\/\/eldigitaldeasturias.com\/magazine365\/category\/actualidad-turismo\/"},{"label":"Amadeus no prev\u00e9 que la nueva pol\u00edtica comercial de Lufhtansa le afecte \u00absignificativamente\u00bb","link":"https:\/\/eldigitaldeasturias.com\/magazine365\/amadeus-no-preve-que-la-nueva-politica-comercial-de-lufhtansa-le-afecte-significativamente\/"}],"_links":{"self":[{"href":"https:\/\/eldigitaldeasturias.com\/magazine365\/wp-json\/wp\/v2\/posts\/42660","targetHints":{"allow":["GET"]}}],"collection":[{"href":"https:\/\/eldigitaldeasturias.com\/magazine365\/wp-json\/wp\/v2\/posts"}],"about":[{"href":"https:\/\/eldigitaldeasturias.com\/magazine365\/wp-json\/wp\/v2\/types\/post"}],"author":[{"embeddable":true,"href":"https:\/\/eldigitaldeasturias.com\/magazine365\/wp-json\/wp\/v2\/users\/1"}],"replies":[{"embeddable":true,"href":"https:\/\/eldigitaldeasturias.com\/magazine365\/wp-json\/wp\/v2\/comments?post=42660"}],"version-history":[{"count":0,"href":"https:\/\/eldigitaldeasturias.com\/magazine365\/wp-json\/wp\/v2\/posts\/42660\/revisions"}],"wp:featuredmedia":[{"embeddable":true,"href":"https:\/\/eldigitaldeasturias.com\/magazine365\/wp-json\/wp\/v2\/media\/42661"}],"wp:attachment":[{"href":"https:\/\/eldigitaldeasturias.com\/magazine365\/wp-json\/wp\/v2\/media?parent=42660"}],"wp:term":[{"taxonomy":"category","embeddable":true,"href":"https:\/\/eldigitaldeasturias.com\/magazine365\/wp-json\/wp\/v2\/categories?post=42660"},{"taxonomy":"post_tag","embeddable":true,"href":"https:\/\/eldigitaldeasturias.com\/magazine365\/wp-json\/wp\/v2\/tags?post=42660"}],"curies":[{"name":"wp","href":"https:\/\/api.w.org\/{rel}","templated":true}]}}