{"id":42657,"date":"2015-07-15T00:33:32","date_gmt":"2015-07-14T22:33:32","guid":{"rendered":"http:\/\/eldigitaldeasturias.com\/magazine365\/?p=42657"},"modified":"2015-07-15T00:33:32","modified_gmt":"2015-07-14T22:33:32","slug":"el-hotel-granada-center-galardonado-en-los-premios-prestigio-turistico","status":"publish","type":"post","link":"https:\/\/eldigitaldeasturias.com\/magazine365\/el-hotel-granada-center-galardonado-en-los-premios-prestigio-turistico\/","title":{"rendered":"El Hotel Granada Center, galardonado en los premios &#8216;Prestigio Tur\u00edstico&#8217;"},"content":{"rendered":"<p><img fetchpriority=\"high\" decoding=\"async\" class=\"alignleft size-medium wp-image-42658\" src=\"https:\/\/eldigitaldeasturias.com\/magazine365\/wp-content\/uploads\/2015\/07\/fotonoticia_20150714143259_800-360x237.jpg\" alt=\"fotonoticia_20150714143259_800\" width=\"360\" height=\"237\" srcset=\"https:\/\/eldigitaldeasturias.com\/magazine365\/wp-content\/uploads\/2015\/07\/fotonoticia_20150714143259_800-360x237.jpg 360w, https:\/\/eldigitaldeasturias.com\/magazine365\/wp-content\/uploads\/2015\/07\/fotonoticia_20150714143259_800-650x428.jpg 650w, https:\/\/eldigitaldeasturias.com\/magazine365\/wp-content\/uploads\/2015\/07\/fotonoticia_20150714143259_800-768x506.jpg 768w, https:\/\/eldigitaldeasturias.com\/magazine365\/wp-content\/uploads\/2015\/07\/fotonoticia_20150714143259_800-150x99.jpg 150w, https:\/\/eldigitaldeasturias.com\/magazine365\/wp-content\/uploads\/2015\/07\/fotonoticia_20150714143259_800-450x296.jpg 450w, https:\/\/eldigitaldeasturias.com\/magazine365\/wp-content\/uploads\/2015\/07\/fotonoticia_20150714143259_800-696x458.jpg 696w, https:\/\/eldigitaldeasturias.com\/magazine365\/wp-content\/uploads\/2015\/07\/fotonoticia_20150714143259_800-741x486.jpg 741w, https:\/\/eldigitaldeasturias.com\/magazine365\/wp-content\/uploads\/2015\/07\/fotonoticia_20150714143259_800-638x420.jpg 638w, https:\/\/eldigitaldeasturias.com\/magazine365\/wp-content\/uploads\/2015\/07\/fotonoticia_20150714143259_800-84x55.jpg 84w, https:\/\/eldigitaldeasturias.com\/magazine365\/wp-content\/uploads\/2015\/07\/fotonoticia_20150714143259_800.jpg 800w\" sizes=\"(max-width: 360px) 100vw, 360px\" \/>El Hotel Granada Center ha sido galardonado con el primer premio en la categor\u00eda &#8216;Hospedajes&#8217; de los premios &#8216;Prestigio Tur\u00edstico&#8217; de Granada, seg\u00fan ha informado la compa\u00f1\u00eda en un comunicado.<\/p>\n<p>El establecimiento, perteneciente a la Cadena Hoteles Center, ha conseguido la menci\u00f3n por su consolidaci\u00f3n como establecimiento hotelero de referencia y su adaptaci\u00f3n y mejora de todas las instalaciones.<\/p>\n<p>El Palacio de los C\u00f3rdova de Granada ha sido testigo de la entrega estos premios, que cada a\u00f1o distinguen a las personalidades e instituciones que \u00abengrandecen\u00bb la imagen de la ciudad y colaboran en su promoci\u00f3n tur\u00edstica.<\/p>\n<p>El hotel, que abri\u00f3 sus puertas en el a\u00f1o 1992, dispone de un total de 169 habitaciones a la medida del cliente m\u00e1s \u00abexigente\u00bb, que encontrar\u00e1 un espacio \u00abelegante\u00bb a la par que \u00abpr\u00e1ctico\u00bb, d\u00f3nde el comfort y el descanso son las premisas b\u00e1sicas.<\/p>\n","protected":false},"excerpt":{"rendered":"<p>El Hotel Granada Center ha sido galardonado con el primer premio en la categor\u00eda &#8216;Hospedajes&#8217; de los premios &#8216;Prestigio Tur\u00edstico&#8217; de Granada, seg\u00fan ha informado la compa\u00f1\u00eda en un comunicado. El establecimiento, perteneciente a la Cadena Hoteles Center, ha conseguido la menci\u00f3n por su consolidaci\u00f3n como establecimiento hotelero de referencia y su adaptaci\u00f3n y mejora<\/p>\n","protected":false},"author":1,"featured_media":42658,"comment_status":"open","ping_status":"closed","sticky":false,"template":"","format":"standard","meta":{"footnotes":""},"categories":[222],"tags":[],"class_list":{"0":"post-42657","1":"post","2":"type-post","3":"status-publish","4":"format-standard","5":"has-post-thumbnail","7":"category-actualidad-turismo"},"aioseo_notices":[],"aioseo_head":"\n\t\t<!-- All in One SEO Pro 4.9.6.1 - aioseo.com -->\n\t<meta name=\"description\" content=\"El Hotel Granada Center ha sido galardonado con el primer premio en la categor\u00eda &#039;Hospedajes&#039; de los premios &#039;Prestigio Tur\u00edstico&#039; de Granada, seg\u00fan ha informado la compa\u00f1\u00eda en un comunicado. El establecimiento, perteneciente a la Cadena Hoteles Center, ha conseguido la menci\u00f3n por su consolidaci\u00f3n como establecimiento hotelero de referencia y su adaptaci\u00f3n y mejora\" \/>\n\t<meta name=\"robots\" content=\"max-image-preview:large\" \/>\n\t<meta name=\"author\" content=\"admin\"\/>\n\t<meta name=\"google-site-verification\" content=\"UA-38556648-1\" \/>\n\t<meta name=\"keywords\" content=\"actualidad turismo\" \/>\n\t<link rel=\"canonical\" href=\"https:\/\/eldigitaldeasturias.com\/magazine365\/el-hotel-granada-center-galardonado-en-los-premios-prestigio-turistico\/\" \/>\n\t<meta name=\"generator\" content=\"All in One SEO Pro (AIOSEO) 4.9.6.1\" \/>\n\t\t<meta property=\"og:locale\" content=\"es_ES\" \/>\n\t\t<meta property=\"og:site_name\" content=\"El Digital de Asturias \u2013 Revista de ocio, turismo y estilo de vida\" \/>\n\t\t<meta property=\"og:type\" content=\"article\" \/>\n\t\t<meta property=\"og:title\" content=\"El Hotel Granada Center, galardonado en los premios \u2018Prestigio Tur\u00edstico\u2019 | El Digital de Asturias\" \/>\n\t\t<meta property=\"og:description\" content=\"El Hotel Granada Center ha sido galardonado con el primer premio en la categor\u00eda &#039;Hospedajes&#039; de los premios &#039;Prestigio Tur\u00edstico&#039; de Granada, seg\u00fan ha informado la compa\u00f1\u00eda en un comunicado. El establecimiento, perteneciente a la Cadena Hoteles Center, ha conseguido la menci\u00f3n por su consolidaci\u00f3n como establecimiento hotelero de referencia y su adaptaci\u00f3n y mejora\" \/>\n\t\t<meta property=\"og:url\" content=\"https:\/\/eldigitaldeasturias.com\/magazine365\/el-hotel-granada-center-galardonado-en-los-premios-prestigio-turistico\/\" \/>\n\t\t<meta property=\"og:image\" content=\"https:\/\/eldigitaldeasturias.com\/magazine365\/wp-content\/uploads\/2015\/07\/fotonoticia_20150714143259_800.jpg\" \/>\n\t\t<meta property=\"og:image:secure_url\" content=\"https:\/\/eldigitaldeasturias.com\/magazine365\/wp-content\/uploads\/2015\/07\/fotonoticia_20150714143259_800.jpg\" \/>\n\t\t<meta property=\"og:image:width\" content=\"800\" \/>\n\t\t<meta property=\"og:image:height\" content=\"527\" \/>\n\t\t<meta property=\"article:published_time\" content=\"2015-07-14T22:33:32+00:00\" \/>\n\t\t<meta property=\"article:modified_time\" content=\"2015-07-14T22:33:32+00:00\" \/>\n\t\t<meta name=\"twitter:card\" content=\"summary_large_image\" \/>\n\t\t<meta name=\"twitter:title\" content=\"El Hotel Granada Center, galardonado en los premios \u2018Prestigio Tur\u00edstico\u2019 | El Digital de Asturias\" \/>\n\t\t<meta name=\"twitter:description\" content=\"El Hotel Granada Center ha sido galardonado con el primer premio en la categor\u00eda &#039;Hospedajes&#039; de los premios &#039;Prestigio Tur\u00edstico&#039; de Granada, seg\u00fan ha informado la compa\u00f1\u00eda en un comunicado. El establecimiento, perteneciente a la Cadena Hoteles Center, ha conseguido la menci\u00f3n por su consolidaci\u00f3n como establecimiento hotelero de referencia y su adaptaci\u00f3n y mejora\" \/>\n\t\t<meta name=\"twitter:image\" content=\"https:\/\/eldigitaldeasturias.com\/magazine365\/wp-content\/uploads\/2015\/07\/fotonoticia_20150714143259_800.jpg\" \/>\n\t\t<script type=\"application\/ld+json\" class=\"aioseo-schema\">\n\t\t\t{\"@context\":\"https:\\\/\\\/schema.org\",\"@graph\":[{\"@type\":\"Article\",\"@id\":\"https:\\\/\\\/eldigitaldeasturias.com\\\/magazine365\\\/el-hotel-granada-center-galardonado-en-los-premios-prestigio-turistico\\\/#article\",\"name\":\"El Hotel Granada Center, galardonado en los premios \\u2018Prestigio Tur\\u00edstico\\u2019 | El Digital de Asturias\",\"headline\":\"El Hotel Granada Center, galardonado en los premios &#8216;Prestigio Tur\\u00edstico&#8217;\",\"author\":{\"@id\":\"https:\\\/\\\/eldigitaldeasturias.com\\\/magazine365\\\/author\\\/admin\\\/#author\"},\"publisher\":{\"@id\":\"https:\\\/\\\/eldigitaldeasturias.com\\\/magazine365\\\/#organization\"},\"image\":{\"@type\":\"ImageObject\",\"url\":\"https:\\\/\\\/eldigitaldeasturias.com\\\/magazine365\\\/wp-content\\\/uploads\\\/2015\\\/07\\\/fotonoticia_20150714143259_800.jpg\",\"width\":800,\"height\":527},\"datePublished\":\"2015-07-15T00:33:32+02:00\",\"dateModified\":\"2015-07-15T00:33:32+02:00\",\"inLanguage\":\"es-ES\",\"mainEntityOfPage\":{\"@id\":\"https:\\\/\\\/eldigitaldeasturias.com\\\/magazine365\\\/el-hotel-granada-center-galardonado-en-los-premios-prestigio-turistico\\\/#webpage\"},\"isPartOf\":{\"@id\":\"https:\\\/\\\/eldigitaldeasturias.com\\\/magazine365\\\/el-hotel-granada-center-galardonado-en-los-premios-prestigio-turistico\\\/#webpage\"},\"articleSection\":\"Actualidad Turismo\"},{\"@type\":\"BreadcrumbList\",\"@id\":\"https:\\\/\\\/eldigitaldeasturias.com\\\/magazine365\\\/el-hotel-granada-center-galardonado-en-los-premios-prestigio-turistico\\\/#breadcrumblist\",\"itemListElement\":[{\"@type\":\"ListItem\",\"@id\":\"https:\\\/\\\/eldigitaldeasturias.com\\\/magazine365#listItem\",\"position\":1,\"name\":\"Home\",\"item\":\"https:\\\/\\\/eldigitaldeasturias.com\\\/magazine365\",\"nextItem\":{\"@type\":\"ListItem\",\"@id\":\"https:\\\/\\\/eldigitaldeasturias.com\\\/magazine365\\\/category\\\/actualidad-turismo\\\/#listItem\",\"name\":\"Actualidad Turismo\"}},{\"@type\":\"ListItem\",\"@id\":\"https:\\\/\\\/eldigitaldeasturias.com\\\/magazine365\\\/category\\\/actualidad-turismo\\\/#listItem\",\"position\":2,\"name\":\"Actualidad Turismo\",\"item\":\"https:\\\/\\\/eldigitaldeasturias.com\\\/magazine365\\\/category\\\/actualidad-turismo\\\/\",\"nextItem\":{\"@type\":\"ListItem\",\"@id\":\"https:\\\/\\\/eldigitaldeasturias.com\\\/magazine365\\\/el-hotel-granada-center-galardonado-en-los-premios-prestigio-turistico\\\/#listItem\",\"name\":\"El Hotel Granada Center, galardonado en los premios &#8216;Prestigio Tur\\u00edstico&#8217;\"},\"previousItem\":{\"@type\":\"ListItem\",\"@id\":\"https:\\\/\\\/eldigitaldeasturias.com\\\/magazine365#listItem\",\"name\":\"Home\"}},{\"@type\":\"ListItem\",\"@id\":\"https:\\\/\\\/eldigitaldeasturias.com\\\/magazine365\\\/el-hotel-granada-center-galardonado-en-los-premios-prestigio-turistico\\\/#listItem\",\"position\":3,\"name\":\"El Hotel Granada Center, galardonado en los premios &#8216;Prestigio Tur\\u00edstico&#8217;\",\"previousItem\":{\"@type\":\"ListItem\",\"@id\":\"https:\\\/\\\/eldigitaldeasturias.com\\\/magazine365\\\/category\\\/actualidad-turismo\\\/#listItem\",\"name\":\"Actualidad Turismo\"}}]},{\"@type\":\"Organization\",\"@id\":\"https:\\\/\\\/eldigitaldeasturias.com\\\/magazine365\\\/#organization\",\"name\":\"El digital de Asturias\",\"description\":\"Revista de ocio, turismo y estilo de vida\",\"url\":\"https:\\\/\\\/eldigitaldeasturias.com\\\/magazine365\\\/\",\"logo\":{\"@type\":\"ImageObject\",\"url\":\"https:\\\/\\\/www.eldigitaldeasturias.com\\\/noticias\\\/wp-content\\\/uploads\\\/2020\\\/12\\\/EDA.jpg\",\"@id\":\"https:\\\/\\\/eldigitaldeasturias.com\\\/magazine365\\\/el-hotel-granada-center-galardonado-en-los-premios-prestigio-turistico\\\/#organizationLogo\"},\"image\":{\"@id\":\"https:\\\/\\\/eldigitaldeasturias.com\\\/magazine365\\\/el-hotel-granada-center-galardonado-en-los-premios-prestigio-turistico\\\/#organizationLogo\"}},{\"@type\":\"Person\",\"@id\":\"https:\\\/\\\/eldigitaldeasturias.com\\\/magazine365\\\/author\\\/admin\\\/#author\",\"url\":\"https:\\\/\\\/eldigitaldeasturias.com\\\/magazine365\\\/author\\\/admin\\\/\",\"name\":\"admin\",\"image\":{\"@type\":\"ImageObject\",\"@id\":\"https:\\\/\\\/eldigitaldeasturias.com\\\/magazine365\\\/el-hotel-granada-center-galardonado-en-los-premios-prestigio-turistico\\\/#authorImage\",\"url\":\"https:\\\/\\\/eldigitaldeasturias.com\\\/magazine365\\\/wp-content\\\/litespeed\\\/avatar\\\/e571bcf59a0edd6fa6838245a470f2fe.jpg?ver=1777574230\",\"width\":96,\"height\":96,\"caption\":\"admin\"}},{\"@type\":\"WebPage\",\"@id\":\"https:\\\/\\\/eldigitaldeasturias.com\\\/magazine365\\\/el-hotel-granada-center-galardonado-en-los-premios-prestigio-turistico\\\/#webpage\",\"url\":\"https:\\\/\\\/eldigitaldeasturias.com\\\/magazine365\\\/el-hotel-granada-center-galardonado-en-los-premios-prestigio-turistico\\\/\",\"name\":\"El Hotel Granada Center, galardonado en los premios \\u2018Prestigio Tur\\u00edstico\\u2019 | El Digital de Asturias\",\"description\":\"El Hotel Granada Center ha sido galardonado con el primer premio en la categor\\u00eda 'Hospedajes' de los premios 'Prestigio Tur\\u00edstico' de Granada, seg\\u00fan ha informado la compa\\u00f1\\u00eda en un comunicado. El establecimiento, perteneciente a la Cadena Hoteles Center, ha conseguido la menci\\u00f3n por su consolidaci\\u00f3n como establecimiento hotelero de referencia y su adaptaci\\u00f3n y mejora\",\"inLanguage\":\"es-ES\",\"isPartOf\":{\"@id\":\"https:\\\/\\\/eldigitaldeasturias.com\\\/magazine365\\\/#website\"},\"breadcrumb\":{\"@id\":\"https:\\\/\\\/eldigitaldeasturias.com\\\/magazine365\\\/el-hotel-granada-center-galardonado-en-los-premios-prestigio-turistico\\\/#breadcrumblist\"},\"author\":{\"@id\":\"https:\\\/\\\/eldigitaldeasturias.com\\\/magazine365\\\/author\\\/admin\\\/#author\"},\"creator\":{\"@id\":\"https:\\\/\\\/eldigitaldeasturias.com\\\/magazine365\\\/author\\\/admin\\\/#author\"},\"image\":{\"@type\":\"ImageObject\",\"url\":\"https:\\\/\\\/eldigitaldeasturias.com\\\/magazine365\\\/wp-content\\\/uploads\\\/2015\\\/07\\\/fotonoticia_20150714143259_800.jpg\",\"@id\":\"https:\\\/\\\/eldigitaldeasturias.com\\\/magazine365\\\/el-hotel-granada-center-galardonado-en-los-premios-prestigio-turistico\\\/#mainImage\",\"width\":800,\"height\":527},\"primaryImageOfPage\":{\"@id\":\"https:\\\/\\\/eldigitaldeasturias.com\\\/magazine365\\\/el-hotel-granada-center-galardonado-en-los-premios-prestigio-turistico\\\/#mainImage\"},\"datePublished\":\"2015-07-15T00:33:32+02:00\",\"dateModified\":\"2015-07-15T00:33:32+02:00\"},{\"@type\":\"WebSite\",\"@id\":\"https:\\\/\\\/eldigitaldeasturias.com\\\/magazine365\\\/#website\",\"url\":\"https:\\\/\\\/eldigitaldeasturias.com\\\/magazine365\\\/\",\"name\":\"El Digital de Asturias\",\"description\":\"Revista de ocio, turismo y estilo de vida\",\"inLanguage\":\"es-ES\",\"publisher\":{\"@id\":\"https:\\\/\\\/eldigitaldeasturias.com\\\/magazine365\\\/#organization\"}}]}\n\t\t<\/script>\n\t\t<!-- All in One SEO Pro -->\r\n\t\t<title>El Hotel Granada Center, galardonado en los premios \u2018Prestigio Tur\u00edstico\u2019 | El Digital de Asturias<\/title>\n\n","aioseo_head_json":{"title":"El Hotel Granada Center, galardonado en los premios \u2018Prestigio Tur\u00edstico\u2019 | El Digital de Asturias","description":"El Hotel Granada Center ha sido galardonado con el primer premio en la categor\u00eda 'Hospedajes' de los premios 'Prestigio Tur\u00edstico' de Granada, seg\u00fan ha informado la compa\u00f1\u00eda en un comunicado. El establecimiento, perteneciente a la Cadena Hoteles Center, ha conseguido la menci\u00f3n por su consolidaci\u00f3n como establecimiento hotelero de referencia y su adaptaci\u00f3n y mejora","canonical_url":"https:\/\/eldigitaldeasturias.com\/magazine365\/el-hotel-granada-center-galardonado-en-los-premios-prestigio-turistico\/","robots":"max-image-preview:large","keywords":"actualidad turismo","webmasterTools":{"google-site-verification":"UA-38556648-1","miscellaneous":""},"schema":{"@context":"https:\/\/schema.org","@graph":[{"@type":"Article","@id":"https:\/\/eldigitaldeasturias.com\/magazine365\/el-hotel-granada-center-galardonado-en-los-premios-prestigio-turistico\/#article","name":"El Hotel Granada Center, galardonado en los premios \u2018Prestigio Tur\u00edstico\u2019 | El Digital de Asturias","headline":"El Hotel Granada Center, galardonado en los premios &#8216;Prestigio Tur\u00edstico&#8217;","author":{"@id":"https:\/\/eldigitaldeasturias.com\/magazine365\/author\/admin\/#author"},"publisher":{"@id":"https:\/\/eldigitaldeasturias.com\/magazine365\/#organization"},"image":{"@type":"ImageObject","url":"https:\/\/eldigitaldeasturias.com\/magazine365\/wp-content\/uploads\/2015\/07\/fotonoticia_20150714143259_800.jpg","width":800,"height":527},"datePublished":"2015-07-15T00:33:32+02:00","dateModified":"2015-07-15T00:33:32+02:00","inLanguage":"es-ES","mainEntityOfPage":{"@id":"https:\/\/eldigitaldeasturias.com\/magazine365\/el-hotel-granada-center-galardonado-en-los-premios-prestigio-turistico\/#webpage"},"isPartOf":{"@id":"https:\/\/eldigitaldeasturias.com\/magazine365\/el-hotel-granada-center-galardonado-en-los-premios-prestigio-turistico\/#webpage"},"articleSection":"Actualidad Turismo"},{"@type":"BreadcrumbList","@id":"https:\/\/eldigitaldeasturias.com\/magazine365\/el-hotel-granada-center-galardonado-en-los-premios-prestigio-turistico\/#breadcrumblist","itemListElement":[{"@type":"ListItem","@id":"https:\/\/eldigitaldeasturias.com\/magazine365#listItem","position":1,"name":"Home","item":"https:\/\/eldigitaldeasturias.com\/magazine365","nextItem":{"@type":"ListItem","@id":"https:\/\/eldigitaldeasturias.com\/magazine365\/category\/actualidad-turismo\/#listItem","name":"Actualidad Turismo"}},{"@type":"ListItem","@id":"https:\/\/eldigitaldeasturias.com\/magazine365\/category\/actualidad-turismo\/#listItem","position":2,"name":"Actualidad Turismo","item":"https:\/\/eldigitaldeasturias.com\/magazine365\/category\/actualidad-turismo\/","nextItem":{"@type":"ListItem","@id":"https:\/\/eldigitaldeasturias.com\/magazine365\/el-hotel-granada-center-galardonado-en-los-premios-prestigio-turistico\/#listItem","name":"El Hotel Granada Center, galardonado en los premios &#8216;Prestigio Tur\u00edstico&#8217;"},"previousItem":{"@type":"ListItem","@id":"https:\/\/eldigitaldeasturias.com\/magazine365#listItem","name":"Home"}},{"@type":"ListItem","@id":"https:\/\/eldigitaldeasturias.com\/magazine365\/el-hotel-granada-center-galardonado-en-los-premios-prestigio-turistico\/#listItem","position":3,"name":"El Hotel Granada Center, galardonado en los premios &#8216;Prestigio Tur\u00edstico&#8217;","previousItem":{"@type":"ListItem","@id":"https:\/\/eldigitaldeasturias.com\/magazine365\/category\/actualidad-turismo\/#listItem","name":"Actualidad Turismo"}}]},{"@type":"Organization","@id":"https:\/\/eldigitaldeasturias.com\/magazine365\/#organization","name":"El digital de Asturias","description":"Revista de ocio, turismo y estilo de vida","url":"https:\/\/eldigitaldeasturias.com\/magazine365\/","logo":{"@type":"ImageObject","url":"https:\/\/www.eldigitaldeasturias.com\/noticias\/wp-content\/uploads\/2020\/12\/EDA.jpg","@id":"https:\/\/eldigitaldeasturias.com\/magazine365\/el-hotel-granada-center-galardonado-en-los-premios-prestigio-turistico\/#organizationLogo"},"image":{"@id":"https:\/\/eldigitaldeasturias.com\/magazine365\/el-hotel-granada-center-galardonado-en-los-premios-prestigio-turistico\/#organizationLogo"}},{"@type":"Person","@id":"https:\/\/eldigitaldeasturias.com\/magazine365\/author\/admin\/#author","url":"https:\/\/eldigitaldeasturias.com\/magazine365\/author\/admin\/","name":"admin","image":{"@type":"ImageObject","@id":"https:\/\/eldigitaldeasturias.com\/magazine365\/el-hotel-granada-center-galardonado-en-los-premios-prestigio-turistico\/#authorImage","url":"https:\/\/eldigitaldeasturias.com\/magazine365\/wp-content\/litespeed\/avatar\/e571bcf59a0edd6fa6838245a470f2fe.jpg?ver=1777574230","width":96,"height":96,"caption":"admin"}},{"@type":"WebPage","@id":"https:\/\/eldigitaldeasturias.com\/magazine365\/el-hotel-granada-center-galardonado-en-los-premios-prestigio-turistico\/#webpage","url":"https:\/\/eldigitaldeasturias.com\/magazine365\/el-hotel-granada-center-galardonado-en-los-premios-prestigio-turistico\/","name":"El Hotel Granada Center, galardonado en los premios \u2018Prestigio Tur\u00edstico\u2019 | El Digital de Asturias","description":"El Hotel Granada Center ha sido galardonado con el primer premio en la categor\u00eda 'Hospedajes' de los premios 'Prestigio Tur\u00edstico' de Granada, seg\u00fan ha informado la compa\u00f1\u00eda en un comunicado. El establecimiento, perteneciente a la Cadena Hoteles Center, ha conseguido la menci\u00f3n por su consolidaci\u00f3n como establecimiento hotelero de referencia y su adaptaci\u00f3n y mejora","inLanguage":"es-ES","isPartOf":{"@id":"https:\/\/eldigitaldeasturias.com\/magazine365\/#website"},"breadcrumb":{"@id":"https:\/\/eldigitaldeasturias.com\/magazine365\/el-hotel-granada-center-galardonado-en-los-premios-prestigio-turistico\/#breadcrumblist"},"author":{"@id":"https:\/\/eldigitaldeasturias.com\/magazine365\/author\/admin\/#author"},"creator":{"@id":"https:\/\/eldigitaldeasturias.com\/magazine365\/author\/admin\/#author"},"image":{"@type":"ImageObject","url":"https:\/\/eldigitaldeasturias.com\/magazine365\/wp-content\/uploads\/2015\/07\/fotonoticia_20150714143259_800.jpg","@id":"https:\/\/eldigitaldeasturias.com\/magazine365\/el-hotel-granada-center-galardonado-en-los-premios-prestigio-turistico\/#mainImage","width":800,"height":527},"primaryImageOfPage":{"@id":"https:\/\/eldigitaldeasturias.com\/magazine365\/el-hotel-granada-center-galardonado-en-los-premios-prestigio-turistico\/#mainImage"},"datePublished":"2015-07-15T00:33:32+02:00","dateModified":"2015-07-15T00:33:32+02:00"},{"@type":"WebSite","@id":"https:\/\/eldigitaldeasturias.com\/magazine365\/#website","url":"https:\/\/eldigitaldeasturias.com\/magazine365\/","name":"El Digital de Asturias","description":"Revista de ocio, turismo y estilo de vida","inLanguage":"es-ES","publisher":{"@id":"https:\/\/eldigitaldeasturias.com\/magazine365\/#organization"}}]},"og:locale":"es_ES","og:site_name":"El Digital de Asturias \u2013 Revista de ocio, turismo y estilo de vida","og:type":"article","og:title":"El Hotel Granada Center, galardonado en los premios \u2018Prestigio Tur\u00edstico\u2019 | El Digital de Asturias","og:description":"El Hotel Granada Center ha sido galardonado con el primer premio en la categor\u00eda 'Hospedajes' de los premios 'Prestigio Tur\u00edstico' de Granada, seg\u00fan ha informado la compa\u00f1\u00eda en un comunicado. El establecimiento, perteneciente a la Cadena Hoteles Center, ha conseguido la menci\u00f3n por su consolidaci\u00f3n como establecimiento hotelero de referencia y su adaptaci\u00f3n y mejora","og:url":"https:\/\/eldigitaldeasturias.com\/magazine365\/el-hotel-granada-center-galardonado-en-los-premios-prestigio-turistico\/","og:image":"https:\/\/eldigitaldeasturias.com\/magazine365\/wp-content\/uploads\/2015\/07\/fotonoticia_20150714143259_800.jpg","og:image:secure_url":"https:\/\/eldigitaldeasturias.com\/magazine365\/wp-content\/uploads\/2015\/07\/fotonoticia_20150714143259_800.jpg","og:image:width":800,"og:image:height":527,"article:published_time":"2015-07-14T22:33:32+00:00","article:modified_time":"2015-07-14T22:33:32+00:00","twitter:card":"summary_large_image","twitter:title":"El Hotel Granada Center, galardonado en los premios \u2018Prestigio Tur\u00edstico\u2019 | El Digital de Asturias","twitter:description":"El Hotel Granada Center ha sido galardonado con el primer premio en la categor\u00eda 'Hospedajes' de los premios 'Prestigio Tur\u00edstico' de Granada, seg\u00fan ha informado la compa\u00f1\u00eda en un comunicado. El establecimiento, perteneciente a la Cadena Hoteles Center, ha conseguido la menci\u00f3n por su consolidaci\u00f3n como establecimiento hotelero de referencia y su adaptaci\u00f3n y mejora","twitter:image":"https:\/\/eldigitaldeasturias.com\/magazine365\/wp-content\/uploads\/2015\/07\/fotonoticia_20150714143259_800.jpg"},"aioseo_meta_data":{"post_id":"42657","title":null,"description":null,"keywords":null,"keyphrases":null,"primary_term":null,"canonical_url":null,"og_title":null,"og_description":null,"og_object_type":"default","og_image_type":"default","og_image_url":null,"og_image_width":null,"og_image_height":null,"og_image_custom_url":null,"og_image_custom_fields":null,"og_video":null,"og_custom_url":null,"og_article_section":null,"og_article_tags":null,"twitter_use_og":false,"twitter_card":"default","twitter_image_type":"default","twitter_image_url":null,"twitter_image_custom_url":null,"twitter_image_custom_fields":null,"twitter_title":null,"twitter_description":null,"schema":{"blockGraphs":[],"customGraphs":[],"default":{"data":{"Article":[],"Course":[],"Dataset":[],"FAQPage":[],"Movie":[],"Person":[],"Product":[],"ProductReview":[],"Car":[],"Recipe":[],"Service":[],"SoftwareApplication":[],"WebPage":[]},"graphName":"","isEnabled":true},"graphs":[],"defaultGraph":"","defaultPostTypeGraph":""},"schema_type":null,"schema_type_options":null,"pillar_content":false,"robots_default":true,"robots_noindex":false,"robots_noarchive":false,"robots_nosnippet":false,"robots_nofollow":false,"robots_noimageindex":false,"robots_noodp":false,"robots_notranslate":false,"robots_max_snippet":null,"robots_max_videopreview":null,"robots_max_imagepreview":"large","priority":null,"frequency":null,"location":null,"local_seo":null,"seo_analyzer_scan_date":"2025-09-19 18:10:59","breadcrumb_settings":null,"limit_modified_date":false,"open_ai":null,"ai":null,"created":"2021-03-09 01:57:46","updated":"2025-09-19 18:10:59"},"aioseo_breadcrumb":"<div class=\"aioseo-breadcrumbs\"><span class=\"aioseo-breadcrumb\">\n\t<a href=\"https:\/\/eldigitaldeasturias.com\/magazine365\" title=\"Home\">Home<\/a>\n<\/span><span class=\"aioseo-breadcrumb-separator\">\u2013<\/span><span class=\"aioseo-breadcrumb\">\n\t<a href=\"https:\/\/eldigitaldeasturias.com\/magazine365\/category\/actualidad-turismo\/\" title=\"Actualidad Turismo\">Actualidad Turismo<\/a>\n<\/span><span class=\"aioseo-breadcrumb-separator\">\u2013<\/span><span class=\"aioseo-breadcrumb\">\n\t<a href=\"https:\/\/eldigitaldeasturias.com\/magazine365\/el-hotel-granada-center-galardonado-en-los-premios-prestigio-turistico\/\" title=\"El Hotel Granada Center, galardonado en los premios \u2018Prestigio Tur\u00edstico\u2019\">El Hotel Granada Center, galardonado en los premios \u2018Prestigio Tur\u00edstico\u2019<\/a>\n<\/span><\/div>","aioseo_breadcrumb_json":[{"label":"Home","link":"https:\/\/eldigitaldeasturias.com\/magazine365"},{"label":"Actualidad Turismo","link":"https:\/\/eldigitaldeasturias.com\/magazine365\/category\/actualidad-turismo\/"},{"label":"El Hotel Granada Center, galardonado en los premios &#8216;Prestigio Tur\u00edstico&#8217;","link":"https:\/\/eldigitaldeasturias.com\/magazine365\/el-hotel-granada-center-galardonado-en-los-premios-prestigio-turistico\/"}],"_links":{"self":[{"href":"https:\/\/eldigitaldeasturias.com\/magazine365\/wp-json\/wp\/v2\/posts\/42657","targetHints":{"allow":["GET"]}}],"collection":[{"href":"https:\/\/eldigitaldeasturias.com\/magazine365\/wp-json\/wp\/v2\/posts"}],"about":[{"href":"https:\/\/eldigitaldeasturias.com\/magazine365\/wp-json\/wp\/v2\/types\/post"}],"author":[{"embeddable":true,"href":"https:\/\/eldigitaldeasturias.com\/magazine365\/wp-json\/wp\/v2\/users\/1"}],"replies":[{"embeddable":true,"href":"https:\/\/eldigitaldeasturias.com\/magazine365\/wp-json\/wp\/v2\/comments?post=42657"}],"version-history":[{"count":0,"href":"https:\/\/eldigitaldeasturias.com\/magazine365\/wp-json\/wp\/v2\/posts\/42657\/revisions"}],"wp:featuredmedia":[{"embeddable":true,"href":"https:\/\/eldigitaldeasturias.com\/magazine365\/wp-json\/wp\/v2\/media\/42658"}],"wp:attachment":[{"href":"https:\/\/eldigitaldeasturias.com\/magazine365\/wp-json\/wp\/v2\/media?parent=42657"}],"wp:term":[{"taxonomy":"category","embeddable":true,"href":"https:\/\/eldigitaldeasturias.com\/magazine365\/wp-json\/wp\/v2\/categories?post=42657"},{"taxonomy":"post_tag","embeddable":true,"href":"https:\/\/eldigitaldeasturias.com\/magazine365\/wp-json\/wp\/v2\/tags?post=42657"}],"curies":[{"name":"wp","href":"https:\/\/api.w.org\/{rel}","templated":true}]}}