{"id":42651,"date":"2015-07-15T00:30:52","date_gmt":"2015-07-14T22:30:52","guid":{"rendered":"http:\/\/eldigitaldeasturias.com\/magazine365\/?p=42651"},"modified":"2015-07-15T00:30:52","modified_gmt":"2015-07-14T22:30:52","slug":"70-personas-participan-en-badajoz-en-una-expoconferencia-iberica-sobre-espacios-urbanos-inteligentes","status":"publish","type":"post","link":"https:\/\/eldigitaldeasturias.com\/magazine365\/70-personas-participan-en-badajoz-en-una-expoconferencia-iberica-sobre-espacios-urbanos-inteligentes\/","title":{"rendered":"70 personas participan en Badajoz en una expoconferencia ib\u00e9rica sobre espacios urbanos inteligentes"},"content":{"rendered":"<p><img fetchpriority=\"high\" decoding=\"async\" class=\"alignleft size-medium wp-image-42652\" src=\"https:\/\/eldigitaldeasturias.com\/magazine365\/wp-content\/uploads\/2015\/07\/fotonoticia_20150714141356_800-360x270.jpg\" alt=\"fotonoticia_20150714141356_800\" width=\"360\" height=\"270\" srcset=\"https:\/\/eldigitaldeasturias.com\/magazine365\/wp-content\/uploads\/2015\/07\/fotonoticia_20150714141356_800-360x270.jpg 360w, https:\/\/eldigitaldeasturias.com\/magazine365\/wp-content\/uploads\/2015\/07\/fotonoticia_20150714141356_800-650x488.jpg 650w, https:\/\/eldigitaldeasturias.com\/magazine365\/wp-content\/uploads\/2015\/07\/fotonoticia_20150714141356_800-768x576.jpg 768w, https:\/\/eldigitaldeasturias.com\/magazine365\/wp-content\/uploads\/2015\/07\/fotonoticia_20150714141356_800-150x113.jpg 150w, https:\/\/eldigitaldeasturias.com\/magazine365\/wp-content\/uploads\/2015\/07\/fotonoticia_20150714141356_800-450x338.jpg 450w, https:\/\/eldigitaldeasturias.com\/magazine365\/wp-content\/uploads\/2015\/07\/fotonoticia_20150714141356_800-80x60.jpg 80w, https:\/\/eldigitaldeasturias.com\/magazine365\/wp-content\/uploads\/2015\/07\/fotonoticia_20150714141356_800-265x198.jpg 265w, https:\/\/eldigitaldeasturias.com\/magazine365\/wp-content\/uploads\/2015\/07\/fotonoticia_20150714141356_800-696x522.jpg 696w, https:\/\/eldigitaldeasturias.com\/magazine365\/wp-content\/uploads\/2015\/07\/fotonoticia_20150714141356_800-560x420.jpg 560w, https:\/\/eldigitaldeasturias.com\/magazine365\/wp-content\/uploads\/2015\/07\/fotonoticia_20150714141356_800-90x67.jpg 90w, https:\/\/eldigitaldeasturias.com\/magazine365\/wp-content\/uploads\/2015\/07\/fotonoticia_20150714141356_800-100x75.jpg 100w, https:\/\/eldigitaldeasturias.com\/magazine365\/wp-content\/uploads\/2015\/07\/fotonoticia_20150714141356_800.jpg 800w\" sizes=\"(max-width: 360px) 100vw, 360px\" \/>Unas 70 personas participan en Badajoz en una expoconferencia ib\u00e9rica sobre espacios urbanos inteligentes organizada por la Escuela de Negocios ITAE, y que en su cuarta edici\u00f3n aborda aplicaciones de la &#8216;smart city&#8217; a la tecnolog\u00eda e innovaci\u00f3n o a la energ\u00eda, eficiencia y medio ambiente.<\/p>\n<p>En declaraciones a los medios previas a su acto inaugural, el socio-director de ITAE, Antonio Garc\u00eda Salas, ha incidido en que con esta iniciativa pretenden \u00abhacer una reflexi\u00f3n de c\u00f3mo va avanzando este nuevo campo que parece que es una de las lanzaderas o de las v\u00edas de desarrollo de las ciudades y de los territorios\u00bb.<\/p>\n<p>As\u00ed, ha puesto en valor que, con la denominada \u00abinteligencia urbana\u00bb, \u00abcolectiva\u00bb o \u00absocial\u00bb como base, hay muchas \u00e1reas de actuaci\u00f3n que van desde los servicios sociales, a las tecnolog\u00edas de la informaci\u00f3n, la energ\u00eda o la econom\u00eda.<\/p>\n<p>De igual modo ha se\u00f1alado que su celebraci\u00f3n en Badajoz permite que sea \u00abun referente para que sea una convocatoria ib\u00e9rica\u00bb y que se expongan experiencias espa\u00f1olas y lusas de \u00abc\u00f3mo se hace camino al andar en este concepto\u00bb que cuenta con \u00abmuch\u00edsimas expectativas a nivel mundial, sobre todo en las grandes ciudades\u00bb, aunque ITAE aboga por que tambi\u00e9n tenga aplicaci\u00f3n en los peque\u00f1os y medianos municipios.<\/p>\n<p>CONVOCATORIA CON CONTINUIDAD<\/p>\n<p>Se trata, ha agregado Garc\u00eda Salas, de una convocatoria con \u00abvocaci\u00f3n de continuidad\u00bb al tratar un campo en el que \u00abtodos los a\u00f1os hay nuevas aportaciones\u00bb, junto con las ayudas y los programas europeos a los que se pueden acoger proyectos de &#8216;smart city&#8217; o de &#8216;smart urban&#8217; y de cara a que las administraciones p\u00fablicas o los distintos agentes \u00abvean c\u00f3mo pueden cofinanciar\u00bb este tipo de iniciativas cuyo objetivo \u00abno es el gasto, gastar m\u00e1s, sino todo lo contrario, optimizar recursos\u00bb.<\/p>\n<p>En este sentido ha incidido en que en anteriores ediciones de esta expoconferencia se han presentado casos y se ha podido ver su evoluci\u00f3n, como la ciudad de Badajoz que en la primera edici\u00f3n de esta cita dio a conocer un proyecto de turismo y destinos inteligente y que en esta ocasi\u00f3n acude con \u00abrealidades de haber desarrollado el trabajo\u00bb.<\/p>\n<p>Antonio Garc\u00eda Salas ha estado acompa\u00f1ado del alcalde de Badajoz, Francisco Javier Fragoso, quien ha agradecido la elecci\u00f3n de la ciudad para albergar este foro con el que la capital pacense se coloca \u00aben el centro extreme\u00f1o de todo lo que tenga que ver con el desarrollo de las \u00faltimas tendencias, en este caso en el \u00e1mbito de la &#8216;smart city'\u00bb.<\/p>\n<p>BADAJOZ Y LA &#8216;SMARTCITY&#8217;<\/p>\n<p>En relaci\u00f3n a esta \u00faltima, Fragoso ha recordado que hace 15 a\u00f1os en Badajoz se apost\u00f3 \u00abestrat\u00e9gicamente por esto cuando ni siquiera se llamaba &#8216;smart city'\u00bb cuando la ciudad ten\u00eda \u00absensorizado\u00bb parte de la red de abastecimiento de agua con unos puntos de control que permit\u00edan saber si hab\u00eda p\u00e9rdida de presi\u00f3n y, por lo tanto, de caudal porque hab\u00eda una rotura<\/p>\n<p>De este modo, ha defendido que \u00abla ciudad de Badajoz tiene ese desarrollo como algo estrat\u00e9gico\u00bb y que la implantaci\u00f3n de estas nuevas tecnolog\u00edas y ser \u00abreferente\u00bb en el \u00e1mbito de la \u00abinteligencia urbana\u00bb es uno de los posicionamientos del plan estrat\u00e9gico.<\/p>\n<p>Ha se\u00f1alado a este respecto que dicho desarrollo permite transmitir las experiencias de la capital pacense al entorno rural que rodea a la ciudad o a las localidades portuguesas vecinas, en relaci\u00f3n a las cuales ha citado el proyecto transfronterizo de turismo inteligente que se lleva a cabo con Elvas y por el que se est\u00e1n desarrollando elementos tecnol\u00f3gicos que se podr\u00edan exportar a Iberoam\u00e9rica.<\/p>\n<p>Tambi\u00e9n ha adelantado el proyecto que se llevar\u00e1 al pr\u00f3ximo pleno, consistente en una convocatoria de Red.es a la que han acudido los ayuntamientos de Badajoz y Almendralejo y por la que se destinar\u00e1n casi 1,8 millones para desarrollar \u00abelementos de ciudades inteligentes\u00bb.<\/p>\n<p>OTRAS MEDIDAS DEL AYUNTAMIENTO<\/p>\n<p>Junto a las medidas en el \u00e1mbito del agua, Francisco Javier Fragoso ha agregado que, desde el consistorio, se avanz\u00f3 posteriormente en el \u00e1mbito de la administraci\u00f3n electr\u00f3nica o en del turismo, y que \u00abahora\u00bb se quieren centrar en su aplicaci\u00f3n a los servicios urbanos, en la movilidad y en el alumbrado.<\/p>\n<p>Sobre este \u00faltimo ha dicho que es la \u00abjoya de la corona\u00bb de las pol\u00edticas municipales en este sentido al permitir \u00abun uso m\u00e1s eficiente de los recursos p\u00fablicos\u00bb y \u00abla bajada de la emisi\u00f3n de gases de efecto invernadero\u00bb y ha avanzado que la iluminaci\u00f3n eficiente \u00abva a ser otra de las grandes apuestas de esta legislatura\u00bb puesto que una de sus \u00abobsesiones\u00bb es \u00abtener toda la ciudad con tecnolog\u00eda LED monitorizada y que permita adem\u00e1s el control a trav\u00e9s de sistemas de programaci\u00f3n\u00bb.<\/p>\n<p>\u00ab\u00bfEsto en qu\u00e9 se resume? Tener una bajada que nosotros calculamos que esperemos de aqu\u00ed a final de legislatura que pueda ser similar como m\u00ednimo al 60 \u00f3 70 por ciento del gasto efectivo en iluminaci\u00f3n, con lo cual significar\u00e1 en torno a lo mejor a un mill\u00f3n y medio de ahorro que lo podemos destinar a otras pol\u00edticas\u00bb, ha cifrado el alcalde.<\/p>\n<p>THYSSENKRUPP<\/p>\n<p>Cabe destacar que el grupo ThyssenKrupp participa en la IV edici\u00f3n de esta expoconferencia ib\u00e9rica de espacios urbanos inteligentes &#8216;smart urban&#8217; con una conferencia del gestor de cuentas de ThyssenKrupp Elevator en Badajoz, Justo D\u00edaz, acerca de \u00ablas ciudades inteligentes y las soluciones Inteligentes\u00bb en la que se presentar\u00e1n \u00ablas novedades y los conceptos vanguardistas de las nuevas tendencias urban\u00edsticas\u00bb.<\/p>\n<p>Al respecto, ThyssenKrupp \u00abcomparte la visi\u00f3n y esfuerzos del Ayuntamiento de Badajoz para convertir la ciudad en una &#8216;smartcity&#8217; o \u00abciudad inteligente de referencia\u00bb, de manera que la multinacional quiere trasladar este concepto &#8216;smart&#8217; a los edificios de viviendas y urbanizaciones \u00abpara incrementar su eficiencia, obtener ahorros y mejorar la calidad de vida de los ciudadanos con el uso de la tecnolog\u00eda\u00bb, ha concluido.<\/p>\n","protected":false},"excerpt":{"rendered":"<p>Unas 70 personas participan en Badajoz en una expoconferencia ib\u00e9rica sobre espacios urbanos inteligentes organizada por la Escuela de Negocios ITAE, y que en su cuarta edici\u00f3n aborda aplicaciones de la &#8216;smart city&#8217; a la tecnolog\u00eda e innovaci\u00f3n o a la energ\u00eda, eficiencia y medio ambiente. En declaraciones a los medios previas a su acto<\/p>\n","protected":false},"author":1,"featured_media":42652,"comment_status":"open","ping_status":"closed","sticky":false,"template":"","format":"standard","meta":{"footnotes":""},"categories":[222],"tags":[],"class_list":{"0":"post-42651","1":"post","2":"type-post","3":"status-publish","4":"format-standard","5":"has-post-thumbnail","7":"category-actualidad-turismo"},"aioseo_notices":[],"aioseo_head":"\n\t\t<!-- All in One SEO Pro 4.9.6.1 - aioseo.com -->\n\t<meta name=\"description\" content=\"Unas 70 personas participan en Badajoz en una expoconferencia ib\u00e9rica sobre espacios urbanos inteligentes organizada por la Escuela de Negocios ITAE, y que en su cuarta edici\u00f3n aborda aplicaciones de la &#039;smart city&#039; a la tecnolog\u00eda e innovaci\u00f3n o a la energ\u00eda, eficiencia y medio ambiente. En declaraciones a los medios previas a su acto\" \/>\n\t<meta name=\"robots\" content=\"max-image-preview:large\" \/>\n\t<meta name=\"author\" content=\"admin\"\/>\n\t<meta name=\"google-site-verification\" content=\"UA-38556648-1\" \/>\n\t<meta name=\"keywords\" content=\"actualidad turismo\" \/>\n\t<link rel=\"canonical\" href=\"https:\/\/eldigitaldeasturias.com\/magazine365\/70-personas-participan-en-badajoz-en-una-expoconferencia-iberica-sobre-espacios-urbanos-inteligentes\/\" \/>\n\t<meta name=\"generator\" content=\"All in One SEO Pro (AIOSEO) 4.9.6.1\" \/>\n\t\t<meta property=\"og:locale\" content=\"es_ES\" \/>\n\t\t<meta property=\"og:site_name\" content=\"El Digital de Asturias \u2013 Revista de ocio, turismo y estilo de vida\" \/>\n\t\t<meta property=\"og:type\" content=\"article\" \/>\n\t\t<meta property=\"og:title\" content=\"70 personas participan en Badajoz en una expoconferencia ib\u00e9rica sobre espacios urbanos inteligentes | El Digital de Asturias\" \/>\n\t\t<meta property=\"og:description\" content=\"Unas 70 personas participan en Badajoz en una expoconferencia ib\u00e9rica sobre espacios urbanos inteligentes organizada por la Escuela de Negocios ITAE, y que en su cuarta edici\u00f3n aborda aplicaciones de la &#039;smart city&#039; a la tecnolog\u00eda e innovaci\u00f3n o a la energ\u00eda, eficiencia y medio ambiente. En declaraciones a los medios previas a su acto\" \/>\n\t\t<meta property=\"og:url\" content=\"https:\/\/eldigitaldeasturias.com\/magazine365\/70-personas-participan-en-badajoz-en-una-expoconferencia-iberica-sobre-espacios-urbanos-inteligentes\/\" \/>\n\t\t<meta property=\"og:image\" content=\"https:\/\/eldigitaldeasturias.com\/magazine365\/wp-content\/uploads\/2015\/07\/fotonoticia_20150714141356_800.jpg\" \/>\n\t\t<meta property=\"og:image:secure_url\" content=\"https:\/\/eldigitaldeasturias.com\/magazine365\/wp-content\/uploads\/2015\/07\/fotonoticia_20150714141356_800.jpg\" \/>\n\t\t<meta property=\"og:image:width\" content=\"800\" \/>\n\t\t<meta property=\"og:image:height\" content=\"600\" \/>\n\t\t<meta property=\"article:published_time\" content=\"2015-07-14T22:30:52+00:00\" \/>\n\t\t<meta property=\"article:modified_time\" content=\"2015-07-14T22:30:52+00:00\" \/>\n\t\t<meta name=\"twitter:card\" content=\"summary_large_image\" \/>\n\t\t<meta name=\"twitter:title\" content=\"70 personas participan en Badajoz en una expoconferencia ib\u00e9rica sobre espacios urbanos inteligentes | El Digital de Asturias\" \/>\n\t\t<meta name=\"twitter:description\" content=\"Unas 70 personas participan en Badajoz en una expoconferencia ib\u00e9rica sobre espacios urbanos inteligentes organizada por la Escuela de Negocios ITAE, y que en su cuarta edici\u00f3n aborda aplicaciones de la &#039;smart city&#039; a la tecnolog\u00eda e innovaci\u00f3n o a la energ\u00eda, eficiencia y medio ambiente. En declaraciones a los medios previas a su acto\" \/>\n\t\t<meta name=\"twitter:image\" content=\"https:\/\/eldigitaldeasturias.com\/magazine365\/wp-content\/uploads\/2015\/07\/fotonoticia_20150714141356_800.jpg\" \/>\n\t\t<script type=\"application\/ld+json\" class=\"aioseo-schema\">\n\t\t\t{\"@context\":\"https:\\\/\\\/schema.org\",\"@graph\":[{\"@type\":\"Article\",\"@id\":\"https:\\\/\\\/eldigitaldeasturias.com\\\/magazine365\\\/70-personas-participan-en-badajoz-en-una-expoconferencia-iberica-sobre-espacios-urbanos-inteligentes\\\/#article\",\"name\":\"70 personas participan en Badajoz en una expoconferencia ib\\u00e9rica sobre espacios urbanos inteligentes | El Digital de Asturias\",\"headline\":\"70 personas participan en Badajoz en una expoconferencia ib\\u00e9rica sobre espacios urbanos inteligentes\",\"author\":{\"@id\":\"https:\\\/\\\/eldigitaldeasturias.com\\\/magazine365\\\/author\\\/admin\\\/#author\"},\"publisher\":{\"@id\":\"https:\\\/\\\/eldigitaldeasturias.com\\\/magazine365\\\/#organization\"},\"image\":{\"@type\":\"ImageObject\",\"url\":\"https:\\\/\\\/eldigitaldeasturias.com\\\/magazine365\\\/wp-content\\\/uploads\\\/2015\\\/07\\\/fotonoticia_20150714141356_800.jpg\",\"width\":800,\"height\":600},\"datePublished\":\"2015-07-15T00:30:52+02:00\",\"dateModified\":\"2015-07-15T00:30:52+02:00\",\"inLanguage\":\"es-ES\",\"mainEntityOfPage\":{\"@id\":\"https:\\\/\\\/eldigitaldeasturias.com\\\/magazine365\\\/70-personas-participan-en-badajoz-en-una-expoconferencia-iberica-sobre-espacios-urbanos-inteligentes\\\/#webpage\"},\"isPartOf\":{\"@id\":\"https:\\\/\\\/eldigitaldeasturias.com\\\/magazine365\\\/70-personas-participan-en-badajoz-en-una-expoconferencia-iberica-sobre-espacios-urbanos-inteligentes\\\/#webpage\"},\"articleSection\":\"Actualidad Turismo\"},{\"@type\":\"BreadcrumbList\",\"@id\":\"https:\\\/\\\/eldigitaldeasturias.com\\\/magazine365\\\/70-personas-participan-en-badajoz-en-una-expoconferencia-iberica-sobre-espacios-urbanos-inteligentes\\\/#breadcrumblist\",\"itemListElement\":[{\"@type\":\"ListItem\",\"@id\":\"https:\\\/\\\/eldigitaldeasturias.com\\\/magazine365#listItem\",\"position\":1,\"name\":\"Home\",\"item\":\"https:\\\/\\\/eldigitaldeasturias.com\\\/magazine365\",\"nextItem\":{\"@type\":\"ListItem\",\"@id\":\"https:\\\/\\\/eldigitaldeasturias.com\\\/magazine365\\\/category\\\/actualidad-turismo\\\/#listItem\",\"name\":\"Actualidad Turismo\"}},{\"@type\":\"ListItem\",\"@id\":\"https:\\\/\\\/eldigitaldeasturias.com\\\/magazine365\\\/category\\\/actualidad-turismo\\\/#listItem\",\"position\":2,\"name\":\"Actualidad Turismo\",\"item\":\"https:\\\/\\\/eldigitaldeasturias.com\\\/magazine365\\\/category\\\/actualidad-turismo\\\/\",\"nextItem\":{\"@type\":\"ListItem\",\"@id\":\"https:\\\/\\\/eldigitaldeasturias.com\\\/magazine365\\\/70-personas-participan-en-badajoz-en-una-expoconferencia-iberica-sobre-espacios-urbanos-inteligentes\\\/#listItem\",\"name\":\"70 personas participan en Badajoz en una expoconferencia ib\\u00e9rica sobre espacios urbanos inteligentes\"},\"previousItem\":{\"@type\":\"ListItem\",\"@id\":\"https:\\\/\\\/eldigitaldeasturias.com\\\/magazine365#listItem\",\"name\":\"Home\"}},{\"@type\":\"ListItem\",\"@id\":\"https:\\\/\\\/eldigitaldeasturias.com\\\/magazine365\\\/70-personas-participan-en-badajoz-en-una-expoconferencia-iberica-sobre-espacios-urbanos-inteligentes\\\/#listItem\",\"position\":3,\"name\":\"70 personas participan en Badajoz en una expoconferencia ib\\u00e9rica sobre espacios urbanos inteligentes\",\"previousItem\":{\"@type\":\"ListItem\",\"@id\":\"https:\\\/\\\/eldigitaldeasturias.com\\\/magazine365\\\/category\\\/actualidad-turismo\\\/#listItem\",\"name\":\"Actualidad Turismo\"}}]},{\"@type\":\"Organization\",\"@id\":\"https:\\\/\\\/eldigitaldeasturias.com\\\/magazine365\\\/#organization\",\"name\":\"El digital de Asturias\",\"description\":\"Revista de ocio, turismo y estilo de vida\",\"url\":\"https:\\\/\\\/eldigitaldeasturias.com\\\/magazine365\\\/\",\"logo\":{\"@type\":\"ImageObject\",\"url\":\"https:\\\/\\\/www.eldigitaldeasturias.com\\\/noticias\\\/wp-content\\\/uploads\\\/2020\\\/12\\\/EDA.jpg\",\"@id\":\"https:\\\/\\\/eldigitaldeasturias.com\\\/magazine365\\\/70-personas-participan-en-badajoz-en-una-expoconferencia-iberica-sobre-espacios-urbanos-inteligentes\\\/#organizationLogo\"},\"image\":{\"@id\":\"https:\\\/\\\/eldigitaldeasturias.com\\\/magazine365\\\/70-personas-participan-en-badajoz-en-una-expoconferencia-iberica-sobre-espacios-urbanos-inteligentes\\\/#organizationLogo\"}},{\"@type\":\"Person\",\"@id\":\"https:\\\/\\\/eldigitaldeasturias.com\\\/magazine365\\\/author\\\/admin\\\/#author\",\"url\":\"https:\\\/\\\/eldigitaldeasturias.com\\\/magazine365\\\/author\\\/admin\\\/\",\"name\":\"admin\",\"image\":{\"@type\":\"ImageObject\",\"@id\":\"https:\\\/\\\/eldigitaldeasturias.com\\\/magazine365\\\/70-personas-participan-en-badajoz-en-una-expoconferencia-iberica-sobre-espacios-urbanos-inteligentes\\\/#authorImage\",\"url\":\"https:\\\/\\\/eldigitaldeasturias.com\\\/magazine365\\\/wp-content\\\/litespeed\\\/avatar\\\/e571bcf59a0edd6fa6838245a470f2fe.jpg?ver=1777574230\",\"width\":96,\"height\":96,\"caption\":\"admin\"}},{\"@type\":\"WebPage\",\"@id\":\"https:\\\/\\\/eldigitaldeasturias.com\\\/magazine365\\\/70-personas-participan-en-badajoz-en-una-expoconferencia-iberica-sobre-espacios-urbanos-inteligentes\\\/#webpage\",\"url\":\"https:\\\/\\\/eldigitaldeasturias.com\\\/magazine365\\\/70-personas-participan-en-badajoz-en-una-expoconferencia-iberica-sobre-espacios-urbanos-inteligentes\\\/\",\"name\":\"70 personas participan en Badajoz en una expoconferencia ib\\u00e9rica sobre espacios urbanos inteligentes | El Digital de Asturias\",\"description\":\"Unas 70 personas participan en Badajoz en una expoconferencia ib\\u00e9rica sobre espacios urbanos inteligentes organizada por la Escuela de Negocios ITAE, y que en su cuarta edici\\u00f3n aborda aplicaciones de la 'smart city' a la tecnolog\\u00eda e innovaci\\u00f3n o a la energ\\u00eda, eficiencia y medio ambiente. En declaraciones a los medios previas a su acto\",\"inLanguage\":\"es-ES\",\"isPartOf\":{\"@id\":\"https:\\\/\\\/eldigitaldeasturias.com\\\/magazine365\\\/#website\"},\"breadcrumb\":{\"@id\":\"https:\\\/\\\/eldigitaldeasturias.com\\\/magazine365\\\/70-personas-participan-en-badajoz-en-una-expoconferencia-iberica-sobre-espacios-urbanos-inteligentes\\\/#breadcrumblist\"},\"author\":{\"@id\":\"https:\\\/\\\/eldigitaldeasturias.com\\\/magazine365\\\/author\\\/admin\\\/#author\"},\"creator\":{\"@id\":\"https:\\\/\\\/eldigitaldeasturias.com\\\/magazine365\\\/author\\\/admin\\\/#author\"},\"image\":{\"@type\":\"ImageObject\",\"url\":\"https:\\\/\\\/eldigitaldeasturias.com\\\/magazine365\\\/wp-content\\\/uploads\\\/2015\\\/07\\\/fotonoticia_20150714141356_800.jpg\",\"@id\":\"https:\\\/\\\/eldigitaldeasturias.com\\\/magazine365\\\/70-personas-participan-en-badajoz-en-una-expoconferencia-iberica-sobre-espacios-urbanos-inteligentes\\\/#mainImage\",\"width\":800,\"height\":600},\"primaryImageOfPage\":{\"@id\":\"https:\\\/\\\/eldigitaldeasturias.com\\\/magazine365\\\/70-personas-participan-en-badajoz-en-una-expoconferencia-iberica-sobre-espacios-urbanos-inteligentes\\\/#mainImage\"},\"datePublished\":\"2015-07-15T00:30:52+02:00\",\"dateModified\":\"2015-07-15T00:30:52+02:00\"},{\"@type\":\"WebSite\",\"@id\":\"https:\\\/\\\/eldigitaldeasturias.com\\\/magazine365\\\/#website\",\"url\":\"https:\\\/\\\/eldigitaldeasturias.com\\\/magazine365\\\/\",\"name\":\"El Digital de Asturias\",\"description\":\"Revista de ocio, turismo y estilo de vida\",\"inLanguage\":\"es-ES\",\"publisher\":{\"@id\":\"https:\\\/\\\/eldigitaldeasturias.com\\\/magazine365\\\/#organization\"}}]}\n\t\t<\/script>\n\t\t<!-- All in One SEO Pro -->\r\n\t\t<title>70 personas participan en Badajoz en una expoconferencia ib\u00e9rica sobre espacios urbanos inteligentes | El Digital de Asturias<\/title>\n\n","aioseo_head_json":{"title":"70 personas participan en Badajoz en una expoconferencia ib\u00e9rica sobre espacios urbanos inteligentes | El Digital de Asturias","description":"Unas 70 personas participan en Badajoz en una expoconferencia ib\u00e9rica sobre espacios urbanos inteligentes organizada por la Escuela de Negocios ITAE, y que en su cuarta edici\u00f3n aborda aplicaciones de la 'smart city' a la tecnolog\u00eda e innovaci\u00f3n o a la energ\u00eda, eficiencia y medio ambiente. En declaraciones a los medios previas a su acto","canonical_url":"https:\/\/eldigitaldeasturias.com\/magazine365\/70-personas-participan-en-badajoz-en-una-expoconferencia-iberica-sobre-espacios-urbanos-inteligentes\/","robots":"max-image-preview:large","keywords":"actualidad turismo","webmasterTools":{"google-site-verification":"UA-38556648-1","miscellaneous":""},"schema":{"@context":"https:\/\/schema.org","@graph":[{"@type":"Article","@id":"https:\/\/eldigitaldeasturias.com\/magazine365\/70-personas-participan-en-badajoz-en-una-expoconferencia-iberica-sobre-espacios-urbanos-inteligentes\/#article","name":"70 personas participan en Badajoz en una expoconferencia ib\u00e9rica sobre espacios urbanos inteligentes | El Digital de Asturias","headline":"70 personas participan en Badajoz en una expoconferencia ib\u00e9rica sobre espacios urbanos inteligentes","author":{"@id":"https:\/\/eldigitaldeasturias.com\/magazine365\/author\/admin\/#author"},"publisher":{"@id":"https:\/\/eldigitaldeasturias.com\/magazine365\/#organization"},"image":{"@type":"ImageObject","url":"https:\/\/eldigitaldeasturias.com\/magazine365\/wp-content\/uploads\/2015\/07\/fotonoticia_20150714141356_800.jpg","width":800,"height":600},"datePublished":"2015-07-15T00:30:52+02:00","dateModified":"2015-07-15T00:30:52+02:00","inLanguage":"es-ES","mainEntityOfPage":{"@id":"https:\/\/eldigitaldeasturias.com\/magazine365\/70-personas-participan-en-badajoz-en-una-expoconferencia-iberica-sobre-espacios-urbanos-inteligentes\/#webpage"},"isPartOf":{"@id":"https:\/\/eldigitaldeasturias.com\/magazine365\/70-personas-participan-en-badajoz-en-una-expoconferencia-iberica-sobre-espacios-urbanos-inteligentes\/#webpage"},"articleSection":"Actualidad Turismo"},{"@type":"BreadcrumbList","@id":"https:\/\/eldigitaldeasturias.com\/magazine365\/70-personas-participan-en-badajoz-en-una-expoconferencia-iberica-sobre-espacios-urbanos-inteligentes\/#breadcrumblist","itemListElement":[{"@type":"ListItem","@id":"https:\/\/eldigitaldeasturias.com\/magazine365#listItem","position":1,"name":"Home","item":"https:\/\/eldigitaldeasturias.com\/magazine365","nextItem":{"@type":"ListItem","@id":"https:\/\/eldigitaldeasturias.com\/magazine365\/category\/actualidad-turismo\/#listItem","name":"Actualidad Turismo"}},{"@type":"ListItem","@id":"https:\/\/eldigitaldeasturias.com\/magazine365\/category\/actualidad-turismo\/#listItem","position":2,"name":"Actualidad Turismo","item":"https:\/\/eldigitaldeasturias.com\/magazine365\/category\/actualidad-turismo\/","nextItem":{"@type":"ListItem","@id":"https:\/\/eldigitaldeasturias.com\/magazine365\/70-personas-participan-en-badajoz-en-una-expoconferencia-iberica-sobre-espacios-urbanos-inteligentes\/#listItem","name":"70 personas participan en Badajoz en una expoconferencia ib\u00e9rica sobre espacios urbanos inteligentes"},"previousItem":{"@type":"ListItem","@id":"https:\/\/eldigitaldeasturias.com\/magazine365#listItem","name":"Home"}},{"@type":"ListItem","@id":"https:\/\/eldigitaldeasturias.com\/magazine365\/70-personas-participan-en-badajoz-en-una-expoconferencia-iberica-sobre-espacios-urbanos-inteligentes\/#listItem","position":3,"name":"70 personas participan en Badajoz en una expoconferencia ib\u00e9rica sobre espacios urbanos inteligentes","previousItem":{"@type":"ListItem","@id":"https:\/\/eldigitaldeasturias.com\/magazine365\/category\/actualidad-turismo\/#listItem","name":"Actualidad Turismo"}}]},{"@type":"Organization","@id":"https:\/\/eldigitaldeasturias.com\/magazine365\/#organization","name":"El digital de Asturias","description":"Revista de ocio, turismo y estilo de vida","url":"https:\/\/eldigitaldeasturias.com\/magazine365\/","logo":{"@type":"ImageObject","url":"https:\/\/www.eldigitaldeasturias.com\/noticias\/wp-content\/uploads\/2020\/12\/EDA.jpg","@id":"https:\/\/eldigitaldeasturias.com\/magazine365\/70-personas-participan-en-badajoz-en-una-expoconferencia-iberica-sobre-espacios-urbanos-inteligentes\/#organizationLogo"},"image":{"@id":"https:\/\/eldigitaldeasturias.com\/magazine365\/70-personas-participan-en-badajoz-en-una-expoconferencia-iberica-sobre-espacios-urbanos-inteligentes\/#organizationLogo"}},{"@type":"Person","@id":"https:\/\/eldigitaldeasturias.com\/magazine365\/author\/admin\/#author","url":"https:\/\/eldigitaldeasturias.com\/magazine365\/author\/admin\/","name":"admin","image":{"@type":"ImageObject","@id":"https:\/\/eldigitaldeasturias.com\/magazine365\/70-personas-participan-en-badajoz-en-una-expoconferencia-iberica-sobre-espacios-urbanos-inteligentes\/#authorImage","url":"https:\/\/eldigitaldeasturias.com\/magazine365\/wp-content\/litespeed\/avatar\/e571bcf59a0edd6fa6838245a470f2fe.jpg?ver=1777574230","width":96,"height":96,"caption":"admin"}},{"@type":"WebPage","@id":"https:\/\/eldigitaldeasturias.com\/magazine365\/70-personas-participan-en-badajoz-en-una-expoconferencia-iberica-sobre-espacios-urbanos-inteligentes\/#webpage","url":"https:\/\/eldigitaldeasturias.com\/magazine365\/70-personas-participan-en-badajoz-en-una-expoconferencia-iberica-sobre-espacios-urbanos-inteligentes\/","name":"70 personas participan en Badajoz en una expoconferencia ib\u00e9rica sobre espacios urbanos inteligentes | El Digital de Asturias","description":"Unas 70 personas participan en Badajoz en una expoconferencia ib\u00e9rica sobre espacios urbanos inteligentes organizada por la Escuela de Negocios ITAE, y que en su cuarta edici\u00f3n aborda aplicaciones de la 'smart city' a la tecnolog\u00eda e innovaci\u00f3n o a la energ\u00eda, eficiencia y medio ambiente. En declaraciones a los medios previas a su acto","inLanguage":"es-ES","isPartOf":{"@id":"https:\/\/eldigitaldeasturias.com\/magazine365\/#website"},"breadcrumb":{"@id":"https:\/\/eldigitaldeasturias.com\/magazine365\/70-personas-participan-en-badajoz-en-una-expoconferencia-iberica-sobre-espacios-urbanos-inteligentes\/#breadcrumblist"},"author":{"@id":"https:\/\/eldigitaldeasturias.com\/magazine365\/author\/admin\/#author"},"creator":{"@id":"https:\/\/eldigitaldeasturias.com\/magazine365\/author\/admin\/#author"},"image":{"@type":"ImageObject","url":"https:\/\/eldigitaldeasturias.com\/magazine365\/wp-content\/uploads\/2015\/07\/fotonoticia_20150714141356_800.jpg","@id":"https:\/\/eldigitaldeasturias.com\/magazine365\/70-personas-participan-en-badajoz-en-una-expoconferencia-iberica-sobre-espacios-urbanos-inteligentes\/#mainImage","width":800,"height":600},"primaryImageOfPage":{"@id":"https:\/\/eldigitaldeasturias.com\/magazine365\/70-personas-participan-en-badajoz-en-una-expoconferencia-iberica-sobre-espacios-urbanos-inteligentes\/#mainImage"},"datePublished":"2015-07-15T00:30:52+02:00","dateModified":"2015-07-15T00:30:52+02:00"},{"@type":"WebSite","@id":"https:\/\/eldigitaldeasturias.com\/magazine365\/#website","url":"https:\/\/eldigitaldeasturias.com\/magazine365\/","name":"El Digital de Asturias","description":"Revista de ocio, turismo y estilo de vida","inLanguage":"es-ES","publisher":{"@id":"https:\/\/eldigitaldeasturias.com\/magazine365\/#organization"}}]},"og:locale":"es_ES","og:site_name":"El Digital de Asturias \u2013 Revista de ocio, turismo y estilo de vida","og:type":"article","og:title":"70 personas participan en Badajoz en una expoconferencia ib\u00e9rica sobre espacios urbanos inteligentes | El Digital de Asturias","og:description":"Unas 70 personas participan en Badajoz en una expoconferencia ib\u00e9rica sobre espacios urbanos inteligentes organizada por la Escuela de Negocios ITAE, y que en su cuarta edici\u00f3n aborda aplicaciones de la 'smart city' a la tecnolog\u00eda e innovaci\u00f3n o a la energ\u00eda, eficiencia y medio ambiente. En declaraciones a los medios previas a su acto","og:url":"https:\/\/eldigitaldeasturias.com\/magazine365\/70-personas-participan-en-badajoz-en-una-expoconferencia-iberica-sobre-espacios-urbanos-inteligentes\/","og:image":"https:\/\/eldigitaldeasturias.com\/magazine365\/wp-content\/uploads\/2015\/07\/fotonoticia_20150714141356_800.jpg","og:image:secure_url":"https:\/\/eldigitaldeasturias.com\/magazine365\/wp-content\/uploads\/2015\/07\/fotonoticia_20150714141356_800.jpg","og:image:width":800,"og:image:height":600,"article:published_time":"2015-07-14T22:30:52+00:00","article:modified_time":"2015-07-14T22:30:52+00:00","twitter:card":"summary_large_image","twitter:title":"70 personas participan en Badajoz en una expoconferencia ib\u00e9rica sobre espacios urbanos inteligentes | El Digital de Asturias","twitter:description":"Unas 70 personas participan en Badajoz en una expoconferencia ib\u00e9rica sobre espacios urbanos inteligentes organizada por la Escuela de Negocios ITAE, y que en su cuarta edici\u00f3n aborda aplicaciones de la 'smart city' a la tecnolog\u00eda e innovaci\u00f3n o a la energ\u00eda, eficiencia y medio ambiente. En declaraciones a los medios previas a su acto","twitter:image":"https:\/\/eldigitaldeasturias.com\/magazine365\/wp-content\/uploads\/2015\/07\/fotonoticia_20150714141356_800.jpg"},"aioseo_meta_data":{"post_id":"42651","title":null,"description":null,"keywords":null,"keyphrases":null,"primary_term":null,"canonical_url":null,"og_title":null,"og_description":null,"og_object_type":"default","og_image_type":"default","og_image_url":null,"og_image_width":null,"og_image_height":null,"og_image_custom_url":null,"og_image_custom_fields":null,"og_video":null,"og_custom_url":null,"og_article_section":null,"og_article_tags":null,"twitter_use_og":false,"twitter_card":"default","twitter_image_type":"default","twitter_image_url":null,"twitter_image_custom_url":null,"twitter_image_custom_fields":null,"twitter_title":null,"twitter_description":null,"schema":{"blockGraphs":[],"customGraphs":[],"default":{"data":{"Article":[],"Course":[],"Dataset":[],"FAQPage":[],"Movie":[],"Person":[],"Product":[],"ProductReview":[],"Car":[],"Recipe":[],"Service":[],"SoftwareApplication":[],"WebPage":[]},"graphName":"","isEnabled":true},"graphs":[],"defaultGraph":"","defaultPostTypeGraph":""},"schema_type":null,"schema_type_options":null,"pillar_content":false,"robots_default":true,"robots_noindex":false,"robots_noarchive":false,"robots_nosnippet":false,"robots_nofollow":false,"robots_noimageindex":false,"robots_noodp":false,"robots_notranslate":false,"robots_max_snippet":null,"robots_max_videopreview":null,"robots_max_imagepreview":"large","priority":null,"frequency":null,"location":null,"local_seo":null,"seo_analyzer_scan_date":"2025-09-19 18:10:57","breadcrumb_settings":null,"limit_modified_date":false,"open_ai":null,"ai":null,"created":"2021-03-09 01:57:46","updated":"2025-09-19 18:10:57"},"aioseo_breadcrumb":"<div class=\"aioseo-breadcrumbs\"><span class=\"aioseo-breadcrumb\">\n\t<a href=\"https:\/\/eldigitaldeasturias.com\/magazine365\" title=\"Home\">Home<\/a>\n<\/span><span class=\"aioseo-breadcrumb-separator\">\u2013<\/span><span class=\"aioseo-breadcrumb\">\n\t<a href=\"https:\/\/eldigitaldeasturias.com\/magazine365\/category\/actualidad-turismo\/\" title=\"Actualidad Turismo\">Actualidad Turismo<\/a>\n<\/span><span class=\"aioseo-breadcrumb-separator\">\u2013<\/span><span class=\"aioseo-breadcrumb\">\n\t<a href=\"https:\/\/eldigitaldeasturias.com\/magazine365\/70-personas-participan-en-badajoz-en-una-expoconferencia-iberica-sobre-espacios-urbanos-inteligentes\/\" title=\"70 personas participan en Badajoz en una expoconferencia ib\u00e9rica sobre espacios urbanos inteligentes\">70 personas participan en Badajoz en una expoconferencia ib\u00e9rica sobre espacios urbanos inteligentes<\/a>\n<\/span><\/div>","aioseo_breadcrumb_json":[{"label":"Home","link":"https:\/\/eldigitaldeasturias.com\/magazine365"},{"label":"Actualidad Turismo","link":"https:\/\/eldigitaldeasturias.com\/magazine365\/category\/actualidad-turismo\/"},{"label":"70 personas participan en Badajoz en una expoconferencia ib\u00e9rica sobre espacios urbanos inteligentes","link":"https:\/\/eldigitaldeasturias.com\/magazine365\/70-personas-participan-en-badajoz-en-una-expoconferencia-iberica-sobre-espacios-urbanos-inteligentes\/"}],"_links":{"self":[{"href":"https:\/\/eldigitaldeasturias.com\/magazine365\/wp-json\/wp\/v2\/posts\/42651","targetHints":{"allow":["GET"]}}],"collection":[{"href":"https:\/\/eldigitaldeasturias.com\/magazine365\/wp-json\/wp\/v2\/posts"}],"about":[{"href":"https:\/\/eldigitaldeasturias.com\/magazine365\/wp-json\/wp\/v2\/types\/post"}],"author":[{"embeddable":true,"href":"https:\/\/eldigitaldeasturias.com\/magazine365\/wp-json\/wp\/v2\/users\/1"}],"replies":[{"embeddable":true,"href":"https:\/\/eldigitaldeasturias.com\/magazine365\/wp-json\/wp\/v2\/comments?post=42651"}],"version-history":[{"count":0,"href":"https:\/\/eldigitaldeasturias.com\/magazine365\/wp-json\/wp\/v2\/posts\/42651\/revisions"}],"wp:featuredmedia":[{"embeddable":true,"href":"https:\/\/eldigitaldeasturias.com\/magazine365\/wp-json\/wp\/v2\/media\/42652"}],"wp:attachment":[{"href":"https:\/\/eldigitaldeasturias.com\/magazine365\/wp-json\/wp\/v2\/media?parent=42651"}],"wp:term":[{"taxonomy":"category","embeddable":true,"href":"https:\/\/eldigitaldeasturias.com\/magazine365\/wp-json\/wp\/v2\/categories?post=42651"},{"taxonomy":"post_tag","embeddable":true,"href":"https:\/\/eldigitaldeasturias.com\/magazine365\/wp-json\/wp\/v2\/tags?post=42651"}],"curies":[{"name":"wp","href":"https:\/\/api.w.org\/{rel}","templated":true}]}}