{"id":42648,"date":"2015-07-15T00:29:27","date_gmt":"2015-07-14T22:29:27","guid":{"rendered":"http:\/\/eldigitaldeasturias.com\/magazine365\/?p=42648"},"modified":"2015-07-15T00:29:27","modified_gmt":"2015-07-14T22:29:27","slug":"la-red-foral-de-bidegorris-incorpora-cinco-nuevos-tramos-ciclista-en-guipuzcoa","status":"publish","type":"post","link":"https:\/\/eldigitaldeasturias.com\/magazine365\/la-red-foral-de-bidegorris-incorpora-cinco-nuevos-tramos-ciclista-en-guipuzcoa\/","title":{"rendered":"La Red Foral de Bidegorris incorpora cinco nuevos tramos ciclista en Guip\u00fazcoa"},"content":{"rendered":"<p><img fetchpriority=\"high\" decoding=\"async\" class=\"alignleft size-medium wp-image-42649\" src=\"https:\/\/eldigitaldeasturias.com\/magazine365\/wp-content\/uploads\/2015\/07\/fotonoticia_20150714141318_800-360x270.jpg\" alt=\"fotonoticia_20150714141318_800\" width=\"360\" height=\"270\" srcset=\"https:\/\/eldigitaldeasturias.com\/magazine365\/wp-content\/uploads\/2015\/07\/fotonoticia_20150714141318_800-360x270.jpg 360w, https:\/\/eldigitaldeasturias.com\/magazine365\/wp-content\/uploads\/2015\/07\/fotonoticia_20150714141318_800-650x488.jpg 650w, https:\/\/eldigitaldeasturias.com\/magazine365\/wp-content\/uploads\/2015\/07\/fotonoticia_20150714141318_800-768x576.jpg 768w, https:\/\/eldigitaldeasturias.com\/magazine365\/wp-content\/uploads\/2015\/07\/fotonoticia_20150714141318_800-150x113.jpg 150w, https:\/\/eldigitaldeasturias.com\/magazine365\/wp-content\/uploads\/2015\/07\/fotonoticia_20150714141318_800-450x338.jpg 450w, https:\/\/eldigitaldeasturias.com\/magazine365\/wp-content\/uploads\/2015\/07\/fotonoticia_20150714141318_800-80x60.jpg 80w, https:\/\/eldigitaldeasturias.com\/magazine365\/wp-content\/uploads\/2015\/07\/fotonoticia_20150714141318_800-265x198.jpg 265w, https:\/\/eldigitaldeasturias.com\/magazine365\/wp-content\/uploads\/2015\/07\/fotonoticia_20150714141318_800-696x522.jpg 696w, https:\/\/eldigitaldeasturias.com\/magazine365\/wp-content\/uploads\/2015\/07\/fotonoticia_20150714141318_800-560x420.jpg 560w, https:\/\/eldigitaldeasturias.com\/magazine365\/wp-content\/uploads\/2015\/07\/fotonoticia_20150714141318_800-90x67.jpg 90w, https:\/\/eldigitaldeasturias.com\/magazine365\/wp-content\/uploads\/2015\/07\/fotonoticia_20150714141318_800-100x75.jpg 100w, https:\/\/eldigitaldeasturias.com\/magazine365\/wp-content\/uploads\/2015\/07\/fotonoticia_20150714141318_800.jpg 800w\" sizes=\"(max-width: 360px) 100vw, 360px\" \/>El Consejo de Diputados de la Diputaci\u00f3n de Guip\u00fazcoa ha aprobado este martes un decreto foral por el que se incorporan cinco nuevos tramos de v\u00eda ciclista y peatonal reci\u00e9n construidos a la Red de V\u00edas Ciclistas Forales de Gipuzkoa. Los tramos de San Sebasti\u00e1n-Lasarte Oria, Itsasondo-Ordizia, Bergara-Elorregi, Zestoa-Azpeitia y Astigarraga-Hernani se han puesto en servicio recientemente y el coste de los mismos asciende a 3,9 millones de euros.<\/p>\n<p>La diputada de Movilidad y Ordenaci\u00f3n del Territorio, Marisol Garmendia, ha destacado que la v\u00eda ciclista y peatonal de 1.257 metros de longitud entre la rotonda de Errekalde en el barrio A\u00f1orga y la zona de Urbil \u00abes un tramo muy relevante\u00bb porque \u00abcompleta la red de bidegorris de Donostialdea y se garantiza la continuidad\u00bb hasta la localidad guipuzcoana de Lasarte-Oria.<\/p>\n<p>Este nuevo tramo remata las conexiones ciclistas metropolitanas \u00abbeneficiando a un volumen muy importante de ciudadanos de Donostialdea que escogen la bicicleta como medio de transporte\u00bb, ha se\u00f1alado.<\/p>\n<p>Tambi\u00e9n ha sido aprobado y puesto en marcha recientemente un bidegorri de 1.136 metros de longitud que comunica el paseo de Txalaka en Astigarraga con el pol\u00edgono industrial de Akarregi en Hernani.<\/p>\n<p>El tercer bidegorri aprobado pertenece al tramo Itsando-Ordizia. Con una longitud de 1.443 metros, atraviesa el casco urbano de Itsasondo y llega al entorno urbano de Ordizia. Garmendia ha apuntado que este recorrido \u00abcompleta otro de los grandes ejes ciclistas de Gipuzkoa, concretamente el de la zona de Goierri, para el uso de un gran n\u00facleo de poblaci\u00f3n\u00bb.<\/p>\n<p>Otro de los recorridos puestos en funcionamiento es el que discurre sobre el trazado del antiguo ferrocarril del Urola desde el apeadero del balneario de Zestoa hasta el pol\u00edgono industrial de de Lasao, de 1.729 metros de longitud.<\/p>\n<p>La v\u00eda de mayor longitud, con 2.549 metros, de las aprobadas en este decreto discurre en su mayor parte por el trazado del antiguo ferrocarril Maltzaga-Vitoria, desde el final de la calle Ibarra en la localidad de Bergara hasta los terrenos de la empresa Tavesa.<\/p>\n<p>UN 46% DE LA RED<\/p>\n<p>Con estos cinco nuevos tramos se completa el 46% de la Red B\u00e1sica de V\u00edas Ciclistas de Gipuzkoa, que incluye tramos de titularidad foral y municipal, alcanz\u00e1ndose los 203,2 kil\u00f3metros operativos de los 439,1 km totales previstos.<\/p>\n<p>El presupuesto de estos cinco nuevos bidegorris aprobados en este decreto foral es de 3.992.794 euros. El nuevo recorrido entre Errekade y Lasarte Oria ha costado 689.149 euros, el de Astigarraga-Hernani 623.200 euros, el perteneciente al Itsasondo-Ordizia 1.705.800 euros, el Zestoa-Azpeitia 231.682 euros y el tramo entre Bergara y Elorregi 742.963 euros. En este momento est\u00e1 en construcci\u00f3n el tramo Tolosa-Anoeta.<\/p>\n","protected":false},"excerpt":{"rendered":"<p>El Consejo de Diputados de la Diputaci\u00f3n de Guip\u00fazcoa ha aprobado este martes un decreto foral por el que se incorporan cinco nuevos tramos de v\u00eda ciclista y peatonal reci\u00e9n construidos a la Red de V\u00edas Ciclistas Forales de Gipuzkoa. Los tramos de San Sebasti\u00e1n-Lasarte Oria, Itsasondo-Ordizia, Bergara-Elorregi, Zestoa-Azpeitia y Astigarraga-Hernani se han puesto en<\/p>\n","protected":false},"author":1,"featured_media":42649,"comment_status":"open","ping_status":"closed","sticky":false,"template":"","format":"standard","meta":{"footnotes":""},"categories":[222],"tags":[],"class_list":{"0":"post-42648","1":"post","2":"type-post","3":"status-publish","4":"format-standard","5":"has-post-thumbnail","7":"category-actualidad-turismo"},"aioseo_notices":[],"aioseo_head":"\n\t\t<!-- All in One SEO Pro 4.9.6.1 - aioseo.com -->\n\t<meta name=\"description\" content=\"El Consejo de Diputados de la Diputaci\u00f3n de Guip\u00fazcoa ha aprobado este martes un decreto foral por el que se incorporan cinco nuevos tramos de v\u00eda ciclista y peatonal reci\u00e9n construidos a la Red de V\u00edas Ciclistas Forales de Gipuzkoa. Los tramos de San Sebasti\u00e1n-Lasarte Oria, Itsasondo-Ordizia, Bergara-Elorregi, Zestoa-Azpeitia y Astigarraga-Hernani se han puesto en\" \/>\n\t<meta name=\"robots\" content=\"max-image-preview:large\" \/>\n\t<meta name=\"author\" content=\"admin\"\/>\n\t<meta name=\"google-site-verification\" content=\"UA-38556648-1\" \/>\n\t<meta name=\"keywords\" content=\"actualidad turismo\" \/>\n\t<link rel=\"canonical\" href=\"https:\/\/eldigitaldeasturias.com\/magazine365\/la-red-foral-de-bidegorris-incorpora-cinco-nuevos-tramos-ciclista-en-guipuzcoa\/\" \/>\n\t<meta name=\"generator\" content=\"All in One SEO Pro (AIOSEO) 4.9.6.1\" \/>\n\t\t<meta property=\"og:locale\" content=\"es_ES\" \/>\n\t\t<meta property=\"og:site_name\" content=\"El Digital de Asturias \u2013 Revista de ocio, turismo y estilo de vida\" \/>\n\t\t<meta property=\"og:type\" content=\"article\" \/>\n\t\t<meta property=\"og:title\" content=\"La Red Foral de Bidegorris incorpora cinco nuevos tramos ciclista en Guip\u00fazcoa | El Digital de Asturias\" \/>\n\t\t<meta property=\"og:description\" content=\"El Consejo de Diputados de la Diputaci\u00f3n de Guip\u00fazcoa ha aprobado este martes un decreto foral por el que se incorporan cinco nuevos tramos de v\u00eda ciclista y peatonal reci\u00e9n construidos a la Red de V\u00edas Ciclistas Forales de Gipuzkoa. Los tramos de San Sebasti\u00e1n-Lasarte Oria, Itsasondo-Ordizia, Bergara-Elorregi, Zestoa-Azpeitia y Astigarraga-Hernani se han puesto en\" \/>\n\t\t<meta property=\"og:url\" content=\"https:\/\/eldigitaldeasturias.com\/magazine365\/la-red-foral-de-bidegorris-incorpora-cinco-nuevos-tramos-ciclista-en-guipuzcoa\/\" \/>\n\t\t<meta property=\"og:image\" content=\"https:\/\/eldigitaldeasturias.com\/magazine365\/wp-content\/uploads\/2015\/07\/fotonoticia_20150714141318_800.jpg\" \/>\n\t\t<meta property=\"og:image:secure_url\" content=\"https:\/\/eldigitaldeasturias.com\/magazine365\/wp-content\/uploads\/2015\/07\/fotonoticia_20150714141318_800.jpg\" \/>\n\t\t<meta property=\"og:image:width\" content=\"800\" \/>\n\t\t<meta property=\"og:image:height\" content=\"600\" \/>\n\t\t<meta property=\"article:published_time\" content=\"2015-07-14T22:29:27+00:00\" \/>\n\t\t<meta property=\"article:modified_time\" content=\"2015-07-14T22:29:27+00:00\" \/>\n\t\t<meta name=\"twitter:card\" content=\"summary_large_image\" \/>\n\t\t<meta name=\"twitter:title\" content=\"La Red Foral de Bidegorris incorpora cinco nuevos tramos ciclista en Guip\u00fazcoa | El Digital de Asturias\" \/>\n\t\t<meta name=\"twitter:description\" content=\"El Consejo de Diputados de la Diputaci\u00f3n de Guip\u00fazcoa ha aprobado este martes un decreto foral por el que se incorporan cinco nuevos tramos de v\u00eda ciclista y peatonal reci\u00e9n construidos a la Red de V\u00edas Ciclistas Forales de Gipuzkoa. Los tramos de San Sebasti\u00e1n-Lasarte Oria, Itsasondo-Ordizia, Bergara-Elorregi, Zestoa-Azpeitia y Astigarraga-Hernani se han puesto en\" \/>\n\t\t<meta name=\"twitter:image\" content=\"https:\/\/eldigitaldeasturias.com\/magazine365\/wp-content\/uploads\/2015\/07\/fotonoticia_20150714141318_800.jpg\" \/>\n\t\t<script type=\"application\/ld+json\" class=\"aioseo-schema\">\n\t\t\t{\"@context\":\"https:\\\/\\\/schema.org\",\"@graph\":[{\"@type\":\"Article\",\"@id\":\"https:\\\/\\\/eldigitaldeasturias.com\\\/magazine365\\\/la-red-foral-de-bidegorris-incorpora-cinco-nuevos-tramos-ciclista-en-guipuzcoa\\\/#article\",\"name\":\"La Red Foral de Bidegorris incorpora cinco nuevos tramos ciclista en Guip\\u00fazcoa | El Digital de Asturias\",\"headline\":\"La Red Foral de Bidegorris incorpora cinco nuevos tramos ciclista en Guip\\u00fazcoa\",\"author\":{\"@id\":\"https:\\\/\\\/eldigitaldeasturias.com\\\/magazine365\\\/author\\\/admin\\\/#author\"},\"publisher\":{\"@id\":\"https:\\\/\\\/eldigitaldeasturias.com\\\/magazine365\\\/#organization\"},\"image\":{\"@type\":\"ImageObject\",\"url\":\"https:\\\/\\\/eldigitaldeasturias.com\\\/magazine365\\\/wp-content\\\/uploads\\\/2015\\\/07\\\/fotonoticia_20150714141318_800.jpg\",\"width\":800,\"height\":600},\"datePublished\":\"2015-07-15T00:29:27+02:00\",\"dateModified\":\"2015-07-15T00:29:27+02:00\",\"inLanguage\":\"es-ES\",\"mainEntityOfPage\":{\"@id\":\"https:\\\/\\\/eldigitaldeasturias.com\\\/magazine365\\\/la-red-foral-de-bidegorris-incorpora-cinco-nuevos-tramos-ciclista-en-guipuzcoa\\\/#webpage\"},\"isPartOf\":{\"@id\":\"https:\\\/\\\/eldigitaldeasturias.com\\\/magazine365\\\/la-red-foral-de-bidegorris-incorpora-cinco-nuevos-tramos-ciclista-en-guipuzcoa\\\/#webpage\"},\"articleSection\":\"Actualidad Turismo\"},{\"@type\":\"BreadcrumbList\",\"@id\":\"https:\\\/\\\/eldigitaldeasturias.com\\\/magazine365\\\/la-red-foral-de-bidegorris-incorpora-cinco-nuevos-tramos-ciclista-en-guipuzcoa\\\/#breadcrumblist\",\"itemListElement\":[{\"@type\":\"ListItem\",\"@id\":\"https:\\\/\\\/eldigitaldeasturias.com\\\/magazine365#listItem\",\"position\":1,\"name\":\"Home\",\"item\":\"https:\\\/\\\/eldigitaldeasturias.com\\\/magazine365\",\"nextItem\":{\"@type\":\"ListItem\",\"@id\":\"https:\\\/\\\/eldigitaldeasturias.com\\\/magazine365\\\/category\\\/actualidad-turismo\\\/#listItem\",\"name\":\"Actualidad Turismo\"}},{\"@type\":\"ListItem\",\"@id\":\"https:\\\/\\\/eldigitaldeasturias.com\\\/magazine365\\\/category\\\/actualidad-turismo\\\/#listItem\",\"position\":2,\"name\":\"Actualidad Turismo\",\"item\":\"https:\\\/\\\/eldigitaldeasturias.com\\\/magazine365\\\/category\\\/actualidad-turismo\\\/\",\"nextItem\":{\"@type\":\"ListItem\",\"@id\":\"https:\\\/\\\/eldigitaldeasturias.com\\\/magazine365\\\/la-red-foral-de-bidegorris-incorpora-cinco-nuevos-tramos-ciclista-en-guipuzcoa\\\/#listItem\",\"name\":\"La Red Foral de Bidegorris incorpora cinco nuevos tramos ciclista en Guip\\u00fazcoa\"},\"previousItem\":{\"@type\":\"ListItem\",\"@id\":\"https:\\\/\\\/eldigitaldeasturias.com\\\/magazine365#listItem\",\"name\":\"Home\"}},{\"@type\":\"ListItem\",\"@id\":\"https:\\\/\\\/eldigitaldeasturias.com\\\/magazine365\\\/la-red-foral-de-bidegorris-incorpora-cinco-nuevos-tramos-ciclista-en-guipuzcoa\\\/#listItem\",\"position\":3,\"name\":\"La Red Foral de Bidegorris incorpora cinco nuevos tramos ciclista en Guip\\u00fazcoa\",\"previousItem\":{\"@type\":\"ListItem\",\"@id\":\"https:\\\/\\\/eldigitaldeasturias.com\\\/magazine365\\\/category\\\/actualidad-turismo\\\/#listItem\",\"name\":\"Actualidad Turismo\"}}]},{\"@type\":\"Organization\",\"@id\":\"https:\\\/\\\/eldigitaldeasturias.com\\\/magazine365\\\/#organization\",\"name\":\"El digital de Asturias\",\"description\":\"Revista de ocio, turismo y estilo de vida\",\"url\":\"https:\\\/\\\/eldigitaldeasturias.com\\\/magazine365\\\/\",\"logo\":{\"@type\":\"ImageObject\",\"url\":\"https:\\\/\\\/www.eldigitaldeasturias.com\\\/noticias\\\/wp-content\\\/uploads\\\/2020\\\/12\\\/EDA.jpg\",\"@id\":\"https:\\\/\\\/eldigitaldeasturias.com\\\/magazine365\\\/la-red-foral-de-bidegorris-incorpora-cinco-nuevos-tramos-ciclista-en-guipuzcoa\\\/#organizationLogo\"},\"image\":{\"@id\":\"https:\\\/\\\/eldigitaldeasturias.com\\\/magazine365\\\/la-red-foral-de-bidegorris-incorpora-cinco-nuevos-tramos-ciclista-en-guipuzcoa\\\/#organizationLogo\"}},{\"@type\":\"Person\",\"@id\":\"https:\\\/\\\/eldigitaldeasturias.com\\\/magazine365\\\/author\\\/admin\\\/#author\",\"url\":\"https:\\\/\\\/eldigitaldeasturias.com\\\/magazine365\\\/author\\\/admin\\\/\",\"name\":\"admin\",\"image\":{\"@type\":\"ImageObject\",\"@id\":\"https:\\\/\\\/eldigitaldeasturias.com\\\/magazine365\\\/la-red-foral-de-bidegorris-incorpora-cinco-nuevos-tramos-ciclista-en-guipuzcoa\\\/#authorImage\",\"url\":\"https:\\\/\\\/eldigitaldeasturias.com\\\/magazine365\\\/wp-content\\\/litespeed\\\/avatar\\\/e571bcf59a0edd6fa6838245a470f2fe.jpg?ver=1777574230\",\"width\":96,\"height\":96,\"caption\":\"admin\"}},{\"@type\":\"WebPage\",\"@id\":\"https:\\\/\\\/eldigitaldeasturias.com\\\/magazine365\\\/la-red-foral-de-bidegorris-incorpora-cinco-nuevos-tramos-ciclista-en-guipuzcoa\\\/#webpage\",\"url\":\"https:\\\/\\\/eldigitaldeasturias.com\\\/magazine365\\\/la-red-foral-de-bidegorris-incorpora-cinco-nuevos-tramos-ciclista-en-guipuzcoa\\\/\",\"name\":\"La Red Foral de Bidegorris incorpora cinco nuevos tramos ciclista en Guip\\u00fazcoa | El Digital de Asturias\",\"description\":\"El Consejo de Diputados de la Diputaci\\u00f3n de Guip\\u00fazcoa ha aprobado este martes un decreto foral por el que se incorporan cinco nuevos tramos de v\\u00eda ciclista y peatonal reci\\u00e9n construidos a la Red de V\\u00edas Ciclistas Forales de Gipuzkoa. Los tramos de San Sebasti\\u00e1n-Lasarte Oria, Itsasondo-Ordizia, Bergara-Elorregi, Zestoa-Azpeitia y Astigarraga-Hernani se han puesto en\",\"inLanguage\":\"es-ES\",\"isPartOf\":{\"@id\":\"https:\\\/\\\/eldigitaldeasturias.com\\\/magazine365\\\/#website\"},\"breadcrumb\":{\"@id\":\"https:\\\/\\\/eldigitaldeasturias.com\\\/magazine365\\\/la-red-foral-de-bidegorris-incorpora-cinco-nuevos-tramos-ciclista-en-guipuzcoa\\\/#breadcrumblist\"},\"author\":{\"@id\":\"https:\\\/\\\/eldigitaldeasturias.com\\\/magazine365\\\/author\\\/admin\\\/#author\"},\"creator\":{\"@id\":\"https:\\\/\\\/eldigitaldeasturias.com\\\/magazine365\\\/author\\\/admin\\\/#author\"},\"image\":{\"@type\":\"ImageObject\",\"url\":\"https:\\\/\\\/eldigitaldeasturias.com\\\/magazine365\\\/wp-content\\\/uploads\\\/2015\\\/07\\\/fotonoticia_20150714141318_800.jpg\",\"@id\":\"https:\\\/\\\/eldigitaldeasturias.com\\\/magazine365\\\/la-red-foral-de-bidegorris-incorpora-cinco-nuevos-tramos-ciclista-en-guipuzcoa\\\/#mainImage\",\"width\":800,\"height\":600},\"primaryImageOfPage\":{\"@id\":\"https:\\\/\\\/eldigitaldeasturias.com\\\/magazine365\\\/la-red-foral-de-bidegorris-incorpora-cinco-nuevos-tramos-ciclista-en-guipuzcoa\\\/#mainImage\"},\"datePublished\":\"2015-07-15T00:29:27+02:00\",\"dateModified\":\"2015-07-15T00:29:27+02:00\"},{\"@type\":\"WebSite\",\"@id\":\"https:\\\/\\\/eldigitaldeasturias.com\\\/magazine365\\\/#website\",\"url\":\"https:\\\/\\\/eldigitaldeasturias.com\\\/magazine365\\\/\",\"name\":\"El Digital de Asturias\",\"description\":\"Revista de ocio, turismo y estilo de vida\",\"inLanguage\":\"es-ES\",\"publisher\":{\"@id\":\"https:\\\/\\\/eldigitaldeasturias.com\\\/magazine365\\\/#organization\"}}]}\n\t\t<\/script>\n\t\t<!-- All in One SEO Pro -->\r\n\t\t<title>La Red Foral de Bidegorris incorpora cinco nuevos tramos ciclista en Guip\u00fazcoa | El Digital de Asturias<\/title>\n\n","aioseo_head_json":{"title":"La Red Foral de Bidegorris incorpora cinco nuevos tramos ciclista en Guip\u00fazcoa | El Digital de Asturias","description":"El Consejo de Diputados de la Diputaci\u00f3n de Guip\u00fazcoa ha aprobado este martes un decreto foral por el que se incorporan cinco nuevos tramos de v\u00eda ciclista y peatonal reci\u00e9n construidos a la Red de V\u00edas Ciclistas Forales de Gipuzkoa. Los tramos de San Sebasti\u00e1n-Lasarte Oria, Itsasondo-Ordizia, Bergara-Elorregi, Zestoa-Azpeitia y Astigarraga-Hernani se han puesto en","canonical_url":"https:\/\/eldigitaldeasturias.com\/magazine365\/la-red-foral-de-bidegorris-incorpora-cinco-nuevos-tramos-ciclista-en-guipuzcoa\/","robots":"max-image-preview:large","keywords":"actualidad turismo","webmasterTools":{"google-site-verification":"UA-38556648-1","miscellaneous":""},"schema":{"@context":"https:\/\/schema.org","@graph":[{"@type":"Article","@id":"https:\/\/eldigitaldeasturias.com\/magazine365\/la-red-foral-de-bidegorris-incorpora-cinco-nuevos-tramos-ciclista-en-guipuzcoa\/#article","name":"La Red Foral de Bidegorris incorpora cinco nuevos tramos ciclista en Guip\u00fazcoa | El Digital de Asturias","headline":"La Red Foral de Bidegorris incorpora cinco nuevos tramos ciclista en Guip\u00fazcoa","author":{"@id":"https:\/\/eldigitaldeasturias.com\/magazine365\/author\/admin\/#author"},"publisher":{"@id":"https:\/\/eldigitaldeasturias.com\/magazine365\/#organization"},"image":{"@type":"ImageObject","url":"https:\/\/eldigitaldeasturias.com\/magazine365\/wp-content\/uploads\/2015\/07\/fotonoticia_20150714141318_800.jpg","width":800,"height":600},"datePublished":"2015-07-15T00:29:27+02:00","dateModified":"2015-07-15T00:29:27+02:00","inLanguage":"es-ES","mainEntityOfPage":{"@id":"https:\/\/eldigitaldeasturias.com\/magazine365\/la-red-foral-de-bidegorris-incorpora-cinco-nuevos-tramos-ciclista-en-guipuzcoa\/#webpage"},"isPartOf":{"@id":"https:\/\/eldigitaldeasturias.com\/magazine365\/la-red-foral-de-bidegorris-incorpora-cinco-nuevos-tramos-ciclista-en-guipuzcoa\/#webpage"},"articleSection":"Actualidad Turismo"},{"@type":"BreadcrumbList","@id":"https:\/\/eldigitaldeasturias.com\/magazine365\/la-red-foral-de-bidegorris-incorpora-cinco-nuevos-tramos-ciclista-en-guipuzcoa\/#breadcrumblist","itemListElement":[{"@type":"ListItem","@id":"https:\/\/eldigitaldeasturias.com\/magazine365#listItem","position":1,"name":"Home","item":"https:\/\/eldigitaldeasturias.com\/magazine365","nextItem":{"@type":"ListItem","@id":"https:\/\/eldigitaldeasturias.com\/magazine365\/category\/actualidad-turismo\/#listItem","name":"Actualidad Turismo"}},{"@type":"ListItem","@id":"https:\/\/eldigitaldeasturias.com\/magazine365\/category\/actualidad-turismo\/#listItem","position":2,"name":"Actualidad Turismo","item":"https:\/\/eldigitaldeasturias.com\/magazine365\/category\/actualidad-turismo\/","nextItem":{"@type":"ListItem","@id":"https:\/\/eldigitaldeasturias.com\/magazine365\/la-red-foral-de-bidegorris-incorpora-cinco-nuevos-tramos-ciclista-en-guipuzcoa\/#listItem","name":"La Red Foral de Bidegorris incorpora cinco nuevos tramos ciclista en Guip\u00fazcoa"},"previousItem":{"@type":"ListItem","@id":"https:\/\/eldigitaldeasturias.com\/magazine365#listItem","name":"Home"}},{"@type":"ListItem","@id":"https:\/\/eldigitaldeasturias.com\/magazine365\/la-red-foral-de-bidegorris-incorpora-cinco-nuevos-tramos-ciclista-en-guipuzcoa\/#listItem","position":3,"name":"La Red Foral de Bidegorris incorpora cinco nuevos tramos ciclista en Guip\u00fazcoa","previousItem":{"@type":"ListItem","@id":"https:\/\/eldigitaldeasturias.com\/magazine365\/category\/actualidad-turismo\/#listItem","name":"Actualidad Turismo"}}]},{"@type":"Organization","@id":"https:\/\/eldigitaldeasturias.com\/magazine365\/#organization","name":"El digital de Asturias","description":"Revista de ocio, turismo y estilo de vida","url":"https:\/\/eldigitaldeasturias.com\/magazine365\/","logo":{"@type":"ImageObject","url":"https:\/\/www.eldigitaldeasturias.com\/noticias\/wp-content\/uploads\/2020\/12\/EDA.jpg","@id":"https:\/\/eldigitaldeasturias.com\/magazine365\/la-red-foral-de-bidegorris-incorpora-cinco-nuevos-tramos-ciclista-en-guipuzcoa\/#organizationLogo"},"image":{"@id":"https:\/\/eldigitaldeasturias.com\/magazine365\/la-red-foral-de-bidegorris-incorpora-cinco-nuevos-tramos-ciclista-en-guipuzcoa\/#organizationLogo"}},{"@type":"Person","@id":"https:\/\/eldigitaldeasturias.com\/magazine365\/author\/admin\/#author","url":"https:\/\/eldigitaldeasturias.com\/magazine365\/author\/admin\/","name":"admin","image":{"@type":"ImageObject","@id":"https:\/\/eldigitaldeasturias.com\/magazine365\/la-red-foral-de-bidegorris-incorpora-cinco-nuevos-tramos-ciclista-en-guipuzcoa\/#authorImage","url":"https:\/\/eldigitaldeasturias.com\/magazine365\/wp-content\/litespeed\/avatar\/e571bcf59a0edd6fa6838245a470f2fe.jpg?ver=1777574230","width":96,"height":96,"caption":"admin"}},{"@type":"WebPage","@id":"https:\/\/eldigitaldeasturias.com\/magazine365\/la-red-foral-de-bidegorris-incorpora-cinco-nuevos-tramos-ciclista-en-guipuzcoa\/#webpage","url":"https:\/\/eldigitaldeasturias.com\/magazine365\/la-red-foral-de-bidegorris-incorpora-cinco-nuevos-tramos-ciclista-en-guipuzcoa\/","name":"La Red Foral de Bidegorris incorpora cinco nuevos tramos ciclista en Guip\u00fazcoa | El Digital de Asturias","description":"El Consejo de Diputados de la Diputaci\u00f3n de Guip\u00fazcoa ha aprobado este martes un decreto foral por el que se incorporan cinco nuevos tramos de v\u00eda ciclista y peatonal reci\u00e9n construidos a la Red de V\u00edas Ciclistas Forales de Gipuzkoa. Los tramos de San Sebasti\u00e1n-Lasarte Oria, Itsasondo-Ordizia, Bergara-Elorregi, Zestoa-Azpeitia y Astigarraga-Hernani se han puesto en","inLanguage":"es-ES","isPartOf":{"@id":"https:\/\/eldigitaldeasturias.com\/magazine365\/#website"},"breadcrumb":{"@id":"https:\/\/eldigitaldeasturias.com\/magazine365\/la-red-foral-de-bidegorris-incorpora-cinco-nuevos-tramos-ciclista-en-guipuzcoa\/#breadcrumblist"},"author":{"@id":"https:\/\/eldigitaldeasturias.com\/magazine365\/author\/admin\/#author"},"creator":{"@id":"https:\/\/eldigitaldeasturias.com\/magazine365\/author\/admin\/#author"},"image":{"@type":"ImageObject","url":"https:\/\/eldigitaldeasturias.com\/magazine365\/wp-content\/uploads\/2015\/07\/fotonoticia_20150714141318_800.jpg","@id":"https:\/\/eldigitaldeasturias.com\/magazine365\/la-red-foral-de-bidegorris-incorpora-cinco-nuevos-tramos-ciclista-en-guipuzcoa\/#mainImage","width":800,"height":600},"primaryImageOfPage":{"@id":"https:\/\/eldigitaldeasturias.com\/magazine365\/la-red-foral-de-bidegorris-incorpora-cinco-nuevos-tramos-ciclista-en-guipuzcoa\/#mainImage"},"datePublished":"2015-07-15T00:29:27+02:00","dateModified":"2015-07-15T00:29:27+02:00"},{"@type":"WebSite","@id":"https:\/\/eldigitaldeasturias.com\/magazine365\/#website","url":"https:\/\/eldigitaldeasturias.com\/magazine365\/","name":"El Digital de Asturias","description":"Revista de ocio, turismo y estilo de vida","inLanguage":"es-ES","publisher":{"@id":"https:\/\/eldigitaldeasturias.com\/magazine365\/#organization"}}]},"og:locale":"es_ES","og:site_name":"El Digital de Asturias \u2013 Revista de ocio, turismo y estilo de vida","og:type":"article","og:title":"La Red Foral de Bidegorris incorpora cinco nuevos tramos ciclista en Guip\u00fazcoa | El Digital de Asturias","og:description":"El Consejo de Diputados de la Diputaci\u00f3n de Guip\u00fazcoa ha aprobado este martes un decreto foral por el que se incorporan cinco nuevos tramos de v\u00eda ciclista y peatonal reci\u00e9n construidos a la Red de V\u00edas Ciclistas Forales de Gipuzkoa. Los tramos de San Sebasti\u00e1n-Lasarte Oria, Itsasondo-Ordizia, Bergara-Elorregi, Zestoa-Azpeitia y Astigarraga-Hernani se han puesto en","og:url":"https:\/\/eldigitaldeasturias.com\/magazine365\/la-red-foral-de-bidegorris-incorpora-cinco-nuevos-tramos-ciclista-en-guipuzcoa\/","og:image":"https:\/\/eldigitaldeasturias.com\/magazine365\/wp-content\/uploads\/2015\/07\/fotonoticia_20150714141318_800.jpg","og:image:secure_url":"https:\/\/eldigitaldeasturias.com\/magazine365\/wp-content\/uploads\/2015\/07\/fotonoticia_20150714141318_800.jpg","og:image:width":800,"og:image:height":600,"article:published_time":"2015-07-14T22:29:27+00:00","article:modified_time":"2015-07-14T22:29:27+00:00","twitter:card":"summary_large_image","twitter:title":"La Red Foral de Bidegorris incorpora cinco nuevos tramos ciclista en Guip\u00fazcoa | El Digital de Asturias","twitter:description":"El Consejo de Diputados de la Diputaci\u00f3n de Guip\u00fazcoa ha aprobado este martes un decreto foral por el que se incorporan cinco nuevos tramos de v\u00eda ciclista y peatonal reci\u00e9n construidos a la Red de V\u00edas Ciclistas Forales de Gipuzkoa. Los tramos de San Sebasti\u00e1n-Lasarte Oria, Itsasondo-Ordizia, Bergara-Elorregi, Zestoa-Azpeitia y Astigarraga-Hernani se han puesto en","twitter:image":"https:\/\/eldigitaldeasturias.com\/magazine365\/wp-content\/uploads\/2015\/07\/fotonoticia_20150714141318_800.jpg"},"aioseo_meta_data":{"post_id":"42648","title":null,"description":null,"keywords":null,"keyphrases":null,"primary_term":null,"canonical_url":null,"og_title":null,"og_description":null,"og_object_type":"default","og_image_type":"default","og_image_url":null,"og_image_width":null,"og_image_height":null,"og_image_custom_url":null,"og_image_custom_fields":null,"og_video":null,"og_custom_url":null,"og_article_section":null,"og_article_tags":null,"twitter_use_og":false,"twitter_card":"default","twitter_image_type":"default","twitter_image_url":null,"twitter_image_custom_url":null,"twitter_image_custom_fields":null,"twitter_title":null,"twitter_description":null,"schema":{"blockGraphs":[],"customGraphs":[],"default":{"data":{"Article":[],"Course":[],"Dataset":[],"FAQPage":[],"Movie":[],"Person":[],"Product":[],"ProductReview":[],"Car":[],"Recipe":[],"Service":[],"SoftwareApplication":[],"WebPage":[]},"graphName":"","isEnabled":true},"graphs":[],"defaultGraph":"","defaultPostTypeGraph":""},"schema_type":null,"schema_type_options":null,"pillar_content":false,"robots_default":true,"robots_noindex":false,"robots_noarchive":false,"robots_nosnippet":false,"robots_nofollow":false,"robots_noimageindex":false,"robots_noodp":false,"robots_notranslate":false,"robots_max_snippet":null,"robots_max_videopreview":null,"robots_max_imagepreview":"large","priority":null,"frequency":null,"location":null,"local_seo":null,"seo_analyzer_scan_date":"2025-09-19 18:10:56","breadcrumb_settings":null,"limit_modified_date":false,"open_ai":null,"ai":null,"created":"2021-03-09 01:57:46","updated":"2025-09-19 18:10:56"},"aioseo_breadcrumb":"<div class=\"aioseo-breadcrumbs\"><span class=\"aioseo-breadcrumb\">\n\t<a href=\"https:\/\/eldigitaldeasturias.com\/magazine365\" title=\"Home\">Home<\/a>\n<\/span><span class=\"aioseo-breadcrumb-separator\">\u2013<\/span><span class=\"aioseo-breadcrumb\">\n\t<a href=\"https:\/\/eldigitaldeasturias.com\/magazine365\/category\/actualidad-turismo\/\" title=\"Actualidad Turismo\">Actualidad Turismo<\/a>\n<\/span><span class=\"aioseo-breadcrumb-separator\">\u2013<\/span><span class=\"aioseo-breadcrumb\">\n\t<a href=\"https:\/\/eldigitaldeasturias.com\/magazine365\/la-red-foral-de-bidegorris-incorpora-cinco-nuevos-tramos-ciclista-en-guipuzcoa\/\" title=\"La Red Foral de Bidegorris incorpora cinco nuevos tramos ciclista en Guip\u00fazcoa\">La Red Foral de Bidegorris incorpora cinco nuevos tramos ciclista en Guip\u00fazcoa<\/a>\n<\/span><\/div>","aioseo_breadcrumb_json":[{"label":"Home","link":"https:\/\/eldigitaldeasturias.com\/magazine365"},{"label":"Actualidad Turismo","link":"https:\/\/eldigitaldeasturias.com\/magazine365\/category\/actualidad-turismo\/"},{"label":"La Red Foral de Bidegorris incorpora cinco nuevos tramos ciclista en Guip\u00fazcoa","link":"https:\/\/eldigitaldeasturias.com\/magazine365\/la-red-foral-de-bidegorris-incorpora-cinco-nuevos-tramos-ciclista-en-guipuzcoa\/"}],"_links":{"self":[{"href":"https:\/\/eldigitaldeasturias.com\/magazine365\/wp-json\/wp\/v2\/posts\/42648","targetHints":{"allow":["GET"]}}],"collection":[{"href":"https:\/\/eldigitaldeasturias.com\/magazine365\/wp-json\/wp\/v2\/posts"}],"about":[{"href":"https:\/\/eldigitaldeasturias.com\/magazine365\/wp-json\/wp\/v2\/types\/post"}],"author":[{"embeddable":true,"href":"https:\/\/eldigitaldeasturias.com\/magazine365\/wp-json\/wp\/v2\/users\/1"}],"replies":[{"embeddable":true,"href":"https:\/\/eldigitaldeasturias.com\/magazine365\/wp-json\/wp\/v2\/comments?post=42648"}],"version-history":[{"count":0,"href":"https:\/\/eldigitaldeasturias.com\/magazine365\/wp-json\/wp\/v2\/posts\/42648\/revisions"}],"wp:featuredmedia":[{"embeddable":true,"href":"https:\/\/eldigitaldeasturias.com\/magazine365\/wp-json\/wp\/v2\/media\/42649"}],"wp:attachment":[{"href":"https:\/\/eldigitaldeasturias.com\/magazine365\/wp-json\/wp\/v2\/media?parent=42648"}],"wp:term":[{"taxonomy":"category","embeddable":true,"href":"https:\/\/eldigitaldeasturias.com\/magazine365\/wp-json\/wp\/v2\/categories?post=42648"},{"taxonomy":"post_tag","embeddable":true,"href":"https:\/\/eldigitaldeasturias.com\/magazine365\/wp-json\/wp\/v2\/tags?post=42648"}],"curies":[{"name":"wp","href":"https:\/\/api.w.org\/{rel}","templated":true}]}}