{"id":42645,"date":"2015-07-15T00:24:27","date_gmt":"2015-07-14T22:24:27","guid":{"rendered":"http:\/\/eldigitaldeasturias.com\/magazine365\/?p=42645"},"modified":"2015-07-15T00:24:27","modified_gmt":"2015-07-14T22:24:27","slug":"malaga-apuesta-por-convertirse-en-uno-de-los-grandes-destinos-urbanos-de-europa","status":"publish","type":"post","link":"https:\/\/eldigitaldeasturias.com\/magazine365\/malaga-apuesta-por-convertirse-en-uno-de-los-grandes-destinos-urbanos-de-europa\/","title":{"rendered":"M\u00e1laga apuesta por convertirse en uno de los grandes destinos urbanos de Europa"},"content":{"rendered":"<p><img fetchpriority=\"high\" decoding=\"async\" class=\"alignleft size-medium wp-image-42646\" src=\"https:\/\/eldigitaldeasturias.com\/magazine365\/wp-content\/uploads\/2015\/07\/fotonoticia_20150714135626_800-360x270.jpg\" alt=\"fotonoticia_20150714135626_800\" width=\"360\" height=\"270\" srcset=\"https:\/\/eldigitaldeasturias.com\/magazine365\/wp-content\/uploads\/2015\/07\/fotonoticia_20150714135626_800-360x270.jpg 360w, https:\/\/eldigitaldeasturias.com\/magazine365\/wp-content\/uploads\/2015\/07\/fotonoticia_20150714135626_800-650x488.jpg 650w, https:\/\/eldigitaldeasturias.com\/magazine365\/wp-content\/uploads\/2015\/07\/fotonoticia_20150714135626_800-768x576.jpg 768w, https:\/\/eldigitaldeasturias.com\/magazine365\/wp-content\/uploads\/2015\/07\/fotonoticia_20150714135626_800-150x113.jpg 150w, https:\/\/eldigitaldeasturias.com\/magazine365\/wp-content\/uploads\/2015\/07\/fotonoticia_20150714135626_800-450x338.jpg 450w, https:\/\/eldigitaldeasturias.com\/magazine365\/wp-content\/uploads\/2015\/07\/fotonoticia_20150714135626_800-80x60.jpg 80w, https:\/\/eldigitaldeasturias.com\/magazine365\/wp-content\/uploads\/2015\/07\/fotonoticia_20150714135626_800-265x198.jpg 265w, https:\/\/eldigitaldeasturias.com\/magazine365\/wp-content\/uploads\/2015\/07\/fotonoticia_20150714135626_800-696x522.jpg 696w, https:\/\/eldigitaldeasturias.com\/magazine365\/wp-content\/uploads\/2015\/07\/fotonoticia_20150714135626_800-560x420.jpg 560w, https:\/\/eldigitaldeasturias.com\/magazine365\/wp-content\/uploads\/2015\/07\/fotonoticia_20150714135626_800-90x67.jpg 90w, https:\/\/eldigitaldeasturias.com\/magazine365\/wp-content\/uploads\/2015\/07\/fotonoticia_20150714135626_800-100x75.jpg 100w, https:\/\/eldigitaldeasturias.com\/magazine365\/wp-content\/uploads\/2015\/07\/fotonoticia_20150714135626_800.jpg 800w\" sizes=\"(max-width: 360px) 100vw, 360px\" \/>El alcalde de M\u00e1laga, Francisco de la Torre, ha declarado este martes que el Foro de Turismo pretende consolidar a la ciudad como uno de los principales destinos urbanos de Europa, para lo que hay que apostar por los segmentos tur\u00edsticos tradicionales e incorporar los m\u00e1s novedosos.<\/p>\n<p>De la Torre ha explicado en rueda de prensa que para aprovechar al m\u00e1ximo la potencia de M\u00e1laga en el sector tur\u00edstico se pretende afianzar la ciudad en las \u00e1reas en las que hasta ahora se ha asentado la \u00abfortaleza del destino\u00bb como son la cultura, los congresos, los cruceros y el turismo idiom\u00e1tico, as\u00ed como, por otro lado, apostar por nuevas v\u00edas que \u00abcomplementen\u00bb, caso de los segmentos de naturaleza, compras y gastronom\u00eda.<\/p>\n<p>Tras la reuni\u00f3n del Foro de Turismo, ha indicado que se pondr\u00e1n en marcha nuevas acciones promocionales en China, Corea del Sur, Jap\u00f3n, Taiw\u00e1n, Rusia o Estados Unidos, entre otros destinos, y se lanzar\u00e1 un proyecto conjunto de destinos urbanos andaluces para la promoci\u00f3n en los mercados lejanos. Adem\u00e1s de la presentaci\u00f3n de la candidatura del centro hist\u00f3rico de M\u00e1laga como Patrimonio de la Humanidad y de la Semana Santa como Patrimonio Inmaterial.<\/p>\n<p>Asimismo, De la Torre ha hecho hincapi\u00e9 en que en el Foro se ha presentado una aplicaci\u00f3n m\u00f3vil que permite localizar en el mapa de la ciudad aquellos escenarios que ha ofrecido para grabar pel\u00edculas, de tal manera que escenas donde se han podido ver por ejemplo la puerta de Ayuntamiento o la plaza del Obispo, se podr\u00e1n visualizar. De esta forma se busca fomentar que M\u00e1laga, seg\u00fan el alcalde, sea \u00abun escenario cinematogr\u00e1fico\u00bb.<\/p>\n<p>Ha indicado que el \u00c1rea de Turismo pondr\u00e1 en marcha otros proyectos como el plan de promoci\u00f3n en torno a la figura del Picasso, la tarjeta M\u00e1laga Pass, un concurso internacional de fotograf\u00eda de naturaleza, un plan de se\u00f1alizaci\u00f3n de mercados de inter\u00e9s tur\u00edstico y uno integral de comunicaci\u00f3n en las redes sociales.<\/p>\n<p>El alcalde ha afirmado que el objetivo que se pretende con todos estos proyectos es conseguir que M\u00e1laga se posicione en \u00abuna primera l\u00ednea de competitividad\u00bb y se ofrezcan los mejores productos para todo tipo de p\u00fablico.<\/p>\n<p>CIFRAS TUR\u00cdSTICAS<\/p>\n<p>En lo que se refiere a los datos tur\u00edsticos, De la Torre ha destacado que M\u00e1laga es \u00abla primera ciudad de Espa\u00f1a en la estad\u00edstica de crecimiento de viajeros alojados en hoteles\u00bb y es que ha crecido un 127 por ciento, al pasar de los 456.494 de 2005 a los m\u00e1s de un mill\u00f3n de 2015.<\/p>\n<p>Tambi\u00e9n las pernoctaciones han crecido un 107 por ciento desde 2005, hasta superar los dos millones. El n\u00famero de plazas hoteleras se ha incrementado en un 53,8 por ciento y la estancia media ya supera los dos d\u00edas.<\/p>\n<p>\u00abLa evaluaci\u00f3n del efecto econ\u00f3mico del turismo en el Producto Interior Bruto (PIB) de M\u00e1laga supera los 1.400 millones de euros en 2015, eso demuestra la fortaleza de nuestro turismo\u00bb, ha a\u00f1adido.<\/p>\n<p>El alcalde ha querido resaltar que la reuni\u00f3n del Foro de Turismo de M\u00e1laga Ciudad ha coincido con la celebraci\u00f3n de su octavo aniversario y ha indicado que este encuentro ha servido durante estos a\u00f1os para una coordinaci\u00f3n entre las \u00e1reas que ha permitido ofrecer \u00abal turista la m\u00e1xima calidad al mejor precio posible\u00bb.<\/p>\n<p>As\u00ed, De la Torre ha recordado que M\u00e1laga trabaja para ser una ciudad comprometida con la calidad como destino ciudad y que es l\u00edder en el Sistema Integral de Calidad Turistica Espa\u00f1ola (Sicted).<\/p>\n<p>DIALOGO<\/p>\n<p>Por su parte, la vicepresidenta ejecutiva de la Confederaci\u00f3n de Empresarios de M\u00e1laga (CEM), Natalia S\u00e1nchez, ha se\u00f1alado que el Foro \u00abha sabido generar un espacio de an\u00e1lisis y de exposici\u00f3n de ideas\u00bb que han conducido al di\u00e1logo entre todos los actores implicados en el sector tur\u00edstico y que ha ido en paralelo con \u00abel crecimiento exponencial\u00bb que ha tenido en estos \u00faltimos a\u00f1os.<\/p>\n<p>En ese sentido, ha asegurado que el sector empresarial sigue teniendo preocupaciones sobre la estacionalidad tur\u00edstica, pese a que M\u00e1laga haya hecho \u00abun ejercicio importante de ruptura\u00bb mediante la especializaci\u00f3n de determinados segmentos como el turismo de familia.<\/p>\n<p>La vicepresidenta ha manifestado que hay otras cuestiones que les preocupan y se exponen en este encuentro mensual como es la oferta no reglada que entra en competencia desleal con la reglada. Por ello, ha afirmado que hay que seguir trabajando para que el sector tenga un crecimiento exponencial dentro de los par\u00e1metros que se mueve a ritmo vertiginoso a trav\u00e9s de Internet y de las redes sociales.<\/p>\n","protected":false},"excerpt":{"rendered":"<p>El alcalde de M\u00e1laga, Francisco de la Torre, ha declarado este martes que el Foro de Turismo pretende consolidar a la ciudad como uno de los principales destinos urbanos de Europa, para lo que hay que apostar por los segmentos tur\u00edsticos tradicionales e incorporar los m\u00e1s novedosos. De la Torre ha explicado en rueda de<\/p>\n","protected":false},"author":1,"featured_media":42646,"comment_status":"open","ping_status":"closed","sticky":false,"template":"","format":"standard","meta":{"footnotes":""},"categories":[222],"tags":[],"class_list":{"0":"post-42645","1":"post","2":"type-post","3":"status-publish","4":"format-standard","5":"has-post-thumbnail","7":"category-actualidad-turismo"},"aioseo_notices":[],"aioseo_head":"\n\t\t<!-- All in One SEO Pro 4.9.6.1 - aioseo.com -->\n\t<meta name=\"description\" content=\"El alcalde de M\u00e1laga, Francisco de la Torre, ha declarado este martes que el Foro de Turismo pretende consolidar a la ciudad como uno de los principales destinos urbanos de Europa, para lo que hay que apostar por los segmentos tur\u00edsticos tradicionales e incorporar los m\u00e1s novedosos. De la Torre ha explicado en rueda de\" \/>\n\t<meta name=\"robots\" content=\"max-image-preview:large\" \/>\n\t<meta name=\"author\" content=\"admin\"\/>\n\t<meta name=\"google-site-verification\" content=\"UA-38556648-1\" \/>\n\t<meta name=\"keywords\" content=\"actualidad turismo\" \/>\n\t<link rel=\"canonical\" href=\"https:\/\/eldigitaldeasturias.com\/magazine365\/malaga-apuesta-por-convertirse-en-uno-de-los-grandes-destinos-urbanos-de-europa\/\" \/>\n\t<meta name=\"generator\" content=\"All in One SEO Pro (AIOSEO) 4.9.6.1\" \/>\n\t\t<meta property=\"og:locale\" content=\"es_ES\" \/>\n\t\t<meta property=\"og:site_name\" content=\"El Digital de Asturias \u2013 Revista de ocio, turismo y estilo de vida\" \/>\n\t\t<meta property=\"og:type\" content=\"article\" \/>\n\t\t<meta property=\"og:title\" content=\"M\u00e1laga apuesta por convertirse en uno de los grandes destinos urbanos de Europa | El Digital de Asturias\" \/>\n\t\t<meta property=\"og:description\" content=\"El alcalde de M\u00e1laga, Francisco de la Torre, ha declarado este martes que el Foro de Turismo pretende consolidar a la ciudad como uno de los principales destinos urbanos de Europa, para lo que hay que apostar por los segmentos tur\u00edsticos tradicionales e incorporar los m\u00e1s novedosos. De la Torre ha explicado en rueda de\" \/>\n\t\t<meta property=\"og:url\" content=\"https:\/\/eldigitaldeasturias.com\/magazine365\/malaga-apuesta-por-convertirse-en-uno-de-los-grandes-destinos-urbanos-de-europa\/\" \/>\n\t\t<meta property=\"og:image\" content=\"https:\/\/eldigitaldeasturias.com\/magazine365\/wp-content\/uploads\/2015\/07\/fotonoticia_20150714135626_800.jpg\" \/>\n\t\t<meta property=\"og:image:secure_url\" content=\"https:\/\/eldigitaldeasturias.com\/magazine365\/wp-content\/uploads\/2015\/07\/fotonoticia_20150714135626_800.jpg\" \/>\n\t\t<meta property=\"og:image:width\" content=\"800\" \/>\n\t\t<meta property=\"og:image:height\" content=\"600\" \/>\n\t\t<meta property=\"article:published_time\" content=\"2015-07-14T22:24:27+00:00\" \/>\n\t\t<meta property=\"article:modified_time\" content=\"2015-07-14T22:24:27+00:00\" \/>\n\t\t<meta name=\"twitter:card\" content=\"summary_large_image\" \/>\n\t\t<meta name=\"twitter:title\" content=\"M\u00e1laga apuesta por convertirse en uno de los grandes destinos urbanos de Europa | El Digital de Asturias\" \/>\n\t\t<meta name=\"twitter:description\" content=\"El alcalde de M\u00e1laga, Francisco de la Torre, ha declarado este martes que el Foro de Turismo pretende consolidar a la ciudad como uno de los principales destinos urbanos de Europa, para lo que hay que apostar por los segmentos tur\u00edsticos tradicionales e incorporar los m\u00e1s novedosos. De la Torre ha explicado en rueda de\" \/>\n\t\t<meta name=\"twitter:image\" content=\"https:\/\/eldigitaldeasturias.com\/magazine365\/wp-content\/uploads\/2015\/07\/fotonoticia_20150714135626_800.jpg\" \/>\n\t\t<script type=\"application\/ld+json\" class=\"aioseo-schema\">\n\t\t\t{\"@context\":\"https:\\\/\\\/schema.org\",\"@graph\":[{\"@type\":\"Article\",\"@id\":\"https:\\\/\\\/eldigitaldeasturias.com\\\/magazine365\\\/malaga-apuesta-por-convertirse-en-uno-de-los-grandes-destinos-urbanos-de-europa\\\/#article\",\"name\":\"M\\u00e1laga apuesta por convertirse en uno de los grandes destinos urbanos de Europa | El Digital de Asturias\",\"headline\":\"M\\u00e1laga apuesta por convertirse en uno de los grandes destinos urbanos de Europa\",\"author\":{\"@id\":\"https:\\\/\\\/eldigitaldeasturias.com\\\/magazine365\\\/author\\\/admin\\\/#author\"},\"publisher\":{\"@id\":\"https:\\\/\\\/eldigitaldeasturias.com\\\/magazine365\\\/#organization\"},\"image\":{\"@type\":\"ImageObject\",\"url\":\"https:\\\/\\\/eldigitaldeasturias.com\\\/magazine365\\\/wp-content\\\/uploads\\\/2015\\\/07\\\/fotonoticia_20150714135626_800.jpg\",\"width\":800,\"height\":600},\"datePublished\":\"2015-07-15T00:24:27+02:00\",\"dateModified\":\"2015-07-15T00:24:27+02:00\",\"inLanguage\":\"es-ES\",\"mainEntityOfPage\":{\"@id\":\"https:\\\/\\\/eldigitaldeasturias.com\\\/magazine365\\\/malaga-apuesta-por-convertirse-en-uno-de-los-grandes-destinos-urbanos-de-europa\\\/#webpage\"},\"isPartOf\":{\"@id\":\"https:\\\/\\\/eldigitaldeasturias.com\\\/magazine365\\\/malaga-apuesta-por-convertirse-en-uno-de-los-grandes-destinos-urbanos-de-europa\\\/#webpage\"},\"articleSection\":\"Actualidad Turismo\"},{\"@type\":\"BreadcrumbList\",\"@id\":\"https:\\\/\\\/eldigitaldeasturias.com\\\/magazine365\\\/malaga-apuesta-por-convertirse-en-uno-de-los-grandes-destinos-urbanos-de-europa\\\/#breadcrumblist\",\"itemListElement\":[{\"@type\":\"ListItem\",\"@id\":\"https:\\\/\\\/eldigitaldeasturias.com\\\/magazine365#listItem\",\"position\":1,\"name\":\"Home\",\"item\":\"https:\\\/\\\/eldigitaldeasturias.com\\\/magazine365\",\"nextItem\":{\"@type\":\"ListItem\",\"@id\":\"https:\\\/\\\/eldigitaldeasturias.com\\\/magazine365\\\/category\\\/actualidad-turismo\\\/#listItem\",\"name\":\"Actualidad Turismo\"}},{\"@type\":\"ListItem\",\"@id\":\"https:\\\/\\\/eldigitaldeasturias.com\\\/magazine365\\\/category\\\/actualidad-turismo\\\/#listItem\",\"position\":2,\"name\":\"Actualidad Turismo\",\"item\":\"https:\\\/\\\/eldigitaldeasturias.com\\\/magazine365\\\/category\\\/actualidad-turismo\\\/\",\"nextItem\":{\"@type\":\"ListItem\",\"@id\":\"https:\\\/\\\/eldigitaldeasturias.com\\\/magazine365\\\/malaga-apuesta-por-convertirse-en-uno-de-los-grandes-destinos-urbanos-de-europa\\\/#listItem\",\"name\":\"M\\u00e1laga apuesta por convertirse en uno de los grandes destinos urbanos de Europa\"},\"previousItem\":{\"@type\":\"ListItem\",\"@id\":\"https:\\\/\\\/eldigitaldeasturias.com\\\/magazine365#listItem\",\"name\":\"Home\"}},{\"@type\":\"ListItem\",\"@id\":\"https:\\\/\\\/eldigitaldeasturias.com\\\/magazine365\\\/malaga-apuesta-por-convertirse-en-uno-de-los-grandes-destinos-urbanos-de-europa\\\/#listItem\",\"position\":3,\"name\":\"M\\u00e1laga apuesta por convertirse en uno de los grandes destinos urbanos de Europa\",\"previousItem\":{\"@type\":\"ListItem\",\"@id\":\"https:\\\/\\\/eldigitaldeasturias.com\\\/magazine365\\\/category\\\/actualidad-turismo\\\/#listItem\",\"name\":\"Actualidad Turismo\"}}]},{\"@type\":\"Organization\",\"@id\":\"https:\\\/\\\/eldigitaldeasturias.com\\\/magazine365\\\/#organization\",\"name\":\"El digital de Asturias\",\"description\":\"Revista de ocio, turismo y estilo de vida\",\"url\":\"https:\\\/\\\/eldigitaldeasturias.com\\\/magazine365\\\/\",\"logo\":{\"@type\":\"ImageObject\",\"url\":\"https:\\\/\\\/www.eldigitaldeasturias.com\\\/noticias\\\/wp-content\\\/uploads\\\/2020\\\/12\\\/EDA.jpg\",\"@id\":\"https:\\\/\\\/eldigitaldeasturias.com\\\/magazine365\\\/malaga-apuesta-por-convertirse-en-uno-de-los-grandes-destinos-urbanos-de-europa\\\/#organizationLogo\"},\"image\":{\"@id\":\"https:\\\/\\\/eldigitaldeasturias.com\\\/magazine365\\\/malaga-apuesta-por-convertirse-en-uno-de-los-grandes-destinos-urbanos-de-europa\\\/#organizationLogo\"}},{\"@type\":\"Person\",\"@id\":\"https:\\\/\\\/eldigitaldeasturias.com\\\/magazine365\\\/author\\\/admin\\\/#author\",\"url\":\"https:\\\/\\\/eldigitaldeasturias.com\\\/magazine365\\\/author\\\/admin\\\/\",\"name\":\"admin\",\"image\":{\"@type\":\"ImageObject\",\"@id\":\"https:\\\/\\\/eldigitaldeasturias.com\\\/magazine365\\\/malaga-apuesta-por-convertirse-en-uno-de-los-grandes-destinos-urbanos-de-europa\\\/#authorImage\",\"url\":\"https:\\\/\\\/eldigitaldeasturias.com\\\/magazine365\\\/wp-content\\\/litespeed\\\/avatar\\\/e571bcf59a0edd6fa6838245a470f2fe.jpg?ver=1777574230\",\"width\":96,\"height\":96,\"caption\":\"admin\"}},{\"@type\":\"WebPage\",\"@id\":\"https:\\\/\\\/eldigitaldeasturias.com\\\/magazine365\\\/malaga-apuesta-por-convertirse-en-uno-de-los-grandes-destinos-urbanos-de-europa\\\/#webpage\",\"url\":\"https:\\\/\\\/eldigitaldeasturias.com\\\/magazine365\\\/malaga-apuesta-por-convertirse-en-uno-de-los-grandes-destinos-urbanos-de-europa\\\/\",\"name\":\"M\\u00e1laga apuesta por convertirse en uno de los grandes destinos urbanos de Europa | El Digital de Asturias\",\"description\":\"El alcalde de M\\u00e1laga, Francisco de la Torre, ha declarado este martes que el Foro de Turismo pretende consolidar a la ciudad como uno de los principales destinos urbanos de Europa, para lo que hay que apostar por los segmentos tur\\u00edsticos tradicionales e incorporar los m\\u00e1s novedosos. De la Torre ha explicado en rueda de\",\"inLanguage\":\"es-ES\",\"isPartOf\":{\"@id\":\"https:\\\/\\\/eldigitaldeasturias.com\\\/magazine365\\\/#website\"},\"breadcrumb\":{\"@id\":\"https:\\\/\\\/eldigitaldeasturias.com\\\/magazine365\\\/malaga-apuesta-por-convertirse-en-uno-de-los-grandes-destinos-urbanos-de-europa\\\/#breadcrumblist\"},\"author\":{\"@id\":\"https:\\\/\\\/eldigitaldeasturias.com\\\/magazine365\\\/author\\\/admin\\\/#author\"},\"creator\":{\"@id\":\"https:\\\/\\\/eldigitaldeasturias.com\\\/magazine365\\\/author\\\/admin\\\/#author\"},\"image\":{\"@type\":\"ImageObject\",\"url\":\"https:\\\/\\\/eldigitaldeasturias.com\\\/magazine365\\\/wp-content\\\/uploads\\\/2015\\\/07\\\/fotonoticia_20150714135626_800.jpg\",\"@id\":\"https:\\\/\\\/eldigitaldeasturias.com\\\/magazine365\\\/malaga-apuesta-por-convertirse-en-uno-de-los-grandes-destinos-urbanos-de-europa\\\/#mainImage\",\"width\":800,\"height\":600},\"primaryImageOfPage\":{\"@id\":\"https:\\\/\\\/eldigitaldeasturias.com\\\/magazine365\\\/malaga-apuesta-por-convertirse-en-uno-de-los-grandes-destinos-urbanos-de-europa\\\/#mainImage\"},\"datePublished\":\"2015-07-15T00:24:27+02:00\",\"dateModified\":\"2015-07-15T00:24:27+02:00\"},{\"@type\":\"WebSite\",\"@id\":\"https:\\\/\\\/eldigitaldeasturias.com\\\/magazine365\\\/#website\",\"url\":\"https:\\\/\\\/eldigitaldeasturias.com\\\/magazine365\\\/\",\"name\":\"El Digital de Asturias\",\"description\":\"Revista de ocio, turismo y estilo de vida\",\"inLanguage\":\"es-ES\",\"publisher\":{\"@id\":\"https:\\\/\\\/eldigitaldeasturias.com\\\/magazine365\\\/#organization\"}}]}\n\t\t<\/script>\n\t\t<!-- All in One SEO Pro -->\r\n\t\t<title>M\u00e1laga apuesta por convertirse en uno de los grandes destinos urbanos de Europa | El Digital de Asturias<\/title>\n\n","aioseo_head_json":{"title":"M\u00e1laga apuesta por convertirse en uno de los grandes destinos urbanos de Europa | El Digital de Asturias","description":"El alcalde de M\u00e1laga, Francisco de la Torre, ha declarado este martes que el Foro de Turismo pretende consolidar a la ciudad como uno de los principales destinos urbanos de Europa, para lo que hay que apostar por los segmentos tur\u00edsticos tradicionales e incorporar los m\u00e1s novedosos. De la Torre ha explicado en rueda de","canonical_url":"https:\/\/eldigitaldeasturias.com\/magazine365\/malaga-apuesta-por-convertirse-en-uno-de-los-grandes-destinos-urbanos-de-europa\/","robots":"max-image-preview:large","keywords":"actualidad turismo","webmasterTools":{"google-site-verification":"UA-38556648-1","miscellaneous":""},"schema":{"@context":"https:\/\/schema.org","@graph":[{"@type":"Article","@id":"https:\/\/eldigitaldeasturias.com\/magazine365\/malaga-apuesta-por-convertirse-en-uno-de-los-grandes-destinos-urbanos-de-europa\/#article","name":"M\u00e1laga apuesta por convertirse en uno de los grandes destinos urbanos de Europa | El Digital de Asturias","headline":"M\u00e1laga apuesta por convertirse en uno de los grandes destinos urbanos de Europa","author":{"@id":"https:\/\/eldigitaldeasturias.com\/magazine365\/author\/admin\/#author"},"publisher":{"@id":"https:\/\/eldigitaldeasturias.com\/magazine365\/#organization"},"image":{"@type":"ImageObject","url":"https:\/\/eldigitaldeasturias.com\/magazine365\/wp-content\/uploads\/2015\/07\/fotonoticia_20150714135626_800.jpg","width":800,"height":600},"datePublished":"2015-07-15T00:24:27+02:00","dateModified":"2015-07-15T00:24:27+02:00","inLanguage":"es-ES","mainEntityOfPage":{"@id":"https:\/\/eldigitaldeasturias.com\/magazine365\/malaga-apuesta-por-convertirse-en-uno-de-los-grandes-destinos-urbanos-de-europa\/#webpage"},"isPartOf":{"@id":"https:\/\/eldigitaldeasturias.com\/magazine365\/malaga-apuesta-por-convertirse-en-uno-de-los-grandes-destinos-urbanos-de-europa\/#webpage"},"articleSection":"Actualidad Turismo"},{"@type":"BreadcrumbList","@id":"https:\/\/eldigitaldeasturias.com\/magazine365\/malaga-apuesta-por-convertirse-en-uno-de-los-grandes-destinos-urbanos-de-europa\/#breadcrumblist","itemListElement":[{"@type":"ListItem","@id":"https:\/\/eldigitaldeasturias.com\/magazine365#listItem","position":1,"name":"Home","item":"https:\/\/eldigitaldeasturias.com\/magazine365","nextItem":{"@type":"ListItem","@id":"https:\/\/eldigitaldeasturias.com\/magazine365\/category\/actualidad-turismo\/#listItem","name":"Actualidad Turismo"}},{"@type":"ListItem","@id":"https:\/\/eldigitaldeasturias.com\/magazine365\/category\/actualidad-turismo\/#listItem","position":2,"name":"Actualidad Turismo","item":"https:\/\/eldigitaldeasturias.com\/magazine365\/category\/actualidad-turismo\/","nextItem":{"@type":"ListItem","@id":"https:\/\/eldigitaldeasturias.com\/magazine365\/malaga-apuesta-por-convertirse-en-uno-de-los-grandes-destinos-urbanos-de-europa\/#listItem","name":"M\u00e1laga apuesta por convertirse en uno de los grandes destinos urbanos de Europa"},"previousItem":{"@type":"ListItem","@id":"https:\/\/eldigitaldeasturias.com\/magazine365#listItem","name":"Home"}},{"@type":"ListItem","@id":"https:\/\/eldigitaldeasturias.com\/magazine365\/malaga-apuesta-por-convertirse-en-uno-de-los-grandes-destinos-urbanos-de-europa\/#listItem","position":3,"name":"M\u00e1laga apuesta por convertirse en uno de los grandes destinos urbanos de Europa","previousItem":{"@type":"ListItem","@id":"https:\/\/eldigitaldeasturias.com\/magazine365\/category\/actualidad-turismo\/#listItem","name":"Actualidad Turismo"}}]},{"@type":"Organization","@id":"https:\/\/eldigitaldeasturias.com\/magazine365\/#organization","name":"El digital de Asturias","description":"Revista de ocio, turismo y estilo de vida","url":"https:\/\/eldigitaldeasturias.com\/magazine365\/","logo":{"@type":"ImageObject","url":"https:\/\/www.eldigitaldeasturias.com\/noticias\/wp-content\/uploads\/2020\/12\/EDA.jpg","@id":"https:\/\/eldigitaldeasturias.com\/magazine365\/malaga-apuesta-por-convertirse-en-uno-de-los-grandes-destinos-urbanos-de-europa\/#organizationLogo"},"image":{"@id":"https:\/\/eldigitaldeasturias.com\/magazine365\/malaga-apuesta-por-convertirse-en-uno-de-los-grandes-destinos-urbanos-de-europa\/#organizationLogo"}},{"@type":"Person","@id":"https:\/\/eldigitaldeasturias.com\/magazine365\/author\/admin\/#author","url":"https:\/\/eldigitaldeasturias.com\/magazine365\/author\/admin\/","name":"admin","image":{"@type":"ImageObject","@id":"https:\/\/eldigitaldeasturias.com\/magazine365\/malaga-apuesta-por-convertirse-en-uno-de-los-grandes-destinos-urbanos-de-europa\/#authorImage","url":"https:\/\/eldigitaldeasturias.com\/magazine365\/wp-content\/litespeed\/avatar\/e571bcf59a0edd6fa6838245a470f2fe.jpg?ver=1777574230","width":96,"height":96,"caption":"admin"}},{"@type":"WebPage","@id":"https:\/\/eldigitaldeasturias.com\/magazine365\/malaga-apuesta-por-convertirse-en-uno-de-los-grandes-destinos-urbanos-de-europa\/#webpage","url":"https:\/\/eldigitaldeasturias.com\/magazine365\/malaga-apuesta-por-convertirse-en-uno-de-los-grandes-destinos-urbanos-de-europa\/","name":"M\u00e1laga apuesta por convertirse en uno de los grandes destinos urbanos de Europa | El Digital de Asturias","description":"El alcalde de M\u00e1laga, Francisco de la Torre, ha declarado este martes que el Foro de Turismo pretende consolidar a la ciudad como uno de los principales destinos urbanos de Europa, para lo que hay que apostar por los segmentos tur\u00edsticos tradicionales e incorporar los m\u00e1s novedosos. De la Torre ha explicado en rueda de","inLanguage":"es-ES","isPartOf":{"@id":"https:\/\/eldigitaldeasturias.com\/magazine365\/#website"},"breadcrumb":{"@id":"https:\/\/eldigitaldeasturias.com\/magazine365\/malaga-apuesta-por-convertirse-en-uno-de-los-grandes-destinos-urbanos-de-europa\/#breadcrumblist"},"author":{"@id":"https:\/\/eldigitaldeasturias.com\/magazine365\/author\/admin\/#author"},"creator":{"@id":"https:\/\/eldigitaldeasturias.com\/magazine365\/author\/admin\/#author"},"image":{"@type":"ImageObject","url":"https:\/\/eldigitaldeasturias.com\/magazine365\/wp-content\/uploads\/2015\/07\/fotonoticia_20150714135626_800.jpg","@id":"https:\/\/eldigitaldeasturias.com\/magazine365\/malaga-apuesta-por-convertirse-en-uno-de-los-grandes-destinos-urbanos-de-europa\/#mainImage","width":800,"height":600},"primaryImageOfPage":{"@id":"https:\/\/eldigitaldeasturias.com\/magazine365\/malaga-apuesta-por-convertirse-en-uno-de-los-grandes-destinos-urbanos-de-europa\/#mainImage"},"datePublished":"2015-07-15T00:24:27+02:00","dateModified":"2015-07-15T00:24:27+02:00"},{"@type":"WebSite","@id":"https:\/\/eldigitaldeasturias.com\/magazine365\/#website","url":"https:\/\/eldigitaldeasturias.com\/magazine365\/","name":"El Digital de Asturias","description":"Revista de ocio, turismo y estilo de vida","inLanguage":"es-ES","publisher":{"@id":"https:\/\/eldigitaldeasturias.com\/magazine365\/#organization"}}]},"og:locale":"es_ES","og:site_name":"El Digital de Asturias \u2013 Revista de ocio, turismo y estilo de vida","og:type":"article","og:title":"M\u00e1laga apuesta por convertirse en uno de los grandes destinos urbanos de Europa | El Digital de Asturias","og:description":"El alcalde de M\u00e1laga, Francisco de la Torre, ha declarado este martes que el Foro de Turismo pretende consolidar a la ciudad como uno de los principales destinos urbanos de Europa, para lo que hay que apostar por los segmentos tur\u00edsticos tradicionales e incorporar los m\u00e1s novedosos. De la Torre ha explicado en rueda de","og:url":"https:\/\/eldigitaldeasturias.com\/magazine365\/malaga-apuesta-por-convertirse-en-uno-de-los-grandes-destinos-urbanos-de-europa\/","og:image":"https:\/\/eldigitaldeasturias.com\/magazine365\/wp-content\/uploads\/2015\/07\/fotonoticia_20150714135626_800.jpg","og:image:secure_url":"https:\/\/eldigitaldeasturias.com\/magazine365\/wp-content\/uploads\/2015\/07\/fotonoticia_20150714135626_800.jpg","og:image:width":800,"og:image:height":600,"article:published_time":"2015-07-14T22:24:27+00:00","article:modified_time":"2015-07-14T22:24:27+00:00","twitter:card":"summary_large_image","twitter:title":"M\u00e1laga apuesta por convertirse en uno de los grandes destinos urbanos de Europa | El Digital de Asturias","twitter:description":"El alcalde de M\u00e1laga, Francisco de la Torre, ha declarado este martes que el Foro de Turismo pretende consolidar a la ciudad como uno de los principales destinos urbanos de Europa, para lo que hay que apostar por los segmentos tur\u00edsticos tradicionales e incorporar los m\u00e1s novedosos. De la Torre ha explicado en rueda de","twitter:image":"https:\/\/eldigitaldeasturias.com\/magazine365\/wp-content\/uploads\/2015\/07\/fotonoticia_20150714135626_800.jpg"},"aioseo_meta_data":{"post_id":"42645","title":null,"description":null,"keywords":null,"keyphrases":null,"primary_term":null,"canonical_url":null,"og_title":null,"og_description":null,"og_object_type":"default","og_image_type":"default","og_image_url":null,"og_image_width":null,"og_image_height":null,"og_image_custom_url":null,"og_image_custom_fields":null,"og_video":null,"og_custom_url":null,"og_article_section":null,"og_article_tags":null,"twitter_use_og":false,"twitter_card":"default","twitter_image_type":"default","twitter_image_url":null,"twitter_image_custom_url":null,"twitter_image_custom_fields":null,"twitter_title":null,"twitter_description":null,"schema":{"blockGraphs":[],"customGraphs":[],"default":{"data":{"Article":[],"Course":[],"Dataset":[],"FAQPage":[],"Movie":[],"Person":[],"Product":[],"ProductReview":[],"Car":[],"Recipe":[],"Service":[],"SoftwareApplication":[],"WebPage":[]},"graphName":"","isEnabled":true},"graphs":[]},"schema_type":null,"schema_type_options":null,"pillar_content":false,"robots_default":true,"robots_noindex":false,"robots_noarchive":false,"robots_nosnippet":false,"robots_nofollow":false,"robots_noimageindex":false,"robots_noodp":false,"robots_notranslate":false,"robots_max_snippet":null,"robots_max_videopreview":null,"robots_max_imagepreview":"large","priority":null,"frequency":null,"location":null,"local_seo":null,"seo_analyzer_scan_date":"2025-09-19 18:10:54","breadcrumb_settings":null,"limit_modified_date":false,"open_ai":null,"ai":null,"created":"2021-03-09 01:57:46","updated":"2025-09-19 18:10:54"},"aioseo_breadcrumb":"<div class=\"aioseo-breadcrumbs\"><span class=\"aioseo-breadcrumb\">\n\t<a href=\"https:\/\/eldigitaldeasturias.com\/magazine365\" title=\"Home\">Home<\/a>\n<\/span><span class=\"aioseo-breadcrumb-separator\">\u2013<\/span><span class=\"aioseo-breadcrumb\">\n\t<a href=\"https:\/\/eldigitaldeasturias.com\/magazine365\/category\/actualidad-turismo\/\" title=\"Actualidad Turismo\">Actualidad Turismo<\/a>\n<\/span><span class=\"aioseo-breadcrumb-separator\">\u2013<\/span><span class=\"aioseo-breadcrumb\">\n\t<a href=\"https:\/\/eldigitaldeasturias.com\/magazine365\/malaga-apuesta-por-convertirse-en-uno-de-los-grandes-destinos-urbanos-de-europa\/\" title=\"M\u00e1laga apuesta por convertirse en uno de los grandes destinos urbanos de Europa\">M\u00e1laga apuesta por convertirse en uno de los grandes destinos urbanos de Europa<\/a>\n<\/span><\/div>","aioseo_breadcrumb_json":[{"label":"Home","link":"https:\/\/eldigitaldeasturias.com\/magazine365"},{"label":"Actualidad Turismo","link":"https:\/\/eldigitaldeasturias.com\/magazine365\/category\/actualidad-turismo\/"},{"label":"M\u00e1laga apuesta por convertirse en uno de los grandes destinos urbanos de Europa","link":"https:\/\/eldigitaldeasturias.com\/magazine365\/malaga-apuesta-por-convertirse-en-uno-de-los-grandes-destinos-urbanos-de-europa\/"}],"_links":{"self":[{"href":"https:\/\/eldigitaldeasturias.com\/magazine365\/wp-json\/wp\/v2\/posts\/42645","targetHints":{"allow":["GET"]}}],"collection":[{"href":"https:\/\/eldigitaldeasturias.com\/magazine365\/wp-json\/wp\/v2\/posts"}],"about":[{"href":"https:\/\/eldigitaldeasturias.com\/magazine365\/wp-json\/wp\/v2\/types\/post"}],"author":[{"embeddable":true,"href":"https:\/\/eldigitaldeasturias.com\/magazine365\/wp-json\/wp\/v2\/users\/1"}],"replies":[{"embeddable":true,"href":"https:\/\/eldigitaldeasturias.com\/magazine365\/wp-json\/wp\/v2\/comments?post=42645"}],"version-history":[{"count":0,"href":"https:\/\/eldigitaldeasturias.com\/magazine365\/wp-json\/wp\/v2\/posts\/42645\/revisions"}],"wp:featuredmedia":[{"embeddable":true,"href":"https:\/\/eldigitaldeasturias.com\/magazine365\/wp-json\/wp\/v2\/media\/42646"}],"wp:attachment":[{"href":"https:\/\/eldigitaldeasturias.com\/magazine365\/wp-json\/wp\/v2\/media?parent=42645"}],"wp:term":[{"taxonomy":"category","embeddable":true,"href":"https:\/\/eldigitaldeasturias.com\/magazine365\/wp-json\/wp\/v2\/categories?post=42645"},{"taxonomy":"post_tag","embeddable":true,"href":"https:\/\/eldigitaldeasturias.com\/magazine365\/wp-json\/wp\/v2\/tags?post=42645"}],"curies":[{"name":"wp","href":"https:\/\/api.w.org\/{rel}","templated":true}]}}