{"id":42642,"date":"2015-07-15T00:19:04","date_gmt":"2015-07-14T22:19:04","guid":{"rendered":"http:\/\/eldigitaldeasturias.com\/magazine365\/?p=42642"},"modified":"2015-07-15T00:19:04","modified_gmt":"2015-07-14T22:19:04","slug":"renfe-inicia-una-serie-de-obras-en-la-estacion-de-lora-del-rio","status":"publish","type":"post","link":"https:\/\/eldigitaldeasturias.com\/magazine365\/renfe-inicia-una-serie-de-obras-en-la-estacion-de-lora-del-rio\/","title":{"rendered":"Renfe inicia una serie de obras en la estaci\u00f3n de Lora del R\u00edo"},"content":{"rendered":"<p><img fetchpriority=\"high\" decoding=\"async\" class=\"alignleft size-medium wp-image-42643\" src=\"https:\/\/eldigitaldeasturias.com\/magazine365\/wp-content\/uploads\/2015\/07\/fotonoticia_20150714135506_800-360x241.jpg\" alt=\"fotonoticia_20150714135506_800\" width=\"360\" height=\"241\" srcset=\"https:\/\/eldigitaldeasturias.com\/magazine365\/wp-content\/uploads\/2015\/07\/fotonoticia_20150714135506_800-360x241.jpg 360w, https:\/\/eldigitaldeasturias.com\/magazine365\/wp-content\/uploads\/2015\/07\/fotonoticia_20150714135506_800-650x436.jpg 650w, https:\/\/eldigitaldeasturias.com\/magazine365\/wp-content\/uploads\/2015\/07\/fotonoticia_20150714135506_800-768x515.jpg 768w, https:\/\/eldigitaldeasturias.com\/magazine365\/wp-content\/uploads\/2015\/07\/fotonoticia_20150714135506_800-150x101.jpg 150w, https:\/\/eldigitaldeasturias.com\/magazine365\/wp-content\/uploads\/2015\/07\/fotonoticia_20150714135506_800-450x302.jpg 450w, https:\/\/eldigitaldeasturias.com\/magazine365\/wp-content\/uploads\/2015\/07\/fotonoticia_20150714135506_800-696x466.jpg 696w, https:\/\/eldigitaldeasturias.com\/magazine365\/wp-content\/uploads\/2015\/07\/fotonoticia_20150714135506_800-627x420.jpg 627w, https:\/\/eldigitaldeasturias.com\/magazine365\/wp-content\/uploads\/2015\/07\/fotonoticia_20150714135506_800-84x55.jpg 84w, https:\/\/eldigitaldeasturias.com\/magazine365\/wp-content\/uploads\/2015\/07\/fotonoticia_20150714135506_800.jpg 800w\" sizes=\"(max-width: 360px) 100vw, 360px\" \/>Renfe ha comenzado esta semana las obras para mejorar la accesibilidad de la estaci\u00f3n de Cercan\u00edas de Lora del R\u00edo (Sevilla). En concreto se est\u00e1 prolongando y elevando la altura de los andenes para facilitar el acceso de los viajeros con movilidad reducida al interior de los trenes, as\u00ed como la instalaci\u00f3n de tres ascensores para un mejor tr\u00e1nsito entre los andenes de la estaci\u00f3n.<\/p>\n<p>Seg\u00fan ha informado la compa\u00f1\u00eda, la inversi\u00f3n total de esta obra, que se prolongar\u00e1 hasta finales de a\u00f1o, asciende a 585.000 euros. La estaci\u00f3n de Lora del R\u00edo cuenta con una oferta diaria de 70 trenes, 54 de Cercan\u00edas y 16 servicios de Media Distancia de la relaci\u00f3n C\u00e1diz-Sevilla-C\u00f3rdoba-Ja\u00e9n.<\/p>\n<p>Esta estaci\u00f3n forma parte de la L\u00ednea C-1 (Lora del R\u00edo-Sevilla- Utrera-Lebrija) que concentra m\u00e1s del 80 por ciento de los viajeros del N\u00facleo de Cercan\u00edas de Sevilla que, seg\u00fan datos de 2014, supera los 7,7 millones de viajeros anuales.<\/p>\n<p>Estas actuaciones de mejora forman parte Plan Integral de Cercan\u00edas, a trav\u00e9s del que Renfe invertir\u00e1 9.798.000 euros en el N\u00facleo de Sevilla en el periodo 2015-2018. Esta partida se destinar\u00e1 principalmente al apartado de estaciones, con la puesta en servicio del nuevo apeadero de La Salud, as\u00ed como la mejora de la accesibilidad, tanto en Lora del R\u00edo, como en las estaciones de Bellavista y Virgen del Roc\u00edo.<\/p>\n","protected":false},"excerpt":{"rendered":"<p>Renfe ha comenzado esta semana las obras para mejorar la accesibilidad de la estaci\u00f3n de Cercan\u00edas de Lora del R\u00edo (Sevilla). En concreto se est\u00e1 prolongando y elevando la altura de los andenes para facilitar el acceso de los viajeros con movilidad reducida al interior de los trenes, as\u00ed como la instalaci\u00f3n de tres ascensores<\/p>\n","protected":false},"author":1,"featured_media":42643,"comment_status":"open","ping_status":"closed","sticky":false,"template":"","format":"standard","meta":{"footnotes":""},"categories":[224],"tags":[],"class_list":{"0":"post-42642","1":"post","2":"type-post","3":"status-publish","4":"format-standard","5":"has-post-thumbnail","7":"category-noticias-actualidad"},"aioseo_notices":[],"aioseo_head":"\n\t\t<!-- All in One SEO Pro 4.9.6.1 - aioseo.com -->\n\t<meta name=\"description\" content=\"Renfe ha comenzado esta semana las obras para mejorar la accesibilidad de la estaci\u00f3n de Cercan\u00edas de Lora del R\u00edo (Sevilla). En concreto se est\u00e1 prolongando y elevando la altura de los andenes para facilitar el acceso de los viajeros con movilidad reducida al interior de los trenes, as\u00ed como la instalaci\u00f3n de tres ascensores\" \/>\n\t<meta name=\"robots\" content=\"max-image-preview:large\" \/>\n\t<meta name=\"author\" content=\"admin\"\/>\n\t<meta name=\"google-site-verification\" content=\"UA-38556648-1\" \/>\n\t<meta name=\"keywords\" content=\"noticias y actualidad\" \/>\n\t<link rel=\"canonical\" href=\"https:\/\/eldigitaldeasturias.com\/magazine365\/renfe-inicia-una-serie-de-obras-en-la-estacion-de-lora-del-rio\/\" \/>\n\t<meta name=\"generator\" content=\"All in One SEO Pro (AIOSEO) 4.9.6.1\" \/>\n\t\t<meta property=\"og:locale\" content=\"es_ES\" \/>\n\t\t<meta property=\"og:site_name\" content=\"El Digital de Asturias \u2013 Revista de ocio, turismo y estilo de vida\" \/>\n\t\t<meta property=\"og:type\" content=\"article\" \/>\n\t\t<meta property=\"og:title\" content=\"Renfe inicia una serie de obras en la estaci\u00f3n de Lora del R\u00edo | El Digital de Asturias\" \/>\n\t\t<meta property=\"og:description\" content=\"Renfe ha comenzado esta semana las obras para mejorar la accesibilidad de la estaci\u00f3n de Cercan\u00edas de Lora del R\u00edo (Sevilla). En concreto se est\u00e1 prolongando y elevando la altura de los andenes para facilitar el acceso de los viajeros con movilidad reducida al interior de los trenes, as\u00ed como la instalaci\u00f3n de tres ascensores\" \/>\n\t\t<meta property=\"og:url\" content=\"https:\/\/eldigitaldeasturias.com\/magazine365\/renfe-inicia-una-serie-de-obras-en-la-estacion-de-lora-del-rio\/\" \/>\n\t\t<meta property=\"og:image\" content=\"https:\/\/eldigitaldeasturias.com\/magazine365\/wp-content\/uploads\/2015\/07\/fotonoticia_20150714135506_800.jpg\" \/>\n\t\t<meta property=\"og:image:secure_url\" content=\"https:\/\/eldigitaldeasturias.com\/magazine365\/wp-content\/uploads\/2015\/07\/fotonoticia_20150714135506_800.jpg\" \/>\n\t\t<meta property=\"og:image:width\" content=\"800\" \/>\n\t\t<meta property=\"og:image:height\" content=\"536\" \/>\n\t\t<meta property=\"article:published_time\" content=\"2015-07-14T22:19:04+00:00\" \/>\n\t\t<meta property=\"article:modified_time\" content=\"2015-07-14T22:19:04+00:00\" \/>\n\t\t<meta name=\"twitter:card\" content=\"summary_large_image\" \/>\n\t\t<meta name=\"twitter:title\" content=\"Renfe inicia una serie de obras en la estaci\u00f3n de Lora del R\u00edo | El Digital de Asturias\" \/>\n\t\t<meta name=\"twitter:description\" content=\"Renfe ha comenzado esta semana las obras para mejorar la accesibilidad de la estaci\u00f3n de Cercan\u00edas de Lora del R\u00edo (Sevilla). En concreto se est\u00e1 prolongando y elevando la altura de los andenes para facilitar el acceso de los viajeros con movilidad reducida al interior de los trenes, as\u00ed como la instalaci\u00f3n de tres ascensores\" \/>\n\t\t<meta name=\"twitter:image\" content=\"https:\/\/eldigitaldeasturias.com\/magazine365\/wp-content\/uploads\/2015\/07\/fotonoticia_20150714135506_800.jpg\" \/>\n\t\t<script type=\"application\/ld+json\" class=\"aioseo-schema\">\n\t\t\t{\"@context\":\"https:\\\/\\\/schema.org\",\"@graph\":[{\"@type\":\"Article\",\"@id\":\"https:\\\/\\\/eldigitaldeasturias.com\\\/magazine365\\\/renfe-inicia-una-serie-de-obras-en-la-estacion-de-lora-del-rio\\\/#article\",\"name\":\"Renfe inicia una serie de obras en la estaci\\u00f3n de Lora del R\\u00edo | El Digital de Asturias\",\"headline\":\"Renfe inicia una serie de obras en la estaci\\u00f3n de Lora del R\\u00edo\",\"author\":{\"@id\":\"https:\\\/\\\/eldigitaldeasturias.com\\\/magazine365\\\/author\\\/admin\\\/#author\"},\"publisher\":{\"@id\":\"https:\\\/\\\/eldigitaldeasturias.com\\\/magazine365\\\/#organization\"},\"image\":{\"@type\":\"ImageObject\",\"url\":\"https:\\\/\\\/eldigitaldeasturias.com\\\/magazine365\\\/wp-content\\\/uploads\\\/2015\\\/07\\\/fotonoticia_20150714135506_800.jpg\",\"width\":800,\"height\":536},\"datePublished\":\"2015-07-15T00:19:04+02:00\",\"dateModified\":\"2015-07-15T00:19:04+02:00\",\"inLanguage\":\"es-ES\",\"mainEntityOfPage\":{\"@id\":\"https:\\\/\\\/eldigitaldeasturias.com\\\/magazine365\\\/renfe-inicia-una-serie-de-obras-en-la-estacion-de-lora-del-rio\\\/#webpage\"},\"isPartOf\":{\"@id\":\"https:\\\/\\\/eldigitaldeasturias.com\\\/magazine365\\\/renfe-inicia-una-serie-de-obras-en-la-estacion-de-lora-del-rio\\\/#webpage\"},\"articleSection\":\"Noticias y Actualidad\"},{\"@type\":\"BreadcrumbList\",\"@id\":\"https:\\\/\\\/eldigitaldeasturias.com\\\/magazine365\\\/renfe-inicia-una-serie-de-obras-en-la-estacion-de-lora-del-rio\\\/#breadcrumblist\",\"itemListElement\":[{\"@type\":\"ListItem\",\"@id\":\"https:\\\/\\\/eldigitaldeasturias.com\\\/magazine365#listItem\",\"position\":1,\"name\":\"Home\",\"item\":\"https:\\\/\\\/eldigitaldeasturias.com\\\/magazine365\",\"nextItem\":{\"@type\":\"ListItem\",\"@id\":\"https:\\\/\\\/eldigitaldeasturias.com\\\/magazine365\\\/category\\\/noticias-actualidad\\\/#listItem\",\"name\":\"Noticias y Actualidad\"}},{\"@type\":\"ListItem\",\"@id\":\"https:\\\/\\\/eldigitaldeasturias.com\\\/magazine365\\\/category\\\/noticias-actualidad\\\/#listItem\",\"position\":2,\"name\":\"Noticias y Actualidad\",\"item\":\"https:\\\/\\\/eldigitaldeasturias.com\\\/magazine365\\\/category\\\/noticias-actualidad\\\/\",\"nextItem\":{\"@type\":\"ListItem\",\"@id\":\"https:\\\/\\\/eldigitaldeasturias.com\\\/magazine365\\\/renfe-inicia-una-serie-de-obras-en-la-estacion-de-lora-del-rio\\\/#listItem\",\"name\":\"Renfe inicia una serie de obras en la estaci\\u00f3n de Lora del R\\u00edo\"},\"previousItem\":{\"@type\":\"ListItem\",\"@id\":\"https:\\\/\\\/eldigitaldeasturias.com\\\/magazine365#listItem\",\"name\":\"Home\"}},{\"@type\":\"ListItem\",\"@id\":\"https:\\\/\\\/eldigitaldeasturias.com\\\/magazine365\\\/renfe-inicia-una-serie-de-obras-en-la-estacion-de-lora-del-rio\\\/#listItem\",\"position\":3,\"name\":\"Renfe inicia una serie de obras en la estaci\\u00f3n de Lora del R\\u00edo\",\"previousItem\":{\"@type\":\"ListItem\",\"@id\":\"https:\\\/\\\/eldigitaldeasturias.com\\\/magazine365\\\/category\\\/noticias-actualidad\\\/#listItem\",\"name\":\"Noticias y Actualidad\"}}]},{\"@type\":\"Organization\",\"@id\":\"https:\\\/\\\/eldigitaldeasturias.com\\\/magazine365\\\/#organization\",\"name\":\"El digital de Asturias\",\"description\":\"Revista de ocio, turismo y estilo de vida\",\"url\":\"https:\\\/\\\/eldigitaldeasturias.com\\\/magazine365\\\/\",\"logo\":{\"@type\":\"ImageObject\",\"url\":\"https:\\\/\\\/www.eldigitaldeasturias.com\\\/noticias\\\/wp-content\\\/uploads\\\/2020\\\/12\\\/EDA.jpg\",\"@id\":\"https:\\\/\\\/eldigitaldeasturias.com\\\/magazine365\\\/renfe-inicia-una-serie-de-obras-en-la-estacion-de-lora-del-rio\\\/#organizationLogo\"},\"image\":{\"@id\":\"https:\\\/\\\/eldigitaldeasturias.com\\\/magazine365\\\/renfe-inicia-una-serie-de-obras-en-la-estacion-de-lora-del-rio\\\/#organizationLogo\"}},{\"@type\":\"Person\",\"@id\":\"https:\\\/\\\/eldigitaldeasturias.com\\\/magazine365\\\/author\\\/admin\\\/#author\",\"url\":\"https:\\\/\\\/eldigitaldeasturias.com\\\/magazine365\\\/author\\\/admin\\\/\",\"name\":\"admin\",\"image\":{\"@type\":\"ImageObject\",\"@id\":\"https:\\\/\\\/eldigitaldeasturias.com\\\/magazine365\\\/renfe-inicia-una-serie-de-obras-en-la-estacion-de-lora-del-rio\\\/#authorImage\",\"url\":\"https:\\\/\\\/eldigitaldeasturias.com\\\/magazine365\\\/wp-content\\\/litespeed\\\/avatar\\\/e571bcf59a0edd6fa6838245a470f2fe.jpg?ver=1777574230\",\"width\":96,\"height\":96,\"caption\":\"admin\"}},{\"@type\":\"WebPage\",\"@id\":\"https:\\\/\\\/eldigitaldeasturias.com\\\/magazine365\\\/renfe-inicia-una-serie-de-obras-en-la-estacion-de-lora-del-rio\\\/#webpage\",\"url\":\"https:\\\/\\\/eldigitaldeasturias.com\\\/magazine365\\\/renfe-inicia-una-serie-de-obras-en-la-estacion-de-lora-del-rio\\\/\",\"name\":\"Renfe inicia una serie de obras en la estaci\\u00f3n de Lora del R\\u00edo | El Digital de Asturias\",\"description\":\"Renfe ha comenzado esta semana las obras para mejorar la accesibilidad de la estaci\\u00f3n de Cercan\\u00edas de Lora del R\\u00edo (Sevilla). En concreto se est\\u00e1 prolongando y elevando la altura de los andenes para facilitar el acceso de los viajeros con movilidad reducida al interior de los trenes, as\\u00ed como la instalaci\\u00f3n de tres ascensores\",\"inLanguage\":\"es-ES\",\"isPartOf\":{\"@id\":\"https:\\\/\\\/eldigitaldeasturias.com\\\/magazine365\\\/#website\"},\"breadcrumb\":{\"@id\":\"https:\\\/\\\/eldigitaldeasturias.com\\\/magazine365\\\/renfe-inicia-una-serie-de-obras-en-la-estacion-de-lora-del-rio\\\/#breadcrumblist\"},\"author\":{\"@id\":\"https:\\\/\\\/eldigitaldeasturias.com\\\/magazine365\\\/author\\\/admin\\\/#author\"},\"creator\":{\"@id\":\"https:\\\/\\\/eldigitaldeasturias.com\\\/magazine365\\\/author\\\/admin\\\/#author\"},\"image\":{\"@type\":\"ImageObject\",\"url\":\"https:\\\/\\\/eldigitaldeasturias.com\\\/magazine365\\\/wp-content\\\/uploads\\\/2015\\\/07\\\/fotonoticia_20150714135506_800.jpg\",\"@id\":\"https:\\\/\\\/eldigitaldeasturias.com\\\/magazine365\\\/renfe-inicia-una-serie-de-obras-en-la-estacion-de-lora-del-rio\\\/#mainImage\",\"width\":800,\"height\":536},\"primaryImageOfPage\":{\"@id\":\"https:\\\/\\\/eldigitaldeasturias.com\\\/magazine365\\\/renfe-inicia-una-serie-de-obras-en-la-estacion-de-lora-del-rio\\\/#mainImage\"},\"datePublished\":\"2015-07-15T00:19:04+02:00\",\"dateModified\":\"2015-07-15T00:19:04+02:00\"},{\"@type\":\"WebSite\",\"@id\":\"https:\\\/\\\/eldigitaldeasturias.com\\\/magazine365\\\/#website\",\"url\":\"https:\\\/\\\/eldigitaldeasturias.com\\\/magazine365\\\/\",\"name\":\"El Digital de Asturias\",\"description\":\"Revista de ocio, turismo y estilo de vida\",\"inLanguage\":\"es-ES\",\"publisher\":{\"@id\":\"https:\\\/\\\/eldigitaldeasturias.com\\\/magazine365\\\/#organization\"}}]}\n\t\t<\/script>\n\t\t<!-- All in One SEO Pro -->\r\n\t\t<title>Renfe inicia una serie de obras en la estaci\u00f3n de Lora del R\u00edo | El Digital de Asturias<\/title>\n\n","aioseo_head_json":{"title":"Renfe inicia una serie de obras en la estaci\u00f3n de Lora del R\u00edo | El Digital de Asturias","description":"Renfe ha comenzado esta semana las obras para mejorar la accesibilidad de la estaci\u00f3n de Cercan\u00edas de Lora del R\u00edo (Sevilla). En concreto se est\u00e1 prolongando y elevando la altura de los andenes para facilitar el acceso de los viajeros con movilidad reducida al interior de los trenes, as\u00ed como la instalaci\u00f3n de tres ascensores","canonical_url":"https:\/\/eldigitaldeasturias.com\/magazine365\/renfe-inicia-una-serie-de-obras-en-la-estacion-de-lora-del-rio\/","robots":"max-image-preview:large","keywords":"noticias y actualidad","webmasterTools":{"google-site-verification":"UA-38556648-1","miscellaneous":""},"schema":{"@context":"https:\/\/schema.org","@graph":[{"@type":"Article","@id":"https:\/\/eldigitaldeasturias.com\/magazine365\/renfe-inicia-una-serie-de-obras-en-la-estacion-de-lora-del-rio\/#article","name":"Renfe inicia una serie de obras en la estaci\u00f3n de Lora del R\u00edo | El Digital de Asturias","headline":"Renfe inicia una serie de obras en la estaci\u00f3n de Lora del R\u00edo","author":{"@id":"https:\/\/eldigitaldeasturias.com\/magazine365\/author\/admin\/#author"},"publisher":{"@id":"https:\/\/eldigitaldeasturias.com\/magazine365\/#organization"},"image":{"@type":"ImageObject","url":"https:\/\/eldigitaldeasturias.com\/magazine365\/wp-content\/uploads\/2015\/07\/fotonoticia_20150714135506_800.jpg","width":800,"height":536},"datePublished":"2015-07-15T00:19:04+02:00","dateModified":"2015-07-15T00:19:04+02:00","inLanguage":"es-ES","mainEntityOfPage":{"@id":"https:\/\/eldigitaldeasturias.com\/magazine365\/renfe-inicia-una-serie-de-obras-en-la-estacion-de-lora-del-rio\/#webpage"},"isPartOf":{"@id":"https:\/\/eldigitaldeasturias.com\/magazine365\/renfe-inicia-una-serie-de-obras-en-la-estacion-de-lora-del-rio\/#webpage"},"articleSection":"Noticias y Actualidad"},{"@type":"BreadcrumbList","@id":"https:\/\/eldigitaldeasturias.com\/magazine365\/renfe-inicia-una-serie-de-obras-en-la-estacion-de-lora-del-rio\/#breadcrumblist","itemListElement":[{"@type":"ListItem","@id":"https:\/\/eldigitaldeasturias.com\/magazine365#listItem","position":1,"name":"Home","item":"https:\/\/eldigitaldeasturias.com\/magazine365","nextItem":{"@type":"ListItem","@id":"https:\/\/eldigitaldeasturias.com\/magazine365\/category\/noticias-actualidad\/#listItem","name":"Noticias y Actualidad"}},{"@type":"ListItem","@id":"https:\/\/eldigitaldeasturias.com\/magazine365\/category\/noticias-actualidad\/#listItem","position":2,"name":"Noticias y Actualidad","item":"https:\/\/eldigitaldeasturias.com\/magazine365\/category\/noticias-actualidad\/","nextItem":{"@type":"ListItem","@id":"https:\/\/eldigitaldeasturias.com\/magazine365\/renfe-inicia-una-serie-de-obras-en-la-estacion-de-lora-del-rio\/#listItem","name":"Renfe inicia una serie de obras en la estaci\u00f3n de Lora del R\u00edo"},"previousItem":{"@type":"ListItem","@id":"https:\/\/eldigitaldeasturias.com\/magazine365#listItem","name":"Home"}},{"@type":"ListItem","@id":"https:\/\/eldigitaldeasturias.com\/magazine365\/renfe-inicia-una-serie-de-obras-en-la-estacion-de-lora-del-rio\/#listItem","position":3,"name":"Renfe inicia una serie de obras en la estaci\u00f3n de Lora del R\u00edo","previousItem":{"@type":"ListItem","@id":"https:\/\/eldigitaldeasturias.com\/magazine365\/category\/noticias-actualidad\/#listItem","name":"Noticias y Actualidad"}}]},{"@type":"Organization","@id":"https:\/\/eldigitaldeasturias.com\/magazine365\/#organization","name":"El digital de Asturias","description":"Revista de ocio, turismo y estilo de vida","url":"https:\/\/eldigitaldeasturias.com\/magazine365\/","logo":{"@type":"ImageObject","url":"https:\/\/www.eldigitaldeasturias.com\/noticias\/wp-content\/uploads\/2020\/12\/EDA.jpg","@id":"https:\/\/eldigitaldeasturias.com\/magazine365\/renfe-inicia-una-serie-de-obras-en-la-estacion-de-lora-del-rio\/#organizationLogo"},"image":{"@id":"https:\/\/eldigitaldeasturias.com\/magazine365\/renfe-inicia-una-serie-de-obras-en-la-estacion-de-lora-del-rio\/#organizationLogo"}},{"@type":"Person","@id":"https:\/\/eldigitaldeasturias.com\/magazine365\/author\/admin\/#author","url":"https:\/\/eldigitaldeasturias.com\/magazine365\/author\/admin\/","name":"admin","image":{"@type":"ImageObject","@id":"https:\/\/eldigitaldeasturias.com\/magazine365\/renfe-inicia-una-serie-de-obras-en-la-estacion-de-lora-del-rio\/#authorImage","url":"https:\/\/eldigitaldeasturias.com\/magazine365\/wp-content\/litespeed\/avatar\/e571bcf59a0edd6fa6838245a470f2fe.jpg?ver=1777574230","width":96,"height":96,"caption":"admin"}},{"@type":"WebPage","@id":"https:\/\/eldigitaldeasturias.com\/magazine365\/renfe-inicia-una-serie-de-obras-en-la-estacion-de-lora-del-rio\/#webpage","url":"https:\/\/eldigitaldeasturias.com\/magazine365\/renfe-inicia-una-serie-de-obras-en-la-estacion-de-lora-del-rio\/","name":"Renfe inicia una serie de obras en la estaci\u00f3n de Lora del R\u00edo | El Digital de Asturias","description":"Renfe ha comenzado esta semana las obras para mejorar la accesibilidad de la estaci\u00f3n de Cercan\u00edas de Lora del R\u00edo (Sevilla). En concreto se est\u00e1 prolongando y elevando la altura de los andenes para facilitar el acceso de los viajeros con movilidad reducida al interior de los trenes, as\u00ed como la instalaci\u00f3n de tres ascensores","inLanguage":"es-ES","isPartOf":{"@id":"https:\/\/eldigitaldeasturias.com\/magazine365\/#website"},"breadcrumb":{"@id":"https:\/\/eldigitaldeasturias.com\/magazine365\/renfe-inicia-una-serie-de-obras-en-la-estacion-de-lora-del-rio\/#breadcrumblist"},"author":{"@id":"https:\/\/eldigitaldeasturias.com\/magazine365\/author\/admin\/#author"},"creator":{"@id":"https:\/\/eldigitaldeasturias.com\/magazine365\/author\/admin\/#author"},"image":{"@type":"ImageObject","url":"https:\/\/eldigitaldeasturias.com\/magazine365\/wp-content\/uploads\/2015\/07\/fotonoticia_20150714135506_800.jpg","@id":"https:\/\/eldigitaldeasturias.com\/magazine365\/renfe-inicia-una-serie-de-obras-en-la-estacion-de-lora-del-rio\/#mainImage","width":800,"height":536},"primaryImageOfPage":{"@id":"https:\/\/eldigitaldeasturias.com\/magazine365\/renfe-inicia-una-serie-de-obras-en-la-estacion-de-lora-del-rio\/#mainImage"},"datePublished":"2015-07-15T00:19:04+02:00","dateModified":"2015-07-15T00:19:04+02:00"},{"@type":"WebSite","@id":"https:\/\/eldigitaldeasturias.com\/magazine365\/#website","url":"https:\/\/eldigitaldeasturias.com\/magazine365\/","name":"El Digital de Asturias","description":"Revista de ocio, turismo y estilo de vida","inLanguage":"es-ES","publisher":{"@id":"https:\/\/eldigitaldeasturias.com\/magazine365\/#organization"}}]},"og:locale":"es_ES","og:site_name":"El Digital de Asturias \u2013 Revista de ocio, turismo y estilo de vida","og:type":"article","og:title":"Renfe inicia una serie de obras en la estaci\u00f3n de Lora del R\u00edo | El Digital de Asturias","og:description":"Renfe ha comenzado esta semana las obras para mejorar la accesibilidad de la estaci\u00f3n de Cercan\u00edas de Lora del R\u00edo (Sevilla). En concreto se est\u00e1 prolongando y elevando la altura de los andenes para facilitar el acceso de los viajeros con movilidad reducida al interior de los trenes, as\u00ed como la instalaci\u00f3n de tres ascensores","og:url":"https:\/\/eldigitaldeasturias.com\/magazine365\/renfe-inicia-una-serie-de-obras-en-la-estacion-de-lora-del-rio\/","og:image":"https:\/\/eldigitaldeasturias.com\/magazine365\/wp-content\/uploads\/2015\/07\/fotonoticia_20150714135506_800.jpg","og:image:secure_url":"https:\/\/eldigitaldeasturias.com\/magazine365\/wp-content\/uploads\/2015\/07\/fotonoticia_20150714135506_800.jpg","og:image:width":800,"og:image:height":536,"article:published_time":"2015-07-14T22:19:04+00:00","article:modified_time":"2015-07-14T22:19:04+00:00","twitter:card":"summary_large_image","twitter:title":"Renfe inicia una serie de obras en la estaci\u00f3n de Lora del R\u00edo | El Digital de Asturias","twitter:description":"Renfe ha comenzado esta semana las obras para mejorar la accesibilidad de la estaci\u00f3n de Cercan\u00edas de Lora del R\u00edo (Sevilla). En concreto se est\u00e1 prolongando y elevando la altura de los andenes para facilitar el acceso de los viajeros con movilidad reducida al interior de los trenes, as\u00ed como la instalaci\u00f3n de tres ascensores","twitter:image":"https:\/\/eldigitaldeasturias.com\/magazine365\/wp-content\/uploads\/2015\/07\/fotonoticia_20150714135506_800.jpg"},"aioseo_meta_data":{"post_id":"42642","title":null,"description":null,"keywords":null,"keyphrases":null,"primary_term":null,"canonical_url":null,"og_title":null,"og_description":null,"og_object_type":"default","og_image_type":"default","og_image_url":null,"og_image_width":null,"og_image_height":null,"og_image_custom_url":null,"og_image_custom_fields":null,"og_video":null,"og_custom_url":null,"og_article_section":null,"og_article_tags":null,"twitter_use_og":false,"twitter_card":"default","twitter_image_type":"default","twitter_image_url":null,"twitter_image_custom_url":null,"twitter_image_custom_fields":null,"twitter_title":null,"twitter_description":null,"schema":{"blockGraphs":[],"customGraphs":[],"default":{"data":{"Article":[],"Course":[],"Dataset":[],"FAQPage":[],"Movie":[],"Person":[],"Product":[],"ProductReview":[],"Car":[],"Recipe":[],"Service":[],"SoftwareApplication":[],"WebPage":[]},"graphName":"","isEnabled":true},"graphs":[],"defaultGraph":"","defaultPostTypeGraph":""},"schema_type":null,"schema_type_options":null,"pillar_content":false,"robots_default":true,"robots_noindex":false,"robots_noarchive":false,"robots_nosnippet":false,"robots_nofollow":false,"robots_noimageindex":false,"robots_noodp":false,"robots_notranslate":false,"robots_max_snippet":null,"robots_max_videopreview":null,"robots_max_imagepreview":"large","priority":null,"frequency":null,"location":null,"local_seo":null,"seo_analyzer_scan_date":"2025-09-19 18:09:01","breadcrumb_settings":null,"limit_modified_date":false,"open_ai":null,"ai":null,"created":"2021-03-09 01:57:46","updated":"2025-09-19 18:09:01"},"aioseo_breadcrumb":"<div class=\"aioseo-breadcrumbs\"><span class=\"aioseo-breadcrumb\">\n\t<a href=\"https:\/\/eldigitaldeasturias.com\/magazine365\" title=\"Home\">Home<\/a>\n<\/span><span class=\"aioseo-breadcrumb-separator\">\u2013<\/span><span class=\"aioseo-breadcrumb\">\n\t<a href=\"https:\/\/eldigitaldeasturias.com\/magazine365\/category\/noticias-actualidad\/\" title=\"Noticias y Actualidad\">Noticias y Actualidad<\/a>\n<\/span><span class=\"aioseo-breadcrumb-separator\">\u2013<\/span><span class=\"aioseo-breadcrumb\">\n\t<a href=\"https:\/\/eldigitaldeasturias.com\/magazine365\/renfe-inicia-una-serie-de-obras-en-la-estacion-de-lora-del-rio\/\" title=\"Renfe inicia una serie de obras en la estaci\u00f3n de Lora del R\u00edo\">Renfe inicia una serie de obras en la estaci\u00f3n de Lora del R\u00edo<\/a>\n<\/span><\/div>","aioseo_breadcrumb_json":[{"label":"Home","link":"https:\/\/eldigitaldeasturias.com\/magazine365"},{"label":"Noticias y Actualidad","link":"https:\/\/eldigitaldeasturias.com\/magazine365\/category\/noticias-actualidad\/"},{"label":"Renfe inicia una serie de obras en la estaci\u00f3n de Lora del R\u00edo","link":"https:\/\/eldigitaldeasturias.com\/magazine365\/renfe-inicia-una-serie-de-obras-en-la-estacion-de-lora-del-rio\/"}],"_links":{"self":[{"href":"https:\/\/eldigitaldeasturias.com\/magazine365\/wp-json\/wp\/v2\/posts\/42642","targetHints":{"allow":["GET"]}}],"collection":[{"href":"https:\/\/eldigitaldeasturias.com\/magazine365\/wp-json\/wp\/v2\/posts"}],"about":[{"href":"https:\/\/eldigitaldeasturias.com\/magazine365\/wp-json\/wp\/v2\/types\/post"}],"author":[{"embeddable":true,"href":"https:\/\/eldigitaldeasturias.com\/magazine365\/wp-json\/wp\/v2\/users\/1"}],"replies":[{"embeddable":true,"href":"https:\/\/eldigitaldeasturias.com\/magazine365\/wp-json\/wp\/v2\/comments?post=42642"}],"version-history":[{"count":0,"href":"https:\/\/eldigitaldeasturias.com\/magazine365\/wp-json\/wp\/v2\/posts\/42642\/revisions"}],"wp:featuredmedia":[{"embeddable":true,"href":"https:\/\/eldigitaldeasturias.com\/magazine365\/wp-json\/wp\/v2\/media\/42643"}],"wp:attachment":[{"href":"https:\/\/eldigitaldeasturias.com\/magazine365\/wp-json\/wp\/v2\/media?parent=42642"}],"wp:term":[{"taxonomy":"category","embeddable":true,"href":"https:\/\/eldigitaldeasturias.com\/magazine365\/wp-json\/wp\/v2\/categories?post=42642"},{"taxonomy":"post_tag","embeddable":true,"href":"https:\/\/eldigitaldeasturias.com\/magazine365\/wp-json\/wp\/v2\/tags?post=42642"}],"curies":[{"name":"wp","href":"https:\/\/api.w.org\/{rel}","templated":true}]}}