{"id":42639,"date":"2015-07-14T23:20:58","date_gmt":"2015-07-14T21:20:58","guid":{"rendered":"http:\/\/eldigitaldeasturias.com\/magazine365\/?p=42639"},"modified":"2015-07-14T23:20:58","modified_gmt":"2015-07-14T21:20:58","slug":"organizaciones-del-sector-turistico-espanol-y-cc-oo-se-alian-a-favor-de-una-industria-turistica-de-calidad","status":"publish","type":"post","link":"https:\/\/eldigitaldeasturias.com\/magazine365\/organizaciones-del-sector-turistico-espanol-y-cc-oo-se-alian-a-favor-de-una-industria-turistica-de-calidad\/","title":{"rendered":"Organizaciones del sector tur\u00edstico espa\u00f1ol y CC.OO se alian a favor de una industria tur\u00edstica de calidad"},"content":{"rendered":"<p><img fetchpriority=\"high\" decoding=\"async\" class=\"alignleft size-medium wp-image-42640\" src=\"https:\/\/eldigitaldeasturias.com\/magazine365\/wp-content\/uploads\/2015\/07\/fotonoticia_20150714135030_800-360x203.jpg\" alt=\"fotonoticia_20150714135030_800\" width=\"360\" height=\"203\" srcset=\"https:\/\/eldigitaldeasturias.com\/magazine365\/wp-content\/uploads\/2015\/07\/fotonoticia_20150714135030_800-360x203.jpg 360w, https:\/\/eldigitaldeasturias.com\/magazine365\/wp-content\/uploads\/2015\/07\/fotonoticia_20150714135030_800-650x366.jpg 650w, https:\/\/eldigitaldeasturias.com\/magazine365\/wp-content\/uploads\/2015\/07\/fotonoticia_20150714135030_800-768x432.jpg 768w, https:\/\/eldigitaldeasturias.com\/magazine365\/wp-content\/uploads\/2015\/07\/fotonoticia_20150714135030_800-150x84.jpg 150w, https:\/\/eldigitaldeasturias.com\/magazine365\/wp-content\/uploads\/2015\/07\/fotonoticia_20150714135030_800-450x253.jpg 450w, https:\/\/eldigitaldeasturias.com\/magazine365\/wp-content\/uploads\/2015\/07\/fotonoticia_20150714135030_800-696x392.jpg 696w, https:\/\/eldigitaldeasturias.com\/magazine365\/wp-content\/uploads\/2015\/07\/fotonoticia_20150714135030_800-747x420.jpg 747w, https:\/\/eldigitaldeasturias.com\/magazine365\/wp-content\/uploads\/2015\/07\/fotonoticia_20150714135030_800-499x280.jpg 499w, https:\/\/eldigitaldeasturias.com\/magazine365\/wp-content\/uploads\/2015\/07\/fotonoticia_20150714135030_800.jpg 800w\" sizes=\"(max-width: 360px) 100vw, 360px\" \/>Organizaciones de profesionales del sector tur\u00edstico han firmado hoy una declaraci\u00f3n de colaboraci\u00f3n con CC.OO en la que han propuesto diferentes iniciativas para el desarrollo del turismo sostenible y de calidad y han pedido al ministro de Industria, Energ\u00eda y Turismo, Jose Manuel Sor\u00eda L\u00f3pez, una reuni\u00f3n en la que tratar los problemas a los que se enfrenta.<\/p>\n<p>Los firmantes son la Asociaci\u00f3n de Cocineros y Reposteros de Madrid (ACYRE), la Asociaci\u00f3n de Ma\u00eetres y Camareros de Espa\u00f1a (AMYCE), la Asociaci\u00f3n Espa\u00f1ola de Gobernantas (ASEGO), la Asociaci\u00f3n Nacional de Conserjes de Hotel (Las llaves de oro) y la Federaci\u00f3n de Servicios de CC.OO.<\/p>\n<p>En el acuerdo, las organizaciones y el sindicato han indicado que la calidad en el empleo, junto con las necesarias infraestructuras f\u00edsicas e inteligentes, tienen un papel \u00abdecisivo\u00bb en el desarrollo tur\u00edstico. En este sentido, han destacado que la industria del turismo en Espa\u00f1a tiene sus principales problemas en la precariedad laboral y en la econom\u00eda sumergida.<\/p>\n<p>Para las organizaciones firmantes de la declaraci\u00f3n, titulada &#8216;Apoyo a la Industria Tur\u00edstica de Calidad&#8217;, es \u00abfundamental\u00bb que las autoridades legislen en normativas que regulen las condiciones de trabajo, en un sector como el turismo en el que los recursos humanos son un factor \u00abdecisivo\u00bb.<\/p>\n<p>Han a\u00f1adido que es \u00abnecesario\u00bb una normativa que reconduzca sectores donde habitualmente existe econom\u00eda sumergida, caso de las viviendas vacacionales y los apartamentos tur\u00edsticos, que salvo excepciones en algunas comunidades aut\u00f3nomas no se han presentado propuestas.<\/p>\n<p>Adem\u00e1s, las organizaciones han instado a que las pol\u00edticas p\u00fablicas regulen los servicios que presta la hosteler\u00eda reglada por categor\u00edas y especialidades, con el objetivo de que la clasificaci\u00f3n hotelera contemple los servicios que \u00e9stas tienen que prestar.<\/p>\n<p>Para colaborar en estas materias, las asociaciones de hosteler\u00eda en Espa\u00f1a y CC.OO han manifestado que crear\u00e1n un grupo de trabajo estable, que abordar\u00e1 los cambios desde el punto de vista normativo.<\/p>\n","protected":false},"excerpt":{"rendered":"<p>Organizaciones de profesionales del sector tur\u00edstico han firmado hoy una declaraci\u00f3n de colaboraci\u00f3n con CC.OO en la que han propuesto diferentes iniciativas para el desarrollo del turismo sostenible y de calidad y han pedido al ministro de Industria, Energ\u00eda y Turismo, Jose Manuel Sor\u00eda L\u00f3pez, una reuni\u00f3n en la que tratar los problemas a los<\/p>\n","protected":false},"author":1,"featured_media":42640,"comment_status":"open","ping_status":"closed","sticky":false,"template":"","format":"standard","meta":{"footnotes":""},"categories":[222],"tags":[],"class_list":{"0":"post-42639","1":"post","2":"type-post","3":"status-publish","4":"format-standard","5":"has-post-thumbnail","7":"category-actualidad-turismo"},"aioseo_notices":[],"aioseo_head":"\n\t\t<!-- All in One SEO Pro 4.9.6.1 - aioseo.com -->\n\t<meta name=\"description\" content=\"Organizaciones de profesionales del sector tur\u00edstico han firmado hoy una declaraci\u00f3n de colaboraci\u00f3n con CC.OO en la que han propuesto diferentes iniciativas para el desarrollo del turismo sostenible y de calidad y han pedido al ministro de Industria, Energ\u00eda y Turismo, Jose Manuel Sor\u00eda L\u00f3pez, una reuni\u00f3n en la que tratar los problemas a los\" \/>\n\t<meta name=\"robots\" content=\"max-image-preview:large\" \/>\n\t<meta name=\"author\" content=\"admin\"\/>\n\t<meta name=\"google-site-verification\" content=\"UA-38556648-1\" \/>\n\t<meta name=\"keywords\" content=\"actualidad turismo\" \/>\n\t<link rel=\"canonical\" href=\"https:\/\/eldigitaldeasturias.com\/magazine365\/organizaciones-del-sector-turistico-espanol-y-cc-oo-se-alian-a-favor-de-una-industria-turistica-de-calidad\/\" \/>\n\t<meta name=\"generator\" content=\"All in One SEO Pro (AIOSEO) 4.9.6.1\" \/>\n\t\t<meta property=\"og:locale\" content=\"es_ES\" \/>\n\t\t<meta property=\"og:site_name\" content=\"El Digital de Asturias \u2013 Revista de ocio, turismo y estilo de vida\" \/>\n\t\t<meta property=\"og:type\" content=\"article\" \/>\n\t\t<meta property=\"og:title\" content=\"Organizaciones del sector tur\u00edstico espa\u00f1ol y CC.OO se alian a favor de una industria tur\u00edstica de calidad | El Digital de Asturias\" \/>\n\t\t<meta property=\"og:description\" content=\"Organizaciones de profesionales del sector tur\u00edstico han firmado hoy una declaraci\u00f3n de colaboraci\u00f3n con CC.OO en la que han propuesto diferentes iniciativas para el desarrollo del turismo sostenible y de calidad y han pedido al ministro de Industria, Energ\u00eda y Turismo, Jose Manuel Sor\u00eda L\u00f3pez, una reuni\u00f3n en la que tratar los problemas a los\" \/>\n\t\t<meta property=\"og:url\" content=\"https:\/\/eldigitaldeasturias.com\/magazine365\/organizaciones-del-sector-turistico-espanol-y-cc-oo-se-alian-a-favor-de-una-industria-turistica-de-calidad\/\" \/>\n\t\t<meta property=\"og:image\" content=\"https:\/\/eldigitaldeasturias.com\/magazine365\/wp-content\/uploads\/2015\/07\/fotonoticia_20150714135030_800.jpg\" \/>\n\t\t<meta property=\"og:image:secure_url\" content=\"https:\/\/eldigitaldeasturias.com\/magazine365\/wp-content\/uploads\/2015\/07\/fotonoticia_20150714135030_800.jpg\" \/>\n\t\t<meta property=\"og:image:width\" content=\"800\" \/>\n\t\t<meta property=\"og:image:height\" content=\"450\" \/>\n\t\t<meta property=\"article:published_time\" content=\"2015-07-14T21:20:58+00:00\" \/>\n\t\t<meta property=\"article:modified_time\" content=\"2015-07-14T21:20:58+00:00\" \/>\n\t\t<meta name=\"twitter:card\" content=\"summary_large_image\" \/>\n\t\t<meta name=\"twitter:title\" content=\"Organizaciones del sector tur\u00edstico espa\u00f1ol y CC.OO se alian a favor de una industria tur\u00edstica de calidad | El Digital de Asturias\" \/>\n\t\t<meta name=\"twitter:description\" content=\"Organizaciones de profesionales del sector tur\u00edstico han firmado hoy una declaraci\u00f3n de colaboraci\u00f3n con CC.OO en la que han propuesto diferentes iniciativas para el desarrollo del turismo sostenible y de calidad y han pedido al ministro de Industria, Energ\u00eda y Turismo, Jose Manuel Sor\u00eda L\u00f3pez, una reuni\u00f3n en la que tratar los problemas a los\" \/>\n\t\t<meta name=\"twitter:image\" content=\"https:\/\/eldigitaldeasturias.com\/magazine365\/wp-content\/uploads\/2015\/07\/fotonoticia_20150714135030_800.jpg\" \/>\n\t\t<script type=\"application\/ld+json\" class=\"aioseo-schema\">\n\t\t\t{\"@context\":\"https:\\\/\\\/schema.org\",\"@graph\":[{\"@type\":\"Article\",\"@id\":\"https:\\\/\\\/eldigitaldeasturias.com\\\/magazine365\\\/organizaciones-del-sector-turistico-espanol-y-cc-oo-se-alian-a-favor-de-una-industria-turistica-de-calidad\\\/#article\",\"name\":\"Organizaciones del sector tur\\u00edstico espa\\u00f1ol y CC.OO se alian a favor de una industria tur\\u00edstica de calidad | El Digital de Asturias\",\"headline\":\"Organizaciones del sector tur\\u00edstico espa\\u00f1ol y CC.OO se alian a favor de una industria tur\\u00edstica de calidad\",\"author\":{\"@id\":\"https:\\\/\\\/eldigitaldeasturias.com\\\/magazine365\\\/author\\\/admin\\\/#author\"},\"publisher\":{\"@id\":\"https:\\\/\\\/eldigitaldeasturias.com\\\/magazine365\\\/#organization\"},\"image\":{\"@type\":\"ImageObject\",\"url\":\"https:\\\/\\\/eldigitaldeasturias.com\\\/magazine365\\\/wp-content\\\/uploads\\\/2015\\\/07\\\/fotonoticia_20150714135030_800.jpg\",\"width\":800,\"height\":450},\"datePublished\":\"2015-07-14T23:20:58+02:00\",\"dateModified\":\"2015-07-14T23:20:58+02:00\",\"inLanguage\":\"es-ES\",\"mainEntityOfPage\":{\"@id\":\"https:\\\/\\\/eldigitaldeasturias.com\\\/magazine365\\\/organizaciones-del-sector-turistico-espanol-y-cc-oo-se-alian-a-favor-de-una-industria-turistica-de-calidad\\\/#webpage\"},\"isPartOf\":{\"@id\":\"https:\\\/\\\/eldigitaldeasturias.com\\\/magazine365\\\/organizaciones-del-sector-turistico-espanol-y-cc-oo-se-alian-a-favor-de-una-industria-turistica-de-calidad\\\/#webpage\"},\"articleSection\":\"Actualidad Turismo\"},{\"@type\":\"BreadcrumbList\",\"@id\":\"https:\\\/\\\/eldigitaldeasturias.com\\\/magazine365\\\/organizaciones-del-sector-turistico-espanol-y-cc-oo-se-alian-a-favor-de-una-industria-turistica-de-calidad\\\/#breadcrumblist\",\"itemListElement\":[{\"@type\":\"ListItem\",\"@id\":\"https:\\\/\\\/eldigitaldeasturias.com\\\/magazine365#listItem\",\"position\":1,\"name\":\"Home\",\"item\":\"https:\\\/\\\/eldigitaldeasturias.com\\\/magazine365\",\"nextItem\":{\"@type\":\"ListItem\",\"@id\":\"https:\\\/\\\/eldigitaldeasturias.com\\\/magazine365\\\/category\\\/actualidad-turismo\\\/#listItem\",\"name\":\"Actualidad Turismo\"}},{\"@type\":\"ListItem\",\"@id\":\"https:\\\/\\\/eldigitaldeasturias.com\\\/magazine365\\\/category\\\/actualidad-turismo\\\/#listItem\",\"position\":2,\"name\":\"Actualidad Turismo\",\"item\":\"https:\\\/\\\/eldigitaldeasturias.com\\\/magazine365\\\/category\\\/actualidad-turismo\\\/\",\"nextItem\":{\"@type\":\"ListItem\",\"@id\":\"https:\\\/\\\/eldigitaldeasturias.com\\\/magazine365\\\/organizaciones-del-sector-turistico-espanol-y-cc-oo-se-alian-a-favor-de-una-industria-turistica-de-calidad\\\/#listItem\",\"name\":\"Organizaciones del sector tur\\u00edstico espa\\u00f1ol y CC.OO se alian a favor de una industria tur\\u00edstica de calidad\"},\"previousItem\":{\"@type\":\"ListItem\",\"@id\":\"https:\\\/\\\/eldigitaldeasturias.com\\\/magazine365#listItem\",\"name\":\"Home\"}},{\"@type\":\"ListItem\",\"@id\":\"https:\\\/\\\/eldigitaldeasturias.com\\\/magazine365\\\/organizaciones-del-sector-turistico-espanol-y-cc-oo-se-alian-a-favor-de-una-industria-turistica-de-calidad\\\/#listItem\",\"position\":3,\"name\":\"Organizaciones del sector tur\\u00edstico espa\\u00f1ol y CC.OO se alian a favor de una industria tur\\u00edstica de calidad\",\"previousItem\":{\"@type\":\"ListItem\",\"@id\":\"https:\\\/\\\/eldigitaldeasturias.com\\\/magazine365\\\/category\\\/actualidad-turismo\\\/#listItem\",\"name\":\"Actualidad Turismo\"}}]},{\"@type\":\"Organization\",\"@id\":\"https:\\\/\\\/eldigitaldeasturias.com\\\/magazine365\\\/#organization\",\"name\":\"El digital de Asturias\",\"description\":\"Revista de ocio, turismo y estilo de vida\",\"url\":\"https:\\\/\\\/eldigitaldeasturias.com\\\/magazine365\\\/\",\"logo\":{\"@type\":\"ImageObject\",\"url\":\"https:\\\/\\\/www.eldigitaldeasturias.com\\\/noticias\\\/wp-content\\\/uploads\\\/2020\\\/12\\\/EDA.jpg\",\"@id\":\"https:\\\/\\\/eldigitaldeasturias.com\\\/magazine365\\\/organizaciones-del-sector-turistico-espanol-y-cc-oo-se-alian-a-favor-de-una-industria-turistica-de-calidad\\\/#organizationLogo\"},\"image\":{\"@id\":\"https:\\\/\\\/eldigitaldeasturias.com\\\/magazine365\\\/organizaciones-del-sector-turistico-espanol-y-cc-oo-se-alian-a-favor-de-una-industria-turistica-de-calidad\\\/#organizationLogo\"}},{\"@type\":\"Person\",\"@id\":\"https:\\\/\\\/eldigitaldeasturias.com\\\/magazine365\\\/author\\\/admin\\\/#author\",\"url\":\"https:\\\/\\\/eldigitaldeasturias.com\\\/magazine365\\\/author\\\/admin\\\/\",\"name\":\"admin\",\"image\":{\"@type\":\"ImageObject\",\"@id\":\"https:\\\/\\\/eldigitaldeasturias.com\\\/magazine365\\\/organizaciones-del-sector-turistico-espanol-y-cc-oo-se-alian-a-favor-de-una-industria-turistica-de-calidad\\\/#authorImage\",\"url\":\"https:\\\/\\\/eldigitaldeasturias.com\\\/magazine365\\\/wp-content\\\/litespeed\\\/avatar\\\/e571bcf59a0edd6fa6838245a470f2fe.jpg?ver=1777574230\",\"width\":96,\"height\":96,\"caption\":\"admin\"}},{\"@type\":\"WebPage\",\"@id\":\"https:\\\/\\\/eldigitaldeasturias.com\\\/magazine365\\\/organizaciones-del-sector-turistico-espanol-y-cc-oo-se-alian-a-favor-de-una-industria-turistica-de-calidad\\\/#webpage\",\"url\":\"https:\\\/\\\/eldigitaldeasturias.com\\\/magazine365\\\/organizaciones-del-sector-turistico-espanol-y-cc-oo-se-alian-a-favor-de-una-industria-turistica-de-calidad\\\/\",\"name\":\"Organizaciones del sector tur\\u00edstico espa\\u00f1ol y CC.OO se alian a favor de una industria tur\\u00edstica de calidad | El Digital de Asturias\",\"description\":\"Organizaciones de profesionales del sector tur\\u00edstico han firmado hoy una declaraci\\u00f3n de colaboraci\\u00f3n con CC.OO en la que han propuesto diferentes iniciativas para el desarrollo del turismo sostenible y de calidad y han pedido al ministro de Industria, Energ\\u00eda y Turismo, Jose Manuel Sor\\u00eda L\\u00f3pez, una reuni\\u00f3n en la que tratar los problemas a los\",\"inLanguage\":\"es-ES\",\"isPartOf\":{\"@id\":\"https:\\\/\\\/eldigitaldeasturias.com\\\/magazine365\\\/#website\"},\"breadcrumb\":{\"@id\":\"https:\\\/\\\/eldigitaldeasturias.com\\\/magazine365\\\/organizaciones-del-sector-turistico-espanol-y-cc-oo-se-alian-a-favor-de-una-industria-turistica-de-calidad\\\/#breadcrumblist\"},\"author\":{\"@id\":\"https:\\\/\\\/eldigitaldeasturias.com\\\/magazine365\\\/author\\\/admin\\\/#author\"},\"creator\":{\"@id\":\"https:\\\/\\\/eldigitaldeasturias.com\\\/magazine365\\\/author\\\/admin\\\/#author\"},\"image\":{\"@type\":\"ImageObject\",\"url\":\"https:\\\/\\\/eldigitaldeasturias.com\\\/magazine365\\\/wp-content\\\/uploads\\\/2015\\\/07\\\/fotonoticia_20150714135030_800.jpg\",\"@id\":\"https:\\\/\\\/eldigitaldeasturias.com\\\/magazine365\\\/organizaciones-del-sector-turistico-espanol-y-cc-oo-se-alian-a-favor-de-una-industria-turistica-de-calidad\\\/#mainImage\",\"width\":800,\"height\":450},\"primaryImageOfPage\":{\"@id\":\"https:\\\/\\\/eldigitaldeasturias.com\\\/magazine365\\\/organizaciones-del-sector-turistico-espanol-y-cc-oo-se-alian-a-favor-de-una-industria-turistica-de-calidad\\\/#mainImage\"},\"datePublished\":\"2015-07-14T23:20:58+02:00\",\"dateModified\":\"2015-07-14T23:20:58+02:00\"},{\"@type\":\"WebSite\",\"@id\":\"https:\\\/\\\/eldigitaldeasturias.com\\\/magazine365\\\/#website\",\"url\":\"https:\\\/\\\/eldigitaldeasturias.com\\\/magazine365\\\/\",\"name\":\"El Digital de Asturias\",\"description\":\"Revista de ocio, turismo y estilo de vida\",\"inLanguage\":\"es-ES\",\"publisher\":{\"@id\":\"https:\\\/\\\/eldigitaldeasturias.com\\\/magazine365\\\/#organization\"}}]}\n\t\t<\/script>\n\t\t<!-- All in One SEO Pro -->\r\n\t\t<title>Organizaciones del sector tur\u00edstico espa\u00f1ol y CC.OO se alian a favor de una industria tur\u00edstica de calidad | El Digital de Asturias<\/title>\n\n","aioseo_head_json":{"title":"Organizaciones del sector tur\u00edstico espa\u00f1ol y CC.OO se alian a favor de una industria tur\u00edstica de calidad | El Digital de Asturias","description":"Organizaciones de profesionales del sector tur\u00edstico han firmado hoy una declaraci\u00f3n de colaboraci\u00f3n con CC.OO en la que han propuesto diferentes iniciativas para el desarrollo del turismo sostenible y de calidad y han pedido al ministro de Industria, Energ\u00eda y Turismo, Jose Manuel Sor\u00eda L\u00f3pez, una reuni\u00f3n en la que tratar los problemas a los","canonical_url":"https:\/\/eldigitaldeasturias.com\/magazine365\/organizaciones-del-sector-turistico-espanol-y-cc-oo-se-alian-a-favor-de-una-industria-turistica-de-calidad\/","robots":"max-image-preview:large","keywords":"actualidad turismo","webmasterTools":{"google-site-verification":"UA-38556648-1","miscellaneous":""},"schema":{"@context":"https:\/\/schema.org","@graph":[{"@type":"Article","@id":"https:\/\/eldigitaldeasturias.com\/magazine365\/organizaciones-del-sector-turistico-espanol-y-cc-oo-se-alian-a-favor-de-una-industria-turistica-de-calidad\/#article","name":"Organizaciones del sector tur\u00edstico espa\u00f1ol y CC.OO se alian a favor de una industria tur\u00edstica de calidad | El Digital de Asturias","headline":"Organizaciones del sector tur\u00edstico espa\u00f1ol y CC.OO se alian a favor de una industria tur\u00edstica de calidad","author":{"@id":"https:\/\/eldigitaldeasturias.com\/magazine365\/author\/admin\/#author"},"publisher":{"@id":"https:\/\/eldigitaldeasturias.com\/magazine365\/#organization"},"image":{"@type":"ImageObject","url":"https:\/\/eldigitaldeasturias.com\/magazine365\/wp-content\/uploads\/2015\/07\/fotonoticia_20150714135030_800.jpg","width":800,"height":450},"datePublished":"2015-07-14T23:20:58+02:00","dateModified":"2015-07-14T23:20:58+02:00","inLanguage":"es-ES","mainEntityOfPage":{"@id":"https:\/\/eldigitaldeasturias.com\/magazine365\/organizaciones-del-sector-turistico-espanol-y-cc-oo-se-alian-a-favor-de-una-industria-turistica-de-calidad\/#webpage"},"isPartOf":{"@id":"https:\/\/eldigitaldeasturias.com\/magazine365\/organizaciones-del-sector-turistico-espanol-y-cc-oo-se-alian-a-favor-de-una-industria-turistica-de-calidad\/#webpage"},"articleSection":"Actualidad Turismo"},{"@type":"BreadcrumbList","@id":"https:\/\/eldigitaldeasturias.com\/magazine365\/organizaciones-del-sector-turistico-espanol-y-cc-oo-se-alian-a-favor-de-una-industria-turistica-de-calidad\/#breadcrumblist","itemListElement":[{"@type":"ListItem","@id":"https:\/\/eldigitaldeasturias.com\/magazine365#listItem","position":1,"name":"Home","item":"https:\/\/eldigitaldeasturias.com\/magazine365","nextItem":{"@type":"ListItem","@id":"https:\/\/eldigitaldeasturias.com\/magazine365\/category\/actualidad-turismo\/#listItem","name":"Actualidad Turismo"}},{"@type":"ListItem","@id":"https:\/\/eldigitaldeasturias.com\/magazine365\/category\/actualidad-turismo\/#listItem","position":2,"name":"Actualidad Turismo","item":"https:\/\/eldigitaldeasturias.com\/magazine365\/category\/actualidad-turismo\/","nextItem":{"@type":"ListItem","@id":"https:\/\/eldigitaldeasturias.com\/magazine365\/organizaciones-del-sector-turistico-espanol-y-cc-oo-se-alian-a-favor-de-una-industria-turistica-de-calidad\/#listItem","name":"Organizaciones del sector tur\u00edstico espa\u00f1ol y CC.OO se alian a favor de una industria tur\u00edstica de calidad"},"previousItem":{"@type":"ListItem","@id":"https:\/\/eldigitaldeasturias.com\/magazine365#listItem","name":"Home"}},{"@type":"ListItem","@id":"https:\/\/eldigitaldeasturias.com\/magazine365\/organizaciones-del-sector-turistico-espanol-y-cc-oo-se-alian-a-favor-de-una-industria-turistica-de-calidad\/#listItem","position":3,"name":"Organizaciones del sector tur\u00edstico espa\u00f1ol y CC.OO se alian a favor de una industria tur\u00edstica de calidad","previousItem":{"@type":"ListItem","@id":"https:\/\/eldigitaldeasturias.com\/magazine365\/category\/actualidad-turismo\/#listItem","name":"Actualidad Turismo"}}]},{"@type":"Organization","@id":"https:\/\/eldigitaldeasturias.com\/magazine365\/#organization","name":"El digital de Asturias","description":"Revista de ocio, turismo y estilo de vida","url":"https:\/\/eldigitaldeasturias.com\/magazine365\/","logo":{"@type":"ImageObject","url":"https:\/\/www.eldigitaldeasturias.com\/noticias\/wp-content\/uploads\/2020\/12\/EDA.jpg","@id":"https:\/\/eldigitaldeasturias.com\/magazine365\/organizaciones-del-sector-turistico-espanol-y-cc-oo-se-alian-a-favor-de-una-industria-turistica-de-calidad\/#organizationLogo"},"image":{"@id":"https:\/\/eldigitaldeasturias.com\/magazine365\/organizaciones-del-sector-turistico-espanol-y-cc-oo-se-alian-a-favor-de-una-industria-turistica-de-calidad\/#organizationLogo"}},{"@type":"Person","@id":"https:\/\/eldigitaldeasturias.com\/magazine365\/author\/admin\/#author","url":"https:\/\/eldigitaldeasturias.com\/magazine365\/author\/admin\/","name":"admin","image":{"@type":"ImageObject","@id":"https:\/\/eldigitaldeasturias.com\/magazine365\/organizaciones-del-sector-turistico-espanol-y-cc-oo-se-alian-a-favor-de-una-industria-turistica-de-calidad\/#authorImage","url":"https:\/\/eldigitaldeasturias.com\/magazine365\/wp-content\/litespeed\/avatar\/e571bcf59a0edd6fa6838245a470f2fe.jpg?ver=1777574230","width":96,"height":96,"caption":"admin"}},{"@type":"WebPage","@id":"https:\/\/eldigitaldeasturias.com\/magazine365\/organizaciones-del-sector-turistico-espanol-y-cc-oo-se-alian-a-favor-de-una-industria-turistica-de-calidad\/#webpage","url":"https:\/\/eldigitaldeasturias.com\/magazine365\/organizaciones-del-sector-turistico-espanol-y-cc-oo-se-alian-a-favor-de-una-industria-turistica-de-calidad\/","name":"Organizaciones del sector tur\u00edstico espa\u00f1ol y CC.OO se alian a favor de una industria tur\u00edstica de calidad | El Digital de Asturias","description":"Organizaciones de profesionales del sector tur\u00edstico han firmado hoy una declaraci\u00f3n de colaboraci\u00f3n con CC.OO en la que han propuesto diferentes iniciativas para el desarrollo del turismo sostenible y de calidad y han pedido al ministro de Industria, Energ\u00eda y Turismo, Jose Manuel Sor\u00eda L\u00f3pez, una reuni\u00f3n en la que tratar los problemas a los","inLanguage":"es-ES","isPartOf":{"@id":"https:\/\/eldigitaldeasturias.com\/magazine365\/#website"},"breadcrumb":{"@id":"https:\/\/eldigitaldeasturias.com\/magazine365\/organizaciones-del-sector-turistico-espanol-y-cc-oo-se-alian-a-favor-de-una-industria-turistica-de-calidad\/#breadcrumblist"},"author":{"@id":"https:\/\/eldigitaldeasturias.com\/magazine365\/author\/admin\/#author"},"creator":{"@id":"https:\/\/eldigitaldeasturias.com\/magazine365\/author\/admin\/#author"},"image":{"@type":"ImageObject","url":"https:\/\/eldigitaldeasturias.com\/magazine365\/wp-content\/uploads\/2015\/07\/fotonoticia_20150714135030_800.jpg","@id":"https:\/\/eldigitaldeasturias.com\/magazine365\/organizaciones-del-sector-turistico-espanol-y-cc-oo-se-alian-a-favor-de-una-industria-turistica-de-calidad\/#mainImage","width":800,"height":450},"primaryImageOfPage":{"@id":"https:\/\/eldigitaldeasturias.com\/magazine365\/organizaciones-del-sector-turistico-espanol-y-cc-oo-se-alian-a-favor-de-una-industria-turistica-de-calidad\/#mainImage"},"datePublished":"2015-07-14T23:20:58+02:00","dateModified":"2015-07-14T23:20:58+02:00"},{"@type":"WebSite","@id":"https:\/\/eldigitaldeasturias.com\/magazine365\/#website","url":"https:\/\/eldigitaldeasturias.com\/magazine365\/","name":"El Digital de Asturias","description":"Revista de ocio, turismo y estilo de vida","inLanguage":"es-ES","publisher":{"@id":"https:\/\/eldigitaldeasturias.com\/magazine365\/#organization"}}]},"og:locale":"es_ES","og:site_name":"El Digital de Asturias \u2013 Revista de ocio, turismo y estilo de vida","og:type":"article","og:title":"Organizaciones del sector tur\u00edstico espa\u00f1ol y CC.OO se alian a favor de una industria tur\u00edstica de calidad | El Digital de Asturias","og:description":"Organizaciones de profesionales del sector tur\u00edstico han firmado hoy una declaraci\u00f3n de colaboraci\u00f3n con CC.OO en la que han propuesto diferentes iniciativas para el desarrollo del turismo sostenible y de calidad y han pedido al ministro de Industria, Energ\u00eda y Turismo, Jose Manuel Sor\u00eda L\u00f3pez, una reuni\u00f3n en la que tratar los problemas a los","og:url":"https:\/\/eldigitaldeasturias.com\/magazine365\/organizaciones-del-sector-turistico-espanol-y-cc-oo-se-alian-a-favor-de-una-industria-turistica-de-calidad\/","og:image":"https:\/\/eldigitaldeasturias.com\/magazine365\/wp-content\/uploads\/2015\/07\/fotonoticia_20150714135030_800.jpg","og:image:secure_url":"https:\/\/eldigitaldeasturias.com\/magazine365\/wp-content\/uploads\/2015\/07\/fotonoticia_20150714135030_800.jpg","og:image:width":800,"og:image:height":450,"article:published_time":"2015-07-14T21:20:58+00:00","article:modified_time":"2015-07-14T21:20:58+00:00","twitter:card":"summary_large_image","twitter:title":"Organizaciones del sector tur\u00edstico espa\u00f1ol y CC.OO se alian a favor de una industria tur\u00edstica de calidad | El Digital de Asturias","twitter:description":"Organizaciones de profesionales del sector tur\u00edstico han firmado hoy una declaraci\u00f3n de colaboraci\u00f3n con CC.OO en la que han propuesto diferentes iniciativas para el desarrollo del turismo sostenible y de calidad y han pedido al ministro de Industria, Energ\u00eda y Turismo, Jose Manuel Sor\u00eda L\u00f3pez, una reuni\u00f3n en la que tratar los problemas a los","twitter:image":"https:\/\/eldigitaldeasturias.com\/magazine365\/wp-content\/uploads\/2015\/07\/fotonoticia_20150714135030_800.jpg"},"aioseo_meta_data":{"post_id":"42639","title":null,"description":null,"keywords":null,"keyphrases":null,"primary_term":null,"canonical_url":null,"og_title":null,"og_description":null,"og_object_type":"default","og_image_type":"default","og_image_url":null,"og_image_width":null,"og_image_height":null,"og_image_custom_url":null,"og_image_custom_fields":null,"og_video":null,"og_custom_url":null,"og_article_section":null,"og_article_tags":null,"twitter_use_og":false,"twitter_card":"default","twitter_image_type":"default","twitter_image_url":null,"twitter_image_custom_url":null,"twitter_image_custom_fields":null,"twitter_title":null,"twitter_description":null,"schema":{"blockGraphs":[],"customGraphs":[],"default":{"data":{"Article":[],"Course":[],"Dataset":[],"FAQPage":[],"Movie":[],"Person":[],"Product":[],"ProductReview":[],"Car":[],"Recipe":[],"Service":[],"SoftwareApplication":[],"WebPage":[]},"graphName":"","isEnabled":true},"graphs":[],"defaultGraph":"","defaultPostTypeGraph":""},"schema_type":null,"schema_type_options":null,"pillar_content":false,"robots_default":true,"robots_noindex":false,"robots_noarchive":false,"robots_nosnippet":false,"robots_nofollow":false,"robots_noimageindex":false,"robots_noodp":false,"robots_notranslate":false,"robots_max_snippet":null,"robots_max_videopreview":null,"robots_max_imagepreview":"large","priority":null,"frequency":null,"location":null,"local_seo":null,"seo_analyzer_scan_date":"2025-09-19 18:09:00","breadcrumb_settings":null,"limit_modified_date":false,"open_ai":null,"ai":null,"created":"2021-03-09 01:57:46","updated":"2025-09-19 18:09:00"},"aioseo_breadcrumb":"<div class=\"aioseo-breadcrumbs\"><span class=\"aioseo-breadcrumb\">\n\t<a href=\"https:\/\/eldigitaldeasturias.com\/magazine365\" title=\"Home\">Home<\/a>\n<\/span><span class=\"aioseo-breadcrumb-separator\">\u2013<\/span><span class=\"aioseo-breadcrumb\">\n\t<a href=\"https:\/\/eldigitaldeasturias.com\/magazine365\/category\/actualidad-turismo\/\" title=\"Actualidad Turismo\">Actualidad Turismo<\/a>\n<\/span><span class=\"aioseo-breadcrumb-separator\">\u2013<\/span><span class=\"aioseo-breadcrumb\">\n\t<a href=\"https:\/\/eldigitaldeasturias.com\/magazine365\/organizaciones-del-sector-turistico-espanol-y-cc-oo-se-alian-a-favor-de-una-industria-turistica-de-calidad\/\" title=\"Organizaciones del sector tur\u00edstico espa\u00f1ol y CC.OO se alian a favor de una industria tur\u00edstica de calidad\">Organizaciones del sector tur\u00edstico espa\u00f1ol y CC.OO se alian a favor de una industria tur\u00edstica de calidad<\/a>\n<\/span><\/div>","aioseo_breadcrumb_json":[{"label":"Home","link":"https:\/\/eldigitaldeasturias.com\/magazine365"},{"label":"Actualidad Turismo","link":"https:\/\/eldigitaldeasturias.com\/magazine365\/category\/actualidad-turismo\/"},{"label":"Organizaciones del sector tur\u00edstico espa\u00f1ol y CC.OO se alian a favor de una industria tur\u00edstica de calidad","link":"https:\/\/eldigitaldeasturias.com\/magazine365\/organizaciones-del-sector-turistico-espanol-y-cc-oo-se-alian-a-favor-de-una-industria-turistica-de-calidad\/"}],"_links":{"self":[{"href":"https:\/\/eldigitaldeasturias.com\/magazine365\/wp-json\/wp\/v2\/posts\/42639","targetHints":{"allow":["GET"]}}],"collection":[{"href":"https:\/\/eldigitaldeasturias.com\/magazine365\/wp-json\/wp\/v2\/posts"}],"about":[{"href":"https:\/\/eldigitaldeasturias.com\/magazine365\/wp-json\/wp\/v2\/types\/post"}],"author":[{"embeddable":true,"href":"https:\/\/eldigitaldeasturias.com\/magazine365\/wp-json\/wp\/v2\/users\/1"}],"replies":[{"embeddable":true,"href":"https:\/\/eldigitaldeasturias.com\/magazine365\/wp-json\/wp\/v2\/comments?post=42639"}],"version-history":[{"count":0,"href":"https:\/\/eldigitaldeasturias.com\/magazine365\/wp-json\/wp\/v2\/posts\/42639\/revisions"}],"wp:featuredmedia":[{"embeddable":true,"href":"https:\/\/eldigitaldeasturias.com\/magazine365\/wp-json\/wp\/v2\/media\/42640"}],"wp:attachment":[{"href":"https:\/\/eldigitaldeasturias.com\/magazine365\/wp-json\/wp\/v2\/media?parent=42639"}],"wp:term":[{"taxonomy":"category","embeddable":true,"href":"https:\/\/eldigitaldeasturias.com\/magazine365\/wp-json\/wp\/v2\/categories?post=42639"},{"taxonomy":"post_tag","embeddable":true,"href":"https:\/\/eldigitaldeasturias.com\/magazine365\/wp-json\/wp\/v2\/tags?post=42639"}],"curies":[{"name":"wp","href":"https:\/\/api.w.org\/{rel}","templated":true}]}}