{"id":42630,"date":"2015-07-14T23:15:39","date_gmt":"2015-07-14T21:15:39","guid":{"rendered":"http:\/\/eldigitaldeasturias.com\/magazine365\/?p=42630"},"modified":"2015-07-14T23:15:39","modified_gmt":"2015-07-14T21:15:39","slug":"aena-saca-a-licitacion-la-multitienda-del-aeropuerto-seve-ballesteros-santander","status":"publish","type":"post","link":"https:\/\/eldigitaldeasturias.com\/magazine365\/aena-saca-a-licitacion-la-multitienda-del-aeropuerto-seve-ballesteros-santander\/","title":{"rendered":"Aena saca a licitaci\u00f3n la multitienda del aeropuerto Seve Ballesteros-Santander"},"content":{"rendered":"<p><img fetchpriority=\"high\" decoding=\"async\" class=\"alignleft size-medium wp-image-42631\" src=\"https:\/\/eldigitaldeasturias.com\/magazine365\/wp-content\/uploads\/2015\/07\/fotonoticia_20150714133145_800-360x203.jpg\" alt=\"fotonoticia_20150714133145_800\" width=\"360\" height=\"203\" srcset=\"https:\/\/eldigitaldeasturias.com\/magazine365\/wp-content\/uploads\/2015\/07\/fotonoticia_20150714133145_800-360x203.jpg 360w, https:\/\/eldigitaldeasturias.com\/magazine365\/wp-content\/uploads\/2015\/07\/fotonoticia_20150714133145_800-650x366.jpg 650w, https:\/\/eldigitaldeasturias.com\/magazine365\/wp-content\/uploads\/2015\/07\/fotonoticia_20150714133145_800-768x432.jpg 768w, https:\/\/eldigitaldeasturias.com\/magazine365\/wp-content\/uploads\/2015\/07\/fotonoticia_20150714133145_800-150x84.jpg 150w, https:\/\/eldigitaldeasturias.com\/magazine365\/wp-content\/uploads\/2015\/07\/fotonoticia_20150714133145_800-450x253.jpg 450w, https:\/\/eldigitaldeasturias.com\/magazine365\/wp-content\/uploads\/2015\/07\/fotonoticia_20150714133145_800-696x392.jpg 696w, https:\/\/eldigitaldeasturias.com\/magazine365\/wp-content\/uploads\/2015\/07\/fotonoticia_20150714133145_800-747x420.jpg 747w, https:\/\/eldigitaldeasturias.com\/magazine365\/wp-content\/uploads\/2015\/07\/fotonoticia_20150714133145_800-499x280.jpg 499w, https:\/\/eldigitaldeasturias.com\/magazine365\/wp-content\/uploads\/2015\/07\/fotonoticia_20150714133145_800.jpg 800w\" sizes=\"(max-width: 360px) 100vw, 360px\" \/>Aena ha sacado a licitaci\u00f3n el arrendamiento de un local destinado a la actividad de multitienda en el aeropuerto Seve Ballesteros-Santander con concesi\u00f3n durante los pr\u00f3ximos cinco a\u00f1os.<\/p>\n<p>Seg\u00fan ha informado Aena en nota de prensa, el local, de 95 metros cuadrados, est\u00e1 situado en una zona de gran paso del aeropuerto, en el hall justo frente a la cafeter\u00eda y al lado del acceso del filtro de seguridad.<\/p>\n<p>El espacio est\u00e1 dise\u00f1ado para ser un local con diversidad de art\u00edculos que den servicio a los pasajeros y acompa\u00f1antes que a diario pasan por la infraestructura aeroportuaria de Cantabria.<\/p>\n<p>En \u00e9l estar\u00e1 permitida la venta de prensa y revistas, moda, bisuter\u00eda y complementos, art\u00edculos de viaje, juegos, regalos, decoraci\u00f3n, productos gastron\u00f3micos y parafarmacia, entre otros.<\/p>\n<p>El plazo de presentaci\u00f3n de ofertas finaliza el pr\u00f3ximo 4 de septiembre. M\u00e1s informaci\u00f3n en www.aena.es.<\/p>\n","protected":false},"excerpt":{"rendered":"<p>Aena ha sacado a licitaci\u00f3n el arrendamiento de un local destinado a la actividad de multitienda en el aeropuerto Seve Ballesteros-Santander con concesi\u00f3n durante los pr\u00f3ximos cinco a\u00f1os. Seg\u00fan ha informado Aena en nota de prensa, el local, de 95 metros cuadrados, est\u00e1 situado en una zona de gran paso del aeropuerto, en el hall<\/p>\n","protected":false},"author":1,"featured_media":42631,"comment_status":"open","ping_status":"closed","sticky":false,"template":"","format":"standard","meta":{"footnotes":""},"categories":[224],"tags":[],"class_list":{"0":"post-42630","1":"post","2":"type-post","3":"status-publish","4":"format-standard","5":"has-post-thumbnail","7":"category-noticias-actualidad"},"aioseo_notices":[],"aioseo_head":"\n\t\t<!-- All in One SEO Pro 4.9.6.1 - aioseo.com -->\n\t<meta name=\"description\" content=\"Aena ha sacado a licitaci\u00f3n el arrendamiento de un local destinado a la actividad de multitienda en el aeropuerto Seve Ballesteros-Santander con concesi\u00f3n durante los pr\u00f3ximos cinco a\u00f1os. Seg\u00fan ha informado Aena en nota de prensa, el local, de 95 metros cuadrados, est\u00e1 situado en una zona de gran paso del aeropuerto, en el hall\" \/>\n\t<meta name=\"robots\" content=\"max-image-preview:large\" \/>\n\t<meta name=\"author\" content=\"admin\"\/>\n\t<meta name=\"google-site-verification\" content=\"UA-38556648-1\" \/>\n\t<meta name=\"keywords\" content=\"noticias y actualidad\" \/>\n\t<link rel=\"canonical\" href=\"https:\/\/eldigitaldeasturias.com\/magazine365\/aena-saca-a-licitacion-la-multitienda-del-aeropuerto-seve-ballesteros-santander\/\" \/>\n\t<meta name=\"generator\" content=\"All in One SEO Pro (AIOSEO) 4.9.6.1\" \/>\n\t\t<meta property=\"og:locale\" content=\"es_ES\" \/>\n\t\t<meta property=\"og:site_name\" content=\"El Digital de Asturias \u2013 Revista de ocio, turismo y estilo de vida\" \/>\n\t\t<meta property=\"og:type\" content=\"article\" \/>\n\t\t<meta property=\"og:title\" content=\"Aena saca a licitaci\u00f3n la multitienda del aeropuerto Seve Ballesteros-Santander | El Digital de Asturias\" \/>\n\t\t<meta property=\"og:description\" content=\"Aena ha sacado a licitaci\u00f3n el arrendamiento de un local destinado a la actividad de multitienda en el aeropuerto Seve Ballesteros-Santander con concesi\u00f3n durante los pr\u00f3ximos cinco a\u00f1os. Seg\u00fan ha informado Aena en nota de prensa, el local, de 95 metros cuadrados, est\u00e1 situado en una zona de gran paso del aeropuerto, en el hall\" \/>\n\t\t<meta property=\"og:url\" content=\"https:\/\/eldigitaldeasturias.com\/magazine365\/aena-saca-a-licitacion-la-multitienda-del-aeropuerto-seve-ballesteros-santander\/\" \/>\n\t\t<meta property=\"og:image\" content=\"https:\/\/eldigitaldeasturias.com\/magazine365\/wp-content\/uploads\/2015\/07\/fotonoticia_20150714133145_800.jpg\" \/>\n\t\t<meta property=\"og:image:secure_url\" content=\"https:\/\/eldigitaldeasturias.com\/magazine365\/wp-content\/uploads\/2015\/07\/fotonoticia_20150714133145_800.jpg\" \/>\n\t\t<meta property=\"og:image:width\" content=\"800\" \/>\n\t\t<meta property=\"og:image:height\" content=\"450\" \/>\n\t\t<meta property=\"article:published_time\" content=\"2015-07-14T21:15:39+00:00\" \/>\n\t\t<meta property=\"article:modified_time\" content=\"2015-07-14T21:15:39+00:00\" \/>\n\t\t<meta name=\"twitter:card\" content=\"summary_large_image\" \/>\n\t\t<meta name=\"twitter:title\" content=\"Aena saca a licitaci\u00f3n la multitienda del aeropuerto Seve Ballesteros-Santander | El Digital de Asturias\" \/>\n\t\t<meta name=\"twitter:description\" content=\"Aena ha sacado a licitaci\u00f3n el arrendamiento de un local destinado a la actividad de multitienda en el aeropuerto Seve Ballesteros-Santander con concesi\u00f3n durante los pr\u00f3ximos cinco a\u00f1os. Seg\u00fan ha informado Aena en nota de prensa, el local, de 95 metros cuadrados, est\u00e1 situado en una zona de gran paso del aeropuerto, en el hall\" \/>\n\t\t<meta name=\"twitter:image\" content=\"https:\/\/eldigitaldeasturias.com\/magazine365\/wp-content\/uploads\/2015\/07\/fotonoticia_20150714133145_800.jpg\" \/>\n\t\t<script type=\"application\/ld+json\" class=\"aioseo-schema\">\n\t\t\t{\"@context\":\"https:\\\/\\\/schema.org\",\"@graph\":[{\"@type\":\"Article\",\"@id\":\"https:\\\/\\\/eldigitaldeasturias.com\\\/magazine365\\\/aena-saca-a-licitacion-la-multitienda-del-aeropuerto-seve-ballesteros-santander\\\/#article\",\"name\":\"Aena saca a licitaci\\u00f3n la multitienda del aeropuerto Seve Ballesteros-Santander | El Digital de Asturias\",\"headline\":\"Aena saca a licitaci\\u00f3n la multitienda del aeropuerto Seve Ballesteros-Santander\",\"author\":{\"@id\":\"https:\\\/\\\/eldigitaldeasturias.com\\\/magazine365\\\/author\\\/admin\\\/#author\"},\"publisher\":{\"@id\":\"https:\\\/\\\/eldigitaldeasturias.com\\\/magazine365\\\/#organization\"},\"image\":{\"@type\":\"ImageObject\",\"url\":\"https:\\\/\\\/eldigitaldeasturias.com\\\/magazine365\\\/wp-content\\\/uploads\\\/2015\\\/07\\\/fotonoticia_20150714133145_800.jpg\",\"width\":800,\"height\":450},\"datePublished\":\"2015-07-14T23:15:39+02:00\",\"dateModified\":\"2015-07-14T23:15:39+02:00\",\"inLanguage\":\"es-ES\",\"mainEntityOfPage\":{\"@id\":\"https:\\\/\\\/eldigitaldeasturias.com\\\/magazine365\\\/aena-saca-a-licitacion-la-multitienda-del-aeropuerto-seve-ballesteros-santander\\\/#webpage\"},\"isPartOf\":{\"@id\":\"https:\\\/\\\/eldigitaldeasturias.com\\\/magazine365\\\/aena-saca-a-licitacion-la-multitienda-del-aeropuerto-seve-ballesteros-santander\\\/#webpage\"},\"articleSection\":\"Noticias y Actualidad\"},{\"@type\":\"BreadcrumbList\",\"@id\":\"https:\\\/\\\/eldigitaldeasturias.com\\\/magazine365\\\/aena-saca-a-licitacion-la-multitienda-del-aeropuerto-seve-ballesteros-santander\\\/#breadcrumblist\",\"itemListElement\":[{\"@type\":\"ListItem\",\"@id\":\"https:\\\/\\\/eldigitaldeasturias.com\\\/magazine365#listItem\",\"position\":1,\"name\":\"Home\",\"item\":\"https:\\\/\\\/eldigitaldeasturias.com\\\/magazine365\",\"nextItem\":{\"@type\":\"ListItem\",\"@id\":\"https:\\\/\\\/eldigitaldeasturias.com\\\/magazine365\\\/category\\\/noticias-actualidad\\\/#listItem\",\"name\":\"Noticias y Actualidad\"}},{\"@type\":\"ListItem\",\"@id\":\"https:\\\/\\\/eldigitaldeasturias.com\\\/magazine365\\\/category\\\/noticias-actualidad\\\/#listItem\",\"position\":2,\"name\":\"Noticias y Actualidad\",\"item\":\"https:\\\/\\\/eldigitaldeasturias.com\\\/magazine365\\\/category\\\/noticias-actualidad\\\/\",\"nextItem\":{\"@type\":\"ListItem\",\"@id\":\"https:\\\/\\\/eldigitaldeasturias.com\\\/magazine365\\\/aena-saca-a-licitacion-la-multitienda-del-aeropuerto-seve-ballesteros-santander\\\/#listItem\",\"name\":\"Aena saca a licitaci\\u00f3n la multitienda del aeropuerto Seve Ballesteros-Santander\"},\"previousItem\":{\"@type\":\"ListItem\",\"@id\":\"https:\\\/\\\/eldigitaldeasturias.com\\\/magazine365#listItem\",\"name\":\"Home\"}},{\"@type\":\"ListItem\",\"@id\":\"https:\\\/\\\/eldigitaldeasturias.com\\\/magazine365\\\/aena-saca-a-licitacion-la-multitienda-del-aeropuerto-seve-ballesteros-santander\\\/#listItem\",\"position\":3,\"name\":\"Aena saca a licitaci\\u00f3n la multitienda del aeropuerto Seve Ballesteros-Santander\",\"previousItem\":{\"@type\":\"ListItem\",\"@id\":\"https:\\\/\\\/eldigitaldeasturias.com\\\/magazine365\\\/category\\\/noticias-actualidad\\\/#listItem\",\"name\":\"Noticias y Actualidad\"}}]},{\"@type\":\"Organization\",\"@id\":\"https:\\\/\\\/eldigitaldeasturias.com\\\/magazine365\\\/#organization\",\"name\":\"El digital de Asturias\",\"description\":\"Revista de ocio, turismo y estilo de vida\",\"url\":\"https:\\\/\\\/eldigitaldeasturias.com\\\/magazine365\\\/\",\"logo\":{\"@type\":\"ImageObject\",\"url\":\"https:\\\/\\\/www.eldigitaldeasturias.com\\\/noticias\\\/wp-content\\\/uploads\\\/2020\\\/12\\\/EDA.jpg\",\"@id\":\"https:\\\/\\\/eldigitaldeasturias.com\\\/magazine365\\\/aena-saca-a-licitacion-la-multitienda-del-aeropuerto-seve-ballesteros-santander\\\/#organizationLogo\"},\"image\":{\"@id\":\"https:\\\/\\\/eldigitaldeasturias.com\\\/magazine365\\\/aena-saca-a-licitacion-la-multitienda-del-aeropuerto-seve-ballesteros-santander\\\/#organizationLogo\"}},{\"@type\":\"Person\",\"@id\":\"https:\\\/\\\/eldigitaldeasturias.com\\\/magazine365\\\/author\\\/admin\\\/#author\",\"url\":\"https:\\\/\\\/eldigitaldeasturias.com\\\/magazine365\\\/author\\\/admin\\\/\",\"name\":\"admin\",\"image\":{\"@type\":\"ImageObject\",\"@id\":\"https:\\\/\\\/eldigitaldeasturias.com\\\/magazine365\\\/aena-saca-a-licitacion-la-multitienda-del-aeropuerto-seve-ballesteros-santander\\\/#authorImage\",\"url\":\"https:\\\/\\\/eldigitaldeasturias.com\\\/magazine365\\\/wp-content\\\/litespeed\\\/avatar\\\/e571bcf59a0edd6fa6838245a470f2fe.jpg?ver=1777574230\",\"width\":96,\"height\":96,\"caption\":\"admin\"}},{\"@type\":\"WebPage\",\"@id\":\"https:\\\/\\\/eldigitaldeasturias.com\\\/magazine365\\\/aena-saca-a-licitacion-la-multitienda-del-aeropuerto-seve-ballesteros-santander\\\/#webpage\",\"url\":\"https:\\\/\\\/eldigitaldeasturias.com\\\/magazine365\\\/aena-saca-a-licitacion-la-multitienda-del-aeropuerto-seve-ballesteros-santander\\\/\",\"name\":\"Aena saca a licitaci\\u00f3n la multitienda del aeropuerto Seve Ballesteros-Santander | El Digital de Asturias\",\"description\":\"Aena ha sacado a licitaci\\u00f3n el arrendamiento de un local destinado a la actividad de multitienda en el aeropuerto Seve Ballesteros-Santander con concesi\\u00f3n durante los pr\\u00f3ximos cinco a\\u00f1os. Seg\\u00fan ha informado Aena en nota de prensa, el local, de 95 metros cuadrados, est\\u00e1 situado en una zona de gran paso del aeropuerto, en el hall\",\"inLanguage\":\"es-ES\",\"isPartOf\":{\"@id\":\"https:\\\/\\\/eldigitaldeasturias.com\\\/magazine365\\\/#website\"},\"breadcrumb\":{\"@id\":\"https:\\\/\\\/eldigitaldeasturias.com\\\/magazine365\\\/aena-saca-a-licitacion-la-multitienda-del-aeropuerto-seve-ballesteros-santander\\\/#breadcrumblist\"},\"author\":{\"@id\":\"https:\\\/\\\/eldigitaldeasturias.com\\\/magazine365\\\/author\\\/admin\\\/#author\"},\"creator\":{\"@id\":\"https:\\\/\\\/eldigitaldeasturias.com\\\/magazine365\\\/author\\\/admin\\\/#author\"},\"image\":{\"@type\":\"ImageObject\",\"url\":\"https:\\\/\\\/eldigitaldeasturias.com\\\/magazine365\\\/wp-content\\\/uploads\\\/2015\\\/07\\\/fotonoticia_20150714133145_800.jpg\",\"@id\":\"https:\\\/\\\/eldigitaldeasturias.com\\\/magazine365\\\/aena-saca-a-licitacion-la-multitienda-del-aeropuerto-seve-ballesteros-santander\\\/#mainImage\",\"width\":800,\"height\":450},\"primaryImageOfPage\":{\"@id\":\"https:\\\/\\\/eldigitaldeasturias.com\\\/magazine365\\\/aena-saca-a-licitacion-la-multitienda-del-aeropuerto-seve-ballesteros-santander\\\/#mainImage\"},\"datePublished\":\"2015-07-14T23:15:39+02:00\",\"dateModified\":\"2015-07-14T23:15:39+02:00\"},{\"@type\":\"WebSite\",\"@id\":\"https:\\\/\\\/eldigitaldeasturias.com\\\/magazine365\\\/#website\",\"url\":\"https:\\\/\\\/eldigitaldeasturias.com\\\/magazine365\\\/\",\"name\":\"El Digital de Asturias\",\"description\":\"Revista de ocio, turismo y estilo de vida\",\"inLanguage\":\"es-ES\",\"publisher\":{\"@id\":\"https:\\\/\\\/eldigitaldeasturias.com\\\/magazine365\\\/#organization\"}}]}\n\t\t<\/script>\n\t\t<!-- All in One SEO Pro -->\r\n\t\t<title>Aena saca a licitaci\u00f3n la multitienda del aeropuerto Seve Ballesteros-Santander | El Digital de Asturias<\/title>\n\n","aioseo_head_json":{"title":"Aena saca a licitaci\u00f3n la multitienda del aeropuerto Seve Ballesteros-Santander | El Digital de Asturias","description":"Aena ha sacado a licitaci\u00f3n el arrendamiento de un local destinado a la actividad de multitienda en el aeropuerto Seve Ballesteros-Santander con concesi\u00f3n durante los pr\u00f3ximos cinco a\u00f1os. Seg\u00fan ha informado Aena en nota de prensa, el local, de 95 metros cuadrados, est\u00e1 situado en una zona de gran paso del aeropuerto, en el hall","canonical_url":"https:\/\/eldigitaldeasturias.com\/magazine365\/aena-saca-a-licitacion-la-multitienda-del-aeropuerto-seve-ballesteros-santander\/","robots":"max-image-preview:large","keywords":"noticias y actualidad","webmasterTools":{"google-site-verification":"UA-38556648-1","miscellaneous":""},"schema":{"@context":"https:\/\/schema.org","@graph":[{"@type":"Article","@id":"https:\/\/eldigitaldeasturias.com\/magazine365\/aena-saca-a-licitacion-la-multitienda-del-aeropuerto-seve-ballesteros-santander\/#article","name":"Aena saca a licitaci\u00f3n la multitienda del aeropuerto Seve Ballesteros-Santander | El Digital de Asturias","headline":"Aena saca a licitaci\u00f3n la multitienda del aeropuerto Seve Ballesteros-Santander","author":{"@id":"https:\/\/eldigitaldeasturias.com\/magazine365\/author\/admin\/#author"},"publisher":{"@id":"https:\/\/eldigitaldeasturias.com\/magazine365\/#organization"},"image":{"@type":"ImageObject","url":"https:\/\/eldigitaldeasturias.com\/magazine365\/wp-content\/uploads\/2015\/07\/fotonoticia_20150714133145_800.jpg","width":800,"height":450},"datePublished":"2015-07-14T23:15:39+02:00","dateModified":"2015-07-14T23:15:39+02:00","inLanguage":"es-ES","mainEntityOfPage":{"@id":"https:\/\/eldigitaldeasturias.com\/magazine365\/aena-saca-a-licitacion-la-multitienda-del-aeropuerto-seve-ballesteros-santander\/#webpage"},"isPartOf":{"@id":"https:\/\/eldigitaldeasturias.com\/magazine365\/aena-saca-a-licitacion-la-multitienda-del-aeropuerto-seve-ballesteros-santander\/#webpage"},"articleSection":"Noticias y Actualidad"},{"@type":"BreadcrumbList","@id":"https:\/\/eldigitaldeasturias.com\/magazine365\/aena-saca-a-licitacion-la-multitienda-del-aeropuerto-seve-ballesteros-santander\/#breadcrumblist","itemListElement":[{"@type":"ListItem","@id":"https:\/\/eldigitaldeasturias.com\/magazine365#listItem","position":1,"name":"Home","item":"https:\/\/eldigitaldeasturias.com\/magazine365","nextItem":{"@type":"ListItem","@id":"https:\/\/eldigitaldeasturias.com\/magazine365\/category\/noticias-actualidad\/#listItem","name":"Noticias y Actualidad"}},{"@type":"ListItem","@id":"https:\/\/eldigitaldeasturias.com\/magazine365\/category\/noticias-actualidad\/#listItem","position":2,"name":"Noticias y Actualidad","item":"https:\/\/eldigitaldeasturias.com\/magazine365\/category\/noticias-actualidad\/","nextItem":{"@type":"ListItem","@id":"https:\/\/eldigitaldeasturias.com\/magazine365\/aena-saca-a-licitacion-la-multitienda-del-aeropuerto-seve-ballesteros-santander\/#listItem","name":"Aena saca a licitaci\u00f3n la multitienda del aeropuerto Seve Ballesteros-Santander"},"previousItem":{"@type":"ListItem","@id":"https:\/\/eldigitaldeasturias.com\/magazine365#listItem","name":"Home"}},{"@type":"ListItem","@id":"https:\/\/eldigitaldeasturias.com\/magazine365\/aena-saca-a-licitacion-la-multitienda-del-aeropuerto-seve-ballesteros-santander\/#listItem","position":3,"name":"Aena saca a licitaci\u00f3n la multitienda del aeropuerto Seve Ballesteros-Santander","previousItem":{"@type":"ListItem","@id":"https:\/\/eldigitaldeasturias.com\/magazine365\/category\/noticias-actualidad\/#listItem","name":"Noticias y Actualidad"}}]},{"@type":"Organization","@id":"https:\/\/eldigitaldeasturias.com\/magazine365\/#organization","name":"El digital de Asturias","description":"Revista de ocio, turismo y estilo de vida","url":"https:\/\/eldigitaldeasturias.com\/magazine365\/","logo":{"@type":"ImageObject","url":"https:\/\/www.eldigitaldeasturias.com\/noticias\/wp-content\/uploads\/2020\/12\/EDA.jpg","@id":"https:\/\/eldigitaldeasturias.com\/magazine365\/aena-saca-a-licitacion-la-multitienda-del-aeropuerto-seve-ballesteros-santander\/#organizationLogo"},"image":{"@id":"https:\/\/eldigitaldeasturias.com\/magazine365\/aena-saca-a-licitacion-la-multitienda-del-aeropuerto-seve-ballesteros-santander\/#organizationLogo"}},{"@type":"Person","@id":"https:\/\/eldigitaldeasturias.com\/magazine365\/author\/admin\/#author","url":"https:\/\/eldigitaldeasturias.com\/magazine365\/author\/admin\/","name":"admin","image":{"@type":"ImageObject","@id":"https:\/\/eldigitaldeasturias.com\/magazine365\/aena-saca-a-licitacion-la-multitienda-del-aeropuerto-seve-ballesteros-santander\/#authorImage","url":"https:\/\/eldigitaldeasturias.com\/magazine365\/wp-content\/litespeed\/avatar\/e571bcf59a0edd6fa6838245a470f2fe.jpg?ver=1777574230","width":96,"height":96,"caption":"admin"}},{"@type":"WebPage","@id":"https:\/\/eldigitaldeasturias.com\/magazine365\/aena-saca-a-licitacion-la-multitienda-del-aeropuerto-seve-ballesteros-santander\/#webpage","url":"https:\/\/eldigitaldeasturias.com\/magazine365\/aena-saca-a-licitacion-la-multitienda-del-aeropuerto-seve-ballesteros-santander\/","name":"Aena saca a licitaci\u00f3n la multitienda del aeropuerto Seve Ballesteros-Santander | El Digital de Asturias","description":"Aena ha sacado a licitaci\u00f3n el arrendamiento de un local destinado a la actividad de multitienda en el aeropuerto Seve Ballesteros-Santander con concesi\u00f3n durante los pr\u00f3ximos cinco a\u00f1os. Seg\u00fan ha informado Aena en nota de prensa, el local, de 95 metros cuadrados, est\u00e1 situado en una zona de gran paso del aeropuerto, en el hall","inLanguage":"es-ES","isPartOf":{"@id":"https:\/\/eldigitaldeasturias.com\/magazine365\/#website"},"breadcrumb":{"@id":"https:\/\/eldigitaldeasturias.com\/magazine365\/aena-saca-a-licitacion-la-multitienda-del-aeropuerto-seve-ballesteros-santander\/#breadcrumblist"},"author":{"@id":"https:\/\/eldigitaldeasturias.com\/magazine365\/author\/admin\/#author"},"creator":{"@id":"https:\/\/eldigitaldeasturias.com\/magazine365\/author\/admin\/#author"},"image":{"@type":"ImageObject","url":"https:\/\/eldigitaldeasturias.com\/magazine365\/wp-content\/uploads\/2015\/07\/fotonoticia_20150714133145_800.jpg","@id":"https:\/\/eldigitaldeasturias.com\/magazine365\/aena-saca-a-licitacion-la-multitienda-del-aeropuerto-seve-ballesteros-santander\/#mainImage","width":800,"height":450},"primaryImageOfPage":{"@id":"https:\/\/eldigitaldeasturias.com\/magazine365\/aena-saca-a-licitacion-la-multitienda-del-aeropuerto-seve-ballesteros-santander\/#mainImage"},"datePublished":"2015-07-14T23:15:39+02:00","dateModified":"2015-07-14T23:15:39+02:00"},{"@type":"WebSite","@id":"https:\/\/eldigitaldeasturias.com\/magazine365\/#website","url":"https:\/\/eldigitaldeasturias.com\/magazine365\/","name":"El Digital de Asturias","description":"Revista de ocio, turismo y estilo de vida","inLanguage":"es-ES","publisher":{"@id":"https:\/\/eldigitaldeasturias.com\/magazine365\/#organization"}}]},"og:locale":"es_ES","og:site_name":"El Digital de Asturias \u2013 Revista de ocio, turismo y estilo de vida","og:type":"article","og:title":"Aena saca a licitaci\u00f3n la multitienda del aeropuerto Seve Ballesteros-Santander | El Digital de Asturias","og:description":"Aena ha sacado a licitaci\u00f3n el arrendamiento de un local destinado a la actividad de multitienda en el aeropuerto Seve Ballesteros-Santander con concesi\u00f3n durante los pr\u00f3ximos cinco a\u00f1os. Seg\u00fan ha informado Aena en nota de prensa, el local, de 95 metros cuadrados, est\u00e1 situado en una zona de gran paso del aeropuerto, en el hall","og:url":"https:\/\/eldigitaldeasturias.com\/magazine365\/aena-saca-a-licitacion-la-multitienda-del-aeropuerto-seve-ballesteros-santander\/","og:image":"https:\/\/eldigitaldeasturias.com\/magazine365\/wp-content\/uploads\/2015\/07\/fotonoticia_20150714133145_800.jpg","og:image:secure_url":"https:\/\/eldigitaldeasturias.com\/magazine365\/wp-content\/uploads\/2015\/07\/fotonoticia_20150714133145_800.jpg","og:image:width":800,"og:image:height":450,"article:published_time":"2015-07-14T21:15:39+00:00","article:modified_time":"2015-07-14T21:15:39+00:00","twitter:card":"summary_large_image","twitter:title":"Aena saca a licitaci\u00f3n la multitienda del aeropuerto Seve Ballesteros-Santander | El Digital de Asturias","twitter:description":"Aena ha sacado a licitaci\u00f3n el arrendamiento de un local destinado a la actividad de multitienda en el aeropuerto Seve Ballesteros-Santander con concesi\u00f3n durante los pr\u00f3ximos cinco a\u00f1os. Seg\u00fan ha informado Aena en nota de prensa, el local, de 95 metros cuadrados, est\u00e1 situado en una zona de gran paso del aeropuerto, en el hall","twitter:image":"https:\/\/eldigitaldeasturias.com\/magazine365\/wp-content\/uploads\/2015\/07\/fotonoticia_20150714133145_800.jpg"},"aioseo_meta_data":{"post_id":"42630","title":null,"description":null,"keywords":null,"keyphrases":null,"primary_term":null,"canonical_url":null,"og_title":null,"og_description":null,"og_object_type":"default","og_image_type":"default","og_image_url":null,"og_image_width":null,"og_image_height":null,"og_image_custom_url":null,"og_image_custom_fields":null,"og_video":null,"og_custom_url":null,"og_article_section":null,"og_article_tags":null,"twitter_use_og":false,"twitter_card":"default","twitter_image_type":"default","twitter_image_url":null,"twitter_image_custom_url":null,"twitter_image_custom_fields":null,"twitter_title":null,"twitter_description":null,"schema":{"blockGraphs":[],"customGraphs":[],"default":{"data":{"Article":[],"Course":[],"Dataset":[],"FAQPage":[],"Movie":[],"Person":[],"Product":[],"ProductReview":[],"Car":[],"Recipe":[],"Service":[],"SoftwareApplication":[],"WebPage":[]},"graphName":"","isEnabled":true},"graphs":[],"defaultGraph":"","defaultPostTypeGraph":""},"schema_type":null,"schema_type_options":null,"pillar_content":false,"robots_default":true,"robots_noindex":false,"robots_noarchive":false,"robots_nosnippet":false,"robots_nofollow":false,"robots_noimageindex":false,"robots_noodp":false,"robots_notranslate":false,"robots_max_snippet":null,"robots_max_videopreview":null,"robots_max_imagepreview":"large","priority":null,"frequency":null,"location":null,"local_seo":null,"seo_analyzer_scan_date":"2025-09-19 18:08:54","breadcrumb_settings":null,"limit_modified_date":false,"open_ai":null,"ai":null,"created":"2021-03-09 01:57:46","updated":"2025-09-19 18:08:54"},"aioseo_breadcrumb":"<div class=\"aioseo-breadcrumbs\"><span class=\"aioseo-breadcrumb\">\n\t<a href=\"https:\/\/eldigitaldeasturias.com\/magazine365\" title=\"Home\">Home<\/a>\n<\/span><span class=\"aioseo-breadcrumb-separator\">\u2013<\/span><span class=\"aioseo-breadcrumb\">\n\t<a href=\"https:\/\/eldigitaldeasturias.com\/magazine365\/category\/noticias-actualidad\/\" title=\"Noticias y Actualidad\">Noticias y Actualidad<\/a>\n<\/span><span class=\"aioseo-breadcrumb-separator\">\u2013<\/span><span class=\"aioseo-breadcrumb\">\n\t<a href=\"https:\/\/eldigitaldeasturias.com\/magazine365\/aena-saca-a-licitacion-la-multitienda-del-aeropuerto-seve-ballesteros-santander\/\" title=\"Aena saca a licitaci\u00f3n la multitienda del aeropuerto Seve Ballesteros-Santander\">Aena saca a licitaci\u00f3n la multitienda del aeropuerto Seve Ballesteros-Santander<\/a>\n<\/span><\/div>","aioseo_breadcrumb_json":[{"label":"Home","link":"https:\/\/eldigitaldeasturias.com\/magazine365"},{"label":"Noticias y Actualidad","link":"https:\/\/eldigitaldeasturias.com\/magazine365\/category\/noticias-actualidad\/"},{"label":"Aena saca a licitaci\u00f3n la multitienda del aeropuerto Seve Ballesteros-Santander","link":"https:\/\/eldigitaldeasturias.com\/magazine365\/aena-saca-a-licitacion-la-multitienda-del-aeropuerto-seve-ballesteros-santander\/"}],"_links":{"self":[{"href":"https:\/\/eldigitaldeasturias.com\/magazine365\/wp-json\/wp\/v2\/posts\/42630","targetHints":{"allow":["GET"]}}],"collection":[{"href":"https:\/\/eldigitaldeasturias.com\/magazine365\/wp-json\/wp\/v2\/posts"}],"about":[{"href":"https:\/\/eldigitaldeasturias.com\/magazine365\/wp-json\/wp\/v2\/types\/post"}],"author":[{"embeddable":true,"href":"https:\/\/eldigitaldeasturias.com\/magazine365\/wp-json\/wp\/v2\/users\/1"}],"replies":[{"embeddable":true,"href":"https:\/\/eldigitaldeasturias.com\/magazine365\/wp-json\/wp\/v2\/comments?post=42630"}],"version-history":[{"count":0,"href":"https:\/\/eldigitaldeasturias.com\/magazine365\/wp-json\/wp\/v2\/posts\/42630\/revisions"}],"wp:featuredmedia":[{"embeddable":true,"href":"https:\/\/eldigitaldeasturias.com\/magazine365\/wp-json\/wp\/v2\/media\/42631"}],"wp:attachment":[{"href":"https:\/\/eldigitaldeasturias.com\/magazine365\/wp-json\/wp\/v2\/media?parent=42630"}],"wp:term":[{"taxonomy":"category","embeddable":true,"href":"https:\/\/eldigitaldeasturias.com\/magazine365\/wp-json\/wp\/v2\/categories?post=42630"},{"taxonomy":"post_tag","embeddable":true,"href":"https:\/\/eldigitaldeasturias.com\/magazine365\/wp-json\/wp\/v2\/tags?post=42630"}],"curies":[{"name":"wp","href":"https:\/\/api.w.org\/{rel}","templated":true}]}}