{"id":42613,"date":"2015-07-14T13:59:17","date_gmt":"2015-07-14T11:59:17","guid":{"rendered":"http:\/\/eldigitaldeasturias.com\/magazine365\/?p=42613"},"modified":"2015-07-14T13:59:17","modified_gmt":"2015-07-14T11:59:17","slug":"la-comunidad-valenciana-traslada-la-oferta-de-turismo-deportivo-a-la-feria-internacional-gothia-cup-de-estocolmo","status":"publish","type":"post","link":"https:\/\/eldigitaldeasturias.com\/magazine365\/la-comunidad-valenciana-traslada-la-oferta-de-turismo-deportivo-a-la-feria-internacional-gothia-cup-de-estocolmo\/","title":{"rendered":"La Comunidad Valenciana traslada la oferta de turismo deportivo a la feria internacional &#8216;Gothia Cup&#8217; de Estocolmo"},"content":{"rendered":"<p><img fetchpriority=\"high\" decoding=\"async\" class=\"alignleft size-medium wp-image-42614\" src=\"https:\/\/eldigitaldeasturias.com\/magazine365\/wp-content\/uploads\/2015\/07\/fotonoticia_20150714123512_800-360x220.jpg\" alt=\"fotonoticia_20150714123512_800\" width=\"360\" height=\"220\" srcset=\"https:\/\/eldigitaldeasturias.com\/magazine365\/wp-content\/uploads\/2015\/07\/fotonoticia_20150714123512_800-360x220.jpg 360w, https:\/\/eldigitaldeasturias.com\/magazine365\/wp-content\/uploads\/2015\/07\/fotonoticia_20150714123512_800-650x397.jpg 650w, https:\/\/eldigitaldeasturias.com\/magazine365\/wp-content\/uploads\/2015\/07\/fotonoticia_20150714123512_800-768x468.jpg 768w, https:\/\/eldigitaldeasturias.com\/magazine365\/wp-content\/uploads\/2015\/07\/fotonoticia_20150714123512_800-150x92.jpg 150w, https:\/\/eldigitaldeasturias.com\/magazine365\/wp-content\/uploads\/2015\/07\/fotonoticia_20150714123512_800-450x275.jpg 450w, https:\/\/eldigitaldeasturias.com\/magazine365\/wp-content\/uploads\/2015\/07\/fotonoticia_20150714123512_800-696x425.jpg 696w, https:\/\/eldigitaldeasturias.com\/magazine365\/wp-content\/uploads\/2015\/07\/fotonoticia_20150714123512_800-689x420.jpg 689w, https:\/\/eldigitaldeasturias.com\/magazine365\/wp-content\/uploads\/2015\/07\/fotonoticia_20150714123512_800.jpg 800w\" sizes=\"(max-width: 360px) 100vw, 360px\" \/>La Generalitat, a trav\u00e9s de la Ag\u00e8ncia Valenciana del Turisme, presenta la oferta de turismo deportivo de la Comunitat Valenciana en la feria Internacional &#8216;Gothia Cup&#8217; que se celebra del 12 al 18 de julio en Estocolmo.<\/p>\n<p>&#8216;Gothia Cup&#8217; es el torneo de f\u00fatbol juvenil \u00abm\u00e1s grande y m\u00e1s internacional del mundo\u00bb, ya que cada a\u00f1o, alrededor de 1.600 equipos de 80 naciones participan y juegan 4.500 partidos en 110 campos. El evento alcanza un total de 60.000 participantes con sus acompa\u00f1antes y 350.000 visitantes en la zona de eventos, seg\u00fan ha informado la Generalitat en un comunicado.<\/p>\n<p>As\u00ed, la Ag\u00e8ncia Valenciana del Turisme participa en esta feria con el objetivo de dar a conocer al p\u00fablico asistente los productos tur\u00edsticos relacionados con el deporte, como son el golf, el ciclismo, la vela y las actividades n\u00e1uticas, entre otros.<\/p>\n<p>De este modo, la Generalitat participa en este certamen junto al Patronato de Turismo de la Costa Blanca y Visit Benidorm, a trav\u00e9s de un punto de informaci\u00f3n tur\u00edstica integrado en la carpa coordinada por la Oficina Espa\u00f1ola de Turismo en Estocolmo, donde se distribuye diverso material informativo de turismo de la Comunitat Valenciana.<\/p>\n<p>Esta acci\u00f3n, ha explicado, se enmarca dentro del Plan Operativo Anual 2015 acordado entre Turespa\u00f1a y la Ag\u00e8ncia Valenciana del Turisme para promocionar los destinos tur\u00edsticos de la Comunitat en aquellos mercados considerados prioritarios.<\/p>\n<p>Seg\u00fan datos que maneja la Ag\u00e8ncia Valenciana del Turisme, m\u00e1s de 3,1 millones de turistas realizan actividades deportivas durante su viaje en la Comunitat Valenciana y 400.000 asisten a eventos deportivos. Adem\u00e1s, la Comunitat es el tercer destino de los espa\u00f1oles que realizan deporte durante su viaje, tras Andaluc\u00eda y Catalu\u00f1a. El 15% de los espa\u00f1oles que realiza deporte durante su viaje en Espa\u00f1a elige la Comunitat como destino.<\/p>\n<p>Por otro lado, ha resaltado que la Comunitat es la cuarta autonom\u00eda con mayor n\u00famero de deportistas federados (342.580), siendo las disciplinas con mayor n\u00famero de licencias el f\u00fatbol (93.127), la caza (46.371), el baloncesto (29.248) y el golf (21.710). En relaci\u00f3n con el total nacional, la Comunitat<\/p>\n","protected":false},"excerpt":{"rendered":"<p>La Generalitat, a trav\u00e9s de la Ag\u00e8ncia Valenciana del Turisme, presenta la oferta de turismo deportivo de la Comunitat Valenciana en la feria Internacional &#8216;Gothia Cup&#8217; que se celebra del 12 al 18 de julio en Estocolmo. &#8216;Gothia Cup&#8217; es el torneo de f\u00fatbol juvenil \u00abm\u00e1s grande y m\u00e1s internacional del mundo\u00bb, ya que cada<\/p>\n","protected":false},"author":1,"featured_media":42614,"comment_status":"open","ping_status":"closed","sticky":false,"template":"","format":"standard","meta":{"footnotes":""},"categories":[222],"tags":[],"class_list":{"0":"post-42613","1":"post","2":"type-post","3":"status-publish","4":"format-standard","5":"has-post-thumbnail","7":"category-actualidad-turismo"},"aioseo_notices":[],"aioseo_head":"\n\t\t<!-- All in One SEO Pro 4.9.6.1 - aioseo.com -->\n\t<meta name=\"description\" content=\"La Generalitat, a trav\u00e9s de la Ag\u00e8ncia Valenciana del Turisme, presenta la oferta de turismo deportivo de la Comunitat Valenciana en la feria Internacional &#039;Gothia Cup&#039; que se celebra del 12 al 18 de julio en Estocolmo. &#039;Gothia Cup&#039; es el torneo de f\u00fatbol juvenil &quot;m\u00e1s grande y m\u00e1s internacional del mundo&quot;, ya que cada\" \/>\n\t<meta name=\"robots\" content=\"max-image-preview:large\" \/>\n\t<meta name=\"author\" content=\"admin\"\/>\n\t<meta name=\"google-site-verification\" content=\"UA-38556648-1\" \/>\n\t<meta name=\"keywords\" content=\"actualidad turismo\" \/>\n\t<link rel=\"canonical\" href=\"https:\/\/eldigitaldeasturias.com\/magazine365\/la-comunidad-valenciana-traslada-la-oferta-de-turismo-deportivo-a-la-feria-internacional-gothia-cup-de-estocolmo\/\" \/>\n\t<meta name=\"generator\" content=\"All in One SEO Pro (AIOSEO) 4.9.6.1\" \/>\n\t\t<meta property=\"og:locale\" content=\"es_ES\" \/>\n\t\t<meta property=\"og:site_name\" content=\"El Digital de Asturias \u2013 Revista de ocio, turismo y estilo de vida\" \/>\n\t\t<meta property=\"og:type\" content=\"article\" \/>\n\t\t<meta property=\"og:title\" content=\"La Comunidad Valenciana traslada la oferta de turismo deportivo a la feria internacional \u2018Gothia Cup\u2019 de Estocolmo | El Digital de Asturias\" \/>\n\t\t<meta property=\"og:description\" content=\"La Generalitat, a trav\u00e9s de la Ag\u00e8ncia Valenciana del Turisme, presenta la oferta de turismo deportivo de la Comunitat Valenciana en la feria Internacional &#039;Gothia Cup&#039; que se celebra del 12 al 18 de julio en Estocolmo. &#039;Gothia Cup&#039; es el torneo de f\u00fatbol juvenil &quot;m\u00e1s grande y m\u00e1s internacional del mundo&quot;, ya que cada\" \/>\n\t\t<meta property=\"og:url\" content=\"https:\/\/eldigitaldeasturias.com\/magazine365\/la-comunidad-valenciana-traslada-la-oferta-de-turismo-deportivo-a-la-feria-internacional-gothia-cup-de-estocolmo\/\" \/>\n\t\t<meta property=\"og:image\" content=\"https:\/\/eldigitaldeasturias.com\/magazine365\/wp-content\/uploads\/2015\/07\/fotonoticia_20150714123512_800.jpg\" \/>\n\t\t<meta property=\"og:image:secure_url\" content=\"https:\/\/eldigitaldeasturias.com\/magazine365\/wp-content\/uploads\/2015\/07\/fotonoticia_20150714123512_800.jpg\" \/>\n\t\t<meta property=\"og:image:width\" content=\"800\" \/>\n\t\t<meta property=\"og:image:height\" content=\"488\" \/>\n\t\t<meta property=\"article:published_time\" content=\"2015-07-14T11:59:17+00:00\" \/>\n\t\t<meta property=\"article:modified_time\" content=\"2015-07-14T11:59:17+00:00\" \/>\n\t\t<meta name=\"twitter:card\" content=\"summary_large_image\" \/>\n\t\t<meta name=\"twitter:title\" content=\"La Comunidad Valenciana traslada la oferta de turismo deportivo a la feria internacional \u2018Gothia Cup\u2019 de Estocolmo | El Digital de Asturias\" \/>\n\t\t<meta name=\"twitter:description\" content=\"La Generalitat, a trav\u00e9s de la Ag\u00e8ncia Valenciana del Turisme, presenta la oferta de turismo deportivo de la Comunitat Valenciana en la feria Internacional &#039;Gothia Cup&#039; que se celebra del 12 al 18 de julio en Estocolmo. &#039;Gothia Cup&#039; es el torneo de f\u00fatbol juvenil &quot;m\u00e1s grande y m\u00e1s internacional del mundo&quot;, ya que cada\" \/>\n\t\t<meta name=\"twitter:image\" content=\"https:\/\/eldigitaldeasturias.com\/magazine365\/wp-content\/uploads\/2015\/07\/fotonoticia_20150714123512_800.jpg\" \/>\n\t\t<script type=\"application\/ld+json\" class=\"aioseo-schema\">\n\t\t\t{\"@context\":\"https:\\\/\\\/schema.org\",\"@graph\":[{\"@type\":\"Article\",\"@id\":\"https:\\\/\\\/eldigitaldeasturias.com\\\/magazine365\\\/la-comunidad-valenciana-traslada-la-oferta-de-turismo-deportivo-a-la-feria-internacional-gothia-cup-de-estocolmo\\\/#article\",\"name\":\"La Comunidad Valenciana traslada la oferta de turismo deportivo a la feria internacional \\u2018Gothia Cup\\u2019 de Estocolmo | El Digital de Asturias\",\"headline\":\"La Comunidad Valenciana traslada la oferta de turismo deportivo a la feria internacional &#8216;Gothia Cup&#8217; de Estocolmo\",\"author\":{\"@id\":\"https:\\\/\\\/eldigitaldeasturias.com\\\/magazine365\\\/author\\\/admin\\\/#author\"},\"publisher\":{\"@id\":\"https:\\\/\\\/eldigitaldeasturias.com\\\/magazine365\\\/#organization\"},\"image\":{\"@type\":\"ImageObject\",\"url\":\"https:\\\/\\\/eldigitaldeasturias.com\\\/magazine365\\\/wp-content\\\/uploads\\\/2015\\\/07\\\/fotonoticia_20150714123512_800.jpg\",\"width\":800,\"height\":488},\"datePublished\":\"2015-07-14T13:59:17+02:00\",\"dateModified\":\"2015-07-14T13:59:17+02:00\",\"inLanguage\":\"es-ES\",\"mainEntityOfPage\":{\"@id\":\"https:\\\/\\\/eldigitaldeasturias.com\\\/magazine365\\\/la-comunidad-valenciana-traslada-la-oferta-de-turismo-deportivo-a-la-feria-internacional-gothia-cup-de-estocolmo\\\/#webpage\"},\"isPartOf\":{\"@id\":\"https:\\\/\\\/eldigitaldeasturias.com\\\/magazine365\\\/la-comunidad-valenciana-traslada-la-oferta-de-turismo-deportivo-a-la-feria-internacional-gothia-cup-de-estocolmo\\\/#webpage\"},\"articleSection\":\"Actualidad Turismo\"},{\"@type\":\"BreadcrumbList\",\"@id\":\"https:\\\/\\\/eldigitaldeasturias.com\\\/magazine365\\\/la-comunidad-valenciana-traslada-la-oferta-de-turismo-deportivo-a-la-feria-internacional-gothia-cup-de-estocolmo\\\/#breadcrumblist\",\"itemListElement\":[{\"@type\":\"ListItem\",\"@id\":\"https:\\\/\\\/eldigitaldeasturias.com\\\/magazine365#listItem\",\"position\":1,\"name\":\"Home\",\"item\":\"https:\\\/\\\/eldigitaldeasturias.com\\\/magazine365\",\"nextItem\":{\"@type\":\"ListItem\",\"@id\":\"https:\\\/\\\/eldigitaldeasturias.com\\\/magazine365\\\/category\\\/actualidad-turismo\\\/#listItem\",\"name\":\"Actualidad Turismo\"}},{\"@type\":\"ListItem\",\"@id\":\"https:\\\/\\\/eldigitaldeasturias.com\\\/magazine365\\\/category\\\/actualidad-turismo\\\/#listItem\",\"position\":2,\"name\":\"Actualidad Turismo\",\"item\":\"https:\\\/\\\/eldigitaldeasturias.com\\\/magazine365\\\/category\\\/actualidad-turismo\\\/\",\"nextItem\":{\"@type\":\"ListItem\",\"@id\":\"https:\\\/\\\/eldigitaldeasturias.com\\\/magazine365\\\/la-comunidad-valenciana-traslada-la-oferta-de-turismo-deportivo-a-la-feria-internacional-gothia-cup-de-estocolmo\\\/#listItem\",\"name\":\"La Comunidad Valenciana traslada la oferta de turismo deportivo a la feria internacional &#8216;Gothia Cup&#8217; de Estocolmo\"},\"previousItem\":{\"@type\":\"ListItem\",\"@id\":\"https:\\\/\\\/eldigitaldeasturias.com\\\/magazine365#listItem\",\"name\":\"Home\"}},{\"@type\":\"ListItem\",\"@id\":\"https:\\\/\\\/eldigitaldeasturias.com\\\/magazine365\\\/la-comunidad-valenciana-traslada-la-oferta-de-turismo-deportivo-a-la-feria-internacional-gothia-cup-de-estocolmo\\\/#listItem\",\"position\":3,\"name\":\"La Comunidad Valenciana traslada la oferta de turismo deportivo a la feria internacional &#8216;Gothia Cup&#8217; de Estocolmo\",\"previousItem\":{\"@type\":\"ListItem\",\"@id\":\"https:\\\/\\\/eldigitaldeasturias.com\\\/magazine365\\\/category\\\/actualidad-turismo\\\/#listItem\",\"name\":\"Actualidad Turismo\"}}]},{\"@type\":\"Organization\",\"@id\":\"https:\\\/\\\/eldigitaldeasturias.com\\\/magazine365\\\/#organization\",\"name\":\"El digital de Asturias\",\"description\":\"Revista de ocio, turismo y estilo de vida\",\"url\":\"https:\\\/\\\/eldigitaldeasturias.com\\\/magazine365\\\/\",\"logo\":{\"@type\":\"ImageObject\",\"url\":\"https:\\\/\\\/www.eldigitaldeasturias.com\\\/noticias\\\/wp-content\\\/uploads\\\/2020\\\/12\\\/EDA.jpg\",\"@id\":\"https:\\\/\\\/eldigitaldeasturias.com\\\/magazine365\\\/la-comunidad-valenciana-traslada-la-oferta-de-turismo-deportivo-a-la-feria-internacional-gothia-cup-de-estocolmo\\\/#organizationLogo\"},\"image\":{\"@id\":\"https:\\\/\\\/eldigitaldeasturias.com\\\/magazine365\\\/la-comunidad-valenciana-traslada-la-oferta-de-turismo-deportivo-a-la-feria-internacional-gothia-cup-de-estocolmo\\\/#organizationLogo\"}},{\"@type\":\"Person\",\"@id\":\"https:\\\/\\\/eldigitaldeasturias.com\\\/magazine365\\\/author\\\/admin\\\/#author\",\"url\":\"https:\\\/\\\/eldigitaldeasturias.com\\\/magazine365\\\/author\\\/admin\\\/\",\"name\":\"admin\",\"image\":{\"@type\":\"ImageObject\",\"@id\":\"https:\\\/\\\/eldigitaldeasturias.com\\\/magazine365\\\/la-comunidad-valenciana-traslada-la-oferta-de-turismo-deportivo-a-la-feria-internacional-gothia-cup-de-estocolmo\\\/#authorImage\",\"url\":\"https:\\\/\\\/eldigitaldeasturias.com\\\/magazine365\\\/wp-content\\\/litespeed\\\/avatar\\\/e571bcf59a0edd6fa6838245a470f2fe.jpg?ver=1777574230\",\"width\":96,\"height\":96,\"caption\":\"admin\"}},{\"@type\":\"WebPage\",\"@id\":\"https:\\\/\\\/eldigitaldeasturias.com\\\/magazine365\\\/la-comunidad-valenciana-traslada-la-oferta-de-turismo-deportivo-a-la-feria-internacional-gothia-cup-de-estocolmo\\\/#webpage\",\"url\":\"https:\\\/\\\/eldigitaldeasturias.com\\\/magazine365\\\/la-comunidad-valenciana-traslada-la-oferta-de-turismo-deportivo-a-la-feria-internacional-gothia-cup-de-estocolmo\\\/\",\"name\":\"La Comunidad Valenciana traslada la oferta de turismo deportivo a la feria internacional \\u2018Gothia Cup\\u2019 de Estocolmo | El Digital de Asturias\",\"description\":\"La Generalitat, a trav\\u00e9s de la Ag\\u00e8ncia Valenciana del Turisme, presenta la oferta de turismo deportivo de la Comunitat Valenciana en la feria Internacional 'Gothia Cup' que se celebra del 12 al 18 de julio en Estocolmo. 'Gothia Cup' es el torneo de f\\u00fatbol juvenil \\\"m\\u00e1s grande y m\\u00e1s internacional del mundo\\\", ya que cada\",\"inLanguage\":\"es-ES\",\"isPartOf\":{\"@id\":\"https:\\\/\\\/eldigitaldeasturias.com\\\/magazine365\\\/#website\"},\"breadcrumb\":{\"@id\":\"https:\\\/\\\/eldigitaldeasturias.com\\\/magazine365\\\/la-comunidad-valenciana-traslada-la-oferta-de-turismo-deportivo-a-la-feria-internacional-gothia-cup-de-estocolmo\\\/#breadcrumblist\"},\"author\":{\"@id\":\"https:\\\/\\\/eldigitaldeasturias.com\\\/magazine365\\\/author\\\/admin\\\/#author\"},\"creator\":{\"@id\":\"https:\\\/\\\/eldigitaldeasturias.com\\\/magazine365\\\/author\\\/admin\\\/#author\"},\"image\":{\"@type\":\"ImageObject\",\"url\":\"https:\\\/\\\/eldigitaldeasturias.com\\\/magazine365\\\/wp-content\\\/uploads\\\/2015\\\/07\\\/fotonoticia_20150714123512_800.jpg\",\"@id\":\"https:\\\/\\\/eldigitaldeasturias.com\\\/magazine365\\\/la-comunidad-valenciana-traslada-la-oferta-de-turismo-deportivo-a-la-feria-internacional-gothia-cup-de-estocolmo\\\/#mainImage\",\"width\":800,\"height\":488},\"primaryImageOfPage\":{\"@id\":\"https:\\\/\\\/eldigitaldeasturias.com\\\/magazine365\\\/la-comunidad-valenciana-traslada-la-oferta-de-turismo-deportivo-a-la-feria-internacional-gothia-cup-de-estocolmo\\\/#mainImage\"},\"datePublished\":\"2015-07-14T13:59:17+02:00\",\"dateModified\":\"2015-07-14T13:59:17+02:00\"},{\"@type\":\"WebSite\",\"@id\":\"https:\\\/\\\/eldigitaldeasturias.com\\\/magazine365\\\/#website\",\"url\":\"https:\\\/\\\/eldigitaldeasturias.com\\\/magazine365\\\/\",\"name\":\"El Digital de Asturias\",\"description\":\"Revista de ocio, turismo y estilo de vida\",\"inLanguage\":\"es-ES\",\"publisher\":{\"@id\":\"https:\\\/\\\/eldigitaldeasturias.com\\\/magazine365\\\/#organization\"}}]}\n\t\t<\/script>\n\t\t<!-- All in One SEO Pro -->\r\n\t\t<title>La Comunidad Valenciana traslada la oferta de turismo deportivo a la feria internacional \u2018Gothia Cup\u2019 de Estocolmo | El Digital de Asturias<\/title>\n\n","aioseo_head_json":{"title":"La Comunidad Valenciana traslada la oferta de turismo deportivo a la feria internacional \u2018Gothia Cup\u2019 de Estocolmo | El Digital de Asturias","description":"La Generalitat, a trav\u00e9s de la Ag\u00e8ncia Valenciana del Turisme, presenta la oferta de turismo deportivo de la Comunitat Valenciana en la feria Internacional 'Gothia Cup' que se celebra del 12 al 18 de julio en Estocolmo. 'Gothia Cup' es el torneo de f\u00fatbol juvenil \"m\u00e1s grande y m\u00e1s internacional del mundo\", ya que cada","canonical_url":"https:\/\/eldigitaldeasturias.com\/magazine365\/la-comunidad-valenciana-traslada-la-oferta-de-turismo-deportivo-a-la-feria-internacional-gothia-cup-de-estocolmo\/","robots":"max-image-preview:large","keywords":"actualidad turismo","webmasterTools":{"google-site-verification":"UA-38556648-1","miscellaneous":""},"schema":{"@context":"https:\/\/schema.org","@graph":[{"@type":"Article","@id":"https:\/\/eldigitaldeasturias.com\/magazine365\/la-comunidad-valenciana-traslada-la-oferta-de-turismo-deportivo-a-la-feria-internacional-gothia-cup-de-estocolmo\/#article","name":"La Comunidad Valenciana traslada la oferta de turismo deportivo a la feria internacional \u2018Gothia Cup\u2019 de Estocolmo | El Digital de Asturias","headline":"La Comunidad Valenciana traslada la oferta de turismo deportivo a la feria internacional &#8216;Gothia Cup&#8217; de Estocolmo","author":{"@id":"https:\/\/eldigitaldeasturias.com\/magazine365\/author\/admin\/#author"},"publisher":{"@id":"https:\/\/eldigitaldeasturias.com\/magazine365\/#organization"},"image":{"@type":"ImageObject","url":"https:\/\/eldigitaldeasturias.com\/magazine365\/wp-content\/uploads\/2015\/07\/fotonoticia_20150714123512_800.jpg","width":800,"height":488},"datePublished":"2015-07-14T13:59:17+02:00","dateModified":"2015-07-14T13:59:17+02:00","inLanguage":"es-ES","mainEntityOfPage":{"@id":"https:\/\/eldigitaldeasturias.com\/magazine365\/la-comunidad-valenciana-traslada-la-oferta-de-turismo-deportivo-a-la-feria-internacional-gothia-cup-de-estocolmo\/#webpage"},"isPartOf":{"@id":"https:\/\/eldigitaldeasturias.com\/magazine365\/la-comunidad-valenciana-traslada-la-oferta-de-turismo-deportivo-a-la-feria-internacional-gothia-cup-de-estocolmo\/#webpage"},"articleSection":"Actualidad Turismo"},{"@type":"BreadcrumbList","@id":"https:\/\/eldigitaldeasturias.com\/magazine365\/la-comunidad-valenciana-traslada-la-oferta-de-turismo-deportivo-a-la-feria-internacional-gothia-cup-de-estocolmo\/#breadcrumblist","itemListElement":[{"@type":"ListItem","@id":"https:\/\/eldigitaldeasturias.com\/magazine365#listItem","position":1,"name":"Home","item":"https:\/\/eldigitaldeasturias.com\/magazine365","nextItem":{"@type":"ListItem","@id":"https:\/\/eldigitaldeasturias.com\/magazine365\/category\/actualidad-turismo\/#listItem","name":"Actualidad Turismo"}},{"@type":"ListItem","@id":"https:\/\/eldigitaldeasturias.com\/magazine365\/category\/actualidad-turismo\/#listItem","position":2,"name":"Actualidad Turismo","item":"https:\/\/eldigitaldeasturias.com\/magazine365\/category\/actualidad-turismo\/","nextItem":{"@type":"ListItem","@id":"https:\/\/eldigitaldeasturias.com\/magazine365\/la-comunidad-valenciana-traslada-la-oferta-de-turismo-deportivo-a-la-feria-internacional-gothia-cup-de-estocolmo\/#listItem","name":"La Comunidad Valenciana traslada la oferta de turismo deportivo a la feria internacional &#8216;Gothia Cup&#8217; de Estocolmo"},"previousItem":{"@type":"ListItem","@id":"https:\/\/eldigitaldeasturias.com\/magazine365#listItem","name":"Home"}},{"@type":"ListItem","@id":"https:\/\/eldigitaldeasturias.com\/magazine365\/la-comunidad-valenciana-traslada-la-oferta-de-turismo-deportivo-a-la-feria-internacional-gothia-cup-de-estocolmo\/#listItem","position":3,"name":"La Comunidad Valenciana traslada la oferta de turismo deportivo a la feria internacional &#8216;Gothia Cup&#8217; de Estocolmo","previousItem":{"@type":"ListItem","@id":"https:\/\/eldigitaldeasturias.com\/magazine365\/category\/actualidad-turismo\/#listItem","name":"Actualidad Turismo"}}]},{"@type":"Organization","@id":"https:\/\/eldigitaldeasturias.com\/magazine365\/#organization","name":"El digital de Asturias","description":"Revista de ocio, turismo y estilo de vida","url":"https:\/\/eldigitaldeasturias.com\/magazine365\/","logo":{"@type":"ImageObject","url":"https:\/\/www.eldigitaldeasturias.com\/noticias\/wp-content\/uploads\/2020\/12\/EDA.jpg","@id":"https:\/\/eldigitaldeasturias.com\/magazine365\/la-comunidad-valenciana-traslada-la-oferta-de-turismo-deportivo-a-la-feria-internacional-gothia-cup-de-estocolmo\/#organizationLogo"},"image":{"@id":"https:\/\/eldigitaldeasturias.com\/magazine365\/la-comunidad-valenciana-traslada-la-oferta-de-turismo-deportivo-a-la-feria-internacional-gothia-cup-de-estocolmo\/#organizationLogo"}},{"@type":"Person","@id":"https:\/\/eldigitaldeasturias.com\/magazine365\/author\/admin\/#author","url":"https:\/\/eldigitaldeasturias.com\/magazine365\/author\/admin\/","name":"admin","image":{"@type":"ImageObject","@id":"https:\/\/eldigitaldeasturias.com\/magazine365\/la-comunidad-valenciana-traslada-la-oferta-de-turismo-deportivo-a-la-feria-internacional-gothia-cup-de-estocolmo\/#authorImage","url":"https:\/\/eldigitaldeasturias.com\/magazine365\/wp-content\/litespeed\/avatar\/e571bcf59a0edd6fa6838245a470f2fe.jpg?ver=1777574230","width":96,"height":96,"caption":"admin"}},{"@type":"WebPage","@id":"https:\/\/eldigitaldeasturias.com\/magazine365\/la-comunidad-valenciana-traslada-la-oferta-de-turismo-deportivo-a-la-feria-internacional-gothia-cup-de-estocolmo\/#webpage","url":"https:\/\/eldigitaldeasturias.com\/magazine365\/la-comunidad-valenciana-traslada-la-oferta-de-turismo-deportivo-a-la-feria-internacional-gothia-cup-de-estocolmo\/","name":"La Comunidad Valenciana traslada la oferta de turismo deportivo a la feria internacional \u2018Gothia Cup\u2019 de Estocolmo | El Digital de Asturias","description":"La Generalitat, a trav\u00e9s de la Ag\u00e8ncia Valenciana del Turisme, presenta la oferta de turismo deportivo de la Comunitat Valenciana en la feria Internacional 'Gothia Cup' que se celebra del 12 al 18 de julio en Estocolmo. 'Gothia Cup' es el torneo de f\u00fatbol juvenil \"m\u00e1s grande y m\u00e1s internacional del mundo\", ya que cada","inLanguage":"es-ES","isPartOf":{"@id":"https:\/\/eldigitaldeasturias.com\/magazine365\/#website"},"breadcrumb":{"@id":"https:\/\/eldigitaldeasturias.com\/magazine365\/la-comunidad-valenciana-traslada-la-oferta-de-turismo-deportivo-a-la-feria-internacional-gothia-cup-de-estocolmo\/#breadcrumblist"},"author":{"@id":"https:\/\/eldigitaldeasturias.com\/magazine365\/author\/admin\/#author"},"creator":{"@id":"https:\/\/eldigitaldeasturias.com\/magazine365\/author\/admin\/#author"},"image":{"@type":"ImageObject","url":"https:\/\/eldigitaldeasturias.com\/magazine365\/wp-content\/uploads\/2015\/07\/fotonoticia_20150714123512_800.jpg","@id":"https:\/\/eldigitaldeasturias.com\/magazine365\/la-comunidad-valenciana-traslada-la-oferta-de-turismo-deportivo-a-la-feria-internacional-gothia-cup-de-estocolmo\/#mainImage","width":800,"height":488},"primaryImageOfPage":{"@id":"https:\/\/eldigitaldeasturias.com\/magazine365\/la-comunidad-valenciana-traslada-la-oferta-de-turismo-deportivo-a-la-feria-internacional-gothia-cup-de-estocolmo\/#mainImage"},"datePublished":"2015-07-14T13:59:17+02:00","dateModified":"2015-07-14T13:59:17+02:00"},{"@type":"WebSite","@id":"https:\/\/eldigitaldeasturias.com\/magazine365\/#website","url":"https:\/\/eldigitaldeasturias.com\/magazine365\/","name":"El Digital de Asturias","description":"Revista de ocio, turismo y estilo de vida","inLanguage":"es-ES","publisher":{"@id":"https:\/\/eldigitaldeasturias.com\/magazine365\/#organization"}}]},"og:locale":"es_ES","og:site_name":"El Digital de Asturias \u2013 Revista de ocio, turismo y estilo de vida","og:type":"article","og:title":"La Comunidad Valenciana traslada la oferta de turismo deportivo a la feria internacional \u2018Gothia Cup\u2019 de Estocolmo | El Digital de Asturias","og:description":"La Generalitat, a trav\u00e9s de la Ag\u00e8ncia Valenciana del Turisme, presenta la oferta de turismo deportivo de la Comunitat Valenciana en la feria Internacional 'Gothia Cup' que se celebra del 12 al 18 de julio en Estocolmo. 'Gothia Cup' es el torneo de f\u00fatbol juvenil &quot;m\u00e1s grande y m\u00e1s internacional del mundo&quot;, ya que cada","og:url":"https:\/\/eldigitaldeasturias.com\/magazine365\/la-comunidad-valenciana-traslada-la-oferta-de-turismo-deportivo-a-la-feria-internacional-gothia-cup-de-estocolmo\/","og:image":"https:\/\/eldigitaldeasturias.com\/magazine365\/wp-content\/uploads\/2015\/07\/fotonoticia_20150714123512_800.jpg","og:image:secure_url":"https:\/\/eldigitaldeasturias.com\/magazine365\/wp-content\/uploads\/2015\/07\/fotonoticia_20150714123512_800.jpg","og:image:width":800,"og:image:height":488,"article:published_time":"2015-07-14T11:59:17+00:00","article:modified_time":"2015-07-14T11:59:17+00:00","twitter:card":"summary_large_image","twitter:title":"La Comunidad Valenciana traslada la oferta de turismo deportivo a la feria internacional \u2018Gothia Cup\u2019 de Estocolmo | El Digital de Asturias","twitter:description":"La Generalitat, a trav\u00e9s de la Ag\u00e8ncia Valenciana del Turisme, presenta la oferta de turismo deportivo de la Comunitat Valenciana en la feria Internacional 'Gothia Cup' que se celebra del 12 al 18 de julio en Estocolmo. 'Gothia Cup' es el torneo de f\u00fatbol juvenil &quot;m\u00e1s grande y m\u00e1s internacional del mundo&quot;, ya que cada","twitter:image":"https:\/\/eldigitaldeasturias.com\/magazine365\/wp-content\/uploads\/2015\/07\/fotonoticia_20150714123512_800.jpg"},"aioseo_meta_data":{"post_id":"42613","title":null,"description":null,"keywords":null,"keyphrases":null,"primary_term":null,"canonical_url":null,"og_title":null,"og_description":null,"og_object_type":"default","og_image_type":"default","og_image_url":null,"og_image_width":null,"og_image_height":null,"og_image_custom_url":null,"og_image_custom_fields":null,"og_video":null,"og_custom_url":null,"og_article_section":null,"og_article_tags":null,"twitter_use_og":false,"twitter_card":"default","twitter_image_type":"default","twitter_image_url":null,"twitter_image_custom_url":null,"twitter_image_custom_fields":null,"twitter_title":null,"twitter_description":null,"schema":{"blockGraphs":[],"customGraphs":[],"default":{"data":{"Article":[],"Course":[],"Dataset":[],"FAQPage":[],"Movie":[],"Person":[],"Product":[],"ProductReview":[],"Car":[],"Recipe":[],"Service":[],"SoftwareApplication":[],"WebPage":[]},"graphName":"","isEnabled":true},"graphs":[],"defaultGraph":"","defaultPostTypeGraph":""},"schema_type":null,"schema_type_options":null,"pillar_content":false,"robots_default":true,"robots_noindex":false,"robots_noarchive":false,"robots_nosnippet":false,"robots_nofollow":false,"robots_noimageindex":false,"robots_noodp":false,"robots_notranslate":false,"robots_max_snippet":null,"robots_max_videopreview":null,"robots_max_imagepreview":"large","priority":null,"frequency":null,"location":null,"local_seo":null,"seo_analyzer_scan_date":"2025-09-19 18:07:01","breadcrumb_settings":null,"limit_modified_date":false,"open_ai":null,"ai":null,"created":"2021-03-09 01:58:55","updated":"2025-09-19 18:07:01"},"aioseo_breadcrumb":"<div class=\"aioseo-breadcrumbs\"><span class=\"aioseo-breadcrumb\">\n\t<a href=\"https:\/\/eldigitaldeasturias.com\/magazine365\" title=\"Home\">Home<\/a>\n<\/span><span class=\"aioseo-breadcrumb-separator\">\u2013<\/span><span class=\"aioseo-breadcrumb\">\n\t<a href=\"https:\/\/eldigitaldeasturias.com\/magazine365\/category\/actualidad-turismo\/\" title=\"Actualidad Turismo\">Actualidad Turismo<\/a>\n<\/span><span class=\"aioseo-breadcrumb-separator\">\u2013<\/span><span class=\"aioseo-breadcrumb\">\n\t<a href=\"https:\/\/eldigitaldeasturias.com\/magazine365\/la-comunidad-valenciana-traslada-la-oferta-de-turismo-deportivo-a-la-feria-internacional-gothia-cup-de-estocolmo\/\" title=\"La Comunidad Valenciana traslada la oferta de turismo deportivo a la feria internacional \u2018Gothia Cup\u2019 de Estocolmo\">La Comunidad Valenciana traslada la oferta de turismo deportivo a la feria internacional \u2018Gothia Cup\u2019 de Estocolmo<\/a>\n<\/span><\/div>","aioseo_breadcrumb_json":[{"label":"Home","link":"https:\/\/eldigitaldeasturias.com\/magazine365"},{"label":"Actualidad Turismo","link":"https:\/\/eldigitaldeasturias.com\/magazine365\/category\/actualidad-turismo\/"},{"label":"La Comunidad Valenciana traslada la oferta de turismo deportivo a la feria internacional &#8216;Gothia Cup&#8217; de Estocolmo","link":"https:\/\/eldigitaldeasturias.com\/magazine365\/la-comunidad-valenciana-traslada-la-oferta-de-turismo-deportivo-a-la-feria-internacional-gothia-cup-de-estocolmo\/"}],"_links":{"self":[{"href":"https:\/\/eldigitaldeasturias.com\/magazine365\/wp-json\/wp\/v2\/posts\/42613","targetHints":{"allow":["GET"]}}],"collection":[{"href":"https:\/\/eldigitaldeasturias.com\/magazine365\/wp-json\/wp\/v2\/posts"}],"about":[{"href":"https:\/\/eldigitaldeasturias.com\/magazine365\/wp-json\/wp\/v2\/types\/post"}],"author":[{"embeddable":true,"href":"https:\/\/eldigitaldeasturias.com\/magazine365\/wp-json\/wp\/v2\/users\/1"}],"replies":[{"embeddable":true,"href":"https:\/\/eldigitaldeasturias.com\/magazine365\/wp-json\/wp\/v2\/comments?post=42613"}],"version-history":[{"count":0,"href":"https:\/\/eldigitaldeasturias.com\/magazine365\/wp-json\/wp\/v2\/posts\/42613\/revisions"}],"wp:featuredmedia":[{"embeddable":true,"href":"https:\/\/eldigitaldeasturias.com\/magazine365\/wp-json\/wp\/v2\/media\/42614"}],"wp:attachment":[{"href":"https:\/\/eldigitaldeasturias.com\/magazine365\/wp-json\/wp\/v2\/media?parent=42613"}],"wp:term":[{"taxonomy":"category","embeddable":true,"href":"https:\/\/eldigitaldeasturias.com\/magazine365\/wp-json\/wp\/v2\/categories?post=42613"},{"taxonomy":"post_tag","embeddable":true,"href":"https:\/\/eldigitaldeasturias.com\/magazine365\/wp-json\/wp\/v2\/tags?post=42613"}],"curies":[{"name":"wp","href":"https:\/\/api.w.org\/{rel}","templated":true}]}}