{"id":42610,"date":"2015-07-14T13:57:32","date_gmt":"2015-07-14T11:57:32","guid":{"rendered":"http:\/\/eldigitaldeasturias.com\/magazine365\/?p=42610"},"modified":"2015-07-14T13:57:32","modified_gmt":"2015-07-14T11:57:32","slug":"costas-recupera-el-borde-litoral-de-algeciras-con-una-limpieza-en-un-tramo-de-sus-margenes","status":"publish","type":"post","link":"https:\/\/eldigitaldeasturias.com\/magazine365\/costas-recupera-el-borde-litoral-de-algeciras-con-una-limpieza-en-un-tramo-de-sus-margenes\/","title":{"rendered":"Costas recupera el borde litoral de Algeciras con una limpieza en un tramo de sus m\u00e1rgenes"},"content":{"rendered":"<p><img fetchpriority=\"high\" decoding=\"async\" class=\"alignleft size-medium wp-image-42611\" src=\"https:\/\/eldigitaldeasturias.com\/magazine365\/wp-content\/uploads\/2015\/07\/fotonoticia_20150714123008_800-360x240.jpg\" alt=\"fotonoticia_20150714123008_800\" width=\"360\" height=\"240\" srcset=\"https:\/\/eldigitaldeasturias.com\/magazine365\/wp-content\/uploads\/2015\/07\/fotonoticia_20150714123008_800-360x240.jpg 360w, https:\/\/eldigitaldeasturias.com\/magazine365\/wp-content\/uploads\/2015\/07\/fotonoticia_20150714123008_800-650x433.jpg 650w, https:\/\/eldigitaldeasturias.com\/magazine365\/wp-content\/uploads\/2015\/07\/fotonoticia_20150714123008_800-768x512.jpg 768w, https:\/\/eldigitaldeasturias.com\/magazine365\/wp-content\/uploads\/2015\/07\/fotonoticia_20150714123008_800-150x100.jpg 150w, https:\/\/eldigitaldeasturias.com\/magazine365\/wp-content\/uploads\/2015\/07\/fotonoticia_20150714123008_800-450x300.jpg 450w, https:\/\/eldigitaldeasturias.com\/magazine365\/wp-content\/uploads\/2015\/07\/fotonoticia_20150714123008_800-696x464.jpg 696w, https:\/\/eldigitaldeasturias.com\/magazine365\/wp-content\/uploads\/2015\/07\/fotonoticia_20150714123008_800-630x420.jpg 630w, https:\/\/eldigitaldeasturias.com\/magazine365\/wp-content\/uploads\/2015\/07\/fotonoticia_20150714123008_800-84x55.jpg 84w, https:\/\/eldigitaldeasturias.com\/magazine365\/wp-content\/uploads\/2015\/07\/fotonoticia_20150714123008_800.jpg 800w\" sizes=\"(max-width: 360px) 100vw, 360px\" \/>La Demarcaci\u00f3n de Costas de Andaluc\u00eda-Atl\u00e1ntico est\u00e1 llevando a cabo la limpieza y retirada de residuos del borde litoral de Algeciras (C\u00e1diz), concretamente en el tramo comprendido entre la playa de Los Ladrillos y el puente de acceso al puerto algecire\u00f1o.<\/p>\n<p>Seg\u00fan indica la Subdelegaci\u00f3n del Gobierno en una nota, se trata de una porci\u00f3n de costa, de un kil\u00f3metro aproximadamente, en la que se hab\u00edan acumulado \u00abcantidades enormes de basura\u00bb, parte de la cual proced\u00eda de la actividad portuaria y de residuos provenientes de los buques que operan en la zona.<\/p>\n<p>El plazo para realizar esta actuaci\u00f3n es de dos semanas y cuenta con un presupuesto de 20.000 euros con cargo a la partida anual de mantenimiento.<\/p>\n<p>La semana pasada se celebr\u00f3 una reuni\u00f3n entre el alcalde de Algeciras, Jos\u00e9 Ignacio Landaluce (PP), y el titular de Costas, Patricio Poullet, en la que, entre otros asuntos de orden medioambiental, el alcalde solicit\u00f3 la intervenci\u00f3n del organismo estatal para mejorar el borde mar\u00edtimo y hacerlo m\u00e1s utilizable y sostenible, de forma que se facilite el tr\u00e1nsito de los ciudadanos y se consiga un mayor atractivo para el turismo.<\/p>\n","protected":false},"excerpt":{"rendered":"<p>La Demarcaci\u00f3n de Costas de Andaluc\u00eda-Atl\u00e1ntico est\u00e1 llevando a cabo la limpieza y retirada de residuos del borde litoral de Algeciras (C\u00e1diz), concretamente en el tramo comprendido entre la playa de Los Ladrillos y el puente de acceso al puerto algecire\u00f1o. Seg\u00fan indica la Subdelegaci\u00f3n del Gobierno en una nota, se trata de una porci\u00f3n<\/p>\n","protected":false},"author":1,"featured_media":42611,"comment_status":"open","ping_status":"closed","sticky":false,"template":"","format":"standard","meta":{"footnotes":""},"categories":[222],"tags":[],"class_list":{"0":"post-42610","1":"post","2":"type-post","3":"status-publish","4":"format-standard","5":"has-post-thumbnail","7":"category-actualidad-turismo"},"aioseo_notices":[],"aioseo_head":"\n\t\t<!-- All in One SEO Pro 4.9.6.1 - aioseo.com -->\n\t<meta name=\"description\" content=\"La Demarcaci\u00f3n de Costas de Andaluc\u00eda-Atl\u00e1ntico est\u00e1 llevando a cabo la limpieza y retirada de residuos del borde litoral de Algeciras (C\u00e1diz), concretamente en el tramo comprendido entre la playa de Los Ladrillos y el puente de acceso al puerto algecire\u00f1o. Seg\u00fan indica la Subdelegaci\u00f3n del Gobierno en una nota, se trata de una porci\u00f3n\" \/>\n\t<meta name=\"robots\" content=\"max-image-preview:large\" \/>\n\t<meta name=\"author\" content=\"admin\"\/>\n\t<meta name=\"google-site-verification\" content=\"UA-38556648-1\" \/>\n\t<meta name=\"keywords\" content=\"actualidad turismo\" \/>\n\t<link rel=\"canonical\" href=\"https:\/\/eldigitaldeasturias.com\/magazine365\/costas-recupera-el-borde-litoral-de-algeciras-con-una-limpieza-en-un-tramo-de-sus-margenes\/\" \/>\n\t<meta name=\"generator\" content=\"All in One SEO Pro (AIOSEO) 4.9.6.1\" \/>\n\t\t<meta property=\"og:locale\" content=\"es_ES\" \/>\n\t\t<meta property=\"og:site_name\" content=\"El Digital de Asturias \u2013 Revista de ocio, turismo y estilo de vida\" \/>\n\t\t<meta property=\"og:type\" content=\"article\" \/>\n\t\t<meta property=\"og:title\" content=\"Costas recupera el borde litoral de Algeciras con una limpieza en un tramo de sus m\u00e1rgenes | El Digital de Asturias\" \/>\n\t\t<meta property=\"og:description\" content=\"La Demarcaci\u00f3n de Costas de Andaluc\u00eda-Atl\u00e1ntico est\u00e1 llevando a cabo la limpieza y retirada de residuos del borde litoral de Algeciras (C\u00e1diz), concretamente en el tramo comprendido entre la playa de Los Ladrillos y el puente de acceso al puerto algecire\u00f1o. Seg\u00fan indica la Subdelegaci\u00f3n del Gobierno en una nota, se trata de una porci\u00f3n\" \/>\n\t\t<meta property=\"og:url\" content=\"https:\/\/eldigitaldeasturias.com\/magazine365\/costas-recupera-el-borde-litoral-de-algeciras-con-una-limpieza-en-un-tramo-de-sus-margenes\/\" \/>\n\t\t<meta property=\"og:image\" content=\"https:\/\/eldigitaldeasturias.com\/magazine365\/wp-content\/uploads\/2015\/07\/fotonoticia_20150714123008_800.jpg\" \/>\n\t\t<meta property=\"og:image:secure_url\" content=\"https:\/\/eldigitaldeasturias.com\/magazine365\/wp-content\/uploads\/2015\/07\/fotonoticia_20150714123008_800.jpg\" \/>\n\t\t<meta property=\"og:image:width\" content=\"800\" \/>\n\t\t<meta property=\"og:image:height\" content=\"533\" \/>\n\t\t<meta property=\"article:published_time\" content=\"2015-07-14T11:57:32+00:00\" \/>\n\t\t<meta property=\"article:modified_time\" content=\"2015-07-14T11:57:32+00:00\" \/>\n\t\t<meta name=\"twitter:card\" content=\"summary_large_image\" \/>\n\t\t<meta name=\"twitter:title\" content=\"Costas recupera el borde litoral de Algeciras con una limpieza en un tramo de sus m\u00e1rgenes | El Digital de Asturias\" \/>\n\t\t<meta name=\"twitter:description\" content=\"La Demarcaci\u00f3n de Costas de Andaluc\u00eda-Atl\u00e1ntico est\u00e1 llevando a cabo la limpieza y retirada de residuos del borde litoral de Algeciras (C\u00e1diz), concretamente en el tramo comprendido entre la playa de Los Ladrillos y el puente de acceso al puerto algecire\u00f1o. Seg\u00fan indica la Subdelegaci\u00f3n del Gobierno en una nota, se trata de una porci\u00f3n\" \/>\n\t\t<meta name=\"twitter:image\" content=\"https:\/\/eldigitaldeasturias.com\/magazine365\/wp-content\/uploads\/2015\/07\/fotonoticia_20150714123008_800.jpg\" \/>\n\t\t<script type=\"application\/ld+json\" class=\"aioseo-schema\">\n\t\t\t{\"@context\":\"https:\\\/\\\/schema.org\",\"@graph\":[{\"@type\":\"Article\",\"@id\":\"https:\\\/\\\/eldigitaldeasturias.com\\\/magazine365\\\/costas-recupera-el-borde-litoral-de-algeciras-con-una-limpieza-en-un-tramo-de-sus-margenes\\\/#article\",\"name\":\"Costas recupera el borde litoral de Algeciras con una limpieza en un tramo de sus m\\u00e1rgenes | El Digital de Asturias\",\"headline\":\"Costas recupera el borde litoral de Algeciras con una limpieza en un tramo de sus m\\u00e1rgenes\",\"author\":{\"@id\":\"https:\\\/\\\/eldigitaldeasturias.com\\\/magazine365\\\/author\\\/admin\\\/#author\"},\"publisher\":{\"@id\":\"https:\\\/\\\/eldigitaldeasturias.com\\\/magazine365\\\/#organization\"},\"image\":{\"@type\":\"ImageObject\",\"url\":\"https:\\\/\\\/eldigitaldeasturias.com\\\/magazine365\\\/wp-content\\\/uploads\\\/2015\\\/07\\\/fotonoticia_20150714123008_800.jpg\",\"width\":800,\"height\":533},\"datePublished\":\"2015-07-14T13:57:32+02:00\",\"dateModified\":\"2015-07-14T13:57:32+02:00\",\"inLanguage\":\"es-ES\",\"mainEntityOfPage\":{\"@id\":\"https:\\\/\\\/eldigitaldeasturias.com\\\/magazine365\\\/costas-recupera-el-borde-litoral-de-algeciras-con-una-limpieza-en-un-tramo-de-sus-margenes\\\/#webpage\"},\"isPartOf\":{\"@id\":\"https:\\\/\\\/eldigitaldeasturias.com\\\/magazine365\\\/costas-recupera-el-borde-litoral-de-algeciras-con-una-limpieza-en-un-tramo-de-sus-margenes\\\/#webpage\"},\"articleSection\":\"Actualidad Turismo\"},{\"@type\":\"BreadcrumbList\",\"@id\":\"https:\\\/\\\/eldigitaldeasturias.com\\\/magazine365\\\/costas-recupera-el-borde-litoral-de-algeciras-con-una-limpieza-en-un-tramo-de-sus-margenes\\\/#breadcrumblist\",\"itemListElement\":[{\"@type\":\"ListItem\",\"@id\":\"https:\\\/\\\/eldigitaldeasturias.com\\\/magazine365#listItem\",\"position\":1,\"name\":\"Home\",\"item\":\"https:\\\/\\\/eldigitaldeasturias.com\\\/magazine365\",\"nextItem\":{\"@type\":\"ListItem\",\"@id\":\"https:\\\/\\\/eldigitaldeasturias.com\\\/magazine365\\\/category\\\/actualidad-turismo\\\/#listItem\",\"name\":\"Actualidad Turismo\"}},{\"@type\":\"ListItem\",\"@id\":\"https:\\\/\\\/eldigitaldeasturias.com\\\/magazine365\\\/category\\\/actualidad-turismo\\\/#listItem\",\"position\":2,\"name\":\"Actualidad Turismo\",\"item\":\"https:\\\/\\\/eldigitaldeasturias.com\\\/magazine365\\\/category\\\/actualidad-turismo\\\/\",\"nextItem\":{\"@type\":\"ListItem\",\"@id\":\"https:\\\/\\\/eldigitaldeasturias.com\\\/magazine365\\\/costas-recupera-el-borde-litoral-de-algeciras-con-una-limpieza-en-un-tramo-de-sus-margenes\\\/#listItem\",\"name\":\"Costas recupera el borde litoral de Algeciras con una limpieza en un tramo de sus m\\u00e1rgenes\"},\"previousItem\":{\"@type\":\"ListItem\",\"@id\":\"https:\\\/\\\/eldigitaldeasturias.com\\\/magazine365#listItem\",\"name\":\"Home\"}},{\"@type\":\"ListItem\",\"@id\":\"https:\\\/\\\/eldigitaldeasturias.com\\\/magazine365\\\/costas-recupera-el-borde-litoral-de-algeciras-con-una-limpieza-en-un-tramo-de-sus-margenes\\\/#listItem\",\"position\":3,\"name\":\"Costas recupera el borde litoral de Algeciras con una limpieza en un tramo de sus m\\u00e1rgenes\",\"previousItem\":{\"@type\":\"ListItem\",\"@id\":\"https:\\\/\\\/eldigitaldeasturias.com\\\/magazine365\\\/category\\\/actualidad-turismo\\\/#listItem\",\"name\":\"Actualidad Turismo\"}}]},{\"@type\":\"Organization\",\"@id\":\"https:\\\/\\\/eldigitaldeasturias.com\\\/magazine365\\\/#organization\",\"name\":\"El digital de Asturias\",\"description\":\"Revista de ocio, turismo y estilo de vida\",\"url\":\"https:\\\/\\\/eldigitaldeasturias.com\\\/magazine365\\\/\",\"logo\":{\"@type\":\"ImageObject\",\"url\":\"https:\\\/\\\/www.eldigitaldeasturias.com\\\/noticias\\\/wp-content\\\/uploads\\\/2020\\\/12\\\/EDA.jpg\",\"@id\":\"https:\\\/\\\/eldigitaldeasturias.com\\\/magazine365\\\/costas-recupera-el-borde-litoral-de-algeciras-con-una-limpieza-en-un-tramo-de-sus-margenes\\\/#organizationLogo\"},\"image\":{\"@id\":\"https:\\\/\\\/eldigitaldeasturias.com\\\/magazine365\\\/costas-recupera-el-borde-litoral-de-algeciras-con-una-limpieza-en-un-tramo-de-sus-margenes\\\/#organizationLogo\"}},{\"@type\":\"Person\",\"@id\":\"https:\\\/\\\/eldigitaldeasturias.com\\\/magazine365\\\/author\\\/admin\\\/#author\",\"url\":\"https:\\\/\\\/eldigitaldeasturias.com\\\/magazine365\\\/author\\\/admin\\\/\",\"name\":\"admin\",\"image\":{\"@type\":\"ImageObject\",\"@id\":\"https:\\\/\\\/eldigitaldeasturias.com\\\/magazine365\\\/costas-recupera-el-borde-litoral-de-algeciras-con-una-limpieza-en-un-tramo-de-sus-margenes\\\/#authorImage\",\"url\":\"https:\\\/\\\/eldigitaldeasturias.com\\\/magazine365\\\/wp-content\\\/litespeed\\\/avatar\\\/e571bcf59a0edd6fa6838245a470f2fe.jpg?ver=1777574230\",\"width\":96,\"height\":96,\"caption\":\"admin\"}},{\"@type\":\"WebPage\",\"@id\":\"https:\\\/\\\/eldigitaldeasturias.com\\\/magazine365\\\/costas-recupera-el-borde-litoral-de-algeciras-con-una-limpieza-en-un-tramo-de-sus-margenes\\\/#webpage\",\"url\":\"https:\\\/\\\/eldigitaldeasturias.com\\\/magazine365\\\/costas-recupera-el-borde-litoral-de-algeciras-con-una-limpieza-en-un-tramo-de-sus-margenes\\\/\",\"name\":\"Costas recupera el borde litoral de Algeciras con una limpieza en un tramo de sus m\\u00e1rgenes | El Digital de Asturias\",\"description\":\"La Demarcaci\\u00f3n de Costas de Andaluc\\u00eda-Atl\\u00e1ntico est\\u00e1 llevando a cabo la limpieza y retirada de residuos del borde litoral de Algeciras (C\\u00e1diz), concretamente en el tramo comprendido entre la playa de Los Ladrillos y el puente de acceso al puerto algecire\\u00f1o. Seg\\u00fan indica la Subdelegaci\\u00f3n del Gobierno en una nota, se trata de una porci\\u00f3n\",\"inLanguage\":\"es-ES\",\"isPartOf\":{\"@id\":\"https:\\\/\\\/eldigitaldeasturias.com\\\/magazine365\\\/#website\"},\"breadcrumb\":{\"@id\":\"https:\\\/\\\/eldigitaldeasturias.com\\\/magazine365\\\/costas-recupera-el-borde-litoral-de-algeciras-con-una-limpieza-en-un-tramo-de-sus-margenes\\\/#breadcrumblist\"},\"author\":{\"@id\":\"https:\\\/\\\/eldigitaldeasturias.com\\\/magazine365\\\/author\\\/admin\\\/#author\"},\"creator\":{\"@id\":\"https:\\\/\\\/eldigitaldeasturias.com\\\/magazine365\\\/author\\\/admin\\\/#author\"},\"image\":{\"@type\":\"ImageObject\",\"url\":\"https:\\\/\\\/eldigitaldeasturias.com\\\/magazine365\\\/wp-content\\\/uploads\\\/2015\\\/07\\\/fotonoticia_20150714123008_800.jpg\",\"@id\":\"https:\\\/\\\/eldigitaldeasturias.com\\\/magazine365\\\/costas-recupera-el-borde-litoral-de-algeciras-con-una-limpieza-en-un-tramo-de-sus-margenes\\\/#mainImage\",\"width\":800,\"height\":533},\"primaryImageOfPage\":{\"@id\":\"https:\\\/\\\/eldigitaldeasturias.com\\\/magazine365\\\/costas-recupera-el-borde-litoral-de-algeciras-con-una-limpieza-en-un-tramo-de-sus-margenes\\\/#mainImage\"},\"datePublished\":\"2015-07-14T13:57:32+02:00\",\"dateModified\":\"2015-07-14T13:57:32+02:00\"},{\"@type\":\"WebSite\",\"@id\":\"https:\\\/\\\/eldigitaldeasturias.com\\\/magazine365\\\/#website\",\"url\":\"https:\\\/\\\/eldigitaldeasturias.com\\\/magazine365\\\/\",\"name\":\"El Digital de Asturias\",\"description\":\"Revista de ocio, turismo y estilo de vida\",\"inLanguage\":\"es-ES\",\"publisher\":{\"@id\":\"https:\\\/\\\/eldigitaldeasturias.com\\\/magazine365\\\/#organization\"}}]}\n\t\t<\/script>\n\t\t<!-- All in One SEO Pro -->\r\n\t\t<title>Costas recupera el borde litoral de Algeciras con una limpieza en un tramo de sus m\u00e1rgenes | El Digital de Asturias<\/title>\n\n","aioseo_head_json":{"title":"Costas recupera el borde litoral de Algeciras con una limpieza en un tramo de sus m\u00e1rgenes | El Digital de Asturias","description":"La Demarcaci\u00f3n de Costas de Andaluc\u00eda-Atl\u00e1ntico est\u00e1 llevando a cabo la limpieza y retirada de residuos del borde litoral de Algeciras (C\u00e1diz), concretamente en el tramo comprendido entre la playa de Los Ladrillos y el puente de acceso al puerto algecire\u00f1o. Seg\u00fan indica la Subdelegaci\u00f3n del Gobierno en una nota, se trata de una porci\u00f3n","canonical_url":"https:\/\/eldigitaldeasturias.com\/magazine365\/costas-recupera-el-borde-litoral-de-algeciras-con-una-limpieza-en-un-tramo-de-sus-margenes\/","robots":"max-image-preview:large","keywords":"actualidad turismo","webmasterTools":{"google-site-verification":"UA-38556648-1","miscellaneous":""},"schema":{"@context":"https:\/\/schema.org","@graph":[{"@type":"Article","@id":"https:\/\/eldigitaldeasturias.com\/magazine365\/costas-recupera-el-borde-litoral-de-algeciras-con-una-limpieza-en-un-tramo-de-sus-margenes\/#article","name":"Costas recupera el borde litoral de Algeciras con una limpieza en un tramo de sus m\u00e1rgenes | El Digital de Asturias","headline":"Costas recupera el borde litoral de Algeciras con una limpieza en un tramo de sus m\u00e1rgenes","author":{"@id":"https:\/\/eldigitaldeasturias.com\/magazine365\/author\/admin\/#author"},"publisher":{"@id":"https:\/\/eldigitaldeasturias.com\/magazine365\/#organization"},"image":{"@type":"ImageObject","url":"https:\/\/eldigitaldeasturias.com\/magazine365\/wp-content\/uploads\/2015\/07\/fotonoticia_20150714123008_800.jpg","width":800,"height":533},"datePublished":"2015-07-14T13:57:32+02:00","dateModified":"2015-07-14T13:57:32+02:00","inLanguage":"es-ES","mainEntityOfPage":{"@id":"https:\/\/eldigitaldeasturias.com\/magazine365\/costas-recupera-el-borde-litoral-de-algeciras-con-una-limpieza-en-un-tramo-de-sus-margenes\/#webpage"},"isPartOf":{"@id":"https:\/\/eldigitaldeasturias.com\/magazine365\/costas-recupera-el-borde-litoral-de-algeciras-con-una-limpieza-en-un-tramo-de-sus-margenes\/#webpage"},"articleSection":"Actualidad Turismo"},{"@type":"BreadcrumbList","@id":"https:\/\/eldigitaldeasturias.com\/magazine365\/costas-recupera-el-borde-litoral-de-algeciras-con-una-limpieza-en-un-tramo-de-sus-margenes\/#breadcrumblist","itemListElement":[{"@type":"ListItem","@id":"https:\/\/eldigitaldeasturias.com\/magazine365#listItem","position":1,"name":"Home","item":"https:\/\/eldigitaldeasturias.com\/magazine365","nextItem":{"@type":"ListItem","@id":"https:\/\/eldigitaldeasturias.com\/magazine365\/category\/actualidad-turismo\/#listItem","name":"Actualidad Turismo"}},{"@type":"ListItem","@id":"https:\/\/eldigitaldeasturias.com\/magazine365\/category\/actualidad-turismo\/#listItem","position":2,"name":"Actualidad Turismo","item":"https:\/\/eldigitaldeasturias.com\/magazine365\/category\/actualidad-turismo\/","nextItem":{"@type":"ListItem","@id":"https:\/\/eldigitaldeasturias.com\/magazine365\/costas-recupera-el-borde-litoral-de-algeciras-con-una-limpieza-en-un-tramo-de-sus-margenes\/#listItem","name":"Costas recupera el borde litoral de Algeciras con una limpieza en un tramo de sus m\u00e1rgenes"},"previousItem":{"@type":"ListItem","@id":"https:\/\/eldigitaldeasturias.com\/magazine365#listItem","name":"Home"}},{"@type":"ListItem","@id":"https:\/\/eldigitaldeasturias.com\/magazine365\/costas-recupera-el-borde-litoral-de-algeciras-con-una-limpieza-en-un-tramo-de-sus-margenes\/#listItem","position":3,"name":"Costas recupera el borde litoral de Algeciras con una limpieza en un tramo de sus m\u00e1rgenes","previousItem":{"@type":"ListItem","@id":"https:\/\/eldigitaldeasturias.com\/magazine365\/category\/actualidad-turismo\/#listItem","name":"Actualidad Turismo"}}]},{"@type":"Organization","@id":"https:\/\/eldigitaldeasturias.com\/magazine365\/#organization","name":"El digital de Asturias","description":"Revista de ocio, turismo y estilo de vida","url":"https:\/\/eldigitaldeasturias.com\/magazine365\/","logo":{"@type":"ImageObject","url":"https:\/\/www.eldigitaldeasturias.com\/noticias\/wp-content\/uploads\/2020\/12\/EDA.jpg","@id":"https:\/\/eldigitaldeasturias.com\/magazine365\/costas-recupera-el-borde-litoral-de-algeciras-con-una-limpieza-en-un-tramo-de-sus-margenes\/#organizationLogo"},"image":{"@id":"https:\/\/eldigitaldeasturias.com\/magazine365\/costas-recupera-el-borde-litoral-de-algeciras-con-una-limpieza-en-un-tramo-de-sus-margenes\/#organizationLogo"}},{"@type":"Person","@id":"https:\/\/eldigitaldeasturias.com\/magazine365\/author\/admin\/#author","url":"https:\/\/eldigitaldeasturias.com\/magazine365\/author\/admin\/","name":"admin","image":{"@type":"ImageObject","@id":"https:\/\/eldigitaldeasturias.com\/magazine365\/costas-recupera-el-borde-litoral-de-algeciras-con-una-limpieza-en-un-tramo-de-sus-margenes\/#authorImage","url":"https:\/\/eldigitaldeasturias.com\/magazine365\/wp-content\/litespeed\/avatar\/e571bcf59a0edd6fa6838245a470f2fe.jpg?ver=1777574230","width":96,"height":96,"caption":"admin"}},{"@type":"WebPage","@id":"https:\/\/eldigitaldeasturias.com\/magazine365\/costas-recupera-el-borde-litoral-de-algeciras-con-una-limpieza-en-un-tramo-de-sus-margenes\/#webpage","url":"https:\/\/eldigitaldeasturias.com\/magazine365\/costas-recupera-el-borde-litoral-de-algeciras-con-una-limpieza-en-un-tramo-de-sus-margenes\/","name":"Costas recupera el borde litoral de Algeciras con una limpieza en un tramo de sus m\u00e1rgenes | El Digital de Asturias","description":"La Demarcaci\u00f3n de Costas de Andaluc\u00eda-Atl\u00e1ntico est\u00e1 llevando a cabo la limpieza y retirada de residuos del borde litoral de Algeciras (C\u00e1diz), concretamente en el tramo comprendido entre la playa de Los Ladrillos y el puente de acceso al puerto algecire\u00f1o. Seg\u00fan indica la Subdelegaci\u00f3n del Gobierno en una nota, se trata de una porci\u00f3n","inLanguage":"es-ES","isPartOf":{"@id":"https:\/\/eldigitaldeasturias.com\/magazine365\/#website"},"breadcrumb":{"@id":"https:\/\/eldigitaldeasturias.com\/magazine365\/costas-recupera-el-borde-litoral-de-algeciras-con-una-limpieza-en-un-tramo-de-sus-margenes\/#breadcrumblist"},"author":{"@id":"https:\/\/eldigitaldeasturias.com\/magazine365\/author\/admin\/#author"},"creator":{"@id":"https:\/\/eldigitaldeasturias.com\/magazine365\/author\/admin\/#author"},"image":{"@type":"ImageObject","url":"https:\/\/eldigitaldeasturias.com\/magazine365\/wp-content\/uploads\/2015\/07\/fotonoticia_20150714123008_800.jpg","@id":"https:\/\/eldigitaldeasturias.com\/magazine365\/costas-recupera-el-borde-litoral-de-algeciras-con-una-limpieza-en-un-tramo-de-sus-margenes\/#mainImage","width":800,"height":533},"primaryImageOfPage":{"@id":"https:\/\/eldigitaldeasturias.com\/magazine365\/costas-recupera-el-borde-litoral-de-algeciras-con-una-limpieza-en-un-tramo-de-sus-margenes\/#mainImage"},"datePublished":"2015-07-14T13:57:32+02:00","dateModified":"2015-07-14T13:57:32+02:00"},{"@type":"WebSite","@id":"https:\/\/eldigitaldeasturias.com\/magazine365\/#website","url":"https:\/\/eldigitaldeasturias.com\/magazine365\/","name":"El Digital de Asturias","description":"Revista de ocio, turismo y estilo de vida","inLanguage":"es-ES","publisher":{"@id":"https:\/\/eldigitaldeasturias.com\/magazine365\/#organization"}}]},"og:locale":"es_ES","og:site_name":"El Digital de Asturias \u2013 Revista de ocio, turismo y estilo de vida","og:type":"article","og:title":"Costas recupera el borde litoral de Algeciras con una limpieza en un tramo de sus m\u00e1rgenes | El Digital de Asturias","og:description":"La Demarcaci\u00f3n de Costas de Andaluc\u00eda-Atl\u00e1ntico est\u00e1 llevando a cabo la limpieza y retirada de residuos del borde litoral de Algeciras (C\u00e1diz), concretamente en el tramo comprendido entre la playa de Los Ladrillos y el puente de acceso al puerto algecire\u00f1o. Seg\u00fan indica la Subdelegaci\u00f3n del Gobierno en una nota, se trata de una porci\u00f3n","og:url":"https:\/\/eldigitaldeasturias.com\/magazine365\/costas-recupera-el-borde-litoral-de-algeciras-con-una-limpieza-en-un-tramo-de-sus-margenes\/","og:image":"https:\/\/eldigitaldeasturias.com\/magazine365\/wp-content\/uploads\/2015\/07\/fotonoticia_20150714123008_800.jpg","og:image:secure_url":"https:\/\/eldigitaldeasturias.com\/magazine365\/wp-content\/uploads\/2015\/07\/fotonoticia_20150714123008_800.jpg","og:image:width":800,"og:image:height":533,"article:published_time":"2015-07-14T11:57:32+00:00","article:modified_time":"2015-07-14T11:57:32+00:00","twitter:card":"summary_large_image","twitter:title":"Costas recupera el borde litoral de Algeciras con una limpieza en un tramo de sus m\u00e1rgenes | El Digital de Asturias","twitter:description":"La Demarcaci\u00f3n de Costas de Andaluc\u00eda-Atl\u00e1ntico est\u00e1 llevando a cabo la limpieza y retirada de residuos del borde litoral de Algeciras (C\u00e1diz), concretamente en el tramo comprendido entre la playa de Los Ladrillos y el puente de acceso al puerto algecire\u00f1o. Seg\u00fan indica la Subdelegaci\u00f3n del Gobierno en una nota, se trata de una porci\u00f3n","twitter:image":"https:\/\/eldigitaldeasturias.com\/magazine365\/wp-content\/uploads\/2015\/07\/fotonoticia_20150714123008_800.jpg"},"aioseo_meta_data":{"post_id":"42610","title":null,"description":null,"keywords":null,"keyphrases":null,"primary_term":null,"canonical_url":null,"og_title":null,"og_description":null,"og_object_type":"default","og_image_type":"default","og_image_url":null,"og_image_width":null,"og_image_height":null,"og_image_custom_url":null,"og_image_custom_fields":null,"og_video":null,"og_custom_url":null,"og_article_section":null,"og_article_tags":null,"twitter_use_og":false,"twitter_card":"default","twitter_image_type":"default","twitter_image_url":null,"twitter_image_custom_url":null,"twitter_image_custom_fields":null,"twitter_title":null,"twitter_description":null,"schema":{"blockGraphs":[],"customGraphs":[],"default":{"data":{"Article":[],"Course":[],"Dataset":[],"FAQPage":[],"Movie":[],"Person":[],"Product":[],"ProductReview":[],"Car":[],"Recipe":[],"Service":[],"SoftwareApplication":[],"WebPage":[]},"graphName":"","isEnabled":true},"graphs":[],"defaultGraph":"","defaultPostTypeGraph":""},"schema_type":null,"schema_type_options":null,"pillar_content":false,"robots_default":true,"robots_noindex":false,"robots_noarchive":false,"robots_nosnippet":false,"robots_nofollow":false,"robots_noimageindex":false,"robots_noodp":false,"robots_notranslate":false,"robots_max_snippet":null,"robots_max_videopreview":null,"robots_max_imagepreview":"large","priority":null,"frequency":null,"location":null,"local_seo":null,"seo_analyzer_scan_date":"2025-09-19 18:05:18","breadcrumb_settings":null,"limit_modified_date":false,"open_ai":null,"ai":null,"created":"2021-03-09 01:58:55","updated":"2025-09-19 18:05:18"},"aioseo_breadcrumb":"<div class=\"aioseo-breadcrumbs\"><span class=\"aioseo-breadcrumb\">\n\t<a href=\"https:\/\/eldigitaldeasturias.com\/magazine365\" title=\"Home\">Home<\/a>\n<\/span><span class=\"aioseo-breadcrumb-separator\">\u2013<\/span><span class=\"aioseo-breadcrumb\">\n\t<a href=\"https:\/\/eldigitaldeasturias.com\/magazine365\/category\/actualidad-turismo\/\" title=\"Actualidad Turismo\">Actualidad Turismo<\/a>\n<\/span><span class=\"aioseo-breadcrumb-separator\">\u2013<\/span><span class=\"aioseo-breadcrumb\">\n\t<a href=\"https:\/\/eldigitaldeasturias.com\/magazine365\/costas-recupera-el-borde-litoral-de-algeciras-con-una-limpieza-en-un-tramo-de-sus-margenes\/\" title=\"Costas recupera el borde litoral de Algeciras con una limpieza en un tramo de sus m\u00e1rgenes\">Costas recupera el borde litoral de Algeciras con una limpieza en un tramo de sus m\u00e1rgenes<\/a>\n<\/span><\/div>","aioseo_breadcrumb_json":[{"label":"Home","link":"https:\/\/eldigitaldeasturias.com\/magazine365"},{"label":"Actualidad Turismo","link":"https:\/\/eldigitaldeasturias.com\/magazine365\/category\/actualidad-turismo\/"},{"label":"Costas recupera el borde litoral de Algeciras con una limpieza en un tramo de sus m\u00e1rgenes","link":"https:\/\/eldigitaldeasturias.com\/magazine365\/costas-recupera-el-borde-litoral-de-algeciras-con-una-limpieza-en-un-tramo-de-sus-margenes\/"}],"_links":{"self":[{"href":"https:\/\/eldigitaldeasturias.com\/magazine365\/wp-json\/wp\/v2\/posts\/42610","targetHints":{"allow":["GET"]}}],"collection":[{"href":"https:\/\/eldigitaldeasturias.com\/magazine365\/wp-json\/wp\/v2\/posts"}],"about":[{"href":"https:\/\/eldigitaldeasturias.com\/magazine365\/wp-json\/wp\/v2\/types\/post"}],"author":[{"embeddable":true,"href":"https:\/\/eldigitaldeasturias.com\/magazine365\/wp-json\/wp\/v2\/users\/1"}],"replies":[{"embeddable":true,"href":"https:\/\/eldigitaldeasturias.com\/magazine365\/wp-json\/wp\/v2\/comments?post=42610"}],"version-history":[{"count":0,"href":"https:\/\/eldigitaldeasturias.com\/magazine365\/wp-json\/wp\/v2\/posts\/42610\/revisions"}],"wp:featuredmedia":[{"embeddable":true,"href":"https:\/\/eldigitaldeasturias.com\/magazine365\/wp-json\/wp\/v2\/media\/42611"}],"wp:attachment":[{"href":"https:\/\/eldigitaldeasturias.com\/magazine365\/wp-json\/wp\/v2\/media?parent=42610"}],"wp:term":[{"taxonomy":"category","embeddable":true,"href":"https:\/\/eldigitaldeasturias.com\/magazine365\/wp-json\/wp\/v2\/categories?post=42610"},{"taxonomy":"post_tag","embeddable":true,"href":"https:\/\/eldigitaldeasturias.com\/magazine365\/wp-json\/wp\/v2\/tags?post=42610"}],"curies":[{"name":"wp","href":"https:\/\/api.w.org\/{rel}","templated":true}]}}