{"id":42607,"date":"2015-07-14T13:56:18","date_gmt":"2015-07-14T11:56:18","guid":{"rendered":"http:\/\/eldigitaldeasturias.com\/magazine365\/?p=42607"},"modified":"2015-07-14T13:56:18","modified_gmt":"2015-07-14T11:56:18","slug":"fernandez-ofrece-respaldo-para-potenciar-a-ubeda-y-baeza-como-un-binomio-de-turismo-de-calidad","status":"publish","type":"post","link":"https:\/\/eldigitaldeasturias.com\/magazine365\/fernandez-ofrece-respaldo-para-potenciar-a-ubeda-y-baeza-como-un-binomio-de-turismo-de-calidad\/","title":{"rendered":"Fern\u00e1ndez ofrece respaldo para potenciar a \u00dabeda y Baeza como un \u00abbinomio de turismo de calidad\u00bb"},"content":{"rendered":"<p><img fetchpriority=\"high\" decoding=\"async\" class=\"alignleft size-medium wp-image-42608\" src=\"https:\/\/eldigitaldeasturias.com\/magazine365\/wp-content\/uploads\/2015\/07\/fotonoticia_20150714122440_800-360x269.jpg\" alt=\"fotonoticia_20150714122440_800\" width=\"360\" height=\"269\" srcset=\"https:\/\/eldigitaldeasturias.com\/magazine365\/wp-content\/uploads\/2015\/07\/fotonoticia_20150714122440_800-360x269.jpg 360w, https:\/\/eldigitaldeasturias.com\/magazine365\/wp-content\/uploads\/2015\/07\/fotonoticia_20150714122440_800-650x486.jpg 650w, https:\/\/eldigitaldeasturias.com\/magazine365\/wp-content\/uploads\/2015\/07\/fotonoticia_20150714122440_800-768x574.jpg 768w, https:\/\/eldigitaldeasturias.com\/magazine365\/wp-content\/uploads\/2015\/07\/fotonoticia_20150714122440_800-150x112.jpg 150w, https:\/\/eldigitaldeasturias.com\/magazine365\/wp-content\/uploads\/2015\/07\/fotonoticia_20150714122440_800-450x336.jpg 450w, https:\/\/eldigitaldeasturias.com\/magazine365\/wp-content\/uploads\/2015\/07\/fotonoticia_20150714122440_800-80x60.jpg 80w, https:\/\/eldigitaldeasturias.com\/magazine365\/wp-content\/uploads\/2015\/07\/fotonoticia_20150714122440_800-265x198.jpg 265w, https:\/\/eldigitaldeasturias.com\/magazine365\/wp-content\/uploads\/2015\/07\/fotonoticia_20150714122440_800-696x520.jpg 696w, https:\/\/eldigitaldeasturias.com\/magazine365\/wp-content\/uploads\/2015\/07\/fotonoticia_20150714122440_800-562x420.jpg 562w, https:\/\/eldigitaldeasturias.com\/magazine365\/wp-content\/uploads\/2015\/07\/fotonoticia_20150714122440_800-90x67.jpg 90w, https:\/\/eldigitaldeasturias.com\/magazine365\/wp-content\/uploads\/2015\/07\/fotonoticia_20150714122440_800-100x75.jpg 100w, https:\/\/eldigitaldeasturias.com\/magazine365\/wp-content\/uploads\/2015\/07\/fotonoticia_20150714122440_800.jpg 800w\" sizes=\"(max-width: 360px) 100vw, 360px\" \/>El consejero de Turismo y Deporte, Francisco Javier Fern\u00e1ndez, ha ofrecido este lunes la colaboraci\u00f3n de la Administraci\u00f3n auton\u00f3mica para potenciar a \u00dabeda y Baeza (Ja\u00e9n) como un \u00abbinomio de turismo de calidad\u00bb que permita poner en valor la catalogaci\u00f3n de estas ciudades como Patrimonio de la Humanidad, as\u00ed como crear una oferta potente que \u00absirva de complemento a otros destinos\u00bb jiennenses y andaluces.<\/p>\n<p>Fern\u00e1ndez, seg\u00fan ha informado la Junta, se reuni\u00f3 con las alcaldesas de \u00dabeza y Baeza, Antonia Olivares y Lola Mar\u00edn, respectivamente, y ha realizado un recorrido por los principales puntos de inter\u00e9s ubetenses.<\/p>\n<p>En este sentido, explic\u00f3 que la visita le sirvi\u00f3 \u00abpara confirmar el potencial de estas ciudades y su patrimonio\u00bb como atractivo tur\u00edstico, por lo que ha apostado por \u00abseguir desarrollando una actividad econ\u00f3mica generadora de empleo\u00bb.<\/p>\n<p>Por ello, el consejero ha abierto la puertas a \u00abposibles colaboraciones\u00bb entre la Junta y los ayuntamientos de las dos localidades con las que poner en valor su patrimonio y potenciarlas como un \u00abbinomio de turismo de calidad que sirva de complemento a otros destinos\u00bb.<\/p>\n<p>A este respecto, avanz\u00f3 la celebraci\u00f3n de encuentros de trabajo con la participaci\u00f3n de los equipos t\u00e9cnicos de la Consejer\u00eda para analizar esta cooperaci\u00f3n.<\/p>\n<p>Adem\u00e1s, durante su recorrido, Francisco Javier Fern\u00e1ndez visit\u00f3 las instalaciones del hotel Palacio de \u00dabeda, el primer establecimiento de categor\u00eda de cinco estrellas gran lujo de la provincia de Ja\u00e9n y que, seg\u00fan destac\u00f3, ser\u00e1 un nuevo referente tur\u00edstico de calidad para este destino.<\/p>\n<p>El hotel tiene capacidad para 81 plazas y consta de 38 habitaciones (16 dobles, 5 triples, dos suites y 15 suites junior).<\/p>\n<p>Finalmente, el consejero se reuni\u00f3 con empresarios y agentes de la zona para, seg\u00fan ha explicado, \u00abescuchar lo que tiene que proponer aquellos que son protagonistas y actores del sector tur\u00edstico\u00bb en este destino. \u00abHe venido a escuchar sus demandas y sus propuestas para, a partir de ello, hacer de \u00e9ste un espacio de excelencia\u00bb, ha concluido.<\/p>\n","protected":false},"excerpt":{"rendered":"<p>El consejero de Turismo y Deporte, Francisco Javier Fern\u00e1ndez, ha ofrecido este lunes la colaboraci\u00f3n de la Administraci\u00f3n auton\u00f3mica para potenciar a \u00dabeda y Baeza (Ja\u00e9n) como un \u00abbinomio de turismo de calidad\u00bb que permita poner en valor la catalogaci\u00f3n de estas ciudades como Patrimonio de la Humanidad, as\u00ed como crear una oferta potente que<\/p>\n","protected":false},"author":1,"featured_media":42608,"comment_status":"open","ping_status":"closed","sticky":false,"template":"","format":"standard","meta":{"footnotes":""},"categories":[222],"tags":[],"class_list":{"0":"post-42607","1":"post","2":"type-post","3":"status-publish","4":"format-standard","5":"has-post-thumbnail","7":"category-actualidad-turismo"},"aioseo_notices":[],"aioseo_head":"\n\t\t<!-- All in One SEO Pro 4.9.6.1 - aioseo.com -->\n\t<meta name=\"description\" content=\"El consejero de Turismo y Deporte, Francisco Javier Fern\u00e1ndez, ha ofrecido este lunes la colaboraci\u00f3n de la Administraci\u00f3n auton\u00f3mica para potenciar a \u00dabeda y Baeza (Ja\u00e9n) como un &quot;binomio de turismo de calidad&quot; que permita poner en valor la catalogaci\u00f3n de estas ciudades como Patrimonio de la Humanidad, as\u00ed como crear una oferta potente que\" \/>\n\t<meta name=\"robots\" content=\"max-image-preview:large\" \/>\n\t<meta name=\"author\" content=\"admin\"\/>\n\t<meta name=\"google-site-verification\" content=\"UA-38556648-1\" \/>\n\t<meta name=\"keywords\" content=\"actualidad turismo\" \/>\n\t<link rel=\"canonical\" href=\"https:\/\/eldigitaldeasturias.com\/magazine365\/fernandez-ofrece-respaldo-para-potenciar-a-ubeda-y-baeza-como-un-binomio-de-turismo-de-calidad\/\" \/>\n\t<meta name=\"generator\" content=\"All in One SEO Pro (AIOSEO) 4.9.6.1\" \/>\n\t\t<meta property=\"og:locale\" content=\"es_ES\" \/>\n\t\t<meta property=\"og:site_name\" content=\"El Digital de Asturias \u2013 Revista de ocio, turismo y estilo de vida\" \/>\n\t\t<meta property=\"og:type\" content=\"article\" \/>\n\t\t<meta property=\"og:title\" content=\"Fern\u00e1ndez ofrece respaldo para potenciar a \u00dabeda y Baeza como un \u00abbinomio de turismo de calidad\u00bb | El Digital de Asturias\" \/>\n\t\t<meta property=\"og:description\" content=\"El consejero de Turismo y Deporte, Francisco Javier Fern\u00e1ndez, ha ofrecido este lunes la colaboraci\u00f3n de la Administraci\u00f3n auton\u00f3mica para potenciar a \u00dabeda y Baeza (Ja\u00e9n) como un &quot;binomio de turismo de calidad&quot; que permita poner en valor la catalogaci\u00f3n de estas ciudades como Patrimonio de la Humanidad, as\u00ed como crear una oferta potente que\" \/>\n\t\t<meta property=\"og:url\" content=\"https:\/\/eldigitaldeasturias.com\/magazine365\/fernandez-ofrece-respaldo-para-potenciar-a-ubeda-y-baeza-como-un-binomio-de-turismo-de-calidad\/\" \/>\n\t\t<meta property=\"og:image\" content=\"https:\/\/eldigitaldeasturias.com\/magazine365\/wp-content\/uploads\/2015\/07\/fotonoticia_20150714122440_800.jpg\" \/>\n\t\t<meta property=\"og:image:secure_url\" content=\"https:\/\/eldigitaldeasturias.com\/magazine365\/wp-content\/uploads\/2015\/07\/fotonoticia_20150714122440_800.jpg\" \/>\n\t\t<meta property=\"og:image:width\" content=\"800\" \/>\n\t\t<meta property=\"og:image:height\" content=\"598\" \/>\n\t\t<meta property=\"article:published_time\" content=\"2015-07-14T11:56:18+00:00\" \/>\n\t\t<meta property=\"article:modified_time\" content=\"2015-07-14T11:56:18+00:00\" \/>\n\t\t<meta name=\"twitter:card\" content=\"summary_large_image\" \/>\n\t\t<meta name=\"twitter:title\" content=\"Fern\u00e1ndez ofrece respaldo para potenciar a \u00dabeda y Baeza como un \u00abbinomio de turismo de calidad\u00bb | El Digital de Asturias\" \/>\n\t\t<meta name=\"twitter:description\" content=\"El consejero de Turismo y Deporte, Francisco Javier Fern\u00e1ndez, ha ofrecido este lunes la colaboraci\u00f3n de la Administraci\u00f3n auton\u00f3mica para potenciar a \u00dabeda y Baeza (Ja\u00e9n) como un &quot;binomio de turismo de calidad&quot; que permita poner en valor la catalogaci\u00f3n de estas ciudades como Patrimonio de la Humanidad, as\u00ed como crear una oferta potente que\" \/>\n\t\t<meta name=\"twitter:image\" content=\"https:\/\/eldigitaldeasturias.com\/magazine365\/wp-content\/uploads\/2015\/07\/fotonoticia_20150714122440_800.jpg\" \/>\n\t\t<script type=\"application\/ld+json\" class=\"aioseo-schema\">\n\t\t\t{\"@context\":\"https:\\\/\\\/schema.org\",\"@graph\":[{\"@type\":\"Article\",\"@id\":\"https:\\\/\\\/eldigitaldeasturias.com\\\/magazine365\\\/fernandez-ofrece-respaldo-para-potenciar-a-ubeda-y-baeza-como-un-binomio-de-turismo-de-calidad\\\/#article\",\"name\":\"Fern\\u00e1ndez ofrece respaldo para potenciar a \\u00dabeda y Baeza como un \\u00abbinomio de turismo de calidad\\u00bb | El Digital de Asturias\",\"headline\":\"Fern\\u00e1ndez ofrece respaldo para potenciar a \\u00dabeda y Baeza como un \\u00abbinomio de turismo de calidad\\u00bb\",\"author\":{\"@id\":\"https:\\\/\\\/eldigitaldeasturias.com\\\/magazine365\\\/author\\\/admin\\\/#author\"},\"publisher\":{\"@id\":\"https:\\\/\\\/eldigitaldeasturias.com\\\/magazine365\\\/#organization\"},\"image\":{\"@type\":\"ImageObject\",\"url\":\"https:\\\/\\\/eldigitaldeasturias.com\\\/magazine365\\\/wp-content\\\/uploads\\\/2015\\\/07\\\/fotonoticia_20150714122440_800.jpg\",\"width\":800,\"height\":598},\"datePublished\":\"2015-07-14T13:56:18+02:00\",\"dateModified\":\"2015-07-14T13:56:18+02:00\",\"inLanguage\":\"es-ES\",\"mainEntityOfPage\":{\"@id\":\"https:\\\/\\\/eldigitaldeasturias.com\\\/magazine365\\\/fernandez-ofrece-respaldo-para-potenciar-a-ubeda-y-baeza-como-un-binomio-de-turismo-de-calidad\\\/#webpage\"},\"isPartOf\":{\"@id\":\"https:\\\/\\\/eldigitaldeasturias.com\\\/magazine365\\\/fernandez-ofrece-respaldo-para-potenciar-a-ubeda-y-baeza-como-un-binomio-de-turismo-de-calidad\\\/#webpage\"},\"articleSection\":\"Actualidad Turismo\"},{\"@type\":\"BreadcrumbList\",\"@id\":\"https:\\\/\\\/eldigitaldeasturias.com\\\/magazine365\\\/fernandez-ofrece-respaldo-para-potenciar-a-ubeda-y-baeza-como-un-binomio-de-turismo-de-calidad\\\/#breadcrumblist\",\"itemListElement\":[{\"@type\":\"ListItem\",\"@id\":\"https:\\\/\\\/eldigitaldeasturias.com\\\/magazine365#listItem\",\"position\":1,\"name\":\"Home\",\"item\":\"https:\\\/\\\/eldigitaldeasturias.com\\\/magazine365\",\"nextItem\":{\"@type\":\"ListItem\",\"@id\":\"https:\\\/\\\/eldigitaldeasturias.com\\\/magazine365\\\/category\\\/actualidad-turismo\\\/#listItem\",\"name\":\"Actualidad Turismo\"}},{\"@type\":\"ListItem\",\"@id\":\"https:\\\/\\\/eldigitaldeasturias.com\\\/magazine365\\\/category\\\/actualidad-turismo\\\/#listItem\",\"position\":2,\"name\":\"Actualidad Turismo\",\"item\":\"https:\\\/\\\/eldigitaldeasturias.com\\\/magazine365\\\/category\\\/actualidad-turismo\\\/\",\"nextItem\":{\"@type\":\"ListItem\",\"@id\":\"https:\\\/\\\/eldigitaldeasturias.com\\\/magazine365\\\/fernandez-ofrece-respaldo-para-potenciar-a-ubeda-y-baeza-como-un-binomio-de-turismo-de-calidad\\\/#listItem\",\"name\":\"Fern\\u00e1ndez ofrece respaldo para potenciar a \\u00dabeda y Baeza como un \\u00abbinomio de turismo de calidad\\u00bb\"},\"previousItem\":{\"@type\":\"ListItem\",\"@id\":\"https:\\\/\\\/eldigitaldeasturias.com\\\/magazine365#listItem\",\"name\":\"Home\"}},{\"@type\":\"ListItem\",\"@id\":\"https:\\\/\\\/eldigitaldeasturias.com\\\/magazine365\\\/fernandez-ofrece-respaldo-para-potenciar-a-ubeda-y-baeza-como-un-binomio-de-turismo-de-calidad\\\/#listItem\",\"position\":3,\"name\":\"Fern\\u00e1ndez ofrece respaldo para potenciar a \\u00dabeda y Baeza como un \\u00abbinomio de turismo de calidad\\u00bb\",\"previousItem\":{\"@type\":\"ListItem\",\"@id\":\"https:\\\/\\\/eldigitaldeasturias.com\\\/magazine365\\\/category\\\/actualidad-turismo\\\/#listItem\",\"name\":\"Actualidad Turismo\"}}]},{\"@type\":\"Organization\",\"@id\":\"https:\\\/\\\/eldigitaldeasturias.com\\\/magazine365\\\/#organization\",\"name\":\"El digital de Asturias\",\"description\":\"Revista de ocio, turismo y estilo de vida\",\"url\":\"https:\\\/\\\/eldigitaldeasturias.com\\\/magazine365\\\/\",\"logo\":{\"@type\":\"ImageObject\",\"url\":\"https:\\\/\\\/www.eldigitaldeasturias.com\\\/noticias\\\/wp-content\\\/uploads\\\/2020\\\/12\\\/EDA.jpg\",\"@id\":\"https:\\\/\\\/eldigitaldeasturias.com\\\/magazine365\\\/fernandez-ofrece-respaldo-para-potenciar-a-ubeda-y-baeza-como-un-binomio-de-turismo-de-calidad\\\/#organizationLogo\"},\"image\":{\"@id\":\"https:\\\/\\\/eldigitaldeasturias.com\\\/magazine365\\\/fernandez-ofrece-respaldo-para-potenciar-a-ubeda-y-baeza-como-un-binomio-de-turismo-de-calidad\\\/#organizationLogo\"}},{\"@type\":\"Person\",\"@id\":\"https:\\\/\\\/eldigitaldeasturias.com\\\/magazine365\\\/author\\\/admin\\\/#author\",\"url\":\"https:\\\/\\\/eldigitaldeasturias.com\\\/magazine365\\\/author\\\/admin\\\/\",\"name\":\"admin\",\"image\":{\"@type\":\"ImageObject\",\"@id\":\"https:\\\/\\\/eldigitaldeasturias.com\\\/magazine365\\\/fernandez-ofrece-respaldo-para-potenciar-a-ubeda-y-baeza-como-un-binomio-de-turismo-de-calidad\\\/#authorImage\",\"url\":\"https:\\\/\\\/eldigitaldeasturias.com\\\/magazine365\\\/wp-content\\\/litespeed\\\/avatar\\\/e571bcf59a0edd6fa6838245a470f2fe.jpg?ver=1777574230\",\"width\":96,\"height\":96,\"caption\":\"admin\"}},{\"@type\":\"WebPage\",\"@id\":\"https:\\\/\\\/eldigitaldeasturias.com\\\/magazine365\\\/fernandez-ofrece-respaldo-para-potenciar-a-ubeda-y-baeza-como-un-binomio-de-turismo-de-calidad\\\/#webpage\",\"url\":\"https:\\\/\\\/eldigitaldeasturias.com\\\/magazine365\\\/fernandez-ofrece-respaldo-para-potenciar-a-ubeda-y-baeza-como-un-binomio-de-turismo-de-calidad\\\/\",\"name\":\"Fern\\u00e1ndez ofrece respaldo para potenciar a \\u00dabeda y Baeza como un \\u00abbinomio de turismo de calidad\\u00bb | El Digital de Asturias\",\"description\":\"El consejero de Turismo y Deporte, Francisco Javier Fern\\u00e1ndez, ha ofrecido este lunes la colaboraci\\u00f3n de la Administraci\\u00f3n auton\\u00f3mica para potenciar a \\u00dabeda y Baeza (Ja\\u00e9n) como un \\\"binomio de turismo de calidad\\\" que permita poner en valor la catalogaci\\u00f3n de estas ciudades como Patrimonio de la Humanidad, as\\u00ed como crear una oferta potente que\",\"inLanguage\":\"es-ES\",\"isPartOf\":{\"@id\":\"https:\\\/\\\/eldigitaldeasturias.com\\\/magazine365\\\/#website\"},\"breadcrumb\":{\"@id\":\"https:\\\/\\\/eldigitaldeasturias.com\\\/magazine365\\\/fernandez-ofrece-respaldo-para-potenciar-a-ubeda-y-baeza-como-un-binomio-de-turismo-de-calidad\\\/#breadcrumblist\"},\"author\":{\"@id\":\"https:\\\/\\\/eldigitaldeasturias.com\\\/magazine365\\\/author\\\/admin\\\/#author\"},\"creator\":{\"@id\":\"https:\\\/\\\/eldigitaldeasturias.com\\\/magazine365\\\/author\\\/admin\\\/#author\"},\"image\":{\"@type\":\"ImageObject\",\"url\":\"https:\\\/\\\/eldigitaldeasturias.com\\\/magazine365\\\/wp-content\\\/uploads\\\/2015\\\/07\\\/fotonoticia_20150714122440_800.jpg\",\"@id\":\"https:\\\/\\\/eldigitaldeasturias.com\\\/magazine365\\\/fernandez-ofrece-respaldo-para-potenciar-a-ubeda-y-baeza-como-un-binomio-de-turismo-de-calidad\\\/#mainImage\",\"width\":800,\"height\":598},\"primaryImageOfPage\":{\"@id\":\"https:\\\/\\\/eldigitaldeasturias.com\\\/magazine365\\\/fernandez-ofrece-respaldo-para-potenciar-a-ubeda-y-baeza-como-un-binomio-de-turismo-de-calidad\\\/#mainImage\"},\"datePublished\":\"2015-07-14T13:56:18+02:00\",\"dateModified\":\"2015-07-14T13:56:18+02:00\"},{\"@type\":\"WebSite\",\"@id\":\"https:\\\/\\\/eldigitaldeasturias.com\\\/magazine365\\\/#website\",\"url\":\"https:\\\/\\\/eldigitaldeasturias.com\\\/magazine365\\\/\",\"name\":\"El Digital de Asturias\",\"description\":\"Revista de ocio, turismo y estilo de vida\",\"inLanguage\":\"es-ES\",\"publisher\":{\"@id\":\"https:\\\/\\\/eldigitaldeasturias.com\\\/magazine365\\\/#organization\"}}]}\n\t\t<\/script>\n\t\t<!-- All in One SEO Pro -->\r\n\t\t<title>Fern\u00e1ndez ofrece respaldo para potenciar a \u00dabeda y Baeza como un \u00abbinomio de turismo de calidad\u00bb | El Digital de Asturias<\/title>\n\n","aioseo_head_json":{"title":"Fern\u00e1ndez ofrece respaldo para potenciar a \u00dabeda y Baeza como un \u00abbinomio de turismo de calidad\u00bb | El Digital de Asturias","description":"El consejero de Turismo y Deporte, Francisco Javier Fern\u00e1ndez, ha ofrecido este lunes la colaboraci\u00f3n de la Administraci\u00f3n auton\u00f3mica para potenciar a \u00dabeda y Baeza (Ja\u00e9n) como un \"binomio de turismo de calidad\" que permita poner en valor la catalogaci\u00f3n de estas ciudades como Patrimonio de la Humanidad, as\u00ed como crear una oferta potente que","canonical_url":"https:\/\/eldigitaldeasturias.com\/magazine365\/fernandez-ofrece-respaldo-para-potenciar-a-ubeda-y-baeza-como-un-binomio-de-turismo-de-calidad\/","robots":"max-image-preview:large","keywords":"actualidad turismo","webmasterTools":{"google-site-verification":"UA-38556648-1","miscellaneous":""},"schema":{"@context":"https:\/\/schema.org","@graph":[{"@type":"Article","@id":"https:\/\/eldigitaldeasturias.com\/magazine365\/fernandez-ofrece-respaldo-para-potenciar-a-ubeda-y-baeza-como-un-binomio-de-turismo-de-calidad\/#article","name":"Fern\u00e1ndez ofrece respaldo para potenciar a \u00dabeda y Baeza como un \u00abbinomio de turismo de calidad\u00bb | El Digital de Asturias","headline":"Fern\u00e1ndez ofrece respaldo para potenciar a \u00dabeda y Baeza como un \u00abbinomio de turismo de calidad\u00bb","author":{"@id":"https:\/\/eldigitaldeasturias.com\/magazine365\/author\/admin\/#author"},"publisher":{"@id":"https:\/\/eldigitaldeasturias.com\/magazine365\/#organization"},"image":{"@type":"ImageObject","url":"https:\/\/eldigitaldeasturias.com\/magazine365\/wp-content\/uploads\/2015\/07\/fotonoticia_20150714122440_800.jpg","width":800,"height":598},"datePublished":"2015-07-14T13:56:18+02:00","dateModified":"2015-07-14T13:56:18+02:00","inLanguage":"es-ES","mainEntityOfPage":{"@id":"https:\/\/eldigitaldeasturias.com\/magazine365\/fernandez-ofrece-respaldo-para-potenciar-a-ubeda-y-baeza-como-un-binomio-de-turismo-de-calidad\/#webpage"},"isPartOf":{"@id":"https:\/\/eldigitaldeasturias.com\/magazine365\/fernandez-ofrece-respaldo-para-potenciar-a-ubeda-y-baeza-como-un-binomio-de-turismo-de-calidad\/#webpage"},"articleSection":"Actualidad Turismo"},{"@type":"BreadcrumbList","@id":"https:\/\/eldigitaldeasturias.com\/magazine365\/fernandez-ofrece-respaldo-para-potenciar-a-ubeda-y-baeza-como-un-binomio-de-turismo-de-calidad\/#breadcrumblist","itemListElement":[{"@type":"ListItem","@id":"https:\/\/eldigitaldeasturias.com\/magazine365#listItem","position":1,"name":"Home","item":"https:\/\/eldigitaldeasturias.com\/magazine365","nextItem":{"@type":"ListItem","@id":"https:\/\/eldigitaldeasturias.com\/magazine365\/category\/actualidad-turismo\/#listItem","name":"Actualidad Turismo"}},{"@type":"ListItem","@id":"https:\/\/eldigitaldeasturias.com\/magazine365\/category\/actualidad-turismo\/#listItem","position":2,"name":"Actualidad Turismo","item":"https:\/\/eldigitaldeasturias.com\/magazine365\/category\/actualidad-turismo\/","nextItem":{"@type":"ListItem","@id":"https:\/\/eldigitaldeasturias.com\/magazine365\/fernandez-ofrece-respaldo-para-potenciar-a-ubeda-y-baeza-como-un-binomio-de-turismo-de-calidad\/#listItem","name":"Fern\u00e1ndez ofrece respaldo para potenciar a \u00dabeda y Baeza como un \u00abbinomio de turismo de calidad\u00bb"},"previousItem":{"@type":"ListItem","@id":"https:\/\/eldigitaldeasturias.com\/magazine365#listItem","name":"Home"}},{"@type":"ListItem","@id":"https:\/\/eldigitaldeasturias.com\/magazine365\/fernandez-ofrece-respaldo-para-potenciar-a-ubeda-y-baeza-como-un-binomio-de-turismo-de-calidad\/#listItem","position":3,"name":"Fern\u00e1ndez ofrece respaldo para potenciar a \u00dabeda y Baeza como un \u00abbinomio de turismo de calidad\u00bb","previousItem":{"@type":"ListItem","@id":"https:\/\/eldigitaldeasturias.com\/magazine365\/category\/actualidad-turismo\/#listItem","name":"Actualidad Turismo"}}]},{"@type":"Organization","@id":"https:\/\/eldigitaldeasturias.com\/magazine365\/#organization","name":"El digital de Asturias","description":"Revista de ocio, turismo y estilo de vida","url":"https:\/\/eldigitaldeasturias.com\/magazine365\/","logo":{"@type":"ImageObject","url":"https:\/\/www.eldigitaldeasturias.com\/noticias\/wp-content\/uploads\/2020\/12\/EDA.jpg","@id":"https:\/\/eldigitaldeasturias.com\/magazine365\/fernandez-ofrece-respaldo-para-potenciar-a-ubeda-y-baeza-como-un-binomio-de-turismo-de-calidad\/#organizationLogo"},"image":{"@id":"https:\/\/eldigitaldeasturias.com\/magazine365\/fernandez-ofrece-respaldo-para-potenciar-a-ubeda-y-baeza-como-un-binomio-de-turismo-de-calidad\/#organizationLogo"}},{"@type":"Person","@id":"https:\/\/eldigitaldeasturias.com\/magazine365\/author\/admin\/#author","url":"https:\/\/eldigitaldeasturias.com\/magazine365\/author\/admin\/","name":"admin","image":{"@type":"ImageObject","@id":"https:\/\/eldigitaldeasturias.com\/magazine365\/fernandez-ofrece-respaldo-para-potenciar-a-ubeda-y-baeza-como-un-binomio-de-turismo-de-calidad\/#authorImage","url":"https:\/\/eldigitaldeasturias.com\/magazine365\/wp-content\/litespeed\/avatar\/e571bcf59a0edd6fa6838245a470f2fe.jpg?ver=1777574230","width":96,"height":96,"caption":"admin"}},{"@type":"WebPage","@id":"https:\/\/eldigitaldeasturias.com\/magazine365\/fernandez-ofrece-respaldo-para-potenciar-a-ubeda-y-baeza-como-un-binomio-de-turismo-de-calidad\/#webpage","url":"https:\/\/eldigitaldeasturias.com\/magazine365\/fernandez-ofrece-respaldo-para-potenciar-a-ubeda-y-baeza-como-un-binomio-de-turismo-de-calidad\/","name":"Fern\u00e1ndez ofrece respaldo para potenciar a \u00dabeda y Baeza como un \u00abbinomio de turismo de calidad\u00bb | El Digital de Asturias","description":"El consejero de Turismo y Deporte, Francisco Javier Fern\u00e1ndez, ha ofrecido este lunes la colaboraci\u00f3n de la Administraci\u00f3n auton\u00f3mica para potenciar a \u00dabeda y Baeza (Ja\u00e9n) como un \"binomio de turismo de calidad\" que permita poner en valor la catalogaci\u00f3n de estas ciudades como Patrimonio de la Humanidad, as\u00ed como crear una oferta potente que","inLanguage":"es-ES","isPartOf":{"@id":"https:\/\/eldigitaldeasturias.com\/magazine365\/#website"},"breadcrumb":{"@id":"https:\/\/eldigitaldeasturias.com\/magazine365\/fernandez-ofrece-respaldo-para-potenciar-a-ubeda-y-baeza-como-un-binomio-de-turismo-de-calidad\/#breadcrumblist"},"author":{"@id":"https:\/\/eldigitaldeasturias.com\/magazine365\/author\/admin\/#author"},"creator":{"@id":"https:\/\/eldigitaldeasturias.com\/magazine365\/author\/admin\/#author"},"image":{"@type":"ImageObject","url":"https:\/\/eldigitaldeasturias.com\/magazine365\/wp-content\/uploads\/2015\/07\/fotonoticia_20150714122440_800.jpg","@id":"https:\/\/eldigitaldeasturias.com\/magazine365\/fernandez-ofrece-respaldo-para-potenciar-a-ubeda-y-baeza-como-un-binomio-de-turismo-de-calidad\/#mainImage","width":800,"height":598},"primaryImageOfPage":{"@id":"https:\/\/eldigitaldeasturias.com\/magazine365\/fernandez-ofrece-respaldo-para-potenciar-a-ubeda-y-baeza-como-un-binomio-de-turismo-de-calidad\/#mainImage"},"datePublished":"2015-07-14T13:56:18+02:00","dateModified":"2015-07-14T13:56:18+02:00"},{"@type":"WebSite","@id":"https:\/\/eldigitaldeasturias.com\/magazine365\/#website","url":"https:\/\/eldigitaldeasturias.com\/magazine365\/","name":"El Digital de Asturias","description":"Revista de ocio, turismo y estilo de vida","inLanguage":"es-ES","publisher":{"@id":"https:\/\/eldigitaldeasturias.com\/magazine365\/#organization"}}]},"og:locale":"es_ES","og:site_name":"El Digital de Asturias \u2013 Revista de ocio, turismo y estilo de vida","og:type":"article","og:title":"Fern\u00e1ndez ofrece respaldo para potenciar a \u00dabeda y Baeza como un \u00abbinomio de turismo de calidad\u00bb | El Digital de Asturias","og:description":"El consejero de Turismo y Deporte, Francisco Javier Fern\u00e1ndez, ha ofrecido este lunes la colaboraci\u00f3n de la Administraci\u00f3n auton\u00f3mica para potenciar a \u00dabeda y Baeza (Ja\u00e9n) como un &quot;binomio de turismo de calidad&quot; que permita poner en valor la catalogaci\u00f3n de estas ciudades como Patrimonio de la Humanidad, as\u00ed como crear una oferta potente que","og:url":"https:\/\/eldigitaldeasturias.com\/magazine365\/fernandez-ofrece-respaldo-para-potenciar-a-ubeda-y-baeza-como-un-binomio-de-turismo-de-calidad\/","og:image":"https:\/\/eldigitaldeasturias.com\/magazine365\/wp-content\/uploads\/2015\/07\/fotonoticia_20150714122440_800.jpg","og:image:secure_url":"https:\/\/eldigitaldeasturias.com\/magazine365\/wp-content\/uploads\/2015\/07\/fotonoticia_20150714122440_800.jpg","og:image:width":800,"og:image:height":598,"article:published_time":"2015-07-14T11:56:18+00:00","article:modified_time":"2015-07-14T11:56:18+00:00","twitter:card":"summary_large_image","twitter:title":"Fern\u00e1ndez ofrece respaldo para potenciar a \u00dabeda y Baeza como un \u00abbinomio de turismo de calidad\u00bb | El Digital de Asturias","twitter:description":"El consejero de Turismo y Deporte, Francisco Javier Fern\u00e1ndez, ha ofrecido este lunes la colaboraci\u00f3n de la Administraci\u00f3n auton\u00f3mica para potenciar a \u00dabeda y Baeza (Ja\u00e9n) como un &quot;binomio de turismo de calidad&quot; que permita poner en valor la catalogaci\u00f3n de estas ciudades como Patrimonio de la Humanidad, as\u00ed como crear una oferta potente que","twitter:image":"https:\/\/eldigitaldeasturias.com\/magazine365\/wp-content\/uploads\/2015\/07\/fotonoticia_20150714122440_800.jpg"},"aioseo_meta_data":{"post_id":"42607","title":null,"description":null,"keywords":null,"keyphrases":null,"primary_term":null,"canonical_url":null,"og_title":null,"og_description":null,"og_object_type":"default","og_image_type":"default","og_image_url":null,"og_image_width":null,"og_image_height":null,"og_image_custom_url":null,"og_image_custom_fields":null,"og_video":null,"og_custom_url":null,"og_article_section":null,"og_article_tags":null,"twitter_use_og":false,"twitter_card":"default","twitter_image_type":"default","twitter_image_url":null,"twitter_image_custom_url":null,"twitter_image_custom_fields":null,"twitter_title":null,"twitter_description":null,"schema":{"blockGraphs":[],"customGraphs":[],"default":{"data":{"Article":[],"Course":[],"Dataset":[],"FAQPage":[],"Movie":[],"Person":[],"Product":[],"ProductReview":[],"Car":[],"Recipe":[],"Service":[],"SoftwareApplication":[],"WebPage":[]},"graphName":"","isEnabled":true},"graphs":[],"defaultGraph":"","defaultPostTypeGraph":""},"schema_type":null,"schema_type_options":null,"pillar_content":false,"robots_default":true,"robots_noindex":false,"robots_noarchive":false,"robots_nosnippet":false,"robots_nofollow":false,"robots_noimageindex":false,"robots_noodp":false,"robots_notranslate":false,"robots_max_snippet":null,"robots_max_videopreview":null,"robots_max_imagepreview":"large","priority":null,"frequency":null,"location":null,"local_seo":null,"seo_analyzer_scan_date":"2025-09-19 18:05:16","breadcrumb_settings":null,"limit_modified_date":false,"open_ai":null,"ai":null,"created":"2021-03-09 01:58:55","updated":"2025-09-19 18:05:16"},"aioseo_breadcrumb":"<div class=\"aioseo-breadcrumbs\"><span class=\"aioseo-breadcrumb\">\n\t<a href=\"https:\/\/eldigitaldeasturias.com\/magazine365\" title=\"Home\">Home<\/a>\n<\/span><span class=\"aioseo-breadcrumb-separator\">\u2013<\/span><span class=\"aioseo-breadcrumb\">\n\t<a href=\"https:\/\/eldigitaldeasturias.com\/magazine365\/category\/actualidad-turismo\/\" title=\"Actualidad Turismo\">Actualidad Turismo<\/a>\n<\/span><span class=\"aioseo-breadcrumb-separator\">\u2013<\/span><span class=\"aioseo-breadcrumb\">\n\t<a href=\"https:\/\/eldigitaldeasturias.com\/magazine365\/fernandez-ofrece-respaldo-para-potenciar-a-ubeda-y-baeza-como-un-binomio-de-turismo-de-calidad\/\" title=\"Fern\u00e1ndez ofrece respaldo para potenciar a \u00dabeda y Baeza como un \u00abbinomio de turismo de calidad\u00bb\">Fern\u00e1ndez ofrece respaldo para potenciar a \u00dabeda y Baeza como un \u00abbinomio de turismo de calidad\u00bb<\/a>\n<\/span><\/div>","aioseo_breadcrumb_json":[{"label":"Home","link":"https:\/\/eldigitaldeasturias.com\/magazine365"},{"label":"Actualidad Turismo","link":"https:\/\/eldigitaldeasturias.com\/magazine365\/category\/actualidad-turismo\/"},{"label":"Fern\u00e1ndez ofrece respaldo para potenciar a \u00dabeda y Baeza como un \u00abbinomio de turismo de calidad\u00bb","link":"https:\/\/eldigitaldeasturias.com\/magazine365\/fernandez-ofrece-respaldo-para-potenciar-a-ubeda-y-baeza-como-un-binomio-de-turismo-de-calidad\/"}],"_links":{"self":[{"href":"https:\/\/eldigitaldeasturias.com\/magazine365\/wp-json\/wp\/v2\/posts\/42607","targetHints":{"allow":["GET"]}}],"collection":[{"href":"https:\/\/eldigitaldeasturias.com\/magazine365\/wp-json\/wp\/v2\/posts"}],"about":[{"href":"https:\/\/eldigitaldeasturias.com\/magazine365\/wp-json\/wp\/v2\/types\/post"}],"author":[{"embeddable":true,"href":"https:\/\/eldigitaldeasturias.com\/magazine365\/wp-json\/wp\/v2\/users\/1"}],"replies":[{"embeddable":true,"href":"https:\/\/eldigitaldeasturias.com\/magazine365\/wp-json\/wp\/v2\/comments?post=42607"}],"version-history":[{"count":0,"href":"https:\/\/eldigitaldeasturias.com\/magazine365\/wp-json\/wp\/v2\/posts\/42607\/revisions"}],"wp:featuredmedia":[{"embeddable":true,"href":"https:\/\/eldigitaldeasturias.com\/magazine365\/wp-json\/wp\/v2\/media\/42608"}],"wp:attachment":[{"href":"https:\/\/eldigitaldeasturias.com\/magazine365\/wp-json\/wp\/v2\/media?parent=42607"}],"wp:term":[{"taxonomy":"category","embeddable":true,"href":"https:\/\/eldigitaldeasturias.com\/magazine365\/wp-json\/wp\/v2\/categories?post=42607"},{"taxonomy":"post_tag","embeddable":true,"href":"https:\/\/eldigitaldeasturias.com\/magazine365\/wp-json\/wp\/v2\/tags?post=42607"}],"curies":[{"name":"wp","href":"https:\/\/api.w.org\/{rel}","templated":true}]}}