{"id":42602,"date":"2015-07-14T13:45:11","date_gmt":"2015-07-14T11:45:11","guid":{"rendered":"http:\/\/eldigitaldeasturias.com\/magazine365\/?p=42602"},"modified":"2015-07-14T13:45:11","modified_gmt":"2015-07-14T11:45:11","slug":"aena-propone-a-la-cnmc-mantener-congeladas-las-tarifas-aereas-en-2016","status":"publish","type":"post","link":"https:\/\/eldigitaldeasturias.com\/magazine365\/aena-propone-a-la-cnmc-mantener-congeladas-las-tarifas-aereas-en-2016\/","title":{"rendered":"Aena propone a la CNMC mantener congeladas las tarifas a\u00e9reas en 2016"},"content":{"rendered":"<p><img fetchpriority=\"high\" decoding=\"async\" class=\"alignleft size-medium wp-image-42603\" src=\"https:\/\/eldigitaldeasturias.com\/magazine365\/wp-content\/uploads\/2015\/07\/fotonoticia_20150714121418_800-360x257.jpg\" alt=\"fotonoticia_20150714121418_800\" width=\"360\" height=\"257\" srcset=\"https:\/\/eldigitaldeasturias.com\/magazine365\/wp-content\/uploads\/2015\/07\/fotonoticia_20150714121418_800-360x257.jpg 360w, https:\/\/eldigitaldeasturias.com\/magazine365\/wp-content\/uploads\/2015\/07\/fotonoticia_20150714121418_800-650x465.jpg 650w, https:\/\/eldigitaldeasturias.com\/magazine365\/wp-content\/uploads\/2015\/07\/fotonoticia_20150714121418_800-768x549.jpg 768w, https:\/\/eldigitaldeasturias.com\/magazine365\/wp-content\/uploads\/2015\/07\/fotonoticia_20150714121418_800-150x107.jpg 150w, https:\/\/eldigitaldeasturias.com\/magazine365\/wp-content\/uploads\/2015\/07\/fotonoticia_20150714121418_800-450x322.jpg 450w, https:\/\/eldigitaldeasturias.com\/magazine365\/wp-content\/uploads\/2015\/07\/fotonoticia_20150714121418_800-100x70.jpg 100w, https:\/\/eldigitaldeasturias.com\/magazine365\/wp-content\/uploads\/2015\/07\/fotonoticia_20150714121418_800-696x498.jpg 696w, https:\/\/eldigitaldeasturias.com\/magazine365\/wp-content\/uploads\/2015\/07\/fotonoticia_20150714121418_800-587x420.jpg 587w, https:\/\/eldigitaldeasturias.com\/magazine365\/wp-content\/uploads\/2015\/07\/fotonoticia_20150714121418_800.jpg 800w\" sizes=\"(max-width: 360px) 100vw, 360px\" \/>La comisi\u00f3n ejecutiva de Aena ha propuesto al regulador, la Comisi\u00f3n Nacional de los Mercados y de la Competencia (CNMC), mantener congeladas las tarifas a\u00e9reas en 2016.<\/p>\n<p>En concreto, Aena ha acordado presentar ante esta comisi\u00f3n \u00abla propuesta requerida por la misma, sobre modificaci\u00f3n tarifaria, en el sentido de mantener la congelaci\u00f3n de las tarifas respecto de las de 2015\u00bb, seg\u00fan explica la compa\u00f1\u00eda presidida por Jos\u00e9 Manuel Vargas en un hecho relevante remitido a la Comisi\u00f3n Nacional del Mercado de Valores (CNMV).<\/p>\n<p>Adicionalmente, el gestor aeroportuario ha acordado ampliar el recurso contencioso-administrativo interpuesto contra el acuerdo por el que se adoptan los criterios sobre la separaci\u00f3n de los costes de las actividades aeroportuarias y comerciales de los aeropuertos de Aena,<\/p>\n<p>adoptado por la Sala de Supervisi\u00f3n Regulatoria del Consejo de la CNMC el 23 de abril, para incorporar como parte del mismo el acuerdo de 30 de junio de 2015.<\/p>\n<p>La CNMC considera que Aena debe bajar las tasas aeroportuarias entre un 2% y un 3% para los pr\u00f3ximos ejercicios a partir de 2016, seg\u00fan las actuales previsiones y con arreglo a los nuevos criterios establecidos en la modificaci\u00f3n tarifaria que se aplicar\u00e1 desde el pr\u00f3ximo a\u00f1o.<\/p>\n<p>Seg\u00fan estos criterios, se aplicar\u00e1 un ajuste de 69,8 millones de euros en los costes que se atribuyen actualmente a las actividades aeroportuarias, lo que supondr\u00eda una reducci\u00f3n del coste de las prestaciones p\u00fablicas (tasas aeroportuarias) de 41,9 millones de euros para 2016.<\/p>\n<p>Esta es una de las conclusiones que se extrae del informe emitido por la Comisi\u00f3n Nacional de los Mercados y la Competencia (CNMC) sobre la consulta p\u00fablica que lanz\u00f3 el organismo regulador, en diciembre, sobre c\u00f3mo deben imputarse los costes de las actividades comerciales y las aeroportuarias en los aeropuertos de la red de Aena.<\/p>\n<p>La red de los aeropuertos de Aena cerr\u00f3 el primer semestre del a\u00f1o con 93 millones de pasajeros, un 5,2% m\u00e1s que entre enero y junio del a\u00f1o pasado, seg\u00fan datos provisionales.<\/p>\n","protected":false},"excerpt":{"rendered":"<p>La comisi\u00f3n ejecutiva de Aena ha propuesto al regulador, la Comisi\u00f3n Nacional de los Mercados y de la Competencia (CNMC), mantener congeladas las tarifas a\u00e9reas en 2016. En concreto, Aena ha acordado presentar ante esta comisi\u00f3n \u00abla propuesta requerida por la misma, sobre modificaci\u00f3n tarifaria, en el sentido de mantener la congelaci\u00f3n de las tarifas<\/p>\n","protected":false},"author":1,"featured_media":42603,"comment_status":"open","ping_status":"closed","sticky":false,"template":"","format":"standard","meta":{"footnotes":""},"categories":[224],"tags":[],"class_list":{"0":"post-42602","1":"post","2":"type-post","3":"status-publish","4":"format-standard","5":"has-post-thumbnail","7":"category-noticias-actualidad"},"aioseo_notices":[],"aioseo_head":"\n\t\t<!-- All in One SEO Pro 4.9.6.1 - aioseo.com -->\n\t<meta name=\"description\" content=\"La comisi\u00f3n ejecutiva de Aena ha propuesto al regulador, la Comisi\u00f3n Nacional de los Mercados y de la Competencia (CNMC), mantener congeladas las tarifas a\u00e9reas en 2016. En concreto, Aena ha acordado presentar ante esta comisi\u00f3n &quot;la propuesta requerida por la misma, sobre modificaci\u00f3n tarifaria, en el sentido de mantener la congelaci\u00f3n de las tarifas\" \/>\n\t<meta name=\"robots\" content=\"max-image-preview:large\" \/>\n\t<meta name=\"author\" content=\"admin\"\/>\n\t<meta name=\"google-site-verification\" content=\"UA-38556648-1\" \/>\n\t<meta name=\"keywords\" content=\"noticias y actualidad\" \/>\n\t<link rel=\"canonical\" href=\"https:\/\/eldigitaldeasturias.com\/magazine365\/aena-propone-a-la-cnmc-mantener-congeladas-las-tarifas-aereas-en-2016\/\" \/>\n\t<meta name=\"generator\" content=\"All in One SEO Pro (AIOSEO) 4.9.6.1\" \/>\n\t\t<meta property=\"og:locale\" content=\"es_ES\" \/>\n\t\t<meta property=\"og:site_name\" content=\"El Digital de Asturias \u2013 Revista de ocio, turismo y estilo de vida\" \/>\n\t\t<meta property=\"og:type\" content=\"article\" \/>\n\t\t<meta property=\"og:title\" content=\"Aena propone a la CNMC mantener congeladas las tarifas a\u00e9reas en 2016 | El Digital de Asturias\" \/>\n\t\t<meta property=\"og:description\" content=\"La comisi\u00f3n ejecutiva de Aena ha propuesto al regulador, la Comisi\u00f3n Nacional de los Mercados y de la Competencia (CNMC), mantener congeladas las tarifas a\u00e9reas en 2016. En concreto, Aena ha acordado presentar ante esta comisi\u00f3n &quot;la propuesta requerida por la misma, sobre modificaci\u00f3n tarifaria, en el sentido de mantener la congelaci\u00f3n de las tarifas\" \/>\n\t\t<meta property=\"og:url\" content=\"https:\/\/eldigitaldeasturias.com\/magazine365\/aena-propone-a-la-cnmc-mantener-congeladas-las-tarifas-aereas-en-2016\/\" \/>\n\t\t<meta property=\"og:image\" content=\"https:\/\/eldigitaldeasturias.com\/magazine365\/wp-content\/uploads\/2015\/07\/fotonoticia_20150714121418_800.jpg\" \/>\n\t\t<meta property=\"og:image:secure_url\" content=\"https:\/\/eldigitaldeasturias.com\/magazine365\/wp-content\/uploads\/2015\/07\/fotonoticia_20150714121418_800.jpg\" \/>\n\t\t<meta property=\"og:image:width\" content=\"800\" \/>\n\t\t<meta property=\"og:image:height\" content=\"572\" \/>\n\t\t<meta property=\"article:published_time\" content=\"2015-07-14T11:45:11+00:00\" \/>\n\t\t<meta property=\"article:modified_time\" content=\"2015-07-14T11:45:11+00:00\" \/>\n\t\t<meta name=\"twitter:card\" content=\"summary_large_image\" \/>\n\t\t<meta name=\"twitter:title\" content=\"Aena propone a la CNMC mantener congeladas las tarifas a\u00e9reas en 2016 | El Digital de Asturias\" \/>\n\t\t<meta name=\"twitter:description\" content=\"La comisi\u00f3n ejecutiva de Aena ha propuesto al regulador, la Comisi\u00f3n Nacional de los Mercados y de la Competencia (CNMC), mantener congeladas las tarifas a\u00e9reas en 2016. En concreto, Aena ha acordado presentar ante esta comisi\u00f3n &quot;la propuesta requerida por la misma, sobre modificaci\u00f3n tarifaria, en el sentido de mantener la congelaci\u00f3n de las tarifas\" \/>\n\t\t<meta name=\"twitter:image\" content=\"https:\/\/eldigitaldeasturias.com\/magazine365\/wp-content\/uploads\/2015\/07\/fotonoticia_20150714121418_800.jpg\" \/>\n\t\t<script type=\"application\/ld+json\" class=\"aioseo-schema\">\n\t\t\t{\"@context\":\"https:\\\/\\\/schema.org\",\"@graph\":[{\"@type\":\"Article\",\"@id\":\"https:\\\/\\\/eldigitaldeasturias.com\\\/magazine365\\\/aena-propone-a-la-cnmc-mantener-congeladas-las-tarifas-aereas-en-2016\\\/#article\",\"name\":\"Aena propone a la CNMC mantener congeladas las tarifas a\\u00e9reas en 2016 | El Digital de Asturias\",\"headline\":\"Aena propone a la CNMC mantener congeladas las tarifas a\\u00e9reas en 2016\",\"author\":{\"@id\":\"https:\\\/\\\/eldigitaldeasturias.com\\\/magazine365\\\/author\\\/admin\\\/#author\"},\"publisher\":{\"@id\":\"https:\\\/\\\/eldigitaldeasturias.com\\\/magazine365\\\/#organization\"},\"image\":{\"@type\":\"ImageObject\",\"url\":\"https:\\\/\\\/eldigitaldeasturias.com\\\/magazine365\\\/wp-content\\\/uploads\\\/2015\\\/07\\\/fotonoticia_20150714121418_800.jpg\",\"width\":800,\"height\":572},\"datePublished\":\"2015-07-14T13:45:11+02:00\",\"dateModified\":\"2015-07-14T13:45:11+02:00\",\"inLanguage\":\"es-ES\",\"mainEntityOfPage\":{\"@id\":\"https:\\\/\\\/eldigitaldeasturias.com\\\/magazine365\\\/aena-propone-a-la-cnmc-mantener-congeladas-las-tarifas-aereas-en-2016\\\/#webpage\"},\"isPartOf\":{\"@id\":\"https:\\\/\\\/eldigitaldeasturias.com\\\/magazine365\\\/aena-propone-a-la-cnmc-mantener-congeladas-las-tarifas-aereas-en-2016\\\/#webpage\"},\"articleSection\":\"Noticias y Actualidad\"},{\"@type\":\"BreadcrumbList\",\"@id\":\"https:\\\/\\\/eldigitaldeasturias.com\\\/magazine365\\\/aena-propone-a-la-cnmc-mantener-congeladas-las-tarifas-aereas-en-2016\\\/#breadcrumblist\",\"itemListElement\":[{\"@type\":\"ListItem\",\"@id\":\"https:\\\/\\\/eldigitaldeasturias.com\\\/magazine365#listItem\",\"position\":1,\"name\":\"Home\",\"item\":\"https:\\\/\\\/eldigitaldeasturias.com\\\/magazine365\",\"nextItem\":{\"@type\":\"ListItem\",\"@id\":\"https:\\\/\\\/eldigitaldeasturias.com\\\/magazine365\\\/category\\\/noticias-actualidad\\\/#listItem\",\"name\":\"Noticias y Actualidad\"}},{\"@type\":\"ListItem\",\"@id\":\"https:\\\/\\\/eldigitaldeasturias.com\\\/magazine365\\\/category\\\/noticias-actualidad\\\/#listItem\",\"position\":2,\"name\":\"Noticias y Actualidad\",\"item\":\"https:\\\/\\\/eldigitaldeasturias.com\\\/magazine365\\\/category\\\/noticias-actualidad\\\/\",\"nextItem\":{\"@type\":\"ListItem\",\"@id\":\"https:\\\/\\\/eldigitaldeasturias.com\\\/magazine365\\\/aena-propone-a-la-cnmc-mantener-congeladas-las-tarifas-aereas-en-2016\\\/#listItem\",\"name\":\"Aena propone a la CNMC mantener congeladas las tarifas a\\u00e9reas en 2016\"},\"previousItem\":{\"@type\":\"ListItem\",\"@id\":\"https:\\\/\\\/eldigitaldeasturias.com\\\/magazine365#listItem\",\"name\":\"Home\"}},{\"@type\":\"ListItem\",\"@id\":\"https:\\\/\\\/eldigitaldeasturias.com\\\/magazine365\\\/aena-propone-a-la-cnmc-mantener-congeladas-las-tarifas-aereas-en-2016\\\/#listItem\",\"position\":3,\"name\":\"Aena propone a la CNMC mantener congeladas las tarifas a\\u00e9reas en 2016\",\"previousItem\":{\"@type\":\"ListItem\",\"@id\":\"https:\\\/\\\/eldigitaldeasturias.com\\\/magazine365\\\/category\\\/noticias-actualidad\\\/#listItem\",\"name\":\"Noticias y Actualidad\"}}]},{\"@type\":\"Organization\",\"@id\":\"https:\\\/\\\/eldigitaldeasturias.com\\\/magazine365\\\/#organization\",\"name\":\"El digital de Asturias\",\"description\":\"Revista de ocio, turismo y estilo de vida\",\"url\":\"https:\\\/\\\/eldigitaldeasturias.com\\\/magazine365\\\/\",\"logo\":{\"@type\":\"ImageObject\",\"url\":\"https:\\\/\\\/www.eldigitaldeasturias.com\\\/noticias\\\/wp-content\\\/uploads\\\/2020\\\/12\\\/EDA.jpg\",\"@id\":\"https:\\\/\\\/eldigitaldeasturias.com\\\/magazine365\\\/aena-propone-a-la-cnmc-mantener-congeladas-las-tarifas-aereas-en-2016\\\/#organizationLogo\"},\"image\":{\"@id\":\"https:\\\/\\\/eldigitaldeasturias.com\\\/magazine365\\\/aena-propone-a-la-cnmc-mantener-congeladas-las-tarifas-aereas-en-2016\\\/#organizationLogo\"}},{\"@type\":\"Person\",\"@id\":\"https:\\\/\\\/eldigitaldeasturias.com\\\/magazine365\\\/author\\\/admin\\\/#author\",\"url\":\"https:\\\/\\\/eldigitaldeasturias.com\\\/magazine365\\\/author\\\/admin\\\/\",\"name\":\"admin\",\"image\":{\"@type\":\"ImageObject\",\"@id\":\"https:\\\/\\\/eldigitaldeasturias.com\\\/magazine365\\\/aena-propone-a-la-cnmc-mantener-congeladas-las-tarifas-aereas-en-2016\\\/#authorImage\",\"url\":\"https:\\\/\\\/eldigitaldeasturias.com\\\/magazine365\\\/wp-content\\\/litespeed\\\/avatar\\\/e571bcf59a0edd6fa6838245a470f2fe.jpg?ver=1777574230\",\"width\":96,\"height\":96,\"caption\":\"admin\"}},{\"@type\":\"WebPage\",\"@id\":\"https:\\\/\\\/eldigitaldeasturias.com\\\/magazine365\\\/aena-propone-a-la-cnmc-mantener-congeladas-las-tarifas-aereas-en-2016\\\/#webpage\",\"url\":\"https:\\\/\\\/eldigitaldeasturias.com\\\/magazine365\\\/aena-propone-a-la-cnmc-mantener-congeladas-las-tarifas-aereas-en-2016\\\/\",\"name\":\"Aena propone a la CNMC mantener congeladas las tarifas a\\u00e9reas en 2016 | El Digital de Asturias\",\"description\":\"La comisi\\u00f3n ejecutiva de Aena ha propuesto al regulador, la Comisi\\u00f3n Nacional de los Mercados y de la Competencia (CNMC), mantener congeladas las tarifas a\\u00e9reas en 2016. En concreto, Aena ha acordado presentar ante esta comisi\\u00f3n \\\"la propuesta requerida por la misma, sobre modificaci\\u00f3n tarifaria, en el sentido de mantener la congelaci\\u00f3n de las tarifas\",\"inLanguage\":\"es-ES\",\"isPartOf\":{\"@id\":\"https:\\\/\\\/eldigitaldeasturias.com\\\/magazine365\\\/#website\"},\"breadcrumb\":{\"@id\":\"https:\\\/\\\/eldigitaldeasturias.com\\\/magazine365\\\/aena-propone-a-la-cnmc-mantener-congeladas-las-tarifas-aereas-en-2016\\\/#breadcrumblist\"},\"author\":{\"@id\":\"https:\\\/\\\/eldigitaldeasturias.com\\\/magazine365\\\/author\\\/admin\\\/#author\"},\"creator\":{\"@id\":\"https:\\\/\\\/eldigitaldeasturias.com\\\/magazine365\\\/author\\\/admin\\\/#author\"},\"image\":{\"@type\":\"ImageObject\",\"url\":\"https:\\\/\\\/eldigitaldeasturias.com\\\/magazine365\\\/wp-content\\\/uploads\\\/2015\\\/07\\\/fotonoticia_20150714121418_800.jpg\",\"@id\":\"https:\\\/\\\/eldigitaldeasturias.com\\\/magazine365\\\/aena-propone-a-la-cnmc-mantener-congeladas-las-tarifas-aereas-en-2016\\\/#mainImage\",\"width\":800,\"height\":572},\"primaryImageOfPage\":{\"@id\":\"https:\\\/\\\/eldigitaldeasturias.com\\\/magazine365\\\/aena-propone-a-la-cnmc-mantener-congeladas-las-tarifas-aereas-en-2016\\\/#mainImage\"},\"datePublished\":\"2015-07-14T13:45:11+02:00\",\"dateModified\":\"2015-07-14T13:45:11+02:00\"},{\"@type\":\"WebSite\",\"@id\":\"https:\\\/\\\/eldigitaldeasturias.com\\\/magazine365\\\/#website\",\"url\":\"https:\\\/\\\/eldigitaldeasturias.com\\\/magazine365\\\/\",\"name\":\"El Digital de Asturias\",\"description\":\"Revista de ocio, turismo y estilo de vida\",\"inLanguage\":\"es-ES\",\"publisher\":{\"@id\":\"https:\\\/\\\/eldigitaldeasturias.com\\\/magazine365\\\/#organization\"}}]}\n\t\t<\/script>\n\t\t<!-- All in One SEO Pro -->\r\n\t\t<title>Aena propone a la CNMC mantener congeladas las tarifas a\u00e9reas en 2016 | El Digital de Asturias<\/title>\n\n","aioseo_head_json":{"title":"Aena propone a la CNMC mantener congeladas las tarifas a\u00e9reas en 2016 | El Digital de Asturias","description":"La comisi\u00f3n ejecutiva de Aena ha propuesto al regulador, la Comisi\u00f3n Nacional de los Mercados y de la Competencia (CNMC), mantener congeladas las tarifas a\u00e9reas en 2016. En concreto, Aena ha acordado presentar ante esta comisi\u00f3n \"la propuesta requerida por la misma, sobre modificaci\u00f3n tarifaria, en el sentido de mantener la congelaci\u00f3n de las tarifas","canonical_url":"https:\/\/eldigitaldeasturias.com\/magazine365\/aena-propone-a-la-cnmc-mantener-congeladas-las-tarifas-aereas-en-2016\/","robots":"max-image-preview:large","keywords":"noticias y actualidad","webmasterTools":{"google-site-verification":"UA-38556648-1","miscellaneous":""},"schema":{"@context":"https:\/\/schema.org","@graph":[{"@type":"Article","@id":"https:\/\/eldigitaldeasturias.com\/magazine365\/aena-propone-a-la-cnmc-mantener-congeladas-las-tarifas-aereas-en-2016\/#article","name":"Aena propone a la CNMC mantener congeladas las tarifas a\u00e9reas en 2016 | El Digital de Asturias","headline":"Aena propone a la CNMC mantener congeladas las tarifas a\u00e9reas en 2016","author":{"@id":"https:\/\/eldigitaldeasturias.com\/magazine365\/author\/admin\/#author"},"publisher":{"@id":"https:\/\/eldigitaldeasturias.com\/magazine365\/#organization"},"image":{"@type":"ImageObject","url":"https:\/\/eldigitaldeasturias.com\/magazine365\/wp-content\/uploads\/2015\/07\/fotonoticia_20150714121418_800.jpg","width":800,"height":572},"datePublished":"2015-07-14T13:45:11+02:00","dateModified":"2015-07-14T13:45:11+02:00","inLanguage":"es-ES","mainEntityOfPage":{"@id":"https:\/\/eldigitaldeasturias.com\/magazine365\/aena-propone-a-la-cnmc-mantener-congeladas-las-tarifas-aereas-en-2016\/#webpage"},"isPartOf":{"@id":"https:\/\/eldigitaldeasturias.com\/magazine365\/aena-propone-a-la-cnmc-mantener-congeladas-las-tarifas-aereas-en-2016\/#webpage"},"articleSection":"Noticias y Actualidad"},{"@type":"BreadcrumbList","@id":"https:\/\/eldigitaldeasturias.com\/magazine365\/aena-propone-a-la-cnmc-mantener-congeladas-las-tarifas-aereas-en-2016\/#breadcrumblist","itemListElement":[{"@type":"ListItem","@id":"https:\/\/eldigitaldeasturias.com\/magazine365#listItem","position":1,"name":"Home","item":"https:\/\/eldigitaldeasturias.com\/magazine365","nextItem":{"@type":"ListItem","@id":"https:\/\/eldigitaldeasturias.com\/magazine365\/category\/noticias-actualidad\/#listItem","name":"Noticias y Actualidad"}},{"@type":"ListItem","@id":"https:\/\/eldigitaldeasturias.com\/magazine365\/category\/noticias-actualidad\/#listItem","position":2,"name":"Noticias y Actualidad","item":"https:\/\/eldigitaldeasturias.com\/magazine365\/category\/noticias-actualidad\/","nextItem":{"@type":"ListItem","@id":"https:\/\/eldigitaldeasturias.com\/magazine365\/aena-propone-a-la-cnmc-mantener-congeladas-las-tarifas-aereas-en-2016\/#listItem","name":"Aena propone a la CNMC mantener congeladas las tarifas a\u00e9reas en 2016"},"previousItem":{"@type":"ListItem","@id":"https:\/\/eldigitaldeasturias.com\/magazine365#listItem","name":"Home"}},{"@type":"ListItem","@id":"https:\/\/eldigitaldeasturias.com\/magazine365\/aena-propone-a-la-cnmc-mantener-congeladas-las-tarifas-aereas-en-2016\/#listItem","position":3,"name":"Aena propone a la CNMC mantener congeladas las tarifas a\u00e9reas en 2016","previousItem":{"@type":"ListItem","@id":"https:\/\/eldigitaldeasturias.com\/magazine365\/category\/noticias-actualidad\/#listItem","name":"Noticias y Actualidad"}}]},{"@type":"Organization","@id":"https:\/\/eldigitaldeasturias.com\/magazine365\/#organization","name":"El digital de Asturias","description":"Revista de ocio, turismo y estilo de vida","url":"https:\/\/eldigitaldeasturias.com\/magazine365\/","logo":{"@type":"ImageObject","url":"https:\/\/www.eldigitaldeasturias.com\/noticias\/wp-content\/uploads\/2020\/12\/EDA.jpg","@id":"https:\/\/eldigitaldeasturias.com\/magazine365\/aena-propone-a-la-cnmc-mantener-congeladas-las-tarifas-aereas-en-2016\/#organizationLogo"},"image":{"@id":"https:\/\/eldigitaldeasturias.com\/magazine365\/aena-propone-a-la-cnmc-mantener-congeladas-las-tarifas-aereas-en-2016\/#organizationLogo"}},{"@type":"Person","@id":"https:\/\/eldigitaldeasturias.com\/magazine365\/author\/admin\/#author","url":"https:\/\/eldigitaldeasturias.com\/magazine365\/author\/admin\/","name":"admin","image":{"@type":"ImageObject","@id":"https:\/\/eldigitaldeasturias.com\/magazine365\/aena-propone-a-la-cnmc-mantener-congeladas-las-tarifas-aereas-en-2016\/#authorImage","url":"https:\/\/eldigitaldeasturias.com\/magazine365\/wp-content\/litespeed\/avatar\/e571bcf59a0edd6fa6838245a470f2fe.jpg?ver=1777574230","width":96,"height":96,"caption":"admin"}},{"@type":"WebPage","@id":"https:\/\/eldigitaldeasturias.com\/magazine365\/aena-propone-a-la-cnmc-mantener-congeladas-las-tarifas-aereas-en-2016\/#webpage","url":"https:\/\/eldigitaldeasturias.com\/magazine365\/aena-propone-a-la-cnmc-mantener-congeladas-las-tarifas-aereas-en-2016\/","name":"Aena propone a la CNMC mantener congeladas las tarifas a\u00e9reas en 2016 | El Digital de Asturias","description":"La comisi\u00f3n ejecutiva de Aena ha propuesto al regulador, la Comisi\u00f3n Nacional de los Mercados y de la Competencia (CNMC), mantener congeladas las tarifas a\u00e9reas en 2016. En concreto, Aena ha acordado presentar ante esta comisi\u00f3n \"la propuesta requerida por la misma, sobre modificaci\u00f3n tarifaria, en el sentido de mantener la congelaci\u00f3n de las tarifas","inLanguage":"es-ES","isPartOf":{"@id":"https:\/\/eldigitaldeasturias.com\/magazine365\/#website"},"breadcrumb":{"@id":"https:\/\/eldigitaldeasturias.com\/magazine365\/aena-propone-a-la-cnmc-mantener-congeladas-las-tarifas-aereas-en-2016\/#breadcrumblist"},"author":{"@id":"https:\/\/eldigitaldeasturias.com\/magazine365\/author\/admin\/#author"},"creator":{"@id":"https:\/\/eldigitaldeasturias.com\/magazine365\/author\/admin\/#author"},"image":{"@type":"ImageObject","url":"https:\/\/eldigitaldeasturias.com\/magazine365\/wp-content\/uploads\/2015\/07\/fotonoticia_20150714121418_800.jpg","@id":"https:\/\/eldigitaldeasturias.com\/magazine365\/aena-propone-a-la-cnmc-mantener-congeladas-las-tarifas-aereas-en-2016\/#mainImage","width":800,"height":572},"primaryImageOfPage":{"@id":"https:\/\/eldigitaldeasturias.com\/magazine365\/aena-propone-a-la-cnmc-mantener-congeladas-las-tarifas-aereas-en-2016\/#mainImage"},"datePublished":"2015-07-14T13:45:11+02:00","dateModified":"2015-07-14T13:45:11+02:00"},{"@type":"WebSite","@id":"https:\/\/eldigitaldeasturias.com\/magazine365\/#website","url":"https:\/\/eldigitaldeasturias.com\/magazine365\/","name":"El Digital de Asturias","description":"Revista de ocio, turismo y estilo de vida","inLanguage":"es-ES","publisher":{"@id":"https:\/\/eldigitaldeasturias.com\/magazine365\/#organization"}}]},"og:locale":"es_ES","og:site_name":"El Digital de Asturias \u2013 Revista de ocio, turismo y estilo de vida","og:type":"article","og:title":"Aena propone a la CNMC mantener congeladas las tarifas a\u00e9reas en 2016 | El Digital de Asturias","og:description":"La comisi\u00f3n ejecutiva de Aena ha propuesto al regulador, la Comisi\u00f3n Nacional de los Mercados y de la Competencia (CNMC), mantener congeladas las tarifas a\u00e9reas en 2016. En concreto, Aena ha acordado presentar ante esta comisi\u00f3n &quot;la propuesta requerida por la misma, sobre modificaci\u00f3n tarifaria, en el sentido de mantener la congelaci\u00f3n de las tarifas","og:url":"https:\/\/eldigitaldeasturias.com\/magazine365\/aena-propone-a-la-cnmc-mantener-congeladas-las-tarifas-aereas-en-2016\/","og:image":"https:\/\/eldigitaldeasturias.com\/magazine365\/wp-content\/uploads\/2015\/07\/fotonoticia_20150714121418_800.jpg","og:image:secure_url":"https:\/\/eldigitaldeasturias.com\/magazine365\/wp-content\/uploads\/2015\/07\/fotonoticia_20150714121418_800.jpg","og:image:width":800,"og:image:height":572,"article:published_time":"2015-07-14T11:45:11+00:00","article:modified_time":"2015-07-14T11:45:11+00:00","twitter:card":"summary_large_image","twitter:title":"Aena propone a la CNMC mantener congeladas las tarifas a\u00e9reas en 2016 | El Digital de Asturias","twitter:description":"La comisi\u00f3n ejecutiva de Aena ha propuesto al regulador, la Comisi\u00f3n Nacional de los Mercados y de la Competencia (CNMC), mantener congeladas las tarifas a\u00e9reas en 2016. En concreto, Aena ha acordado presentar ante esta comisi\u00f3n &quot;la propuesta requerida por la misma, sobre modificaci\u00f3n tarifaria, en el sentido de mantener la congelaci\u00f3n de las tarifas","twitter:image":"https:\/\/eldigitaldeasturias.com\/magazine365\/wp-content\/uploads\/2015\/07\/fotonoticia_20150714121418_800.jpg"},"aioseo_meta_data":{"post_id":"42602","title":null,"description":null,"keywords":null,"keyphrases":null,"primary_term":null,"canonical_url":null,"og_title":null,"og_description":null,"og_object_type":"default","og_image_type":"default","og_image_url":null,"og_image_width":null,"og_image_height":null,"og_image_custom_url":null,"og_image_custom_fields":null,"og_video":null,"og_custom_url":null,"og_article_section":null,"og_article_tags":null,"twitter_use_og":false,"twitter_card":"default","twitter_image_type":"default","twitter_image_url":null,"twitter_image_custom_url":null,"twitter_image_custom_fields":null,"twitter_title":null,"twitter_description":null,"schema":{"blockGraphs":[],"customGraphs":[],"default":{"data":{"Article":[],"Course":[],"Dataset":[],"FAQPage":[],"Movie":[],"Person":[],"Product":[],"ProductReview":[],"Car":[],"Recipe":[],"Service":[],"SoftwareApplication":[],"WebPage":[]},"graphName":"","isEnabled":true},"graphs":[],"defaultGraph":"","defaultPostTypeGraph":""},"schema_type":null,"schema_type_options":null,"pillar_content":false,"robots_default":true,"robots_noindex":false,"robots_noarchive":false,"robots_nosnippet":false,"robots_nofollow":false,"robots_noimageindex":false,"robots_noodp":false,"robots_notranslate":false,"robots_max_snippet":null,"robots_max_videopreview":null,"robots_max_imagepreview":"large","priority":null,"frequency":null,"location":null,"local_seo":null,"seo_analyzer_scan_date":"2025-09-19 18:05:14","breadcrumb_settings":null,"limit_modified_date":false,"open_ai":null,"ai":null,"created":"2021-03-09 01:58:55","updated":"2025-09-19 18:05:14"},"aioseo_breadcrumb":"<div class=\"aioseo-breadcrumbs\"><span class=\"aioseo-breadcrumb\">\n\t<a href=\"https:\/\/eldigitaldeasturias.com\/magazine365\" title=\"Home\">Home<\/a>\n<\/span><span class=\"aioseo-breadcrumb-separator\">\u2013<\/span><span class=\"aioseo-breadcrumb\">\n\t<a href=\"https:\/\/eldigitaldeasturias.com\/magazine365\/category\/noticias-actualidad\/\" title=\"Noticias y Actualidad\">Noticias y Actualidad<\/a>\n<\/span><span class=\"aioseo-breadcrumb-separator\">\u2013<\/span><span class=\"aioseo-breadcrumb\">\n\t<a href=\"https:\/\/eldigitaldeasturias.com\/magazine365\/aena-propone-a-la-cnmc-mantener-congeladas-las-tarifas-aereas-en-2016\/\" title=\"Aena propone a la CNMC mantener congeladas las tarifas a\u00e9reas en 2016\">Aena propone a la CNMC mantener congeladas las tarifas a\u00e9reas en 2016<\/a>\n<\/span><\/div>","aioseo_breadcrumb_json":[{"label":"Home","link":"https:\/\/eldigitaldeasturias.com\/magazine365"},{"label":"Noticias y Actualidad","link":"https:\/\/eldigitaldeasturias.com\/magazine365\/category\/noticias-actualidad\/"},{"label":"Aena propone a la CNMC mantener congeladas las tarifas a\u00e9reas en 2016","link":"https:\/\/eldigitaldeasturias.com\/magazine365\/aena-propone-a-la-cnmc-mantener-congeladas-las-tarifas-aereas-en-2016\/"}],"_links":{"self":[{"href":"https:\/\/eldigitaldeasturias.com\/magazine365\/wp-json\/wp\/v2\/posts\/42602","targetHints":{"allow":["GET"]}}],"collection":[{"href":"https:\/\/eldigitaldeasturias.com\/magazine365\/wp-json\/wp\/v2\/posts"}],"about":[{"href":"https:\/\/eldigitaldeasturias.com\/magazine365\/wp-json\/wp\/v2\/types\/post"}],"author":[{"embeddable":true,"href":"https:\/\/eldigitaldeasturias.com\/magazine365\/wp-json\/wp\/v2\/users\/1"}],"replies":[{"embeddable":true,"href":"https:\/\/eldigitaldeasturias.com\/magazine365\/wp-json\/wp\/v2\/comments?post=42602"}],"version-history":[{"count":0,"href":"https:\/\/eldigitaldeasturias.com\/magazine365\/wp-json\/wp\/v2\/posts\/42602\/revisions"}],"wp:featuredmedia":[{"embeddable":true,"href":"https:\/\/eldigitaldeasturias.com\/magazine365\/wp-json\/wp\/v2\/media\/42603"}],"wp:attachment":[{"href":"https:\/\/eldigitaldeasturias.com\/magazine365\/wp-json\/wp\/v2\/media?parent=42602"}],"wp:term":[{"taxonomy":"category","embeddable":true,"href":"https:\/\/eldigitaldeasturias.com\/magazine365\/wp-json\/wp\/v2\/categories?post=42602"},{"taxonomy":"post_tag","embeddable":true,"href":"https:\/\/eldigitaldeasturias.com\/magazine365\/wp-json\/wp\/v2\/tags?post=42602"}],"curies":[{"name":"wp","href":"https:\/\/api.w.org\/{rel}","templated":true}]}}