{"id":42591,"date":"2015-07-14T01:45:43","date_gmt":"2015-07-13T23:45:43","guid":{"rendered":"http:\/\/eldigitaldeasturias.com\/magazine365\/?p=42591"},"modified":"2015-07-14T01:45:43","modified_gmt":"2015-07-13T23:45:43","slug":"la-via-verde-de-segura-estara-terminada-en-septiembre-tras-invertir-21-millones-de-euros","status":"publish","type":"post","link":"https:\/\/eldigitaldeasturias.com\/magazine365\/la-via-verde-de-segura-estara-terminada-en-septiembre-tras-invertir-21-millones-de-euros\/","title":{"rendered":"La V\u00eda Verde de Segura estar\u00e1 terminada en septiembre tras invertir 2,1 millones de euros"},"content":{"rendered":"<p><img fetchpriority=\"high\" decoding=\"async\" class=\"alignleft size-medium wp-image-42592\" src=\"https:\/\/eldigitaldeasturias.com\/magazine365\/wp-content\/uploads\/2015\/07\/fotonoticia_20150713173123_800-360x203.jpg\" alt=\"fotonoticia_20150713173123_800\" width=\"360\" height=\"203\" srcset=\"https:\/\/eldigitaldeasturias.com\/magazine365\/wp-content\/uploads\/2015\/07\/fotonoticia_20150713173123_800-360x203.jpg 360w, https:\/\/eldigitaldeasturias.com\/magazine365\/wp-content\/uploads\/2015\/07\/fotonoticia_20150713173123_800-650x366.jpg 650w, https:\/\/eldigitaldeasturias.com\/magazine365\/wp-content\/uploads\/2015\/07\/fotonoticia_20150713173123_800-768x432.jpg 768w, https:\/\/eldigitaldeasturias.com\/magazine365\/wp-content\/uploads\/2015\/07\/fotonoticia_20150713173123_800-150x84.jpg 150w, https:\/\/eldigitaldeasturias.com\/magazine365\/wp-content\/uploads\/2015\/07\/fotonoticia_20150713173123_800-450x253.jpg 450w, https:\/\/eldigitaldeasturias.com\/magazine365\/wp-content\/uploads\/2015\/07\/fotonoticia_20150713173123_800-696x392.jpg 696w, https:\/\/eldigitaldeasturias.com\/magazine365\/wp-content\/uploads\/2015\/07\/fotonoticia_20150713173123_800-747x420.jpg 747w, https:\/\/eldigitaldeasturias.com\/magazine365\/wp-content\/uploads\/2015\/07\/fotonoticia_20150713173123_800-499x280.jpg 499w, https:\/\/eldigitaldeasturias.com\/magazine365\/wp-content\/uploads\/2015\/07\/fotonoticia_20150713173123_800.jpg 800w\" sizes=\"(max-width: 360px) 100vw, 360px\" \/>Las obras de acondicionamiento del trazado ferroviario en desuso entre Baeza y Utiel, para su trasformaci\u00f3n en v\u00eda verde estar\u00e1n finalizadas en el mes de septiembre.<\/p>\n<p>El proyecto, que est\u00e1 siendo ejecutado por la empresa p\u00fablica Tragsa y que ha contado con un presupuesto de 2,14 millones de euros, aportados por el Ministerio de Agricultura, Alimentaci\u00f3n y Medio Ambiente (Magrama), recupera para el uso p\u00fablico los 27,6 kil\u00f3metros de vieja l\u00ednea ferroviaria a su paso por seis municipios de la Sierra de Segura.<\/p>\n<p>La V\u00eda Verde de Segura, en su tramo entre Arroyo del Ojanco y el l\u00edmite con la provincia de Albacete, atraviesa adem\u00e1s los t\u00e9rminos municipales de Segura de la Sierra, Puente de G\u00e9nave, La Puerta de Segura, G\u00e9nave y Villarrodrigo, intern\u00e1ndose en algunas zonas por el Parque Natural de Cazorla, Segura y Las Villas.<\/p>\n<p>De acuerdo con las explicaciones de los t\u00e9cnicos ofrecidas en la reciente visita del delegado del Gobierno en Andaluc\u00eda, Antonio Sanz, el antiguo trazado del ferrocarril se encontraba \u00abmuy deteriorado\u00bb, presentando en algunos tramos acumulaciones de tierras y rocas procedentes de desprendimientos de los taludes, e incluso en otras partes la antigua v\u00eda se hab\u00eda convertido en cauce de un arroyo a lo largo de varios kil\u00f3metros.<\/p>\n<p>Los primeros trabajos se dedicaron a la retirada de tierras y escombros, la limpieza de las cunetas de hormig\u00f3n existentes, que se encontraban todas anegadas, y la realizaci\u00f3n de drenajes en bastantes zonas del camino.<\/p>\n<p>Seguidamente se iniciaron las obras de f\u00e1brica, con la construcci\u00f3n o reconstrucci\u00f3n de losas de hormig\u00f3n para los cruces de caminos, reparaci\u00f3n de t\u00faneles y bajantes, adem\u00e1s de la instalaci\u00f3n de vallas de madera, barandillas y protecciones de taludes. El siguiente paso ha sido la construcci\u00f3n a lo largo del camino de siete \u00e1reas de descanso, todas ellas dotadas de mesa y banco de madera adaptados a personas de movilidad reducida, aparcabicis y papeleras o contenedores.<\/p>\n<p>REPOBLADA LA VEGETACI\u00d3N<\/p>\n<p>Todas estas obras se han completado con la revegetaci\u00f3n de la v\u00eda con numerosas especies de \u00e1rboles y arbustos\u00bb, como pinos, encinas y quejigos; retamas, jazmines silvestres, lentiscos, romero, espliego mejorana o mirto, mientras que para las \u00e1reas de descanso los t\u00e9cnicos han optado por la plantaci\u00f3n de olmos y fresnos y arbustos, como adelfas y romero.<\/p>\n<p>Una vez que se abra al p\u00fablico, el Camino Natural de Segura se unir\u00e1 al corredor verde que el Ministerio de Agricultura, Alimentaci\u00f3n y Medio Ambiente y la Diputaci\u00f3n Provincial de Ja\u00e9n est\u00e1n creando para conectar las provincias de C\u00f3rdoba, Ja\u00e9n y Albacete.<\/p>\n<p>En Ja\u00e9n ya se encuentra en servicio la V\u00eda Verde del Aceite, de 55,5 kil\u00f3metros de longitud, que discurre por Ja\u00e9n, Torredelcampo, Torredonjimeno, Martos y Alcaudete, y el Camino Natural V\u00eda Verde del Guadalimar, que actualmente tiene 15,3 kil\u00f3metros, y atraviesa los t\u00e9rminos de Linares, Ibros, Lupi\u00f3n, Torreblascopedro y Beg\u00edjar.<\/p>\n<p>El Programa de Caminos Naturales del Magrama se inici\u00f3 en el a\u00f1o 1993 para crear rutas se\u00f1alizadas que contribuyeran al fomento del desarrollo del medio rural y satisfacer la demanda creciente para la utilizaci\u00f3n eco-recreativa de itinerarios preferentemente no motorizados que les permita a los usuarios acercarse a la naturaleza y al medio rural. En el caso de la provincia de Ja\u00e9n, el programa utiliza plataformas de ferrocarril en desuso para convertirlas en recorridos senderistas y cicloturistas.<\/p>\n","protected":false},"excerpt":{"rendered":"<p>Las obras de acondicionamiento del trazado ferroviario en desuso entre Baeza y Utiel, para su trasformaci\u00f3n en v\u00eda verde estar\u00e1n finalizadas en el mes de septiembre. El proyecto, que est\u00e1 siendo ejecutado por la empresa p\u00fablica Tragsa y que ha contado con un presupuesto de 2,14 millones de euros, aportados por el Ministerio de Agricultura,<\/p>\n","protected":false},"author":1,"featured_media":42592,"comment_status":"open","ping_status":"closed","sticky":false,"template":"","format":"standard","meta":{"footnotes":""},"categories":[222],"tags":[],"class_list":{"0":"post-42591","1":"post","2":"type-post","3":"status-publish","4":"format-standard","5":"has-post-thumbnail","7":"category-actualidad-turismo"},"aioseo_notices":[],"aioseo_head":"\n\t\t<!-- All in One SEO Pro 4.9.6.1 - aioseo.com -->\n\t<meta name=\"description\" content=\"Las obras de acondicionamiento del trazado ferroviario en desuso entre Baeza y Utiel, para su trasformaci\u00f3n en v\u00eda verde estar\u00e1n finalizadas en el mes de septiembre. El proyecto, que est\u00e1 siendo ejecutado por la empresa p\u00fablica Tragsa y que ha contado con un presupuesto de 2,14 millones de euros, aportados por el Ministerio de Agricultura,\" \/>\n\t<meta name=\"robots\" content=\"max-image-preview:large\" \/>\n\t<meta name=\"author\" content=\"admin\"\/>\n\t<meta name=\"google-site-verification\" content=\"UA-38556648-1\" \/>\n\t<meta name=\"keywords\" content=\"actualidad turismo\" \/>\n\t<link rel=\"canonical\" href=\"https:\/\/eldigitaldeasturias.com\/magazine365\/la-via-verde-de-segura-estara-terminada-en-septiembre-tras-invertir-21-millones-de-euros\/\" \/>\n\t<meta name=\"generator\" content=\"All in One SEO Pro (AIOSEO) 4.9.6.1\" \/>\n\t\t<meta property=\"og:locale\" content=\"es_ES\" \/>\n\t\t<meta property=\"og:site_name\" content=\"El Digital de Asturias \u2013 Revista de ocio, turismo y estilo de vida\" \/>\n\t\t<meta property=\"og:type\" content=\"article\" \/>\n\t\t<meta property=\"og:title\" content=\"La V\u00eda Verde de Segura estar\u00e1 terminada en septiembre tras invertir 2,1 millones de euros | El Digital de Asturias\" \/>\n\t\t<meta property=\"og:description\" content=\"Las obras de acondicionamiento del trazado ferroviario en desuso entre Baeza y Utiel, para su trasformaci\u00f3n en v\u00eda verde estar\u00e1n finalizadas en el mes de septiembre. El proyecto, que est\u00e1 siendo ejecutado por la empresa p\u00fablica Tragsa y que ha contado con un presupuesto de 2,14 millones de euros, aportados por el Ministerio de Agricultura,\" \/>\n\t\t<meta property=\"og:url\" content=\"https:\/\/eldigitaldeasturias.com\/magazine365\/la-via-verde-de-segura-estara-terminada-en-septiembre-tras-invertir-21-millones-de-euros\/\" \/>\n\t\t<meta property=\"og:image\" content=\"https:\/\/eldigitaldeasturias.com\/magazine365\/wp-content\/uploads\/2015\/07\/fotonoticia_20150713173123_800.jpg\" \/>\n\t\t<meta property=\"og:image:secure_url\" content=\"https:\/\/eldigitaldeasturias.com\/magazine365\/wp-content\/uploads\/2015\/07\/fotonoticia_20150713173123_800.jpg\" \/>\n\t\t<meta property=\"og:image:width\" content=\"800\" \/>\n\t\t<meta property=\"og:image:height\" content=\"450\" \/>\n\t\t<meta property=\"article:published_time\" content=\"2015-07-13T23:45:43+00:00\" \/>\n\t\t<meta property=\"article:modified_time\" content=\"2015-07-13T23:45:43+00:00\" \/>\n\t\t<meta name=\"twitter:card\" content=\"summary_large_image\" \/>\n\t\t<meta name=\"twitter:title\" content=\"La V\u00eda Verde de Segura estar\u00e1 terminada en septiembre tras invertir 2,1 millones de euros | El Digital de Asturias\" \/>\n\t\t<meta name=\"twitter:description\" content=\"Las obras de acondicionamiento del trazado ferroviario en desuso entre Baeza y Utiel, para su trasformaci\u00f3n en v\u00eda verde estar\u00e1n finalizadas en el mes de septiembre. El proyecto, que est\u00e1 siendo ejecutado por la empresa p\u00fablica Tragsa y que ha contado con un presupuesto de 2,14 millones de euros, aportados por el Ministerio de Agricultura,\" \/>\n\t\t<meta name=\"twitter:image\" content=\"https:\/\/eldigitaldeasturias.com\/magazine365\/wp-content\/uploads\/2015\/07\/fotonoticia_20150713173123_800.jpg\" \/>\n\t\t<script type=\"application\/ld+json\" class=\"aioseo-schema\">\n\t\t\t{\"@context\":\"https:\\\/\\\/schema.org\",\"@graph\":[{\"@type\":\"Article\",\"@id\":\"https:\\\/\\\/eldigitaldeasturias.com\\\/magazine365\\\/la-via-verde-de-segura-estara-terminada-en-septiembre-tras-invertir-21-millones-de-euros\\\/#article\",\"name\":\"La V\\u00eda Verde de Segura estar\\u00e1 terminada en septiembre tras invertir 2,1 millones de euros | El Digital de Asturias\",\"headline\":\"La V\\u00eda Verde de Segura estar\\u00e1 terminada en septiembre tras invertir 2,1 millones de euros\",\"author\":{\"@id\":\"https:\\\/\\\/eldigitaldeasturias.com\\\/magazine365\\\/author\\\/admin\\\/#author\"},\"publisher\":{\"@id\":\"https:\\\/\\\/eldigitaldeasturias.com\\\/magazine365\\\/#organization\"},\"image\":{\"@type\":\"ImageObject\",\"url\":\"https:\\\/\\\/eldigitaldeasturias.com\\\/magazine365\\\/wp-content\\\/uploads\\\/2015\\\/07\\\/fotonoticia_20150713173123_800.jpg\",\"width\":800,\"height\":450},\"datePublished\":\"2015-07-14T01:45:43+02:00\",\"dateModified\":\"2015-07-14T01:45:43+02:00\",\"inLanguage\":\"es-ES\",\"mainEntityOfPage\":{\"@id\":\"https:\\\/\\\/eldigitaldeasturias.com\\\/magazine365\\\/la-via-verde-de-segura-estara-terminada-en-septiembre-tras-invertir-21-millones-de-euros\\\/#webpage\"},\"isPartOf\":{\"@id\":\"https:\\\/\\\/eldigitaldeasturias.com\\\/magazine365\\\/la-via-verde-de-segura-estara-terminada-en-septiembre-tras-invertir-21-millones-de-euros\\\/#webpage\"},\"articleSection\":\"Actualidad Turismo\"},{\"@type\":\"BreadcrumbList\",\"@id\":\"https:\\\/\\\/eldigitaldeasturias.com\\\/magazine365\\\/la-via-verde-de-segura-estara-terminada-en-septiembre-tras-invertir-21-millones-de-euros\\\/#breadcrumblist\",\"itemListElement\":[{\"@type\":\"ListItem\",\"@id\":\"https:\\\/\\\/eldigitaldeasturias.com\\\/magazine365#listItem\",\"position\":1,\"name\":\"Home\",\"item\":\"https:\\\/\\\/eldigitaldeasturias.com\\\/magazine365\",\"nextItem\":{\"@type\":\"ListItem\",\"@id\":\"https:\\\/\\\/eldigitaldeasturias.com\\\/magazine365\\\/category\\\/actualidad-turismo\\\/#listItem\",\"name\":\"Actualidad Turismo\"}},{\"@type\":\"ListItem\",\"@id\":\"https:\\\/\\\/eldigitaldeasturias.com\\\/magazine365\\\/category\\\/actualidad-turismo\\\/#listItem\",\"position\":2,\"name\":\"Actualidad Turismo\",\"item\":\"https:\\\/\\\/eldigitaldeasturias.com\\\/magazine365\\\/category\\\/actualidad-turismo\\\/\",\"nextItem\":{\"@type\":\"ListItem\",\"@id\":\"https:\\\/\\\/eldigitaldeasturias.com\\\/magazine365\\\/la-via-verde-de-segura-estara-terminada-en-septiembre-tras-invertir-21-millones-de-euros\\\/#listItem\",\"name\":\"La V\\u00eda Verde de Segura estar\\u00e1 terminada en septiembre tras invertir 2,1 millones de euros\"},\"previousItem\":{\"@type\":\"ListItem\",\"@id\":\"https:\\\/\\\/eldigitaldeasturias.com\\\/magazine365#listItem\",\"name\":\"Home\"}},{\"@type\":\"ListItem\",\"@id\":\"https:\\\/\\\/eldigitaldeasturias.com\\\/magazine365\\\/la-via-verde-de-segura-estara-terminada-en-septiembre-tras-invertir-21-millones-de-euros\\\/#listItem\",\"position\":3,\"name\":\"La V\\u00eda Verde de Segura estar\\u00e1 terminada en septiembre tras invertir 2,1 millones de euros\",\"previousItem\":{\"@type\":\"ListItem\",\"@id\":\"https:\\\/\\\/eldigitaldeasturias.com\\\/magazine365\\\/category\\\/actualidad-turismo\\\/#listItem\",\"name\":\"Actualidad Turismo\"}}]},{\"@type\":\"Organization\",\"@id\":\"https:\\\/\\\/eldigitaldeasturias.com\\\/magazine365\\\/#organization\",\"name\":\"El digital de Asturias\",\"description\":\"Revista de ocio, turismo y estilo de vida\",\"url\":\"https:\\\/\\\/eldigitaldeasturias.com\\\/magazine365\\\/\",\"logo\":{\"@type\":\"ImageObject\",\"url\":\"https:\\\/\\\/www.eldigitaldeasturias.com\\\/noticias\\\/wp-content\\\/uploads\\\/2020\\\/12\\\/EDA.jpg\",\"@id\":\"https:\\\/\\\/eldigitaldeasturias.com\\\/magazine365\\\/la-via-verde-de-segura-estara-terminada-en-septiembre-tras-invertir-21-millones-de-euros\\\/#organizationLogo\"},\"image\":{\"@id\":\"https:\\\/\\\/eldigitaldeasturias.com\\\/magazine365\\\/la-via-verde-de-segura-estara-terminada-en-septiembre-tras-invertir-21-millones-de-euros\\\/#organizationLogo\"}},{\"@type\":\"Person\",\"@id\":\"https:\\\/\\\/eldigitaldeasturias.com\\\/magazine365\\\/author\\\/admin\\\/#author\",\"url\":\"https:\\\/\\\/eldigitaldeasturias.com\\\/magazine365\\\/author\\\/admin\\\/\",\"name\":\"admin\",\"image\":{\"@type\":\"ImageObject\",\"@id\":\"https:\\\/\\\/eldigitaldeasturias.com\\\/magazine365\\\/la-via-verde-de-segura-estara-terminada-en-septiembre-tras-invertir-21-millones-de-euros\\\/#authorImage\",\"url\":\"https:\\\/\\\/eldigitaldeasturias.com\\\/magazine365\\\/wp-content\\\/litespeed\\\/avatar\\\/e571bcf59a0edd6fa6838245a470f2fe.jpg?ver=1777574230\",\"width\":96,\"height\":96,\"caption\":\"admin\"}},{\"@type\":\"WebPage\",\"@id\":\"https:\\\/\\\/eldigitaldeasturias.com\\\/magazine365\\\/la-via-verde-de-segura-estara-terminada-en-septiembre-tras-invertir-21-millones-de-euros\\\/#webpage\",\"url\":\"https:\\\/\\\/eldigitaldeasturias.com\\\/magazine365\\\/la-via-verde-de-segura-estara-terminada-en-septiembre-tras-invertir-21-millones-de-euros\\\/\",\"name\":\"La V\\u00eda Verde de Segura estar\\u00e1 terminada en septiembre tras invertir 2,1 millones de euros | El Digital de Asturias\",\"description\":\"Las obras de acondicionamiento del trazado ferroviario en desuso entre Baeza y Utiel, para su trasformaci\\u00f3n en v\\u00eda verde estar\\u00e1n finalizadas en el mes de septiembre. El proyecto, que est\\u00e1 siendo ejecutado por la empresa p\\u00fablica Tragsa y que ha contado con un presupuesto de 2,14 millones de euros, aportados por el Ministerio de Agricultura,\",\"inLanguage\":\"es-ES\",\"isPartOf\":{\"@id\":\"https:\\\/\\\/eldigitaldeasturias.com\\\/magazine365\\\/#website\"},\"breadcrumb\":{\"@id\":\"https:\\\/\\\/eldigitaldeasturias.com\\\/magazine365\\\/la-via-verde-de-segura-estara-terminada-en-septiembre-tras-invertir-21-millones-de-euros\\\/#breadcrumblist\"},\"author\":{\"@id\":\"https:\\\/\\\/eldigitaldeasturias.com\\\/magazine365\\\/author\\\/admin\\\/#author\"},\"creator\":{\"@id\":\"https:\\\/\\\/eldigitaldeasturias.com\\\/magazine365\\\/author\\\/admin\\\/#author\"},\"image\":{\"@type\":\"ImageObject\",\"url\":\"https:\\\/\\\/eldigitaldeasturias.com\\\/magazine365\\\/wp-content\\\/uploads\\\/2015\\\/07\\\/fotonoticia_20150713173123_800.jpg\",\"@id\":\"https:\\\/\\\/eldigitaldeasturias.com\\\/magazine365\\\/la-via-verde-de-segura-estara-terminada-en-septiembre-tras-invertir-21-millones-de-euros\\\/#mainImage\",\"width\":800,\"height\":450},\"primaryImageOfPage\":{\"@id\":\"https:\\\/\\\/eldigitaldeasturias.com\\\/magazine365\\\/la-via-verde-de-segura-estara-terminada-en-septiembre-tras-invertir-21-millones-de-euros\\\/#mainImage\"},\"datePublished\":\"2015-07-14T01:45:43+02:00\",\"dateModified\":\"2015-07-14T01:45:43+02:00\"},{\"@type\":\"WebSite\",\"@id\":\"https:\\\/\\\/eldigitaldeasturias.com\\\/magazine365\\\/#website\",\"url\":\"https:\\\/\\\/eldigitaldeasturias.com\\\/magazine365\\\/\",\"name\":\"El Digital de Asturias\",\"description\":\"Revista de ocio, turismo y estilo de vida\",\"inLanguage\":\"es-ES\",\"publisher\":{\"@id\":\"https:\\\/\\\/eldigitaldeasturias.com\\\/magazine365\\\/#organization\"}}]}\n\t\t<\/script>\n\t\t<!-- All in One SEO Pro -->\r\n\t\t<title>La V\u00eda Verde de Segura estar\u00e1 terminada en septiembre tras invertir 2,1 millones de euros | El Digital de Asturias<\/title>\n\n","aioseo_head_json":{"title":"La V\u00eda Verde de Segura estar\u00e1 terminada en septiembre tras invertir 2,1 millones de euros | El Digital de Asturias","description":"Las obras de acondicionamiento del trazado ferroviario en desuso entre Baeza y Utiel, para su trasformaci\u00f3n en v\u00eda verde estar\u00e1n finalizadas en el mes de septiembre. El proyecto, que est\u00e1 siendo ejecutado por la empresa p\u00fablica Tragsa y que ha contado con un presupuesto de 2,14 millones de euros, aportados por el Ministerio de Agricultura,","canonical_url":"https:\/\/eldigitaldeasturias.com\/magazine365\/la-via-verde-de-segura-estara-terminada-en-septiembre-tras-invertir-21-millones-de-euros\/","robots":"max-image-preview:large","keywords":"actualidad turismo","webmasterTools":{"google-site-verification":"UA-38556648-1","miscellaneous":""},"schema":{"@context":"https:\/\/schema.org","@graph":[{"@type":"Article","@id":"https:\/\/eldigitaldeasturias.com\/magazine365\/la-via-verde-de-segura-estara-terminada-en-septiembre-tras-invertir-21-millones-de-euros\/#article","name":"La V\u00eda Verde de Segura estar\u00e1 terminada en septiembre tras invertir 2,1 millones de euros | El Digital de Asturias","headline":"La V\u00eda Verde de Segura estar\u00e1 terminada en septiembre tras invertir 2,1 millones de euros","author":{"@id":"https:\/\/eldigitaldeasturias.com\/magazine365\/author\/admin\/#author"},"publisher":{"@id":"https:\/\/eldigitaldeasturias.com\/magazine365\/#organization"},"image":{"@type":"ImageObject","url":"https:\/\/eldigitaldeasturias.com\/magazine365\/wp-content\/uploads\/2015\/07\/fotonoticia_20150713173123_800.jpg","width":800,"height":450},"datePublished":"2015-07-14T01:45:43+02:00","dateModified":"2015-07-14T01:45:43+02:00","inLanguage":"es-ES","mainEntityOfPage":{"@id":"https:\/\/eldigitaldeasturias.com\/magazine365\/la-via-verde-de-segura-estara-terminada-en-septiembre-tras-invertir-21-millones-de-euros\/#webpage"},"isPartOf":{"@id":"https:\/\/eldigitaldeasturias.com\/magazine365\/la-via-verde-de-segura-estara-terminada-en-septiembre-tras-invertir-21-millones-de-euros\/#webpage"},"articleSection":"Actualidad Turismo"},{"@type":"BreadcrumbList","@id":"https:\/\/eldigitaldeasturias.com\/magazine365\/la-via-verde-de-segura-estara-terminada-en-septiembre-tras-invertir-21-millones-de-euros\/#breadcrumblist","itemListElement":[{"@type":"ListItem","@id":"https:\/\/eldigitaldeasturias.com\/magazine365#listItem","position":1,"name":"Home","item":"https:\/\/eldigitaldeasturias.com\/magazine365","nextItem":{"@type":"ListItem","@id":"https:\/\/eldigitaldeasturias.com\/magazine365\/category\/actualidad-turismo\/#listItem","name":"Actualidad Turismo"}},{"@type":"ListItem","@id":"https:\/\/eldigitaldeasturias.com\/magazine365\/category\/actualidad-turismo\/#listItem","position":2,"name":"Actualidad Turismo","item":"https:\/\/eldigitaldeasturias.com\/magazine365\/category\/actualidad-turismo\/","nextItem":{"@type":"ListItem","@id":"https:\/\/eldigitaldeasturias.com\/magazine365\/la-via-verde-de-segura-estara-terminada-en-septiembre-tras-invertir-21-millones-de-euros\/#listItem","name":"La V\u00eda Verde de Segura estar\u00e1 terminada en septiembre tras invertir 2,1 millones de euros"},"previousItem":{"@type":"ListItem","@id":"https:\/\/eldigitaldeasturias.com\/magazine365#listItem","name":"Home"}},{"@type":"ListItem","@id":"https:\/\/eldigitaldeasturias.com\/magazine365\/la-via-verde-de-segura-estara-terminada-en-septiembre-tras-invertir-21-millones-de-euros\/#listItem","position":3,"name":"La V\u00eda Verde de Segura estar\u00e1 terminada en septiembre tras invertir 2,1 millones de euros","previousItem":{"@type":"ListItem","@id":"https:\/\/eldigitaldeasturias.com\/magazine365\/category\/actualidad-turismo\/#listItem","name":"Actualidad Turismo"}}]},{"@type":"Organization","@id":"https:\/\/eldigitaldeasturias.com\/magazine365\/#organization","name":"El digital de Asturias","description":"Revista de ocio, turismo y estilo de vida","url":"https:\/\/eldigitaldeasturias.com\/magazine365\/","logo":{"@type":"ImageObject","url":"https:\/\/www.eldigitaldeasturias.com\/noticias\/wp-content\/uploads\/2020\/12\/EDA.jpg","@id":"https:\/\/eldigitaldeasturias.com\/magazine365\/la-via-verde-de-segura-estara-terminada-en-septiembre-tras-invertir-21-millones-de-euros\/#organizationLogo"},"image":{"@id":"https:\/\/eldigitaldeasturias.com\/magazine365\/la-via-verde-de-segura-estara-terminada-en-septiembre-tras-invertir-21-millones-de-euros\/#organizationLogo"}},{"@type":"Person","@id":"https:\/\/eldigitaldeasturias.com\/magazine365\/author\/admin\/#author","url":"https:\/\/eldigitaldeasturias.com\/magazine365\/author\/admin\/","name":"admin","image":{"@type":"ImageObject","@id":"https:\/\/eldigitaldeasturias.com\/magazine365\/la-via-verde-de-segura-estara-terminada-en-septiembre-tras-invertir-21-millones-de-euros\/#authorImage","url":"https:\/\/eldigitaldeasturias.com\/magazine365\/wp-content\/litespeed\/avatar\/e571bcf59a0edd6fa6838245a470f2fe.jpg?ver=1777574230","width":96,"height":96,"caption":"admin"}},{"@type":"WebPage","@id":"https:\/\/eldigitaldeasturias.com\/magazine365\/la-via-verde-de-segura-estara-terminada-en-septiembre-tras-invertir-21-millones-de-euros\/#webpage","url":"https:\/\/eldigitaldeasturias.com\/magazine365\/la-via-verde-de-segura-estara-terminada-en-septiembre-tras-invertir-21-millones-de-euros\/","name":"La V\u00eda Verde de Segura estar\u00e1 terminada en septiembre tras invertir 2,1 millones de euros | El Digital de Asturias","description":"Las obras de acondicionamiento del trazado ferroviario en desuso entre Baeza y Utiel, para su trasformaci\u00f3n en v\u00eda verde estar\u00e1n finalizadas en el mes de septiembre. El proyecto, que est\u00e1 siendo ejecutado por la empresa p\u00fablica Tragsa y que ha contado con un presupuesto de 2,14 millones de euros, aportados por el Ministerio de Agricultura,","inLanguage":"es-ES","isPartOf":{"@id":"https:\/\/eldigitaldeasturias.com\/magazine365\/#website"},"breadcrumb":{"@id":"https:\/\/eldigitaldeasturias.com\/magazine365\/la-via-verde-de-segura-estara-terminada-en-septiembre-tras-invertir-21-millones-de-euros\/#breadcrumblist"},"author":{"@id":"https:\/\/eldigitaldeasturias.com\/magazine365\/author\/admin\/#author"},"creator":{"@id":"https:\/\/eldigitaldeasturias.com\/magazine365\/author\/admin\/#author"},"image":{"@type":"ImageObject","url":"https:\/\/eldigitaldeasturias.com\/magazine365\/wp-content\/uploads\/2015\/07\/fotonoticia_20150713173123_800.jpg","@id":"https:\/\/eldigitaldeasturias.com\/magazine365\/la-via-verde-de-segura-estara-terminada-en-septiembre-tras-invertir-21-millones-de-euros\/#mainImage","width":800,"height":450},"primaryImageOfPage":{"@id":"https:\/\/eldigitaldeasturias.com\/magazine365\/la-via-verde-de-segura-estara-terminada-en-septiembre-tras-invertir-21-millones-de-euros\/#mainImage"},"datePublished":"2015-07-14T01:45:43+02:00","dateModified":"2015-07-14T01:45:43+02:00"},{"@type":"WebSite","@id":"https:\/\/eldigitaldeasturias.com\/magazine365\/#website","url":"https:\/\/eldigitaldeasturias.com\/magazine365\/","name":"El Digital de Asturias","description":"Revista de ocio, turismo y estilo de vida","inLanguage":"es-ES","publisher":{"@id":"https:\/\/eldigitaldeasturias.com\/magazine365\/#organization"}}]},"og:locale":"es_ES","og:site_name":"El Digital de Asturias \u2013 Revista de ocio, turismo y estilo de vida","og:type":"article","og:title":"La V\u00eda Verde de Segura estar\u00e1 terminada en septiembre tras invertir 2,1 millones de euros | El Digital de Asturias","og:description":"Las obras de acondicionamiento del trazado ferroviario en desuso entre Baeza y Utiel, para su trasformaci\u00f3n en v\u00eda verde estar\u00e1n finalizadas en el mes de septiembre. El proyecto, que est\u00e1 siendo ejecutado por la empresa p\u00fablica Tragsa y que ha contado con un presupuesto de 2,14 millones de euros, aportados por el Ministerio de Agricultura,","og:url":"https:\/\/eldigitaldeasturias.com\/magazine365\/la-via-verde-de-segura-estara-terminada-en-septiembre-tras-invertir-21-millones-de-euros\/","og:image":"https:\/\/eldigitaldeasturias.com\/magazine365\/wp-content\/uploads\/2015\/07\/fotonoticia_20150713173123_800.jpg","og:image:secure_url":"https:\/\/eldigitaldeasturias.com\/magazine365\/wp-content\/uploads\/2015\/07\/fotonoticia_20150713173123_800.jpg","og:image:width":800,"og:image:height":450,"article:published_time":"2015-07-13T23:45:43+00:00","article:modified_time":"2015-07-13T23:45:43+00:00","twitter:card":"summary_large_image","twitter:title":"La V\u00eda Verde de Segura estar\u00e1 terminada en septiembre tras invertir 2,1 millones de euros | El Digital de Asturias","twitter:description":"Las obras de acondicionamiento del trazado ferroviario en desuso entre Baeza y Utiel, para su trasformaci\u00f3n en v\u00eda verde estar\u00e1n finalizadas en el mes de septiembre. El proyecto, que est\u00e1 siendo ejecutado por la empresa p\u00fablica Tragsa y que ha contado con un presupuesto de 2,14 millones de euros, aportados por el Ministerio de Agricultura,","twitter:image":"https:\/\/eldigitaldeasturias.com\/magazine365\/wp-content\/uploads\/2015\/07\/fotonoticia_20150713173123_800.jpg"},"aioseo_meta_data":{"post_id":"42591","title":null,"description":null,"keywords":null,"keyphrases":null,"primary_term":null,"canonical_url":null,"og_title":null,"og_description":null,"og_object_type":"default","og_image_type":"default","og_image_url":null,"og_image_width":null,"og_image_height":null,"og_image_custom_url":null,"og_image_custom_fields":null,"og_video":null,"og_custom_url":null,"og_article_section":null,"og_article_tags":null,"twitter_use_og":false,"twitter_card":"default","twitter_image_type":"default","twitter_image_url":null,"twitter_image_custom_url":null,"twitter_image_custom_fields":null,"twitter_title":null,"twitter_description":null,"schema":{"blockGraphs":[],"customGraphs":[],"default":{"data":{"Article":[],"Course":[],"Dataset":[],"FAQPage":[],"Movie":[],"Person":[],"Product":[],"ProductReview":[],"Car":[],"Recipe":[],"Service":[],"SoftwareApplication":[],"WebPage":[]},"graphName":"","isEnabled":true},"graphs":[],"defaultGraph":"","defaultPostTypeGraph":""},"schema_type":null,"schema_type_options":null,"pillar_content":false,"robots_default":true,"robots_noindex":false,"robots_noarchive":false,"robots_nosnippet":false,"robots_nofollow":false,"robots_noimageindex":false,"robots_noodp":false,"robots_notranslate":false,"robots_max_snippet":null,"robots_max_videopreview":null,"robots_max_imagepreview":"large","priority":null,"frequency":null,"location":null,"local_seo":null,"seo_analyzer_scan_date":"2025-09-19 18:02:01","breadcrumb_settings":null,"limit_modified_date":false,"open_ai":null,"ai":null,"created":"2021-03-09 01:58:55","updated":"2025-09-19 18:02:01"},"aioseo_breadcrumb":"<div class=\"aioseo-breadcrumbs\"><span class=\"aioseo-breadcrumb\">\n\t<a href=\"https:\/\/eldigitaldeasturias.com\/magazine365\" title=\"Home\">Home<\/a>\n<\/span><span class=\"aioseo-breadcrumb-separator\">\u2013<\/span><span class=\"aioseo-breadcrumb\">\n\t<a href=\"https:\/\/eldigitaldeasturias.com\/magazine365\/category\/actualidad-turismo\/\" title=\"Actualidad Turismo\">Actualidad Turismo<\/a>\n<\/span><span class=\"aioseo-breadcrumb-separator\">\u2013<\/span><span class=\"aioseo-breadcrumb\">\n\t<a href=\"https:\/\/eldigitaldeasturias.com\/magazine365\/la-via-verde-de-segura-estara-terminada-en-septiembre-tras-invertir-21-millones-de-euros\/\" title=\"La V\u00eda Verde de Segura estar\u00e1 terminada en septiembre tras invertir 2,1 millones de euros\">La V\u00eda Verde de Segura estar\u00e1 terminada en septiembre tras invertir 2,1 millones de euros<\/a>\n<\/span><\/div>","aioseo_breadcrumb_json":[{"label":"Home","link":"https:\/\/eldigitaldeasturias.com\/magazine365"},{"label":"Actualidad Turismo","link":"https:\/\/eldigitaldeasturias.com\/magazine365\/category\/actualidad-turismo\/"},{"label":"La V\u00eda Verde de Segura estar\u00e1 terminada en septiembre tras invertir 2,1 millones de euros","link":"https:\/\/eldigitaldeasturias.com\/magazine365\/la-via-verde-de-segura-estara-terminada-en-septiembre-tras-invertir-21-millones-de-euros\/"}],"_links":{"self":[{"href":"https:\/\/eldigitaldeasturias.com\/magazine365\/wp-json\/wp\/v2\/posts\/42591","targetHints":{"allow":["GET"]}}],"collection":[{"href":"https:\/\/eldigitaldeasturias.com\/magazine365\/wp-json\/wp\/v2\/posts"}],"about":[{"href":"https:\/\/eldigitaldeasturias.com\/magazine365\/wp-json\/wp\/v2\/types\/post"}],"author":[{"embeddable":true,"href":"https:\/\/eldigitaldeasturias.com\/magazine365\/wp-json\/wp\/v2\/users\/1"}],"replies":[{"embeddable":true,"href":"https:\/\/eldigitaldeasturias.com\/magazine365\/wp-json\/wp\/v2\/comments?post=42591"}],"version-history":[{"count":0,"href":"https:\/\/eldigitaldeasturias.com\/magazine365\/wp-json\/wp\/v2\/posts\/42591\/revisions"}],"wp:featuredmedia":[{"embeddable":true,"href":"https:\/\/eldigitaldeasturias.com\/magazine365\/wp-json\/wp\/v2\/media\/42592"}],"wp:attachment":[{"href":"https:\/\/eldigitaldeasturias.com\/magazine365\/wp-json\/wp\/v2\/media?parent=42591"}],"wp:term":[{"taxonomy":"category","embeddable":true,"href":"https:\/\/eldigitaldeasturias.com\/magazine365\/wp-json\/wp\/v2\/categories?post=42591"},{"taxonomy":"post_tag","embeddable":true,"href":"https:\/\/eldigitaldeasturias.com\/magazine365\/wp-json\/wp\/v2\/tags?post=42591"}],"curies":[{"name":"wp","href":"https:\/\/api.w.org\/{rel}","templated":true}]}}