{"id":42588,"date":"2015-07-14T01:16:19","date_gmt":"2015-07-13T23:16:19","guid":{"rendered":"http:\/\/eldigitaldeasturias.com\/magazine365\/?p=42588"},"modified":"2015-07-14T01:16:19","modified_gmt":"2015-07-13T23:16:19","slug":"soria-entregara-este-martes-en-canarias-las-medallas-y-placas-al-merito-turistico-2014","status":"publish","type":"post","link":"https:\/\/eldigitaldeasturias.com\/magazine365\/soria-entregara-este-martes-en-canarias-las-medallas-y-placas-al-merito-turistico-2014\/","title":{"rendered":"Soria entregar\u00e1 este martes en Canarias las Medallas y Placas al M\u00e9rito Tur\u00edstico 2014"},"content":{"rendered":"<p><img fetchpriority=\"high\" decoding=\"async\" class=\"alignleft size-medium wp-image-42589\" src=\"https:\/\/eldigitaldeasturias.com\/magazine365\/wp-content\/uploads\/2015\/07\/fotonoticia_20150713172933_800-360x258.jpg\" alt=\"fotonoticia_20150713172933_800\" width=\"360\" height=\"258\" srcset=\"https:\/\/eldigitaldeasturias.com\/magazine365\/wp-content\/uploads\/2015\/07\/fotonoticia_20150713172933_800-360x258.jpg 360w, https:\/\/eldigitaldeasturias.com\/magazine365\/wp-content\/uploads\/2015\/07\/fotonoticia_20150713172933_800-650x466.jpg 650w, https:\/\/eldigitaldeasturias.com\/magazine365\/wp-content\/uploads\/2015\/07\/fotonoticia_20150713172933_800-768x551.jpg 768w, https:\/\/eldigitaldeasturias.com\/magazine365\/wp-content\/uploads\/2015\/07\/fotonoticia_20150713172933_800-150x108.jpg 150w, https:\/\/eldigitaldeasturias.com\/magazine365\/wp-content\/uploads\/2015\/07\/fotonoticia_20150713172933_800-450x323.jpg 450w, https:\/\/eldigitaldeasturias.com\/magazine365\/wp-content\/uploads\/2015\/07\/fotonoticia_20150713172933_800-696x499.jpg 696w, https:\/\/eldigitaldeasturias.com\/magazine365\/wp-content\/uploads\/2015\/07\/fotonoticia_20150713172933_800-585x420.jpg 585w, https:\/\/eldigitaldeasturias.com\/magazine365\/wp-content\/uploads\/2015\/07\/fotonoticia_20150713172933_800.jpg 800w\" sizes=\"(max-width: 360px) 100vw, 360px\" \/>El ministro de Industria, Energ\u00eda y Turismo, Jos\u00e9 Manuel Soria, entregar\u00e1 ma\u00f1ana martes en Puerto de la Cruz, Tenerife, las cinco Medallas y dos Placas al M\u00e9rito Tur\u00edstico 2014, que premian la innovaci\u00f3n tur\u00edstica, la promoci\u00f3n, la apuesta por la sostenibilidad y calidad, la internacionalizaci\u00f3n y los servicios prestados al sector.<\/p>\n<p>Durante el acto estar\u00e1 acompa\u00f1ado de la secretaria de Estado de Turismo, Isabel Borrego, la delegada del Gobierno en Canarias, Mar\u00eda del Carmen Hern\u00e1ndez Bento, y el alcalde de Puerto de la Cruz, Lope Afonso, inform\u00f3 Industria.<\/p>\n<p>Enrique (Kike) Sarasola, fundador de la cadena de hoteles Room Marte; la baronesa Carmen Cervera, propietaria de la colecci\u00f3n Thyssen-Bornemisza; Javier Gill\u00e9n Bedoya, como director de la Vuelta Ciclista a Espa\u00f1a; el presidente de Bodega Matarromera, Carlos Moro y el presidente del Grupo Pi\u00f1ero, Pablo Pi\u00f1ero, han sido reconocidos con las cinco Medallas al M\u00e9rito Tur\u00edstico 2014.<\/p>\n<p>Con estas distinciones se reconocen a aquellas personas e instituciones, nacionales o extranjeras, que hayan prestado servicios relevantes en la innovaci\u00f3n, promoci\u00f3n o internacionalizaci\u00f3n del turismo espa\u00f1ol.<\/p>\n<p>Concretamente, la Medalla al M\u00e9rito Tur\u00edstico a la Innovaci\u00f3n se ha concedido a Enrique Sarasola, fundador de Room Mate, como ejemplo de empresa espa\u00f1ola que ha sabido innovar y que tiene en la diferenciaci\u00f3n su marca de calidad. Est\u00e1 presente en 13 ciudades, seis de ellas espa\u00f1olas y siete extranjeras, y cuenta con una cartera de 21 hoteles.<\/p>\n<p>La Medalla al M\u00e9rito Tur\u00edstico por los extraordinarios servicios prestados al Turismo ha sido otorgada a la baronesa Carmen Cervera en agradecimiento al hecho de que Espa\u00f1a albergue la mejor colecci\u00f3n privada del mundo y por haber convertido al Museo Thyssen-Bornemisza en un referente de la cultura espa\u00f1ola y un polo de atracci\u00f3n.<\/p>\n<p>EN PROMOCI\u00d3N Y SOSTENIBILIDAD.<\/p>\n<p>Por su parte, la Medalla al M\u00e9rito Tur\u00edstico en Promoci\u00f3n se ha otorgado a Javier Guill\u00e9n Bedoya como director de la Vuelta Ciclista a Espa\u00f1a, que se ha convertido en una plataforma de proyecci\u00f3n tur\u00edstica de nuestro pa\u00eds, tanto en el \u00e1mbito nacional como en el internacional que, adem\u00e1s, pone de manifiesto la importancia tur\u00edstica de la apuesta por los eventos deportivos.<\/p>\n<p>Pablo Pi\u00f1ero, propietario del Grupo Pi\u00f1ero, ha sido reconocido con la Medalla al M\u00e9rito Tur\u00edstico a la Internacionalizaci\u00f3n por su labor al frente de uno de los grupos l\u00edderes del sector tur\u00edstico espa\u00f1ol y el \u00fanico mayorista independiente del mercado. Anualmente gestionar m\u00e1s de 5 millones de estancias tur\u00edsticas, opera en m\u00e1s de 30 pa\u00edses y emplea a 10.000 personas.<\/p>\n<p>En materia de Sostenibilidad y Calidad, la Medalla al M\u00e9rito Tur\u00edstico ha reca\u00eddo en Carlos Moro Gonz\u00e1lez, presidente de Bodega Matarromera, uno de los grupos vin\u00edcolas m\u00e1s importantes del panorama nacional. Presidente de la Fundaci\u00f3n Carlos Moro, fund\u00f3 el Centro de Interpretaci\u00f3n Vitin\u00edcola Emina en Valbuena de Duero, lo que supuso una revoluci\u00f3n en el panorama vitivin\u00edcola nacional, donde cre\u00f3 adem\u00e1s el Museo del Vino y el Duero, catapultando a Emina como referencia en la regi\u00f3n en enoturismo.<\/p>\n<p>DOS PLACAS.<\/p>\n<p>La Placa al M\u00e9rito Tur\u00edstico a la colaboraci\u00f3n p\u00fablico-privada para modernizaci\u00f3n de Destinos Maduros se ha concedido a la Asociaci\u00f3n Empresarial Hostelera de Benidorm y la Costa Blanca. Se trata de un modelo ejemplar de colaboraci\u00f3n entre empresas tur\u00edsticas, administraciones p\u00fablicas y organizaciones empresariales.<\/p>\n<p>En cuanto a los Destinos Emergentes, se ha concedido la Placa al M\u00e9rito Tur\u00edstico a la isla de Palma, por haber sabido posicionarse como un destino activo y nada convencional gracias, entre otros, al turismo de estrellas, sabiendo aprovechar su cielo, considerado uno de los mejores a nivel mundial tanto para la astronom\u00eda profesional como la amateur.<\/p>\n","protected":false},"excerpt":{"rendered":"<p>El ministro de Industria, Energ\u00eda y Turismo, Jos\u00e9 Manuel Soria, entregar\u00e1 ma\u00f1ana martes en Puerto de la Cruz, Tenerife, las cinco Medallas y dos Placas al M\u00e9rito Tur\u00edstico 2014, que premian la innovaci\u00f3n tur\u00edstica, la promoci\u00f3n, la apuesta por la sostenibilidad y calidad, la internacionalizaci\u00f3n y los servicios prestados al sector. Durante el acto estar\u00e1<\/p>\n","protected":false},"author":1,"featured_media":42589,"comment_status":"open","ping_status":"closed","sticky":false,"template":"","format":"standard","meta":{"footnotes":""},"categories":[222],"tags":[],"class_list":{"0":"post-42588","1":"post","2":"type-post","3":"status-publish","4":"format-standard","5":"has-post-thumbnail","7":"category-actualidad-turismo"},"aioseo_notices":[],"aioseo_head":"\n\t\t<!-- All in One SEO Pro 4.9.6.1 - aioseo.com -->\n\t<meta name=\"description\" content=\"El ministro de Industria, Energ\u00eda y Turismo, Jos\u00e9 Manuel Soria, entregar\u00e1 ma\u00f1ana martes en Puerto de la Cruz, Tenerife, las cinco Medallas y dos Placas al M\u00e9rito Tur\u00edstico 2014, que premian la innovaci\u00f3n tur\u00edstica, la promoci\u00f3n, la apuesta por la sostenibilidad y calidad, la internacionalizaci\u00f3n y los servicios prestados al sector. Durante el acto estar\u00e1\" \/>\n\t<meta name=\"robots\" content=\"max-image-preview:large\" \/>\n\t<meta name=\"author\" content=\"admin\"\/>\n\t<meta name=\"google-site-verification\" content=\"UA-38556648-1\" \/>\n\t<meta name=\"keywords\" content=\"actualidad turismo\" \/>\n\t<link rel=\"canonical\" href=\"https:\/\/eldigitaldeasturias.com\/magazine365\/soria-entregara-este-martes-en-canarias-las-medallas-y-placas-al-merito-turistico-2014\/\" \/>\n\t<meta name=\"generator\" content=\"All in One SEO Pro (AIOSEO) 4.9.6.1\" \/>\n\t\t<meta property=\"og:locale\" content=\"es_ES\" \/>\n\t\t<meta property=\"og:site_name\" content=\"El Digital de Asturias \u2013 Revista de ocio, turismo y estilo de vida\" \/>\n\t\t<meta property=\"og:type\" content=\"article\" \/>\n\t\t<meta property=\"og:title\" content=\"Soria entregar\u00e1 este martes en Canarias las Medallas y Placas al M\u00e9rito Tur\u00edstico 2014 | El Digital de Asturias\" \/>\n\t\t<meta property=\"og:description\" content=\"El ministro de Industria, Energ\u00eda y Turismo, Jos\u00e9 Manuel Soria, entregar\u00e1 ma\u00f1ana martes en Puerto de la Cruz, Tenerife, las cinco Medallas y dos Placas al M\u00e9rito Tur\u00edstico 2014, que premian la innovaci\u00f3n tur\u00edstica, la promoci\u00f3n, la apuesta por la sostenibilidad y calidad, la internacionalizaci\u00f3n y los servicios prestados al sector. Durante el acto estar\u00e1\" \/>\n\t\t<meta property=\"og:url\" content=\"https:\/\/eldigitaldeasturias.com\/magazine365\/soria-entregara-este-martes-en-canarias-las-medallas-y-placas-al-merito-turistico-2014\/\" \/>\n\t\t<meta property=\"og:image\" content=\"https:\/\/eldigitaldeasturias.com\/magazine365\/wp-content\/uploads\/2015\/07\/fotonoticia_20150713172933_800.jpg\" \/>\n\t\t<meta property=\"og:image:secure_url\" content=\"https:\/\/eldigitaldeasturias.com\/magazine365\/wp-content\/uploads\/2015\/07\/fotonoticia_20150713172933_800.jpg\" \/>\n\t\t<meta property=\"og:image:width\" content=\"800\" \/>\n\t\t<meta property=\"og:image:height\" content=\"574\" \/>\n\t\t<meta property=\"article:published_time\" content=\"2015-07-13T23:16:19+00:00\" \/>\n\t\t<meta property=\"article:modified_time\" content=\"2015-07-13T23:16:19+00:00\" \/>\n\t\t<meta name=\"twitter:card\" content=\"summary_large_image\" \/>\n\t\t<meta name=\"twitter:title\" content=\"Soria entregar\u00e1 este martes en Canarias las Medallas y Placas al M\u00e9rito Tur\u00edstico 2014 | El Digital de Asturias\" \/>\n\t\t<meta name=\"twitter:description\" content=\"El ministro de Industria, Energ\u00eda y Turismo, Jos\u00e9 Manuel Soria, entregar\u00e1 ma\u00f1ana martes en Puerto de la Cruz, Tenerife, las cinco Medallas y dos Placas al M\u00e9rito Tur\u00edstico 2014, que premian la innovaci\u00f3n tur\u00edstica, la promoci\u00f3n, la apuesta por la sostenibilidad y calidad, la internacionalizaci\u00f3n y los servicios prestados al sector. Durante el acto estar\u00e1\" \/>\n\t\t<meta name=\"twitter:image\" content=\"https:\/\/eldigitaldeasturias.com\/magazine365\/wp-content\/uploads\/2015\/07\/fotonoticia_20150713172933_800.jpg\" \/>\n\t\t<script type=\"application\/ld+json\" class=\"aioseo-schema\">\n\t\t\t{\"@context\":\"https:\\\/\\\/schema.org\",\"@graph\":[{\"@type\":\"Article\",\"@id\":\"https:\\\/\\\/eldigitaldeasturias.com\\\/magazine365\\\/soria-entregara-este-martes-en-canarias-las-medallas-y-placas-al-merito-turistico-2014\\\/#article\",\"name\":\"Soria entregar\\u00e1 este martes en Canarias las Medallas y Placas al M\\u00e9rito Tur\\u00edstico 2014 | El Digital de Asturias\",\"headline\":\"Soria entregar\\u00e1 este martes en Canarias las Medallas y Placas al M\\u00e9rito Tur\\u00edstico 2014\",\"author\":{\"@id\":\"https:\\\/\\\/eldigitaldeasturias.com\\\/magazine365\\\/author\\\/admin\\\/#author\"},\"publisher\":{\"@id\":\"https:\\\/\\\/eldigitaldeasturias.com\\\/magazine365\\\/#organization\"},\"image\":{\"@type\":\"ImageObject\",\"url\":\"https:\\\/\\\/eldigitaldeasturias.com\\\/magazine365\\\/wp-content\\\/uploads\\\/2015\\\/07\\\/fotonoticia_20150713172933_800.jpg\",\"width\":800,\"height\":574},\"datePublished\":\"2015-07-14T01:16:19+02:00\",\"dateModified\":\"2015-07-14T01:16:19+02:00\",\"inLanguage\":\"es-ES\",\"mainEntityOfPage\":{\"@id\":\"https:\\\/\\\/eldigitaldeasturias.com\\\/magazine365\\\/soria-entregara-este-martes-en-canarias-las-medallas-y-placas-al-merito-turistico-2014\\\/#webpage\"},\"isPartOf\":{\"@id\":\"https:\\\/\\\/eldigitaldeasturias.com\\\/magazine365\\\/soria-entregara-este-martes-en-canarias-las-medallas-y-placas-al-merito-turistico-2014\\\/#webpage\"},\"articleSection\":\"Actualidad Turismo\"},{\"@type\":\"BreadcrumbList\",\"@id\":\"https:\\\/\\\/eldigitaldeasturias.com\\\/magazine365\\\/soria-entregara-este-martes-en-canarias-las-medallas-y-placas-al-merito-turistico-2014\\\/#breadcrumblist\",\"itemListElement\":[{\"@type\":\"ListItem\",\"@id\":\"https:\\\/\\\/eldigitaldeasturias.com\\\/magazine365#listItem\",\"position\":1,\"name\":\"Home\",\"item\":\"https:\\\/\\\/eldigitaldeasturias.com\\\/magazine365\",\"nextItem\":{\"@type\":\"ListItem\",\"@id\":\"https:\\\/\\\/eldigitaldeasturias.com\\\/magazine365\\\/category\\\/actualidad-turismo\\\/#listItem\",\"name\":\"Actualidad Turismo\"}},{\"@type\":\"ListItem\",\"@id\":\"https:\\\/\\\/eldigitaldeasturias.com\\\/magazine365\\\/category\\\/actualidad-turismo\\\/#listItem\",\"position\":2,\"name\":\"Actualidad Turismo\",\"item\":\"https:\\\/\\\/eldigitaldeasturias.com\\\/magazine365\\\/category\\\/actualidad-turismo\\\/\",\"nextItem\":{\"@type\":\"ListItem\",\"@id\":\"https:\\\/\\\/eldigitaldeasturias.com\\\/magazine365\\\/soria-entregara-este-martes-en-canarias-las-medallas-y-placas-al-merito-turistico-2014\\\/#listItem\",\"name\":\"Soria entregar\\u00e1 este martes en Canarias las Medallas y Placas al M\\u00e9rito Tur\\u00edstico 2014\"},\"previousItem\":{\"@type\":\"ListItem\",\"@id\":\"https:\\\/\\\/eldigitaldeasturias.com\\\/magazine365#listItem\",\"name\":\"Home\"}},{\"@type\":\"ListItem\",\"@id\":\"https:\\\/\\\/eldigitaldeasturias.com\\\/magazine365\\\/soria-entregara-este-martes-en-canarias-las-medallas-y-placas-al-merito-turistico-2014\\\/#listItem\",\"position\":3,\"name\":\"Soria entregar\\u00e1 este martes en Canarias las Medallas y Placas al M\\u00e9rito Tur\\u00edstico 2014\",\"previousItem\":{\"@type\":\"ListItem\",\"@id\":\"https:\\\/\\\/eldigitaldeasturias.com\\\/magazine365\\\/category\\\/actualidad-turismo\\\/#listItem\",\"name\":\"Actualidad Turismo\"}}]},{\"@type\":\"Organization\",\"@id\":\"https:\\\/\\\/eldigitaldeasturias.com\\\/magazine365\\\/#organization\",\"name\":\"El digital de Asturias\",\"description\":\"Revista de ocio, turismo y estilo de vida\",\"url\":\"https:\\\/\\\/eldigitaldeasturias.com\\\/magazine365\\\/\",\"logo\":{\"@type\":\"ImageObject\",\"url\":\"https:\\\/\\\/www.eldigitaldeasturias.com\\\/noticias\\\/wp-content\\\/uploads\\\/2020\\\/12\\\/EDA.jpg\",\"@id\":\"https:\\\/\\\/eldigitaldeasturias.com\\\/magazine365\\\/soria-entregara-este-martes-en-canarias-las-medallas-y-placas-al-merito-turistico-2014\\\/#organizationLogo\"},\"image\":{\"@id\":\"https:\\\/\\\/eldigitaldeasturias.com\\\/magazine365\\\/soria-entregara-este-martes-en-canarias-las-medallas-y-placas-al-merito-turistico-2014\\\/#organizationLogo\"}},{\"@type\":\"Person\",\"@id\":\"https:\\\/\\\/eldigitaldeasturias.com\\\/magazine365\\\/author\\\/admin\\\/#author\",\"url\":\"https:\\\/\\\/eldigitaldeasturias.com\\\/magazine365\\\/author\\\/admin\\\/\",\"name\":\"admin\",\"image\":{\"@type\":\"ImageObject\",\"@id\":\"https:\\\/\\\/eldigitaldeasturias.com\\\/magazine365\\\/soria-entregara-este-martes-en-canarias-las-medallas-y-placas-al-merito-turistico-2014\\\/#authorImage\",\"url\":\"https:\\\/\\\/eldigitaldeasturias.com\\\/magazine365\\\/wp-content\\\/litespeed\\\/avatar\\\/e571bcf59a0edd6fa6838245a470f2fe.jpg?ver=1777574230\",\"width\":96,\"height\":96,\"caption\":\"admin\"}},{\"@type\":\"WebPage\",\"@id\":\"https:\\\/\\\/eldigitaldeasturias.com\\\/magazine365\\\/soria-entregara-este-martes-en-canarias-las-medallas-y-placas-al-merito-turistico-2014\\\/#webpage\",\"url\":\"https:\\\/\\\/eldigitaldeasturias.com\\\/magazine365\\\/soria-entregara-este-martes-en-canarias-las-medallas-y-placas-al-merito-turistico-2014\\\/\",\"name\":\"Soria entregar\\u00e1 este martes en Canarias las Medallas y Placas al M\\u00e9rito Tur\\u00edstico 2014 | El Digital de Asturias\",\"description\":\"El ministro de Industria, Energ\\u00eda y Turismo, Jos\\u00e9 Manuel Soria, entregar\\u00e1 ma\\u00f1ana martes en Puerto de la Cruz, Tenerife, las cinco Medallas y dos Placas al M\\u00e9rito Tur\\u00edstico 2014, que premian la innovaci\\u00f3n tur\\u00edstica, la promoci\\u00f3n, la apuesta por la sostenibilidad y calidad, la internacionalizaci\\u00f3n y los servicios prestados al sector. Durante el acto estar\\u00e1\",\"inLanguage\":\"es-ES\",\"isPartOf\":{\"@id\":\"https:\\\/\\\/eldigitaldeasturias.com\\\/magazine365\\\/#website\"},\"breadcrumb\":{\"@id\":\"https:\\\/\\\/eldigitaldeasturias.com\\\/magazine365\\\/soria-entregara-este-martes-en-canarias-las-medallas-y-placas-al-merito-turistico-2014\\\/#breadcrumblist\"},\"author\":{\"@id\":\"https:\\\/\\\/eldigitaldeasturias.com\\\/magazine365\\\/author\\\/admin\\\/#author\"},\"creator\":{\"@id\":\"https:\\\/\\\/eldigitaldeasturias.com\\\/magazine365\\\/author\\\/admin\\\/#author\"},\"image\":{\"@type\":\"ImageObject\",\"url\":\"https:\\\/\\\/eldigitaldeasturias.com\\\/magazine365\\\/wp-content\\\/uploads\\\/2015\\\/07\\\/fotonoticia_20150713172933_800.jpg\",\"@id\":\"https:\\\/\\\/eldigitaldeasturias.com\\\/magazine365\\\/soria-entregara-este-martes-en-canarias-las-medallas-y-placas-al-merito-turistico-2014\\\/#mainImage\",\"width\":800,\"height\":574},\"primaryImageOfPage\":{\"@id\":\"https:\\\/\\\/eldigitaldeasturias.com\\\/magazine365\\\/soria-entregara-este-martes-en-canarias-las-medallas-y-placas-al-merito-turistico-2014\\\/#mainImage\"},\"datePublished\":\"2015-07-14T01:16:19+02:00\",\"dateModified\":\"2015-07-14T01:16:19+02:00\"},{\"@type\":\"WebSite\",\"@id\":\"https:\\\/\\\/eldigitaldeasturias.com\\\/magazine365\\\/#website\",\"url\":\"https:\\\/\\\/eldigitaldeasturias.com\\\/magazine365\\\/\",\"name\":\"El Digital de Asturias\",\"description\":\"Revista de ocio, turismo y estilo de vida\",\"inLanguage\":\"es-ES\",\"publisher\":{\"@id\":\"https:\\\/\\\/eldigitaldeasturias.com\\\/magazine365\\\/#organization\"}}]}\n\t\t<\/script>\n\t\t<!-- All in One SEO Pro -->\r\n\t\t<title>Soria entregar\u00e1 este martes en Canarias las Medallas y Placas al M\u00e9rito Tur\u00edstico 2014 | El Digital de Asturias<\/title>\n\n","aioseo_head_json":{"title":"Soria entregar\u00e1 este martes en Canarias las Medallas y Placas al M\u00e9rito Tur\u00edstico 2014 | El Digital de Asturias","description":"El ministro de Industria, Energ\u00eda y Turismo, Jos\u00e9 Manuel Soria, entregar\u00e1 ma\u00f1ana martes en Puerto de la Cruz, Tenerife, las cinco Medallas y dos Placas al M\u00e9rito Tur\u00edstico 2014, que premian la innovaci\u00f3n tur\u00edstica, la promoci\u00f3n, la apuesta por la sostenibilidad y calidad, la internacionalizaci\u00f3n y los servicios prestados al sector. Durante el acto estar\u00e1","canonical_url":"https:\/\/eldigitaldeasturias.com\/magazine365\/soria-entregara-este-martes-en-canarias-las-medallas-y-placas-al-merito-turistico-2014\/","robots":"max-image-preview:large","keywords":"actualidad turismo","webmasterTools":{"google-site-verification":"UA-38556648-1","miscellaneous":""},"schema":{"@context":"https:\/\/schema.org","@graph":[{"@type":"Article","@id":"https:\/\/eldigitaldeasturias.com\/magazine365\/soria-entregara-este-martes-en-canarias-las-medallas-y-placas-al-merito-turistico-2014\/#article","name":"Soria entregar\u00e1 este martes en Canarias las Medallas y Placas al M\u00e9rito Tur\u00edstico 2014 | El Digital de Asturias","headline":"Soria entregar\u00e1 este martes en Canarias las Medallas y Placas al M\u00e9rito Tur\u00edstico 2014","author":{"@id":"https:\/\/eldigitaldeasturias.com\/magazine365\/author\/admin\/#author"},"publisher":{"@id":"https:\/\/eldigitaldeasturias.com\/magazine365\/#organization"},"image":{"@type":"ImageObject","url":"https:\/\/eldigitaldeasturias.com\/magazine365\/wp-content\/uploads\/2015\/07\/fotonoticia_20150713172933_800.jpg","width":800,"height":574},"datePublished":"2015-07-14T01:16:19+02:00","dateModified":"2015-07-14T01:16:19+02:00","inLanguage":"es-ES","mainEntityOfPage":{"@id":"https:\/\/eldigitaldeasturias.com\/magazine365\/soria-entregara-este-martes-en-canarias-las-medallas-y-placas-al-merito-turistico-2014\/#webpage"},"isPartOf":{"@id":"https:\/\/eldigitaldeasturias.com\/magazine365\/soria-entregara-este-martes-en-canarias-las-medallas-y-placas-al-merito-turistico-2014\/#webpage"},"articleSection":"Actualidad Turismo"},{"@type":"BreadcrumbList","@id":"https:\/\/eldigitaldeasturias.com\/magazine365\/soria-entregara-este-martes-en-canarias-las-medallas-y-placas-al-merito-turistico-2014\/#breadcrumblist","itemListElement":[{"@type":"ListItem","@id":"https:\/\/eldigitaldeasturias.com\/magazine365#listItem","position":1,"name":"Home","item":"https:\/\/eldigitaldeasturias.com\/magazine365","nextItem":{"@type":"ListItem","@id":"https:\/\/eldigitaldeasturias.com\/magazine365\/category\/actualidad-turismo\/#listItem","name":"Actualidad Turismo"}},{"@type":"ListItem","@id":"https:\/\/eldigitaldeasturias.com\/magazine365\/category\/actualidad-turismo\/#listItem","position":2,"name":"Actualidad Turismo","item":"https:\/\/eldigitaldeasturias.com\/magazine365\/category\/actualidad-turismo\/","nextItem":{"@type":"ListItem","@id":"https:\/\/eldigitaldeasturias.com\/magazine365\/soria-entregara-este-martes-en-canarias-las-medallas-y-placas-al-merito-turistico-2014\/#listItem","name":"Soria entregar\u00e1 este martes en Canarias las Medallas y Placas al M\u00e9rito Tur\u00edstico 2014"},"previousItem":{"@type":"ListItem","@id":"https:\/\/eldigitaldeasturias.com\/magazine365#listItem","name":"Home"}},{"@type":"ListItem","@id":"https:\/\/eldigitaldeasturias.com\/magazine365\/soria-entregara-este-martes-en-canarias-las-medallas-y-placas-al-merito-turistico-2014\/#listItem","position":3,"name":"Soria entregar\u00e1 este martes en Canarias las Medallas y Placas al M\u00e9rito Tur\u00edstico 2014","previousItem":{"@type":"ListItem","@id":"https:\/\/eldigitaldeasturias.com\/magazine365\/category\/actualidad-turismo\/#listItem","name":"Actualidad Turismo"}}]},{"@type":"Organization","@id":"https:\/\/eldigitaldeasturias.com\/magazine365\/#organization","name":"El digital de Asturias","description":"Revista de ocio, turismo y estilo de vida","url":"https:\/\/eldigitaldeasturias.com\/magazine365\/","logo":{"@type":"ImageObject","url":"https:\/\/www.eldigitaldeasturias.com\/noticias\/wp-content\/uploads\/2020\/12\/EDA.jpg","@id":"https:\/\/eldigitaldeasturias.com\/magazine365\/soria-entregara-este-martes-en-canarias-las-medallas-y-placas-al-merito-turistico-2014\/#organizationLogo"},"image":{"@id":"https:\/\/eldigitaldeasturias.com\/magazine365\/soria-entregara-este-martes-en-canarias-las-medallas-y-placas-al-merito-turistico-2014\/#organizationLogo"}},{"@type":"Person","@id":"https:\/\/eldigitaldeasturias.com\/magazine365\/author\/admin\/#author","url":"https:\/\/eldigitaldeasturias.com\/magazine365\/author\/admin\/","name":"admin","image":{"@type":"ImageObject","@id":"https:\/\/eldigitaldeasturias.com\/magazine365\/soria-entregara-este-martes-en-canarias-las-medallas-y-placas-al-merito-turistico-2014\/#authorImage","url":"https:\/\/eldigitaldeasturias.com\/magazine365\/wp-content\/litespeed\/avatar\/e571bcf59a0edd6fa6838245a470f2fe.jpg?ver=1777574230","width":96,"height":96,"caption":"admin"}},{"@type":"WebPage","@id":"https:\/\/eldigitaldeasturias.com\/magazine365\/soria-entregara-este-martes-en-canarias-las-medallas-y-placas-al-merito-turistico-2014\/#webpage","url":"https:\/\/eldigitaldeasturias.com\/magazine365\/soria-entregara-este-martes-en-canarias-las-medallas-y-placas-al-merito-turistico-2014\/","name":"Soria entregar\u00e1 este martes en Canarias las Medallas y Placas al M\u00e9rito Tur\u00edstico 2014 | El Digital de Asturias","description":"El ministro de Industria, Energ\u00eda y Turismo, Jos\u00e9 Manuel Soria, entregar\u00e1 ma\u00f1ana martes en Puerto de la Cruz, Tenerife, las cinco Medallas y dos Placas al M\u00e9rito Tur\u00edstico 2014, que premian la innovaci\u00f3n tur\u00edstica, la promoci\u00f3n, la apuesta por la sostenibilidad y calidad, la internacionalizaci\u00f3n y los servicios prestados al sector. Durante el acto estar\u00e1","inLanguage":"es-ES","isPartOf":{"@id":"https:\/\/eldigitaldeasturias.com\/magazine365\/#website"},"breadcrumb":{"@id":"https:\/\/eldigitaldeasturias.com\/magazine365\/soria-entregara-este-martes-en-canarias-las-medallas-y-placas-al-merito-turistico-2014\/#breadcrumblist"},"author":{"@id":"https:\/\/eldigitaldeasturias.com\/magazine365\/author\/admin\/#author"},"creator":{"@id":"https:\/\/eldigitaldeasturias.com\/magazine365\/author\/admin\/#author"},"image":{"@type":"ImageObject","url":"https:\/\/eldigitaldeasturias.com\/magazine365\/wp-content\/uploads\/2015\/07\/fotonoticia_20150713172933_800.jpg","@id":"https:\/\/eldigitaldeasturias.com\/magazine365\/soria-entregara-este-martes-en-canarias-las-medallas-y-placas-al-merito-turistico-2014\/#mainImage","width":800,"height":574},"primaryImageOfPage":{"@id":"https:\/\/eldigitaldeasturias.com\/magazine365\/soria-entregara-este-martes-en-canarias-las-medallas-y-placas-al-merito-turistico-2014\/#mainImage"},"datePublished":"2015-07-14T01:16:19+02:00","dateModified":"2015-07-14T01:16:19+02:00"},{"@type":"WebSite","@id":"https:\/\/eldigitaldeasturias.com\/magazine365\/#website","url":"https:\/\/eldigitaldeasturias.com\/magazine365\/","name":"El Digital de Asturias","description":"Revista de ocio, turismo y estilo de vida","inLanguage":"es-ES","publisher":{"@id":"https:\/\/eldigitaldeasturias.com\/magazine365\/#organization"}}]},"og:locale":"es_ES","og:site_name":"El Digital de Asturias \u2013 Revista de ocio, turismo y estilo de vida","og:type":"article","og:title":"Soria entregar\u00e1 este martes en Canarias las Medallas y Placas al M\u00e9rito Tur\u00edstico 2014 | El Digital de Asturias","og:description":"El ministro de Industria, Energ\u00eda y Turismo, Jos\u00e9 Manuel Soria, entregar\u00e1 ma\u00f1ana martes en Puerto de la Cruz, Tenerife, las cinco Medallas y dos Placas al M\u00e9rito Tur\u00edstico 2014, que premian la innovaci\u00f3n tur\u00edstica, la promoci\u00f3n, la apuesta por la sostenibilidad y calidad, la internacionalizaci\u00f3n y los servicios prestados al sector. Durante el acto estar\u00e1","og:url":"https:\/\/eldigitaldeasturias.com\/magazine365\/soria-entregara-este-martes-en-canarias-las-medallas-y-placas-al-merito-turistico-2014\/","og:image":"https:\/\/eldigitaldeasturias.com\/magazine365\/wp-content\/uploads\/2015\/07\/fotonoticia_20150713172933_800.jpg","og:image:secure_url":"https:\/\/eldigitaldeasturias.com\/magazine365\/wp-content\/uploads\/2015\/07\/fotonoticia_20150713172933_800.jpg","og:image:width":800,"og:image:height":574,"article:published_time":"2015-07-13T23:16:19+00:00","article:modified_time":"2015-07-13T23:16:19+00:00","twitter:card":"summary_large_image","twitter:title":"Soria entregar\u00e1 este martes en Canarias las Medallas y Placas al M\u00e9rito Tur\u00edstico 2014 | El Digital de Asturias","twitter:description":"El ministro de Industria, Energ\u00eda y Turismo, Jos\u00e9 Manuel Soria, entregar\u00e1 ma\u00f1ana martes en Puerto de la Cruz, Tenerife, las cinco Medallas y dos Placas al M\u00e9rito Tur\u00edstico 2014, que premian la innovaci\u00f3n tur\u00edstica, la promoci\u00f3n, la apuesta por la sostenibilidad y calidad, la internacionalizaci\u00f3n y los servicios prestados al sector. Durante el acto estar\u00e1","twitter:image":"https:\/\/eldigitaldeasturias.com\/magazine365\/wp-content\/uploads\/2015\/07\/fotonoticia_20150713172933_800.jpg"},"aioseo_meta_data":{"post_id":"42588","title":null,"description":null,"keywords":null,"keyphrases":null,"primary_term":null,"canonical_url":null,"og_title":null,"og_description":null,"og_object_type":"default","og_image_type":"default","og_image_url":null,"og_image_width":null,"og_image_height":null,"og_image_custom_url":null,"og_image_custom_fields":null,"og_video":null,"og_custom_url":null,"og_article_section":null,"og_article_tags":null,"twitter_use_og":false,"twitter_card":"default","twitter_image_type":"default","twitter_image_url":null,"twitter_image_custom_url":null,"twitter_image_custom_fields":null,"twitter_title":null,"twitter_description":null,"schema":{"blockGraphs":[],"customGraphs":[],"default":{"data":{"Article":[],"Course":[],"Dataset":[],"FAQPage":[],"Movie":[],"Person":[],"Product":[],"ProductReview":[],"Car":[],"Recipe":[],"Service":[],"SoftwareApplication":[],"WebPage":[]},"graphName":"","isEnabled":true},"graphs":[],"defaultGraph":"","defaultPostTypeGraph":""},"schema_type":null,"schema_type_options":null,"pillar_content":false,"robots_default":true,"robots_noindex":false,"robots_noarchive":false,"robots_nosnippet":false,"robots_nofollow":false,"robots_noimageindex":false,"robots_noodp":false,"robots_notranslate":false,"robots_max_snippet":null,"robots_max_videopreview":null,"robots_max_imagepreview":"large","priority":null,"frequency":null,"location":null,"local_seo":null,"seo_analyzer_scan_date":"2025-09-19 18:02:00","breadcrumb_settings":null,"limit_modified_date":false,"open_ai":null,"ai":null,"created":"2021-03-09 01:58:55","updated":"2025-09-19 18:02:00"},"aioseo_breadcrumb":"<div class=\"aioseo-breadcrumbs\"><span class=\"aioseo-breadcrumb\">\n\t<a href=\"https:\/\/eldigitaldeasturias.com\/magazine365\" title=\"Home\">Home<\/a>\n<\/span><span class=\"aioseo-breadcrumb-separator\">\u2013<\/span><span class=\"aioseo-breadcrumb\">\n\t<a href=\"https:\/\/eldigitaldeasturias.com\/magazine365\/category\/actualidad-turismo\/\" title=\"Actualidad Turismo\">Actualidad Turismo<\/a>\n<\/span><span class=\"aioseo-breadcrumb-separator\">\u2013<\/span><span class=\"aioseo-breadcrumb\">\n\t<a href=\"https:\/\/eldigitaldeasturias.com\/magazine365\/soria-entregara-este-martes-en-canarias-las-medallas-y-placas-al-merito-turistico-2014\/\" title=\"Soria entregar\u00e1 este martes en Canarias las Medallas y Placas al M\u00e9rito Tur\u00edstico 2014\">Soria entregar\u00e1 este martes en Canarias las Medallas y Placas al M\u00e9rito Tur\u00edstico 2014<\/a>\n<\/span><\/div>","aioseo_breadcrumb_json":[{"label":"Home","link":"https:\/\/eldigitaldeasturias.com\/magazine365"},{"label":"Actualidad Turismo","link":"https:\/\/eldigitaldeasturias.com\/magazine365\/category\/actualidad-turismo\/"},{"label":"Soria entregar\u00e1 este martes en Canarias las Medallas y Placas al M\u00e9rito Tur\u00edstico 2014","link":"https:\/\/eldigitaldeasturias.com\/magazine365\/soria-entregara-este-martes-en-canarias-las-medallas-y-placas-al-merito-turistico-2014\/"}],"_links":{"self":[{"href":"https:\/\/eldigitaldeasturias.com\/magazine365\/wp-json\/wp\/v2\/posts\/42588","targetHints":{"allow":["GET"]}}],"collection":[{"href":"https:\/\/eldigitaldeasturias.com\/magazine365\/wp-json\/wp\/v2\/posts"}],"about":[{"href":"https:\/\/eldigitaldeasturias.com\/magazine365\/wp-json\/wp\/v2\/types\/post"}],"author":[{"embeddable":true,"href":"https:\/\/eldigitaldeasturias.com\/magazine365\/wp-json\/wp\/v2\/users\/1"}],"replies":[{"embeddable":true,"href":"https:\/\/eldigitaldeasturias.com\/magazine365\/wp-json\/wp\/v2\/comments?post=42588"}],"version-history":[{"count":0,"href":"https:\/\/eldigitaldeasturias.com\/magazine365\/wp-json\/wp\/v2\/posts\/42588\/revisions"}],"wp:featuredmedia":[{"embeddable":true,"href":"https:\/\/eldigitaldeasturias.com\/magazine365\/wp-json\/wp\/v2\/media\/42589"}],"wp:attachment":[{"href":"https:\/\/eldigitaldeasturias.com\/magazine365\/wp-json\/wp\/v2\/media?parent=42588"}],"wp:term":[{"taxonomy":"category","embeddable":true,"href":"https:\/\/eldigitaldeasturias.com\/magazine365\/wp-json\/wp\/v2\/categories?post=42588"},{"taxonomy":"post_tag","embeddable":true,"href":"https:\/\/eldigitaldeasturias.com\/magazine365\/wp-json\/wp\/v2\/tags?post=42588"}],"curies":[{"name":"wp","href":"https:\/\/api.w.org\/{rel}","templated":true}]}}