{"id":42572,"date":"2015-07-14T00:54:30","date_gmt":"2015-07-13T22:54:30","guid":{"rendered":"http:\/\/eldigitaldeasturias.com\/magazine365\/?p=42572"},"modified":"2015-07-14T00:54:30","modified_gmt":"2015-07-13T22:54:30","slug":"wizz-air-transporto-17-millones-de-pasajeros-en-junio-un-182-mas","status":"publish","type":"post","link":"https:\/\/eldigitaldeasturias.com\/magazine365\/wizz-air-transporto-17-millones-de-pasajeros-en-junio-un-182-mas\/","title":{"rendered":"Wizz Air transport\u00f3 1,7 millones de pasajeros en junio, un 18,2% m\u00e1s"},"content":{"rendered":"<p><img fetchpriority=\"high\" decoding=\"async\" class=\"alignleft size-medium wp-image-42573\" src=\"https:\/\/eldigitaldeasturias.com\/magazine365\/wp-content\/uploads\/2015\/07\/fotonoticia_20150713163549_800-360x240.jpg\" alt=\"fotonoticia_20150713163549_800\" width=\"360\" height=\"240\" srcset=\"https:\/\/eldigitaldeasturias.com\/magazine365\/wp-content\/uploads\/2015\/07\/fotonoticia_20150713163549_800-360x240.jpg 360w, https:\/\/eldigitaldeasturias.com\/magazine365\/wp-content\/uploads\/2015\/07\/fotonoticia_20150713163549_800-650x434.jpg 650w, https:\/\/eldigitaldeasturias.com\/magazine365\/wp-content\/uploads\/2015\/07\/fotonoticia_20150713163549_800-768x513.jpg 768w, https:\/\/eldigitaldeasturias.com\/magazine365\/wp-content\/uploads\/2015\/07\/fotonoticia_20150713163549_800-150x100.jpg 150w, https:\/\/eldigitaldeasturias.com\/magazine365\/wp-content\/uploads\/2015\/07\/fotonoticia_20150713163549_800-450x300.jpg 450w, https:\/\/eldigitaldeasturias.com\/magazine365\/wp-content\/uploads\/2015\/07\/fotonoticia_20150713163549_800-696x465.jpg 696w, https:\/\/eldigitaldeasturias.com\/magazine365\/wp-content\/uploads\/2015\/07\/fotonoticia_20150713163549_800-629x420.jpg 629w, https:\/\/eldigitaldeasturias.com\/magazine365\/wp-content\/uploads\/2015\/07\/fotonoticia_20150713163549_800-84x55.jpg 84w, https:\/\/eldigitaldeasturias.com\/magazine365\/wp-content\/uploads\/2015\/07\/fotonoticia_20150713163549_800.jpg 800w\" sizes=\"(max-width: 360px) 100vw, 360px\" \/>Wizz Air transport\u00f3 1,7 millones de pasajeros en junio, lo que supone un aumento del 18,2% con respecto al mismo mes del a\u00f1o anterior, seg\u00fan ha anunciado la compa\u00f1\u00eda en un comunicado.<\/p>\n<p>En el sexto mes del a\u00f1o, la aerol\u00ednea de bajo coste aument\u00f3 en su capacidad un 16,7% con respecto a junio de 2014, hasta alcanzar los 1,9 millones de asientos ofertados.<\/p>\n<p>Adem\u00e1s, la compa\u00f1\u00eda &#8216;low cost&#8217; registr\u00f3 en el mes de junio un porcentaje de ocupaci\u00f3n del 90,8%, 1,1 puntos porcentuales m\u00e1s que en el mismo periodo del a\u00f1o pasado.<\/p>\n","protected":false},"excerpt":{"rendered":"<p>Wizz Air transport\u00f3 1,7 millones de pasajeros en junio, lo que supone un aumento del 18,2% con respecto al mismo mes del a\u00f1o anterior, seg\u00fan ha anunciado la compa\u00f1\u00eda en un comunicado. En el sexto mes del a\u00f1o, la aerol\u00ednea de bajo coste aument\u00f3 en su capacidad un 16,7% con respecto a junio de 2014,<\/p>\n","protected":false},"author":1,"featured_media":42573,"comment_status":"open","ping_status":"closed","sticky":false,"template":"","format":"standard","meta":{"footnotes":""},"categories":[222],"tags":[],"class_list":{"0":"post-42572","1":"post","2":"type-post","3":"status-publish","4":"format-standard","5":"has-post-thumbnail","7":"category-actualidad-turismo"},"aioseo_notices":[],"aioseo_head":"\n\t\t<!-- All in One SEO Pro 4.9.6.1 - aioseo.com -->\n\t<meta name=\"description\" content=\"Wizz Air transport\u00f3 1,7 millones de pasajeros en junio, lo que supone un aumento del 18,2% con respecto al mismo mes del a\u00f1o anterior, seg\u00fan ha anunciado la compa\u00f1\u00eda en un comunicado. En el sexto mes del a\u00f1o, la aerol\u00ednea de bajo coste aument\u00f3 en su capacidad un 16,7% con respecto a junio de 2014,\" \/>\n\t<meta name=\"robots\" content=\"max-image-preview:large\" \/>\n\t<meta name=\"author\" content=\"admin\"\/>\n\t<meta name=\"google-site-verification\" content=\"UA-38556648-1\" \/>\n\t<meta name=\"keywords\" content=\"actualidad turismo\" \/>\n\t<link rel=\"canonical\" href=\"https:\/\/eldigitaldeasturias.com\/magazine365\/wizz-air-transporto-17-millones-de-pasajeros-en-junio-un-182-mas\/\" \/>\n\t<meta name=\"generator\" content=\"All in One SEO Pro (AIOSEO) 4.9.6.1\" \/>\n\t\t<meta property=\"og:locale\" content=\"es_ES\" \/>\n\t\t<meta property=\"og:site_name\" content=\"El Digital de Asturias \u2013 Revista de ocio, turismo y estilo de vida\" \/>\n\t\t<meta property=\"og:type\" content=\"article\" \/>\n\t\t<meta property=\"og:title\" content=\"Wizz Air transport\u00f3 1,7 millones de pasajeros en junio, un 18,2% m\u00e1s | El Digital de Asturias\" \/>\n\t\t<meta property=\"og:description\" content=\"Wizz Air transport\u00f3 1,7 millones de pasajeros en junio, lo que supone un aumento del 18,2% con respecto al mismo mes del a\u00f1o anterior, seg\u00fan ha anunciado la compa\u00f1\u00eda en un comunicado. En el sexto mes del a\u00f1o, la aerol\u00ednea de bajo coste aument\u00f3 en su capacidad un 16,7% con respecto a junio de 2014,\" \/>\n\t\t<meta property=\"og:url\" content=\"https:\/\/eldigitaldeasturias.com\/magazine365\/wizz-air-transporto-17-millones-de-pasajeros-en-junio-un-182-mas\/\" \/>\n\t\t<meta property=\"og:image\" content=\"https:\/\/eldigitaldeasturias.com\/magazine365\/wp-content\/uploads\/2015\/07\/fotonoticia_20150713163549_800.jpg\" \/>\n\t\t<meta property=\"og:image:secure_url\" content=\"https:\/\/eldigitaldeasturias.com\/magazine365\/wp-content\/uploads\/2015\/07\/fotonoticia_20150713163549_800.jpg\" \/>\n\t\t<meta property=\"og:image:width\" content=\"800\" \/>\n\t\t<meta property=\"og:image:height\" content=\"534\" \/>\n\t\t<meta property=\"article:published_time\" content=\"2015-07-13T22:54:30+00:00\" \/>\n\t\t<meta property=\"article:modified_time\" content=\"2015-07-13T22:54:30+00:00\" \/>\n\t\t<meta name=\"twitter:card\" content=\"summary_large_image\" \/>\n\t\t<meta name=\"twitter:title\" content=\"Wizz Air transport\u00f3 1,7 millones de pasajeros en junio, un 18,2% m\u00e1s | El Digital de Asturias\" \/>\n\t\t<meta name=\"twitter:description\" content=\"Wizz Air transport\u00f3 1,7 millones de pasajeros en junio, lo que supone un aumento del 18,2% con respecto al mismo mes del a\u00f1o anterior, seg\u00fan ha anunciado la compa\u00f1\u00eda en un comunicado. En el sexto mes del a\u00f1o, la aerol\u00ednea de bajo coste aument\u00f3 en su capacidad un 16,7% con respecto a junio de 2014,\" \/>\n\t\t<meta name=\"twitter:image\" content=\"https:\/\/eldigitaldeasturias.com\/magazine365\/wp-content\/uploads\/2015\/07\/fotonoticia_20150713163549_800.jpg\" \/>\n\t\t<script type=\"application\/ld+json\" class=\"aioseo-schema\">\n\t\t\t{\"@context\":\"https:\\\/\\\/schema.org\",\"@graph\":[{\"@type\":\"Article\",\"@id\":\"https:\\\/\\\/eldigitaldeasturias.com\\\/magazine365\\\/wizz-air-transporto-17-millones-de-pasajeros-en-junio-un-182-mas\\\/#article\",\"name\":\"Wizz Air transport\\u00f3 1,7 millones de pasajeros en junio, un 18,2% m\\u00e1s | El Digital de Asturias\",\"headline\":\"Wizz Air transport\\u00f3 1,7 millones de pasajeros en junio, un 18,2% m\\u00e1s\",\"author\":{\"@id\":\"https:\\\/\\\/eldigitaldeasturias.com\\\/magazine365\\\/author\\\/admin\\\/#author\"},\"publisher\":{\"@id\":\"https:\\\/\\\/eldigitaldeasturias.com\\\/magazine365\\\/#organization\"},\"image\":{\"@type\":\"ImageObject\",\"url\":\"https:\\\/\\\/eldigitaldeasturias.com\\\/magazine365\\\/wp-content\\\/uploads\\\/2015\\\/07\\\/fotonoticia_20150713163549_800.jpg\",\"width\":800,\"height\":534},\"datePublished\":\"2015-07-14T00:54:30+02:00\",\"dateModified\":\"2015-07-14T00:54:30+02:00\",\"inLanguage\":\"es-ES\",\"mainEntityOfPage\":{\"@id\":\"https:\\\/\\\/eldigitaldeasturias.com\\\/magazine365\\\/wizz-air-transporto-17-millones-de-pasajeros-en-junio-un-182-mas\\\/#webpage\"},\"isPartOf\":{\"@id\":\"https:\\\/\\\/eldigitaldeasturias.com\\\/magazine365\\\/wizz-air-transporto-17-millones-de-pasajeros-en-junio-un-182-mas\\\/#webpage\"},\"articleSection\":\"Actualidad Turismo\"},{\"@type\":\"BreadcrumbList\",\"@id\":\"https:\\\/\\\/eldigitaldeasturias.com\\\/magazine365\\\/wizz-air-transporto-17-millones-de-pasajeros-en-junio-un-182-mas\\\/#breadcrumblist\",\"itemListElement\":[{\"@type\":\"ListItem\",\"@id\":\"https:\\\/\\\/eldigitaldeasturias.com\\\/magazine365#listItem\",\"position\":1,\"name\":\"Home\",\"item\":\"https:\\\/\\\/eldigitaldeasturias.com\\\/magazine365\",\"nextItem\":{\"@type\":\"ListItem\",\"@id\":\"https:\\\/\\\/eldigitaldeasturias.com\\\/magazine365\\\/category\\\/actualidad-turismo\\\/#listItem\",\"name\":\"Actualidad Turismo\"}},{\"@type\":\"ListItem\",\"@id\":\"https:\\\/\\\/eldigitaldeasturias.com\\\/magazine365\\\/category\\\/actualidad-turismo\\\/#listItem\",\"position\":2,\"name\":\"Actualidad Turismo\",\"item\":\"https:\\\/\\\/eldigitaldeasturias.com\\\/magazine365\\\/category\\\/actualidad-turismo\\\/\",\"nextItem\":{\"@type\":\"ListItem\",\"@id\":\"https:\\\/\\\/eldigitaldeasturias.com\\\/magazine365\\\/wizz-air-transporto-17-millones-de-pasajeros-en-junio-un-182-mas\\\/#listItem\",\"name\":\"Wizz Air transport\\u00f3 1,7 millones de pasajeros en junio, un 18,2% m\\u00e1s\"},\"previousItem\":{\"@type\":\"ListItem\",\"@id\":\"https:\\\/\\\/eldigitaldeasturias.com\\\/magazine365#listItem\",\"name\":\"Home\"}},{\"@type\":\"ListItem\",\"@id\":\"https:\\\/\\\/eldigitaldeasturias.com\\\/magazine365\\\/wizz-air-transporto-17-millones-de-pasajeros-en-junio-un-182-mas\\\/#listItem\",\"position\":3,\"name\":\"Wizz Air transport\\u00f3 1,7 millones de pasajeros en junio, un 18,2% m\\u00e1s\",\"previousItem\":{\"@type\":\"ListItem\",\"@id\":\"https:\\\/\\\/eldigitaldeasturias.com\\\/magazine365\\\/category\\\/actualidad-turismo\\\/#listItem\",\"name\":\"Actualidad Turismo\"}}]},{\"@type\":\"Organization\",\"@id\":\"https:\\\/\\\/eldigitaldeasturias.com\\\/magazine365\\\/#organization\",\"name\":\"El digital de Asturias\",\"description\":\"Revista de ocio, turismo y estilo de vida\",\"url\":\"https:\\\/\\\/eldigitaldeasturias.com\\\/magazine365\\\/\",\"logo\":{\"@type\":\"ImageObject\",\"url\":\"https:\\\/\\\/www.eldigitaldeasturias.com\\\/noticias\\\/wp-content\\\/uploads\\\/2020\\\/12\\\/EDA.jpg\",\"@id\":\"https:\\\/\\\/eldigitaldeasturias.com\\\/magazine365\\\/wizz-air-transporto-17-millones-de-pasajeros-en-junio-un-182-mas\\\/#organizationLogo\"},\"image\":{\"@id\":\"https:\\\/\\\/eldigitaldeasturias.com\\\/magazine365\\\/wizz-air-transporto-17-millones-de-pasajeros-en-junio-un-182-mas\\\/#organizationLogo\"}},{\"@type\":\"Person\",\"@id\":\"https:\\\/\\\/eldigitaldeasturias.com\\\/magazine365\\\/author\\\/admin\\\/#author\",\"url\":\"https:\\\/\\\/eldigitaldeasturias.com\\\/magazine365\\\/author\\\/admin\\\/\",\"name\":\"admin\",\"image\":{\"@type\":\"ImageObject\",\"@id\":\"https:\\\/\\\/eldigitaldeasturias.com\\\/magazine365\\\/wizz-air-transporto-17-millones-de-pasajeros-en-junio-un-182-mas\\\/#authorImage\",\"url\":\"https:\\\/\\\/eldigitaldeasturias.com\\\/magazine365\\\/wp-content\\\/litespeed\\\/avatar\\\/e571bcf59a0edd6fa6838245a470f2fe.jpg?ver=1777574230\",\"width\":96,\"height\":96,\"caption\":\"admin\"}},{\"@type\":\"WebPage\",\"@id\":\"https:\\\/\\\/eldigitaldeasturias.com\\\/magazine365\\\/wizz-air-transporto-17-millones-de-pasajeros-en-junio-un-182-mas\\\/#webpage\",\"url\":\"https:\\\/\\\/eldigitaldeasturias.com\\\/magazine365\\\/wizz-air-transporto-17-millones-de-pasajeros-en-junio-un-182-mas\\\/\",\"name\":\"Wizz Air transport\\u00f3 1,7 millones de pasajeros en junio, un 18,2% m\\u00e1s | El Digital de Asturias\",\"description\":\"Wizz Air transport\\u00f3 1,7 millones de pasajeros en junio, lo que supone un aumento del 18,2% con respecto al mismo mes del a\\u00f1o anterior, seg\\u00fan ha anunciado la compa\\u00f1\\u00eda en un comunicado. En el sexto mes del a\\u00f1o, la aerol\\u00ednea de bajo coste aument\\u00f3 en su capacidad un 16,7% con respecto a junio de 2014,\",\"inLanguage\":\"es-ES\",\"isPartOf\":{\"@id\":\"https:\\\/\\\/eldigitaldeasturias.com\\\/magazine365\\\/#website\"},\"breadcrumb\":{\"@id\":\"https:\\\/\\\/eldigitaldeasturias.com\\\/magazine365\\\/wizz-air-transporto-17-millones-de-pasajeros-en-junio-un-182-mas\\\/#breadcrumblist\"},\"author\":{\"@id\":\"https:\\\/\\\/eldigitaldeasturias.com\\\/magazine365\\\/author\\\/admin\\\/#author\"},\"creator\":{\"@id\":\"https:\\\/\\\/eldigitaldeasturias.com\\\/magazine365\\\/author\\\/admin\\\/#author\"},\"image\":{\"@type\":\"ImageObject\",\"url\":\"https:\\\/\\\/eldigitaldeasturias.com\\\/magazine365\\\/wp-content\\\/uploads\\\/2015\\\/07\\\/fotonoticia_20150713163549_800.jpg\",\"@id\":\"https:\\\/\\\/eldigitaldeasturias.com\\\/magazine365\\\/wizz-air-transporto-17-millones-de-pasajeros-en-junio-un-182-mas\\\/#mainImage\",\"width\":800,\"height\":534},\"primaryImageOfPage\":{\"@id\":\"https:\\\/\\\/eldigitaldeasturias.com\\\/magazine365\\\/wizz-air-transporto-17-millones-de-pasajeros-en-junio-un-182-mas\\\/#mainImage\"},\"datePublished\":\"2015-07-14T00:54:30+02:00\",\"dateModified\":\"2015-07-14T00:54:30+02:00\"},{\"@type\":\"WebSite\",\"@id\":\"https:\\\/\\\/eldigitaldeasturias.com\\\/magazine365\\\/#website\",\"url\":\"https:\\\/\\\/eldigitaldeasturias.com\\\/magazine365\\\/\",\"name\":\"El Digital de Asturias\",\"description\":\"Revista de ocio, turismo y estilo de vida\",\"inLanguage\":\"es-ES\",\"publisher\":{\"@id\":\"https:\\\/\\\/eldigitaldeasturias.com\\\/magazine365\\\/#organization\"}}]}\n\t\t<\/script>\n\t\t<!-- All in One SEO Pro -->\r\n\t\t<title>Wizz Air transport\u00f3 1,7 millones de pasajeros en junio, un 18,2% m\u00e1s | El Digital de Asturias<\/title>\n\n","aioseo_head_json":{"title":"Wizz Air transport\u00f3 1,7 millones de pasajeros en junio, un 18,2% m\u00e1s | El Digital de Asturias","description":"Wizz Air transport\u00f3 1,7 millones de pasajeros en junio, lo que supone un aumento del 18,2% con respecto al mismo mes del a\u00f1o anterior, seg\u00fan ha anunciado la compa\u00f1\u00eda en un comunicado. En el sexto mes del a\u00f1o, la aerol\u00ednea de bajo coste aument\u00f3 en su capacidad un 16,7% con respecto a junio de 2014,","canonical_url":"https:\/\/eldigitaldeasturias.com\/magazine365\/wizz-air-transporto-17-millones-de-pasajeros-en-junio-un-182-mas\/","robots":"max-image-preview:large","keywords":"actualidad turismo","webmasterTools":{"google-site-verification":"UA-38556648-1","miscellaneous":""},"schema":{"@context":"https:\/\/schema.org","@graph":[{"@type":"Article","@id":"https:\/\/eldigitaldeasturias.com\/magazine365\/wizz-air-transporto-17-millones-de-pasajeros-en-junio-un-182-mas\/#article","name":"Wizz Air transport\u00f3 1,7 millones de pasajeros en junio, un 18,2% m\u00e1s | El Digital de Asturias","headline":"Wizz Air transport\u00f3 1,7 millones de pasajeros en junio, un 18,2% m\u00e1s","author":{"@id":"https:\/\/eldigitaldeasturias.com\/magazine365\/author\/admin\/#author"},"publisher":{"@id":"https:\/\/eldigitaldeasturias.com\/magazine365\/#organization"},"image":{"@type":"ImageObject","url":"https:\/\/eldigitaldeasturias.com\/magazine365\/wp-content\/uploads\/2015\/07\/fotonoticia_20150713163549_800.jpg","width":800,"height":534},"datePublished":"2015-07-14T00:54:30+02:00","dateModified":"2015-07-14T00:54:30+02:00","inLanguage":"es-ES","mainEntityOfPage":{"@id":"https:\/\/eldigitaldeasturias.com\/magazine365\/wizz-air-transporto-17-millones-de-pasajeros-en-junio-un-182-mas\/#webpage"},"isPartOf":{"@id":"https:\/\/eldigitaldeasturias.com\/magazine365\/wizz-air-transporto-17-millones-de-pasajeros-en-junio-un-182-mas\/#webpage"},"articleSection":"Actualidad Turismo"},{"@type":"BreadcrumbList","@id":"https:\/\/eldigitaldeasturias.com\/magazine365\/wizz-air-transporto-17-millones-de-pasajeros-en-junio-un-182-mas\/#breadcrumblist","itemListElement":[{"@type":"ListItem","@id":"https:\/\/eldigitaldeasturias.com\/magazine365#listItem","position":1,"name":"Home","item":"https:\/\/eldigitaldeasturias.com\/magazine365","nextItem":{"@type":"ListItem","@id":"https:\/\/eldigitaldeasturias.com\/magazine365\/category\/actualidad-turismo\/#listItem","name":"Actualidad Turismo"}},{"@type":"ListItem","@id":"https:\/\/eldigitaldeasturias.com\/magazine365\/category\/actualidad-turismo\/#listItem","position":2,"name":"Actualidad Turismo","item":"https:\/\/eldigitaldeasturias.com\/magazine365\/category\/actualidad-turismo\/","nextItem":{"@type":"ListItem","@id":"https:\/\/eldigitaldeasturias.com\/magazine365\/wizz-air-transporto-17-millones-de-pasajeros-en-junio-un-182-mas\/#listItem","name":"Wizz Air transport\u00f3 1,7 millones de pasajeros en junio, un 18,2% m\u00e1s"},"previousItem":{"@type":"ListItem","@id":"https:\/\/eldigitaldeasturias.com\/magazine365#listItem","name":"Home"}},{"@type":"ListItem","@id":"https:\/\/eldigitaldeasturias.com\/magazine365\/wizz-air-transporto-17-millones-de-pasajeros-en-junio-un-182-mas\/#listItem","position":3,"name":"Wizz Air transport\u00f3 1,7 millones de pasajeros en junio, un 18,2% m\u00e1s","previousItem":{"@type":"ListItem","@id":"https:\/\/eldigitaldeasturias.com\/magazine365\/category\/actualidad-turismo\/#listItem","name":"Actualidad Turismo"}}]},{"@type":"Organization","@id":"https:\/\/eldigitaldeasturias.com\/magazine365\/#organization","name":"El digital de Asturias","description":"Revista de ocio, turismo y estilo de vida","url":"https:\/\/eldigitaldeasturias.com\/magazine365\/","logo":{"@type":"ImageObject","url":"https:\/\/www.eldigitaldeasturias.com\/noticias\/wp-content\/uploads\/2020\/12\/EDA.jpg","@id":"https:\/\/eldigitaldeasturias.com\/magazine365\/wizz-air-transporto-17-millones-de-pasajeros-en-junio-un-182-mas\/#organizationLogo"},"image":{"@id":"https:\/\/eldigitaldeasturias.com\/magazine365\/wizz-air-transporto-17-millones-de-pasajeros-en-junio-un-182-mas\/#organizationLogo"}},{"@type":"Person","@id":"https:\/\/eldigitaldeasturias.com\/magazine365\/author\/admin\/#author","url":"https:\/\/eldigitaldeasturias.com\/magazine365\/author\/admin\/","name":"admin","image":{"@type":"ImageObject","@id":"https:\/\/eldigitaldeasturias.com\/magazine365\/wizz-air-transporto-17-millones-de-pasajeros-en-junio-un-182-mas\/#authorImage","url":"https:\/\/eldigitaldeasturias.com\/magazine365\/wp-content\/litespeed\/avatar\/e571bcf59a0edd6fa6838245a470f2fe.jpg?ver=1777574230","width":96,"height":96,"caption":"admin"}},{"@type":"WebPage","@id":"https:\/\/eldigitaldeasturias.com\/magazine365\/wizz-air-transporto-17-millones-de-pasajeros-en-junio-un-182-mas\/#webpage","url":"https:\/\/eldigitaldeasturias.com\/magazine365\/wizz-air-transporto-17-millones-de-pasajeros-en-junio-un-182-mas\/","name":"Wizz Air transport\u00f3 1,7 millones de pasajeros en junio, un 18,2% m\u00e1s | El Digital de Asturias","description":"Wizz Air transport\u00f3 1,7 millones de pasajeros en junio, lo que supone un aumento del 18,2% con respecto al mismo mes del a\u00f1o anterior, seg\u00fan ha anunciado la compa\u00f1\u00eda en un comunicado. En el sexto mes del a\u00f1o, la aerol\u00ednea de bajo coste aument\u00f3 en su capacidad un 16,7% con respecto a junio de 2014,","inLanguage":"es-ES","isPartOf":{"@id":"https:\/\/eldigitaldeasturias.com\/magazine365\/#website"},"breadcrumb":{"@id":"https:\/\/eldigitaldeasturias.com\/magazine365\/wizz-air-transporto-17-millones-de-pasajeros-en-junio-un-182-mas\/#breadcrumblist"},"author":{"@id":"https:\/\/eldigitaldeasturias.com\/magazine365\/author\/admin\/#author"},"creator":{"@id":"https:\/\/eldigitaldeasturias.com\/magazine365\/author\/admin\/#author"},"image":{"@type":"ImageObject","url":"https:\/\/eldigitaldeasturias.com\/magazine365\/wp-content\/uploads\/2015\/07\/fotonoticia_20150713163549_800.jpg","@id":"https:\/\/eldigitaldeasturias.com\/magazine365\/wizz-air-transporto-17-millones-de-pasajeros-en-junio-un-182-mas\/#mainImage","width":800,"height":534},"primaryImageOfPage":{"@id":"https:\/\/eldigitaldeasturias.com\/magazine365\/wizz-air-transporto-17-millones-de-pasajeros-en-junio-un-182-mas\/#mainImage"},"datePublished":"2015-07-14T00:54:30+02:00","dateModified":"2015-07-14T00:54:30+02:00"},{"@type":"WebSite","@id":"https:\/\/eldigitaldeasturias.com\/magazine365\/#website","url":"https:\/\/eldigitaldeasturias.com\/magazine365\/","name":"El Digital de Asturias","description":"Revista de ocio, turismo y estilo de vida","inLanguage":"es-ES","publisher":{"@id":"https:\/\/eldigitaldeasturias.com\/magazine365\/#organization"}}]},"og:locale":"es_ES","og:site_name":"El Digital de Asturias \u2013 Revista de ocio, turismo y estilo de vida","og:type":"article","og:title":"Wizz Air transport\u00f3 1,7 millones de pasajeros en junio, un 18,2% m\u00e1s | El Digital de Asturias","og:description":"Wizz Air transport\u00f3 1,7 millones de pasajeros en junio, lo que supone un aumento del 18,2% con respecto al mismo mes del a\u00f1o anterior, seg\u00fan ha anunciado la compa\u00f1\u00eda en un comunicado. En el sexto mes del a\u00f1o, la aerol\u00ednea de bajo coste aument\u00f3 en su capacidad un 16,7% con respecto a junio de 2014,","og:url":"https:\/\/eldigitaldeasturias.com\/magazine365\/wizz-air-transporto-17-millones-de-pasajeros-en-junio-un-182-mas\/","og:image":"https:\/\/eldigitaldeasturias.com\/magazine365\/wp-content\/uploads\/2015\/07\/fotonoticia_20150713163549_800.jpg","og:image:secure_url":"https:\/\/eldigitaldeasturias.com\/magazine365\/wp-content\/uploads\/2015\/07\/fotonoticia_20150713163549_800.jpg","og:image:width":800,"og:image:height":534,"article:published_time":"2015-07-13T22:54:30+00:00","article:modified_time":"2015-07-13T22:54:30+00:00","twitter:card":"summary_large_image","twitter:title":"Wizz Air transport\u00f3 1,7 millones de pasajeros en junio, un 18,2% m\u00e1s | El Digital de Asturias","twitter:description":"Wizz Air transport\u00f3 1,7 millones de pasajeros en junio, lo que supone un aumento del 18,2% con respecto al mismo mes del a\u00f1o anterior, seg\u00fan ha anunciado la compa\u00f1\u00eda en un comunicado. En el sexto mes del a\u00f1o, la aerol\u00ednea de bajo coste aument\u00f3 en su capacidad un 16,7% con respecto a junio de 2014,","twitter:image":"https:\/\/eldigitaldeasturias.com\/magazine365\/wp-content\/uploads\/2015\/07\/fotonoticia_20150713163549_800.jpg"},"aioseo_meta_data":{"post_id":"42572","title":null,"description":null,"keywords":null,"keyphrases":null,"primary_term":null,"canonical_url":null,"og_title":null,"og_description":null,"og_object_type":"default","og_image_type":"default","og_image_url":null,"og_image_width":null,"og_image_height":null,"og_image_custom_url":null,"og_image_custom_fields":null,"og_video":null,"og_custom_url":null,"og_article_section":null,"og_article_tags":null,"twitter_use_og":false,"twitter_card":"default","twitter_image_type":"default","twitter_image_url":null,"twitter_image_custom_url":null,"twitter_image_custom_fields":null,"twitter_title":null,"twitter_description":null,"schema":{"blockGraphs":[],"customGraphs":[],"default":{"data":{"Article":[],"Course":[],"Dataset":[],"FAQPage":[],"Movie":[],"Person":[],"Product":[],"ProductReview":[],"Car":[],"Recipe":[],"Service":[],"SoftwareApplication":[],"WebPage":[]},"graphName":"","isEnabled":true},"graphs":[]},"schema_type":null,"schema_type_options":null,"pillar_content":false,"robots_default":true,"robots_noindex":false,"robots_noarchive":false,"robots_nosnippet":false,"robots_nofollow":false,"robots_noimageindex":false,"robots_noodp":false,"robots_notranslate":false,"robots_max_snippet":null,"robots_max_videopreview":null,"robots_max_imagepreview":"large","priority":null,"frequency":null,"location":null,"local_seo":null,"seo_analyzer_scan_date":"2025-09-19 18:00:02","breadcrumb_settings":null,"limit_modified_date":false,"open_ai":null,"ai":null,"created":"2021-03-09 01:58:55","updated":"2025-09-19 18:00:02"},"aioseo_breadcrumb":"<div class=\"aioseo-breadcrumbs\"><span class=\"aioseo-breadcrumb\">\n\t<a href=\"https:\/\/eldigitaldeasturias.com\/magazine365\" title=\"Home\">Home<\/a>\n<\/span><span class=\"aioseo-breadcrumb-separator\">\u2013<\/span><span class=\"aioseo-breadcrumb\">\n\t<a href=\"https:\/\/eldigitaldeasturias.com\/magazine365\/category\/actualidad-turismo\/\" title=\"Actualidad Turismo\">Actualidad Turismo<\/a>\n<\/span><span class=\"aioseo-breadcrumb-separator\">\u2013<\/span><span class=\"aioseo-breadcrumb\">\n\t<a href=\"https:\/\/eldigitaldeasturias.com\/magazine365\/wizz-air-transporto-17-millones-de-pasajeros-en-junio-un-182-mas\/\" title=\"Wizz Air transport\u00f3 1,7 millones de pasajeros en junio, un 18,2% m\u00e1s\">Wizz Air transport\u00f3 1,7 millones de pasajeros en junio, un 18,2% m\u00e1s<\/a>\n<\/span><\/div>","aioseo_breadcrumb_json":[{"label":"Home","link":"https:\/\/eldigitaldeasturias.com\/magazine365"},{"label":"Actualidad Turismo","link":"https:\/\/eldigitaldeasturias.com\/magazine365\/category\/actualidad-turismo\/"},{"label":"Wizz Air transport\u00f3 1,7 millones de pasajeros en junio, un 18,2% m\u00e1s","link":"https:\/\/eldigitaldeasturias.com\/magazine365\/wizz-air-transporto-17-millones-de-pasajeros-en-junio-un-182-mas\/"}],"_links":{"self":[{"href":"https:\/\/eldigitaldeasturias.com\/magazine365\/wp-json\/wp\/v2\/posts\/42572","targetHints":{"allow":["GET"]}}],"collection":[{"href":"https:\/\/eldigitaldeasturias.com\/magazine365\/wp-json\/wp\/v2\/posts"}],"about":[{"href":"https:\/\/eldigitaldeasturias.com\/magazine365\/wp-json\/wp\/v2\/types\/post"}],"author":[{"embeddable":true,"href":"https:\/\/eldigitaldeasturias.com\/magazine365\/wp-json\/wp\/v2\/users\/1"}],"replies":[{"embeddable":true,"href":"https:\/\/eldigitaldeasturias.com\/magazine365\/wp-json\/wp\/v2\/comments?post=42572"}],"version-history":[{"count":0,"href":"https:\/\/eldigitaldeasturias.com\/magazine365\/wp-json\/wp\/v2\/posts\/42572\/revisions"}],"wp:featuredmedia":[{"embeddable":true,"href":"https:\/\/eldigitaldeasturias.com\/magazine365\/wp-json\/wp\/v2\/media\/42573"}],"wp:attachment":[{"href":"https:\/\/eldigitaldeasturias.com\/magazine365\/wp-json\/wp\/v2\/media?parent=42572"}],"wp:term":[{"taxonomy":"category","embeddable":true,"href":"https:\/\/eldigitaldeasturias.com\/magazine365\/wp-json\/wp\/v2\/categories?post=42572"},{"taxonomy":"post_tag","embeddable":true,"href":"https:\/\/eldigitaldeasturias.com\/magazine365\/wp-json\/wp\/v2\/tags?post=42572"}],"curies":[{"name":"wp","href":"https:\/\/api.w.org\/{rel}","templated":true}]}}