{"id":42563,"date":"2015-07-14T00:48:03","date_gmt":"2015-07-13T22:48:03","guid":{"rendered":"http:\/\/eldigitaldeasturias.com\/magazine365\/?p=42563"},"modified":"2015-07-14T00:48:03","modified_gmt":"2015-07-13T22:48:03","slug":"gobierno-canario-pretende-un-debate-sobre-un-modelo-que-combine-turismo-con-sostenibilidad-y-conservacion","status":"publish","type":"post","link":"https:\/\/eldigitaldeasturias.com\/magazine365\/gobierno-canario-pretende-un-debate-sobre-un-modelo-que-combine-turismo-con-sostenibilidad-y-conservacion\/","title":{"rendered":"Gobierno canario pretende un debate sobre un modelo que combine turismo con sostenibilidad y conservaci\u00f3n"},"content":{"rendered":"<p><img fetchpriority=\"high\" decoding=\"async\" class=\"alignleft size-medium wp-image-42564\" src=\"https:\/\/eldigitaldeasturias.com\/magazine365\/wp-content\/uploads\/2015\/07\/fotonoticia_20150713161312_800-360x240.jpg\" alt=\"fotonoticia_20150713161312_800\" width=\"360\" height=\"240\" srcset=\"https:\/\/eldigitaldeasturias.com\/magazine365\/wp-content\/uploads\/2015\/07\/fotonoticia_20150713161312_800-360x240.jpg 360w, https:\/\/eldigitaldeasturias.com\/magazine365\/wp-content\/uploads\/2015\/07\/fotonoticia_20150713161312_800-650x433.jpg 650w, https:\/\/eldigitaldeasturias.com\/magazine365\/wp-content\/uploads\/2015\/07\/fotonoticia_20150713161312_800-768x512.jpg 768w, https:\/\/eldigitaldeasturias.com\/magazine365\/wp-content\/uploads\/2015\/07\/fotonoticia_20150713161312_800-150x100.jpg 150w, https:\/\/eldigitaldeasturias.com\/magazine365\/wp-content\/uploads\/2015\/07\/fotonoticia_20150713161312_800-450x300.jpg 450w, https:\/\/eldigitaldeasturias.com\/magazine365\/wp-content\/uploads\/2015\/07\/fotonoticia_20150713161312_800-696x464.jpg 696w, https:\/\/eldigitaldeasturias.com\/magazine365\/wp-content\/uploads\/2015\/07\/fotonoticia_20150713161312_800-630x420.jpg 630w, https:\/\/eldigitaldeasturias.com\/magazine365\/wp-content\/uploads\/2015\/07\/fotonoticia_20150713161312_800-84x55.jpg 84w, https:\/\/eldigitaldeasturias.com\/magazine365\/wp-content\/uploads\/2015\/07\/fotonoticia_20150713161312_800.jpg 800w\" sizes=\"(max-width: 360px) 100vw, 360px\" \/>El presidente del Gobierno de Canarias, Fernando Clavijo, ha aclarado este lunes que la propuesta que ha planteado consiste en abrir el debate sobre un modelo para las islas que combine la creaci\u00f3n de riqueza del sector m\u00e1s importante de la econom\u00eda, el turismo, con la sostenibilidad y conservaci\u00f3n del territorio.<\/p>\n<p>En un comunicado, el m\u00e1ximo dirigente regional record\u00f3 que este tipo de iniciativas \u00abno es nueva\u00bb, puesto que Fuerteventura ya ha fijado su techo del n\u00famero de camas para los pr\u00f3ximos diez a\u00f1os.<\/p>\n<p>No obstante, Clavijo se\u00f1al\u00f3 que sus palabras en la entrevista publicada este domingo en &#8216;El Pa\u00eds&#8217; son una reflexi\u00f3n abierta, no cerrada y consistente en debatir su limitaci\u00f3n, no su reducci\u00f3n.<\/p>\n<p>\u00abCanarias es un territorio limitado, con m\u00e1s de un 50% de su territorio protegido, que necesita garantizar la sostenibilidad de su sector econ\u00f3mico m\u00e1s importante a trav\u00e9s de un modelo que debe ser revisado si queremos preservar su continuidad\u00bb, asever\u00f3.<\/p>\n<p>EL GOBIERNO DE CANARIAS SEGUIR\u00c1 PROMOCIONANDO LAS ISLAS.<\/p>\n<p>Por su parte, el Gobierno de Canarias asegur\u00f3 que seguir\u00e1 promocionando las islas en los pa\u00edses m\u00e1s consolidados, como Reino Unido y Alemania; cimentando el trabajo en pa\u00edses emergentes, como Francia e Italia, y abriendo nuevos mercados en Europa y otros continentes.<\/p>\n<p>Con todo, el presidente entendi\u00f3 que el archipi\u00e9lago necesita planificar su futuro, no solo para velar por la conservaci\u00f3n del medio ambiente, sino tambi\u00e9n para asegurar un equilibrio que garantice la prestaci\u00f3n de todos los servicios p\u00fablicos que son utilizados por los turistas.<\/p>\n<p>A\u00f1adi\u00f3 que la propuesta se enmarca en la apuesta planteada en el debate de investidura, en el que se abog\u00f3 por la definici\u00f3n de un nuevo modelo econ\u00f3mico. \u00abUn modelo que nos permita seguir siendo pioneros en el desarrollo tur\u00edstico, apostando por la calidad, la rehabilitaci\u00f3n de los espacios p\u00fablicos obsoletos y fomentando el di\u00e1logo con el sector para fijar pol\u00edticas que nos ayuden a ser m\u00e1s competitivos\u00bb, matiz\u00f3.<\/p>\n<p>PLANIFICAR EL FUTURO Y DEFINIR UNA TRANSICI\u00d3N.<\/p>\n<p>Clavijo insisti\u00f3 en que se trata de un nuevo modelo tur\u00edstico que supone planificar el futuro y definir una transici\u00f3n en un sector que se caracteriza por su dinamismo, no por su inmovilismo.<\/p>\n<p>\u00abTenemos que ser innovadores si queremos que Canarias siga siendo un referente mundial, pero se trata de un proceso en el que se deben fomentar nuevos segmentos y que permita, adem\u00e1s, generar riqueza al resto de los sectores productivos de la econom\u00eda canaria. Que exista una interrelaci\u00f3n con el sector primario o que el comercio se beneficie tambi\u00e9n de la llegada de visitantes a las islas\u00bb, concluy\u00f3.<\/p>\n","protected":false},"excerpt":{"rendered":"<p>El presidente del Gobierno de Canarias, Fernando Clavijo, ha aclarado este lunes que la propuesta que ha planteado consiste en abrir el debate sobre un modelo para las islas que combine la creaci\u00f3n de riqueza del sector m\u00e1s importante de la econom\u00eda, el turismo, con la sostenibilidad y conservaci\u00f3n del territorio. En un comunicado, el<\/p>\n","protected":false},"author":1,"featured_media":42564,"comment_status":"open","ping_status":"closed","sticky":false,"template":"","format":"standard","meta":{"footnotes":""},"categories":[222],"tags":[],"class_list":{"0":"post-42563","1":"post","2":"type-post","3":"status-publish","4":"format-standard","5":"has-post-thumbnail","7":"category-actualidad-turismo"},"aioseo_notices":[],"aioseo_head":"\n\t\t<!-- All in One SEO Pro 4.9.6.1 - aioseo.com -->\n\t<meta name=\"description\" content=\"El presidente del Gobierno de Canarias, Fernando Clavijo, ha aclarado este lunes que la propuesta que ha planteado consiste en abrir el debate sobre un modelo para las islas que combine la creaci\u00f3n de riqueza del sector m\u00e1s importante de la econom\u00eda, el turismo, con la sostenibilidad y conservaci\u00f3n del territorio. En un comunicado, el\" \/>\n\t<meta name=\"robots\" content=\"max-image-preview:large\" \/>\n\t<meta name=\"author\" content=\"admin\"\/>\n\t<meta name=\"google-site-verification\" content=\"UA-38556648-1\" \/>\n\t<meta name=\"keywords\" content=\"actualidad turismo\" \/>\n\t<link rel=\"canonical\" href=\"https:\/\/eldigitaldeasturias.com\/magazine365\/gobierno-canario-pretende-un-debate-sobre-un-modelo-que-combine-turismo-con-sostenibilidad-y-conservacion\/\" \/>\n\t<meta name=\"generator\" content=\"All in One SEO Pro (AIOSEO) 4.9.6.1\" \/>\n\t\t<meta property=\"og:locale\" content=\"es_ES\" \/>\n\t\t<meta property=\"og:site_name\" content=\"El Digital de Asturias \u2013 Revista de ocio, turismo y estilo de vida\" \/>\n\t\t<meta property=\"og:type\" content=\"article\" \/>\n\t\t<meta property=\"og:title\" content=\"Gobierno canario pretende un debate sobre un modelo que combine turismo con sostenibilidad y conservaci\u00f3n | El Digital de Asturias\" \/>\n\t\t<meta property=\"og:description\" content=\"El presidente del Gobierno de Canarias, Fernando Clavijo, ha aclarado este lunes que la propuesta que ha planteado consiste en abrir el debate sobre un modelo para las islas que combine la creaci\u00f3n de riqueza del sector m\u00e1s importante de la econom\u00eda, el turismo, con la sostenibilidad y conservaci\u00f3n del territorio. En un comunicado, el\" \/>\n\t\t<meta property=\"og:url\" content=\"https:\/\/eldigitaldeasturias.com\/magazine365\/gobierno-canario-pretende-un-debate-sobre-un-modelo-que-combine-turismo-con-sostenibilidad-y-conservacion\/\" \/>\n\t\t<meta property=\"og:image\" content=\"https:\/\/eldigitaldeasturias.com\/magazine365\/wp-content\/uploads\/2015\/07\/fotonoticia_20150713161312_800.jpg\" \/>\n\t\t<meta property=\"og:image:secure_url\" content=\"https:\/\/eldigitaldeasturias.com\/magazine365\/wp-content\/uploads\/2015\/07\/fotonoticia_20150713161312_800.jpg\" \/>\n\t\t<meta property=\"og:image:width\" content=\"800\" \/>\n\t\t<meta property=\"og:image:height\" content=\"533\" \/>\n\t\t<meta property=\"article:published_time\" content=\"2015-07-13T22:48:03+00:00\" \/>\n\t\t<meta property=\"article:modified_time\" content=\"2015-07-13T22:48:03+00:00\" \/>\n\t\t<meta name=\"twitter:card\" content=\"summary_large_image\" \/>\n\t\t<meta name=\"twitter:title\" content=\"Gobierno canario pretende un debate sobre un modelo que combine turismo con sostenibilidad y conservaci\u00f3n | El Digital de Asturias\" \/>\n\t\t<meta name=\"twitter:description\" content=\"El presidente del Gobierno de Canarias, Fernando Clavijo, ha aclarado este lunes que la propuesta que ha planteado consiste en abrir el debate sobre un modelo para las islas que combine la creaci\u00f3n de riqueza del sector m\u00e1s importante de la econom\u00eda, el turismo, con la sostenibilidad y conservaci\u00f3n del territorio. En un comunicado, el\" \/>\n\t\t<meta name=\"twitter:image\" content=\"https:\/\/eldigitaldeasturias.com\/magazine365\/wp-content\/uploads\/2015\/07\/fotonoticia_20150713161312_800.jpg\" \/>\n\t\t<script type=\"application\/ld+json\" class=\"aioseo-schema\">\n\t\t\t{\"@context\":\"https:\\\/\\\/schema.org\",\"@graph\":[{\"@type\":\"Article\",\"@id\":\"https:\\\/\\\/eldigitaldeasturias.com\\\/magazine365\\\/gobierno-canario-pretende-un-debate-sobre-un-modelo-que-combine-turismo-con-sostenibilidad-y-conservacion\\\/#article\",\"name\":\"Gobierno canario pretende un debate sobre un modelo que combine turismo con sostenibilidad y conservaci\\u00f3n | El Digital de Asturias\",\"headline\":\"Gobierno canario pretende un debate sobre un modelo que combine turismo con sostenibilidad y conservaci\\u00f3n\",\"author\":{\"@id\":\"https:\\\/\\\/eldigitaldeasturias.com\\\/magazine365\\\/author\\\/admin\\\/#author\"},\"publisher\":{\"@id\":\"https:\\\/\\\/eldigitaldeasturias.com\\\/magazine365\\\/#organization\"},\"image\":{\"@type\":\"ImageObject\",\"url\":\"https:\\\/\\\/eldigitaldeasturias.com\\\/magazine365\\\/wp-content\\\/uploads\\\/2015\\\/07\\\/fotonoticia_20150713161312_800.jpg\",\"width\":800,\"height\":533},\"datePublished\":\"2015-07-14T00:48:03+02:00\",\"dateModified\":\"2015-07-14T00:48:03+02:00\",\"inLanguage\":\"es-ES\",\"mainEntityOfPage\":{\"@id\":\"https:\\\/\\\/eldigitaldeasturias.com\\\/magazine365\\\/gobierno-canario-pretende-un-debate-sobre-un-modelo-que-combine-turismo-con-sostenibilidad-y-conservacion\\\/#webpage\"},\"isPartOf\":{\"@id\":\"https:\\\/\\\/eldigitaldeasturias.com\\\/magazine365\\\/gobierno-canario-pretende-un-debate-sobre-un-modelo-que-combine-turismo-con-sostenibilidad-y-conservacion\\\/#webpage\"},\"articleSection\":\"Actualidad Turismo\"},{\"@type\":\"BreadcrumbList\",\"@id\":\"https:\\\/\\\/eldigitaldeasturias.com\\\/magazine365\\\/gobierno-canario-pretende-un-debate-sobre-un-modelo-que-combine-turismo-con-sostenibilidad-y-conservacion\\\/#breadcrumblist\",\"itemListElement\":[{\"@type\":\"ListItem\",\"@id\":\"https:\\\/\\\/eldigitaldeasturias.com\\\/magazine365#listItem\",\"position\":1,\"name\":\"Home\",\"item\":\"https:\\\/\\\/eldigitaldeasturias.com\\\/magazine365\",\"nextItem\":{\"@type\":\"ListItem\",\"@id\":\"https:\\\/\\\/eldigitaldeasturias.com\\\/magazine365\\\/category\\\/actualidad-turismo\\\/#listItem\",\"name\":\"Actualidad Turismo\"}},{\"@type\":\"ListItem\",\"@id\":\"https:\\\/\\\/eldigitaldeasturias.com\\\/magazine365\\\/category\\\/actualidad-turismo\\\/#listItem\",\"position\":2,\"name\":\"Actualidad Turismo\",\"item\":\"https:\\\/\\\/eldigitaldeasturias.com\\\/magazine365\\\/category\\\/actualidad-turismo\\\/\",\"nextItem\":{\"@type\":\"ListItem\",\"@id\":\"https:\\\/\\\/eldigitaldeasturias.com\\\/magazine365\\\/gobierno-canario-pretende-un-debate-sobre-un-modelo-que-combine-turismo-con-sostenibilidad-y-conservacion\\\/#listItem\",\"name\":\"Gobierno canario pretende un debate sobre un modelo que combine turismo con sostenibilidad y conservaci\\u00f3n\"},\"previousItem\":{\"@type\":\"ListItem\",\"@id\":\"https:\\\/\\\/eldigitaldeasturias.com\\\/magazine365#listItem\",\"name\":\"Home\"}},{\"@type\":\"ListItem\",\"@id\":\"https:\\\/\\\/eldigitaldeasturias.com\\\/magazine365\\\/gobierno-canario-pretende-un-debate-sobre-un-modelo-que-combine-turismo-con-sostenibilidad-y-conservacion\\\/#listItem\",\"position\":3,\"name\":\"Gobierno canario pretende un debate sobre un modelo que combine turismo con sostenibilidad y conservaci\\u00f3n\",\"previousItem\":{\"@type\":\"ListItem\",\"@id\":\"https:\\\/\\\/eldigitaldeasturias.com\\\/magazine365\\\/category\\\/actualidad-turismo\\\/#listItem\",\"name\":\"Actualidad Turismo\"}}]},{\"@type\":\"Organization\",\"@id\":\"https:\\\/\\\/eldigitaldeasturias.com\\\/magazine365\\\/#organization\",\"name\":\"El digital de Asturias\",\"description\":\"Revista de ocio, turismo y estilo de vida\",\"url\":\"https:\\\/\\\/eldigitaldeasturias.com\\\/magazine365\\\/\",\"logo\":{\"@type\":\"ImageObject\",\"url\":\"https:\\\/\\\/www.eldigitaldeasturias.com\\\/noticias\\\/wp-content\\\/uploads\\\/2020\\\/12\\\/EDA.jpg\",\"@id\":\"https:\\\/\\\/eldigitaldeasturias.com\\\/magazine365\\\/gobierno-canario-pretende-un-debate-sobre-un-modelo-que-combine-turismo-con-sostenibilidad-y-conservacion\\\/#organizationLogo\"},\"image\":{\"@id\":\"https:\\\/\\\/eldigitaldeasturias.com\\\/magazine365\\\/gobierno-canario-pretende-un-debate-sobre-un-modelo-que-combine-turismo-con-sostenibilidad-y-conservacion\\\/#organizationLogo\"}},{\"@type\":\"Person\",\"@id\":\"https:\\\/\\\/eldigitaldeasturias.com\\\/magazine365\\\/author\\\/admin\\\/#author\",\"url\":\"https:\\\/\\\/eldigitaldeasturias.com\\\/magazine365\\\/author\\\/admin\\\/\",\"name\":\"admin\",\"image\":{\"@type\":\"ImageObject\",\"@id\":\"https:\\\/\\\/eldigitaldeasturias.com\\\/magazine365\\\/gobierno-canario-pretende-un-debate-sobre-un-modelo-que-combine-turismo-con-sostenibilidad-y-conservacion\\\/#authorImage\",\"url\":\"https:\\\/\\\/eldigitaldeasturias.com\\\/magazine365\\\/wp-content\\\/litespeed\\\/avatar\\\/e571bcf59a0edd6fa6838245a470f2fe.jpg?ver=1777574230\",\"width\":96,\"height\":96,\"caption\":\"admin\"}},{\"@type\":\"WebPage\",\"@id\":\"https:\\\/\\\/eldigitaldeasturias.com\\\/magazine365\\\/gobierno-canario-pretende-un-debate-sobre-un-modelo-que-combine-turismo-con-sostenibilidad-y-conservacion\\\/#webpage\",\"url\":\"https:\\\/\\\/eldigitaldeasturias.com\\\/magazine365\\\/gobierno-canario-pretende-un-debate-sobre-un-modelo-que-combine-turismo-con-sostenibilidad-y-conservacion\\\/\",\"name\":\"Gobierno canario pretende un debate sobre un modelo que combine turismo con sostenibilidad y conservaci\\u00f3n | El Digital de Asturias\",\"description\":\"El presidente del Gobierno de Canarias, Fernando Clavijo, ha aclarado este lunes que la propuesta que ha planteado consiste en abrir el debate sobre un modelo para las islas que combine la creaci\\u00f3n de riqueza del sector m\\u00e1s importante de la econom\\u00eda, el turismo, con la sostenibilidad y conservaci\\u00f3n del territorio. En un comunicado, el\",\"inLanguage\":\"es-ES\",\"isPartOf\":{\"@id\":\"https:\\\/\\\/eldigitaldeasturias.com\\\/magazine365\\\/#website\"},\"breadcrumb\":{\"@id\":\"https:\\\/\\\/eldigitaldeasturias.com\\\/magazine365\\\/gobierno-canario-pretende-un-debate-sobre-un-modelo-que-combine-turismo-con-sostenibilidad-y-conservacion\\\/#breadcrumblist\"},\"author\":{\"@id\":\"https:\\\/\\\/eldigitaldeasturias.com\\\/magazine365\\\/author\\\/admin\\\/#author\"},\"creator\":{\"@id\":\"https:\\\/\\\/eldigitaldeasturias.com\\\/magazine365\\\/author\\\/admin\\\/#author\"},\"image\":{\"@type\":\"ImageObject\",\"url\":\"https:\\\/\\\/eldigitaldeasturias.com\\\/magazine365\\\/wp-content\\\/uploads\\\/2015\\\/07\\\/fotonoticia_20150713161312_800.jpg\",\"@id\":\"https:\\\/\\\/eldigitaldeasturias.com\\\/magazine365\\\/gobierno-canario-pretende-un-debate-sobre-un-modelo-que-combine-turismo-con-sostenibilidad-y-conservacion\\\/#mainImage\",\"width\":800,\"height\":533},\"primaryImageOfPage\":{\"@id\":\"https:\\\/\\\/eldigitaldeasturias.com\\\/magazine365\\\/gobierno-canario-pretende-un-debate-sobre-un-modelo-que-combine-turismo-con-sostenibilidad-y-conservacion\\\/#mainImage\"},\"datePublished\":\"2015-07-14T00:48:03+02:00\",\"dateModified\":\"2015-07-14T00:48:03+02:00\"},{\"@type\":\"WebSite\",\"@id\":\"https:\\\/\\\/eldigitaldeasturias.com\\\/magazine365\\\/#website\",\"url\":\"https:\\\/\\\/eldigitaldeasturias.com\\\/magazine365\\\/\",\"name\":\"El Digital de Asturias\",\"description\":\"Revista de ocio, turismo y estilo de vida\",\"inLanguage\":\"es-ES\",\"publisher\":{\"@id\":\"https:\\\/\\\/eldigitaldeasturias.com\\\/magazine365\\\/#organization\"}}]}\n\t\t<\/script>\n\t\t<!-- All in One SEO Pro -->\r\n\t\t<title>Gobierno canario pretende un debate sobre un modelo que combine turismo con sostenibilidad y conservaci\u00f3n | El Digital de Asturias<\/title>\n\n","aioseo_head_json":{"title":"Gobierno canario pretende un debate sobre un modelo que combine turismo con sostenibilidad y conservaci\u00f3n | El Digital de Asturias","description":"El presidente del Gobierno de Canarias, Fernando Clavijo, ha aclarado este lunes que la propuesta que ha planteado consiste en abrir el debate sobre un modelo para las islas que combine la creaci\u00f3n de riqueza del sector m\u00e1s importante de la econom\u00eda, el turismo, con la sostenibilidad y conservaci\u00f3n del territorio. En un comunicado, el","canonical_url":"https:\/\/eldigitaldeasturias.com\/magazine365\/gobierno-canario-pretende-un-debate-sobre-un-modelo-que-combine-turismo-con-sostenibilidad-y-conservacion\/","robots":"max-image-preview:large","keywords":"actualidad turismo","webmasterTools":{"google-site-verification":"UA-38556648-1","miscellaneous":""},"schema":{"@context":"https:\/\/schema.org","@graph":[{"@type":"Article","@id":"https:\/\/eldigitaldeasturias.com\/magazine365\/gobierno-canario-pretende-un-debate-sobre-un-modelo-que-combine-turismo-con-sostenibilidad-y-conservacion\/#article","name":"Gobierno canario pretende un debate sobre un modelo que combine turismo con sostenibilidad y conservaci\u00f3n | El Digital de Asturias","headline":"Gobierno canario pretende un debate sobre un modelo que combine turismo con sostenibilidad y conservaci\u00f3n","author":{"@id":"https:\/\/eldigitaldeasturias.com\/magazine365\/author\/admin\/#author"},"publisher":{"@id":"https:\/\/eldigitaldeasturias.com\/magazine365\/#organization"},"image":{"@type":"ImageObject","url":"https:\/\/eldigitaldeasturias.com\/magazine365\/wp-content\/uploads\/2015\/07\/fotonoticia_20150713161312_800.jpg","width":800,"height":533},"datePublished":"2015-07-14T00:48:03+02:00","dateModified":"2015-07-14T00:48:03+02:00","inLanguage":"es-ES","mainEntityOfPage":{"@id":"https:\/\/eldigitaldeasturias.com\/magazine365\/gobierno-canario-pretende-un-debate-sobre-un-modelo-que-combine-turismo-con-sostenibilidad-y-conservacion\/#webpage"},"isPartOf":{"@id":"https:\/\/eldigitaldeasturias.com\/magazine365\/gobierno-canario-pretende-un-debate-sobre-un-modelo-que-combine-turismo-con-sostenibilidad-y-conservacion\/#webpage"},"articleSection":"Actualidad Turismo"},{"@type":"BreadcrumbList","@id":"https:\/\/eldigitaldeasturias.com\/magazine365\/gobierno-canario-pretende-un-debate-sobre-un-modelo-que-combine-turismo-con-sostenibilidad-y-conservacion\/#breadcrumblist","itemListElement":[{"@type":"ListItem","@id":"https:\/\/eldigitaldeasturias.com\/magazine365#listItem","position":1,"name":"Home","item":"https:\/\/eldigitaldeasturias.com\/magazine365","nextItem":{"@type":"ListItem","@id":"https:\/\/eldigitaldeasturias.com\/magazine365\/category\/actualidad-turismo\/#listItem","name":"Actualidad Turismo"}},{"@type":"ListItem","@id":"https:\/\/eldigitaldeasturias.com\/magazine365\/category\/actualidad-turismo\/#listItem","position":2,"name":"Actualidad Turismo","item":"https:\/\/eldigitaldeasturias.com\/magazine365\/category\/actualidad-turismo\/","nextItem":{"@type":"ListItem","@id":"https:\/\/eldigitaldeasturias.com\/magazine365\/gobierno-canario-pretende-un-debate-sobre-un-modelo-que-combine-turismo-con-sostenibilidad-y-conservacion\/#listItem","name":"Gobierno canario pretende un debate sobre un modelo que combine turismo con sostenibilidad y conservaci\u00f3n"},"previousItem":{"@type":"ListItem","@id":"https:\/\/eldigitaldeasturias.com\/magazine365#listItem","name":"Home"}},{"@type":"ListItem","@id":"https:\/\/eldigitaldeasturias.com\/magazine365\/gobierno-canario-pretende-un-debate-sobre-un-modelo-que-combine-turismo-con-sostenibilidad-y-conservacion\/#listItem","position":3,"name":"Gobierno canario pretende un debate sobre un modelo que combine turismo con sostenibilidad y conservaci\u00f3n","previousItem":{"@type":"ListItem","@id":"https:\/\/eldigitaldeasturias.com\/magazine365\/category\/actualidad-turismo\/#listItem","name":"Actualidad Turismo"}}]},{"@type":"Organization","@id":"https:\/\/eldigitaldeasturias.com\/magazine365\/#organization","name":"El digital de Asturias","description":"Revista de ocio, turismo y estilo de vida","url":"https:\/\/eldigitaldeasturias.com\/magazine365\/","logo":{"@type":"ImageObject","url":"https:\/\/www.eldigitaldeasturias.com\/noticias\/wp-content\/uploads\/2020\/12\/EDA.jpg","@id":"https:\/\/eldigitaldeasturias.com\/magazine365\/gobierno-canario-pretende-un-debate-sobre-un-modelo-que-combine-turismo-con-sostenibilidad-y-conservacion\/#organizationLogo"},"image":{"@id":"https:\/\/eldigitaldeasturias.com\/magazine365\/gobierno-canario-pretende-un-debate-sobre-un-modelo-que-combine-turismo-con-sostenibilidad-y-conservacion\/#organizationLogo"}},{"@type":"Person","@id":"https:\/\/eldigitaldeasturias.com\/magazine365\/author\/admin\/#author","url":"https:\/\/eldigitaldeasturias.com\/magazine365\/author\/admin\/","name":"admin","image":{"@type":"ImageObject","@id":"https:\/\/eldigitaldeasturias.com\/magazine365\/gobierno-canario-pretende-un-debate-sobre-un-modelo-que-combine-turismo-con-sostenibilidad-y-conservacion\/#authorImage","url":"https:\/\/eldigitaldeasturias.com\/magazine365\/wp-content\/litespeed\/avatar\/e571bcf59a0edd6fa6838245a470f2fe.jpg?ver=1777574230","width":96,"height":96,"caption":"admin"}},{"@type":"WebPage","@id":"https:\/\/eldigitaldeasturias.com\/magazine365\/gobierno-canario-pretende-un-debate-sobre-un-modelo-que-combine-turismo-con-sostenibilidad-y-conservacion\/#webpage","url":"https:\/\/eldigitaldeasturias.com\/magazine365\/gobierno-canario-pretende-un-debate-sobre-un-modelo-que-combine-turismo-con-sostenibilidad-y-conservacion\/","name":"Gobierno canario pretende un debate sobre un modelo que combine turismo con sostenibilidad y conservaci\u00f3n | El Digital de Asturias","description":"El presidente del Gobierno de Canarias, Fernando Clavijo, ha aclarado este lunes que la propuesta que ha planteado consiste en abrir el debate sobre un modelo para las islas que combine la creaci\u00f3n de riqueza del sector m\u00e1s importante de la econom\u00eda, el turismo, con la sostenibilidad y conservaci\u00f3n del territorio. En un comunicado, el","inLanguage":"es-ES","isPartOf":{"@id":"https:\/\/eldigitaldeasturias.com\/magazine365\/#website"},"breadcrumb":{"@id":"https:\/\/eldigitaldeasturias.com\/magazine365\/gobierno-canario-pretende-un-debate-sobre-un-modelo-que-combine-turismo-con-sostenibilidad-y-conservacion\/#breadcrumblist"},"author":{"@id":"https:\/\/eldigitaldeasturias.com\/magazine365\/author\/admin\/#author"},"creator":{"@id":"https:\/\/eldigitaldeasturias.com\/magazine365\/author\/admin\/#author"},"image":{"@type":"ImageObject","url":"https:\/\/eldigitaldeasturias.com\/magazine365\/wp-content\/uploads\/2015\/07\/fotonoticia_20150713161312_800.jpg","@id":"https:\/\/eldigitaldeasturias.com\/magazine365\/gobierno-canario-pretende-un-debate-sobre-un-modelo-que-combine-turismo-con-sostenibilidad-y-conservacion\/#mainImage","width":800,"height":533},"primaryImageOfPage":{"@id":"https:\/\/eldigitaldeasturias.com\/magazine365\/gobierno-canario-pretende-un-debate-sobre-un-modelo-que-combine-turismo-con-sostenibilidad-y-conservacion\/#mainImage"},"datePublished":"2015-07-14T00:48:03+02:00","dateModified":"2015-07-14T00:48:03+02:00"},{"@type":"WebSite","@id":"https:\/\/eldigitaldeasturias.com\/magazine365\/#website","url":"https:\/\/eldigitaldeasturias.com\/magazine365\/","name":"El Digital de Asturias","description":"Revista de ocio, turismo y estilo de vida","inLanguage":"es-ES","publisher":{"@id":"https:\/\/eldigitaldeasturias.com\/magazine365\/#organization"}}]},"og:locale":"es_ES","og:site_name":"El Digital de Asturias \u2013 Revista de ocio, turismo y estilo de vida","og:type":"article","og:title":"Gobierno canario pretende un debate sobre un modelo que combine turismo con sostenibilidad y conservaci\u00f3n | El Digital de Asturias","og:description":"El presidente del Gobierno de Canarias, Fernando Clavijo, ha aclarado este lunes que la propuesta que ha planteado consiste en abrir el debate sobre un modelo para las islas que combine la creaci\u00f3n de riqueza del sector m\u00e1s importante de la econom\u00eda, el turismo, con la sostenibilidad y conservaci\u00f3n del territorio. En un comunicado, el","og:url":"https:\/\/eldigitaldeasturias.com\/magazine365\/gobierno-canario-pretende-un-debate-sobre-un-modelo-que-combine-turismo-con-sostenibilidad-y-conservacion\/","og:image":"https:\/\/eldigitaldeasturias.com\/magazine365\/wp-content\/uploads\/2015\/07\/fotonoticia_20150713161312_800.jpg","og:image:secure_url":"https:\/\/eldigitaldeasturias.com\/magazine365\/wp-content\/uploads\/2015\/07\/fotonoticia_20150713161312_800.jpg","og:image:width":800,"og:image:height":533,"article:published_time":"2015-07-13T22:48:03+00:00","article:modified_time":"2015-07-13T22:48:03+00:00","twitter:card":"summary_large_image","twitter:title":"Gobierno canario pretende un debate sobre un modelo que combine turismo con sostenibilidad y conservaci\u00f3n | El Digital de Asturias","twitter:description":"El presidente del Gobierno de Canarias, Fernando Clavijo, ha aclarado este lunes que la propuesta que ha planteado consiste en abrir el debate sobre un modelo para las islas que combine la creaci\u00f3n de riqueza del sector m\u00e1s importante de la econom\u00eda, el turismo, con la sostenibilidad y conservaci\u00f3n del territorio. En un comunicado, el","twitter:image":"https:\/\/eldigitaldeasturias.com\/magazine365\/wp-content\/uploads\/2015\/07\/fotonoticia_20150713161312_800.jpg"},"aioseo_meta_data":{"post_id":"42563","title":null,"description":null,"keywords":null,"keyphrases":null,"primary_term":null,"canonical_url":null,"og_title":null,"og_description":null,"og_object_type":"default","og_image_type":"default","og_image_url":null,"og_image_width":null,"og_image_height":null,"og_image_custom_url":null,"og_image_custom_fields":null,"og_video":null,"og_custom_url":null,"og_article_section":null,"og_article_tags":null,"twitter_use_og":false,"twitter_card":"default","twitter_image_type":"default","twitter_image_url":null,"twitter_image_custom_url":null,"twitter_image_custom_fields":null,"twitter_title":null,"twitter_description":null,"schema":{"blockGraphs":[],"customGraphs":[],"default":{"data":{"Article":[],"Course":[],"Dataset":[],"FAQPage":[],"Movie":[],"Person":[],"Product":[],"ProductReview":[],"Car":[],"Recipe":[],"Service":[],"SoftwareApplication":[],"WebPage":[]},"graphName":"","isEnabled":true},"graphs":[],"defaultGraph":"","defaultPostTypeGraph":""},"schema_type":null,"schema_type_options":null,"pillar_content":false,"robots_default":true,"robots_noindex":false,"robots_noarchive":false,"robots_nosnippet":false,"robots_nofollow":false,"robots_noimageindex":false,"robots_noodp":false,"robots_notranslate":false,"robots_max_snippet":null,"robots_max_videopreview":null,"robots_max_imagepreview":"large","priority":null,"frequency":null,"location":null,"local_seo":null,"seo_analyzer_scan_date":"2025-09-19 17:58:35","breadcrumb_settings":null,"limit_modified_date":false,"open_ai":null,"ai":null,"created":"2021-03-09 01:58:55","updated":"2025-09-19 17:58:35"},"aioseo_breadcrumb":"<div class=\"aioseo-breadcrumbs\"><span class=\"aioseo-breadcrumb\">\n\t<a href=\"https:\/\/eldigitaldeasturias.com\/magazine365\" title=\"Home\">Home<\/a>\n<\/span><span class=\"aioseo-breadcrumb-separator\">\u2013<\/span><span class=\"aioseo-breadcrumb\">\n\t<a href=\"https:\/\/eldigitaldeasturias.com\/magazine365\/category\/actualidad-turismo\/\" title=\"Actualidad Turismo\">Actualidad Turismo<\/a>\n<\/span><span class=\"aioseo-breadcrumb-separator\">\u2013<\/span><span class=\"aioseo-breadcrumb\">\n\t<a href=\"https:\/\/eldigitaldeasturias.com\/magazine365\/gobierno-canario-pretende-un-debate-sobre-un-modelo-que-combine-turismo-con-sostenibilidad-y-conservacion\/\" title=\"Gobierno canario pretende un debate sobre un modelo que combine turismo con sostenibilidad y conservaci\u00f3n\">Gobierno canario pretende un debate sobre un modelo que combine turismo con sostenibilidad y conservaci\u00f3n<\/a>\n<\/span><\/div>","aioseo_breadcrumb_json":[{"label":"Home","link":"https:\/\/eldigitaldeasturias.com\/magazine365"},{"label":"Actualidad Turismo","link":"https:\/\/eldigitaldeasturias.com\/magazine365\/category\/actualidad-turismo\/"},{"label":"Gobierno canario pretende un debate sobre un modelo que combine turismo con sostenibilidad y conservaci\u00f3n","link":"https:\/\/eldigitaldeasturias.com\/magazine365\/gobierno-canario-pretende-un-debate-sobre-un-modelo-que-combine-turismo-con-sostenibilidad-y-conservacion\/"}],"_links":{"self":[{"href":"https:\/\/eldigitaldeasturias.com\/magazine365\/wp-json\/wp\/v2\/posts\/42563","targetHints":{"allow":["GET"]}}],"collection":[{"href":"https:\/\/eldigitaldeasturias.com\/magazine365\/wp-json\/wp\/v2\/posts"}],"about":[{"href":"https:\/\/eldigitaldeasturias.com\/magazine365\/wp-json\/wp\/v2\/types\/post"}],"author":[{"embeddable":true,"href":"https:\/\/eldigitaldeasturias.com\/magazine365\/wp-json\/wp\/v2\/users\/1"}],"replies":[{"embeddable":true,"href":"https:\/\/eldigitaldeasturias.com\/magazine365\/wp-json\/wp\/v2\/comments?post=42563"}],"version-history":[{"count":0,"href":"https:\/\/eldigitaldeasturias.com\/magazine365\/wp-json\/wp\/v2\/posts\/42563\/revisions"}],"wp:featuredmedia":[{"embeddable":true,"href":"https:\/\/eldigitaldeasturias.com\/magazine365\/wp-json\/wp\/v2\/media\/42564"}],"wp:attachment":[{"href":"https:\/\/eldigitaldeasturias.com\/magazine365\/wp-json\/wp\/v2\/media?parent=42563"}],"wp:term":[{"taxonomy":"category","embeddable":true,"href":"https:\/\/eldigitaldeasturias.com\/magazine365\/wp-json\/wp\/v2\/categories?post=42563"},{"taxonomy":"post_tag","embeddable":true,"href":"https:\/\/eldigitaldeasturias.com\/magazine365\/wp-json\/wp\/v2\/tags?post=42563"}],"curies":[{"name":"wp","href":"https:\/\/api.w.org\/{rel}","templated":true}]}}