{"id":42557,"date":"2015-07-14T00:40:35","date_gmt":"2015-07-13T22:40:35","guid":{"rendered":"http:\/\/eldigitaldeasturias.com\/magazine365\/?p=42557"},"modified":"2015-07-14T00:40:35","modified_gmt":"2015-07-13T22:40:35","slug":"cordoba-promocionara-la-ruta-del-vino-montilla-moriles","status":"publish","type":"post","link":"https:\/\/eldigitaldeasturias.com\/magazine365\/cordoba-promocionara-la-ruta-del-vino-montilla-moriles\/","title":{"rendered":"C\u00f3rdoba promocionar\u00e1 la Ruta del Vino Montilla-Moriles"},"content":{"rendered":"<p><img fetchpriority=\"high\" decoding=\"async\" class=\"alignleft size-medium wp-image-42558\" src=\"https:\/\/eldigitaldeasturias.com\/magazine365\/wp-content\/uploads\/2015\/07\/fotonoticia_20150713153316_800-360x270.jpg\" alt=\"fotonoticia_20150713153316_800\" width=\"360\" height=\"270\" srcset=\"https:\/\/eldigitaldeasturias.com\/magazine365\/wp-content\/uploads\/2015\/07\/fotonoticia_20150713153316_800-360x270.jpg 360w, https:\/\/eldigitaldeasturias.com\/magazine365\/wp-content\/uploads\/2015\/07\/fotonoticia_20150713153316_800-650x488.jpg 650w, https:\/\/eldigitaldeasturias.com\/magazine365\/wp-content\/uploads\/2015\/07\/fotonoticia_20150713153316_800-768x576.jpg 768w, https:\/\/eldigitaldeasturias.com\/magazine365\/wp-content\/uploads\/2015\/07\/fotonoticia_20150713153316_800-150x113.jpg 150w, https:\/\/eldigitaldeasturias.com\/magazine365\/wp-content\/uploads\/2015\/07\/fotonoticia_20150713153316_800-450x338.jpg 450w, https:\/\/eldigitaldeasturias.com\/magazine365\/wp-content\/uploads\/2015\/07\/fotonoticia_20150713153316_800-80x60.jpg 80w, https:\/\/eldigitaldeasturias.com\/magazine365\/wp-content\/uploads\/2015\/07\/fotonoticia_20150713153316_800-265x198.jpg 265w, https:\/\/eldigitaldeasturias.com\/magazine365\/wp-content\/uploads\/2015\/07\/fotonoticia_20150713153316_800-696x522.jpg 696w, https:\/\/eldigitaldeasturias.com\/magazine365\/wp-content\/uploads\/2015\/07\/fotonoticia_20150713153316_800-560x420.jpg 560w, https:\/\/eldigitaldeasturias.com\/magazine365\/wp-content\/uploads\/2015\/07\/fotonoticia_20150713153316_800-90x67.jpg 90w, https:\/\/eldigitaldeasturias.com\/magazine365\/wp-content\/uploads\/2015\/07\/fotonoticia_20150713153316_800-100x75.jpg 100w, https:\/\/eldigitaldeasturias.com\/magazine365\/wp-content\/uploads\/2015\/07\/fotonoticia_20150713153316_800.jpg 800w\" sizes=\"(max-width: 360px) 100vw, 360px\" \/>El Patronato Provincial de Turismo de la Diputaci\u00f3n de C\u00f3rdoba reforzar\u00e1 la promoci\u00f3n de la Ruta del Vino Montilla-Moriles, y tambi\u00e9n del turismo enol\u00f3gico de la provincia, a trav\u00e9s del Concurso Nacional de Vinos de C\u00f3rdoba &#8216;Premios Mezquita&#8217;.<\/p>\n<p>Para ello, seg\u00fan ha informado la instituci\u00f3n provincial, el ente dependiente de la Diputaci\u00f3n cordobesa pretende organizar un &#8216;press trip&#8217; con medios de comunicaci\u00f3n especializados, nacionales e internacionales, para que asistan y cubran el mencionado certamen.<\/p>\n<p>La delegada de Turismo de la Diputaci\u00f3n, Carmen Mar\u00eda G\u00f3mez, ha mantenido una reuni\u00f3n con el organizador del concurso y presidente del Aula del Vino, Manuel L\u00f3pez Alejandre, a fin de perfilar la implicaci\u00f3n del Patronato Provincial de Turismo.<\/p>\n<p>En relaci\u00f3n con ello, G\u00f3mez ha se\u00f1alado que el \u00abobjetivo es mejorar el posicionamiento tur\u00edstico de C\u00f3rdoba en el turismo enol\u00f3gico\u00bb y, para ello, se tiene en cuenta que \u00abeste es un certamen nacional que tiene una larga trayectoria y nosotros vamos a intentar fortalecerlo y beneficiar al turismo de la provincia\u00bb, habi\u00e9ndose acordado en la misma reuni\u00f3n mantener otro encuentro, en el que planificar acciones promocionales para potenciar la marca &#8216;Tabernas de C\u00f3rdoba&#8217;.<\/p>\n","protected":false},"excerpt":{"rendered":"<p>El Patronato Provincial de Turismo de la Diputaci\u00f3n de C\u00f3rdoba reforzar\u00e1 la promoci\u00f3n de la Ruta del Vino Montilla-Moriles, y tambi\u00e9n del turismo enol\u00f3gico de la provincia, a trav\u00e9s del Concurso Nacional de Vinos de C\u00f3rdoba &#8216;Premios Mezquita&#8217;. Para ello, seg\u00fan ha informado la instituci\u00f3n provincial, el ente dependiente de la Diputaci\u00f3n cordobesa pretende organizar<\/p>\n","protected":false},"author":1,"featured_media":42558,"comment_status":"open","ping_status":"closed","sticky":false,"template":"","format":"standard","meta":{"footnotes":""},"categories":[224],"tags":[],"class_list":{"0":"post-42557","1":"post","2":"type-post","3":"status-publish","4":"format-standard","5":"has-post-thumbnail","7":"category-noticias-actualidad"},"aioseo_notices":[],"aioseo_head":"\n\t\t<!-- All in One SEO Pro 4.9.6.1 - aioseo.com -->\n\t<meta name=\"description\" content=\"El Patronato Provincial de Turismo de la Diputaci\u00f3n de C\u00f3rdoba reforzar\u00e1 la promoci\u00f3n de la Ruta del Vino Montilla-Moriles, y tambi\u00e9n del turismo enol\u00f3gico de la provincia, a trav\u00e9s del Concurso Nacional de Vinos de C\u00f3rdoba &#039;Premios Mezquita&#039;. Para ello, seg\u00fan ha informado la instituci\u00f3n provincial, el ente dependiente de la Diputaci\u00f3n cordobesa pretende organizar\" \/>\n\t<meta name=\"robots\" content=\"max-image-preview:large\" \/>\n\t<meta name=\"author\" content=\"admin\"\/>\n\t<meta name=\"google-site-verification\" content=\"UA-38556648-1\" \/>\n\t<meta name=\"keywords\" content=\"noticias y actualidad\" \/>\n\t<link rel=\"canonical\" href=\"https:\/\/eldigitaldeasturias.com\/magazine365\/cordoba-promocionara-la-ruta-del-vino-montilla-moriles\/\" \/>\n\t<meta name=\"generator\" content=\"All in One SEO Pro (AIOSEO) 4.9.6.1\" \/>\n\t\t<meta property=\"og:locale\" content=\"es_ES\" \/>\n\t\t<meta property=\"og:site_name\" content=\"El Digital de Asturias \u2013 Revista de ocio, turismo y estilo de vida\" \/>\n\t\t<meta property=\"og:type\" content=\"article\" \/>\n\t\t<meta property=\"og:title\" content=\"C\u00f3rdoba promocionar\u00e1 la Ruta del Vino Montilla-Moriles | El Digital de Asturias\" \/>\n\t\t<meta property=\"og:description\" content=\"El Patronato Provincial de Turismo de la Diputaci\u00f3n de C\u00f3rdoba reforzar\u00e1 la promoci\u00f3n de la Ruta del Vino Montilla-Moriles, y tambi\u00e9n del turismo enol\u00f3gico de la provincia, a trav\u00e9s del Concurso Nacional de Vinos de C\u00f3rdoba &#039;Premios Mezquita&#039;. Para ello, seg\u00fan ha informado la instituci\u00f3n provincial, el ente dependiente de la Diputaci\u00f3n cordobesa pretende organizar\" \/>\n\t\t<meta property=\"og:url\" content=\"https:\/\/eldigitaldeasturias.com\/magazine365\/cordoba-promocionara-la-ruta-del-vino-montilla-moriles\/\" \/>\n\t\t<meta property=\"og:image\" content=\"https:\/\/eldigitaldeasturias.com\/magazine365\/wp-content\/uploads\/2015\/07\/fotonoticia_20150713153316_800.jpg\" \/>\n\t\t<meta property=\"og:image:secure_url\" content=\"https:\/\/eldigitaldeasturias.com\/magazine365\/wp-content\/uploads\/2015\/07\/fotonoticia_20150713153316_800.jpg\" \/>\n\t\t<meta property=\"og:image:width\" content=\"800\" \/>\n\t\t<meta property=\"og:image:height\" content=\"600\" \/>\n\t\t<meta property=\"article:published_time\" content=\"2015-07-13T22:40:35+00:00\" \/>\n\t\t<meta property=\"article:modified_time\" content=\"2015-07-13T22:40:35+00:00\" \/>\n\t\t<meta name=\"twitter:card\" content=\"summary_large_image\" \/>\n\t\t<meta name=\"twitter:title\" content=\"C\u00f3rdoba promocionar\u00e1 la Ruta del Vino Montilla-Moriles | El Digital de Asturias\" \/>\n\t\t<meta name=\"twitter:description\" content=\"El Patronato Provincial de Turismo de la Diputaci\u00f3n de C\u00f3rdoba reforzar\u00e1 la promoci\u00f3n de la Ruta del Vino Montilla-Moriles, y tambi\u00e9n del turismo enol\u00f3gico de la provincia, a trav\u00e9s del Concurso Nacional de Vinos de C\u00f3rdoba &#039;Premios Mezquita&#039;. Para ello, seg\u00fan ha informado la instituci\u00f3n provincial, el ente dependiente de la Diputaci\u00f3n cordobesa pretende organizar\" \/>\n\t\t<meta name=\"twitter:image\" content=\"https:\/\/eldigitaldeasturias.com\/magazine365\/wp-content\/uploads\/2015\/07\/fotonoticia_20150713153316_800.jpg\" \/>\n\t\t<script type=\"application\/ld+json\" class=\"aioseo-schema\">\n\t\t\t{\"@context\":\"https:\\\/\\\/schema.org\",\"@graph\":[{\"@type\":\"Article\",\"@id\":\"https:\\\/\\\/eldigitaldeasturias.com\\\/magazine365\\\/cordoba-promocionara-la-ruta-del-vino-montilla-moriles\\\/#article\",\"name\":\"C\\u00f3rdoba promocionar\\u00e1 la Ruta del Vino Montilla-Moriles | El Digital de Asturias\",\"headline\":\"C\\u00f3rdoba promocionar\\u00e1 la Ruta del Vino Montilla-Moriles\",\"author\":{\"@id\":\"https:\\\/\\\/eldigitaldeasturias.com\\\/magazine365\\\/author\\\/admin\\\/#author\"},\"publisher\":{\"@id\":\"https:\\\/\\\/eldigitaldeasturias.com\\\/magazine365\\\/#organization\"},\"image\":{\"@type\":\"ImageObject\",\"url\":\"https:\\\/\\\/eldigitaldeasturias.com\\\/magazine365\\\/wp-content\\\/uploads\\\/2015\\\/07\\\/fotonoticia_20150713153316_800.jpg\",\"width\":800,\"height\":600},\"datePublished\":\"2015-07-14T00:40:35+02:00\",\"dateModified\":\"2015-07-14T00:40:35+02:00\",\"inLanguage\":\"es-ES\",\"mainEntityOfPage\":{\"@id\":\"https:\\\/\\\/eldigitaldeasturias.com\\\/magazine365\\\/cordoba-promocionara-la-ruta-del-vino-montilla-moriles\\\/#webpage\"},\"isPartOf\":{\"@id\":\"https:\\\/\\\/eldigitaldeasturias.com\\\/magazine365\\\/cordoba-promocionara-la-ruta-del-vino-montilla-moriles\\\/#webpage\"},\"articleSection\":\"Noticias y Actualidad\"},{\"@type\":\"BreadcrumbList\",\"@id\":\"https:\\\/\\\/eldigitaldeasturias.com\\\/magazine365\\\/cordoba-promocionara-la-ruta-del-vino-montilla-moriles\\\/#breadcrumblist\",\"itemListElement\":[{\"@type\":\"ListItem\",\"@id\":\"https:\\\/\\\/eldigitaldeasturias.com\\\/magazine365#listItem\",\"position\":1,\"name\":\"Home\",\"item\":\"https:\\\/\\\/eldigitaldeasturias.com\\\/magazine365\",\"nextItem\":{\"@type\":\"ListItem\",\"@id\":\"https:\\\/\\\/eldigitaldeasturias.com\\\/magazine365\\\/category\\\/noticias-actualidad\\\/#listItem\",\"name\":\"Noticias y Actualidad\"}},{\"@type\":\"ListItem\",\"@id\":\"https:\\\/\\\/eldigitaldeasturias.com\\\/magazine365\\\/category\\\/noticias-actualidad\\\/#listItem\",\"position\":2,\"name\":\"Noticias y Actualidad\",\"item\":\"https:\\\/\\\/eldigitaldeasturias.com\\\/magazine365\\\/category\\\/noticias-actualidad\\\/\",\"nextItem\":{\"@type\":\"ListItem\",\"@id\":\"https:\\\/\\\/eldigitaldeasturias.com\\\/magazine365\\\/cordoba-promocionara-la-ruta-del-vino-montilla-moriles\\\/#listItem\",\"name\":\"C\\u00f3rdoba promocionar\\u00e1 la Ruta del Vino Montilla-Moriles\"},\"previousItem\":{\"@type\":\"ListItem\",\"@id\":\"https:\\\/\\\/eldigitaldeasturias.com\\\/magazine365#listItem\",\"name\":\"Home\"}},{\"@type\":\"ListItem\",\"@id\":\"https:\\\/\\\/eldigitaldeasturias.com\\\/magazine365\\\/cordoba-promocionara-la-ruta-del-vino-montilla-moriles\\\/#listItem\",\"position\":3,\"name\":\"C\\u00f3rdoba promocionar\\u00e1 la Ruta del Vino Montilla-Moriles\",\"previousItem\":{\"@type\":\"ListItem\",\"@id\":\"https:\\\/\\\/eldigitaldeasturias.com\\\/magazine365\\\/category\\\/noticias-actualidad\\\/#listItem\",\"name\":\"Noticias y Actualidad\"}}]},{\"@type\":\"Organization\",\"@id\":\"https:\\\/\\\/eldigitaldeasturias.com\\\/magazine365\\\/#organization\",\"name\":\"El digital de Asturias\",\"description\":\"Revista de ocio, turismo y estilo de vida\",\"url\":\"https:\\\/\\\/eldigitaldeasturias.com\\\/magazine365\\\/\",\"logo\":{\"@type\":\"ImageObject\",\"url\":\"https:\\\/\\\/www.eldigitaldeasturias.com\\\/noticias\\\/wp-content\\\/uploads\\\/2020\\\/12\\\/EDA.jpg\",\"@id\":\"https:\\\/\\\/eldigitaldeasturias.com\\\/magazine365\\\/cordoba-promocionara-la-ruta-del-vino-montilla-moriles\\\/#organizationLogo\"},\"image\":{\"@id\":\"https:\\\/\\\/eldigitaldeasturias.com\\\/magazine365\\\/cordoba-promocionara-la-ruta-del-vino-montilla-moriles\\\/#organizationLogo\"}},{\"@type\":\"Person\",\"@id\":\"https:\\\/\\\/eldigitaldeasturias.com\\\/magazine365\\\/author\\\/admin\\\/#author\",\"url\":\"https:\\\/\\\/eldigitaldeasturias.com\\\/magazine365\\\/author\\\/admin\\\/\",\"name\":\"admin\",\"image\":{\"@type\":\"ImageObject\",\"@id\":\"https:\\\/\\\/eldigitaldeasturias.com\\\/magazine365\\\/cordoba-promocionara-la-ruta-del-vino-montilla-moriles\\\/#authorImage\",\"url\":\"https:\\\/\\\/eldigitaldeasturias.com\\\/magazine365\\\/wp-content\\\/litespeed\\\/avatar\\\/e571bcf59a0edd6fa6838245a470f2fe.jpg?ver=1777574230\",\"width\":96,\"height\":96,\"caption\":\"admin\"}},{\"@type\":\"WebPage\",\"@id\":\"https:\\\/\\\/eldigitaldeasturias.com\\\/magazine365\\\/cordoba-promocionara-la-ruta-del-vino-montilla-moriles\\\/#webpage\",\"url\":\"https:\\\/\\\/eldigitaldeasturias.com\\\/magazine365\\\/cordoba-promocionara-la-ruta-del-vino-montilla-moriles\\\/\",\"name\":\"C\\u00f3rdoba promocionar\\u00e1 la Ruta del Vino Montilla-Moriles | El Digital de Asturias\",\"description\":\"El Patronato Provincial de Turismo de la Diputaci\\u00f3n de C\\u00f3rdoba reforzar\\u00e1 la promoci\\u00f3n de la Ruta del Vino Montilla-Moriles, y tambi\\u00e9n del turismo enol\\u00f3gico de la provincia, a trav\\u00e9s del Concurso Nacional de Vinos de C\\u00f3rdoba 'Premios Mezquita'. Para ello, seg\\u00fan ha informado la instituci\\u00f3n provincial, el ente dependiente de la Diputaci\\u00f3n cordobesa pretende organizar\",\"inLanguage\":\"es-ES\",\"isPartOf\":{\"@id\":\"https:\\\/\\\/eldigitaldeasturias.com\\\/magazine365\\\/#website\"},\"breadcrumb\":{\"@id\":\"https:\\\/\\\/eldigitaldeasturias.com\\\/magazine365\\\/cordoba-promocionara-la-ruta-del-vino-montilla-moriles\\\/#breadcrumblist\"},\"author\":{\"@id\":\"https:\\\/\\\/eldigitaldeasturias.com\\\/magazine365\\\/author\\\/admin\\\/#author\"},\"creator\":{\"@id\":\"https:\\\/\\\/eldigitaldeasturias.com\\\/magazine365\\\/author\\\/admin\\\/#author\"},\"image\":{\"@type\":\"ImageObject\",\"url\":\"https:\\\/\\\/eldigitaldeasturias.com\\\/magazine365\\\/wp-content\\\/uploads\\\/2015\\\/07\\\/fotonoticia_20150713153316_800.jpg\",\"@id\":\"https:\\\/\\\/eldigitaldeasturias.com\\\/magazine365\\\/cordoba-promocionara-la-ruta-del-vino-montilla-moriles\\\/#mainImage\",\"width\":800,\"height\":600},\"primaryImageOfPage\":{\"@id\":\"https:\\\/\\\/eldigitaldeasturias.com\\\/magazine365\\\/cordoba-promocionara-la-ruta-del-vino-montilla-moriles\\\/#mainImage\"},\"datePublished\":\"2015-07-14T00:40:35+02:00\",\"dateModified\":\"2015-07-14T00:40:35+02:00\"},{\"@type\":\"WebSite\",\"@id\":\"https:\\\/\\\/eldigitaldeasturias.com\\\/magazine365\\\/#website\",\"url\":\"https:\\\/\\\/eldigitaldeasturias.com\\\/magazine365\\\/\",\"name\":\"El Digital de Asturias\",\"description\":\"Revista de ocio, turismo y estilo de vida\",\"inLanguage\":\"es-ES\",\"publisher\":{\"@id\":\"https:\\\/\\\/eldigitaldeasturias.com\\\/magazine365\\\/#organization\"}}]}\n\t\t<\/script>\n\t\t<!-- All in One SEO Pro -->\r\n\t\t<title>C\u00f3rdoba promocionar\u00e1 la Ruta del Vino Montilla-Moriles | El Digital de Asturias<\/title>\n\n","aioseo_head_json":{"title":"C\u00f3rdoba promocionar\u00e1 la Ruta del Vino Montilla-Moriles | El Digital de Asturias","description":"El Patronato Provincial de Turismo de la Diputaci\u00f3n de C\u00f3rdoba reforzar\u00e1 la promoci\u00f3n de la Ruta del Vino Montilla-Moriles, y tambi\u00e9n del turismo enol\u00f3gico de la provincia, a trav\u00e9s del Concurso Nacional de Vinos de C\u00f3rdoba 'Premios Mezquita'. Para ello, seg\u00fan ha informado la instituci\u00f3n provincial, el ente dependiente de la Diputaci\u00f3n cordobesa pretende organizar","canonical_url":"https:\/\/eldigitaldeasturias.com\/magazine365\/cordoba-promocionara-la-ruta-del-vino-montilla-moriles\/","robots":"max-image-preview:large","keywords":"noticias y actualidad","webmasterTools":{"google-site-verification":"UA-38556648-1","miscellaneous":""},"schema":{"@context":"https:\/\/schema.org","@graph":[{"@type":"Article","@id":"https:\/\/eldigitaldeasturias.com\/magazine365\/cordoba-promocionara-la-ruta-del-vino-montilla-moriles\/#article","name":"C\u00f3rdoba promocionar\u00e1 la Ruta del Vino Montilla-Moriles | El Digital de Asturias","headline":"C\u00f3rdoba promocionar\u00e1 la Ruta del Vino Montilla-Moriles","author":{"@id":"https:\/\/eldigitaldeasturias.com\/magazine365\/author\/admin\/#author"},"publisher":{"@id":"https:\/\/eldigitaldeasturias.com\/magazine365\/#organization"},"image":{"@type":"ImageObject","url":"https:\/\/eldigitaldeasturias.com\/magazine365\/wp-content\/uploads\/2015\/07\/fotonoticia_20150713153316_800.jpg","width":800,"height":600},"datePublished":"2015-07-14T00:40:35+02:00","dateModified":"2015-07-14T00:40:35+02:00","inLanguage":"es-ES","mainEntityOfPage":{"@id":"https:\/\/eldigitaldeasturias.com\/magazine365\/cordoba-promocionara-la-ruta-del-vino-montilla-moriles\/#webpage"},"isPartOf":{"@id":"https:\/\/eldigitaldeasturias.com\/magazine365\/cordoba-promocionara-la-ruta-del-vino-montilla-moriles\/#webpage"},"articleSection":"Noticias y Actualidad"},{"@type":"BreadcrumbList","@id":"https:\/\/eldigitaldeasturias.com\/magazine365\/cordoba-promocionara-la-ruta-del-vino-montilla-moriles\/#breadcrumblist","itemListElement":[{"@type":"ListItem","@id":"https:\/\/eldigitaldeasturias.com\/magazine365#listItem","position":1,"name":"Home","item":"https:\/\/eldigitaldeasturias.com\/magazine365","nextItem":{"@type":"ListItem","@id":"https:\/\/eldigitaldeasturias.com\/magazine365\/category\/noticias-actualidad\/#listItem","name":"Noticias y Actualidad"}},{"@type":"ListItem","@id":"https:\/\/eldigitaldeasturias.com\/magazine365\/category\/noticias-actualidad\/#listItem","position":2,"name":"Noticias y Actualidad","item":"https:\/\/eldigitaldeasturias.com\/magazine365\/category\/noticias-actualidad\/","nextItem":{"@type":"ListItem","@id":"https:\/\/eldigitaldeasturias.com\/magazine365\/cordoba-promocionara-la-ruta-del-vino-montilla-moriles\/#listItem","name":"C\u00f3rdoba promocionar\u00e1 la Ruta del Vino Montilla-Moriles"},"previousItem":{"@type":"ListItem","@id":"https:\/\/eldigitaldeasturias.com\/magazine365#listItem","name":"Home"}},{"@type":"ListItem","@id":"https:\/\/eldigitaldeasturias.com\/magazine365\/cordoba-promocionara-la-ruta-del-vino-montilla-moriles\/#listItem","position":3,"name":"C\u00f3rdoba promocionar\u00e1 la Ruta del Vino Montilla-Moriles","previousItem":{"@type":"ListItem","@id":"https:\/\/eldigitaldeasturias.com\/magazine365\/category\/noticias-actualidad\/#listItem","name":"Noticias y Actualidad"}}]},{"@type":"Organization","@id":"https:\/\/eldigitaldeasturias.com\/magazine365\/#organization","name":"El digital de Asturias","description":"Revista de ocio, turismo y estilo de vida","url":"https:\/\/eldigitaldeasturias.com\/magazine365\/","logo":{"@type":"ImageObject","url":"https:\/\/www.eldigitaldeasturias.com\/noticias\/wp-content\/uploads\/2020\/12\/EDA.jpg","@id":"https:\/\/eldigitaldeasturias.com\/magazine365\/cordoba-promocionara-la-ruta-del-vino-montilla-moriles\/#organizationLogo"},"image":{"@id":"https:\/\/eldigitaldeasturias.com\/magazine365\/cordoba-promocionara-la-ruta-del-vino-montilla-moriles\/#organizationLogo"}},{"@type":"Person","@id":"https:\/\/eldigitaldeasturias.com\/magazine365\/author\/admin\/#author","url":"https:\/\/eldigitaldeasturias.com\/magazine365\/author\/admin\/","name":"admin","image":{"@type":"ImageObject","@id":"https:\/\/eldigitaldeasturias.com\/magazine365\/cordoba-promocionara-la-ruta-del-vino-montilla-moriles\/#authorImage","url":"https:\/\/eldigitaldeasturias.com\/magazine365\/wp-content\/litespeed\/avatar\/e571bcf59a0edd6fa6838245a470f2fe.jpg?ver=1777574230","width":96,"height":96,"caption":"admin"}},{"@type":"WebPage","@id":"https:\/\/eldigitaldeasturias.com\/magazine365\/cordoba-promocionara-la-ruta-del-vino-montilla-moriles\/#webpage","url":"https:\/\/eldigitaldeasturias.com\/magazine365\/cordoba-promocionara-la-ruta-del-vino-montilla-moriles\/","name":"C\u00f3rdoba promocionar\u00e1 la Ruta del Vino Montilla-Moriles | El Digital de Asturias","description":"El Patronato Provincial de Turismo de la Diputaci\u00f3n de C\u00f3rdoba reforzar\u00e1 la promoci\u00f3n de la Ruta del Vino Montilla-Moriles, y tambi\u00e9n del turismo enol\u00f3gico de la provincia, a trav\u00e9s del Concurso Nacional de Vinos de C\u00f3rdoba 'Premios Mezquita'. Para ello, seg\u00fan ha informado la instituci\u00f3n provincial, el ente dependiente de la Diputaci\u00f3n cordobesa pretende organizar","inLanguage":"es-ES","isPartOf":{"@id":"https:\/\/eldigitaldeasturias.com\/magazine365\/#website"},"breadcrumb":{"@id":"https:\/\/eldigitaldeasturias.com\/magazine365\/cordoba-promocionara-la-ruta-del-vino-montilla-moriles\/#breadcrumblist"},"author":{"@id":"https:\/\/eldigitaldeasturias.com\/magazine365\/author\/admin\/#author"},"creator":{"@id":"https:\/\/eldigitaldeasturias.com\/magazine365\/author\/admin\/#author"},"image":{"@type":"ImageObject","url":"https:\/\/eldigitaldeasturias.com\/magazine365\/wp-content\/uploads\/2015\/07\/fotonoticia_20150713153316_800.jpg","@id":"https:\/\/eldigitaldeasturias.com\/magazine365\/cordoba-promocionara-la-ruta-del-vino-montilla-moriles\/#mainImage","width":800,"height":600},"primaryImageOfPage":{"@id":"https:\/\/eldigitaldeasturias.com\/magazine365\/cordoba-promocionara-la-ruta-del-vino-montilla-moriles\/#mainImage"},"datePublished":"2015-07-14T00:40:35+02:00","dateModified":"2015-07-14T00:40:35+02:00"},{"@type":"WebSite","@id":"https:\/\/eldigitaldeasturias.com\/magazine365\/#website","url":"https:\/\/eldigitaldeasturias.com\/magazine365\/","name":"El Digital de Asturias","description":"Revista de ocio, turismo y estilo de vida","inLanguage":"es-ES","publisher":{"@id":"https:\/\/eldigitaldeasturias.com\/magazine365\/#organization"}}]},"og:locale":"es_ES","og:site_name":"El Digital de Asturias \u2013 Revista de ocio, turismo y estilo de vida","og:type":"article","og:title":"C\u00f3rdoba promocionar\u00e1 la Ruta del Vino Montilla-Moriles | El Digital de Asturias","og:description":"El Patronato Provincial de Turismo de la Diputaci\u00f3n de C\u00f3rdoba reforzar\u00e1 la promoci\u00f3n de la Ruta del Vino Montilla-Moriles, y tambi\u00e9n del turismo enol\u00f3gico de la provincia, a trav\u00e9s del Concurso Nacional de Vinos de C\u00f3rdoba 'Premios Mezquita'. Para ello, seg\u00fan ha informado la instituci\u00f3n provincial, el ente dependiente de la Diputaci\u00f3n cordobesa pretende organizar","og:url":"https:\/\/eldigitaldeasturias.com\/magazine365\/cordoba-promocionara-la-ruta-del-vino-montilla-moriles\/","og:image":"https:\/\/eldigitaldeasturias.com\/magazine365\/wp-content\/uploads\/2015\/07\/fotonoticia_20150713153316_800.jpg","og:image:secure_url":"https:\/\/eldigitaldeasturias.com\/magazine365\/wp-content\/uploads\/2015\/07\/fotonoticia_20150713153316_800.jpg","og:image:width":800,"og:image:height":600,"article:published_time":"2015-07-13T22:40:35+00:00","article:modified_time":"2015-07-13T22:40:35+00:00","twitter:card":"summary_large_image","twitter:title":"C\u00f3rdoba promocionar\u00e1 la Ruta del Vino Montilla-Moriles | El Digital de Asturias","twitter:description":"El Patronato Provincial de Turismo de la Diputaci\u00f3n de C\u00f3rdoba reforzar\u00e1 la promoci\u00f3n de la Ruta del Vino Montilla-Moriles, y tambi\u00e9n del turismo enol\u00f3gico de la provincia, a trav\u00e9s del Concurso Nacional de Vinos de C\u00f3rdoba 'Premios Mezquita'. Para ello, seg\u00fan ha informado la instituci\u00f3n provincial, el ente dependiente de la Diputaci\u00f3n cordobesa pretende organizar","twitter:image":"https:\/\/eldigitaldeasturias.com\/magazine365\/wp-content\/uploads\/2015\/07\/fotonoticia_20150713153316_800.jpg"},"aioseo_meta_data":{"post_id":"42557","title":null,"description":null,"keywords":null,"keyphrases":null,"primary_term":null,"canonical_url":null,"og_title":null,"og_description":null,"og_object_type":"default","og_image_type":"default","og_image_url":null,"og_image_width":null,"og_image_height":null,"og_image_custom_url":null,"og_image_custom_fields":null,"og_video":null,"og_custom_url":null,"og_article_section":null,"og_article_tags":null,"twitter_use_og":false,"twitter_card":"default","twitter_image_type":"default","twitter_image_url":null,"twitter_image_custom_url":null,"twitter_image_custom_fields":null,"twitter_title":null,"twitter_description":null,"schema":{"blockGraphs":[],"customGraphs":[],"default":{"data":{"Article":[],"Course":[],"Dataset":[],"FAQPage":[],"Movie":[],"Person":[],"Product":[],"ProductReview":[],"Car":[],"Recipe":[],"Service":[],"SoftwareApplication":[],"WebPage":[]},"graphName":"","isEnabled":true},"graphs":[],"defaultGraph":"","defaultPostTypeGraph":""},"schema_type":null,"schema_type_options":null,"pillar_content":false,"robots_default":true,"robots_noindex":false,"robots_noarchive":false,"robots_nosnippet":false,"robots_nofollow":false,"robots_noimageindex":false,"robots_noodp":false,"robots_notranslate":false,"robots_max_snippet":null,"robots_max_videopreview":null,"robots_max_imagepreview":"large","priority":null,"frequency":null,"location":null,"local_seo":null,"seo_analyzer_scan_date":"2025-09-19 17:58:30","breadcrumb_settings":null,"limit_modified_date":false,"open_ai":null,"ai":null,"created":"2021-03-09 01:58:55","updated":"2025-09-19 17:58:30"},"aioseo_breadcrumb":"<div class=\"aioseo-breadcrumbs\"><span class=\"aioseo-breadcrumb\">\n\t<a href=\"https:\/\/eldigitaldeasturias.com\/magazine365\" title=\"Home\">Home<\/a>\n<\/span><span class=\"aioseo-breadcrumb-separator\">\u2013<\/span><span class=\"aioseo-breadcrumb\">\n\t<a href=\"https:\/\/eldigitaldeasturias.com\/magazine365\/category\/noticias-actualidad\/\" title=\"Noticias y Actualidad\">Noticias y Actualidad<\/a>\n<\/span><span class=\"aioseo-breadcrumb-separator\">\u2013<\/span><span class=\"aioseo-breadcrumb\">\n\t<a href=\"https:\/\/eldigitaldeasturias.com\/magazine365\/cordoba-promocionara-la-ruta-del-vino-montilla-moriles\/\" title=\"C\u00f3rdoba promocionar\u00e1 la Ruta del Vino Montilla-Moriles\">C\u00f3rdoba promocionar\u00e1 la Ruta del Vino Montilla-Moriles<\/a>\n<\/span><\/div>","aioseo_breadcrumb_json":[{"label":"Home","link":"https:\/\/eldigitaldeasturias.com\/magazine365"},{"label":"Noticias y Actualidad","link":"https:\/\/eldigitaldeasturias.com\/magazine365\/category\/noticias-actualidad\/"},{"label":"C\u00f3rdoba promocionar\u00e1 la Ruta del Vino Montilla-Moriles","link":"https:\/\/eldigitaldeasturias.com\/magazine365\/cordoba-promocionara-la-ruta-del-vino-montilla-moriles\/"}],"_links":{"self":[{"href":"https:\/\/eldigitaldeasturias.com\/magazine365\/wp-json\/wp\/v2\/posts\/42557","targetHints":{"allow":["GET"]}}],"collection":[{"href":"https:\/\/eldigitaldeasturias.com\/magazine365\/wp-json\/wp\/v2\/posts"}],"about":[{"href":"https:\/\/eldigitaldeasturias.com\/magazine365\/wp-json\/wp\/v2\/types\/post"}],"author":[{"embeddable":true,"href":"https:\/\/eldigitaldeasturias.com\/magazine365\/wp-json\/wp\/v2\/users\/1"}],"replies":[{"embeddable":true,"href":"https:\/\/eldigitaldeasturias.com\/magazine365\/wp-json\/wp\/v2\/comments?post=42557"}],"version-history":[{"count":0,"href":"https:\/\/eldigitaldeasturias.com\/magazine365\/wp-json\/wp\/v2\/posts\/42557\/revisions"}],"wp:featuredmedia":[{"embeddable":true,"href":"https:\/\/eldigitaldeasturias.com\/magazine365\/wp-json\/wp\/v2\/media\/42558"}],"wp:attachment":[{"href":"https:\/\/eldigitaldeasturias.com\/magazine365\/wp-json\/wp\/v2\/media?parent=42557"}],"wp:term":[{"taxonomy":"category","embeddable":true,"href":"https:\/\/eldigitaldeasturias.com\/magazine365\/wp-json\/wp\/v2\/categories?post=42557"},{"taxonomy":"post_tag","embeddable":true,"href":"https:\/\/eldigitaldeasturias.com\/magazine365\/wp-json\/wp\/v2\/tags?post=42557"}],"curies":[{"name":"wp","href":"https:\/\/api.w.org\/{rel}","templated":true}]}}