{"id":42552,"date":"2015-07-14T00:29:24","date_gmt":"2015-07-13T22:29:24","guid":{"rendered":"http:\/\/eldigitaldeasturias.com\/magazine365\/?p=42552"},"modified":"2015-07-14T00:29:24","modified_gmt":"2015-07-13T22:29:24","slug":"el-alcalde-de-valladolid-presidira-en-madrid-la-cumbre-de-destinos-gastronomicos","status":"publish","type":"post","link":"https:\/\/eldigitaldeasturias.com\/magazine365\/el-alcalde-de-valladolid-presidira-en-madrid-la-cumbre-de-destinos-gastronomicos\/","title":{"rendered":"El alcalde de Valladolid presidir\u00e1 en Madrid la &#8216;Cumbre de Destinos Gastron\u00f3micos&#8217;"},"content":{"rendered":"<p><img fetchpriority=\"high\" decoding=\"async\" class=\"alignleft size-medium wp-image-40137\" src=\"https:\/\/eldigitaldeasturias.com\/magazine365\/wp-content\/uploads\/2015\/06\/madrid2-360x270.jpg\" alt=\"madrid\" width=\"360\" height=\"270\" srcset=\"https:\/\/eldigitaldeasturias.com\/magazine365\/wp-content\/uploads\/2015\/06\/madrid2-360x270.jpg 360w, https:\/\/eldigitaldeasturias.com\/magazine365\/wp-content\/uploads\/2015\/06\/madrid2-650x488.jpg 650w, https:\/\/eldigitaldeasturias.com\/magazine365\/wp-content\/uploads\/2015\/06\/madrid2-768x576.jpg 768w, https:\/\/eldigitaldeasturias.com\/magazine365\/wp-content\/uploads\/2015\/06\/madrid2-150x113.jpg 150w, https:\/\/eldigitaldeasturias.com\/magazine365\/wp-content\/uploads\/2015\/06\/madrid2-450x338.jpg 450w, https:\/\/eldigitaldeasturias.com\/magazine365\/wp-content\/uploads\/2015\/06\/madrid2-80x60.jpg 80w, https:\/\/eldigitaldeasturias.com\/magazine365\/wp-content\/uploads\/2015\/06\/madrid2-265x198.jpg 265w, https:\/\/eldigitaldeasturias.com\/magazine365\/wp-content\/uploads\/2015\/06\/madrid2-696x522.jpg 696w, https:\/\/eldigitaldeasturias.com\/magazine365\/wp-content\/uploads\/2015\/06\/madrid2-560x420.jpg 560w, https:\/\/eldigitaldeasturias.com\/magazine365\/wp-content\/uploads\/2015\/06\/madrid2-90x67.jpg 90w, https:\/\/eldigitaldeasturias.com\/magazine365\/wp-content\/uploads\/2015\/06\/madrid2-100x75.jpg 100w, https:\/\/eldigitaldeasturias.com\/magazine365\/wp-content\/uploads\/2015\/06\/madrid2.jpg 800w\" sizes=\"(max-width: 360px) 100vw, 360px\" \/>El alcalde de Valladolid, \u00d3scar Puente, en calidad de presidente de la Asociaci\u00f3n de Destinos para la Promoci\u00f3n del Turismo Gastron\u00f3mico y vicepresidente de Saborea Espa\u00f1a, ha convocado para ma\u00f1ana, 14 de julio, la Cumbre de Destinos Gastron\u00f3micos con el objetivo de informar a los nuevos responsables pol\u00edticos de los avances en el plan de trabajo correspondiente a 2015.<\/p>\n<p>Seg\u00fan ha informado el Consistorio vallisoletano a trav\u00e9s de un comunicado remitido a Europa Press, la reuni\u00f3n tendr\u00e1 lugar en la sede del Ministerio de Industria, Energ\u00eda y Turismo a partir de las 11.30 horas y Puente estar\u00e1 acompa\u00f1ado por la concejal de Cultura y Turismo, Ana Redondo.<\/p>\n<p>Asimismo, el acto contar\u00e1 con la asistencia del presidente de Saborea Espa\u00f1a, Pedro Larumbe; el secretario general de la Federaci\u00f3n Espa\u00f1ola de Hosteler\u00eda (FEHR), Emilio Gallego; el presidente de Federaci\u00f3n Cultural de Asociaciones de Cocineros y Reposteros de Espa\u00f1a (Facyre), Mario Sandoval; la gerente de Euro-Toques, Mayre Modrego; as\u00ed como representantes de Paradores, Turespa\u00f1a y de los 18 destinos tur\u00edsticos que forman parte de la asociaci\u00f3n.<\/p>\n<p>El Ayuntamiento de Valladolid, a trav\u00e9s de la Concejal\u00eda de Cultura y Turismo ocupa la vicepresidencia de Saborea Espa\u00f1a y preside la Asociaci\u00f3n espa\u00f1ola para la promoci\u00f3n del turismo gastron\u00f3mico, de la que Valladolid es socio fundador.<\/p>\n<p>Valladolid es miembro desde 2009 de la red Saborea Espa\u00f1a (www.tastingspain.es), la primera plataforma nacional con vocaci\u00f3n internacional para potenciar la cultura gastron\u00f3mica vinculada al territorio y la prioridad de dise\u00f1ar productos integrados en el entorno natural y de un alto valor a\u00f1adido.<\/p>\n<p>Saborea Espa\u00f1a es la alianza de la Federaci\u00f3n Espa\u00f1ola de Hosteler\u00eda (FEHR), La Asociaci\u00f3n Espa\u00f1ola de destinos para la promoci\u00f3n del turismo gastron\u00f3mico, la Organizaci\u00f3n Europea de cocineros (Euro-Toques), la Federaci\u00f3n de asociaciones de cocineros y reposteros de Espa\u00f1a (Facyre) y Paradores de Turismo.<\/p>\n","protected":false},"excerpt":{"rendered":"<p>El alcalde de Valladolid, \u00d3scar Puente, en calidad de presidente de la Asociaci\u00f3n de Destinos para la Promoci\u00f3n del Turismo Gastron\u00f3mico y vicepresidente de Saborea Espa\u00f1a, ha convocado para ma\u00f1ana, 14 de julio, la Cumbre de Destinos Gastron\u00f3micos con el objetivo de informar a los nuevos responsables pol\u00edticos de los avances en el plan de<\/p>\n","protected":false},"author":1,"featured_media":40137,"comment_status":"open","ping_status":"closed","sticky":false,"template":"","format":"standard","meta":{"footnotes":""},"categories":[222],"tags":[],"class_list":{"0":"post-42552","1":"post","2":"type-post","3":"status-publish","4":"format-standard","5":"has-post-thumbnail","7":"category-actualidad-turismo"},"aioseo_notices":[],"aioseo_head":"\n\t\t<!-- All in One SEO Pro 4.9.6.1 - aioseo.com -->\n\t<meta name=\"description\" content=\"El alcalde de Valladolid, \u00d3scar Puente, en calidad de presidente de la Asociaci\u00f3n de Destinos para la Promoci\u00f3n del Turismo Gastron\u00f3mico y vicepresidente de Saborea Espa\u00f1a, ha convocado para ma\u00f1ana, 14 de julio, la Cumbre de Destinos Gastron\u00f3micos con el objetivo de informar a los nuevos responsables pol\u00edticos de los avances en el plan de\" \/>\n\t<meta name=\"robots\" content=\"max-image-preview:large\" \/>\n\t<meta name=\"author\" content=\"admin\"\/>\n\t<meta name=\"google-site-verification\" content=\"UA-38556648-1\" \/>\n\t<meta name=\"keywords\" content=\"actualidad turismo\" \/>\n\t<link rel=\"canonical\" href=\"https:\/\/eldigitaldeasturias.com\/magazine365\/el-alcalde-de-valladolid-presidira-en-madrid-la-cumbre-de-destinos-gastronomicos\/\" \/>\n\t<meta name=\"generator\" content=\"All in One SEO Pro (AIOSEO) 4.9.6.1\" \/>\n\t\t<meta property=\"og:locale\" content=\"es_ES\" \/>\n\t\t<meta property=\"og:site_name\" content=\"El Digital de Asturias \u2013 Revista de ocio, turismo y estilo de vida\" \/>\n\t\t<meta property=\"og:type\" content=\"article\" \/>\n\t\t<meta property=\"og:title\" content=\"El alcalde de Valladolid presidir\u00e1 en Madrid la \u2018Cumbre de Destinos Gastron\u00f3micos\u2019 | El Digital de Asturias\" \/>\n\t\t<meta property=\"og:description\" content=\"El alcalde de Valladolid, \u00d3scar Puente, en calidad de presidente de la Asociaci\u00f3n de Destinos para la Promoci\u00f3n del Turismo Gastron\u00f3mico y vicepresidente de Saborea Espa\u00f1a, ha convocado para ma\u00f1ana, 14 de julio, la Cumbre de Destinos Gastron\u00f3micos con el objetivo de informar a los nuevos responsables pol\u00edticos de los avances en el plan de\" \/>\n\t\t<meta property=\"og:url\" content=\"https:\/\/eldigitaldeasturias.com\/magazine365\/el-alcalde-de-valladolid-presidira-en-madrid-la-cumbre-de-destinos-gastronomicos\/\" \/>\n\t\t<meta property=\"og:image\" content=\"https:\/\/eldigitaldeasturias.com\/magazine365\/wp-content\/uploads\/2015\/06\/madrid2.jpg\" \/>\n\t\t<meta property=\"og:image:secure_url\" content=\"https:\/\/eldigitaldeasturias.com\/magazine365\/wp-content\/uploads\/2015\/06\/madrid2.jpg\" \/>\n\t\t<meta property=\"og:image:width\" content=\"800\" \/>\n\t\t<meta property=\"og:image:height\" content=\"600\" \/>\n\t\t<meta property=\"article:published_time\" content=\"2015-07-13T22:29:24+00:00\" \/>\n\t\t<meta property=\"article:modified_time\" content=\"2015-07-13T22:29:24+00:00\" \/>\n\t\t<meta name=\"twitter:card\" content=\"summary_large_image\" \/>\n\t\t<meta name=\"twitter:title\" content=\"El alcalde de Valladolid presidir\u00e1 en Madrid la \u2018Cumbre de Destinos Gastron\u00f3micos\u2019 | El Digital de Asturias\" \/>\n\t\t<meta name=\"twitter:description\" content=\"El alcalde de Valladolid, \u00d3scar Puente, en calidad de presidente de la Asociaci\u00f3n de Destinos para la Promoci\u00f3n del Turismo Gastron\u00f3mico y vicepresidente de Saborea Espa\u00f1a, ha convocado para ma\u00f1ana, 14 de julio, la Cumbre de Destinos Gastron\u00f3micos con el objetivo de informar a los nuevos responsables pol\u00edticos de los avances en el plan de\" \/>\n\t\t<meta name=\"twitter:image\" content=\"https:\/\/eldigitaldeasturias.com\/magazine365\/wp-content\/uploads\/2015\/06\/madrid2.jpg\" \/>\n\t\t<script type=\"application\/ld+json\" class=\"aioseo-schema\">\n\t\t\t{\"@context\":\"https:\\\/\\\/schema.org\",\"@graph\":[{\"@type\":\"Article\",\"@id\":\"https:\\\/\\\/eldigitaldeasturias.com\\\/magazine365\\\/el-alcalde-de-valladolid-presidira-en-madrid-la-cumbre-de-destinos-gastronomicos\\\/#article\",\"name\":\"El alcalde de Valladolid presidir\\u00e1 en Madrid la \\u2018Cumbre de Destinos Gastron\\u00f3micos\\u2019 | El Digital de Asturias\",\"headline\":\"El alcalde de Valladolid presidir\\u00e1 en Madrid la &#8216;Cumbre de Destinos Gastron\\u00f3micos&#8217;\",\"author\":{\"@id\":\"https:\\\/\\\/eldigitaldeasturias.com\\\/magazine365\\\/author\\\/admin\\\/#author\"},\"publisher\":{\"@id\":\"https:\\\/\\\/eldigitaldeasturias.com\\\/magazine365\\\/#organization\"},\"image\":{\"@type\":\"ImageObject\",\"url\":\"https:\\\/\\\/eldigitaldeasturias.com\\\/magazine365\\\/wp-content\\\/uploads\\\/2015\\\/06\\\/madrid2.jpg\",\"width\":800,\"height\":600},\"datePublished\":\"2015-07-14T00:29:24+02:00\",\"dateModified\":\"2015-07-14T00:29:24+02:00\",\"inLanguage\":\"es-ES\",\"mainEntityOfPage\":{\"@id\":\"https:\\\/\\\/eldigitaldeasturias.com\\\/magazine365\\\/el-alcalde-de-valladolid-presidira-en-madrid-la-cumbre-de-destinos-gastronomicos\\\/#webpage\"},\"isPartOf\":{\"@id\":\"https:\\\/\\\/eldigitaldeasturias.com\\\/magazine365\\\/el-alcalde-de-valladolid-presidira-en-madrid-la-cumbre-de-destinos-gastronomicos\\\/#webpage\"},\"articleSection\":\"Actualidad Turismo\"},{\"@type\":\"BreadcrumbList\",\"@id\":\"https:\\\/\\\/eldigitaldeasturias.com\\\/magazine365\\\/el-alcalde-de-valladolid-presidira-en-madrid-la-cumbre-de-destinos-gastronomicos\\\/#breadcrumblist\",\"itemListElement\":[{\"@type\":\"ListItem\",\"@id\":\"https:\\\/\\\/eldigitaldeasturias.com\\\/magazine365#listItem\",\"position\":1,\"name\":\"Home\",\"item\":\"https:\\\/\\\/eldigitaldeasturias.com\\\/magazine365\",\"nextItem\":{\"@type\":\"ListItem\",\"@id\":\"https:\\\/\\\/eldigitaldeasturias.com\\\/magazine365\\\/category\\\/actualidad-turismo\\\/#listItem\",\"name\":\"Actualidad Turismo\"}},{\"@type\":\"ListItem\",\"@id\":\"https:\\\/\\\/eldigitaldeasturias.com\\\/magazine365\\\/category\\\/actualidad-turismo\\\/#listItem\",\"position\":2,\"name\":\"Actualidad Turismo\",\"item\":\"https:\\\/\\\/eldigitaldeasturias.com\\\/magazine365\\\/category\\\/actualidad-turismo\\\/\",\"nextItem\":{\"@type\":\"ListItem\",\"@id\":\"https:\\\/\\\/eldigitaldeasturias.com\\\/magazine365\\\/el-alcalde-de-valladolid-presidira-en-madrid-la-cumbre-de-destinos-gastronomicos\\\/#listItem\",\"name\":\"El alcalde de Valladolid presidir\\u00e1 en Madrid la &#8216;Cumbre de Destinos Gastron\\u00f3micos&#8217;\"},\"previousItem\":{\"@type\":\"ListItem\",\"@id\":\"https:\\\/\\\/eldigitaldeasturias.com\\\/magazine365#listItem\",\"name\":\"Home\"}},{\"@type\":\"ListItem\",\"@id\":\"https:\\\/\\\/eldigitaldeasturias.com\\\/magazine365\\\/el-alcalde-de-valladolid-presidira-en-madrid-la-cumbre-de-destinos-gastronomicos\\\/#listItem\",\"position\":3,\"name\":\"El alcalde de Valladolid presidir\\u00e1 en Madrid la &#8216;Cumbre de Destinos Gastron\\u00f3micos&#8217;\",\"previousItem\":{\"@type\":\"ListItem\",\"@id\":\"https:\\\/\\\/eldigitaldeasturias.com\\\/magazine365\\\/category\\\/actualidad-turismo\\\/#listItem\",\"name\":\"Actualidad Turismo\"}}]},{\"@type\":\"Organization\",\"@id\":\"https:\\\/\\\/eldigitaldeasturias.com\\\/magazine365\\\/#organization\",\"name\":\"El digital de Asturias\",\"description\":\"Revista de ocio, turismo y estilo de vida\",\"url\":\"https:\\\/\\\/eldigitaldeasturias.com\\\/magazine365\\\/\",\"logo\":{\"@type\":\"ImageObject\",\"url\":\"https:\\\/\\\/www.eldigitaldeasturias.com\\\/noticias\\\/wp-content\\\/uploads\\\/2020\\\/12\\\/EDA.jpg\",\"@id\":\"https:\\\/\\\/eldigitaldeasturias.com\\\/magazine365\\\/el-alcalde-de-valladolid-presidira-en-madrid-la-cumbre-de-destinos-gastronomicos\\\/#organizationLogo\"},\"image\":{\"@id\":\"https:\\\/\\\/eldigitaldeasturias.com\\\/magazine365\\\/el-alcalde-de-valladolid-presidira-en-madrid-la-cumbre-de-destinos-gastronomicos\\\/#organizationLogo\"}},{\"@type\":\"Person\",\"@id\":\"https:\\\/\\\/eldigitaldeasturias.com\\\/magazine365\\\/author\\\/admin\\\/#author\",\"url\":\"https:\\\/\\\/eldigitaldeasturias.com\\\/magazine365\\\/author\\\/admin\\\/\",\"name\":\"admin\",\"image\":{\"@type\":\"ImageObject\",\"@id\":\"https:\\\/\\\/eldigitaldeasturias.com\\\/magazine365\\\/el-alcalde-de-valladolid-presidira-en-madrid-la-cumbre-de-destinos-gastronomicos\\\/#authorImage\",\"url\":\"https:\\\/\\\/eldigitaldeasturias.com\\\/magazine365\\\/wp-content\\\/litespeed\\\/avatar\\\/e571bcf59a0edd6fa6838245a470f2fe.jpg?ver=1777574230\",\"width\":96,\"height\":96,\"caption\":\"admin\"}},{\"@type\":\"WebPage\",\"@id\":\"https:\\\/\\\/eldigitaldeasturias.com\\\/magazine365\\\/el-alcalde-de-valladolid-presidira-en-madrid-la-cumbre-de-destinos-gastronomicos\\\/#webpage\",\"url\":\"https:\\\/\\\/eldigitaldeasturias.com\\\/magazine365\\\/el-alcalde-de-valladolid-presidira-en-madrid-la-cumbre-de-destinos-gastronomicos\\\/\",\"name\":\"El alcalde de Valladolid presidir\\u00e1 en Madrid la \\u2018Cumbre de Destinos Gastron\\u00f3micos\\u2019 | El Digital de Asturias\",\"description\":\"El alcalde de Valladolid, \\u00d3scar Puente, en calidad de presidente de la Asociaci\\u00f3n de Destinos para la Promoci\\u00f3n del Turismo Gastron\\u00f3mico y vicepresidente de Saborea Espa\\u00f1a, ha convocado para ma\\u00f1ana, 14 de julio, la Cumbre de Destinos Gastron\\u00f3micos con el objetivo de informar a los nuevos responsables pol\\u00edticos de los avances en el plan de\",\"inLanguage\":\"es-ES\",\"isPartOf\":{\"@id\":\"https:\\\/\\\/eldigitaldeasturias.com\\\/magazine365\\\/#website\"},\"breadcrumb\":{\"@id\":\"https:\\\/\\\/eldigitaldeasturias.com\\\/magazine365\\\/el-alcalde-de-valladolid-presidira-en-madrid-la-cumbre-de-destinos-gastronomicos\\\/#breadcrumblist\"},\"author\":{\"@id\":\"https:\\\/\\\/eldigitaldeasturias.com\\\/magazine365\\\/author\\\/admin\\\/#author\"},\"creator\":{\"@id\":\"https:\\\/\\\/eldigitaldeasturias.com\\\/magazine365\\\/author\\\/admin\\\/#author\"},\"image\":{\"@type\":\"ImageObject\",\"url\":\"https:\\\/\\\/eldigitaldeasturias.com\\\/magazine365\\\/wp-content\\\/uploads\\\/2015\\\/06\\\/madrid2.jpg\",\"@id\":\"https:\\\/\\\/eldigitaldeasturias.com\\\/magazine365\\\/el-alcalde-de-valladolid-presidira-en-madrid-la-cumbre-de-destinos-gastronomicos\\\/#mainImage\",\"width\":800,\"height\":600},\"primaryImageOfPage\":{\"@id\":\"https:\\\/\\\/eldigitaldeasturias.com\\\/magazine365\\\/el-alcalde-de-valladolid-presidira-en-madrid-la-cumbre-de-destinos-gastronomicos\\\/#mainImage\"},\"datePublished\":\"2015-07-14T00:29:24+02:00\",\"dateModified\":\"2015-07-14T00:29:24+02:00\"},{\"@type\":\"WebSite\",\"@id\":\"https:\\\/\\\/eldigitaldeasturias.com\\\/magazine365\\\/#website\",\"url\":\"https:\\\/\\\/eldigitaldeasturias.com\\\/magazine365\\\/\",\"name\":\"El Digital de Asturias\",\"description\":\"Revista de ocio, turismo y estilo de vida\",\"inLanguage\":\"es-ES\",\"publisher\":{\"@id\":\"https:\\\/\\\/eldigitaldeasturias.com\\\/magazine365\\\/#organization\"}}]}\n\t\t<\/script>\n\t\t<!-- All in One SEO Pro -->\r\n\t\t<title>El alcalde de Valladolid presidir\u00e1 en Madrid la \u2018Cumbre de Destinos Gastron\u00f3micos\u2019 | El Digital de Asturias<\/title>\n\n","aioseo_head_json":{"title":"El alcalde de Valladolid presidir\u00e1 en Madrid la \u2018Cumbre de Destinos Gastron\u00f3micos\u2019 | El Digital de Asturias","description":"El alcalde de Valladolid, \u00d3scar Puente, en calidad de presidente de la Asociaci\u00f3n de Destinos para la Promoci\u00f3n del Turismo Gastron\u00f3mico y vicepresidente de Saborea Espa\u00f1a, ha convocado para ma\u00f1ana, 14 de julio, la Cumbre de Destinos Gastron\u00f3micos con el objetivo de informar a los nuevos responsables pol\u00edticos de los avances en el plan de","canonical_url":"https:\/\/eldigitaldeasturias.com\/magazine365\/el-alcalde-de-valladolid-presidira-en-madrid-la-cumbre-de-destinos-gastronomicos\/","robots":"max-image-preview:large","keywords":"actualidad turismo","webmasterTools":{"google-site-verification":"UA-38556648-1","miscellaneous":""},"schema":{"@context":"https:\/\/schema.org","@graph":[{"@type":"Article","@id":"https:\/\/eldigitaldeasturias.com\/magazine365\/el-alcalde-de-valladolid-presidira-en-madrid-la-cumbre-de-destinos-gastronomicos\/#article","name":"El alcalde de Valladolid presidir\u00e1 en Madrid la \u2018Cumbre de Destinos Gastron\u00f3micos\u2019 | El Digital de Asturias","headline":"El alcalde de Valladolid presidir\u00e1 en Madrid la &#8216;Cumbre de Destinos Gastron\u00f3micos&#8217;","author":{"@id":"https:\/\/eldigitaldeasturias.com\/magazine365\/author\/admin\/#author"},"publisher":{"@id":"https:\/\/eldigitaldeasturias.com\/magazine365\/#organization"},"image":{"@type":"ImageObject","url":"https:\/\/eldigitaldeasturias.com\/magazine365\/wp-content\/uploads\/2015\/06\/madrid2.jpg","width":800,"height":600},"datePublished":"2015-07-14T00:29:24+02:00","dateModified":"2015-07-14T00:29:24+02:00","inLanguage":"es-ES","mainEntityOfPage":{"@id":"https:\/\/eldigitaldeasturias.com\/magazine365\/el-alcalde-de-valladolid-presidira-en-madrid-la-cumbre-de-destinos-gastronomicos\/#webpage"},"isPartOf":{"@id":"https:\/\/eldigitaldeasturias.com\/magazine365\/el-alcalde-de-valladolid-presidira-en-madrid-la-cumbre-de-destinos-gastronomicos\/#webpage"},"articleSection":"Actualidad Turismo"},{"@type":"BreadcrumbList","@id":"https:\/\/eldigitaldeasturias.com\/magazine365\/el-alcalde-de-valladolid-presidira-en-madrid-la-cumbre-de-destinos-gastronomicos\/#breadcrumblist","itemListElement":[{"@type":"ListItem","@id":"https:\/\/eldigitaldeasturias.com\/magazine365#listItem","position":1,"name":"Home","item":"https:\/\/eldigitaldeasturias.com\/magazine365","nextItem":{"@type":"ListItem","@id":"https:\/\/eldigitaldeasturias.com\/magazine365\/category\/actualidad-turismo\/#listItem","name":"Actualidad Turismo"}},{"@type":"ListItem","@id":"https:\/\/eldigitaldeasturias.com\/magazine365\/category\/actualidad-turismo\/#listItem","position":2,"name":"Actualidad Turismo","item":"https:\/\/eldigitaldeasturias.com\/magazine365\/category\/actualidad-turismo\/","nextItem":{"@type":"ListItem","@id":"https:\/\/eldigitaldeasturias.com\/magazine365\/el-alcalde-de-valladolid-presidira-en-madrid-la-cumbre-de-destinos-gastronomicos\/#listItem","name":"El alcalde de Valladolid presidir\u00e1 en Madrid la &#8216;Cumbre de Destinos Gastron\u00f3micos&#8217;"},"previousItem":{"@type":"ListItem","@id":"https:\/\/eldigitaldeasturias.com\/magazine365#listItem","name":"Home"}},{"@type":"ListItem","@id":"https:\/\/eldigitaldeasturias.com\/magazine365\/el-alcalde-de-valladolid-presidira-en-madrid-la-cumbre-de-destinos-gastronomicos\/#listItem","position":3,"name":"El alcalde de Valladolid presidir\u00e1 en Madrid la &#8216;Cumbre de Destinos Gastron\u00f3micos&#8217;","previousItem":{"@type":"ListItem","@id":"https:\/\/eldigitaldeasturias.com\/magazine365\/category\/actualidad-turismo\/#listItem","name":"Actualidad Turismo"}}]},{"@type":"Organization","@id":"https:\/\/eldigitaldeasturias.com\/magazine365\/#organization","name":"El digital de Asturias","description":"Revista de ocio, turismo y estilo de vida","url":"https:\/\/eldigitaldeasturias.com\/magazine365\/","logo":{"@type":"ImageObject","url":"https:\/\/www.eldigitaldeasturias.com\/noticias\/wp-content\/uploads\/2020\/12\/EDA.jpg","@id":"https:\/\/eldigitaldeasturias.com\/magazine365\/el-alcalde-de-valladolid-presidira-en-madrid-la-cumbre-de-destinos-gastronomicos\/#organizationLogo"},"image":{"@id":"https:\/\/eldigitaldeasturias.com\/magazine365\/el-alcalde-de-valladolid-presidira-en-madrid-la-cumbre-de-destinos-gastronomicos\/#organizationLogo"}},{"@type":"Person","@id":"https:\/\/eldigitaldeasturias.com\/magazine365\/author\/admin\/#author","url":"https:\/\/eldigitaldeasturias.com\/magazine365\/author\/admin\/","name":"admin","image":{"@type":"ImageObject","@id":"https:\/\/eldigitaldeasturias.com\/magazine365\/el-alcalde-de-valladolid-presidira-en-madrid-la-cumbre-de-destinos-gastronomicos\/#authorImage","url":"https:\/\/eldigitaldeasturias.com\/magazine365\/wp-content\/litespeed\/avatar\/e571bcf59a0edd6fa6838245a470f2fe.jpg?ver=1777574230","width":96,"height":96,"caption":"admin"}},{"@type":"WebPage","@id":"https:\/\/eldigitaldeasturias.com\/magazine365\/el-alcalde-de-valladolid-presidira-en-madrid-la-cumbre-de-destinos-gastronomicos\/#webpage","url":"https:\/\/eldigitaldeasturias.com\/magazine365\/el-alcalde-de-valladolid-presidira-en-madrid-la-cumbre-de-destinos-gastronomicos\/","name":"El alcalde de Valladolid presidir\u00e1 en Madrid la \u2018Cumbre de Destinos Gastron\u00f3micos\u2019 | El Digital de Asturias","description":"El alcalde de Valladolid, \u00d3scar Puente, en calidad de presidente de la Asociaci\u00f3n de Destinos para la Promoci\u00f3n del Turismo Gastron\u00f3mico y vicepresidente de Saborea Espa\u00f1a, ha convocado para ma\u00f1ana, 14 de julio, la Cumbre de Destinos Gastron\u00f3micos con el objetivo de informar a los nuevos responsables pol\u00edticos de los avances en el plan de","inLanguage":"es-ES","isPartOf":{"@id":"https:\/\/eldigitaldeasturias.com\/magazine365\/#website"},"breadcrumb":{"@id":"https:\/\/eldigitaldeasturias.com\/magazine365\/el-alcalde-de-valladolid-presidira-en-madrid-la-cumbre-de-destinos-gastronomicos\/#breadcrumblist"},"author":{"@id":"https:\/\/eldigitaldeasturias.com\/magazine365\/author\/admin\/#author"},"creator":{"@id":"https:\/\/eldigitaldeasturias.com\/magazine365\/author\/admin\/#author"},"image":{"@type":"ImageObject","url":"https:\/\/eldigitaldeasturias.com\/magazine365\/wp-content\/uploads\/2015\/06\/madrid2.jpg","@id":"https:\/\/eldigitaldeasturias.com\/magazine365\/el-alcalde-de-valladolid-presidira-en-madrid-la-cumbre-de-destinos-gastronomicos\/#mainImage","width":800,"height":600},"primaryImageOfPage":{"@id":"https:\/\/eldigitaldeasturias.com\/magazine365\/el-alcalde-de-valladolid-presidira-en-madrid-la-cumbre-de-destinos-gastronomicos\/#mainImage"},"datePublished":"2015-07-14T00:29:24+02:00","dateModified":"2015-07-14T00:29:24+02:00"},{"@type":"WebSite","@id":"https:\/\/eldigitaldeasturias.com\/magazine365\/#website","url":"https:\/\/eldigitaldeasturias.com\/magazine365\/","name":"El Digital de Asturias","description":"Revista de ocio, turismo y estilo de vida","inLanguage":"es-ES","publisher":{"@id":"https:\/\/eldigitaldeasturias.com\/magazine365\/#organization"}}]},"og:locale":"es_ES","og:site_name":"El Digital de Asturias \u2013 Revista de ocio, turismo y estilo de vida","og:type":"article","og:title":"El alcalde de Valladolid presidir\u00e1 en Madrid la \u2018Cumbre de Destinos Gastron\u00f3micos\u2019 | El Digital de Asturias","og:description":"El alcalde de Valladolid, \u00d3scar Puente, en calidad de presidente de la Asociaci\u00f3n de Destinos para la Promoci\u00f3n del Turismo Gastron\u00f3mico y vicepresidente de Saborea Espa\u00f1a, ha convocado para ma\u00f1ana, 14 de julio, la Cumbre de Destinos Gastron\u00f3micos con el objetivo de informar a los nuevos responsables pol\u00edticos de los avances en el plan de","og:url":"https:\/\/eldigitaldeasturias.com\/magazine365\/el-alcalde-de-valladolid-presidira-en-madrid-la-cumbre-de-destinos-gastronomicos\/","og:image":"https:\/\/eldigitaldeasturias.com\/magazine365\/wp-content\/uploads\/2015\/06\/madrid2.jpg","og:image:secure_url":"https:\/\/eldigitaldeasturias.com\/magazine365\/wp-content\/uploads\/2015\/06\/madrid2.jpg","og:image:width":800,"og:image:height":600,"article:published_time":"2015-07-13T22:29:24+00:00","article:modified_time":"2015-07-13T22:29:24+00:00","twitter:card":"summary_large_image","twitter:title":"El alcalde de Valladolid presidir\u00e1 en Madrid la \u2018Cumbre de Destinos Gastron\u00f3micos\u2019 | El Digital de Asturias","twitter:description":"El alcalde de Valladolid, \u00d3scar Puente, en calidad de presidente de la Asociaci\u00f3n de Destinos para la Promoci\u00f3n del Turismo Gastron\u00f3mico y vicepresidente de Saborea Espa\u00f1a, ha convocado para ma\u00f1ana, 14 de julio, la Cumbre de Destinos Gastron\u00f3micos con el objetivo de informar a los nuevos responsables pol\u00edticos de los avances en el plan de","twitter:image":"https:\/\/eldigitaldeasturias.com\/magazine365\/wp-content\/uploads\/2015\/06\/madrid2.jpg"},"aioseo_meta_data":{"post_id":"42552","title":null,"description":null,"keywords":null,"keyphrases":null,"primary_term":null,"canonical_url":null,"og_title":null,"og_description":null,"og_object_type":"default","og_image_type":"default","og_image_url":null,"og_image_width":null,"og_image_height":null,"og_image_custom_url":null,"og_image_custom_fields":null,"og_video":null,"og_custom_url":null,"og_article_section":null,"og_article_tags":null,"twitter_use_og":false,"twitter_card":"default","twitter_image_type":"default","twitter_image_url":null,"twitter_image_custom_url":null,"twitter_image_custom_fields":null,"twitter_title":null,"twitter_description":null,"schema":{"blockGraphs":[],"customGraphs":[],"default":{"data":{"Article":[],"Course":[],"Dataset":[],"FAQPage":[],"Movie":[],"Person":[],"Product":[],"ProductReview":[],"Car":[],"Recipe":[],"Service":[],"SoftwareApplication":[],"WebPage":[]},"graphName":"","isEnabled":true},"graphs":[],"defaultGraph":"","defaultPostTypeGraph":""},"schema_type":null,"schema_type_options":null,"pillar_content":false,"robots_default":true,"robots_noindex":false,"robots_noarchive":false,"robots_nosnippet":false,"robots_nofollow":false,"robots_noimageindex":false,"robots_noodp":false,"robots_notranslate":false,"robots_max_snippet":null,"robots_max_videopreview":null,"robots_max_imagepreview":"large","priority":null,"frequency":null,"location":null,"local_seo":null,"seo_analyzer_scan_date":"2025-09-19 17:58:28","breadcrumb_settings":null,"limit_modified_date":false,"open_ai":null,"ai":null,"created":"2021-03-09 01:58:55","updated":"2025-09-19 17:58:28"},"aioseo_breadcrumb":"<div class=\"aioseo-breadcrumbs\"><span class=\"aioseo-breadcrumb\">\n\t<a href=\"https:\/\/eldigitaldeasturias.com\/magazine365\" title=\"Home\">Home<\/a>\n<\/span><span class=\"aioseo-breadcrumb-separator\">\u2013<\/span><span class=\"aioseo-breadcrumb\">\n\t<a href=\"https:\/\/eldigitaldeasturias.com\/magazine365\/category\/actualidad-turismo\/\" title=\"Actualidad Turismo\">Actualidad Turismo<\/a>\n<\/span><span class=\"aioseo-breadcrumb-separator\">\u2013<\/span><span class=\"aioseo-breadcrumb\">\n\t<a href=\"https:\/\/eldigitaldeasturias.com\/magazine365\/el-alcalde-de-valladolid-presidira-en-madrid-la-cumbre-de-destinos-gastronomicos\/\" title=\"El alcalde de Valladolid presidir\u00e1 en Madrid la \u2018Cumbre de Destinos Gastron\u00f3micos\u2019\">El alcalde de Valladolid presidir\u00e1 en Madrid la \u2018Cumbre de Destinos Gastron\u00f3micos\u2019<\/a>\n<\/span><\/div>","aioseo_breadcrumb_json":[{"label":"Home","link":"https:\/\/eldigitaldeasturias.com\/magazine365"},{"label":"Actualidad Turismo","link":"https:\/\/eldigitaldeasturias.com\/magazine365\/category\/actualidad-turismo\/"},{"label":"El alcalde de Valladolid presidir\u00e1 en Madrid la &#8216;Cumbre de Destinos Gastron\u00f3micos&#8217;","link":"https:\/\/eldigitaldeasturias.com\/magazine365\/el-alcalde-de-valladolid-presidira-en-madrid-la-cumbre-de-destinos-gastronomicos\/"}],"_links":{"self":[{"href":"https:\/\/eldigitaldeasturias.com\/magazine365\/wp-json\/wp\/v2\/posts\/42552","targetHints":{"allow":["GET"]}}],"collection":[{"href":"https:\/\/eldigitaldeasturias.com\/magazine365\/wp-json\/wp\/v2\/posts"}],"about":[{"href":"https:\/\/eldigitaldeasturias.com\/magazine365\/wp-json\/wp\/v2\/types\/post"}],"author":[{"embeddable":true,"href":"https:\/\/eldigitaldeasturias.com\/magazine365\/wp-json\/wp\/v2\/users\/1"}],"replies":[{"embeddable":true,"href":"https:\/\/eldigitaldeasturias.com\/magazine365\/wp-json\/wp\/v2\/comments?post=42552"}],"version-history":[{"count":0,"href":"https:\/\/eldigitaldeasturias.com\/magazine365\/wp-json\/wp\/v2\/posts\/42552\/revisions"}],"wp:featuredmedia":[{"embeddable":true,"href":"https:\/\/eldigitaldeasturias.com\/magazine365\/wp-json\/wp\/v2\/media\/40137"}],"wp:attachment":[{"href":"https:\/\/eldigitaldeasturias.com\/magazine365\/wp-json\/wp\/v2\/media?parent=42552"}],"wp:term":[{"taxonomy":"category","embeddable":true,"href":"https:\/\/eldigitaldeasturias.com\/magazine365\/wp-json\/wp\/v2\/categories?post=42552"},{"taxonomy":"post_tag","embeddable":true,"href":"https:\/\/eldigitaldeasturias.com\/magazine365\/wp-json\/wp\/v2\/tags?post=42552"}],"curies":[{"name":"wp","href":"https:\/\/api.w.org\/{rel}","templated":true}]}}