{"id":42540,"date":"2015-07-14T00:17:29","date_gmt":"2015-07-13T22:17:29","guid":{"rendered":"http:\/\/eldigitaldeasturias.com\/magazine365\/?p=42540"},"modified":"2015-07-14T00:17:29","modified_gmt":"2015-07-13T22:17:29","slug":"prodetur-pone-en-marcha-la-campana-hay-otra-sevilla-descubrela-en-las-playas-andaluzas","status":"publish","type":"post","link":"https:\/\/eldigitaldeasturias.com\/magazine365\/prodetur-pone-en-marcha-la-campana-hay-otra-sevilla-descubrela-en-las-playas-andaluzas\/","title":{"rendered":"Prodetur pone en marcha la campa\u00f1a &#8216;Hay otra Sevilla. Desc\u00fabrela&#8217; en las playas andaluzas"},"content":{"rendered":"<p><img fetchpriority=\"high\" decoding=\"async\" class=\"alignleft size-medium wp-image-42541\" src=\"https:\/\/eldigitaldeasturias.com\/magazine365\/wp-content\/uploads\/2015\/07\/fotonoticia_20150713142630_800-360x270.jpg\" alt=\"fotonoticia_20150713142630_800\" width=\"360\" height=\"270\" srcset=\"https:\/\/eldigitaldeasturias.com\/magazine365\/wp-content\/uploads\/2015\/07\/fotonoticia_20150713142630_800-360x270.jpg 360w, https:\/\/eldigitaldeasturias.com\/magazine365\/wp-content\/uploads\/2015\/07\/fotonoticia_20150713142630_800-650x488.jpg 650w, https:\/\/eldigitaldeasturias.com\/magazine365\/wp-content\/uploads\/2015\/07\/fotonoticia_20150713142630_800-768x576.jpg 768w, https:\/\/eldigitaldeasturias.com\/magazine365\/wp-content\/uploads\/2015\/07\/fotonoticia_20150713142630_800-150x113.jpg 150w, https:\/\/eldigitaldeasturias.com\/magazine365\/wp-content\/uploads\/2015\/07\/fotonoticia_20150713142630_800-450x338.jpg 450w, https:\/\/eldigitaldeasturias.com\/magazine365\/wp-content\/uploads\/2015\/07\/fotonoticia_20150713142630_800-80x60.jpg 80w, https:\/\/eldigitaldeasturias.com\/magazine365\/wp-content\/uploads\/2015\/07\/fotonoticia_20150713142630_800-265x198.jpg 265w, https:\/\/eldigitaldeasturias.com\/magazine365\/wp-content\/uploads\/2015\/07\/fotonoticia_20150713142630_800-696x522.jpg 696w, https:\/\/eldigitaldeasturias.com\/magazine365\/wp-content\/uploads\/2015\/07\/fotonoticia_20150713142630_800-560x420.jpg 560w, https:\/\/eldigitaldeasturias.com\/magazine365\/wp-content\/uploads\/2015\/07\/fotonoticia_20150713142630_800-90x67.jpg 90w, https:\/\/eldigitaldeasturias.com\/magazine365\/wp-content\/uploads\/2015\/07\/fotonoticia_20150713142630_800-100x75.jpg 100w, https:\/\/eldigitaldeasturias.com\/magazine365\/wp-content\/uploads\/2015\/07\/fotonoticia_20150713142630_800.jpg 800w\" sizes=\"(max-width: 360px) 100vw, 360px\" \/>La Diputaci\u00f3n de Sevilla, a trav\u00e9s de Prodetur, pone en marcha su tradicional campa\u00f1a veraniega de promoci\u00f3n tur\u00edstica &#8216;Hay otra Sevilla. Desc\u00fabrela&#8217;, una forma de llegar a un p\u00fablico final que por su proximidad compatibilice turismo de sol y playa con la oferta de interior, y con cuya actuaci\u00f3n se pretende dar a conocer la oferta tur\u00edstica de la provincia de Sevilla de cara a la temporada oto\u00f1o-invierno.<\/p>\n<p>A trav\u00e9s de un nota, Prodetur ha informado que el globo &#8216;Hay otra Sevilla&#8217;, que forma parte de esta campa\u00f1a que la instituci\u00f3n provincial realiza en \u00e9poca estival desde 2008, estar\u00e1 presente en todas las provincias ba\u00f1adas por el mar, dado que, desde el pasado a\u00f1o, la campa\u00f1a incluye, tambi\u00e9n, a las provincias costeras m\u00e1s orientales, como Granada y Almer\u00eda.<\/p>\n<p>As\u00ed, en su octava cita consecutiva con las playas del litoral andaluz, el multicolor globo cautivo volver\u00e1 a deleitar a ni\u00f1os y mayores que podr\u00e1n experimentar ascensos de varios metros de altura sobre la arena. Paralelamente, desde un &#8216;stand&#8217; permanente se atender\u00e1 y distribuir\u00e1 material promocional de los atractivos y productos que ofrece la provincia de Sevilla, tanto en verano como el resto del a\u00f1o.<\/p>\n<p>El calendario de la campa\u00f1a tiene previsto comenzar este viernes en la provincia de M\u00e1laga, concretamente, en la Playa de Torremolinos, mientras que el s\u00e1bado, el globo &#8216;Hay otra Sevilla&#8217; visitar\u00e1 la Playa de Los Boliches, de Fuengirola, para continuar el domingo en la Playa de Levante, en Puerto Ban\u00fas (Marbella).<\/p>\n<p>Tras la provincia de M\u00e1laga, la campa\u00f1a llegar\u00e1 a las costas gaditanas, en las que visitar\u00e1 las playas de El Rompidillo, en Rota el 24 de julio; la Playa del Camar\u00f3n, en Chipiona, el 25 de julio; y la Playa de La Barrosa, en Chiclana de la Frontera, el 26 de julio.<\/p>\n<p>En la provincia de Huelva, la aeronave recalar\u00e1 en las playas de Matalasca\u00f1as, el 31 de julio; Punta Umbr\u00eda, el 1 de agosto; e Islantilla, el 2 de agosto.<\/p>\n<p>Ya en la recta final de la campa\u00f1a, el globo se traslada a las costas orientales, con visitas a la playa de Almu\u00f1\u00e9car, en Granada (7 de agosto); y a la almeriense de Aguadulce, en Roquetas de Mar (8 de agosto), aunque \u00abdependiendo de las condiciones climatol\u00f3gicas, este calendario podr\u00eda sufrir cambios de \u00faltima hora\u00bb, ha recordado Prodetur.<\/p>\n<p>Con motivo de esta campa\u00f1a, Turismo de la Provincia sortear\u00e1 viajes en globo por el territorio sevillano entre los nuevos seguidores de sus cuentas de Twitter (&#8216;@Sevilla_Turismo&#8217;) y Facebook (&#8216;\/TurismoProvinciaSevilla&#8217;).<\/p>\n","protected":false},"excerpt":{"rendered":"<p>La Diputaci\u00f3n de Sevilla, a trav\u00e9s de Prodetur, pone en marcha su tradicional campa\u00f1a veraniega de promoci\u00f3n tur\u00edstica &#8216;Hay otra Sevilla. Desc\u00fabrela&#8217;, una forma de llegar a un p\u00fablico final que por su proximidad compatibilice turismo de sol y playa con la oferta de interior, y con cuya actuaci\u00f3n se pretende dar a conocer la<\/p>\n","protected":false},"author":1,"featured_media":42541,"comment_status":"open","ping_status":"closed","sticky":false,"template":"","format":"standard","meta":{"footnotes":""},"categories":[222],"tags":[],"class_list":{"0":"post-42540","1":"post","2":"type-post","3":"status-publish","4":"format-standard","5":"has-post-thumbnail","7":"category-actualidad-turismo"},"aioseo_notices":[],"aioseo_head":"\n\t\t<!-- All in One SEO Pro 4.9.6.1 - aioseo.com -->\n\t<meta name=\"description\" content=\"La Diputaci\u00f3n de Sevilla, a trav\u00e9s de Prodetur, pone en marcha su tradicional campa\u00f1a veraniega de promoci\u00f3n tur\u00edstica &#039;Hay otra Sevilla. Desc\u00fabrela&#039;, una forma de llegar a un p\u00fablico final que por su proximidad compatibilice turismo de sol y playa con la oferta de interior, y con cuya actuaci\u00f3n se pretende dar a conocer la\" \/>\n\t<meta name=\"robots\" content=\"max-image-preview:large\" \/>\n\t<meta name=\"author\" content=\"admin\"\/>\n\t<meta name=\"google-site-verification\" content=\"UA-38556648-1\" \/>\n\t<meta name=\"keywords\" content=\"actualidad turismo\" \/>\n\t<link rel=\"canonical\" href=\"https:\/\/eldigitaldeasturias.com\/magazine365\/prodetur-pone-en-marcha-la-campana-hay-otra-sevilla-descubrela-en-las-playas-andaluzas\/\" \/>\n\t<meta name=\"generator\" content=\"All in One SEO Pro (AIOSEO) 4.9.6.1\" \/>\n\t\t<meta property=\"og:locale\" content=\"es_ES\" \/>\n\t\t<meta property=\"og:site_name\" content=\"El Digital de Asturias \u2013 Revista de ocio, turismo y estilo de vida\" \/>\n\t\t<meta property=\"og:type\" content=\"article\" \/>\n\t\t<meta property=\"og:title\" content=\"Prodetur pone en marcha la campa\u00f1a \u2018Hay otra Sevilla. Desc\u00fabrela\u2019 en las playas andaluzas | El Digital de Asturias\" \/>\n\t\t<meta property=\"og:description\" content=\"La Diputaci\u00f3n de Sevilla, a trav\u00e9s de Prodetur, pone en marcha su tradicional campa\u00f1a veraniega de promoci\u00f3n tur\u00edstica &#039;Hay otra Sevilla. Desc\u00fabrela&#039;, una forma de llegar a un p\u00fablico final que por su proximidad compatibilice turismo de sol y playa con la oferta de interior, y con cuya actuaci\u00f3n se pretende dar a conocer la\" \/>\n\t\t<meta property=\"og:url\" content=\"https:\/\/eldigitaldeasturias.com\/magazine365\/prodetur-pone-en-marcha-la-campana-hay-otra-sevilla-descubrela-en-las-playas-andaluzas\/\" \/>\n\t\t<meta property=\"og:image\" content=\"https:\/\/eldigitaldeasturias.com\/magazine365\/wp-content\/uploads\/2015\/07\/fotonoticia_20150713142630_800.jpg\" \/>\n\t\t<meta property=\"og:image:secure_url\" content=\"https:\/\/eldigitaldeasturias.com\/magazine365\/wp-content\/uploads\/2015\/07\/fotonoticia_20150713142630_800.jpg\" \/>\n\t\t<meta property=\"og:image:width\" content=\"800\" \/>\n\t\t<meta property=\"og:image:height\" content=\"600\" \/>\n\t\t<meta property=\"article:published_time\" content=\"2015-07-13T22:17:29+00:00\" \/>\n\t\t<meta property=\"article:modified_time\" content=\"2015-07-13T22:17:29+00:00\" \/>\n\t\t<meta name=\"twitter:card\" content=\"summary_large_image\" \/>\n\t\t<meta name=\"twitter:title\" content=\"Prodetur pone en marcha la campa\u00f1a \u2018Hay otra Sevilla. Desc\u00fabrela\u2019 en las playas andaluzas | El Digital de Asturias\" \/>\n\t\t<meta name=\"twitter:description\" content=\"La Diputaci\u00f3n de Sevilla, a trav\u00e9s de Prodetur, pone en marcha su tradicional campa\u00f1a veraniega de promoci\u00f3n tur\u00edstica &#039;Hay otra Sevilla. Desc\u00fabrela&#039;, una forma de llegar a un p\u00fablico final que por su proximidad compatibilice turismo de sol y playa con la oferta de interior, y con cuya actuaci\u00f3n se pretende dar a conocer la\" \/>\n\t\t<meta name=\"twitter:image\" content=\"https:\/\/eldigitaldeasturias.com\/magazine365\/wp-content\/uploads\/2015\/07\/fotonoticia_20150713142630_800.jpg\" \/>\n\t\t<script type=\"application\/ld+json\" class=\"aioseo-schema\">\n\t\t\t{\"@context\":\"https:\\\/\\\/schema.org\",\"@graph\":[{\"@type\":\"Article\",\"@id\":\"https:\\\/\\\/eldigitaldeasturias.com\\\/magazine365\\\/prodetur-pone-en-marcha-la-campana-hay-otra-sevilla-descubrela-en-las-playas-andaluzas\\\/#article\",\"name\":\"Prodetur pone en marcha la campa\\u00f1a \\u2018Hay otra Sevilla. Desc\\u00fabrela\\u2019 en las playas andaluzas | El Digital de Asturias\",\"headline\":\"Prodetur pone en marcha la campa\\u00f1a &#8216;Hay otra Sevilla. Desc\\u00fabrela&#8217; en las playas andaluzas\",\"author\":{\"@id\":\"https:\\\/\\\/eldigitaldeasturias.com\\\/magazine365\\\/author\\\/admin\\\/#author\"},\"publisher\":{\"@id\":\"https:\\\/\\\/eldigitaldeasturias.com\\\/magazine365\\\/#organization\"},\"image\":{\"@type\":\"ImageObject\",\"url\":\"https:\\\/\\\/eldigitaldeasturias.com\\\/magazine365\\\/wp-content\\\/uploads\\\/2015\\\/07\\\/fotonoticia_20150713142630_800.jpg\",\"width\":800,\"height\":600},\"datePublished\":\"2015-07-14T00:17:29+02:00\",\"dateModified\":\"2015-07-14T00:17:29+02:00\",\"inLanguage\":\"es-ES\",\"mainEntityOfPage\":{\"@id\":\"https:\\\/\\\/eldigitaldeasturias.com\\\/magazine365\\\/prodetur-pone-en-marcha-la-campana-hay-otra-sevilla-descubrela-en-las-playas-andaluzas\\\/#webpage\"},\"isPartOf\":{\"@id\":\"https:\\\/\\\/eldigitaldeasturias.com\\\/magazine365\\\/prodetur-pone-en-marcha-la-campana-hay-otra-sevilla-descubrela-en-las-playas-andaluzas\\\/#webpage\"},\"articleSection\":\"Actualidad Turismo\"},{\"@type\":\"BreadcrumbList\",\"@id\":\"https:\\\/\\\/eldigitaldeasturias.com\\\/magazine365\\\/prodetur-pone-en-marcha-la-campana-hay-otra-sevilla-descubrela-en-las-playas-andaluzas\\\/#breadcrumblist\",\"itemListElement\":[{\"@type\":\"ListItem\",\"@id\":\"https:\\\/\\\/eldigitaldeasturias.com\\\/magazine365#listItem\",\"position\":1,\"name\":\"Home\",\"item\":\"https:\\\/\\\/eldigitaldeasturias.com\\\/magazine365\",\"nextItem\":{\"@type\":\"ListItem\",\"@id\":\"https:\\\/\\\/eldigitaldeasturias.com\\\/magazine365\\\/category\\\/actualidad-turismo\\\/#listItem\",\"name\":\"Actualidad Turismo\"}},{\"@type\":\"ListItem\",\"@id\":\"https:\\\/\\\/eldigitaldeasturias.com\\\/magazine365\\\/category\\\/actualidad-turismo\\\/#listItem\",\"position\":2,\"name\":\"Actualidad Turismo\",\"item\":\"https:\\\/\\\/eldigitaldeasturias.com\\\/magazine365\\\/category\\\/actualidad-turismo\\\/\",\"nextItem\":{\"@type\":\"ListItem\",\"@id\":\"https:\\\/\\\/eldigitaldeasturias.com\\\/magazine365\\\/prodetur-pone-en-marcha-la-campana-hay-otra-sevilla-descubrela-en-las-playas-andaluzas\\\/#listItem\",\"name\":\"Prodetur pone en marcha la campa\\u00f1a &#8216;Hay otra Sevilla. Desc\\u00fabrela&#8217; en las playas andaluzas\"},\"previousItem\":{\"@type\":\"ListItem\",\"@id\":\"https:\\\/\\\/eldigitaldeasturias.com\\\/magazine365#listItem\",\"name\":\"Home\"}},{\"@type\":\"ListItem\",\"@id\":\"https:\\\/\\\/eldigitaldeasturias.com\\\/magazine365\\\/prodetur-pone-en-marcha-la-campana-hay-otra-sevilla-descubrela-en-las-playas-andaluzas\\\/#listItem\",\"position\":3,\"name\":\"Prodetur pone en marcha la campa\\u00f1a &#8216;Hay otra Sevilla. Desc\\u00fabrela&#8217; en las playas andaluzas\",\"previousItem\":{\"@type\":\"ListItem\",\"@id\":\"https:\\\/\\\/eldigitaldeasturias.com\\\/magazine365\\\/category\\\/actualidad-turismo\\\/#listItem\",\"name\":\"Actualidad Turismo\"}}]},{\"@type\":\"Organization\",\"@id\":\"https:\\\/\\\/eldigitaldeasturias.com\\\/magazine365\\\/#organization\",\"name\":\"El digital de Asturias\",\"description\":\"Revista de ocio, turismo y estilo de vida\",\"url\":\"https:\\\/\\\/eldigitaldeasturias.com\\\/magazine365\\\/\",\"logo\":{\"@type\":\"ImageObject\",\"url\":\"https:\\\/\\\/www.eldigitaldeasturias.com\\\/noticias\\\/wp-content\\\/uploads\\\/2020\\\/12\\\/EDA.jpg\",\"@id\":\"https:\\\/\\\/eldigitaldeasturias.com\\\/magazine365\\\/prodetur-pone-en-marcha-la-campana-hay-otra-sevilla-descubrela-en-las-playas-andaluzas\\\/#organizationLogo\"},\"image\":{\"@id\":\"https:\\\/\\\/eldigitaldeasturias.com\\\/magazine365\\\/prodetur-pone-en-marcha-la-campana-hay-otra-sevilla-descubrela-en-las-playas-andaluzas\\\/#organizationLogo\"}},{\"@type\":\"Person\",\"@id\":\"https:\\\/\\\/eldigitaldeasturias.com\\\/magazine365\\\/author\\\/admin\\\/#author\",\"url\":\"https:\\\/\\\/eldigitaldeasturias.com\\\/magazine365\\\/author\\\/admin\\\/\",\"name\":\"admin\",\"image\":{\"@type\":\"ImageObject\",\"@id\":\"https:\\\/\\\/eldigitaldeasturias.com\\\/magazine365\\\/prodetur-pone-en-marcha-la-campana-hay-otra-sevilla-descubrela-en-las-playas-andaluzas\\\/#authorImage\",\"url\":\"https:\\\/\\\/eldigitaldeasturias.com\\\/magazine365\\\/wp-content\\\/litespeed\\\/avatar\\\/e571bcf59a0edd6fa6838245a470f2fe.jpg?ver=1777574230\",\"width\":96,\"height\":96,\"caption\":\"admin\"}},{\"@type\":\"WebPage\",\"@id\":\"https:\\\/\\\/eldigitaldeasturias.com\\\/magazine365\\\/prodetur-pone-en-marcha-la-campana-hay-otra-sevilla-descubrela-en-las-playas-andaluzas\\\/#webpage\",\"url\":\"https:\\\/\\\/eldigitaldeasturias.com\\\/magazine365\\\/prodetur-pone-en-marcha-la-campana-hay-otra-sevilla-descubrela-en-las-playas-andaluzas\\\/\",\"name\":\"Prodetur pone en marcha la campa\\u00f1a \\u2018Hay otra Sevilla. Desc\\u00fabrela\\u2019 en las playas andaluzas | El Digital de Asturias\",\"description\":\"La Diputaci\\u00f3n de Sevilla, a trav\\u00e9s de Prodetur, pone en marcha su tradicional campa\\u00f1a veraniega de promoci\\u00f3n tur\\u00edstica 'Hay otra Sevilla. Desc\\u00fabrela', una forma de llegar a un p\\u00fablico final que por su proximidad compatibilice turismo de sol y playa con la oferta de interior, y con cuya actuaci\\u00f3n se pretende dar a conocer la\",\"inLanguage\":\"es-ES\",\"isPartOf\":{\"@id\":\"https:\\\/\\\/eldigitaldeasturias.com\\\/magazine365\\\/#website\"},\"breadcrumb\":{\"@id\":\"https:\\\/\\\/eldigitaldeasturias.com\\\/magazine365\\\/prodetur-pone-en-marcha-la-campana-hay-otra-sevilla-descubrela-en-las-playas-andaluzas\\\/#breadcrumblist\"},\"author\":{\"@id\":\"https:\\\/\\\/eldigitaldeasturias.com\\\/magazine365\\\/author\\\/admin\\\/#author\"},\"creator\":{\"@id\":\"https:\\\/\\\/eldigitaldeasturias.com\\\/magazine365\\\/author\\\/admin\\\/#author\"},\"image\":{\"@type\":\"ImageObject\",\"url\":\"https:\\\/\\\/eldigitaldeasturias.com\\\/magazine365\\\/wp-content\\\/uploads\\\/2015\\\/07\\\/fotonoticia_20150713142630_800.jpg\",\"@id\":\"https:\\\/\\\/eldigitaldeasturias.com\\\/magazine365\\\/prodetur-pone-en-marcha-la-campana-hay-otra-sevilla-descubrela-en-las-playas-andaluzas\\\/#mainImage\",\"width\":800,\"height\":600},\"primaryImageOfPage\":{\"@id\":\"https:\\\/\\\/eldigitaldeasturias.com\\\/magazine365\\\/prodetur-pone-en-marcha-la-campana-hay-otra-sevilla-descubrela-en-las-playas-andaluzas\\\/#mainImage\"},\"datePublished\":\"2015-07-14T00:17:29+02:00\",\"dateModified\":\"2015-07-14T00:17:29+02:00\"},{\"@type\":\"WebSite\",\"@id\":\"https:\\\/\\\/eldigitaldeasturias.com\\\/magazine365\\\/#website\",\"url\":\"https:\\\/\\\/eldigitaldeasturias.com\\\/magazine365\\\/\",\"name\":\"El Digital de Asturias\",\"description\":\"Revista de ocio, turismo y estilo de vida\",\"inLanguage\":\"es-ES\",\"publisher\":{\"@id\":\"https:\\\/\\\/eldigitaldeasturias.com\\\/magazine365\\\/#organization\"}}]}\n\t\t<\/script>\n\t\t<!-- All in One SEO Pro -->\r\n\t\t<title>Prodetur pone en marcha la campa\u00f1a \u2018Hay otra Sevilla. Desc\u00fabrela\u2019 en las playas andaluzas | El Digital de Asturias<\/title>\n\n","aioseo_head_json":{"title":"Prodetur pone en marcha la campa\u00f1a \u2018Hay otra Sevilla. Desc\u00fabrela\u2019 en las playas andaluzas | El Digital de Asturias","description":"La Diputaci\u00f3n de Sevilla, a trav\u00e9s de Prodetur, pone en marcha su tradicional campa\u00f1a veraniega de promoci\u00f3n tur\u00edstica 'Hay otra Sevilla. Desc\u00fabrela', una forma de llegar a un p\u00fablico final que por su proximidad compatibilice turismo de sol y playa con la oferta de interior, y con cuya actuaci\u00f3n se pretende dar a conocer la","canonical_url":"https:\/\/eldigitaldeasturias.com\/magazine365\/prodetur-pone-en-marcha-la-campana-hay-otra-sevilla-descubrela-en-las-playas-andaluzas\/","robots":"max-image-preview:large","keywords":"actualidad turismo","webmasterTools":{"google-site-verification":"UA-38556648-1","miscellaneous":""},"schema":{"@context":"https:\/\/schema.org","@graph":[{"@type":"Article","@id":"https:\/\/eldigitaldeasturias.com\/magazine365\/prodetur-pone-en-marcha-la-campana-hay-otra-sevilla-descubrela-en-las-playas-andaluzas\/#article","name":"Prodetur pone en marcha la campa\u00f1a \u2018Hay otra Sevilla. Desc\u00fabrela\u2019 en las playas andaluzas | El Digital de Asturias","headline":"Prodetur pone en marcha la campa\u00f1a &#8216;Hay otra Sevilla. Desc\u00fabrela&#8217; en las playas andaluzas","author":{"@id":"https:\/\/eldigitaldeasturias.com\/magazine365\/author\/admin\/#author"},"publisher":{"@id":"https:\/\/eldigitaldeasturias.com\/magazine365\/#organization"},"image":{"@type":"ImageObject","url":"https:\/\/eldigitaldeasturias.com\/magazine365\/wp-content\/uploads\/2015\/07\/fotonoticia_20150713142630_800.jpg","width":800,"height":600},"datePublished":"2015-07-14T00:17:29+02:00","dateModified":"2015-07-14T00:17:29+02:00","inLanguage":"es-ES","mainEntityOfPage":{"@id":"https:\/\/eldigitaldeasturias.com\/magazine365\/prodetur-pone-en-marcha-la-campana-hay-otra-sevilla-descubrela-en-las-playas-andaluzas\/#webpage"},"isPartOf":{"@id":"https:\/\/eldigitaldeasturias.com\/magazine365\/prodetur-pone-en-marcha-la-campana-hay-otra-sevilla-descubrela-en-las-playas-andaluzas\/#webpage"},"articleSection":"Actualidad Turismo"},{"@type":"BreadcrumbList","@id":"https:\/\/eldigitaldeasturias.com\/magazine365\/prodetur-pone-en-marcha-la-campana-hay-otra-sevilla-descubrela-en-las-playas-andaluzas\/#breadcrumblist","itemListElement":[{"@type":"ListItem","@id":"https:\/\/eldigitaldeasturias.com\/magazine365#listItem","position":1,"name":"Home","item":"https:\/\/eldigitaldeasturias.com\/magazine365","nextItem":{"@type":"ListItem","@id":"https:\/\/eldigitaldeasturias.com\/magazine365\/category\/actualidad-turismo\/#listItem","name":"Actualidad Turismo"}},{"@type":"ListItem","@id":"https:\/\/eldigitaldeasturias.com\/magazine365\/category\/actualidad-turismo\/#listItem","position":2,"name":"Actualidad Turismo","item":"https:\/\/eldigitaldeasturias.com\/magazine365\/category\/actualidad-turismo\/","nextItem":{"@type":"ListItem","@id":"https:\/\/eldigitaldeasturias.com\/magazine365\/prodetur-pone-en-marcha-la-campana-hay-otra-sevilla-descubrela-en-las-playas-andaluzas\/#listItem","name":"Prodetur pone en marcha la campa\u00f1a &#8216;Hay otra Sevilla. Desc\u00fabrela&#8217; en las playas andaluzas"},"previousItem":{"@type":"ListItem","@id":"https:\/\/eldigitaldeasturias.com\/magazine365#listItem","name":"Home"}},{"@type":"ListItem","@id":"https:\/\/eldigitaldeasturias.com\/magazine365\/prodetur-pone-en-marcha-la-campana-hay-otra-sevilla-descubrela-en-las-playas-andaluzas\/#listItem","position":3,"name":"Prodetur pone en marcha la campa\u00f1a &#8216;Hay otra Sevilla. Desc\u00fabrela&#8217; en las playas andaluzas","previousItem":{"@type":"ListItem","@id":"https:\/\/eldigitaldeasturias.com\/magazine365\/category\/actualidad-turismo\/#listItem","name":"Actualidad Turismo"}}]},{"@type":"Organization","@id":"https:\/\/eldigitaldeasturias.com\/magazine365\/#organization","name":"El digital de Asturias","description":"Revista de ocio, turismo y estilo de vida","url":"https:\/\/eldigitaldeasturias.com\/magazine365\/","logo":{"@type":"ImageObject","url":"https:\/\/www.eldigitaldeasturias.com\/noticias\/wp-content\/uploads\/2020\/12\/EDA.jpg","@id":"https:\/\/eldigitaldeasturias.com\/magazine365\/prodetur-pone-en-marcha-la-campana-hay-otra-sevilla-descubrela-en-las-playas-andaluzas\/#organizationLogo"},"image":{"@id":"https:\/\/eldigitaldeasturias.com\/magazine365\/prodetur-pone-en-marcha-la-campana-hay-otra-sevilla-descubrela-en-las-playas-andaluzas\/#organizationLogo"}},{"@type":"Person","@id":"https:\/\/eldigitaldeasturias.com\/magazine365\/author\/admin\/#author","url":"https:\/\/eldigitaldeasturias.com\/magazine365\/author\/admin\/","name":"admin","image":{"@type":"ImageObject","@id":"https:\/\/eldigitaldeasturias.com\/magazine365\/prodetur-pone-en-marcha-la-campana-hay-otra-sevilla-descubrela-en-las-playas-andaluzas\/#authorImage","url":"https:\/\/eldigitaldeasturias.com\/magazine365\/wp-content\/litespeed\/avatar\/e571bcf59a0edd6fa6838245a470f2fe.jpg?ver=1777574230","width":96,"height":96,"caption":"admin"}},{"@type":"WebPage","@id":"https:\/\/eldigitaldeasturias.com\/magazine365\/prodetur-pone-en-marcha-la-campana-hay-otra-sevilla-descubrela-en-las-playas-andaluzas\/#webpage","url":"https:\/\/eldigitaldeasturias.com\/magazine365\/prodetur-pone-en-marcha-la-campana-hay-otra-sevilla-descubrela-en-las-playas-andaluzas\/","name":"Prodetur pone en marcha la campa\u00f1a \u2018Hay otra Sevilla. Desc\u00fabrela\u2019 en las playas andaluzas | El Digital de Asturias","description":"La Diputaci\u00f3n de Sevilla, a trav\u00e9s de Prodetur, pone en marcha su tradicional campa\u00f1a veraniega de promoci\u00f3n tur\u00edstica 'Hay otra Sevilla. Desc\u00fabrela', una forma de llegar a un p\u00fablico final que por su proximidad compatibilice turismo de sol y playa con la oferta de interior, y con cuya actuaci\u00f3n se pretende dar a conocer la","inLanguage":"es-ES","isPartOf":{"@id":"https:\/\/eldigitaldeasturias.com\/magazine365\/#website"},"breadcrumb":{"@id":"https:\/\/eldigitaldeasturias.com\/magazine365\/prodetur-pone-en-marcha-la-campana-hay-otra-sevilla-descubrela-en-las-playas-andaluzas\/#breadcrumblist"},"author":{"@id":"https:\/\/eldigitaldeasturias.com\/magazine365\/author\/admin\/#author"},"creator":{"@id":"https:\/\/eldigitaldeasturias.com\/magazine365\/author\/admin\/#author"},"image":{"@type":"ImageObject","url":"https:\/\/eldigitaldeasturias.com\/magazine365\/wp-content\/uploads\/2015\/07\/fotonoticia_20150713142630_800.jpg","@id":"https:\/\/eldigitaldeasturias.com\/magazine365\/prodetur-pone-en-marcha-la-campana-hay-otra-sevilla-descubrela-en-las-playas-andaluzas\/#mainImage","width":800,"height":600},"primaryImageOfPage":{"@id":"https:\/\/eldigitaldeasturias.com\/magazine365\/prodetur-pone-en-marcha-la-campana-hay-otra-sevilla-descubrela-en-las-playas-andaluzas\/#mainImage"},"datePublished":"2015-07-14T00:17:29+02:00","dateModified":"2015-07-14T00:17:29+02:00"},{"@type":"WebSite","@id":"https:\/\/eldigitaldeasturias.com\/magazine365\/#website","url":"https:\/\/eldigitaldeasturias.com\/magazine365\/","name":"El Digital de Asturias","description":"Revista de ocio, turismo y estilo de vida","inLanguage":"es-ES","publisher":{"@id":"https:\/\/eldigitaldeasturias.com\/magazine365\/#organization"}}]},"og:locale":"es_ES","og:site_name":"El Digital de Asturias \u2013 Revista de ocio, turismo y estilo de vida","og:type":"article","og:title":"Prodetur pone en marcha la campa\u00f1a \u2018Hay otra Sevilla. Desc\u00fabrela\u2019 en las playas andaluzas | El Digital de Asturias","og:description":"La Diputaci\u00f3n de Sevilla, a trav\u00e9s de Prodetur, pone en marcha su tradicional campa\u00f1a veraniega de promoci\u00f3n tur\u00edstica 'Hay otra Sevilla. Desc\u00fabrela', una forma de llegar a un p\u00fablico final que por su proximidad compatibilice turismo de sol y playa con la oferta de interior, y con cuya actuaci\u00f3n se pretende dar a conocer la","og:url":"https:\/\/eldigitaldeasturias.com\/magazine365\/prodetur-pone-en-marcha-la-campana-hay-otra-sevilla-descubrela-en-las-playas-andaluzas\/","og:image":"https:\/\/eldigitaldeasturias.com\/magazine365\/wp-content\/uploads\/2015\/07\/fotonoticia_20150713142630_800.jpg","og:image:secure_url":"https:\/\/eldigitaldeasturias.com\/magazine365\/wp-content\/uploads\/2015\/07\/fotonoticia_20150713142630_800.jpg","og:image:width":800,"og:image:height":600,"article:published_time":"2015-07-13T22:17:29+00:00","article:modified_time":"2015-07-13T22:17:29+00:00","twitter:card":"summary_large_image","twitter:title":"Prodetur pone en marcha la campa\u00f1a \u2018Hay otra Sevilla. Desc\u00fabrela\u2019 en las playas andaluzas | El Digital de Asturias","twitter:description":"La Diputaci\u00f3n de Sevilla, a trav\u00e9s de Prodetur, pone en marcha su tradicional campa\u00f1a veraniega de promoci\u00f3n tur\u00edstica 'Hay otra Sevilla. Desc\u00fabrela', una forma de llegar a un p\u00fablico final que por su proximidad compatibilice turismo de sol y playa con la oferta de interior, y con cuya actuaci\u00f3n se pretende dar a conocer la","twitter:image":"https:\/\/eldigitaldeasturias.com\/magazine365\/wp-content\/uploads\/2015\/07\/fotonoticia_20150713142630_800.jpg"},"aioseo_meta_data":{"post_id":"42540","title":null,"description":null,"keywords":null,"keyphrases":null,"primary_term":null,"canonical_url":null,"og_title":null,"og_description":null,"og_object_type":"default","og_image_type":"default","og_image_url":null,"og_image_width":null,"og_image_height":null,"og_image_custom_url":null,"og_image_custom_fields":null,"og_video":null,"og_custom_url":null,"og_article_section":null,"og_article_tags":null,"twitter_use_og":false,"twitter_card":"default","twitter_image_type":"default","twitter_image_url":null,"twitter_image_custom_url":null,"twitter_image_custom_fields":null,"twitter_title":null,"twitter_description":null,"schema":{"blockGraphs":[],"customGraphs":[],"default":{"data":{"Article":[],"Course":[],"Dataset":[],"FAQPage":[],"Movie":[],"Person":[],"Product":[],"ProductReview":[],"Car":[],"Recipe":[],"Service":[],"SoftwareApplication":[],"WebPage":[]},"graphName":"","isEnabled":true},"graphs":[],"defaultGraph":"","defaultPostTypeGraph":""},"schema_type":null,"schema_type_options":null,"pillar_content":false,"robots_default":true,"robots_noindex":false,"robots_noarchive":false,"robots_nosnippet":false,"robots_nofollow":false,"robots_noimageindex":false,"robots_noodp":false,"robots_notranslate":false,"robots_max_snippet":null,"robots_max_videopreview":null,"robots_max_imagepreview":"large","priority":null,"frequency":null,"location":null,"local_seo":null,"seo_analyzer_scan_date":"2025-09-19 17:57:09","breadcrumb_settings":null,"limit_modified_date":false,"open_ai":null,"ai":null,"created":"2021-03-09 01:59:47","updated":"2025-09-19 17:57:09"},"aioseo_breadcrumb":"<div class=\"aioseo-breadcrumbs\"><span class=\"aioseo-breadcrumb\">\n\t<a href=\"https:\/\/eldigitaldeasturias.com\/magazine365\" title=\"Home\">Home<\/a>\n<\/span><span class=\"aioseo-breadcrumb-separator\">\u2013<\/span><span class=\"aioseo-breadcrumb\">\n\t<a href=\"https:\/\/eldigitaldeasturias.com\/magazine365\/category\/actualidad-turismo\/\" title=\"Actualidad Turismo\">Actualidad Turismo<\/a>\n<\/span><span class=\"aioseo-breadcrumb-separator\">\u2013<\/span><span class=\"aioseo-breadcrumb\">\n\t<a href=\"https:\/\/eldigitaldeasturias.com\/magazine365\/prodetur-pone-en-marcha-la-campana-hay-otra-sevilla-descubrela-en-las-playas-andaluzas\/\" title=\"Prodetur pone en marcha la campa\u00f1a \u2018Hay otra Sevilla. Desc\u00fabrela\u2019 en las playas andaluzas\">Prodetur pone en marcha la campa\u00f1a \u2018Hay otra Sevilla. Desc\u00fabrela\u2019 en las playas andaluzas<\/a>\n<\/span><\/div>","aioseo_breadcrumb_json":[{"label":"Home","link":"https:\/\/eldigitaldeasturias.com\/magazine365"},{"label":"Actualidad Turismo","link":"https:\/\/eldigitaldeasturias.com\/magazine365\/category\/actualidad-turismo\/"},{"label":"Prodetur pone en marcha la campa\u00f1a &#8216;Hay otra Sevilla. Desc\u00fabrela&#8217; en las playas andaluzas","link":"https:\/\/eldigitaldeasturias.com\/magazine365\/prodetur-pone-en-marcha-la-campana-hay-otra-sevilla-descubrela-en-las-playas-andaluzas\/"}],"_links":{"self":[{"href":"https:\/\/eldigitaldeasturias.com\/magazine365\/wp-json\/wp\/v2\/posts\/42540","targetHints":{"allow":["GET"]}}],"collection":[{"href":"https:\/\/eldigitaldeasturias.com\/magazine365\/wp-json\/wp\/v2\/posts"}],"about":[{"href":"https:\/\/eldigitaldeasturias.com\/magazine365\/wp-json\/wp\/v2\/types\/post"}],"author":[{"embeddable":true,"href":"https:\/\/eldigitaldeasturias.com\/magazine365\/wp-json\/wp\/v2\/users\/1"}],"replies":[{"embeddable":true,"href":"https:\/\/eldigitaldeasturias.com\/magazine365\/wp-json\/wp\/v2\/comments?post=42540"}],"version-history":[{"count":0,"href":"https:\/\/eldigitaldeasturias.com\/magazine365\/wp-json\/wp\/v2\/posts\/42540\/revisions"}],"wp:featuredmedia":[{"embeddable":true,"href":"https:\/\/eldigitaldeasturias.com\/magazine365\/wp-json\/wp\/v2\/media\/42541"}],"wp:attachment":[{"href":"https:\/\/eldigitaldeasturias.com\/magazine365\/wp-json\/wp\/v2\/media?parent=42540"}],"wp:term":[{"taxonomy":"category","embeddable":true,"href":"https:\/\/eldigitaldeasturias.com\/magazine365\/wp-json\/wp\/v2\/categories?post=42540"},{"taxonomy":"post_tag","embeddable":true,"href":"https:\/\/eldigitaldeasturias.com\/magazine365\/wp-json\/wp\/v2\/tags?post=42540"}],"curies":[{"name":"wp","href":"https:\/\/api.w.org\/{rel}","templated":true}]}}