{"id":42537,"date":"2015-07-14T00:15:16","date_gmt":"2015-07-13T22:15:16","guid":{"rendered":"http:\/\/eldigitaldeasturias.com\/magazine365\/?p=42537"},"modified":"2015-07-14T00:15:16","modified_gmt":"2015-07-13T22:15:16","slug":"baleares-se-consolida-como-el-destino-mas-solicitado-en-reservas-online","status":"publish","type":"post","link":"https:\/\/eldigitaldeasturias.com\/magazine365\/baleares-se-consolida-como-el-destino-mas-solicitado-en-reservas-online\/","title":{"rendered":"Baleares se consolida como el destino m\u00e1s solicitado en reservas online"},"content":{"rendered":"<p><img fetchpriority=\"high\" decoding=\"async\" class=\"alignleft size-medium wp-image-42538\" src=\"https:\/\/eldigitaldeasturias.com\/magazine365\/wp-content\/uploads\/2015\/07\/fotonoticia_20150713142511_800-360x240.jpg\" alt=\"fotonoticia_20150713142511_800\" width=\"360\" height=\"240\" srcset=\"https:\/\/eldigitaldeasturias.com\/magazine365\/wp-content\/uploads\/2015\/07\/fotonoticia_20150713142511_800-360x240.jpg 360w, https:\/\/eldigitaldeasturias.com\/magazine365\/wp-content\/uploads\/2015\/07\/fotonoticia_20150713142511_800-650x433.jpg 650w, https:\/\/eldigitaldeasturias.com\/magazine365\/wp-content\/uploads\/2015\/07\/fotonoticia_20150713142511_800-768x512.jpg 768w, https:\/\/eldigitaldeasturias.com\/magazine365\/wp-content\/uploads\/2015\/07\/fotonoticia_20150713142511_800-150x100.jpg 150w, https:\/\/eldigitaldeasturias.com\/magazine365\/wp-content\/uploads\/2015\/07\/fotonoticia_20150713142511_800-450x300.jpg 450w, https:\/\/eldigitaldeasturias.com\/magazine365\/wp-content\/uploads\/2015\/07\/fotonoticia_20150713142511_800-696x464.jpg 696w, https:\/\/eldigitaldeasturias.com\/magazine365\/wp-content\/uploads\/2015\/07\/fotonoticia_20150713142511_800-630x420.jpg 630w, https:\/\/eldigitaldeasturias.com\/magazine365\/wp-content\/uploads\/2015\/07\/fotonoticia_20150713142511_800-84x55.jpg 84w, https:\/\/eldigitaldeasturias.com\/magazine365\/wp-content\/uploads\/2015\/07\/fotonoticia_20150713142511_800.jpg 800w\" sizes=\"(max-width: 360px) 100vw, 360px\" \/>Baleares se consolida como el destino m\u00e1s solicitado en las reservas de paquete vacacional, ya que Menorca y Menorca son los sitios preferidos, seg\u00fan Logitravel.com.<\/p>\n<p>Seg\u00fan los datos de reservas de esta agencia para la temporada 2015, los espa\u00f1oles se gastan un poco m\u00e1s de 1.000 euros por familia en la reserva de los viajes estivales. Adem\u00e1s, la costa y las islas espa\u00f1olas son los destinos m\u00e1s solicitados por los espa\u00f1oles para este verano.<\/p>\n<p>Los top destinos en la costa espa\u00f1ola son Benidorm, \u00abun cl\u00e1sico que cada verano repite como destino favorito\u00bb; Salou, en la Costa Dorada; Pe\u00f1\u00edscola en Costa Azahar y la costa de Sol con Torremolinos, Moj\u00e1car y Benalm\u00e1dena.<\/p>\n<p>Adem\u00e1s, el importe medio por reserva en las estancias en la costa es de 620 euros, cifra algo superior al a\u00f1o pasado y, en cuanto a la duraci\u00f3n de las estancias, la media se sit\u00faa en siete noches para las escapadas a la costa en verano.<\/p>\n<p>En los destinos preferidos se encuentran Menorca, Mallorca y Tenerife, seguidos de Caribe, Riviera Maya y Punta Cana. Adem\u00e1s, los espa\u00f1oles se van de vacaciones a las principales capitales europeas con Londres y Par\u00eds a la cabeza, y otras grandes ciudades de larga distancia como Nueva York.<\/p>\n<p>Respecto a la antelaci\u00f3n en la reserva de las vacaciones, se sit\u00faa en una media de 70 d\u00edas de antelaci\u00f3n, es decir, unos dos meses para la reserva de paquetes y viajes combinados. El importe medio por reserva de paquete para esta temporada de verano es de unos 1.500 euros que, igual que en las costas, es ligeramente superior al a\u00f1o anterior.<\/p>\n<p>Por otro lado, el director general de Logitravel.com, Tomeu Bennasar, ha destacado que la empresa ha sido pionera en ofrecer paquetes de hotel y ferry, \u00abtodo un \u00e9xito para los viajes a las islas en verano\u00bb.<\/p>\n","protected":false},"excerpt":{"rendered":"<p>Baleares se consolida como el destino m\u00e1s solicitado en las reservas de paquete vacacional, ya que Menorca y Menorca son los sitios preferidos, seg\u00fan Logitravel.com. Seg\u00fan los datos de reservas de esta agencia para la temporada 2015, los espa\u00f1oles se gastan un poco m\u00e1s de 1.000 euros por familia en la reserva de los viajes<\/p>\n","protected":false},"author":1,"featured_media":42538,"comment_status":"open","ping_status":"closed","sticky":false,"template":"","format":"standard","meta":{"footnotes":""},"categories":[222],"tags":[],"class_list":{"0":"post-42537","1":"post","2":"type-post","3":"status-publish","4":"format-standard","5":"has-post-thumbnail","7":"category-actualidad-turismo"},"aioseo_notices":[],"aioseo_head":"\n\t\t<!-- All in One SEO Pro 4.9.6.1 - aioseo.com -->\n\t<meta name=\"description\" content=\"Baleares se consolida como el destino m\u00e1s solicitado en las reservas de paquete vacacional, ya que Menorca y Menorca son los sitios preferidos, seg\u00fan Logitravel.com. Seg\u00fan los datos de reservas de esta agencia para la temporada 2015, los espa\u00f1oles se gastan un poco m\u00e1s de 1.000 euros por familia en la reserva de los viajes\" \/>\n\t<meta name=\"robots\" content=\"max-image-preview:large\" \/>\n\t<meta name=\"author\" content=\"admin\"\/>\n\t<meta name=\"google-site-verification\" content=\"UA-38556648-1\" \/>\n\t<meta name=\"keywords\" content=\"actualidad turismo\" \/>\n\t<link rel=\"canonical\" href=\"https:\/\/eldigitaldeasturias.com\/magazine365\/baleares-se-consolida-como-el-destino-mas-solicitado-en-reservas-online\/\" \/>\n\t<meta name=\"generator\" content=\"All in One SEO Pro (AIOSEO) 4.9.6.1\" \/>\n\t\t<meta property=\"og:locale\" content=\"es_ES\" \/>\n\t\t<meta property=\"og:site_name\" content=\"El Digital de Asturias \u2013 Revista de ocio, turismo y estilo de vida\" \/>\n\t\t<meta property=\"og:type\" content=\"article\" \/>\n\t\t<meta property=\"og:title\" content=\"Baleares se consolida como el destino m\u00e1s solicitado en reservas online | El Digital de Asturias\" \/>\n\t\t<meta property=\"og:description\" content=\"Baleares se consolida como el destino m\u00e1s solicitado en las reservas de paquete vacacional, ya que Menorca y Menorca son los sitios preferidos, seg\u00fan Logitravel.com. Seg\u00fan los datos de reservas de esta agencia para la temporada 2015, los espa\u00f1oles se gastan un poco m\u00e1s de 1.000 euros por familia en la reserva de los viajes\" \/>\n\t\t<meta property=\"og:url\" content=\"https:\/\/eldigitaldeasturias.com\/magazine365\/baleares-se-consolida-como-el-destino-mas-solicitado-en-reservas-online\/\" \/>\n\t\t<meta property=\"og:image\" content=\"https:\/\/eldigitaldeasturias.com\/magazine365\/wp-content\/uploads\/2015\/07\/fotonoticia_20150713142511_800.jpg\" \/>\n\t\t<meta property=\"og:image:secure_url\" content=\"https:\/\/eldigitaldeasturias.com\/magazine365\/wp-content\/uploads\/2015\/07\/fotonoticia_20150713142511_800.jpg\" \/>\n\t\t<meta property=\"og:image:width\" content=\"800\" \/>\n\t\t<meta property=\"og:image:height\" content=\"533\" \/>\n\t\t<meta property=\"article:published_time\" content=\"2015-07-13T22:15:16+00:00\" \/>\n\t\t<meta property=\"article:modified_time\" content=\"2015-07-13T22:15:16+00:00\" \/>\n\t\t<meta name=\"twitter:card\" content=\"summary_large_image\" \/>\n\t\t<meta name=\"twitter:title\" content=\"Baleares se consolida como el destino m\u00e1s solicitado en reservas online | El Digital de Asturias\" \/>\n\t\t<meta name=\"twitter:description\" content=\"Baleares se consolida como el destino m\u00e1s solicitado en las reservas de paquete vacacional, ya que Menorca y Menorca son los sitios preferidos, seg\u00fan Logitravel.com. Seg\u00fan los datos de reservas de esta agencia para la temporada 2015, los espa\u00f1oles se gastan un poco m\u00e1s de 1.000 euros por familia en la reserva de los viajes\" \/>\n\t\t<meta name=\"twitter:image\" content=\"https:\/\/eldigitaldeasturias.com\/magazine365\/wp-content\/uploads\/2015\/07\/fotonoticia_20150713142511_800.jpg\" \/>\n\t\t<script type=\"application\/ld+json\" class=\"aioseo-schema\">\n\t\t\t{\"@context\":\"https:\\\/\\\/schema.org\",\"@graph\":[{\"@type\":\"Article\",\"@id\":\"https:\\\/\\\/eldigitaldeasturias.com\\\/magazine365\\\/baleares-se-consolida-como-el-destino-mas-solicitado-en-reservas-online\\\/#article\",\"name\":\"Baleares se consolida como el destino m\\u00e1s solicitado en reservas online | El Digital de Asturias\",\"headline\":\"Baleares se consolida como el destino m\\u00e1s solicitado en reservas online\",\"author\":{\"@id\":\"https:\\\/\\\/eldigitaldeasturias.com\\\/magazine365\\\/author\\\/admin\\\/#author\"},\"publisher\":{\"@id\":\"https:\\\/\\\/eldigitaldeasturias.com\\\/magazine365\\\/#organization\"},\"image\":{\"@type\":\"ImageObject\",\"url\":\"https:\\\/\\\/eldigitaldeasturias.com\\\/magazine365\\\/wp-content\\\/uploads\\\/2015\\\/07\\\/fotonoticia_20150713142511_800.jpg\",\"width\":800,\"height\":533},\"datePublished\":\"2015-07-14T00:15:16+02:00\",\"dateModified\":\"2015-07-14T00:15:16+02:00\",\"inLanguage\":\"es-ES\",\"mainEntityOfPage\":{\"@id\":\"https:\\\/\\\/eldigitaldeasturias.com\\\/magazine365\\\/baleares-se-consolida-como-el-destino-mas-solicitado-en-reservas-online\\\/#webpage\"},\"isPartOf\":{\"@id\":\"https:\\\/\\\/eldigitaldeasturias.com\\\/magazine365\\\/baleares-se-consolida-como-el-destino-mas-solicitado-en-reservas-online\\\/#webpage\"},\"articleSection\":\"Actualidad Turismo\"},{\"@type\":\"BreadcrumbList\",\"@id\":\"https:\\\/\\\/eldigitaldeasturias.com\\\/magazine365\\\/baleares-se-consolida-como-el-destino-mas-solicitado-en-reservas-online\\\/#breadcrumblist\",\"itemListElement\":[{\"@type\":\"ListItem\",\"@id\":\"https:\\\/\\\/eldigitaldeasturias.com\\\/magazine365#listItem\",\"position\":1,\"name\":\"Home\",\"item\":\"https:\\\/\\\/eldigitaldeasturias.com\\\/magazine365\",\"nextItem\":{\"@type\":\"ListItem\",\"@id\":\"https:\\\/\\\/eldigitaldeasturias.com\\\/magazine365\\\/category\\\/actualidad-turismo\\\/#listItem\",\"name\":\"Actualidad Turismo\"}},{\"@type\":\"ListItem\",\"@id\":\"https:\\\/\\\/eldigitaldeasturias.com\\\/magazine365\\\/category\\\/actualidad-turismo\\\/#listItem\",\"position\":2,\"name\":\"Actualidad Turismo\",\"item\":\"https:\\\/\\\/eldigitaldeasturias.com\\\/magazine365\\\/category\\\/actualidad-turismo\\\/\",\"nextItem\":{\"@type\":\"ListItem\",\"@id\":\"https:\\\/\\\/eldigitaldeasturias.com\\\/magazine365\\\/baleares-se-consolida-como-el-destino-mas-solicitado-en-reservas-online\\\/#listItem\",\"name\":\"Baleares se consolida como el destino m\\u00e1s solicitado en reservas online\"},\"previousItem\":{\"@type\":\"ListItem\",\"@id\":\"https:\\\/\\\/eldigitaldeasturias.com\\\/magazine365#listItem\",\"name\":\"Home\"}},{\"@type\":\"ListItem\",\"@id\":\"https:\\\/\\\/eldigitaldeasturias.com\\\/magazine365\\\/baleares-se-consolida-como-el-destino-mas-solicitado-en-reservas-online\\\/#listItem\",\"position\":3,\"name\":\"Baleares se consolida como el destino m\\u00e1s solicitado en reservas online\",\"previousItem\":{\"@type\":\"ListItem\",\"@id\":\"https:\\\/\\\/eldigitaldeasturias.com\\\/magazine365\\\/category\\\/actualidad-turismo\\\/#listItem\",\"name\":\"Actualidad Turismo\"}}]},{\"@type\":\"Organization\",\"@id\":\"https:\\\/\\\/eldigitaldeasturias.com\\\/magazine365\\\/#organization\",\"name\":\"El digital de Asturias\",\"description\":\"Revista de ocio, turismo y estilo de vida\",\"url\":\"https:\\\/\\\/eldigitaldeasturias.com\\\/magazine365\\\/\",\"logo\":{\"@type\":\"ImageObject\",\"url\":\"https:\\\/\\\/www.eldigitaldeasturias.com\\\/noticias\\\/wp-content\\\/uploads\\\/2020\\\/12\\\/EDA.jpg\",\"@id\":\"https:\\\/\\\/eldigitaldeasturias.com\\\/magazine365\\\/baleares-se-consolida-como-el-destino-mas-solicitado-en-reservas-online\\\/#organizationLogo\"},\"image\":{\"@id\":\"https:\\\/\\\/eldigitaldeasturias.com\\\/magazine365\\\/baleares-se-consolida-como-el-destino-mas-solicitado-en-reservas-online\\\/#organizationLogo\"}},{\"@type\":\"Person\",\"@id\":\"https:\\\/\\\/eldigitaldeasturias.com\\\/magazine365\\\/author\\\/admin\\\/#author\",\"url\":\"https:\\\/\\\/eldigitaldeasturias.com\\\/magazine365\\\/author\\\/admin\\\/\",\"name\":\"admin\",\"image\":{\"@type\":\"ImageObject\",\"@id\":\"https:\\\/\\\/eldigitaldeasturias.com\\\/magazine365\\\/baleares-se-consolida-como-el-destino-mas-solicitado-en-reservas-online\\\/#authorImage\",\"url\":\"https:\\\/\\\/eldigitaldeasturias.com\\\/magazine365\\\/wp-content\\\/litespeed\\\/avatar\\\/e571bcf59a0edd6fa6838245a470f2fe.jpg?ver=1777574230\",\"width\":96,\"height\":96,\"caption\":\"admin\"}},{\"@type\":\"WebPage\",\"@id\":\"https:\\\/\\\/eldigitaldeasturias.com\\\/magazine365\\\/baleares-se-consolida-como-el-destino-mas-solicitado-en-reservas-online\\\/#webpage\",\"url\":\"https:\\\/\\\/eldigitaldeasturias.com\\\/magazine365\\\/baleares-se-consolida-como-el-destino-mas-solicitado-en-reservas-online\\\/\",\"name\":\"Baleares se consolida como el destino m\\u00e1s solicitado en reservas online | El Digital de Asturias\",\"description\":\"Baleares se consolida como el destino m\\u00e1s solicitado en las reservas de paquete vacacional, ya que Menorca y Menorca son los sitios preferidos, seg\\u00fan Logitravel.com. Seg\\u00fan los datos de reservas de esta agencia para la temporada 2015, los espa\\u00f1oles se gastan un poco m\\u00e1s de 1.000 euros por familia en la reserva de los viajes\",\"inLanguage\":\"es-ES\",\"isPartOf\":{\"@id\":\"https:\\\/\\\/eldigitaldeasturias.com\\\/magazine365\\\/#website\"},\"breadcrumb\":{\"@id\":\"https:\\\/\\\/eldigitaldeasturias.com\\\/magazine365\\\/baleares-se-consolida-como-el-destino-mas-solicitado-en-reservas-online\\\/#breadcrumblist\"},\"author\":{\"@id\":\"https:\\\/\\\/eldigitaldeasturias.com\\\/magazine365\\\/author\\\/admin\\\/#author\"},\"creator\":{\"@id\":\"https:\\\/\\\/eldigitaldeasturias.com\\\/magazine365\\\/author\\\/admin\\\/#author\"},\"image\":{\"@type\":\"ImageObject\",\"url\":\"https:\\\/\\\/eldigitaldeasturias.com\\\/magazine365\\\/wp-content\\\/uploads\\\/2015\\\/07\\\/fotonoticia_20150713142511_800.jpg\",\"@id\":\"https:\\\/\\\/eldigitaldeasturias.com\\\/magazine365\\\/baleares-se-consolida-como-el-destino-mas-solicitado-en-reservas-online\\\/#mainImage\",\"width\":800,\"height\":533},\"primaryImageOfPage\":{\"@id\":\"https:\\\/\\\/eldigitaldeasturias.com\\\/magazine365\\\/baleares-se-consolida-como-el-destino-mas-solicitado-en-reservas-online\\\/#mainImage\"},\"datePublished\":\"2015-07-14T00:15:16+02:00\",\"dateModified\":\"2015-07-14T00:15:16+02:00\"},{\"@type\":\"WebSite\",\"@id\":\"https:\\\/\\\/eldigitaldeasturias.com\\\/magazine365\\\/#website\",\"url\":\"https:\\\/\\\/eldigitaldeasturias.com\\\/magazine365\\\/\",\"name\":\"El Digital de Asturias\",\"description\":\"Revista de ocio, turismo y estilo de vida\",\"inLanguage\":\"es-ES\",\"publisher\":{\"@id\":\"https:\\\/\\\/eldigitaldeasturias.com\\\/magazine365\\\/#organization\"}}]}\n\t\t<\/script>\n\t\t<!-- All in One SEO Pro -->\r\n\t\t<title>Baleares se consolida como el destino m\u00e1s solicitado en reservas online | El Digital de Asturias<\/title>\n\n","aioseo_head_json":{"title":"Baleares se consolida como el destino m\u00e1s solicitado en reservas online | El Digital de Asturias","description":"Baleares se consolida como el destino m\u00e1s solicitado en las reservas de paquete vacacional, ya que Menorca y Menorca son los sitios preferidos, seg\u00fan Logitravel.com. Seg\u00fan los datos de reservas de esta agencia para la temporada 2015, los espa\u00f1oles se gastan un poco m\u00e1s de 1.000 euros por familia en la reserva de los viajes","canonical_url":"https:\/\/eldigitaldeasturias.com\/magazine365\/baleares-se-consolida-como-el-destino-mas-solicitado-en-reservas-online\/","robots":"max-image-preview:large","keywords":"actualidad turismo","webmasterTools":{"google-site-verification":"UA-38556648-1","miscellaneous":""},"schema":{"@context":"https:\/\/schema.org","@graph":[{"@type":"Article","@id":"https:\/\/eldigitaldeasturias.com\/magazine365\/baleares-se-consolida-como-el-destino-mas-solicitado-en-reservas-online\/#article","name":"Baleares se consolida como el destino m\u00e1s solicitado en reservas online | El Digital de Asturias","headline":"Baleares se consolida como el destino m\u00e1s solicitado en reservas online","author":{"@id":"https:\/\/eldigitaldeasturias.com\/magazine365\/author\/admin\/#author"},"publisher":{"@id":"https:\/\/eldigitaldeasturias.com\/magazine365\/#organization"},"image":{"@type":"ImageObject","url":"https:\/\/eldigitaldeasturias.com\/magazine365\/wp-content\/uploads\/2015\/07\/fotonoticia_20150713142511_800.jpg","width":800,"height":533},"datePublished":"2015-07-14T00:15:16+02:00","dateModified":"2015-07-14T00:15:16+02:00","inLanguage":"es-ES","mainEntityOfPage":{"@id":"https:\/\/eldigitaldeasturias.com\/magazine365\/baleares-se-consolida-como-el-destino-mas-solicitado-en-reservas-online\/#webpage"},"isPartOf":{"@id":"https:\/\/eldigitaldeasturias.com\/magazine365\/baleares-se-consolida-como-el-destino-mas-solicitado-en-reservas-online\/#webpage"},"articleSection":"Actualidad Turismo"},{"@type":"BreadcrumbList","@id":"https:\/\/eldigitaldeasturias.com\/magazine365\/baleares-se-consolida-como-el-destino-mas-solicitado-en-reservas-online\/#breadcrumblist","itemListElement":[{"@type":"ListItem","@id":"https:\/\/eldigitaldeasturias.com\/magazine365#listItem","position":1,"name":"Home","item":"https:\/\/eldigitaldeasturias.com\/magazine365","nextItem":{"@type":"ListItem","@id":"https:\/\/eldigitaldeasturias.com\/magazine365\/category\/actualidad-turismo\/#listItem","name":"Actualidad Turismo"}},{"@type":"ListItem","@id":"https:\/\/eldigitaldeasturias.com\/magazine365\/category\/actualidad-turismo\/#listItem","position":2,"name":"Actualidad Turismo","item":"https:\/\/eldigitaldeasturias.com\/magazine365\/category\/actualidad-turismo\/","nextItem":{"@type":"ListItem","@id":"https:\/\/eldigitaldeasturias.com\/magazine365\/baleares-se-consolida-como-el-destino-mas-solicitado-en-reservas-online\/#listItem","name":"Baleares se consolida como el destino m\u00e1s solicitado en reservas online"},"previousItem":{"@type":"ListItem","@id":"https:\/\/eldigitaldeasturias.com\/magazine365#listItem","name":"Home"}},{"@type":"ListItem","@id":"https:\/\/eldigitaldeasturias.com\/magazine365\/baleares-se-consolida-como-el-destino-mas-solicitado-en-reservas-online\/#listItem","position":3,"name":"Baleares se consolida como el destino m\u00e1s solicitado en reservas online","previousItem":{"@type":"ListItem","@id":"https:\/\/eldigitaldeasturias.com\/magazine365\/category\/actualidad-turismo\/#listItem","name":"Actualidad Turismo"}}]},{"@type":"Organization","@id":"https:\/\/eldigitaldeasturias.com\/magazine365\/#organization","name":"El digital de Asturias","description":"Revista de ocio, turismo y estilo de vida","url":"https:\/\/eldigitaldeasturias.com\/magazine365\/","logo":{"@type":"ImageObject","url":"https:\/\/www.eldigitaldeasturias.com\/noticias\/wp-content\/uploads\/2020\/12\/EDA.jpg","@id":"https:\/\/eldigitaldeasturias.com\/magazine365\/baleares-se-consolida-como-el-destino-mas-solicitado-en-reservas-online\/#organizationLogo"},"image":{"@id":"https:\/\/eldigitaldeasturias.com\/magazine365\/baleares-se-consolida-como-el-destino-mas-solicitado-en-reservas-online\/#organizationLogo"}},{"@type":"Person","@id":"https:\/\/eldigitaldeasturias.com\/magazine365\/author\/admin\/#author","url":"https:\/\/eldigitaldeasturias.com\/magazine365\/author\/admin\/","name":"admin","image":{"@type":"ImageObject","@id":"https:\/\/eldigitaldeasturias.com\/magazine365\/baleares-se-consolida-como-el-destino-mas-solicitado-en-reservas-online\/#authorImage","url":"https:\/\/eldigitaldeasturias.com\/magazine365\/wp-content\/litespeed\/avatar\/e571bcf59a0edd6fa6838245a470f2fe.jpg?ver=1777574230","width":96,"height":96,"caption":"admin"}},{"@type":"WebPage","@id":"https:\/\/eldigitaldeasturias.com\/magazine365\/baleares-se-consolida-como-el-destino-mas-solicitado-en-reservas-online\/#webpage","url":"https:\/\/eldigitaldeasturias.com\/magazine365\/baleares-se-consolida-como-el-destino-mas-solicitado-en-reservas-online\/","name":"Baleares se consolida como el destino m\u00e1s solicitado en reservas online | El Digital de Asturias","description":"Baleares se consolida como el destino m\u00e1s solicitado en las reservas de paquete vacacional, ya que Menorca y Menorca son los sitios preferidos, seg\u00fan Logitravel.com. Seg\u00fan los datos de reservas de esta agencia para la temporada 2015, los espa\u00f1oles se gastan un poco m\u00e1s de 1.000 euros por familia en la reserva de los viajes","inLanguage":"es-ES","isPartOf":{"@id":"https:\/\/eldigitaldeasturias.com\/magazine365\/#website"},"breadcrumb":{"@id":"https:\/\/eldigitaldeasturias.com\/magazine365\/baleares-se-consolida-como-el-destino-mas-solicitado-en-reservas-online\/#breadcrumblist"},"author":{"@id":"https:\/\/eldigitaldeasturias.com\/magazine365\/author\/admin\/#author"},"creator":{"@id":"https:\/\/eldigitaldeasturias.com\/magazine365\/author\/admin\/#author"},"image":{"@type":"ImageObject","url":"https:\/\/eldigitaldeasturias.com\/magazine365\/wp-content\/uploads\/2015\/07\/fotonoticia_20150713142511_800.jpg","@id":"https:\/\/eldigitaldeasturias.com\/magazine365\/baleares-se-consolida-como-el-destino-mas-solicitado-en-reservas-online\/#mainImage","width":800,"height":533},"primaryImageOfPage":{"@id":"https:\/\/eldigitaldeasturias.com\/magazine365\/baleares-se-consolida-como-el-destino-mas-solicitado-en-reservas-online\/#mainImage"},"datePublished":"2015-07-14T00:15:16+02:00","dateModified":"2015-07-14T00:15:16+02:00"},{"@type":"WebSite","@id":"https:\/\/eldigitaldeasturias.com\/magazine365\/#website","url":"https:\/\/eldigitaldeasturias.com\/magazine365\/","name":"El Digital de Asturias","description":"Revista de ocio, turismo y estilo de vida","inLanguage":"es-ES","publisher":{"@id":"https:\/\/eldigitaldeasturias.com\/magazine365\/#organization"}}]},"og:locale":"es_ES","og:site_name":"El Digital de Asturias \u2013 Revista de ocio, turismo y estilo de vida","og:type":"article","og:title":"Baleares se consolida como el destino m\u00e1s solicitado en reservas online | El Digital de Asturias","og:description":"Baleares se consolida como el destino m\u00e1s solicitado en las reservas de paquete vacacional, ya que Menorca y Menorca son los sitios preferidos, seg\u00fan Logitravel.com. Seg\u00fan los datos de reservas de esta agencia para la temporada 2015, los espa\u00f1oles se gastan un poco m\u00e1s de 1.000 euros por familia en la reserva de los viajes","og:url":"https:\/\/eldigitaldeasturias.com\/magazine365\/baleares-se-consolida-como-el-destino-mas-solicitado-en-reservas-online\/","og:image":"https:\/\/eldigitaldeasturias.com\/magazine365\/wp-content\/uploads\/2015\/07\/fotonoticia_20150713142511_800.jpg","og:image:secure_url":"https:\/\/eldigitaldeasturias.com\/magazine365\/wp-content\/uploads\/2015\/07\/fotonoticia_20150713142511_800.jpg","og:image:width":800,"og:image:height":533,"article:published_time":"2015-07-13T22:15:16+00:00","article:modified_time":"2015-07-13T22:15:16+00:00","twitter:card":"summary_large_image","twitter:title":"Baleares se consolida como el destino m\u00e1s solicitado en reservas online | El Digital de Asturias","twitter:description":"Baleares se consolida como el destino m\u00e1s solicitado en las reservas de paquete vacacional, ya que Menorca y Menorca son los sitios preferidos, seg\u00fan Logitravel.com. Seg\u00fan los datos de reservas de esta agencia para la temporada 2015, los espa\u00f1oles se gastan un poco m\u00e1s de 1.000 euros por familia en la reserva de los viajes","twitter:image":"https:\/\/eldigitaldeasturias.com\/magazine365\/wp-content\/uploads\/2015\/07\/fotonoticia_20150713142511_800.jpg"},"aioseo_meta_data":{"post_id":"42537","title":null,"description":null,"keywords":null,"keyphrases":null,"primary_term":null,"canonical_url":null,"og_title":null,"og_description":null,"og_object_type":"default","og_image_type":"default","og_image_url":null,"og_image_width":null,"og_image_height":null,"og_image_custom_url":null,"og_image_custom_fields":null,"og_video":null,"og_custom_url":null,"og_article_section":null,"og_article_tags":null,"twitter_use_og":false,"twitter_card":"default","twitter_image_type":"default","twitter_image_url":null,"twitter_image_custom_url":null,"twitter_image_custom_fields":null,"twitter_title":null,"twitter_description":null,"schema":{"blockGraphs":[],"customGraphs":[],"default":{"data":{"Article":[],"Course":[],"Dataset":[],"FAQPage":[],"Movie":[],"Person":[],"Product":[],"ProductReview":[],"Car":[],"Recipe":[],"Service":[],"SoftwareApplication":[],"WebPage":[]},"graphName":"","isEnabled":true},"graphs":[],"defaultGraph":"","defaultPostTypeGraph":""},"schema_type":null,"schema_type_options":null,"pillar_content":false,"robots_default":true,"robots_noindex":false,"robots_noarchive":false,"robots_nosnippet":false,"robots_nofollow":false,"robots_noimageindex":false,"robots_noodp":false,"robots_notranslate":false,"robots_max_snippet":null,"robots_max_videopreview":null,"robots_max_imagepreview":"large","priority":null,"frequency":null,"location":null,"local_seo":null,"seo_analyzer_scan_date":"2025-09-19 17:57:07","breadcrumb_settings":null,"limit_modified_date":false,"open_ai":null,"ai":null,"created":"2021-03-09 01:59:47","updated":"2025-09-19 17:57:07"},"aioseo_breadcrumb":"<div class=\"aioseo-breadcrumbs\"><span class=\"aioseo-breadcrumb\">\n\t<a href=\"https:\/\/eldigitaldeasturias.com\/magazine365\" title=\"Home\">Home<\/a>\n<\/span><span class=\"aioseo-breadcrumb-separator\">\u2013<\/span><span class=\"aioseo-breadcrumb\">\n\t<a href=\"https:\/\/eldigitaldeasturias.com\/magazine365\/category\/actualidad-turismo\/\" title=\"Actualidad Turismo\">Actualidad Turismo<\/a>\n<\/span><span class=\"aioseo-breadcrumb-separator\">\u2013<\/span><span class=\"aioseo-breadcrumb\">\n\t<a href=\"https:\/\/eldigitaldeasturias.com\/magazine365\/baleares-se-consolida-como-el-destino-mas-solicitado-en-reservas-online\/\" title=\"Baleares se consolida como el destino m\u00e1s solicitado en reservas online\">Baleares se consolida como el destino m\u00e1s solicitado en reservas online<\/a>\n<\/span><\/div>","aioseo_breadcrumb_json":[{"label":"Home","link":"https:\/\/eldigitaldeasturias.com\/magazine365"},{"label":"Actualidad Turismo","link":"https:\/\/eldigitaldeasturias.com\/magazine365\/category\/actualidad-turismo\/"},{"label":"Baleares se consolida como el destino m\u00e1s solicitado en reservas online","link":"https:\/\/eldigitaldeasturias.com\/magazine365\/baleares-se-consolida-como-el-destino-mas-solicitado-en-reservas-online\/"}],"_links":{"self":[{"href":"https:\/\/eldigitaldeasturias.com\/magazine365\/wp-json\/wp\/v2\/posts\/42537","targetHints":{"allow":["GET"]}}],"collection":[{"href":"https:\/\/eldigitaldeasturias.com\/magazine365\/wp-json\/wp\/v2\/posts"}],"about":[{"href":"https:\/\/eldigitaldeasturias.com\/magazine365\/wp-json\/wp\/v2\/types\/post"}],"author":[{"embeddable":true,"href":"https:\/\/eldigitaldeasturias.com\/magazine365\/wp-json\/wp\/v2\/users\/1"}],"replies":[{"embeddable":true,"href":"https:\/\/eldigitaldeasturias.com\/magazine365\/wp-json\/wp\/v2\/comments?post=42537"}],"version-history":[{"count":0,"href":"https:\/\/eldigitaldeasturias.com\/magazine365\/wp-json\/wp\/v2\/posts\/42537\/revisions"}],"wp:featuredmedia":[{"embeddable":true,"href":"https:\/\/eldigitaldeasturias.com\/magazine365\/wp-json\/wp\/v2\/media\/42538"}],"wp:attachment":[{"href":"https:\/\/eldigitaldeasturias.com\/magazine365\/wp-json\/wp\/v2\/media?parent=42537"}],"wp:term":[{"taxonomy":"category","embeddable":true,"href":"https:\/\/eldigitaldeasturias.com\/magazine365\/wp-json\/wp\/v2\/categories?post=42537"},{"taxonomy":"post_tag","embeddable":true,"href":"https:\/\/eldigitaldeasturias.com\/magazine365\/wp-json\/wp\/v2\/tags?post=42537"}],"curies":[{"name":"wp","href":"https:\/\/api.w.org\/{rel}","templated":true}]}}