{"id":42534,"date":"2015-07-14T00:13:58","date_gmt":"2015-07-13T22:13:58","guid":{"rendered":"http:\/\/eldigitaldeasturias.com\/magazine365\/?p=42534"},"modified":"2015-07-14T00:13:58","modified_gmt":"2015-07-13T22:13:58","slug":"la-patronal-hotelera-de-madrid-pide-una-reunion-urgente-con-carmena","status":"publish","type":"post","link":"https:\/\/eldigitaldeasturias.com\/magazine365\/la-patronal-hotelera-de-madrid-pide-una-reunion-urgente-con-carmena\/","title":{"rendered":"La patronal hotelera de Madrid pide una reuni\u00f3n \u00aburgente\u00bb con Carmena"},"content":{"rendered":"<p><img fetchpriority=\"high\" decoding=\"async\" class=\"alignleft size-medium wp-image-42535\" src=\"https:\/\/eldigitaldeasturias.com\/magazine365\/wp-content\/uploads\/2015\/07\/carmena-360x240.jpg\" alt=\"carmena\" width=\"360\" height=\"240\" srcset=\"https:\/\/eldigitaldeasturias.com\/magazine365\/wp-content\/uploads\/2015\/07\/carmena-360x240.jpg 360w, https:\/\/eldigitaldeasturias.com\/magazine365\/wp-content\/uploads\/2015\/07\/carmena-650x433.jpg 650w, https:\/\/eldigitaldeasturias.com\/magazine365\/wp-content\/uploads\/2015\/07\/carmena-768x512.jpg 768w, https:\/\/eldigitaldeasturias.com\/magazine365\/wp-content\/uploads\/2015\/07\/carmena-150x100.jpg 150w, https:\/\/eldigitaldeasturias.com\/magazine365\/wp-content\/uploads\/2015\/07\/carmena-450x300.jpg 450w, https:\/\/eldigitaldeasturias.com\/magazine365\/wp-content\/uploads\/2015\/07\/carmena-696x464.jpg 696w, https:\/\/eldigitaldeasturias.com\/magazine365\/wp-content\/uploads\/2015\/07\/carmena-630x420.jpg 630w, https:\/\/eldigitaldeasturias.com\/magazine365\/wp-content\/uploads\/2015\/07\/carmena-84x55.jpg 84w, https:\/\/eldigitaldeasturias.com\/magazine365\/wp-content\/uploads\/2015\/07\/carmena.jpg 800w\" sizes=\"(max-width: 360px) 100vw, 360px\" \/>El presidente de la Asociaci\u00f3n Empresarial Hotelera de Madrid (AEHM), Antonio Gil, ha solicitado ya una reuni\u00f3n \u00abcon la m\u00e1xima urgencia posible\u00bb, tanto con la alcaldesa, Manuela Carmena, como con su equipo para abordar la posible tasa tur\u00edstica que podr\u00eda incluirse en los presupuestos municipales de 2016.<\/p>\n<p>Gil ha pedido la reuni\u00f3n, adem\u00e1s de con la alcaldesa, con los m\u00e1ximos responsables de Econom\u00eda y Hacienda y de Cultura, Concejal\u00eda en la que se han incluido las competencias del Turismo. El fin es \u00abintercambiar opiniones sobre la oportunidad y conveniencia de esta Tasa y, en caso de implantarse, sobre los detalles de la misma\u00bb.<\/p>\n<p>Aunque a priori entiende que podr\u00eda perjudicar una tasa de estas caracter\u00edsticas, hasta que no tengan \u00abconocimiento de aspectos fundamentales como qui\u00e9n la recaudar\u00eda, qu\u00e9 cuant\u00eda tendr\u00eda y a qu\u00e9 se destinar\u00eda\u00bb, no pueden manifestar \u00abninguna opini\u00f3n\u00bb, ha explicado el presidente de la AEHM.<\/p>\n","protected":false},"excerpt":{"rendered":"<p>El presidente de la Asociaci\u00f3n Empresarial Hotelera de Madrid (AEHM), Antonio Gil, ha solicitado ya una reuni\u00f3n \u00abcon la m\u00e1xima urgencia posible\u00bb, tanto con la alcaldesa, Manuela Carmena, como con su equipo para abordar la posible tasa tur\u00edstica que podr\u00eda incluirse en los presupuestos municipales de 2016. Gil ha pedido la reuni\u00f3n, adem\u00e1s de con<\/p>\n","protected":false},"author":1,"featured_media":42535,"comment_status":"open","ping_status":"closed","sticky":false,"template":"","format":"standard","meta":{"footnotes":""},"categories":[222],"tags":[],"class_list":{"0":"post-42534","1":"post","2":"type-post","3":"status-publish","4":"format-standard","5":"has-post-thumbnail","7":"category-actualidad-turismo"},"aioseo_notices":[],"aioseo_head":"\n\t\t<!-- All in One SEO Pro 4.9.6.1 - aioseo.com -->\n\t<meta name=\"description\" content=\"El presidente de la Asociaci\u00f3n Empresarial Hotelera de Madrid (AEHM), Antonio Gil, ha solicitado ya una reuni\u00f3n &quot;con la m\u00e1xima urgencia posible&quot;, tanto con la alcaldesa, Manuela Carmena, como con su equipo para abordar la posible tasa tur\u00edstica que podr\u00eda incluirse en los presupuestos municipales de 2016. Gil ha pedido la reuni\u00f3n, adem\u00e1s de con\" \/>\n\t<meta name=\"robots\" content=\"max-image-preview:large\" \/>\n\t<meta name=\"author\" content=\"admin\"\/>\n\t<meta name=\"google-site-verification\" content=\"UA-38556648-1\" \/>\n\t<meta name=\"keywords\" content=\"actualidad turismo\" \/>\n\t<link rel=\"canonical\" href=\"https:\/\/eldigitaldeasturias.com\/magazine365\/la-patronal-hotelera-de-madrid-pide-una-reunion-urgente-con-carmena\/\" \/>\n\t<meta name=\"generator\" content=\"All in One SEO Pro (AIOSEO) 4.9.6.1\" \/>\n\t\t<meta property=\"og:locale\" content=\"es_ES\" \/>\n\t\t<meta property=\"og:site_name\" content=\"El Digital de Asturias \u2013 Revista de ocio, turismo y estilo de vida\" \/>\n\t\t<meta property=\"og:type\" content=\"article\" \/>\n\t\t<meta property=\"og:title\" content=\"La patronal hotelera de Madrid pide una reuni\u00f3n \u00aburgente\u00bb con Carmena | El Digital de Asturias\" \/>\n\t\t<meta property=\"og:description\" content=\"El presidente de la Asociaci\u00f3n Empresarial Hotelera de Madrid (AEHM), Antonio Gil, ha solicitado ya una reuni\u00f3n &quot;con la m\u00e1xima urgencia posible&quot;, tanto con la alcaldesa, Manuela Carmena, como con su equipo para abordar la posible tasa tur\u00edstica que podr\u00eda incluirse en los presupuestos municipales de 2016. Gil ha pedido la reuni\u00f3n, adem\u00e1s de con\" \/>\n\t\t<meta property=\"og:url\" content=\"https:\/\/eldigitaldeasturias.com\/magazine365\/la-patronal-hotelera-de-madrid-pide-una-reunion-urgente-con-carmena\/\" \/>\n\t\t<meta property=\"og:image\" content=\"https:\/\/eldigitaldeasturias.com\/magazine365\/wp-content\/uploads\/2015\/07\/carmena.jpg\" \/>\n\t\t<meta property=\"og:image:secure_url\" content=\"https:\/\/eldigitaldeasturias.com\/magazine365\/wp-content\/uploads\/2015\/07\/carmena.jpg\" \/>\n\t\t<meta property=\"og:image:width\" content=\"800\" \/>\n\t\t<meta property=\"og:image:height\" content=\"533\" \/>\n\t\t<meta property=\"article:published_time\" content=\"2015-07-13T22:13:58+00:00\" \/>\n\t\t<meta property=\"article:modified_time\" content=\"2015-07-13T22:13:58+00:00\" \/>\n\t\t<meta name=\"twitter:card\" content=\"summary_large_image\" \/>\n\t\t<meta name=\"twitter:title\" content=\"La patronal hotelera de Madrid pide una reuni\u00f3n \u00aburgente\u00bb con Carmena | El Digital de Asturias\" \/>\n\t\t<meta name=\"twitter:description\" content=\"El presidente de la Asociaci\u00f3n Empresarial Hotelera de Madrid (AEHM), Antonio Gil, ha solicitado ya una reuni\u00f3n &quot;con la m\u00e1xima urgencia posible&quot;, tanto con la alcaldesa, Manuela Carmena, como con su equipo para abordar la posible tasa tur\u00edstica que podr\u00eda incluirse en los presupuestos municipales de 2016. Gil ha pedido la reuni\u00f3n, adem\u00e1s de con\" \/>\n\t\t<meta name=\"twitter:image\" content=\"https:\/\/eldigitaldeasturias.com\/magazine365\/wp-content\/uploads\/2015\/07\/carmena.jpg\" \/>\n\t\t<script type=\"application\/ld+json\" class=\"aioseo-schema\">\n\t\t\t{\"@context\":\"https:\\\/\\\/schema.org\",\"@graph\":[{\"@type\":\"Article\",\"@id\":\"https:\\\/\\\/eldigitaldeasturias.com\\\/magazine365\\\/la-patronal-hotelera-de-madrid-pide-una-reunion-urgente-con-carmena\\\/#article\",\"name\":\"La patronal hotelera de Madrid pide una reuni\\u00f3n \\u00aburgente\\u00bb con Carmena | El Digital de Asturias\",\"headline\":\"La patronal hotelera de Madrid pide una reuni\\u00f3n \\u00aburgente\\u00bb con Carmena\",\"author\":{\"@id\":\"https:\\\/\\\/eldigitaldeasturias.com\\\/magazine365\\\/author\\\/admin\\\/#author\"},\"publisher\":{\"@id\":\"https:\\\/\\\/eldigitaldeasturias.com\\\/magazine365\\\/#organization\"},\"image\":{\"@type\":\"ImageObject\",\"url\":\"https:\\\/\\\/eldigitaldeasturias.com\\\/magazine365\\\/wp-content\\\/uploads\\\/2015\\\/07\\\/carmena.jpg\",\"width\":800,\"height\":533},\"datePublished\":\"2015-07-14T00:13:58+02:00\",\"dateModified\":\"2015-07-14T00:13:58+02:00\",\"inLanguage\":\"es-ES\",\"mainEntityOfPage\":{\"@id\":\"https:\\\/\\\/eldigitaldeasturias.com\\\/magazine365\\\/la-patronal-hotelera-de-madrid-pide-una-reunion-urgente-con-carmena\\\/#webpage\"},\"isPartOf\":{\"@id\":\"https:\\\/\\\/eldigitaldeasturias.com\\\/magazine365\\\/la-patronal-hotelera-de-madrid-pide-una-reunion-urgente-con-carmena\\\/#webpage\"},\"articleSection\":\"Actualidad Turismo\"},{\"@type\":\"BreadcrumbList\",\"@id\":\"https:\\\/\\\/eldigitaldeasturias.com\\\/magazine365\\\/la-patronal-hotelera-de-madrid-pide-una-reunion-urgente-con-carmena\\\/#breadcrumblist\",\"itemListElement\":[{\"@type\":\"ListItem\",\"@id\":\"https:\\\/\\\/eldigitaldeasturias.com\\\/magazine365#listItem\",\"position\":1,\"name\":\"Home\",\"item\":\"https:\\\/\\\/eldigitaldeasturias.com\\\/magazine365\",\"nextItem\":{\"@type\":\"ListItem\",\"@id\":\"https:\\\/\\\/eldigitaldeasturias.com\\\/magazine365\\\/category\\\/actualidad-turismo\\\/#listItem\",\"name\":\"Actualidad Turismo\"}},{\"@type\":\"ListItem\",\"@id\":\"https:\\\/\\\/eldigitaldeasturias.com\\\/magazine365\\\/category\\\/actualidad-turismo\\\/#listItem\",\"position\":2,\"name\":\"Actualidad Turismo\",\"item\":\"https:\\\/\\\/eldigitaldeasturias.com\\\/magazine365\\\/category\\\/actualidad-turismo\\\/\",\"nextItem\":{\"@type\":\"ListItem\",\"@id\":\"https:\\\/\\\/eldigitaldeasturias.com\\\/magazine365\\\/la-patronal-hotelera-de-madrid-pide-una-reunion-urgente-con-carmena\\\/#listItem\",\"name\":\"La patronal hotelera de Madrid pide una reuni\\u00f3n \\u00aburgente\\u00bb con Carmena\"},\"previousItem\":{\"@type\":\"ListItem\",\"@id\":\"https:\\\/\\\/eldigitaldeasturias.com\\\/magazine365#listItem\",\"name\":\"Home\"}},{\"@type\":\"ListItem\",\"@id\":\"https:\\\/\\\/eldigitaldeasturias.com\\\/magazine365\\\/la-patronal-hotelera-de-madrid-pide-una-reunion-urgente-con-carmena\\\/#listItem\",\"position\":3,\"name\":\"La patronal hotelera de Madrid pide una reuni\\u00f3n \\u00aburgente\\u00bb con Carmena\",\"previousItem\":{\"@type\":\"ListItem\",\"@id\":\"https:\\\/\\\/eldigitaldeasturias.com\\\/magazine365\\\/category\\\/actualidad-turismo\\\/#listItem\",\"name\":\"Actualidad Turismo\"}}]},{\"@type\":\"Organization\",\"@id\":\"https:\\\/\\\/eldigitaldeasturias.com\\\/magazine365\\\/#organization\",\"name\":\"El digital de Asturias\",\"description\":\"Revista de ocio, turismo y estilo de vida\",\"url\":\"https:\\\/\\\/eldigitaldeasturias.com\\\/magazine365\\\/\",\"logo\":{\"@type\":\"ImageObject\",\"url\":\"https:\\\/\\\/www.eldigitaldeasturias.com\\\/noticias\\\/wp-content\\\/uploads\\\/2020\\\/12\\\/EDA.jpg\",\"@id\":\"https:\\\/\\\/eldigitaldeasturias.com\\\/magazine365\\\/la-patronal-hotelera-de-madrid-pide-una-reunion-urgente-con-carmena\\\/#organizationLogo\"},\"image\":{\"@id\":\"https:\\\/\\\/eldigitaldeasturias.com\\\/magazine365\\\/la-patronal-hotelera-de-madrid-pide-una-reunion-urgente-con-carmena\\\/#organizationLogo\"}},{\"@type\":\"Person\",\"@id\":\"https:\\\/\\\/eldigitaldeasturias.com\\\/magazine365\\\/author\\\/admin\\\/#author\",\"url\":\"https:\\\/\\\/eldigitaldeasturias.com\\\/magazine365\\\/author\\\/admin\\\/\",\"name\":\"admin\",\"image\":{\"@type\":\"ImageObject\",\"@id\":\"https:\\\/\\\/eldigitaldeasturias.com\\\/magazine365\\\/la-patronal-hotelera-de-madrid-pide-una-reunion-urgente-con-carmena\\\/#authorImage\",\"url\":\"https:\\\/\\\/eldigitaldeasturias.com\\\/magazine365\\\/wp-content\\\/litespeed\\\/avatar\\\/e571bcf59a0edd6fa6838245a470f2fe.jpg?ver=1777574230\",\"width\":96,\"height\":96,\"caption\":\"admin\"}},{\"@type\":\"WebPage\",\"@id\":\"https:\\\/\\\/eldigitaldeasturias.com\\\/magazine365\\\/la-patronal-hotelera-de-madrid-pide-una-reunion-urgente-con-carmena\\\/#webpage\",\"url\":\"https:\\\/\\\/eldigitaldeasturias.com\\\/magazine365\\\/la-patronal-hotelera-de-madrid-pide-una-reunion-urgente-con-carmena\\\/\",\"name\":\"La patronal hotelera de Madrid pide una reuni\\u00f3n \\u00aburgente\\u00bb con Carmena | El Digital de Asturias\",\"description\":\"El presidente de la Asociaci\\u00f3n Empresarial Hotelera de Madrid (AEHM), Antonio Gil, ha solicitado ya una reuni\\u00f3n \\\"con la m\\u00e1xima urgencia posible\\\", tanto con la alcaldesa, Manuela Carmena, como con su equipo para abordar la posible tasa tur\\u00edstica que podr\\u00eda incluirse en los presupuestos municipales de 2016. Gil ha pedido la reuni\\u00f3n, adem\\u00e1s de con\",\"inLanguage\":\"es-ES\",\"isPartOf\":{\"@id\":\"https:\\\/\\\/eldigitaldeasturias.com\\\/magazine365\\\/#website\"},\"breadcrumb\":{\"@id\":\"https:\\\/\\\/eldigitaldeasturias.com\\\/magazine365\\\/la-patronal-hotelera-de-madrid-pide-una-reunion-urgente-con-carmena\\\/#breadcrumblist\"},\"author\":{\"@id\":\"https:\\\/\\\/eldigitaldeasturias.com\\\/magazine365\\\/author\\\/admin\\\/#author\"},\"creator\":{\"@id\":\"https:\\\/\\\/eldigitaldeasturias.com\\\/magazine365\\\/author\\\/admin\\\/#author\"},\"image\":{\"@type\":\"ImageObject\",\"url\":\"https:\\\/\\\/eldigitaldeasturias.com\\\/magazine365\\\/wp-content\\\/uploads\\\/2015\\\/07\\\/carmena.jpg\",\"@id\":\"https:\\\/\\\/eldigitaldeasturias.com\\\/magazine365\\\/la-patronal-hotelera-de-madrid-pide-una-reunion-urgente-con-carmena\\\/#mainImage\",\"width\":800,\"height\":533},\"primaryImageOfPage\":{\"@id\":\"https:\\\/\\\/eldigitaldeasturias.com\\\/magazine365\\\/la-patronal-hotelera-de-madrid-pide-una-reunion-urgente-con-carmena\\\/#mainImage\"},\"datePublished\":\"2015-07-14T00:13:58+02:00\",\"dateModified\":\"2015-07-14T00:13:58+02:00\"},{\"@type\":\"WebSite\",\"@id\":\"https:\\\/\\\/eldigitaldeasturias.com\\\/magazine365\\\/#website\",\"url\":\"https:\\\/\\\/eldigitaldeasturias.com\\\/magazine365\\\/\",\"name\":\"El Digital de Asturias\",\"description\":\"Revista de ocio, turismo y estilo de vida\",\"inLanguage\":\"es-ES\",\"publisher\":{\"@id\":\"https:\\\/\\\/eldigitaldeasturias.com\\\/magazine365\\\/#organization\"}}]}\n\t\t<\/script>\n\t\t<!-- All in One SEO Pro -->\r\n\t\t<title>La patronal hotelera de Madrid pide una reuni\u00f3n \u00aburgente\u00bb con Carmena | El Digital de Asturias<\/title>\n\n","aioseo_head_json":{"title":"La patronal hotelera de Madrid pide una reuni\u00f3n \u00aburgente\u00bb con Carmena | El Digital de Asturias","description":"El presidente de la Asociaci\u00f3n Empresarial Hotelera de Madrid (AEHM), Antonio Gil, ha solicitado ya una reuni\u00f3n \"con la m\u00e1xima urgencia posible\", tanto con la alcaldesa, Manuela Carmena, como con su equipo para abordar la posible tasa tur\u00edstica que podr\u00eda incluirse en los presupuestos municipales de 2016. Gil ha pedido la reuni\u00f3n, adem\u00e1s de con","canonical_url":"https:\/\/eldigitaldeasturias.com\/magazine365\/la-patronal-hotelera-de-madrid-pide-una-reunion-urgente-con-carmena\/","robots":"max-image-preview:large","keywords":"actualidad turismo","webmasterTools":{"google-site-verification":"UA-38556648-1","miscellaneous":""},"schema":{"@context":"https:\/\/schema.org","@graph":[{"@type":"Article","@id":"https:\/\/eldigitaldeasturias.com\/magazine365\/la-patronal-hotelera-de-madrid-pide-una-reunion-urgente-con-carmena\/#article","name":"La patronal hotelera de Madrid pide una reuni\u00f3n \u00aburgente\u00bb con Carmena | El Digital de Asturias","headline":"La patronal hotelera de Madrid pide una reuni\u00f3n \u00aburgente\u00bb con Carmena","author":{"@id":"https:\/\/eldigitaldeasturias.com\/magazine365\/author\/admin\/#author"},"publisher":{"@id":"https:\/\/eldigitaldeasturias.com\/magazine365\/#organization"},"image":{"@type":"ImageObject","url":"https:\/\/eldigitaldeasturias.com\/magazine365\/wp-content\/uploads\/2015\/07\/carmena.jpg","width":800,"height":533},"datePublished":"2015-07-14T00:13:58+02:00","dateModified":"2015-07-14T00:13:58+02:00","inLanguage":"es-ES","mainEntityOfPage":{"@id":"https:\/\/eldigitaldeasturias.com\/magazine365\/la-patronal-hotelera-de-madrid-pide-una-reunion-urgente-con-carmena\/#webpage"},"isPartOf":{"@id":"https:\/\/eldigitaldeasturias.com\/magazine365\/la-patronal-hotelera-de-madrid-pide-una-reunion-urgente-con-carmena\/#webpage"},"articleSection":"Actualidad Turismo"},{"@type":"BreadcrumbList","@id":"https:\/\/eldigitaldeasturias.com\/magazine365\/la-patronal-hotelera-de-madrid-pide-una-reunion-urgente-con-carmena\/#breadcrumblist","itemListElement":[{"@type":"ListItem","@id":"https:\/\/eldigitaldeasturias.com\/magazine365#listItem","position":1,"name":"Home","item":"https:\/\/eldigitaldeasturias.com\/magazine365","nextItem":{"@type":"ListItem","@id":"https:\/\/eldigitaldeasturias.com\/magazine365\/category\/actualidad-turismo\/#listItem","name":"Actualidad Turismo"}},{"@type":"ListItem","@id":"https:\/\/eldigitaldeasturias.com\/magazine365\/category\/actualidad-turismo\/#listItem","position":2,"name":"Actualidad Turismo","item":"https:\/\/eldigitaldeasturias.com\/magazine365\/category\/actualidad-turismo\/","nextItem":{"@type":"ListItem","@id":"https:\/\/eldigitaldeasturias.com\/magazine365\/la-patronal-hotelera-de-madrid-pide-una-reunion-urgente-con-carmena\/#listItem","name":"La patronal hotelera de Madrid pide una reuni\u00f3n \u00aburgente\u00bb con Carmena"},"previousItem":{"@type":"ListItem","@id":"https:\/\/eldigitaldeasturias.com\/magazine365#listItem","name":"Home"}},{"@type":"ListItem","@id":"https:\/\/eldigitaldeasturias.com\/magazine365\/la-patronal-hotelera-de-madrid-pide-una-reunion-urgente-con-carmena\/#listItem","position":3,"name":"La patronal hotelera de Madrid pide una reuni\u00f3n \u00aburgente\u00bb con Carmena","previousItem":{"@type":"ListItem","@id":"https:\/\/eldigitaldeasturias.com\/magazine365\/category\/actualidad-turismo\/#listItem","name":"Actualidad Turismo"}}]},{"@type":"Organization","@id":"https:\/\/eldigitaldeasturias.com\/magazine365\/#organization","name":"El digital de Asturias","description":"Revista de ocio, turismo y estilo de vida","url":"https:\/\/eldigitaldeasturias.com\/magazine365\/","logo":{"@type":"ImageObject","url":"https:\/\/www.eldigitaldeasturias.com\/noticias\/wp-content\/uploads\/2020\/12\/EDA.jpg","@id":"https:\/\/eldigitaldeasturias.com\/magazine365\/la-patronal-hotelera-de-madrid-pide-una-reunion-urgente-con-carmena\/#organizationLogo"},"image":{"@id":"https:\/\/eldigitaldeasturias.com\/magazine365\/la-patronal-hotelera-de-madrid-pide-una-reunion-urgente-con-carmena\/#organizationLogo"}},{"@type":"Person","@id":"https:\/\/eldigitaldeasturias.com\/magazine365\/author\/admin\/#author","url":"https:\/\/eldigitaldeasturias.com\/magazine365\/author\/admin\/","name":"admin","image":{"@type":"ImageObject","@id":"https:\/\/eldigitaldeasturias.com\/magazine365\/la-patronal-hotelera-de-madrid-pide-una-reunion-urgente-con-carmena\/#authorImage","url":"https:\/\/eldigitaldeasturias.com\/magazine365\/wp-content\/litespeed\/avatar\/e571bcf59a0edd6fa6838245a470f2fe.jpg?ver=1777574230","width":96,"height":96,"caption":"admin"}},{"@type":"WebPage","@id":"https:\/\/eldigitaldeasturias.com\/magazine365\/la-patronal-hotelera-de-madrid-pide-una-reunion-urgente-con-carmena\/#webpage","url":"https:\/\/eldigitaldeasturias.com\/magazine365\/la-patronal-hotelera-de-madrid-pide-una-reunion-urgente-con-carmena\/","name":"La patronal hotelera de Madrid pide una reuni\u00f3n \u00aburgente\u00bb con Carmena | El Digital de Asturias","description":"El presidente de la Asociaci\u00f3n Empresarial Hotelera de Madrid (AEHM), Antonio Gil, ha solicitado ya una reuni\u00f3n \"con la m\u00e1xima urgencia posible\", tanto con la alcaldesa, Manuela Carmena, como con su equipo para abordar la posible tasa tur\u00edstica que podr\u00eda incluirse en los presupuestos municipales de 2016. Gil ha pedido la reuni\u00f3n, adem\u00e1s de con","inLanguage":"es-ES","isPartOf":{"@id":"https:\/\/eldigitaldeasturias.com\/magazine365\/#website"},"breadcrumb":{"@id":"https:\/\/eldigitaldeasturias.com\/magazine365\/la-patronal-hotelera-de-madrid-pide-una-reunion-urgente-con-carmena\/#breadcrumblist"},"author":{"@id":"https:\/\/eldigitaldeasturias.com\/magazine365\/author\/admin\/#author"},"creator":{"@id":"https:\/\/eldigitaldeasturias.com\/magazine365\/author\/admin\/#author"},"image":{"@type":"ImageObject","url":"https:\/\/eldigitaldeasturias.com\/magazine365\/wp-content\/uploads\/2015\/07\/carmena.jpg","@id":"https:\/\/eldigitaldeasturias.com\/magazine365\/la-patronal-hotelera-de-madrid-pide-una-reunion-urgente-con-carmena\/#mainImage","width":800,"height":533},"primaryImageOfPage":{"@id":"https:\/\/eldigitaldeasturias.com\/magazine365\/la-patronal-hotelera-de-madrid-pide-una-reunion-urgente-con-carmena\/#mainImage"},"datePublished":"2015-07-14T00:13:58+02:00","dateModified":"2015-07-14T00:13:58+02:00"},{"@type":"WebSite","@id":"https:\/\/eldigitaldeasturias.com\/magazine365\/#website","url":"https:\/\/eldigitaldeasturias.com\/magazine365\/","name":"El Digital de Asturias","description":"Revista de ocio, turismo y estilo de vida","inLanguage":"es-ES","publisher":{"@id":"https:\/\/eldigitaldeasturias.com\/magazine365\/#organization"}}]},"og:locale":"es_ES","og:site_name":"El Digital de Asturias \u2013 Revista de ocio, turismo y estilo de vida","og:type":"article","og:title":"La patronal hotelera de Madrid pide una reuni\u00f3n \u00aburgente\u00bb con Carmena | El Digital de Asturias","og:description":"El presidente de la Asociaci\u00f3n Empresarial Hotelera de Madrid (AEHM), Antonio Gil, ha solicitado ya una reuni\u00f3n &quot;con la m\u00e1xima urgencia posible&quot;, tanto con la alcaldesa, Manuela Carmena, como con su equipo para abordar la posible tasa tur\u00edstica que podr\u00eda incluirse en los presupuestos municipales de 2016. Gil ha pedido la reuni\u00f3n, adem\u00e1s de con","og:url":"https:\/\/eldigitaldeasturias.com\/magazine365\/la-patronal-hotelera-de-madrid-pide-una-reunion-urgente-con-carmena\/","og:image":"https:\/\/eldigitaldeasturias.com\/magazine365\/wp-content\/uploads\/2015\/07\/carmena.jpg","og:image:secure_url":"https:\/\/eldigitaldeasturias.com\/magazine365\/wp-content\/uploads\/2015\/07\/carmena.jpg","og:image:width":800,"og:image:height":533,"article:published_time":"2015-07-13T22:13:58+00:00","article:modified_time":"2015-07-13T22:13:58+00:00","twitter:card":"summary_large_image","twitter:title":"La patronal hotelera de Madrid pide una reuni\u00f3n \u00aburgente\u00bb con Carmena | El Digital de Asturias","twitter:description":"El presidente de la Asociaci\u00f3n Empresarial Hotelera de Madrid (AEHM), Antonio Gil, ha solicitado ya una reuni\u00f3n &quot;con la m\u00e1xima urgencia posible&quot;, tanto con la alcaldesa, Manuela Carmena, como con su equipo para abordar la posible tasa tur\u00edstica que podr\u00eda incluirse en los presupuestos municipales de 2016. Gil ha pedido la reuni\u00f3n, adem\u00e1s de con","twitter:image":"https:\/\/eldigitaldeasturias.com\/magazine365\/wp-content\/uploads\/2015\/07\/carmena.jpg"},"aioseo_meta_data":{"post_id":"42534","title":null,"description":null,"keywords":null,"keyphrases":null,"primary_term":null,"canonical_url":null,"og_title":null,"og_description":null,"og_object_type":"default","og_image_type":"default","og_image_url":null,"og_image_width":null,"og_image_height":null,"og_image_custom_url":null,"og_image_custom_fields":null,"og_video":null,"og_custom_url":null,"og_article_section":null,"og_article_tags":null,"twitter_use_og":false,"twitter_card":"default","twitter_image_type":"default","twitter_image_url":null,"twitter_image_custom_url":null,"twitter_image_custom_fields":null,"twitter_title":null,"twitter_description":null,"schema":{"blockGraphs":[],"customGraphs":[],"default":{"data":{"Article":[],"Course":[],"Dataset":[],"FAQPage":[],"Movie":[],"Person":[],"Product":[],"ProductReview":[],"Car":[],"Recipe":[],"Service":[],"SoftwareApplication":[],"WebPage":[]},"graphName":"","isEnabled":true},"graphs":[]},"schema_type":null,"schema_type_options":null,"pillar_content":false,"robots_default":true,"robots_noindex":false,"robots_noarchive":false,"robots_nosnippet":false,"robots_nofollow":false,"robots_noimageindex":false,"robots_noodp":false,"robots_notranslate":false,"robots_max_snippet":null,"robots_max_videopreview":null,"robots_max_imagepreview":"large","priority":null,"frequency":null,"location":null,"local_seo":null,"seo_analyzer_scan_date":"2025-09-19 17:56:01","breadcrumb_settings":null,"limit_modified_date":false,"open_ai":null,"ai":null,"created":"2021-03-09 01:59:47","updated":"2025-09-19 17:56:01"},"aioseo_breadcrumb":"<div class=\"aioseo-breadcrumbs\"><span class=\"aioseo-breadcrumb\">\n\t<a href=\"https:\/\/eldigitaldeasturias.com\/magazine365\" title=\"Home\">Home<\/a>\n<\/span><span class=\"aioseo-breadcrumb-separator\">\u2013<\/span><span class=\"aioseo-breadcrumb\">\n\t<a href=\"https:\/\/eldigitaldeasturias.com\/magazine365\/category\/actualidad-turismo\/\" title=\"Actualidad Turismo\">Actualidad Turismo<\/a>\n<\/span><span class=\"aioseo-breadcrumb-separator\">\u2013<\/span><span class=\"aioseo-breadcrumb\">\n\t<a href=\"https:\/\/eldigitaldeasturias.com\/magazine365\/la-patronal-hotelera-de-madrid-pide-una-reunion-urgente-con-carmena\/\" title=\"La patronal hotelera de Madrid pide una reuni\u00f3n \u00aburgente\u00bb con Carmena\">La patronal hotelera de Madrid pide una reuni\u00f3n \u00aburgente\u00bb con Carmena<\/a>\n<\/span><\/div>","aioseo_breadcrumb_json":[{"label":"Home","link":"https:\/\/eldigitaldeasturias.com\/magazine365"},{"label":"Actualidad Turismo","link":"https:\/\/eldigitaldeasturias.com\/magazine365\/category\/actualidad-turismo\/"},{"label":"La patronal hotelera de Madrid pide una reuni\u00f3n \u00aburgente\u00bb con Carmena","link":"https:\/\/eldigitaldeasturias.com\/magazine365\/la-patronal-hotelera-de-madrid-pide-una-reunion-urgente-con-carmena\/"}],"_links":{"self":[{"href":"https:\/\/eldigitaldeasturias.com\/magazine365\/wp-json\/wp\/v2\/posts\/42534","targetHints":{"allow":["GET"]}}],"collection":[{"href":"https:\/\/eldigitaldeasturias.com\/magazine365\/wp-json\/wp\/v2\/posts"}],"about":[{"href":"https:\/\/eldigitaldeasturias.com\/magazine365\/wp-json\/wp\/v2\/types\/post"}],"author":[{"embeddable":true,"href":"https:\/\/eldigitaldeasturias.com\/magazine365\/wp-json\/wp\/v2\/users\/1"}],"replies":[{"embeddable":true,"href":"https:\/\/eldigitaldeasturias.com\/magazine365\/wp-json\/wp\/v2\/comments?post=42534"}],"version-history":[{"count":0,"href":"https:\/\/eldigitaldeasturias.com\/magazine365\/wp-json\/wp\/v2\/posts\/42534\/revisions"}],"wp:featuredmedia":[{"embeddable":true,"href":"https:\/\/eldigitaldeasturias.com\/magazine365\/wp-json\/wp\/v2\/media\/42535"}],"wp:attachment":[{"href":"https:\/\/eldigitaldeasturias.com\/magazine365\/wp-json\/wp\/v2\/media?parent=42534"}],"wp:term":[{"taxonomy":"category","embeddable":true,"href":"https:\/\/eldigitaldeasturias.com\/magazine365\/wp-json\/wp\/v2\/categories?post=42534"},{"taxonomy":"post_tag","embeddable":true,"href":"https:\/\/eldigitaldeasturias.com\/magazine365\/wp-json\/wp\/v2\/tags?post=42534"}],"curies":[{"name":"wp","href":"https:\/\/api.w.org\/{rel}","templated":true}]}}