{"id":42528,"date":"2015-07-13T23:58:51","date_gmt":"2015-07-13T21:58:51","guid":{"rendered":"http:\/\/eldigitaldeasturias.com\/magazine365\/?p=42528"},"modified":"2015-07-13T23:58:51","modified_gmt":"2015-07-13T21:58:51","slug":"asturias-refuerza-su-promocion-turistica-en-portugal-con-una-campana-veraniega","status":"publish","type":"post","link":"https:\/\/eldigitaldeasturias.com\/magazine365\/asturias-refuerza-su-promocion-turistica-en-portugal-con-una-campana-veraniega\/","title":{"rendered":"Asturias refuerza su promoci\u00f3n tur\u00edstica en Portugal con una campa\u00f1a veraniega"},"content":{"rendered":"<p><img fetchpriority=\"high\" decoding=\"async\" class=\"alignleft size-medium wp-image-42529\" src=\"https:\/\/eldigitaldeasturias.com\/magazine365\/wp-content\/uploads\/2015\/07\/fotonoticia_20150713134625_800-360x240.jpg\" alt=\"fotonoticia_20150713134625_800\" width=\"360\" height=\"240\" srcset=\"https:\/\/eldigitaldeasturias.com\/magazine365\/wp-content\/uploads\/2015\/07\/fotonoticia_20150713134625_800-360x240.jpg 360w, https:\/\/eldigitaldeasturias.com\/magazine365\/wp-content\/uploads\/2015\/07\/fotonoticia_20150713134625_800-650x433.jpg 650w, https:\/\/eldigitaldeasturias.com\/magazine365\/wp-content\/uploads\/2015\/07\/fotonoticia_20150713134625_800-768x512.jpg 768w, https:\/\/eldigitaldeasturias.com\/magazine365\/wp-content\/uploads\/2015\/07\/fotonoticia_20150713134625_800-150x100.jpg 150w, https:\/\/eldigitaldeasturias.com\/magazine365\/wp-content\/uploads\/2015\/07\/fotonoticia_20150713134625_800-450x300.jpg 450w, https:\/\/eldigitaldeasturias.com\/magazine365\/wp-content\/uploads\/2015\/07\/fotonoticia_20150713134625_800-696x464.jpg 696w, https:\/\/eldigitaldeasturias.com\/magazine365\/wp-content\/uploads\/2015\/07\/fotonoticia_20150713134625_800-630x420.jpg 630w, https:\/\/eldigitaldeasturias.com\/magazine365\/wp-content\/uploads\/2015\/07\/fotonoticia_20150713134625_800-84x55.jpg 84w, https:\/\/eldigitaldeasturias.com\/magazine365\/wp-content\/uploads\/2015\/07\/fotonoticia_20150713134625_800.jpg 800w\" sizes=\"(max-width: 360px) 100vw, 360px\" \/>La Consejer\u00eda de Econom\u00eda y Empleo, a trav\u00e9s de Turismo de Asturias, ha alcanzado un acuerdo de promoci\u00f3n con la aerol\u00ednea portuguesa TAP y la Oficina Espa\u00f1ola de Turismo de Lisboa para reforzar la promoci\u00f3n tur\u00edstica del Principado en el mercado luso durante este verano.<\/p>\n<p>Seg\u00fan ha informado el Gobierno del Principado, uno de los primeros resultados del acuerdo fue la presentaci\u00f3n de Asturias como destino tur\u00edstico a los principales medios de comunicaci\u00f3n y operadores tur\u00edsticos portugueses.<\/p>\n<p>El acuerdo incluye tambi\u00e9n varias acciones de promoci\u00f3n, entre ellas, una campa\u00f1a en soportes digitales en la p\u00e1gina web de TAP, con una p\u00e1gina propia para Asturias como destino tur\u00edstico, as\u00ed como el env\u00edo de cartas informativas a los clientes de la aerol\u00ednea y a los inscritos en sus programas de fidelizaci\u00f3n que, en total, superan los dos millones de personas.<\/p>\n<p>Tambi\u00e9n se incluir\u00e1n art\u00edculos patrocinados en el perfil de Facebook de la aerol\u00ednea, que cuenta con m\u00e1s de 800.000 seguidores. A esas acciones en medios propios de TAP se sumar\u00e1n las realizadas por sus socios comerciales, como la agencia de viajes Netviagens o los medios digitales Noticias no minuto y Goodlife.<\/p>\n","protected":false},"excerpt":{"rendered":"<p>La Consejer\u00eda de Econom\u00eda y Empleo, a trav\u00e9s de Turismo de Asturias, ha alcanzado un acuerdo de promoci\u00f3n con la aerol\u00ednea portuguesa TAP y la Oficina Espa\u00f1ola de Turismo de Lisboa para reforzar la promoci\u00f3n tur\u00edstica del Principado en el mercado luso durante este verano. Seg\u00fan ha informado el Gobierno del Principado, uno de los<\/p>\n","protected":false},"author":1,"featured_media":42529,"comment_status":"open","ping_status":"closed","sticky":false,"template":"","format":"standard","meta":{"footnotes":""},"categories":[222],"tags":[],"class_list":{"0":"post-42528","1":"post","2":"type-post","3":"status-publish","4":"format-standard","5":"has-post-thumbnail","7":"category-actualidad-turismo"},"aioseo_notices":[],"aioseo_head":"\n\t\t<!-- All in One SEO Pro 4.9.6.1 - aioseo.com -->\n\t<meta name=\"description\" content=\"La Consejer\u00eda de Econom\u00eda y Empleo, a trav\u00e9s de Turismo de Asturias, ha alcanzado un acuerdo de promoci\u00f3n con la aerol\u00ednea portuguesa TAP y la Oficina Espa\u00f1ola de Turismo de Lisboa para reforzar la promoci\u00f3n tur\u00edstica del Principado en el mercado luso durante este verano. Seg\u00fan ha informado el Gobierno del Principado, uno de los\" \/>\n\t<meta name=\"robots\" content=\"max-image-preview:large\" \/>\n\t<meta name=\"author\" content=\"admin\"\/>\n\t<meta name=\"google-site-verification\" content=\"UA-38556648-1\" \/>\n\t<meta name=\"keywords\" content=\"actualidad turismo\" \/>\n\t<link rel=\"canonical\" href=\"https:\/\/eldigitaldeasturias.com\/magazine365\/asturias-refuerza-su-promocion-turistica-en-portugal-con-una-campana-veraniega\/\" \/>\n\t<meta name=\"generator\" content=\"All in One SEO Pro (AIOSEO) 4.9.6.1\" \/>\n\t\t<meta property=\"og:locale\" content=\"es_ES\" \/>\n\t\t<meta property=\"og:site_name\" content=\"El Digital de Asturias \u2013 Revista de ocio, turismo y estilo de vida\" \/>\n\t\t<meta property=\"og:type\" content=\"article\" \/>\n\t\t<meta property=\"og:title\" content=\"Asturias refuerza su promoci\u00f3n tur\u00edstica en Portugal con una campa\u00f1a veraniega | El Digital de Asturias\" \/>\n\t\t<meta property=\"og:description\" content=\"La Consejer\u00eda de Econom\u00eda y Empleo, a trav\u00e9s de Turismo de Asturias, ha alcanzado un acuerdo de promoci\u00f3n con la aerol\u00ednea portuguesa TAP y la Oficina Espa\u00f1ola de Turismo de Lisboa para reforzar la promoci\u00f3n tur\u00edstica del Principado en el mercado luso durante este verano. Seg\u00fan ha informado el Gobierno del Principado, uno de los\" \/>\n\t\t<meta property=\"og:url\" content=\"https:\/\/eldigitaldeasturias.com\/magazine365\/asturias-refuerza-su-promocion-turistica-en-portugal-con-una-campana-veraniega\/\" \/>\n\t\t<meta property=\"og:image\" content=\"https:\/\/eldigitaldeasturias.com\/magazine365\/wp-content\/uploads\/2015\/07\/fotonoticia_20150713134625_800.jpg\" \/>\n\t\t<meta property=\"og:image:secure_url\" content=\"https:\/\/eldigitaldeasturias.com\/magazine365\/wp-content\/uploads\/2015\/07\/fotonoticia_20150713134625_800.jpg\" \/>\n\t\t<meta property=\"og:image:width\" content=\"800\" \/>\n\t\t<meta property=\"og:image:height\" content=\"533\" \/>\n\t\t<meta property=\"article:published_time\" content=\"2015-07-13T21:58:51+00:00\" \/>\n\t\t<meta property=\"article:modified_time\" content=\"2015-07-13T21:58:51+00:00\" \/>\n\t\t<meta name=\"twitter:card\" content=\"summary_large_image\" \/>\n\t\t<meta name=\"twitter:title\" content=\"Asturias refuerza su promoci\u00f3n tur\u00edstica en Portugal con una campa\u00f1a veraniega | El Digital de Asturias\" \/>\n\t\t<meta name=\"twitter:description\" content=\"La Consejer\u00eda de Econom\u00eda y Empleo, a trav\u00e9s de Turismo de Asturias, ha alcanzado un acuerdo de promoci\u00f3n con la aerol\u00ednea portuguesa TAP y la Oficina Espa\u00f1ola de Turismo de Lisboa para reforzar la promoci\u00f3n tur\u00edstica del Principado en el mercado luso durante este verano. Seg\u00fan ha informado el Gobierno del Principado, uno de los\" \/>\n\t\t<meta name=\"twitter:image\" content=\"https:\/\/eldigitaldeasturias.com\/magazine365\/wp-content\/uploads\/2015\/07\/fotonoticia_20150713134625_800.jpg\" \/>\n\t\t<script type=\"application\/ld+json\" class=\"aioseo-schema\">\n\t\t\t{\"@context\":\"https:\\\/\\\/schema.org\",\"@graph\":[{\"@type\":\"Article\",\"@id\":\"https:\\\/\\\/eldigitaldeasturias.com\\\/magazine365\\\/asturias-refuerza-su-promocion-turistica-en-portugal-con-una-campana-veraniega\\\/#article\",\"name\":\"Asturias refuerza su promoci\\u00f3n tur\\u00edstica en Portugal con una campa\\u00f1a veraniega | El Digital de Asturias\",\"headline\":\"Asturias refuerza su promoci\\u00f3n tur\\u00edstica en Portugal con una campa\\u00f1a veraniega\",\"author\":{\"@id\":\"https:\\\/\\\/eldigitaldeasturias.com\\\/magazine365\\\/author\\\/admin\\\/#author\"},\"publisher\":{\"@id\":\"https:\\\/\\\/eldigitaldeasturias.com\\\/magazine365\\\/#organization\"},\"image\":{\"@type\":\"ImageObject\",\"url\":\"https:\\\/\\\/eldigitaldeasturias.com\\\/magazine365\\\/wp-content\\\/uploads\\\/2015\\\/07\\\/fotonoticia_20150713134625_800.jpg\",\"width\":800,\"height\":533},\"datePublished\":\"2015-07-13T23:58:51+02:00\",\"dateModified\":\"2015-07-13T23:58:51+02:00\",\"inLanguage\":\"es-ES\",\"mainEntityOfPage\":{\"@id\":\"https:\\\/\\\/eldigitaldeasturias.com\\\/magazine365\\\/asturias-refuerza-su-promocion-turistica-en-portugal-con-una-campana-veraniega\\\/#webpage\"},\"isPartOf\":{\"@id\":\"https:\\\/\\\/eldigitaldeasturias.com\\\/magazine365\\\/asturias-refuerza-su-promocion-turistica-en-portugal-con-una-campana-veraniega\\\/#webpage\"},\"articleSection\":\"Actualidad Turismo\"},{\"@type\":\"BreadcrumbList\",\"@id\":\"https:\\\/\\\/eldigitaldeasturias.com\\\/magazine365\\\/asturias-refuerza-su-promocion-turistica-en-portugal-con-una-campana-veraniega\\\/#breadcrumblist\",\"itemListElement\":[{\"@type\":\"ListItem\",\"@id\":\"https:\\\/\\\/eldigitaldeasturias.com\\\/magazine365#listItem\",\"position\":1,\"name\":\"Home\",\"item\":\"https:\\\/\\\/eldigitaldeasturias.com\\\/magazine365\",\"nextItem\":{\"@type\":\"ListItem\",\"@id\":\"https:\\\/\\\/eldigitaldeasturias.com\\\/magazine365\\\/category\\\/actualidad-turismo\\\/#listItem\",\"name\":\"Actualidad Turismo\"}},{\"@type\":\"ListItem\",\"@id\":\"https:\\\/\\\/eldigitaldeasturias.com\\\/magazine365\\\/category\\\/actualidad-turismo\\\/#listItem\",\"position\":2,\"name\":\"Actualidad Turismo\",\"item\":\"https:\\\/\\\/eldigitaldeasturias.com\\\/magazine365\\\/category\\\/actualidad-turismo\\\/\",\"nextItem\":{\"@type\":\"ListItem\",\"@id\":\"https:\\\/\\\/eldigitaldeasturias.com\\\/magazine365\\\/asturias-refuerza-su-promocion-turistica-en-portugal-con-una-campana-veraniega\\\/#listItem\",\"name\":\"Asturias refuerza su promoci\\u00f3n tur\\u00edstica en Portugal con una campa\\u00f1a veraniega\"},\"previousItem\":{\"@type\":\"ListItem\",\"@id\":\"https:\\\/\\\/eldigitaldeasturias.com\\\/magazine365#listItem\",\"name\":\"Home\"}},{\"@type\":\"ListItem\",\"@id\":\"https:\\\/\\\/eldigitaldeasturias.com\\\/magazine365\\\/asturias-refuerza-su-promocion-turistica-en-portugal-con-una-campana-veraniega\\\/#listItem\",\"position\":3,\"name\":\"Asturias refuerza su promoci\\u00f3n tur\\u00edstica en Portugal con una campa\\u00f1a veraniega\",\"previousItem\":{\"@type\":\"ListItem\",\"@id\":\"https:\\\/\\\/eldigitaldeasturias.com\\\/magazine365\\\/category\\\/actualidad-turismo\\\/#listItem\",\"name\":\"Actualidad Turismo\"}}]},{\"@type\":\"Organization\",\"@id\":\"https:\\\/\\\/eldigitaldeasturias.com\\\/magazine365\\\/#organization\",\"name\":\"El digital de Asturias\",\"description\":\"Revista de ocio, turismo y estilo de vida\",\"url\":\"https:\\\/\\\/eldigitaldeasturias.com\\\/magazine365\\\/\",\"logo\":{\"@type\":\"ImageObject\",\"url\":\"https:\\\/\\\/www.eldigitaldeasturias.com\\\/noticias\\\/wp-content\\\/uploads\\\/2020\\\/12\\\/EDA.jpg\",\"@id\":\"https:\\\/\\\/eldigitaldeasturias.com\\\/magazine365\\\/asturias-refuerza-su-promocion-turistica-en-portugal-con-una-campana-veraniega\\\/#organizationLogo\"},\"image\":{\"@id\":\"https:\\\/\\\/eldigitaldeasturias.com\\\/magazine365\\\/asturias-refuerza-su-promocion-turistica-en-portugal-con-una-campana-veraniega\\\/#organizationLogo\"}},{\"@type\":\"Person\",\"@id\":\"https:\\\/\\\/eldigitaldeasturias.com\\\/magazine365\\\/author\\\/admin\\\/#author\",\"url\":\"https:\\\/\\\/eldigitaldeasturias.com\\\/magazine365\\\/author\\\/admin\\\/\",\"name\":\"admin\",\"image\":{\"@type\":\"ImageObject\",\"@id\":\"https:\\\/\\\/eldigitaldeasturias.com\\\/magazine365\\\/asturias-refuerza-su-promocion-turistica-en-portugal-con-una-campana-veraniega\\\/#authorImage\",\"url\":\"https:\\\/\\\/eldigitaldeasturias.com\\\/magazine365\\\/wp-content\\\/litespeed\\\/avatar\\\/e571bcf59a0edd6fa6838245a470f2fe.jpg?ver=1777574230\",\"width\":96,\"height\":96,\"caption\":\"admin\"}},{\"@type\":\"WebPage\",\"@id\":\"https:\\\/\\\/eldigitaldeasturias.com\\\/magazine365\\\/asturias-refuerza-su-promocion-turistica-en-portugal-con-una-campana-veraniega\\\/#webpage\",\"url\":\"https:\\\/\\\/eldigitaldeasturias.com\\\/magazine365\\\/asturias-refuerza-su-promocion-turistica-en-portugal-con-una-campana-veraniega\\\/\",\"name\":\"Asturias refuerza su promoci\\u00f3n tur\\u00edstica en Portugal con una campa\\u00f1a veraniega | El Digital de Asturias\",\"description\":\"La Consejer\\u00eda de Econom\\u00eda y Empleo, a trav\\u00e9s de Turismo de Asturias, ha alcanzado un acuerdo de promoci\\u00f3n con la aerol\\u00ednea portuguesa TAP y la Oficina Espa\\u00f1ola de Turismo de Lisboa para reforzar la promoci\\u00f3n tur\\u00edstica del Principado en el mercado luso durante este verano. Seg\\u00fan ha informado el Gobierno del Principado, uno de los\",\"inLanguage\":\"es-ES\",\"isPartOf\":{\"@id\":\"https:\\\/\\\/eldigitaldeasturias.com\\\/magazine365\\\/#website\"},\"breadcrumb\":{\"@id\":\"https:\\\/\\\/eldigitaldeasturias.com\\\/magazine365\\\/asturias-refuerza-su-promocion-turistica-en-portugal-con-una-campana-veraniega\\\/#breadcrumblist\"},\"author\":{\"@id\":\"https:\\\/\\\/eldigitaldeasturias.com\\\/magazine365\\\/author\\\/admin\\\/#author\"},\"creator\":{\"@id\":\"https:\\\/\\\/eldigitaldeasturias.com\\\/magazine365\\\/author\\\/admin\\\/#author\"},\"image\":{\"@type\":\"ImageObject\",\"url\":\"https:\\\/\\\/eldigitaldeasturias.com\\\/magazine365\\\/wp-content\\\/uploads\\\/2015\\\/07\\\/fotonoticia_20150713134625_800.jpg\",\"@id\":\"https:\\\/\\\/eldigitaldeasturias.com\\\/magazine365\\\/asturias-refuerza-su-promocion-turistica-en-portugal-con-una-campana-veraniega\\\/#mainImage\",\"width\":800,\"height\":533},\"primaryImageOfPage\":{\"@id\":\"https:\\\/\\\/eldigitaldeasturias.com\\\/magazine365\\\/asturias-refuerza-su-promocion-turistica-en-portugal-con-una-campana-veraniega\\\/#mainImage\"},\"datePublished\":\"2015-07-13T23:58:51+02:00\",\"dateModified\":\"2015-07-13T23:58:51+02:00\"},{\"@type\":\"WebSite\",\"@id\":\"https:\\\/\\\/eldigitaldeasturias.com\\\/magazine365\\\/#website\",\"url\":\"https:\\\/\\\/eldigitaldeasturias.com\\\/magazine365\\\/\",\"name\":\"El Digital de Asturias\",\"description\":\"Revista de ocio, turismo y estilo de vida\",\"inLanguage\":\"es-ES\",\"publisher\":{\"@id\":\"https:\\\/\\\/eldigitaldeasturias.com\\\/magazine365\\\/#organization\"}}]}\n\t\t<\/script>\n\t\t<!-- All in One SEO Pro -->\r\n\t\t<title>Asturias refuerza su promoci\u00f3n tur\u00edstica en Portugal con una campa\u00f1a veraniega | El Digital de Asturias<\/title>\n\n","aioseo_head_json":{"title":"Asturias refuerza su promoci\u00f3n tur\u00edstica en Portugal con una campa\u00f1a veraniega | El Digital de Asturias","description":"La Consejer\u00eda de Econom\u00eda y Empleo, a trav\u00e9s de Turismo de Asturias, ha alcanzado un acuerdo de promoci\u00f3n con la aerol\u00ednea portuguesa TAP y la Oficina Espa\u00f1ola de Turismo de Lisboa para reforzar la promoci\u00f3n tur\u00edstica del Principado en el mercado luso durante este verano. Seg\u00fan ha informado el Gobierno del Principado, uno de los","canonical_url":"https:\/\/eldigitaldeasturias.com\/magazine365\/asturias-refuerza-su-promocion-turistica-en-portugal-con-una-campana-veraniega\/","robots":"max-image-preview:large","keywords":"actualidad turismo","webmasterTools":{"google-site-verification":"UA-38556648-1","miscellaneous":""},"schema":{"@context":"https:\/\/schema.org","@graph":[{"@type":"Article","@id":"https:\/\/eldigitaldeasturias.com\/magazine365\/asturias-refuerza-su-promocion-turistica-en-portugal-con-una-campana-veraniega\/#article","name":"Asturias refuerza su promoci\u00f3n tur\u00edstica en Portugal con una campa\u00f1a veraniega | El Digital de Asturias","headline":"Asturias refuerza su promoci\u00f3n tur\u00edstica en Portugal con una campa\u00f1a veraniega","author":{"@id":"https:\/\/eldigitaldeasturias.com\/magazine365\/author\/admin\/#author"},"publisher":{"@id":"https:\/\/eldigitaldeasturias.com\/magazine365\/#organization"},"image":{"@type":"ImageObject","url":"https:\/\/eldigitaldeasturias.com\/magazine365\/wp-content\/uploads\/2015\/07\/fotonoticia_20150713134625_800.jpg","width":800,"height":533},"datePublished":"2015-07-13T23:58:51+02:00","dateModified":"2015-07-13T23:58:51+02:00","inLanguage":"es-ES","mainEntityOfPage":{"@id":"https:\/\/eldigitaldeasturias.com\/magazine365\/asturias-refuerza-su-promocion-turistica-en-portugal-con-una-campana-veraniega\/#webpage"},"isPartOf":{"@id":"https:\/\/eldigitaldeasturias.com\/magazine365\/asturias-refuerza-su-promocion-turistica-en-portugal-con-una-campana-veraniega\/#webpage"},"articleSection":"Actualidad Turismo"},{"@type":"BreadcrumbList","@id":"https:\/\/eldigitaldeasturias.com\/magazine365\/asturias-refuerza-su-promocion-turistica-en-portugal-con-una-campana-veraniega\/#breadcrumblist","itemListElement":[{"@type":"ListItem","@id":"https:\/\/eldigitaldeasturias.com\/magazine365#listItem","position":1,"name":"Home","item":"https:\/\/eldigitaldeasturias.com\/magazine365","nextItem":{"@type":"ListItem","@id":"https:\/\/eldigitaldeasturias.com\/magazine365\/category\/actualidad-turismo\/#listItem","name":"Actualidad Turismo"}},{"@type":"ListItem","@id":"https:\/\/eldigitaldeasturias.com\/magazine365\/category\/actualidad-turismo\/#listItem","position":2,"name":"Actualidad Turismo","item":"https:\/\/eldigitaldeasturias.com\/magazine365\/category\/actualidad-turismo\/","nextItem":{"@type":"ListItem","@id":"https:\/\/eldigitaldeasturias.com\/magazine365\/asturias-refuerza-su-promocion-turistica-en-portugal-con-una-campana-veraniega\/#listItem","name":"Asturias refuerza su promoci\u00f3n tur\u00edstica en Portugal con una campa\u00f1a veraniega"},"previousItem":{"@type":"ListItem","@id":"https:\/\/eldigitaldeasturias.com\/magazine365#listItem","name":"Home"}},{"@type":"ListItem","@id":"https:\/\/eldigitaldeasturias.com\/magazine365\/asturias-refuerza-su-promocion-turistica-en-portugal-con-una-campana-veraniega\/#listItem","position":3,"name":"Asturias refuerza su promoci\u00f3n tur\u00edstica en Portugal con una campa\u00f1a veraniega","previousItem":{"@type":"ListItem","@id":"https:\/\/eldigitaldeasturias.com\/magazine365\/category\/actualidad-turismo\/#listItem","name":"Actualidad Turismo"}}]},{"@type":"Organization","@id":"https:\/\/eldigitaldeasturias.com\/magazine365\/#organization","name":"El digital de Asturias","description":"Revista de ocio, turismo y estilo de vida","url":"https:\/\/eldigitaldeasturias.com\/magazine365\/","logo":{"@type":"ImageObject","url":"https:\/\/www.eldigitaldeasturias.com\/noticias\/wp-content\/uploads\/2020\/12\/EDA.jpg","@id":"https:\/\/eldigitaldeasturias.com\/magazine365\/asturias-refuerza-su-promocion-turistica-en-portugal-con-una-campana-veraniega\/#organizationLogo"},"image":{"@id":"https:\/\/eldigitaldeasturias.com\/magazine365\/asturias-refuerza-su-promocion-turistica-en-portugal-con-una-campana-veraniega\/#organizationLogo"}},{"@type":"Person","@id":"https:\/\/eldigitaldeasturias.com\/magazine365\/author\/admin\/#author","url":"https:\/\/eldigitaldeasturias.com\/magazine365\/author\/admin\/","name":"admin","image":{"@type":"ImageObject","@id":"https:\/\/eldigitaldeasturias.com\/magazine365\/asturias-refuerza-su-promocion-turistica-en-portugal-con-una-campana-veraniega\/#authorImage","url":"https:\/\/eldigitaldeasturias.com\/magazine365\/wp-content\/litespeed\/avatar\/e571bcf59a0edd6fa6838245a470f2fe.jpg?ver=1777574230","width":96,"height":96,"caption":"admin"}},{"@type":"WebPage","@id":"https:\/\/eldigitaldeasturias.com\/magazine365\/asturias-refuerza-su-promocion-turistica-en-portugal-con-una-campana-veraniega\/#webpage","url":"https:\/\/eldigitaldeasturias.com\/magazine365\/asturias-refuerza-su-promocion-turistica-en-portugal-con-una-campana-veraniega\/","name":"Asturias refuerza su promoci\u00f3n tur\u00edstica en Portugal con una campa\u00f1a veraniega | El Digital de Asturias","description":"La Consejer\u00eda de Econom\u00eda y Empleo, a trav\u00e9s de Turismo de Asturias, ha alcanzado un acuerdo de promoci\u00f3n con la aerol\u00ednea portuguesa TAP y la Oficina Espa\u00f1ola de Turismo de Lisboa para reforzar la promoci\u00f3n tur\u00edstica del Principado en el mercado luso durante este verano. Seg\u00fan ha informado el Gobierno del Principado, uno de los","inLanguage":"es-ES","isPartOf":{"@id":"https:\/\/eldigitaldeasturias.com\/magazine365\/#website"},"breadcrumb":{"@id":"https:\/\/eldigitaldeasturias.com\/magazine365\/asturias-refuerza-su-promocion-turistica-en-portugal-con-una-campana-veraniega\/#breadcrumblist"},"author":{"@id":"https:\/\/eldigitaldeasturias.com\/magazine365\/author\/admin\/#author"},"creator":{"@id":"https:\/\/eldigitaldeasturias.com\/magazine365\/author\/admin\/#author"},"image":{"@type":"ImageObject","url":"https:\/\/eldigitaldeasturias.com\/magazine365\/wp-content\/uploads\/2015\/07\/fotonoticia_20150713134625_800.jpg","@id":"https:\/\/eldigitaldeasturias.com\/magazine365\/asturias-refuerza-su-promocion-turistica-en-portugal-con-una-campana-veraniega\/#mainImage","width":800,"height":533},"primaryImageOfPage":{"@id":"https:\/\/eldigitaldeasturias.com\/magazine365\/asturias-refuerza-su-promocion-turistica-en-portugal-con-una-campana-veraniega\/#mainImage"},"datePublished":"2015-07-13T23:58:51+02:00","dateModified":"2015-07-13T23:58:51+02:00"},{"@type":"WebSite","@id":"https:\/\/eldigitaldeasturias.com\/magazine365\/#website","url":"https:\/\/eldigitaldeasturias.com\/magazine365\/","name":"El Digital de Asturias","description":"Revista de ocio, turismo y estilo de vida","inLanguage":"es-ES","publisher":{"@id":"https:\/\/eldigitaldeasturias.com\/magazine365\/#organization"}}]},"og:locale":"es_ES","og:site_name":"El Digital de Asturias \u2013 Revista de ocio, turismo y estilo de vida","og:type":"article","og:title":"Asturias refuerza su promoci\u00f3n tur\u00edstica en Portugal con una campa\u00f1a veraniega | El Digital de Asturias","og:description":"La Consejer\u00eda de Econom\u00eda y Empleo, a trav\u00e9s de Turismo de Asturias, ha alcanzado un acuerdo de promoci\u00f3n con la aerol\u00ednea portuguesa TAP y la Oficina Espa\u00f1ola de Turismo de Lisboa para reforzar la promoci\u00f3n tur\u00edstica del Principado en el mercado luso durante este verano. Seg\u00fan ha informado el Gobierno del Principado, uno de los","og:url":"https:\/\/eldigitaldeasturias.com\/magazine365\/asturias-refuerza-su-promocion-turistica-en-portugal-con-una-campana-veraniega\/","og:image":"https:\/\/eldigitaldeasturias.com\/magazine365\/wp-content\/uploads\/2015\/07\/fotonoticia_20150713134625_800.jpg","og:image:secure_url":"https:\/\/eldigitaldeasturias.com\/magazine365\/wp-content\/uploads\/2015\/07\/fotonoticia_20150713134625_800.jpg","og:image:width":800,"og:image:height":533,"article:published_time":"2015-07-13T21:58:51+00:00","article:modified_time":"2015-07-13T21:58:51+00:00","twitter:card":"summary_large_image","twitter:title":"Asturias refuerza su promoci\u00f3n tur\u00edstica en Portugal con una campa\u00f1a veraniega | El Digital de Asturias","twitter:description":"La Consejer\u00eda de Econom\u00eda y Empleo, a trav\u00e9s de Turismo de Asturias, ha alcanzado un acuerdo de promoci\u00f3n con la aerol\u00ednea portuguesa TAP y la Oficina Espa\u00f1ola de Turismo de Lisboa para reforzar la promoci\u00f3n tur\u00edstica del Principado en el mercado luso durante este verano. Seg\u00fan ha informado el Gobierno del Principado, uno de los","twitter:image":"https:\/\/eldigitaldeasturias.com\/magazine365\/wp-content\/uploads\/2015\/07\/fotonoticia_20150713134625_800.jpg"},"aioseo_meta_data":{"post_id":"42528","title":null,"description":null,"keywords":null,"keyphrases":null,"primary_term":null,"canonical_url":null,"og_title":null,"og_description":null,"og_object_type":"default","og_image_type":"default","og_image_url":null,"og_image_width":null,"og_image_height":null,"og_image_custom_url":null,"og_image_custom_fields":null,"og_video":null,"og_custom_url":null,"og_article_section":null,"og_article_tags":null,"twitter_use_og":false,"twitter_card":"default","twitter_image_type":"default","twitter_image_url":null,"twitter_image_custom_url":null,"twitter_image_custom_fields":null,"twitter_title":null,"twitter_description":null,"schema":{"blockGraphs":[],"customGraphs":[],"default":{"data":{"Article":[],"Course":[],"Dataset":[],"FAQPage":[],"Movie":[],"Person":[],"Product":[],"ProductReview":[],"Car":[],"Recipe":[],"Service":[],"SoftwareApplication":[],"WebPage":[]},"graphName":"","isEnabled":true},"graphs":[],"defaultGraph":"","defaultPostTypeGraph":""},"schema_type":null,"schema_type_options":null,"pillar_content":false,"robots_default":true,"robots_noindex":false,"robots_noarchive":false,"robots_nosnippet":false,"robots_nofollow":false,"robots_noimageindex":false,"robots_noodp":false,"robots_notranslate":false,"robots_max_snippet":null,"robots_max_videopreview":null,"robots_max_imagepreview":"large","priority":null,"frequency":null,"location":null,"local_seo":null,"seo_analyzer_scan_date":"2025-09-19 17:55:59","breadcrumb_settings":null,"limit_modified_date":false,"open_ai":null,"ai":null,"created":"2021-03-09 01:59:47","updated":"2025-09-19 17:55:59"},"aioseo_breadcrumb":"<div class=\"aioseo-breadcrumbs\"><span class=\"aioseo-breadcrumb\">\n\t<a href=\"https:\/\/eldigitaldeasturias.com\/magazine365\" title=\"Home\">Home<\/a>\n<\/span><span class=\"aioseo-breadcrumb-separator\">\u2013<\/span><span class=\"aioseo-breadcrumb\">\n\t<a href=\"https:\/\/eldigitaldeasturias.com\/magazine365\/category\/actualidad-turismo\/\" title=\"Actualidad Turismo\">Actualidad Turismo<\/a>\n<\/span><span class=\"aioseo-breadcrumb-separator\">\u2013<\/span><span class=\"aioseo-breadcrumb\">\n\t<a href=\"https:\/\/eldigitaldeasturias.com\/magazine365\/asturias-refuerza-su-promocion-turistica-en-portugal-con-una-campana-veraniega\/\" title=\"Asturias refuerza su promoci\u00f3n tur\u00edstica en Portugal con una campa\u00f1a veraniega\">Asturias refuerza su promoci\u00f3n tur\u00edstica en Portugal con una campa\u00f1a veraniega<\/a>\n<\/span><\/div>","aioseo_breadcrumb_json":[{"label":"Home","link":"https:\/\/eldigitaldeasturias.com\/magazine365"},{"label":"Actualidad Turismo","link":"https:\/\/eldigitaldeasturias.com\/magazine365\/category\/actualidad-turismo\/"},{"label":"Asturias refuerza su promoci\u00f3n tur\u00edstica en Portugal con una campa\u00f1a veraniega","link":"https:\/\/eldigitaldeasturias.com\/magazine365\/asturias-refuerza-su-promocion-turistica-en-portugal-con-una-campana-veraniega\/"}],"_links":{"self":[{"href":"https:\/\/eldigitaldeasturias.com\/magazine365\/wp-json\/wp\/v2\/posts\/42528","targetHints":{"allow":["GET"]}}],"collection":[{"href":"https:\/\/eldigitaldeasturias.com\/magazine365\/wp-json\/wp\/v2\/posts"}],"about":[{"href":"https:\/\/eldigitaldeasturias.com\/magazine365\/wp-json\/wp\/v2\/types\/post"}],"author":[{"embeddable":true,"href":"https:\/\/eldigitaldeasturias.com\/magazine365\/wp-json\/wp\/v2\/users\/1"}],"replies":[{"embeddable":true,"href":"https:\/\/eldigitaldeasturias.com\/magazine365\/wp-json\/wp\/v2\/comments?post=42528"}],"version-history":[{"count":0,"href":"https:\/\/eldigitaldeasturias.com\/magazine365\/wp-json\/wp\/v2\/posts\/42528\/revisions"}],"wp:featuredmedia":[{"embeddable":true,"href":"https:\/\/eldigitaldeasturias.com\/magazine365\/wp-json\/wp\/v2\/media\/42529"}],"wp:attachment":[{"href":"https:\/\/eldigitaldeasturias.com\/magazine365\/wp-json\/wp\/v2\/media?parent=42528"}],"wp:term":[{"taxonomy":"category","embeddable":true,"href":"https:\/\/eldigitaldeasturias.com\/magazine365\/wp-json\/wp\/v2\/categories?post=42528"},{"taxonomy":"post_tag","embeddable":true,"href":"https:\/\/eldigitaldeasturias.com\/magazine365\/wp-json\/wp\/v2\/tags?post=42528"}],"curies":[{"name":"wp","href":"https:\/\/api.w.org\/{rel}","templated":true}]}}