{"id":42525,"date":"2015-07-13T21:15:50","date_gmt":"2015-07-13T19:15:50","guid":{"rendered":"http:\/\/eldigitaldeasturias.com\/magazine365\/?p=42525"},"modified":"2015-07-13T21:15:50","modified_gmt":"2015-07-13T19:15:50","slug":"almeria-refuerza-el-acuerdo-con-bisbal-para-promocionar-el-turismo-activo-de-costa-de-almeria","status":"publish","type":"post","link":"https:\/\/eldigitaldeasturias.com\/magazine365\/almeria-refuerza-el-acuerdo-con-bisbal-para-promocionar-el-turismo-activo-de-costa-de-almeria\/","title":{"rendered":"Almer\u00eda refuerza el acuerdo con Bisbal para promocionar el turismo activo de &#8216;Costa de Almer\u00eda&#8217;"},"content":{"rendered":"<p><img fetchpriority=\"high\" decoding=\"async\" class=\"alignleft size-medium wp-image-42526\" src=\"https:\/\/eldigitaldeasturias.com\/magazine365\/wp-content\/uploads\/2015\/07\/fotonoticia_20150713134400_800-360x240.jpg\" alt=\"fotonoticia_20150713134400_800\" width=\"360\" height=\"240\" srcset=\"https:\/\/eldigitaldeasturias.com\/magazine365\/wp-content\/uploads\/2015\/07\/fotonoticia_20150713134400_800-360x240.jpg 360w, https:\/\/eldigitaldeasturias.com\/magazine365\/wp-content\/uploads\/2015\/07\/fotonoticia_20150713134400_800-650x433.jpg 650w, https:\/\/eldigitaldeasturias.com\/magazine365\/wp-content\/uploads\/2015\/07\/fotonoticia_20150713134400_800-768x512.jpg 768w, https:\/\/eldigitaldeasturias.com\/magazine365\/wp-content\/uploads\/2015\/07\/fotonoticia_20150713134400_800-150x100.jpg 150w, https:\/\/eldigitaldeasturias.com\/magazine365\/wp-content\/uploads\/2015\/07\/fotonoticia_20150713134400_800-450x300.jpg 450w, https:\/\/eldigitaldeasturias.com\/magazine365\/wp-content\/uploads\/2015\/07\/fotonoticia_20150713134400_800-696x464.jpg 696w, https:\/\/eldigitaldeasturias.com\/magazine365\/wp-content\/uploads\/2015\/07\/fotonoticia_20150713134400_800-630x420.jpg 630w, https:\/\/eldigitaldeasturias.com\/magazine365\/wp-content\/uploads\/2015\/07\/fotonoticia_20150713134400_800-84x55.jpg 84w, https:\/\/eldigitaldeasturias.com\/magazine365\/wp-content\/uploads\/2015\/07\/fotonoticia_20150713134400_800.jpg 800w\" sizes=\"(max-width: 360px) 100vw, 360px\" \/>El Servicio Provincial de Turismo volver\u00e1 a apostar por el cantante almeriense David Bisbal para la pr\u00f3xima acci\u00f3n promocional del destino &#8216;Costa de Almer\u00eda&#8217; tras el \u00e9xito obtenido en la anterior campa\u00f1a.<\/p>\n<p>El nuevo acuerdo supone una acci\u00f3n con la que Diputaci\u00f3n pretende \u00abvalorizar y exportar\u00bb la singularidad que tienen \u00ablas playas, los fondos marinos y otros paisajes \u00fanicos de la provincia de Almer\u00eda\u00bb.<\/p>\n<p>As\u00ed lo ha anunciado el vicepresidente de Diputaci\u00f3n y diputado de Turismo, Javier Aureliano Garc\u00eda, quien ha asegurado que esta campa\u00f1a pretende impactar en los mercados tur\u00edsticos nacional e internacional.<\/p>\n<p>El contrato consistir\u00e1 en la cesi\u00f3n de la imagen de David Bisbal para el rodaje de una producci\u00f3n audiovisual que se centrar\u00e1 en la promoci\u00f3n de los fondos marinos, las calas y playas, y un segmento en concreto; el turismo activo.<\/p>\n<p>Garc\u00eda, quien ha adelantado algunos detalles sobre estos nuevos spots promocionales que pretenden alcanzar el \u00e9xito y la repercusi\u00f3n del que se estren\u00f3 en 2013, ha precisado incluir\u00e1n im\u00e1genes de diferentes actividades deportivas al aire libre con el artista como protagonista: MTB, Senderismo y deportes n\u00e1uticos como el pirag\u00fcismo.<\/p>\n<p>\u00abEstamos muy contentos porque David Bisbal ha aceptado ser la imagen de Almer\u00eda un a\u00f1o m\u00e1s, no s\u00f3lo durante 2015, sino tambi\u00e9n en 2016. Su imagen ir\u00e1 ligada esta vez con el turismo activo, de naturaleza y deportivo. Vamos a promocionar en diferentes redes sociales y en otros soportes de publicidad. En definitiva todo lo que conlleva la promoci\u00f3n del destino &#8216;Costa de Almer\u00eda&#8217; como un destino de turismo saludable, de naturaleza y de turismo activo\u00bb, ha asegurado el vicepresidente.<\/p>\n<p>Adem\u00e1s Bisbal tendr\u00e1 presencia en tres actividades destacadas para la promoci\u00f3n del destino &#8216;Costa de Almer\u00eda&#8217;. Seg\u00fan ha adelantado, otra de las claves de la acci\u00f3n promocional que va a impulsar el Patronato Provincial de Turismo se apoya en las redes sociales del cantante almeriense, que acumula m\u00e1s de 13 millones de seguidores s\u00f3lo entre Facebook y Twitter.<\/p>\n<p>Esta promoci\u00f3n incluye la difusi\u00f3n de los v\u00eddeos a trav\u00e9s de la cuenta de Vimeo del artista; as\u00ed como en otras dos redes sociales en las que tenga presencia. Adem\u00e1s de v\u00eddeos, la acci\u00f3n incluye la promoci\u00f3n de la marca de forma mensual mediante la publicaci\u00f3n de fotos en distintos lugares de la provincia de Almer\u00eda. El logotipo del destino &#8216;Costa de Almer\u00eda&#8217; se incluir\u00e1 en la web de David Bisbal gestionada por la productora Universal Music.<\/p>\n<p>As\u00ed, no s\u00f3lo su imagen estar\u00e1 presente en la acci\u00f3n, sino tambi\u00e9n su m\u00fasica, ya que, seg\u00fan ha indicado Garc\u00eda, el artista \u00abse ha comprometido a ceder el derecho de uso de &#8216;Diez Mil Maneras&#8217; para la difusi\u00f3n del v\u00eddeo que actualmente se encuentra en las redes sociales del Servicio Provincial de Turismo con un mill\u00f3n de &#8216;views&#8217; hasta el final del contrato y nos va a permitir la emisi\u00f3n de los v\u00eddeos tambi\u00e9n en las pantallas de cine\u00bb.<\/p>\n<p>Diputaci\u00f3n invertir\u00e1 175.000 euros un contrato de promoci\u00f3n del destino que durar\u00e1 un a\u00f1o desde el momento de la firma. \u00abEstamos plenamente convencidos de que los beneficios que va a generar en el sector tur\u00edstico de la provincia van a ser mucho mayores que la inversi\u00f3n que se va a realizar\u00bb, ha concluido.<\/p>\n","protected":false},"excerpt":{"rendered":"<p>El Servicio Provincial de Turismo volver\u00e1 a apostar por el cantante almeriense David Bisbal para la pr\u00f3xima acci\u00f3n promocional del destino &#8216;Costa de Almer\u00eda&#8217; tras el \u00e9xito obtenido en la anterior campa\u00f1a. El nuevo acuerdo supone una acci\u00f3n con la que Diputaci\u00f3n pretende \u00abvalorizar y exportar\u00bb la singularidad que tienen \u00ablas playas, los fondos marinos<\/p>\n","protected":false},"author":1,"featured_media":42526,"comment_status":"open","ping_status":"closed","sticky":false,"template":"","format":"standard","meta":{"footnotes":""},"categories":[222],"tags":[],"class_list":{"0":"post-42525","1":"post","2":"type-post","3":"status-publish","4":"format-standard","5":"has-post-thumbnail","7":"category-actualidad-turismo"},"aioseo_notices":[],"aioseo_head":"\n\t\t<!-- All in One SEO Pro 4.9.6.1 - aioseo.com -->\n\t<meta name=\"description\" content=\"El Servicio Provincial de Turismo volver\u00e1 a apostar por el cantante almeriense David Bisbal para la pr\u00f3xima acci\u00f3n promocional del destino &#039;Costa de Almer\u00eda&#039; tras el \u00e9xito obtenido en la anterior campa\u00f1a. El nuevo acuerdo supone una acci\u00f3n con la que Diputaci\u00f3n pretende &quot;valorizar y exportar&quot; la singularidad que tienen &quot;las playas, los fondos marinos\" \/>\n\t<meta name=\"robots\" content=\"max-image-preview:large\" \/>\n\t<meta name=\"author\" content=\"admin\"\/>\n\t<meta name=\"google-site-verification\" content=\"UA-38556648-1\" \/>\n\t<meta name=\"keywords\" content=\"actualidad turismo\" \/>\n\t<link rel=\"canonical\" href=\"https:\/\/eldigitaldeasturias.com\/magazine365\/almeria-refuerza-el-acuerdo-con-bisbal-para-promocionar-el-turismo-activo-de-costa-de-almeria\/\" \/>\n\t<meta name=\"generator\" content=\"All in One SEO Pro (AIOSEO) 4.9.6.1\" \/>\n\t\t<meta property=\"og:locale\" content=\"es_ES\" \/>\n\t\t<meta property=\"og:site_name\" content=\"El Digital de Asturias \u2013 Revista de ocio, turismo y estilo de vida\" \/>\n\t\t<meta property=\"og:type\" content=\"article\" \/>\n\t\t<meta property=\"og:title\" content=\"Almer\u00eda refuerza el acuerdo con Bisbal para promocionar el turismo activo de \u2018Costa de Almer\u00eda\u2019 | El Digital de Asturias\" \/>\n\t\t<meta property=\"og:description\" content=\"El Servicio Provincial de Turismo volver\u00e1 a apostar por el cantante almeriense David Bisbal para la pr\u00f3xima acci\u00f3n promocional del destino &#039;Costa de Almer\u00eda&#039; tras el \u00e9xito obtenido en la anterior campa\u00f1a. El nuevo acuerdo supone una acci\u00f3n con la que Diputaci\u00f3n pretende &quot;valorizar y exportar&quot; la singularidad que tienen &quot;las playas, los fondos marinos\" \/>\n\t\t<meta property=\"og:url\" content=\"https:\/\/eldigitaldeasturias.com\/magazine365\/almeria-refuerza-el-acuerdo-con-bisbal-para-promocionar-el-turismo-activo-de-costa-de-almeria\/\" \/>\n\t\t<meta property=\"og:image\" content=\"https:\/\/eldigitaldeasturias.com\/magazine365\/wp-content\/uploads\/2015\/07\/fotonoticia_20150713134400_800.jpg\" \/>\n\t\t<meta property=\"og:image:secure_url\" content=\"https:\/\/eldigitaldeasturias.com\/magazine365\/wp-content\/uploads\/2015\/07\/fotonoticia_20150713134400_800.jpg\" \/>\n\t\t<meta property=\"og:image:width\" content=\"800\" \/>\n\t\t<meta property=\"og:image:height\" content=\"533\" \/>\n\t\t<meta property=\"article:published_time\" content=\"2015-07-13T19:15:50+00:00\" \/>\n\t\t<meta property=\"article:modified_time\" content=\"2015-07-13T19:15:50+00:00\" \/>\n\t\t<meta name=\"twitter:card\" content=\"summary_large_image\" \/>\n\t\t<meta name=\"twitter:title\" content=\"Almer\u00eda refuerza el acuerdo con Bisbal para promocionar el turismo activo de \u2018Costa de Almer\u00eda\u2019 | El Digital de Asturias\" \/>\n\t\t<meta name=\"twitter:description\" content=\"El Servicio Provincial de Turismo volver\u00e1 a apostar por el cantante almeriense David Bisbal para la pr\u00f3xima acci\u00f3n promocional del destino &#039;Costa de Almer\u00eda&#039; tras el \u00e9xito obtenido en la anterior campa\u00f1a. El nuevo acuerdo supone una acci\u00f3n con la que Diputaci\u00f3n pretende &quot;valorizar y exportar&quot; la singularidad que tienen &quot;las playas, los fondos marinos\" \/>\n\t\t<meta name=\"twitter:image\" content=\"https:\/\/eldigitaldeasturias.com\/magazine365\/wp-content\/uploads\/2015\/07\/fotonoticia_20150713134400_800.jpg\" \/>\n\t\t<script type=\"application\/ld+json\" class=\"aioseo-schema\">\n\t\t\t{\"@context\":\"https:\\\/\\\/schema.org\",\"@graph\":[{\"@type\":\"Article\",\"@id\":\"https:\\\/\\\/eldigitaldeasturias.com\\\/magazine365\\\/almeria-refuerza-el-acuerdo-con-bisbal-para-promocionar-el-turismo-activo-de-costa-de-almeria\\\/#article\",\"name\":\"Almer\\u00eda refuerza el acuerdo con Bisbal para promocionar el turismo activo de \\u2018Costa de Almer\\u00eda\\u2019 | El Digital de Asturias\",\"headline\":\"Almer\\u00eda refuerza el acuerdo con Bisbal para promocionar el turismo activo de &#8216;Costa de Almer\\u00eda&#8217;\",\"author\":{\"@id\":\"https:\\\/\\\/eldigitaldeasturias.com\\\/magazine365\\\/author\\\/admin\\\/#author\"},\"publisher\":{\"@id\":\"https:\\\/\\\/eldigitaldeasturias.com\\\/magazine365\\\/#organization\"},\"image\":{\"@type\":\"ImageObject\",\"url\":\"https:\\\/\\\/eldigitaldeasturias.com\\\/magazine365\\\/wp-content\\\/uploads\\\/2015\\\/07\\\/fotonoticia_20150713134400_800.jpg\",\"width\":800,\"height\":533},\"datePublished\":\"2015-07-13T21:15:50+02:00\",\"dateModified\":\"2015-07-13T21:15:50+02:00\",\"inLanguage\":\"es-ES\",\"mainEntityOfPage\":{\"@id\":\"https:\\\/\\\/eldigitaldeasturias.com\\\/magazine365\\\/almeria-refuerza-el-acuerdo-con-bisbal-para-promocionar-el-turismo-activo-de-costa-de-almeria\\\/#webpage\"},\"isPartOf\":{\"@id\":\"https:\\\/\\\/eldigitaldeasturias.com\\\/magazine365\\\/almeria-refuerza-el-acuerdo-con-bisbal-para-promocionar-el-turismo-activo-de-costa-de-almeria\\\/#webpage\"},\"articleSection\":\"Actualidad Turismo\"},{\"@type\":\"BreadcrumbList\",\"@id\":\"https:\\\/\\\/eldigitaldeasturias.com\\\/magazine365\\\/almeria-refuerza-el-acuerdo-con-bisbal-para-promocionar-el-turismo-activo-de-costa-de-almeria\\\/#breadcrumblist\",\"itemListElement\":[{\"@type\":\"ListItem\",\"@id\":\"https:\\\/\\\/eldigitaldeasturias.com\\\/magazine365#listItem\",\"position\":1,\"name\":\"Home\",\"item\":\"https:\\\/\\\/eldigitaldeasturias.com\\\/magazine365\",\"nextItem\":{\"@type\":\"ListItem\",\"@id\":\"https:\\\/\\\/eldigitaldeasturias.com\\\/magazine365\\\/category\\\/actualidad-turismo\\\/#listItem\",\"name\":\"Actualidad Turismo\"}},{\"@type\":\"ListItem\",\"@id\":\"https:\\\/\\\/eldigitaldeasturias.com\\\/magazine365\\\/category\\\/actualidad-turismo\\\/#listItem\",\"position\":2,\"name\":\"Actualidad Turismo\",\"item\":\"https:\\\/\\\/eldigitaldeasturias.com\\\/magazine365\\\/category\\\/actualidad-turismo\\\/\",\"nextItem\":{\"@type\":\"ListItem\",\"@id\":\"https:\\\/\\\/eldigitaldeasturias.com\\\/magazine365\\\/almeria-refuerza-el-acuerdo-con-bisbal-para-promocionar-el-turismo-activo-de-costa-de-almeria\\\/#listItem\",\"name\":\"Almer\\u00eda refuerza el acuerdo con Bisbal para promocionar el turismo activo de &#8216;Costa de Almer\\u00eda&#8217;\"},\"previousItem\":{\"@type\":\"ListItem\",\"@id\":\"https:\\\/\\\/eldigitaldeasturias.com\\\/magazine365#listItem\",\"name\":\"Home\"}},{\"@type\":\"ListItem\",\"@id\":\"https:\\\/\\\/eldigitaldeasturias.com\\\/magazine365\\\/almeria-refuerza-el-acuerdo-con-bisbal-para-promocionar-el-turismo-activo-de-costa-de-almeria\\\/#listItem\",\"position\":3,\"name\":\"Almer\\u00eda refuerza el acuerdo con Bisbal para promocionar el turismo activo de &#8216;Costa de Almer\\u00eda&#8217;\",\"previousItem\":{\"@type\":\"ListItem\",\"@id\":\"https:\\\/\\\/eldigitaldeasturias.com\\\/magazine365\\\/category\\\/actualidad-turismo\\\/#listItem\",\"name\":\"Actualidad Turismo\"}}]},{\"@type\":\"Organization\",\"@id\":\"https:\\\/\\\/eldigitaldeasturias.com\\\/magazine365\\\/#organization\",\"name\":\"El digital de Asturias\",\"description\":\"Revista de ocio, turismo y estilo de vida\",\"url\":\"https:\\\/\\\/eldigitaldeasturias.com\\\/magazine365\\\/\",\"logo\":{\"@type\":\"ImageObject\",\"url\":\"https:\\\/\\\/www.eldigitaldeasturias.com\\\/noticias\\\/wp-content\\\/uploads\\\/2020\\\/12\\\/EDA.jpg\",\"@id\":\"https:\\\/\\\/eldigitaldeasturias.com\\\/magazine365\\\/almeria-refuerza-el-acuerdo-con-bisbal-para-promocionar-el-turismo-activo-de-costa-de-almeria\\\/#organizationLogo\"},\"image\":{\"@id\":\"https:\\\/\\\/eldigitaldeasturias.com\\\/magazine365\\\/almeria-refuerza-el-acuerdo-con-bisbal-para-promocionar-el-turismo-activo-de-costa-de-almeria\\\/#organizationLogo\"}},{\"@type\":\"Person\",\"@id\":\"https:\\\/\\\/eldigitaldeasturias.com\\\/magazine365\\\/author\\\/admin\\\/#author\",\"url\":\"https:\\\/\\\/eldigitaldeasturias.com\\\/magazine365\\\/author\\\/admin\\\/\",\"name\":\"admin\",\"image\":{\"@type\":\"ImageObject\",\"@id\":\"https:\\\/\\\/eldigitaldeasturias.com\\\/magazine365\\\/almeria-refuerza-el-acuerdo-con-bisbal-para-promocionar-el-turismo-activo-de-costa-de-almeria\\\/#authorImage\",\"url\":\"https:\\\/\\\/eldigitaldeasturias.com\\\/magazine365\\\/wp-content\\\/litespeed\\\/avatar\\\/e571bcf59a0edd6fa6838245a470f2fe.jpg?ver=1777574230\",\"width\":96,\"height\":96,\"caption\":\"admin\"}},{\"@type\":\"WebPage\",\"@id\":\"https:\\\/\\\/eldigitaldeasturias.com\\\/magazine365\\\/almeria-refuerza-el-acuerdo-con-bisbal-para-promocionar-el-turismo-activo-de-costa-de-almeria\\\/#webpage\",\"url\":\"https:\\\/\\\/eldigitaldeasturias.com\\\/magazine365\\\/almeria-refuerza-el-acuerdo-con-bisbal-para-promocionar-el-turismo-activo-de-costa-de-almeria\\\/\",\"name\":\"Almer\\u00eda refuerza el acuerdo con Bisbal para promocionar el turismo activo de \\u2018Costa de Almer\\u00eda\\u2019 | El Digital de Asturias\",\"description\":\"El Servicio Provincial de Turismo volver\\u00e1 a apostar por el cantante almeriense David Bisbal para la pr\\u00f3xima acci\\u00f3n promocional del destino 'Costa de Almer\\u00eda' tras el \\u00e9xito obtenido en la anterior campa\\u00f1a. El nuevo acuerdo supone una acci\\u00f3n con la que Diputaci\\u00f3n pretende \\\"valorizar y exportar\\\" la singularidad que tienen \\\"las playas, los fondos marinos\",\"inLanguage\":\"es-ES\",\"isPartOf\":{\"@id\":\"https:\\\/\\\/eldigitaldeasturias.com\\\/magazine365\\\/#website\"},\"breadcrumb\":{\"@id\":\"https:\\\/\\\/eldigitaldeasturias.com\\\/magazine365\\\/almeria-refuerza-el-acuerdo-con-bisbal-para-promocionar-el-turismo-activo-de-costa-de-almeria\\\/#breadcrumblist\"},\"author\":{\"@id\":\"https:\\\/\\\/eldigitaldeasturias.com\\\/magazine365\\\/author\\\/admin\\\/#author\"},\"creator\":{\"@id\":\"https:\\\/\\\/eldigitaldeasturias.com\\\/magazine365\\\/author\\\/admin\\\/#author\"},\"image\":{\"@type\":\"ImageObject\",\"url\":\"https:\\\/\\\/eldigitaldeasturias.com\\\/magazine365\\\/wp-content\\\/uploads\\\/2015\\\/07\\\/fotonoticia_20150713134400_800.jpg\",\"@id\":\"https:\\\/\\\/eldigitaldeasturias.com\\\/magazine365\\\/almeria-refuerza-el-acuerdo-con-bisbal-para-promocionar-el-turismo-activo-de-costa-de-almeria\\\/#mainImage\",\"width\":800,\"height\":533},\"primaryImageOfPage\":{\"@id\":\"https:\\\/\\\/eldigitaldeasturias.com\\\/magazine365\\\/almeria-refuerza-el-acuerdo-con-bisbal-para-promocionar-el-turismo-activo-de-costa-de-almeria\\\/#mainImage\"},\"datePublished\":\"2015-07-13T21:15:50+02:00\",\"dateModified\":\"2015-07-13T21:15:50+02:00\"},{\"@type\":\"WebSite\",\"@id\":\"https:\\\/\\\/eldigitaldeasturias.com\\\/magazine365\\\/#website\",\"url\":\"https:\\\/\\\/eldigitaldeasturias.com\\\/magazine365\\\/\",\"name\":\"El Digital de Asturias\",\"description\":\"Revista de ocio, turismo y estilo de vida\",\"inLanguage\":\"es-ES\",\"publisher\":{\"@id\":\"https:\\\/\\\/eldigitaldeasturias.com\\\/magazine365\\\/#organization\"}}]}\n\t\t<\/script>\n\t\t<!-- All in One SEO Pro -->\r\n\t\t<title>Almer\u00eda refuerza el acuerdo con Bisbal para promocionar el turismo activo de \u2018Costa de Almer\u00eda\u2019 | El Digital de Asturias<\/title>\n\n","aioseo_head_json":{"title":"Almer\u00eda refuerza el acuerdo con Bisbal para promocionar el turismo activo de \u2018Costa de Almer\u00eda\u2019 | El Digital de Asturias","description":"El Servicio Provincial de Turismo volver\u00e1 a apostar por el cantante almeriense David Bisbal para la pr\u00f3xima acci\u00f3n promocional del destino 'Costa de Almer\u00eda' tras el \u00e9xito obtenido en la anterior campa\u00f1a. El nuevo acuerdo supone una acci\u00f3n con la que Diputaci\u00f3n pretende \"valorizar y exportar\" la singularidad que tienen \"las playas, los fondos marinos","canonical_url":"https:\/\/eldigitaldeasturias.com\/magazine365\/almeria-refuerza-el-acuerdo-con-bisbal-para-promocionar-el-turismo-activo-de-costa-de-almeria\/","robots":"max-image-preview:large","keywords":"actualidad turismo","webmasterTools":{"google-site-verification":"UA-38556648-1","miscellaneous":""},"schema":{"@context":"https:\/\/schema.org","@graph":[{"@type":"Article","@id":"https:\/\/eldigitaldeasturias.com\/magazine365\/almeria-refuerza-el-acuerdo-con-bisbal-para-promocionar-el-turismo-activo-de-costa-de-almeria\/#article","name":"Almer\u00eda refuerza el acuerdo con Bisbal para promocionar el turismo activo de \u2018Costa de Almer\u00eda\u2019 | El Digital de Asturias","headline":"Almer\u00eda refuerza el acuerdo con Bisbal para promocionar el turismo activo de &#8216;Costa de Almer\u00eda&#8217;","author":{"@id":"https:\/\/eldigitaldeasturias.com\/magazine365\/author\/admin\/#author"},"publisher":{"@id":"https:\/\/eldigitaldeasturias.com\/magazine365\/#organization"},"image":{"@type":"ImageObject","url":"https:\/\/eldigitaldeasturias.com\/magazine365\/wp-content\/uploads\/2015\/07\/fotonoticia_20150713134400_800.jpg","width":800,"height":533},"datePublished":"2015-07-13T21:15:50+02:00","dateModified":"2015-07-13T21:15:50+02:00","inLanguage":"es-ES","mainEntityOfPage":{"@id":"https:\/\/eldigitaldeasturias.com\/magazine365\/almeria-refuerza-el-acuerdo-con-bisbal-para-promocionar-el-turismo-activo-de-costa-de-almeria\/#webpage"},"isPartOf":{"@id":"https:\/\/eldigitaldeasturias.com\/magazine365\/almeria-refuerza-el-acuerdo-con-bisbal-para-promocionar-el-turismo-activo-de-costa-de-almeria\/#webpage"},"articleSection":"Actualidad Turismo"},{"@type":"BreadcrumbList","@id":"https:\/\/eldigitaldeasturias.com\/magazine365\/almeria-refuerza-el-acuerdo-con-bisbal-para-promocionar-el-turismo-activo-de-costa-de-almeria\/#breadcrumblist","itemListElement":[{"@type":"ListItem","@id":"https:\/\/eldigitaldeasturias.com\/magazine365#listItem","position":1,"name":"Home","item":"https:\/\/eldigitaldeasturias.com\/magazine365","nextItem":{"@type":"ListItem","@id":"https:\/\/eldigitaldeasturias.com\/magazine365\/category\/actualidad-turismo\/#listItem","name":"Actualidad Turismo"}},{"@type":"ListItem","@id":"https:\/\/eldigitaldeasturias.com\/magazine365\/category\/actualidad-turismo\/#listItem","position":2,"name":"Actualidad Turismo","item":"https:\/\/eldigitaldeasturias.com\/magazine365\/category\/actualidad-turismo\/","nextItem":{"@type":"ListItem","@id":"https:\/\/eldigitaldeasturias.com\/magazine365\/almeria-refuerza-el-acuerdo-con-bisbal-para-promocionar-el-turismo-activo-de-costa-de-almeria\/#listItem","name":"Almer\u00eda refuerza el acuerdo con Bisbal para promocionar el turismo activo de &#8216;Costa de Almer\u00eda&#8217;"},"previousItem":{"@type":"ListItem","@id":"https:\/\/eldigitaldeasturias.com\/magazine365#listItem","name":"Home"}},{"@type":"ListItem","@id":"https:\/\/eldigitaldeasturias.com\/magazine365\/almeria-refuerza-el-acuerdo-con-bisbal-para-promocionar-el-turismo-activo-de-costa-de-almeria\/#listItem","position":3,"name":"Almer\u00eda refuerza el acuerdo con Bisbal para promocionar el turismo activo de &#8216;Costa de Almer\u00eda&#8217;","previousItem":{"@type":"ListItem","@id":"https:\/\/eldigitaldeasturias.com\/magazine365\/category\/actualidad-turismo\/#listItem","name":"Actualidad Turismo"}}]},{"@type":"Organization","@id":"https:\/\/eldigitaldeasturias.com\/magazine365\/#organization","name":"El digital de Asturias","description":"Revista de ocio, turismo y estilo de vida","url":"https:\/\/eldigitaldeasturias.com\/magazine365\/","logo":{"@type":"ImageObject","url":"https:\/\/www.eldigitaldeasturias.com\/noticias\/wp-content\/uploads\/2020\/12\/EDA.jpg","@id":"https:\/\/eldigitaldeasturias.com\/magazine365\/almeria-refuerza-el-acuerdo-con-bisbal-para-promocionar-el-turismo-activo-de-costa-de-almeria\/#organizationLogo"},"image":{"@id":"https:\/\/eldigitaldeasturias.com\/magazine365\/almeria-refuerza-el-acuerdo-con-bisbal-para-promocionar-el-turismo-activo-de-costa-de-almeria\/#organizationLogo"}},{"@type":"Person","@id":"https:\/\/eldigitaldeasturias.com\/magazine365\/author\/admin\/#author","url":"https:\/\/eldigitaldeasturias.com\/magazine365\/author\/admin\/","name":"admin","image":{"@type":"ImageObject","@id":"https:\/\/eldigitaldeasturias.com\/magazine365\/almeria-refuerza-el-acuerdo-con-bisbal-para-promocionar-el-turismo-activo-de-costa-de-almeria\/#authorImage","url":"https:\/\/eldigitaldeasturias.com\/magazine365\/wp-content\/litespeed\/avatar\/e571bcf59a0edd6fa6838245a470f2fe.jpg?ver=1777574230","width":96,"height":96,"caption":"admin"}},{"@type":"WebPage","@id":"https:\/\/eldigitaldeasturias.com\/magazine365\/almeria-refuerza-el-acuerdo-con-bisbal-para-promocionar-el-turismo-activo-de-costa-de-almeria\/#webpage","url":"https:\/\/eldigitaldeasturias.com\/magazine365\/almeria-refuerza-el-acuerdo-con-bisbal-para-promocionar-el-turismo-activo-de-costa-de-almeria\/","name":"Almer\u00eda refuerza el acuerdo con Bisbal para promocionar el turismo activo de \u2018Costa de Almer\u00eda\u2019 | El Digital de Asturias","description":"El Servicio Provincial de Turismo volver\u00e1 a apostar por el cantante almeriense David Bisbal para la pr\u00f3xima acci\u00f3n promocional del destino 'Costa de Almer\u00eda' tras el \u00e9xito obtenido en la anterior campa\u00f1a. El nuevo acuerdo supone una acci\u00f3n con la que Diputaci\u00f3n pretende \"valorizar y exportar\" la singularidad que tienen \"las playas, los fondos marinos","inLanguage":"es-ES","isPartOf":{"@id":"https:\/\/eldigitaldeasturias.com\/magazine365\/#website"},"breadcrumb":{"@id":"https:\/\/eldigitaldeasturias.com\/magazine365\/almeria-refuerza-el-acuerdo-con-bisbal-para-promocionar-el-turismo-activo-de-costa-de-almeria\/#breadcrumblist"},"author":{"@id":"https:\/\/eldigitaldeasturias.com\/magazine365\/author\/admin\/#author"},"creator":{"@id":"https:\/\/eldigitaldeasturias.com\/magazine365\/author\/admin\/#author"},"image":{"@type":"ImageObject","url":"https:\/\/eldigitaldeasturias.com\/magazine365\/wp-content\/uploads\/2015\/07\/fotonoticia_20150713134400_800.jpg","@id":"https:\/\/eldigitaldeasturias.com\/magazine365\/almeria-refuerza-el-acuerdo-con-bisbal-para-promocionar-el-turismo-activo-de-costa-de-almeria\/#mainImage","width":800,"height":533},"primaryImageOfPage":{"@id":"https:\/\/eldigitaldeasturias.com\/magazine365\/almeria-refuerza-el-acuerdo-con-bisbal-para-promocionar-el-turismo-activo-de-costa-de-almeria\/#mainImage"},"datePublished":"2015-07-13T21:15:50+02:00","dateModified":"2015-07-13T21:15:50+02:00"},{"@type":"WebSite","@id":"https:\/\/eldigitaldeasturias.com\/magazine365\/#website","url":"https:\/\/eldigitaldeasturias.com\/magazine365\/","name":"El Digital de Asturias","description":"Revista de ocio, turismo y estilo de vida","inLanguage":"es-ES","publisher":{"@id":"https:\/\/eldigitaldeasturias.com\/magazine365\/#organization"}}]},"og:locale":"es_ES","og:site_name":"El Digital de Asturias \u2013 Revista de ocio, turismo y estilo de vida","og:type":"article","og:title":"Almer\u00eda refuerza el acuerdo con Bisbal para promocionar el turismo activo de \u2018Costa de Almer\u00eda\u2019 | El Digital de Asturias","og:description":"El Servicio Provincial de Turismo volver\u00e1 a apostar por el cantante almeriense David Bisbal para la pr\u00f3xima acci\u00f3n promocional del destino 'Costa de Almer\u00eda' tras el \u00e9xito obtenido en la anterior campa\u00f1a. El nuevo acuerdo supone una acci\u00f3n con la que Diputaci\u00f3n pretende &quot;valorizar y exportar&quot; la singularidad que tienen &quot;las playas, los fondos marinos","og:url":"https:\/\/eldigitaldeasturias.com\/magazine365\/almeria-refuerza-el-acuerdo-con-bisbal-para-promocionar-el-turismo-activo-de-costa-de-almeria\/","og:image":"https:\/\/eldigitaldeasturias.com\/magazine365\/wp-content\/uploads\/2015\/07\/fotonoticia_20150713134400_800.jpg","og:image:secure_url":"https:\/\/eldigitaldeasturias.com\/magazine365\/wp-content\/uploads\/2015\/07\/fotonoticia_20150713134400_800.jpg","og:image:width":800,"og:image:height":533,"article:published_time":"2015-07-13T19:15:50+00:00","article:modified_time":"2015-07-13T19:15:50+00:00","twitter:card":"summary_large_image","twitter:title":"Almer\u00eda refuerza el acuerdo con Bisbal para promocionar el turismo activo de \u2018Costa de Almer\u00eda\u2019 | El Digital de Asturias","twitter:description":"El Servicio Provincial de Turismo volver\u00e1 a apostar por el cantante almeriense David Bisbal para la pr\u00f3xima acci\u00f3n promocional del destino 'Costa de Almer\u00eda' tras el \u00e9xito obtenido en la anterior campa\u00f1a. El nuevo acuerdo supone una acci\u00f3n con la que Diputaci\u00f3n pretende &quot;valorizar y exportar&quot; la singularidad que tienen &quot;las playas, los fondos marinos","twitter:image":"https:\/\/eldigitaldeasturias.com\/magazine365\/wp-content\/uploads\/2015\/07\/fotonoticia_20150713134400_800.jpg"},"aioseo_meta_data":{"post_id":"42525","title":null,"description":null,"keywords":null,"keyphrases":null,"primary_term":null,"canonical_url":null,"og_title":null,"og_description":null,"og_object_type":"default","og_image_type":"default","og_image_url":null,"og_image_width":null,"og_image_height":null,"og_image_custom_url":null,"og_image_custom_fields":null,"og_video":null,"og_custom_url":null,"og_article_section":null,"og_article_tags":null,"twitter_use_og":false,"twitter_card":"default","twitter_image_type":"default","twitter_image_url":null,"twitter_image_custom_url":null,"twitter_image_custom_fields":null,"twitter_title":null,"twitter_description":null,"schema":{"blockGraphs":[],"customGraphs":[],"default":{"data":{"Article":[],"Course":[],"Dataset":[],"FAQPage":[],"Movie":[],"Person":[],"Product":[],"ProductReview":[],"Car":[],"Recipe":[],"Service":[],"SoftwareApplication":[],"WebPage":[]},"graphName":"","isEnabled":true},"graphs":[],"defaultGraph":"","defaultPostTypeGraph":""},"schema_type":null,"schema_type_options":null,"pillar_content":false,"robots_default":true,"robots_noindex":false,"robots_noarchive":false,"robots_nosnippet":false,"robots_nofollow":false,"robots_noimageindex":false,"robots_noodp":false,"robots_notranslate":false,"robots_max_snippet":null,"robots_max_videopreview":null,"robots_max_imagepreview":"large","priority":null,"frequency":null,"location":null,"local_seo":null,"seo_analyzer_scan_date":"2025-09-19 17:55:57","breadcrumb_settings":null,"limit_modified_date":false,"open_ai":null,"ai":null,"created":"2021-03-09 01:59:47","updated":"2025-09-19 17:55:57"},"aioseo_breadcrumb":"<div class=\"aioseo-breadcrumbs\"><span class=\"aioseo-breadcrumb\">\n\t<a href=\"https:\/\/eldigitaldeasturias.com\/magazine365\" title=\"Home\">Home<\/a>\n<\/span><span class=\"aioseo-breadcrumb-separator\">\u2013<\/span><span class=\"aioseo-breadcrumb\">\n\t<a href=\"https:\/\/eldigitaldeasturias.com\/magazine365\/category\/actualidad-turismo\/\" title=\"Actualidad Turismo\">Actualidad Turismo<\/a>\n<\/span><span class=\"aioseo-breadcrumb-separator\">\u2013<\/span><span class=\"aioseo-breadcrumb\">\n\t<a href=\"https:\/\/eldigitaldeasturias.com\/magazine365\/almeria-refuerza-el-acuerdo-con-bisbal-para-promocionar-el-turismo-activo-de-costa-de-almeria\/\" title=\"Almer\u00eda refuerza el acuerdo con Bisbal para promocionar el turismo activo de \u2018Costa de Almer\u00eda\u2019\">Almer\u00eda refuerza el acuerdo con Bisbal para promocionar el turismo activo de \u2018Costa de Almer\u00eda\u2019<\/a>\n<\/span><\/div>","aioseo_breadcrumb_json":[{"label":"Home","link":"https:\/\/eldigitaldeasturias.com\/magazine365"},{"label":"Actualidad Turismo","link":"https:\/\/eldigitaldeasturias.com\/magazine365\/category\/actualidad-turismo\/"},{"label":"Almer\u00eda refuerza el acuerdo con Bisbal para promocionar el turismo activo de &#8216;Costa de Almer\u00eda&#8217;","link":"https:\/\/eldigitaldeasturias.com\/magazine365\/almeria-refuerza-el-acuerdo-con-bisbal-para-promocionar-el-turismo-activo-de-costa-de-almeria\/"}],"_links":{"self":[{"href":"https:\/\/eldigitaldeasturias.com\/magazine365\/wp-json\/wp\/v2\/posts\/42525","targetHints":{"allow":["GET"]}}],"collection":[{"href":"https:\/\/eldigitaldeasturias.com\/magazine365\/wp-json\/wp\/v2\/posts"}],"about":[{"href":"https:\/\/eldigitaldeasturias.com\/magazine365\/wp-json\/wp\/v2\/types\/post"}],"author":[{"embeddable":true,"href":"https:\/\/eldigitaldeasturias.com\/magazine365\/wp-json\/wp\/v2\/users\/1"}],"replies":[{"embeddable":true,"href":"https:\/\/eldigitaldeasturias.com\/magazine365\/wp-json\/wp\/v2\/comments?post=42525"}],"version-history":[{"count":0,"href":"https:\/\/eldigitaldeasturias.com\/magazine365\/wp-json\/wp\/v2\/posts\/42525\/revisions"}],"wp:featuredmedia":[{"embeddable":true,"href":"https:\/\/eldigitaldeasturias.com\/magazine365\/wp-json\/wp\/v2\/media\/42526"}],"wp:attachment":[{"href":"https:\/\/eldigitaldeasturias.com\/magazine365\/wp-json\/wp\/v2\/media?parent=42525"}],"wp:term":[{"taxonomy":"category","embeddable":true,"href":"https:\/\/eldigitaldeasturias.com\/magazine365\/wp-json\/wp\/v2\/categories?post=42525"},{"taxonomy":"post_tag","embeddable":true,"href":"https:\/\/eldigitaldeasturias.com\/magazine365\/wp-json\/wp\/v2\/tags?post=42525"}],"curies":[{"name":"wp","href":"https:\/\/api.w.org\/{rel}","templated":true}]}}