{"id":42522,"date":"2015-07-13T21:11:26","date_gmt":"2015-07-13T19:11:26","guid":{"rendered":"http:\/\/eldigitaldeasturias.com\/magazine365\/?p=42522"},"modified":"2015-07-13T21:11:26","modified_gmt":"2015-07-13T19:11:26","slug":"el-aeropuerto-de-alicante-acumula-cuatro-meses-de-record","status":"publish","type":"post","link":"https:\/\/eldigitaldeasturias.com\/magazine365\/el-aeropuerto-de-alicante-acumula-cuatro-meses-de-record\/","title":{"rendered":"El aeropuerto de Alicante acumula cuatro meses de r\u00e9cord"},"content":{"rendered":"<p><img fetchpriority=\"high\" decoding=\"async\" class=\"alignleft size-medium wp-image-42523\" src=\"https:\/\/eldigitaldeasturias.com\/magazine365\/wp-content\/uploads\/2015\/07\/fotonoticia_20150713134256_800-360x195.jpg\" alt=\"fotonoticia_20150713134256_800\" width=\"360\" height=\"195\" srcset=\"https:\/\/eldigitaldeasturias.com\/magazine365\/wp-content\/uploads\/2015\/07\/fotonoticia_20150713134256_800-360x195.jpg 360w, https:\/\/eldigitaldeasturias.com\/magazine365\/wp-content\/uploads\/2015\/07\/fotonoticia_20150713134256_800-650x352.jpg 650w, https:\/\/eldigitaldeasturias.com\/magazine365\/wp-content\/uploads\/2015\/07\/fotonoticia_20150713134256_800-768x416.jpg 768w, https:\/\/eldigitaldeasturias.com\/magazine365\/wp-content\/uploads\/2015\/07\/fotonoticia_20150713134256_800-150x81.jpg 150w, https:\/\/eldigitaldeasturias.com\/magazine365\/wp-content\/uploads\/2015\/07\/fotonoticia_20150713134256_800-450x244.jpg 450w, https:\/\/eldigitaldeasturias.com\/magazine365\/wp-content\/uploads\/2015\/07\/fotonoticia_20150713134256_800-696x377.jpg 696w, https:\/\/eldigitaldeasturias.com\/magazine365\/wp-content\/uploads\/2015\/07\/fotonoticia_20150713134256_800-776x420.jpg 776w, https:\/\/eldigitaldeasturias.com\/magazine365\/wp-content\/uploads\/2015\/07\/fotonoticia_20150713134256_800.jpg 800w\" sizes=\"(max-width: 360px) 100vw, 360px\" \/>El aeropuerto de Alicante-Elche obtuvo su mejor registro en un mes de junio al alcanzar 1.073.957 pasajeros, lo que supone un 3 por ciento m\u00e1s que el mismo mes de 2014. Con esta nueva marca hist\u00f3rica ya son cuatro los meses consecutivos en los que el aeropuerto est\u00e1 contabilizando r\u00e9cord de viajeros. El acumulado del a\u00f1o pasa ya de los 4,6 millones de viajeros, un 3,6 por ciento m\u00e1s que en 2014, seg\u00fan ha informado Aena este lunes.<\/p>\n<p>El tr\u00e1fico nacional registr\u00f3 un total de 107.905 pasajeros durante el mes de junio, lo que supone un incremento del 3,1%. Asimismo, el tr\u00e1fico internacional aument\u00f3 un 2,9% y los pasajeros registrados fueron 964.175. Datos referidos a vuelos comerciales.<\/p>\n<p>Por nacionalidades, los pa\u00edses que m\u00e1s pasajeros contabilizaron durante el mes de junio fueron Reino Unido, con 473.274 viajeros; seguido de Alemania, con 73.033; Noruega, con 66.693; Holanda, con 60.275; B\u00e9lgica, con 46.781 y Suecia, con 40.786 viajeros.<\/p>\n<p>En cuanto a las operaciones, Alicante-Elche gestion\u00f3 un total de 7.392 vuelos en junio, lo que supone un incremento del 2,3% respecto al mismo mes de 2014. Los enlaces m\u00e1s numerosos fueron con Reino Unido, con 2.811 operaciones; Espa\u00f1a, con 1.217 operaciones; Alemania, 442; Noruega, 419; Holanda, 374; B\u00e9lgica, 324; y, Suecia con 250 vuelos.<\/p>\n<p>Respecto a las cifras acumuladas desde enero hasta junio, el aeropuerto de Alicante-Elche registr\u00f3 4.684.771 pasajeros, un 3,6% m\u00e1s que en los mismos meses del a\u00f1o anterior y gestion\u00f3 un total de 33.326 vuelos, un 2,1% m\u00e1s que el mismo periodo de 2014.<\/p>\n<p>Por su parte, el Aeropuerto de Valencia registr\u00f3 un total de 478.017 pasajeros durante el mes de junio, lo que implica un incremento del 10,3% respecto al mismo mes del a\u00f1o 2014.<\/p>\n<p>Tanto el tr\u00e1fico nacional como el internacional han mostrado un comportamiento muy positivo durante el mes de junio, creciendo el primero un 13% con 144.312 pasajeros y aumentando el segundo en un 9,3% con 333.323 pasajeros. Todo ello referido a pasajeros de vuelos comerciales respecto a junio del a\u00f1o anterior.<\/p>\n<p>En cuanto a las principales procedencias de los pasajeros internacionales registrados en junio de 2015, los m\u00e1s numerosos fueron los procedentes de Italia que sumaron 70.826 viajeros; seguidos de los procedentes de Francia, con 55.742 viajeros; los de Reino Unido, con 43.725 viajeros; los de Alemania, con 41.125 viajeros; los de Holanda, con 24.452 viajeros y los procedentes de Suiza, con 22.344.<\/p>\n<p>Por lo que se refiere a los vuelos realizados, durante el mes de junio se gestionaron 5.430 operaciones, lo que supone un aumento del 4% respecto al mismo periodo del a\u00f1o anterior. Del global de vuelos realizados, 4.597 fueron de tipo comercial, un 9,6% m\u00e1s que en junio de 2014.<\/p>\n<p>A su vez, de estos vuelos comerciales, 1.956 tuvieron car\u00e1cter nacional, lo que supone un incremento del 6,1% y 2.641 fueron de car\u00e1cter internacional, lo que implica un aumento del 12,3%.<\/p>\n<p>DATOS ACUMULADOS<\/p>\n<p>Respecto a los datos acumulados, desde enero hasta junio el Aeropuerto de Valencia registr\u00f3 un total de 2.277.957 pasajeros, un 8,9% m\u00e1s que en los mismos meses de 2014 y gestion\u00f3 28.091 vuelos, un 4% m\u00e1s que en el mismo periodo del a\u00f1o anterior.<\/p>\n<p>En el apartado de carga, durante el mes de junio se transportaron a trav\u00e9s del Aeropuerto de Valencia 1.486 toneladas de mercanc\u00edas, un 50,5% m\u00e1s que el mismo mes de 2014.<\/p>\n<p>Y en este mismo apartado, de enero a junio de 2015 se gestionaron 6.814 toneladas de mercanc\u00edas, un 17% m\u00e1s que en el mismo periodo del pasado a\u00f1o<\/p>\n","protected":false},"excerpt":{"rendered":"<p>El aeropuerto de Alicante-Elche obtuvo su mejor registro en un mes de junio al alcanzar 1.073.957 pasajeros, lo que supone un 3 por ciento m\u00e1s que el mismo mes de 2014. Con esta nueva marca hist\u00f3rica ya son cuatro los meses consecutivos en los que el aeropuerto est\u00e1 contabilizando r\u00e9cord de viajeros. El acumulado del<\/p>\n","protected":false},"author":1,"featured_media":42523,"comment_status":"open","ping_status":"closed","sticky":false,"template":"","format":"standard","meta":{"footnotes":""},"categories":[224],"tags":[],"class_list":{"0":"post-42522","1":"post","2":"type-post","3":"status-publish","4":"format-standard","5":"has-post-thumbnail","7":"category-noticias-actualidad"},"aioseo_notices":[],"aioseo_head":"\n\t\t<!-- All in One SEO Pro 4.9.6.1 - aioseo.com -->\n\t<meta name=\"description\" content=\"El aeropuerto de Alicante-Elche obtuvo su mejor registro en un mes de junio al alcanzar 1.073.957 pasajeros, lo que supone un 3 por ciento m\u00e1s que el mismo mes de 2014. Con esta nueva marca hist\u00f3rica ya son cuatro los meses consecutivos en los que el aeropuerto est\u00e1 contabilizando r\u00e9cord de viajeros. El acumulado del\" \/>\n\t<meta name=\"robots\" content=\"max-image-preview:large\" \/>\n\t<meta name=\"author\" content=\"admin\"\/>\n\t<meta name=\"google-site-verification\" content=\"UA-38556648-1\" \/>\n\t<meta name=\"keywords\" content=\"noticias y actualidad\" \/>\n\t<link rel=\"canonical\" href=\"https:\/\/eldigitaldeasturias.com\/magazine365\/el-aeropuerto-de-alicante-acumula-cuatro-meses-de-record\/\" \/>\n\t<meta name=\"generator\" content=\"All in One SEO Pro (AIOSEO) 4.9.6.1\" \/>\n\t\t<meta property=\"og:locale\" content=\"es_ES\" \/>\n\t\t<meta property=\"og:site_name\" content=\"El Digital de Asturias \u2013 Revista de ocio, turismo y estilo de vida\" \/>\n\t\t<meta property=\"og:type\" content=\"article\" \/>\n\t\t<meta property=\"og:title\" content=\"El aeropuerto de Alicante acumula cuatro meses de r\u00e9cord | El Digital de Asturias\" \/>\n\t\t<meta property=\"og:description\" content=\"El aeropuerto de Alicante-Elche obtuvo su mejor registro en un mes de junio al alcanzar 1.073.957 pasajeros, lo que supone un 3 por ciento m\u00e1s que el mismo mes de 2014. Con esta nueva marca hist\u00f3rica ya son cuatro los meses consecutivos en los que el aeropuerto est\u00e1 contabilizando r\u00e9cord de viajeros. El acumulado del\" \/>\n\t\t<meta property=\"og:url\" content=\"https:\/\/eldigitaldeasturias.com\/magazine365\/el-aeropuerto-de-alicante-acumula-cuatro-meses-de-record\/\" \/>\n\t\t<meta property=\"og:image\" content=\"https:\/\/eldigitaldeasturias.com\/magazine365\/wp-content\/uploads\/2015\/07\/fotonoticia_20150713134256_800.jpg\" \/>\n\t\t<meta property=\"og:image:secure_url\" content=\"https:\/\/eldigitaldeasturias.com\/magazine365\/wp-content\/uploads\/2015\/07\/fotonoticia_20150713134256_800.jpg\" \/>\n\t\t<meta property=\"og:image:width\" content=\"800\" \/>\n\t\t<meta property=\"og:image:height\" content=\"433\" \/>\n\t\t<meta property=\"article:published_time\" content=\"2015-07-13T19:11:26+00:00\" \/>\n\t\t<meta property=\"article:modified_time\" content=\"2015-07-13T19:11:26+00:00\" \/>\n\t\t<meta name=\"twitter:card\" content=\"summary_large_image\" \/>\n\t\t<meta name=\"twitter:title\" content=\"El aeropuerto de Alicante acumula cuatro meses de r\u00e9cord | El Digital de Asturias\" \/>\n\t\t<meta name=\"twitter:description\" content=\"El aeropuerto de Alicante-Elche obtuvo su mejor registro en un mes de junio al alcanzar 1.073.957 pasajeros, lo que supone un 3 por ciento m\u00e1s que el mismo mes de 2014. Con esta nueva marca hist\u00f3rica ya son cuatro los meses consecutivos en los que el aeropuerto est\u00e1 contabilizando r\u00e9cord de viajeros. El acumulado del\" \/>\n\t\t<meta name=\"twitter:image\" content=\"https:\/\/eldigitaldeasturias.com\/magazine365\/wp-content\/uploads\/2015\/07\/fotonoticia_20150713134256_800.jpg\" \/>\n\t\t<script type=\"application\/ld+json\" class=\"aioseo-schema\">\n\t\t\t{\"@context\":\"https:\\\/\\\/schema.org\",\"@graph\":[{\"@type\":\"Article\",\"@id\":\"https:\\\/\\\/eldigitaldeasturias.com\\\/magazine365\\\/el-aeropuerto-de-alicante-acumula-cuatro-meses-de-record\\\/#article\",\"name\":\"El aeropuerto de Alicante acumula cuatro meses de r\\u00e9cord | El Digital de Asturias\",\"headline\":\"El aeropuerto de Alicante acumula cuatro meses de r\\u00e9cord\",\"author\":{\"@id\":\"https:\\\/\\\/eldigitaldeasturias.com\\\/magazine365\\\/author\\\/admin\\\/#author\"},\"publisher\":{\"@id\":\"https:\\\/\\\/eldigitaldeasturias.com\\\/magazine365\\\/#organization\"},\"image\":{\"@type\":\"ImageObject\",\"url\":\"https:\\\/\\\/eldigitaldeasturias.com\\\/magazine365\\\/wp-content\\\/uploads\\\/2015\\\/07\\\/fotonoticia_20150713134256_800.jpg\",\"width\":800,\"height\":433},\"datePublished\":\"2015-07-13T21:11:26+02:00\",\"dateModified\":\"2015-07-13T21:11:26+02:00\",\"inLanguage\":\"es-ES\",\"mainEntityOfPage\":{\"@id\":\"https:\\\/\\\/eldigitaldeasturias.com\\\/magazine365\\\/el-aeropuerto-de-alicante-acumula-cuatro-meses-de-record\\\/#webpage\"},\"isPartOf\":{\"@id\":\"https:\\\/\\\/eldigitaldeasturias.com\\\/magazine365\\\/el-aeropuerto-de-alicante-acumula-cuatro-meses-de-record\\\/#webpage\"},\"articleSection\":\"Noticias y Actualidad\"},{\"@type\":\"BreadcrumbList\",\"@id\":\"https:\\\/\\\/eldigitaldeasturias.com\\\/magazine365\\\/el-aeropuerto-de-alicante-acumula-cuatro-meses-de-record\\\/#breadcrumblist\",\"itemListElement\":[{\"@type\":\"ListItem\",\"@id\":\"https:\\\/\\\/eldigitaldeasturias.com\\\/magazine365#listItem\",\"position\":1,\"name\":\"Home\",\"item\":\"https:\\\/\\\/eldigitaldeasturias.com\\\/magazine365\",\"nextItem\":{\"@type\":\"ListItem\",\"@id\":\"https:\\\/\\\/eldigitaldeasturias.com\\\/magazine365\\\/category\\\/noticias-actualidad\\\/#listItem\",\"name\":\"Noticias y Actualidad\"}},{\"@type\":\"ListItem\",\"@id\":\"https:\\\/\\\/eldigitaldeasturias.com\\\/magazine365\\\/category\\\/noticias-actualidad\\\/#listItem\",\"position\":2,\"name\":\"Noticias y Actualidad\",\"item\":\"https:\\\/\\\/eldigitaldeasturias.com\\\/magazine365\\\/category\\\/noticias-actualidad\\\/\",\"nextItem\":{\"@type\":\"ListItem\",\"@id\":\"https:\\\/\\\/eldigitaldeasturias.com\\\/magazine365\\\/el-aeropuerto-de-alicante-acumula-cuatro-meses-de-record\\\/#listItem\",\"name\":\"El aeropuerto de Alicante acumula cuatro meses de r\\u00e9cord\"},\"previousItem\":{\"@type\":\"ListItem\",\"@id\":\"https:\\\/\\\/eldigitaldeasturias.com\\\/magazine365#listItem\",\"name\":\"Home\"}},{\"@type\":\"ListItem\",\"@id\":\"https:\\\/\\\/eldigitaldeasturias.com\\\/magazine365\\\/el-aeropuerto-de-alicante-acumula-cuatro-meses-de-record\\\/#listItem\",\"position\":3,\"name\":\"El aeropuerto de Alicante acumula cuatro meses de r\\u00e9cord\",\"previousItem\":{\"@type\":\"ListItem\",\"@id\":\"https:\\\/\\\/eldigitaldeasturias.com\\\/magazine365\\\/category\\\/noticias-actualidad\\\/#listItem\",\"name\":\"Noticias y Actualidad\"}}]},{\"@type\":\"Organization\",\"@id\":\"https:\\\/\\\/eldigitaldeasturias.com\\\/magazine365\\\/#organization\",\"name\":\"El digital de Asturias\",\"description\":\"Revista de ocio, turismo y estilo de vida\",\"url\":\"https:\\\/\\\/eldigitaldeasturias.com\\\/magazine365\\\/\",\"logo\":{\"@type\":\"ImageObject\",\"url\":\"https:\\\/\\\/www.eldigitaldeasturias.com\\\/noticias\\\/wp-content\\\/uploads\\\/2020\\\/12\\\/EDA.jpg\",\"@id\":\"https:\\\/\\\/eldigitaldeasturias.com\\\/magazine365\\\/el-aeropuerto-de-alicante-acumula-cuatro-meses-de-record\\\/#organizationLogo\"},\"image\":{\"@id\":\"https:\\\/\\\/eldigitaldeasturias.com\\\/magazine365\\\/el-aeropuerto-de-alicante-acumula-cuatro-meses-de-record\\\/#organizationLogo\"}},{\"@type\":\"Person\",\"@id\":\"https:\\\/\\\/eldigitaldeasturias.com\\\/magazine365\\\/author\\\/admin\\\/#author\",\"url\":\"https:\\\/\\\/eldigitaldeasturias.com\\\/magazine365\\\/author\\\/admin\\\/\",\"name\":\"admin\",\"image\":{\"@type\":\"ImageObject\",\"@id\":\"https:\\\/\\\/eldigitaldeasturias.com\\\/magazine365\\\/el-aeropuerto-de-alicante-acumula-cuatro-meses-de-record\\\/#authorImage\",\"url\":\"https:\\\/\\\/eldigitaldeasturias.com\\\/magazine365\\\/wp-content\\\/litespeed\\\/avatar\\\/e571bcf59a0edd6fa6838245a470f2fe.jpg?ver=1777574230\",\"width\":96,\"height\":96,\"caption\":\"admin\"}},{\"@type\":\"WebPage\",\"@id\":\"https:\\\/\\\/eldigitaldeasturias.com\\\/magazine365\\\/el-aeropuerto-de-alicante-acumula-cuatro-meses-de-record\\\/#webpage\",\"url\":\"https:\\\/\\\/eldigitaldeasturias.com\\\/magazine365\\\/el-aeropuerto-de-alicante-acumula-cuatro-meses-de-record\\\/\",\"name\":\"El aeropuerto de Alicante acumula cuatro meses de r\\u00e9cord | El Digital de Asturias\",\"description\":\"El aeropuerto de Alicante-Elche obtuvo su mejor registro en un mes de junio al alcanzar 1.073.957 pasajeros, lo que supone un 3 por ciento m\\u00e1s que el mismo mes de 2014. Con esta nueva marca hist\\u00f3rica ya son cuatro los meses consecutivos en los que el aeropuerto est\\u00e1 contabilizando r\\u00e9cord de viajeros. El acumulado del\",\"inLanguage\":\"es-ES\",\"isPartOf\":{\"@id\":\"https:\\\/\\\/eldigitaldeasturias.com\\\/magazine365\\\/#website\"},\"breadcrumb\":{\"@id\":\"https:\\\/\\\/eldigitaldeasturias.com\\\/magazine365\\\/el-aeropuerto-de-alicante-acumula-cuatro-meses-de-record\\\/#breadcrumblist\"},\"author\":{\"@id\":\"https:\\\/\\\/eldigitaldeasturias.com\\\/magazine365\\\/author\\\/admin\\\/#author\"},\"creator\":{\"@id\":\"https:\\\/\\\/eldigitaldeasturias.com\\\/magazine365\\\/author\\\/admin\\\/#author\"},\"image\":{\"@type\":\"ImageObject\",\"url\":\"https:\\\/\\\/eldigitaldeasturias.com\\\/magazine365\\\/wp-content\\\/uploads\\\/2015\\\/07\\\/fotonoticia_20150713134256_800.jpg\",\"@id\":\"https:\\\/\\\/eldigitaldeasturias.com\\\/magazine365\\\/el-aeropuerto-de-alicante-acumula-cuatro-meses-de-record\\\/#mainImage\",\"width\":800,\"height\":433},\"primaryImageOfPage\":{\"@id\":\"https:\\\/\\\/eldigitaldeasturias.com\\\/magazine365\\\/el-aeropuerto-de-alicante-acumula-cuatro-meses-de-record\\\/#mainImage\"},\"datePublished\":\"2015-07-13T21:11:26+02:00\",\"dateModified\":\"2015-07-13T21:11:26+02:00\"},{\"@type\":\"WebSite\",\"@id\":\"https:\\\/\\\/eldigitaldeasturias.com\\\/magazine365\\\/#website\",\"url\":\"https:\\\/\\\/eldigitaldeasturias.com\\\/magazine365\\\/\",\"name\":\"El Digital de Asturias\",\"description\":\"Revista de ocio, turismo y estilo de vida\",\"inLanguage\":\"es-ES\",\"publisher\":{\"@id\":\"https:\\\/\\\/eldigitaldeasturias.com\\\/magazine365\\\/#organization\"}}]}\n\t\t<\/script>\n\t\t<!-- All in One SEO Pro -->\r\n\t\t<title>El aeropuerto de Alicante acumula cuatro meses de r\u00e9cord | El Digital de Asturias<\/title>\n\n","aioseo_head_json":{"title":"El aeropuerto de Alicante acumula cuatro meses de r\u00e9cord | El Digital de Asturias","description":"El aeropuerto de Alicante-Elche obtuvo su mejor registro en un mes de junio al alcanzar 1.073.957 pasajeros, lo que supone un 3 por ciento m\u00e1s que el mismo mes de 2014. Con esta nueva marca hist\u00f3rica ya son cuatro los meses consecutivos en los que el aeropuerto est\u00e1 contabilizando r\u00e9cord de viajeros. El acumulado del","canonical_url":"https:\/\/eldigitaldeasturias.com\/magazine365\/el-aeropuerto-de-alicante-acumula-cuatro-meses-de-record\/","robots":"max-image-preview:large","keywords":"noticias y actualidad","webmasterTools":{"google-site-verification":"UA-38556648-1","miscellaneous":""},"schema":{"@context":"https:\/\/schema.org","@graph":[{"@type":"Article","@id":"https:\/\/eldigitaldeasturias.com\/magazine365\/el-aeropuerto-de-alicante-acumula-cuatro-meses-de-record\/#article","name":"El aeropuerto de Alicante acumula cuatro meses de r\u00e9cord | El Digital de Asturias","headline":"El aeropuerto de Alicante acumula cuatro meses de r\u00e9cord","author":{"@id":"https:\/\/eldigitaldeasturias.com\/magazine365\/author\/admin\/#author"},"publisher":{"@id":"https:\/\/eldigitaldeasturias.com\/magazine365\/#organization"},"image":{"@type":"ImageObject","url":"https:\/\/eldigitaldeasturias.com\/magazine365\/wp-content\/uploads\/2015\/07\/fotonoticia_20150713134256_800.jpg","width":800,"height":433},"datePublished":"2015-07-13T21:11:26+02:00","dateModified":"2015-07-13T21:11:26+02:00","inLanguage":"es-ES","mainEntityOfPage":{"@id":"https:\/\/eldigitaldeasturias.com\/magazine365\/el-aeropuerto-de-alicante-acumula-cuatro-meses-de-record\/#webpage"},"isPartOf":{"@id":"https:\/\/eldigitaldeasturias.com\/magazine365\/el-aeropuerto-de-alicante-acumula-cuatro-meses-de-record\/#webpage"},"articleSection":"Noticias y Actualidad"},{"@type":"BreadcrumbList","@id":"https:\/\/eldigitaldeasturias.com\/magazine365\/el-aeropuerto-de-alicante-acumula-cuatro-meses-de-record\/#breadcrumblist","itemListElement":[{"@type":"ListItem","@id":"https:\/\/eldigitaldeasturias.com\/magazine365#listItem","position":1,"name":"Home","item":"https:\/\/eldigitaldeasturias.com\/magazine365","nextItem":{"@type":"ListItem","@id":"https:\/\/eldigitaldeasturias.com\/magazine365\/category\/noticias-actualidad\/#listItem","name":"Noticias y Actualidad"}},{"@type":"ListItem","@id":"https:\/\/eldigitaldeasturias.com\/magazine365\/category\/noticias-actualidad\/#listItem","position":2,"name":"Noticias y Actualidad","item":"https:\/\/eldigitaldeasturias.com\/magazine365\/category\/noticias-actualidad\/","nextItem":{"@type":"ListItem","@id":"https:\/\/eldigitaldeasturias.com\/magazine365\/el-aeropuerto-de-alicante-acumula-cuatro-meses-de-record\/#listItem","name":"El aeropuerto de Alicante acumula cuatro meses de r\u00e9cord"},"previousItem":{"@type":"ListItem","@id":"https:\/\/eldigitaldeasturias.com\/magazine365#listItem","name":"Home"}},{"@type":"ListItem","@id":"https:\/\/eldigitaldeasturias.com\/magazine365\/el-aeropuerto-de-alicante-acumula-cuatro-meses-de-record\/#listItem","position":3,"name":"El aeropuerto de Alicante acumula cuatro meses de r\u00e9cord","previousItem":{"@type":"ListItem","@id":"https:\/\/eldigitaldeasturias.com\/magazine365\/category\/noticias-actualidad\/#listItem","name":"Noticias y Actualidad"}}]},{"@type":"Organization","@id":"https:\/\/eldigitaldeasturias.com\/magazine365\/#organization","name":"El digital de Asturias","description":"Revista de ocio, turismo y estilo de vida","url":"https:\/\/eldigitaldeasturias.com\/magazine365\/","logo":{"@type":"ImageObject","url":"https:\/\/www.eldigitaldeasturias.com\/noticias\/wp-content\/uploads\/2020\/12\/EDA.jpg","@id":"https:\/\/eldigitaldeasturias.com\/magazine365\/el-aeropuerto-de-alicante-acumula-cuatro-meses-de-record\/#organizationLogo"},"image":{"@id":"https:\/\/eldigitaldeasturias.com\/magazine365\/el-aeropuerto-de-alicante-acumula-cuatro-meses-de-record\/#organizationLogo"}},{"@type":"Person","@id":"https:\/\/eldigitaldeasturias.com\/magazine365\/author\/admin\/#author","url":"https:\/\/eldigitaldeasturias.com\/magazine365\/author\/admin\/","name":"admin","image":{"@type":"ImageObject","@id":"https:\/\/eldigitaldeasturias.com\/magazine365\/el-aeropuerto-de-alicante-acumula-cuatro-meses-de-record\/#authorImage","url":"https:\/\/eldigitaldeasturias.com\/magazine365\/wp-content\/litespeed\/avatar\/e571bcf59a0edd6fa6838245a470f2fe.jpg?ver=1777574230","width":96,"height":96,"caption":"admin"}},{"@type":"WebPage","@id":"https:\/\/eldigitaldeasturias.com\/magazine365\/el-aeropuerto-de-alicante-acumula-cuatro-meses-de-record\/#webpage","url":"https:\/\/eldigitaldeasturias.com\/magazine365\/el-aeropuerto-de-alicante-acumula-cuatro-meses-de-record\/","name":"El aeropuerto de Alicante acumula cuatro meses de r\u00e9cord | El Digital de Asturias","description":"El aeropuerto de Alicante-Elche obtuvo su mejor registro en un mes de junio al alcanzar 1.073.957 pasajeros, lo que supone un 3 por ciento m\u00e1s que el mismo mes de 2014. Con esta nueva marca hist\u00f3rica ya son cuatro los meses consecutivos en los que el aeropuerto est\u00e1 contabilizando r\u00e9cord de viajeros. El acumulado del","inLanguage":"es-ES","isPartOf":{"@id":"https:\/\/eldigitaldeasturias.com\/magazine365\/#website"},"breadcrumb":{"@id":"https:\/\/eldigitaldeasturias.com\/magazine365\/el-aeropuerto-de-alicante-acumula-cuatro-meses-de-record\/#breadcrumblist"},"author":{"@id":"https:\/\/eldigitaldeasturias.com\/magazine365\/author\/admin\/#author"},"creator":{"@id":"https:\/\/eldigitaldeasturias.com\/magazine365\/author\/admin\/#author"},"image":{"@type":"ImageObject","url":"https:\/\/eldigitaldeasturias.com\/magazine365\/wp-content\/uploads\/2015\/07\/fotonoticia_20150713134256_800.jpg","@id":"https:\/\/eldigitaldeasturias.com\/magazine365\/el-aeropuerto-de-alicante-acumula-cuatro-meses-de-record\/#mainImage","width":800,"height":433},"primaryImageOfPage":{"@id":"https:\/\/eldigitaldeasturias.com\/magazine365\/el-aeropuerto-de-alicante-acumula-cuatro-meses-de-record\/#mainImage"},"datePublished":"2015-07-13T21:11:26+02:00","dateModified":"2015-07-13T21:11:26+02:00"},{"@type":"WebSite","@id":"https:\/\/eldigitaldeasturias.com\/magazine365\/#website","url":"https:\/\/eldigitaldeasturias.com\/magazine365\/","name":"El Digital de Asturias","description":"Revista de ocio, turismo y estilo de vida","inLanguage":"es-ES","publisher":{"@id":"https:\/\/eldigitaldeasturias.com\/magazine365\/#organization"}}]},"og:locale":"es_ES","og:site_name":"El Digital de Asturias \u2013 Revista de ocio, turismo y estilo de vida","og:type":"article","og:title":"El aeropuerto de Alicante acumula cuatro meses de r\u00e9cord | El Digital de Asturias","og:description":"El aeropuerto de Alicante-Elche obtuvo su mejor registro en un mes de junio al alcanzar 1.073.957 pasajeros, lo que supone un 3 por ciento m\u00e1s que el mismo mes de 2014. Con esta nueva marca hist\u00f3rica ya son cuatro los meses consecutivos en los que el aeropuerto est\u00e1 contabilizando r\u00e9cord de viajeros. El acumulado del","og:url":"https:\/\/eldigitaldeasturias.com\/magazine365\/el-aeropuerto-de-alicante-acumula-cuatro-meses-de-record\/","og:image":"https:\/\/eldigitaldeasturias.com\/magazine365\/wp-content\/uploads\/2015\/07\/fotonoticia_20150713134256_800.jpg","og:image:secure_url":"https:\/\/eldigitaldeasturias.com\/magazine365\/wp-content\/uploads\/2015\/07\/fotonoticia_20150713134256_800.jpg","og:image:width":800,"og:image:height":433,"article:published_time":"2015-07-13T19:11:26+00:00","article:modified_time":"2015-07-13T19:11:26+00:00","twitter:card":"summary_large_image","twitter:title":"El aeropuerto de Alicante acumula cuatro meses de r\u00e9cord | El Digital de Asturias","twitter:description":"El aeropuerto de Alicante-Elche obtuvo su mejor registro en un mes de junio al alcanzar 1.073.957 pasajeros, lo que supone un 3 por ciento m\u00e1s que el mismo mes de 2014. Con esta nueva marca hist\u00f3rica ya son cuatro los meses consecutivos en los que el aeropuerto est\u00e1 contabilizando r\u00e9cord de viajeros. El acumulado del","twitter:image":"https:\/\/eldigitaldeasturias.com\/magazine365\/wp-content\/uploads\/2015\/07\/fotonoticia_20150713134256_800.jpg"},"aioseo_meta_data":{"post_id":"42522","title":null,"description":null,"keywords":null,"keyphrases":null,"primary_term":null,"canonical_url":null,"og_title":null,"og_description":null,"og_object_type":"default","og_image_type":"default","og_image_url":null,"og_image_width":null,"og_image_height":null,"og_image_custom_url":null,"og_image_custom_fields":null,"og_video":null,"og_custom_url":null,"og_article_section":null,"og_article_tags":null,"twitter_use_og":false,"twitter_card":"default","twitter_image_type":"default","twitter_image_url":null,"twitter_image_custom_url":null,"twitter_image_custom_fields":null,"twitter_title":null,"twitter_description":null,"schema":{"blockGraphs":[],"customGraphs":[],"default":{"data":{"Article":[],"Course":[],"Dataset":[],"FAQPage":[],"Movie":[],"Person":[],"Product":[],"ProductReview":[],"Car":[],"Recipe":[],"Service":[],"SoftwareApplication":[],"WebPage":[]},"graphName":"","isEnabled":true},"graphs":[],"defaultGraph":"","defaultPostTypeGraph":""},"schema_type":null,"schema_type_options":null,"pillar_content":false,"robots_default":true,"robots_noindex":false,"robots_noarchive":false,"robots_nosnippet":false,"robots_nofollow":false,"robots_noimageindex":false,"robots_noodp":false,"robots_notranslate":false,"robots_max_snippet":null,"robots_max_videopreview":null,"robots_max_imagepreview":"large","priority":null,"frequency":null,"location":null,"local_seo":null,"seo_analyzer_scan_date":"2025-09-19 17:55:56","breadcrumb_settings":null,"limit_modified_date":false,"open_ai":null,"ai":null,"created":"2021-03-09 01:59:47","updated":"2025-09-19 17:55:56"},"aioseo_breadcrumb":"<div class=\"aioseo-breadcrumbs\"><span class=\"aioseo-breadcrumb\">\n\t<a href=\"https:\/\/eldigitaldeasturias.com\/magazine365\" title=\"Home\">Home<\/a>\n<\/span><span class=\"aioseo-breadcrumb-separator\">\u2013<\/span><span class=\"aioseo-breadcrumb\">\n\t<a href=\"https:\/\/eldigitaldeasturias.com\/magazine365\/category\/noticias-actualidad\/\" title=\"Noticias y Actualidad\">Noticias y Actualidad<\/a>\n<\/span><span class=\"aioseo-breadcrumb-separator\">\u2013<\/span><span class=\"aioseo-breadcrumb\">\n\t<a href=\"https:\/\/eldigitaldeasturias.com\/magazine365\/el-aeropuerto-de-alicante-acumula-cuatro-meses-de-record\/\" title=\"El aeropuerto de Alicante acumula cuatro meses de r\u00e9cord\">El aeropuerto de Alicante acumula cuatro meses de r\u00e9cord<\/a>\n<\/span><\/div>","aioseo_breadcrumb_json":[{"label":"Home","link":"https:\/\/eldigitaldeasturias.com\/magazine365"},{"label":"Noticias y Actualidad","link":"https:\/\/eldigitaldeasturias.com\/magazine365\/category\/noticias-actualidad\/"},{"label":"El aeropuerto de Alicante acumula cuatro meses de r\u00e9cord","link":"https:\/\/eldigitaldeasturias.com\/magazine365\/el-aeropuerto-de-alicante-acumula-cuatro-meses-de-record\/"}],"_links":{"self":[{"href":"https:\/\/eldigitaldeasturias.com\/magazine365\/wp-json\/wp\/v2\/posts\/42522","targetHints":{"allow":["GET"]}}],"collection":[{"href":"https:\/\/eldigitaldeasturias.com\/magazine365\/wp-json\/wp\/v2\/posts"}],"about":[{"href":"https:\/\/eldigitaldeasturias.com\/magazine365\/wp-json\/wp\/v2\/types\/post"}],"author":[{"embeddable":true,"href":"https:\/\/eldigitaldeasturias.com\/magazine365\/wp-json\/wp\/v2\/users\/1"}],"replies":[{"embeddable":true,"href":"https:\/\/eldigitaldeasturias.com\/magazine365\/wp-json\/wp\/v2\/comments?post=42522"}],"version-history":[{"count":0,"href":"https:\/\/eldigitaldeasturias.com\/magazine365\/wp-json\/wp\/v2\/posts\/42522\/revisions"}],"wp:featuredmedia":[{"embeddable":true,"href":"https:\/\/eldigitaldeasturias.com\/magazine365\/wp-json\/wp\/v2\/media\/42523"}],"wp:attachment":[{"href":"https:\/\/eldigitaldeasturias.com\/magazine365\/wp-json\/wp\/v2\/media?parent=42522"}],"wp:term":[{"taxonomy":"category","embeddable":true,"href":"https:\/\/eldigitaldeasturias.com\/magazine365\/wp-json\/wp\/v2\/categories?post=42522"},{"taxonomy":"post_tag","embeddable":true,"href":"https:\/\/eldigitaldeasturias.com\/magazine365\/wp-json\/wp\/v2\/tags?post=42522"}],"curies":[{"name":"wp","href":"https:\/\/api.w.org\/{rel}","templated":true}]}}