{"id":42516,"date":"2015-07-13T21:06:11","date_gmt":"2015-07-13T19:06:11","guid":{"rendered":"http:\/\/eldigitaldeasturias.com\/magazine365\/?p=42516"},"modified":"2015-07-13T21:06:11","modified_gmt":"2015-07-13T19:06:11","slug":"un-millon-de-viajeros-utilizaron-los-trenes-que-unen-andalucia-con-cataluna-y-comunidad-valenciana-en-el-primer-semestre","status":"publish","type":"post","link":"https:\/\/eldigitaldeasturias.com\/magazine365\/un-millon-de-viajeros-utilizaron-los-trenes-que-unen-andalucia-con-cataluna-y-comunidad-valenciana-en-el-primer-semestre\/","title":{"rendered":"Un mill\u00f3n de viajeros utilizaron los trenes que unen Andaluc\u00eda con Catalu\u00f1a y Comunidad Valenciana en el primer semestre"},"content":{"rendered":"<p><img fetchpriority=\"high\" decoding=\"async\" class=\"alignleft size-medium wp-image-42517\" src=\"https:\/\/eldigitaldeasturias.com\/magazine365\/wp-content\/uploads\/2015\/07\/fotonoticia_20150713132202_800-360x243.jpg\" alt=\"fotonoticia_20150713132202_800\" width=\"360\" height=\"243\" srcset=\"https:\/\/eldigitaldeasturias.com\/magazine365\/wp-content\/uploads\/2015\/07\/fotonoticia_20150713132202_800-360x243.jpg 360w, https:\/\/eldigitaldeasturias.com\/magazine365\/wp-content\/uploads\/2015\/07\/fotonoticia_20150713132202_800-650x438.jpg 650w, https:\/\/eldigitaldeasturias.com\/magazine365\/wp-content\/uploads\/2015\/07\/fotonoticia_20150713132202_800-768x517.jpg 768w, https:\/\/eldigitaldeasturias.com\/magazine365\/wp-content\/uploads\/2015\/07\/fotonoticia_20150713132202_800-150x101.jpg 150w, https:\/\/eldigitaldeasturias.com\/magazine365\/wp-content\/uploads\/2015\/07\/fotonoticia_20150713132202_800-450x303.jpg 450w, https:\/\/eldigitaldeasturias.com\/magazine365\/wp-content\/uploads\/2015\/07\/fotonoticia_20150713132202_800-696x469.jpg 696w, https:\/\/eldigitaldeasturias.com\/magazine365\/wp-content\/uploads\/2015\/07\/fotonoticia_20150713132202_800-623x420.jpg 623w, https:\/\/eldigitaldeasturias.com\/magazine365\/wp-content\/uploads\/2015\/07\/fotonoticia_20150713132202_800.jpg 800w\" sizes=\"(max-width: 360px) 100vw, 360px\" \/>Los distintos servicios de Alta Velocidad-Larga Distancia que Renfe ofrece entre Andaluc\u00eda, Catalu\u00f1a y la Comunidad Valenciana han sido utilizados por 1.000.500 de viajeros durante el primer semestre de este a\u00f1o, lo que supone un incremento del 5,6 por ciento, 53.302 viajeros m\u00e1s, con respecto al mismo periodo de 2014.<\/p>\n<p>Seg\u00fan ha informado Renfe en una nota de prensa, el servicio con mayor demanda es el AVE Barcelona-Zaragoza-C\u00f3rdoba-Sevilla, que ha registrado un total de 348.454 viajeros. En comparaci\u00f3n con los datos del primer semestre del a\u00f1o pasado supone un incremento del 6,5 por ciento.<\/p>\n<p>Este verano, Renfe va a incrementar la oferta de esta relaci\u00f3n, de modo que del 13 de julio al 10 de septiembre van a circular seis trenes diarios, tres por sentido, excepto los s\u00e1bados que circular\u00e1n cuatro, dos por sentido.<\/p>\n<p>Por volumen de viajeros, le sigue la relaci\u00f3n Barcelona-Zaragoza-C\u00f3rdoba-M\u00e1laga, con un total de 274.087, un 8 por ciento m\u00e1s que los seis primeros meses de 2014. Tambi\u00e9n en verano ser\u00e1n 6 los trenes AVE que enlacen estas ciudades los viernes, domingos y lunes.<\/p>\n<p>Por su parte, los trenes Talgo que enlazan Barcelona con Valencia, C\u00f3rdoba y Sevilla por v\u00eda convencional, han sido utilizados por 153.728 viajeros, con un ligero incremento con respeto al a\u00f1o anterior (0,6 por ciento).<\/p>\n<p>En cuanto al AVE Valencia-Sevilla, el primer semestre ha registrado un total de 113.185 viajeros, un 5 por ciento m\u00e1s con respecto al mismo periodo de 2014.<\/p>\n<p>El servicio de alta velocidad AV City Valencia-M\u00e1laga, con 48.405 viajeros, es el que m\u00e1s ha crecido porcentualmente en los primeros seis meses del a\u00f1o (11,9 por ciento). Estos trenes circulan habitualmente los fines de semana, ampliando sus servicios para la temporada estival y fechas punta. As\u00ed, a partir del 14 de julio, el AV City circular\u00e1 desde M\u00e1laga hacia y Valencia todos los d\u00edas de la semana, excepto los lunes; mientras que en sentido inverso, habr\u00e1 trenes directos a diario excepto los s\u00e1bados.<\/p>\n<p>TRENES DIRECTOS M\u00c1LAGA-BILBAO Y SEVILLA-ALICANTE<\/p>\n<p>Para el mes de agosto, Renfe ha puesto a la venta los servicios directos Bilbao-C\u00f3rdoba-M\u00e1laga y el AVE Sevilla-C\u00f3rdoba-Alicante.<\/p>\n<p>El tren Bilbao-M\u00e1laga, conocido como Picasso, circular\u00e1 dos veces por semana. Saldr\u00e1 de Bilbao los lunes y viernes a las 6,30 horas; y de M\u00e1laga los martes y domingos a las 12,25 horas, con paradas en Miranda de Ebro, Haro, Logro\u00f1o, Calahorra, Alfaro, Castej\u00f3n, Tudela de Navarra, Zaragoza, Calatayud, Ciudad Real, C\u00f3rdoba, Puente Genil-Herrera y Antequera-Santa Ana.<\/p>\n<p>Adem\u00e1s, del 31 de julio al 30 de agosto circular\u00e1n los trenes AVE directos entre Alicante y Sevilla, en ambos sentidos, los martes, viernes y domingos. Desde Sevilla, los trenes saldr\u00e1n a las 9,10 horas y desde Alicante a las 16,00 horas. El tiempo de viaje ser\u00e1 de en torno a 4 horas 40 minutos. Estos trenes tienen enlace, mediante billete integrado, para viajeros de C\u00e1diz y M\u00e1laga. Todos los servicios tendr\u00e1n paradas intermedias en C\u00f3rdoba, Puertollano, Ciudad Real, Cuenca, Albacete y Villena.<\/p>\n","protected":false},"excerpt":{"rendered":"<p>Los distintos servicios de Alta Velocidad-Larga Distancia que Renfe ofrece entre Andaluc\u00eda, Catalu\u00f1a y la Comunidad Valenciana han sido utilizados por 1.000.500 de viajeros durante el primer semestre de este a\u00f1o, lo que supone un incremento del 5,6 por ciento, 53.302 viajeros m\u00e1s, con respecto al mismo periodo de 2014. Seg\u00fan ha informado Renfe en<\/p>\n","protected":false},"author":1,"featured_media":42517,"comment_status":"open","ping_status":"closed","sticky":false,"template":"","format":"standard","meta":{"footnotes":""},"categories":[224],"tags":[],"class_list":{"0":"post-42516","1":"post","2":"type-post","3":"status-publish","4":"format-standard","5":"has-post-thumbnail","7":"category-noticias-actualidad"},"aioseo_notices":[],"aioseo_head":"\n\t\t<!-- All in One SEO Pro 4.9.6.1 - aioseo.com -->\n\t<meta name=\"description\" content=\"Los distintos servicios de Alta Velocidad-Larga Distancia que Renfe ofrece entre Andaluc\u00eda, Catalu\u00f1a y la Comunidad Valenciana han sido utilizados por 1.000.500 de viajeros durante el primer semestre de este a\u00f1o, lo que supone un incremento del 5,6 por ciento, 53.302 viajeros m\u00e1s, con respecto al mismo periodo de 2014. Seg\u00fan ha informado Renfe en\" \/>\n\t<meta name=\"robots\" content=\"max-image-preview:large\" \/>\n\t<meta name=\"author\" content=\"admin\"\/>\n\t<meta name=\"google-site-verification\" content=\"UA-38556648-1\" \/>\n\t<meta name=\"keywords\" content=\"noticias y actualidad\" \/>\n\t<link rel=\"canonical\" href=\"https:\/\/eldigitaldeasturias.com\/magazine365\/un-millon-de-viajeros-utilizaron-los-trenes-que-unen-andalucia-con-cataluna-y-comunidad-valenciana-en-el-primer-semestre\/\" \/>\n\t<meta name=\"generator\" content=\"All in One SEO Pro (AIOSEO) 4.9.6.1\" \/>\n\t\t<meta property=\"og:locale\" content=\"es_ES\" \/>\n\t\t<meta property=\"og:site_name\" content=\"El Digital de Asturias \u2013 Revista de ocio, turismo y estilo de vida\" \/>\n\t\t<meta property=\"og:type\" content=\"article\" \/>\n\t\t<meta property=\"og:title\" content=\"Un mill\u00f3n de viajeros utilizaron los trenes que unen Andaluc\u00eda con Catalu\u00f1a y Comunidad Valenciana en el primer semestre | El Digital de Asturias\" \/>\n\t\t<meta property=\"og:description\" content=\"Los distintos servicios de Alta Velocidad-Larga Distancia que Renfe ofrece entre Andaluc\u00eda, Catalu\u00f1a y la Comunidad Valenciana han sido utilizados por 1.000.500 de viajeros durante el primer semestre de este a\u00f1o, lo que supone un incremento del 5,6 por ciento, 53.302 viajeros m\u00e1s, con respecto al mismo periodo de 2014. Seg\u00fan ha informado Renfe en\" \/>\n\t\t<meta property=\"og:url\" content=\"https:\/\/eldigitaldeasturias.com\/magazine365\/un-millon-de-viajeros-utilizaron-los-trenes-que-unen-andalucia-con-cataluna-y-comunidad-valenciana-en-el-primer-semestre\/\" \/>\n\t\t<meta property=\"og:image\" content=\"https:\/\/eldigitaldeasturias.com\/magazine365\/wp-content\/uploads\/2015\/07\/fotonoticia_20150713132202_800.jpg\" \/>\n\t\t<meta property=\"og:image:secure_url\" content=\"https:\/\/eldigitaldeasturias.com\/magazine365\/wp-content\/uploads\/2015\/07\/fotonoticia_20150713132202_800.jpg\" \/>\n\t\t<meta property=\"og:image:width\" content=\"800\" \/>\n\t\t<meta property=\"og:image:height\" content=\"539\" \/>\n\t\t<meta property=\"article:published_time\" content=\"2015-07-13T19:06:11+00:00\" \/>\n\t\t<meta property=\"article:modified_time\" content=\"2015-07-13T19:06:11+00:00\" \/>\n\t\t<meta name=\"twitter:card\" content=\"summary_large_image\" \/>\n\t\t<meta name=\"twitter:title\" content=\"Un mill\u00f3n de viajeros utilizaron los trenes que unen Andaluc\u00eda con Catalu\u00f1a y Comunidad Valenciana en el primer semestre | El Digital de Asturias\" \/>\n\t\t<meta name=\"twitter:description\" content=\"Los distintos servicios de Alta Velocidad-Larga Distancia que Renfe ofrece entre Andaluc\u00eda, Catalu\u00f1a y la Comunidad Valenciana han sido utilizados por 1.000.500 de viajeros durante el primer semestre de este a\u00f1o, lo que supone un incremento del 5,6 por ciento, 53.302 viajeros m\u00e1s, con respecto al mismo periodo de 2014. Seg\u00fan ha informado Renfe en\" \/>\n\t\t<meta name=\"twitter:image\" content=\"https:\/\/eldigitaldeasturias.com\/magazine365\/wp-content\/uploads\/2015\/07\/fotonoticia_20150713132202_800.jpg\" \/>\n\t\t<script type=\"application\/ld+json\" class=\"aioseo-schema\">\n\t\t\t{\"@context\":\"https:\\\/\\\/schema.org\",\"@graph\":[{\"@type\":\"Article\",\"@id\":\"https:\\\/\\\/eldigitaldeasturias.com\\\/magazine365\\\/un-millon-de-viajeros-utilizaron-los-trenes-que-unen-andalucia-con-cataluna-y-comunidad-valenciana-en-el-primer-semestre\\\/#article\",\"name\":\"Un mill\\u00f3n de viajeros utilizaron los trenes que unen Andaluc\\u00eda con Catalu\\u00f1a y Comunidad Valenciana en el primer semestre | El Digital de Asturias\",\"headline\":\"Un mill\\u00f3n de viajeros utilizaron los trenes que unen Andaluc\\u00eda con Catalu\\u00f1a y Comunidad Valenciana en el primer semestre\",\"author\":{\"@id\":\"https:\\\/\\\/eldigitaldeasturias.com\\\/magazine365\\\/author\\\/admin\\\/#author\"},\"publisher\":{\"@id\":\"https:\\\/\\\/eldigitaldeasturias.com\\\/magazine365\\\/#organization\"},\"image\":{\"@type\":\"ImageObject\",\"url\":\"https:\\\/\\\/eldigitaldeasturias.com\\\/magazine365\\\/wp-content\\\/uploads\\\/2015\\\/07\\\/fotonoticia_20150713132202_800.jpg\",\"width\":800,\"height\":539},\"datePublished\":\"2015-07-13T21:06:11+02:00\",\"dateModified\":\"2015-07-13T21:06:11+02:00\",\"inLanguage\":\"es-ES\",\"mainEntityOfPage\":{\"@id\":\"https:\\\/\\\/eldigitaldeasturias.com\\\/magazine365\\\/un-millon-de-viajeros-utilizaron-los-trenes-que-unen-andalucia-con-cataluna-y-comunidad-valenciana-en-el-primer-semestre\\\/#webpage\"},\"isPartOf\":{\"@id\":\"https:\\\/\\\/eldigitaldeasturias.com\\\/magazine365\\\/un-millon-de-viajeros-utilizaron-los-trenes-que-unen-andalucia-con-cataluna-y-comunidad-valenciana-en-el-primer-semestre\\\/#webpage\"},\"articleSection\":\"Noticias y Actualidad\"},{\"@type\":\"BreadcrumbList\",\"@id\":\"https:\\\/\\\/eldigitaldeasturias.com\\\/magazine365\\\/un-millon-de-viajeros-utilizaron-los-trenes-que-unen-andalucia-con-cataluna-y-comunidad-valenciana-en-el-primer-semestre\\\/#breadcrumblist\",\"itemListElement\":[{\"@type\":\"ListItem\",\"@id\":\"https:\\\/\\\/eldigitaldeasturias.com\\\/magazine365#listItem\",\"position\":1,\"name\":\"Home\",\"item\":\"https:\\\/\\\/eldigitaldeasturias.com\\\/magazine365\",\"nextItem\":{\"@type\":\"ListItem\",\"@id\":\"https:\\\/\\\/eldigitaldeasturias.com\\\/magazine365\\\/category\\\/noticias-actualidad\\\/#listItem\",\"name\":\"Noticias y Actualidad\"}},{\"@type\":\"ListItem\",\"@id\":\"https:\\\/\\\/eldigitaldeasturias.com\\\/magazine365\\\/category\\\/noticias-actualidad\\\/#listItem\",\"position\":2,\"name\":\"Noticias y Actualidad\",\"item\":\"https:\\\/\\\/eldigitaldeasturias.com\\\/magazine365\\\/category\\\/noticias-actualidad\\\/\",\"nextItem\":{\"@type\":\"ListItem\",\"@id\":\"https:\\\/\\\/eldigitaldeasturias.com\\\/magazine365\\\/un-millon-de-viajeros-utilizaron-los-trenes-que-unen-andalucia-con-cataluna-y-comunidad-valenciana-en-el-primer-semestre\\\/#listItem\",\"name\":\"Un mill\\u00f3n de viajeros utilizaron los trenes que unen Andaluc\\u00eda con Catalu\\u00f1a y Comunidad Valenciana en el primer semestre\"},\"previousItem\":{\"@type\":\"ListItem\",\"@id\":\"https:\\\/\\\/eldigitaldeasturias.com\\\/magazine365#listItem\",\"name\":\"Home\"}},{\"@type\":\"ListItem\",\"@id\":\"https:\\\/\\\/eldigitaldeasturias.com\\\/magazine365\\\/un-millon-de-viajeros-utilizaron-los-trenes-que-unen-andalucia-con-cataluna-y-comunidad-valenciana-en-el-primer-semestre\\\/#listItem\",\"position\":3,\"name\":\"Un mill\\u00f3n de viajeros utilizaron los trenes que unen Andaluc\\u00eda con Catalu\\u00f1a y Comunidad Valenciana en el primer semestre\",\"previousItem\":{\"@type\":\"ListItem\",\"@id\":\"https:\\\/\\\/eldigitaldeasturias.com\\\/magazine365\\\/category\\\/noticias-actualidad\\\/#listItem\",\"name\":\"Noticias y Actualidad\"}}]},{\"@type\":\"Organization\",\"@id\":\"https:\\\/\\\/eldigitaldeasturias.com\\\/magazine365\\\/#organization\",\"name\":\"El digital de Asturias\",\"description\":\"Revista de ocio, turismo y estilo de vida\",\"url\":\"https:\\\/\\\/eldigitaldeasturias.com\\\/magazine365\\\/\",\"logo\":{\"@type\":\"ImageObject\",\"url\":\"https:\\\/\\\/www.eldigitaldeasturias.com\\\/noticias\\\/wp-content\\\/uploads\\\/2020\\\/12\\\/EDA.jpg\",\"@id\":\"https:\\\/\\\/eldigitaldeasturias.com\\\/magazine365\\\/un-millon-de-viajeros-utilizaron-los-trenes-que-unen-andalucia-con-cataluna-y-comunidad-valenciana-en-el-primer-semestre\\\/#organizationLogo\"},\"image\":{\"@id\":\"https:\\\/\\\/eldigitaldeasturias.com\\\/magazine365\\\/un-millon-de-viajeros-utilizaron-los-trenes-que-unen-andalucia-con-cataluna-y-comunidad-valenciana-en-el-primer-semestre\\\/#organizationLogo\"}},{\"@type\":\"Person\",\"@id\":\"https:\\\/\\\/eldigitaldeasturias.com\\\/magazine365\\\/author\\\/admin\\\/#author\",\"url\":\"https:\\\/\\\/eldigitaldeasturias.com\\\/magazine365\\\/author\\\/admin\\\/\",\"name\":\"admin\",\"image\":{\"@type\":\"ImageObject\",\"@id\":\"https:\\\/\\\/eldigitaldeasturias.com\\\/magazine365\\\/un-millon-de-viajeros-utilizaron-los-trenes-que-unen-andalucia-con-cataluna-y-comunidad-valenciana-en-el-primer-semestre\\\/#authorImage\",\"url\":\"https:\\\/\\\/eldigitaldeasturias.com\\\/magazine365\\\/wp-content\\\/litespeed\\\/avatar\\\/e571bcf59a0edd6fa6838245a470f2fe.jpg?ver=1777574230\",\"width\":96,\"height\":96,\"caption\":\"admin\"}},{\"@type\":\"WebPage\",\"@id\":\"https:\\\/\\\/eldigitaldeasturias.com\\\/magazine365\\\/un-millon-de-viajeros-utilizaron-los-trenes-que-unen-andalucia-con-cataluna-y-comunidad-valenciana-en-el-primer-semestre\\\/#webpage\",\"url\":\"https:\\\/\\\/eldigitaldeasturias.com\\\/magazine365\\\/un-millon-de-viajeros-utilizaron-los-trenes-que-unen-andalucia-con-cataluna-y-comunidad-valenciana-en-el-primer-semestre\\\/\",\"name\":\"Un mill\\u00f3n de viajeros utilizaron los trenes que unen Andaluc\\u00eda con Catalu\\u00f1a y Comunidad Valenciana en el primer semestre | El Digital de Asturias\",\"description\":\"Los distintos servicios de Alta Velocidad-Larga Distancia que Renfe ofrece entre Andaluc\\u00eda, Catalu\\u00f1a y la Comunidad Valenciana han sido utilizados por 1.000.500 de viajeros durante el primer semestre de este a\\u00f1o, lo que supone un incremento del 5,6 por ciento, 53.302 viajeros m\\u00e1s, con respecto al mismo periodo de 2014. Seg\\u00fan ha informado Renfe en\",\"inLanguage\":\"es-ES\",\"isPartOf\":{\"@id\":\"https:\\\/\\\/eldigitaldeasturias.com\\\/magazine365\\\/#website\"},\"breadcrumb\":{\"@id\":\"https:\\\/\\\/eldigitaldeasturias.com\\\/magazine365\\\/un-millon-de-viajeros-utilizaron-los-trenes-que-unen-andalucia-con-cataluna-y-comunidad-valenciana-en-el-primer-semestre\\\/#breadcrumblist\"},\"author\":{\"@id\":\"https:\\\/\\\/eldigitaldeasturias.com\\\/magazine365\\\/author\\\/admin\\\/#author\"},\"creator\":{\"@id\":\"https:\\\/\\\/eldigitaldeasturias.com\\\/magazine365\\\/author\\\/admin\\\/#author\"},\"image\":{\"@type\":\"ImageObject\",\"url\":\"https:\\\/\\\/eldigitaldeasturias.com\\\/magazine365\\\/wp-content\\\/uploads\\\/2015\\\/07\\\/fotonoticia_20150713132202_800.jpg\",\"@id\":\"https:\\\/\\\/eldigitaldeasturias.com\\\/magazine365\\\/un-millon-de-viajeros-utilizaron-los-trenes-que-unen-andalucia-con-cataluna-y-comunidad-valenciana-en-el-primer-semestre\\\/#mainImage\",\"width\":800,\"height\":539},\"primaryImageOfPage\":{\"@id\":\"https:\\\/\\\/eldigitaldeasturias.com\\\/magazine365\\\/un-millon-de-viajeros-utilizaron-los-trenes-que-unen-andalucia-con-cataluna-y-comunidad-valenciana-en-el-primer-semestre\\\/#mainImage\"},\"datePublished\":\"2015-07-13T21:06:11+02:00\",\"dateModified\":\"2015-07-13T21:06:11+02:00\"},{\"@type\":\"WebSite\",\"@id\":\"https:\\\/\\\/eldigitaldeasturias.com\\\/magazine365\\\/#website\",\"url\":\"https:\\\/\\\/eldigitaldeasturias.com\\\/magazine365\\\/\",\"name\":\"El Digital de Asturias\",\"description\":\"Revista de ocio, turismo y estilo de vida\",\"inLanguage\":\"es-ES\",\"publisher\":{\"@id\":\"https:\\\/\\\/eldigitaldeasturias.com\\\/magazine365\\\/#organization\"}}]}\n\t\t<\/script>\n\t\t<!-- All in One SEO Pro -->\r\n\t\t<title>Un mill\u00f3n de viajeros utilizaron los trenes que unen Andaluc\u00eda con Catalu\u00f1a y Comunidad Valenciana en el primer semestre | El Digital de Asturias<\/title>\n\n","aioseo_head_json":{"title":"Un mill\u00f3n de viajeros utilizaron los trenes que unen Andaluc\u00eda con Catalu\u00f1a y Comunidad Valenciana en el primer semestre | El Digital de Asturias","description":"Los distintos servicios de Alta Velocidad-Larga Distancia que Renfe ofrece entre Andaluc\u00eda, Catalu\u00f1a y la Comunidad Valenciana han sido utilizados por 1.000.500 de viajeros durante el primer semestre de este a\u00f1o, lo que supone un incremento del 5,6 por ciento, 53.302 viajeros m\u00e1s, con respecto al mismo periodo de 2014. Seg\u00fan ha informado Renfe en","canonical_url":"https:\/\/eldigitaldeasturias.com\/magazine365\/un-millon-de-viajeros-utilizaron-los-trenes-que-unen-andalucia-con-cataluna-y-comunidad-valenciana-en-el-primer-semestre\/","robots":"max-image-preview:large","keywords":"noticias y actualidad","webmasterTools":{"google-site-verification":"UA-38556648-1","miscellaneous":""},"schema":{"@context":"https:\/\/schema.org","@graph":[{"@type":"Article","@id":"https:\/\/eldigitaldeasturias.com\/magazine365\/un-millon-de-viajeros-utilizaron-los-trenes-que-unen-andalucia-con-cataluna-y-comunidad-valenciana-en-el-primer-semestre\/#article","name":"Un mill\u00f3n de viajeros utilizaron los trenes que unen Andaluc\u00eda con Catalu\u00f1a y Comunidad Valenciana en el primer semestre | El Digital de Asturias","headline":"Un mill\u00f3n de viajeros utilizaron los trenes que unen Andaluc\u00eda con Catalu\u00f1a y Comunidad Valenciana en el primer semestre","author":{"@id":"https:\/\/eldigitaldeasturias.com\/magazine365\/author\/admin\/#author"},"publisher":{"@id":"https:\/\/eldigitaldeasturias.com\/magazine365\/#organization"},"image":{"@type":"ImageObject","url":"https:\/\/eldigitaldeasturias.com\/magazine365\/wp-content\/uploads\/2015\/07\/fotonoticia_20150713132202_800.jpg","width":800,"height":539},"datePublished":"2015-07-13T21:06:11+02:00","dateModified":"2015-07-13T21:06:11+02:00","inLanguage":"es-ES","mainEntityOfPage":{"@id":"https:\/\/eldigitaldeasturias.com\/magazine365\/un-millon-de-viajeros-utilizaron-los-trenes-que-unen-andalucia-con-cataluna-y-comunidad-valenciana-en-el-primer-semestre\/#webpage"},"isPartOf":{"@id":"https:\/\/eldigitaldeasturias.com\/magazine365\/un-millon-de-viajeros-utilizaron-los-trenes-que-unen-andalucia-con-cataluna-y-comunidad-valenciana-en-el-primer-semestre\/#webpage"},"articleSection":"Noticias y Actualidad"},{"@type":"BreadcrumbList","@id":"https:\/\/eldigitaldeasturias.com\/magazine365\/un-millon-de-viajeros-utilizaron-los-trenes-que-unen-andalucia-con-cataluna-y-comunidad-valenciana-en-el-primer-semestre\/#breadcrumblist","itemListElement":[{"@type":"ListItem","@id":"https:\/\/eldigitaldeasturias.com\/magazine365#listItem","position":1,"name":"Home","item":"https:\/\/eldigitaldeasturias.com\/magazine365","nextItem":{"@type":"ListItem","@id":"https:\/\/eldigitaldeasturias.com\/magazine365\/category\/noticias-actualidad\/#listItem","name":"Noticias y Actualidad"}},{"@type":"ListItem","@id":"https:\/\/eldigitaldeasturias.com\/magazine365\/category\/noticias-actualidad\/#listItem","position":2,"name":"Noticias y Actualidad","item":"https:\/\/eldigitaldeasturias.com\/magazine365\/category\/noticias-actualidad\/","nextItem":{"@type":"ListItem","@id":"https:\/\/eldigitaldeasturias.com\/magazine365\/un-millon-de-viajeros-utilizaron-los-trenes-que-unen-andalucia-con-cataluna-y-comunidad-valenciana-en-el-primer-semestre\/#listItem","name":"Un mill\u00f3n de viajeros utilizaron los trenes que unen Andaluc\u00eda con Catalu\u00f1a y Comunidad Valenciana en el primer semestre"},"previousItem":{"@type":"ListItem","@id":"https:\/\/eldigitaldeasturias.com\/magazine365#listItem","name":"Home"}},{"@type":"ListItem","@id":"https:\/\/eldigitaldeasturias.com\/magazine365\/un-millon-de-viajeros-utilizaron-los-trenes-que-unen-andalucia-con-cataluna-y-comunidad-valenciana-en-el-primer-semestre\/#listItem","position":3,"name":"Un mill\u00f3n de viajeros utilizaron los trenes que unen Andaluc\u00eda con Catalu\u00f1a y Comunidad Valenciana en el primer semestre","previousItem":{"@type":"ListItem","@id":"https:\/\/eldigitaldeasturias.com\/magazine365\/category\/noticias-actualidad\/#listItem","name":"Noticias y Actualidad"}}]},{"@type":"Organization","@id":"https:\/\/eldigitaldeasturias.com\/magazine365\/#organization","name":"El digital de Asturias","description":"Revista de ocio, turismo y estilo de vida","url":"https:\/\/eldigitaldeasturias.com\/magazine365\/","logo":{"@type":"ImageObject","url":"https:\/\/www.eldigitaldeasturias.com\/noticias\/wp-content\/uploads\/2020\/12\/EDA.jpg","@id":"https:\/\/eldigitaldeasturias.com\/magazine365\/un-millon-de-viajeros-utilizaron-los-trenes-que-unen-andalucia-con-cataluna-y-comunidad-valenciana-en-el-primer-semestre\/#organizationLogo"},"image":{"@id":"https:\/\/eldigitaldeasturias.com\/magazine365\/un-millon-de-viajeros-utilizaron-los-trenes-que-unen-andalucia-con-cataluna-y-comunidad-valenciana-en-el-primer-semestre\/#organizationLogo"}},{"@type":"Person","@id":"https:\/\/eldigitaldeasturias.com\/magazine365\/author\/admin\/#author","url":"https:\/\/eldigitaldeasturias.com\/magazine365\/author\/admin\/","name":"admin","image":{"@type":"ImageObject","@id":"https:\/\/eldigitaldeasturias.com\/magazine365\/un-millon-de-viajeros-utilizaron-los-trenes-que-unen-andalucia-con-cataluna-y-comunidad-valenciana-en-el-primer-semestre\/#authorImage","url":"https:\/\/eldigitaldeasturias.com\/magazine365\/wp-content\/litespeed\/avatar\/e571bcf59a0edd6fa6838245a470f2fe.jpg?ver=1777574230","width":96,"height":96,"caption":"admin"}},{"@type":"WebPage","@id":"https:\/\/eldigitaldeasturias.com\/magazine365\/un-millon-de-viajeros-utilizaron-los-trenes-que-unen-andalucia-con-cataluna-y-comunidad-valenciana-en-el-primer-semestre\/#webpage","url":"https:\/\/eldigitaldeasturias.com\/magazine365\/un-millon-de-viajeros-utilizaron-los-trenes-que-unen-andalucia-con-cataluna-y-comunidad-valenciana-en-el-primer-semestre\/","name":"Un mill\u00f3n de viajeros utilizaron los trenes que unen Andaluc\u00eda con Catalu\u00f1a y Comunidad Valenciana en el primer semestre | El Digital de Asturias","description":"Los distintos servicios de Alta Velocidad-Larga Distancia que Renfe ofrece entre Andaluc\u00eda, Catalu\u00f1a y la Comunidad Valenciana han sido utilizados por 1.000.500 de viajeros durante el primer semestre de este a\u00f1o, lo que supone un incremento del 5,6 por ciento, 53.302 viajeros m\u00e1s, con respecto al mismo periodo de 2014. Seg\u00fan ha informado Renfe en","inLanguage":"es-ES","isPartOf":{"@id":"https:\/\/eldigitaldeasturias.com\/magazine365\/#website"},"breadcrumb":{"@id":"https:\/\/eldigitaldeasturias.com\/magazine365\/un-millon-de-viajeros-utilizaron-los-trenes-que-unen-andalucia-con-cataluna-y-comunidad-valenciana-en-el-primer-semestre\/#breadcrumblist"},"author":{"@id":"https:\/\/eldigitaldeasturias.com\/magazine365\/author\/admin\/#author"},"creator":{"@id":"https:\/\/eldigitaldeasturias.com\/magazine365\/author\/admin\/#author"},"image":{"@type":"ImageObject","url":"https:\/\/eldigitaldeasturias.com\/magazine365\/wp-content\/uploads\/2015\/07\/fotonoticia_20150713132202_800.jpg","@id":"https:\/\/eldigitaldeasturias.com\/magazine365\/un-millon-de-viajeros-utilizaron-los-trenes-que-unen-andalucia-con-cataluna-y-comunidad-valenciana-en-el-primer-semestre\/#mainImage","width":800,"height":539},"primaryImageOfPage":{"@id":"https:\/\/eldigitaldeasturias.com\/magazine365\/un-millon-de-viajeros-utilizaron-los-trenes-que-unen-andalucia-con-cataluna-y-comunidad-valenciana-en-el-primer-semestre\/#mainImage"},"datePublished":"2015-07-13T21:06:11+02:00","dateModified":"2015-07-13T21:06:11+02:00"},{"@type":"WebSite","@id":"https:\/\/eldigitaldeasturias.com\/magazine365\/#website","url":"https:\/\/eldigitaldeasturias.com\/magazine365\/","name":"El Digital de Asturias","description":"Revista de ocio, turismo y estilo de vida","inLanguage":"es-ES","publisher":{"@id":"https:\/\/eldigitaldeasturias.com\/magazine365\/#organization"}}]},"og:locale":"es_ES","og:site_name":"El Digital de Asturias \u2013 Revista de ocio, turismo y estilo de vida","og:type":"article","og:title":"Un mill\u00f3n de viajeros utilizaron los trenes que unen Andaluc\u00eda con Catalu\u00f1a y Comunidad Valenciana en el primer semestre | El Digital de Asturias","og:description":"Los distintos servicios de Alta Velocidad-Larga Distancia que Renfe ofrece entre Andaluc\u00eda, Catalu\u00f1a y la Comunidad Valenciana han sido utilizados por 1.000.500 de viajeros durante el primer semestre de este a\u00f1o, lo que supone un incremento del 5,6 por ciento, 53.302 viajeros m\u00e1s, con respecto al mismo periodo de 2014. Seg\u00fan ha informado Renfe en","og:url":"https:\/\/eldigitaldeasturias.com\/magazine365\/un-millon-de-viajeros-utilizaron-los-trenes-que-unen-andalucia-con-cataluna-y-comunidad-valenciana-en-el-primer-semestre\/","og:image":"https:\/\/eldigitaldeasturias.com\/magazine365\/wp-content\/uploads\/2015\/07\/fotonoticia_20150713132202_800.jpg","og:image:secure_url":"https:\/\/eldigitaldeasturias.com\/magazine365\/wp-content\/uploads\/2015\/07\/fotonoticia_20150713132202_800.jpg","og:image:width":800,"og:image:height":539,"article:published_time":"2015-07-13T19:06:11+00:00","article:modified_time":"2015-07-13T19:06:11+00:00","twitter:card":"summary_large_image","twitter:title":"Un mill\u00f3n de viajeros utilizaron los trenes que unen Andaluc\u00eda con Catalu\u00f1a y Comunidad Valenciana en el primer semestre | El Digital de Asturias","twitter:description":"Los distintos servicios de Alta Velocidad-Larga Distancia que Renfe ofrece entre Andaluc\u00eda, Catalu\u00f1a y la Comunidad Valenciana han sido utilizados por 1.000.500 de viajeros durante el primer semestre de este a\u00f1o, lo que supone un incremento del 5,6 por ciento, 53.302 viajeros m\u00e1s, con respecto al mismo periodo de 2014. Seg\u00fan ha informado Renfe en","twitter:image":"https:\/\/eldigitaldeasturias.com\/magazine365\/wp-content\/uploads\/2015\/07\/fotonoticia_20150713132202_800.jpg"},"aioseo_meta_data":{"post_id":"42516","title":null,"description":null,"keywords":null,"keyphrases":null,"primary_term":null,"canonical_url":null,"og_title":null,"og_description":null,"og_object_type":"default","og_image_type":"default","og_image_url":null,"og_image_width":null,"og_image_height":null,"og_image_custom_url":null,"og_image_custom_fields":null,"og_video":null,"og_custom_url":null,"og_article_section":null,"og_article_tags":null,"twitter_use_og":false,"twitter_card":"default","twitter_image_type":"default","twitter_image_url":null,"twitter_image_custom_url":null,"twitter_image_custom_fields":null,"twitter_title":null,"twitter_description":null,"schema":{"blockGraphs":[],"customGraphs":[],"default":{"data":{"Article":[],"Course":[],"Dataset":[],"FAQPage":[],"Movie":[],"Person":[],"Product":[],"ProductReview":[],"Car":[],"Recipe":[],"Service":[],"SoftwareApplication":[],"WebPage":[]},"graphName":"","isEnabled":true},"graphs":[],"defaultGraph":"","defaultPostTypeGraph":""},"schema_type":null,"schema_type_options":null,"pillar_content":false,"robots_default":true,"robots_noindex":false,"robots_noarchive":false,"robots_nosnippet":false,"robots_nofollow":false,"robots_noimageindex":false,"robots_noodp":false,"robots_notranslate":false,"robots_max_snippet":null,"robots_max_videopreview":null,"robots_max_imagepreview":"large","priority":null,"frequency":null,"location":null,"local_seo":null,"seo_analyzer_scan_date":"2025-09-19 17:54:22","breadcrumb_settings":null,"limit_modified_date":false,"open_ai":null,"ai":null,"created":"2021-03-08 23:13:41","updated":"2025-09-19 17:54:22"},"aioseo_breadcrumb":"<div class=\"aioseo-breadcrumbs\"><span class=\"aioseo-breadcrumb\">\n\t<a href=\"https:\/\/eldigitaldeasturias.com\/magazine365\" title=\"Home\">Home<\/a>\n<\/span><span class=\"aioseo-breadcrumb-separator\">\u2013<\/span><span class=\"aioseo-breadcrumb\">\n\t<a href=\"https:\/\/eldigitaldeasturias.com\/magazine365\/category\/noticias-actualidad\/\" title=\"Noticias y Actualidad\">Noticias y Actualidad<\/a>\n<\/span><span class=\"aioseo-breadcrumb-separator\">\u2013<\/span><span class=\"aioseo-breadcrumb\">\n\t<a href=\"https:\/\/eldigitaldeasturias.com\/magazine365\/un-millon-de-viajeros-utilizaron-los-trenes-que-unen-andalucia-con-cataluna-y-comunidad-valenciana-en-el-primer-semestre\/\" title=\"Un mill\u00f3n de viajeros utilizaron los trenes que unen Andaluc\u00eda con Catalu\u00f1a y Comunidad Valenciana en el primer semestre\">Un mill\u00f3n de viajeros utilizaron los trenes que unen Andaluc\u00eda con Catalu\u00f1a y Comunidad Valenciana en el primer semestre<\/a>\n<\/span><\/div>","aioseo_breadcrumb_json":[{"label":"Home","link":"https:\/\/eldigitaldeasturias.com\/magazine365"},{"label":"Noticias y Actualidad","link":"https:\/\/eldigitaldeasturias.com\/magazine365\/category\/noticias-actualidad\/"},{"label":"Un mill\u00f3n de viajeros utilizaron los trenes que unen Andaluc\u00eda con Catalu\u00f1a y Comunidad Valenciana en el primer semestre","link":"https:\/\/eldigitaldeasturias.com\/magazine365\/un-millon-de-viajeros-utilizaron-los-trenes-que-unen-andalucia-con-cataluna-y-comunidad-valenciana-en-el-primer-semestre\/"}],"_links":{"self":[{"href":"https:\/\/eldigitaldeasturias.com\/magazine365\/wp-json\/wp\/v2\/posts\/42516","targetHints":{"allow":["GET"]}}],"collection":[{"href":"https:\/\/eldigitaldeasturias.com\/magazine365\/wp-json\/wp\/v2\/posts"}],"about":[{"href":"https:\/\/eldigitaldeasturias.com\/magazine365\/wp-json\/wp\/v2\/types\/post"}],"author":[{"embeddable":true,"href":"https:\/\/eldigitaldeasturias.com\/magazine365\/wp-json\/wp\/v2\/users\/1"}],"replies":[{"embeddable":true,"href":"https:\/\/eldigitaldeasturias.com\/magazine365\/wp-json\/wp\/v2\/comments?post=42516"}],"version-history":[{"count":0,"href":"https:\/\/eldigitaldeasturias.com\/magazine365\/wp-json\/wp\/v2\/posts\/42516\/revisions"}],"wp:featuredmedia":[{"embeddable":true,"href":"https:\/\/eldigitaldeasturias.com\/magazine365\/wp-json\/wp\/v2\/media\/42517"}],"wp:attachment":[{"href":"https:\/\/eldigitaldeasturias.com\/magazine365\/wp-json\/wp\/v2\/media?parent=42516"}],"wp:term":[{"taxonomy":"category","embeddable":true,"href":"https:\/\/eldigitaldeasturias.com\/magazine365\/wp-json\/wp\/v2\/categories?post=42516"},{"taxonomy":"post_tag","embeddable":true,"href":"https:\/\/eldigitaldeasturias.com\/magazine365\/wp-json\/wp\/v2\/tags?post=42516"}],"curies":[{"name":"wp","href":"https:\/\/api.w.org\/{rel}","templated":true}]}}