{"id":42492,"date":"2015-07-13T20:43:57","date_gmt":"2015-07-13T18:43:57","guid":{"rendered":"http:\/\/eldigitaldeasturias.com\/magazine365\/?p=42492"},"modified":"2015-07-13T20:43:57","modified_gmt":"2015-07-13T18:43:57","slug":"el-aeropuerto-de-palma-de-mallorca-cierra-el-primer-semestre-del-ano-con-un-incremento-de-pasajeros-del-29","status":"publish","type":"post","link":"https:\/\/eldigitaldeasturias.com\/magazine365\/el-aeropuerto-de-palma-de-mallorca-cierra-el-primer-semestre-del-ano-con-un-incremento-de-pasajeros-del-29\/","title":{"rendered":"El Aeropuerto de Palma de Mallorca cierra el primer semestre del a\u00f1o con un incremento de pasajeros del 2,9%"},"content":{"rendered":"<p><img fetchpriority=\"high\" decoding=\"async\" class=\"alignleft size-medium wp-image-42493\" src=\"https:\/\/eldigitaldeasturias.com\/magazine365\/wp-content\/uploads\/2015\/07\/fotonoticia_20150713123649_800-360x270.jpg\" alt=\"fotonoticia_20150713123649_800\" width=\"360\" height=\"270\" srcset=\"https:\/\/eldigitaldeasturias.com\/magazine365\/wp-content\/uploads\/2015\/07\/fotonoticia_20150713123649_800-360x270.jpg 360w, https:\/\/eldigitaldeasturias.com\/magazine365\/wp-content\/uploads\/2015\/07\/fotonoticia_20150713123649_800-650x488.jpg 650w, https:\/\/eldigitaldeasturias.com\/magazine365\/wp-content\/uploads\/2015\/07\/fotonoticia_20150713123649_800-768x576.jpg 768w, https:\/\/eldigitaldeasturias.com\/magazine365\/wp-content\/uploads\/2015\/07\/fotonoticia_20150713123649_800-150x113.jpg 150w, https:\/\/eldigitaldeasturias.com\/magazine365\/wp-content\/uploads\/2015\/07\/fotonoticia_20150713123649_800-450x338.jpg 450w, https:\/\/eldigitaldeasturias.com\/magazine365\/wp-content\/uploads\/2015\/07\/fotonoticia_20150713123649_800-80x60.jpg 80w, https:\/\/eldigitaldeasturias.com\/magazine365\/wp-content\/uploads\/2015\/07\/fotonoticia_20150713123649_800-265x198.jpg 265w, https:\/\/eldigitaldeasturias.com\/magazine365\/wp-content\/uploads\/2015\/07\/fotonoticia_20150713123649_800-696x522.jpg 696w, https:\/\/eldigitaldeasturias.com\/magazine365\/wp-content\/uploads\/2015\/07\/fotonoticia_20150713123649_800-560x420.jpg 560w, https:\/\/eldigitaldeasturias.com\/magazine365\/wp-content\/uploads\/2015\/07\/fotonoticia_20150713123649_800-90x67.jpg 90w, https:\/\/eldigitaldeasturias.com\/magazine365\/wp-content\/uploads\/2015\/07\/fotonoticia_20150713123649_800-100x75.jpg 100w, https:\/\/eldigitaldeasturias.com\/magazine365\/wp-content\/uploads\/2015\/07\/fotonoticia_20150713123649_800.jpg 800w\" sizes=\"(max-width: 360px) 100vw, 360px\" \/>El Aeropuerto de Palma de Mallorca ha acumulado 9.541.546 pasajeros y ha llevado a cabo 74.747 vuelos en el primer semestre del a\u00f1o, lo que supone un aumento de pasajeros de un 2,9 por ciento y un 3,3 por ciento, respectivamente, con respecto al mismo semestre del pasado a\u00f1o.<\/p>\n<p>As\u00ed, en cinco de los seis meses del a\u00f1o se han superado las cifras de 2014 y se han cosechado r\u00e9cords hist\u00f3ricos en los meses de abril y mayo, seg\u00fan han informado desde Aena.<\/p>\n<p>Asimismo, los pa\u00edses que m\u00e1s han crecido en cuanto a viajeros durante los pasados meses han sido Italia con un 21,1%, B\u00e9lgica un 20,7%, Suecia un 9,7%, Espa\u00f1a un 9,2%, Suiza un 7% y Reino Unido 1,7%.<\/p>\n<p>Alemania sigue siendo el primer emisor de viajeros, habiendo alcanzado los 3.352.221 pasajeros, seguido de Espa\u00f1a con un acumulado de 2.559.808 pasajeros y, en tercer lugar, Reino Unido con 1.723.396 en total.<\/p>\n<p>DATOS DE JUNIO<\/p>\n<p>En junio, transitaron por el aeropuerto mallorqu\u00edn 3.030.172 pasajeros, un 0,5 por ciento menos y operaron 21.071 vuelos, entre despegues y aterrizajes, un 1,4 por ciento menos que el mismo mes de 2014.<\/p>\n<p>Seg\u00fan Aena, esta variaci\u00f3n viene determinada por el n\u00famero de domingos de junio de este a\u00f1o, que ha contado con uno menos que el pasado a\u00f1o. Al tratarse de uno de los d\u00edas de la semana de mayor tr\u00e1fico para el Aeropuerto, provoca que los datos en pasaje y operaciones hayan registrado este ligero descenso.<\/p>\n<p>Por su lado, destaca el continuo crecimiento del pasaje nacional, que en junio aument\u00f3 en un 10,3 por ciento, al registrar 510.315 viajeros.<\/p>\n<p>Tambi\u00e9n las operaciones con origen y destino Espa\u00f1a han aumentado, de forma que se llevaron a cabo un total de 5.590, creciendo as\u00ed un 19,2 por ciento.<\/p>\n<p>El mercado internacional registr\u00f3 2.517.492 pasajeros, descendiendo un 2,4 por ciento. Adem\u00e1s, desde el Aeropuerto de Palma de Mallorca se realizaron 15.384 movimientos con origen\/destino internacional.<\/p>\n","protected":false},"excerpt":{"rendered":"<p>El Aeropuerto de Palma de Mallorca ha acumulado 9.541.546 pasajeros y ha llevado a cabo 74.747 vuelos en el primer semestre del a\u00f1o, lo que supone un aumento de pasajeros de un 2,9 por ciento y un 3,3 por ciento, respectivamente, con respecto al mismo semestre del pasado a\u00f1o. As\u00ed, en cinco de los seis<\/p>\n","protected":false},"author":1,"featured_media":42493,"comment_status":"open","ping_status":"closed","sticky":false,"template":"","format":"standard","meta":{"footnotes":""},"categories":[224],"tags":[],"class_list":{"0":"post-42492","1":"post","2":"type-post","3":"status-publish","4":"format-standard","5":"has-post-thumbnail","7":"category-noticias-actualidad"},"aioseo_notices":[],"aioseo_head":"\n\t\t<!-- All in One SEO Pro 4.9.6.1 - aioseo.com -->\n\t<meta name=\"description\" content=\"El Aeropuerto de Palma de Mallorca ha acumulado 9.541.546 pasajeros y ha llevado a cabo 74.747 vuelos en el primer semestre del a\u00f1o, lo que supone un aumento de pasajeros de un 2,9 por ciento y un 3,3 por ciento, respectivamente, con respecto al mismo semestre del pasado a\u00f1o. As\u00ed, en cinco de los seis\" \/>\n\t<meta name=\"robots\" content=\"max-image-preview:large\" \/>\n\t<meta name=\"author\" content=\"admin\"\/>\n\t<meta name=\"google-site-verification\" content=\"UA-38556648-1\" \/>\n\t<meta name=\"keywords\" content=\"noticias y actualidad\" \/>\n\t<link rel=\"canonical\" href=\"https:\/\/eldigitaldeasturias.com\/magazine365\/el-aeropuerto-de-palma-de-mallorca-cierra-el-primer-semestre-del-ano-con-un-incremento-de-pasajeros-del-29\/\" \/>\n\t<meta name=\"generator\" content=\"All in One SEO Pro (AIOSEO) 4.9.6.1\" \/>\n\t\t<meta property=\"og:locale\" content=\"es_ES\" \/>\n\t\t<meta property=\"og:site_name\" content=\"El Digital de Asturias \u2013 Revista de ocio, turismo y estilo de vida\" \/>\n\t\t<meta property=\"og:type\" content=\"article\" \/>\n\t\t<meta property=\"og:title\" content=\"El Aeropuerto de Palma de Mallorca cierra el primer semestre del a\u00f1o con un incremento de pasajeros del 2,9% | El Digital de Asturias\" \/>\n\t\t<meta property=\"og:description\" content=\"El Aeropuerto de Palma de Mallorca ha acumulado 9.541.546 pasajeros y ha llevado a cabo 74.747 vuelos en el primer semestre del a\u00f1o, lo que supone un aumento de pasajeros de un 2,9 por ciento y un 3,3 por ciento, respectivamente, con respecto al mismo semestre del pasado a\u00f1o. As\u00ed, en cinco de los seis\" \/>\n\t\t<meta property=\"og:url\" content=\"https:\/\/eldigitaldeasturias.com\/magazine365\/el-aeropuerto-de-palma-de-mallorca-cierra-el-primer-semestre-del-ano-con-un-incremento-de-pasajeros-del-29\/\" \/>\n\t\t<meta property=\"og:image\" content=\"https:\/\/eldigitaldeasturias.com\/magazine365\/wp-content\/uploads\/2015\/07\/fotonoticia_20150713123649_800.jpg\" \/>\n\t\t<meta property=\"og:image:secure_url\" content=\"https:\/\/eldigitaldeasturias.com\/magazine365\/wp-content\/uploads\/2015\/07\/fotonoticia_20150713123649_800.jpg\" \/>\n\t\t<meta property=\"og:image:width\" content=\"800\" \/>\n\t\t<meta property=\"og:image:height\" content=\"600\" \/>\n\t\t<meta property=\"article:published_time\" content=\"2015-07-13T18:43:57+00:00\" \/>\n\t\t<meta property=\"article:modified_time\" content=\"2015-07-13T18:43:57+00:00\" \/>\n\t\t<meta name=\"twitter:card\" content=\"summary_large_image\" \/>\n\t\t<meta name=\"twitter:title\" content=\"El Aeropuerto de Palma de Mallorca cierra el primer semestre del a\u00f1o con un incremento de pasajeros del 2,9% | El Digital de Asturias\" \/>\n\t\t<meta name=\"twitter:description\" content=\"El Aeropuerto de Palma de Mallorca ha acumulado 9.541.546 pasajeros y ha llevado a cabo 74.747 vuelos en el primer semestre del a\u00f1o, lo que supone un aumento de pasajeros de un 2,9 por ciento y un 3,3 por ciento, respectivamente, con respecto al mismo semestre del pasado a\u00f1o. As\u00ed, en cinco de los seis\" \/>\n\t\t<meta name=\"twitter:image\" content=\"https:\/\/eldigitaldeasturias.com\/magazine365\/wp-content\/uploads\/2015\/07\/fotonoticia_20150713123649_800.jpg\" \/>\n\t\t<script type=\"application\/ld+json\" class=\"aioseo-schema\">\n\t\t\t{\"@context\":\"https:\\\/\\\/schema.org\",\"@graph\":[{\"@type\":\"Article\",\"@id\":\"https:\\\/\\\/eldigitaldeasturias.com\\\/magazine365\\\/el-aeropuerto-de-palma-de-mallorca-cierra-el-primer-semestre-del-ano-con-un-incremento-de-pasajeros-del-29\\\/#article\",\"name\":\"El Aeropuerto de Palma de Mallorca cierra el primer semestre del a\\u00f1o con un incremento de pasajeros del 2,9% | El Digital de Asturias\",\"headline\":\"El Aeropuerto de Palma de Mallorca cierra el primer semestre del a\\u00f1o con un incremento de pasajeros del 2,9%\",\"author\":{\"@id\":\"https:\\\/\\\/eldigitaldeasturias.com\\\/magazine365\\\/author\\\/admin\\\/#author\"},\"publisher\":{\"@id\":\"https:\\\/\\\/eldigitaldeasturias.com\\\/magazine365\\\/#organization\"},\"image\":{\"@type\":\"ImageObject\",\"url\":\"https:\\\/\\\/eldigitaldeasturias.com\\\/magazine365\\\/wp-content\\\/uploads\\\/2015\\\/07\\\/fotonoticia_20150713123649_800.jpg\",\"width\":800,\"height\":600},\"datePublished\":\"2015-07-13T20:43:57+02:00\",\"dateModified\":\"2015-07-13T20:43:57+02:00\",\"inLanguage\":\"es-ES\",\"mainEntityOfPage\":{\"@id\":\"https:\\\/\\\/eldigitaldeasturias.com\\\/magazine365\\\/el-aeropuerto-de-palma-de-mallorca-cierra-el-primer-semestre-del-ano-con-un-incremento-de-pasajeros-del-29\\\/#webpage\"},\"isPartOf\":{\"@id\":\"https:\\\/\\\/eldigitaldeasturias.com\\\/magazine365\\\/el-aeropuerto-de-palma-de-mallorca-cierra-el-primer-semestre-del-ano-con-un-incremento-de-pasajeros-del-29\\\/#webpage\"},\"articleSection\":\"Noticias y Actualidad\"},{\"@type\":\"BreadcrumbList\",\"@id\":\"https:\\\/\\\/eldigitaldeasturias.com\\\/magazine365\\\/el-aeropuerto-de-palma-de-mallorca-cierra-el-primer-semestre-del-ano-con-un-incremento-de-pasajeros-del-29\\\/#breadcrumblist\",\"itemListElement\":[{\"@type\":\"ListItem\",\"@id\":\"https:\\\/\\\/eldigitaldeasturias.com\\\/magazine365#listItem\",\"position\":1,\"name\":\"Home\",\"item\":\"https:\\\/\\\/eldigitaldeasturias.com\\\/magazine365\",\"nextItem\":{\"@type\":\"ListItem\",\"@id\":\"https:\\\/\\\/eldigitaldeasturias.com\\\/magazine365\\\/category\\\/noticias-actualidad\\\/#listItem\",\"name\":\"Noticias y Actualidad\"}},{\"@type\":\"ListItem\",\"@id\":\"https:\\\/\\\/eldigitaldeasturias.com\\\/magazine365\\\/category\\\/noticias-actualidad\\\/#listItem\",\"position\":2,\"name\":\"Noticias y Actualidad\",\"item\":\"https:\\\/\\\/eldigitaldeasturias.com\\\/magazine365\\\/category\\\/noticias-actualidad\\\/\",\"nextItem\":{\"@type\":\"ListItem\",\"@id\":\"https:\\\/\\\/eldigitaldeasturias.com\\\/magazine365\\\/el-aeropuerto-de-palma-de-mallorca-cierra-el-primer-semestre-del-ano-con-un-incremento-de-pasajeros-del-29\\\/#listItem\",\"name\":\"El Aeropuerto de Palma de Mallorca cierra el primer semestre del a\\u00f1o con un incremento de pasajeros del 2,9%\"},\"previousItem\":{\"@type\":\"ListItem\",\"@id\":\"https:\\\/\\\/eldigitaldeasturias.com\\\/magazine365#listItem\",\"name\":\"Home\"}},{\"@type\":\"ListItem\",\"@id\":\"https:\\\/\\\/eldigitaldeasturias.com\\\/magazine365\\\/el-aeropuerto-de-palma-de-mallorca-cierra-el-primer-semestre-del-ano-con-un-incremento-de-pasajeros-del-29\\\/#listItem\",\"position\":3,\"name\":\"El Aeropuerto de Palma de Mallorca cierra el primer semestre del a\\u00f1o con un incremento de pasajeros del 2,9%\",\"previousItem\":{\"@type\":\"ListItem\",\"@id\":\"https:\\\/\\\/eldigitaldeasturias.com\\\/magazine365\\\/category\\\/noticias-actualidad\\\/#listItem\",\"name\":\"Noticias y Actualidad\"}}]},{\"@type\":\"Organization\",\"@id\":\"https:\\\/\\\/eldigitaldeasturias.com\\\/magazine365\\\/#organization\",\"name\":\"El digital de Asturias\",\"description\":\"Revista de ocio, turismo y estilo de vida\",\"url\":\"https:\\\/\\\/eldigitaldeasturias.com\\\/magazine365\\\/\",\"logo\":{\"@type\":\"ImageObject\",\"url\":\"https:\\\/\\\/www.eldigitaldeasturias.com\\\/noticias\\\/wp-content\\\/uploads\\\/2020\\\/12\\\/EDA.jpg\",\"@id\":\"https:\\\/\\\/eldigitaldeasturias.com\\\/magazine365\\\/el-aeropuerto-de-palma-de-mallorca-cierra-el-primer-semestre-del-ano-con-un-incremento-de-pasajeros-del-29\\\/#organizationLogo\"},\"image\":{\"@id\":\"https:\\\/\\\/eldigitaldeasturias.com\\\/magazine365\\\/el-aeropuerto-de-palma-de-mallorca-cierra-el-primer-semestre-del-ano-con-un-incremento-de-pasajeros-del-29\\\/#organizationLogo\"}},{\"@type\":\"Person\",\"@id\":\"https:\\\/\\\/eldigitaldeasturias.com\\\/magazine365\\\/author\\\/admin\\\/#author\",\"url\":\"https:\\\/\\\/eldigitaldeasturias.com\\\/magazine365\\\/author\\\/admin\\\/\",\"name\":\"admin\",\"image\":{\"@type\":\"ImageObject\",\"@id\":\"https:\\\/\\\/eldigitaldeasturias.com\\\/magazine365\\\/el-aeropuerto-de-palma-de-mallorca-cierra-el-primer-semestre-del-ano-con-un-incremento-de-pasajeros-del-29\\\/#authorImage\",\"url\":\"https:\\\/\\\/eldigitaldeasturias.com\\\/magazine365\\\/wp-content\\\/litespeed\\\/avatar\\\/e571bcf59a0edd6fa6838245a470f2fe.jpg?ver=1777574230\",\"width\":96,\"height\":96,\"caption\":\"admin\"}},{\"@type\":\"WebPage\",\"@id\":\"https:\\\/\\\/eldigitaldeasturias.com\\\/magazine365\\\/el-aeropuerto-de-palma-de-mallorca-cierra-el-primer-semestre-del-ano-con-un-incremento-de-pasajeros-del-29\\\/#webpage\",\"url\":\"https:\\\/\\\/eldigitaldeasturias.com\\\/magazine365\\\/el-aeropuerto-de-palma-de-mallorca-cierra-el-primer-semestre-del-ano-con-un-incremento-de-pasajeros-del-29\\\/\",\"name\":\"El Aeropuerto de Palma de Mallorca cierra el primer semestre del a\\u00f1o con un incremento de pasajeros del 2,9% | El Digital de Asturias\",\"description\":\"El Aeropuerto de Palma de Mallorca ha acumulado 9.541.546 pasajeros y ha llevado a cabo 74.747 vuelos en el primer semestre del a\\u00f1o, lo que supone un aumento de pasajeros de un 2,9 por ciento y un 3,3 por ciento, respectivamente, con respecto al mismo semestre del pasado a\\u00f1o. As\\u00ed, en cinco de los seis\",\"inLanguage\":\"es-ES\",\"isPartOf\":{\"@id\":\"https:\\\/\\\/eldigitaldeasturias.com\\\/magazine365\\\/#website\"},\"breadcrumb\":{\"@id\":\"https:\\\/\\\/eldigitaldeasturias.com\\\/magazine365\\\/el-aeropuerto-de-palma-de-mallorca-cierra-el-primer-semestre-del-ano-con-un-incremento-de-pasajeros-del-29\\\/#breadcrumblist\"},\"author\":{\"@id\":\"https:\\\/\\\/eldigitaldeasturias.com\\\/magazine365\\\/author\\\/admin\\\/#author\"},\"creator\":{\"@id\":\"https:\\\/\\\/eldigitaldeasturias.com\\\/magazine365\\\/author\\\/admin\\\/#author\"},\"image\":{\"@type\":\"ImageObject\",\"url\":\"https:\\\/\\\/eldigitaldeasturias.com\\\/magazine365\\\/wp-content\\\/uploads\\\/2015\\\/07\\\/fotonoticia_20150713123649_800.jpg\",\"@id\":\"https:\\\/\\\/eldigitaldeasturias.com\\\/magazine365\\\/el-aeropuerto-de-palma-de-mallorca-cierra-el-primer-semestre-del-ano-con-un-incremento-de-pasajeros-del-29\\\/#mainImage\",\"width\":800,\"height\":600},\"primaryImageOfPage\":{\"@id\":\"https:\\\/\\\/eldigitaldeasturias.com\\\/magazine365\\\/el-aeropuerto-de-palma-de-mallorca-cierra-el-primer-semestre-del-ano-con-un-incremento-de-pasajeros-del-29\\\/#mainImage\"},\"datePublished\":\"2015-07-13T20:43:57+02:00\",\"dateModified\":\"2015-07-13T20:43:57+02:00\"},{\"@type\":\"WebSite\",\"@id\":\"https:\\\/\\\/eldigitaldeasturias.com\\\/magazine365\\\/#website\",\"url\":\"https:\\\/\\\/eldigitaldeasturias.com\\\/magazine365\\\/\",\"name\":\"El Digital de Asturias\",\"description\":\"Revista de ocio, turismo y estilo de vida\",\"inLanguage\":\"es-ES\",\"publisher\":{\"@id\":\"https:\\\/\\\/eldigitaldeasturias.com\\\/magazine365\\\/#organization\"}}]}\n\t\t<\/script>\n\t\t<!-- All in One SEO Pro -->\r\n\t\t<title>El Aeropuerto de Palma de Mallorca cierra el primer semestre del a\u00f1o con un incremento de pasajeros del 2,9% | El Digital de Asturias<\/title>\n\n","aioseo_head_json":{"title":"El Aeropuerto de Palma de Mallorca cierra el primer semestre del a\u00f1o con un incremento de pasajeros del 2,9% | El Digital de Asturias","description":"El Aeropuerto de Palma de Mallorca ha acumulado 9.541.546 pasajeros y ha llevado a cabo 74.747 vuelos en el primer semestre del a\u00f1o, lo que supone un aumento de pasajeros de un 2,9 por ciento y un 3,3 por ciento, respectivamente, con respecto al mismo semestre del pasado a\u00f1o. As\u00ed, en cinco de los seis","canonical_url":"https:\/\/eldigitaldeasturias.com\/magazine365\/el-aeropuerto-de-palma-de-mallorca-cierra-el-primer-semestre-del-ano-con-un-incremento-de-pasajeros-del-29\/","robots":"max-image-preview:large","keywords":"noticias y actualidad","webmasterTools":{"google-site-verification":"UA-38556648-1","miscellaneous":""},"schema":{"@context":"https:\/\/schema.org","@graph":[{"@type":"Article","@id":"https:\/\/eldigitaldeasturias.com\/magazine365\/el-aeropuerto-de-palma-de-mallorca-cierra-el-primer-semestre-del-ano-con-un-incremento-de-pasajeros-del-29\/#article","name":"El Aeropuerto de Palma de Mallorca cierra el primer semestre del a\u00f1o con un incremento de pasajeros del 2,9% | El Digital de Asturias","headline":"El Aeropuerto de Palma de Mallorca cierra el primer semestre del a\u00f1o con un incremento de pasajeros del 2,9%","author":{"@id":"https:\/\/eldigitaldeasturias.com\/magazine365\/author\/admin\/#author"},"publisher":{"@id":"https:\/\/eldigitaldeasturias.com\/magazine365\/#organization"},"image":{"@type":"ImageObject","url":"https:\/\/eldigitaldeasturias.com\/magazine365\/wp-content\/uploads\/2015\/07\/fotonoticia_20150713123649_800.jpg","width":800,"height":600},"datePublished":"2015-07-13T20:43:57+02:00","dateModified":"2015-07-13T20:43:57+02:00","inLanguage":"es-ES","mainEntityOfPage":{"@id":"https:\/\/eldigitaldeasturias.com\/magazine365\/el-aeropuerto-de-palma-de-mallorca-cierra-el-primer-semestre-del-ano-con-un-incremento-de-pasajeros-del-29\/#webpage"},"isPartOf":{"@id":"https:\/\/eldigitaldeasturias.com\/magazine365\/el-aeropuerto-de-palma-de-mallorca-cierra-el-primer-semestre-del-ano-con-un-incremento-de-pasajeros-del-29\/#webpage"},"articleSection":"Noticias y Actualidad"},{"@type":"BreadcrumbList","@id":"https:\/\/eldigitaldeasturias.com\/magazine365\/el-aeropuerto-de-palma-de-mallorca-cierra-el-primer-semestre-del-ano-con-un-incremento-de-pasajeros-del-29\/#breadcrumblist","itemListElement":[{"@type":"ListItem","@id":"https:\/\/eldigitaldeasturias.com\/magazine365#listItem","position":1,"name":"Home","item":"https:\/\/eldigitaldeasturias.com\/magazine365","nextItem":{"@type":"ListItem","@id":"https:\/\/eldigitaldeasturias.com\/magazine365\/category\/noticias-actualidad\/#listItem","name":"Noticias y Actualidad"}},{"@type":"ListItem","@id":"https:\/\/eldigitaldeasturias.com\/magazine365\/category\/noticias-actualidad\/#listItem","position":2,"name":"Noticias y Actualidad","item":"https:\/\/eldigitaldeasturias.com\/magazine365\/category\/noticias-actualidad\/","nextItem":{"@type":"ListItem","@id":"https:\/\/eldigitaldeasturias.com\/magazine365\/el-aeropuerto-de-palma-de-mallorca-cierra-el-primer-semestre-del-ano-con-un-incremento-de-pasajeros-del-29\/#listItem","name":"El Aeropuerto de Palma de Mallorca cierra el primer semestre del a\u00f1o con un incremento de pasajeros del 2,9%"},"previousItem":{"@type":"ListItem","@id":"https:\/\/eldigitaldeasturias.com\/magazine365#listItem","name":"Home"}},{"@type":"ListItem","@id":"https:\/\/eldigitaldeasturias.com\/magazine365\/el-aeropuerto-de-palma-de-mallorca-cierra-el-primer-semestre-del-ano-con-un-incremento-de-pasajeros-del-29\/#listItem","position":3,"name":"El Aeropuerto de Palma de Mallorca cierra el primer semestre del a\u00f1o con un incremento de pasajeros del 2,9%","previousItem":{"@type":"ListItem","@id":"https:\/\/eldigitaldeasturias.com\/magazine365\/category\/noticias-actualidad\/#listItem","name":"Noticias y Actualidad"}}]},{"@type":"Organization","@id":"https:\/\/eldigitaldeasturias.com\/magazine365\/#organization","name":"El digital de Asturias","description":"Revista de ocio, turismo y estilo de vida","url":"https:\/\/eldigitaldeasturias.com\/magazine365\/","logo":{"@type":"ImageObject","url":"https:\/\/www.eldigitaldeasturias.com\/noticias\/wp-content\/uploads\/2020\/12\/EDA.jpg","@id":"https:\/\/eldigitaldeasturias.com\/magazine365\/el-aeropuerto-de-palma-de-mallorca-cierra-el-primer-semestre-del-ano-con-un-incremento-de-pasajeros-del-29\/#organizationLogo"},"image":{"@id":"https:\/\/eldigitaldeasturias.com\/magazine365\/el-aeropuerto-de-palma-de-mallorca-cierra-el-primer-semestre-del-ano-con-un-incremento-de-pasajeros-del-29\/#organizationLogo"}},{"@type":"Person","@id":"https:\/\/eldigitaldeasturias.com\/magazine365\/author\/admin\/#author","url":"https:\/\/eldigitaldeasturias.com\/magazine365\/author\/admin\/","name":"admin","image":{"@type":"ImageObject","@id":"https:\/\/eldigitaldeasturias.com\/magazine365\/el-aeropuerto-de-palma-de-mallorca-cierra-el-primer-semestre-del-ano-con-un-incremento-de-pasajeros-del-29\/#authorImage","url":"https:\/\/eldigitaldeasturias.com\/magazine365\/wp-content\/litespeed\/avatar\/e571bcf59a0edd6fa6838245a470f2fe.jpg?ver=1777574230","width":96,"height":96,"caption":"admin"}},{"@type":"WebPage","@id":"https:\/\/eldigitaldeasturias.com\/magazine365\/el-aeropuerto-de-palma-de-mallorca-cierra-el-primer-semestre-del-ano-con-un-incremento-de-pasajeros-del-29\/#webpage","url":"https:\/\/eldigitaldeasturias.com\/magazine365\/el-aeropuerto-de-palma-de-mallorca-cierra-el-primer-semestre-del-ano-con-un-incremento-de-pasajeros-del-29\/","name":"El Aeropuerto de Palma de Mallorca cierra el primer semestre del a\u00f1o con un incremento de pasajeros del 2,9% | El Digital de Asturias","description":"El Aeropuerto de Palma de Mallorca ha acumulado 9.541.546 pasajeros y ha llevado a cabo 74.747 vuelos en el primer semestre del a\u00f1o, lo que supone un aumento de pasajeros de un 2,9 por ciento y un 3,3 por ciento, respectivamente, con respecto al mismo semestre del pasado a\u00f1o. As\u00ed, en cinco de los seis","inLanguage":"es-ES","isPartOf":{"@id":"https:\/\/eldigitaldeasturias.com\/magazine365\/#website"},"breadcrumb":{"@id":"https:\/\/eldigitaldeasturias.com\/magazine365\/el-aeropuerto-de-palma-de-mallorca-cierra-el-primer-semestre-del-ano-con-un-incremento-de-pasajeros-del-29\/#breadcrumblist"},"author":{"@id":"https:\/\/eldigitaldeasturias.com\/magazine365\/author\/admin\/#author"},"creator":{"@id":"https:\/\/eldigitaldeasturias.com\/magazine365\/author\/admin\/#author"},"image":{"@type":"ImageObject","url":"https:\/\/eldigitaldeasturias.com\/magazine365\/wp-content\/uploads\/2015\/07\/fotonoticia_20150713123649_800.jpg","@id":"https:\/\/eldigitaldeasturias.com\/magazine365\/el-aeropuerto-de-palma-de-mallorca-cierra-el-primer-semestre-del-ano-con-un-incremento-de-pasajeros-del-29\/#mainImage","width":800,"height":600},"primaryImageOfPage":{"@id":"https:\/\/eldigitaldeasturias.com\/magazine365\/el-aeropuerto-de-palma-de-mallorca-cierra-el-primer-semestre-del-ano-con-un-incremento-de-pasajeros-del-29\/#mainImage"},"datePublished":"2015-07-13T20:43:57+02:00","dateModified":"2015-07-13T20:43:57+02:00"},{"@type":"WebSite","@id":"https:\/\/eldigitaldeasturias.com\/magazine365\/#website","url":"https:\/\/eldigitaldeasturias.com\/magazine365\/","name":"El Digital de Asturias","description":"Revista de ocio, turismo y estilo de vida","inLanguage":"es-ES","publisher":{"@id":"https:\/\/eldigitaldeasturias.com\/magazine365\/#organization"}}]},"og:locale":"es_ES","og:site_name":"El Digital de Asturias \u2013 Revista de ocio, turismo y estilo de vida","og:type":"article","og:title":"El Aeropuerto de Palma de Mallorca cierra el primer semestre del a\u00f1o con un incremento de pasajeros del 2,9% | El Digital de Asturias","og:description":"El Aeropuerto de Palma de Mallorca ha acumulado 9.541.546 pasajeros y ha llevado a cabo 74.747 vuelos en el primer semestre del a\u00f1o, lo que supone un aumento de pasajeros de un 2,9 por ciento y un 3,3 por ciento, respectivamente, con respecto al mismo semestre del pasado a\u00f1o. As\u00ed, en cinco de los seis","og:url":"https:\/\/eldigitaldeasturias.com\/magazine365\/el-aeropuerto-de-palma-de-mallorca-cierra-el-primer-semestre-del-ano-con-un-incremento-de-pasajeros-del-29\/","og:image":"https:\/\/eldigitaldeasturias.com\/magazine365\/wp-content\/uploads\/2015\/07\/fotonoticia_20150713123649_800.jpg","og:image:secure_url":"https:\/\/eldigitaldeasturias.com\/magazine365\/wp-content\/uploads\/2015\/07\/fotonoticia_20150713123649_800.jpg","og:image:width":800,"og:image:height":600,"article:published_time":"2015-07-13T18:43:57+00:00","article:modified_time":"2015-07-13T18:43:57+00:00","twitter:card":"summary_large_image","twitter:title":"El Aeropuerto de Palma de Mallorca cierra el primer semestre del a\u00f1o con un incremento de pasajeros del 2,9% | El Digital de Asturias","twitter:description":"El Aeropuerto de Palma de Mallorca ha acumulado 9.541.546 pasajeros y ha llevado a cabo 74.747 vuelos en el primer semestre del a\u00f1o, lo que supone un aumento de pasajeros de un 2,9 por ciento y un 3,3 por ciento, respectivamente, con respecto al mismo semestre del pasado a\u00f1o. As\u00ed, en cinco de los seis","twitter:image":"https:\/\/eldigitaldeasturias.com\/magazine365\/wp-content\/uploads\/2015\/07\/fotonoticia_20150713123649_800.jpg"},"aioseo_meta_data":{"post_id":"42492","title":null,"description":null,"keywords":null,"keyphrases":null,"primary_term":null,"canonical_url":null,"og_title":null,"og_description":null,"og_object_type":"default","og_image_type":"default","og_image_url":null,"og_image_width":null,"og_image_height":null,"og_image_custom_url":null,"og_image_custom_fields":null,"og_video":null,"og_custom_url":null,"og_article_section":null,"og_article_tags":null,"twitter_use_og":false,"twitter_card":"default","twitter_image_type":"default","twitter_image_url":null,"twitter_image_custom_url":null,"twitter_image_custom_fields":null,"twitter_title":null,"twitter_description":null,"schema":{"blockGraphs":[],"customGraphs":[],"default":{"data":{"Article":[],"Course":[],"Dataset":[],"FAQPage":[],"Movie":[],"Person":[],"Product":[],"ProductReview":[],"Car":[],"Recipe":[],"Service":[],"SoftwareApplication":[],"WebPage":[]},"graphName":"","isEnabled":true},"graphs":[],"defaultGraph":"","defaultPostTypeGraph":""},"schema_type":null,"schema_type_options":null,"pillar_content":false,"robots_default":true,"robots_noindex":false,"robots_noarchive":false,"robots_nosnippet":false,"robots_nofollow":false,"robots_noimageindex":false,"robots_noodp":false,"robots_notranslate":false,"robots_max_snippet":null,"robots_max_videopreview":null,"robots_max_imagepreview":"large","priority":null,"frequency":null,"location":null,"local_seo":null,"seo_analyzer_scan_date":"2025-09-19 17:51:54","breadcrumb_settings":null,"limit_modified_date":false,"open_ai":null,"ai":null,"created":"2021-03-09 01:59:47","updated":"2025-09-19 17:51:54"},"aioseo_breadcrumb":"<div class=\"aioseo-breadcrumbs\"><span class=\"aioseo-breadcrumb\">\n\t<a href=\"https:\/\/eldigitaldeasturias.com\/magazine365\" title=\"Home\">Home<\/a>\n<\/span><span class=\"aioseo-breadcrumb-separator\">\u2013<\/span><span class=\"aioseo-breadcrumb\">\n\t<a href=\"https:\/\/eldigitaldeasturias.com\/magazine365\/category\/noticias-actualidad\/\" title=\"Noticias y Actualidad\">Noticias y Actualidad<\/a>\n<\/span><span class=\"aioseo-breadcrumb-separator\">\u2013<\/span><span class=\"aioseo-breadcrumb\">\n\t<a href=\"https:\/\/eldigitaldeasturias.com\/magazine365\/el-aeropuerto-de-palma-de-mallorca-cierra-el-primer-semestre-del-ano-con-un-incremento-de-pasajeros-del-29\/\" title=\"El Aeropuerto de Palma de Mallorca cierra el primer semestre del a\u00f1o con un incremento de pasajeros del 2,9%\">El Aeropuerto de Palma de Mallorca cierra el primer semestre del a\u00f1o con un incremento de pasajeros del 2,9%<\/a>\n<\/span><\/div>","aioseo_breadcrumb_json":[{"label":"Home","link":"https:\/\/eldigitaldeasturias.com\/magazine365"},{"label":"Noticias y Actualidad","link":"https:\/\/eldigitaldeasturias.com\/magazine365\/category\/noticias-actualidad\/"},{"label":"El Aeropuerto de Palma de Mallorca cierra el primer semestre del a\u00f1o con un incremento de pasajeros del 2,9%","link":"https:\/\/eldigitaldeasturias.com\/magazine365\/el-aeropuerto-de-palma-de-mallorca-cierra-el-primer-semestre-del-ano-con-un-incremento-de-pasajeros-del-29\/"}],"_links":{"self":[{"href":"https:\/\/eldigitaldeasturias.com\/magazine365\/wp-json\/wp\/v2\/posts\/42492","targetHints":{"allow":["GET"]}}],"collection":[{"href":"https:\/\/eldigitaldeasturias.com\/magazine365\/wp-json\/wp\/v2\/posts"}],"about":[{"href":"https:\/\/eldigitaldeasturias.com\/magazine365\/wp-json\/wp\/v2\/types\/post"}],"author":[{"embeddable":true,"href":"https:\/\/eldigitaldeasturias.com\/magazine365\/wp-json\/wp\/v2\/users\/1"}],"replies":[{"embeddable":true,"href":"https:\/\/eldigitaldeasturias.com\/magazine365\/wp-json\/wp\/v2\/comments?post=42492"}],"version-history":[{"count":0,"href":"https:\/\/eldigitaldeasturias.com\/magazine365\/wp-json\/wp\/v2\/posts\/42492\/revisions"}],"wp:featuredmedia":[{"embeddable":true,"href":"https:\/\/eldigitaldeasturias.com\/magazine365\/wp-json\/wp\/v2\/media\/42493"}],"wp:attachment":[{"href":"https:\/\/eldigitaldeasturias.com\/magazine365\/wp-json\/wp\/v2\/media?parent=42492"}],"wp:term":[{"taxonomy":"category","embeddable":true,"href":"https:\/\/eldigitaldeasturias.com\/magazine365\/wp-json\/wp\/v2\/categories?post=42492"},{"taxonomy":"post_tag","embeddable":true,"href":"https:\/\/eldigitaldeasturias.com\/magazine365\/wp-json\/wp\/v2\/tags?post=42492"}],"curies":[{"name":"wp","href":"https:\/\/api.w.org\/{rel}","templated":true}]}}