{"id":42480,"date":"2015-07-13T20:15:21","date_gmt":"2015-07-13T18:15:21","guid":{"rendered":"http:\/\/eldigitaldeasturias.com\/magazine365\/?p=42480"},"modified":"2015-07-13T20:15:21","modified_gmt":"2015-07-13T18:15:21","slug":"el-ayuntamiento-de-madrid-avanza-que-la-tasa-turistica-podria-ser-incluida-en-el-presupuesto-de-2016","status":"publish","type":"post","link":"https:\/\/eldigitaldeasturias.com\/magazine365\/el-ayuntamiento-de-madrid-avanza-que-la-tasa-turistica-podria-ser-incluida-en-el-presupuesto-de-2016\/","title":{"rendered":"El Ayuntamiento de Madrid avanza que la tasa tur\u00edstica podr\u00eda ser incluida en el presupuesto de 2016"},"content":{"rendered":"<p><img fetchpriority=\"high\" decoding=\"async\" class=\"alignleft size-medium wp-image-42481\" src=\"https:\/\/eldigitaldeasturias.com\/magazine365\/wp-content\/uploads\/2015\/07\/fotonoticia_20150713105240_800-360x239.jpg\" alt=\"fotonoticia_20150713105240_800\" width=\"360\" height=\"239\" srcset=\"https:\/\/eldigitaldeasturias.com\/magazine365\/wp-content\/uploads\/2015\/07\/fotonoticia_20150713105240_800-360x239.jpg 360w, https:\/\/eldigitaldeasturias.com\/magazine365\/wp-content\/uploads\/2015\/07\/fotonoticia_20150713105240_800-650x431.jpg 650w, https:\/\/eldigitaldeasturias.com\/magazine365\/wp-content\/uploads\/2015\/07\/fotonoticia_20150713105240_800-768x510.jpg 768w, https:\/\/eldigitaldeasturias.com\/magazine365\/wp-content\/uploads\/2015\/07\/fotonoticia_20150713105240_800-150x100.jpg 150w, https:\/\/eldigitaldeasturias.com\/magazine365\/wp-content\/uploads\/2015\/07\/fotonoticia_20150713105240_800-450x299.jpg 450w, https:\/\/eldigitaldeasturias.com\/magazine365\/wp-content\/uploads\/2015\/07\/fotonoticia_20150713105240_800-696x462.jpg 696w, https:\/\/eldigitaldeasturias.com\/magazine365\/wp-content\/uploads\/2015\/07\/fotonoticia_20150713105240_800-633x420.jpg 633w, https:\/\/eldigitaldeasturias.com\/magazine365\/wp-content\/uploads\/2015\/07\/fotonoticia_20150713105240_800-84x55.jpg 84w, https:\/\/eldigitaldeasturias.com\/magazine365\/wp-content\/uploads\/2015\/07\/fotonoticia_20150713105240_800.jpg 800w\" sizes=\"(max-width: 360px) 100vw, 360px\" \/>El concejal de Econom\u00eda y Hacienda del Ayuntamiento de Madrid, Carlos S\u00e1nchez Mato, ha avanzado este lunes en la primera comisi\u00f3n ordinaria del \u00e1rea que la tasa tur\u00edstica podr\u00eda ser incluida en el presupuesto de 2016 aunque es algo que \u00abtodav\u00eda no est\u00e1 decidido\u00bb.<\/p>\n<p>\u00abEs una de las tasas que est\u00e1 dentro de las posibles que se puede incluir en los presupuestos de 2016 pero estamos en la fase inicial\u00bb, ha se\u00f1alado Mato, que ha destacado que primero habr\u00eda que estudiar tanto su legalidad como su operatividad.<\/p>\n<p>\u00abTodav\u00eda no est\u00e1 decidido\u00bb, ha remarcado a una pregunta del portavoz del \u00e1rea de Ciudadanos, Miguel \u00c1ngel Redondo. Por otro lado, ha a\u00f1adido que tambi\u00e9n se estudia incluir la tasa de los cajeros autom\u00e1ticos.<\/p>\n<p>El portavoz del PP de Econom\u00eda y Hacienda, Jos\u00e9 Luis Moreno, ha mostrado la oposici\u00f3n de su Grupo Municipal a la previsible tasa tur\u00edstica. \u00abNo contar\u00e1n con nuestro apoyo si ponen en marcha una tasa tur\u00edstica\u00bb, ha avanzado el edil, que ha apostillado que ha tenido \u00abun impacto negativo\u00bb all\u00ed donde se ha puesto en marcha.<\/p>\n<p>Por otro lado, la semana pasada, la alcaldesa de Madrid, Manuela Carmena, anunciaba que \u00abno va a haber moratoria tur\u00edstica\u00bb, a diferencia de Barcelona, donde su regidora, Ana Colau, ha suspendido la concesi\u00f3n de licencias tur\u00edsticas, y a\u00f1adi\u00f3 que su intenci\u00f3n no pasa por \u00abahogar\u00bb la iniciativa privada de los apartamentos tur\u00edsticos sino buscar compatibilizarlos con la solidaridad que se desprende de los impuestos.<\/p>\n<p>En un desayuno informativo, Carmena asegur\u00f3 que no s\u00f3lo \u00abno va a haber moratoria para el turismo\u00bb sino que, al contrario, quiere \u00abrelanzarlo\u00bb, como se desprende del grupo de trabajo ya constituido entre el Ayuntamiento y CEIM.<\/p>\n","protected":false},"excerpt":{"rendered":"<p>El concejal de Econom\u00eda y Hacienda del Ayuntamiento de Madrid, Carlos S\u00e1nchez Mato, ha avanzado este lunes en la primera comisi\u00f3n ordinaria del \u00e1rea que la tasa tur\u00edstica podr\u00eda ser incluida en el presupuesto de 2016 aunque es algo que \u00abtodav\u00eda no est\u00e1 decidido\u00bb. \u00abEs una de las tasas que est\u00e1 dentro de las posibles<\/p>\n","protected":false},"author":1,"featured_media":42481,"comment_status":"open","ping_status":"closed","sticky":false,"template":"","format":"standard","meta":{"footnotes":""},"categories":[222],"tags":[],"class_list":{"0":"post-42480","1":"post","2":"type-post","3":"status-publish","4":"format-standard","5":"has-post-thumbnail","7":"category-actualidad-turismo"},"aioseo_notices":[],"aioseo_head":"\n\t\t<!-- All in One SEO Pro 4.9.6.1 - aioseo.com -->\n\t<meta name=\"description\" content=\"El concejal de Econom\u00eda y Hacienda del Ayuntamiento de Madrid, Carlos S\u00e1nchez Mato, ha avanzado este lunes en la primera comisi\u00f3n ordinaria del \u00e1rea que la tasa tur\u00edstica podr\u00eda ser incluida en el presupuesto de 2016 aunque es algo que &quot;todav\u00eda no est\u00e1 decidido&quot;. &quot;Es una de las tasas que est\u00e1 dentro de las posibles\" \/>\n\t<meta name=\"robots\" content=\"max-image-preview:large\" \/>\n\t<meta name=\"author\" content=\"admin\"\/>\n\t<meta name=\"google-site-verification\" content=\"UA-38556648-1\" \/>\n\t<meta name=\"keywords\" content=\"actualidad turismo\" \/>\n\t<link rel=\"canonical\" href=\"https:\/\/eldigitaldeasturias.com\/magazine365\/el-ayuntamiento-de-madrid-avanza-que-la-tasa-turistica-podria-ser-incluida-en-el-presupuesto-de-2016\/\" \/>\n\t<meta name=\"generator\" content=\"All in One SEO Pro (AIOSEO) 4.9.6.1\" \/>\n\t\t<meta property=\"og:locale\" content=\"es_ES\" \/>\n\t\t<meta property=\"og:site_name\" content=\"El Digital de Asturias \u2013 Revista de ocio, turismo y estilo de vida\" \/>\n\t\t<meta property=\"og:type\" content=\"article\" \/>\n\t\t<meta property=\"og:title\" content=\"El Ayuntamiento de Madrid avanza que la tasa tur\u00edstica podr\u00eda ser incluida en el presupuesto de 2016 | El Digital de Asturias\" \/>\n\t\t<meta property=\"og:description\" content=\"El concejal de Econom\u00eda y Hacienda del Ayuntamiento de Madrid, Carlos S\u00e1nchez Mato, ha avanzado este lunes en la primera comisi\u00f3n ordinaria del \u00e1rea que la tasa tur\u00edstica podr\u00eda ser incluida en el presupuesto de 2016 aunque es algo que &quot;todav\u00eda no est\u00e1 decidido&quot;. &quot;Es una de las tasas que est\u00e1 dentro de las posibles\" \/>\n\t\t<meta property=\"og:url\" content=\"https:\/\/eldigitaldeasturias.com\/magazine365\/el-ayuntamiento-de-madrid-avanza-que-la-tasa-turistica-podria-ser-incluida-en-el-presupuesto-de-2016\/\" \/>\n\t\t<meta property=\"og:image\" content=\"https:\/\/eldigitaldeasturias.com\/magazine365\/wp-content\/uploads\/2015\/07\/fotonoticia_20150713105240_800.jpg\" \/>\n\t\t<meta property=\"og:image:secure_url\" content=\"https:\/\/eldigitaldeasturias.com\/magazine365\/wp-content\/uploads\/2015\/07\/fotonoticia_20150713105240_800.jpg\" \/>\n\t\t<meta property=\"og:image:width\" content=\"800\" \/>\n\t\t<meta property=\"og:image:height\" content=\"531\" \/>\n\t\t<meta property=\"article:published_time\" content=\"2015-07-13T18:15:21+00:00\" \/>\n\t\t<meta property=\"article:modified_time\" content=\"2015-07-13T18:15:21+00:00\" \/>\n\t\t<meta name=\"twitter:card\" content=\"summary_large_image\" \/>\n\t\t<meta name=\"twitter:title\" content=\"El Ayuntamiento de Madrid avanza que la tasa tur\u00edstica podr\u00eda ser incluida en el presupuesto de 2016 | El Digital de Asturias\" \/>\n\t\t<meta name=\"twitter:description\" content=\"El concejal de Econom\u00eda y Hacienda del Ayuntamiento de Madrid, Carlos S\u00e1nchez Mato, ha avanzado este lunes en la primera comisi\u00f3n ordinaria del \u00e1rea que la tasa tur\u00edstica podr\u00eda ser incluida en el presupuesto de 2016 aunque es algo que &quot;todav\u00eda no est\u00e1 decidido&quot;. &quot;Es una de las tasas que est\u00e1 dentro de las posibles\" \/>\n\t\t<meta name=\"twitter:image\" content=\"https:\/\/eldigitaldeasturias.com\/magazine365\/wp-content\/uploads\/2015\/07\/fotonoticia_20150713105240_800.jpg\" \/>\n\t\t<script type=\"application\/ld+json\" class=\"aioseo-schema\">\n\t\t\t{\"@context\":\"https:\\\/\\\/schema.org\",\"@graph\":[{\"@type\":\"Article\",\"@id\":\"https:\\\/\\\/eldigitaldeasturias.com\\\/magazine365\\\/el-ayuntamiento-de-madrid-avanza-que-la-tasa-turistica-podria-ser-incluida-en-el-presupuesto-de-2016\\\/#article\",\"name\":\"El Ayuntamiento de Madrid avanza que la tasa tur\\u00edstica podr\\u00eda ser incluida en el presupuesto de 2016 | El Digital de Asturias\",\"headline\":\"El Ayuntamiento de Madrid avanza que la tasa tur\\u00edstica podr\\u00eda ser incluida en el presupuesto de 2016\",\"author\":{\"@id\":\"https:\\\/\\\/eldigitaldeasturias.com\\\/magazine365\\\/author\\\/admin\\\/#author\"},\"publisher\":{\"@id\":\"https:\\\/\\\/eldigitaldeasturias.com\\\/magazine365\\\/#organization\"},\"image\":{\"@type\":\"ImageObject\",\"url\":\"https:\\\/\\\/eldigitaldeasturias.com\\\/magazine365\\\/wp-content\\\/uploads\\\/2015\\\/07\\\/fotonoticia_20150713105240_800.jpg\",\"width\":800,\"height\":531},\"datePublished\":\"2015-07-13T20:15:21+02:00\",\"dateModified\":\"2015-07-13T20:15:21+02:00\",\"inLanguage\":\"es-ES\",\"mainEntityOfPage\":{\"@id\":\"https:\\\/\\\/eldigitaldeasturias.com\\\/magazine365\\\/el-ayuntamiento-de-madrid-avanza-que-la-tasa-turistica-podria-ser-incluida-en-el-presupuesto-de-2016\\\/#webpage\"},\"isPartOf\":{\"@id\":\"https:\\\/\\\/eldigitaldeasturias.com\\\/magazine365\\\/el-ayuntamiento-de-madrid-avanza-que-la-tasa-turistica-podria-ser-incluida-en-el-presupuesto-de-2016\\\/#webpage\"},\"articleSection\":\"Actualidad Turismo\"},{\"@type\":\"BreadcrumbList\",\"@id\":\"https:\\\/\\\/eldigitaldeasturias.com\\\/magazine365\\\/el-ayuntamiento-de-madrid-avanza-que-la-tasa-turistica-podria-ser-incluida-en-el-presupuesto-de-2016\\\/#breadcrumblist\",\"itemListElement\":[{\"@type\":\"ListItem\",\"@id\":\"https:\\\/\\\/eldigitaldeasturias.com\\\/magazine365#listItem\",\"position\":1,\"name\":\"Home\",\"item\":\"https:\\\/\\\/eldigitaldeasturias.com\\\/magazine365\",\"nextItem\":{\"@type\":\"ListItem\",\"@id\":\"https:\\\/\\\/eldigitaldeasturias.com\\\/magazine365\\\/category\\\/actualidad-turismo\\\/#listItem\",\"name\":\"Actualidad Turismo\"}},{\"@type\":\"ListItem\",\"@id\":\"https:\\\/\\\/eldigitaldeasturias.com\\\/magazine365\\\/category\\\/actualidad-turismo\\\/#listItem\",\"position\":2,\"name\":\"Actualidad Turismo\",\"item\":\"https:\\\/\\\/eldigitaldeasturias.com\\\/magazine365\\\/category\\\/actualidad-turismo\\\/\",\"nextItem\":{\"@type\":\"ListItem\",\"@id\":\"https:\\\/\\\/eldigitaldeasturias.com\\\/magazine365\\\/el-ayuntamiento-de-madrid-avanza-que-la-tasa-turistica-podria-ser-incluida-en-el-presupuesto-de-2016\\\/#listItem\",\"name\":\"El Ayuntamiento de Madrid avanza que la tasa tur\\u00edstica podr\\u00eda ser incluida en el presupuesto de 2016\"},\"previousItem\":{\"@type\":\"ListItem\",\"@id\":\"https:\\\/\\\/eldigitaldeasturias.com\\\/magazine365#listItem\",\"name\":\"Home\"}},{\"@type\":\"ListItem\",\"@id\":\"https:\\\/\\\/eldigitaldeasturias.com\\\/magazine365\\\/el-ayuntamiento-de-madrid-avanza-que-la-tasa-turistica-podria-ser-incluida-en-el-presupuesto-de-2016\\\/#listItem\",\"position\":3,\"name\":\"El Ayuntamiento de Madrid avanza que la tasa tur\\u00edstica podr\\u00eda ser incluida en el presupuesto de 2016\",\"previousItem\":{\"@type\":\"ListItem\",\"@id\":\"https:\\\/\\\/eldigitaldeasturias.com\\\/magazine365\\\/category\\\/actualidad-turismo\\\/#listItem\",\"name\":\"Actualidad Turismo\"}}]},{\"@type\":\"Organization\",\"@id\":\"https:\\\/\\\/eldigitaldeasturias.com\\\/magazine365\\\/#organization\",\"name\":\"El digital de Asturias\",\"description\":\"Revista de ocio, turismo y estilo de vida\",\"url\":\"https:\\\/\\\/eldigitaldeasturias.com\\\/magazine365\\\/\",\"logo\":{\"@type\":\"ImageObject\",\"url\":\"https:\\\/\\\/www.eldigitaldeasturias.com\\\/noticias\\\/wp-content\\\/uploads\\\/2020\\\/12\\\/EDA.jpg\",\"@id\":\"https:\\\/\\\/eldigitaldeasturias.com\\\/magazine365\\\/el-ayuntamiento-de-madrid-avanza-que-la-tasa-turistica-podria-ser-incluida-en-el-presupuesto-de-2016\\\/#organizationLogo\"},\"image\":{\"@id\":\"https:\\\/\\\/eldigitaldeasturias.com\\\/magazine365\\\/el-ayuntamiento-de-madrid-avanza-que-la-tasa-turistica-podria-ser-incluida-en-el-presupuesto-de-2016\\\/#organizationLogo\"}},{\"@type\":\"Person\",\"@id\":\"https:\\\/\\\/eldigitaldeasturias.com\\\/magazine365\\\/author\\\/admin\\\/#author\",\"url\":\"https:\\\/\\\/eldigitaldeasturias.com\\\/magazine365\\\/author\\\/admin\\\/\",\"name\":\"admin\",\"image\":{\"@type\":\"ImageObject\",\"@id\":\"https:\\\/\\\/eldigitaldeasturias.com\\\/magazine365\\\/el-ayuntamiento-de-madrid-avanza-que-la-tasa-turistica-podria-ser-incluida-en-el-presupuesto-de-2016\\\/#authorImage\",\"url\":\"https:\\\/\\\/eldigitaldeasturias.com\\\/magazine365\\\/wp-content\\\/litespeed\\\/avatar\\\/e571bcf59a0edd6fa6838245a470f2fe.jpg?ver=1777574230\",\"width\":96,\"height\":96,\"caption\":\"admin\"}},{\"@type\":\"WebPage\",\"@id\":\"https:\\\/\\\/eldigitaldeasturias.com\\\/magazine365\\\/el-ayuntamiento-de-madrid-avanza-que-la-tasa-turistica-podria-ser-incluida-en-el-presupuesto-de-2016\\\/#webpage\",\"url\":\"https:\\\/\\\/eldigitaldeasturias.com\\\/magazine365\\\/el-ayuntamiento-de-madrid-avanza-que-la-tasa-turistica-podria-ser-incluida-en-el-presupuesto-de-2016\\\/\",\"name\":\"El Ayuntamiento de Madrid avanza que la tasa tur\\u00edstica podr\\u00eda ser incluida en el presupuesto de 2016 | El Digital de Asturias\",\"description\":\"El concejal de Econom\\u00eda y Hacienda del Ayuntamiento de Madrid, Carlos S\\u00e1nchez Mato, ha avanzado este lunes en la primera comisi\\u00f3n ordinaria del \\u00e1rea que la tasa tur\\u00edstica podr\\u00eda ser incluida en el presupuesto de 2016 aunque es algo que \\\"todav\\u00eda no est\\u00e1 decidido\\\". \\\"Es una de las tasas que est\\u00e1 dentro de las posibles\",\"inLanguage\":\"es-ES\",\"isPartOf\":{\"@id\":\"https:\\\/\\\/eldigitaldeasturias.com\\\/magazine365\\\/#website\"},\"breadcrumb\":{\"@id\":\"https:\\\/\\\/eldigitaldeasturias.com\\\/magazine365\\\/el-ayuntamiento-de-madrid-avanza-que-la-tasa-turistica-podria-ser-incluida-en-el-presupuesto-de-2016\\\/#breadcrumblist\"},\"author\":{\"@id\":\"https:\\\/\\\/eldigitaldeasturias.com\\\/magazine365\\\/author\\\/admin\\\/#author\"},\"creator\":{\"@id\":\"https:\\\/\\\/eldigitaldeasturias.com\\\/magazine365\\\/author\\\/admin\\\/#author\"},\"image\":{\"@type\":\"ImageObject\",\"url\":\"https:\\\/\\\/eldigitaldeasturias.com\\\/magazine365\\\/wp-content\\\/uploads\\\/2015\\\/07\\\/fotonoticia_20150713105240_800.jpg\",\"@id\":\"https:\\\/\\\/eldigitaldeasturias.com\\\/magazine365\\\/el-ayuntamiento-de-madrid-avanza-que-la-tasa-turistica-podria-ser-incluida-en-el-presupuesto-de-2016\\\/#mainImage\",\"width\":800,\"height\":531},\"primaryImageOfPage\":{\"@id\":\"https:\\\/\\\/eldigitaldeasturias.com\\\/magazine365\\\/el-ayuntamiento-de-madrid-avanza-que-la-tasa-turistica-podria-ser-incluida-en-el-presupuesto-de-2016\\\/#mainImage\"},\"datePublished\":\"2015-07-13T20:15:21+02:00\",\"dateModified\":\"2015-07-13T20:15:21+02:00\"},{\"@type\":\"WebSite\",\"@id\":\"https:\\\/\\\/eldigitaldeasturias.com\\\/magazine365\\\/#website\",\"url\":\"https:\\\/\\\/eldigitaldeasturias.com\\\/magazine365\\\/\",\"name\":\"El Digital de Asturias\",\"description\":\"Revista de ocio, turismo y estilo de vida\",\"inLanguage\":\"es-ES\",\"publisher\":{\"@id\":\"https:\\\/\\\/eldigitaldeasturias.com\\\/magazine365\\\/#organization\"}}]}\n\t\t<\/script>\n\t\t<!-- All in One SEO Pro -->\r\n\t\t<title>El Ayuntamiento de Madrid avanza que la tasa tur\u00edstica podr\u00eda ser incluida en el presupuesto de 2016 | El Digital de Asturias<\/title>\n\n","aioseo_head_json":{"title":"El Ayuntamiento de Madrid avanza que la tasa tur\u00edstica podr\u00eda ser incluida en el presupuesto de 2016 | El Digital de Asturias","description":"El concejal de Econom\u00eda y Hacienda del Ayuntamiento de Madrid, Carlos S\u00e1nchez Mato, ha avanzado este lunes en la primera comisi\u00f3n ordinaria del \u00e1rea que la tasa tur\u00edstica podr\u00eda ser incluida en el presupuesto de 2016 aunque es algo que \"todav\u00eda no est\u00e1 decidido\". \"Es una de las tasas que est\u00e1 dentro de las posibles","canonical_url":"https:\/\/eldigitaldeasturias.com\/magazine365\/el-ayuntamiento-de-madrid-avanza-que-la-tasa-turistica-podria-ser-incluida-en-el-presupuesto-de-2016\/","robots":"max-image-preview:large","keywords":"actualidad turismo","webmasterTools":{"google-site-verification":"UA-38556648-1","miscellaneous":""},"schema":{"@context":"https:\/\/schema.org","@graph":[{"@type":"Article","@id":"https:\/\/eldigitaldeasturias.com\/magazine365\/el-ayuntamiento-de-madrid-avanza-que-la-tasa-turistica-podria-ser-incluida-en-el-presupuesto-de-2016\/#article","name":"El Ayuntamiento de Madrid avanza que la tasa tur\u00edstica podr\u00eda ser incluida en el presupuesto de 2016 | El Digital de Asturias","headline":"El Ayuntamiento de Madrid avanza que la tasa tur\u00edstica podr\u00eda ser incluida en el presupuesto de 2016","author":{"@id":"https:\/\/eldigitaldeasturias.com\/magazine365\/author\/admin\/#author"},"publisher":{"@id":"https:\/\/eldigitaldeasturias.com\/magazine365\/#organization"},"image":{"@type":"ImageObject","url":"https:\/\/eldigitaldeasturias.com\/magazine365\/wp-content\/uploads\/2015\/07\/fotonoticia_20150713105240_800.jpg","width":800,"height":531},"datePublished":"2015-07-13T20:15:21+02:00","dateModified":"2015-07-13T20:15:21+02:00","inLanguage":"es-ES","mainEntityOfPage":{"@id":"https:\/\/eldigitaldeasturias.com\/magazine365\/el-ayuntamiento-de-madrid-avanza-que-la-tasa-turistica-podria-ser-incluida-en-el-presupuesto-de-2016\/#webpage"},"isPartOf":{"@id":"https:\/\/eldigitaldeasturias.com\/magazine365\/el-ayuntamiento-de-madrid-avanza-que-la-tasa-turistica-podria-ser-incluida-en-el-presupuesto-de-2016\/#webpage"},"articleSection":"Actualidad Turismo"},{"@type":"BreadcrumbList","@id":"https:\/\/eldigitaldeasturias.com\/magazine365\/el-ayuntamiento-de-madrid-avanza-que-la-tasa-turistica-podria-ser-incluida-en-el-presupuesto-de-2016\/#breadcrumblist","itemListElement":[{"@type":"ListItem","@id":"https:\/\/eldigitaldeasturias.com\/magazine365#listItem","position":1,"name":"Home","item":"https:\/\/eldigitaldeasturias.com\/magazine365","nextItem":{"@type":"ListItem","@id":"https:\/\/eldigitaldeasturias.com\/magazine365\/category\/actualidad-turismo\/#listItem","name":"Actualidad Turismo"}},{"@type":"ListItem","@id":"https:\/\/eldigitaldeasturias.com\/magazine365\/category\/actualidad-turismo\/#listItem","position":2,"name":"Actualidad Turismo","item":"https:\/\/eldigitaldeasturias.com\/magazine365\/category\/actualidad-turismo\/","nextItem":{"@type":"ListItem","@id":"https:\/\/eldigitaldeasturias.com\/magazine365\/el-ayuntamiento-de-madrid-avanza-que-la-tasa-turistica-podria-ser-incluida-en-el-presupuesto-de-2016\/#listItem","name":"El Ayuntamiento de Madrid avanza que la tasa tur\u00edstica podr\u00eda ser incluida en el presupuesto de 2016"},"previousItem":{"@type":"ListItem","@id":"https:\/\/eldigitaldeasturias.com\/magazine365#listItem","name":"Home"}},{"@type":"ListItem","@id":"https:\/\/eldigitaldeasturias.com\/magazine365\/el-ayuntamiento-de-madrid-avanza-que-la-tasa-turistica-podria-ser-incluida-en-el-presupuesto-de-2016\/#listItem","position":3,"name":"El Ayuntamiento de Madrid avanza que la tasa tur\u00edstica podr\u00eda ser incluida en el presupuesto de 2016","previousItem":{"@type":"ListItem","@id":"https:\/\/eldigitaldeasturias.com\/magazine365\/category\/actualidad-turismo\/#listItem","name":"Actualidad Turismo"}}]},{"@type":"Organization","@id":"https:\/\/eldigitaldeasturias.com\/magazine365\/#organization","name":"El digital de Asturias","description":"Revista de ocio, turismo y estilo de vida","url":"https:\/\/eldigitaldeasturias.com\/magazine365\/","logo":{"@type":"ImageObject","url":"https:\/\/www.eldigitaldeasturias.com\/noticias\/wp-content\/uploads\/2020\/12\/EDA.jpg","@id":"https:\/\/eldigitaldeasturias.com\/magazine365\/el-ayuntamiento-de-madrid-avanza-que-la-tasa-turistica-podria-ser-incluida-en-el-presupuesto-de-2016\/#organizationLogo"},"image":{"@id":"https:\/\/eldigitaldeasturias.com\/magazine365\/el-ayuntamiento-de-madrid-avanza-que-la-tasa-turistica-podria-ser-incluida-en-el-presupuesto-de-2016\/#organizationLogo"}},{"@type":"Person","@id":"https:\/\/eldigitaldeasturias.com\/magazine365\/author\/admin\/#author","url":"https:\/\/eldigitaldeasturias.com\/magazine365\/author\/admin\/","name":"admin","image":{"@type":"ImageObject","@id":"https:\/\/eldigitaldeasturias.com\/magazine365\/el-ayuntamiento-de-madrid-avanza-que-la-tasa-turistica-podria-ser-incluida-en-el-presupuesto-de-2016\/#authorImage","url":"https:\/\/eldigitaldeasturias.com\/magazine365\/wp-content\/litespeed\/avatar\/e571bcf59a0edd6fa6838245a470f2fe.jpg?ver=1777574230","width":96,"height":96,"caption":"admin"}},{"@type":"WebPage","@id":"https:\/\/eldigitaldeasturias.com\/magazine365\/el-ayuntamiento-de-madrid-avanza-que-la-tasa-turistica-podria-ser-incluida-en-el-presupuesto-de-2016\/#webpage","url":"https:\/\/eldigitaldeasturias.com\/magazine365\/el-ayuntamiento-de-madrid-avanza-que-la-tasa-turistica-podria-ser-incluida-en-el-presupuesto-de-2016\/","name":"El Ayuntamiento de Madrid avanza que la tasa tur\u00edstica podr\u00eda ser incluida en el presupuesto de 2016 | El Digital de Asturias","description":"El concejal de Econom\u00eda y Hacienda del Ayuntamiento de Madrid, Carlos S\u00e1nchez Mato, ha avanzado este lunes en la primera comisi\u00f3n ordinaria del \u00e1rea que la tasa tur\u00edstica podr\u00eda ser incluida en el presupuesto de 2016 aunque es algo que \"todav\u00eda no est\u00e1 decidido\". \"Es una de las tasas que est\u00e1 dentro de las posibles","inLanguage":"es-ES","isPartOf":{"@id":"https:\/\/eldigitaldeasturias.com\/magazine365\/#website"},"breadcrumb":{"@id":"https:\/\/eldigitaldeasturias.com\/magazine365\/el-ayuntamiento-de-madrid-avanza-que-la-tasa-turistica-podria-ser-incluida-en-el-presupuesto-de-2016\/#breadcrumblist"},"author":{"@id":"https:\/\/eldigitaldeasturias.com\/magazine365\/author\/admin\/#author"},"creator":{"@id":"https:\/\/eldigitaldeasturias.com\/magazine365\/author\/admin\/#author"},"image":{"@type":"ImageObject","url":"https:\/\/eldigitaldeasturias.com\/magazine365\/wp-content\/uploads\/2015\/07\/fotonoticia_20150713105240_800.jpg","@id":"https:\/\/eldigitaldeasturias.com\/magazine365\/el-ayuntamiento-de-madrid-avanza-que-la-tasa-turistica-podria-ser-incluida-en-el-presupuesto-de-2016\/#mainImage","width":800,"height":531},"primaryImageOfPage":{"@id":"https:\/\/eldigitaldeasturias.com\/magazine365\/el-ayuntamiento-de-madrid-avanza-que-la-tasa-turistica-podria-ser-incluida-en-el-presupuesto-de-2016\/#mainImage"},"datePublished":"2015-07-13T20:15:21+02:00","dateModified":"2015-07-13T20:15:21+02:00"},{"@type":"WebSite","@id":"https:\/\/eldigitaldeasturias.com\/magazine365\/#website","url":"https:\/\/eldigitaldeasturias.com\/magazine365\/","name":"El Digital de Asturias","description":"Revista de ocio, turismo y estilo de vida","inLanguage":"es-ES","publisher":{"@id":"https:\/\/eldigitaldeasturias.com\/magazine365\/#organization"}}]},"og:locale":"es_ES","og:site_name":"El Digital de Asturias \u2013 Revista de ocio, turismo y estilo de vida","og:type":"article","og:title":"El Ayuntamiento de Madrid avanza que la tasa tur\u00edstica podr\u00eda ser incluida en el presupuesto de 2016 | El Digital de Asturias","og:description":"El concejal de Econom\u00eda y Hacienda del Ayuntamiento de Madrid, Carlos S\u00e1nchez Mato, ha avanzado este lunes en la primera comisi\u00f3n ordinaria del \u00e1rea que la tasa tur\u00edstica podr\u00eda ser incluida en el presupuesto de 2016 aunque es algo que &quot;todav\u00eda no est\u00e1 decidido&quot;. &quot;Es una de las tasas que est\u00e1 dentro de las posibles","og:url":"https:\/\/eldigitaldeasturias.com\/magazine365\/el-ayuntamiento-de-madrid-avanza-que-la-tasa-turistica-podria-ser-incluida-en-el-presupuesto-de-2016\/","og:image":"https:\/\/eldigitaldeasturias.com\/magazine365\/wp-content\/uploads\/2015\/07\/fotonoticia_20150713105240_800.jpg","og:image:secure_url":"https:\/\/eldigitaldeasturias.com\/magazine365\/wp-content\/uploads\/2015\/07\/fotonoticia_20150713105240_800.jpg","og:image:width":800,"og:image:height":531,"article:published_time":"2015-07-13T18:15:21+00:00","article:modified_time":"2015-07-13T18:15:21+00:00","twitter:card":"summary_large_image","twitter:title":"El Ayuntamiento de Madrid avanza que la tasa tur\u00edstica podr\u00eda ser incluida en el presupuesto de 2016 | El Digital de Asturias","twitter:description":"El concejal de Econom\u00eda y Hacienda del Ayuntamiento de Madrid, Carlos S\u00e1nchez Mato, ha avanzado este lunes en la primera comisi\u00f3n ordinaria del \u00e1rea que la tasa tur\u00edstica podr\u00eda ser incluida en el presupuesto de 2016 aunque es algo que &quot;todav\u00eda no est\u00e1 decidido&quot;. &quot;Es una de las tasas que est\u00e1 dentro de las posibles","twitter:image":"https:\/\/eldigitaldeasturias.com\/magazine365\/wp-content\/uploads\/2015\/07\/fotonoticia_20150713105240_800.jpg"},"aioseo_meta_data":{"post_id":"42480","title":null,"description":null,"keywords":null,"keyphrases":null,"primary_term":null,"canonical_url":null,"og_title":null,"og_description":null,"og_object_type":"default","og_image_type":"default","og_image_url":null,"og_image_width":null,"og_image_height":null,"og_image_custom_url":null,"og_image_custom_fields":null,"og_video":null,"og_custom_url":null,"og_article_section":null,"og_article_tags":null,"twitter_use_og":false,"twitter_card":"default","twitter_image_type":"default","twitter_image_url":null,"twitter_image_custom_url":null,"twitter_image_custom_fields":null,"twitter_title":null,"twitter_description":null,"schema":{"blockGraphs":[],"customGraphs":[],"default":{"data":{"Article":[],"Course":[],"Dataset":[],"FAQPage":[],"Movie":[],"Person":[],"Product":[],"ProductReview":[],"Car":[],"Recipe":[],"Service":[],"SoftwareApplication":[],"WebPage":[]},"graphName":"","isEnabled":true},"graphs":[],"defaultGraph":"","defaultPostTypeGraph":""},"schema_type":null,"schema_type_options":null,"pillar_content":false,"robots_default":true,"robots_noindex":false,"robots_noarchive":false,"robots_nosnippet":false,"robots_nofollow":false,"robots_noimageindex":false,"robots_noodp":false,"robots_notranslate":false,"robots_max_snippet":null,"robots_max_videopreview":null,"robots_max_imagepreview":"large","priority":null,"frequency":null,"location":null,"local_seo":null,"seo_analyzer_scan_date":"2025-09-19 17:50:13","breadcrumb_settings":null,"limit_modified_date":false,"open_ai":null,"ai":null,"created":"2021-03-09 01:59:48","updated":"2025-09-19 17:50:13"},"aioseo_breadcrumb":"<div class=\"aioseo-breadcrumbs\"><span class=\"aioseo-breadcrumb\">\n\t<a href=\"https:\/\/eldigitaldeasturias.com\/magazine365\" title=\"Home\">Home<\/a>\n<\/span><span class=\"aioseo-breadcrumb-separator\">\u2013<\/span><span class=\"aioseo-breadcrumb\">\n\t<a href=\"https:\/\/eldigitaldeasturias.com\/magazine365\/category\/actualidad-turismo\/\" title=\"Actualidad Turismo\">Actualidad Turismo<\/a>\n<\/span><span class=\"aioseo-breadcrumb-separator\">\u2013<\/span><span class=\"aioseo-breadcrumb\">\n\t<a href=\"https:\/\/eldigitaldeasturias.com\/magazine365\/el-ayuntamiento-de-madrid-avanza-que-la-tasa-turistica-podria-ser-incluida-en-el-presupuesto-de-2016\/\" title=\"El Ayuntamiento de Madrid avanza que la tasa tur\u00edstica podr\u00eda ser incluida en el presupuesto de 2016\">El Ayuntamiento de Madrid avanza que la tasa tur\u00edstica podr\u00eda ser incluida en el presupuesto de 2016<\/a>\n<\/span><\/div>","aioseo_breadcrumb_json":[{"label":"Home","link":"https:\/\/eldigitaldeasturias.com\/magazine365"},{"label":"Actualidad Turismo","link":"https:\/\/eldigitaldeasturias.com\/magazine365\/category\/actualidad-turismo\/"},{"label":"El Ayuntamiento de Madrid avanza que la tasa tur\u00edstica podr\u00eda ser incluida en el presupuesto de 2016","link":"https:\/\/eldigitaldeasturias.com\/magazine365\/el-ayuntamiento-de-madrid-avanza-que-la-tasa-turistica-podria-ser-incluida-en-el-presupuesto-de-2016\/"}],"_links":{"self":[{"href":"https:\/\/eldigitaldeasturias.com\/magazine365\/wp-json\/wp\/v2\/posts\/42480","targetHints":{"allow":["GET"]}}],"collection":[{"href":"https:\/\/eldigitaldeasturias.com\/magazine365\/wp-json\/wp\/v2\/posts"}],"about":[{"href":"https:\/\/eldigitaldeasturias.com\/magazine365\/wp-json\/wp\/v2\/types\/post"}],"author":[{"embeddable":true,"href":"https:\/\/eldigitaldeasturias.com\/magazine365\/wp-json\/wp\/v2\/users\/1"}],"replies":[{"embeddable":true,"href":"https:\/\/eldigitaldeasturias.com\/magazine365\/wp-json\/wp\/v2\/comments?post=42480"}],"version-history":[{"count":0,"href":"https:\/\/eldigitaldeasturias.com\/magazine365\/wp-json\/wp\/v2\/posts\/42480\/revisions"}],"wp:featuredmedia":[{"embeddable":true,"href":"https:\/\/eldigitaldeasturias.com\/magazine365\/wp-json\/wp\/v2\/media\/42481"}],"wp:attachment":[{"href":"https:\/\/eldigitaldeasturias.com\/magazine365\/wp-json\/wp\/v2\/media?parent=42480"}],"wp:term":[{"taxonomy":"category","embeddable":true,"href":"https:\/\/eldigitaldeasturias.com\/magazine365\/wp-json\/wp\/v2\/categories?post=42480"},{"taxonomy":"post_tag","embeddable":true,"href":"https:\/\/eldigitaldeasturias.com\/magazine365\/wp-json\/wp\/v2\/tags?post=42480"}],"curies":[{"name":"wp","href":"https:\/\/api.w.org\/{rel}","templated":true}]}}