{"id":42474,"date":"2015-07-13T14:20:18","date_gmt":"2015-07-13T12:20:18","guid":{"rendered":"http:\/\/eldigitaldeasturias.com\/magazine365\/?p=42474"},"modified":"2015-07-13T14:20:18","modified_gmt":"2015-07-13T12:20:18","slug":"la-red-tourist-info-refuerza-sus-servicios-de-atencion-al-turista-en-verano","status":"publish","type":"post","link":"https:\/\/eldigitaldeasturias.com\/magazine365\/la-red-tourist-info-refuerza-sus-servicios-de-atencion-al-turista-en-verano\/","title":{"rendered":"La Red Tourist Info refuerza sus servicios de atenci\u00f3n al turista en verano"},"content":{"rendered":"<p><img fetchpriority=\"high\" decoding=\"async\" class=\"alignleft size-medium wp-image-42475\" src=\"https:\/\/eldigitaldeasturias.com\/magazine365\/wp-content\/uploads\/2015\/07\/fotonoticia_20150713095959_800-360x257.jpg\" alt=\"fotonoticia_20150713095959_800\" width=\"360\" height=\"257\" srcset=\"https:\/\/eldigitaldeasturias.com\/magazine365\/wp-content\/uploads\/2015\/07\/fotonoticia_20150713095959_800-360x257.jpg 360w, https:\/\/eldigitaldeasturias.com\/magazine365\/wp-content\/uploads\/2015\/07\/fotonoticia_20150713095959_800-650x464.jpg 650w, https:\/\/eldigitaldeasturias.com\/magazine365\/wp-content\/uploads\/2015\/07\/fotonoticia_20150713095959_800-768x548.jpg 768w, https:\/\/eldigitaldeasturias.com\/magazine365\/wp-content\/uploads\/2015\/07\/fotonoticia_20150713095959_800-150x107.jpg 150w, https:\/\/eldigitaldeasturias.com\/magazine365\/wp-content\/uploads\/2015\/07\/fotonoticia_20150713095959_800-450x321.jpg 450w, https:\/\/eldigitaldeasturias.com\/magazine365\/wp-content\/uploads\/2015\/07\/fotonoticia_20150713095959_800-100x70.jpg 100w, https:\/\/eldigitaldeasturias.com\/magazine365\/wp-content\/uploads\/2015\/07\/fotonoticia_20150713095959_800-696x497.jpg 696w, https:\/\/eldigitaldeasturias.com\/magazine365\/wp-content\/uploads\/2015\/07\/fotonoticia_20150713095959_800-588x420.jpg 588w, https:\/\/eldigitaldeasturias.com\/magazine365\/wp-content\/uploads\/2015\/07\/fotonoticia_20150713095959_800.jpg 800w\" sizes=\"(max-width: 360px) 100vw, 360px\" \/>La Ag\u00e8ncia Valenciana del Turisme (AVT), en colaboraci\u00f3n con los ayuntamientos de la Red Tourist Info, ha ampliado el servicio de informaci\u00f3n tur\u00edstica durante el verano con la puesta en marcha de 30 oficinas temporales y 17 puntos de informaci\u00f3n estivales para acercar los servicios de informaci\u00f3n y acogida al turista a las playas del litoral valenciano y a los puntos de mayor concentraci\u00f3n de p\u00fablico.<\/p>\n<p>Adem\u00e1s, la Red cuenta para esta campa\u00f1a con cinco nuevas oficinas incorporadas en 2014: en la Estaci\u00f3n del AVE de Villena y en San Vicente del Raspeig, en Alicante; Ares del Maestrat y La Salzadella, en la provincia de Castell\u00f3n; y Silla en Valencia. Con esta \u00faltima apertura, la Red est\u00e1 presente en todas las comarcas de la Comunitat, seg\u00fan ha informado la Generalitat en un comunicado.<\/p>\n<p>Con este refuerzo, el visitante y los ciudadanos contar\u00e1n con un total de 199 oficinas y 18 puntos de informaci\u00f3n, un 28 por ciento m\u00e1s de servicio que en temporada baja. A lo largo de todo el territorio, en torno a 400 informadores estar\u00e1n al frente de las oficinas para asistir durante su estancia a los turistas, ofreciendo contenidos tanto de la oferta local, como del conjunto de destinos de la Comunitat Valenciana.<\/p>\n<p>As\u00ed, la provincia de Castell\u00f3n cuenta con 53 oficinas Tourist Info, 10 de ellas temporales, y 5 puntos de informaci\u00f3n; la provincia de Valencia con 70 oficinas, 13 de ellas temporales, y 1 punto de informaci\u00f3n; y finalmente la provincia de Alicante con 75 oficinas, 7 de ellas temporales, y 11 puntos de informaci\u00f3n a pie de playa o en centros de especial inter\u00e9s en la \u00e9poca estival.<\/p>\n<p>NUEVAS TECNOLOG\u00cdAS E INNOVACI\u00d3N EN EL TURISMO<\/p>\n<p>La Red Tourist Info \u00abse ha convertido en un punto de referencia fundamental para el turista, especialmente durante los periodos de mayor afluencia. Sus oficinas y puntos de informaci\u00f3n facilitan el conocimiento de la oferta tur\u00edstica y trabajan para optimizar el disfrute de las estancias de nuestros visitantes\u00bb, seg\u00fan la Generalitat.<\/p>\n<p>El Consell trabaja conjuntamente con las entidades locales en la modernizaci\u00f3n de las oficinas y en el impulso de nuevos servicios que acerquen a la Red Tourist Info a las exigencias de la informaci\u00f3n tur\u00edstica del siglo XXI.<\/p>\n<p>As\u00ed, han explicado que las redes sociales se est\u00e1n integrando como nuevos canales para ofrecer informaci\u00f3n al cliente en todas las fases del viaje, un n\u00famero creciente de oficinas que ofrecen conexi\u00f3n wifi gratuita a los turistas, integraci\u00f3n de c\u00f3digos &#8216;QR&#8217; para el acceso a la descarga de folletos o apps tur\u00edsticas, o las cerca de 30 oficinas que disponen de soportes de marketing din\u00e1mico como pantallas t\u00e1ctiles 24h o pantallas para la difusi\u00f3n de informaci\u00f3n.<\/p>\n","protected":false},"excerpt":{"rendered":"<p>La Ag\u00e8ncia Valenciana del Turisme (AVT), en colaboraci\u00f3n con los ayuntamientos de la Red Tourist Info, ha ampliado el servicio de informaci\u00f3n tur\u00edstica durante el verano con la puesta en marcha de 30 oficinas temporales y 17 puntos de informaci\u00f3n estivales para acercar los servicios de informaci\u00f3n y acogida al turista a las playas del<\/p>\n","protected":false},"author":1,"featured_media":42475,"comment_status":"open","ping_status":"closed","sticky":false,"template":"","format":"standard","meta":{"footnotes":""},"categories":[222],"tags":[],"class_list":{"0":"post-42474","1":"post","2":"type-post","3":"status-publish","4":"format-standard","5":"has-post-thumbnail","7":"category-actualidad-turismo"},"aioseo_notices":[],"aioseo_head":"\n\t\t<!-- All in One SEO Pro 4.9.6.1 - aioseo.com -->\n\t<meta name=\"description\" content=\"La Ag\u00e8ncia Valenciana del Turisme (AVT), en colaboraci\u00f3n con los ayuntamientos de la Red Tourist Info, ha ampliado el servicio de informaci\u00f3n tur\u00edstica durante el verano con la puesta en marcha de 30 oficinas temporales y 17 puntos de informaci\u00f3n estivales para acercar los servicios de informaci\u00f3n y acogida al turista a las playas del\" \/>\n\t<meta name=\"robots\" content=\"max-image-preview:large\" \/>\n\t<meta name=\"author\" content=\"admin\"\/>\n\t<meta name=\"google-site-verification\" content=\"UA-38556648-1\" \/>\n\t<meta name=\"keywords\" content=\"actualidad turismo\" \/>\n\t<link rel=\"canonical\" href=\"https:\/\/eldigitaldeasturias.com\/magazine365\/la-red-tourist-info-refuerza-sus-servicios-de-atencion-al-turista-en-verano\/\" \/>\n\t<meta name=\"generator\" content=\"All in One SEO Pro (AIOSEO) 4.9.6.1\" \/>\n\t\t<meta property=\"og:locale\" content=\"es_ES\" \/>\n\t\t<meta property=\"og:site_name\" content=\"El Digital de Asturias \u2013 Revista de ocio, turismo y estilo de vida\" \/>\n\t\t<meta property=\"og:type\" content=\"article\" \/>\n\t\t<meta property=\"og:title\" content=\"La Red Tourist Info refuerza sus servicios de atenci\u00f3n al turista en verano | El Digital de Asturias\" \/>\n\t\t<meta property=\"og:description\" content=\"La Ag\u00e8ncia Valenciana del Turisme (AVT), en colaboraci\u00f3n con los ayuntamientos de la Red Tourist Info, ha ampliado el servicio de informaci\u00f3n tur\u00edstica durante el verano con la puesta en marcha de 30 oficinas temporales y 17 puntos de informaci\u00f3n estivales para acercar los servicios de informaci\u00f3n y acogida al turista a las playas del\" \/>\n\t\t<meta property=\"og:url\" content=\"https:\/\/eldigitaldeasturias.com\/magazine365\/la-red-tourist-info-refuerza-sus-servicios-de-atencion-al-turista-en-verano\/\" \/>\n\t\t<meta property=\"og:image\" content=\"https:\/\/eldigitaldeasturias.com\/magazine365\/wp-content\/uploads\/2015\/07\/fotonoticia_20150713095959_800.jpg\" \/>\n\t\t<meta property=\"og:image:secure_url\" content=\"https:\/\/eldigitaldeasturias.com\/magazine365\/wp-content\/uploads\/2015\/07\/fotonoticia_20150713095959_800.jpg\" \/>\n\t\t<meta property=\"og:image:width\" content=\"800\" \/>\n\t\t<meta property=\"og:image:height\" content=\"571\" \/>\n\t\t<meta property=\"article:published_time\" content=\"2015-07-13T12:20:18+00:00\" \/>\n\t\t<meta property=\"article:modified_time\" content=\"2015-07-13T12:20:18+00:00\" \/>\n\t\t<meta name=\"twitter:card\" content=\"summary_large_image\" \/>\n\t\t<meta name=\"twitter:title\" content=\"La Red Tourist Info refuerza sus servicios de atenci\u00f3n al turista en verano | El Digital de Asturias\" \/>\n\t\t<meta name=\"twitter:description\" content=\"La Ag\u00e8ncia Valenciana del Turisme (AVT), en colaboraci\u00f3n con los ayuntamientos de la Red Tourist Info, ha ampliado el servicio de informaci\u00f3n tur\u00edstica durante el verano con la puesta en marcha de 30 oficinas temporales y 17 puntos de informaci\u00f3n estivales para acercar los servicios de informaci\u00f3n y acogida al turista a las playas del\" \/>\n\t\t<meta name=\"twitter:image\" content=\"https:\/\/eldigitaldeasturias.com\/magazine365\/wp-content\/uploads\/2015\/07\/fotonoticia_20150713095959_800.jpg\" \/>\n\t\t<script type=\"application\/ld+json\" class=\"aioseo-schema\">\n\t\t\t{\"@context\":\"https:\\\/\\\/schema.org\",\"@graph\":[{\"@type\":\"Article\",\"@id\":\"https:\\\/\\\/eldigitaldeasturias.com\\\/magazine365\\\/la-red-tourist-info-refuerza-sus-servicios-de-atencion-al-turista-en-verano\\\/#article\",\"name\":\"La Red Tourist Info refuerza sus servicios de atenci\\u00f3n al turista en verano | El Digital de Asturias\",\"headline\":\"La Red Tourist Info refuerza sus servicios de atenci\\u00f3n al turista en verano\",\"author\":{\"@id\":\"https:\\\/\\\/eldigitaldeasturias.com\\\/magazine365\\\/author\\\/admin\\\/#author\"},\"publisher\":{\"@id\":\"https:\\\/\\\/eldigitaldeasturias.com\\\/magazine365\\\/#organization\"},\"image\":{\"@type\":\"ImageObject\",\"url\":\"https:\\\/\\\/eldigitaldeasturias.com\\\/magazine365\\\/wp-content\\\/uploads\\\/2015\\\/07\\\/fotonoticia_20150713095959_800.jpg\",\"width\":800,\"height\":571},\"datePublished\":\"2015-07-13T14:20:18+02:00\",\"dateModified\":\"2015-07-13T14:20:18+02:00\",\"inLanguage\":\"es-ES\",\"mainEntityOfPage\":{\"@id\":\"https:\\\/\\\/eldigitaldeasturias.com\\\/magazine365\\\/la-red-tourist-info-refuerza-sus-servicios-de-atencion-al-turista-en-verano\\\/#webpage\"},\"isPartOf\":{\"@id\":\"https:\\\/\\\/eldigitaldeasturias.com\\\/magazine365\\\/la-red-tourist-info-refuerza-sus-servicios-de-atencion-al-turista-en-verano\\\/#webpage\"},\"articleSection\":\"Actualidad Turismo\"},{\"@type\":\"BreadcrumbList\",\"@id\":\"https:\\\/\\\/eldigitaldeasturias.com\\\/magazine365\\\/la-red-tourist-info-refuerza-sus-servicios-de-atencion-al-turista-en-verano\\\/#breadcrumblist\",\"itemListElement\":[{\"@type\":\"ListItem\",\"@id\":\"https:\\\/\\\/eldigitaldeasturias.com\\\/magazine365#listItem\",\"position\":1,\"name\":\"Home\",\"item\":\"https:\\\/\\\/eldigitaldeasturias.com\\\/magazine365\",\"nextItem\":{\"@type\":\"ListItem\",\"@id\":\"https:\\\/\\\/eldigitaldeasturias.com\\\/magazine365\\\/category\\\/actualidad-turismo\\\/#listItem\",\"name\":\"Actualidad Turismo\"}},{\"@type\":\"ListItem\",\"@id\":\"https:\\\/\\\/eldigitaldeasturias.com\\\/magazine365\\\/category\\\/actualidad-turismo\\\/#listItem\",\"position\":2,\"name\":\"Actualidad Turismo\",\"item\":\"https:\\\/\\\/eldigitaldeasturias.com\\\/magazine365\\\/category\\\/actualidad-turismo\\\/\",\"nextItem\":{\"@type\":\"ListItem\",\"@id\":\"https:\\\/\\\/eldigitaldeasturias.com\\\/magazine365\\\/la-red-tourist-info-refuerza-sus-servicios-de-atencion-al-turista-en-verano\\\/#listItem\",\"name\":\"La Red Tourist Info refuerza sus servicios de atenci\\u00f3n al turista en verano\"},\"previousItem\":{\"@type\":\"ListItem\",\"@id\":\"https:\\\/\\\/eldigitaldeasturias.com\\\/magazine365#listItem\",\"name\":\"Home\"}},{\"@type\":\"ListItem\",\"@id\":\"https:\\\/\\\/eldigitaldeasturias.com\\\/magazine365\\\/la-red-tourist-info-refuerza-sus-servicios-de-atencion-al-turista-en-verano\\\/#listItem\",\"position\":3,\"name\":\"La Red Tourist Info refuerza sus servicios de atenci\\u00f3n al turista en verano\",\"previousItem\":{\"@type\":\"ListItem\",\"@id\":\"https:\\\/\\\/eldigitaldeasturias.com\\\/magazine365\\\/category\\\/actualidad-turismo\\\/#listItem\",\"name\":\"Actualidad Turismo\"}}]},{\"@type\":\"Organization\",\"@id\":\"https:\\\/\\\/eldigitaldeasturias.com\\\/magazine365\\\/#organization\",\"name\":\"El digital de Asturias\",\"description\":\"Revista de ocio, turismo y estilo de vida\",\"url\":\"https:\\\/\\\/eldigitaldeasturias.com\\\/magazine365\\\/\",\"logo\":{\"@type\":\"ImageObject\",\"url\":\"https:\\\/\\\/www.eldigitaldeasturias.com\\\/noticias\\\/wp-content\\\/uploads\\\/2020\\\/12\\\/EDA.jpg\",\"@id\":\"https:\\\/\\\/eldigitaldeasturias.com\\\/magazine365\\\/la-red-tourist-info-refuerza-sus-servicios-de-atencion-al-turista-en-verano\\\/#organizationLogo\"},\"image\":{\"@id\":\"https:\\\/\\\/eldigitaldeasturias.com\\\/magazine365\\\/la-red-tourist-info-refuerza-sus-servicios-de-atencion-al-turista-en-verano\\\/#organizationLogo\"}},{\"@type\":\"Person\",\"@id\":\"https:\\\/\\\/eldigitaldeasturias.com\\\/magazine365\\\/author\\\/admin\\\/#author\",\"url\":\"https:\\\/\\\/eldigitaldeasturias.com\\\/magazine365\\\/author\\\/admin\\\/\",\"name\":\"admin\",\"image\":{\"@type\":\"ImageObject\",\"@id\":\"https:\\\/\\\/eldigitaldeasturias.com\\\/magazine365\\\/la-red-tourist-info-refuerza-sus-servicios-de-atencion-al-turista-en-verano\\\/#authorImage\",\"url\":\"https:\\\/\\\/eldigitaldeasturias.com\\\/magazine365\\\/wp-content\\\/litespeed\\\/avatar\\\/e571bcf59a0edd6fa6838245a470f2fe.jpg?ver=1777574230\",\"width\":96,\"height\":96,\"caption\":\"admin\"}},{\"@type\":\"WebPage\",\"@id\":\"https:\\\/\\\/eldigitaldeasturias.com\\\/magazine365\\\/la-red-tourist-info-refuerza-sus-servicios-de-atencion-al-turista-en-verano\\\/#webpage\",\"url\":\"https:\\\/\\\/eldigitaldeasturias.com\\\/magazine365\\\/la-red-tourist-info-refuerza-sus-servicios-de-atencion-al-turista-en-verano\\\/\",\"name\":\"La Red Tourist Info refuerza sus servicios de atenci\\u00f3n al turista en verano | El Digital de Asturias\",\"description\":\"La Ag\\u00e8ncia Valenciana del Turisme (AVT), en colaboraci\\u00f3n con los ayuntamientos de la Red Tourist Info, ha ampliado el servicio de informaci\\u00f3n tur\\u00edstica durante el verano con la puesta en marcha de 30 oficinas temporales y 17 puntos de informaci\\u00f3n estivales para acercar los servicios de informaci\\u00f3n y acogida al turista a las playas del\",\"inLanguage\":\"es-ES\",\"isPartOf\":{\"@id\":\"https:\\\/\\\/eldigitaldeasturias.com\\\/magazine365\\\/#website\"},\"breadcrumb\":{\"@id\":\"https:\\\/\\\/eldigitaldeasturias.com\\\/magazine365\\\/la-red-tourist-info-refuerza-sus-servicios-de-atencion-al-turista-en-verano\\\/#breadcrumblist\"},\"author\":{\"@id\":\"https:\\\/\\\/eldigitaldeasturias.com\\\/magazine365\\\/author\\\/admin\\\/#author\"},\"creator\":{\"@id\":\"https:\\\/\\\/eldigitaldeasturias.com\\\/magazine365\\\/author\\\/admin\\\/#author\"},\"image\":{\"@type\":\"ImageObject\",\"url\":\"https:\\\/\\\/eldigitaldeasturias.com\\\/magazine365\\\/wp-content\\\/uploads\\\/2015\\\/07\\\/fotonoticia_20150713095959_800.jpg\",\"@id\":\"https:\\\/\\\/eldigitaldeasturias.com\\\/magazine365\\\/la-red-tourist-info-refuerza-sus-servicios-de-atencion-al-turista-en-verano\\\/#mainImage\",\"width\":800,\"height\":571},\"primaryImageOfPage\":{\"@id\":\"https:\\\/\\\/eldigitaldeasturias.com\\\/magazine365\\\/la-red-tourist-info-refuerza-sus-servicios-de-atencion-al-turista-en-verano\\\/#mainImage\"},\"datePublished\":\"2015-07-13T14:20:18+02:00\",\"dateModified\":\"2015-07-13T14:20:18+02:00\"},{\"@type\":\"WebSite\",\"@id\":\"https:\\\/\\\/eldigitaldeasturias.com\\\/magazine365\\\/#website\",\"url\":\"https:\\\/\\\/eldigitaldeasturias.com\\\/magazine365\\\/\",\"name\":\"El Digital de Asturias\",\"description\":\"Revista de ocio, turismo y estilo de vida\",\"inLanguage\":\"es-ES\",\"publisher\":{\"@id\":\"https:\\\/\\\/eldigitaldeasturias.com\\\/magazine365\\\/#organization\"}}]}\n\t\t<\/script>\n\t\t<!-- All in One SEO Pro -->\r\n\t\t<title>La Red Tourist Info refuerza sus servicios de atenci\u00f3n al turista en verano | El Digital de Asturias<\/title>\n\n","aioseo_head_json":{"title":"La Red Tourist Info refuerza sus servicios de atenci\u00f3n al turista en verano | El Digital de Asturias","description":"La Ag\u00e8ncia Valenciana del Turisme (AVT), en colaboraci\u00f3n con los ayuntamientos de la Red Tourist Info, ha ampliado el servicio de informaci\u00f3n tur\u00edstica durante el verano con la puesta en marcha de 30 oficinas temporales y 17 puntos de informaci\u00f3n estivales para acercar los servicios de informaci\u00f3n y acogida al turista a las playas del","canonical_url":"https:\/\/eldigitaldeasturias.com\/magazine365\/la-red-tourist-info-refuerza-sus-servicios-de-atencion-al-turista-en-verano\/","robots":"max-image-preview:large","keywords":"actualidad turismo","webmasterTools":{"google-site-verification":"UA-38556648-1","miscellaneous":""},"schema":{"@context":"https:\/\/schema.org","@graph":[{"@type":"Article","@id":"https:\/\/eldigitaldeasturias.com\/magazine365\/la-red-tourist-info-refuerza-sus-servicios-de-atencion-al-turista-en-verano\/#article","name":"La Red Tourist Info refuerza sus servicios de atenci\u00f3n al turista en verano | El Digital de Asturias","headline":"La Red Tourist Info refuerza sus servicios de atenci\u00f3n al turista en verano","author":{"@id":"https:\/\/eldigitaldeasturias.com\/magazine365\/author\/admin\/#author"},"publisher":{"@id":"https:\/\/eldigitaldeasturias.com\/magazine365\/#organization"},"image":{"@type":"ImageObject","url":"https:\/\/eldigitaldeasturias.com\/magazine365\/wp-content\/uploads\/2015\/07\/fotonoticia_20150713095959_800.jpg","width":800,"height":571},"datePublished":"2015-07-13T14:20:18+02:00","dateModified":"2015-07-13T14:20:18+02:00","inLanguage":"es-ES","mainEntityOfPage":{"@id":"https:\/\/eldigitaldeasturias.com\/magazine365\/la-red-tourist-info-refuerza-sus-servicios-de-atencion-al-turista-en-verano\/#webpage"},"isPartOf":{"@id":"https:\/\/eldigitaldeasturias.com\/magazine365\/la-red-tourist-info-refuerza-sus-servicios-de-atencion-al-turista-en-verano\/#webpage"},"articleSection":"Actualidad Turismo"},{"@type":"BreadcrumbList","@id":"https:\/\/eldigitaldeasturias.com\/magazine365\/la-red-tourist-info-refuerza-sus-servicios-de-atencion-al-turista-en-verano\/#breadcrumblist","itemListElement":[{"@type":"ListItem","@id":"https:\/\/eldigitaldeasturias.com\/magazine365#listItem","position":1,"name":"Home","item":"https:\/\/eldigitaldeasturias.com\/magazine365","nextItem":{"@type":"ListItem","@id":"https:\/\/eldigitaldeasturias.com\/magazine365\/category\/actualidad-turismo\/#listItem","name":"Actualidad Turismo"}},{"@type":"ListItem","@id":"https:\/\/eldigitaldeasturias.com\/magazine365\/category\/actualidad-turismo\/#listItem","position":2,"name":"Actualidad Turismo","item":"https:\/\/eldigitaldeasturias.com\/magazine365\/category\/actualidad-turismo\/","nextItem":{"@type":"ListItem","@id":"https:\/\/eldigitaldeasturias.com\/magazine365\/la-red-tourist-info-refuerza-sus-servicios-de-atencion-al-turista-en-verano\/#listItem","name":"La Red Tourist Info refuerza sus servicios de atenci\u00f3n al turista en verano"},"previousItem":{"@type":"ListItem","@id":"https:\/\/eldigitaldeasturias.com\/magazine365#listItem","name":"Home"}},{"@type":"ListItem","@id":"https:\/\/eldigitaldeasturias.com\/magazine365\/la-red-tourist-info-refuerza-sus-servicios-de-atencion-al-turista-en-verano\/#listItem","position":3,"name":"La Red Tourist Info refuerza sus servicios de atenci\u00f3n al turista en verano","previousItem":{"@type":"ListItem","@id":"https:\/\/eldigitaldeasturias.com\/magazine365\/category\/actualidad-turismo\/#listItem","name":"Actualidad Turismo"}}]},{"@type":"Organization","@id":"https:\/\/eldigitaldeasturias.com\/magazine365\/#organization","name":"El digital de Asturias","description":"Revista de ocio, turismo y estilo de vida","url":"https:\/\/eldigitaldeasturias.com\/magazine365\/","logo":{"@type":"ImageObject","url":"https:\/\/www.eldigitaldeasturias.com\/noticias\/wp-content\/uploads\/2020\/12\/EDA.jpg","@id":"https:\/\/eldigitaldeasturias.com\/magazine365\/la-red-tourist-info-refuerza-sus-servicios-de-atencion-al-turista-en-verano\/#organizationLogo"},"image":{"@id":"https:\/\/eldigitaldeasturias.com\/magazine365\/la-red-tourist-info-refuerza-sus-servicios-de-atencion-al-turista-en-verano\/#organizationLogo"}},{"@type":"Person","@id":"https:\/\/eldigitaldeasturias.com\/magazine365\/author\/admin\/#author","url":"https:\/\/eldigitaldeasturias.com\/magazine365\/author\/admin\/","name":"admin","image":{"@type":"ImageObject","@id":"https:\/\/eldigitaldeasturias.com\/magazine365\/la-red-tourist-info-refuerza-sus-servicios-de-atencion-al-turista-en-verano\/#authorImage","url":"https:\/\/eldigitaldeasturias.com\/magazine365\/wp-content\/litespeed\/avatar\/e571bcf59a0edd6fa6838245a470f2fe.jpg?ver=1777574230","width":96,"height":96,"caption":"admin"}},{"@type":"WebPage","@id":"https:\/\/eldigitaldeasturias.com\/magazine365\/la-red-tourist-info-refuerza-sus-servicios-de-atencion-al-turista-en-verano\/#webpage","url":"https:\/\/eldigitaldeasturias.com\/magazine365\/la-red-tourist-info-refuerza-sus-servicios-de-atencion-al-turista-en-verano\/","name":"La Red Tourist Info refuerza sus servicios de atenci\u00f3n al turista en verano | El Digital de Asturias","description":"La Ag\u00e8ncia Valenciana del Turisme (AVT), en colaboraci\u00f3n con los ayuntamientos de la Red Tourist Info, ha ampliado el servicio de informaci\u00f3n tur\u00edstica durante el verano con la puesta en marcha de 30 oficinas temporales y 17 puntos de informaci\u00f3n estivales para acercar los servicios de informaci\u00f3n y acogida al turista a las playas del","inLanguage":"es-ES","isPartOf":{"@id":"https:\/\/eldigitaldeasturias.com\/magazine365\/#website"},"breadcrumb":{"@id":"https:\/\/eldigitaldeasturias.com\/magazine365\/la-red-tourist-info-refuerza-sus-servicios-de-atencion-al-turista-en-verano\/#breadcrumblist"},"author":{"@id":"https:\/\/eldigitaldeasturias.com\/magazine365\/author\/admin\/#author"},"creator":{"@id":"https:\/\/eldigitaldeasturias.com\/magazine365\/author\/admin\/#author"},"image":{"@type":"ImageObject","url":"https:\/\/eldigitaldeasturias.com\/magazine365\/wp-content\/uploads\/2015\/07\/fotonoticia_20150713095959_800.jpg","@id":"https:\/\/eldigitaldeasturias.com\/magazine365\/la-red-tourist-info-refuerza-sus-servicios-de-atencion-al-turista-en-verano\/#mainImage","width":800,"height":571},"primaryImageOfPage":{"@id":"https:\/\/eldigitaldeasturias.com\/magazine365\/la-red-tourist-info-refuerza-sus-servicios-de-atencion-al-turista-en-verano\/#mainImage"},"datePublished":"2015-07-13T14:20:18+02:00","dateModified":"2015-07-13T14:20:18+02:00"},{"@type":"WebSite","@id":"https:\/\/eldigitaldeasturias.com\/magazine365\/#website","url":"https:\/\/eldigitaldeasturias.com\/magazine365\/","name":"El Digital de Asturias","description":"Revista de ocio, turismo y estilo de vida","inLanguage":"es-ES","publisher":{"@id":"https:\/\/eldigitaldeasturias.com\/magazine365\/#organization"}}]},"og:locale":"es_ES","og:site_name":"El Digital de Asturias \u2013 Revista de ocio, turismo y estilo de vida","og:type":"article","og:title":"La Red Tourist Info refuerza sus servicios de atenci\u00f3n al turista en verano | El Digital de Asturias","og:description":"La Ag\u00e8ncia Valenciana del Turisme (AVT), en colaboraci\u00f3n con los ayuntamientos de la Red Tourist Info, ha ampliado el servicio de informaci\u00f3n tur\u00edstica durante el verano con la puesta en marcha de 30 oficinas temporales y 17 puntos de informaci\u00f3n estivales para acercar los servicios de informaci\u00f3n y acogida al turista a las playas del","og:url":"https:\/\/eldigitaldeasturias.com\/magazine365\/la-red-tourist-info-refuerza-sus-servicios-de-atencion-al-turista-en-verano\/","og:image":"https:\/\/eldigitaldeasturias.com\/magazine365\/wp-content\/uploads\/2015\/07\/fotonoticia_20150713095959_800.jpg","og:image:secure_url":"https:\/\/eldigitaldeasturias.com\/magazine365\/wp-content\/uploads\/2015\/07\/fotonoticia_20150713095959_800.jpg","og:image:width":800,"og:image:height":571,"article:published_time":"2015-07-13T12:20:18+00:00","article:modified_time":"2015-07-13T12:20:18+00:00","twitter:card":"summary_large_image","twitter:title":"La Red Tourist Info refuerza sus servicios de atenci\u00f3n al turista en verano | El Digital de Asturias","twitter:description":"La Ag\u00e8ncia Valenciana del Turisme (AVT), en colaboraci\u00f3n con los ayuntamientos de la Red Tourist Info, ha ampliado el servicio de informaci\u00f3n tur\u00edstica durante el verano con la puesta en marcha de 30 oficinas temporales y 17 puntos de informaci\u00f3n estivales para acercar los servicios de informaci\u00f3n y acogida al turista a las playas del","twitter:image":"https:\/\/eldigitaldeasturias.com\/magazine365\/wp-content\/uploads\/2015\/07\/fotonoticia_20150713095959_800.jpg"},"aioseo_meta_data":{"post_id":"42474","title":null,"description":null,"keywords":null,"keyphrases":null,"primary_term":null,"canonical_url":null,"og_title":null,"og_description":null,"og_object_type":"default","og_image_type":"default","og_image_url":null,"og_image_width":null,"og_image_height":null,"og_image_custom_url":null,"og_image_custom_fields":null,"og_video":null,"og_custom_url":null,"og_article_section":null,"og_article_tags":null,"twitter_use_og":false,"twitter_card":"default","twitter_image_type":"default","twitter_image_url":null,"twitter_image_custom_url":null,"twitter_image_custom_fields":null,"twitter_title":null,"twitter_description":null,"schema":{"blockGraphs":[],"customGraphs":[],"default":{"data":{"Article":[],"Course":[],"Dataset":[],"FAQPage":[],"Movie":[],"Person":[],"Product":[],"ProductReview":[],"Car":[],"Recipe":[],"Service":[],"SoftwareApplication":[],"WebPage":[]},"graphName":"","isEnabled":true},"graphs":[],"defaultGraph":"","defaultPostTypeGraph":""},"schema_type":null,"schema_type_options":null,"pillar_content":false,"robots_default":true,"robots_noindex":false,"robots_noarchive":false,"robots_nosnippet":false,"robots_nofollow":false,"robots_noimageindex":false,"robots_noodp":false,"robots_notranslate":false,"robots_max_snippet":null,"robots_max_videopreview":null,"robots_max_imagepreview":"large","priority":null,"frequency":null,"location":null,"local_seo":null,"seo_analyzer_scan_date":"2025-09-19 17:48:29","breadcrumb_settings":null,"limit_modified_date":false,"open_ai":null,"ai":null,"created":"2021-03-09 01:59:48","updated":"2025-09-19 17:48:29"},"aioseo_breadcrumb":"<div class=\"aioseo-breadcrumbs\"><span class=\"aioseo-breadcrumb\">\n\t<a href=\"https:\/\/eldigitaldeasturias.com\/magazine365\" title=\"Home\">Home<\/a>\n<\/span><span class=\"aioseo-breadcrumb-separator\">\u2013<\/span><span class=\"aioseo-breadcrumb\">\n\t<a href=\"https:\/\/eldigitaldeasturias.com\/magazine365\/category\/actualidad-turismo\/\" title=\"Actualidad Turismo\">Actualidad Turismo<\/a>\n<\/span><span class=\"aioseo-breadcrumb-separator\">\u2013<\/span><span class=\"aioseo-breadcrumb\">\n\t<a href=\"https:\/\/eldigitaldeasturias.com\/magazine365\/la-red-tourist-info-refuerza-sus-servicios-de-atencion-al-turista-en-verano\/\" title=\"La Red Tourist Info refuerza sus servicios de atenci\u00f3n al turista en verano\">La Red Tourist Info refuerza sus servicios de atenci\u00f3n al turista en verano<\/a>\n<\/span><\/div>","aioseo_breadcrumb_json":[{"label":"Home","link":"https:\/\/eldigitaldeasturias.com\/magazine365"},{"label":"Actualidad Turismo","link":"https:\/\/eldigitaldeasturias.com\/magazine365\/category\/actualidad-turismo\/"},{"label":"La Red Tourist Info refuerza sus servicios de atenci\u00f3n al turista en verano","link":"https:\/\/eldigitaldeasturias.com\/magazine365\/la-red-tourist-info-refuerza-sus-servicios-de-atencion-al-turista-en-verano\/"}],"_links":{"self":[{"href":"https:\/\/eldigitaldeasturias.com\/magazine365\/wp-json\/wp\/v2\/posts\/42474","targetHints":{"allow":["GET"]}}],"collection":[{"href":"https:\/\/eldigitaldeasturias.com\/magazine365\/wp-json\/wp\/v2\/posts"}],"about":[{"href":"https:\/\/eldigitaldeasturias.com\/magazine365\/wp-json\/wp\/v2\/types\/post"}],"author":[{"embeddable":true,"href":"https:\/\/eldigitaldeasturias.com\/magazine365\/wp-json\/wp\/v2\/users\/1"}],"replies":[{"embeddable":true,"href":"https:\/\/eldigitaldeasturias.com\/magazine365\/wp-json\/wp\/v2\/comments?post=42474"}],"version-history":[{"count":0,"href":"https:\/\/eldigitaldeasturias.com\/magazine365\/wp-json\/wp\/v2\/posts\/42474\/revisions"}],"wp:featuredmedia":[{"embeddable":true,"href":"https:\/\/eldigitaldeasturias.com\/magazine365\/wp-json\/wp\/v2\/media\/42475"}],"wp:attachment":[{"href":"https:\/\/eldigitaldeasturias.com\/magazine365\/wp-json\/wp\/v2\/media?parent=42474"}],"wp:term":[{"taxonomy":"category","embeddable":true,"href":"https:\/\/eldigitaldeasturias.com\/magazine365\/wp-json\/wp\/v2\/categories?post=42474"},{"taxonomy":"post_tag","embeddable":true,"href":"https:\/\/eldigitaldeasturias.com\/magazine365\/wp-json\/wp\/v2\/tags?post=42474"}],"curies":[{"name":"wp","href":"https:\/\/api.w.org\/{rel}","templated":true}]}}