{"id":42463,"date":"2015-07-13T14:11:48","date_gmt":"2015-07-13T12:11:48","guid":{"rendered":"http:\/\/eldigitaldeasturias.com\/magazine365\/?p=42463"},"modified":"2015-07-13T14:11:48","modified_gmt":"2015-07-13T12:11:48","slug":"el-pleno-del-patronato-de-la-alhambra-elige-este-lunes-al-nuevo-responsable-del-monumento","status":"publish","type":"post","link":"https:\/\/eldigitaldeasturias.com\/magazine365\/el-pleno-del-patronato-de-la-alhambra-elige-este-lunes-al-nuevo-responsable-del-monumento\/","title":{"rendered":"El pleno del Patronato de la Alhambra elige este lunes al nuevo responsable del monumento"},"content":{"rendered":"<p><img fetchpriority=\"high\" decoding=\"async\" class=\"alignleft size-medium wp-image-42464\" src=\"https:\/\/eldigitaldeasturias.com\/magazine365\/wp-content\/uploads\/2015\/07\/fotonoticia_20150713093001_800-360x240.jpg\" alt=\"fotonoticia_20150713093001_800\" width=\"360\" height=\"240\" srcset=\"https:\/\/eldigitaldeasturias.com\/magazine365\/wp-content\/uploads\/2015\/07\/fotonoticia_20150713093001_800-360x240.jpg 360w, https:\/\/eldigitaldeasturias.com\/magazine365\/wp-content\/uploads\/2015\/07\/fotonoticia_20150713093001_800-650x433.jpg 650w, https:\/\/eldigitaldeasturias.com\/magazine365\/wp-content\/uploads\/2015\/07\/fotonoticia_20150713093001_800-768x512.jpg 768w, https:\/\/eldigitaldeasturias.com\/magazine365\/wp-content\/uploads\/2015\/07\/fotonoticia_20150713093001_800-150x100.jpg 150w, https:\/\/eldigitaldeasturias.com\/magazine365\/wp-content\/uploads\/2015\/07\/fotonoticia_20150713093001_800-450x300.jpg 450w, https:\/\/eldigitaldeasturias.com\/magazine365\/wp-content\/uploads\/2015\/07\/fotonoticia_20150713093001_800-696x464.jpg 696w, https:\/\/eldigitaldeasturias.com\/magazine365\/wp-content\/uploads\/2015\/07\/fotonoticia_20150713093001_800-630x420.jpg 630w, https:\/\/eldigitaldeasturias.com\/magazine365\/wp-content\/uploads\/2015\/07\/fotonoticia_20150713093001_800-84x55.jpg 84w, https:\/\/eldigitaldeasturias.com\/magazine365\/wp-content\/uploads\/2015\/07\/fotonoticia_20150713093001_800.jpg 800w\" sizes=\"(max-width: 360px) 100vw, 360px\" \/>El pleno del Patronato de la Alhambra y el Generalife elegir\u00e1 previsiblemente este lunes a la persona titular de la direcci\u00f3n general del monumento, tras la renuncia de su hasta hace unos d\u00edas responsable, Mar\u00eda del Mar Villafranca, querellada por la Fiscal\u00eda por posibles irregularidades en la adjudicaci\u00f3n y contrataci\u00f3n del servicio de alquiler de audiogu\u00edas.<\/p>\n<p>La Consejer\u00eda de Cultura de la Junta de Andaluc\u00eda ha convocado para las 13:00 horas la reuni\u00f3n, que estar\u00e1 presidida por la titular del departamento, Rosa Aguilar, y en la que adem\u00e1s se aprobar\u00e1, si procede, la liquidaci\u00f3n y la memoria de 2014 y el presupuesto y programa de actuaci\u00f3n de 2015.<\/p>\n<p>La convocatoria ha sido criticada por el Ayuntamiento de Granada, que el pasado viernes la consider\u00f3 hecha de forma \u00abprecipitada y unilateral\u00bb e incluso \u00absin previa informaci\u00f3n y sin el consenso de las instituciones integrantes de este organismo\u00bb.<\/p>\n<p>De hecho, tras tener constancia de la fecha de la reuni\u00f3n, el alcalde de la capital, Jos\u00e9 Torres Hurtado, envi\u00f3 un escrito a la consejera de Cultura, Rosa Aguilar, en el que lamentaba que se convocase al Ayuntamiento \u00absin consensuar la fecha, hora o el orden del d\u00eda a tratar\u00bb.<\/p>\n<p>En el escrito, Torres Hurtado consideraba que no es \u00abl\u00f3gico recibir una convocatoria el viernes a las 12:07 horas\u00bb para el lunes siguiente, a la vez que se quejaba de que no se hab\u00eda remitido la documentaci\u00f3n necesaria para poder adoptar consecuentemente una decisi\u00f3n sobre los acuerdos que se van a tomar.<\/p>\n<p>Tambi\u00e9n el portavoz del equipo de gobierno local, Juan Garc\u00eda Montero, calific\u00f3 esta forma de proceder de \u00abdictatorial\u00bb e \u00abimprocedente\u00bb, m\u00e1xime \u00absi se tiene en cuenta el momento tan cr\u00edtico por el que pasa la gesti\u00f3n del monumento\u00bb, despu\u00e9s de la reciente renuncia de su directora, Mar\u00eda del Mar Villafranca.<\/p>\n<p>INVESTIGACI\u00d3N EN PROCESO<\/p>\n<p>Villafranca est\u00e1 siendo objeto de investigaci\u00f3n tras la querella presentada por la Fiscal\u00eda contra ella y otros tres cargos m\u00e1s del Patronato por la supuesta adjudicaci\u00f3n irregular del servicio de alquiler de audiogu\u00edas, que ya ha admitido a tr\u00e1mite el Juzgado de Instrucci\u00f3n 4 de Granada.<\/p>\n<p>Tras la renuncia de Villafranca, el arquitecto conservador de la Alhambra, Francisco Lamolda, hab\u00eda asumido con car\u00e1cter provisional la direcci\u00f3n del Patronato, seg\u00fan establece el decreto 59\/1986 de 19 de marzo.<\/p>\n","protected":false},"excerpt":{"rendered":"<p>El pleno del Patronato de la Alhambra y el Generalife elegir\u00e1 previsiblemente este lunes a la persona titular de la direcci\u00f3n general del monumento, tras la renuncia de su hasta hace unos d\u00edas responsable, Mar\u00eda del Mar Villafranca, querellada por la Fiscal\u00eda por posibles irregularidades en la adjudicaci\u00f3n y contrataci\u00f3n del servicio de alquiler de<\/p>\n","protected":false},"author":1,"featured_media":42464,"comment_status":"open","ping_status":"closed","sticky":false,"template":"","format":"standard","meta":{"footnotes":""},"categories":[222],"tags":[],"class_list":{"0":"post-42463","1":"post","2":"type-post","3":"status-publish","4":"format-standard","5":"has-post-thumbnail","7":"category-actualidad-turismo"},"aioseo_notices":[],"aioseo_head":"\n\t\t<!-- All in One SEO Pro 4.9.6.1 - aioseo.com -->\n\t<meta name=\"description\" content=\"El pleno del Patronato de la Alhambra y el Generalife elegir\u00e1 previsiblemente este lunes a la persona titular de la direcci\u00f3n general del monumento, tras la renuncia de su hasta hace unos d\u00edas responsable, Mar\u00eda del Mar Villafranca, querellada por la Fiscal\u00eda por posibles irregularidades en la adjudicaci\u00f3n y contrataci\u00f3n del servicio de alquiler de\" \/>\n\t<meta name=\"robots\" content=\"max-image-preview:large\" \/>\n\t<meta name=\"author\" content=\"admin\"\/>\n\t<meta name=\"google-site-verification\" content=\"UA-38556648-1\" \/>\n\t<meta name=\"keywords\" content=\"actualidad turismo\" \/>\n\t<link rel=\"canonical\" href=\"https:\/\/eldigitaldeasturias.com\/magazine365\/el-pleno-del-patronato-de-la-alhambra-elige-este-lunes-al-nuevo-responsable-del-monumento\/\" \/>\n\t<meta name=\"generator\" content=\"All in One SEO Pro (AIOSEO) 4.9.6.1\" \/>\n\t\t<meta property=\"og:locale\" content=\"es_ES\" \/>\n\t\t<meta property=\"og:site_name\" content=\"El Digital de Asturias \u2013 Revista de ocio, turismo y estilo de vida\" \/>\n\t\t<meta property=\"og:type\" content=\"article\" \/>\n\t\t<meta property=\"og:title\" content=\"El pleno del Patronato de la Alhambra elige este lunes al nuevo responsable del monumento | El Digital de Asturias\" \/>\n\t\t<meta property=\"og:description\" content=\"El pleno del Patronato de la Alhambra y el Generalife elegir\u00e1 previsiblemente este lunes a la persona titular de la direcci\u00f3n general del monumento, tras la renuncia de su hasta hace unos d\u00edas responsable, Mar\u00eda del Mar Villafranca, querellada por la Fiscal\u00eda por posibles irregularidades en la adjudicaci\u00f3n y contrataci\u00f3n del servicio de alquiler de\" \/>\n\t\t<meta property=\"og:url\" content=\"https:\/\/eldigitaldeasturias.com\/magazine365\/el-pleno-del-patronato-de-la-alhambra-elige-este-lunes-al-nuevo-responsable-del-monumento\/\" \/>\n\t\t<meta property=\"og:image\" content=\"https:\/\/eldigitaldeasturias.com\/magazine365\/wp-content\/uploads\/2015\/07\/fotonoticia_20150713093001_800.jpg\" \/>\n\t\t<meta property=\"og:image:secure_url\" content=\"https:\/\/eldigitaldeasturias.com\/magazine365\/wp-content\/uploads\/2015\/07\/fotonoticia_20150713093001_800.jpg\" \/>\n\t\t<meta property=\"og:image:width\" content=\"800\" \/>\n\t\t<meta property=\"og:image:height\" content=\"533\" \/>\n\t\t<meta property=\"article:published_time\" content=\"2015-07-13T12:11:48+00:00\" \/>\n\t\t<meta property=\"article:modified_time\" content=\"2015-07-13T12:11:48+00:00\" \/>\n\t\t<meta name=\"twitter:card\" content=\"summary_large_image\" \/>\n\t\t<meta name=\"twitter:title\" content=\"El pleno del Patronato de la Alhambra elige este lunes al nuevo responsable del monumento | El Digital de Asturias\" \/>\n\t\t<meta name=\"twitter:description\" content=\"El pleno del Patronato de la Alhambra y el Generalife elegir\u00e1 previsiblemente este lunes a la persona titular de la direcci\u00f3n general del monumento, tras la renuncia de su hasta hace unos d\u00edas responsable, Mar\u00eda del Mar Villafranca, querellada por la Fiscal\u00eda por posibles irregularidades en la adjudicaci\u00f3n y contrataci\u00f3n del servicio de alquiler de\" \/>\n\t\t<meta name=\"twitter:image\" content=\"https:\/\/eldigitaldeasturias.com\/magazine365\/wp-content\/uploads\/2015\/07\/fotonoticia_20150713093001_800.jpg\" \/>\n\t\t<script type=\"application\/ld+json\" class=\"aioseo-schema\">\n\t\t\t{\"@context\":\"https:\\\/\\\/schema.org\",\"@graph\":[{\"@type\":\"Article\",\"@id\":\"https:\\\/\\\/eldigitaldeasturias.com\\\/magazine365\\\/el-pleno-del-patronato-de-la-alhambra-elige-este-lunes-al-nuevo-responsable-del-monumento\\\/#article\",\"name\":\"El pleno del Patronato de la Alhambra elige este lunes al nuevo responsable del monumento | El Digital de Asturias\",\"headline\":\"El pleno del Patronato de la Alhambra elige este lunes al nuevo responsable del monumento\",\"author\":{\"@id\":\"https:\\\/\\\/eldigitaldeasturias.com\\\/magazine365\\\/author\\\/admin\\\/#author\"},\"publisher\":{\"@id\":\"https:\\\/\\\/eldigitaldeasturias.com\\\/magazine365\\\/#organization\"},\"image\":{\"@type\":\"ImageObject\",\"url\":\"https:\\\/\\\/eldigitaldeasturias.com\\\/magazine365\\\/wp-content\\\/uploads\\\/2015\\\/07\\\/fotonoticia_20150713093001_800.jpg\",\"width\":800,\"height\":533},\"datePublished\":\"2015-07-13T14:11:48+02:00\",\"dateModified\":\"2015-07-13T14:11:48+02:00\",\"inLanguage\":\"es-ES\",\"mainEntityOfPage\":{\"@id\":\"https:\\\/\\\/eldigitaldeasturias.com\\\/magazine365\\\/el-pleno-del-patronato-de-la-alhambra-elige-este-lunes-al-nuevo-responsable-del-monumento\\\/#webpage\"},\"isPartOf\":{\"@id\":\"https:\\\/\\\/eldigitaldeasturias.com\\\/magazine365\\\/el-pleno-del-patronato-de-la-alhambra-elige-este-lunes-al-nuevo-responsable-del-monumento\\\/#webpage\"},\"articleSection\":\"Actualidad Turismo\"},{\"@type\":\"BreadcrumbList\",\"@id\":\"https:\\\/\\\/eldigitaldeasturias.com\\\/magazine365\\\/el-pleno-del-patronato-de-la-alhambra-elige-este-lunes-al-nuevo-responsable-del-monumento\\\/#breadcrumblist\",\"itemListElement\":[{\"@type\":\"ListItem\",\"@id\":\"https:\\\/\\\/eldigitaldeasturias.com\\\/magazine365#listItem\",\"position\":1,\"name\":\"Home\",\"item\":\"https:\\\/\\\/eldigitaldeasturias.com\\\/magazine365\",\"nextItem\":{\"@type\":\"ListItem\",\"@id\":\"https:\\\/\\\/eldigitaldeasturias.com\\\/magazine365\\\/category\\\/actualidad-turismo\\\/#listItem\",\"name\":\"Actualidad Turismo\"}},{\"@type\":\"ListItem\",\"@id\":\"https:\\\/\\\/eldigitaldeasturias.com\\\/magazine365\\\/category\\\/actualidad-turismo\\\/#listItem\",\"position\":2,\"name\":\"Actualidad Turismo\",\"item\":\"https:\\\/\\\/eldigitaldeasturias.com\\\/magazine365\\\/category\\\/actualidad-turismo\\\/\",\"nextItem\":{\"@type\":\"ListItem\",\"@id\":\"https:\\\/\\\/eldigitaldeasturias.com\\\/magazine365\\\/el-pleno-del-patronato-de-la-alhambra-elige-este-lunes-al-nuevo-responsable-del-monumento\\\/#listItem\",\"name\":\"El pleno del Patronato de la Alhambra elige este lunes al nuevo responsable del monumento\"},\"previousItem\":{\"@type\":\"ListItem\",\"@id\":\"https:\\\/\\\/eldigitaldeasturias.com\\\/magazine365#listItem\",\"name\":\"Home\"}},{\"@type\":\"ListItem\",\"@id\":\"https:\\\/\\\/eldigitaldeasturias.com\\\/magazine365\\\/el-pleno-del-patronato-de-la-alhambra-elige-este-lunes-al-nuevo-responsable-del-monumento\\\/#listItem\",\"position\":3,\"name\":\"El pleno del Patronato de la Alhambra elige este lunes al nuevo responsable del monumento\",\"previousItem\":{\"@type\":\"ListItem\",\"@id\":\"https:\\\/\\\/eldigitaldeasturias.com\\\/magazine365\\\/category\\\/actualidad-turismo\\\/#listItem\",\"name\":\"Actualidad Turismo\"}}]},{\"@type\":\"Organization\",\"@id\":\"https:\\\/\\\/eldigitaldeasturias.com\\\/magazine365\\\/#organization\",\"name\":\"El digital de Asturias\",\"description\":\"Revista de ocio, turismo y estilo de vida\",\"url\":\"https:\\\/\\\/eldigitaldeasturias.com\\\/magazine365\\\/\",\"logo\":{\"@type\":\"ImageObject\",\"url\":\"https:\\\/\\\/www.eldigitaldeasturias.com\\\/noticias\\\/wp-content\\\/uploads\\\/2020\\\/12\\\/EDA.jpg\",\"@id\":\"https:\\\/\\\/eldigitaldeasturias.com\\\/magazine365\\\/el-pleno-del-patronato-de-la-alhambra-elige-este-lunes-al-nuevo-responsable-del-monumento\\\/#organizationLogo\"},\"image\":{\"@id\":\"https:\\\/\\\/eldigitaldeasturias.com\\\/magazine365\\\/el-pleno-del-patronato-de-la-alhambra-elige-este-lunes-al-nuevo-responsable-del-monumento\\\/#organizationLogo\"}},{\"@type\":\"Person\",\"@id\":\"https:\\\/\\\/eldigitaldeasturias.com\\\/magazine365\\\/author\\\/admin\\\/#author\",\"url\":\"https:\\\/\\\/eldigitaldeasturias.com\\\/magazine365\\\/author\\\/admin\\\/\",\"name\":\"admin\",\"image\":{\"@type\":\"ImageObject\",\"@id\":\"https:\\\/\\\/eldigitaldeasturias.com\\\/magazine365\\\/el-pleno-del-patronato-de-la-alhambra-elige-este-lunes-al-nuevo-responsable-del-monumento\\\/#authorImage\",\"url\":\"https:\\\/\\\/eldigitaldeasturias.com\\\/magazine365\\\/wp-content\\\/litespeed\\\/avatar\\\/e571bcf59a0edd6fa6838245a470f2fe.jpg?ver=1777574230\",\"width\":96,\"height\":96,\"caption\":\"admin\"}},{\"@type\":\"WebPage\",\"@id\":\"https:\\\/\\\/eldigitaldeasturias.com\\\/magazine365\\\/el-pleno-del-patronato-de-la-alhambra-elige-este-lunes-al-nuevo-responsable-del-monumento\\\/#webpage\",\"url\":\"https:\\\/\\\/eldigitaldeasturias.com\\\/magazine365\\\/el-pleno-del-patronato-de-la-alhambra-elige-este-lunes-al-nuevo-responsable-del-monumento\\\/\",\"name\":\"El pleno del Patronato de la Alhambra elige este lunes al nuevo responsable del monumento | El Digital de Asturias\",\"description\":\"El pleno del Patronato de la Alhambra y el Generalife elegir\\u00e1 previsiblemente este lunes a la persona titular de la direcci\\u00f3n general del monumento, tras la renuncia de su hasta hace unos d\\u00edas responsable, Mar\\u00eda del Mar Villafranca, querellada por la Fiscal\\u00eda por posibles irregularidades en la adjudicaci\\u00f3n y contrataci\\u00f3n del servicio de alquiler de\",\"inLanguage\":\"es-ES\",\"isPartOf\":{\"@id\":\"https:\\\/\\\/eldigitaldeasturias.com\\\/magazine365\\\/#website\"},\"breadcrumb\":{\"@id\":\"https:\\\/\\\/eldigitaldeasturias.com\\\/magazine365\\\/el-pleno-del-patronato-de-la-alhambra-elige-este-lunes-al-nuevo-responsable-del-monumento\\\/#breadcrumblist\"},\"author\":{\"@id\":\"https:\\\/\\\/eldigitaldeasturias.com\\\/magazine365\\\/author\\\/admin\\\/#author\"},\"creator\":{\"@id\":\"https:\\\/\\\/eldigitaldeasturias.com\\\/magazine365\\\/author\\\/admin\\\/#author\"},\"image\":{\"@type\":\"ImageObject\",\"url\":\"https:\\\/\\\/eldigitaldeasturias.com\\\/magazine365\\\/wp-content\\\/uploads\\\/2015\\\/07\\\/fotonoticia_20150713093001_800.jpg\",\"@id\":\"https:\\\/\\\/eldigitaldeasturias.com\\\/magazine365\\\/el-pleno-del-patronato-de-la-alhambra-elige-este-lunes-al-nuevo-responsable-del-monumento\\\/#mainImage\",\"width\":800,\"height\":533},\"primaryImageOfPage\":{\"@id\":\"https:\\\/\\\/eldigitaldeasturias.com\\\/magazine365\\\/el-pleno-del-patronato-de-la-alhambra-elige-este-lunes-al-nuevo-responsable-del-monumento\\\/#mainImage\"},\"datePublished\":\"2015-07-13T14:11:48+02:00\",\"dateModified\":\"2015-07-13T14:11:48+02:00\"},{\"@type\":\"WebSite\",\"@id\":\"https:\\\/\\\/eldigitaldeasturias.com\\\/magazine365\\\/#website\",\"url\":\"https:\\\/\\\/eldigitaldeasturias.com\\\/magazine365\\\/\",\"name\":\"El Digital de Asturias\",\"description\":\"Revista de ocio, turismo y estilo de vida\",\"inLanguage\":\"es-ES\",\"publisher\":{\"@id\":\"https:\\\/\\\/eldigitaldeasturias.com\\\/magazine365\\\/#organization\"}}]}\n\t\t<\/script>\n\t\t<!-- All in One SEO Pro -->\r\n\t\t<title>El pleno del Patronato de la Alhambra elige este lunes al nuevo responsable del monumento | El Digital de Asturias<\/title>\n\n","aioseo_head_json":{"title":"El pleno del Patronato de la Alhambra elige este lunes al nuevo responsable del monumento | El Digital de Asturias","description":"El pleno del Patronato de la Alhambra y el Generalife elegir\u00e1 previsiblemente este lunes a la persona titular de la direcci\u00f3n general del monumento, tras la renuncia de su hasta hace unos d\u00edas responsable, Mar\u00eda del Mar Villafranca, querellada por la Fiscal\u00eda por posibles irregularidades en la adjudicaci\u00f3n y contrataci\u00f3n del servicio de alquiler de","canonical_url":"https:\/\/eldigitaldeasturias.com\/magazine365\/el-pleno-del-patronato-de-la-alhambra-elige-este-lunes-al-nuevo-responsable-del-monumento\/","robots":"max-image-preview:large","keywords":"actualidad turismo","webmasterTools":{"google-site-verification":"UA-38556648-1","miscellaneous":""},"schema":{"@context":"https:\/\/schema.org","@graph":[{"@type":"Article","@id":"https:\/\/eldigitaldeasturias.com\/magazine365\/el-pleno-del-patronato-de-la-alhambra-elige-este-lunes-al-nuevo-responsable-del-monumento\/#article","name":"El pleno del Patronato de la Alhambra elige este lunes al nuevo responsable del monumento | El Digital de Asturias","headline":"El pleno del Patronato de la Alhambra elige este lunes al nuevo responsable del monumento","author":{"@id":"https:\/\/eldigitaldeasturias.com\/magazine365\/author\/admin\/#author"},"publisher":{"@id":"https:\/\/eldigitaldeasturias.com\/magazine365\/#organization"},"image":{"@type":"ImageObject","url":"https:\/\/eldigitaldeasturias.com\/magazine365\/wp-content\/uploads\/2015\/07\/fotonoticia_20150713093001_800.jpg","width":800,"height":533},"datePublished":"2015-07-13T14:11:48+02:00","dateModified":"2015-07-13T14:11:48+02:00","inLanguage":"es-ES","mainEntityOfPage":{"@id":"https:\/\/eldigitaldeasturias.com\/magazine365\/el-pleno-del-patronato-de-la-alhambra-elige-este-lunes-al-nuevo-responsable-del-monumento\/#webpage"},"isPartOf":{"@id":"https:\/\/eldigitaldeasturias.com\/magazine365\/el-pleno-del-patronato-de-la-alhambra-elige-este-lunes-al-nuevo-responsable-del-monumento\/#webpage"},"articleSection":"Actualidad Turismo"},{"@type":"BreadcrumbList","@id":"https:\/\/eldigitaldeasturias.com\/magazine365\/el-pleno-del-patronato-de-la-alhambra-elige-este-lunes-al-nuevo-responsable-del-monumento\/#breadcrumblist","itemListElement":[{"@type":"ListItem","@id":"https:\/\/eldigitaldeasturias.com\/magazine365#listItem","position":1,"name":"Home","item":"https:\/\/eldigitaldeasturias.com\/magazine365","nextItem":{"@type":"ListItem","@id":"https:\/\/eldigitaldeasturias.com\/magazine365\/category\/actualidad-turismo\/#listItem","name":"Actualidad Turismo"}},{"@type":"ListItem","@id":"https:\/\/eldigitaldeasturias.com\/magazine365\/category\/actualidad-turismo\/#listItem","position":2,"name":"Actualidad Turismo","item":"https:\/\/eldigitaldeasturias.com\/magazine365\/category\/actualidad-turismo\/","nextItem":{"@type":"ListItem","@id":"https:\/\/eldigitaldeasturias.com\/magazine365\/el-pleno-del-patronato-de-la-alhambra-elige-este-lunes-al-nuevo-responsable-del-monumento\/#listItem","name":"El pleno del Patronato de la Alhambra elige este lunes al nuevo responsable del monumento"},"previousItem":{"@type":"ListItem","@id":"https:\/\/eldigitaldeasturias.com\/magazine365#listItem","name":"Home"}},{"@type":"ListItem","@id":"https:\/\/eldigitaldeasturias.com\/magazine365\/el-pleno-del-patronato-de-la-alhambra-elige-este-lunes-al-nuevo-responsable-del-monumento\/#listItem","position":3,"name":"El pleno del Patronato de la Alhambra elige este lunes al nuevo responsable del monumento","previousItem":{"@type":"ListItem","@id":"https:\/\/eldigitaldeasturias.com\/magazine365\/category\/actualidad-turismo\/#listItem","name":"Actualidad Turismo"}}]},{"@type":"Organization","@id":"https:\/\/eldigitaldeasturias.com\/magazine365\/#organization","name":"El digital de Asturias","description":"Revista de ocio, turismo y estilo de vida","url":"https:\/\/eldigitaldeasturias.com\/magazine365\/","logo":{"@type":"ImageObject","url":"https:\/\/www.eldigitaldeasturias.com\/noticias\/wp-content\/uploads\/2020\/12\/EDA.jpg","@id":"https:\/\/eldigitaldeasturias.com\/magazine365\/el-pleno-del-patronato-de-la-alhambra-elige-este-lunes-al-nuevo-responsable-del-monumento\/#organizationLogo"},"image":{"@id":"https:\/\/eldigitaldeasturias.com\/magazine365\/el-pleno-del-patronato-de-la-alhambra-elige-este-lunes-al-nuevo-responsable-del-monumento\/#organizationLogo"}},{"@type":"Person","@id":"https:\/\/eldigitaldeasturias.com\/magazine365\/author\/admin\/#author","url":"https:\/\/eldigitaldeasturias.com\/magazine365\/author\/admin\/","name":"admin","image":{"@type":"ImageObject","@id":"https:\/\/eldigitaldeasturias.com\/magazine365\/el-pleno-del-patronato-de-la-alhambra-elige-este-lunes-al-nuevo-responsable-del-monumento\/#authorImage","url":"https:\/\/eldigitaldeasturias.com\/magazine365\/wp-content\/litespeed\/avatar\/e571bcf59a0edd6fa6838245a470f2fe.jpg?ver=1777574230","width":96,"height":96,"caption":"admin"}},{"@type":"WebPage","@id":"https:\/\/eldigitaldeasturias.com\/magazine365\/el-pleno-del-patronato-de-la-alhambra-elige-este-lunes-al-nuevo-responsable-del-monumento\/#webpage","url":"https:\/\/eldigitaldeasturias.com\/magazine365\/el-pleno-del-patronato-de-la-alhambra-elige-este-lunes-al-nuevo-responsable-del-monumento\/","name":"El pleno del Patronato de la Alhambra elige este lunes al nuevo responsable del monumento | El Digital de Asturias","description":"El pleno del Patronato de la Alhambra y el Generalife elegir\u00e1 previsiblemente este lunes a la persona titular de la direcci\u00f3n general del monumento, tras la renuncia de su hasta hace unos d\u00edas responsable, Mar\u00eda del Mar Villafranca, querellada por la Fiscal\u00eda por posibles irregularidades en la adjudicaci\u00f3n y contrataci\u00f3n del servicio de alquiler de","inLanguage":"es-ES","isPartOf":{"@id":"https:\/\/eldigitaldeasturias.com\/magazine365\/#website"},"breadcrumb":{"@id":"https:\/\/eldigitaldeasturias.com\/magazine365\/el-pleno-del-patronato-de-la-alhambra-elige-este-lunes-al-nuevo-responsable-del-monumento\/#breadcrumblist"},"author":{"@id":"https:\/\/eldigitaldeasturias.com\/magazine365\/author\/admin\/#author"},"creator":{"@id":"https:\/\/eldigitaldeasturias.com\/magazine365\/author\/admin\/#author"},"image":{"@type":"ImageObject","url":"https:\/\/eldigitaldeasturias.com\/magazine365\/wp-content\/uploads\/2015\/07\/fotonoticia_20150713093001_800.jpg","@id":"https:\/\/eldigitaldeasturias.com\/magazine365\/el-pleno-del-patronato-de-la-alhambra-elige-este-lunes-al-nuevo-responsable-del-monumento\/#mainImage","width":800,"height":533},"primaryImageOfPage":{"@id":"https:\/\/eldigitaldeasturias.com\/magazine365\/el-pleno-del-patronato-de-la-alhambra-elige-este-lunes-al-nuevo-responsable-del-monumento\/#mainImage"},"datePublished":"2015-07-13T14:11:48+02:00","dateModified":"2015-07-13T14:11:48+02:00"},{"@type":"WebSite","@id":"https:\/\/eldigitaldeasturias.com\/magazine365\/#website","url":"https:\/\/eldigitaldeasturias.com\/magazine365\/","name":"El Digital de Asturias","description":"Revista de ocio, turismo y estilo de vida","inLanguage":"es-ES","publisher":{"@id":"https:\/\/eldigitaldeasturias.com\/magazine365\/#organization"}}]},"og:locale":"es_ES","og:site_name":"El Digital de Asturias \u2013 Revista de ocio, turismo y estilo de vida","og:type":"article","og:title":"El pleno del Patronato de la Alhambra elige este lunes al nuevo responsable del monumento | El Digital de Asturias","og:description":"El pleno del Patronato de la Alhambra y el Generalife elegir\u00e1 previsiblemente este lunes a la persona titular de la direcci\u00f3n general del monumento, tras la renuncia de su hasta hace unos d\u00edas responsable, Mar\u00eda del Mar Villafranca, querellada por la Fiscal\u00eda por posibles irregularidades en la adjudicaci\u00f3n y contrataci\u00f3n del servicio de alquiler de","og:url":"https:\/\/eldigitaldeasturias.com\/magazine365\/el-pleno-del-patronato-de-la-alhambra-elige-este-lunes-al-nuevo-responsable-del-monumento\/","og:image":"https:\/\/eldigitaldeasturias.com\/magazine365\/wp-content\/uploads\/2015\/07\/fotonoticia_20150713093001_800.jpg","og:image:secure_url":"https:\/\/eldigitaldeasturias.com\/magazine365\/wp-content\/uploads\/2015\/07\/fotonoticia_20150713093001_800.jpg","og:image:width":800,"og:image:height":533,"article:published_time":"2015-07-13T12:11:48+00:00","article:modified_time":"2015-07-13T12:11:48+00:00","twitter:card":"summary_large_image","twitter:title":"El pleno del Patronato de la Alhambra elige este lunes al nuevo responsable del monumento | El Digital de Asturias","twitter:description":"El pleno del Patronato de la Alhambra y el Generalife elegir\u00e1 previsiblemente este lunes a la persona titular de la direcci\u00f3n general del monumento, tras la renuncia de su hasta hace unos d\u00edas responsable, Mar\u00eda del Mar Villafranca, querellada por la Fiscal\u00eda por posibles irregularidades en la adjudicaci\u00f3n y contrataci\u00f3n del servicio de alquiler de","twitter:image":"https:\/\/eldigitaldeasturias.com\/magazine365\/wp-content\/uploads\/2015\/07\/fotonoticia_20150713093001_800.jpg"},"aioseo_meta_data":{"post_id":"42463","title":null,"description":null,"keywords":null,"keyphrases":null,"primary_term":null,"canonical_url":null,"og_title":null,"og_description":null,"og_object_type":"default","og_image_type":"default","og_image_url":null,"og_image_width":null,"og_image_height":null,"og_image_custom_url":null,"og_image_custom_fields":null,"og_video":null,"og_custom_url":null,"og_article_section":null,"og_article_tags":null,"twitter_use_og":false,"twitter_card":"default","twitter_image_type":"default","twitter_image_url":null,"twitter_image_custom_url":null,"twitter_image_custom_fields":null,"twitter_title":null,"twitter_description":null,"schema":{"blockGraphs":[],"customGraphs":[],"default":{"data":{"Article":[],"Course":[],"Dataset":[],"FAQPage":[],"Movie":[],"Person":[],"Product":[],"ProductReview":[],"Car":[],"Recipe":[],"Service":[],"SoftwareApplication":[],"WebPage":[]},"graphName":"","isEnabled":true},"graphs":[]},"schema_type":null,"schema_type_options":null,"pillar_content":false,"robots_default":true,"robots_noindex":false,"robots_noarchive":false,"robots_nosnippet":false,"robots_nofollow":false,"robots_noimageindex":false,"robots_noodp":false,"robots_notranslate":false,"robots_max_snippet":null,"robots_max_videopreview":null,"robots_max_imagepreview":"large","priority":null,"frequency":null,"location":null,"local_seo":null,"seo_analyzer_scan_date":"2025-09-19 17:48:23","breadcrumb_settings":null,"limit_modified_date":false,"open_ai":null,"ai":null,"created":"2021-03-09 02:01:52","updated":"2025-09-19 17:48:23"},"aioseo_breadcrumb":"<div class=\"aioseo-breadcrumbs\"><span class=\"aioseo-breadcrumb\">\n\t<a href=\"https:\/\/eldigitaldeasturias.com\/magazine365\" title=\"Home\">Home<\/a>\n<\/span><span class=\"aioseo-breadcrumb-separator\">\u2013<\/span><span class=\"aioseo-breadcrumb\">\n\t<a href=\"https:\/\/eldigitaldeasturias.com\/magazine365\/category\/actualidad-turismo\/\" title=\"Actualidad Turismo\">Actualidad Turismo<\/a>\n<\/span><span class=\"aioseo-breadcrumb-separator\">\u2013<\/span><span class=\"aioseo-breadcrumb\">\n\t<a href=\"https:\/\/eldigitaldeasturias.com\/magazine365\/el-pleno-del-patronato-de-la-alhambra-elige-este-lunes-al-nuevo-responsable-del-monumento\/\" title=\"El pleno del Patronato de la Alhambra elige este lunes al nuevo responsable del monumento\">El pleno del Patronato de la Alhambra elige este lunes al nuevo responsable del monumento<\/a>\n<\/span><\/div>","aioseo_breadcrumb_json":[{"label":"Home","link":"https:\/\/eldigitaldeasturias.com\/magazine365"},{"label":"Actualidad Turismo","link":"https:\/\/eldigitaldeasturias.com\/magazine365\/category\/actualidad-turismo\/"},{"label":"El pleno del Patronato de la Alhambra elige este lunes al nuevo responsable del monumento","link":"https:\/\/eldigitaldeasturias.com\/magazine365\/el-pleno-del-patronato-de-la-alhambra-elige-este-lunes-al-nuevo-responsable-del-monumento\/"}],"_links":{"self":[{"href":"https:\/\/eldigitaldeasturias.com\/magazine365\/wp-json\/wp\/v2\/posts\/42463","targetHints":{"allow":["GET"]}}],"collection":[{"href":"https:\/\/eldigitaldeasturias.com\/magazine365\/wp-json\/wp\/v2\/posts"}],"about":[{"href":"https:\/\/eldigitaldeasturias.com\/magazine365\/wp-json\/wp\/v2\/types\/post"}],"author":[{"embeddable":true,"href":"https:\/\/eldigitaldeasturias.com\/magazine365\/wp-json\/wp\/v2\/users\/1"}],"replies":[{"embeddable":true,"href":"https:\/\/eldigitaldeasturias.com\/magazine365\/wp-json\/wp\/v2\/comments?post=42463"}],"version-history":[{"count":0,"href":"https:\/\/eldigitaldeasturias.com\/magazine365\/wp-json\/wp\/v2\/posts\/42463\/revisions"}],"wp:featuredmedia":[{"embeddable":true,"href":"https:\/\/eldigitaldeasturias.com\/magazine365\/wp-json\/wp\/v2\/media\/42464"}],"wp:attachment":[{"href":"https:\/\/eldigitaldeasturias.com\/magazine365\/wp-json\/wp\/v2\/media?parent=42463"}],"wp:term":[{"taxonomy":"category","embeddable":true,"href":"https:\/\/eldigitaldeasturias.com\/magazine365\/wp-json\/wp\/v2\/categories?post=42463"},{"taxonomy":"post_tag","embeddable":true,"href":"https:\/\/eldigitaldeasturias.com\/magazine365\/wp-json\/wp\/v2\/tags?post=42463"}],"curies":[{"name":"wp","href":"https:\/\/api.w.org\/{rel}","templated":true}]}}