{"id":42460,"date":"2015-07-13T14:10:36","date_gmt":"2015-07-13T12:10:36","guid":{"rendered":"http:\/\/eldigitaldeasturias.com\/magazine365\/?p=42460"},"modified":"2015-07-13T14:10:36","modified_gmt":"2015-07-13T12:10:36","slug":"comienza-la-v-edicion-del-festival-almagro-off","status":"publish","type":"post","link":"https:\/\/eldigitaldeasturias.com\/magazine365\/comienza-la-v-edicion-del-festival-almagro-off\/","title":{"rendered":"Comienza la V edici\u00f3n del festival &#8216;Almagro Off&#8217;"},"content":{"rendered":"<p><img fetchpriority=\"high\" decoding=\"async\" class=\"alignleft size-medium wp-image-42461\" src=\"https:\/\/eldigitaldeasturias.com\/magazine365\/wp-content\/uploads\/2015\/07\/fotonoticia_20150713092158_800-360x193.jpg\" alt=\"fotonoticia_20150713092158_800\" width=\"360\" height=\"193\" srcset=\"https:\/\/eldigitaldeasturias.com\/magazine365\/wp-content\/uploads\/2015\/07\/fotonoticia_20150713092158_800-360x193.jpg 360w, https:\/\/eldigitaldeasturias.com\/magazine365\/wp-content\/uploads\/2015\/07\/fotonoticia_20150713092158_800-650x349.jpg 650w, https:\/\/eldigitaldeasturias.com\/magazine365\/wp-content\/uploads\/2015\/07\/fotonoticia_20150713092158_800-768x412.jpg 768w, https:\/\/eldigitaldeasturias.com\/magazine365\/wp-content\/uploads\/2015\/07\/fotonoticia_20150713092158_800-150x80.jpg 150w, https:\/\/eldigitaldeasturias.com\/magazine365\/wp-content\/uploads\/2015\/07\/fotonoticia_20150713092158_800-450x241.jpg 450w, https:\/\/eldigitaldeasturias.com\/magazine365\/wp-content\/uploads\/2015\/07\/fotonoticia_20150713092158_800-696x373.jpg 696w, https:\/\/eldigitaldeasturias.com\/magazine365\/wp-content\/uploads\/2015\/07\/fotonoticia_20150713092158_800-783x420.jpg 783w, https:\/\/eldigitaldeasturias.com\/magazine365\/wp-content\/uploads\/2015\/07\/fotonoticia_20150713092158_800-420x225.jpg 420w, https:\/\/eldigitaldeasturias.com\/magazine365\/wp-content\/uploads\/2015\/07\/fotonoticia_20150713092158_800.jpg 800w\" sizes=\"(max-width: 360px) 100vw, 360px\" \/>La V edici\u00f3n del festival &#8216;Almagro Off&#8217;, que se celebrar\u00e1 en la localidad ciudadreale\u00f1a desde este lunes al 22 de julio, contar\u00e1 con un total de diez montajes de cinco nacionalidades diferentes.<\/p>\n<p>Los ganadores del festival obtendr\u00e1n como premio el formar parte de la programaci\u00f3n oficial del Festival de Almagro, adem\u00e1s de pasar a formar parte del cat\u00e1logo de la Agencia Espa\u00f1ola de Cooperaci\u00f3n Internacional para el Desarrollo (AECID) y del Instituto Cervantes, para su promoci\u00f3n internacional.<\/p>\n<p>Asimismo, tambi\u00e9n podr\u00e1n representar su espect\u00e1culo en la pr\u00f3xima edici\u00f3n del Festival Don Quijote de Par\u00eds, seg\u00fan ha informado la organizaci\u00f3n en nota de prensa.<\/p>\n<p>Las representaciones comenzar\u00e1n este lunes 13 de julio con la obra &#8216;Calder\u00f3n cad\u00e1ver&#8217; interpretada por la compa\u00f1\u00eda madrile\u00f1a LaPita Teatro.<\/p>\n<p>PROGRAMACI\u00d3N<\/p>\n<p>El 14 de julio, los catalanes Sala Atrium presentar\u00e1n &#8216;Hamlet&#8217; y el 15 llegar\u00e1 &#8216;Cr\u00f3nica de una casa real: la venganza de Tamar y los cabellos de Absal\u00f3n, de los madrile\u00f1os Teatro Galo Real.<\/p>\n<p>El 16 de julio, los canarios de la Compa\u00f1\u00eda Paula Quintana escenificar\u00e1n la obra &#8216;Amarga dulce&#8217;, mientras que el 17 la compa\u00f1\u00eda madrile\u00f1a Viviseccionados presentar\u00e1n &#8216;Oymyakon&#8217; y el 18 del mismo mes la compa\u00f1\u00eda catalana Els McGregor llegar\u00e1 al festival con &#8216;Up all night&#8217;.<\/p>\n<p>El 19 de julio llegar\u00e1 el turno para &#8216;Romeo and Juliet for 2&#8217;, de la compa\u00f1\u00eda griega Idea Theater Group. El d\u00eda 20, los alemanes Theater des Lanches interpretar\u00e1n &#8216;Don Quijote.<\/p>\n<p>Una obra de sue\u00f1os segun Telemann&#8217;, el 21 la compa\u00f1\u00eda de Reino Unido Littel Soldier Productions escenificar\u00e1 &#8216;The ingenius gentelman don Quixote of la Mancha&#8217; y el 22 de julio la edici\u00f3n acabar\u00e1 con &#8216;El pr\u00edncipe ynocente&#8217; de la compa\u00f1\u00eda mexicana Efe Tres.<\/p>\n","protected":false},"excerpt":{"rendered":"<p>La V edici\u00f3n del festival &#8216;Almagro Off&#8217;, que se celebrar\u00e1 en la localidad ciudadreale\u00f1a desde este lunes al 22 de julio, contar\u00e1 con un total de diez montajes de cinco nacionalidades diferentes. Los ganadores del festival obtendr\u00e1n como premio el formar parte de la programaci\u00f3n oficial del Festival de Almagro, adem\u00e1s de pasar a formar<\/p>\n","protected":false},"author":1,"featured_media":42461,"comment_status":"open","ping_status":"closed","sticky":false,"template":"","format":"standard","meta":{"footnotes":""},"categories":[222],"tags":[],"class_list":{"0":"post-42460","1":"post","2":"type-post","3":"status-publish","4":"format-standard","5":"has-post-thumbnail","7":"category-actualidad-turismo"},"aioseo_notices":[],"aioseo_head":"\n\t\t<!-- All in One SEO Pro 4.9.6.1 - aioseo.com -->\n\t<meta name=\"description\" content=\"La V edici\u00f3n del festival &#039;Almagro Off&#039;, que se celebrar\u00e1 en la localidad ciudadreale\u00f1a desde este lunes al 22 de julio, contar\u00e1 con un total de diez montajes de cinco nacionalidades diferentes. Los ganadores del festival obtendr\u00e1n como premio el formar parte de la programaci\u00f3n oficial del Festival de Almagro, adem\u00e1s de pasar a formar\" \/>\n\t<meta name=\"robots\" content=\"max-image-preview:large\" \/>\n\t<meta name=\"author\" content=\"admin\"\/>\n\t<meta name=\"google-site-verification\" content=\"UA-38556648-1\" \/>\n\t<meta name=\"keywords\" content=\"actualidad turismo\" \/>\n\t<link rel=\"canonical\" href=\"https:\/\/eldigitaldeasturias.com\/magazine365\/comienza-la-v-edicion-del-festival-almagro-off\/\" \/>\n\t<meta name=\"generator\" content=\"All in One SEO Pro (AIOSEO) 4.9.6.1\" \/>\n\t\t<meta property=\"og:locale\" content=\"es_ES\" \/>\n\t\t<meta property=\"og:site_name\" content=\"El Digital de Asturias \u2013 Revista de ocio, turismo y estilo de vida\" \/>\n\t\t<meta property=\"og:type\" content=\"article\" \/>\n\t\t<meta property=\"og:title\" content=\"Comienza la V edici\u00f3n del festival \u2018Almagro Off\u2019 | El Digital de Asturias\" \/>\n\t\t<meta property=\"og:description\" content=\"La V edici\u00f3n del festival &#039;Almagro Off&#039;, que se celebrar\u00e1 en la localidad ciudadreale\u00f1a desde este lunes al 22 de julio, contar\u00e1 con un total de diez montajes de cinco nacionalidades diferentes. Los ganadores del festival obtendr\u00e1n como premio el formar parte de la programaci\u00f3n oficial del Festival de Almagro, adem\u00e1s de pasar a formar\" \/>\n\t\t<meta property=\"og:url\" content=\"https:\/\/eldigitaldeasturias.com\/magazine365\/comienza-la-v-edicion-del-festival-almagro-off\/\" \/>\n\t\t<meta property=\"og:image\" content=\"https:\/\/eldigitaldeasturias.com\/magazine365\/wp-content\/uploads\/2015\/07\/fotonoticia_20150713092158_800.jpg\" \/>\n\t\t<meta property=\"og:image:secure_url\" content=\"https:\/\/eldigitaldeasturias.com\/magazine365\/wp-content\/uploads\/2015\/07\/fotonoticia_20150713092158_800.jpg\" \/>\n\t\t<meta property=\"og:image:width\" content=\"800\" \/>\n\t\t<meta property=\"og:image:height\" content=\"429\" \/>\n\t\t<meta property=\"article:published_time\" content=\"2015-07-13T12:10:36+00:00\" \/>\n\t\t<meta property=\"article:modified_time\" content=\"2015-07-13T12:10:36+00:00\" \/>\n\t\t<meta name=\"twitter:card\" content=\"summary_large_image\" \/>\n\t\t<meta name=\"twitter:title\" content=\"Comienza la V edici\u00f3n del festival \u2018Almagro Off\u2019 | El Digital de Asturias\" \/>\n\t\t<meta name=\"twitter:description\" content=\"La V edici\u00f3n del festival &#039;Almagro Off&#039;, que se celebrar\u00e1 en la localidad ciudadreale\u00f1a desde este lunes al 22 de julio, contar\u00e1 con un total de diez montajes de cinco nacionalidades diferentes. Los ganadores del festival obtendr\u00e1n como premio el formar parte de la programaci\u00f3n oficial del Festival de Almagro, adem\u00e1s de pasar a formar\" \/>\n\t\t<meta name=\"twitter:image\" content=\"https:\/\/eldigitaldeasturias.com\/magazine365\/wp-content\/uploads\/2015\/07\/fotonoticia_20150713092158_800.jpg\" \/>\n\t\t<script type=\"application\/ld+json\" class=\"aioseo-schema\">\n\t\t\t{\"@context\":\"https:\\\/\\\/schema.org\",\"@graph\":[{\"@type\":\"Article\",\"@id\":\"https:\\\/\\\/eldigitaldeasturias.com\\\/magazine365\\\/comienza-la-v-edicion-del-festival-almagro-off\\\/#article\",\"name\":\"Comienza la V edici\\u00f3n del festival \\u2018Almagro Off\\u2019 | El Digital de Asturias\",\"headline\":\"Comienza la V edici\\u00f3n del festival &#8216;Almagro Off&#8217;\",\"author\":{\"@id\":\"https:\\\/\\\/eldigitaldeasturias.com\\\/magazine365\\\/author\\\/admin\\\/#author\"},\"publisher\":{\"@id\":\"https:\\\/\\\/eldigitaldeasturias.com\\\/magazine365\\\/#organization\"},\"image\":{\"@type\":\"ImageObject\",\"url\":\"https:\\\/\\\/eldigitaldeasturias.com\\\/magazine365\\\/wp-content\\\/uploads\\\/2015\\\/07\\\/fotonoticia_20150713092158_800.jpg\",\"width\":800,\"height\":429},\"datePublished\":\"2015-07-13T14:10:36+02:00\",\"dateModified\":\"2015-07-13T14:10:36+02:00\",\"inLanguage\":\"es-ES\",\"mainEntityOfPage\":{\"@id\":\"https:\\\/\\\/eldigitaldeasturias.com\\\/magazine365\\\/comienza-la-v-edicion-del-festival-almagro-off\\\/#webpage\"},\"isPartOf\":{\"@id\":\"https:\\\/\\\/eldigitaldeasturias.com\\\/magazine365\\\/comienza-la-v-edicion-del-festival-almagro-off\\\/#webpage\"},\"articleSection\":\"Actualidad Turismo\"},{\"@type\":\"BreadcrumbList\",\"@id\":\"https:\\\/\\\/eldigitaldeasturias.com\\\/magazine365\\\/comienza-la-v-edicion-del-festival-almagro-off\\\/#breadcrumblist\",\"itemListElement\":[{\"@type\":\"ListItem\",\"@id\":\"https:\\\/\\\/eldigitaldeasturias.com\\\/magazine365#listItem\",\"position\":1,\"name\":\"Home\",\"item\":\"https:\\\/\\\/eldigitaldeasturias.com\\\/magazine365\",\"nextItem\":{\"@type\":\"ListItem\",\"@id\":\"https:\\\/\\\/eldigitaldeasturias.com\\\/magazine365\\\/category\\\/actualidad-turismo\\\/#listItem\",\"name\":\"Actualidad Turismo\"}},{\"@type\":\"ListItem\",\"@id\":\"https:\\\/\\\/eldigitaldeasturias.com\\\/magazine365\\\/category\\\/actualidad-turismo\\\/#listItem\",\"position\":2,\"name\":\"Actualidad Turismo\",\"item\":\"https:\\\/\\\/eldigitaldeasturias.com\\\/magazine365\\\/category\\\/actualidad-turismo\\\/\",\"nextItem\":{\"@type\":\"ListItem\",\"@id\":\"https:\\\/\\\/eldigitaldeasturias.com\\\/magazine365\\\/comienza-la-v-edicion-del-festival-almagro-off\\\/#listItem\",\"name\":\"Comienza la V edici\\u00f3n del festival &#8216;Almagro Off&#8217;\"},\"previousItem\":{\"@type\":\"ListItem\",\"@id\":\"https:\\\/\\\/eldigitaldeasturias.com\\\/magazine365#listItem\",\"name\":\"Home\"}},{\"@type\":\"ListItem\",\"@id\":\"https:\\\/\\\/eldigitaldeasturias.com\\\/magazine365\\\/comienza-la-v-edicion-del-festival-almagro-off\\\/#listItem\",\"position\":3,\"name\":\"Comienza la V edici\\u00f3n del festival &#8216;Almagro Off&#8217;\",\"previousItem\":{\"@type\":\"ListItem\",\"@id\":\"https:\\\/\\\/eldigitaldeasturias.com\\\/magazine365\\\/category\\\/actualidad-turismo\\\/#listItem\",\"name\":\"Actualidad Turismo\"}}]},{\"@type\":\"Organization\",\"@id\":\"https:\\\/\\\/eldigitaldeasturias.com\\\/magazine365\\\/#organization\",\"name\":\"El digital de Asturias\",\"description\":\"Revista de ocio, turismo y estilo de vida\",\"url\":\"https:\\\/\\\/eldigitaldeasturias.com\\\/magazine365\\\/\",\"logo\":{\"@type\":\"ImageObject\",\"url\":\"https:\\\/\\\/www.eldigitaldeasturias.com\\\/noticias\\\/wp-content\\\/uploads\\\/2020\\\/12\\\/EDA.jpg\",\"@id\":\"https:\\\/\\\/eldigitaldeasturias.com\\\/magazine365\\\/comienza-la-v-edicion-del-festival-almagro-off\\\/#organizationLogo\"},\"image\":{\"@id\":\"https:\\\/\\\/eldigitaldeasturias.com\\\/magazine365\\\/comienza-la-v-edicion-del-festival-almagro-off\\\/#organizationLogo\"}},{\"@type\":\"Person\",\"@id\":\"https:\\\/\\\/eldigitaldeasturias.com\\\/magazine365\\\/author\\\/admin\\\/#author\",\"url\":\"https:\\\/\\\/eldigitaldeasturias.com\\\/magazine365\\\/author\\\/admin\\\/\",\"name\":\"admin\",\"image\":{\"@type\":\"ImageObject\",\"@id\":\"https:\\\/\\\/eldigitaldeasturias.com\\\/magazine365\\\/comienza-la-v-edicion-del-festival-almagro-off\\\/#authorImage\",\"url\":\"https:\\\/\\\/eldigitaldeasturias.com\\\/magazine365\\\/wp-content\\\/litespeed\\\/avatar\\\/e571bcf59a0edd6fa6838245a470f2fe.jpg?ver=1777574230\",\"width\":96,\"height\":96,\"caption\":\"admin\"}},{\"@type\":\"WebPage\",\"@id\":\"https:\\\/\\\/eldigitaldeasturias.com\\\/magazine365\\\/comienza-la-v-edicion-del-festival-almagro-off\\\/#webpage\",\"url\":\"https:\\\/\\\/eldigitaldeasturias.com\\\/magazine365\\\/comienza-la-v-edicion-del-festival-almagro-off\\\/\",\"name\":\"Comienza la V edici\\u00f3n del festival \\u2018Almagro Off\\u2019 | El Digital de Asturias\",\"description\":\"La V edici\\u00f3n del festival 'Almagro Off', que se celebrar\\u00e1 en la localidad ciudadreale\\u00f1a desde este lunes al 22 de julio, contar\\u00e1 con un total de diez montajes de cinco nacionalidades diferentes. Los ganadores del festival obtendr\\u00e1n como premio el formar parte de la programaci\\u00f3n oficial del Festival de Almagro, adem\\u00e1s de pasar a formar\",\"inLanguage\":\"es-ES\",\"isPartOf\":{\"@id\":\"https:\\\/\\\/eldigitaldeasturias.com\\\/magazine365\\\/#website\"},\"breadcrumb\":{\"@id\":\"https:\\\/\\\/eldigitaldeasturias.com\\\/magazine365\\\/comienza-la-v-edicion-del-festival-almagro-off\\\/#breadcrumblist\"},\"author\":{\"@id\":\"https:\\\/\\\/eldigitaldeasturias.com\\\/magazine365\\\/author\\\/admin\\\/#author\"},\"creator\":{\"@id\":\"https:\\\/\\\/eldigitaldeasturias.com\\\/magazine365\\\/author\\\/admin\\\/#author\"},\"image\":{\"@type\":\"ImageObject\",\"url\":\"https:\\\/\\\/eldigitaldeasturias.com\\\/magazine365\\\/wp-content\\\/uploads\\\/2015\\\/07\\\/fotonoticia_20150713092158_800.jpg\",\"@id\":\"https:\\\/\\\/eldigitaldeasturias.com\\\/magazine365\\\/comienza-la-v-edicion-del-festival-almagro-off\\\/#mainImage\",\"width\":800,\"height\":429},\"primaryImageOfPage\":{\"@id\":\"https:\\\/\\\/eldigitaldeasturias.com\\\/magazine365\\\/comienza-la-v-edicion-del-festival-almagro-off\\\/#mainImage\"},\"datePublished\":\"2015-07-13T14:10:36+02:00\",\"dateModified\":\"2015-07-13T14:10:36+02:00\"},{\"@type\":\"WebSite\",\"@id\":\"https:\\\/\\\/eldigitaldeasturias.com\\\/magazine365\\\/#website\",\"url\":\"https:\\\/\\\/eldigitaldeasturias.com\\\/magazine365\\\/\",\"name\":\"El Digital de Asturias\",\"description\":\"Revista de ocio, turismo y estilo de vida\",\"inLanguage\":\"es-ES\",\"publisher\":{\"@id\":\"https:\\\/\\\/eldigitaldeasturias.com\\\/magazine365\\\/#organization\"}}]}\n\t\t<\/script>\n\t\t<!-- All in One SEO Pro -->\r\n\t\t<title>Comienza la V edici\u00f3n del festival \u2018Almagro Off\u2019 | El Digital de Asturias<\/title>\n\n","aioseo_head_json":{"title":"Comienza la V edici\u00f3n del festival \u2018Almagro Off\u2019 | El Digital de Asturias","description":"La V edici\u00f3n del festival 'Almagro Off', que se celebrar\u00e1 en la localidad ciudadreale\u00f1a desde este lunes al 22 de julio, contar\u00e1 con un total de diez montajes de cinco nacionalidades diferentes. Los ganadores del festival obtendr\u00e1n como premio el formar parte de la programaci\u00f3n oficial del Festival de Almagro, adem\u00e1s de pasar a formar","canonical_url":"https:\/\/eldigitaldeasturias.com\/magazine365\/comienza-la-v-edicion-del-festival-almagro-off\/","robots":"max-image-preview:large","keywords":"actualidad turismo","webmasterTools":{"google-site-verification":"UA-38556648-1","miscellaneous":""},"schema":{"@context":"https:\/\/schema.org","@graph":[{"@type":"Article","@id":"https:\/\/eldigitaldeasturias.com\/magazine365\/comienza-la-v-edicion-del-festival-almagro-off\/#article","name":"Comienza la V edici\u00f3n del festival \u2018Almagro Off\u2019 | El Digital de Asturias","headline":"Comienza la V edici\u00f3n del festival &#8216;Almagro Off&#8217;","author":{"@id":"https:\/\/eldigitaldeasturias.com\/magazine365\/author\/admin\/#author"},"publisher":{"@id":"https:\/\/eldigitaldeasturias.com\/magazine365\/#organization"},"image":{"@type":"ImageObject","url":"https:\/\/eldigitaldeasturias.com\/magazine365\/wp-content\/uploads\/2015\/07\/fotonoticia_20150713092158_800.jpg","width":800,"height":429},"datePublished":"2015-07-13T14:10:36+02:00","dateModified":"2015-07-13T14:10:36+02:00","inLanguage":"es-ES","mainEntityOfPage":{"@id":"https:\/\/eldigitaldeasturias.com\/magazine365\/comienza-la-v-edicion-del-festival-almagro-off\/#webpage"},"isPartOf":{"@id":"https:\/\/eldigitaldeasturias.com\/magazine365\/comienza-la-v-edicion-del-festival-almagro-off\/#webpage"},"articleSection":"Actualidad Turismo"},{"@type":"BreadcrumbList","@id":"https:\/\/eldigitaldeasturias.com\/magazine365\/comienza-la-v-edicion-del-festival-almagro-off\/#breadcrumblist","itemListElement":[{"@type":"ListItem","@id":"https:\/\/eldigitaldeasturias.com\/magazine365#listItem","position":1,"name":"Home","item":"https:\/\/eldigitaldeasturias.com\/magazine365","nextItem":{"@type":"ListItem","@id":"https:\/\/eldigitaldeasturias.com\/magazine365\/category\/actualidad-turismo\/#listItem","name":"Actualidad Turismo"}},{"@type":"ListItem","@id":"https:\/\/eldigitaldeasturias.com\/magazine365\/category\/actualidad-turismo\/#listItem","position":2,"name":"Actualidad Turismo","item":"https:\/\/eldigitaldeasturias.com\/magazine365\/category\/actualidad-turismo\/","nextItem":{"@type":"ListItem","@id":"https:\/\/eldigitaldeasturias.com\/magazine365\/comienza-la-v-edicion-del-festival-almagro-off\/#listItem","name":"Comienza la V edici\u00f3n del festival &#8216;Almagro Off&#8217;"},"previousItem":{"@type":"ListItem","@id":"https:\/\/eldigitaldeasturias.com\/magazine365#listItem","name":"Home"}},{"@type":"ListItem","@id":"https:\/\/eldigitaldeasturias.com\/magazine365\/comienza-la-v-edicion-del-festival-almagro-off\/#listItem","position":3,"name":"Comienza la V edici\u00f3n del festival &#8216;Almagro Off&#8217;","previousItem":{"@type":"ListItem","@id":"https:\/\/eldigitaldeasturias.com\/magazine365\/category\/actualidad-turismo\/#listItem","name":"Actualidad Turismo"}}]},{"@type":"Organization","@id":"https:\/\/eldigitaldeasturias.com\/magazine365\/#organization","name":"El digital de Asturias","description":"Revista de ocio, turismo y estilo de vida","url":"https:\/\/eldigitaldeasturias.com\/magazine365\/","logo":{"@type":"ImageObject","url":"https:\/\/www.eldigitaldeasturias.com\/noticias\/wp-content\/uploads\/2020\/12\/EDA.jpg","@id":"https:\/\/eldigitaldeasturias.com\/magazine365\/comienza-la-v-edicion-del-festival-almagro-off\/#organizationLogo"},"image":{"@id":"https:\/\/eldigitaldeasturias.com\/magazine365\/comienza-la-v-edicion-del-festival-almagro-off\/#organizationLogo"}},{"@type":"Person","@id":"https:\/\/eldigitaldeasturias.com\/magazine365\/author\/admin\/#author","url":"https:\/\/eldigitaldeasturias.com\/magazine365\/author\/admin\/","name":"admin","image":{"@type":"ImageObject","@id":"https:\/\/eldigitaldeasturias.com\/magazine365\/comienza-la-v-edicion-del-festival-almagro-off\/#authorImage","url":"https:\/\/eldigitaldeasturias.com\/magazine365\/wp-content\/litespeed\/avatar\/e571bcf59a0edd6fa6838245a470f2fe.jpg?ver=1777574230","width":96,"height":96,"caption":"admin"}},{"@type":"WebPage","@id":"https:\/\/eldigitaldeasturias.com\/magazine365\/comienza-la-v-edicion-del-festival-almagro-off\/#webpage","url":"https:\/\/eldigitaldeasturias.com\/magazine365\/comienza-la-v-edicion-del-festival-almagro-off\/","name":"Comienza la V edici\u00f3n del festival \u2018Almagro Off\u2019 | El Digital de Asturias","description":"La V edici\u00f3n del festival 'Almagro Off', que se celebrar\u00e1 en la localidad ciudadreale\u00f1a desde este lunes al 22 de julio, contar\u00e1 con un total de diez montajes de cinco nacionalidades diferentes. Los ganadores del festival obtendr\u00e1n como premio el formar parte de la programaci\u00f3n oficial del Festival de Almagro, adem\u00e1s de pasar a formar","inLanguage":"es-ES","isPartOf":{"@id":"https:\/\/eldigitaldeasturias.com\/magazine365\/#website"},"breadcrumb":{"@id":"https:\/\/eldigitaldeasturias.com\/magazine365\/comienza-la-v-edicion-del-festival-almagro-off\/#breadcrumblist"},"author":{"@id":"https:\/\/eldigitaldeasturias.com\/magazine365\/author\/admin\/#author"},"creator":{"@id":"https:\/\/eldigitaldeasturias.com\/magazine365\/author\/admin\/#author"},"image":{"@type":"ImageObject","url":"https:\/\/eldigitaldeasturias.com\/magazine365\/wp-content\/uploads\/2015\/07\/fotonoticia_20150713092158_800.jpg","@id":"https:\/\/eldigitaldeasturias.com\/magazine365\/comienza-la-v-edicion-del-festival-almagro-off\/#mainImage","width":800,"height":429},"primaryImageOfPage":{"@id":"https:\/\/eldigitaldeasturias.com\/magazine365\/comienza-la-v-edicion-del-festival-almagro-off\/#mainImage"},"datePublished":"2015-07-13T14:10:36+02:00","dateModified":"2015-07-13T14:10:36+02:00"},{"@type":"WebSite","@id":"https:\/\/eldigitaldeasturias.com\/magazine365\/#website","url":"https:\/\/eldigitaldeasturias.com\/magazine365\/","name":"El Digital de Asturias","description":"Revista de ocio, turismo y estilo de vida","inLanguage":"es-ES","publisher":{"@id":"https:\/\/eldigitaldeasturias.com\/magazine365\/#organization"}}]},"og:locale":"es_ES","og:site_name":"El Digital de Asturias \u2013 Revista de ocio, turismo y estilo de vida","og:type":"article","og:title":"Comienza la V edici\u00f3n del festival \u2018Almagro Off\u2019 | El Digital de Asturias","og:description":"La V edici\u00f3n del festival 'Almagro Off', que se celebrar\u00e1 en la localidad ciudadreale\u00f1a desde este lunes al 22 de julio, contar\u00e1 con un total de diez montajes de cinco nacionalidades diferentes. Los ganadores del festival obtendr\u00e1n como premio el formar parte de la programaci\u00f3n oficial del Festival de Almagro, adem\u00e1s de pasar a formar","og:url":"https:\/\/eldigitaldeasturias.com\/magazine365\/comienza-la-v-edicion-del-festival-almagro-off\/","og:image":"https:\/\/eldigitaldeasturias.com\/magazine365\/wp-content\/uploads\/2015\/07\/fotonoticia_20150713092158_800.jpg","og:image:secure_url":"https:\/\/eldigitaldeasturias.com\/magazine365\/wp-content\/uploads\/2015\/07\/fotonoticia_20150713092158_800.jpg","og:image:width":800,"og:image:height":429,"article:published_time":"2015-07-13T12:10:36+00:00","article:modified_time":"2015-07-13T12:10:36+00:00","twitter:card":"summary_large_image","twitter:title":"Comienza la V edici\u00f3n del festival \u2018Almagro Off\u2019 | El Digital de Asturias","twitter:description":"La V edici\u00f3n del festival 'Almagro Off', que se celebrar\u00e1 en la localidad ciudadreale\u00f1a desde este lunes al 22 de julio, contar\u00e1 con un total de diez montajes de cinco nacionalidades diferentes. Los ganadores del festival obtendr\u00e1n como premio el formar parte de la programaci\u00f3n oficial del Festival de Almagro, adem\u00e1s de pasar a formar","twitter:image":"https:\/\/eldigitaldeasturias.com\/magazine365\/wp-content\/uploads\/2015\/07\/fotonoticia_20150713092158_800.jpg"},"aioseo_meta_data":{"post_id":"42460","title":null,"description":null,"keywords":null,"keyphrases":null,"primary_term":null,"canonical_url":null,"og_title":null,"og_description":null,"og_object_type":"default","og_image_type":"default","og_image_url":null,"og_image_width":null,"og_image_height":null,"og_image_custom_url":null,"og_image_custom_fields":null,"og_video":null,"og_custom_url":null,"og_article_section":null,"og_article_tags":null,"twitter_use_og":false,"twitter_card":"default","twitter_image_type":"default","twitter_image_url":null,"twitter_image_custom_url":null,"twitter_image_custom_fields":null,"twitter_title":null,"twitter_description":null,"schema":{"blockGraphs":[],"customGraphs":[],"default":{"data":{"Article":[],"Course":[],"Dataset":[],"FAQPage":[],"Movie":[],"Person":[],"Product":[],"ProductReview":[],"Car":[],"Recipe":[],"Service":[],"SoftwareApplication":[],"WebPage":[]},"graphName":"","isEnabled":true},"graphs":[],"defaultGraph":"","defaultPostTypeGraph":""},"schema_type":null,"schema_type_options":null,"pillar_content":false,"robots_default":true,"robots_noindex":false,"robots_noarchive":false,"robots_nosnippet":false,"robots_nofollow":false,"robots_noimageindex":false,"robots_noodp":false,"robots_notranslate":false,"robots_max_snippet":null,"robots_max_videopreview":null,"robots_max_imagepreview":"large","priority":null,"frequency":null,"location":null,"local_seo":null,"seo_analyzer_scan_date":"2025-09-19 17:46:17","breadcrumb_settings":null,"limit_modified_date":false,"open_ai":null,"ai":null,"created":"2021-03-09 02:01:52","updated":"2025-09-19 17:46:17"},"aioseo_breadcrumb":"<div class=\"aioseo-breadcrumbs\"><span class=\"aioseo-breadcrumb\">\n\t<a href=\"https:\/\/eldigitaldeasturias.com\/magazine365\" title=\"Home\">Home<\/a>\n<\/span><span class=\"aioseo-breadcrumb-separator\">\u2013<\/span><span class=\"aioseo-breadcrumb\">\n\t<a href=\"https:\/\/eldigitaldeasturias.com\/magazine365\/category\/actualidad-turismo\/\" title=\"Actualidad Turismo\">Actualidad Turismo<\/a>\n<\/span><span class=\"aioseo-breadcrumb-separator\">\u2013<\/span><span class=\"aioseo-breadcrumb\">\n\t<a href=\"https:\/\/eldigitaldeasturias.com\/magazine365\/comienza-la-v-edicion-del-festival-almagro-off\/\" title=\"Comienza la V edici\u00f3n del festival \u2018Almagro Off\u2019\">Comienza la V edici\u00f3n del festival \u2018Almagro Off\u2019<\/a>\n<\/span><\/div>","aioseo_breadcrumb_json":[{"label":"Home","link":"https:\/\/eldigitaldeasturias.com\/magazine365"},{"label":"Actualidad Turismo","link":"https:\/\/eldigitaldeasturias.com\/magazine365\/category\/actualidad-turismo\/"},{"label":"Comienza la V edici\u00f3n del festival &#8216;Almagro Off&#8217;","link":"https:\/\/eldigitaldeasturias.com\/magazine365\/comienza-la-v-edicion-del-festival-almagro-off\/"}],"_links":{"self":[{"href":"https:\/\/eldigitaldeasturias.com\/magazine365\/wp-json\/wp\/v2\/posts\/42460","targetHints":{"allow":["GET"]}}],"collection":[{"href":"https:\/\/eldigitaldeasturias.com\/magazine365\/wp-json\/wp\/v2\/posts"}],"about":[{"href":"https:\/\/eldigitaldeasturias.com\/magazine365\/wp-json\/wp\/v2\/types\/post"}],"author":[{"embeddable":true,"href":"https:\/\/eldigitaldeasturias.com\/magazine365\/wp-json\/wp\/v2\/users\/1"}],"replies":[{"embeddable":true,"href":"https:\/\/eldigitaldeasturias.com\/magazine365\/wp-json\/wp\/v2\/comments?post=42460"}],"version-history":[{"count":0,"href":"https:\/\/eldigitaldeasturias.com\/magazine365\/wp-json\/wp\/v2\/posts\/42460\/revisions"}],"wp:featuredmedia":[{"embeddable":true,"href":"https:\/\/eldigitaldeasturias.com\/magazine365\/wp-json\/wp\/v2\/media\/42461"}],"wp:attachment":[{"href":"https:\/\/eldigitaldeasturias.com\/magazine365\/wp-json\/wp\/v2\/media?parent=42460"}],"wp:term":[{"taxonomy":"category","embeddable":true,"href":"https:\/\/eldigitaldeasturias.com\/magazine365\/wp-json\/wp\/v2\/categories?post=42460"},{"taxonomy":"post_tag","embeddable":true,"href":"https:\/\/eldigitaldeasturias.com\/magazine365\/wp-json\/wp\/v2\/tags?post=42460"}],"curies":[{"name":"wp","href":"https:\/\/api.w.org\/{rel}","templated":true}]}}