{"id":42451,"date":"2015-07-13T14:06:25","date_gmt":"2015-07-13T12:06:25","guid":{"rendered":"http:\/\/eldigitaldeasturias.com\/magazine365\/?p=42451"},"modified":"2015-07-13T14:06:25","modified_gmt":"2015-07-13T12:06:25","slug":"los-espanoles-viajaran-mas-de-dos-veces-este-ano-segun-un-estudio","status":"publish","type":"post","link":"https:\/\/eldigitaldeasturias.com\/magazine365\/los-espanoles-viajaran-mas-de-dos-veces-este-ano-segun-un-estudio\/","title":{"rendered":"Los espa\u00f1oles viajar\u00e1n m\u00e1s de dos veces este a\u00f1o, seg\u00fan un estudio"},"content":{"rendered":"<p><img fetchpriority=\"high\" decoding=\"async\" class=\"alignleft size-medium wp-image-42452\" src=\"https:\/\/eldigitaldeasturias.com\/magazine365\/wp-content\/uploads\/2015\/07\/fotonoticia_20150713085935_800-360x251.jpg\" alt=\"fotonoticia_20150713085935_800\" width=\"360\" height=\"251\" srcset=\"https:\/\/eldigitaldeasturias.com\/magazine365\/wp-content\/uploads\/2015\/07\/fotonoticia_20150713085935_800-360x251.jpg 360w, https:\/\/eldigitaldeasturias.com\/magazine365\/wp-content\/uploads\/2015\/07\/fotonoticia_20150713085935_800-650x453.jpg 650w, https:\/\/eldigitaldeasturias.com\/magazine365\/wp-content\/uploads\/2015\/07\/fotonoticia_20150713085935_800-768x536.jpg 768w, https:\/\/eldigitaldeasturias.com\/magazine365\/wp-content\/uploads\/2015\/07\/fotonoticia_20150713085935_800-150x105.jpg 150w, https:\/\/eldigitaldeasturias.com\/magazine365\/wp-content\/uploads\/2015\/07\/fotonoticia_20150713085935_800-450x314.jpg 450w, https:\/\/eldigitaldeasturias.com\/magazine365\/wp-content\/uploads\/2015\/07\/fotonoticia_20150713085935_800-100x70.jpg 100w, https:\/\/eldigitaldeasturias.com\/magazine365\/wp-content\/uploads\/2015\/07\/fotonoticia_20150713085935_800-696x485.jpg 696w, https:\/\/eldigitaldeasturias.com\/magazine365\/wp-content\/uploads\/2015\/07\/fotonoticia_20150713085935_800-602x420.jpg 602w, https:\/\/eldigitaldeasturias.com\/magazine365\/wp-content\/uploads\/2015\/07\/fotonoticia_20150713085935_800.jpg 800w\" sizes=\"(max-width: 360px) 100vw, 360px\" \/>Los espa\u00f1oles viajar\u00e1n una media de 2,36 veces este a\u00f1o, siendo los madrile\u00f1os los m\u00e1s viajeros, seg\u00fan el bar\u00f3metro tur\u00edstico realizado por Brain Trust.<\/p>\n<p>El informe indica que los viajeros de Madrid y Pa\u00eds Vasco son los \u00fanicos que superan esta cifra, ya que tienen previsto realizar una media de 2,7 y 2,6 viajes, respectivamente.<\/p>\n<p>Le siguen Catalu\u00f1a (2,34 viajes); Andaluc\u00eda (2,26); la Comunidad Valenciana (2,23); y, en \u00faltima posici\u00f3n, las Islas Baleares (2,21).<\/p>\n<p>OPTIMISMO ECON\u00d3MICO.<\/p>\n<p>Un 73% de los encuestados manifiesta que viajar\u00e1n lo mismo o m\u00e1s que el a\u00f1o pasado, dentro de los cuales destacan los estudiantes y los trabajadores por cuenta ajena.<\/p>\n<p>En el bar\u00f3metro se encuentra el &#8216;\u00cdndice Medio de Previsi\u00f3n de Consumo de Viajes de Ocio&#8217; (IPCVO), que establece que un 67,8% de los espa\u00f1oles se muestra dispuestos a comprar y consumir viajes de ocio este a\u00f1o.<\/p>\n<p>Este \u00edndice viene acompa\u00f1ado de una actitud optimista por parte de los viajeros, de los que un 85% espera que la econom\u00eda espa\u00f1ola se mantenga estable o mejore.<\/p>\n<p>EL AUGE DE LAS RESERVAS &#8216;ONLINE&#8217;.<\/p>\n<p>En cuanto a la forma en la que se reservan los viajes, en m\u00e1s del 79% de las ocasiones se llevan a cabo &#8216;online&#8217; a trav\u00e9s de agencias de viaje; agregadores; comparadores; o directamente en la p\u00e1gina web de la compa\u00f1\u00eda proveedora.<\/p>\n<p>Por el contrario, s\u00f3lo en el 21% de los casos las reservas se realizan a trav\u00e9s de tradicionales agencias de viaje presenciales, las cuales se mantienen operativas gracias a la contrataci\u00f3n de viajes de los mayores de 55 a\u00f1os, los cuales representan un 40% de sus clientes, frente al p\u00fablico joven (de 18 a 24 a\u00f1os) que las utiliza en un 14%.<\/p>\n<p>LAS PAREJAS SIN HIJOS, LAS GRANDES VIAJERAS<\/p>\n<p>Las parejas, con dos salarios y sin hijos, denominadas &#8216;dinkies&#8217; son las m\u00e1s dispuestas a viajar este a\u00f1o, con un 78,14%, seguidos de los j\u00f3venes entre 18 y 24 a\u00f1os, llamados &#8216;millennials&#8217;, que obtienen el 72,63%, seg\u00fan el IPCVO. Por su parte, los mayores de 55 a\u00f1os muestran en un 64% inter\u00e9s a viajar en el a\u00f1o 2015.<\/p>\n<p>En cuanto al n\u00famero de viajes, los &#8216;dinkies&#8217; realizar\u00e1n m\u00e1s viajes, con una media de 3,14 al a\u00f1o, una cifra muy por encima de la media espa\u00f1ola de 2,36 viajes.<\/p>\n<p>Tambi\u00e9n superar\u00e1n la media los &#8216;millennials&#8217;, con un 2,54 de media este a\u00f1o, mientras que los mayores de 55 a\u00f1os se sit\u00faan por debajo, registrando un promedio de 2,21 viajes.<\/p>\n","protected":false},"excerpt":{"rendered":"<p>Los espa\u00f1oles viajar\u00e1n una media de 2,36 veces este a\u00f1o, siendo los madrile\u00f1os los m\u00e1s viajeros, seg\u00fan el bar\u00f3metro tur\u00edstico realizado por Brain Trust. El informe indica que los viajeros de Madrid y Pa\u00eds Vasco son los \u00fanicos que superan esta cifra, ya que tienen previsto realizar una media de 2,7 y 2,6 viajes, respectivamente.<\/p>\n","protected":false},"author":1,"featured_media":42452,"comment_status":"open","ping_status":"closed","sticky":false,"template":"","format":"standard","meta":{"footnotes":""},"categories":[222],"tags":[],"class_list":{"0":"post-42451","1":"post","2":"type-post","3":"status-publish","4":"format-standard","5":"has-post-thumbnail","7":"category-actualidad-turismo"},"aioseo_notices":[],"aioseo_head":"\n\t\t<!-- All in One SEO Pro 4.9.6.1 - aioseo.com -->\n\t<meta name=\"description\" content=\"Los espa\u00f1oles viajar\u00e1n una media de 2,36 veces este a\u00f1o, siendo los madrile\u00f1os los m\u00e1s viajeros, seg\u00fan el bar\u00f3metro tur\u00edstico realizado por Brain Trust. El informe indica que los viajeros de Madrid y Pa\u00eds Vasco son los \u00fanicos que superan esta cifra, ya que tienen previsto realizar una media de 2,7 y 2,6 viajes, respectivamente.\" \/>\n\t<meta name=\"robots\" content=\"max-image-preview:large\" \/>\n\t<meta name=\"author\" content=\"admin\"\/>\n\t<meta name=\"google-site-verification\" content=\"UA-38556648-1\" \/>\n\t<meta name=\"keywords\" content=\"actualidad turismo\" \/>\n\t<link rel=\"canonical\" href=\"https:\/\/eldigitaldeasturias.com\/magazine365\/los-espanoles-viajaran-mas-de-dos-veces-este-ano-segun-un-estudio\/\" \/>\n\t<meta name=\"generator\" content=\"All in One SEO Pro (AIOSEO) 4.9.6.1\" \/>\n\t\t<meta property=\"og:locale\" content=\"es_ES\" \/>\n\t\t<meta property=\"og:site_name\" content=\"El Digital de Asturias \u2013 Revista de ocio, turismo y estilo de vida\" \/>\n\t\t<meta property=\"og:type\" content=\"article\" \/>\n\t\t<meta property=\"og:title\" content=\"Los espa\u00f1oles viajar\u00e1n m\u00e1s de dos veces este a\u00f1o, seg\u00fan un estudio | El Digital de Asturias\" \/>\n\t\t<meta property=\"og:description\" content=\"Los espa\u00f1oles viajar\u00e1n una media de 2,36 veces este a\u00f1o, siendo los madrile\u00f1os los m\u00e1s viajeros, seg\u00fan el bar\u00f3metro tur\u00edstico realizado por Brain Trust. El informe indica que los viajeros de Madrid y Pa\u00eds Vasco son los \u00fanicos que superan esta cifra, ya que tienen previsto realizar una media de 2,7 y 2,6 viajes, respectivamente.\" \/>\n\t\t<meta property=\"og:url\" content=\"https:\/\/eldigitaldeasturias.com\/magazine365\/los-espanoles-viajaran-mas-de-dos-veces-este-ano-segun-un-estudio\/\" \/>\n\t\t<meta property=\"og:image\" content=\"https:\/\/eldigitaldeasturias.com\/magazine365\/wp-content\/uploads\/2015\/07\/fotonoticia_20150713085935_800.jpg\" \/>\n\t\t<meta property=\"og:image:secure_url\" content=\"https:\/\/eldigitaldeasturias.com\/magazine365\/wp-content\/uploads\/2015\/07\/fotonoticia_20150713085935_800.jpg\" \/>\n\t\t<meta property=\"og:image:width\" content=\"800\" \/>\n\t\t<meta property=\"og:image:height\" content=\"558\" \/>\n\t\t<meta property=\"article:published_time\" content=\"2015-07-13T12:06:25+00:00\" \/>\n\t\t<meta property=\"article:modified_time\" content=\"2015-07-13T12:06:25+00:00\" \/>\n\t\t<meta name=\"twitter:card\" content=\"summary_large_image\" \/>\n\t\t<meta name=\"twitter:title\" content=\"Los espa\u00f1oles viajar\u00e1n m\u00e1s de dos veces este a\u00f1o, seg\u00fan un estudio | El Digital de Asturias\" \/>\n\t\t<meta name=\"twitter:description\" content=\"Los espa\u00f1oles viajar\u00e1n una media de 2,36 veces este a\u00f1o, siendo los madrile\u00f1os los m\u00e1s viajeros, seg\u00fan el bar\u00f3metro tur\u00edstico realizado por Brain Trust. El informe indica que los viajeros de Madrid y Pa\u00eds Vasco son los \u00fanicos que superan esta cifra, ya que tienen previsto realizar una media de 2,7 y 2,6 viajes, respectivamente.\" \/>\n\t\t<meta name=\"twitter:image\" content=\"https:\/\/eldigitaldeasturias.com\/magazine365\/wp-content\/uploads\/2015\/07\/fotonoticia_20150713085935_800.jpg\" \/>\n\t\t<script type=\"application\/ld+json\" class=\"aioseo-schema\">\n\t\t\t{\"@context\":\"https:\\\/\\\/schema.org\",\"@graph\":[{\"@type\":\"Article\",\"@id\":\"https:\\\/\\\/eldigitaldeasturias.com\\\/magazine365\\\/los-espanoles-viajaran-mas-de-dos-veces-este-ano-segun-un-estudio\\\/#article\",\"name\":\"Los espa\\u00f1oles viajar\\u00e1n m\\u00e1s de dos veces este a\\u00f1o, seg\\u00fan un estudio | El Digital de Asturias\",\"headline\":\"Los espa\\u00f1oles viajar\\u00e1n m\\u00e1s de dos veces este a\\u00f1o, seg\\u00fan un estudio\",\"author\":{\"@id\":\"https:\\\/\\\/eldigitaldeasturias.com\\\/magazine365\\\/author\\\/admin\\\/#author\"},\"publisher\":{\"@id\":\"https:\\\/\\\/eldigitaldeasturias.com\\\/magazine365\\\/#organization\"},\"image\":{\"@type\":\"ImageObject\",\"url\":\"https:\\\/\\\/eldigitaldeasturias.com\\\/magazine365\\\/wp-content\\\/uploads\\\/2015\\\/07\\\/fotonoticia_20150713085935_800.jpg\",\"width\":800,\"height\":558},\"datePublished\":\"2015-07-13T14:06:25+02:00\",\"dateModified\":\"2015-07-13T14:06:25+02:00\",\"inLanguage\":\"es-ES\",\"mainEntityOfPage\":{\"@id\":\"https:\\\/\\\/eldigitaldeasturias.com\\\/magazine365\\\/los-espanoles-viajaran-mas-de-dos-veces-este-ano-segun-un-estudio\\\/#webpage\"},\"isPartOf\":{\"@id\":\"https:\\\/\\\/eldigitaldeasturias.com\\\/magazine365\\\/los-espanoles-viajaran-mas-de-dos-veces-este-ano-segun-un-estudio\\\/#webpage\"},\"articleSection\":\"Actualidad Turismo\"},{\"@type\":\"BreadcrumbList\",\"@id\":\"https:\\\/\\\/eldigitaldeasturias.com\\\/magazine365\\\/los-espanoles-viajaran-mas-de-dos-veces-este-ano-segun-un-estudio\\\/#breadcrumblist\",\"itemListElement\":[{\"@type\":\"ListItem\",\"@id\":\"https:\\\/\\\/eldigitaldeasturias.com\\\/magazine365#listItem\",\"position\":1,\"name\":\"Home\",\"item\":\"https:\\\/\\\/eldigitaldeasturias.com\\\/magazine365\",\"nextItem\":{\"@type\":\"ListItem\",\"@id\":\"https:\\\/\\\/eldigitaldeasturias.com\\\/magazine365\\\/category\\\/actualidad-turismo\\\/#listItem\",\"name\":\"Actualidad Turismo\"}},{\"@type\":\"ListItem\",\"@id\":\"https:\\\/\\\/eldigitaldeasturias.com\\\/magazine365\\\/category\\\/actualidad-turismo\\\/#listItem\",\"position\":2,\"name\":\"Actualidad Turismo\",\"item\":\"https:\\\/\\\/eldigitaldeasturias.com\\\/magazine365\\\/category\\\/actualidad-turismo\\\/\",\"nextItem\":{\"@type\":\"ListItem\",\"@id\":\"https:\\\/\\\/eldigitaldeasturias.com\\\/magazine365\\\/los-espanoles-viajaran-mas-de-dos-veces-este-ano-segun-un-estudio\\\/#listItem\",\"name\":\"Los espa\\u00f1oles viajar\\u00e1n m\\u00e1s de dos veces este a\\u00f1o, seg\\u00fan un estudio\"},\"previousItem\":{\"@type\":\"ListItem\",\"@id\":\"https:\\\/\\\/eldigitaldeasturias.com\\\/magazine365#listItem\",\"name\":\"Home\"}},{\"@type\":\"ListItem\",\"@id\":\"https:\\\/\\\/eldigitaldeasturias.com\\\/magazine365\\\/los-espanoles-viajaran-mas-de-dos-veces-este-ano-segun-un-estudio\\\/#listItem\",\"position\":3,\"name\":\"Los espa\\u00f1oles viajar\\u00e1n m\\u00e1s de dos veces este a\\u00f1o, seg\\u00fan un estudio\",\"previousItem\":{\"@type\":\"ListItem\",\"@id\":\"https:\\\/\\\/eldigitaldeasturias.com\\\/magazine365\\\/category\\\/actualidad-turismo\\\/#listItem\",\"name\":\"Actualidad Turismo\"}}]},{\"@type\":\"Organization\",\"@id\":\"https:\\\/\\\/eldigitaldeasturias.com\\\/magazine365\\\/#organization\",\"name\":\"El digital de Asturias\",\"description\":\"Revista de ocio, turismo y estilo de vida\",\"url\":\"https:\\\/\\\/eldigitaldeasturias.com\\\/magazine365\\\/\",\"logo\":{\"@type\":\"ImageObject\",\"url\":\"https:\\\/\\\/www.eldigitaldeasturias.com\\\/noticias\\\/wp-content\\\/uploads\\\/2020\\\/12\\\/EDA.jpg\",\"@id\":\"https:\\\/\\\/eldigitaldeasturias.com\\\/magazine365\\\/los-espanoles-viajaran-mas-de-dos-veces-este-ano-segun-un-estudio\\\/#organizationLogo\"},\"image\":{\"@id\":\"https:\\\/\\\/eldigitaldeasturias.com\\\/magazine365\\\/los-espanoles-viajaran-mas-de-dos-veces-este-ano-segun-un-estudio\\\/#organizationLogo\"}},{\"@type\":\"Person\",\"@id\":\"https:\\\/\\\/eldigitaldeasturias.com\\\/magazine365\\\/author\\\/admin\\\/#author\",\"url\":\"https:\\\/\\\/eldigitaldeasturias.com\\\/magazine365\\\/author\\\/admin\\\/\",\"name\":\"admin\",\"image\":{\"@type\":\"ImageObject\",\"@id\":\"https:\\\/\\\/eldigitaldeasturias.com\\\/magazine365\\\/los-espanoles-viajaran-mas-de-dos-veces-este-ano-segun-un-estudio\\\/#authorImage\",\"url\":\"https:\\\/\\\/eldigitaldeasturias.com\\\/magazine365\\\/wp-content\\\/litespeed\\\/avatar\\\/e571bcf59a0edd6fa6838245a470f2fe.jpg?ver=1777574230\",\"width\":96,\"height\":96,\"caption\":\"admin\"}},{\"@type\":\"WebPage\",\"@id\":\"https:\\\/\\\/eldigitaldeasturias.com\\\/magazine365\\\/los-espanoles-viajaran-mas-de-dos-veces-este-ano-segun-un-estudio\\\/#webpage\",\"url\":\"https:\\\/\\\/eldigitaldeasturias.com\\\/magazine365\\\/los-espanoles-viajaran-mas-de-dos-veces-este-ano-segun-un-estudio\\\/\",\"name\":\"Los espa\\u00f1oles viajar\\u00e1n m\\u00e1s de dos veces este a\\u00f1o, seg\\u00fan un estudio | El Digital de Asturias\",\"description\":\"Los espa\\u00f1oles viajar\\u00e1n una media de 2,36 veces este a\\u00f1o, siendo los madrile\\u00f1os los m\\u00e1s viajeros, seg\\u00fan el bar\\u00f3metro tur\\u00edstico realizado por Brain Trust. El informe indica que los viajeros de Madrid y Pa\\u00eds Vasco son los \\u00fanicos que superan esta cifra, ya que tienen previsto realizar una media de 2,7 y 2,6 viajes, respectivamente.\",\"inLanguage\":\"es-ES\",\"isPartOf\":{\"@id\":\"https:\\\/\\\/eldigitaldeasturias.com\\\/magazine365\\\/#website\"},\"breadcrumb\":{\"@id\":\"https:\\\/\\\/eldigitaldeasturias.com\\\/magazine365\\\/los-espanoles-viajaran-mas-de-dos-veces-este-ano-segun-un-estudio\\\/#breadcrumblist\"},\"author\":{\"@id\":\"https:\\\/\\\/eldigitaldeasturias.com\\\/magazine365\\\/author\\\/admin\\\/#author\"},\"creator\":{\"@id\":\"https:\\\/\\\/eldigitaldeasturias.com\\\/magazine365\\\/author\\\/admin\\\/#author\"},\"image\":{\"@type\":\"ImageObject\",\"url\":\"https:\\\/\\\/eldigitaldeasturias.com\\\/magazine365\\\/wp-content\\\/uploads\\\/2015\\\/07\\\/fotonoticia_20150713085935_800.jpg\",\"@id\":\"https:\\\/\\\/eldigitaldeasturias.com\\\/magazine365\\\/los-espanoles-viajaran-mas-de-dos-veces-este-ano-segun-un-estudio\\\/#mainImage\",\"width\":800,\"height\":558},\"primaryImageOfPage\":{\"@id\":\"https:\\\/\\\/eldigitaldeasturias.com\\\/magazine365\\\/los-espanoles-viajaran-mas-de-dos-veces-este-ano-segun-un-estudio\\\/#mainImage\"},\"datePublished\":\"2015-07-13T14:06:25+02:00\",\"dateModified\":\"2015-07-13T14:06:25+02:00\"},{\"@type\":\"WebSite\",\"@id\":\"https:\\\/\\\/eldigitaldeasturias.com\\\/magazine365\\\/#website\",\"url\":\"https:\\\/\\\/eldigitaldeasturias.com\\\/magazine365\\\/\",\"name\":\"El Digital de Asturias\",\"description\":\"Revista de ocio, turismo y estilo de vida\",\"inLanguage\":\"es-ES\",\"publisher\":{\"@id\":\"https:\\\/\\\/eldigitaldeasturias.com\\\/magazine365\\\/#organization\"}}]}\n\t\t<\/script>\n\t\t<!-- All in One SEO Pro -->\r\n\t\t<title>Los espa\u00f1oles viajar\u00e1n m\u00e1s de dos veces este a\u00f1o, seg\u00fan un estudio | El Digital de Asturias<\/title>\n\n","aioseo_head_json":{"title":"Los espa\u00f1oles viajar\u00e1n m\u00e1s de dos veces este a\u00f1o, seg\u00fan un estudio | El Digital de Asturias","description":"Los espa\u00f1oles viajar\u00e1n una media de 2,36 veces este a\u00f1o, siendo los madrile\u00f1os los m\u00e1s viajeros, seg\u00fan el bar\u00f3metro tur\u00edstico realizado por Brain Trust. El informe indica que los viajeros de Madrid y Pa\u00eds Vasco son los \u00fanicos que superan esta cifra, ya que tienen previsto realizar una media de 2,7 y 2,6 viajes, respectivamente.","canonical_url":"https:\/\/eldigitaldeasturias.com\/magazine365\/los-espanoles-viajaran-mas-de-dos-veces-este-ano-segun-un-estudio\/","robots":"max-image-preview:large","keywords":"actualidad turismo","webmasterTools":{"google-site-verification":"UA-38556648-1","miscellaneous":""},"schema":{"@context":"https:\/\/schema.org","@graph":[{"@type":"Article","@id":"https:\/\/eldigitaldeasturias.com\/magazine365\/los-espanoles-viajaran-mas-de-dos-veces-este-ano-segun-un-estudio\/#article","name":"Los espa\u00f1oles viajar\u00e1n m\u00e1s de dos veces este a\u00f1o, seg\u00fan un estudio | El Digital de Asturias","headline":"Los espa\u00f1oles viajar\u00e1n m\u00e1s de dos veces este a\u00f1o, seg\u00fan un estudio","author":{"@id":"https:\/\/eldigitaldeasturias.com\/magazine365\/author\/admin\/#author"},"publisher":{"@id":"https:\/\/eldigitaldeasturias.com\/magazine365\/#organization"},"image":{"@type":"ImageObject","url":"https:\/\/eldigitaldeasturias.com\/magazine365\/wp-content\/uploads\/2015\/07\/fotonoticia_20150713085935_800.jpg","width":800,"height":558},"datePublished":"2015-07-13T14:06:25+02:00","dateModified":"2015-07-13T14:06:25+02:00","inLanguage":"es-ES","mainEntityOfPage":{"@id":"https:\/\/eldigitaldeasturias.com\/magazine365\/los-espanoles-viajaran-mas-de-dos-veces-este-ano-segun-un-estudio\/#webpage"},"isPartOf":{"@id":"https:\/\/eldigitaldeasturias.com\/magazine365\/los-espanoles-viajaran-mas-de-dos-veces-este-ano-segun-un-estudio\/#webpage"},"articleSection":"Actualidad Turismo"},{"@type":"BreadcrumbList","@id":"https:\/\/eldigitaldeasturias.com\/magazine365\/los-espanoles-viajaran-mas-de-dos-veces-este-ano-segun-un-estudio\/#breadcrumblist","itemListElement":[{"@type":"ListItem","@id":"https:\/\/eldigitaldeasturias.com\/magazine365#listItem","position":1,"name":"Home","item":"https:\/\/eldigitaldeasturias.com\/magazine365","nextItem":{"@type":"ListItem","@id":"https:\/\/eldigitaldeasturias.com\/magazine365\/category\/actualidad-turismo\/#listItem","name":"Actualidad Turismo"}},{"@type":"ListItem","@id":"https:\/\/eldigitaldeasturias.com\/magazine365\/category\/actualidad-turismo\/#listItem","position":2,"name":"Actualidad Turismo","item":"https:\/\/eldigitaldeasturias.com\/magazine365\/category\/actualidad-turismo\/","nextItem":{"@type":"ListItem","@id":"https:\/\/eldigitaldeasturias.com\/magazine365\/los-espanoles-viajaran-mas-de-dos-veces-este-ano-segun-un-estudio\/#listItem","name":"Los espa\u00f1oles viajar\u00e1n m\u00e1s de dos veces este a\u00f1o, seg\u00fan un estudio"},"previousItem":{"@type":"ListItem","@id":"https:\/\/eldigitaldeasturias.com\/magazine365#listItem","name":"Home"}},{"@type":"ListItem","@id":"https:\/\/eldigitaldeasturias.com\/magazine365\/los-espanoles-viajaran-mas-de-dos-veces-este-ano-segun-un-estudio\/#listItem","position":3,"name":"Los espa\u00f1oles viajar\u00e1n m\u00e1s de dos veces este a\u00f1o, seg\u00fan un estudio","previousItem":{"@type":"ListItem","@id":"https:\/\/eldigitaldeasturias.com\/magazine365\/category\/actualidad-turismo\/#listItem","name":"Actualidad Turismo"}}]},{"@type":"Organization","@id":"https:\/\/eldigitaldeasturias.com\/magazine365\/#organization","name":"El digital de Asturias","description":"Revista de ocio, turismo y estilo de vida","url":"https:\/\/eldigitaldeasturias.com\/magazine365\/","logo":{"@type":"ImageObject","url":"https:\/\/www.eldigitaldeasturias.com\/noticias\/wp-content\/uploads\/2020\/12\/EDA.jpg","@id":"https:\/\/eldigitaldeasturias.com\/magazine365\/los-espanoles-viajaran-mas-de-dos-veces-este-ano-segun-un-estudio\/#organizationLogo"},"image":{"@id":"https:\/\/eldigitaldeasturias.com\/magazine365\/los-espanoles-viajaran-mas-de-dos-veces-este-ano-segun-un-estudio\/#organizationLogo"}},{"@type":"Person","@id":"https:\/\/eldigitaldeasturias.com\/magazine365\/author\/admin\/#author","url":"https:\/\/eldigitaldeasturias.com\/magazine365\/author\/admin\/","name":"admin","image":{"@type":"ImageObject","@id":"https:\/\/eldigitaldeasturias.com\/magazine365\/los-espanoles-viajaran-mas-de-dos-veces-este-ano-segun-un-estudio\/#authorImage","url":"https:\/\/eldigitaldeasturias.com\/magazine365\/wp-content\/litespeed\/avatar\/e571bcf59a0edd6fa6838245a470f2fe.jpg?ver=1777574230","width":96,"height":96,"caption":"admin"}},{"@type":"WebPage","@id":"https:\/\/eldigitaldeasturias.com\/magazine365\/los-espanoles-viajaran-mas-de-dos-veces-este-ano-segun-un-estudio\/#webpage","url":"https:\/\/eldigitaldeasturias.com\/magazine365\/los-espanoles-viajaran-mas-de-dos-veces-este-ano-segun-un-estudio\/","name":"Los espa\u00f1oles viajar\u00e1n m\u00e1s de dos veces este a\u00f1o, seg\u00fan un estudio | El Digital de Asturias","description":"Los espa\u00f1oles viajar\u00e1n una media de 2,36 veces este a\u00f1o, siendo los madrile\u00f1os los m\u00e1s viajeros, seg\u00fan el bar\u00f3metro tur\u00edstico realizado por Brain Trust. El informe indica que los viajeros de Madrid y Pa\u00eds Vasco son los \u00fanicos que superan esta cifra, ya que tienen previsto realizar una media de 2,7 y 2,6 viajes, respectivamente.","inLanguage":"es-ES","isPartOf":{"@id":"https:\/\/eldigitaldeasturias.com\/magazine365\/#website"},"breadcrumb":{"@id":"https:\/\/eldigitaldeasturias.com\/magazine365\/los-espanoles-viajaran-mas-de-dos-veces-este-ano-segun-un-estudio\/#breadcrumblist"},"author":{"@id":"https:\/\/eldigitaldeasturias.com\/magazine365\/author\/admin\/#author"},"creator":{"@id":"https:\/\/eldigitaldeasturias.com\/magazine365\/author\/admin\/#author"},"image":{"@type":"ImageObject","url":"https:\/\/eldigitaldeasturias.com\/magazine365\/wp-content\/uploads\/2015\/07\/fotonoticia_20150713085935_800.jpg","@id":"https:\/\/eldigitaldeasturias.com\/magazine365\/los-espanoles-viajaran-mas-de-dos-veces-este-ano-segun-un-estudio\/#mainImage","width":800,"height":558},"primaryImageOfPage":{"@id":"https:\/\/eldigitaldeasturias.com\/magazine365\/los-espanoles-viajaran-mas-de-dos-veces-este-ano-segun-un-estudio\/#mainImage"},"datePublished":"2015-07-13T14:06:25+02:00","dateModified":"2015-07-13T14:06:25+02:00"},{"@type":"WebSite","@id":"https:\/\/eldigitaldeasturias.com\/magazine365\/#website","url":"https:\/\/eldigitaldeasturias.com\/magazine365\/","name":"El Digital de Asturias","description":"Revista de ocio, turismo y estilo de vida","inLanguage":"es-ES","publisher":{"@id":"https:\/\/eldigitaldeasturias.com\/magazine365\/#organization"}}]},"og:locale":"es_ES","og:site_name":"El Digital de Asturias \u2013 Revista de ocio, turismo y estilo de vida","og:type":"article","og:title":"Los espa\u00f1oles viajar\u00e1n m\u00e1s de dos veces este a\u00f1o, seg\u00fan un estudio | El Digital de Asturias","og:description":"Los espa\u00f1oles viajar\u00e1n una media de 2,36 veces este a\u00f1o, siendo los madrile\u00f1os los m\u00e1s viajeros, seg\u00fan el bar\u00f3metro tur\u00edstico realizado por Brain Trust. El informe indica que los viajeros de Madrid y Pa\u00eds Vasco son los \u00fanicos que superan esta cifra, ya que tienen previsto realizar una media de 2,7 y 2,6 viajes, respectivamente.","og:url":"https:\/\/eldigitaldeasturias.com\/magazine365\/los-espanoles-viajaran-mas-de-dos-veces-este-ano-segun-un-estudio\/","og:image":"https:\/\/eldigitaldeasturias.com\/magazine365\/wp-content\/uploads\/2015\/07\/fotonoticia_20150713085935_800.jpg","og:image:secure_url":"https:\/\/eldigitaldeasturias.com\/magazine365\/wp-content\/uploads\/2015\/07\/fotonoticia_20150713085935_800.jpg","og:image:width":800,"og:image:height":558,"article:published_time":"2015-07-13T12:06:25+00:00","article:modified_time":"2015-07-13T12:06:25+00:00","twitter:card":"summary_large_image","twitter:title":"Los espa\u00f1oles viajar\u00e1n m\u00e1s de dos veces este a\u00f1o, seg\u00fan un estudio | El Digital de Asturias","twitter:description":"Los espa\u00f1oles viajar\u00e1n una media de 2,36 veces este a\u00f1o, siendo los madrile\u00f1os los m\u00e1s viajeros, seg\u00fan el bar\u00f3metro tur\u00edstico realizado por Brain Trust. El informe indica que los viajeros de Madrid y Pa\u00eds Vasco son los \u00fanicos que superan esta cifra, ya que tienen previsto realizar una media de 2,7 y 2,6 viajes, respectivamente.","twitter:image":"https:\/\/eldigitaldeasturias.com\/magazine365\/wp-content\/uploads\/2015\/07\/fotonoticia_20150713085935_800.jpg"},"aioseo_meta_data":{"post_id":"42451","title":null,"description":null,"keywords":null,"keyphrases":null,"primary_term":null,"canonical_url":null,"og_title":null,"og_description":null,"og_object_type":"default","og_image_type":"default","og_image_url":null,"og_image_width":null,"og_image_height":null,"og_image_custom_url":null,"og_image_custom_fields":null,"og_video":null,"og_custom_url":null,"og_article_section":null,"og_article_tags":null,"twitter_use_og":false,"twitter_card":"default","twitter_image_type":"default","twitter_image_url":null,"twitter_image_custom_url":null,"twitter_image_custom_fields":null,"twitter_title":null,"twitter_description":null,"schema":{"blockGraphs":[],"customGraphs":[],"default":{"data":{"Article":[],"Course":[],"Dataset":[],"FAQPage":[],"Movie":[],"Person":[],"Product":[],"ProductReview":[],"Car":[],"Recipe":[],"Service":[],"SoftwareApplication":[],"WebPage":[]},"graphName":"","isEnabled":true},"graphs":[],"defaultGraph":"","defaultPostTypeGraph":""},"schema_type":null,"schema_type_options":null,"pillar_content":false,"robots_default":true,"robots_noindex":false,"robots_noarchive":false,"robots_nosnippet":false,"robots_nofollow":false,"robots_noimageindex":false,"robots_noodp":false,"robots_notranslate":false,"robots_max_snippet":null,"robots_max_videopreview":null,"robots_max_imagepreview":"large","priority":null,"frequency":null,"location":null,"local_seo":null,"seo_analyzer_scan_date":"2025-09-19 17:46:13","breadcrumb_settings":null,"limit_modified_date":false,"open_ai":null,"ai":null,"created":"2021-03-09 02:01:52","updated":"2025-09-19 17:46:13"},"aioseo_breadcrumb":"<div class=\"aioseo-breadcrumbs\"><span class=\"aioseo-breadcrumb\">\n\t<a href=\"https:\/\/eldigitaldeasturias.com\/magazine365\" title=\"Home\">Home<\/a>\n<\/span><span class=\"aioseo-breadcrumb-separator\">\u2013<\/span><span class=\"aioseo-breadcrumb\">\n\t<a href=\"https:\/\/eldigitaldeasturias.com\/magazine365\/category\/actualidad-turismo\/\" title=\"Actualidad Turismo\">Actualidad Turismo<\/a>\n<\/span><span class=\"aioseo-breadcrumb-separator\">\u2013<\/span><span class=\"aioseo-breadcrumb\">\n\t<a href=\"https:\/\/eldigitaldeasturias.com\/magazine365\/los-espanoles-viajaran-mas-de-dos-veces-este-ano-segun-un-estudio\/\" title=\"Los espa\u00f1oles viajar\u00e1n m\u00e1s de dos veces este a\u00f1o, seg\u00fan un estudio\">Los espa\u00f1oles viajar\u00e1n m\u00e1s de dos veces este a\u00f1o, seg\u00fan un estudio<\/a>\n<\/span><\/div>","aioseo_breadcrumb_json":[{"label":"Home","link":"https:\/\/eldigitaldeasturias.com\/magazine365"},{"label":"Actualidad Turismo","link":"https:\/\/eldigitaldeasturias.com\/magazine365\/category\/actualidad-turismo\/"},{"label":"Los espa\u00f1oles viajar\u00e1n m\u00e1s de dos veces este a\u00f1o, seg\u00fan un estudio","link":"https:\/\/eldigitaldeasturias.com\/magazine365\/los-espanoles-viajaran-mas-de-dos-veces-este-ano-segun-un-estudio\/"}],"_links":{"self":[{"href":"https:\/\/eldigitaldeasturias.com\/magazine365\/wp-json\/wp\/v2\/posts\/42451","targetHints":{"allow":["GET"]}}],"collection":[{"href":"https:\/\/eldigitaldeasturias.com\/magazine365\/wp-json\/wp\/v2\/posts"}],"about":[{"href":"https:\/\/eldigitaldeasturias.com\/magazine365\/wp-json\/wp\/v2\/types\/post"}],"author":[{"embeddable":true,"href":"https:\/\/eldigitaldeasturias.com\/magazine365\/wp-json\/wp\/v2\/users\/1"}],"replies":[{"embeddable":true,"href":"https:\/\/eldigitaldeasturias.com\/magazine365\/wp-json\/wp\/v2\/comments?post=42451"}],"version-history":[{"count":0,"href":"https:\/\/eldigitaldeasturias.com\/magazine365\/wp-json\/wp\/v2\/posts\/42451\/revisions"}],"wp:featuredmedia":[{"embeddable":true,"href":"https:\/\/eldigitaldeasturias.com\/magazine365\/wp-json\/wp\/v2\/media\/42452"}],"wp:attachment":[{"href":"https:\/\/eldigitaldeasturias.com\/magazine365\/wp-json\/wp\/v2\/media?parent=42451"}],"wp:term":[{"taxonomy":"category","embeddable":true,"href":"https:\/\/eldigitaldeasturias.com\/magazine365\/wp-json\/wp\/v2\/categories?post=42451"},{"taxonomy":"post_tag","embeddable":true,"href":"https:\/\/eldigitaldeasturias.com\/magazine365\/wp-json\/wp\/v2\/tags?post=42451"}],"curies":[{"name":"wp","href":"https:\/\/api.w.org\/{rel}","templated":true}]}}