{"id":42448,"date":"2015-07-13T14:02:47","date_gmt":"2015-07-13T12:02:47","guid":{"rendered":"http:\/\/eldigitaldeasturias.com\/magazine365\/?p=42448"},"modified":"2015-07-13T14:02:47","modified_gmt":"2015-07-13T12:02:47","slug":"el-tren-turistico-de-lujo-al-andalus-inicia-este-lunes-su-viaje-a-galicia-y-recorrera-parte-del-camino-de-santiago","status":"publish","type":"post","link":"https:\/\/eldigitaldeasturias.com\/magazine365\/el-tren-turistico-de-lujo-al-andalus-inicia-este-lunes-su-viaje-a-galicia-y-recorrera-parte-del-camino-de-santiago\/","title":{"rendered":"El tren tur\u00edstico de lujo &#8216;Al Andalus&#8217; inicia este lunes su viaje a Galicia y recorrer\u00e1 parte del Camino de Santiago"},"content":{"rendered":"<p><img fetchpriority=\"high\" decoding=\"async\" class=\"alignleft size-medium wp-image-42449\" src=\"https:\/\/eldigitaldeasturias.com\/magazine365\/wp-content\/uploads\/2015\/07\/fotonoticia_20150713085235_800-360x240.jpg\" alt=\"fotonoticia_20150713085235_800\" width=\"360\" height=\"240\" srcset=\"https:\/\/eldigitaldeasturias.com\/magazine365\/wp-content\/uploads\/2015\/07\/fotonoticia_20150713085235_800-360x240.jpg 360w, https:\/\/eldigitaldeasturias.com\/magazine365\/wp-content\/uploads\/2015\/07\/fotonoticia_20150713085235_800-650x433.jpg 650w, https:\/\/eldigitaldeasturias.com\/magazine365\/wp-content\/uploads\/2015\/07\/fotonoticia_20150713085235_800-768x512.jpg 768w, https:\/\/eldigitaldeasturias.com\/magazine365\/wp-content\/uploads\/2015\/07\/fotonoticia_20150713085235_800-150x100.jpg 150w, https:\/\/eldigitaldeasturias.com\/magazine365\/wp-content\/uploads\/2015\/07\/fotonoticia_20150713085235_800-450x300.jpg 450w, https:\/\/eldigitaldeasturias.com\/magazine365\/wp-content\/uploads\/2015\/07\/fotonoticia_20150713085235_800-696x464.jpg 696w, https:\/\/eldigitaldeasturias.com\/magazine365\/wp-content\/uploads\/2015\/07\/fotonoticia_20150713085235_800-630x420.jpg 630w, https:\/\/eldigitaldeasturias.com\/magazine365\/wp-content\/uploads\/2015\/07\/fotonoticia_20150713085235_800-84x55.jpg 84w, https:\/\/eldigitaldeasturias.com\/magazine365\/wp-content\/uploads\/2015\/07\/fotonoticia_20150713085235_800.jpg 800w\" sizes=\"(max-width: 360px) 100vw, 360px\" \/>Por tercer a\u00f1o consecutivo, el tren tur\u00edstico de lujo &#8216;Al Andalus&#8217; inicia este lunes su viaje desde Le\u00f3n hasta A Coru\u00f1a, recorriendo parte del Camino de Santiago y finalizando su trayectoria el pr\u00f3ximo 17 de julio.<\/p>\n<p>Cuatro etapas tur\u00edsticas ser\u00e1n las que recorrer\u00e1n los viajeros de &#8216;Al Andalus&#8217;: en la primera de ellas viajar\u00e1n hasta Monforte de Lemos (Lugo), haciendo parada en Astorga. El segundo d\u00eda de viaje, los ocupantes realizar\u00e1n una excursi\u00f3n por la Ribeira Sacra, donde podr\u00e1n disfrutar de un crucero por el R\u00edo Sil y una visita guiada a las bodegas Denominaci\u00f3n de Origen de la zona.<\/p>\n<p>En el ecuador del viaje, &#8216;Al Andalus&#8217; parte hacia Ourense, donde los viajeros disfrutar\u00e1n de una jornada termal. A continuaci\u00f3n, el viaje continuar\u00e1 hasta Santiago de Compostela.<\/p>\n<p>En el cuarto d\u00eda de viaje, el convoy de lujo se dirigir\u00e1 direcci\u00f3n A Coru\u00f1a, pasando por Vilagarc\u00eda de Arousa (Pontevedra). Los viajeros tendr\u00e1n la oportunidad de conocer la R\u00eda de Arousa a trav\u00e9s de un viaje en barco.<\/p>\n<p>Este a\u00f1o, adem\u00e1s, el convoy tur\u00edstico realizar\u00e1 otra expedici\u00f3n entre los d\u00edas 20 y 24 de julio.<\/p>\n<p>TURISMO NORTEAMERICANO<\/p>\n<p>Seg\u00fan informa la Xunta, Turismo de Galicia organiz\u00f3 en esta primera salida del tren un viaje de familiarizaci\u00f3n tur\u00edstica en el que participan un representante de la agencia &#8216;Atlanta Century Travel&#8217; y un operador tur\u00edstico de &#8216;Artisans of Leisure&#8217;, ambos de Nueva York y especializados en la organizaci\u00f3n de vacaciones de lujo.<\/p>\n","protected":false},"excerpt":{"rendered":"<p>Por tercer a\u00f1o consecutivo, el tren tur\u00edstico de lujo &#8216;Al Andalus&#8217; inicia este lunes su viaje desde Le\u00f3n hasta A Coru\u00f1a, recorriendo parte del Camino de Santiago y finalizando su trayectoria el pr\u00f3ximo 17 de julio. Cuatro etapas tur\u00edsticas ser\u00e1n las que recorrer\u00e1n los viajeros de &#8216;Al Andalus&#8217;: en la primera de ellas viajar\u00e1n hasta<\/p>\n","protected":false},"author":1,"featured_media":42449,"comment_status":"open","ping_status":"closed","sticky":false,"template":"","format":"standard","meta":{"footnotes":""},"categories":[222],"tags":[],"class_list":{"0":"post-42448","1":"post","2":"type-post","3":"status-publish","4":"format-standard","5":"has-post-thumbnail","7":"category-actualidad-turismo"},"aioseo_notices":[],"aioseo_head":"\n\t\t<!-- All in One SEO Pro 4.9.6.1 - aioseo.com -->\n\t<meta name=\"description\" content=\"Por tercer a\u00f1o consecutivo, el tren tur\u00edstico de lujo &#039;Al Andalus&#039; inicia este lunes su viaje desde Le\u00f3n hasta A Coru\u00f1a, recorriendo parte del Camino de Santiago y finalizando su trayectoria el pr\u00f3ximo 17 de julio. Cuatro etapas tur\u00edsticas ser\u00e1n las que recorrer\u00e1n los viajeros de &#039;Al Andalus&#039;: en la primera de ellas viajar\u00e1n hasta\" \/>\n\t<meta name=\"robots\" content=\"max-image-preview:large\" \/>\n\t<meta name=\"author\" content=\"admin\"\/>\n\t<meta name=\"google-site-verification\" content=\"UA-38556648-1\" \/>\n\t<meta name=\"keywords\" content=\"actualidad turismo\" \/>\n\t<link rel=\"canonical\" href=\"https:\/\/eldigitaldeasturias.com\/magazine365\/el-tren-turistico-de-lujo-al-andalus-inicia-este-lunes-su-viaje-a-galicia-y-recorrera-parte-del-camino-de-santiago\/\" \/>\n\t<meta name=\"generator\" content=\"All in One SEO Pro (AIOSEO) 4.9.6.1\" \/>\n\t\t<meta property=\"og:locale\" content=\"es_ES\" \/>\n\t\t<meta property=\"og:site_name\" content=\"El Digital de Asturias \u2013 Revista de ocio, turismo y estilo de vida\" \/>\n\t\t<meta property=\"og:type\" content=\"article\" \/>\n\t\t<meta property=\"og:title\" content=\"El tren tur\u00edstico de lujo \u2018Al Andalus\u2019 inicia este lunes su viaje a Galicia y recorrer\u00e1 parte del Camino de Santiago | El Digital de Asturias\" \/>\n\t\t<meta property=\"og:description\" content=\"Por tercer a\u00f1o consecutivo, el tren tur\u00edstico de lujo &#039;Al Andalus&#039; inicia este lunes su viaje desde Le\u00f3n hasta A Coru\u00f1a, recorriendo parte del Camino de Santiago y finalizando su trayectoria el pr\u00f3ximo 17 de julio. Cuatro etapas tur\u00edsticas ser\u00e1n las que recorrer\u00e1n los viajeros de &#039;Al Andalus&#039;: en la primera de ellas viajar\u00e1n hasta\" \/>\n\t\t<meta property=\"og:url\" content=\"https:\/\/eldigitaldeasturias.com\/magazine365\/el-tren-turistico-de-lujo-al-andalus-inicia-este-lunes-su-viaje-a-galicia-y-recorrera-parte-del-camino-de-santiago\/\" \/>\n\t\t<meta property=\"og:image\" content=\"https:\/\/eldigitaldeasturias.com\/magazine365\/wp-content\/uploads\/2015\/07\/fotonoticia_20150713085235_800.jpg\" \/>\n\t\t<meta property=\"og:image:secure_url\" content=\"https:\/\/eldigitaldeasturias.com\/magazine365\/wp-content\/uploads\/2015\/07\/fotonoticia_20150713085235_800.jpg\" \/>\n\t\t<meta property=\"og:image:width\" content=\"800\" \/>\n\t\t<meta property=\"og:image:height\" content=\"533\" \/>\n\t\t<meta property=\"article:published_time\" content=\"2015-07-13T12:02:47+00:00\" \/>\n\t\t<meta property=\"article:modified_time\" content=\"2015-07-13T12:02:47+00:00\" \/>\n\t\t<meta name=\"twitter:card\" content=\"summary_large_image\" \/>\n\t\t<meta name=\"twitter:title\" content=\"El tren tur\u00edstico de lujo \u2018Al Andalus\u2019 inicia este lunes su viaje a Galicia y recorrer\u00e1 parte del Camino de Santiago | El Digital de Asturias\" \/>\n\t\t<meta name=\"twitter:description\" content=\"Por tercer a\u00f1o consecutivo, el tren tur\u00edstico de lujo &#039;Al Andalus&#039; inicia este lunes su viaje desde Le\u00f3n hasta A Coru\u00f1a, recorriendo parte del Camino de Santiago y finalizando su trayectoria el pr\u00f3ximo 17 de julio. Cuatro etapas tur\u00edsticas ser\u00e1n las que recorrer\u00e1n los viajeros de &#039;Al Andalus&#039;: en la primera de ellas viajar\u00e1n hasta\" \/>\n\t\t<meta name=\"twitter:image\" content=\"https:\/\/eldigitaldeasturias.com\/magazine365\/wp-content\/uploads\/2015\/07\/fotonoticia_20150713085235_800.jpg\" \/>\n\t\t<script type=\"application\/ld+json\" class=\"aioseo-schema\">\n\t\t\t{\"@context\":\"https:\\\/\\\/schema.org\",\"@graph\":[{\"@type\":\"Article\",\"@id\":\"https:\\\/\\\/eldigitaldeasturias.com\\\/magazine365\\\/el-tren-turistico-de-lujo-al-andalus-inicia-este-lunes-su-viaje-a-galicia-y-recorrera-parte-del-camino-de-santiago\\\/#article\",\"name\":\"El tren tur\\u00edstico de lujo \\u2018Al Andalus\\u2019 inicia este lunes su viaje a Galicia y recorrer\\u00e1 parte del Camino de Santiago | El Digital de Asturias\",\"headline\":\"El tren tur\\u00edstico de lujo &#8216;Al Andalus&#8217; inicia este lunes su viaje a Galicia y recorrer\\u00e1 parte del Camino de Santiago\",\"author\":{\"@id\":\"https:\\\/\\\/eldigitaldeasturias.com\\\/magazine365\\\/author\\\/admin\\\/#author\"},\"publisher\":{\"@id\":\"https:\\\/\\\/eldigitaldeasturias.com\\\/magazine365\\\/#organization\"},\"image\":{\"@type\":\"ImageObject\",\"url\":\"https:\\\/\\\/eldigitaldeasturias.com\\\/magazine365\\\/wp-content\\\/uploads\\\/2015\\\/07\\\/fotonoticia_20150713085235_800.jpg\",\"width\":800,\"height\":533},\"datePublished\":\"2015-07-13T14:02:47+02:00\",\"dateModified\":\"2015-07-13T14:02:47+02:00\",\"inLanguage\":\"es-ES\",\"mainEntityOfPage\":{\"@id\":\"https:\\\/\\\/eldigitaldeasturias.com\\\/magazine365\\\/el-tren-turistico-de-lujo-al-andalus-inicia-este-lunes-su-viaje-a-galicia-y-recorrera-parte-del-camino-de-santiago\\\/#webpage\"},\"isPartOf\":{\"@id\":\"https:\\\/\\\/eldigitaldeasturias.com\\\/magazine365\\\/el-tren-turistico-de-lujo-al-andalus-inicia-este-lunes-su-viaje-a-galicia-y-recorrera-parte-del-camino-de-santiago\\\/#webpage\"},\"articleSection\":\"Actualidad Turismo\"},{\"@type\":\"BreadcrumbList\",\"@id\":\"https:\\\/\\\/eldigitaldeasturias.com\\\/magazine365\\\/el-tren-turistico-de-lujo-al-andalus-inicia-este-lunes-su-viaje-a-galicia-y-recorrera-parte-del-camino-de-santiago\\\/#breadcrumblist\",\"itemListElement\":[{\"@type\":\"ListItem\",\"@id\":\"https:\\\/\\\/eldigitaldeasturias.com\\\/magazine365#listItem\",\"position\":1,\"name\":\"Home\",\"item\":\"https:\\\/\\\/eldigitaldeasturias.com\\\/magazine365\",\"nextItem\":{\"@type\":\"ListItem\",\"@id\":\"https:\\\/\\\/eldigitaldeasturias.com\\\/magazine365\\\/category\\\/actualidad-turismo\\\/#listItem\",\"name\":\"Actualidad Turismo\"}},{\"@type\":\"ListItem\",\"@id\":\"https:\\\/\\\/eldigitaldeasturias.com\\\/magazine365\\\/category\\\/actualidad-turismo\\\/#listItem\",\"position\":2,\"name\":\"Actualidad Turismo\",\"item\":\"https:\\\/\\\/eldigitaldeasturias.com\\\/magazine365\\\/category\\\/actualidad-turismo\\\/\",\"nextItem\":{\"@type\":\"ListItem\",\"@id\":\"https:\\\/\\\/eldigitaldeasturias.com\\\/magazine365\\\/el-tren-turistico-de-lujo-al-andalus-inicia-este-lunes-su-viaje-a-galicia-y-recorrera-parte-del-camino-de-santiago\\\/#listItem\",\"name\":\"El tren tur\\u00edstico de lujo &#8216;Al Andalus&#8217; inicia este lunes su viaje a Galicia y recorrer\\u00e1 parte del Camino de Santiago\"},\"previousItem\":{\"@type\":\"ListItem\",\"@id\":\"https:\\\/\\\/eldigitaldeasturias.com\\\/magazine365#listItem\",\"name\":\"Home\"}},{\"@type\":\"ListItem\",\"@id\":\"https:\\\/\\\/eldigitaldeasturias.com\\\/magazine365\\\/el-tren-turistico-de-lujo-al-andalus-inicia-este-lunes-su-viaje-a-galicia-y-recorrera-parte-del-camino-de-santiago\\\/#listItem\",\"position\":3,\"name\":\"El tren tur\\u00edstico de lujo &#8216;Al Andalus&#8217; inicia este lunes su viaje a Galicia y recorrer\\u00e1 parte del Camino de Santiago\",\"previousItem\":{\"@type\":\"ListItem\",\"@id\":\"https:\\\/\\\/eldigitaldeasturias.com\\\/magazine365\\\/category\\\/actualidad-turismo\\\/#listItem\",\"name\":\"Actualidad Turismo\"}}]},{\"@type\":\"Organization\",\"@id\":\"https:\\\/\\\/eldigitaldeasturias.com\\\/magazine365\\\/#organization\",\"name\":\"El digital de Asturias\",\"description\":\"Revista de ocio, turismo y estilo de vida\",\"url\":\"https:\\\/\\\/eldigitaldeasturias.com\\\/magazine365\\\/\",\"logo\":{\"@type\":\"ImageObject\",\"url\":\"https:\\\/\\\/www.eldigitaldeasturias.com\\\/noticias\\\/wp-content\\\/uploads\\\/2020\\\/12\\\/EDA.jpg\",\"@id\":\"https:\\\/\\\/eldigitaldeasturias.com\\\/magazine365\\\/el-tren-turistico-de-lujo-al-andalus-inicia-este-lunes-su-viaje-a-galicia-y-recorrera-parte-del-camino-de-santiago\\\/#organizationLogo\"},\"image\":{\"@id\":\"https:\\\/\\\/eldigitaldeasturias.com\\\/magazine365\\\/el-tren-turistico-de-lujo-al-andalus-inicia-este-lunes-su-viaje-a-galicia-y-recorrera-parte-del-camino-de-santiago\\\/#organizationLogo\"}},{\"@type\":\"Person\",\"@id\":\"https:\\\/\\\/eldigitaldeasturias.com\\\/magazine365\\\/author\\\/admin\\\/#author\",\"url\":\"https:\\\/\\\/eldigitaldeasturias.com\\\/magazine365\\\/author\\\/admin\\\/\",\"name\":\"admin\",\"image\":{\"@type\":\"ImageObject\",\"@id\":\"https:\\\/\\\/eldigitaldeasturias.com\\\/magazine365\\\/el-tren-turistico-de-lujo-al-andalus-inicia-este-lunes-su-viaje-a-galicia-y-recorrera-parte-del-camino-de-santiago\\\/#authorImage\",\"url\":\"https:\\\/\\\/eldigitaldeasturias.com\\\/magazine365\\\/wp-content\\\/litespeed\\\/avatar\\\/e571bcf59a0edd6fa6838245a470f2fe.jpg?ver=1777574230\",\"width\":96,\"height\":96,\"caption\":\"admin\"}},{\"@type\":\"WebPage\",\"@id\":\"https:\\\/\\\/eldigitaldeasturias.com\\\/magazine365\\\/el-tren-turistico-de-lujo-al-andalus-inicia-este-lunes-su-viaje-a-galicia-y-recorrera-parte-del-camino-de-santiago\\\/#webpage\",\"url\":\"https:\\\/\\\/eldigitaldeasturias.com\\\/magazine365\\\/el-tren-turistico-de-lujo-al-andalus-inicia-este-lunes-su-viaje-a-galicia-y-recorrera-parte-del-camino-de-santiago\\\/\",\"name\":\"El tren tur\\u00edstico de lujo \\u2018Al Andalus\\u2019 inicia este lunes su viaje a Galicia y recorrer\\u00e1 parte del Camino de Santiago | El Digital de Asturias\",\"description\":\"Por tercer a\\u00f1o consecutivo, el tren tur\\u00edstico de lujo 'Al Andalus' inicia este lunes su viaje desde Le\\u00f3n hasta A Coru\\u00f1a, recorriendo parte del Camino de Santiago y finalizando su trayectoria el pr\\u00f3ximo 17 de julio. Cuatro etapas tur\\u00edsticas ser\\u00e1n las que recorrer\\u00e1n los viajeros de 'Al Andalus': en la primera de ellas viajar\\u00e1n hasta\",\"inLanguage\":\"es-ES\",\"isPartOf\":{\"@id\":\"https:\\\/\\\/eldigitaldeasturias.com\\\/magazine365\\\/#website\"},\"breadcrumb\":{\"@id\":\"https:\\\/\\\/eldigitaldeasturias.com\\\/magazine365\\\/el-tren-turistico-de-lujo-al-andalus-inicia-este-lunes-su-viaje-a-galicia-y-recorrera-parte-del-camino-de-santiago\\\/#breadcrumblist\"},\"author\":{\"@id\":\"https:\\\/\\\/eldigitaldeasturias.com\\\/magazine365\\\/author\\\/admin\\\/#author\"},\"creator\":{\"@id\":\"https:\\\/\\\/eldigitaldeasturias.com\\\/magazine365\\\/author\\\/admin\\\/#author\"},\"image\":{\"@type\":\"ImageObject\",\"url\":\"https:\\\/\\\/eldigitaldeasturias.com\\\/magazine365\\\/wp-content\\\/uploads\\\/2015\\\/07\\\/fotonoticia_20150713085235_800.jpg\",\"@id\":\"https:\\\/\\\/eldigitaldeasturias.com\\\/magazine365\\\/el-tren-turistico-de-lujo-al-andalus-inicia-este-lunes-su-viaje-a-galicia-y-recorrera-parte-del-camino-de-santiago\\\/#mainImage\",\"width\":800,\"height\":533},\"primaryImageOfPage\":{\"@id\":\"https:\\\/\\\/eldigitaldeasturias.com\\\/magazine365\\\/el-tren-turistico-de-lujo-al-andalus-inicia-este-lunes-su-viaje-a-galicia-y-recorrera-parte-del-camino-de-santiago\\\/#mainImage\"},\"datePublished\":\"2015-07-13T14:02:47+02:00\",\"dateModified\":\"2015-07-13T14:02:47+02:00\"},{\"@type\":\"WebSite\",\"@id\":\"https:\\\/\\\/eldigitaldeasturias.com\\\/magazine365\\\/#website\",\"url\":\"https:\\\/\\\/eldigitaldeasturias.com\\\/magazine365\\\/\",\"name\":\"El Digital de Asturias\",\"description\":\"Revista de ocio, turismo y estilo de vida\",\"inLanguage\":\"es-ES\",\"publisher\":{\"@id\":\"https:\\\/\\\/eldigitaldeasturias.com\\\/magazine365\\\/#organization\"}}]}\n\t\t<\/script>\n\t\t<!-- All in One SEO Pro -->\r\n\t\t<title>El tren tur\u00edstico de lujo \u2018Al Andalus\u2019 inicia este lunes su viaje a Galicia y recorrer\u00e1 parte del Camino de Santiago | El Digital de Asturias<\/title>\n\n","aioseo_head_json":{"title":"El tren tur\u00edstico de lujo \u2018Al Andalus\u2019 inicia este lunes su viaje a Galicia y recorrer\u00e1 parte del Camino de Santiago | El Digital de Asturias","description":"Por tercer a\u00f1o consecutivo, el tren tur\u00edstico de lujo 'Al Andalus' inicia este lunes su viaje desde Le\u00f3n hasta A Coru\u00f1a, recorriendo parte del Camino de Santiago y finalizando su trayectoria el pr\u00f3ximo 17 de julio. Cuatro etapas tur\u00edsticas ser\u00e1n las que recorrer\u00e1n los viajeros de 'Al Andalus': en la primera de ellas viajar\u00e1n hasta","canonical_url":"https:\/\/eldigitaldeasturias.com\/magazine365\/el-tren-turistico-de-lujo-al-andalus-inicia-este-lunes-su-viaje-a-galicia-y-recorrera-parte-del-camino-de-santiago\/","robots":"max-image-preview:large","keywords":"actualidad turismo","webmasterTools":{"google-site-verification":"UA-38556648-1","miscellaneous":""},"schema":{"@context":"https:\/\/schema.org","@graph":[{"@type":"Article","@id":"https:\/\/eldigitaldeasturias.com\/magazine365\/el-tren-turistico-de-lujo-al-andalus-inicia-este-lunes-su-viaje-a-galicia-y-recorrera-parte-del-camino-de-santiago\/#article","name":"El tren tur\u00edstico de lujo \u2018Al Andalus\u2019 inicia este lunes su viaje a Galicia y recorrer\u00e1 parte del Camino de Santiago | El Digital de Asturias","headline":"El tren tur\u00edstico de lujo &#8216;Al Andalus&#8217; inicia este lunes su viaje a Galicia y recorrer\u00e1 parte del Camino de Santiago","author":{"@id":"https:\/\/eldigitaldeasturias.com\/magazine365\/author\/admin\/#author"},"publisher":{"@id":"https:\/\/eldigitaldeasturias.com\/magazine365\/#organization"},"image":{"@type":"ImageObject","url":"https:\/\/eldigitaldeasturias.com\/magazine365\/wp-content\/uploads\/2015\/07\/fotonoticia_20150713085235_800.jpg","width":800,"height":533},"datePublished":"2015-07-13T14:02:47+02:00","dateModified":"2015-07-13T14:02:47+02:00","inLanguage":"es-ES","mainEntityOfPage":{"@id":"https:\/\/eldigitaldeasturias.com\/magazine365\/el-tren-turistico-de-lujo-al-andalus-inicia-este-lunes-su-viaje-a-galicia-y-recorrera-parte-del-camino-de-santiago\/#webpage"},"isPartOf":{"@id":"https:\/\/eldigitaldeasturias.com\/magazine365\/el-tren-turistico-de-lujo-al-andalus-inicia-este-lunes-su-viaje-a-galicia-y-recorrera-parte-del-camino-de-santiago\/#webpage"},"articleSection":"Actualidad Turismo"},{"@type":"BreadcrumbList","@id":"https:\/\/eldigitaldeasturias.com\/magazine365\/el-tren-turistico-de-lujo-al-andalus-inicia-este-lunes-su-viaje-a-galicia-y-recorrera-parte-del-camino-de-santiago\/#breadcrumblist","itemListElement":[{"@type":"ListItem","@id":"https:\/\/eldigitaldeasturias.com\/magazine365#listItem","position":1,"name":"Home","item":"https:\/\/eldigitaldeasturias.com\/magazine365","nextItem":{"@type":"ListItem","@id":"https:\/\/eldigitaldeasturias.com\/magazine365\/category\/actualidad-turismo\/#listItem","name":"Actualidad Turismo"}},{"@type":"ListItem","@id":"https:\/\/eldigitaldeasturias.com\/magazine365\/category\/actualidad-turismo\/#listItem","position":2,"name":"Actualidad Turismo","item":"https:\/\/eldigitaldeasturias.com\/magazine365\/category\/actualidad-turismo\/","nextItem":{"@type":"ListItem","@id":"https:\/\/eldigitaldeasturias.com\/magazine365\/el-tren-turistico-de-lujo-al-andalus-inicia-este-lunes-su-viaje-a-galicia-y-recorrera-parte-del-camino-de-santiago\/#listItem","name":"El tren tur\u00edstico de lujo &#8216;Al Andalus&#8217; inicia este lunes su viaje a Galicia y recorrer\u00e1 parte del Camino de Santiago"},"previousItem":{"@type":"ListItem","@id":"https:\/\/eldigitaldeasturias.com\/magazine365#listItem","name":"Home"}},{"@type":"ListItem","@id":"https:\/\/eldigitaldeasturias.com\/magazine365\/el-tren-turistico-de-lujo-al-andalus-inicia-este-lunes-su-viaje-a-galicia-y-recorrera-parte-del-camino-de-santiago\/#listItem","position":3,"name":"El tren tur\u00edstico de lujo &#8216;Al Andalus&#8217; inicia este lunes su viaje a Galicia y recorrer\u00e1 parte del Camino de Santiago","previousItem":{"@type":"ListItem","@id":"https:\/\/eldigitaldeasturias.com\/magazine365\/category\/actualidad-turismo\/#listItem","name":"Actualidad Turismo"}}]},{"@type":"Organization","@id":"https:\/\/eldigitaldeasturias.com\/magazine365\/#organization","name":"El digital de Asturias","description":"Revista de ocio, turismo y estilo de vida","url":"https:\/\/eldigitaldeasturias.com\/magazine365\/","logo":{"@type":"ImageObject","url":"https:\/\/www.eldigitaldeasturias.com\/noticias\/wp-content\/uploads\/2020\/12\/EDA.jpg","@id":"https:\/\/eldigitaldeasturias.com\/magazine365\/el-tren-turistico-de-lujo-al-andalus-inicia-este-lunes-su-viaje-a-galicia-y-recorrera-parte-del-camino-de-santiago\/#organizationLogo"},"image":{"@id":"https:\/\/eldigitaldeasturias.com\/magazine365\/el-tren-turistico-de-lujo-al-andalus-inicia-este-lunes-su-viaje-a-galicia-y-recorrera-parte-del-camino-de-santiago\/#organizationLogo"}},{"@type":"Person","@id":"https:\/\/eldigitaldeasturias.com\/magazine365\/author\/admin\/#author","url":"https:\/\/eldigitaldeasturias.com\/magazine365\/author\/admin\/","name":"admin","image":{"@type":"ImageObject","@id":"https:\/\/eldigitaldeasturias.com\/magazine365\/el-tren-turistico-de-lujo-al-andalus-inicia-este-lunes-su-viaje-a-galicia-y-recorrera-parte-del-camino-de-santiago\/#authorImage","url":"https:\/\/eldigitaldeasturias.com\/magazine365\/wp-content\/litespeed\/avatar\/e571bcf59a0edd6fa6838245a470f2fe.jpg?ver=1777574230","width":96,"height":96,"caption":"admin"}},{"@type":"WebPage","@id":"https:\/\/eldigitaldeasturias.com\/magazine365\/el-tren-turistico-de-lujo-al-andalus-inicia-este-lunes-su-viaje-a-galicia-y-recorrera-parte-del-camino-de-santiago\/#webpage","url":"https:\/\/eldigitaldeasturias.com\/magazine365\/el-tren-turistico-de-lujo-al-andalus-inicia-este-lunes-su-viaje-a-galicia-y-recorrera-parte-del-camino-de-santiago\/","name":"El tren tur\u00edstico de lujo \u2018Al Andalus\u2019 inicia este lunes su viaje a Galicia y recorrer\u00e1 parte del Camino de Santiago | El Digital de Asturias","description":"Por tercer a\u00f1o consecutivo, el tren tur\u00edstico de lujo 'Al Andalus' inicia este lunes su viaje desde Le\u00f3n hasta A Coru\u00f1a, recorriendo parte del Camino de Santiago y finalizando su trayectoria el pr\u00f3ximo 17 de julio. Cuatro etapas tur\u00edsticas ser\u00e1n las que recorrer\u00e1n los viajeros de 'Al Andalus': en la primera de ellas viajar\u00e1n hasta","inLanguage":"es-ES","isPartOf":{"@id":"https:\/\/eldigitaldeasturias.com\/magazine365\/#website"},"breadcrumb":{"@id":"https:\/\/eldigitaldeasturias.com\/magazine365\/el-tren-turistico-de-lujo-al-andalus-inicia-este-lunes-su-viaje-a-galicia-y-recorrera-parte-del-camino-de-santiago\/#breadcrumblist"},"author":{"@id":"https:\/\/eldigitaldeasturias.com\/magazine365\/author\/admin\/#author"},"creator":{"@id":"https:\/\/eldigitaldeasturias.com\/magazine365\/author\/admin\/#author"},"image":{"@type":"ImageObject","url":"https:\/\/eldigitaldeasturias.com\/magazine365\/wp-content\/uploads\/2015\/07\/fotonoticia_20150713085235_800.jpg","@id":"https:\/\/eldigitaldeasturias.com\/magazine365\/el-tren-turistico-de-lujo-al-andalus-inicia-este-lunes-su-viaje-a-galicia-y-recorrera-parte-del-camino-de-santiago\/#mainImage","width":800,"height":533},"primaryImageOfPage":{"@id":"https:\/\/eldigitaldeasturias.com\/magazine365\/el-tren-turistico-de-lujo-al-andalus-inicia-este-lunes-su-viaje-a-galicia-y-recorrera-parte-del-camino-de-santiago\/#mainImage"},"datePublished":"2015-07-13T14:02:47+02:00","dateModified":"2015-07-13T14:02:47+02:00"},{"@type":"WebSite","@id":"https:\/\/eldigitaldeasturias.com\/magazine365\/#website","url":"https:\/\/eldigitaldeasturias.com\/magazine365\/","name":"El Digital de Asturias","description":"Revista de ocio, turismo y estilo de vida","inLanguage":"es-ES","publisher":{"@id":"https:\/\/eldigitaldeasturias.com\/magazine365\/#organization"}}]},"og:locale":"es_ES","og:site_name":"El Digital de Asturias \u2013 Revista de ocio, turismo y estilo de vida","og:type":"article","og:title":"El tren tur\u00edstico de lujo \u2018Al Andalus\u2019 inicia este lunes su viaje a Galicia y recorrer\u00e1 parte del Camino de Santiago | El Digital de Asturias","og:description":"Por tercer a\u00f1o consecutivo, el tren tur\u00edstico de lujo 'Al Andalus' inicia este lunes su viaje desde Le\u00f3n hasta A Coru\u00f1a, recorriendo parte del Camino de Santiago y finalizando su trayectoria el pr\u00f3ximo 17 de julio. Cuatro etapas tur\u00edsticas ser\u00e1n las que recorrer\u00e1n los viajeros de 'Al Andalus': en la primera de ellas viajar\u00e1n hasta","og:url":"https:\/\/eldigitaldeasturias.com\/magazine365\/el-tren-turistico-de-lujo-al-andalus-inicia-este-lunes-su-viaje-a-galicia-y-recorrera-parte-del-camino-de-santiago\/","og:image":"https:\/\/eldigitaldeasturias.com\/magazine365\/wp-content\/uploads\/2015\/07\/fotonoticia_20150713085235_800.jpg","og:image:secure_url":"https:\/\/eldigitaldeasturias.com\/magazine365\/wp-content\/uploads\/2015\/07\/fotonoticia_20150713085235_800.jpg","og:image:width":800,"og:image:height":533,"article:published_time":"2015-07-13T12:02:47+00:00","article:modified_time":"2015-07-13T12:02:47+00:00","twitter:card":"summary_large_image","twitter:title":"El tren tur\u00edstico de lujo \u2018Al Andalus\u2019 inicia este lunes su viaje a Galicia y recorrer\u00e1 parte del Camino de Santiago | El Digital de Asturias","twitter:description":"Por tercer a\u00f1o consecutivo, el tren tur\u00edstico de lujo 'Al Andalus' inicia este lunes su viaje desde Le\u00f3n hasta A Coru\u00f1a, recorriendo parte del Camino de Santiago y finalizando su trayectoria el pr\u00f3ximo 17 de julio. Cuatro etapas tur\u00edsticas ser\u00e1n las que recorrer\u00e1n los viajeros de 'Al Andalus': en la primera de ellas viajar\u00e1n hasta","twitter:image":"https:\/\/eldigitaldeasturias.com\/magazine365\/wp-content\/uploads\/2015\/07\/fotonoticia_20150713085235_800.jpg"},"aioseo_meta_data":{"post_id":"42448","title":null,"description":null,"keywords":null,"keyphrases":null,"primary_term":null,"canonical_url":null,"og_title":null,"og_description":null,"og_object_type":"default","og_image_type":"default","og_image_url":null,"og_image_width":null,"og_image_height":null,"og_image_custom_url":null,"og_image_custom_fields":null,"og_video":null,"og_custom_url":null,"og_article_section":null,"og_article_tags":null,"twitter_use_og":false,"twitter_card":"default","twitter_image_type":"default","twitter_image_url":null,"twitter_image_custom_url":null,"twitter_image_custom_fields":null,"twitter_title":null,"twitter_description":null,"schema":{"blockGraphs":[],"customGraphs":[],"default":{"data":{"Article":[],"Course":[],"Dataset":[],"FAQPage":[],"Movie":[],"Person":[],"Product":[],"ProductReview":[],"Car":[],"Recipe":[],"Service":[],"SoftwareApplication":[],"WebPage":[]},"graphName":"","isEnabled":true},"graphs":[],"defaultGraph":"","defaultPostTypeGraph":""},"schema_type":null,"schema_type_options":null,"pillar_content":false,"robots_default":true,"robots_noindex":false,"robots_noarchive":false,"robots_nosnippet":false,"robots_nofollow":false,"robots_noimageindex":false,"robots_noodp":false,"robots_notranslate":false,"robots_max_snippet":null,"robots_max_videopreview":null,"robots_max_imagepreview":"large","priority":null,"frequency":null,"location":null,"local_seo":null,"seo_analyzer_scan_date":"2025-09-19 17:46:12","breadcrumb_settings":null,"limit_modified_date":false,"open_ai":null,"ai":null,"created":"2021-03-09 02:01:52","updated":"2025-09-19 17:46:12"},"aioseo_breadcrumb":"<div class=\"aioseo-breadcrumbs\"><span class=\"aioseo-breadcrumb\">\n\t<a href=\"https:\/\/eldigitaldeasturias.com\/magazine365\" title=\"Home\">Home<\/a>\n<\/span><span class=\"aioseo-breadcrumb-separator\">\u2013<\/span><span class=\"aioseo-breadcrumb\">\n\t<a href=\"https:\/\/eldigitaldeasturias.com\/magazine365\/category\/actualidad-turismo\/\" title=\"Actualidad Turismo\">Actualidad Turismo<\/a>\n<\/span><span class=\"aioseo-breadcrumb-separator\">\u2013<\/span><span class=\"aioseo-breadcrumb\">\n\t<a href=\"https:\/\/eldigitaldeasturias.com\/magazine365\/el-tren-turistico-de-lujo-al-andalus-inicia-este-lunes-su-viaje-a-galicia-y-recorrera-parte-del-camino-de-santiago\/\" title=\"El tren tur\u00edstico de lujo \u2018Al Andalus\u2019 inicia este lunes su viaje a Galicia y recorrer\u00e1 parte del Camino de Santiago\">El tren tur\u00edstico de lujo \u2018Al Andalus\u2019 inicia este lunes su viaje a Galicia y recorrer\u00e1 parte del Camino de Santiago<\/a>\n<\/span><\/div>","aioseo_breadcrumb_json":[{"label":"Home","link":"https:\/\/eldigitaldeasturias.com\/magazine365"},{"label":"Actualidad Turismo","link":"https:\/\/eldigitaldeasturias.com\/magazine365\/category\/actualidad-turismo\/"},{"label":"El tren tur\u00edstico de lujo &#8216;Al Andalus&#8217; inicia este lunes su viaje a Galicia y recorrer\u00e1 parte del Camino de Santiago","link":"https:\/\/eldigitaldeasturias.com\/magazine365\/el-tren-turistico-de-lujo-al-andalus-inicia-este-lunes-su-viaje-a-galicia-y-recorrera-parte-del-camino-de-santiago\/"}],"_links":{"self":[{"href":"https:\/\/eldigitaldeasturias.com\/magazine365\/wp-json\/wp\/v2\/posts\/42448","targetHints":{"allow":["GET"]}}],"collection":[{"href":"https:\/\/eldigitaldeasturias.com\/magazine365\/wp-json\/wp\/v2\/posts"}],"about":[{"href":"https:\/\/eldigitaldeasturias.com\/magazine365\/wp-json\/wp\/v2\/types\/post"}],"author":[{"embeddable":true,"href":"https:\/\/eldigitaldeasturias.com\/magazine365\/wp-json\/wp\/v2\/users\/1"}],"replies":[{"embeddable":true,"href":"https:\/\/eldigitaldeasturias.com\/magazine365\/wp-json\/wp\/v2\/comments?post=42448"}],"version-history":[{"count":0,"href":"https:\/\/eldigitaldeasturias.com\/magazine365\/wp-json\/wp\/v2\/posts\/42448\/revisions"}],"wp:featuredmedia":[{"embeddable":true,"href":"https:\/\/eldigitaldeasturias.com\/magazine365\/wp-json\/wp\/v2\/media\/42449"}],"wp:attachment":[{"href":"https:\/\/eldigitaldeasturias.com\/magazine365\/wp-json\/wp\/v2\/media?parent=42448"}],"wp:term":[{"taxonomy":"category","embeddable":true,"href":"https:\/\/eldigitaldeasturias.com\/magazine365\/wp-json\/wp\/v2\/categories?post=42448"},{"taxonomy":"post_tag","embeddable":true,"href":"https:\/\/eldigitaldeasturias.com\/magazine365\/wp-json\/wp\/v2\/tags?post=42448"}],"curies":[{"name":"wp","href":"https:\/\/api.w.org\/{rel}","templated":true}]}}