{"id":42443,"date":"2015-07-11T14:47:22","date_gmt":"2015-07-11T12:47:22","guid":{"rendered":"http:\/\/eldigitaldeasturias.com\/magazine365\/?p=42443"},"modified":"2015-07-11T14:47:22","modified_gmt":"2015-07-11T12:47:22","slug":"los-controladores-cifran-en-unos-100-vuelos-afectados-por-la-huelga-este-sabado","status":"publish","type":"post","link":"https:\/\/eldigitaldeasturias.com\/magazine365\/los-controladores-cifran-en-unos-100-vuelos-afectados-por-la-huelga-este-sabado\/","title":{"rendered":"Los controladores cifran en unos 100 vuelos afectados por la huelga este s\u00e1bado"},"content":{"rendered":"<p><img fetchpriority=\"high\" decoding=\"async\" class=\"alignleft size-medium wp-image-42436\" src=\"https:\/\/eldigitaldeasturias.com\/magazine365\/wp-content\/uploads\/2015\/07\/fotonoticia_20150711113914_800-360x240.jpg\" alt=\"fotonoticia_20150711113914_800\" width=\"360\" height=\"240\" srcset=\"https:\/\/eldigitaldeasturias.com\/magazine365\/wp-content\/uploads\/2015\/07\/fotonoticia_20150711113914_800-360x240.jpg 360w, https:\/\/eldigitaldeasturias.com\/magazine365\/wp-content\/uploads\/2015\/07\/fotonoticia_20150711113914_800-650x433.jpg 650w, https:\/\/eldigitaldeasturias.com\/magazine365\/wp-content\/uploads\/2015\/07\/fotonoticia_20150711113914_800-768x512.jpg 768w, https:\/\/eldigitaldeasturias.com\/magazine365\/wp-content\/uploads\/2015\/07\/fotonoticia_20150711113914_800-150x100.jpg 150w, https:\/\/eldigitaldeasturias.com\/magazine365\/wp-content\/uploads\/2015\/07\/fotonoticia_20150711113914_800-450x300.jpg 450w, https:\/\/eldigitaldeasturias.com\/magazine365\/wp-content\/uploads\/2015\/07\/fotonoticia_20150711113914_800-696x464.jpg 696w, https:\/\/eldigitaldeasturias.com\/magazine365\/wp-content\/uploads\/2015\/07\/fotonoticia_20150711113914_800-630x420.jpg 630w, https:\/\/eldigitaldeasturias.com\/magazine365\/wp-content\/uploads\/2015\/07\/fotonoticia_20150711113914_800-84x55.jpg 84w, https:\/\/eldigitaldeasturias.com\/magazine365\/wp-content\/uploads\/2015\/07\/fotonoticia_20150711113914_800.jpg 800w\" sizes=\"(max-width: 360px) 100vw, 360px\" \/>Los controladores a\u00e9reos han se\u00f1alado que el impacto operativo de los paros de este s\u00e1bado, realizados entre las 10.00 y las 13.00 horas, ha sido \u00abbajo\u00bb, ya que solamente han afectado a unos 100 vuelos y la demora media ha sido de unos 20 minutos.<\/p>\n<p>Seg\u00fan han indicado fuentes de la Uni\u00f3n Sindical de Controladores A\u00e9reos (USCA) a Europa Press, los servicios m\u00ednimos, fijados en el 80% de los trabajadores por el Ministerio de Fomento, no han estado \u00abrepartidos\u00bb y han sido m\u00e1s altos entre los controladores que est\u00e1n en contacto con los aviones que en aquellos que est\u00e1n de guardia.<\/p>\n<p>En opini\u00f3n del sindicato, esta situaci\u00f3n \u00abno es muy justa\u00bb, sino que se trata de \u00abartima\u00f1as que Enaire ha aplicado para que no haya impacto\u00bb. \u00abQue hablen de normalidad en una jornada de huelga es una contradicci\u00f3n\u00bb, han a\u00f1adido fuentes de USCA.<\/p>\n","protected":false},"excerpt":{"rendered":"<p>Los controladores a\u00e9reos han se\u00f1alado que el impacto operativo de los paros de este s\u00e1bado, realizados entre las 10.00 y las 13.00 horas, ha sido \u00abbajo\u00bb, ya que solamente han afectado a unos 100 vuelos y la demora media ha sido de unos 20 minutos. Seg\u00fan han indicado fuentes de la Uni\u00f3n Sindical de Controladores<\/p>\n","protected":false},"author":1,"featured_media":42436,"comment_status":"open","ping_status":"closed","sticky":false,"template":"","format":"standard","meta":{"footnotes":""},"categories":[222],"tags":[],"class_list":{"0":"post-42443","1":"post","2":"type-post","3":"status-publish","4":"format-standard","5":"has-post-thumbnail","7":"category-actualidad-turismo"},"aioseo_notices":[],"aioseo_head":"\n\t\t<!-- All in One SEO Pro 4.9.6.1 - aioseo.com -->\n\t<meta name=\"description\" content=\"Los controladores a\u00e9reos han se\u00f1alado que el impacto operativo de los paros de este s\u00e1bado, realizados entre las 10.00 y las 13.00 horas, ha sido &quot;bajo&quot;, ya que solamente han afectado a unos 100 vuelos y la demora media ha sido de unos 20 minutos. Seg\u00fan han indicado fuentes de la Uni\u00f3n Sindical de Controladores\" \/>\n\t<meta name=\"robots\" content=\"max-image-preview:large\" \/>\n\t<meta name=\"author\" content=\"admin\"\/>\n\t<meta name=\"google-site-verification\" content=\"UA-38556648-1\" \/>\n\t<meta name=\"keywords\" content=\"actualidad turismo\" \/>\n\t<link rel=\"canonical\" href=\"https:\/\/eldigitaldeasturias.com\/magazine365\/los-controladores-cifran-en-unos-100-vuelos-afectados-por-la-huelga-este-sabado\/\" \/>\n\t<meta name=\"generator\" content=\"All in One SEO Pro (AIOSEO) 4.9.6.1\" \/>\n\t\t<meta property=\"og:locale\" content=\"es_ES\" \/>\n\t\t<meta property=\"og:site_name\" content=\"El Digital de Asturias \u2013 Revista de ocio, turismo y estilo de vida\" \/>\n\t\t<meta property=\"og:type\" content=\"article\" \/>\n\t\t<meta property=\"og:title\" content=\"Los controladores cifran en unos 100 vuelos afectados por la huelga este s\u00e1bado | El Digital de Asturias\" \/>\n\t\t<meta property=\"og:description\" content=\"Los controladores a\u00e9reos han se\u00f1alado que el impacto operativo de los paros de este s\u00e1bado, realizados entre las 10.00 y las 13.00 horas, ha sido &quot;bajo&quot;, ya que solamente han afectado a unos 100 vuelos y la demora media ha sido de unos 20 minutos. Seg\u00fan han indicado fuentes de la Uni\u00f3n Sindical de Controladores\" \/>\n\t\t<meta property=\"og:url\" content=\"https:\/\/eldigitaldeasturias.com\/magazine365\/los-controladores-cifran-en-unos-100-vuelos-afectados-por-la-huelga-este-sabado\/\" \/>\n\t\t<meta property=\"og:image\" content=\"https:\/\/eldigitaldeasturias.com\/magazine365\/wp-content\/uploads\/2015\/07\/fotonoticia_20150711113914_800.jpg\" \/>\n\t\t<meta property=\"og:image:secure_url\" content=\"https:\/\/eldigitaldeasturias.com\/magazine365\/wp-content\/uploads\/2015\/07\/fotonoticia_20150711113914_800.jpg\" \/>\n\t\t<meta property=\"og:image:width\" content=\"800\" \/>\n\t\t<meta property=\"og:image:height\" content=\"533\" \/>\n\t\t<meta property=\"article:published_time\" content=\"2015-07-11T12:47:22+00:00\" \/>\n\t\t<meta property=\"article:modified_time\" content=\"2015-07-11T12:47:22+00:00\" \/>\n\t\t<meta name=\"twitter:card\" content=\"summary_large_image\" \/>\n\t\t<meta name=\"twitter:title\" content=\"Los controladores cifran en unos 100 vuelos afectados por la huelga este s\u00e1bado | El Digital de Asturias\" \/>\n\t\t<meta name=\"twitter:description\" content=\"Los controladores a\u00e9reos han se\u00f1alado que el impacto operativo de los paros de este s\u00e1bado, realizados entre las 10.00 y las 13.00 horas, ha sido &quot;bajo&quot;, ya que solamente han afectado a unos 100 vuelos y la demora media ha sido de unos 20 minutos. Seg\u00fan han indicado fuentes de la Uni\u00f3n Sindical de Controladores\" \/>\n\t\t<meta name=\"twitter:image\" content=\"https:\/\/eldigitaldeasturias.com\/magazine365\/wp-content\/uploads\/2015\/07\/fotonoticia_20150711113914_800.jpg\" \/>\n\t\t<script type=\"application\/ld+json\" class=\"aioseo-schema\">\n\t\t\t{\"@context\":\"https:\\\/\\\/schema.org\",\"@graph\":[{\"@type\":\"Article\",\"@id\":\"https:\\\/\\\/eldigitaldeasturias.com\\\/magazine365\\\/los-controladores-cifran-en-unos-100-vuelos-afectados-por-la-huelga-este-sabado\\\/#article\",\"name\":\"Los controladores cifran en unos 100 vuelos afectados por la huelga este s\\u00e1bado | El Digital de Asturias\",\"headline\":\"Los controladores cifran en unos 100 vuelos afectados por la huelga este s\\u00e1bado\",\"author\":{\"@id\":\"https:\\\/\\\/eldigitaldeasturias.com\\\/magazine365\\\/author\\\/admin\\\/#author\"},\"publisher\":{\"@id\":\"https:\\\/\\\/eldigitaldeasturias.com\\\/magazine365\\\/#organization\"},\"image\":{\"@type\":\"ImageObject\",\"url\":\"https:\\\/\\\/eldigitaldeasturias.com\\\/magazine365\\\/wp-content\\\/uploads\\\/2015\\\/07\\\/fotonoticia_20150711113914_800.jpg\",\"width\":800,\"height\":533},\"datePublished\":\"2015-07-11T14:47:22+02:00\",\"dateModified\":\"2015-07-11T14:47:22+02:00\",\"inLanguage\":\"es-ES\",\"mainEntityOfPage\":{\"@id\":\"https:\\\/\\\/eldigitaldeasturias.com\\\/magazine365\\\/los-controladores-cifran-en-unos-100-vuelos-afectados-por-la-huelga-este-sabado\\\/#webpage\"},\"isPartOf\":{\"@id\":\"https:\\\/\\\/eldigitaldeasturias.com\\\/magazine365\\\/los-controladores-cifran-en-unos-100-vuelos-afectados-por-la-huelga-este-sabado\\\/#webpage\"},\"articleSection\":\"Actualidad Turismo\"},{\"@type\":\"BreadcrumbList\",\"@id\":\"https:\\\/\\\/eldigitaldeasturias.com\\\/magazine365\\\/los-controladores-cifran-en-unos-100-vuelos-afectados-por-la-huelga-este-sabado\\\/#breadcrumblist\",\"itemListElement\":[{\"@type\":\"ListItem\",\"@id\":\"https:\\\/\\\/eldigitaldeasturias.com\\\/magazine365#listItem\",\"position\":1,\"name\":\"Home\",\"item\":\"https:\\\/\\\/eldigitaldeasturias.com\\\/magazine365\",\"nextItem\":{\"@type\":\"ListItem\",\"@id\":\"https:\\\/\\\/eldigitaldeasturias.com\\\/magazine365\\\/category\\\/actualidad-turismo\\\/#listItem\",\"name\":\"Actualidad Turismo\"}},{\"@type\":\"ListItem\",\"@id\":\"https:\\\/\\\/eldigitaldeasturias.com\\\/magazine365\\\/category\\\/actualidad-turismo\\\/#listItem\",\"position\":2,\"name\":\"Actualidad Turismo\",\"item\":\"https:\\\/\\\/eldigitaldeasturias.com\\\/magazine365\\\/category\\\/actualidad-turismo\\\/\",\"nextItem\":{\"@type\":\"ListItem\",\"@id\":\"https:\\\/\\\/eldigitaldeasturias.com\\\/magazine365\\\/los-controladores-cifran-en-unos-100-vuelos-afectados-por-la-huelga-este-sabado\\\/#listItem\",\"name\":\"Los controladores cifran en unos 100 vuelos afectados por la huelga este s\\u00e1bado\"},\"previousItem\":{\"@type\":\"ListItem\",\"@id\":\"https:\\\/\\\/eldigitaldeasturias.com\\\/magazine365#listItem\",\"name\":\"Home\"}},{\"@type\":\"ListItem\",\"@id\":\"https:\\\/\\\/eldigitaldeasturias.com\\\/magazine365\\\/los-controladores-cifran-en-unos-100-vuelos-afectados-por-la-huelga-este-sabado\\\/#listItem\",\"position\":3,\"name\":\"Los controladores cifran en unos 100 vuelos afectados por la huelga este s\\u00e1bado\",\"previousItem\":{\"@type\":\"ListItem\",\"@id\":\"https:\\\/\\\/eldigitaldeasturias.com\\\/magazine365\\\/category\\\/actualidad-turismo\\\/#listItem\",\"name\":\"Actualidad Turismo\"}}]},{\"@type\":\"Organization\",\"@id\":\"https:\\\/\\\/eldigitaldeasturias.com\\\/magazine365\\\/#organization\",\"name\":\"El digital de Asturias\",\"description\":\"Revista de ocio, turismo y estilo de vida\",\"url\":\"https:\\\/\\\/eldigitaldeasturias.com\\\/magazine365\\\/\",\"logo\":{\"@type\":\"ImageObject\",\"url\":\"https:\\\/\\\/www.eldigitaldeasturias.com\\\/noticias\\\/wp-content\\\/uploads\\\/2020\\\/12\\\/EDA.jpg\",\"@id\":\"https:\\\/\\\/eldigitaldeasturias.com\\\/magazine365\\\/los-controladores-cifran-en-unos-100-vuelos-afectados-por-la-huelga-este-sabado\\\/#organizationLogo\"},\"image\":{\"@id\":\"https:\\\/\\\/eldigitaldeasturias.com\\\/magazine365\\\/los-controladores-cifran-en-unos-100-vuelos-afectados-por-la-huelga-este-sabado\\\/#organizationLogo\"}},{\"@type\":\"Person\",\"@id\":\"https:\\\/\\\/eldigitaldeasturias.com\\\/magazine365\\\/author\\\/admin\\\/#author\",\"url\":\"https:\\\/\\\/eldigitaldeasturias.com\\\/magazine365\\\/author\\\/admin\\\/\",\"name\":\"admin\",\"image\":{\"@type\":\"ImageObject\",\"@id\":\"https:\\\/\\\/eldigitaldeasturias.com\\\/magazine365\\\/los-controladores-cifran-en-unos-100-vuelos-afectados-por-la-huelga-este-sabado\\\/#authorImage\",\"url\":\"https:\\\/\\\/eldigitaldeasturias.com\\\/magazine365\\\/wp-content\\\/litespeed\\\/avatar\\\/e571bcf59a0edd6fa6838245a470f2fe.jpg?ver=1777574230\",\"width\":96,\"height\":96,\"caption\":\"admin\"}},{\"@type\":\"WebPage\",\"@id\":\"https:\\\/\\\/eldigitaldeasturias.com\\\/magazine365\\\/los-controladores-cifran-en-unos-100-vuelos-afectados-por-la-huelga-este-sabado\\\/#webpage\",\"url\":\"https:\\\/\\\/eldigitaldeasturias.com\\\/magazine365\\\/los-controladores-cifran-en-unos-100-vuelos-afectados-por-la-huelga-este-sabado\\\/\",\"name\":\"Los controladores cifran en unos 100 vuelos afectados por la huelga este s\\u00e1bado | El Digital de Asturias\",\"description\":\"Los controladores a\\u00e9reos han se\\u00f1alado que el impacto operativo de los paros de este s\\u00e1bado, realizados entre las 10.00 y las 13.00 horas, ha sido \\\"bajo\\\", ya que solamente han afectado a unos 100 vuelos y la demora media ha sido de unos 20 minutos. Seg\\u00fan han indicado fuentes de la Uni\\u00f3n Sindical de Controladores\",\"inLanguage\":\"es-ES\",\"isPartOf\":{\"@id\":\"https:\\\/\\\/eldigitaldeasturias.com\\\/magazine365\\\/#website\"},\"breadcrumb\":{\"@id\":\"https:\\\/\\\/eldigitaldeasturias.com\\\/magazine365\\\/los-controladores-cifran-en-unos-100-vuelos-afectados-por-la-huelga-este-sabado\\\/#breadcrumblist\"},\"author\":{\"@id\":\"https:\\\/\\\/eldigitaldeasturias.com\\\/magazine365\\\/author\\\/admin\\\/#author\"},\"creator\":{\"@id\":\"https:\\\/\\\/eldigitaldeasturias.com\\\/magazine365\\\/author\\\/admin\\\/#author\"},\"image\":{\"@type\":\"ImageObject\",\"url\":\"https:\\\/\\\/eldigitaldeasturias.com\\\/magazine365\\\/wp-content\\\/uploads\\\/2015\\\/07\\\/fotonoticia_20150711113914_800.jpg\",\"@id\":\"https:\\\/\\\/eldigitaldeasturias.com\\\/magazine365\\\/los-controladores-cifran-en-unos-100-vuelos-afectados-por-la-huelga-este-sabado\\\/#mainImage\",\"width\":800,\"height\":533},\"primaryImageOfPage\":{\"@id\":\"https:\\\/\\\/eldigitaldeasturias.com\\\/magazine365\\\/los-controladores-cifran-en-unos-100-vuelos-afectados-por-la-huelga-este-sabado\\\/#mainImage\"},\"datePublished\":\"2015-07-11T14:47:22+02:00\",\"dateModified\":\"2015-07-11T14:47:22+02:00\"},{\"@type\":\"WebSite\",\"@id\":\"https:\\\/\\\/eldigitaldeasturias.com\\\/magazine365\\\/#website\",\"url\":\"https:\\\/\\\/eldigitaldeasturias.com\\\/magazine365\\\/\",\"name\":\"El Digital de Asturias\",\"description\":\"Revista de ocio, turismo y estilo de vida\",\"inLanguage\":\"es-ES\",\"publisher\":{\"@id\":\"https:\\\/\\\/eldigitaldeasturias.com\\\/magazine365\\\/#organization\"}}]}\n\t\t<\/script>\n\t\t<!-- All in One SEO Pro -->\r\n\t\t<title>Los controladores cifran en unos 100 vuelos afectados por la huelga este s\u00e1bado | El Digital de Asturias<\/title>\n\n","aioseo_head_json":{"title":"Los controladores cifran en unos 100 vuelos afectados por la huelga este s\u00e1bado | El Digital de Asturias","description":"Los controladores a\u00e9reos han se\u00f1alado que el impacto operativo de los paros de este s\u00e1bado, realizados entre las 10.00 y las 13.00 horas, ha sido \"bajo\", ya que solamente han afectado a unos 100 vuelos y la demora media ha sido de unos 20 minutos. Seg\u00fan han indicado fuentes de la Uni\u00f3n Sindical de Controladores","canonical_url":"https:\/\/eldigitaldeasturias.com\/magazine365\/los-controladores-cifran-en-unos-100-vuelos-afectados-por-la-huelga-este-sabado\/","robots":"max-image-preview:large","keywords":"actualidad turismo","webmasterTools":{"google-site-verification":"UA-38556648-1","miscellaneous":""},"schema":{"@context":"https:\/\/schema.org","@graph":[{"@type":"Article","@id":"https:\/\/eldigitaldeasturias.com\/magazine365\/los-controladores-cifran-en-unos-100-vuelos-afectados-por-la-huelga-este-sabado\/#article","name":"Los controladores cifran en unos 100 vuelos afectados por la huelga este s\u00e1bado | El Digital de Asturias","headline":"Los controladores cifran en unos 100 vuelos afectados por la huelga este s\u00e1bado","author":{"@id":"https:\/\/eldigitaldeasturias.com\/magazine365\/author\/admin\/#author"},"publisher":{"@id":"https:\/\/eldigitaldeasturias.com\/magazine365\/#organization"},"image":{"@type":"ImageObject","url":"https:\/\/eldigitaldeasturias.com\/magazine365\/wp-content\/uploads\/2015\/07\/fotonoticia_20150711113914_800.jpg","width":800,"height":533},"datePublished":"2015-07-11T14:47:22+02:00","dateModified":"2015-07-11T14:47:22+02:00","inLanguage":"es-ES","mainEntityOfPage":{"@id":"https:\/\/eldigitaldeasturias.com\/magazine365\/los-controladores-cifran-en-unos-100-vuelos-afectados-por-la-huelga-este-sabado\/#webpage"},"isPartOf":{"@id":"https:\/\/eldigitaldeasturias.com\/magazine365\/los-controladores-cifran-en-unos-100-vuelos-afectados-por-la-huelga-este-sabado\/#webpage"},"articleSection":"Actualidad Turismo"},{"@type":"BreadcrumbList","@id":"https:\/\/eldigitaldeasturias.com\/magazine365\/los-controladores-cifran-en-unos-100-vuelos-afectados-por-la-huelga-este-sabado\/#breadcrumblist","itemListElement":[{"@type":"ListItem","@id":"https:\/\/eldigitaldeasturias.com\/magazine365#listItem","position":1,"name":"Home","item":"https:\/\/eldigitaldeasturias.com\/magazine365","nextItem":{"@type":"ListItem","@id":"https:\/\/eldigitaldeasturias.com\/magazine365\/category\/actualidad-turismo\/#listItem","name":"Actualidad Turismo"}},{"@type":"ListItem","@id":"https:\/\/eldigitaldeasturias.com\/magazine365\/category\/actualidad-turismo\/#listItem","position":2,"name":"Actualidad Turismo","item":"https:\/\/eldigitaldeasturias.com\/magazine365\/category\/actualidad-turismo\/","nextItem":{"@type":"ListItem","@id":"https:\/\/eldigitaldeasturias.com\/magazine365\/los-controladores-cifran-en-unos-100-vuelos-afectados-por-la-huelga-este-sabado\/#listItem","name":"Los controladores cifran en unos 100 vuelos afectados por la huelga este s\u00e1bado"},"previousItem":{"@type":"ListItem","@id":"https:\/\/eldigitaldeasturias.com\/magazine365#listItem","name":"Home"}},{"@type":"ListItem","@id":"https:\/\/eldigitaldeasturias.com\/magazine365\/los-controladores-cifran-en-unos-100-vuelos-afectados-por-la-huelga-este-sabado\/#listItem","position":3,"name":"Los controladores cifran en unos 100 vuelos afectados por la huelga este s\u00e1bado","previousItem":{"@type":"ListItem","@id":"https:\/\/eldigitaldeasturias.com\/magazine365\/category\/actualidad-turismo\/#listItem","name":"Actualidad Turismo"}}]},{"@type":"Organization","@id":"https:\/\/eldigitaldeasturias.com\/magazine365\/#organization","name":"El digital de Asturias","description":"Revista de ocio, turismo y estilo de vida","url":"https:\/\/eldigitaldeasturias.com\/magazine365\/","logo":{"@type":"ImageObject","url":"https:\/\/www.eldigitaldeasturias.com\/noticias\/wp-content\/uploads\/2020\/12\/EDA.jpg","@id":"https:\/\/eldigitaldeasturias.com\/magazine365\/los-controladores-cifran-en-unos-100-vuelos-afectados-por-la-huelga-este-sabado\/#organizationLogo"},"image":{"@id":"https:\/\/eldigitaldeasturias.com\/magazine365\/los-controladores-cifran-en-unos-100-vuelos-afectados-por-la-huelga-este-sabado\/#organizationLogo"}},{"@type":"Person","@id":"https:\/\/eldigitaldeasturias.com\/magazine365\/author\/admin\/#author","url":"https:\/\/eldigitaldeasturias.com\/magazine365\/author\/admin\/","name":"admin","image":{"@type":"ImageObject","@id":"https:\/\/eldigitaldeasturias.com\/magazine365\/los-controladores-cifran-en-unos-100-vuelos-afectados-por-la-huelga-este-sabado\/#authorImage","url":"https:\/\/eldigitaldeasturias.com\/magazine365\/wp-content\/litespeed\/avatar\/e571bcf59a0edd6fa6838245a470f2fe.jpg?ver=1777574230","width":96,"height":96,"caption":"admin"}},{"@type":"WebPage","@id":"https:\/\/eldigitaldeasturias.com\/magazine365\/los-controladores-cifran-en-unos-100-vuelos-afectados-por-la-huelga-este-sabado\/#webpage","url":"https:\/\/eldigitaldeasturias.com\/magazine365\/los-controladores-cifran-en-unos-100-vuelos-afectados-por-la-huelga-este-sabado\/","name":"Los controladores cifran en unos 100 vuelos afectados por la huelga este s\u00e1bado | El Digital de Asturias","description":"Los controladores a\u00e9reos han se\u00f1alado que el impacto operativo de los paros de este s\u00e1bado, realizados entre las 10.00 y las 13.00 horas, ha sido \"bajo\", ya que solamente han afectado a unos 100 vuelos y la demora media ha sido de unos 20 minutos. Seg\u00fan han indicado fuentes de la Uni\u00f3n Sindical de Controladores","inLanguage":"es-ES","isPartOf":{"@id":"https:\/\/eldigitaldeasturias.com\/magazine365\/#website"},"breadcrumb":{"@id":"https:\/\/eldigitaldeasturias.com\/magazine365\/los-controladores-cifran-en-unos-100-vuelos-afectados-por-la-huelga-este-sabado\/#breadcrumblist"},"author":{"@id":"https:\/\/eldigitaldeasturias.com\/magazine365\/author\/admin\/#author"},"creator":{"@id":"https:\/\/eldigitaldeasturias.com\/magazine365\/author\/admin\/#author"},"image":{"@type":"ImageObject","url":"https:\/\/eldigitaldeasturias.com\/magazine365\/wp-content\/uploads\/2015\/07\/fotonoticia_20150711113914_800.jpg","@id":"https:\/\/eldigitaldeasturias.com\/magazine365\/los-controladores-cifran-en-unos-100-vuelos-afectados-por-la-huelga-este-sabado\/#mainImage","width":800,"height":533},"primaryImageOfPage":{"@id":"https:\/\/eldigitaldeasturias.com\/magazine365\/los-controladores-cifran-en-unos-100-vuelos-afectados-por-la-huelga-este-sabado\/#mainImage"},"datePublished":"2015-07-11T14:47:22+02:00","dateModified":"2015-07-11T14:47:22+02:00"},{"@type":"WebSite","@id":"https:\/\/eldigitaldeasturias.com\/magazine365\/#website","url":"https:\/\/eldigitaldeasturias.com\/magazine365\/","name":"El Digital de Asturias","description":"Revista de ocio, turismo y estilo de vida","inLanguage":"es-ES","publisher":{"@id":"https:\/\/eldigitaldeasturias.com\/magazine365\/#organization"}}]},"og:locale":"es_ES","og:site_name":"El Digital de Asturias \u2013 Revista de ocio, turismo y estilo de vida","og:type":"article","og:title":"Los controladores cifran en unos 100 vuelos afectados por la huelga este s\u00e1bado | El Digital de Asturias","og:description":"Los controladores a\u00e9reos han se\u00f1alado que el impacto operativo de los paros de este s\u00e1bado, realizados entre las 10.00 y las 13.00 horas, ha sido &quot;bajo&quot;, ya que solamente han afectado a unos 100 vuelos y la demora media ha sido de unos 20 minutos. Seg\u00fan han indicado fuentes de la Uni\u00f3n Sindical de Controladores","og:url":"https:\/\/eldigitaldeasturias.com\/magazine365\/los-controladores-cifran-en-unos-100-vuelos-afectados-por-la-huelga-este-sabado\/","og:image":"https:\/\/eldigitaldeasturias.com\/magazine365\/wp-content\/uploads\/2015\/07\/fotonoticia_20150711113914_800.jpg","og:image:secure_url":"https:\/\/eldigitaldeasturias.com\/magazine365\/wp-content\/uploads\/2015\/07\/fotonoticia_20150711113914_800.jpg","og:image:width":800,"og:image:height":533,"article:published_time":"2015-07-11T12:47:22+00:00","article:modified_time":"2015-07-11T12:47:22+00:00","twitter:card":"summary_large_image","twitter:title":"Los controladores cifran en unos 100 vuelos afectados por la huelga este s\u00e1bado | El Digital de Asturias","twitter:description":"Los controladores a\u00e9reos han se\u00f1alado que el impacto operativo de los paros de este s\u00e1bado, realizados entre las 10.00 y las 13.00 horas, ha sido &quot;bajo&quot;, ya que solamente han afectado a unos 100 vuelos y la demora media ha sido de unos 20 minutos. Seg\u00fan han indicado fuentes de la Uni\u00f3n Sindical de Controladores","twitter:image":"https:\/\/eldigitaldeasturias.com\/magazine365\/wp-content\/uploads\/2015\/07\/fotonoticia_20150711113914_800.jpg"},"aioseo_meta_data":{"post_id":"42443","title":null,"description":null,"keywords":null,"keyphrases":null,"primary_term":null,"canonical_url":null,"og_title":null,"og_description":null,"og_object_type":"default","og_image_type":"default","og_image_url":null,"og_image_width":null,"og_image_height":null,"og_image_custom_url":null,"og_image_custom_fields":null,"og_video":null,"og_custom_url":null,"og_article_section":null,"og_article_tags":null,"twitter_use_og":false,"twitter_card":"default","twitter_image_type":"default","twitter_image_url":null,"twitter_image_custom_url":null,"twitter_image_custom_fields":null,"twitter_title":null,"twitter_description":null,"schema":{"blockGraphs":[],"customGraphs":[],"default":{"data":{"Article":[],"Course":[],"Dataset":[],"FAQPage":[],"Movie":[],"Person":[],"Product":[],"ProductReview":[],"Car":[],"Recipe":[],"Service":[],"SoftwareApplication":[],"WebPage":[]},"graphName":"","isEnabled":true},"graphs":[],"defaultGraph":"","defaultPostTypeGraph":""},"schema_type":null,"schema_type_options":null,"pillar_content":false,"robots_default":true,"robots_noindex":false,"robots_noarchive":false,"robots_nosnippet":false,"robots_nofollow":false,"robots_noimageindex":false,"robots_noodp":false,"robots_notranslate":false,"robots_max_snippet":null,"robots_max_videopreview":null,"robots_max_imagepreview":"large","priority":null,"frequency":null,"location":null,"local_seo":null,"seo_analyzer_scan_date":"2025-09-19 17:45:00","breadcrumb_settings":null,"limit_modified_date":false,"open_ai":null,"ai":null,"created":"2021-03-09 02:01:52","updated":"2025-09-19 17:45:00"},"aioseo_breadcrumb":"<div class=\"aioseo-breadcrumbs\"><span class=\"aioseo-breadcrumb\">\n\t<a href=\"https:\/\/eldigitaldeasturias.com\/magazine365\" title=\"Home\">Home<\/a>\n<\/span><span class=\"aioseo-breadcrumb-separator\">\u2013<\/span><span class=\"aioseo-breadcrumb\">\n\t<a href=\"https:\/\/eldigitaldeasturias.com\/magazine365\/category\/actualidad-turismo\/\" title=\"Actualidad Turismo\">Actualidad Turismo<\/a>\n<\/span><span class=\"aioseo-breadcrumb-separator\">\u2013<\/span><span class=\"aioseo-breadcrumb\">\n\t<a href=\"https:\/\/eldigitaldeasturias.com\/magazine365\/los-controladores-cifran-en-unos-100-vuelos-afectados-por-la-huelga-este-sabado\/\" title=\"Los controladores cifran en unos 100 vuelos afectados por la huelga este s\u00e1bado\">Los controladores cifran en unos 100 vuelos afectados por la huelga este s\u00e1bado<\/a>\n<\/span><\/div>","aioseo_breadcrumb_json":[{"label":"Home","link":"https:\/\/eldigitaldeasturias.com\/magazine365"},{"label":"Actualidad Turismo","link":"https:\/\/eldigitaldeasturias.com\/magazine365\/category\/actualidad-turismo\/"},{"label":"Los controladores cifran en unos 100 vuelos afectados por la huelga este s\u00e1bado","link":"https:\/\/eldigitaldeasturias.com\/magazine365\/los-controladores-cifran-en-unos-100-vuelos-afectados-por-la-huelga-este-sabado\/"}],"_links":{"self":[{"href":"https:\/\/eldigitaldeasturias.com\/magazine365\/wp-json\/wp\/v2\/posts\/42443","targetHints":{"allow":["GET"]}}],"collection":[{"href":"https:\/\/eldigitaldeasturias.com\/magazine365\/wp-json\/wp\/v2\/posts"}],"about":[{"href":"https:\/\/eldigitaldeasturias.com\/magazine365\/wp-json\/wp\/v2\/types\/post"}],"author":[{"embeddable":true,"href":"https:\/\/eldigitaldeasturias.com\/magazine365\/wp-json\/wp\/v2\/users\/1"}],"replies":[{"embeddable":true,"href":"https:\/\/eldigitaldeasturias.com\/magazine365\/wp-json\/wp\/v2\/comments?post=42443"}],"version-history":[{"count":0,"href":"https:\/\/eldigitaldeasturias.com\/magazine365\/wp-json\/wp\/v2\/posts\/42443\/revisions"}],"wp:featuredmedia":[{"embeddable":true,"href":"https:\/\/eldigitaldeasturias.com\/magazine365\/wp-json\/wp\/v2\/media\/42436"}],"wp:attachment":[{"href":"https:\/\/eldigitaldeasturias.com\/magazine365\/wp-json\/wp\/v2\/media?parent=42443"}],"wp:term":[{"taxonomy":"category","embeddable":true,"href":"https:\/\/eldigitaldeasturias.com\/magazine365\/wp-json\/wp\/v2\/categories?post=42443"},{"taxonomy":"post_tag","embeddable":true,"href":"https:\/\/eldigitaldeasturias.com\/magazine365\/wp-json\/wp\/v2\/tags?post=42443"}],"curies":[{"name":"wp","href":"https:\/\/api.w.org\/{rel}","templated":true}]}}