{"id":41450,"date":"2015-07-01T13:47:44","date_gmt":"2015-07-01T12:17:44","guid":{"rendered":"http:\/\/eldigitaldeasturias.com\/magazine365\/?p=41450"},"modified":"2015-07-01T13:48:01","modified_gmt":"2015-07-01T12:18:01","slug":"wizz-air-afirma-que-reducir-las-tarifas-aeroportuarias-beneficia-directamente-a-los-pasajeros","status":"publish","type":"post","link":"https:\/\/eldigitaldeasturias.com\/magazine365\/wizz-air-afirma-que-reducir-las-tarifas-aeroportuarias-beneficia-directamente-a-los-pasajeros\/","title":{"rendered":"Wizz Air afirma que reducir las tarifas aeroportuarias beneficia \u00abdirectamente\u00bb a los pasajeros"},"content":{"rendered":"<p><img fetchpriority=\"high\" decoding=\"async\" class=\"alignleft size-medium wp-image-41451\" src=\"https:\/\/eldigitaldeasturias.com\/magazine365\/wp-content\/uploads\/2015\/07\/fotonoticia_20150630184631_800-360x240.jpg\" alt=\"fotonoticia_20150630184631_800\" width=\"360\" height=\"240\" srcset=\"https:\/\/eldigitaldeasturias.com\/magazine365\/wp-content\/uploads\/2015\/07\/fotonoticia_20150630184631_800-360x240.jpg 360w, https:\/\/eldigitaldeasturias.com\/magazine365\/wp-content\/uploads\/2015\/07\/fotonoticia_20150630184631_800-650x433.jpg 650w, https:\/\/eldigitaldeasturias.com\/magazine365\/wp-content\/uploads\/2015\/07\/fotonoticia_20150630184631_800-768x512.jpg 768w, https:\/\/eldigitaldeasturias.com\/magazine365\/wp-content\/uploads\/2015\/07\/fotonoticia_20150630184631_800-150x100.jpg 150w, https:\/\/eldigitaldeasturias.com\/magazine365\/wp-content\/uploads\/2015\/07\/fotonoticia_20150630184631_800-450x300.jpg 450w, https:\/\/eldigitaldeasturias.com\/magazine365\/wp-content\/uploads\/2015\/07\/fotonoticia_20150630184631_800-696x464.jpg 696w, https:\/\/eldigitaldeasturias.com\/magazine365\/wp-content\/uploads\/2015\/07\/fotonoticia_20150630184631_800-630x420.jpg 630w, https:\/\/eldigitaldeasturias.com\/magazine365\/wp-content\/uploads\/2015\/07\/fotonoticia_20150630184631_800-84x55.jpg 84w, https:\/\/eldigitaldeasturias.com\/magazine365\/wp-content\/uploads\/2015\/07\/fotonoticia_20150630184631_800.jpg 800w\" sizes=\"(max-width: 360px) 100vw, 360px\" \/>La propuesta por parte del Consejo Internacional de Aeropuertos (ACI) en Europa de reducir las tarifas aeroportuarias para estimular el crecimiento econ\u00f3mico beneficiar\u00e1 \u00abdirectamente\u00bb a los pasajeros, seg\u00fan ha afirmado el director ejecutivo de Wizz Air, J\u00f3zsef V\u00e1radi, en un comunicado.<\/p>\n<p>De este modo, Varadi ha respondido a los recientes comentarios del Consejo Internacional de Aeropuertos (ACI) europeo sobre las tasas de los aeropuertos, y la petici\u00f3n por parte de las compa\u00f1\u00edas a\u00e9reas de reducir estas tarifas monop\u00f3licas para estimular el crecimiento econ\u00f3mico, lo que ha destacado que contribuir\u00e1 a la ampliaci\u00f3n de los aeropuertos en Europa.<\/p>\n<p>El director ejecutivo de la &#8216;low cost&#8217; ha se\u00f1alado las l\u00edneas a\u00e9reas pueden diferenciarse entre si de \u00abmuchas\u00bb maneras, como por los servicios que ofrecen, pero las tarifas bajas son el \u00abprincipal\u00bb conductor para el \u00e9xito.<\/p>\n<p>Por otro lado, V\u00e1radi ha subrayado que las autoridades aeroportuarias deben pensar a largo plazo. \u00abUnas tasas de aeropuerto menores permitir\u00e1n soportar unas tarifas m\u00e1s bajas, lo que impulsar\u00e1 la ampliaci\u00f3n de rutas y aumentar\u00e1 la propensi\u00f3n a viajar\u00bb, ha a\u00f1adido el director ejecutivo de la aerol\u00ednea.<\/p>\n<p>En este sentido, el director de la aerol\u00ednea h\u00fangaro-polaca ha indicado que, si se reducen las tarifas, circular\u00e1n m\u00e1s personas por el aeropuerto, lo que en su opini\u00f3n \u00abbeneficia a todos\u00bb, a las autoridades aeroportuarias, a las tiendas y restaurantes del aeropuerto, a los hoteles de la ciudad y, en general, a la industria tur\u00edstica local.<\/p>\n<p>EL CRECIMIENTO DE UNA CIUDAD DEPENDE DE LA AMPLIACI\u00d3N DE SU AEROPUERTO.<\/p>\n<p>La ACI europea ha publicado recientemente los resultados de un estudio que muestra un v\u00ednculo sustancial entre el crecimiento econ\u00f3mico en una ciudad, principalmente a trav\u00e9s del crecimiento del empleo, y la ampliaci\u00f3n de su aeropuerto.<\/p>\n<p>El informe muestra que cada 1.000 pasajeros que pasen a trav\u00e9s de un aeropuerto representan aproximadamente un empleo directo, por lo que al crecer el tr\u00e1fico de su aeropuerto, crecen los puestos de trabajo.<\/p>\n<p>Cada a\u00f1o, los aeropuertos europeos y sus actividades asociadas sostienen casi 12,4 millones de empleos y contribuyen en 675.000 millones de euros al producto interior bruto (PIB), lo que representa el 4,1% de la econom\u00eda europea.<\/p>\n<p>Adem\u00e1s, un n\u00famero mayor de visitantes supone un mayor gasto de dinero en hoteles, restaurantes, alquiler de coches, cines, lugares de inter\u00e9s tur\u00edstico y por supuesto, esto tambi\u00e9n supone beneficios para todas las empresas que les suministran.<\/p>\n","protected":false},"excerpt":{"rendered":"<p>La propuesta por parte del Consejo Internacional de Aeropuertos (ACI) en Europa de reducir las tarifas aeroportuarias para estimular el crecimiento econ\u00f3mico beneficiar\u00e1 \u00abdirectamente\u00bb a los pasajeros, seg\u00fan ha afirmado el director ejecutivo de Wizz Air, J\u00f3zsef V\u00e1radi, en un comunicado. De este modo, Varadi ha respondido a los recientes comentarios del Consejo Internacional de<\/p>\n","protected":false},"author":1,"featured_media":41451,"comment_status":"open","ping_status":"closed","sticky":false,"template":"","format":"standard","meta":{"footnotes":""},"categories":[222],"tags":[],"class_list":{"0":"post-41450","1":"post","2":"type-post","3":"status-publish","4":"format-standard","5":"has-post-thumbnail","7":"category-actualidad-turismo"},"aioseo_notices":[],"aioseo_head":"\n\t\t<!-- All in One SEO Pro 4.9.6.1 - aioseo.com -->\n\t<meta name=\"description\" content=\"La propuesta por parte del Consejo Internacional de Aeropuertos (ACI) en Europa de reducir las tarifas aeroportuarias para estimular el crecimiento econ\u00f3mico beneficiar\u00e1 &quot;directamente&quot; a los pasajeros, seg\u00fan ha afirmado el director ejecutivo de Wizz Air, J\u00f3zsef V\u00e1radi, en un comunicado. De este modo, Varadi ha respondido a los recientes comentarios del Consejo Internacional de\" \/>\n\t<meta name=\"robots\" content=\"max-image-preview:large\" \/>\n\t<meta name=\"author\" content=\"admin\"\/>\n\t<meta name=\"google-site-verification\" content=\"UA-38556648-1\" \/>\n\t<meta name=\"keywords\" content=\"actualidad turismo\" \/>\n\t<link rel=\"canonical\" href=\"https:\/\/eldigitaldeasturias.com\/magazine365\/wizz-air-afirma-que-reducir-las-tarifas-aeroportuarias-beneficia-directamente-a-los-pasajeros\/\" \/>\n\t<meta name=\"generator\" content=\"All in One SEO Pro (AIOSEO) 4.9.6.1\" \/>\n\t\t<meta property=\"og:locale\" content=\"es_ES\" \/>\n\t\t<meta property=\"og:site_name\" content=\"El Digital de Asturias \u2013 Revista de ocio, turismo y estilo de vida\" \/>\n\t\t<meta property=\"og:type\" content=\"article\" \/>\n\t\t<meta property=\"og:title\" content=\"Wizz Air afirma que reducir las tarifas aeroportuarias beneficia \u00abdirectamente\u00bb a los pasajeros | El Digital de Asturias\" \/>\n\t\t<meta property=\"og:description\" content=\"La propuesta por parte del Consejo Internacional de Aeropuertos (ACI) en Europa de reducir las tarifas aeroportuarias para estimular el crecimiento econ\u00f3mico beneficiar\u00e1 &quot;directamente&quot; a los pasajeros, seg\u00fan ha afirmado el director ejecutivo de Wizz Air, J\u00f3zsef V\u00e1radi, en un comunicado. De este modo, Varadi ha respondido a los recientes comentarios del Consejo Internacional de\" \/>\n\t\t<meta property=\"og:url\" content=\"https:\/\/eldigitaldeasturias.com\/magazine365\/wizz-air-afirma-que-reducir-las-tarifas-aeroportuarias-beneficia-directamente-a-los-pasajeros\/\" \/>\n\t\t<meta property=\"og:image\" content=\"https:\/\/eldigitaldeasturias.com\/magazine365\/wp-content\/uploads\/2015\/07\/fotonoticia_20150630184631_800.jpg\" \/>\n\t\t<meta property=\"og:image:secure_url\" content=\"https:\/\/eldigitaldeasturias.com\/magazine365\/wp-content\/uploads\/2015\/07\/fotonoticia_20150630184631_800.jpg\" \/>\n\t\t<meta property=\"og:image:width\" content=\"800\" \/>\n\t\t<meta property=\"og:image:height\" content=\"533\" \/>\n\t\t<meta property=\"article:published_time\" content=\"2015-07-01T12:17:44+00:00\" \/>\n\t\t<meta property=\"article:modified_time\" content=\"2015-07-01T12:18:01+00:00\" \/>\n\t\t<meta name=\"twitter:card\" content=\"summary_large_image\" \/>\n\t\t<meta name=\"twitter:title\" content=\"Wizz Air afirma que reducir las tarifas aeroportuarias beneficia \u00abdirectamente\u00bb a los pasajeros | El Digital de Asturias\" \/>\n\t\t<meta name=\"twitter:description\" content=\"La propuesta por parte del Consejo Internacional de Aeropuertos (ACI) en Europa de reducir las tarifas aeroportuarias para estimular el crecimiento econ\u00f3mico beneficiar\u00e1 &quot;directamente&quot; a los pasajeros, seg\u00fan ha afirmado el director ejecutivo de Wizz Air, J\u00f3zsef V\u00e1radi, en un comunicado. De este modo, Varadi ha respondido a los recientes comentarios del Consejo Internacional de\" \/>\n\t\t<meta name=\"twitter:image\" content=\"https:\/\/eldigitaldeasturias.com\/magazine365\/wp-content\/uploads\/2015\/07\/fotonoticia_20150630184631_800.jpg\" \/>\n\t\t<script type=\"application\/ld+json\" class=\"aioseo-schema\">\n\t\t\t{\"@context\":\"https:\\\/\\\/schema.org\",\"@graph\":[{\"@type\":\"Article\",\"@id\":\"https:\\\/\\\/eldigitaldeasturias.com\\\/magazine365\\\/wizz-air-afirma-que-reducir-las-tarifas-aeroportuarias-beneficia-directamente-a-los-pasajeros\\\/#article\",\"name\":\"Wizz Air afirma que reducir las tarifas aeroportuarias beneficia \\u00abdirectamente\\u00bb a los pasajeros | El Digital de Asturias\",\"headline\":\"Wizz Air afirma que reducir las tarifas aeroportuarias beneficia \\u00abdirectamente\\u00bb a los pasajeros\",\"author\":{\"@id\":\"https:\\\/\\\/eldigitaldeasturias.com\\\/magazine365\\\/author\\\/admin\\\/#author\"},\"publisher\":{\"@id\":\"https:\\\/\\\/eldigitaldeasturias.com\\\/magazine365\\\/#organization\"},\"image\":{\"@type\":\"ImageObject\",\"url\":\"https:\\\/\\\/eldigitaldeasturias.com\\\/magazine365\\\/wp-content\\\/uploads\\\/2015\\\/07\\\/fotonoticia_20150630184631_800.jpg\",\"width\":800,\"height\":533},\"datePublished\":\"2015-07-01T13:47:44+02:00\",\"dateModified\":\"2015-07-01T13:48:01+02:00\",\"inLanguage\":\"es-ES\",\"mainEntityOfPage\":{\"@id\":\"https:\\\/\\\/eldigitaldeasturias.com\\\/magazine365\\\/wizz-air-afirma-que-reducir-las-tarifas-aeroportuarias-beneficia-directamente-a-los-pasajeros\\\/#webpage\"},\"isPartOf\":{\"@id\":\"https:\\\/\\\/eldigitaldeasturias.com\\\/magazine365\\\/wizz-air-afirma-que-reducir-las-tarifas-aeroportuarias-beneficia-directamente-a-los-pasajeros\\\/#webpage\"},\"articleSection\":\"Actualidad Turismo\"},{\"@type\":\"BreadcrumbList\",\"@id\":\"https:\\\/\\\/eldigitaldeasturias.com\\\/magazine365\\\/wizz-air-afirma-que-reducir-las-tarifas-aeroportuarias-beneficia-directamente-a-los-pasajeros\\\/#breadcrumblist\",\"itemListElement\":[{\"@type\":\"ListItem\",\"@id\":\"https:\\\/\\\/eldigitaldeasturias.com\\\/magazine365#listItem\",\"position\":1,\"name\":\"Home\",\"item\":\"https:\\\/\\\/eldigitaldeasturias.com\\\/magazine365\",\"nextItem\":{\"@type\":\"ListItem\",\"@id\":\"https:\\\/\\\/eldigitaldeasturias.com\\\/magazine365\\\/category\\\/actualidad-turismo\\\/#listItem\",\"name\":\"Actualidad Turismo\"}},{\"@type\":\"ListItem\",\"@id\":\"https:\\\/\\\/eldigitaldeasturias.com\\\/magazine365\\\/category\\\/actualidad-turismo\\\/#listItem\",\"position\":2,\"name\":\"Actualidad Turismo\",\"item\":\"https:\\\/\\\/eldigitaldeasturias.com\\\/magazine365\\\/category\\\/actualidad-turismo\\\/\",\"nextItem\":{\"@type\":\"ListItem\",\"@id\":\"https:\\\/\\\/eldigitaldeasturias.com\\\/magazine365\\\/wizz-air-afirma-que-reducir-las-tarifas-aeroportuarias-beneficia-directamente-a-los-pasajeros\\\/#listItem\",\"name\":\"Wizz Air afirma que reducir las tarifas aeroportuarias beneficia \\u00abdirectamente\\u00bb a los pasajeros\"},\"previousItem\":{\"@type\":\"ListItem\",\"@id\":\"https:\\\/\\\/eldigitaldeasturias.com\\\/magazine365#listItem\",\"name\":\"Home\"}},{\"@type\":\"ListItem\",\"@id\":\"https:\\\/\\\/eldigitaldeasturias.com\\\/magazine365\\\/wizz-air-afirma-que-reducir-las-tarifas-aeroportuarias-beneficia-directamente-a-los-pasajeros\\\/#listItem\",\"position\":3,\"name\":\"Wizz Air afirma que reducir las tarifas aeroportuarias beneficia \\u00abdirectamente\\u00bb a los pasajeros\",\"previousItem\":{\"@type\":\"ListItem\",\"@id\":\"https:\\\/\\\/eldigitaldeasturias.com\\\/magazine365\\\/category\\\/actualidad-turismo\\\/#listItem\",\"name\":\"Actualidad Turismo\"}}]},{\"@type\":\"Organization\",\"@id\":\"https:\\\/\\\/eldigitaldeasturias.com\\\/magazine365\\\/#organization\",\"name\":\"El digital de Asturias\",\"description\":\"Revista de ocio, turismo y estilo de vida\",\"url\":\"https:\\\/\\\/eldigitaldeasturias.com\\\/magazine365\\\/\",\"logo\":{\"@type\":\"ImageObject\",\"url\":\"https:\\\/\\\/www.eldigitaldeasturias.com\\\/noticias\\\/wp-content\\\/uploads\\\/2020\\\/12\\\/EDA.jpg\",\"@id\":\"https:\\\/\\\/eldigitaldeasturias.com\\\/magazine365\\\/wizz-air-afirma-que-reducir-las-tarifas-aeroportuarias-beneficia-directamente-a-los-pasajeros\\\/#organizationLogo\"},\"image\":{\"@id\":\"https:\\\/\\\/eldigitaldeasturias.com\\\/magazine365\\\/wizz-air-afirma-que-reducir-las-tarifas-aeroportuarias-beneficia-directamente-a-los-pasajeros\\\/#organizationLogo\"}},{\"@type\":\"Person\",\"@id\":\"https:\\\/\\\/eldigitaldeasturias.com\\\/magazine365\\\/author\\\/admin\\\/#author\",\"url\":\"https:\\\/\\\/eldigitaldeasturias.com\\\/magazine365\\\/author\\\/admin\\\/\",\"name\":\"admin\",\"image\":{\"@type\":\"ImageObject\",\"@id\":\"https:\\\/\\\/eldigitaldeasturias.com\\\/magazine365\\\/wizz-air-afirma-que-reducir-las-tarifas-aeroportuarias-beneficia-directamente-a-los-pasajeros\\\/#authorImage\",\"url\":\"https:\\\/\\\/eldigitaldeasturias.com\\\/magazine365\\\/wp-content\\\/litespeed\\\/avatar\\\/e571bcf59a0edd6fa6838245a470f2fe.jpg?ver=1777574230\",\"width\":96,\"height\":96,\"caption\":\"admin\"}},{\"@type\":\"WebPage\",\"@id\":\"https:\\\/\\\/eldigitaldeasturias.com\\\/magazine365\\\/wizz-air-afirma-que-reducir-las-tarifas-aeroportuarias-beneficia-directamente-a-los-pasajeros\\\/#webpage\",\"url\":\"https:\\\/\\\/eldigitaldeasturias.com\\\/magazine365\\\/wizz-air-afirma-que-reducir-las-tarifas-aeroportuarias-beneficia-directamente-a-los-pasajeros\\\/\",\"name\":\"Wizz Air afirma que reducir las tarifas aeroportuarias beneficia \\u00abdirectamente\\u00bb a los pasajeros | El Digital de Asturias\",\"description\":\"La propuesta por parte del Consejo Internacional de Aeropuertos (ACI) en Europa de reducir las tarifas aeroportuarias para estimular el crecimiento econ\\u00f3mico beneficiar\\u00e1 \\\"directamente\\\" a los pasajeros, seg\\u00fan ha afirmado el director ejecutivo de Wizz Air, J\\u00f3zsef V\\u00e1radi, en un comunicado. De este modo, Varadi ha respondido a los recientes comentarios del Consejo Internacional de\",\"inLanguage\":\"es-ES\",\"isPartOf\":{\"@id\":\"https:\\\/\\\/eldigitaldeasturias.com\\\/magazine365\\\/#website\"},\"breadcrumb\":{\"@id\":\"https:\\\/\\\/eldigitaldeasturias.com\\\/magazine365\\\/wizz-air-afirma-que-reducir-las-tarifas-aeroportuarias-beneficia-directamente-a-los-pasajeros\\\/#breadcrumblist\"},\"author\":{\"@id\":\"https:\\\/\\\/eldigitaldeasturias.com\\\/magazine365\\\/author\\\/admin\\\/#author\"},\"creator\":{\"@id\":\"https:\\\/\\\/eldigitaldeasturias.com\\\/magazine365\\\/author\\\/admin\\\/#author\"},\"image\":{\"@type\":\"ImageObject\",\"url\":\"https:\\\/\\\/eldigitaldeasturias.com\\\/magazine365\\\/wp-content\\\/uploads\\\/2015\\\/07\\\/fotonoticia_20150630184631_800.jpg\",\"@id\":\"https:\\\/\\\/eldigitaldeasturias.com\\\/magazine365\\\/wizz-air-afirma-que-reducir-las-tarifas-aeroportuarias-beneficia-directamente-a-los-pasajeros\\\/#mainImage\",\"width\":800,\"height\":533},\"primaryImageOfPage\":{\"@id\":\"https:\\\/\\\/eldigitaldeasturias.com\\\/magazine365\\\/wizz-air-afirma-que-reducir-las-tarifas-aeroportuarias-beneficia-directamente-a-los-pasajeros\\\/#mainImage\"},\"datePublished\":\"2015-07-01T13:47:44+02:00\",\"dateModified\":\"2015-07-01T13:48:01+02:00\"},{\"@type\":\"WebSite\",\"@id\":\"https:\\\/\\\/eldigitaldeasturias.com\\\/magazine365\\\/#website\",\"url\":\"https:\\\/\\\/eldigitaldeasturias.com\\\/magazine365\\\/\",\"name\":\"El Digital de Asturias\",\"description\":\"Revista de ocio, turismo y estilo de vida\",\"inLanguage\":\"es-ES\",\"publisher\":{\"@id\":\"https:\\\/\\\/eldigitaldeasturias.com\\\/magazine365\\\/#organization\"}}]}\n\t\t<\/script>\n\t\t<!-- All in One SEO Pro -->\r\n\t\t<title>Wizz Air afirma que reducir las tarifas aeroportuarias beneficia \u00abdirectamente\u00bb a los pasajeros | El Digital de Asturias<\/title>\n\n","aioseo_head_json":{"title":"Wizz Air afirma que reducir las tarifas aeroportuarias beneficia \u00abdirectamente\u00bb a los pasajeros | El Digital de Asturias","description":"La propuesta por parte del Consejo Internacional de Aeropuertos (ACI) en Europa de reducir las tarifas aeroportuarias para estimular el crecimiento econ\u00f3mico beneficiar\u00e1 \"directamente\" a los pasajeros, seg\u00fan ha afirmado el director ejecutivo de Wizz Air, J\u00f3zsef V\u00e1radi, en un comunicado. De este modo, Varadi ha respondido a los recientes comentarios del Consejo Internacional de","canonical_url":"https:\/\/eldigitaldeasturias.com\/magazine365\/wizz-air-afirma-que-reducir-las-tarifas-aeroportuarias-beneficia-directamente-a-los-pasajeros\/","robots":"max-image-preview:large","keywords":"actualidad turismo","webmasterTools":{"google-site-verification":"UA-38556648-1","miscellaneous":""},"schema":{"@context":"https:\/\/schema.org","@graph":[{"@type":"Article","@id":"https:\/\/eldigitaldeasturias.com\/magazine365\/wizz-air-afirma-que-reducir-las-tarifas-aeroportuarias-beneficia-directamente-a-los-pasajeros\/#article","name":"Wizz Air afirma que reducir las tarifas aeroportuarias beneficia \u00abdirectamente\u00bb a los pasajeros | El Digital de Asturias","headline":"Wizz Air afirma que reducir las tarifas aeroportuarias beneficia \u00abdirectamente\u00bb a los pasajeros","author":{"@id":"https:\/\/eldigitaldeasturias.com\/magazine365\/author\/admin\/#author"},"publisher":{"@id":"https:\/\/eldigitaldeasturias.com\/magazine365\/#organization"},"image":{"@type":"ImageObject","url":"https:\/\/eldigitaldeasturias.com\/magazine365\/wp-content\/uploads\/2015\/07\/fotonoticia_20150630184631_800.jpg","width":800,"height":533},"datePublished":"2015-07-01T13:47:44+02:00","dateModified":"2015-07-01T13:48:01+02:00","inLanguage":"es-ES","mainEntityOfPage":{"@id":"https:\/\/eldigitaldeasturias.com\/magazine365\/wizz-air-afirma-que-reducir-las-tarifas-aeroportuarias-beneficia-directamente-a-los-pasajeros\/#webpage"},"isPartOf":{"@id":"https:\/\/eldigitaldeasturias.com\/magazine365\/wizz-air-afirma-que-reducir-las-tarifas-aeroportuarias-beneficia-directamente-a-los-pasajeros\/#webpage"},"articleSection":"Actualidad Turismo"},{"@type":"BreadcrumbList","@id":"https:\/\/eldigitaldeasturias.com\/magazine365\/wizz-air-afirma-que-reducir-las-tarifas-aeroportuarias-beneficia-directamente-a-los-pasajeros\/#breadcrumblist","itemListElement":[{"@type":"ListItem","@id":"https:\/\/eldigitaldeasturias.com\/magazine365#listItem","position":1,"name":"Home","item":"https:\/\/eldigitaldeasturias.com\/magazine365","nextItem":{"@type":"ListItem","@id":"https:\/\/eldigitaldeasturias.com\/magazine365\/category\/actualidad-turismo\/#listItem","name":"Actualidad Turismo"}},{"@type":"ListItem","@id":"https:\/\/eldigitaldeasturias.com\/magazine365\/category\/actualidad-turismo\/#listItem","position":2,"name":"Actualidad Turismo","item":"https:\/\/eldigitaldeasturias.com\/magazine365\/category\/actualidad-turismo\/","nextItem":{"@type":"ListItem","@id":"https:\/\/eldigitaldeasturias.com\/magazine365\/wizz-air-afirma-que-reducir-las-tarifas-aeroportuarias-beneficia-directamente-a-los-pasajeros\/#listItem","name":"Wizz Air afirma que reducir las tarifas aeroportuarias beneficia \u00abdirectamente\u00bb a los pasajeros"},"previousItem":{"@type":"ListItem","@id":"https:\/\/eldigitaldeasturias.com\/magazine365#listItem","name":"Home"}},{"@type":"ListItem","@id":"https:\/\/eldigitaldeasturias.com\/magazine365\/wizz-air-afirma-que-reducir-las-tarifas-aeroportuarias-beneficia-directamente-a-los-pasajeros\/#listItem","position":3,"name":"Wizz Air afirma que reducir las tarifas aeroportuarias beneficia \u00abdirectamente\u00bb a los pasajeros","previousItem":{"@type":"ListItem","@id":"https:\/\/eldigitaldeasturias.com\/magazine365\/category\/actualidad-turismo\/#listItem","name":"Actualidad Turismo"}}]},{"@type":"Organization","@id":"https:\/\/eldigitaldeasturias.com\/magazine365\/#organization","name":"El digital de Asturias","description":"Revista de ocio, turismo y estilo de vida","url":"https:\/\/eldigitaldeasturias.com\/magazine365\/","logo":{"@type":"ImageObject","url":"https:\/\/www.eldigitaldeasturias.com\/noticias\/wp-content\/uploads\/2020\/12\/EDA.jpg","@id":"https:\/\/eldigitaldeasturias.com\/magazine365\/wizz-air-afirma-que-reducir-las-tarifas-aeroportuarias-beneficia-directamente-a-los-pasajeros\/#organizationLogo"},"image":{"@id":"https:\/\/eldigitaldeasturias.com\/magazine365\/wizz-air-afirma-que-reducir-las-tarifas-aeroportuarias-beneficia-directamente-a-los-pasajeros\/#organizationLogo"}},{"@type":"Person","@id":"https:\/\/eldigitaldeasturias.com\/magazine365\/author\/admin\/#author","url":"https:\/\/eldigitaldeasturias.com\/magazine365\/author\/admin\/","name":"admin","image":{"@type":"ImageObject","@id":"https:\/\/eldigitaldeasturias.com\/magazine365\/wizz-air-afirma-que-reducir-las-tarifas-aeroportuarias-beneficia-directamente-a-los-pasajeros\/#authorImage","url":"https:\/\/eldigitaldeasturias.com\/magazine365\/wp-content\/litespeed\/avatar\/e571bcf59a0edd6fa6838245a470f2fe.jpg?ver=1777574230","width":96,"height":96,"caption":"admin"}},{"@type":"WebPage","@id":"https:\/\/eldigitaldeasturias.com\/magazine365\/wizz-air-afirma-que-reducir-las-tarifas-aeroportuarias-beneficia-directamente-a-los-pasajeros\/#webpage","url":"https:\/\/eldigitaldeasturias.com\/magazine365\/wizz-air-afirma-que-reducir-las-tarifas-aeroportuarias-beneficia-directamente-a-los-pasajeros\/","name":"Wizz Air afirma que reducir las tarifas aeroportuarias beneficia \u00abdirectamente\u00bb a los pasajeros | El Digital de Asturias","description":"La propuesta por parte del Consejo Internacional de Aeropuertos (ACI) en Europa de reducir las tarifas aeroportuarias para estimular el crecimiento econ\u00f3mico beneficiar\u00e1 \"directamente\" a los pasajeros, seg\u00fan ha afirmado el director ejecutivo de Wizz Air, J\u00f3zsef V\u00e1radi, en un comunicado. De este modo, Varadi ha respondido a los recientes comentarios del Consejo Internacional de","inLanguage":"es-ES","isPartOf":{"@id":"https:\/\/eldigitaldeasturias.com\/magazine365\/#website"},"breadcrumb":{"@id":"https:\/\/eldigitaldeasturias.com\/magazine365\/wizz-air-afirma-que-reducir-las-tarifas-aeroportuarias-beneficia-directamente-a-los-pasajeros\/#breadcrumblist"},"author":{"@id":"https:\/\/eldigitaldeasturias.com\/magazine365\/author\/admin\/#author"},"creator":{"@id":"https:\/\/eldigitaldeasturias.com\/magazine365\/author\/admin\/#author"},"image":{"@type":"ImageObject","url":"https:\/\/eldigitaldeasturias.com\/magazine365\/wp-content\/uploads\/2015\/07\/fotonoticia_20150630184631_800.jpg","@id":"https:\/\/eldigitaldeasturias.com\/magazine365\/wizz-air-afirma-que-reducir-las-tarifas-aeroportuarias-beneficia-directamente-a-los-pasajeros\/#mainImage","width":800,"height":533},"primaryImageOfPage":{"@id":"https:\/\/eldigitaldeasturias.com\/magazine365\/wizz-air-afirma-que-reducir-las-tarifas-aeroportuarias-beneficia-directamente-a-los-pasajeros\/#mainImage"},"datePublished":"2015-07-01T13:47:44+02:00","dateModified":"2015-07-01T13:48:01+02:00"},{"@type":"WebSite","@id":"https:\/\/eldigitaldeasturias.com\/magazine365\/#website","url":"https:\/\/eldigitaldeasturias.com\/magazine365\/","name":"El Digital de Asturias","description":"Revista de ocio, turismo y estilo de vida","inLanguage":"es-ES","publisher":{"@id":"https:\/\/eldigitaldeasturias.com\/magazine365\/#organization"}}]},"og:locale":"es_ES","og:site_name":"El Digital de Asturias \u2013 Revista de ocio, turismo y estilo de vida","og:type":"article","og:title":"Wizz Air afirma que reducir las tarifas aeroportuarias beneficia \u00abdirectamente\u00bb a los pasajeros | El Digital de Asturias","og:description":"La propuesta por parte del Consejo Internacional de Aeropuertos (ACI) en Europa de reducir las tarifas aeroportuarias para estimular el crecimiento econ\u00f3mico beneficiar\u00e1 &quot;directamente&quot; a los pasajeros, seg\u00fan ha afirmado el director ejecutivo de Wizz Air, J\u00f3zsef V\u00e1radi, en un comunicado. De este modo, Varadi ha respondido a los recientes comentarios del Consejo Internacional de","og:url":"https:\/\/eldigitaldeasturias.com\/magazine365\/wizz-air-afirma-que-reducir-las-tarifas-aeroportuarias-beneficia-directamente-a-los-pasajeros\/","og:image":"https:\/\/eldigitaldeasturias.com\/magazine365\/wp-content\/uploads\/2015\/07\/fotonoticia_20150630184631_800.jpg","og:image:secure_url":"https:\/\/eldigitaldeasturias.com\/magazine365\/wp-content\/uploads\/2015\/07\/fotonoticia_20150630184631_800.jpg","og:image:width":800,"og:image:height":533,"article:published_time":"2015-07-01T12:17:44+00:00","article:modified_time":"2015-07-01T12:18:01+00:00","twitter:card":"summary_large_image","twitter:title":"Wizz Air afirma que reducir las tarifas aeroportuarias beneficia \u00abdirectamente\u00bb a los pasajeros | El Digital de Asturias","twitter:description":"La propuesta por parte del Consejo Internacional de Aeropuertos (ACI) en Europa de reducir las tarifas aeroportuarias para estimular el crecimiento econ\u00f3mico beneficiar\u00e1 &quot;directamente&quot; a los pasajeros, seg\u00fan ha afirmado el director ejecutivo de Wizz Air, J\u00f3zsef V\u00e1radi, en un comunicado. De este modo, Varadi ha respondido a los recientes comentarios del Consejo Internacional de","twitter:image":"https:\/\/eldigitaldeasturias.com\/magazine365\/wp-content\/uploads\/2015\/07\/fotonoticia_20150630184631_800.jpg"},"aioseo_meta_data":{"post_id":"41450","title":null,"description":null,"keywords":null,"keyphrases":null,"primary_term":null,"canonical_url":null,"og_title":null,"og_description":null,"og_object_type":"default","og_image_type":"default","og_image_url":null,"og_image_width":null,"og_image_height":null,"og_image_custom_url":null,"og_image_custom_fields":null,"og_video":null,"og_custom_url":null,"og_article_section":null,"og_article_tags":null,"twitter_use_og":false,"twitter_card":"default","twitter_image_type":"default","twitter_image_url":null,"twitter_image_custom_url":null,"twitter_image_custom_fields":null,"twitter_title":null,"twitter_description":null,"schema":{"blockGraphs":[],"customGraphs":[],"default":{"data":{"Article":[],"Course":[],"Dataset":[],"FAQPage":[],"Movie":[],"Person":[],"Product":[],"ProductReview":[],"Car":[],"Recipe":[],"Service":[],"SoftwareApplication":[],"WebPage":[]},"graphName":"","isEnabled":true},"graphs":[],"defaultGraph":"","defaultPostTypeGraph":""},"schema_type":null,"schema_type_options":null,"pillar_content":false,"robots_default":true,"robots_noindex":false,"robots_noarchive":false,"robots_nosnippet":false,"robots_nofollow":false,"robots_noimageindex":false,"robots_noodp":false,"robots_notranslate":false,"robots_max_snippet":null,"robots_max_videopreview":null,"robots_max_imagepreview":"large","priority":null,"frequency":null,"location":null,"local_seo":null,"seo_analyzer_scan_date":"2025-09-19 15:41:12","breadcrumb_settings":null,"limit_modified_date":false,"open_ai":null,"ai":null,"created":"2021-03-09 02:16:14","updated":"2025-09-19 15:41:12"},"aioseo_breadcrumb":"<div class=\"aioseo-breadcrumbs\"><span class=\"aioseo-breadcrumb\">\n\t<a href=\"https:\/\/eldigitaldeasturias.com\/magazine365\" title=\"Home\">Home<\/a>\n<\/span><span class=\"aioseo-breadcrumb-separator\">\u2013<\/span><span class=\"aioseo-breadcrumb\">\n\t<a href=\"https:\/\/eldigitaldeasturias.com\/magazine365\/category\/actualidad-turismo\/\" title=\"Actualidad Turismo\">Actualidad Turismo<\/a>\n<\/span><span class=\"aioseo-breadcrumb-separator\">\u2013<\/span><span class=\"aioseo-breadcrumb\">\n\t<a href=\"https:\/\/eldigitaldeasturias.com\/magazine365\/wizz-air-afirma-que-reducir-las-tarifas-aeroportuarias-beneficia-directamente-a-los-pasajeros\/\" title=\"Wizz Air afirma que reducir las tarifas aeroportuarias beneficia \u00abdirectamente\u00bb a los pasajeros\">Wizz Air afirma que reducir las tarifas aeroportuarias beneficia \u00abdirectamente\u00bb a los pasajeros<\/a>\n<\/span><\/div>","aioseo_breadcrumb_json":[{"label":"Home","link":"https:\/\/eldigitaldeasturias.com\/magazine365"},{"label":"Actualidad Turismo","link":"https:\/\/eldigitaldeasturias.com\/magazine365\/category\/actualidad-turismo\/"},{"label":"Wizz Air afirma que reducir las tarifas aeroportuarias beneficia \u00abdirectamente\u00bb a los pasajeros","link":"https:\/\/eldigitaldeasturias.com\/magazine365\/wizz-air-afirma-que-reducir-las-tarifas-aeroportuarias-beneficia-directamente-a-los-pasajeros\/"}],"_links":{"self":[{"href":"https:\/\/eldigitaldeasturias.com\/magazine365\/wp-json\/wp\/v2\/posts\/41450","targetHints":{"allow":["GET"]}}],"collection":[{"href":"https:\/\/eldigitaldeasturias.com\/magazine365\/wp-json\/wp\/v2\/posts"}],"about":[{"href":"https:\/\/eldigitaldeasturias.com\/magazine365\/wp-json\/wp\/v2\/types\/post"}],"author":[{"embeddable":true,"href":"https:\/\/eldigitaldeasturias.com\/magazine365\/wp-json\/wp\/v2\/users\/1"}],"replies":[{"embeddable":true,"href":"https:\/\/eldigitaldeasturias.com\/magazine365\/wp-json\/wp\/v2\/comments?post=41450"}],"version-history":[{"count":0,"href":"https:\/\/eldigitaldeasturias.com\/magazine365\/wp-json\/wp\/v2\/posts\/41450\/revisions"}],"wp:featuredmedia":[{"embeddable":true,"href":"https:\/\/eldigitaldeasturias.com\/magazine365\/wp-json\/wp\/v2\/media\/41451"}],"wp:attachment":[{"href":"https:\/\/eldigitaldeasturias.com\/magazine365\/wp-json\/wp\/v2\/media?parent=41450"}],"wp:term":[{"taxonomy":"category","embeddable":true,"href":"https:\/\/eldigitaldeasturias.com\/magazine365\/wp-json\/wp\/v2\/categories?post=41450"},{"taxonomy":"post_tag","embeddable":true,"href":"https:\/\/eldigitaldeasturias.com\/magazine365\/wp-json\/wp\/v2\/tags?post=41450"}],"curies":[{"name":"wp","href":"https:\/\/api.w.org\/{rel}","templated":true}]}}