{"id":41447,"date":"2015-07-01T13:42:33","date_gmt":"2015-07-01T12:12:33","guid":{"rendered":"http:\/\/eldigitaldeasturias.com\/magazine365\/?p=41447"},"modified":"2015-07-01T13:42:33","modified_gmt":"2015-07-01T12:12:33","slug":"christian-savelli-nuevo-vicepresidente-de-investigacion-y-analitica-de-negocios-de-clia","status":"publish","type":"post","link":"https:\/\/eldigitaldeasturias.com\/magazine365\/christian-savelli-nuevo-vicepresidente-de-investigacion-y-analitica-de-negocios-de-clia\/","title":{"rendered":"Christian Savelli, nuevo vicepresidente de investigaci\u00f3n y anal\u00edtica de negocios de CLIA"},"content":{"rendered":"<p><img fetchpriority=\"high\" decoding=\"async\" class=\"alignleft size-medium wp-image-41448\" src=\"https:\/\/eldigitaldeasturias.com\/magazine365\/wp-content\/uploads\/2015\/07\/fotonoticia_20150630184558_800-200x300.jpg\" alt=\"fotonoticia_20150630184558_800\" width=\"200\" height=\"300\" srcset=\"https:\/\/eldigitaldeasturias.com\/magazine365\/wp-content\/uploads\/2015\/07\/fotonoticia_20150630184558_800-200x300.jpg 200w, https:\/\/eldigitaldeasturias.com\/magazine365\/wp-content\/uploads\/2015\/07\/fotonoticia_20150630184558_800-427x640.jpg 427w, https:\/\/eldigitaldeasturias.com\/magazine365\/wp-content\/uploads\/2015\/07\/fotonoticia_20150630184558_800-768x1152.jpg 768w, https:\/\/eldigitaldeasturias.com\/magazine365\/wp-content\/uploads\/2015\/07\/fotonoticia_20150630184558_800-150x225.jpg 150w, https:\/\/eldigitaldeasturias.com\/magazine365\/wp-content\/uploads\/2015\/07\/fotonoticia_20150630184558_800-450x675.jpg 450w, https:\/\/eldigitaldeasturias.com\/magazine365\/wp-content\/uploads\/2015\/07\/fotonoticia_20150630184558_800-696x1044.jpg 696w, https:\/\/eldigitaldeasturias.com\/magazine365\/wp-content\/uploads\/2015\/07\/fotonoticia_20150630184558_800-280x420.jpg 280w, https:\/\/eldigitaldeasturias.com\/magazine365\/wp-content\/uploads\/2015\/07\/fotonoticia_20150630184558_800.jpg 800w\" sizes=\"(max-width: 200px) 100vw, 200px\" \/>Christian Savelli ha sido nombrado nuevo vicepresidente de investigaci\u00f3n y anal\u00edtica de negocios de la Asociaci\u00f3n Internacional de L\u00edneas de Cruceros (CLIA, en sus siglas en ingl\u00e9s), seg\u00fan ha informado la compa\u00f1\u00eda en un comunicado.<\/p>\n<p>Savelli ser\u00e1 responsable de liderar el departamento de investigaci\u00f3n interna de la CLIA y supervisar el desarrollo de casos de negocios. Tambi\u00e9n facilitar\u00e1 la planificaci\u00f3n anual de investigaci\u00f3n y proceso de priorizaci\u00f3n, gestionar\u00e1 la comisi\u00f3n de investigaci\u00f3n, asesorar\u00e1 en el pensamiento y las prioridades de investigaci\u00f3n y ayudar\u00e1 a la asociaci\u00f3n con la promoci\u00f3n de los cruceros que la integran.<\/p>\n<p>El nuevo vicepresidente de investigaci\u00f3n y anal\u00edtica de negocios de CLIA cuenta con experiencia en el sector de los negocios. Ha trabajado como director de desarrollo inteligente e investigaci\u00f3n en el negocio en MPI y, como director de inteligencia en el negocio de Maxvantage y Maritz Travel. Adem\u00e1s, Savelli tiene diez a\u00f1os de experiencia en la industria hotelera.<\/p>\n","protected":false},"excerpt":{"rendered":"<p>Christian Savelli ha sido nombrado nuevo vicepresidente de investigaci\u00f3n y anal\u00edtica de negocios de la Asociaci\u00f3n Internacional de L\u00edneas de Cruceros (CLIA, en sus siglas en ingl\u00e9s), seg\u00fan ha informado la compa\u00f1\u00eda en un comunicado. Savelli ser\u00e1 responsable de liderar el departamento de investigaci\u00f3n interna de la CLIA y supervisar el desarrollo de casos de<\/p>\n","protected":false},"author":1,"featured_media":41448,"comment_status":"open","ping_status":"closed","sticky":false,"template":"","format":"standard","meta":{"footnotes":""},"categories":[222],"tags":[],"class_list":{"0":"post-41447","1":"post","2":"type-post","3":"status-publish","4":"format-standard","5":"has-post-thumbnail","7":"category-actualidad-turismo"},"aioseo_notices":[],"aioseo_head":"\n\t\t<!-- All in One SEO Pro 4.9.6.1 - aioseo.com -->\n\t<meta name=\"description\" content=\"Christian Savelli ha sido nombrado nuevo vicepresidente de investigaci\u00f3n y anal\u00edtica de negocios de la Asociaci\u00f3n Internacional de L\u00edneas de Cruceros (CLIA, en sus siglas en ingl\u00e9s), seg\u00fan ha informado la compa\u00f1\u00eda en un comunicado. Savelli ser\u00e1 responsable de liderar el departamento de investigaci\u00f3n interna de la CLIA y supervisar el desarrollo de casos de\" \/>\n\t<meta name=\"robots\" content=\"max-image-preview:large\" \/>\n\t<meta name=\"author\" content=\"admin\"\/>\n\t<meta name=\"google-site-verification\" content=\"UA-38556648-1\" \/>\n\t<meta name=\"keywords\" content=\"actualidad turismo\" \/>\n\t<link rel=\"canonical\" href=\"https:\/\/eldigitaldeasturias.com\/magazine365\/christian-savelli-nuevo-vicepresidente-de-investigacion-y-analitica-de-negocios-de-clia\/\" \/>\n\t<meta name=\"generator\" content=\"All in One SEO Pro (AIOSEO) 4.9.6.1\" \/>\n\t\t<meta property=\"og:locale\" content=\"es_ES\" \/>\n\t\t<meta property=\"og:site_name\" content=\"El Digital de Asturias \u2013 Revista de ocio, turismo y estilo de vida\" \/>\n\t\t<meta property=\"og:type\" content=\"article\" \/>\n\t\t<meta property=\"og:title\" content=\"Christian Savelli, nuevo vicepresidente de investigaci\u00f3n y anal\u00edtica de negocios de CLIA | El Digital de Asturias\" \/>\n\t\t<meta property=\"og:description\" content=\"Christian Savelli ha sido nombrado nuevo vicepresidente de investigaci\u00f3n y anal\u00edtica de negocios de la Asociaci\u00f3n Internacional de L\u00edneas de Cruceros (CLIA, en sus siglas en ingl\u00e9s), seg\u00fan ha informado la compa\u00f1\u00eda en un comunicado. Savelli ser\u00e1 responsable de liderar el departamento de investigaci\u00f3n interna de la CLIA y supervisar el desarrollo de casos de\" \/>\n\t\t<meta property=\"og:url\" content=\"https:\/\/eldigitaldeasturias.com\/magazine365\/christian-savelli-nuevo-vicepresidente-de-investigacion-y-analitica-de-negocios-de-clia\/\" \/>\n\t\t<meta property=\"og:image\" content=\"https:\/\/eldigitaldeasturias.com\/magazine365\/wp-content\/uploads\/2015\/07\/fotonoticia_20150630184558_800.jpg\" \/>\n\t\t<meta property=\"og:image:secure_url\" content=\"https:\/\/eldigitaldeasturias.com\/magazine365\/wp-content\/uploads\/2015\/07\/fotonoticia_20150630184558_800.jpg\" \/>\n\t\t<meta property=\"og:image:width\" content=\"800\" \/>\n\t\t<meta property=\"og:image:height\" content=\"1200\" \/>\n\t\t<meta property=\"article:published_time\" content=\"2015-07-01T12:12:33+00:00\" \/>\n\t\t<meta property=\"article:modified_time\" content=\"2015-07-01T12:12:33+00:00\" \/>\n\t\t<meta name=\"twitter:card\" content=\"summary_large_image\" \/>\n\t\t<meta name=\"twitter:title\" content=\"Christian Savelli, nuevo vicepresidente de investigaci\u00f3n y anal\u00edtica de negocios de CLIA | El Digital de Asturias\" \/>\n\t\t<meta name=\"twitter:description\" content=\"Christian Savelli ha sido nombrado nuevo vicepresidente de investigaci\u00f3n y anal\u00edtica de negocios de la Asociaci\u00f3n Internacional de L\u00edneas de Cruceros (CLIA, en sus siglas en ingl\u00e9s), seg\u00fan ha informado la compa\u00f1\u00eda en un comunicado. Savelli ser\u00e1 responsable de liderar el departamento de investigaci\u00f3n interna de la CLIA y supervisar el desarrollo de casos de\" \/>\n\t\t<meta name=\"twitter:image\" content=\"https:\/\/eldigitaldeasturias.com\/magazine365\/wp-content\/uploads\/2015\/07\/fotonoticia_20150630184558_800.jpg\" \/>\n\t\t<script type=\"application\/ld+json\" class=\"aioseo-schema\">\n\t\t\t{\"@context\":\"https:\\\/\\\/schema.org\",\"@graph\":[{\"@type\":\"Article\",\"@id\":\"https:\\\/\\\/eldigitaldeasturias.com\\\/magazine365\\\/christian-savelli-nuevo-vicepresidente-de-investigacion-y-analitica-de-negocios-de-clia\\\/#article\",\"name\":\"Christian Savelli, nuevo vicepresidente de investigaci\\u00f3n y anal\\u00edtica de negocios de CLIA | El Digital de Asturias\",\"headline\":\"Christian Savelli, nuevo vicepresidente de investigaci\\u00f3n y anal\\u00edtica de negocios de CLIA\",\"author\":{\"@id\":\"https:\\\/\\\/eldigitaldeasturias.com\\\/magazine365\\\/author\\\/admin\\\/#author\"},\"publisher\":{\"@id\":\"https:\\\/\\\/eldigitaldeasturias.com\\\/magazine365\\\/#organization\"},\"image\":{\"@type\":\"ImageObject\",\"url\":\"https:\\\/\\\/eldigitaldeasturias.com\\\/magazine365\\\/wp-content\\\/uploads\\\/2015\\\/07\\\/fotonoticia_20150630184558_800.jpg\",\"width\":800,\"height\":1200},\"datePublished\":\"2015-07-01T13:42:33+02:00\",\"dateModified\":\"2015-07-01T13:42:33+02:00\",\"inLanguage\":\"es-ES\",\"mainEntityOfPage\":{\"@id\":\"https:\\\/\\\/eldigitaldeasturias.com\\\/magazine365\\\/christian-savelli-nuevo-vicepresidente-de-investigacion-y-analitica-de-negocios-de-clia\\\/#webpage\"},\"isPartOf\":{\"@id\":\"https:\\\/\\\/eldigitaldeasturias.com\\\/magazine365\\\/christian-savelli-nuevo-vicepresidente-de-investigacion-y-analitica-de-negocios-de-clia\\\/#webpage\"},\"articleSection\":\"Actualidad Turismo\"},{\"@type\":\"BreadcrumbList\",\"@id\":\"https:\\\/\\\/eldigitaldeasturias.com\\\/magazine365\\\/christian-savelli-nuevo-vicepresidente-de-investigacion-y-analitica-de-negocios-de-clia\\\/#breadcrumblist\",\"itemListElement\":[{\"@type\":\"ListItem\",\"@id\":\"https:\\\/\\\/eldigitaldeasturias.com\\\/magazine365#listItem\",\"position\":1,\"name\":\"Home\",\"item\":\"https:\\\/\\\/eldigitaldeasturias.com\\\/magazine365\",\"nextItem\":{\"@type\":\"ListItem\",\"@id\":\"https:\\\/\\\/eldigitaldeasturias.com\\\/magazine365\\\/category\\\/actualidad-turismo\\\/#listItem\",\"name\":\"Actualidad Turismo\"}},{\"@type\":\"ListItem\",\"@id\":\"https:\\\/\\\/eldigitaldeasturias.com\\\/magazine365\\\/category\\\/actualidad-turismo\\\/#listItem\",\"position\":2,\"name\":\"Actualidad Turismo\",\"item\":\"https:\\\/\\\/eldigitaldeasturias.com\\\/magazine365\\\/category\\\/actualidad-turismo\\\/\",\"nextItem\":{\"@type\":\"ListItem\",\"@id\":\"https:\\\/\\\/eldigitaldeasturias.com\\\/magazine365\\\/christian-savelli-nuevo-vicepresidente-de-investigacion-y-analitica-de-negocios-de-clia\\\/#listItem\",\"name\":\"Christian Savelli, nuevo vicepresidente de investigaci\\u00f3n y anal\\u00edtica de negocios de CLIA\"},\"previousItem\":{\"@type\":\"ListItem\",\"@id\":\"https:\\\/\\\/eldigitaldeasturias.com\\\/magazine365#listItem\",\"name\":\"Home\"}},{\"@type\":\"ListItem\",\"@id\":\"https:\\\/\\\/eldigitaldeasturias.com\\\/magazine365\\\/christian-savelli-nuevo-vicepresidente-de-investigacion-y-analitica-de-negocios-de-clia\\\/#listItem\",\"position\":3,\"name\":\"Christian Savelli, nuevo vicepresidente de investigaci\\u00f3n y anal\\u00edtica de negocios de CLIA\",\"previousItem\":{\"@type\":\"ListItem\",\"@id\":\"https:\\\/\\\/eldigitaldeasturias.com\\\/magazine365\\\/category\\\/actualidad-turismo\\\/#listItem\",\"name\":\"Actualidad Turismo\"}}]},{\"@type\":\"Organization\",\"@id\":\"https:\\\/\\\/eldigitaldeasturias.com\\\/magazine365\\\/#organization\",\"name\":\"El digital de Asturias\",\"description\":\"Revista de ocio, turismo y estilo de vida\",\"url\":\"https:\\\/\\\/eldigitaldeasturias.com\\\/magazine365\\\/\",\"logo\":{\"@type\":\"ImageObject\",\"url\":\"https:\\\/\\\/www.eldigitaldeasturias.com\\\/noticias\\\/wp-content\\\/uploads\\\/2020\\\/12\\\/EDA.jpg\",\"@id\":\"https:\\\/\\\/eldigitaldeasturias.com\\\/magazine365\\\/christian-savelli-nuevo-vicepresidente-de-investigacion-y-analitica-de-negocios-de-clia\\\/#organizationLogo\"},\"image\":{\"@id\":\"https:\\\/\\\/eldigitaldeasturias.com\\\/magazine365\\\/christian-savelli-nuevo-vicepresidente-de-investigacion-y-analitica-de-negocios-de-clia\\\/#organizationLogo\"}},{\"@type\":\"Person\",\"@id\":\"https:\\\/\\\/eldigitaldeasturias.com\\\/magazine365\\\/author\\\/admin\\\/#author\",\"url\":\"https:\\\/\\\/eldigitaldeasturias.com\\\/magazine365\\\/author\\\/admin\\\/\",\"name\":\"admin\",\"image\":{\"@type\":\"ImageObject\",\"@id\":\"https:\\\/\\\/eldigitaldeasturias.com\\\/magazine365\\\/christian-savelli-nuevo-vicepresidente-de-investigacion-y-analitica-de-negocios-de-clia\\\/#authorImage\",\"url\":\"https:\\\/\\\/eldigitaldeasturias.com\\\/magazine365\\\/wp-content\\\/litespeed\\\/avatar\\\/e571bcf59a0edd6fa6838245a470f2fe.jpg?ver=1777574230\",\"width\":96,\"height\":96,\"caption\":\"admin\"}},{\"@type\":\"WebPage\",\"@id\":\"https:\\\/\\\/eldigitaldeasturias.com\\\/magazine365\\\/christian-savelli-nuevo-vicepresidente-de-investigacion-y-analitica-de-negocios-de-clia\\\/#webpage\",\"url\":\"https:\\\/\\\/eldigitaldeasturias.com\\\/magazine365\\\/christian-savelli-nuevo-vicepresidente-de-investigacion-y-analitica-de-negocios-de-clia\\\/\",\"name\":\"Christian Savelli, nuevo vicepresidente de investigaci\\u00f3n y anal\\u00edtica de negocios de CLIA | El Digital de Asturias\",\"description\":\"Christian Savelli ha sido nombrado nuevo vicepresidente de investigaci\\u00f3n y anal\\u00edtica de negocios de la Asociaci\\u00f3n Internacional de L\\u00edneas de Cruceros (CLIA, en sus siglas en ingl\\u00e9s), seg\\u00fan ha informado la compa\\u00f1\\u00eda en un comunicado. Savelli ser\\u00e1 responsable de liderar el departamento de investigaci\\u00f3n interna de la CLIA y supervisar el desarrollo de casos de\",\"inLanguage\":\"es-ES\",\"isPartOf\":{\"@id\":\"https:\\\/\\\/eldigitaldeasturias.com\\\/magazine365\\\/#website\"},\"breadcrumb\":{\"@id\":\"https:\\\/\\\/eldigitaldeasturias.com\\\/magazine365\\\/christian-savelli-nuevo-vicepresidente-de-investigacion-y-analitica-de-negocios-de-clia\\\/#breadcrumblist\"},\"author\":{\"@id\":\"https:\\\/\\\/eldigitaldeasturias.com\\\/magazine365\\\/author\\\/admin\\\/#author\"},\"creator\":{\"@id\":\"https:\\\/\\\/eldigitaldeasturias.com\\\/magazine365\\\/author\\\/admin\\\/#author\"},\"image\":{\"@type\":\"ImageObject\",\"url\":\"https:\\\/\\\/eldigitaldeasturias.com\\\/magazine365\\\/wp-content\\\/uploads\\\/2015\\\/07\\\/fotonoticia_20150630184558_800.jpg\",\"@id\":\"https:\\\/\\\/eldigitaldeasturias.com\\\/magazine365\\\/christian-savelli-nuevo-vicepresidente-de-investigacion-y-analitica-de-negocios-de-clia\\\/#mainImage\",\"width\":800,\"height\":1200},\"primaryImageOfPage\":{\"@id\":\"https:\\\/\\\/eldigitaldeasturias.com\\\/magazine365\\\/christian-savelli-nuevo-vicepresidente-de-investigacion-y-analitica-de-negocios-de-clia\\\/#mainImage\"},\"datePublished\":\"2015-07-01T13:42:33+02:00\",\"dateModified\":\"2015-07-01T13:42:33+02:00\"},{\"@type\":\"WebSite\",\"@id\":\"https:\\\/\\\/eldigitaldeasturias.com\\\/magazine365\\\/#website\",\"url\":\"https:\\\/\\\/eldigitaldeasturias.com\\\/magazine365\\\/\",\"name\":\"El Digital de Asturias\",\"description\":\"Revista de ocio, turismo y estilo de vida\",\"inLanguage\":\"es-ES\",\"publisher\":{\"@id\":\"https:\\\/\\\/eldigitaldeasturias.com\\\/magazine365\\\/#organization\"}}]}\n\t\t<\/script>\n\t\t<!-- All in One SEO Pro -->\r\n\t\t<title>Christian Savelli, nuevo vicepresidente de investigaci\u00f3n y anal\u00edtica de negocios de CLIA | El Digital de Asturias<\/title>\n\n","aioseo_head_json":{"title":"Christian Savelli, nuevo vicepresidente de investigaci\u00f3n y anal\u00edtica de negocios de CLIA | El Digital de Asturias","description":"Christian Savelli ha sido nombrado nuevo vicepresidente de investigaci\u00f3n y anal\u00edtica de negocios de la Asociaci\u00f3n Internacional de L\u00edneas de Cruceros (CLIA, en sus siglas en ingl\u00e9s), seg\u00fan ha informado la compa\u00f1\u00eda en un comunicado. Savelli ser\u00e1 responsable de liderar el departamento de investigaci\u00f3n interna de la CLIA y supervisar el desarrollo de casos de","canonical_url":"https:\/\/eldigitaldeasturias.com\/magazine365\/christian-savelli-nuevo-vicepresidente-de-investigacion-y-analitica-de-negocios-de-clia\/","robots":"max-image-preview:large","keywords":"actualidad turismo","webmasterTools":{"google-site-verification":"UA-38556648-1","miscellaneous":""},"schema":{"@context":"https:\/\/schema.org","@graph":[{"@type":"Article","@id":"https:\/\/eldigitaldeasturias.com\/magazine365\/christian-savelli-nuevo-vicepresidente-de-investigacion-y-analitica-de-negocios-de-clia\/#article","name":"Christian Savelli, nuevo vicepresidente de investigaci\u00f3n y anal\u00edtica de negocios de CLIA | El Digital de Asturias","headline":"Christian Savelli, nuevo vicepresidente de investigaci\u00f3n y anal\u00edtica de negocios de CLIA","author":{"@id":"https:\/\/eldigitaldeasturias.com\/magazine365\/author\/admin\/#author"},"publisher":{"@id":"https:\/\/eldigitaldeasturias.com\/magazine365\/#organization"},"image":{"@type":"ImageObject","url":"https:\/\/eldigitaldeasturias.com\/magazine365\/wp-content\/uploads\/2015\/07\/fotonoticia_20150630184558_800.jpg","width":800,"height":1200},"datePublished":"2015-07-01T13:42:33+02:00","dateModified":"2015-07-01T13:42:33+02:00","inLanguage":"es-ES","mainEntityOfPage":{"@id":"https:\/\/eldigitaldeasturias.com\/magazine365\/christian-savelli-nuevo-vicepresidente-de-investigacion-y-analitica-de-negocios-de-clia\/#webpage"},"isPartOf":{"@id":"https:\/\/eldigitaldeasturias.com\/magazine365\/christian-savelli-nuevo-vicepresidente-de-investigacion-y-analitica-de-negocios-de-clia\/#webpage"},"articleSection":"Actualidad Turismo"},{"@type":"BreadcrumbList","@id":"https:\/\/eldigitaldeasturias.com\/magazine365\/christian-savelli-nuevo-vicepresidente-de-investigacion-y-analitica-de-negocios-de-clia\/#breadcrumblist","itemListElement":[{"@type":"ListItem","@id":"https:\/\/eldigitaldeasturias.com\/magazine365#listItem","position":1,"name":"Home","item":"https:\/\/eldigitaldeasturias.com\/magazine365","nextItem":{"@type":"ListItem","@id":"https:\/\/eldigitaldeasturias.com\/magazine365\/category\/actualidad-turismo\/#listItem","name":"Actualidad Turismo"}},{"@type":"ListItem","@id":"https:\/\/eldigitaldeasturias.com\/magazine365\/category\/actualidad-turismo\/#listItem","position":2,"name":"Actualidad Turismo","item":"https:\/\/eldigitaldeasturias.com\/magazine365\/category\/actualidad-turismo\/","nextItem":{"@type":"ListItem","@id":"https:\/\/eldigitaldeasturias.com\/magazine365\/christian-savelli-nuevo-vicepresidente-de-investigacion-y-analitica-de-negocios-de-clia\/#listItem","name":"Christian Savelli, nuevo vicepresidente de investigaci\u00f3n y anal\u00edtica de negocios de CLIA"},"previousItem":{"@type":"ListItem","@id":"https:\/\/eldigitaldeasturias.com\/magazine365#listItem","name":"Home"}},{"@type":"ListItem","@id":"https:\/\/eldigitaldeasturias.com\/magazine365\/christian-savelli-nuevo-vicepresidente-de-investigacion-y-analitica-de-negocios-de-clia\/#listItem","position":3,"name":"Christian Savelli, nuevo vicepresidente de investigaci\u00f3n y anal\u00edtica de negocios de CLIA","previousItem":{"@type":"ListItem","@id":"https:\/\/eldigitaldeasturias.com\/magazine365\/category\/actualidad-turismo\/#listItem","name":"Actualidad Turismo"}}]},{"@type":"Organization","@id":"https:\/\/eldigitaldeasturias.com\/magazine365\/#organization","name":"El digital de Asturias","description":"Revista de ocio, turismo y estilo de vida","url":"https:\/\/eldigitaldeasturias.com\/magazine365\/","logo":{"@type":"ImageObject","url":"https:\/\/www.eldigitaldeasturias.com\/noticias\/wp-content\/uploads\/2020\/12\/EDA.jpg","@id":"https:\/\/eldigitaldeasturias.com\/magazine365\/christian-savelli-nuevo-vicepresidente-de-investigacion-y-analitica-de-negocios-de-clia\/#organizationLogo"},"image":{"@id":"https:\/\/eldigitaldeasturias.com\/magazine365\/christian-savelli-nuevo-vicepresidente-de-investigacion-y-analitica-de-negocios-de-clia\/#organizationLogo"}},{"@type":"Person","@id":"https:\/\/eldigitaldeasturias.com\/magazine365\/author\/admin\/#author","url":"https:\/\/eldigitaldeasturias.com\/magazine365\/author\/admin\/","name":"admin","image":{"@type":"ImageObject","@id":"https:\/\/eldigitaldeasturias.com\/magazine365\/christian-savelli-nuevo-vicepresidente-de-investigacion-y-analitica-de-negocios-de-clia\/#authorImage","url":"https:\/\/eldigitaldeasturias.com\/magazine365\/wp-content\/litespeed\/avatar\/e571bcf59a0edd6fa6838245a470f2fe.jpg?ver=1777574230","width":96,"height":96,"caption":"admin"}},{"@type":"WebPage","@id":"https:\/\/eldigitaldeasturias.com\/magazine365\/christian-savelli-nuevo-vicepresidente-de-investigacion-y-analitica-de-negocios-de-clia\/#webpage","url":"https:\/\/eldigitaldeasturias.com\/magazine365\/christian-savelli-nuevo-vicepresidente-de-investigacion-y-analitica-de-negocios-de-clia\/","name":"Christian Savelli, nuevo vicepresidente de investigaci\u00f3n y anal\u00edtica de negocios de CLIA | El Digital de Asturias","description":"Christian Savelli ha sido nombrado nuevo vicepresidente de investigaci\u00f3n y anal\u00edtica de negocios de la Asociaci\u00f3n Internacional de L\u00edneas de Cruceros (CLIA, en sus siglas en ingl\u00e9s), seg\u00fan ha informado la compa\u00f1\u00eda en un comunicado. Savelli ser\u00e1 responsable de liderar el departamento de investigaci\u00f3n interna de la CLIA y supervisar el desarrollo de casos de","inLanguage":"es-ES","isPartOf":{"@id":"https:\/\/eldigitaldeasturias.com\/magazine365\/#website"},"breadcrumb":{"@id":"https:\/\/eldigitaldeasturias.com\/magazine365\/christian-savelli-nuevo-vicepresidente-de-investigacion-y-analitica-de-negocios-de-clia\/#breadcrumblist"},"author":{"@id":"https:\/\/eldigitaldeasturias.com\/magazine365\/author\/admin\/#author"},"creator":{"@id":"https:\/\/eldigitaldeasturias.com\/magazine365\/author\/admin\/#author"},"image":{"@type":"ImageObject","url":"https:\/\/eldigitaldeasturias.com\/magazine365\/wp-content\/uploads\/2015\/07\/fotonoticia_20150630184558_800.jpg","@id":"https:\/\/eldigitaldeasturias.com\/magazine365\/christian-savelli-nuevo-vicepresidente-de-investigacion-y-analitica-de-negocios-de-clia\/#mainImage","width":800,"height":1200},"primaryImageOfPage":{"@id":"https:\/\/eldigitaldeasturias.com\/magazine365\/christian-savelli-nuevo-vicepresidente-de-investigacion-y-analitica-de-negocios-de-clia\/#mainImage"},"datePublished":"2015-07-01T13:42:33+02:00","dateModified":"2015-07-01T13:42:33+02:00"},{"@type":"WebSite","@id":"https:\/\/eldigitaldeasturias.com\/magazine365\/#website","url":"https:\/\/eldigitaldeasturias.com\/magazine365\/","name":"El Digital de Asturias","description":"Revista de ocio, turismo y estilo de vida","inLanguage":"es-ES","publisher":{"@id":"https:\/\/eldigitaldeasturias.com\/magazine365\/#organization"}}]},"og:locale":"es_ES","og:site_name":"El Digital de Asturias \u2013 Revista de ocio, turismo y estilo de vida","og:type":"article","og:title":"Christian Savelli, nuevo vicepresidente de investigaci\u00f3n y anal\u00edtica de negocios de CLIA | El Digital de Asturias","og:description":"Christian Savelli ha sido nombrado nuevo vicepresidente de investigaci\u00f3n y anal\u00edtica de negocios de la Asociaci\u00f3n Internacional de L\u00edneas de Cruceros (CLIA, en sus siglas en ingl\u00e9s), seg\u00fan ha informado la compa\u00f1\u00eda en un comunicado. Savelli ser\u00e1 responsable de liderar el departamento de investigaci\u00f3n interna de la CLIA y supervisar el desarrollo de casos de","og:url":"https:\/\/eldigitaldeasturias.com\/magazine365\/christian-savelli-nuevo-vicepresidente-de-investigacion-y-analitica-de-negocios-de-clia\/","og:image":"https:\/\/eldigitaldeasturias.com\/magazine365\/wp-content\/uploads\/2015\/07\/fotonoticia_20150630184558_800.jpg","og:image:secure_url":"https:\/\/eldigitaldeasturias.com\/magazine365\/wp-content\/uploads\/2015\/07\/fotonoticia_20150630184558_800.jpg","og:image:width":800,"og:image:height":1200,"article:published_time":"2015-07-01T12:12:33+00:00","article:modified_time":"2015-07-01T12:12:33+00:00","twitter:card":"summary_large_image","twitter:title":"Christian Savelli, nuevo vicepresidente de investigaci\u00f3n y anal\u00edtica de negocios de CLIA | El Digital de Asturias","twitter:description":"Christian Savelli ha sido nombrado nuevo vicepresidente de investigaci\u00f3n y anal\u00edtica de negocios de la Asociaci\u00f3n Internacional de L\u00edneas de Cruceros (CLIA, en sus siglas en ingl\u00e9s), seg\u00fan ha informado la compa\u00f1\u00eda en un comunicado. Savelli ser\u00e1 responsable de liderar el departamento de investigaci\u00f3n interna de la CLIA y supervisar el desarrollo de casos de","twitter:image":"https:\/\/eldigitaldeasturias.com\/magazine365\/wp-content\/uploads\/2015\/07\/fotonoticia_20150630184558_800.jpg"},"aioseo_meta_data":{"post_id":"41447","title":null,"description":null,"keywords":null,"keyphrases":null,"primary_term":null,"canonical_url":null,"og_title":null,"og_description":null,"og_object_type":"default","og_image_type":"default","og_image_url":null,"og_image_width":null,"og_image_height":null,"og_image_custom_url":null,"og_image_custom_fields":null,"og_video":null,"og_custom_url":null,"og_article_section":null,"og_article_tags":null,"twitter_use_og":false,"twitter_card":"default","twitter_image_type":"default","twitter_image_url":null,"twitter_image_custom_url":null,"twitter_image_custom_fields":null,"twitter_title":null,"twitter_description":null,"schema":{"blockGraphs":[],"customGraphs":[],"default":{"data":{"Article":[],"Course":[],"Dataset":[],"FAQPage":[],"Movie":[],"Person":[],"Product":[],"ProductReview":[],"Car":[],"Recipe":[],"Service":[],"SoftwareApplication":[],"WebPage":[]},"graphName":"","isEnabled":true},"graphs":[],"defaultGraph":"","defaultPostTypeGraph":""},"schema_type":null,"schema_type_options":null,"pillar_content":false,"robots_default":true,"robots_noindex":false,"robots_noarchive":false,"robots_nosnippet":false,"robots_nofollow":false,"robots_noimageindex":false,"robots_noodp":false,"robots_notranslate":false,"robots_max_snippet":null,"robots_max_videopreview":null,"robots_max_imagepreview":"large","priority":null,"frequency":null,"location":null,"local_seo":null,"seo_analyzer_scan_date":"2025-09-19 15:39:07","breadcrumb_settings":null,"limit_modified_date":false,"open_ai":null,"ai":null,"created":"2021-03-09 02:16:14","updated":"2025-09-19 15:39:07"},"aioseo_breadcrumb":"<div class=\"aioseo-breadcrumbs\"><span class=\"aioseo-breadcrumb\">\n\t<a href=\"https:\/\/eldigitaldeasturias.com\/magazine365\" title=\"Home\">Home<\/a>\n<\/span><span class=\"aioseo-breadcrumb-separator\">\u2013<\/span><span class=\"aioseo-breadcrumb\">\n\t<a href=\"https:\/\/eldigitaldeasturias.com\/magazine365\/category\/actualidad-turismo\/\" title=\"Actualidad Turismo\">Actualidad Turismo<\/a>\n<\/span><span class=\"aioseo-breadcrumb-separator\">\u2013<\/span><span class=\"aioseo-breadcrumb\">\n\t<a href=\"https:\/\/eldigitaldeasturias.com\/magazine365\/christian-savelli-nuevo-vicepresidente-de-investigacion-y-analitica-de-negocios-de-clia\/\" title=\"Christian Savelli, nuevo vicepresidente de investigaci\u00f3n y anal\u00edtica de negocios de CLIA\">Christian Savelli, nuevo vicepresidente de investigaci\u00f3n y anal\u00edtica de negocios de CLIA<\/a>\n<\/span><\/div>","aioseo_breadcrumb_json":[{"label":"Home","link":"https:\/\/eldigitaldeasturias.com\/magazine365"},{"label":"Actualidad Turismo","link":"https:\/\/eldigitaldeasturias.com\/magazine365\/category\/actualidad-turismo\/"},{"label":"Christian Savelli, nuevo vicepresidente de investigaci\u00f3n y anal\u00edtica de negocios de CLIA","link":"https:\/\/eldigitaldeasturias.com\/magazine365\/christian-savelli-nuevo-vicepresidente-de-investigacion-y-analitica-de-negocios-de-clia\/"}],"_links":{"self":[{"href":"https:\/\/eldigitaldeasturias.com\/magazine365\/wp-json\/wp\/v2\/posts\/41447","targetHints":{"allow":["GET"]}}],"collection":[{"href":"https:\/\/eldigitaldeasturias.com\/magazine365\/wp-json\/wp\/v2\/posts"}],"about":[{"href":"https:\/\/eldigitaldeasturias.com\/magazine365\/wp-json\/wp\/v2\/types\/post"}],"author":[{"embeddable":true,"href":"https:\/\/eldigitaldeasturias.com\/magazine365\/wp-json\/wp\/v2\/users\/1"}],"replies":[{"embeddable":true,"href":"https:\/\/eldigitaldeasturias.com\/magazine365\/wp-json\/wp\/v2\/comments?post=41447"}],"version-history":[{"count":0,"href":"https:\/\/eldigitaldeasturias.com\/magazine365\/wp-json\/wp\/v2\/posts\/41447\/revisions"}],"wp:featuredmedia":[{"embeddable":true,"href":"https:\/\/eldigitaldeasturias.com\/magazine365\/wp-json\/wp\/v2\/media\/41448"}],"wp:attachment":[{"href":"https:\/\/eldigitaldeasturias.com\/magazine365\/wp-json\/wp\/v2\/media?parent=41447"}],"wp:term":[{"taxonomy":"category","embeddable":true,"href":"https:\/\/eldigitaldeasturias.com\/magazine365\/wp-json\/wp\/v2\/categories?post=41447"},{"taxonomy":"post_tag","embeddable":true,"href":"https:\/\/eldigitaldeasturias.com\/magazine365\/wp-json\/wp\/v2\/tags?post=41447"}],"curies":[{"name":"wp","href":"https:\/\/api.w.org\/{rel}","templated":true}]}}