{"id":41438,"date":"2015-07-01T13:31:20","date_gmt":"2015-07-01T12:01:20","guid":{"rendered":"http:\/\/eldigitaldeasturias.com\/magazine365\/?p=41438"},"modified":"2015-07-01T13:31:20","modified_gmt":"2015-07-01T12:01:20","slug":"extremadura-termal-arranca-su-temporada-estival-de-balnearios","status":"publish","type":"post","link":"https:\/\/eldigitaldeasturias.com\/magazine365\/extremadura-termal-arranca-su-temporada-estival-de-balnearios\/","title":{"rendered":"Extremadura Termal arranca su temporada estival de balnearios"},"content":{"rendered":"<p><img fetchpriority=\"high\" decoding=\"async\" class=\"alignleft size-medium wp-image-41439\" src=\"https:\/\/eldigitaldeasturias.com\/magazine365\/wp-content\/uploads\/2015\/07\/fotonoticia_20150630172619_800-360x232.jpg\" alt=\"fotonoticia_20150630172619_800\" width=\"360\" height=\"232\" srcset=\"https:\/\/eldigitaldeasturias.com\/magazine365\/wp-content\/uploads\/2015\/07\/fotonoticia_20150630172619_800-360x232.jpg 360w, https:\/\/eldigitaldeasturias.com\/magazine365\/wp-content\/uploads\/2015\/07\/fotonoticia_20150630172619_800-650x419.jpg 650w, https:\/\/eldigitaldeasturias.com\/magazine365\/wp-content\/uploads\/2015\/07\/fotonoticia_20150630172619_800-768x495.jpg 768w, https:\/\/eldigitaldeasturias.com\/magazine365\/wp-content\/uploads\/2015\/07\/fotonoticia_20150630172619_800-150x97.jpg 150w, https:\/\/eldigitaldeasturias.com\/magazine365\/wp-content\/uploads\/2015\/07\/fotonoticia_20150630172619_800-450x290.jpg 450w, https:\/\/eldigitaldeasturias.com\/magazine365\/wp-content\/uploads\/2015\/07\/fotonoticia_20150630172619_800-696x449.jpg 696w, https:\/\/eldigitaldeasturias.com\/magazine365\/wp-content\/uploads\/2015\/07\/fotonoticia_20150630172619_800-651x420.jpg 651w, https:\/\/eldigitaldeasturias.com\/magazine365\/wp-content\/uploads\/2015\/07\/fotonoticia_20150630172619_800-225x145.jpg 225w, https:\/\/eldigitaldeasturias.com\/magazine365\/wp-content\/uploads\/2015\/07\/fotonoticia_20150630172619_800-84x55.jpg 84w, https:\/\/eldigitaldeasturias.com\/magazine365\/wp-content\/uploads\/2015\/07\/fotonoticia_20150630172619_800.jpg 800w\" sizes=\"(max-width: 360px) 100vw, 360px\" \/>Extremadura Termal, la nueva marca promocional de la Asociaci\u00f3n de Balnearios de Extremadura, arranca su temporada estival con niveles de ocupaci\u00f3n cercanos al 90 por ciento.<\/p>\n<p>Cabe recordar que esta asociaci\u00f3n est\u00e1 formada por seis centros termales \u00fanicos, situados en las provincias de C\u00e1ceres y Badajoz como son Alange, El Raposo, Salugral Termal Resort, Fuentes del Trampal, Ba\u00f1os de Montemayor y Brozas.<\/p>\n<p>As\u00ed, con una extensa carta de presentaci\u00f3n, los centros dan la bienvenida a una de sus principales estaciones del a\u00f1o donde ponen en marcha todo un conjunto de tratamientos y t\u00e9cnicas especializadas en salud y en el bienestar para el cliente, a la cabeza de las cuales se sit\u00faa un equipo m\u00e9dico especializado.<\/p>\n<p>En este sentido la temporada arranca rodeada de enclaves naturales \u00fanicos, aguas mineromedicinales, tratamientos y programas especiales, seg\u00fan ha indicado Extremadura Termal en nota de prensa.<\/p>\n<p>Cabe destacar que, desde el nacimiento de esta marca en 2013, esta recibe, cada vez m\u00e1s, una mayor afluencia de p\u00fablico de todas las edades.<\/p>\n<p>EXPERIENCIAS EN CADA BALNEARIO.<\/p>\n<p>La experiencia que se puede vivir en cada uno de los seis balnearios es diferente y \u00fanica.<\/p>\n<p>As\u00ed, el centro de Ba\u00f1os de Montemayor (C\u00e1ceres) destaca por sus piscinas ubicadas junto a unas antiguas termas romanas; adem\u00e1s, las condiciones y precios de los tratamientos terap\u00e9uticos (reumatol\u00f3gicos y respiratorios), las t\u00e9cnicas termales (inhalaciones, chorros o pulverizaciones) y las t\u00e9cnicas complementarios (parafinas, presoterapia, masajes o tratamientos de est\u00e9tica) pueden consultarse en la web del balneario.<\/p>\n<p>Asimismo, m\u00e1s all\u00e1 de sus propuestas termales, la localidad es c\u00e9lebre por sus actividades artesanales (cester\u00eda) o su arquitectura como la Iglesia de Santa Mar\u00eda que invitan a un paseo cultural.<\/p>\n<p>Por su parte, el centro termal de Fuentes del Trampal recibe al hu\u00e9sped con un completo circuito din\u00e1mico que incluye distintos tipos de masajes como los arom\u00e1ticos donde se puede elegir entre masaje esencial de lavanda, de naranja o el de drenaje especial de olimax.<\/p>\n<p>En este sentido, el cliente puede disfrutar de distintos circuitos -refrescante y antiestr\u00e9s- en los que poner a punto el cuerpo.<\/p>\n<p>Adem\u00e1s, los que se alojen en sus instalaciones dispondr\u00e1n de una oferta desde solo 89 euros en habitaci\u00f3n doble en la que se incluye media pensi\u00f3n, un tratamiento de envoltura corporal hidratante en oro y un circuito especial.<\/p>\n<p>Asimismo, el cliente gozar\u00e1 del acceso a la piscina, jacuzzi, gruta de nebulizaci\u00f3n, ba\u00f1o turco, duchas de contraste o sauna finlandesa.<\/p>\n<p>BROZAS Y LAS TERMAS DE EL SALUGRAL.<\/p>\n<p>Por su parte, el balneario de Brozas es especialista en t\u00e9cnicas de fisioterapia por lo que el cliente que desee hospedarse en sus instalaciones deber\u00e1 viajar hasta la conocida como Tierra de Alc\u00e1ntara.<\/p>\n<p>Durante su estancia disfrutar\u00e1 de masajes descontracturantes, terap\u00e9uticos, faciales o t\u00e9cnicas especiales como el drenaje linf\u00e1tico o el anticelul\u00edtico.<\/p>\n<p>De igual modo, el centro termal ofrece las m\u00e1s innovadoras t\u00e9cnicas de termalismo alimentadas del manantial cuya agua sulfurada, rica en azufre, socio, cloruro y magnesio son muy beneficiosas para las afecciones reum\u00e1ticas, problemas respiratorios y estr\u00e9s, siendo tonificantes y embellecedoras para la piel.<\/p>\n<p>Por otra parte, las termas de El Salugral Termal Resort inauguran la \u00e9poca de estival con ofertas para las vacaciones y celebran la llegada del verano con dos programas especiales como vacaciones gourmet y vacaciones deluxe.<\/p>\n<p>La primera opci\u00f3n incluye dos noches de alojamiento en habitaci\u00f3n doble, en r\u00e9gimen de media pensi\u00f3n, acceso al circuito relax, ba\u00f1o con hidromasaje en ba\u00f1era individual y piscina climatizada hidroactiva a un precio de 129,90 euros.<\/p>\n<p>Por su parte, la segunda de las promociones incluye dos noches de alojamiento en habitaci\u00f3n doble con desayuno continental, acceso al circuito relax, una sesi\u00f3n de presoterapia para reactivar la circulaci\u00f3n o una manicura b\u00e1sica y acceso a la piscina climatizada hidroactiva y piscina exterior por 116,90 euros.<\/p>\n<p>LAS AGUAS MINEROMEDICINALES DEL BALNERIO DE ALANGE.<\/p>\n<p>El Balneario de Alange presenta en su arranque de temporada estival una completa experiencia termal en la que, gracias a sus aguas mineromedicinales conocidas por sus propiedades terap\u00e9uticas, existe la posibilidad de disfrutar de tratamientos termales en un ambiente relajado.<\/p>\n<p>Desde el espacio termal, situado en la comarca de Tierra de M\u00e9rida-Vegas Bajas, son expertos en mejorar las afecciones del sistema nervioso como las cefaleas, jaquecas, agotamiento, estados depresivos o inquietud psicomotriz de la infancia.<\/p>\n<p>Una de las m\u00faltiples ofertas que ofrece el centro es el circuito belleza, un programa que cuenta con ducha templada, laguna del manantial, piscina termal de hidromasaje, ducha escocesa, mascarilla facial e hidrataci\u00f3n por solo 35 euros.<\/p>\n<p>Por otra parte, si lo que se desea es probar las t\u00e9cnicas en zona seca, el cliente disfrutar\u00e1, entre otros atractivos, de un masaje relax de velas arom\u00e1ticas durante 30 minutos por s\u00f3lo 37 euros o de la aplicaci\u00f3n de una mascarilla de arcilla en piernas durante 20 minutos y por 12 euros.<\/p>\n<p>BALNEARIO EL RAPOSO.<\/p>\n<p>En la localidad de Puebla de Sancho P\u00e9rez, enmarcada en plena V\u00eda de la Plata, el balneario de El Raposo presenta en este per\u00edodo un completo programa en el que disfrutar de circuitos termales con piscina climatizada, masaje de caracolas, bamb\u00fa o velas, tratamientos de hidroterapia con bombas efervescentes, masajes f\u00e1ciles o podales o la aplicaci\u00f3n de t\u00e9cnicas como la presoterapia.<\/p>\n<p>Se trata de unas ofertas que se pueden obtener desde 101 euros\/persona en habitaci\u00f3n doble y la opci\u00f3n de media pensi\u00f3n o pensi\u00f3n completa desde 116,90 euros.<\/p>\n<p>La habitaci\u00f3n individual en media pensi\u00f3n tiene un precio de 121,70 euros por persona y d\u00eda y la completa cuesta 137,60 euros; mientras que la opci\u00f3n de disfrutar en habitaci\u00f3n triple en r\u00e9gimen de media pensi\u00f3n saldr\u00eda por 96,75 euros o 112,65 euros si se hace extensible a la prensi\u00f3n completa.<\/p>\n<p>\u00abEs el periodo estival en el que la marca Extremadura Termal consolida su presencia en el mercado y en el turismo de salud y donde sus principales l\u00edneas de actuaci\u00f3n pasan por aunar en un mismo producto<\/p>\n<p>bienestar, ocio, patrimonio, cultura, arquitectura y gastronom\u00eda propios de una regi\u00f3n extensa en dichas caracter\u00edsticas\u00bb, ha destacado Extremadura Termal.<\/p>\n","protected":false},"excerpt":{"rendered":"<p>Extremadura Termal, la nueva marca promocional de la Asociaci\u00f3n de Balnearios de Extremadura, arranca su temporada estival con niveles de ocupaci\u00f3n cercanos al 90 por ciento. Cabe recordar que esta asociaci\u00f3n est\u00e1 formada por seis centros termales \u00fanicos, situados en las provincias de C\u00e1ceres y Badajoz como son Alange, El Raposo, Salugral Termal Resort, Fuentes<\/p>\n","protected":false},"author":1,"featured_media":41439,"comment_status":"open","ping_status":"closed","sticky":false,"template":"","format":"standard","meta":{"footnotes":""},"categories":[224],"tags":[],"class_list":{"0":"post-41438","1":"post","2":"type-post","3":"status-publish","4":"format-standard","5":"has-post-thumbnail","7":"category-noticias-actualidad"},"aioseo_notices":[],"aioseo_head":"\n\t\t<!-- All in One SEO Pro 4.9.6.1 - aioseo.com -->\n\t<meta name=\"description\" content=\"Extremadura Termal, la nueva marca promocional de la Asociaci\u00f3n de Balnearios de Extremadura, arranca su temporada estival con niveles de ocupaci\u00f3n cercanos al 90 por ciento. Cabe recordar que esta asociaci\u00f3n est\u00e1 formada por seis centros termales \u00fanicos, situados en las provincias de C\u00e1ceres y Badajoz como son Alange, El Raposo, Salugral Termal Resort, Fuentes\" \/>\n\t<meta name=\"robots\" content=\"max-image-preview:large\" \/>\n\t<meta name=\"author\" content=\"admin\"\/>\n\t<meta name=\"google-site-verification\" content=\"UA-38556648-1\" \/>\n\t<meta name=\"keywords\" content=\"noticias y actualidad\" \/>\n\t<link rel=\"canonical\" href=\"https:\/\/eldigitaldeasturias.com\/magazine365\/extremadura-termal-arranca-su-temporada-estival-de-balnearios\/\" \/>\n\t<meta name=\"generator\" content=\"All in One SEO Pro (AIOSEO) 4.9.6.1\" \/>\n\t\t<meta property=\"og:locale\" content=\"es_ES\" \/>\n\t\t<meta property=\"og:site_name\" content=\"El Digital de Asturias \u2013 Revista de ocio, turismo y estilo de vida\" \/>\n\t\t<meta property=\"og:type\" content=\"article\" \/>\n\t\t<meta property=\"og:title\" content=\"Extremadura Termal arranca su temporada estival de balnearios | El Digital de Asturias\" \/>\n\t\t<meta property=\"og:description\" content=\"Extremadura Termal, la nueva marca promocional de la Asociaci\u00f3n de Balnearios de Extremadura, arranca su temporada estival con niveles de ocupaci\u00f3n cercanos al 90 por ciento. Cabe recordar que esta asociaci\u00f3n est\u00e1 formada por seis centros termales \u00fanicos, situados en las provincias de C\u00e1ceres y Badajoz como son Alange, El Raposo, Salugral Termal Resort, Fuentes\" \/>\n\t\t<meta property=\"og:url\" content=\"https:\/\/eldigitaldeasturias.com\/magazine365\/extremadura-termal-arranca-su-temporada-estival-de-balnearios\/\" \/>\n\t\t<meta property=\"og:image\" content=\"https:\/\/eldigitaldeasturias.com\/magazine365\/wp-content\/uploads\/2015\/07\/fotonoticia_20150630172619_800.jpg\" \/>\n\t\t<meta property=\"og:image:secure_url\" content=\"https:\/\/eldigitaldeasturias.com\/magazine365\/wp-content\/uploads\/2015\/07\/fotonoticia_20150630172619_800.jpg\" \/>\n\t\t<meta property=\"og:image:width\" content=\"800\" \/>\n\t\t<meta property=\"og:image:height\" content=\"516\" \/>\n\t\t<meta property=\"article:published_time\" content=\"2015-07-01T12:01:20+00:00\" \/>\n\t\t<meta property=\"article:modified_time\" content=\"2015-07-01T12:01:20+00:00\" \/>\n\t\t<meta name=\"twitter:card\" content=\"summary_large_image\" \/>\n\t\t<meta name=\"twitter:title\" content=\"Extremadura Termal arranca su temporada estival de balnearios | El Digital de Asturias\" \/>\n\t\t<meta name=\"twitter:description\" content=\"Extremadura Termal, la nueva marca promocional de la Asociaci\u00f3n de Balnearios de Extremadura, arranca su temporada estival con niveles de ocupaci\u00f3n cercanos al 90 por ciento. Cabe recordar que esta asociaci\u00f3n est\u00e1 formada por seis centros termales \u00fanicos, situados en las provincias de C\u00e1ceres y Badajoz como son Alange, El Raposo, Salugral Termal Resort, Fuentes\" \/>\n\t\t<meta name=\"twitter:image\" content=\"https:\/\/eldigitaldeasturias.com\/magazine365\/wp-content\/uploads\/2015\/07\/fotonoticia_20150630172619_800.jpg\" \/>\n\t\t<script type=\"application\/ld+json\" class=\"aioseo-schema\">\n\t\t\t{\"@context\":\"https:\\\/\\\/schema.org\",\"@graph\":[{\"@type\":\"Article\",\"@id\":\"https:\\\/\\\/eldigitaldeasturias.com\\\/magazine365\\\/extremadura-termal-arranca-su-temporada-estival-de-balnearios\\\/#article\",\"name\":\"Extremadura Termal arranca su temporada estival de balnearios | El Digital de Asturias\",\"headline\":\"Extremadura Termal arranca su temporada estival de balnearios\",\"author\":{\"@id\":\"https:\\\/\\\/eldigitaldeasturias.com\\\/magazine365\\\/author\\\/admin\\\/#author\"},\"publisher\":{\"@id\":\"https:\\\/\\\/eldigitaldeasturias.com\\\/magazine365\\\/#organization\"},\"image\":{\"@type\":\"ImageObject\",\"url\":\"https:\\\/\\\/eldigitaldeasturias.com\\\/magazine365\\\/wp-content\\\/uploads\\\/2015\\\/07\\\/fotonoticia_20150630172619_800.jpg\",\"width\":800,\"height\":516},\"datePublished\":\"2015-07-01T13:31:20+02:00\",\"dateModified\":\"2015-07-01T13:31:20+02:00\",\"inLanguage\":\"es-ES\",\"mainEntityOfPage\":{\"@id\":\"https:\\\/\\\/eldigitaldeasturias.com\\\/magazine365\\\/extremadura-termal-arranca-su-temporada-estival-de-balnearios\\\/#webpage\"},\"isPartOf\":{\"@id\":\"https:\\\/\\\/eldigitaldeasturias.com\\\/magazine365\\\/extremadura-termal-arranca-su-temporada-estival-de-balnearios\\\/#webpage\"},\"articleSection\":\"Noticias y Actualidad\"},{\"@type\":\"BreadcrumbList\",\"@id\":\"https:\\\/\\\/eldigitaldeasturias.com\\\/magazine365\\\/extremadura-termal-arranca-su-temporada-estival-de-balnearios\\\/#breadcrumblist\",\"itemListElement\":[{\"@type\":\"ListItem\",\"@id\":\"https:\\\/\\\/eldigitaldeasturias.com\\\/magazine365#listItem\",\"position\":1,\"name\":\"Home\",\"item\":\"https:\\\/\\\/eldigitaldeasturias.com\\\/magazine365\",\"nextItem\":{\"@type\":\"ListItem\",\"@id\":\"https:\\\/\\\/eldigitaldeasturias.com\\\/magazine365\\\/category\\\/noticias-actualidad\\\/#listItem\",\"name\":\"Noticias y Actualidad\"}},{\"@type\":\"ListItem\",\"@id\":\"https:\\\/\\\/eldigitaldeasturias.com\\\/magazine365\\\/category\\\/noticias-actualidad\\\/#listItem\",\"position\":2,\"name\":\"Noticias y Actualidad\",\"item\":\"https:\\\/\\\/eldigitaldeasturias.com\\\/magazine365\\\/category\\\/noticias-actualidad\\\/\",\"nextItem\":{\"@type\":\"ListItem\",\"@id\":\"https:\\\/\\\/eldigitaldeasturias.com\\\/magazine365\\\/extremadura-termal-arranca-su-temporada-estival-de-balnearios\\\/#listItem\",\"name\":\"Extremadura Termal arranca su temporada estival de balnearios\"},\"previousItem\":{\"@type\":\"ListItem\",\"@id\":\"https:\\\/\\\/eldigitaldeasturias.com\\\/magazine365#listItem\",\"name\":\"Home\"}},{\"@type\":\"ListItem\",\"@id\":\"https:\\\/\\\/eldigitaldeasturias.com\\\/magazine365\\\/extremadura-termal-arranca-su-temporada-estival-de-balnearios\\\/#listItem\",\"position\":3,\"name\":\"Extremadura Termal arranca su temporada estival de balnearios\",\"previousItem\":{\"@type\":\"ListItem\",\"@id\":\"https:\\\/\\\/eldigitaldeasturias.com\\\/magazine365\\\/category\\\/noticias-actualidad\\\/#listItem\",\"name\":\"Noticias y Actualidad\"}}]},{\"@type\":\"Organization\",\"@id\":\"https:\\\/\\\/eldigitaldeasturias.com\\\/magazine365\\\/#organization\",\"name\":\"El digital de Asturias\",\"description\":\"Revista de ocio, turismo y estilo de vida\",\"url\":\"https:\\\/\\\/eldigitaldeasturias.com\\\/magazine365\\\/\",\"logo\":{\"@type\":\"ImageObject\",\"url\":\"https:\\\/\\\/www.eldigitaldeasturias.com\\\/noticias\\\/wp-content\\\/uploads\\\/2020\\\/12\\\/EDA.jpg\",\"@id\":\"https:\\\/\\\/eldigitaldeasturias.com\\\/magazine365\\\/extremadura-termal-arranca-su-temporada-estival-de-balnearios\\\/#organizationLogo\"},\"image\":{\"@id\":\"https:\\\/\\\/eldigitaldeasturias.com\\\/magazine365\\\/extremadura-termal-arranca-su-temporada-estival-de-balnearios\\\/#organizationLogo\"}},{\"@type\":\"Person\",\"@id\":\"https:\\\/\\\/eldigitaldeasturias.com\\\/magazine365\\\/author\\\/admin\\\/#author\",\"url\":\"https:\\\/\\\/eldigitaldeasturias.com\\\/magazine365\\\/author\\\/admin\\\/\",\"name\":\"admin\",\"image\":{\"@type\":\"ImageObject\",\"@id\":\"https:\\\/\\\/eldigitaldeasturias.com\\\/magazine365\\\/extremadura-termal-arranca-su-temporada-estival-de-balnearios\\\/#authorImage\",\"url\":\"https:\\\/\\\/eldigitaldeasturias.com\\\/magazine365\\\/wp-content\\\/litespeed\\\/avatar\\\/e571bcf59a0edd6fa6838245a470f2fe.jpg?ver=1777574230\",\"width\":96,\"height\":96,\"caption\":\"admin\"}},{\"@type\":\"WebPage\",\"@id\":\"https:\\\/\\\/eldigitaldeasturias.com\\\/magazine365\\\/extremadura-termal-arranca-su-temporada-estival-de-balnearios\\\/#webpage\",\"url\":\"https:\\\/\\\/eldigitaldeasturias.com\\\/magazine365\\\/extremadura-termal-arranca-su-temporada-estival-de-balnearios\\\/\",\"name\":\"Extremadura Termal arranca su temporada estival de balnearios | El Digital de Asturias\",\"description\":\"Extremadura Termal, la nueva marca promocional de la Asociaci\\u00f3n de Balnearios de Extremadura, arranca su temporada estival con niveles de ocupaci\\u00f3n cercanos al 90 por ciento. Cabe recordar que esta asociaci\\u00f3n est\\u00e1 formada por seis centros termales \\u00fanicos, situados en las provincias de C\\u00e1ceres y Badajoz como son Alange, El Raposo, Salugral Termal Resort, Fuentes\",\"inLanguage\":\"es-ES\",\"isPartOf\":{\"@id\":\"https:\\\/\\\/eldigitaldeasturias.com\\\/magazine365\\\/#website\"},\"breadcrumb\":{\"@id\":\"https:\\\/\\\/eldigitaldeasturias.com\\\/magazine365\\\/extremadura-termal-arranca-su-temporada-estival-de-balnearios\\\/#breadcrumblist\"},\"author\":{\"@id\":\"https:\\\/\\\/eldigitaldeasturias.com\\\/magazine365\\\/author\\\/admin\\\/#author\"},\"creator\":{\"@id\":\"https:\\\/\\\/eldigitaldeasturias.com\\\/magazine365\\\/author\\\/admin\\\/#author\"},\"image\":{\"@type\":\"ImageObject\",\"url\":\"https:\\\/\\\/eldigitaldeasturias.com\\\/magazine365\\\/wp-content\\\/uploads\\\/2015\\\/07\\\/fotonoticia_20150630172619_800.jpg\",\"@id\":\"https:\\\/\\\/eldigitaldeasturias.com\\\/magazine365\\\/extremadura-termal-arranca-su-temporada-estival-de-balnearios\\\/#mainImage\",\"width\":800,\"height\":516},\"primaryImageOfPage\":{\"@id\":\"https:\\\/\\\/eldigitaldeasturias.com\\\/magazine365\\\/extremadura-termal-arranca-su-temporada-estival-de-balnearios\\\/#mainImage\"},\"datePublished\":\"2015-07-01T13:31:20+02:00\",\"dateModified\":\"2015-07-01T13:31:20+02:00\"},{\"@type\":\"WebSite\",\"@id\":\"https:\\\/\\\/eldigitaldeasturias.com\\\/magazine365\\\/#website\",\"url\":\"https:\\\/\\\/eldigitaldeasturias.com\\\/magazine365\\\/\",\"name\":\"El Digital de Asturias\",\"description\":\"Revista de ocio, turismo y estilo de vida\",\"inLanguage\":\"es-ES\",\"publisher\":{\"@id\":\"https:\\\/\\\/eldigitaldeasturias.com\\\/magazine365\\\/#organization\"}}]}\n\t\t<\/script>\n\t\t<!-- All in One SEO Pro -->\r\n\t\t<title>Extremadura Termal arranca su temporada estival de balnearios | El Digital de Asturias<\/title>\n\n","aioseo_head_json":{"title":"Extremadura Termal arranca su temporada estival de balnearios | El Digital de Asturias","description":"Extremadura Termal, la nueva marca promocional de la Asociaci\u00f3n de Balnearios de Extremadura, arranca su temporada estival con niveles de ocupaci\u00f3n cercanos al 90 por ciento. Cabe recordar que esta asociaci\u00f3n est\u00e1 formada por seis centros termales \u00fanicos, situados en las provincias de C\u00e1ceres y Badajoz como son Alange, El Raposo, Salugral Termal Resort, Fuentes","canonical_url":"https:\/\/eldigitaldeasturias.com\/magazine365\/extremadura-termal-arranca-su-temporada-estival-de-balnearios\/","robots":"max-image-preview:large","keywords":"noticias y actualidad","webmasterTools":{"google-site-verification":"UA-38556648-1","miscellaneous":""},"schema":{"@context":"https:\/\/schema.org","@graph":[{"@type":"Article","@id":"https:\/\/eldigitaldeasturias.com\/magazine365\/extremadura-termal-arranca-su-temporada-estival-de-balnearios\/#article","name":"Extremadura Termal arranca su temporada estival de balnearios | El Digital de Asturias","headline":"Extremadura Termal arranca su temporada estival de balnearios","author":{"@id":"https:\/\/eldigitaldeasturias.com\/magazine365\/author\/admin\/#author"},"publisher":{"@id":"https:\/\/eldigitaldeasturias.com\/magazine365\/#organization"},"image":{"@type":"ImageObject","url":"https:\/\/eldigitaldeasturias.com\/magazine365\/wp-content\/uploads\/2015\/07\/fotonoticia_20150630172619_800.jpg","width":800,"height":516},"datePublished":"2015-07-01T13:31:20+02:00","dateModified":"2015-07-01T13:31:20+02:00","inLanguage":"es-ES","mainEntityOfPage":{"@id":"https:\/\/eldigitaldeasturias.com\/magazine365\/extremadura-termal-arranca-su-temporada-estival-de-balnearios\/#webpage"},"isPartOf":{"@id":"https:\/\/eldigitaldeasturias.com\/magazine365\/extremadura-termal-arranca-su-temporada-estival-de-balnearios\/#webpage"},"articleSection":"Noticias y Actualidad"},{"@type":"BreadcrumbList","@id":"https:\/\/eldigitaldeasturias.com\/magazine365\/extremadura-termal-arranca-su-temporada-estival-de-balnearios\/#breadcrumblist","itemListElement":[{"@type":"ListItem","@id":"https:\/\/eldigitaldeasturias.com\/magazine365#listItem","position":1,"name":"Home","item":"https:\/\/eldigitaldeasturias.com\/magazine365","nextItem":{"@type":"ListItem","@id":"https:\/\/eldigitaldeasturias.com\/magazine365\/category\/noticias-actualidad\/#listItem","name":"Noticias y Actualidad"}},{"@type":"ListItem","@id":"https:\/\/eldigitaldeasturias.com\/magazine365\/category\/noticias-actualidad\/#listItem","position":2,"name":"Noticias y Actualidad","item":"https:\/\/eldigitaldeasturias.com\/magazine365\/category\/noticias-actualidad\/","nextItem":{"@type":"ListItem","@id":"https:\/\/eldigitaldeasturias.com\/magazine365\/extremadura-termal-arranca-su-temporada-estival-de-balnearios\/#listItem","name":"Extremadura Termal arranca su temporada estival de balnearios"},"previousItem":{"@type":"ListItem","@id":"https:\/\/eldigitaldeasturias.com\/magazine365#listItem","name":"Home"}},{"@type":"ListItem","@id":"https:\/\/eldigitaldeasturias.com\/magazine365\/extremadura-termal-arranca-su-temporada-estival-de-balnearios\/#listItem","position":3,"name":"Extremadura Termal arranca su temporada estival de balnearios","previousItem":{"@type":"ListItem","@id":"https:\/\/eldigitaldeasturias.com\/magazine365\/category\/noticias-actualidad\/#listItem","name":"Noticias y Actualidad"}}]},{"@type":"Organization","@id":"https:\/\/eldigitaldeasturias.com\/magazine365\/#organization","name":"El digital de Asturias","description":"Revista de ocio, turismo y estilo de vida","url":"https:\/\/eldigitaldeasturias.com\/magazine365\/","logo":{"@type":"ImageObject","url":"https:\/\/www.eldigitaldeasturias.com\/noticias\/wp-content\/uploads\/2020\/12\/EDA.jpg","@id":"https:\/\/eldigitaldeasturias.com\/magazine365\/extremadura-termal-arranca-su-temporada-estival-de-balnearios\/#organizationLogo"},"image":{"@id":"https:\/\/eldigitaldeasturias.com\/magazine365\/extremadura-termal-arranca-su-temporada-estival-de-balnearios\/#organizationLogo"}},{"@type":"Person","@id":"https:\/\/eldigitaldeasturias.com\/magazine365\/author\/admin\/#author","url":"https:\/\/eldigitaldeasturias.com\/magazine365\/author\/admin\/","name":"admin","image":{"@type":"ImageObject","@id":"https:\/\/eldigitaldeasturias.com\/magazine365\/extremadura-termal-arranca-su-temporada-estival-de-balnearios\/#authorImage","url":"https:\/\/eldigitaldeasturias.com\/magazine365\/wp-content\/litespeed\/avatar\/e571bcf59a0edd6fa6838245a470f2fe.jpg?ver=1777574230","width":96,"height":96,"caption":"admin"}},{"@type":"WebPage","@id":"https:\/\/eldigitaldeasturias.com\/magazine365\/extremadura-termal-arranca-su-temporada-estival-de-balnearios\/#webpage","url":"https:\/\/eldigitaldeasturias.com\/magazine365\/extremadura-termal-arranca-su-temporada-estival-de-balnearios\/","name":"Extremadura Termal arranca su temporada estival de balnearios | El Digital de Asturias","description":"Extremadura Termal, la nueva marca promocional de la Asociaci\u00f3n de Balnearios de Extremadura, arranca su temporada estival con niveles de ocupaci\u00f3n cercanos al 90 por ciento. Cabe recordar que esta asociaci\u00f3n est\u00e1 formada por seis centros termales \u00fanicos, situados en las provincias de C\u00e1ceres y Badajoz como son Alange, El Raposo, Salugral Termal Resort, Fuentes","inLanguage":"es-ES","isPartOf":{"@id":"https:\/\/eldigitaldeasturias.com\/magazine365\/#website"},"breadcrumb":{"@id":"https:\/\/eldigitaldeasturias.com\/magazine365\/extremadura-termal-arranca-su-temporada-estival-de-balnearios\/#breadcrumblist"},"author":{"@id":"https:\/\/eldigitaldeasturias.com\/magazine365\/author\/admin\/#author"},"creator":{"@id":"https:\/\/eldigitaldeasturias.com\/magazine365\/author\/admin\/#author"},"image":{"@type":"ImageObject","url":"https:\/\/eldigitaldeasturias.com\/magazine365\/wp-content\/uploads\/2015\/07\/fotonoticia_20150630172619_800.jpg","@id":"https:\/\/eldigitaldeasturias.com\/magazine365\/extremadura-termal-arranca-su-temporada-estival-de-balnearios\/#mainImage","width":800,"height":516},"primaryImageOfPage":{"@id":"https:\/\/eldigitaldeasturias.com\/magazine365\/extremadura-termal-arranca-su-temporada-estival-de-balnearios\/#mainImage"},"datePublished":"2015-07-01T13:31:20+02:00","dateModified":"2015-07-01T13:31:20+02:00"},{"@type":"WebSite","@id":"https:\/\/eldigitaldeasturias.com\/magazine365\/#website","url":"https:\/\/eldigitaldeasturias.com\/magazine365\/","name":"El Digital de Asturias","description":"Revista de ocio, turismo y estilo de vida","inLanguage":"es-ES","publisher":{"@id":"https:\/\/eldigitaldeasturias.com\/magazine365\/#organization"}}]},"og:locale":"es_ES","og:site_name":"El Digital de Asturias \u2013 Revista de ocio, turismo y estilo de vida","og:type":"article","og:title":"Extremadura Termal arranca su temporada estival de balnearios | El Digital de Asturias","og:description":"Extremadura Termal, la nueva marca promocional de la Asociaci\u00f3n de Balnearios de Extremadura, arranca su temporada estival con niveles de ocupaci\u00f3n cercanos al 90 por ciento. Cabe recordar que esta asociaci\u00f3n est\u00e1 formada por seis centros termales \u00fanicos, situados en las provincias de C\u00e1ceres y Badajoz como son Alange, El Raposo, Salugral Termal Resort, Fuentes","og:url":"https:\/\/eldigitaldeasturias.com\/magazine365\/extremadura-termal-arranca-su-temporada-estival-de-balnearios\/","og:image":"https:\/\/eldigitaldeasturias.com\/magazine365\/wp-content\/uploads\/2015\/07\/fotonoticia_20150630172619_800.jpg","og:image:secure_url":"https:\/\/eldigitaldeasturias.com\/magazine365\/wp-content\/uploads\/2015\/07\/fotonoticia_20150630172619_800.jpg","og:image:width":800,"og:image:height":516,"article:published_time":"2015-07-01T12:01:20+00:00","article:modified_time":"2015-07-01T12:01:20+00:00","twitter:card":"summary_large_image","twitter:title":"Extremadura Termal arranca su temporada estival de balnearios | El Digital de Asturias","twitter:description":"Extremadura Termal, la nueva marca promocional de la Asociaci\u00f3n de Balnearios de Extremadura, arranca su temporada estival con niveles de ocupaci\u00f3n cercanos al 90 por ciento. Cabe recordar que esta asociaci\u00f3n est\u00e1 formada por seis centros termales \u00fanicos, situados en las provincias de C\u00e1ceres y Badajoz como son Alange, El Raposo, Salugral Termal Resort, Fuentes","twitter:image":"https:\/\/eldigitaldeasturias.com\/magazine365\/wp-content\/uploads\/2015\/07\/fotonoticia_20150630172619_800.jpg"},"aioseo_meta_data":{"post_id":"41438","title":null,"description":null,"keywords":null,"keyphrases":null,"primary_term":null,"canonical_url":null,"og_title":null,"og_description":null,"og_object_type":"default","og_image_type":"default","og_image_url":null,"og_image_width":null,"og_image_height":null,"og_image_custom_url":null,"og_image_custom_fields":null,"og_video":null,"og_custom_url":null,"og_article_section":null,"og_article_tags":null,"twitter_use_og":false,"twitter_card":"default","twitter_image_type":"default","twitter_image_url":null,"twitter_image_custom_url":null,"twitter_image_custom_fields":null,"twitter_title":null,"twitter_description":null,"schema":{"blockGraphs":[],"customGraphs":[],"default":{"data":{"Article":[],"Course":[],"Dataset":[],"FAQPage":[],"Movie":[],"Person":[],"Product":[],"ProductReview":[],"Car":[],"Recipe":[],"Service":[],"SoftwareApplication":[],"WebPage":[]},"graphName":"","isEnabled":true},"graphs":[],"defaultGraph":"","defaultPostTypeGraph":""},"schema_type":null,"schema_type_options":null,"pillar_content":false,"robots_default":true,"robots_noindex":false,"robots_noarchive":false,"robots_nosnippet":false,"robots_nofollow":false,"robots_noimageindex":false,"robots_noodp":false,"robots_notranslate":false,"robots_max_snippet":null,"robots_max_videopreview":null,"robots_max_imagepreview":"large","priority":null,"frequency":null,"location":null,"local_seo":null,"seo_analyzer_scan_date":"2025-09-19 15:39:03","breadcrumb_settings":null,"limit_modified_date":false,"open_ai":null,"ai":null,"created":"2021-03-09 02:16:14","updated":"2025-09-19 15:39:03"},"aioseo_breadcrumb":"<div class=\"aioseo-breadcrumbs\"><span class=\"aioseo-breadcrumb\">\n\t<a href=\"https:\/\/eldigitaldeasturias.com\/magazine365\" title=\"Home\">Home<\/a>\n<\/span><span class=\"aioseo-breadcrumb-separator\">\u2013<\/span><span class=\"aioseo-breadcrumb\">\n\t<a href=\"https:\/\/eldigitaldeasturias.com\/magazine365\/category\/noticias-actualidad\/\" title=\"Noticias y Actualidad\">Noticias y Actualidad<\/a>\n<\/span><span class=\"aioseo-breadcrumb-separator\">\u2013<\/span><span class=\"aioseo-breadcrumb\">\n\t<a href=\"https:\/\/eldigitaldeasturias.com\/magazine365\/extremadura-termal-arranca-su-temporada-estival-de-balnearios\/\" title=\"Extremadura Termal arranca su temporada estival de balnearios\">Extremadura Termal arranca su temporada estival de balnearios<\/a>\n<\/span><\/div>","aioseo_breadcrumb_json":[{"label":"Home","link":"https:\/\/eldigitaldeasturias.com\/magazine365"},{"label":"Noticias y Actualidad","link":"https:\/\/eldigitaldeasturias.com\/magazine365\/category\/noticias-actualidad\/"},{"label":"Extremadura Termal arranca su temporada estival de balnearios","link":"https:\/\/eldigitaldeasturias.com\/magazine365\/extremadura-termal-arranca-su-temporada-estival-de-balnearios\/"}],"_links":{"self":[{"href":"https:\/\/eldigitaldeasturias.com\/magazine365\/wp-json\/wp\/v2\/posts\/41438","targetHints":{"allow":["GET"]}}],"collection":[{"href":"https:\/\/eldigitaldeasturias.com\/magazine365\/wp-json\/wp\/v2\/posts"}],"about":[{"href":"https:\/\/eldigitaldeasturias.com\/magazine365\/wp-json\/wp\/v2\/types\/post"}],"author":[{"embeddable":true,"href":"https:\/\/eldigitaldeasturias.com\/magazine365\/wp-json\/wp\/v2\/users\/1"}],"replies":[{"embeddable":true,"href":"https:\/\/eldigitaldeasturias.com\/magazine365\/wp-json\/wp\/v2\/comments?post=41438"}],"version-history":[{"count":0,"href":"https:\/\/eldigitaldeasturias.com\/magazine365\/wp-json\/wp\/v2\/posts\/41438\/revisions"}],"wp:featuredmedia":[{"embeddable":true,"href":"https:\/\/eldigitaldeasturias.com\/magazine365\/wp-json\/wp\/v2\/media\/41439"}],"wp:attachment":[{"href":"https:\/\/eldigitaldeasturias.com\/magazine365\/wp-json\/wp\/v2\/media?parent=41438"}],"wp:term":[{"taxonomy":"category","embeddable":true,"href":"https:\/\/eldigitaldeasturias.com\/magazine365\/wp-json\/wp\/v2\/categories?post=41438"},{"taxonomy":"post_tag","embeddable":true,"href":"https:\/\/eldigitaldeasturias.com\/magazine365\/wp-json\/wp\/v2\/tags?post=41438"}],"curies":[{"name":"wp","href":"https:\/\/api.w.org\/{rel}","templated":true}]}}