{"id":41435,"date":"2015-07-01T13:30:03","date_gmt":"2015-07-01T12:00:03","guid":{"rendered":"http:\/\/eldigitaldeasturias.com\/magazine365\/?p=41435"},"modified":"2015-07-01T13:30:03","modified_gmt":"2015-07-01T12:00:03","slug":"adh-hoteles-explotara-los-hoteles-ocean-islantilla-e-isla-cristina-por-12-anos","status":"publish","type":"post","link":"https:\/\/eldigitaldeasturias.com\/magazine365\/adh-hoteles-explotara-los-hoteles-ocean-islantilla-e-isla-cristina-por-12-anos\/","title":{"rendered":"Adh Hoteles explotar\u00e1 los hoteles Ocean Islantilla e Isla Cristina por 12 a\u00f1os"},"content":{"rendered":"<p><img fetchpriority=\"high\" decoding=\"async\" class=\"alignleft size-medium wp-image-41436\" src=\"https:\/\/eldigitaldeasturias.com\/magazine365\/wp-content\/uploads\/2015\/07\/fotonoticia_20150630172154_800-360x203.jpg\" alt=\"fotonoticia_20150630172154_800\" width=\"360\" height=\"203\" srcset=\"https:\/\/eldigitaldeasturias.com\/magazine365\/wp-content\/uploads\/2015\/07\/fotonoticia_20150630172154_800-360x203.jpg 360w, https:\/\/eldigitaldeasturias.com\/magazine365\/wp-content\/uploads\/2015\/07\/fotonoticia_20150630172154_800-650x366.jpg 650w, https:\/\/eldigitaldeasturias.com\/magazine365\/wp-content\/uploads\/2015\/07\/fotonoticia_20150630172154_800-768x433.jpg 768w, https:\/\/eldigitaldeasturias.com\/magazine365\/wp-content\/uploads\/2015\/07\/fotonoticia_20150630172154_800-150x85.jpg 150w, https:\/\/eldigitaldeasturias.com\/magazine365\/wp-content\/uploads\/2015\/07\/fotonoticia_20150630172154_800-450x254.jpg 450w, https:\/\/eldigitaldeasturias.com\/magazine365\/wp-content\/uploads\/2015\/07\/fotonoticia_20150630172154_800-696x392.jpg 696w, https:\/\/eldigitaldeasturias.com\/magazine365\/wp-content\/uploads\/2015\/07\/fotonoticia_20150630172154_800-745x420.jpg 745w, https:\/\/eldigitaldeasturias.com\/magazine365\/wp-content\/uploads\/2015\/07\/fotonoticia_20150630172154_800-499x280.jpg 499w, https:\/\/eldigitaldeasturias.com\/magazine365\/wp-content\/uploads\/2015\/07\/fotonoticia_20150630172154_800.jpg 800w\" sizes=\"(max-width: 360px) 100vw, 360px\" \/>Grupo Avintia, a trav\u00e9s de su compa\u00f1\u00eda de referencia en explotaci\u00f3n y gesti\u00f3n hotelera multimarca Adh Hoteles, ha cerrado un acuerdo de explotaci\u00f3n de los hoteles Ocean Islantilla e Isla Cristina, de la cadena Asur, que le permitir\u00e1 explotar ambos alojamientos tur\u00edsticos durante los pr\u00f3ximos 12 a\u00f1os, asegurando m\u00e1s de 250 empleos directos en la regi\u00f3n.<\/p>\n<p>La inminente apertura de los hoteles y su funcionamiento durante toda la temporada estival generar\u00e1n 800 puestos de trabajo indirectos en la zona, reforzando as\u00ed la econom\u00eda regional y enriqueciendo la oferta tur\u00edstica de Huelva, han informado a Europa Press desde la compa\u00f1\u00eda.<\/p>\n<p>La llegada de Adh Hoteles a la explotaci\u00f3n de ambos establecimientos hoteleros permitir\u00e1 que abran sus puertas esta misma semana, garantizando su pleno funcionamiento durante toda la temporada de verano.<\/p>\n<p>As\u00ed, el hotel Adh Isla ristina abrir\u00e1 sus puertas el 4 de julio mientras que el hotel Adh Ocean Islantilla recibir\u00e1 a sus primeros hu\u00e9spedes de 2015 el pr\u00f3ximo 7 de julio.<\/p>\n<p>Adh Hoteles estima que m\u00e1s de 60.000 turistas disfrutar\u00e1n de su oferta de servicios esta temporada, generando \u00abm\u00e1s de diez millones de euros\u00bb a la econom\u00eda de Huelva.<\/p>\n<p>Al respecto el director general de Adh Hoteles, Carlos Berrozpe, ha remarcado que \u00abel expertise que atesora el equipo de profesionales de Adh Hoteles nos ha convertido en la empresa de referencia en la explotaci\u00f3n hotelera Multimarca del mercado espa\u00f1ol\u00bb, a lo que ha a\u00f1adido que con esta operaci\u00f3n, Adh Hoteles \u00abafianza su posicionamiento en los dos principales segmentos del sector hotelero: mercado vacacional y mercado urbano\u00bb.<\/p>\n<p>Este acuerdo, ha insistido, permite a la empresa \u00abreforzar su posicionamiento y expansi\u00f3n hotelera en zonas estrat\u00e9gicas como son la zona centro, Catalu\u00f1a, Costa Mediterr\u00e1nea y Costa de la Luz\u00bb.<\/p>\n","protected":false},"excerpt":{"rendered":"<p>Grupo Avintia, a trav\u00e9s de su compa\u00f1\u00eda de referencia en explotaci\u00f3n y gesti\u00f3n hotelera multimarca Adh Hoteles, ha cerrado un acuerdo de explotaci\u00f3n de los hoteles Ocean Islantilla e Isla Cristina, de la cadena Asur, que le permitir\u00e1 explotar ambos alojamientos tur\u00edsticos durante los pr\u00f3ximos 12 a\u00f1os, asegurando m\u00e1s de 250 empleos directos en la<\/p>\n","protected":false},"author":1,"featured_media":41436,"comment_status":"open","ping_status":"closed","sticky":false,"template":"","format":"standard","meta":{"footnotes":""},"categories":[222],"tags":[],"class_list":{"0":"post-41435","1":"post","2":"type-post","3":"status-publish","4":"format-standard","5":"has-post-thumbnail","7":"category-actualidad-turismo"},"aioseo_notices":[],"aioseo_head":"\n\t\t<!-- All in One SEO Pro 4.9.6.1 - aioseo.com -->\n\t<meta name=\"description\" content=\"Grupo Avintia, a trav\u00e9s de su compa\u00f1\u00eda de referencia en explotaci\u00f3n y gesti\u00f3n hotelera multimarca Adh Hoteles, ha cerrado un acuerdo de explotaci\u00f3n de los hoteles Ocean Islantilla e Isla Cristina, de la cadena Asur, que le permitir\u00e1 explotar ambos alojamientos tur\u00edsticos durante los pr\u00f3ximos 12 a\u00f1os, asegurando m\u00e1s de 250 empleos directos en la\" \/>\n\t<meta name=\"robots\" content=\"max-image-preview:large\" \/>\n\t<meta name=\"author\" content=\"admin\"\/>\n\t<meta name=\"google-site-verification\" content=\"UA-38556648-1\" \/>\n\t<meta name=\"keywords\" content=\"actualidad turismo\" \/>\n\t<link rel=\"canonical\" href=\"https:\/\/eldigitaldeasturias.com\/magazine365\/adh-hoteles-explotara-los-hoteles-ocean-islantilla-e-isla-cristina-por-12-anos\/\" \/>\n\t<meta name=\"generator\" content=\"All in One SEO Pro (AIOSEO) 4.9.6.1\" \/>\n\t\t<meta property=\"og:locale\" content=\"es_ES\" \/>\n\t\t<meta property=\"og:site_name\" content=\"El Digital de Asturias \u2013 Revista de ocio, turismo y estilo de vida\" \/>\n\t\t<meta property=\"og:type\" content=\"article\" \/>\n\t\t<meta property=\"og:title\" content=\"Adh Hoteles explotar\u00e1 los hoteles Ocean Islantilla e Isla Cristina por 12 a\u00f1os | El Digital de Asturias\" \/>\n\t\t<meta property=\"og:description\" content=\"Grupo Avintia, a trav\u00e9s de su compa\u00f1\u00eda de referencia en explotaci\u00f3n y gesti\u00f3n hotelera multimarca Adh Hoteles, ha cerrado un acuerdo de explotaci\u00f3n de los hoteles Ocean Islantilla e Isla Cristina, de la cadena Asur, que le permitir\u00e1 explotar ambos alojamientos tur\u00edsticos durante los pr\u00f3ximos 12 a\u00f1os, asegurando m\u00e1s de 250 empleos directos en la\" \/>\n\t\t<meta property=\"og:url\" content=\"https:\/\/eldigitaldeasturias.com\/magazine365\/adh-hoteles-explotara-los-hoteles-ocean-islantilla-e-isla-cristina-por-12-anos\/\" \/>\n\t\t<meta property=\"og:image\" content=\"https:\/\/eldigitaldeasturias.com\/magazine365\/wp-content\/uploads\/2015\/07\/fotonoticia_20150630172154_800.jpg\" \/>\n\t\t<meta property=\"og:image:secure_url\" content=\"https:\/\/eldigitaldeasturias.com\/magazine365\/wp-content\/uploads\/2015\/07\/fotonoticia_20150630172154_800.jpg\" \/>\n\t\t<meta property=\"og:image:width\" content=\"800\" \/>\n\t\t<meta property=\"og:image:height\" content=\"451\" \/>\n\t\t<meta property=\"article:published_time\" content=\"2015-07-01T12:00:03+00:00\" \/>\n\t\t<meta property=\"article:modified_time\" content=\"2015-07-01T12:00:03+00:00\" \/>\n\t\t<meta name=\"twitter:card\" content=\"summary_large_image\" \/>\n\t\t<meta name=\"twitter:title\" content=\"Adh Hoteles explotar\u00e1 los hoteles Ocean Islantilla e Isla Cristina por 12 a\u00f1os | El Digital de Asturias\" \/>\n\t\t<meta name=\"twitter:description\" content=\"Grupo Avintia, a trav\u00e9s de su compa\u00f1\u00eda de referencia en explotaci\u00f3n y gesti\u00f3n hotelera multimarca Adh Hoteles, ha cerrado un acuerdo de explotaci\u00f3n de los hoteles Ocean Islantilla e Isla Cristina, de la cadena Asur, que le permitir\u00e1 explotar ambos alojamientos tur\u00edsticos durante los pr\u00f3ximos 12 a\u00f1os, asegurando m\u00e1s de 250 empleos directos en la\" \/>\n\t\t<meta name=\"twitter:image\" content=\"https:\/\/eldigitaldeasturias.com\/magazine365\/wp-content\/uploads\/2015\/07\/fotonoticia_20150630172154_800.jpg\" \/>\n\t\t<script type=\"application\/ld+json\" class=\"aioseo-schema\">\n\t\t\t{\"@context\":\"https:\\\/\\\/schema.org\",\"@graph\":[{\"@type\":\"Article\",\"@id\":\"https:\\\/\\\/eldigitaldeasturias.com\\\/magazine365\\\/adh-hoteles-explotara-los-hoteles-ocean-islantilla-e-isla-cristina-por-12-anos\\\/#article\",\"name\":\"Adh Hoteles explotar\\u00e1 los hoteles Ocean Islantilla e Isla Cristina por 12 a\\u00f1os | El Digital de Asturias\",\"headline\":\"Adh Hoteles explotar\\u00e1 los hoteles Ocean Islantilla e Isla Cristina por 12 a\\u00f1os\",\"author\":{\"@id\":\"https:\\\/\\\/eldigitaldeasturias.com\\\/magazine365\\\/author\\\/admin\\\/#author\"},\"publisher\":{\"@id\":\"https:\\\/\\\/eldigitaldeasturias.com\\\/magazine365\\\/#organization\"},\"image\":{\"@type\":\"ImageObject\",\"url\":\"https:\\\/\\\/eldigitaldeasturias.com\\\/magazine365\\\/wp-content\\\/uploads\\\/2015\\\/07\\\/fotonoticia_20150630172154_800.jpg\",\"width\":800,\"height\":451},\"datePublished\":\"2015-07-01T13:30:03+02:00\",\"dateModified\":\"2015-07-01T13:30:03+02:00\",\"inLanguage\":\"es-ES\",\"mainEntityOfPage\":{\"@id\":\"https:\\\/\\\/eldigitaldeasturias.com\\\/magazine365\\\/adh-hoteles-explotara-los-hoteles-ocean-islantilla-e-isla-cristina-por-12-anos\\\/#webpage\"},\"isPartOf\":{\"@id\":\"https:\\\/\\\/eldigitaldeasturias.com\\\/magazine365\\\/adh-hoteles-explotara-los-hoteles-ocean-islantilla-e-isla-cristina-por-12-anos\\\/#webpage\"},\"articleSection\":\"Actualidad Turismo\"},{\"@type\":\"BreadcrumbList\",\"@id\":\"https:\\\/\\\/eldigitaldeasturias.com\\\/magazine365\\\/adh-hoteles-explotara-los-hoteles-ocean-islantilla-e-isla-cristina-por-12-anos\\\/#breadcrumblist\",\"itemListElement\":[{\"@type\":\"ListItem\",\"@id\":\"https:\\\/\\\/eldigitaldeasturias.com\\\/magazine365#listItem\",\"position\":1,\"name\":\"Home\",\"item\":\"https:\\\/\\\/eldigitaldeasturias.com\\\/magazine365\",\"nextItem\":{\"@type\":\"ListItem\",\"@id\":\"https:\\\/\\\/eldigitaldeasturias.com\\\/magazine365\\\/category\\\/actualidad-turismo\\\/#listItem\",\"name\":\"Actualidad Turismo\"}},{\"@type\":\"ListItem\",\"@id\":\"https:\\\/\\\/eldigitaldeasturias.com\\\/magazine365\\\/category\\\/actualidad-turismo\\\/#listItem\",\"position\":2,\"name\":\"Actualidad Turismo\",\"item\":\"https:\\\/\\\/eldigitaldeasturias.com\\\/magazine365\\\/category\\\/actualidad-turismo\\\/\",\"nextItem\":{\"@type\":\"ListItem\",\"@id\":\"https:\\\/\\\/eldigitaldeasturias.com\\\/magazine365\\\/adh-hoteles-explotara-los-hoteles-ocean-islantilla-e-isla-cristina-por-12-anos\\\/#listItem\",\"name\":\"Adh Hoteles explotar\\u00e1 los hoteles Ocean Islantilla e Isla Cristina por 12 a\\u00f1os\"},\"previousItem\":{\"@type\":\"ListItem\",\"@id\":\"https:\\\/\\\/eldigitaldeasturias.com\\\/magazine365#listItem\",\"name\":\"Home\"}},{\"@type\":\"ListItem\",\"@id\":\"https:\\\/\\\/eldigitaldeasturias.com\\\/magazine365\\\/adh-hoteles-explotara-los-hoteles-ocean-islantilla-e-isla-cristina-por-12-anos\\\/#listItem\",\"position\":3,\"name\":\"Adh Hoteles explotar\\u00e1 los hoteles Ocean Islantilla e Isla Cristina por 12 a\\u00f1os\",\"previousItem\":{\"@type\":\"ListItem\",\"@id\":\"https:\\\/\\\/eldigitaldeasturias.com\\\/magazine365\\\/category\\\/actualidad-turismo\\\/#listItem\",\"name\":\"Actualidad Turismo\"}}]},{\"@type\":\"Organization\",\"@id\":\"https:\\\/\\\/eldigitaldeasturias.com\\\/magazine365\\\/#organization\",\"name\":\"El digital de Asturias\",\"description\":\"Revista de ocio, turismo y estilo de vida\",\"url\":\"https:\\\/\\\/eldigitaldeasturias.com\\\/magazine365\\\/\",\"logo\":{\"@type\":\"ImageObject\",\"url\":\"https:\\\/\\\/www.eldigitaldeasturias.com\\\/noticias\\\/wp-content\\\/uploads\\\/2020\\\/12\\\/EDA.jpg\",\"@id\":\"https:\\\/\\\/eldigitaldeasturias.com\\\/magazine365\\\/adh-hoteles-explotara-los-hoteles-ocean-islantilla-e-isla-cristina-por-12-anos\\\/#organizationLogo\"},\"image\":{\"@id\":\"https:\\\/\\\/eldigitaldeasturias.com\\\/magazine365\\\/adh-hoteles-explotara-los-hoteles-ocean-islantilla-e-isla-cristina-por-12-anos\\\/#organizationLogo\"}},{\"@type\":\"Person\",\"@id\":\"https:\\\/\\\/eldigitaldeasturias.com\\\/magazine365\\\/author\\\/admin\\\/#author\",\"url\":\"https:\\\/\\\/eldigitaldeasturias.com\\\/magazine365\\\/author\\\/admin\\\/\",\"name\":\"admin\",\"image\":{\"@type\":\"ImageObject\",\"@id\":\"https:\\\/\\\/eldigitaldeasturias.com\\\/magazine365\\\/adh-hoteles-explotara-los-hoteles-ocean-islantilla-e-isla-cristina-por-12-anos\\\/#authorImage\",\"url\":\"https:\\\/\\\/eldigitaldeasturias.com\\\/magazine365\\\/wp-content\\\/litespeed\\\/avatar\\\/e571bcf59a0edd6fa6838245a470f2fe.jpg?ver=1777574230\",\"width\":96,\"height\":96,\"caption\":\"admin\"}},{\"@type\":\"WebPage\",\"@id\":\"https:\\\/\\\/eldigitaldeasturias.com\\\/magazine365\\\/adh-hoteles-explotara-los-hoteles-ocean-islantilla-e-isla-cristina-por-12-anos\\\/#webpage\",\"url\":\"https:\\\/\\\/eldigitaldeasturias.com\\\/magazine365\\\/adh-hoteles-explotara-los-hoteles-ocean-islantilla-e-isla-cristina-por-12-anos\\\/\",\"name\":\"Adh Hoteles explotar\\u00e1 los hoteles Ocean Islantilla e Isla Cristina por 12 a\\u00f1os | El Digital de Asturias\",\"description\":\"Grupo Avintia, a trav\\u00e9s de su compa\\u00f1\\u00eda de referencia en explotaci\\u00f3n y gesti\\u00f3n hotelera multimarca Adh Hoteles, ha cerrado un acuerdo de explotaci\\u00f3n de los hoteles Ocean Islantilla e Isla Cristina, de la cadena Asur, que le permitir\\u00e1 explotar ambos alojamientos tur\\u00edsticos durante los pr\\u00f3ximos 12 a\\u00f1os, asegurando m\\u00e1s de 250 empleos directos en la\",\"inLanguage\":\"es-ES\",\"isPartOf\":{\"@id\":\"https:\\\/\\\/eldigitaldeasturias.com\\\/magazine365\\\/#website\"},\"breadcrumb\":{\"@id\":\"https:\\\/\\\/eldigitaldeasturias.com\\\/magazine365\\\/adh-hoteles-explotara-los-hoteles-ocean-islantilla-e-isla-cristina-por-12-anos\\\/#breadcrumblist\"},\"author\":{\"@id\":\"https:\\\/\\\/eldigitaldeasturias.com\\\/magazine365\\\/author\\\/admin\\\/#author\"},\"creator\":{\"@id\":\"https:\\\/\\\/eldigitaldeasturias.com\\\/magazine365\\\/author\\\/admin\\\/#author\"},\"image\":{\"@type\":\"ImageObject\",\"url\":\"https:\\\/\\\/eldigitaldeasturias.com\\\/magazine365\\\/wp-content\\\/uploads\\\/2015\\\/07\\\/fotonoticia_20150630172154_800.jpg\",\"@id\":\"https:\\\/\\\/eldigitaldeasturias.com\\\/magazine365\\\/adh-hoteles-explotara-los-hoteles-ocean-islantilla-e-isla-cristina-por-12-anos\\\/#mainImage\",\"width\":800,\"height\":451},\"primaryImageOfPage\":{\"@id\":\"https:\\\/\\\/eldigitaldeasturias.com\\\/magazine365\\\/adh-hoteles-explotara-los-hoteles-ocean-islantilla-e-isla-cristina-por-12-anos\\\/#mainImage\"},\"datePublished\":\"2015-07-01T13:30:03+02:00\",\"dateModified\":\"2015-07-01T13:30:03+02:00\"},{\"@type\":\"WebSite\",\"@id\":\"https:\\\/\\\/eldigitaldeasturias.com\\\/magazine365\\\/#website\",\"url\":\"https:\\\/\\\/eldigitaldeasturias.com\\\/magazine365\\\/\",\"name\":\"El Digital de Asturias\",\"description\":\"Revista de ocio, turismo y estilo de vida\",\"inLanguage\":\"es-ES\",\"publisher\":{\"@id\":\"https:\\\/\\\/eldigitaldeasturias.com\\\/magazine365\\\/#organization\"}}]}\n\t\t<\/script>\n\t\t<!-- All in One SEO Pro -->\r\n\t\t<title>Adh Hoteles explotar\u00e1 los hoteles Ocean Islantilla e Isla Cristina por 12 a\u00f1os | El Digital de Asturias<\/title>\n\n","aioseo_head_json":{"title":"Adh Hoteles explotar\u00e1 los hoteles Ocean Islantilla e Isla Cristina por 12 a\u00f1os | El Digital de Asturias","description":"Grupo Avintia, a trav\u00e9s de su compa\u00f1\u00eda de referencia en explotaci\u00f3n y gesti\u00f3n hotelera multimarca Adh Hoteles, ha cerrado un acuerdo de explotaci\u00f3n de los hoteles Ocean Islantilla e Isla Cristina, de la cadena Asur, que le permitir\u00e1 explotar ambos alojamientos tur\u00edsticos durante los pr\u00f3ximos 12 a\u00f1os, asegurando m\u00e1s de 250 empleos directos en la","canonical_url":"https:\/\/eldigitaldeasturias.com\/magazine365\/adh-hoteles-explotara-los-hoteles-ocean-islantilla-e-isla-cristina-por-12-anos\/","robots":"max-image-preview:large","keywords":"actualidad turismo","webmasterTools":{"google-site-verification":"UA-38556648-1","miscellaneous":""},"schema":{"@context":"https:\/\/schema.org","@graph":[{"@type":"Article","@id":"https:\/\/eldigitaldeasturias.com\/magazine365\/adh-hoteles-explotara-los-hoteles-ocean-islantilla-e-isla-cristina-por-12-anos\/#article","name":"Adh Hoteles explotar\u00e1 los hoteles Ocean Islantilla e Isla Cristina por 12 a\u00f1os | El Digital de Asturias","headline":"Adh Hoteles explotar\u00e1 los hoteles Ocean Islantilla e Isla Cristina por 12 a\u00f1os","author":{"@id":"https:\/\/eldigitaldeasturias.com\/magazine365\/author\/admin\/#author"},"publisher":{"@id":"https:\/\/eldigitaldeasturias.com\/magazine365\/#organization"},"image":{"@type":"ImageObject","url":"https:\/\/eldigitaldeasturias.com\/magazine365\/wp-content\/uploads\/2015\/07\/fotonoticia_20150630172154_800.jpg","width":800,"height":451},"datePublished":"2015-07-01T13:30:03+02:00","dateModified":"2015-07-01T13:30:03+02:00","inLanguage":"es-ES","mainEntityOfPage":{"@id":"https:\/\/eldigitaldeasturias.com\/magazine365\/adh-hoteles-explotara-los-hoteles-ocean-islantilla-e-isla-cristina-por-12-anos\/#webpage"},"isPartOf":{"@id":"https:\/\/eldigitaldeasturias.com\/magazine365\/adh-hoteles-explotara-los-hoteles-ocean-islantilla-e-isla-cristina-por-12-anos\/#webpage"},"articleSection":"Actualidad Turismo"},{"@type":"BreadcrumbList","@id":"https:\/\/eldigitaldeasturias.com\/magazine365\/adh-hoteles-explotara-los-hoteles-ocean-islantilla-e-isla-cristina-por-12-anos\/#breadcrumblist","itemListElement":[{"@type":"ListItem","@id":"https:\/\/eldigitaldeasturias.com\/magazine365#listItem","position":1,"name":"Home","item":"https:\/\/eldigitaldeasturias.com\/magazine365","nextItem":{"@type":"ListItem","@id":"https:\/\/eldigitaldeasturias.com\/magazine365\/category\/actualidad-turismo\/#listItem","name":"Actualidad Turismo"}},{"@type":"ListItem","@id":"https:\/\/eldigitaldeasturias.com\/magazine365\/category\/actualidad-turismo\/#listItem","position":2,"name":"Actualidad Turismo","item":"https:\/\/eldigitaldeasturias.com\/magazine365\/category\/actualidad-turismo\/","nextItem":{"@type":"ListItem","@id":"https:\/\/eldigitaldeasturias.com\/magazine365\/adh-hoteles-explotara-los-hoteles-ocean-islantilla-e-isla-cristina-por-12-anos\/#listItem","name":"Adh Hoteles explotar\u00e1 los hoteles Ocean Islantilla e Isla Cristina por 12 a\u00f1os"},"previousItem":{"@type":"ListItem","@id":"https:\/\/eldigitaldeasturias.com\/magazine365#listItem","name":"Home"}},{"@type":"ListItem","@id":"https:\/\/eldigitaldeasturias.com\/magazine365\/adh-hoteles-explotara-los-hoteles-ocean-islantilla-e-isla-cristina-por-12-anos\/#listItem","position":3,"name":"Adh Hoteles explotar\u00e1 los hoteles Ocean Islantilla e Isla Cristina por 12 a\u00f1os","previousItem":{"@type":"ListItem","@id":"https:\/\/eldigitaldeasturias.com\/magazine365\/category\/actualidad-turismo\/#listItem","name":"Actualidad Turismo"}}]},{"@type":"Organization","@id":"https:\/\/eldigitaldeasturias.com\/magazine365\/#organization","name":"El digital de Asturias","description":"Revista de ocio, turismo y estilo de vida","url":"https:\/\/eldigitaldeasturias.com\/magazine365\/","logo":{"@type":"ImageObject","url":"https:\/\/www.eldigitaldeasturias.com\/noticias\/wp-content\/uploads\/2020\/12\/EDA.jpg","@id":"https:\/\/eldigitaldeasturias.com\/magazine365\/adh-hoteles-explotara-los-hoteles-ocean-islantilla-e-isla-cristina-por-12-anos\/#organizationLogo"},"image":{"@id":"https:\/\/eldigitaldeasturias.com\/magazine365\/adh-hoteles-explotara-los-hoteles-ocean-islantilla-e-isla-cristina-por-12-anos\/#organizationLogo"}},{"@type":"Person","@id":"https:\/\/eldigitaldeasturias.com\/magazine365\/author\/admin\/#author","url":"https:\/\/eldigitaldeasturias.com\/magazine365\/author\/admin\/","name":"admin","image":{"@type":"ImageObject","@id":"https:\/\/eldigitaldeasturias.com\/magazine365\/adh-hoteles-explotara-los-hoteles-ocean-islantilla-e-isla-cristina-por-12-anos\/#authorImage","url":"https:\/\/eldigitaldeasturias.com\/magazine365\/wp-content\/litespeed\/avatar\/e571bcf59a0edd6fa6838245a470f2fe.jpg?ver=1777574230","width":96,"height":96,"caption":"admin"}},{"@type":"WebPage","@id":"https:\/\/eldigitaldeasturias.com\/magazine365\/adh-hoteles-explotara-los-hoteles-ocean-islantilla-e-isla-cristina-por-12-anos\/#webpage","url":"https:\/\/eldigitaldeasturias.com\/magazine365\/adh-hoteles-explotara-los-hoteles-ocean-islantilla-e-isla-cristina-por-12-anos\/","name":"Adh Hoteles explotar\u00e1 los hoteles Ocean Islantilla e Isla Cristina por 12 a\u00f1os | El Digital de Asturias","description":"Grupo Avintia, a trav\u00e9s de su compa\u00f1\u00eda de referencia en explotaci\u00f3n y gesti\u00f3n hotelera multimarca Adh Hoteles, ha cerrado un acuerdo de explotaci\u00f3n de los hoteles Ocean Islantilla e Isla Cristina, de la cadena Asur, que le permitir\u00e1 explotar ambos alojamientos tur\u00edsticos durante los pr\u00f3ximos 12 a\u00f1os, asegurando m\u00e1s de 250 empleos directos en la","inLanguage":"es-ES","isPartOf":{"@id":"https:\/\/eldigitaldeasturias.com\/magazine365\/#website"},"breadcrumb":{"@id":"https:\/\/eldigitaldeasturias.com\/magazine365\/adh-hoteles-explotara-los-hoteles-ocean-islantilla-e-isla-cristina-por-12-anos\/#breadcrumblist"},"author":{"@id":"https:\/\/eldigitaldeasturias.com\/magazine365\/author\/admin\/#author"},"creator":{"@id":"https:\/\/eldigitaldeasturias.com\/magazine365\/author\/admin\/#author"},"image":{"@type":"ImageObject","url":"https:\/\/eldigitaldeasturias.com\/magazine365\/wp-content\/uploads\/2015\/07\/fotonoticia_20150630172154_800.jpg","@id":"https:\/\/eldigitaldeasturias.com\/magazine365\/adh-hoteles-explotara-los-hoteles-ocean-islantilla-e-isla-cristina-por-12-anos\/#mainImage","width":800,"height":451},"primaryImageOfPage":{"@id":"https:\/\/eldigitaldeasturias.com\/magazine365\/adh-hoteles-explotara-los-hoteles-ocean-islantilla-e-isla-cristina-por-12-anos\/#mainImage"},"datePublished":"2015-07-01T13:30:03+02:00","dateModified":"2015-07-01T13:30:03+02:00"},{"@type":"WebSite","@id":"https:\/\/eldigitaldeasturias.com\/magazine365\/#website","url":"https:\/\/eldigitaldeasturias.com\/magazine365\/","name":"El Digital de Asturias","description":"Revista de ocio, turismo y estilo de vida","inLanguage":"es-ES","publisher":{"@id":"https:\/\/eldigitaldeasturias.com\/magazine365\/#organization"}}]},"og:locale":"es_ES","og:site_name":"El Digital de Asturias \u2013 Revista de ocio, turismo y estilo de vida","og:type":"article","og:title":"Adh Hoteles explotar\u00e1 los hoteles Ocean Islantilla e Isla Cristina por 12 a\u00f1os | El Digital de Asturias","og:description":"Grupo Avintia, a trav\u00e9s de su compa\u00f1\u00eda de referencia en explotaci\u00f3n y gesti\u00f3n hotelera multimarca Adh Hoteles, ha cerrado un acuerdo de explotaci\u00f3n de los hoteles Ocean Islantilla e Isla Cristina, de la cadena Asur, que le permitir\u00e1 explotar ambos alojamientos tur\u00edsticos durante los pr\u00f3ximos 12 a\u00f1os, asegurando m\u00e1s de 250 empleos directos en la","og:url":"https:\/\/eldigitaldeasturias.com\/magazine365\/adh-hoteles-explotara-los-hoteles-ocean-islantilla-e-isla-cristina-por-12-anos\/","og:image":"https:\/\/eldigitaldeasturias.com\/magazine365\/wp-content\/uploads\/2015\/07\/fotonoticia_20150630172154_800.jpg","og:image:secure_url":"https:\/\/eldigitaldeasturias.com\/magazine365\/wp-content\/uploads\/2015\/07\/fotonoticia_20150630172154_800.jpg","og:image:width":800,"og:image:height":451,"article:published_time":"2015-07-01T12:00:03+00:00","article:modified_time":"2015-07-01T12:00:03+00:00","twitter:card":"summary_large_image","twitter:title":"Adh Hoteles explotar\u00e1 los hoteles Ocean Islantilla e Isla Cristina por 12 a\u00f1os | El Digital de Asturias","twitter:description":"Grupo Avintia, a trav\u00e9s de su compa\u00f1\u00eda de referencia en explotaci\u00f3n y gesti\u00f3n hotelera multimarca Adh Hoteles, ha cerrado un acuerdo de explotaci\u00f3n de los hoteles Ocean Islantilla e Isla Cristina, de la cadena Asur, que le permitir\u00e1 explotar ambos alojamientos tur\u00edsticos durante los pr\u00f3ximos 12 a\u00f1os, asegurando m\u00e1s de 250 empleos directos en la","twitter:image":"https:\/\/eldigitaldeasturias.com\/magazine365\/wp-content\/uploads\/2015\/07\/fotonoticia_20150630172154_800.jpg"},"aioseo_meta_data":{"post_id":"41435","title":null,"description":null,"keywords":null,"keyphrases":null,"primary_term":null,"canonical_url":null,"og_title":null,"og_description":null,"og_object_type":"default","og_image_type":"default","og_image_url":null,"og_image_width":null,"og_image_height":null,"og_image_custom_url":null,"og_image_custom_fields":null,"og_video":null,"og_custom_url":null,"og_article_section":null,"og_article_tags":null,"twitter_use_og":false,"twitter_card":"default","twitter_image_type":"default","twitter_image_url":null,"twitter_image_custom_url":null,"twitter_image_custom_fields":null,"twitter_title":null,"twitter_description":null,"schema":{"blockGraphs":[],"customGraphs":[],"default":{"data":{"Article":[],"Course":[],"Dataset":[],"FAQPage":[],"Movie":[],"Person":[],"Product":[],"ProductReview":[],"Car":[],"Recipe":[],"Service":[],"SoftwareApplication":[],"WebPage":[]},"graphName":"","isEnabled":true},"graphs":[],"defaultGraph":"","defaultPostTypeGraph":""},"schema_type":null,"schema_type_options":null,"pillar_content":false,"robots_default":true,"robots_noindex":false,"robots_noarchive":false,"robots_nosnippet":false,"robots_nofollow":false,"robots_noimageindex":false,"robots_noodp":false,"robots_notranslate":false,"robots_max_snippet":null,"robots_max_videopreview":null,"robots_max_imagepreview":"large","priority":null,"frequency":null,"location":null,"local_seo":null,"seo_analyzer_scan_date":"2025-09-19 15:39:02","breadcrumb_settings":null,"limit_modified_date":false,"open_ai":null,"ai":null,"created":"2021-03-09 02:16:14","updated":"2025-09-19 15:39:02"},"aioseo_breadcrumb":"<div class=\"aioseo-breadcrumbs\"><span class=\"aioseo-breadcrumb\">\n\t<a href=\"https:\/\/eldigitaldeasturias.com\/magazine365\" title=\"Home\">Home<\/a>\n<\/span><span class=\"aioseo-breadcrumb-separator\">\u2013<\/span><span class=\"aioseo-breadcrumb\">\n\t<a href=\"https:\/\/eldigitaldeasturias.com\/magazine365\/category\/actualidad-turismo\/\" title=\"Actualidad Turismo\">Actualidad Turismo<\/a>\n<\/span><span class=\"aioseo-breadcrumb-separator\">\u2013<\/span><span class=\"aioseo-breadcrumb\">\n\t<a href=\"https:\/\/eldigitaldeasturias.com\/magazine365\/adh-hoteles-explotara-los-hoteles-ocean-islantilla-e-isla-cristina-por-12-anos\/\" title=\"Adh Hoteles explotar\u00e1 los hoteles Ocean Islantilla e Isla Cristina por 12 a\u00f1os\">Adh Hoteles explotar\u00e1 los hoteles Ocean Islantilla e Isla Cristina por 12 a\u00f1os<\/a>\n<\/span><\/div>","aioseo_breadcrumb_json":[{"label":"Home","link":"https:\/\/eldigitaldeasturias.com\/magazine365"},{"label":"Actualidad Turismo","link":"https:\/\/eldigitaldeasturias.com\/magazine365\/category\/actualidad-turismo\/"},{"label":"Adh Hoteles explotar\u00e1 los hoteles Ocean Islantilla e Isla Cristina por 12 a\u00f1os","link":"https:\/\/eldigitaldeasturias.com\/magazine365\/adh-hoteles-explotara-los-hoteles-ocean-islantilla-e-isla-cristina-por-12-anos\/"}],"_links":{"self":[{"href":"https:\/\/eldigitaldeasturias.com\/magazine365\/wp-json\/wp\/v2\/posts\/41435","targetHints":{"allow":["GET"]}}],"collection":[{"href":"https:\/\/eldigitaldeasturias.com\/magazine365\/wp-json\/wp\/v2\/posts"}],"about":[{"href":"https:\/\/eldigitaldeasturias.com\/magazine365\/wp-json\/wp\/v2\/types\/post"}],"author":[{"embeddable":true,"href":"https:\/\/eldigitaldeasturias.com\/magazine365\/wp-json\/wp\/v2\/users\/1"}],"replies":[{"embeddable":true,"href":"https:\/\/eldigitaldeasturias.com\/magazine365\/wp-json\/wp\/v2\/comments?post=41435"}],"version-history":[{"count":0,"href":"https:\/\/eldigitaldeasturias.com\/magazine365\/wp-json\/wp\/v2\/posts\/41435\/revisions"}],"wp:featuredmedia":[{"embeddable":true,"href":"https:\/\/eldigitaldeasturias.com\/magazine365\/wp-json\/wp\/v2\/media\/41436"}],"wp:attachment":[{"href":"https:\/\/eldigitaldeasturias.com\/magazine365\/wp-json\/wp\/v2\/media?parent=41435"}],"wp:term":[{"taxonomy":"category","embeddable":true,"href":"https:\/\/eldigitaldeasturias.com\/magazine365\/wp-json\/wp\/v2\/categories?post=41435"},{"taxonomy":"post_tag","embeddable":true,"href":"https:\/\/eldigitaldeasturias.com\/magazine365\/wp-json\/wp\/v2\/tags?post=41435"}],"curies":[{"name":"wp","href":"https:\/\/api.w.org\/{rel}","templated":true}]}}