{"id":41432,"date":"2015-07-01T13:27:08","date_gmt":"2015-07-01T11:57:08","guid":{"rendered":"http:\/\/eldigitaldeasturias.com\/magazine365\/?p=41432"},"modified":"2015-07-01T13:27:08","modified_gmt":"2015-07-01T11:57:08","slug":"costas-finaliza-esta-semana-varias-actuaciones-en-las-playas-gaditanas-de-los-barrios-el-puerto-barbate-y-vejer","status":"publish","type":"post","link":"https:\/\/eldigitaldeasturias.com\/magazine365\/costas-finaliza-esta-semana-varias-actuaciones-en-las-playas-gaditanas-de-los-barrios-el-puerto-barbate-y-vejer\/","title":{"rendered":"Costas finaliza esta semana varias actuaciones en las playas gaditanas de Los Barrios, El Puerto, Barbate y Vejer"},"content":{"rendered":"<p><img fetchpriority=\"high\" decoding=\"async\" class=\"alignleft size-medium wp-image-41433\" src=\"https:\/\/eldigitaldeasturias.com\/magazine365\/wp-content\/uploads\/2015\/07\/fotonoticia_20150630163557_800-360x241.jpg\" alt=\"fotonoticia_20150630163557_800\" width=\"360\" height=\"241\" srcset=\"https:\/\/eldigitaldeasturias.com\/magazine365\/wp-content\/uploads\/2015\/07\/fotonoticia_20150630163557_800-360x241.jpg 360w, https:\/\/eldigitaldeasturias.com\/magazine365\/wp-content\/uploads\/2015\/07\/fotonoticia_20150630163557_800-650x435.jpg 650w, https:\/\/eldigitaldeasturias.com\/magazine365\/wp-content\/uploads\/2015\/07\/fotonoticia_20150630163557_800-768x514.jpg 768w, https:\/\/eldigitaldeasturias.com\/magazine365\/wp-content\/uploads\/2015\/07\/fotonoticia_20150630163557_800-150x100.jpg 150w, https:\/\/eldigitaldeasturias.com\/magazine365\/wp-content\/uploads\/2015\/07\/fotonoticia_20150630163557_800-450x301.jpg 450w, https:\/\/eldigitaldeasturias.com\/magazine365\/wp-content\/uploads\/2015\/07\/fotonoticia_20150630163557_800-696x465.jpg 696w, https:\/\/eldigitaldeasturias.com\/magazine365\/wp-content\/uploads\/2015\/07\/fotonoticia_20150630163557_800-628x420.jpg 628w, https:\/\/eldigitaldeasturias.com\/magazine365\/wp-content\/uploads\/2015\/07\/fotonoticia_20150630163557_800-84x55.jpg 84w, https:\/\/eldigitaldeasturias.com\/magazine365\/wp-content\/uploads\/2015\/07\/fotonoticia_20150630163557_800.jpg 800w\" sizes=\"(max-width: 360px) 100vw, 360px\" \/>La Demarcaci\u00f3n de Costas de Andaluc\u00eda-Atl\u00e1ntico contin\u00faa llevando a cabo diversas actuaciones tendentes a la mejora de las condiciones de uso en varias playas de la provincia de C\u00e1diz y ha anunciado la finalizaci\u00f3n esta semana de varias actuaciones en las playas de Los Barrios, El Puerto de Santa Mar\u00eda, Barbate y Vejer de la Frontera.<\/p>\n<p>En una nota, la Subdelegaci\u00f3n del Gobierno en C\u00e1diz detalla que Tragsa ha comenzado este fin de semana la redistribuci\u00f3n de arena de la playa de Palmones, en Los Barrios, compensando los excedentes que existen en su extremo oeste, junto y en el entorno del dique del r\u00edo hacia el sector este de la playa.<\/p>\n<p>Esta redistribuci\u00f3n se hace en horario de 6,00 a 11,00 horas para no afectar a los usuarios. Los trabajos, que finalizar\u00e1n esta semana, cuentan con financiaci\u00f3n a cargo del Plan Adapta.<\/p>\n<p>Recuerda que dentro del conocido como Plan de Impulso al Medio Ambiente para la Adaptaci\u00f3n al Cambio Clim\u00e1tico en Espa\u00f1a (PIMA Adapta) &#8212; desarrollado por el Ministerio de Agricultura, Alimentaci\u00f3n y Medio Ambiente&#8211; se destinan 180.000 euros para zonas en C\u00e1diz con un mayor riesgo de sufrir los impactos del cambio clim\u00e1tico, persiguiendo reducir la exposici\u00f3n de la costa al efecto del mar.<\/p>\n<p>As\u00ed, en El Puerto de Santa Mar\u00eda tiene en marcha dos actuaciones. Este mismo martes finaliza la regeneraci\u00f3n de la playa de Fuentebrav\u00eda, acogida a la partida del &#8216;Plan Litoral&#8217;, con aporte de 100.000 metros c\u00fabicos de arena procedente de &#8216;El Placer de Meca&#8217; y una inversi\u00f3n de 1,2 millones de euros.<\/p>\n<p>Quedar\u00e1n los trabajos de retirada del tubo desde el que se vierte la arena de la draga a la playa y las labores de reperfilado final, que estar\u00e1n completados para el fin de semana. Tambi\u00e9n en El Puerto se va a proceder este martes a reperfilar la playa de Vistahermosa.<\/p>\n<p>De igual manera, han comenzado en Barbate los trabajos de redistribuci\u00f3n de arenas de la playa de El Carmen en horario nocturno, para no afectar a los usuarios. El presupuesto de esta actuaci\u00f3n asciende a 50.000 euros.<\/p>\n<p>En otro municipio de La Janda, en Vejer de la Frontera, Costas sigue tambi\u00e9n con el contrato de mantenimiento de la playa de El Palmar, retirando la arena y habilitando los accesos peatonales.<\/p>\n","protected":false},"excerpt":{"rendered":"<p>La Demarcaci\u00f3n de Costas de Andaluc\u00eda-Atl\u00e1ntico contin\u00faa llevando a cabo diversas actuaciones tendentes a la mejora de las condiciones de uso en varias playas de la provincia de C\u00e1diz y ha anunciado la finalizaci\u00f3n esta semana de varias actuaciones en las playas de Los Barrios, El Puerto de Santa Mar\u00eda, Barbate y Vejer de la<\/p>\n","protected":false},"author":1,"featured_media":41433,"comment_status":"open","ping_status":"closed","sticky":false,"template":"","format":"standard","meta":{"footnotes":""},"categories":[222],"tags":[],"class_list":{"0":"post-41432","1":"post","2":"type-post","3":"status-publish","4":"format-standard","5":"has-post-thumbnail","7":"category-actualidad-turismo"},"aioseo_notices":[],"aioseo_head":"\n\t\t<!-- All in One SEO Pro 4.9.6.1 - aioseo.com -->\n\t<meta name=\"description\" content=\"La Demarcaci\u00f3n de Costas de Andaluc\u00eda-Atl\u00e1ntico contin\u00faa llevando a cabo diversas actuaciones tendentes a la mejora de las condiciones de uso en varias playas de la provincia de C\u00e1diz y ha anunciado la finalizaci\u00f3n esta semana de varias actuaciones en las playas de Los Barrios, El Puerto de Santa Mar\u00eda, Barbate y Vejer de la\" \/>\n\t<meta name=\"robots\" content=\"max-image-preview:large\" \/>\n\t<meta name=\"author\" content=\"admin\"\/>\n\t<meta name=\"google-site-verification\" content=\"UA-38556648-1\" \/>\n\t<meta name=\"keywords\" content=\"actualidad turismo\" \/>\n\t<link rel=\"canonical\" href=\"https:\/\/eldigitaldeasturias.com\/magazine365\/costas-finaliza-esta-semana-varias-actuaciones-en-las-playas-gaditanas-de-los-barrios-el-puerto-barbate-y-vejer\/\" \/>\n\t<meta name=\"generator\" content=\"All in One SEO Pro (AIOSEO) 4.9.6.1\" \/>\n\t\t<meta property=\"og:locale\" content=\"es_ES\" \/>\n\t\t<meta property=\"og:site_name\" content=\"El Digital de Asturias \u2013 Revista de ocio, turismo y estilo de vida\" \/>\n\t\t<meta property=\"og:type\" content=\"article\" \/>\n\t\t<meta property=\"og:title\" content=\"Costas finaliza esta semana varias actuaciones en las playas gaditanas de Los Barrios, El Puerto, Barbate y Vejer | El Digital de Asturias\" \/>\n\t\t<meta property=\"og:description\" content=\"La Demarcaci\u00f3n de Costas de Andaluc\u00eda-Atl\u00e1ntico contin\u00faa llevando a cabo diversas actuaciones tendentes a la mejora de las condiciones de uso en varias playas de la provincia de C\u00e1diz y ha anunciado la finalizaci\u00f3n esta semana de varias actuaciones en las playas de Los Barrios, El Puerto de Santa Mar\u00eda, Barbate y Vejer de la\" \/>\n\t\t<meta property=\"og:url\" content=\"https:\/\/eldigitaldeasturias.com\/magazine365\/costas-finaliza-esta-semana-varias-actuaciones-en-las-playas-gaditanas-de-los-barrios-el-puerto-barbate-y-vejer\/\" \/>\n\t\t<meta property=\"og:image\" content=\"https:\/\/eldigitaldeasturias.com\/magazine365\/wp-content\/uploads\/2015\/07\/fotonoticia_20150630163557_800.jpg\" \/>\n\t\t<meta property=\"og:image:secure_url\" content=\"https:\/\/eldigitaldeasturias.com\/magazine365\/wp-content\/uploads\/2015\/07\/fotonoticia_20150630163557_800.jpg\" \/>\n\t\t<meta property=\"og:image:width\" content=\"800\" \/>\n\t\t<meta property=\"og:image:height\" content=\"535\" \/>\n\t\t<meta property=\"article:published_time\" content=\"2015-07-01T11:57:08+00:00\" \/>\n\t\t<meta property=\"article:modified_time\" content=\"2015-07-01T11:57:08+00:00\" \/>\n\t\t<meta name=\"twitter:card\" content=\"summary_large_image\" \/>\n\t\t<meta name=\"twitter:title\" content=\"Costas finaliza esta semana varias actuaciones en las playas gaditanas de Los Barrios, El Puerto, Barbate y Vejer | El Digital de Asturias\" \/>\n\t\t<meta name=\"twitter:description\" content=\"La Demarcaci\u00f3n de Costas de Andaluc\u00eda-Atl\u00e1ntico contin\u00faa llevando a cabo diversas actuaciones tendentes a la mejora de las condiciones de uso en varias playas de la provincia de C\u00e1diz y ha anunciado la finalizaci\u00f3n esta semana de varias actuaciones en las playas de Los Barrios, El Puerto de Santa Mar\u00eda, Barbate y Vejer de la\" \/>\n\t\t<meta name=\"twitter:image\" content=\"https:\/\/eldigitaldeasturias.com\/magazine365\/wp-content\/uploads\/2015\/07\/fotonoticia_20150630163557_800.jpg\" \/>\n\t\t<script type=\"application\/ld+json\" class=\"aioseo-schema\">\n\t\t\t{\"@context\":\"https:\\\/\\\/schema.org\",\"@graph\":[{\"@type\":\"Article\",\"@id\":\"https:\\\/\\\/eldigitaldeasturias.com\\\/magazine365\\\/costas-finaliza-esta-semana-varias-actuaciones-en-las-playas-gaditanas-de-los-barrios-el-puerto-barbate-y-vejer\\\/#article\",\"name\":\"Costas finaliza esta semana varias actuaciones en las playas gaditanas de Los Barrios, El Puerto, Barbate y Vejer | El Digital de Asturias\",\"headline\":\"Costas finaliza esta semana varias actuaciones en las playas gaditanas de Los Barrios, El Puerto, Barbate y Vejer\",\"author\":{\"@id\":\"https:\\\/\\\/eldigitaldeasturias.com\\\/magazine365\\\/author\\\/admin\\\/#author\"},\"publisher\":{\"@id\":\"https:\\\/\\\/eldigitaldeasturias.com\\\/magazine365\\\/#organization\"},\"image\":{\"@type\":\"ImageObject\",\"url\":\"https:\\\/\\\/eldigitaldeasturias.com\\\/magazine365\\\/wp-content\\\/uploads\\\/2015\\\/07\\\/fotonoticia_20150630163557_800.jpg\",\"width\":800,\"height\":535},\"datePublished\":\"2015-07-01T13:27:08+02:00\",\"dateModified\":\"2015-07-01T13:27:08+02:00\",\"inLanguage\":\"es-ES\",\"mainEntityOfPage\":{\"@id\":\"https:\\\/\\\/eldigitaldeasturias.com\\\/magazine365\\\/costas-finaliza-esta-semana-varias-actuaciones-en-las-playas-gaditanas-de-los-barrios-el-puerto-barbate-y-vejer\\\/#webpage\"},\"isPartOf\":{\"@id\":\"https:\\\/\\\/eldigitaldeasturias.com\\\/magazine365\\\/costas-finaliza-esta-semana-varias-actuaciones-en-las-playas-gaditanas-de-los-barrios-el-puerto-barbate-y-vejer\\\/#webpage\"},\"articleSection\":\"Actualidad Turismo\"},{\"@type\":\"BreadcrumbList\",\"@id\":\"https:\\\/\\\/eldigitaldeasturias.com\\\/magazine365\\\/costas-finaliza-esta-semana-varias-actuaciones-en-las-playas-gaditanas-de-los-barrios-el-puerto-barbate-y-vejer\\\/#breadcrumblist\",\"itemListElement\":[{\"@type\":\"ListItem\",\"@id\":\"https:\\\/\\\/eldigitaldeasturias.com\\\/magazine365#listItem\",\"position\":1,\"name\":\"Home\",\"item\":\"https:\\\/\\\/eldigitaldeasturias.com\\\/magazine365\",\"nextItem\":{\"@type\":\"ListItem\",\"@id\":\"https:\\\/\\\/eldigitaldeasturias.com\\\/magazine365\\\/category\\\/actualidad-turismo\\\/#listItem\",\"name\":\"Actualidad Turismo\"}},{\"@type\":\"ListItem\",\"@id\":\"https:\\\/\\\/eldigitaldeasturias.com\\\/magazine365\\\/category\\\/actualidad-turismo\\\/#listItem\",\"position\":2,\"name\":\"Actualidad Turismo\",\"item\":\"https:\\\/\\\/eldigitaldeasturias.com\\\/magazine365\\\/category\\\/actualidad-turismo\\\/\",\"nextItem\":{\"@type\":\"ListItem\",\"@id\":\"https:\\\/\\\/eldigitaldeasturias.com\\\/magazine365\\\/costas-finaliza-esta-semana-varias-actuaciones-en-las-playas-gaditanas-de-los-barrios-el-puerto-barbate-y-vejer\\\/#listItem\",\"name\":\"Costas finaliza esta semana varias actuaciones en las playas gaditanas de Los Barrios, El Puerto, Barbate y Vejer\"},\"previousItem\":{\"@type\":\"ListItem\",\"@id\":\"https:\\\/\\\/eldigitaldeasturias.com\\\/magazine365#listItem\",\"name\":\"Home\"}},{\"@type\":\"ListItem\",\"@id\":\"https:\\\/\\\/eldigitaldeasturias.com\\\/magazine365\\\/costas-finaliza-esta-semana-varias-actuaciones-en-las-playas-gaditanas-de-los-barrios-el-puerto-barbate-y-vejer\\\/#listItem\",\"position\":3,\"name\":\"Costas finaliza esta semana varias actuaciones en las playas gaditanas de Los Barrios, El Puerto, Barbate y Vejer\",\"previousItem\":{\"@type\":\"ListItem\",\"@id\":\"https:\\\/\\\/eldigitaldeasturias.com\\\/magazine365\\\/category\\\/actualidad-turismo\\\/#listItem\",\"name\":\"Actualidad Turismo\"}}]},{\"@type\":\"Organization\",\"@id\":\"https:\\\/\\\/eldigitaldeasturias.com\\\/magazine365\\\/#organization\",\"name\":\"El digital de Asturias\",\"description\":\"Revista de ocio, turismo y estilo de vida\",\"url\":\"https:\\\/\\\/eldigitaldeasturias.com\\\/magazine365\\\/\",\"logo\":{\"@type\":\"ImageObject\",\"url\":\"https:\\\/\\\/www.eldigitaldeasturias.com\\\/noticias\\\/wp-content\\\/uploads\\\/2020\\\/12\\\/EDA.jpg\",\"@id\":\"https:\\\/\\\/eldigitaldeasturias.com\\\/magazine365\\\/costas-finaliza-esta-semana-varias-actuaciones-en-las-playas-gaditanas-de-los-barrios-el-puerto-barbate-y-vejer\\\/#organizationLogo\"},\"image\":{\"@id\":\"https:\\\/\\\/eldigitaldeasturias.com\\\/magazine365\\\/costas-finaliza-esta-semana-varias-actuaciones-en-las-playas-gaditanas-de-los-barrios-el-puerto-barbate-y-vejer\\\/#organizationLogo\"}},{\"@type\":\"Person\",\"@id\":\"https:\\\/\\\/eldigitaldeasturias.com\\\/magazine365\\\/author\\\/admin\\\/#author\",\"url\":\"https:\\\/\\\/eldigitaldeasturias.com\\\/magazine365\\\/author\\\/admin\\\/\",\"name\":\"admin\",\"image\":{\"@type\":\"ImageObject\",\"@id\":\"https:\\\/\\\/eldigitaldeasturias.com\\\/magazine365\\\/costas-finaliza-esta-semana-varias-actuaciones-en-las-playas-gaditanas-de-los-barrios-el-puerto-barbate-y-vejer\\\/#authorImage\",\"url\":\"https:\\\/\\\/eldigitaldeasturias.com\\\/magazine365\\\/wp-content\\\/litespeed\\\/avatar\\\/e571bcf59a0edd6fa6838245a470f2fe.jpg?ver=1777574230\",\"width\":96,\"height\":96,\"caption\":\"admin\"}},{\"@type\":\"WebPage\",\"@id\":\"https:\\\/\\\/eldigitaldeasturias.com\\\/magazine365\\\/costas-finaliza-esta-semana-varias-actuaciones-en-las-playas-gaditanas-de-los-barrios-el-puerto-barbate-y-vejer\\\/#webpage\",\"url\":\"https:\\\/\\\/eldigitaldeasturias.com\\\/magazine365\\\/costas-finaliza-esta-semana-varias-actuaciones-en-las-playas-gaditanas-de-los-barrios-el-puerto-barbate-y-vejer\\\/\",\"name\":\"Costas finaliza esta semana varias actuaciones en las playas gaditanas de Los Barrios, El Puerto, Barbate y Vejer | El Digital de Asturias\",\"description\":\"La Demarcaci\\u00f3n de Costas de Andaluc\\u00eda-Atl\\u00e1ntico contin\\u00faa llevando a cabo diversas actuaciones tendentes a la mejora de las condiciones de uso en varias playas de la provincia de C\\u00e1diz y ha anunciado la finalizaci\\u00f3n esta semana de varias actuaciones en las playas de Los Barrios, El Puerto de Santa Mar\\u00eda, Barbate y Vejer de la\",\"inLanguage\":\"es-ES\",\"isPartOf\":{\"@id\":\"https:\\\/\\\/eldigitaldeasturias.com\\\/magazine365\\\/#website\"},\"breadcrumb\":{\"@id\":\"https:\\\/\\\/eldigitaldeasturias.com\\\/magazine365\\\/costas-finaliza-esta-semana-varias-actuaciones-en-las-playas-gaditanas-de-los-barrios-el-puerto-barbate-y-vejer\\\/#breadcrumblist\"},\"author\":{\"@id\":\"https:\\\/\\\/eldigitaldeasturias.com\\\/magazine365\\\/author\\\/admin\\\/#author\"},\"creator\":{\"@id\":\"https:\\\/\\\/eldigitaldeasturias.com\\\/magazine365\\\/author\\\/admin\\\/#author\"},\"image\":{\"@type\":\"ImageObject\",\"url\":\"https:\\\/\\\/eldigitaldeasturias.com\\\/magazine365\\\/wp-content\\\/uploads\\\/2015\\\/07\\\/fotonoticia_20150630163557_800.jpg\",\"@id\":\"https:\\\/\\\/eldigitaldeasturias.com\\\/magazine365\\\/costas-finaliza-esta-semana-varias-actuaciones-en-las-playas-gaditanas-de-los-barrios-el-puerto-barbate-y-vejer\\\/#mainImage\",\"width\":800,\"height\":535},\"primaryImageOfPage\":{\"@id\":\"https:\\\/\\\/eldigitaldeasturias.com\\\/magazine365\\\/costas-finaliza-esta-semana-varias-actuaciones-en-las-playas-gaditanas-de-los-barrios-el-puerto-barbate-y-vejer\\\/#mainImage\"},\"datePublished\":\"2015-07-01T13:27:08+02:00\",\"dateModified\":\"2015-07-01T13:27:08+02:00\"},{\"@type\":\"WebSite\",\"@id\":\"https:\\\/\\\/eldigitaldeasturias.com\\\/magazine365\\\/#website\",\"url\":\"https:\\\/\\\/eldigitaldeasturias.com\\\/magazine365\\\/\",\"name\":\"El Digital de Asturias\",\"description\":\"Revista de ocio, turismo y estilo de vida\",\"inLanguage\":\"es-ES\",\"publisher\":{\"@id\":\"https:\\\/\\\/eldigitaldeasturias.com\\\/magazine365\\\/#organization\"}}]}\n\t\t<\/script>\n\t\t<!-- All in One SEO Pro -->\r\n\t\t<title>Costas finaliza esta semana varias actuaciones en las playas gaditanas de Los Barrios, El Puerto, Barbate y Vejer | El Digital de Asturias<\/title>\n\n","aioseo_head_json":{"title":"Costas finaliza esta semana varias actuaciones en las playas gaditanas de Los Barrios, El Puerto, Barbate y Vejer | El Digital de Asturias","description":"La Demarcaci\u00f3n de Costas de Andaluc\u00eda-Atl\u00e1ntico contin\u00faa llevando a cabo diversas actuaciones tendentes a la mejora de las condiciones de uso en varias playas de la provincia de C\u00e1diz y ha anunciado la finalizaci\u00f3n esta semana de varias actuaciones en las playas de Los Barrios, El Puerto de Santa Mar\u00eda, Barbate y Vejer de la","canonical_url":"https:\/\/eldigitaldeasturias.com\/magazine365\/costas-finaliza-esta-semana-varias-actuaciones-en-las-playas-gaditanas-de-los-barrios-el-puerto-barbate-y-vejer\/","robots":"max-image-preview:large","keywords":"actualidad turismo","webmasterTools":{"google-site-verification":"UA-38556648-1","miscellaneous":""},"schema":{"@context":"https:\/\/schema.org","@graph":[{"@type":"Article","@id":"https:\/\/eldigitaldeasturias.com\/magazine365\/costas-finaliza-esta-semana-varias-actuaciones-en-las-playas-gaditanas-de-los-barrios-el-puerto-barbate-y-vejer\/#article","name":"Costas finaliza esta semana varias actuaciones en las playas gaditanas de Los Barrios, El Puerto, Barbate y Vejer | El Digital de Asturias","headline":"Costas finaliza esta semana varias actuaciones en las playas gaditanas de Los Barrios, El Puerto, Barbate y Vejer","author":{"@id":"https:\/\/eldigitaldeasturias.com\/magazine365\/author\/admin\/#author"},"publisher":{"@id":"https:\/\/eldigitaldeasturias.com\/magazine365\/#organization"},"image":{"@type":"ImageObject","url":"https:\/\/eldigitaldeasturias.com\/magazine365\/wp-content\/uploads\/2015\/07\/fotonoticia_20150630163557_800.jpg","width":800,"height":535},"datePublished":"2015-07-01T13:27:08+02:00","dateModified":"2015-07-01T13:27:08+02:00","inLanguage":"es-ES","mainEntityOfPage":{"@id":"https:\/\/eldigitaldeasturias.com\/magazine365\/costas-finaliza-esta-semana-varias-actuaciones-en-las-playas-gaditanas-de-los-barrios-el-puerto-barbate-y-vejer\/#webpage"},"isPartOf":{"@id":"https:\/\/eldigitaldeasturias.com\/magazine365\/costas-finaliza-esta-semana-varias-actuaciones-en-las-playas-gaditanas-de-los-barrios-el-puerto-barbate-y-vejer\/#webpage"},"articleSection":"Actualidad Turismo"},{"@type":"BreadcrumbList","@id":"https:\/\/eldigitaldeasturias.com\/magazine365\/costas-finaliza-esta-semana-varias-actuaciones-en-las-playas-gaditanas-de-los-barrios-el-puerto-barbate-y-vejer\/#breadcrumblist","itemListElement":[{"@type":"ListItem","@id":"https:\/\/eldigitaldeasturias.com\/magazine365#listItem","position":1,"name":"Home","item":"https:\/\/eldigitaldeasturias.com\/magazine365","nextItem":{"@type":"ListItem","@id":"https:\/\/eldigitaldeasturias.com\/magazine365\/category\/actualidad-turismo\/#listItem","name":"Actualidad Turismo"}},{"@type":"ListItem","@id":"https:\/\/eldigitaldeasturias.com\/magazine365\/category\/actualidad-turismo\/#listItem","position":2,"name":"Actualidad Turismo","item":"https:\/\/eldigitaldeasturias.com\/magazine365\/category\/actualidad-turismo\/","nextItem":{"@type":"ListItem","@id":"https:\/\/eldigitaldeasturias.com\/magazine365\/costas-finaliza-esta-semana-varias-actuaciones-en-las-playas-gaditanas-de-los-barrios-el-puerto-barbate-y-vejer\/#listItem","name":"Costas finaliza esta semana varias actuaciones en las playas gaditanas de Los Barrios, El Puerto, Barbate y Vejer"},"previousItem":{"@type":"ListItem","@id":"https:\/\/eldigitaldeasturias.com\/magazine365#listItem","name":"Home"}},{"@type":"ListItem","@id":"https:\/\/eldigitaldeasturias.com\/magazine365\/costas-finaliza-esta-semana-varias-actuaciones-en-las-playas-gaditanas-de-los-barrios-el-puerto-barbate-y-vejer\/#listItem","position":3,"name":"Costas finaliza esta semana varias actuaciones en las playas gaditanas de Los Barrios, El Puerto, Barbate y Vejer","previousItem":{"@type":"ListItem","@id":"https:\/\/eldigitaldeasturias.com\/magazine365\/category\/actualidad-turismo\/#listItem","name":"Actualidad Turismo"}}]},{"@type":"Organization","@id":"https:\/\/eldigitaldeasturias.com\/magazine365\/#organization","name":"El digital de Asturias","description":"Revista de ocio, turismo y estilo de vida","url":"https:\/\/eldigitaldeasturias.com\/magazine365\/","logo":{"@type":"ImageObject","url":"https:\/\/www.eldigitaldeasturias.com\/noticias\/wp-content\/uploads\/2020\/12\/EDA.jpg","@id":"https:\/\/eldigitaldeasturias.com\/magazine365\/costas-finaliza-esta-semana-varias-actuaciones-en-las-playas-gaditanas-de-los-barrios-el-puerto-barbate-y-vejer\/#organizationLogo"},"image":{"@id":"https:\/\/eldigitaldeasturias.com\/magazine365\/costas-finaliza-esta-semana-varias-actuaciones-en-las-playas-gaditanas-de-los-barrios-el-puerto-barbate-y-vejer\/#organizationLogo"}},{"@type":"Person","@id":"https:\/\/eldigitaldeasturias.com\/magazine365\/author\/admin\/#author","url":"https:\/\/eldigitaldeasturias.com\/magazine365\/author\/admin\/","name":"admin","image":{"@type":"ImageObject","@id":"https:\/\/eldigitaldeasturias.com\/magazine365\/costas-finaliza-esta-semana-varias-actuaciones-en-las-playas-gaditanas-de-los-barrios-el-puerto-barbate-y-vejer\/#authorImage","url":"https:\/\/eldigitaldeasturias.com\/magazine365\/wp-content\/litespeed\/avatar\/e571bcf59a0edd6fa6838245a470f2fe.jpg?ver=1777574230","width":96,"height":96,"caption":"admin"}},{"@type":"WebPage","@id":"https:\/\/eldigitaldeasturias.com\/magazine365\/costas-finaliza-esta-semana-varias-actuaciones-en-las-playas-gaditanas-de-los-barrios-el-puerto-barbate-y-vejer\/#webpage","url":"https:\/\/eldigitaldeasturias.com\/magazine365\/costas-finaliza-esta-semana-varias-actuaciones-en-las-playas-gaditanas-de-los-barrios-el-puerto-barbate-y-vejer\/","name":"Costas finaliza esta semana varias actuaciones en las playas gaditanas de Los Barrios, El Puerto, Barbate y Vejer | El Digital de Asturias","description":"La Demarcaci\u00f3n de Costas de Andaluc\u00eda-Atl\u00e1ntico contin\u00faa llevando a cabo diversas actuaciones tendentes a la mejora de las condiciones de uso en varias playas de la provincia de C\u00e1diz y ha anunciado la finalizaci\u00f3n esta semana de varias actuaciones en las playas de Los Barrios, El Puerto de Santa Mar\u00eda, Barbate y Vejer de la","inLanguage":"es-ES","isPartOf":{"@id":"https:\/\/eldigitaldeasturias.com\/magazine365\/#website"},"breadcrumb":{"@id":"https:\/\/eldigitaldeasturias.com\/magazine365\/costas-finaliza-esta-semana-varias-actuaciones-en-las-playas-gaditanas-de-los-barrios-el-puerto-barbate-y-vejer\/#breadcrumblist"},"author":{"@id":"https:\/\/eldigitaldeasturias.com\/magazine365\/author\/admin\/#author"},"creator":{"@id":"https:\/\/eldigitaldeasturias.com\/magazine365\/author\/admin\/#author"},"image":{"@type":"ImageObject","url":"https:\/\/eldigitaldeasturias.com\/magazine365\/wp-content\/uploads\/2015\/07\/fotonoticia_20150630163557_800.jpg","@id":"https:\/\/eldigitaldeasturias.com\/magazine365\/costas-finaliza-esta-semana-varias-actuaciones-en-las-playas-gaditanas-de-los-barrios-el-puerto-barbate-y-vejer\/#mainImage","width":800,"height":535},"primaryImageOfPage":{"@id":"https:\/\/eldigitaldeasturias.com\/magazine365\/costas-finaliza-esta-semana-varias-actuaciones-en-las-playas-gaditanas-de-los-barrios-el-puerto-barbate-y-vejer\/#mainImage"},"datePublished":"2015-07-01T13:27:08+02:00","dateModified":"2015-07-01T13:27:08+02:00"},{"@type":"WebSite","@id":"https:\/\/eldigitaldeasturias.com\/magazine365\/#website","url":"https:\/\/eldigitaldeasturias.com\/magazine365\/","name":"El Digital de Asturias","description":"Revista de ocio, turismo y estilo de vida","inLanguage":"es-ES","publisher":{"@id":"https:\/\/eldigitaldeasturias.com\/magazine365\/#organization"}}]},"og:locale":"es_ES","og:site_name":"El Digital de Asturias \u2013 Revista de ocio, turismo y estilo de vida","og:type":"article","og:title":"Costas finaliza esta semana varias actuaciones en las playas gaditanas de Los Barrios, El Puerto, Barbate y Vejer | El Digital de Asturias","og:description":"La Demarcaci\u00f3n de Costas de Andaluc\u00eda-Atl\u00e1ntico contin\u00faa llevando a cabo diversas actuaciones tendentes a la mejora de las condiciones de uso en varias playas de la provincia de C\u00e1diz y ha anunciado la finalizaci\u00f3n esta semana de varias actuaciones en las playas de Los Barrios, El Puerto de Santa Mar\u00eda, Barbate y Vejer de la","og:url":"https:\/\/eldigitaldeasturias.com\/magazine365\/costas-finaliza-esta-semana-varias-actuaciones-en-las-playas-gaditanas-de-los-barrios-el-puerto-barbate-y-vejer\/","og:image":"https:\/\/eldigitaldeasturias.com\/magazine365\/wp-content\/uploads\/2015\/07\/fotonoticia_20150630163557_800.jpg","og:image:secure_url":"https:\/\/eldigitaldeasturias.com\/magazine365\/wp-content\/uploads\/2015\/07\/fotonoticia_20150630163557_800.jpg","og:image:width":800,"og:image:height":535,"article:published_time":"2015-07-01T11:57:08+00:00","article:modified_time":"2015-07-01T11:57:08+00:00","twitter:card":"summary_large_image","twitter:title":"Costas finaliza esta semana varias actuaciones en las playas gaditanas de Los Barrios, El Puerto, Barbate y Vejer | El Digital de Asturias","twitter:description":"La Demarcaci\u00f3n de Costas de Andaluc\u00eda-Atl\u00e1ntico contin\u00faa llevando a cabo diversas actuaciones tendentes a la mejora de las condiciones de uso en varias playas de la provincia de C\u00e1diz y ha anunciado la finalizaci\u00f3n esta semana de varias actuaciones en las playas de Los Barrios, El Puerto de Santa Mar\u00eda, Barbate y Vejer de la","twitter:image":"https:\/\/eldigitaldeasturias.com\/magazine365\/wp-content\/uploads\/2015\/07\/fotonoticia_20150630163557_800.jpg"},"aioseo_meta_data":{"post_id":"41432","title":null,"description":null,"keywords":null,"keyphrases":null,"primary_term":null,"canonical_url":null,"og_title":null,"og_description":null,"og_object_type":"default","og_image_type":"default","og_image_url":null,"og_image_width":null,"og_image_height":null,"og_image_custom_url":null,"og_image_custom_fields":null,"og_video":null,"og_custom_url":null,"og_article_section":null,"og_article_tags":null,"twitter_use_og":false,"twitter_card":"default","twitter_image_type":"default","twitter_image_url":null,"twitter_image_custom_url":null,"twitter_image_custom_fields":null,"twitter_title":null,"twitter_description":null,"schema":{"blockGraphs":[],"customGraphs":[],"default":{"data":{"Article":[],"Course":[],"Dataset":[],"FAQPage":[],"Movie":[],"Person":[],"Product":[],"ProductReview":[],"Car":[],"Recipe":[],"Service":[],"SoftwareApplication":[],"WebPage":[]},"graphName":"","isEnabled":true},"graphs":[],"defaultGraph":"","defaultPostTypeGraph":""},"schema_type":null,"schema_type_options":null,"pillar_content":false,"robots_default":true,"robots_noindex":false,"robots_noarchive":false,"robots_nosnippet":false,"robots_nofollow":false,"robots_noimageindex":false,"robots_noodp":false,"robots_notranslate":false,"robots_max_snippet":null,"robots_max_videopreview":null,"robots_max_imagepreview":"large","priority":null,"frequency":null,"location":null,"local_seo":null,"seo_analyzer_scan_date":"2025-09-19 15:37:18","breadcrumb_settings":null,"limit_modified_date":false,"open_ai":null,"ai":null,"created":"2021-03-09 02:16:14","updated":"2025-09-19 15:37:18"},"aioseo_breadcrumb":"<div class=\"aioseo-breadcrumbs\"><span class=\"aioseo-breadcrumb\">\n\t<a href=\"https:\/\/eldigitaldeasturias.com\/magazine365\" title=\"Home\">Home<\/a>\n<\/span><span class=\"aioseo-breadcrumb-separator\">\u2013<\/span><span class=\"aioseo-breadcrumb\">\n\t<a href=\"https:\/\/eldigitaldeasturias.com\/magazine365\/category\/actualidad-turismo\/\" title=\"Actualidad Turismo\">Actualidad Turismo<\/a>\n<\/span><span class=\"aioseo-breadcrumb-separator\">\u2013<\/span><span class=\"aioseo-breadcrumb\">\n\t<a href=\"https:\/\/eldigitaldeasturias.com\/magazine365\/costas-finaliza-esta-semana-varias-actuaciones-en-las-playas-gaditanas-de-los-barrios-el-puerto-barbate-y-vejer\/\" title=\"Costas finaliza esta semana varias actuaciones en las playas gaditanas de Los Barrios, El Puerto, Barbate y Vejer\">Costas finaliza esta semana varias actuaciones en las playas gaditanas de Los Barrios, El Puerto, Barbate y Vejer<\/a>\n<\/span><\/div>","aioseo_breadcrumb_json":[{"label":"Home","link":"https:\/\/eldigitaldeasturias.com\/magazine365"},{"label":"Actualidad Turismo","link":"https:\/\/eldigitaldeasturias.com\/magazine365\/category\/actualidad-turismo\/"},{"label":"Costas finaliza esta semana varias actuaciones en las playas gaditanas de Los Barrios, El Puerto, Barbate y Vejer","link":"https:\/\/eldigitaldeasturias.com\/magazine365\/costas-finaliza-esta-semana-varias-actuaciones-en-las-playas-gaditanas-de-los-barrios-el-puerto-barbate-y-vejer\/"}],"_links":{"self":[{"href":"https:\/\/eldigitaldeasturias.com\/magazine365\/wp-json\/wp\/v2\/posts\/41432","targetHints":{"allow":["GET"]}}],"collection":[{"href":"https:\/\/eldigitaldeasturias.com\/magazine365\/wp-json\/wp\/v2\/posts"}],"about":[{"href":"https:\/\/eldigitaldeasturias.com\/magazine365\/wp-json\/wp\/v2\/types\/post"}],"author":[{"embeddable":true,"href":"https:\/\/eldigitaldeasturias.com\/magazine365\/wp-json\/wp\/v2\/users\/1"}],"replies":[{"embeddable":true,"href":"https:\/\/eldigitaldeasturias.com\/magazine365\/wp-json\/wp\/v2\/comments?post=41432"}],"version-history":[{"count":0,"href":"https:\/\/eldigitaldeasturias.com\/magazine365\/wp-json\/wp\/v2\/posts\/41432\/revisions"}],"wp:featuredmedia":[{"embeddable":true,"href":"https:\/\/eldigitaldeasturias.com\/magazine365\/wp-json\/wp\/v2\/media\/41433"}],"wp:attachment":[{"href":"https:\/\/eldigitaldeasturias.com\/magazine365\/wp-json\/wp\/v2\/media?parent=41432"}],"wp:term":[{"taxonomy":"category","embeddable":true,"href":"https:\/\/eldigitaldeasturias.com\/magazine365\/wp-json\/wp\/v2\/categories?post=41432"},{"taxonomy":"post_tag","embeddable":true,"href":"https:\/\/eldigitaldeasturias.com\/magazine365\/wp-json\/wp\/v2\/tags?post=41432"}],"curies":[{"name":"wp","href":"https:\/\/api.w.org\/{rel}","templated":true}]}}