{"id":41429,"date":"2015-07-01T13:26:20","date_gmt":"2015-07-01T11:56:20","guid":{"rendered":"http:\/\/eldigitaldeasturias.com\/magazine365\/?p=41429"},"modified":"2015-07-01T13:26:20","modified_gmt":"2015-07-01T11:56:20","slug":"cerca-de-6-000-pasajeros-embarcan-en-el-puerto-de-motril-desde-el-comienzo-de-la-ope-un-40-menos","status":"publish","type":"post","link":"https:\/\/eldigitaldeasturias.com\/magazine365\/cerca-de-6-000-pasajeros-embarcan-en-el-puerto-de-motril-desde-el-comienzo-de-la-ope-un-40-menos\/","title":{"rendered":"Cerca de 6.000 pasajeros embarcan en el Puerto de Motril desde el comienzo de la OPE, un 40% menos"},"content":{"rendered":"<p><img fetchpriority=\"high\" decoding=\"async\" class=\"alignleft size-medium wp-image-41430\" src=\"https:\/\/eldigitaldeasturias.com\/magazine365\/wp-content\/uploads\/2015\/07\/fotonoticia_20150630163445_800-360x240.jpg\" alt=\"fotonoticia_20150630163445_800\" width=\"360\" height=\"240\" srcset=\"https:\/\/eldigitaldeasturias.com\/magazine365\/wp-content\/uploads\/2015\/07\/fotonoticia_20150630163445_800-360x240.jpg 360w, https:\/\/eldigitaldeasturias.com\/magazine365\/wp-content\/uploads\/2015\/07\/fotonoticia_20150630163445_800-650x433.jpg 650w, https:\/\/eldigitaldeasturias.com\/magazine365\/wp-content\/uploads\/2015\/07\/fotonoticia_20150630163445_800-768x512.jpg 768w, https:\/\/eldigitaldeasturias.com\/magazine365\/wp-content\/uploads\/2015\/07\/fotonoticia_20150630163445_800-150x100.jpg 150w, https:\/\/eldigitaldeasturias.com\/magazine365\/wp-content\/uploads\/2015\/07\/fotonoticia_20150630163445_800-450x300.jpg 450w, https:\/\/eldigitaldeasturias.com\/magazine365\/wp-content\/uploads\/2015\/07\/fotonoticia_20150630163445_800-696x464.jpg 696w, https:\/\/eldigitaldeasturias.com\/magazine365\/wp-content\/uploads\/2015\/07\/fotonoticia_20150630163445_800-630x420.jpg 630w, https:\/\/eldigitaldeasturias.com\/magazine365\/wp-content\/uploads\/2015\/07\/fotonoticia_20150630163445_800-84x55.jpg 84w, https:\/\/eldigitaldeasturias.com\/magazine365\/wp-content\/uploads\/2015\/07\/fotonoticia_20150630163445_800.jpg 800w\" sizes=\"(max-width: 360px) 100vw, 360px\" \/>Casi 6.000 personas han embarcado en el Puerto de Motril (Granada) desde que el 15 de junio arrancara la Operaci\u00f3n Paso del Estrecho, que se extender\u00e1 hasta el 15 de septiembre, una cifra que supone un 40,8 por ciento menos con respecto al a\u00f1o anterior, cuando, en las mismas fechas, el n\u00famero de pasajeros en la l\u00edneas que conectan desde la d\u00e1rsena granadina hab\u00eda sido de 10.105.<\/p>\n<p>Este a\u00f1o es el cuarto del Puerto de Motril para la OPE, en la que participan otras d\u00e1rsenas andaluzas como la de Almer\u00eda, M\u00e1laga, Algeciras (C\u00e1diz) y Tarifa (C\u00e1diz), adem\u00e1s de los de Alicante, Ceuta y Melilla.<\/p>\n<p>Seg\u00fan los datos facilitados por la Subdelegaci\u00f3n del Gobierno en Granada, consultados por Europa Press, hasta el 29 de junio han sido 5.986 personas las que han embarcado en el Puerto de Motril, y un total de 1.633 los veh\u00edculos desplazados desde que arrancara la operaci\u00f3n, lo que supone una disminuci\u00f3n del 32,9 por ciento con respecto a 2014.<\/p>\n<p>En la segunda semana de la OPE se han realizado cuatro asistencias sanitarias y una social entre los pasajeros. En estas fechas se han producido un total de 22 rotaciones.<\/p>\n<p>La l\u00ednea con m\u00e1s afluencia ha sido la de Motril-Melilla, con 3.196 pasajeros, 801 veh\u00edculos embarcados, y 8 rotaciones; seguida de lejos de la de de Motril-Nador, con 345 pasajeros, 126 veh\u00edculos y tres rotaciones; y la de Motril-Alhucemas, con 289 pasajeros, 59 veh\u00edculos, y dos rotaciones.<\/p>\n","protected":false},"excerpt":{"rendered":"<p>Casi 6.000 personas han embarcado en el Puerto de Motril (Granada) desde que el 15 de junio arrancara la Operaci\u00f3n Paso del Estrecho, que se extender\u00e1 hasta el 15 de septiembre, una cifra que supone un 40,8 por ciento menos con respecto al a\u00f1o anterior, cuando, en las mismas fechas, el n\u00famero de pasajeros en<\/p>\n","protected":false},"author":1,"featured_media":41430,"comment_status":"open","ping_status":"closed","sticky":false,"template":"","format":"standard","meta":{"footnotes":""},"categories":[222],"tags":[],"class_list":{"0":"post-41429","1":"post","2":"type-post","3":"status-publish","4":"format-standard","5":"has-post-thumbnail","7":"category-actualidad-turismo"},"aioseo_notices":[],"aioseo_head":"\n\t\t<!-- All in One SEO Pro 4.9.6.1 - aioseo.com -->\n\t<meta name=\"description\" content=\"Casi 6.000 personas han embarcado en el Puerto de Motril (Granada) desde que el 15 de junio arrancara la Operaci\u00f3n Paso del Estrecho, que se extender\u00e1 hasta el 15 de septiembre, una cifra que supone un 40,8 por ciento menos con respecto al a\u00f1o anterior, cuando, en las mismas fechas, el n\u00famero de pasajeros en\" \/>\n\t<meta name=\"robots\" content=\"max-image-preview:large\" \/>\n\t<meta name=\"author\" content=\"admin\"\/>\n\t<meta name=\"google-site-verification\" content=\"UA-38556648-1\" \/>\n\t<meta name=\"keywords\" content=\"actualidad turismo\" \/>\n\t<link rel=\"canonical\" href=\"https:\/\/eldigitaldeasturias.com\/magazine365\/cerca-de-6-000-pasajeros-embarcan-en-el-puerto-de-motril-desde-el-comienzo-de-la-ope-un-40-menos\/\" \/>\n\t<meta name=\"generator\" content=\"All in One SEO Pro (AIOSEO) 4.9.6.1\" \/>\n\t\t<meta property=\"og:locale\" content=\"es_ES\" \/>\n\t\t<meta property=\"og:site_name\" content=\"El Digital de Asturias \u2013 Revista de ocio, turismo y estilo de vida\" \/>\n\t\t<meta property=\"og:type\" content=\"article\" \/>\n\t\t<meta property=\"og:title\" content=\"Cerca de 6.000 pasajeros embarcan en el Puerto de Motril desde el comienzo de la OPE, un 40% menos | El Digital de Asturias\" \/>\n\t\t<meta property=\"og:description\" content=\"Casi 6.000 personas han embarcado en el Puerto de Motril (Granada) desde que el 15 de junio arrancara la Operaci\u00f3n Paso del Estrecho, que se extender\u00e1 hasta el 15 de septiembre, una cifra que supone un 40,8 por ciento menos con respecto al a\u00f1o anterior, cuando, en las mismas fechas, el n\u00famero de pasajeros en\" \/>\n\t\t<meta property=\"og:url\" content=\"https:\/\/eldigitaldeasturias.com\/magazine365\/cerca-de-6-000-pasajeros-embarcan-en-el-puerto-de-motril-desde-el-comienzo-de-la-ope-un-40-menos\/\" \/>\n\t\t<meta property=\"og:image\" content=\"https:\/\/eldigitaldeasturias.com\/magazine365\/wp-content\/uploads\/2015\/07\/fotonoticia_20150630163445_800.jpg\" \/>\n\t\t<meta property=\"og:image:secure_url\" content=\"https:\/\/eldigitaldeasturias.com\/magazine365\/wp-content\/uploads\/2015\/07\/fotonoticia_20150630163445_800.jpg\" \/>\n\t\t<meta property=\"og:image:width\" content=\"800\" \/>\n\t\t<meta property=\"og:image:height\" content=\"533\" \/>\n\t\t<meta property=\"article:published_time\" content=\"2015-07-01T11:56:20+00:00\" \/>\n\t\t<meta property=\"article:modified_time\" content=\"2015-07-01T11:56:20+00:00\" \/>\n\t\t<meta name=\"twitter:card\" content=\"summary_large_image\" \/>\n\t\t<meta name=\"twitter:title\" content=\"Cerca de 6.000 pasajeros embarcan en el Puerto de Motril desde el comienzo de la OPE, un 40% menos | El Digital de Asturias\" \/>\n\t\t<meta name=\"twitter:description\" content=\"Casi 6.000 personas han embarcado en el Puerto de Motril (Granada) desde que el 15 de junio arrancara la Operaci\u00f3n Paso del Estrecho, que se extender\u00e1 hasta el 15 de septiembre, una cifra que supone un 40,8 por ciento menos con respecto al a\u00f1o anterior, cuando, en las mismas fechas, el n\u00famero de pasajeros en\" \/>\n\t\t<meta name=\"twitter:image\" content=\"https:\/\/eldigitaldeasturias.com\/magazine365\/wp-content\/uploads\/2015\/07\/fotonoticia_20150630163445_800.jpg\" \/>\n\t\t<script type=\"application\/ld+json\" class=\"aioseo-schema\">\n\t\t\t{\"@context\":\"https:\\\/\\\/schema.org\",\"@graph\":[{\"@type\":\"Article\",\"@id\":\"https:\\\/\\\/eldigitaldeasturias.com\\\/magazine365\\\/cerca-de-6-000-pasajeros-embarcan-en-el-puerto-de-motril-desde-el-comienzo-de-la-ope-un-40-menos\\\/#article\",\"name\":\"Cerca de 6.000 pasajeros embarcan en el Puerto de Motril desde el comienzo de la OPE, un 40% menos | El Digital de Asturias\",\"headline\":\"Cerca de 6.000 pasajeros embarcan en el Puerto de Motril desde el comienzo de la OPE, un 40% menos\",\"author\":{\"@id\":\"https:\\\/\\\/eldigitaldeasturias.com\\\/magazine365\\\/author\\\/admin\\\/#author\"},\"publisher\":{\"@id\":\"https:\\\/\\\/eldigitaldeasturias.com\\\/magazine365\\\/#organization\"},\"image\":{\"@type\":\"ImageObject\",\"url\":\"https:\\\/\\\/eldigitaldeasturias.com\\\/magazine365\\\/wp-content\\\/uploads\\\/2015\\\/07\\\/fotonoticia_20150630163445_800.jpg\",\"width\":800,\"height\":533},\"datePublished\":\"2015-07-01T13:26:20+02:00\",\"dateModified\":\"2015-07-01T13:26:20+02:00\",\"inLanguage\":\"es-ES\",\"mainEntityOfPage\":{\"@id\":\"https:\\\/\\\/eldigitaldeasturias.com\\\/magazine365\\\/cerca-de-6-000-pasajeros-embarcan-en-el-puerto-de-motril-desde-el-comienzo-de-la-ope-un-40-menos\\\/#webpage\"},\"isPartOf\":{\"@id\":\"https:\\\/\\\/eldigitaldeasturias.com\\\/magazine365\\\/cerca-de-6-000-pasajeros-embarcan-en-el-puerto-de-motril-desde-el-comienzo-de-la-ope-un-40-menos\\\/#webpage\"},\"articleSection\":\"Actualidad Turismo\"},{\"@type\":\"BreadcrumbList\",\"@id\":\"https:\\\/\\\/eldigitaldeasturias.com\\\/magazine365\\\/cerca-de-6-000-pasajeros-embarcan-en-el-puerto-de-motril-desde-el-comienzo-de-la-ope-un-40-menos\\\/#breadcrumblist\",\"itemListElement\":[{\"@type\":\"ListItem\",\"@id\":\"https:\\\/\\\/eldigitaldeasturias.com\\\/magazine365#listItem\",\"position\":1,\"name\":\"Home\",\"item\":\"https:\\\/\\\/eldigitaldeasturias.com\\\/magazine365\",\"nextItem\":{\"@type\":\"ListItem\",\"@id\":\"https:\\\/\\\/eldigitaldeasturias.com\\\/magazine365\\\/category\\\/actualidad-turismo\\\/#listItem\",\"name\":\"Actualidad Turismo\"}},{\"@type\":\"ListItem\",\"@id\":\"https:\\\/\\\/eldigitaldeasturias.com\\\/magazine365\\\/category\\\/actualidad-turismo\\\/#listItem\",\"position\":2,\"name\":\"Actualidad Turismo\",\"item\":\"https:\\\/\\\/eldigitaldeasturias.com\\\/magazine365\\\/category\\\/actualidad-turismo\\\/\",\"nextItem\":{\"@type\":\"ListItem\",\"@id\":\"https:\\\/\\\/eldigitaldeasturias.com\\\/magazine365\\\/cerca-de-6-000-pasajeros-embarcan-en-el-puerto-de-motril-desde-el-comienzo-de-la-ope-un-40-menos\\\/#listItem\",\"name\":\"Cerca de 6.000 pasajeros embarcan en el Puerto de Motril desde el comienzo de la OPE, un 40% menos\"},\"previousItem\":{\"@type\":\"ListItem\",\"@id\":\"https:\\\/\\\/eldigitaldeasturias.com\\\/magazine365#listItem\",\"name\":\"Home\"}},{\"@type\":\"ListItem\",\"@id\":\"https:\\\/\\\/eldigitaldeasturias.com\\\/magazine365\\\/cerca-de-6-000-pasajeros-embarcan-en-el-puerto-de-motril-desde-el-comienzo-de-la-ope-un-40-menos\\\/#listItem\",\"position\":3,\"name\":\"Cerca de 6.000 pasajeros embarcan en el Puerto de Motril desde el comienzo de la OPE, un 40% menos\",\"previousItem\":{\"@type\":\"ListItem\",\"@id\":\"https:\\\/\\\/eldigitaldeasturias.com\\\/magazine365\\\/category\\\/actualidad-turismo\\\/#listItem\",\"name\":\"Actualidad Turismo\"}}]},{\"@type\":\"Organization\",\"@id\":\"https:\\\/\\\/eldigitaldeasturias.com\\\/magazine365\\\/#organization\",\"name\":\"El digital de Asturias\",\"description\":\"Revista de ocio, turismo y estilo de vida\",\"url\":\"https:\\\/\\\/eldigitaldeasturias.com\\\/magazine365\\\/\",\"logo\":{\"@type\":\"ImageObject\",\"url\":\"https:\\\/\\\/www.eldigitaldeasturias.com\\\/noticias\\\/wp-content\\\/uploads\\\/2020\\\/12\\\/EDA.jpg\",\"@id\":\"https:\\\/\\\/eldigitaldeasturias.com\\\/magazine365\\\/cerca-de-6-000-pasajeros-embarcan-en-el-puerto-de-motril-desde-el-comienzo-de-la-ope-un-40-menos\\\/#organizationLogo\"},\"image\":{\"@id\":\"https:\\\/\\\/eldigitaldeasturias.com\\\/magazine365\\\/cerca-de-6-000-pasajeros-embarcan-en-el-puerto-de-motril-desde-el-comienzo-de-la-ope-un-40-menos\\\/#organizationLogo\"}},{\"@type\":\"Person\",\"@id\":\"https:\\\/\\\/eldigitaldeasturias.com\\\/magazine365\\\/author\\\/admin\\\/#author\",\"url\":\"https:\\\/\\\/eldigitaldeasturias.com\\\/magazine365\\\/author\\\/admin\\\/\",\"name\":\"admin\",\"image\":{\"@type\":\"ImageObject\",\"@id\":\"https:\\\/\\\/eldigitaldeasturias.com\\\/magazine365\\\/cerca-de-6-000-pasajeros-embarcan-en-el-puerto-de-motril-desde-el-comienzo-de-la-ope-un-40-menos\\\/#authorImage\",\"url\":\"https:\\\/\\\/eldigitaldeasturias.com\\\/magazine365\\\/wp-content\\\/litespeed\\\/avatar\\\/e571bcf59a0edd6fa6838245a470f2fe.jpg?ver=1777574230\",\"width\":96,\"height\":96,\"caption\":\"admin\"}},{\"@type\":\"WebPage\",\"@id\":\"https:\\\/\\\/eldigitaldeasturias.com\\\/magazine365\\\/cerca-de-6-000-pasajeros-embarcan-en-el-puerto-de-motril-desde-el-comienzo-de-la-ope-un-40-menos\\\/#webpage\",\"url\":\"https:\\\/\\\/eldigitaldeasturias.com\\\/magazine365\\\/cerca-de-6-000-pasajeros-embarcan-en-el-puerto-de-motril-desde-el-comienzo-de-la-ope-un-40-menos\\\/\",\"name\":\"Cerca de 6.000 pasajeros embarcan en el Puerto de Motril desde el comienzo de la OPE, un 40% menos | El Digital de Asturias\",\"description\":\"Casi 6.000 personas han embarcado en el Puerto de Motril (Granada) desde que el 15 de junio arrancara la Operaci\\u00f3n Paso del Estrecho, que se extender\\u00e1 hasta el 15 de septiembre, una cifra que supone un 40,8 por ciento menos con respecto al a\\u00f1o anterior, cuando, en las mismas fechas, el n\\u00famero de pasajeros en\",\"inLanguage\":\"es-ES\",\"isPartOf\":{\"@id\":\"https:\\\/\\\/eldigitaldeasturias.com\\\/magazine365\\\/#website\"},\"breadcrumb\":{\"@id\":\"https:\\\/\\\/eldigitaldeasturias.com\\\/magazine365\\\/cerca-de-6-000-pasajeros-embarcan-en-el-puerto-de-motril-desde-el-comienzo-de-la-ope-un-40-menos\\\/#breadcrumblist\"},\"author\":{\"@id\":\"https:\\\/\\\/eldigitaldeasturias.com\\\/magazine365\\\/author\\\/admin\\\/#author\"},\"creator\":{\"@id\":\"https:\\\/\\\/eldigitaldeasturias.com\\\/magazine365\\\/author\\\/admin\\\/#author\"},\"image\":{\"@type\":\"ImageObject\",\"url\":\"https:\\\/\\\/eldigitaldeasturias.com\\\/magazine365\\\/wp-content\\\/uploads\\\/2015\\\/07\\\/fotonoticia_20150630163445_800.jpg\",\"@id\":\"https:\\\/\\\/eldigitaldeasturias.com\\\/magazine365\\\/cerca-de-6-000-pasajeros-embarcan-en-el-puerto-de-motril-desde-el-comienzo-de-la-ope-un-40-menos\\\/#mainImage\",\"width\":800,\"height\":533},\"primaryImageOfPage\":{\"@id\":\"https:\\\/\\\/eldigitaldeasturias.com\\\/magazine365\\\/cerca-de-6-000-pasajeros-embarcan-en-el-puerto-de-motril-desde-el-comienzo-de-la-ope-un-40-menos\\\/#mainImage\"},\"datePublished\":\"2015-07-01T13:26:20+02:00\",\"dateModified\":\"2015-07-01T13:26:20+02:00\"},{\"@type\":\"WebSite\",\"@id\":\"https:\\\/\\\/eldigitaldeasturias.com\\\/magazine365\\\/#website\",\"url\":\"https:\\\/\\\/eldigitaldeasturias.com\\\/magazine365\\\/\",\"name\":\"El Digital de Asturias\",\"description\":\"Revista de ocio, turismo y estilo de vida\",\"inLanguage\":\"es-ES\",\"publisher\":{\"@id\":\"https:\\\/\\\/eldigitaldeasturias.com\\\/magazine365\\\/#organization\"}}]}\n\t\t<\/script>\n\t\t<!-- All in One SEO Pro -->\r\n\t\t<title>Cerca de 6.000 pasajeros embarcan en el Puerto de Motril desde el comienzo de la OPE, un 40% menos | El Digital de Asturias<\/title>\n\n","aioseo_head_json":{"title":"Cerca de 6.000 pasajeros embarcan en el Puerto de Motril desde el comienzo de la OPE, un 40% menos | El Digital de Asturias","description":"Casi 6.000 personas han embarcado en el Puerto de Motril (Granada) desde que el 15 de junio arrancara la Operaci\u00f3n Paso del Estrecho, que se extender\u00e1 hasta el 15 de septiembre, una cifra que supone un 40,8 por ciento menos con respecto al a\u00f1o anterior, cuando, en las mismas fechas, el n\u00famero de pasajeros en","canonical_url":"https:\/\/eldigitaldeasturias.com\/magazine365\/cerca-de-6-000-pasajeros-embarcan-en-el-puerto-de-motril-desde-el-comienzo-de-la-ope-un-40-menos\/","robots":"max-image-preview:large","keywords":"actualidad turismo","webmasterTools":{"google-site-verification":"UA-38556648-1","miscellaneous":""},"schema":{"@context":"https:\/\/schema.org","@graph":[{"@type":"Article","@id":"https:\/\/eldigitaldeasturias.com\/magazine365\/cerca-de-6-000-pasajeros-embarcan-en-el-puerto-de-motril-desde-el-comienzo-de-la-ope-un-40-menos\/#article","name":"Cerca de 6.000 pasajeros embarcan en el Puerto de Motril desde el comienzo de la OPE, un 40% menos | El Digital de Asturias","headline":"Cerca de 6.000 pasajeros embarcan en el Puerto de Motril desde el comienzo de la OPE, un 40% menos","author":{"@id":"https:\/\/eldigitaldeasturias.com\/magazine365\/author\/admin\/#author"},"publisher":{"@id":"https:\/\/eldigitaldeasturias.com\/magazine365\/#organization"},"image":{"@type":"ImageObject","url":"https:\/\/eldigitaldeasturias.com\/magazine365\/wp-content\/uploads\/2015\/07\/fotonoticia_20150630163445_800.jpg","width":800,"height":533},"datePublished":"2015-07-01T13:26:20+02:00","dateModified":"2015-07-01T13:26:20+02:00","inLanguage":"es-ES","mainEntityOfPage":{"@id":"https:\/\/eldigitaldeasturias.com\/magazine365\/cerca-de-6-000-pasajeros-embarcan-en-el-puerto-de-motril-desde-el-comienzo-de-la-ope-un-40-menos\/#webpage"},"isPartOf":{"@id":"https:\/\/eldigitaldeasturias.com\/magazine365\/cerca-de-6-000-pasajeros-embarcan-en-el-puerto-de-motril-desde-el-comienzo-de-la-ope-un-40-menos\/#webpage"},"articleSection":"Actualidad Turismo"},{"@type":"BreadcrumbList","@id":"https:\/\/eldigitaldeasturias.com\/magazine365\/cerca-de-6-000-pasajeros-embarcan-en-el-puerto-de-motril-desde-el-comienzo-de-la-ope-un-40-menos\/#breadcrumblist","itemListElement":[{"@type":"ListItem","@id":"https:\/\/eldigitaldeasturias.com\/magazine365#listItem","position":1,"name":"Home","item":"https:\/\/eldigitaldeasturias.com\/magazine365","nextItem":{"@type":"ListItem","@id":"https:\/\/eldigitaldeasturias.com\/magazine365\/category\/actualidad-turismo\/#listItem","name":"Actualidad Turismo"}},{"@type":"ListItem","@id":"https:\/\/eldigitaldeasturias.com\/magazine365\/category\/actualidad-turismo\/#listItem","position":2,"name":"Actualidad Turismo","item":"https:\/\/eldigitaldeasturias.com\/magazine365\/category\/actualidad-turismo\/","nextItem":{"@type":"ListItem","@id":"https:\/\/eldigitaldeasturias.com\/magazine365\/cerca-de-6-000-pasajeros-embarcan-en-el-puerto-de-motril-desde-el-comienzo-de-la-ope-un-40-menos\/#listItem","name":"Cerca de 6.000 pasajeros embarcan en el Puerto de Motril desde el comienzo de la OPE, un 40% menos"},"previousItem":{"@type":"ListItem","@id":"https:\/\/eldigitaldeasturias.com\/magazine365#listItem","name":"Home"}},{"@type":"ListItem","@id":"https:\/\/eldigitaldeasturias.com\/magazine365\/cerca-de-6-000-pasajeros-embarcan-en-el-puerto-de-motril-desde-el-comienzo-de-la-ope-un-40-menos\/#listItem","position":3,"name":"Cerca de 6.000 pasajeros embarcan en el Puerto de Motril desde el comienzo de la OPE, un 40% menos","previousItem":{"@type":"ListItem","@id":"https:\/\/eldigitaldeasturias.com\/magazine365\/category\/actualidad-turismo\/#listItem","name":"Actualidad Turismo"}}]},{"@type":"Organization","@id":"https:\/\/eldigitaldeasturias.com\/magazine365\/#organization","name":"El digital de Asturias","description":"Revista de ocio, turismo y estilo de vida","url":"https:\/\/eldigitaldeasturias.com\/magazine365\/","logo":{"@type":"ImageObject","url":"https:\/\/www.eldigitaldeasturias.com\/noticias\/wp-content\/uploads\/2020\/12\/EDA.jpg","@id":"https:\/\/eldigitaldeasturias.com\/magazine365\/cerca-de-6-000-pasajeros-embarcan-en-el-puerto-de-motril-desde-el-comienzo-de-la-ope-un-40-menos\/#organizationLogo"},"image":{"@id":"https:\/\/eldigitaldeasturias.com\/magazine365\/cerca-de-6-000-pasajeros-embarcan-en-el-puerto-de-motril-desde-el-comienzo-de-la-ope-un-40-menos\/#organizationLogo"}},{"@type":"Person","@id":"https:\/\/eldigitaldeasturias.com\/magazine365\/author\/admin\/#author","url":"https:\/\/eldigitaldeasturias.com\/magazine365\/author\/admin\/","name":"admin","image":{"@type":"ImageObject","@id":"https:\/\/eldigitaldeasturias.com\/magazine365\/cerca-de-6-000-pasajeros-embarcan-en-el-puerto-de-motril-desde-el-comienzo-de-la-ope-un-40-menos\/#authorImage","url":"https:\/\/eldigitaldeasturias.com\/magazine365\/wp-content\/litespeed\/avatar\/e571bcf59a0edd6fa6838245a470f2fe.jpg?ver=1777574230","width":96,"height":96,"caption":"admin"}},{"@type":"WebPage","@id":"https:\/\/eldigitaldeasturias.com\/magazine365\/cerca-de-6-000-pasajeros-embarcan-en-el-puerto-de-motril-desde-el-comienzo-de-la-ope-un-40-menos\/#webpage","url":"https:\/\/eldigitaldeasturias.com\/magazine365\/cerca-de-6-000-pasajeros-embarcan-en-el-puerto-de-motril-desde-el-comienzo-de-la-ope-un-40-menos\/","name":"Cerca de 6.000 pasajeros embarcan en el Puerto de Motril desde el comienzo de la OPE, un 40% menos | El Digital de Asturias","description":"Casi 6.000 personas han embarcado en el Puerto de Motril (Granada) desde que el 15 de junio arrancara la Operaci\u00f3n Paso del Estrecho, que se extender\u00e1 hasta el 15 de septiembre, una cifra que supone un 40,8 por ciento menos con respecto al a\u00f1o anterior, cuando, en las mismas fechas, el n\u00famero de pasajeros en","inLanguage":"es-ES","isPartOf":{"@id":"https:\/\/eldigitaldeasturias.com\/magazine365\/#website"},"breadcrumb":{"@id":"https:\/\/eldigitaldeasturias.com\/magazine365\/cerca-de-6-000-pasajeros-embarcan-en-el-puerto-de-motril-desde-el-comienzo-de-la-ope-un-40-menos\/#breadcrumblist"},"author":{"@id":"https:\/\/eldigitaldeasturias.com\/magazine365\/author\/admin\/#author"},"creator":{"@id":"https:\/\/eldigitaldeasturias.com\/magazine365\/author\/admin\/#author"},"image":{"@type":"ImageObject","url":"https:\/\/eldigitaldeasturias.com\/magazine365\/wp-content\/uploads\/2015\/07\/fotonoticia_20150630163445_800.jpg","@id":"https:\/\/eldigitaldeasturias.com\/magazine365\/cerca-de-6-000-pasajeros-embarcan-en-el-puerto-de-motril-desde-el-comienzo-de-la-ope-un-40-menos\/#mainImage","width":800,"height":533},"primaryImageOfPage":{"@id":"https:\/\/eldigitaldeasturias.com\/magazine365\/cerca-de-6-000-pasajeros-embarcan-en-el-puerto-de-motril-desde-el-comienzo-de-la-ope-un-40-menos\/#mainImage"},"datePublished":"2015-07-01T13:26:20+02:00","dateModified":"2015-07-01T13:26:20+02:00"},{"@type":"WebSite","@id":"https:\/\/eldigitaldeasturias.com\/magazine365\/#website","url":"https:\/\/eldigitaldeasturias.com\/magazine365\/","name":"El Digital de Asturias","description":"Revista de ocio, turismo y estilo de vida","inLanguage":"es-ES","publisher":{"@id":"https:\/\/eldigitaldeasturias.com\/magazine365\/#organization"}}]},"og:locale":"es_ES","og:site_name":"El Digital de Asturias \u2013 Revista de ocio, turismo y estilo de vida","og:type":"article","og:title":"Cerca de 6.000 pasajeros embarcan en el Puerto de Motril desde el comienzo de la OPE, un 40% menos | El Digital de Asturias","og:description":"Casi 6.000 personas han embarcado en el Puerto de Motril (Granada) desde que el 15 de junio arrancara la Operaci\u00f3n Paso del Estrecho, que se extender\u00e1 hasta el 15 de septiembre, una cifra que supone un 40,8 por ciento menos con respecto al a\u00f1o anterior, cuando, en las mismas fechas, el n\u00famero de pasajeros en","og:url":"https:\/\/eldigitaldeasturias.com\/magazine365\/cerca-de-6-000-pasajeros-embarcan-en-el-puerto-de-motril-desde-el-comienzo-de-la-ope-un-40-menos\/","og:image":"https:\/\/eldigitaldeasturias.com\/magazine365\/wp-content\/uploads\/2015\/07\/fotonoticia_20150630163445_800.jpg","og:image:secure_url":"https:\/\/eldigitaldeasturias.com\/magazine365\/wp-content\/uploads\/2015\/07\/fotonoticia_20150630163445_800.jpg","og:image:width":800,"og:image:height":533,"article:published_time":"2015-07-01T11:56:20+00:00","article:modified_time":"2015-07-01T11:56:20+00:00","twitter:card":"summary_large_image","twitter:title":"Cerca de 6.000 pasajeros embarcan en el Puerto de Motril desde el comienzo de la OPE, un 40% menos | El Digital de Asturias","twitter:description":"Casi 6.000 personas han embarcado en el Puerto de Motril (Granada) desde que el 15 de junio arrancara la Operaci\u00f3n Paso del Estrecho, que se extender\u00e1 hasta el 15 de septiembre, una cifra que supone un 40,8 por ciento menos con respecto al a\u00f1o anterior, cuando, en las mismas fechas, el n\u00famero de pasajeros en","twitter:image":"https:\/\/eldigitaldeasturias.com\/magazine365\/wp-content\/uploads\/2015\/07\/fotonoticia_20150630163445_800.jpg"},"aioseo_meta_data":{"post_id":"41429","title":null,"description":null,"keywords":null,"keyphrases":null,"primary_term":null,"canonical_url":null,"og_title":null,"og_description":null,"og_object_type":"default","og_image_type":"default","og_image_url":null,"og_image_width":null,"og_image_height":null,"og_image_custom_url":null,"og_image_custom_fields":null,"og_video":null,"og_custom_url":null,"og_article_section":null,"og_article_tags":null,"twitter_use_og":false,"twitter_card":"default","twitter_image_type":"default","twitter_image_url":null,"twitter_image_custom_url":null,"twitter_image_custom_fields":null,"twitter_title":null,"twitter_description":null,"schema":{"blockGraphs":[],"customGraphs":[],"default":{"data":{"Article":[],"Course":[],"Dataset":[],"FAQPage":[],"Movie":[],"Person":[],"Product":[],"ProductReview":[],"Car":[],"Recipe":[],"Service":[],"SoftwareApplication":[],"WebPage":[]},"graphName":"","isEnabled":true},"graphs":[],"defaultGraph":"","defaultPostTypeGraph":""},"schema_type":null,"schema_type_options":null,"pillar_content":false,"robots_default":true,"robots_noindex":false,"robots_noarchive":false,"robots_nosnippet":false,"robots_nofollow":false,"robots_noimageindex":false,"robots_noodp":false,"robots_notranslate":false,"robots_max_snippet":null,"robots_max_videopreview":null,"robots_max_imagepreview":"large","priority":null,"frequency":null,"location":null,"local_seo":null,"seo_analyzer_scan_date":"2025-09-19 15:37:17","breadcrumb_settings":null,"limit_modified_date":false,"open_ai":null,"ai":null,"created":"2020-12-21 14:00:23","updated":"2025-09-19 15:37:17"},"aioseo_breadcrumb":"<div class=\"aioseo-breadcrumbs\"><span class=\"aioseo-breadcrumb\">\n\t<a href=\"https:\/\/eldigitaldeasturias.com\/magazine365\" title=\"Home\">Home<\/a>\n<\/span><span class=\"aioseo-breadcrumb-separator\">\u2013<\/span><span class=\"aioseo-breadcrumb\">\n\t<a href=\"https:\/\/eldigitaldeasturias.com\/magazine365\/category\/actualidad-turismo\/\" title=\"Actualidad Turismo\">Actualidad Turismo<\/a>\n<\/span><span class=\"aioseo-breadcrumb-separator\">\u2013<\/span><span class=\"aioseo-breadcrumb\">\n\t<a href=\"https:\/\/eldigitaldeasturias.com\/magazine365\/cerca-de-6-000-pasajeros-embarcan-en-el-puerto-de-motril-desde-el-comienzo-de-la-ope-un-40-menos\/\" title=\"Cerca de 6.000 pasajeros embarcan en el Puerto de Motril desde el comienzo de la OPE, un 40% menos\">Cerca de 6.000 pasajeros embarcan en el Puerto de Motril desde el comienzo de la OPE, un 40% menos<\/a>\n<\/span><\/div>","aioseo_breadcrumb_json":[{"label":"Home","link":"https:\/\/eldigitaldeasturias.com\/magazine365"},{"label":"Actualidad Turismo","link":"https:\/\/eldigitaldeasturias.com\/magazine365\/category\/actualidad-turismo\/"},{"label":"Cerca de 6.000 pasajeros embarcan en el Puerto de Motril desde el comienzo de la OPE, un 40% menos","link":"https:\/\/eldigitaldeasturias.com\/magazine365\/cerca-de-6-000-pasajeros-embarcan-en-el-puerto-de-motril-desde-el-comienzo-de-la-ope-un-40-menos\/"}],"_links":{"self":[{"href":"https:\/\/eldigitaldeasturias.com\/magazine365\/wp-json\/wp\/v2\/posts\/41429","targetHints":{"allow":["GET"]}}],"collection":[{"href":"https:\/\/eldigitaldeasturias.com\/magazine365\/wp-json\/wp\/v2\/posts"}],"about":[{"href":"https:\/\/eldigitaldeasturias.com\/magazine365\/wp-json\/wp\/v2\/types\/post"}],"author":[{"embeddable":true,"href":"https:\/\/eldigitaldeasturias.com\/magazine365\/wp-json\/wp\/v2\/users\/1"}],"replies":[{"embeddable":true,"href":"https:\/\/eldigitaldeasturias.com\/magazine365\/wp-json\/wp\/v2\/comments?post=41429"}],"version-history":[{"count":0,"href":"https:\/\/eldigitaldeasturias.com\/magazine365\/wp-json\/wp\/v2\/posts\/41429\/revisions"}],"wp:featuredmedia":[{"embeddable":true,"href":"https:\/\/eldigitaldeasturias.com\/magazine365\/wp-json\/wp\/v2\/media\/41430"}],"wp:attachment":[{"href":"https:\/\/eldigitaldeasturias.com\/magazine365\/wp-json\/wp\/v2\/media?parent=41429"}],"wp:term":[{"taxonomy":"category","embeddable":true,"href":"https:\/\/eldigitaldeasturias.com\/magazine365\/wp-json\/wp\/v2\/categories?post=41429"},{"taxonomy":"post_tag","embeddable":true,"href":"https:\/\/eldigitaldeasturias.com\/magazine365\/wp-json\/wp\/v2\/tags?post=41429"}],"curies":[{"name":"wp","href":"https:\/\/api.w.org\/{rel}","templated":true}]}}