{"id":41426,"date":"2015-07-01T13:24:24","date_gmt":"2015-07-01T11:54:24","guid":{"rendered":"http:\/\/eldigitaldeasturias.com\/magazine365\/?p=41426"},"modified":"2015-07-01T13:24:24","modified_gmt":"2015-07-01T11:54:24","slug":"malaga-promocionara-su-oferta-en-las-paginas-del-diario-britanico-the-guardian","status":"publish","type":"post","link":"https:\/\/eldigitaldeasturias.com\/magazine365\/malaga-promocionara-su-oferta-en-las-paginas-del-diario-britanico-the-guardian\/","title":{"rendered":"M\u00e1laga promocionar\u00e1 su oferta en las p\u00e1ginas del diario brit\u00e1nico &#8216;The Guardian&#8217;"},"content":{"rendered":"<p><img fetchpriority=\"high\" decoding=\"async\" class=\"alignleft size-medium wp-image-41427\" src=\"https:\/\/eldigitaldeasturias.com\/magazine365\/wp-content\/uploads\/2015\/07\/fotonoticia_20150630163113_800-360x240.jpg\" alt=\"fotonoticia_20150630163113_800\" width=\"360\" height=\"240\" srcset=\"https:\/\/eldigitaldeasturias.com\/magazine365\/wp-content\/uploads\/2015\/07\/fotonoticia_20150630163113_800-360x240.jpg 360w, https:\/\/eldigitaldeasturias.com\/magazine365\/wp-content\/uploads\/2015\/07\/fotonoticia_20150630163113_800-650x433.jpg 650w, https:\/\/eldigitaldeasturias.com\/magazine365\/wp-content\/uploads\/2015\/07\/fotonoticia_20150630163113_800-768x512.jpg 768w, https:\/\/eldigitaldeasturias.com\/magazine365\/wp-content\/uploads\/2015\/07\/fotonoticia_20150630163113_800-150x100.jpg 150w, https:\/\/eldigitaldeasturias.com\/magazine365\/wp-content\/uploads\/2015\/07\/fotonoticia_20150630163113_800-450x300.jpg 450w, https:\/\/eldigitaldeasturias.com\/magazine365\/wp-content\/uploads\/2015\/07\/fotonoticia_20150630163113_800-696x464.jpg 696w, https:\/\/eldigitaldeasturias.com\/magazine365\/wp-content\/uploads\/2015\/07\/fotonoticia_20150630163113_800-630x420.jpg 630w, https:\/\/eldigitaldeasturias.com\/magazine365\/wp-content\/uploads\/2015\/07\/fotonoticia_20150630163113_800-84x55.jpg 84w, https:\/\/eldigitaldeasturias.com\/magazine365\/wp-content\/uploads\/2015\/07\/fotonoticia_20150630163113_800.jpg 800w\" sizes=\"(max-width: 360px) 100vw, 360px\" \/>La oferta tur\u00edstica de M\u00e1laga se promocionar\u00e1 el pr\u00f3ximo mes de agosto en las p\u00e1ginas del diario brit\u00e1nico &#8216;The Guardian&#8217; gracias a un viaje de prensa que ha organizado el \u00c1rea de Turismo y que permitir\u00e1 a la redactora de viajes de este peri\u00f3dico, Jane Dunford, conocer los principales atractivos del destino.<\/p>\n<p>Esta acci\u00f3n, dedicada a promocionar la oferta cultural y monumental de la ciudad, adem\u00e1s del segmento gastron\u00f3mico, se desarrollar\u00e1 entre este mi\u00e9rcoles y s\u00e1bado, seg\u00fan han informado desde el Consistorio malague\u00f1o, a trav\u00e9s de un comunicado.<\/p>\n<p>Con la informaci\u00f3n recabada en el destino, la periodista realizar\u00e1 un reportaje que se publicar\u00e1 a mediados de agosto en el diario, que cuenta con m\u00e1s de un mill\u00f3n de lectores y tiene una tirada de m\u00e1s de 350.000 copias.<\/p>\n<p>De esta forma, el \u00c1rea de Turismo tendr\u00e1 la oportunidad de promocionar los nuevos atractivos de su oferta tur\u00edstica en su principal mercado internacional, han apuntado.<\/p>\n<p>El plan director concede una gran importancia a las acciones en el Reino Unido, que, pese a ser uno de los emisores m\u00e1s consolidados, no ha parado de crecer en la ciudad.<\/p>\n<p>En concreto, seg\u00fan los datos del Instituto Nacional de Estad\u00edstica (INE), el a\u00f1o pasado se alojaron en los hoteles de la ciudad un total de 78.407 turistas procedentes del Reino Unido, lo que supuso un incremento del 13,84 por ciento. Estos viajeros generaron un total de 180.040 pernoctaciones, un 9,51 por ciento.<\/p>\n<p>Este a\u00f1o, aunque la tendencia se ha moderado, las cifras siguen siendo muy positivas. As\u00ed, entre enero y mayo se han alojado en los establecimientos hoteleros un total de 30.734 turistas brit\u00e1nicos, un 0,5 por ciento m\u00e1s. Estos viajeros han generado en M\u00e1laga un total de 71.588 estancias hoteleras, un 3,3 por ciento m\u00e1s que en el mismo periodo de 2014.<\/p>\n<p>El programa dise\u00f1ado por el \u00c1rea de Turismo para esta acci\u00f3n promocional, que cuenta con la colaboraci\u00f3n de Monarch Airlines, incluye las visitas a la Colecci\u00f3n del Museo Ruso, el Museo Automovil\u00edstico, la Casa Natal de Picasso, el Jard\u00edn Bot\u00e1nico-Hist\u00f3rico de La Concepci\u00f3n, el Centre Pompidou M\u00e1laga, el Museo Picasso o el Centro de Arte Contempor\u00e1neo (CAC).<\/p>\n<p>Igualmente, est\u00e1 previsto que la periodista de &#8216;The Guardian&#8217; pueda conocer el proyecto MAUS que se est\u00e1 desarrollando en el Ensanche, los Ba\u00f1os \u00c1rabes, la zona de Pedregalejo, el Palmeral de las Sorpresas y el \u00e1rea de ocio del Muelle Uno.<\/p>\n","protected":false},"excerpt":{"rendered":"<p>La oferta tur\u00edstica de M\u00e1laga se promocionar\u00e1 el pr\u00f3ximo mes de agosto en las p\u00e1ginas del diario brit\u00e1nico &#8216;The Guardian&#8217; gracias a un viaje de prensa que ha organizado el \u00c1rea de Turismo y que permitir\u00e1 a la redactora de viajes de este peri\u00f3dico, Jane Dunford, conocer los principales atractivos del destino. Esta acci\u00f3n, dedicada<\/p>\n","protected":false},"author":1,"featured_media":41427,"comment_status":"open","ping_status":"closed","sticky":false,"template":"","format":"standard","meta":{"footnotes":""},"categories":[222],"tags":[],"class_list":{"0":"post-41426","1":"post","2":"type-post","3":"status-publish","4":"format-standard","5":"has-post-thumbnail","7":"category-actualidad-turismo"},"aioseo_notices":[],"aioseo_head":"\n\t\t<!-- All in One SEO Pro 4.9.6.1 - aioseo.com -->\n\t<meta name=\"description\" content=\"La oferta tur\u00edstica de M\u00e1laga se promocionar\u00e1 el pr\u00f3ximo mes de agosto en las p\u00e1ginas del diario brit\u00e1nico &#039;The Guardian&#039; gracias a un viaje de prensa que ha organizado el \u00c1rea de Turismo y que permitir\u00e1 a la redactora de viajes de este peri\u00f3dico, Jane Dunford, conocer los principales atractivos del destino. Esta acci\u00f3n, dedicada\" \/>\n\t<meta name=\"robots\" content=\"max-image-preview:large\" \/>\n\t<meta name=\"author\" content=\"admin\"\/>\n\t<meta name=\"google-site-verification\" content=\"UA-38556648-1\" \/>\n\t<meta name=\"keywords\" content=\"actualidad turismo\" \/>\n\t<link rel=\"canonical\" href=\"https:\/\/eldigitaldeasturias.com\/magazine365\/malaga-promocionara-su-oferta-en-las-paginas-del-diario-britanico-the-guardian\/\" \/>\n\t<meta name=\"generator\" content=\"All in One SEO Pro (AIOSEO) 4.9.6.1\" \/>\n\t\t<meta property=\"og:locale\" content=\"es_ES\" \/>\n\t\t<meta property=\"og:site_name\" content=\"El Digital de Asturias \u2013 Revista de ocio, turismo y estilo de vida\" \/>\n\t\t<meta property=\"og:type\" content=\"article\" \/>\n\t\t<meta property=\"og:title\" content=\"M\u00e1laga promocionar\u00e1 su oferta en las p\u00e1ginas del diario brit\u00e1nico \u2018The Guardian\u2019 | El Digital de Asturias\" \/>\n\t\t<meta property=\"og:description\" content=\"La oferta tur\u00edstica de M\u00e1laga se promocionar\u00e1 el pr\u00f3ximo mes de agosto en las p\u00e1ginas del diario brit\u00e1nico &#039;The Guardian&#039; gracias a un viaje de prensa que ha organizado el \u00c1rea de Turismo y que permitir\u00e1 a la redactora de viajes de este peri\u00f3dico, Jane Dunford, conocer los principales atractivos del destino. Esta acci\u00f3n, dedicada\" \/>\n\t\t<meta property=\"og:url\" content=\"https:\/\/eldigitaldeasturias.com\/magazine365\/malaga-promocionara-su-oferta-en-las-paginas-del-diario-britanico-the-guardian\/\" \/>\n\t\t<meta property=\"og:image\" content=\"https:\/\/eldigitaldeasturias.com\/magazine365\/wp-content\/uploads\/2015\/07\/fotonoticia_20150630163113_800.jpg\" \/>\n\t\t<meta property=\"og:image:secure_url\" content=\"https:\/\/eldigitaldeasturias.com\/magazine365\/wp-content\/uploads\/2015\/07\/fotonoticia_20150630163113_800.jpg\" \/>\n\t\t<meta property=\"og:image:width\" content=\"800\" \/>\n\t\t<meta property=\"og:image:height\" content=\"533\" \/>\n\t\t<meta property=\"article:published_time\" content=\"2015-07-01T11:54:24+00:00\" \/>\n\t\t<meta property=\"article:modified_time\" content=\"2015-07-01T11:54:24+00:00\" \/>\n\t\t<meta name=\"twitter:card\" content=\"summary_large_image\" \/>\n\t\t<meta name=\"twitter:title\" content=\"M\u00e1laga promocionar\u00e1 su oferta en las p\u00e1ginas del diario brit\u00e1nico \u2018The Guardian\u2019 | El Digital de Asturias\" \/>\n\t\t<meta name=\"twitter:description\" content=\"La oferta tur\u00edstica de M\u00e1laga se promocionar\u00e1 el pr\u00f3ximo mes de agosto en las p\u00e1ginas del diario brit\u00e1nico &#039;The Guardian&#039; gracias a un viaje de prensa que ha organizado el \u00c1rea de Turismo y que permitir\u00e1 a la redactora de viajes de este peri\u00f3dico, Jane Dunford, conocer los principales atractivos del destino. Esta acci\u00f3n, dedicada\" \/>\n\t\t<meta name=\"twitter:image\" content=\"https:\/\/eldigitaldeasturias.com\/magazine365\/wp-content\/uploads\/2015\/07\/fotonoticia_20150630163113_800.jpg\" \/>\n\t\t<script type=\"application\/ld+json\" class=\"aioseo-schema\">\n\t\t\t{\"@context\":\"https:\\\/\\\/schema.org\",\"@graph\":[{\"@type\":\"Article\",\"@id\":\"https:\\\/\\\/eldigitaldeasturias.com\\\/magazine365\\\/malaga-promocionara-su-oferta-en-las-paginas-del-diario-britanico-the-guardian\\\/#article\",\"name\":\"M\\u00e1laga promocionar\\u00e1 su oferta en las p\\u00e1ginas del diario brit\\u00e1nico \\u2018The Guardian\\u2019 | El Digital de Asturias\",\"headline\":\"M\\u00e1laga promocionar\\u00e1 su oferta en las p\\u00e1ginas del diario brit\\u00e1nico &#8216;The Guardian&#8217;\",\"author\":{\"@id\":\"https:\\\/\\\/eldigitaldeasturias.com\\\/magazine365\\\/author\\\/admin\\\/#author\"},\"publisher\":{\"@id\":\"https:\\\/\\\/eldigitaldeasturias.com\\\/magazine365\\\/#organization\"},\"image\":{\"@type\":\"ImageObject\",\"url\":\"https:\\\/\\\/eldigitaldeasturias.com\\\/magazine365\\\/wp-content\\\/uploads\\\/2015\\\/07\\\/fotonoticia_20150630163113_800.jpg\",\"width\":800,\"height\":533},\"datePublished\":\"2015-07-01T13:24:24+02:00\",\"dateModified\":\"2015-07-01T13:24:24+02:00\",\"inLanguage\":\"es-ES\",\"mainEntityOfPage\":{\"@id\":\"https:\\\/\\\/eldigitaldeasturias.com\\\/magazine365\\\/malaga-promocionara-su-oferta-en-las-paginas-del-diario-britanico-the-guardian\\\/#webpage\"},\"isPartOf\":{\"@id\":\"https:\\\/\\\/eldigitaldeasturias.com\\\/magazine365\\\/malaga-promocionara-su-oferta-en-las-paginas-del-diario-britanico-the-guardian\\\/#webpage\"},\"articleSection\":\"Actualidad Turismo\"},{\"@type\":\"BreadcrumbList\",\"@id\":\"https:\\\/\\\/eldigitaldeasturias.com\\\/magazine365\\\/malaga-promocionara-su-oferta-en-las-paginas-del-diario-britanico-the-guardian\\\/#breadcrumblist\",\"itemListElement\":[{\"@type\":\"ListItem\",\"@id\":\"https:\\\/\\\/eldigitaldeasturias.com\\\/magazine365#listItem\",\"position\":1,\"name\":\"Home\",\"item\":\"https:\\\/\\\/eldigitaldeasturias.com\\\/magazine365\",\"nextItem\":{\"@type\":\"ListItem\",\"@id\":\"https:\\\/\\\/eldigitaldeasturias.com\\\/magazine365\\\/category\\\/actualidad-turismo\\\/#listItem\",\"name\":\"Actualidad Turismo\"}},{\"@type\":\"ListItem\",\"@id\":\"https:\\\/\\\/eldigitaldeasturias.com\\\/magazine365\\\/category\\\/actualidad-turismo\\\/#listItem\",\"position\":2,\"name\":\"Actualidad Turismo\",\"item\":\"https:\\\/\\\/eldigitaldeasturias.com\\\/magazine365\\\/category\\\/actualidad-turismo\\\/\",\"nextItem\":{\"@type\":\"ListItem\",\"@id\":\"https:\\\/\\\/eldigitaldeasturias.com\\\/magazine365\\\/malaga-promocionara-su-oferta-en-las-paginas-del-diario-britanico-the-guardian\\\/#listItem\",\"name\":\"M\\u00e1laga promocionar\\u00e1 su oferta en las p\\u00e1ginas del diario brit\\u00e1nico &#8216;The Guardian&#8217;\"},\"previousItem\":{\"@type\":\"ListItem\",\"@id\":\"https:\\\/\\\/eldigitaldeasturias.com\\\/magazine365#listItem\",\"name\":\"Home\"}},{\"@type\":\"ListItem\",\"@id\":\"https:\\\/\\\/eldigitaldeasturias.com\\\/magazine365\\\/malaga-promocionara-su-oferta-en-las-paginas-del-diario-britanico-the-guardian\\\/#listItem\",\"position\":3,\"name\":\"M\\u00e1laga promocionar\\u00e1 su oferta en las p\\u00e1ginas del diario brit\\u00e1nico &#8216;The Guardian&#8217;\",\"previousItem\":{\"@type\":\"ListItem\",\"@id\":\"https:\\\/\\\/eldigitaldeasturias.com\\\/magazine365\\\/category\\\/actualidad-turismo\\\/#listItem\",\"name\":\"Actualidad Turismo\"}}]},{\"@type\":\"Organization\",\"@id\":\"https:\\\/\\\/eldigitaldeasturias.com\\\/magazine365\\\/#organization\",\"name\":\"El digital de Asturias\",\"description\":\"Revista de ocio, turismo y estilo de vida\",\"url\":\"https:\\\/\\\/eldigitaldeasturias.com\\\/magazine365\\\/\",\"logo\":{\"@type\":\"ImageObject\",\"url\":\"https:\\\/\\\/www.eldigitaldeasturias.com\\\/noticias\\\/wp-content\\\/uploads\\\/2020\\\/12\\\/EDA.jpg\",\"@id\":\"https:\\\/\\\/eldigitaldeasturias.com\\\/magazine365\\\/malaga-promocionara-su-oferta-en-las-paginas-del-diario-britanico-the-guardian\\\/#organizationLogo\"},\"image\":{\"@id\":\"https:\\\/\\\/eldigitaldeasturias.com\\\/magazine365\\\/malaga-promocionara-su-oferta-en-las-paginas-del-diario-britanico-the-guardian\\\/#organizationLogo\"}},{\"@type\":\"Person\",\"@id\":\"https:\\\/\\\/eldigitaldeasturias.com\\\/magazine365\\\/author\\\/admin\\\/#author\",\"url\":\"https:\\\/\\\/eldigitaldeasturias.com\\\/magazine365\\\/author\\\/admin\\\/\",\"name\":\"admin\",\"image\":{\"@type\":\"ImageObject\",\"@id\":\"https:\\\/\\\/eldigitaldeasturias.com\\\/magazine365\\\/malaga-promocionara-su-oferta-en-las-paginas-del-diario-britanico-the-guardian\\\/#authorImage\",\"url\":\"https:\\\/\\\/eldigitaldeasturias.com\\\/magazine365\\\/wp-content\\\/litespeed\\\/avatar\\\/e571bcf59a0edd6fa6838245a470f2fe.jpg?ver=1777574230\",\"width\":96,\"height\":96,\"caption\":\"admin\"}},{\"@type\":\"WebPage\",\"@id\":\"https:\\\/\\\/eldigitaldeasturias.com\\\/magazine365\\\/malaga-promocionara-su-oferta-en-las-paginas-del-diario-britanico-the-guardian\\\/#webpage\",\"url\":\"https:\\\/\\\/eldigitaldeasturias.com\\\/magazine365\\\/malaga-promocionara-su-oferta-en-las-paginas-del-diario-britanico-the-guardian\\\/\",\"name\":\"M\\u00e1laga promocionar\\u00e1 su oferta en las p\\u00e1ginas del diario brit\\u00e1nico \\u2018The Guardian\\u2019 | El Digital de Asturias\",\"description\":\"La oferta tur\\u00edstica de M\\u00e1laga se promocionar\\u00e1 el pr\\u00f3ximo mes de agosto en las p\\u00e1ginas del diario brit\\u00e1nico 'The Guardian' gracias a un viaje de prensa que ha organizado el \\u00c1rea de Turismo y que permitir\\u00e1 a la redactora de viajes de este peri\\u00f3dico, Jane Dunford, conocer los principales atractivos del destino. Esta acci\\u00f3n, dedicada\",\"inLanguage\":\"es-ES\",\"isPartOf\":{\"@id\":\"https:\\\/\\\/eldigitaldeasturias.com\\\/magazine365\\\/#website\"},\"breadcrumb\":{\"@id\":\"https:\\\/\\\/eldigitaldeasturias.com\\\/magazine365\\\/malaga-promocionara-su-oferta-en-las-paginas-del-diario-britanico-the-guardian\\\/#breadcrumblist\"},\"author\":{\"@id\":\"https:\\\/\\\/eldigitaldeasturias.com\\\/magazine365\\\/author\\\/admin\\\/#author\"},\"creator\":{\"@id\":\"https:\\\/\\\/eldigitaldeasturias.com\\\/magazine365\\\/author\\\/admin\\\/#author\"},\"image\":{\"@type\":\"ImageObject\",\"url\":\"https:\\\/\\\/eldigitaldeasturias.com\\\/magazine365\\\/wp-content\\\/uploads\\\/2015\\\/07\\\/fotonoticia_20150630163113_800.jpg\",\"@id\":\"https:\\\/\\\/eldigitaldeasturias.com\\\/magazine365\\\/malaga-promocionara-su-oferta-en-las-paginas-del-diario-britanico-the-guardian\\\/#mainImage\",\"width\":800,\"height\":533},\"primaryImageOfPage\":{\"@id\":\"https:\\\/\\\/eldigitaldeasturias.com\\\/magazine365\\\/malaga-promocionara-su-oferta-en-las-paginas-del-diario-britanico-the-guardian\\\/#mainImage\"},\"datePublished\":\"2015-07-01T13:24:24+02:00\",\"dateModified\":\"2015-07-01T13:24:24+02:00\"},{\"@type\":\"WebSite\",\"@id\":\"https:\\\/\\\/eldigitaldeasturias.com\\\/magazine365\\\/#website\",\"url\":\"https:\\\/\\\/eldigitaldeasturias.com\\\/magazine365\\\/\",\"name\":\"El Digital de Asturias\",\"description\":\"Revista de ocio, turismo y estilo de vida\",\"inLanguage\":\"es-ES\",\"publisher\":{\"@id\":\"https:\\\/\\\/eldigitaldeasturias.com\\\/magazine365\\\/#organization\"}}]}\n\t\t<\/script>\n\t\t<!-- All in One SEO Pro -->\r\n\t\t<title>M\u00e1laga promocionar\u00e1 su oferta en las p\u00e1ginas del diario brit\u00e1nico \u2018The Guardian\u2019 | El Digital de Asturias<\/title>\n\n","aioseo_head_json":{"title":"M\u00e1laga promocionar\u00e1 su oferta en las p\u00e1ginas del diario brit\u00e1nico \u2018The Guardian\u2019 | El Digital de Asturias","description":"La oferta tur\u00edstica de M\u00e1laga se promocionar\u00e1 el pr\u00f3ximo mes de agosto en las p\u00e1ginas del diario brit\u00e1nico 'The Guardian' gracias a un viaje de prensa que ha organizado el \u00c1rea de Turismo y que permitir\u00e1 a la redactora de viajes de este peri\u00f3dico, Jane Dunford, conocer los principales atractivos del destino. Esta acci\u00f3n, dedicada","canonical_url":"https:\/\/eldigitaldeasturias.com\/magazine365\/malaga-promocionara-su-oferta-en-las-paginas-del-diario-britanico-the-guardian\/","robots":"max-image-preview:large","keywords":"actualidad turismo","webmasterTools":{"google-site-verification":"UA-38556648-1","miscellaneous":""},"schema":{"@context":"https:\/\/schema.org","@graph":[{"@type":"Article","@id":"https:\/\/eldigitaldeasturias.com\/magazine365\/malaga-promocionara-su-oferta-en-las-paginas-del-diario-britanico-the-guardian\/#article","name":"M\u00e1laga promocionar\u00e1 su oferta en las p\u00e1ginas del diario brit\u00e1nico \u2018The Guardian\u2019 | El Digital de Asturias","headline":"M\u00e1laga promocionar\u00e1 su oferta en las p\u00e1ginas del diario brit\u00e1nico &#8216;The Guardian&#8217;","author":{"@id":"https:\/\/eldigitaldeasturias.com\/magazine365\/author\/admin\/#author"},"publisher":{"@id":"https:\/\/eldigitaldeasturias.com\/magazine365\/#organization"},"image":{"@type":"ImageObject","url":"https:\/\/eldigitaldeasturias.com\/magazine365\/wp-content\/uploads\/2015\/07\/fotonoticia_20150630163113_800.jpg","width":800,"height":533},"datePublished":"2015-07-01T13:24:24+02:00","dateModified":"2015-07-01T13:24:24+02:00","inLanguage":"es-ES","mainEntityOfPage":{"@id":"https:\/\/eldigitaldeasturias.com\/magazine365\/malaga-promocionara-su-oferta-en-las-paginas-del-diario-britanico-the-guardian\/#webpage"},"isPartOf":{"@id":"https:\/\/eldigitaldeasturias.com\/magazine365\/malaga-promocionara-su-oferta-en-las-paginas-del-diario-britanico-the-guardian\/#webpage"},"articleSection":"Actualidad Turismo"},{"@type":"BreadcrumbList","@id":"https:\/\/eldigitaldeasturias.com\/magazine365\/malaga-promocionara-su-oferta-en-las-paginas-del-diario-britanico-the-guardian\/#breadcrumblist","itemListElement":[{"@type":"ListItem","@id":"https:\/\/eldigitaldeasturias.com\/magazine365#listItem","position":1,"name":"Home","item":"https:\/\/eldigitaldeasturias.com\/magazine365","nextItem":{"@type":"ListItem","@id":"https:\/\/eldigitaldeasturias.com\/magazine365\/category\/actualidad-turismo\/#listItem","name":"Actualidad Turismo"}},{"@type":"ListItem","@id":"https:\/\/eldigitaldeasturias.com\/magazine365\/category\/actualidad-turismo\/#listItem","position":2,"name":"Actualidad Turismo","item":"https:\/\/eldigitaldeasturias.com\/magazine365\/category\/actualidad-turismo\/","nextItem":{"@type":"ListItem","@id":"https:\/\/eldigitaldeasturias.com\/magazine365\/malaga-promocionara-su-oferta-en-las-paginas-del-diario-britanico-the-guardian\/#listItem","name":"M\u00e1laga promocionar\u00e1 su oferta en las p\u00e1ginas del diario brit\u00e1nico &#8216;The Guardian&#8217;"},"previousItem":{"@type":"ListItem","@id":"https:\/\/eldigitaldeasturias.com\/magazine365#listItem","name":"Home"}},{"@type":"ListItem","@id":"https:\/\/eldigitaldeasturias.com\/magazine365\/malaga-promocionara-su-oferta-en-las-paginas-del-diario-britanico-the-guardian\/#listItem","position":3,"name":"M\u00e1laga promocionar\u00e1 su oferta en las p\u00e1ginas del diario brit\u00e1nico &#8216;The Guardian&#8217;","previousItem":{"@type":"ListItem","@id":"https:\/\/eldigitaldeasturias.com\/magazine365\/category\/actualidad-turismo\/#listItem","name":"Actualidad Turismo"}}]},{"@type":"Organization","@id":"https:\/\/eldigitaldeasturias.com\/magazine365\/#organization","name":"El digital de Asturias","description":"Revista de ocio, turismo y estilo de vida","url":"https:\/\/eldigitaldeasturias.com\/magazine365\/","logo":{"@type":"ImageObject","url":"https:\/\/www.eldigitaldeasturias.com\/noticias\/wp-content\/uploads\/2020\/12\/EDA.jpg","@id":"https:\/\/eldigitaldeasturias.com\/magazine365\/malaga-promocionara-su-oferta-en-las-paginas-del-diario-britanico-the-guardian\/#organizationLogo"},"image":{"@id":"https:\/\/eldigitaldeasturias.com\/magazine365\/malaga-promocionara-su-oferta-en-las-paginas-del-diario-britanico-the-guardian\/#organizationLogo"}},{"@type":"Person","@id":"https:\/\/eldigitaldeasturias.com\/magazine365\/author\/admin\/#author","url":"https:\/\/eldigitaldeasturias.com\/magazine365\/author\/admin\/","name":"admin","image":{"@type":"ImageObject","@id":"https:\/\/eldigitaldeasturias.com\/magazine365\/malaga-promocionara-su-oferta-en-las-paginas-del-diario-britanico-the-guardian\/#authorImage","url":"https:\/\/eldigitaldeasturias.com\/magazine365\/wp-content\/litespeed\/avatar\/e571bcf59a0edd6fa6838245a470f2fe.jpg?ver=1777574230","width":96,"height":96,"caption":"admin"}},{"@type":"WebPage","@id":"https:\/\/eldigitaldeasturias.com\/magazine365\/malaga-promocionara-su-oferta-en-las-paginas-del-diario-britanico-the-guardian\/#webpage","url":"https:\/\/eldigitaldeasturias.com\/magazine365\/malaga-promocionara-su-oferta-en-las-paginas-del-diario-britanico-the-guardian\/","name":"M\u00e1laga promocionar\u00e1 su oferta en las p\u00e1ginas del diario brit\u00e1nico \u2018The Guardian\u2019 | El Digital de Asturias","description":"La oferta tur\u00edstica de M\u00e1laga se promocionar\u00e1 el pr\u00f3ximo mes de agosto en las p\u00e1ginas del diario brit\u00e1nico 'The Guardian' gracias a un viaje de prensa que ha organizado el \u00c1rea de Turismo y que permitir\u00e1 a la redactora de viajes de este peri\u00f3dico, Jane Dunford, conocer los principales atractivos del destino. Esta acci\u00f3n, dedicada","inLanguage":"es-ES","isPartOf":{"@id":"https:\/\/eldigitaldeasturias.com\/magazine365\/#website"},"breadcrumb":{"@id":"https:\/\/eldigitaldeasturias.com\/magazine365\/malaga-promocionara-su-oferta-en-las-paginas-del-diario-britanico-the-guardian\/#breadcrumblist"},"author":{"@id":"https:\/\/eldigitaldeasturias.com\/magazine365\/author\/admin\/#author"},"creator":{"@id":"https:\/\/eldigitaldeasturias.com\/magazine365\/author\/admin\/#author"},"image":{"@type":"ImageObject","url":"https:\/\/eldigitaldeasturias.com\/magazine365\/wp-content\/uploads\/2015\/07\/fotonoticia_20150630163113_800.jpg","@id":"https:\/\/eldigitaldeasturias.com\/magazine365\/malaga-promocionara-su-oferta-en-las-paginas-del-diario-britanico-the-guardian\/#mainImage","width":800,"height":533},"primaryImageOfPage":{"@id":"https:\/\/eldigitaldeasturias.com\/magazine365\/malaga-promocionara-su-oferta-en-las-paginas-del-diario-britanico-the-guardian\/#mainImage"},"datePublished":"2015-07-01T13:24:24+02:00","dateModified":"2015-07-01T13:24:24+02:00"},{"@type":"WebSite","@id":"https:\/\/eldigitaldeasturias.com\/magazine365\/#website","url":"https:\/\/eldigitaldeasturias.com\/magazine365\/","name":"El Digital de Asturias","description":"Revista de ocio, turismo y estilo de vida","inLanguage":"es-ES","publisher":{"@id":"https:\/\/eldigitaldeasturias.com\/magazine365\/#organization"}}]},"og:locale":"es_ES","og:site_name":"El Digital de Asturias \u2013 Revista de ocio, turismo y estilo de vida","og:type":"article","og:title":"M\u00e1laga promocionar\u00e1 su oferta en las p\u00e1ginas del diario brit\u00e1nico \u2018The Guardian\u2019 | El Digital de Asturias","og:description":"La oferta tur\u00edstica de M\u00e1laga se promocionar\u00e1 el pr\u00f3ximo mes de agosto en las p\u00e1ginas del diario brit\u00e1nico 'The Guardian' gracias a un viaje de prensa que ha organizado el \u00c1rea de Turismo y que permitir\u00e1 a la redactora de viajes de este peri\u00f3dico, Jane Dunford, conocer los principales atractivos del destino. Esta acci\u00f3n, dedicada","og:url":"https:\/\/eldigitaldeasturias.com\/magazine365\/malaga-promocionara-su-oferta-en-las-paginas-del-diario-britanico-the-guardian\/","og:image":"https:\/\/eldigitaldeasturias.com\/magazine365\/wp-content\/uploads\/2015\/07\/fotonoticia_20150630163113_800.jpg","og:image:secure_url":"https:\/\/eldigitaldeasturias.com\/magazine365\/wp-content\/uploads\/2015\/07\/fotonoticia_20150630163113_800.jpg","og:image:width":800,"og:image:height":533,"article:published_time":"2015-07-01T11:54:24+00:00","article:modified_time":"2015-07-01T11:54:24+00:00","twitter:card":"summary_large_image","twitter:title":"M\u00e1laga promocionar\u00e1 su oferta en las p\u00e1ginas del diario brit\u00e1nico \u2018The Guardian\u2019 | El Digital de Asturias","twitter:description":"La oferta tur\u00edstica de M\u00e1laga se promocionar\u00e1 el pr\u00f3ximo mes de agosto en las p\u00e1ginas del diario brit\u00e1nico 'The Guardian' gracias a un viaje de prensa que ha organizado el \u00c1rea de Turismo y que permitir\u00e1 a la redactora de viajes de este peri\u00f3dico, Jane Dunford, conocer los principales atractivos del destino. Esta acci\u00f3n, dedicada","twitter:image":"https:\/\/eldigitaldeasturias.com\/magazine365\/wp-content\/uploads\/2015\/07\/fotonoticia_20150630163113_800.jpg"},"aioseo_meta_data":{"post_id":"41426","title":null,"description":null,"keywords":null,"keyphrases":null,"primary_term":null,"canonical_url":null,"og_title":null,"og_description":null,"og_object_type":"default","og_image_type":"default","og_image_url":null,"og_image_width":null,"og_image_height":null,"og_image_custom_url":null,"og_image_custom_fields":null,"og_video":null,"og_custom_url":null,"og_article_section":null,"og_article_tags":null,"twitter_use_og":false,"twitter_card":"default","twitter_image_type":"default","twitter_image_url":null,"twitter_image_custom_url":null,"twitter_image_custom_fields":null,"twitter_title":null,"twitter_description":null,"schema":{"blockGraphs":[],"customGraphs":[],"default":{"data":{"Article":[],"Course":[],"Dataset":[],"FAQPage":[],"Movie":[],"Person":[],"Product":[],"ProductReview":[],"Car":[],"Recipe":[],"Service":[],"SoftwareApplication":[],"WebPage":[]},"graphName":"","isEnabled":true},"graphs":[],"defaultGraph":"","defaultPostTypeGraph":""},"schema_type":null,"schema_type_options":null,"pillar_content":false,"robots_default":true,"robots_noindex":false,"robots_noarchive":false,"robots_nosnippet":false,"robots_nofollow":false,"robots_noimageindex":false,"robots_noodp":false,"robots_notranslate":false,"robots_max_snippet":null,"robots_max_videopreview":null,"robots_max_imagepreview":"large","priority":null,"frequency":null,"location":null,"local_seo":null,"seo_analyzer_scan_date":"2025-09-19 15:37:16","breadcrumb_settings":null,"limit_modified_date":false,"open_ai":null,"ai":null,"created":"2021-03-09 02:16:14","updated":"2025-09-19 15:37:16"},"aioseo_breadcrumb":"<div class=\"aioseo-breadcrumbs\"><span class=\"aioseo-breadcrumb\">\n\t<a href=\"https:\/\/eldigitaldeasturias.com\/magazine365\" title=\"Home\">Home<\/a>\n<\/span><span class=\"aioseo-breadcrumb-separator\">\u2013<\/span><span class=\"aioseo-breadcrumb\">\n\t<a href=\"https:\/\/eldigitaldeasturias.com\/magazine365\/category\/actualidad-turismo\/\" title=\"Actualidad Turismo\">Actualidad Turismo<\/a>\n<\/span><span class=\"aioseo-breadcrumb-separator\">\u2013<\/span><span class=\"aioseo-breadcrumb\">\n\t<a href=\"https:\/\/eldigitaldeasturias.com\/magazine365\/malaga-promocionara-su-oferta-en-las-paginas-del-diario-britanico-the-guardian\/\" title=\"M\u00e1laga promocionar\u00e1 su oferta en las p\u00e1ginas del diario brit\u00e1nico \u2018The Guardian\u2019\">M\u00e1laga promocionar\u00e1 su oferta en las p\u00e1ginas del diario brit\u00e1nico \u2018The Guardian\u2019<\/a>\n<\/span><\/div>","aioseo_breadcrumb_json":[{"label":"Home","link":"https:\/\/eldigitaldeasturias.com\/magazine365"},{"label":"Actualidad Turismo","link":"https:\/\/eldigitaldeasturias.com\/magazine365\/category\/actualidad-turismo\/"},{"label":"M\u00e1laga promocionar\u00e1 su oferta en las p\u00e1ginas del diario brit\u00e1nico &#8216;The Guardian&#8217;","link":"https:\/\/eldigitaldeasturias.com\/magazine365\/malaga-promocionara-su-oferta-en-las-paginas-del-diario-britanico-the-guardian\/"}],"_links":{"self":[{"href":"https:\/\/eldigitaldeasturias.com\/magazine365\/wp-json\/wp\/v2\/posts\/41426","targetHints":{"allow":["GET"]}}],"collection":[{"href":"https:\/\/eldigitaldeasturias.com\/magazine365\/wp-json\/wp\/v2\/posts"}],"about":[{"href":"https:\/\/eldigitaldeasturias.com\/magazine365\/wp-json\/wp\/v2\/types\/post"}],"author":[{"embeddable":true,"href":"https:\/\/eldigitaldeasturias.com\/magazine365\/wp-json\/wp\/v2\/users\/1"}],"replies":[{"embeddable":true,"href":"https:\/\/eldigitaldeasturias.com\/magazine365\/wp-json\/wp\/v2\/comments?post=41426"}],"version-history":[{"count":0,"href":"https:\/\/eldigitaldeasturias.com\/magazine365\/wp-json\/wp\/v2\/posts\/41426\/revisions"}],"wp:featuredmedia":[{"embeddable":true,"href":"https:\/\/eldigitaldeasturias.com\/magazine365\/wp-json\/wp\/v2\/media\/41427"}],"wp:attachment":[{"href":"https:\/\/eldigitaldeasturias.com\/magazine365\/wp-json\/wp\/v2\/media?parent=41426"}],"wp:term":[{"taxonomy":"category","embeddable":true,"href":"https:\/\/eldigitaldeasturias.com\/magazine365\/wp-json\/wp\/v2\/categories?post=41426"},{"taxonomy":"post_tag","embeddable":true,"href":"https:\/\/eldigitaldeasturias.com\/magazine365\/wp-json\/wp\/v2\/tags?post=41426"}],"curies":[{"name":"wp","href":"https:\/\/api.w.org\/{rel}","templated":true}]}}