{"id":41414,"date":"2015-07-01T13:17:39","date_gmt":"2015-07-01T11:47:39","guid":{"rendered":"http:\/\/eldigitaldeasturias.com\/magazine365\/?p=41414"},"modified":"2015-07-01T13:17:39","modified_gmt":"2015-07-01T11:47:39","slug":"joan-roca-en-la-cita-gastronomica-de-estrella-damm-en-londres-hacemos-cultura","status":"publish","type":"post","link":"https:\/\/eldigitaldeasturias.com\/magazine365\/joan-roca-en-la-cita-gastronomica-de-estrella-damm-en-londres-hacemos-cultura\/","title":{"rendered":"Joan Roca en la cita gastron\u00f3mica de Estrella Damm en Londres: \u00abHacemos cultura\u00bb"},"content":{"rendered":"<p><img fetchpriority=\"high\" decoding=\"async\" class=\"alignleft size-medium wp-image-41415\" src=\"https:\/\/eldigitaldeasturias.com\/magazine365\/wp-content\/uploads\/2015\/07\/fotonoticia_20150630144924_800-360x240.jpg\" alt=\"fotonoticia_20150630144924_800\" width=\"360\" height=\"240\" srcset=\"https:\/\/eldigitaldeasturias.com\/magazine365\/wp-content\/uploads\/2015\/07\/fotonoticia_20150630144924_800-360x240.jpg 360w, https:\/\/eldigitaldeasturias.com\/magazine365\/wp-content\/uploads\/2015\/07\/fotonoticia_20150630144924_800-650x434.jpg 650w, https:\/\/eldigitaldeasturias.com\/magazine365\/wp-content\/uploads\/2015\/07\/fotonoticia_20150630144924_800-768x513.jpg 768w, https:\/\/eldigitaldeasturias.com\/magazine365\/wp-content\/uploads\/2015\/07\/fotonoticia_20150630144924_800-150x100.jpg 150w, https:\/\/eldigitaldeasturias.com\/magazine365\/wp-content\/uploads\/2015\/07\/fotonoticia_20150630144924_800-450x300.jpg 450w, https:\/\/eldigitaldeasturias.com\/magazine365\/wp-content\/uploads\/2015\/07\/fotonoticia_20150630144924_800-696x465.jpg 696w, https:\/\/eldigitaldeasturias.com\/magazine365\/wp-content\/uploads\/2015\/07\/fotonoticia_20150630144924_800-629x420.jpg 629w, https:\/\/eldigitaldeasturias.com\/magazine365\/wp-content\/uploads\/2015\/07\/fotonoticia_20150630144924_800-84x55.jpg 84w, https:\/\/eldigitaldeasturias.com\/magazine365\/wp-content\/uploads\/2015\/07\/fotonoticia_20150630144924_800.jpg 800w\" sizes=\"(max-width: 360px) 100vw, 360px\" \/>El chef Joan Roca se ha sumado a la segunda edici\u00f3n del encuentro culinario &#8216;Estrella Damm Gastronomy Congress&#8217;, cita gastron\u00f3mica que se ha celebrado en Londres y que pone de manifiesto el valor de la cocina mediterr\u00e1nea en el extranjero.<\/p>\n<p>\u00abEl Damm Gastronomy Congress es una plataforma magn\u00edfica para contar lo que est\u00e1 pasando gastron\u00f3micamente en Espa\u00f1a. Yo creo que es una tarea interesante y, sobre todo, inteligente por parte de una marca para poder ayudar y al mismo tiempo hacer cultura de la gastronom\u00eda de nuestro pa\u00eds\u00bb, ha asegurado Roca.<\/p>\n<p>El cocinero del Celler de Can Roca, el mejor restaurante del mundo, ha ejercido de embajador junto con otros cocineros reconocidos mundialmente como el australiano Brett Graham (The Ledbury), el brit\u00e1nico James Knappett (Bubbledogs) y Albert Adri\u00e0 (Tickets).<\/p>\n<p>ALBERT ADRI\u00c0 Y LAS TAPAS<\/p>\n<p>Albert Adri\u00e0 ha destacado el poder de la tapa para acercarse a los consumidores: \u00abLas tapas es lo que el p\u00fablico demanda, sobre todo una ciudad como Barcelona que vive tanto del extranjero. El extranjero, cuando viene, quiere tapas, compartir a buen precio y si lo hace con buena calidad de producto es una cocina insuperable\u00bb.<\/p>\n<p>Y en este punto de gastronom\u00eda insuperable coincide Roca, que ha asegurado que la cocina mediterr\u00e1nea \u00abpermite tener productos de mucha calidad por esa inclinaci\u00f3n del sol fant\u00e1stica en esa \u00e1rea del mundo, por tener tambi\u00e9n esa diversidad cultural que ha dejado poso, esas culturas que han pasado por esos territorios y esas civilizaciones que han estado preocupadas por las formas de comer y que han dejado en herencia recetarios muy diversos\u00bb.<\/p>\n<p>ENRIC CROUS: \u00abSIMBIOSIS PERFECTA\u00bb<\/p>\n<p>El director general de Damm, Enric Grous, ha agradecido a Roca y a Adri\u00e0 su participaci\u00f3n: \u00abEllos nos han ayudado a crear nuestra marca In\u00e9dit, que nos est\u00e1 empujando y ayudando mucho en nuestra expansi\u00f3n internacional. Es una simbiosis, desde nuestro punto de vista, perfecta\u00bb.<\/p>\n<p>El encuentro, que ha tenido lugar en el Hurlingham Club, ha repasado las nuevas tendencias y reunido a profesionales del sector de la gastronom\u00eda para que puedan interactuar con los reconocidos cocineros en un foro bajo el concepto &#8216;El Perfil Cambiante de la Gastronom\u00eda Moderna&#8217;.<\/p>\n<p>NATIONAL RESTAURANTS AWARDS<\/p>\n<p>Adem\u00e1s, Damm ha apoyado la gala &#8216;National Restaurants Awards&#8217; que se celebra en el mismo escenario con demostraciones culinarias en vivo por parte de los cocineros invitados en una sesi\u00f3n de debate sobre las nuevas tendencias en el mundo de la cocina.<\/p>\n<p>El Reino Unido se ha convertido en uno de los pa\u00edses de mayor importancia en el proceso de internacionalizaci\u00f3n de la empresa cervecera en los \u00faltimos a\u00f1os.<\/p>\n<p>Seg\u00fan el grupo cervecero, desde su aterrizaje en el mercado anglosaj\u00f3n, la penetraci\u00f3n y crecimiento de la marca han ido adquiriendo m\u00e1s relevancia.<\/p>\n","protected":false},"excerpt":{"rendered":"<p>El chef Joan Roca se ha sumado a la segunda edici\u00f3n del encuentro culinario &#8216;Estrella Damm Gastronomy Congress&#8217;, cita gastron\u00f3mica que se ha celebrado en Londres y que pone de manifiesto el valor de la cocina mediterr\u00e1nea en el extranjero. \u00abEl Damm Gastronomy Congress es una plataforma magn\u00edfica para contar lo que est\u00e1 pasando gastron\u00f3micamente<\/p>\n","protected":false},"author":1,"featured_media":41415,"comment_status":"open","ping_status":"closed","sticky":false,"template":"","format":"standard","meta":{"footnotes":""},"categories":[222],"tags":[],"class_list":{"0":"post-41414","1":"post","2":"type-post","3":"status-publish","4":"format-standard","5":"has-post-thumbnail","7":"category-actualidad-turismo"},"aioseo_notices":[],"aioseo_head":"\n\t\t<!-- All in One SEO Pro 4.9.6.1 - aioseo.com -->\n\t<meta name=\"description\" content=\"El chef Joan Roca se ha sumado a la segunda edici\u00f3n del encuentro culinario &#039;Estrella Damm Gastronomy Congress&#039;, cita gastron\u00f3mica que se ha celebrado en Londres y que pone de manifiesto el valor de la cocina mediterr\u00e1nea en el extranjero. &quot;El Damm Gastronomy Congress es una plataforma magn\u00edfica para contar lo que est\u00e1 pasando gastron\u00f3micamente\" \/>\n\t<meta name=\"robots\" content=\"max-image-preview:large\" \/>\n\t<meta name=\"author\" content=\"admin\"\/>\n\t<meta name=\"google-site-verification\" content=\"UA-38556648-1\" \/>\n\t<meta name=\"keywords\" content=\"actualidad turismo\" \/>\n\t<link rel=\"canonical\" href=\"https:\/\/eldigitaldeasturias.com\/magazine365\/joan-roca-en-la-cita-gastronomica-de-estrella-damm-en-londres-hacemos-cultura\/\" \/>\n\t<meta name=\"generator\" content=\"All in One SEO Pro (AIOSEO) 4.9.6.1\" \/>\n\t\t<meta property=\"og:locale\" content=\"es_ES\" \/>\n\t\t<meta property=\"og:site_name\" content=\"El Digital de Asturias \u2013 Revista de ocio, turismo y estilo de vida\" \/>\n\t\t<meta property=\"og:type\" content=\"article\" \/>\n\t\t<meta property=\"og:title\" content=\"Joan Roca en la cita gastron\u00f3mica de Estrella Damm en Londres: \u00abHacemos cultura\u00bb | El Digital de Asturias\" \/>\n\t\t<meta property=\"og:description\" content=\"El chef Joan Roca se ha sumado a la segunda edici\u00f3n del encuentro culinario &#039;Estrella Damm Gastronomy Congress&#039;, cita gastron\u00f3mica que se ha celebrado en Londres y que pone de manifiesto el valor de la cocina mediterr\u00e1nea en el extranjero. &quot;El Damm Gastronomy Congress es una plataforma magn\u00edfica para contar lo que est\u00e1 pasando gastron\u00f3micamente\" \/>\n\t\t<meta property=\"og:url\" content=\"https:\/\/eldigitaldeasturias.com\/magazine365\/joan-roca-en-la-cita-gastronomica-de-estrella-damm-en-londres-hacemos-cultura\/\" \/>\n\t\t<meta property=\"og:image\" content=\"https:\/\/eldigitaldeasturias.com\/magazine365\/wp-content\/uploads\/2015\/07\/fotonoticia_20150630144924_800.jpg\" \/>\n\t\t<meta property=\"og:image:secure_url\" content=\"https:\/\/eldigitaldeasturias.com\/magazine365\/wp-content\/uploads\/2015\/07\/fotonoticia_20150630144924_800.jpg\" \/>\n\t\t<meta property=\"og:image:width\" content=\"800\" \/>\n\t\t<meta property=\"og:image:height\" content=\"534\" \/>\n\t\t<meta property=\"article:published_time\" content=\"2015-07-01T11:47:39+00:00\" \/>\n\t\t<meta property=\"article:modified_time\" content=\"2015-07-01T11:47:39+00:00\" \/>\n\t\t<meta name=\"twitter:card\" content=\"summary_large_image\" \/>\n\t\t<meta name=\"twitter:title\" content=\"Joan Roca en la cita gastron\u00f3mica de Estrella Damm en Londres: \u00abHacemos cultura\u00bb | El Digital de Asturias\" \/>\n\t\t<meta name=\"twitter:description\" content=\"El chef Joan Roca se ha sumado a la segunda edici\u00f3n del encuentro culinario &#039;Estrella Damm Gastronomy Congress&#039;, cita gastron\u00f3mica que se ha celebrado en Londres y que pone de manifiesto el valor de la cocina mediterr\u00e1nea en el extranjero. &quot;El Damm Gastronomy Congress es una plataforma magn\u00edfica para contar lo que est\u00e1 pasando gastron\u00f3micamente\" \/>\n\t\t<meta name=\"twitter:image\" content=\"https:\/\/eldigitaldeasturias.com\/magazine365\/wp-content\/uploads\/2015\/07\/fotonoticia_20150630144924_800.jpg\" \/>\n\t\t<script type=\"application\/ld+json\" class=\"aioseo-schema\">\n\t\t\t{\"@context\":\"https:\\\/\\\/schema.org\",\"@graph\":[{\"@type\":\"Article\",\"@id\":\"https:\\\/\\\/eldigitaldeasturias.com\\\/magazine365\\\/joan-roca-en-la-cita-gastronomica-de-estrella-damm-en-londres-hacemos-cultura\\\/#article\",\"name\":\"Joan Roca en la cita gastron\\u00f3mica de Estrella Damm en Londres: \\u00abHacemos cultura\\u00bb | El Digital de Asturias\",\"headline\":\"Joan Roca en la cita gastron\\u00f3mica de Estrella Damm en Londres: \\u00abHacemos cultura\\u00bb\",\"author\":{\"@id\":\"https:\\\/\\\/eldigitaldeasturias.com\\\/magazine365\\\/author\\\/admin\\\/#author\"},\"publisher\":{\"@id\":\"https:\\\/\\\/eldigitaldeasturias.com\\\/magazine365\\\/#organization\"},\"image\":{\"@type\":\"ImageObject\",\"url\":\"https:\\\/\\\/eldigitaldeasturias.com\\\/magazine365\\\/wp-content\\\/uploads\\\/2015\\\/07\\\/fotonoticia_20150630144924_800.jpg\",\"width\":800,\"height\":534},\"datePublished\":\"2015-07-01T13:17:39+02:00\",\"dateModified\":\"2015-07-01T13:17:39+02:00\",\"inLanguage\":\"es-ES\",\"mainEntityOfPage\":{\"@id\":\"https:\\\/\\\/eldigitaldeasturias.com\\\/magazine365\\\/joan-roca-en-la-cita-gastronomica-de-estrella-damm-en-londres-hacemos-cultura\\\/#webpage\"},\"isPartOf\":{\"@id\":\"https:\\\/\\\/eldigitaldeasturias.com\\\/magazine365\\\/joan-roca-en-la-cita-gastronomica-de-estrella-damm-en-londres-hacemos-cultura\\\/#webpage\"},\"articleSection\":\"Actualidad Turismo\"},{\"@type\":\"BreadcrumbList\",\"@id\":\"https:\\\/\\\/eldigitaldeasturias.com\\\/magazine365\\\/joan-roca-en-la-cita-gastronomica-de-estrella-damm-en-londres-hacemos-cultura\\\/#breadcrumblist\",\"itemListElement\":[{\"@type\":\"ListItem\",\"@id\":\"https:\\\/\\\/eldigitaldeasturias.com\\\/magazine365#listItem\",\"position\":1,\"name\":\"Home\",\"item\":\"https:\\\/\\\/eldigitaldeasturias.com\\\/magazine365\",\"nextItem\":{\"@type\":\"ListItem\",\"@id\":\"https:\\\/\\\/eldigitaldeasturias.com\\\/magazine365\\\/category\\\/actualidad-turismo\\\/#listItem\",\"name\":\"Actualidad Turismo\"}},{\"@type\":\"ListItem\",\"@id\":\"https:\\\/\\\/eldigitaldeasturias.com\\\/magazine365\\\/category\\\/actualidad-turismo\\\/#listItem\",\"position\":2,\"name\":\"Actualidad Turismo\",\"item\":\"https:\\\/\\\/eldigitaldeasturias.com\\\/magazine365\\\/category\\\/actualidad-turismo\\\/\",\"nextItem\":{\"@type\":\"ListItem\",\"@id\":\"https:\\\/\\\/eldigitaldeasturias.com\\\/magazine365\\\/joan-roca-en-la-cita-gastronomica-de-estrella-damm-en-londres-hacemos-cultura\\\/#listItem\",\"name\":\"Joan Roca en la cita gastron\\u00f3mica de Estrella Damm en Londres: \\u00abHacemos cultura\\u00bb\"},\"previousItem\":{\"@type\":\"ListItem\",\"@id\":\"https:\\\/\\\/eldigitaldeasturias.com\\\/magazine365#listItem\",\"name\":\"Home\"}},{\"@type\":\"ListItem\",\"@id\":\"https:\\\/\\\/eldigitaldeasturias.com\\\/magazine365\\\/joan-roca-en-la-cita-gastronomica-de-estrella-damm-en-londres-hacemos-cultura\\\/#listItem\",\"position\":3,\"name\":\"Joan Roca en la cita gastron\\u00f3mica de Estrella Damm en Londres: \\u00abHacemos cultura\\u00bb\",\"previousItem\":{\"@type\":\"ListItem\",\"@id\":\"https:\\\/\\\/eldigitaldeasturias.com\\\/magazine365\\\/category\\\/actualidad-turismo\\\/#listItem\",\"name\":\"Actualidad Turismo\"}}]},{\"@type\":\"Organization\",\"@id\":\"https:\\\/\\\/eldigitaldeasturias.com\\\/magazine365\\\/#organization\",\"name\":\"El digital de Asturias\",\"description\":\"Revista de ocio, turismo y estilo de vida\",\"url\":\"https:\\\/\\\/eldigitaldeasturias.com\\\/magazine365\\\/\",\"logo\":{\"@type\":\"ImageObject\",\"url\":\"https:\\\/\\\/www.eldigitaldeasturias.com\\\/noticias\\\/wp-content\\\/uploads\\\/2020\\\/12\\\/EDA.jpg\",\"@id\":\"https:\\\/\\\/eldigitaldeasturias.com\\\/magazine365\\\/joan-roca-en-la-cita-gastronomica-de-estrella-damm-en-londres-hacemos-cultura\\\/#organizationLogo\"},\"image\":{\"@id\":\"https:\\\/\\\/eldigitaldeasturias.com\\\/magazine365\\\/joan-roca-en-la-cita-gastronomica-de-estrella-damm-en-londres-hacemos-cultura\\\/#organizationLogo\"}},{\"@type\":\"Person\",\"@id\":\"https:\\\/\\\/eldigitaldeasturias.com\\\/magazine365\\\/author\\\/admin\\\/#author\",\"url\":\"https:\\\/\\\/eldigitaldeasturias.com\\\/magazine365\\\/author\\\/admin\\\/\",\"name\":\"admin\",\"image\":{\"@type\":\"ImageObject\",\"@id\":\"https:\\\/\\\/eldigitaldeasturias.com\\\/magazine365\\\/joan-roca-en-la-cita-gastronomica-de-estrella-damm-en-londres-hacemos-cultura\\\/#authorImage\",\"url\":\"https:\\\/\\\/eldigitaldeasturias.com\\\/magazine365\\\/wp-content\\\/litespeed\\\/avatar\\\/e571bcf59a0edd6fa6838245a470f2fe.jpg?ver=1777574230\",\"width\":96,\"height\":96,\"caption\":\"admin\"}},{\"@type\":\"WebPage\",\"@id\":\"https:\\\/\\\/eldigitaldeasturias.com\\\/magazine365\\\/joan-roca-en-la-cita-gastronomica-de-estrella-damm-en-londres-hacemos-cultura\\\/#webpage\",\"url\":\"https:\\\/\\\/eldigitaldeasturias.com\\\/magazine365\\\/joan-roca-en-la-cita-gastronomica-de-estrella-damm-en-londres-hacemos-cultura\\\/\",\"name\":\"Joan Roca en la cita gastron\\u00f3mica de Estrella Damm en Londres: \\u00abHacemos cultura\\u00bb | El Digital de Asturias\",\"description\":\"El chef Joan Roca se ha sumado a la segunda edici\\u00f3n del encuentro culinario 'Estrella Damm Gastronomy Congress', cita gastron\\u00f3mica que se ha celebrado en Londres y que pone de manifiesto el valor de la cocina mediterr\\u00e1nea en el extranjero. \\\"El Damm Gastronomy Congress es una plataforma magn\\u00edfica para contar lo que est\\u00e1 pasando gastron\\u00f3micamente\",\"inLanguage\":\"es-ES\",\"isPartOf\":{\"@id\":\"https:\\\/\\\/eldigitaldeasturias.com\\\/magazine365\\\/#website\"},\"breadcrumb\":{\"@id\":\"https:\\\/\\\/eldigitaldeasturias.com\\\/magazine365\\\/joan-roca-en-la-cita-gastronomica-de-estrella-damm-en-londres-hacemos-cultura\\\/#breadcrumblist\"},\"author\":{\"@id\":\"https:\\\/\\\/eldigitaldeasturias.com\\\/magazine365\\\/author\\\/admin\\\/#author\"},\"creator\":{\"@id\":\"https:\\\/\\\/eldigitaldeasturias.com\\\/magazine365\\\/author\\\/admin\\\/#author\"},\"image\":{\"@type\":\"ImageObject\",\"url\":\"https:\\\/\\\/eldigitaldeasturias.com\\\/magazine365\\\/wp-content\\\/uploads\\\/2015\\\/07\\\/fotonoticia_20150630144924_800.jpg\",\"@id\":\"https:\\\/\\\/eldigitaldeasturias.com\\\/magazine365\\\/joan-roca-en-la-cita-gastronomica-de-estrella-damm-en-londres-hacemos-cultura\\\/#mainImage\",\"width\":800,\"height\":534},\"primaryImageOfPage\":{\"@id\":\"https:\\\/\\\/eldigitaldeasturias.com\\\/magazine365\\\/joan-roca-en-la-cita-gastronomica-de-estrella-damm-en-londres-hacemos-cultura\\\/#mainImage\"},\"datePublished\":\"2015-07-01T13:17:39+02:00\",\"dateModified\":\"2015-07-01T13:17:39+02:00\"},{\"@type\":\"WebSite\",\"@id\":\"https:\\\/\\\/eldigitaldeasturias.com\\\/magazine365\\\/#website\",\"url\":\"https:\\\/\\\/eldigitaldeasturias.com\\\/magazine365\\\/\",\"name\":\"El Digital de Asturias\",\"description\":\"Revista de ocio, turismo y estilo de vida\",\"inLanguage\":\"es-ES\",\"publisher\":{\"@id\":\"https:\\\/\\\/eldigitaldeasturias.com\\\/magazine365\\\/#organization\"}}]}\n\t\t<\/script>\n\t\t<!-- All in One SEO Pro -->\r\n\t\t<title>Joan Roca en la cita gastron\u00f3mica de Estrella Damm en Londres: \u00abHacemos cultura\u00bb | El Digital de Asturias<\/title>\n\n","aioseo_head_json":{"title":"Joan Roca en la cita gastron\u00f3mica de Estrella Damm en Londres: \u00abHacemos cultura\u00bb | El Digital de Asturias","description":"El chef Joan Roca se ha sumado a la segunda edici\u00f3n del encuentro culinario 'Estrella Damm Gastronomy Congress', cita gastron\u00f3mica que se ha celebrado en Londres y que pone de manifiesto el valor de la cocina mediterr\u00e1nea en el extranjero. \"El Damm Gastronomy Congress es una plataforma magn\u00edfica para contar lo que est\u00e1 pasando gastron\u00f3micamente","canonical_url":"https:\/\/eldigitaldeasturias.com\/magazine365\/joan-roca-en-la-cita-gastronomica-de-estrella-damm-en-londres-hacemos-cultura\/","robots":"max-image-preview:large","keywords":"actualidad turismo","webmasterTools":{"google-site-verification":"UA-38556648-1","miscellaneous":""},"schema":{"@context":"https:\/\/schema.org","@graph":[{"@type":"Article","@id":"https:\/\/eldigitaldeasturias.com\/magazine365\/joan-roca-en-la-cita-gastronomica-de-estrella-damm-en-londres-hacemos-cultura\/#article","name":"Joan Roca en la cita gastron\u00f3mica de Estrella Damm en Londres: \u00abHacemos cultura\u00bb | El Digital de Asturias","headline":"Joan Roca en la cita gastron\u00f3mica de Estrella Damm en Londres: \u00abHacemos cultura\u00bb","author":{"@id":"https:\/\/eldigitaldeasturias.com\/magazine365\/author\/admin\/#author"},"publisher":{"@id":"https:\/\/eldigitaldeasturias.com\/magazine365\/#organization"},"image":{"@type":"ImageObject","url":"https:\/\/eldigitaldeasturias.com\/magazine365\/wp-content\/uploads\/2015\/07\/fotonoticia_20150630144924_800.jpg","width":800,"height":534},"datePublished":"2015-07-01T13:17:39+02:00","dateModified":"2015-07-01T13:17:39+02:00","inLanguage":"es-ES","mainEntityOfPage":{"@id":"https:\/\/eldigitaldeasturias.com\/magazine365\/joan-roca-en-la-cita-gastronomica-de-estrella-damm-en-londres-hacemos-cultura\/#webpage"},"isPartOf":{"@id":"https:\/\/eldigitaldeasturias.com\/magazine365\/joan-roca-en-la-cita-gastronomica-de-estrella-damm-en-londres-hacemos-cultura\/#webpage"},"articleSection":"Actualidad Turismo"},{"@type":"BreadcrumbList","@id":"https:\/\/eldigitaldeasturias.com\/magazine365\/joan-roca-en-la-cita-gastronomica-de-estrella-damm-en-londres-hacemos-cultura\/#breadcrumblist","itemListElement":[{"@type":"ListItem","@id":"https:\/\/eldigitaldeasturias.com\/magazine365#listItem","position":1,"name":"Home","item":"https:\/\/eldigitaldeasturias.com\/magazine365","nextItem":{"@type":"ListItem","@id":"https:\/\/eldigitaldeasturias.com\/magazine365\/category\/actualidad-turismo\/#listItem","name":"Actualidad Turismo"}},{"@type":"ListItem","@id":"https:\/\/eldigitaldeasturias.com\/magazine365\/category\/actualidad-turismo\/#listItem","position":2,"name":"Actualidad Turismo","item":"https:\/\/eldigitaldeasturias.com\/magazine365\/category\/actualidad-turismo\/","nextItem":{"@type":"ListItem","@id":"https:\/\/eldigitaldeasturias.com\/magazine365\/joan-roca-en-la-cita-gastronomica-de-estrella-damm-en-londres-hacemos-cultura\/#listItem","name":"Joan Roca en la cita gastron\u00f3mica de Estrella Damm en Londres: \u00abHacemos cultura\u00bb"},"previousItem":{"@type":"ListItem","@id":"https:\/\/eldigitaldeasturias.com\/magazine365#listItem","name":"Home"}},{"@type":"ListItem","@id":"https:\/\/eldigitaldeasturias.com\/magazine365\/joan-roca-en-la-cita-gastronomica-de-estrella-damm-en-londres-hacemos-cultura\/#listItem","position":3,"name":"Joan Roca en la cita gastron\u00f3mica de Estrella Damm en Londres: \u00abHacemos cultura\u00bb","previousItem":{"@type":"ListItem","@id":"https:\/\/eldigitaldeasturias.com\/magazine365\/category\/actualidad-turismo\/#listItem","name":"Actualidad Turismo"}}]},{"@type":"Organization","@id":"https:\/\/eldigitaldeasturias.com\/magazine365\/#organization","name":"El digital de Asturias","description":"Revista de ocio, turismo y estilo de vida","url":"https:\/\/eldigitaldeasturias.com\/magazine365\/","logo":{"@type":"ImageObject","url":"https:\/\/www.eldigitaldeasturias.com\/noticias\/wp-content\/uploads\/2020\/12\/EDA.jpg","@id":"https:\/\/eldigitaldeasturias.com\/magazine365\/joan-roca-en-la-cita-gastronomica-de-estrella-damm-en-londres-hacemos-cultura\/#organizationLogo"},"image":{"@id":"https:\/\/eldigitaldeasturias.com\/magazine365\/joan-roca-en-la-cita-gastronomica-de-estrella-damm-en-londres-hacemos-cultura\/#organizationLogo"}},{"@type":"Person","@id":"https:\/\/eldigitaldeasturias.com\/magazine365\/author\/admin\/#author","url":"https:\/\/eldigitaldeasturias.com\/magazine365\/author\/admin\/","name":"admin","image":{"@type":"ImageObject","@id":"https:\/\/eldigitaldeasturias.com\/magazine365\/joan-roca-en-la-cita-gastronomica-de-estrella-damm-en-londres-hacemos-cultura\/#authorImage","url":"https:\/\/eldigitaldeasturias.com\/magazine365\/wp-content\/litespeed\/avatar\/e571bcf59a0edd6fa6838245a470f2fe.jpg?ver=1777574230","width":96,"height":96,"caption":"admin"}},{"@type":"WebPage","@id":"https:\/\/eldigitaldeasturias.com\/magazine365\/joan-roca-en-la-cita-gastronomica-de-estrella-damm-en-londres-hacemos-cultura\/#webpage","url":"https:\/\/eldigitaldeasturias.com\/magazine365\/joan-roca-en-la-cita-gastronomica-de-estrella-damm-en-londres-hacemos-cultura\/","name":"Joan Roca en la cita gastron\u00f3mica de Estrella Damm en Londres: \u00abHacemos cultura\u00bb | El Digital de Asturias","description":"El chef Joan Roca se ha sumado a la segunda edici\u00f3n del encuentro culinario 'Estrella Damm Gastronomy Congress', cita gastron\u00f3mica que se ha celebrado en Londres y que pone de manifiesto el valor de la cocina mediterr\u00e1nea en el extranjero. \"El Damm Gastronomy Congress es una plataforma magn\u00edfica para contar lo que est\u00e1 pasando gastron\u00f3micamente","inLanguage":"es-ES","isPartOf":{"@id":"https:\/\/eldigitaldeasturias.com\/magazine365\/#website"},"breadcrumb":{"@id":"https:\/\/eldigitaldeasturias.com\/magazine365\/joan-roca-en-la-cita-gastronomica-de-estrella-damm-en-londres-hacemos-cultura\/#breadcrumblist"},"author":{"@id":"https:\/\/eldigitaldeasturias.com\/magazine365\/author\/admin\/#author"},"creator":{"@id":"https:\/\/eldigitaldeasturias.com\/magazine365\/author\/admin\/#author"},"image":{"@type":"ImageObject","url":"https:\/\/eldigitaldeasturias.com\/magazine365\/wp-content\/uploads\/2015\/07\/fotonoticia_20150630144924_800.jpg","@id":"https:\/\/eldigitaldeasturias.com\/magazine365\/joan-roca-en-la-cita-gastronomica-de-estrella-damm-en-londres-hacemos-cultura\/#mainImage","width":800,"height":534},"primaryImageOfPage":{"@id":"https:\/\/eldigitaldeasturias.com\/magazine365\/joan-roca-en-la-cita-gastronomica-de-estrella-damm-en-londres-hacemos-cultura\/#mainImage"},"datePublished":"2015-07-01T13:17:39+02:00","dateModified":"2015-07-01T13:17:39+02:00"},{"@type":"WebSite","@id":"https:\/\/eldigitaldeasturias.com\/magazine365\/#website","url":"https:\/\/eldigitaldeasturias.com\/magazine365\/","name":"El Digital de Asturias","description":"Revista de ocio, turismo y estilo de vida","inLanguage":"es-ES","publisher":{"@id":"https:\/\/eldigitaldeasturias.com\/magazine365\/#organization"}}]},"og:locale":"es_ES","og:site_name":"El Digital de Asturias \u2013 Revista de ocio, turismo y estilo de vida","og:type":"article","og:title":"Joan Roca en la cita gastron\u00f3mica de Estrella Damm en Londres: \u00abHacemos cultura\u00bb | El Digital de Asturias","og:description":"El chef Joan Roca se ha sumado a la segunda edici\u00f3n del encuentro culinario 'Estrella Damm Gastronomy Congress', cita gastron\u00f3mica que se ha celebrado en Londres y que pone de manifiesto el valor de la cocina mediterr\u00e1nea en el extranjero. &quot;El Damm Gastronomy Congress es una plataforma magn\u00edfica para contar lo que est\u00e1 pasando gastron\u00f3micamente","og:url":"https:\/\/eldigitaldeasturias.com\/magazine365\/joan-roca-en-la-cita-gastronomica-de-estrella-damm-en-londres-hacemos-cultura\/","og:image":"https:\/\/eldigitaldeasturias.com\/magazine365\/wp-content\/uploads\/2015\/07\/fotonoticia_20150630144924_800.jpg","og:image:secure_url":"https:\/\/eldigitaldeasturias.com\/magazine365\/wp-content\/uploads\/2015\/07\/fotonoticia_20150630144924_800.jpg","og:image:width":800,"og:image:height":534,"article:published_time":"2015-07-01T11:47:39+00:00","article:modified_time":"2015-07-01T11:47:39+00:00","twitter:card":"summary_large_image","twitter:title":"Joan Roca en la cita gastron\u00f3mica de Estrella Damm en Londres: \u00abHacemos cultura\u00bb | El Digital de Asturias","twitter:description":"El chef Joan Roca se ha sumado a la segunda edici\u00f3n del encuentro culinario 'Estrella Damm Gastronomy Congress', cita gastron\u00f3mica que se ha celebrado en Londres y que pone de manifiesto el valor de la cocina mediterr\u00e1nea en el extranjero. &quot;El Damm Gastronomy Congress es una plataforma magn\u00edfica para contar lo que est\u00e1 pasando gastron\u00f3micamente","twitter:image":"https:\/\/eldigitaldeasturias.com\/magazine365\/wp-content\/uploads\/2015\/07\/fotonoticia_20150630144924_800.jpg"},"aioseo_meta_data":{"post_id":"41414","title":null,"description":null,"keywords":null,"keyphrases":null,"primary_term":null,"canonical_url":null,"og_title":null,"og_description":null,"og_object_type":"default","og_image_type":"default","og_image_url":null,"og_image_width":null,"og_image_height":null,"og_image_custom_url":null,"og_image_custom_fields":null,"og_video":null,"og_custom_url":null,"og_article_section":null,"og_article_tags":null,"twitter_use_og":false,"twitter_card":"default","twitter_image_type":"default","twitter_image_url":null,"twitter_image_custom_url":null,"twitter_image_custom_fields":null,"twitter_title":null,"twitter_description":null,"schema":{"blockGraphs":[],"customGraphs":[],"default":{"data":{"Article":[],"Course":[],"Dataset":[],"FAQPage":[],"Movie":[],"Person":[],"Product":[],"ProductReview":[],"Car":[],"Recipe":[],"Service":[],"SoftwareApplication":[],"WebPage":[]},"graphName":"","isEnabled":true},"graphs":[],"defaultGraph":"","defaultPostTypeGraph":""},"schema_type":null,"schema_type_options":null,"pillar_content":false,"robots_default":true,"robots_noindex":false,"robots_noarchive":false,"robots_nosnippet":false,"robots_nofollow":false,"robots_noimageindex":false,"robots_noodp":false,"robots_notranslate":false,"robots_max_snippet":null,"robots_max_videopreview":null,"robots_max_imagepreview":"large","priority":null,"frequency":null,"location":null,"local_seo":null,"seo_analyzer_scan_date":"2025-09-19 15:35:52","breadcrumb_settings":null,"limit_modified_date":false,"open_ai":null,"ai":null,"created":"2020-12-21 13:57:04","updated":"2025-09-19 15:35:52"},"aioseo_breadcrumb":"<div class=\"aioseo-breadcrumbs\"><span class=\"aioseo-breadcrumb\">\n\t<a href=\"https:\/\/eldigitaldeasturias.com\/magazine365\" title=\"Home\">Home<\/a>\n<\/span><span class=\"aioseo-breadcrumb-separator\">\u2013<\/span><span class=\"aioseo-breadcrumb\">\n\t<a href=\"https:\/\/eldigitaldeasturias.com\/magazine365\/category\/actualidad-turismo\/\" title=\"Actualidad Turismo\">Actualidad Turismo<\/a>\n<\/span><span class=\"aioseo-breadcrumb-separator\">\u2013<\/span><span class=\"aioseo-breadcrumb\">\n\t<a href=\"https:\/\/eldigitaldeasturias.com\/magazine365\/joan-roca-en-la-cita-gastronomica-de-estrella-damm-en-londres-hacemos-cultura\/\" title=\"Joan Roca en la cita gastron\u00f3mica de Estrella Damm en Londres: \u00abHacemos cultura\u00bb\">Joan Roca en la cita gastron\u00f3mica de Estrella Damm en Londres: \u00abHacemos cultura\u00bb<\/a>\n<\/span><\/div>","aioseo_breadcrumb_json":[{"label":"Home","link":"https:\/\/eldigitaldeasturias.com\/magazine365"},{"label":"Actualidad Turismo","link":"https:\/\/eldigitaldeasturias.com\/magazine365\/category\/actualidad-turismo\/"},{"label":"Joan Roca en la cita gastron\u00f3mica de Estrella Damm en Londres: \u00abHacemos cultura\u00bb","link":"https:\/\/eldigitaldeasturias.com\/magazine365\/joan-roca-en-la-cita-gastronomica-de-estrella-damm-en-londres-hacemos-cultura\/"}],"_links":{"self":[{"href":"https:\/\/eldigitaldeasturias.com\/magazine365\/wp-json\/wp\/v2\/posts\/41414","targetHints":{"allow":["GET"]}}],"collection":[{"href":"https:\/\/eldigitaldeasturias.com\/magazine365\/wp-json\/wp\/v2\/posts"}],"about":[{"href":"https:\/\/eldigitaldeasturias.com\/magazine365\/wp-json\/wp\/v2\/types\/post"}],"author":[{"embeddable":true,"href":"https:\/\/eldigitaldeasturias.com\/magazine365\/wp-json\/wp\/v2\/users\/1"}],"replies":[{"embeddable":true,"href":"https:\/\/eldigitaldeasturias.com\/magazine365\/wp-json\/wp\/v2\/comments?post=41414"}],"version-history":[{"count":0,"href":"https:\/\/eldigitaldeasturias.com\/magazine365\/wp-json\/wp\/v2\/posts\/41414\/revisions"}],"wp:featuredmedia":[{"embeddable":true,"href":"https:\/\/eldigitaldeasturias.com\/magazine365\/wp-json\/wp\/v2\/media\/41415"}],"wp:attachment":[{"href":"https:\/\/eldigitaldeasturias.com\/magazine365\/wp-json\/wp\/v2\/media?parent=41414"}],"wp:term":[{"taxonomy":"category","embeddable":true,"href":"https:\/\/eldigitaldeasturias.com\/magazine365\/wp-json\/wp\/v2\/categories?post=41414"},{"taxonomy":"post_tag","embeddable":true,"href":"https:\/\/eldigitaldeasturias.com\/magazine365\/wp-json\/wp\/v2\/tags?post=41414"}],"curies":[{"name":"wp","href":"https:\/\/api.w.org\/{rel}","templated":true}]}}