{"id":41411,"date":"2015-07-01T13:15:14","date_gmt":"2015-07-01T11:45:14","guid":{"rendered":"http:\/\/eldigitaldeasturias.com\/magazine365\/?p=41411"},"modified":"2015-07-01T13:15:14","modified_gmt":"2015-07-01T11:45:14","slug":"thais-henriquez-se-convierte-en-embajadora-de-gran-canaria","status":"publish","type":"post","link":"https:\/\/eldigitaldeasturias.com\/magazine365\/thais-henriquez-se-convierte-en-embajadora-de-gran-canaria\/","title":{"rendered":"Thais Henr\u00edquez se convierte en embajadora de Gran Canaria"},"content":{"rendered":"<p><img fetchpriority=\"high\" decoding=\"async\" class=\"alignleft size-medium wp-image-41412\" src=\"https:\/\/eldigitaldeasturias.com\/magazine365\/wp-content\/uploads\/2015\/07\/fotonoticia_20150630143539_800-360x297.jpg\" alt=\"fotonoticia_20150630143539_800\" width=\"360\" height=\"297\" srcset=\"https:\/\/eldigitaldeasturias.com\/magazine365\/wp-content\/uploads\/2015\/07\/fotonoticia_20150630143539_800-360x297.jpg 360w, https:\/\/eldigitaldeasturias.com\/magazine365\/wp-content\/uploads\/2015\/07\/fotonoticia_20150630143539_800-650x536.jpg 650w, https:\/\/eldigitaldeasturias.com\/magazine365\/wp-content\/uploads\/2015\/07\/fotonoticia_20150630143539_800-768x634.jpg 768w, https:\/\/eldigitaldeasturias.com\/magazine365\/wp-content\/uploads\/2015\/07\/fotonoticia_20150630143539_800-150x124.jpg 150w, https:\/\/eldigitaldeasturias.com\/magazine365\/wp-content\/uploads\/2015\/07\/fotonoticia_20150630143539_800-450x371.jpg 450w, https:\/\/eldigitaldeasturias.com\/magazine365\/wp-content\/uploads\/2015\/07\/fotonoticia_20150630143539_800-696x574.jpg 696w, https:\/\/eldigitaldeasturias.com\/magazine365\/wp-content\/uploads\/2015\/07\/fotonoticia_20150630143539_800-509x420.jpg 509w, https:\/\/eldigitaldeasturias.com\/magazine365\/wp-content\/uploads\/2015\/07\/fotonoticia_20150630143539_800-300x247.jpg 300w, https:\/\/eldigitaldeasturias.com\/magazine365\/wp-content\/uploads\/2015\/07\/fotonoticia_20150630143539_800.jpg 800w\" sizes=\"(max-width: 360px) 100vw, 360px\" \/>La nadadora ol\u00edmpica del equipo espa\u00f1ol de nataci\u00f3n sincronizada Thais Henr\u00edquez ser\u00e1 la embajadora de Gran Canaria, tras un acuerdo con el Cabildo insular.<\/p>\n<p>Al respecto, la deportista grancanaria se mostr\u00f3 ilusionada con este proyecto con el que promocionar\u00e1 los valores de \u00abuna isla impresionante\u00bb, afirmando que es \u00abuna gran oportunidad y un honor\u00bb poder representar de esta forma la isla.<\/p>\n<p>\u00abLlevo a mi isla muy dentro y siempre que puedo, me escapo de la rutina de la pen\u00ednsula y vengo aqu\u00ed porque no necesito otro sitio para irme de vacaciones, tengo todo aqu\u00ed\u00bb, se\u00f1al\u00f3 en declaraciones a los medios.<\/p>\n<p>En cuanto al proyecto, especific\u00f3 que ha realizado dos sesiones fotogr\u00e1ficas en diferentes puntos de la isla, tales como son Puerto de Mog\u00e1n, Maspalomas, Playa del Ingl\u00e9s y Vegueta, apuntando que \u00abel resultado se va a ver muy pronto\u00bb.<\/p>\n<p>Adem\u00e1s, a\u00f1adi\u00f3, que parte del vestuario es de dise\u00f1adores canarios, por lo que se mostr\u00f3 \u00abcontenta\u00bb con poder unir varios aspectos en esta promoci\u00f3n que llevar\u00e1 a cabo en las redes sociales, as\u00ed como estando presente en actos.<\/p>\n<p>Finalmente, la consejera de Turismo del Cabildo de Gran Canaria, In\u00e9s Jim\u00e9nez, se\u00f1al\u00f3 que la deportista estar\u00e1 \u00aben principio un a\u00f1o\u00bb y se prev\u00e9 que est\u00e9 en eventos tur\u00edsticos destacados donde est\u00e9 presente Gran Canaria.<\/p>\n","protected":false},"excerpt":{"rendered":"<p>La nadadora ol\u00edmpica del equipo espa\u00f1ol de nataci\u00f3n sincronizada Thais Henr\u00edquez ser\u00e1 la embajadora de Gran Canaria, tras un acuerdo con el Cabildo insular. Al respecto, la deportista grancanaria se mostr\u00f3 ilusionada con este proyecto con el que promocionar\u00e1 los valores de \u00abuna isla impresionante\u00bb, afirmando que es \u00abuna gran oportunidad y un honor\u00bb poder<\/p>\n","protected":false},"author":1,"featured_media":41412,"comment_status":"open","ping_status":"closed","sticky":false,"template":"","format":"standard","meta":{"footnotes":""},"categories":[222],"tags":[],"class_list":{"0":"post-41411","1":"post","2":"type-post","3":"status-publish","4":"format-standard","5":"has-post-thumbnail","7":"category-actualidad-turismo"},"aioseo_notices":[],"aioseo_head":"\n\t\t<!-- All in One SEO Pro 4.9.6.1 - aioseo.com -->\n\t<meta name=\"description\" content=\"La nadadora ol\u00edmpica del equipo espa\u00f1ol de nataci\u00f3n sincronizada Thais Henr\u00edquez ser\u00e1 la embajadora de Gran Canaria, tras un acuerdo con el Cabildo insular. Al respecto, la deportista grancanaria se mostr\u00f3 ilusionada con este proyecto con el que promocionar\u00e1 los valores de &quot;una isla impresionante&quot;, afirmando que es &quot;una gran oportunidad y un honor&quot; poder\" \/>\n\t<meta name=\"robots\" content=\"max-image-preview:large\" \/>\n\t<meta name=\"author\" content=\"admin\"\/>\n\t<meta name=\"google-site-verification\" content=\"UA-38556648-1\" \/>\n\t<meta name=\"keywords\" content=\"actualidad turismo\" \/>\n\t<link rel=\"canonical\" href=\"https:\/\/eldigitaldeasturias.com\/magazine365\/thais-henriquez-se-convierte-en-embajadora-de-gran-canaria\/\" \/>\n\t<meta name=\"generator\" content=\"All in One SEO Pro (AIOSEO) 4.9.6.1\" \/>\n\t\t<meta property=\"og:locale\" content=\"es_ES\" \/>\n\t\t<meta property=\"og:site_name\" content=\"El Digital de Asturias \u2013 Revista de ocio, turismo y estilo de vida\" \/>\n\t\t<meta property=\"og:type\" content=\"article\" \/>\n\t\t<meta property=\"og:title\" content=\"Thais Henr\u00edquez se convierte en embajadora de Gran Canaria | El Digital de Asturias\" \/>\n\t\t<meta property=\"og:description\" content=\"La nadadora ol\u00edmpica del equipo espa\u00f1ol de nataci\u00f3n sincronizada Thais Henr\u00edquez ser\u00e1 la embajadora de Gran Canaria, tras un acuerdo con el Cabildo insular. Al respecto, la deportista grancanaria se mostr\u00f3 ilusionada con este proyecto con el que promocionar\u00e1 los valores de &quot;una isla impresionante&quot;, afirmando que es &quot;una gran oportunidad y un honor&quot; poder\" \/>\n\t\t<meta property=\"og:url\" content=\"https:\/\/eldigitaldeasturias.com\/magazine365\/thais-henriquez-se-convierte-en-embajadora-de-gran-canaria\/\" \/>\n\t\t<meta property=\"og:image\" content=\"https:\/\/eldigitaldeasturias.com\/magazine365\/wp-content\/uploads\/2015\/07\/fotonoticia_20150630143539_800.jpg\" \/>\n\t\t<meta property=\"og:image:secure_url\" content=\"https:\/\/eldigitaldeasturias.com\/magazine365\/wp-content\/uploads\/2015\/07\/fotonoticia_20150630143539_800.jpg\" \/>\n\t\t<meta property=\"og:image:width\" content=\"800\" \/>\n\t\t<meta property=\"og:image:height\" content=\"660\" \/>\n\t\t<meta property=\"article:published_time\" content=\"2015-07-01T11:45:14+00:00\" \/>\n\t\t<meta property=\"article:modified_time\" content=\"2015-07-01T11:45:14+00:00\" \/>\n\t\t<meta name=\"twitter:card\" content=\"summary_large_image\" \/>\n\t\t<meta name=\"twitter:title\" content=\"Thais Henr\u00edquez se convierte en embajadora de Gran Canaria | El Digital de Asturias\" \/>\n\t\t<meta name=\"twitter:description\" content=\"La nadadora ol\u00edmpica del equipo espa\u00f1ol de nataci\u00f3n sincronizada Thais Henr\u00edquez ser\u00e1 la embajadora de Gran Canaria, tras un acuerdo con el Cabildo insular. Al respecto, la deportista grancanaria se mostr\u00f3 ilusionada con este proyecto con el que promocionar\u00e1 los valores de &quot;una isla impresionante&quot;, afirmando que es &quot;una gran oportunidad y un honor&quot; poder\" \/>\n\t\t<meta name=\"twitter:image\" content=\"https:\/\/eldigitaldeasturias.com\/magazine365\/wp-content\/uploads\/2015\/07\/fotonoticia_20150630143539_800.jpg\" \/>\n\t\t<script type=\"application\/ld+json\" class=\"aioseo-schema\">\n\t\t\t{\"@context\":\"https:\\\/\\\/schema.org\",\"@graph\":[{\"@type\":\"Article\",\"@id\":\"https:\\\/\\\/eldigitaldeasturias.com\\\/magazine365\\\/thais-henriquez-se-convierte-en-embajadora-de-gran-canaria\\\/#article\",\"name\":\"Thais Henr\\u00edquez se convierte en embajadora de Gran Canaria | El Digital de Asturias\",\"headline\":\"Thais Henr\\u00edquez se convierte en embajadora de Gran Canaria\",\"author\":{\"@id\":\"https:\\\/\\\/eldigitaldeasturias.com\\\/magazine365\\\/author\\\/admin\\\/#author\"},\"publisher\":{\"@id\":\"https:\\\/\\\/eldigitaldeasturias.com\\\/magazine365\\\/#organization\"},\"image\":{\"@type\":\"ImageObject\",\"url\":\"https:\\\/\\\/eldigitaldeasturias.com\\\/magazine365\\\/wp-content\\\/uploads\\\/2015\\\/07\\\/fotonoticia_20150630143539_800.jpg\",\"width\":800,\"height\":660},\"datePublished\":\"2015-07-01T13:15:14+02:00\",\"dateModified\":\"2015-07-01T13:15:14+02:00\",\"inLanguage\":\"es-ES\",\"mainEntityOfPage\":{\"@id\":\"https:\\\/\\\/eldigitaldeasturias.com\\\/magazine365\\\/thais-henriquez-se-convierte-en-embajadora-de-gran-canaria\\\/#webpage\"},\"isPartOf\":{\"@id\":\"https:\\\/\\\/eldigitaldeasturias.com\\\/magazine365\\\/thais-henriquez-se-convierte-en-embajadora-de-gran-canaria\\\/#webpage\"},\"articleSection\":\"Actualidad Turismo\"},{\"@type\":\"BreadcrumbList\",\"@id\":\"https:\\\/\\\/eldigitaldeasturias.com\\\/magazine365\\\/thais-henriquez-se-convierte-en-embajadora-de-gran-canaria\\\/#breadcrumblist\",\"itemListElement\":[{\"@type\":\"ListItem\",\"@id\":\"https:\\\/\\\/eldigitaldeasturias.com\\\/magazine365#listItem\",\"position\":1,\"name\":\"Home\",\"item\":\"https:\\\/\\\/eldigitaldeasturias.com\\\/magazine365\",\"nextItem\":{\"@type\":\"ListItem\",\"@id\":\"https:\\\/\\\/eldigitaldeasturias.com\\\/magazine365\\\/category\\\/actualidad-turismo\\\/#listItem\",\"name\":\"Actualidad Turismo\"}},{\"@type\":\"ListItem\",\"@id\":\"https:\\\/\\\/eldigitaldeasturias.com\\\/magazine365\\\/category\\\/actualidad-turismo\\\/#listItem\",\"position\":2,\"name\":\"Actualidad Turismo\",\"item\":\"https:\\\/\\\/eldigitaldeasturias.com\\\/magazine365\\\/category\\\/actualidad-turismo\\\/\",\"nextItem\":{\"@type\":\"ListItem\",\"@id\":\"https:\\\/\\\/eldigitaldeasturias.com\\\/magazine365\\\/thais-henriquez-se-convierte-en-embajadora-de-gran-canaria\\\/#listItem\",\"name\":\"Thais Henr\\u00edquez se convierte en embajadora de Gran Canaria\"},\"previousItem\":{\"@type\":\"ListItem\",\"@id\":\"https:\\\/\\\/eldigitaldeasturias.com\\\/magazine365#listItem\",\"name\":\"Home\"}},{\"@type\":\"ListItem\",\"@id\":\"https:\\\/\\\/eldigitaldeasturias.com\\\/magazine365\\\/thais-henriquez-se-convierte-en-embajadora-de-gran-canaria\\\/#listItem\",\"position\":3,\"name\":\"Thais Henr\\u00edquez se convierte en embajadora de Gran Canaria\",\"previousItem\":{\"@type\":\"ListItem\",\"@id\":\"https:\\\/\\\/eldigitaldeasturias.com\\\/magazine365\\\/category\\\/actualidad-turismo\\\/#listItem\",\"name\":\"Actualidad Turismo\"}}]},{\"@type\":\"Organization\",\"@id\":\"https:\\\/\\\/eldigitaldeasturias.com\\\/magazine365\\\/#organization\",\"name\":\"El digital de Asturias\",\"description\":\"Revista de ocio, turismo y estilo de vida\",\"url\":\"https:\\\/\\\/eldigitaldeasturias.com\\\/magazine365\\\/\",\"logo\":{\"@type\":\"ImageObject\",\"url\":\"https:\\\/\\\/www.eldigitaldeasturias.com\\\/noticias\\\/wp-content\\\/uploads\\\/2020\\\/12\\\/EDA.jpg\",\"@id\":\"https:\\\/\\\/eldigitaldeasturias.com\\\/magazine365\\\/thais-henriquez-se-convierte-en-embajadora-de-gran-canaria\\\/#organizationLogo\"},\"image\":{\"@id\":\"https:\\\/\\\/eldigitaldeasturias.com\\\/magazine365\\\/thais-henriquez-se-convierte-en-embajadora-de-gran-canaria\\\/#organizationLogo\"}},{\"@type\":\"Person\",\"@id\":\"https:\\\/\\\/eldigitaldeasturias.com\\\/magazine365\\\/author\\\/admin\\\/#author\",\"url\":\"https:\\\/\\\/eldigitaldeasturias.com\\\/magazine365\\\/author\\\/admin\\\/\",\"name\":\"admin\",\"image\":{\"@type\":\"ImageObject\",\"@id\":\"https:\\\/\\\/eldigitaldeasturias.com\\\/magazine365\\\/thais-henriquez-se-convierte-en-embajadora-de-gran-canaria\\\/#authorImage\",\"url\":\"https:\\\/\\\/eldigitaldeasturias.com\\\/magazine365\\\/wp-content\\\/litespeed\\\/avatar\\\/e571bcf59a0edd6fa6838245a470f2fe.jpg?ver=1777574230\",\"width\":96,\"height\":96,\"caption\":\"admin\"}},{\"@type\":\"WebPage\",\"@id\":\"https:\\\/\\\/eldigitaldeasturias.com\\\/magazine365\\\/thais-henriquez-se-convierte-en-embajadora-de-gran-canaria\\\/#webpage\",\"url\":\"https:\\\/\\\/eldigitaldeasturias.com\\\/magazine365\\\/thais-henriquez-se-convierte-en-embajadora-de-gran-canaria\\\/\",\"name\":\"Thais Henr\\u00edquez se convierte en embajadora de Gran Canaria | El Digital de Asturias\",\"description\":\"La nadadora ol\\u00edmpica del equipo espa\\u00f1ol de nataci\\u00f3n sincronizada Thais Henr\\u00edquez ser\\u00e1 la embajadora de Gran Canaria, tras un acuerdo con el Cabildo insular. Al respecto, la deportista grancanaria se mostr\\u00f3 ilusionada con este proyecto con el que promocionar\\u00e1 los valores de \\\"una isla impresionante\\\", afirmando que es \\\"una gran oportunidad y un honor\\\" poder\",\"inLanguage\":\"es-ES\",\"isPartOf\":{\"@id\":\"https:\\\/\\\/eldigitaldeasturias.com\\\/magazine365\\\/#website\"},\"breadcrumb\":{\"@id\":\"https:\\\/\\\/eldigitaldeasturias.com\\\/magazine365\\\/thais-henriquez-se-convierte-en-embajadora-de-gran-canaria\\\/#breadcrumblist\"},\"author\":{\"@id\":\"https:\\\/\\\/eldigitaldeasturias.com\\\/magazine365\\\/author\\\/admin\\\/#author\"},\"creator\":{\"@id\":\"https:\\\/\\\/eldigitaldeasturias.com\\\/magazine365\\\/author\\\/admin\\\/#author\"},\"image\":{\"@type\":\"ImageObject\",\"url\":\"https:\\\/\\\/eldigitaldeasturias.com\\\/magazine365\\\/wp-content\\\/uploads\\\/2015\\\/07\\\/fotonoticia_20150630143539_800.jpg\",\"@id\":\"https:\\\/\\\/eldigitaldeasturias.com\\\/magazine365\\\/thais-henriquez-se-convierte-en-embajadora-de-gran-canaria\\\/#mainImage\",\"width\":800,\"height\":660},\"primaryImageOfPage\":{\"@id\":\"https:\\\/\\\/eldigitaldeasturias.com\\\/magazine365\\\/thais-henriquez-se-convierte-en-embajadora-de-gran-canaria\\\/#mainImage\"},\"datePublished\":\"2015-07-01T13:15:14+02:00\",\"dateModified\":\"2015-07-01T13:15:14+02:00\"},{\"@type\":\"WebSite\",\"@id\":\"https:\\\/\\\/eldigitaldeasturias.com\\\/magazine365\\\/#website\",\"url\":\"https:\\\/\\\/eldigitaldeasturias.com\\\/magazine365\\\/\",\"name\":\"El Digital de Asturias\",\"description\":\"Revista de ocio, turismo y estilo de vida\",\"inLanguage\":\"es-ES\",\"publisher\":{\"@id\":\"https:\\\/\\\/eldigitaldeasturias.com\\\/magazine365\\\/#organization\"}}]}\n\t\t<\/script>\n\t\t<!-- All in One SEO Pro -->\r\n\t\t<title>Thais Henr\u00edquez se convierte en embajadora de Gran Canaria | El Digital de Asturias<\/title>\n\n","aioseo_head_json":{"title":"Thais Henr\u00edquez se convierte en embajadora de Gran Canaria | El Digital de Asturias","description":"La nadadora ol\u00edmpica del equipo espa\u00f1ol de nataci\u00f3n sincronizada Thais Henr\u00edquez ser\u00e1 la embajadora de Gran Canaria, tras un acuerdo con el Cabildo insular. Al respecto, la deportista grancanaria se mostr\u00f3 ilusionada con este proyecto con el que promocionar\u00e1 los valores de \"una isla impresionante\", afirmando que es \"una gran oportunidad y un honor\" poder","canonical_url":"https:\/\/eldigitaldeasturias.com\/magazine365\/thais-henriquez-se-convierte-en-embajadora-de-gran-canaria\/","robots":"max-image-preview:large","keywords":"actualidad turismo","webmasterTools":{"google-site-verification":"UA-38556648-1","miscellaneous":""},"schema":{"@context":"https:\/\/schema.org","@graph":[{"@type":"Article","@id":"https:\/\/eldigitaldeasturias.com\/magazine365\/thais-henriquez-se-convierte-en-embajadora-de-gran-canaria\/#article","name":"Thais Henr\u00edquez se convierte en embajadora de Gran Canaria | El Digital de Asturias","headline":"Thais Henr\u00edquez se convierte en embajadora de Gran Canaria","author":{"@id":"https:\/\/eldigitaldeasturias.com\/magazine365\/author\/admin\/#author"},"publisher":{"@id":"https:\/\/eldigitaldeasturias.com\/magazine365\/#organization"},"image":{"@type":"ImageObject","url":"https:\/\/eldigitaldeasturias.com\/magazine365\/wp-content\/uploads\/2015\/07\/fotonoticia_20150630143539_800.jpg","width":800,"height":660},"datePublished":"2015-07-01T13:15:14+02:00","dateModified":"2015-07-01T13:15:14+02:00","inLanguage":"es-ES","mainEntityOfPage":{"@id":"https:\/\/eldigitaldeasturias.com\/magazine365\/thais-henriquez-se-convierte-en-embajadora-de-gran-canaria\/#webpage"},"isPartOf":{"@id":"https:\/\/eldigitaldeasturias.com\/magazine365\/thais-henriquez-se-convierte-en-embajadora-de-gran-canaria\/#webpage"},"articleSection":"Actualidad Turismo"},{"@type":"BreadcrumbList","@id":"https:\/\/eldigitaldeasturias.com\/magazine365\/thais-henriquez-se-convierte-en-embajadora-de-gran-canaria\/#breadcrumblist","itemListElement":[{"@type":"ListItem","@id":"https:\/\/eldigitaldeasturias.com\/magazine365#listItem","position":1,"name":"Home","item":"https:\/\/eldigitaldeasturias.com\/magazine365","nextItem":{"@type":"ListItem","@id":"https:\/\/eldigitaldeasturias.com\/magazine365\/category\/actualidad-turismo\/#listItem","name":"Actualidad Turismo"}},{"@type":"ListItem","@id":"https:\/\/eldigitaldeasturias.com\/magazine365\/category\/actualidad-turismo\/#listItem","position":2,"name":"Actualidad Turismo","item":"https:\/\/eldigitaldeasturias.com\/magazine365\/category\/actualidad-turismo\/","nextItem":{"@type":"ListItem","@id":"https:\/\/eldigitaldeasturias.com\/magazine365\/thais-henriquez-se-convierte-en-embajadora-de-gran-canaria\/#listItem","name":"Thais Henr\u00edquez se convierte en embajadora de Gran Canaria"},"previousItem":{"@type":"ListItem","@id":"https:\/\/eldigitaldeasturias.com\/magazine365#listItem","name":"Home"}},{"@type":"ListItem","@id":"https:\/\/eldigitaldeasturias.com\/magazine365\/thais-henriquez-se-convierte-en-embajadora-de-gran-canaria\/#listItem","position":3,"name":"Thais Henr\u00edquez se convierte en embajadora de Gran Canaria","previousItem":{"@type":"ListItem","@id":"https:\/\/eldigitaldeasturias.com\/magazine365\/category\/actualidad-turismo\/#listItem","name":"Actualidad Turismo"}}]},{"@type":"Organization","@id":"https:\/\/eldigitaldeasturias.com\/magazine365\/#organization","name":"El digital de Asturias","description":"Revista de ocio, turismo y estilo de vida","url":"https:\/\/eldigitaldeasturias.com\/magazine365\/","logo":{"@type":"ImageObject","url":"https:\/\/www.eldigitaldeasturias.com\/noticias\/wp-content\/uploads\/2020\/12\/EDA.jpg","@id":"https:\/\/eldigitaldeasturias.com\/magazine365\/thais-henriquez-se-convierte-en-embajadora-de-gran-canaria\/#organizationLogo"},"image":{"@id":"https:\/\/eldigitaldeasturias.com\/magazine365\/thais-henriquez-se-convierte-en-embajadora-de-gran-canaria\/#organizationLogo"}},{"@type":"Person","@id":"https:\/\/eldigitaldeasturias.com\/magazine365\/author\/admin\/#author","url":"https:\/\/eldigitaldeasturias.com\/magazine365\/author\/admin\/","name":"admin","image":{"@type":"ImageObject","@id":"https:\/\/eldigitaldeasturias.com\/magazine365\/thais-henriquez-se-convierte-en-embajadora-de-gran-canaria\/#authorImage","url":"https:\/\/eldigitaldeasturias.com\/magazine365\/wp-content\/litespeed\/avatar\/e571bcf59a0edd6fa6838245a470f2fe.jpg?ver=1777574230","width":96,"height":96,"caption":"admin"}},{"@type":"WebPage","@id":"https:\/\/eldigitaldeasturias.com\/magazine365\/thais-henriquez-se-convierte-en-embajadora-de-gran-canaria\/#webpage","url":"https:\/\/eldigitaldeasturias.com\/magazine365\/thais-henriquez-se-convierte-en-embajadora-de-gran-canaria\/","name":"Thais Henr\u00edquez se convierte en embajadora de Gran Canaria | El Digital de Asturias","description":"La nadadora ol\u00edmpica del equipo espa\u00f1ol de nataci\u00f3n sincronizada Thais Henr\u00edquez ser\u00e1 la embajadora de Gran Canaria, tras un acuerdo con el Cabildo insular. Al respecto, la deportista grancanaria se mostr\u00f3 ilusionada con este proyecto con el que promocionar\u00e1 los valores de \"una isla impresionante\", afirmando que es \"una gran oportunidad y un honor\" poder","inLanguage":"es-ES","isPartOf":{"@id":"https:\/\/eldigitaldeasturias.com\/magazine365\/#website"},"breadcrumb":{"@id":"https:\/\/eldigitaldeasturias.com\/magazine365\/thais-henriquez-se-convierte-en-embajadora-de-gran-canaria\/#breadcrumblist"},"author":{"@id":"https:\/\/eldigitaldeasturias.com\/magazine365\/author\/admin\/#author"},"creator":{"@id":"https:\/\/eldigitaldeasturias.com\/magazine365\/author\/admin\/#author"},"image":{"@type":"ImageObject","url":"https:\/\/eldigitaldeasturias.com\/magazine365\/wp-content\/uploads\/2015\/07\/fotonoticia_20150630143539_800.jpg","@id":"https:\/\/eldigitaldeasturias.com\/magazine365\/thais-henriquez-se-convierte-en-embajadora-de-gran-canaria\/#mainImage","width":800,"height":660},"primaryImageOfPage":{"@id":"https:\/\/eldigitaldeasturias.com\/magazine365\/thais-henriquez-se-convierte-en-embajadora-de-gran-canaria\/#mainImage"},"datePublished":"2015-07-01T13:15:14+02:00","dateModified":"2015-07-01T13:15:14+02:00"},{"@type":"WebSite","@id":"https:\/\/eldigitaldeasturias.com\/magazine365\/#website","url":"https:\/\/eldigitaldeasturias.com\/magazine365\/","name":"El Digital de Asturias","description":"Revista de ocio, turismo y estilo de vida","inLanguage":"es-ES","publisher":{"@id":"https:\/\/eldigitaldeasturias.com\/magazine365\/#organization"}}]},"og:locale":"es_ES","og:site_name":"El Digital de Asturias \u2013 Revista de ocio, turismo y estilo de vida","og:type":"article","og:title":"Thais Henr\u00edquez se convierte en embajadora de Gran Canaria | El Digital de Asturias","og:description":"La nadadora ol\u00edmpica del equipo espa\u00f1ol de nataci\u00f3n sincronizada Thais Henr\u00edquez ser\u00e1 la embajadora de Gran Canaria, tras un acuerdo con el Cabildo insular. Al respecto, la deportista grancanaria se mostr\u00f3 ilusionada con este proyecto con el que promocionar\u00e1 los valores de &quot;una isla impresionante&quot;, afirmando que es &quot;una gran oportunidad y un honor&quot; poder","og:url":"https:\/\/eldigitaldeasturias.com\/magazine365\/thais-henriquez-se-convierte-en-embajadora-de-gran-canaria\/","og:image":"https:\/\/eldigitaldeasturias.com\/magazine365\/wp-content\/uploads\/2015\/07\/fotonoticia_20150630143539_800.jpg","og:image:secure_url":"https:\/\/eldigitaldeasturias.com\/magazine365\/wp-content\/uploads\/2015\/07\/fotonoticia_20150630143539_800.jpg","og:image:width":800,"og:image:height":660,"article:published_time":"2015-07-01T11:45:14+00:00","article:modified_time":"2015-07-01T11:45:14+00:00","twitter:card":"summary_large_image","twitter:title":"Thais Henr\u00edquez se convierte en embajadora de Gran Canaria | El Digital de Asturias","twitter:description":"La nadadora ol\u00edmpica del equipo espa\u00f1ol de nataci\u00f3n sincronizada Thais Henr\u00edquez ser\u00e1 la embajadora de Gran Canaria, tras un acuerdo con el Cabildo insular. Al respecto, la deportista grancanaria se mostr\u00f3 ilusionada con este proyecto con el que promocionar\u00e1 los valores de &quot;una isla impresionante&quot;, afirmando que es &quot;una gran oportunidad y un honor&quot; poder","twitter:image":"https:\/\/eldigitaldeasturias.com\/magazine365\/wp-content\/uploads\/2015\/07\/fotonoticia_20150630143539_800.jpg"},"aioseo_meta_data":{"post_id":"41411","title":null,"description":null,"keywords":null,"keyphrases":null,"primary_term":null,"canonical_url":null,"og_title":null,"og_description":null,"og_object_type":"default","og_image_type":"default","og_image_url":null,"og_image_width":null,"og_image_height":null,"og_image_custom_url":null,"og_image_custom_fields":null,"og_video":null,"og_custom_url":null,"og_article_section":null,"og_article_tags":null,"twitter_use_og":false,"twitter_card":"default","twitter_image_type":"default","twitter_image_url":null,"twitter_image_custom_url":null,"twitter_image_custom_fields":null,"twitter_title":null,"twitter_description":null,"schema":{"blockGraphs":[],"customGraphs":[],"default":{"data":{"Article":[],"Course":[],"Dataset":[],"FAQPage":[],"Movie":[],"Person":[],"Product":[],"ProductReview":[],"Car":[],"Recipe":[],"Service":[],"SoftwareApplication":[],"WebPage":[]},"graphName":"","isEnabled":true},"graphs":[],"defaultGraph":"","defaultPostTypeGraph":""},"schema_type":null,"schema_type_options":null,"pillar_content":false,"robots_default":true,"robots_noindex":false,"robots_noarchive":false,"robots_nosnippet":false,"robots_nofollow":false,"robots_noimageindex":false,"robots_noodp":false,"robots_notranslate":false,"robots_max_snippet":null,"robots_max_videopreview":null,"robots_max_imagepreview":"large","priority":null,"frequency":null,"location":null,"local_seo":null,"seo_analyzer_scan_date":"2025-09-19 15:35:50","breadcrumb_settings":null,"limit_modified_date":false,"open_ai":null,"ai":null,"created":"2021-03-09 02:16:14","updated":"2025-09-19 15:35:50"},"aioseo_breadcrumb":"<div class=\"aioseo-breadcrumbs\"><span class=\"aioseo-breadcrumb\">\n\t<a href=\"https:\/\/eldigitaldeasturias.com\/magazine365\" title=\"Home\">Home<\/a>\n<\/span><span class=\"aioseo-breadcrumb-separator\">\u2013<\/span><span class=\"aioseo-breadcrumb\">\n\t<a href=\"https:\/\/eldigitaldeasturias.com\/magazine365\/category\/actualidad-turismo\/\" title=\"Actualidad Turismo\">Actualidad Turismo<\/a>\n<\/span><span class=\"aioseo-breadcrumb-separator\">\u2013<\/span><span class=\"aioseo-breadcrumb\">\n\t<a href=\"https:\/\/eldigitaldeasturias.com\/magazine365\/thais-henriquez-se-convierte-en-embajadora-de-gran-canaria\/\" title=\"Thais Henr\u00edquez se convierte en embajadora de Gran Canaria\">Thais Henr\u00edquez se convierte en embajadora de Gran Canaria<\/a>\n<\/span><\/div>","aioseo_breadcrumb_json":[{"label":"Home","link":"https:\/\/eldigitaldeasturias.com\/magazine365"},{"label":"Actualidad Turismo","link":"https:\/\/eldigitaldeasturias.com\/magazine365\/category\/actualidad-turismo\/"},{"label":"Thais Henr\u00edquez se convierte en embajadora de Gran Canaria","link":"https:\/\/eldigitaldeasturias.com\/magazine365\/thais-henriquez-se-convierte-en-embajadora-de-gran-canaria\/"}],"_links":{"self":[{"href":"https:\/\/eldigitaldeasturias.com\/magazine365\/wp-json\/wp\/v2\/posts\/41411","targetHints":{"allow":["GET"]}}],"collection":[{"href":"https:\/\/eldigitaldeasturias.com\/magazine365\/wp-json\/wp\/v2\/posts"}],"about":[{"href":"https:\/\/eldigitaldeasturias.com\/magazine365\/wp-json\/wp\/v2\/types\/post"}],"author":[{"embeddable":true,"href":"https:\/\/eldigitaldeasturias.com\/magazine365\/wp-json\/wp\/v2\/users\/1"}],"replies":[{"embeddable":true,"href":"https:\/\/eldigitaldeasturias.com\/magazine365\/wp-json\/wp\/v2\/comments?post=41411"}],"version-history":[{"count":0,"href":"https:\/\/eldigitaldeasturias.com\/magazine365\/wp-json\/wp\/v2\/posts\/41411\/revisions"}],"wp:featuredmedia":[{"embeddable":true,"href":"https:\/\/eldigitaldeasturias.com\/magazine365\/wp-json\/wp\/v2\/media\/41412"}],"wp:attachment":[{"href":"https:\/\/eldigitaldeasturias.com\/magazine365\/wp-json\/wp\/v2\/media?parent=41411"}],"wp:term":[{"taxonomy":"category","embeddable":true,"href":"https:\/\/eldigitaldeasturias.com\/magazine365\/wp-json\/wp\/v2\/categories?post=41411"},{"taxonomy":"post_tag","embeddable":true,"href":"https:\/\/eldigitaldeasturias.com\/magazine365\/wp-json\/wp\/v2\/tags?post=41411"}],"curies":[{"name":"wp","href":"https:\/\/api.w.org\/{rel}","templated":true}]}}