{"id":41390,"date":"2015-07-01T12:57:19","date_gmt":"2015-07-01T11:27:19","guid":{"rendered":"http:\/\/eldigitaldeasturias.com\/magazine365\/?p=41390"},"modified":"2015-07-01T12:57:19","modified_gmt":"2015-07-01T11:27:19","slug":"iberia-express-aumenta-el-espacio-disponible-para-los-pasajeros","status":"publish","type":"post","link":"https:\/\/eldigitaldeasturias.com\/magazine365\/iberia-express-aumenta-el-espacio-disponible-para-los-pasajeros\/","title":{"rendered":"Iberia Express aumenta el espacio disponible para los pasajeros"},"content":{"rendered":"<p><img fetchpriority=\"high\" decoding=\"async\" class=\"alignleft size-medium wp-image-41391\" src=\"https:\/\/eldigitaldeasturias.com\/magazine365\/wp-content\/uploads\/2015\/07\/fotonoticia_20150630131759_800-360x153.jpg\" alt=\"fotonoticia_20150630131759_800\" width=\"360\" height=\"153\" srcset=\"https:\/\/eldigitaldeasturias.com\/magazine365\/wp-content\/uploads\/2015\/07\/fotonoticia_20150630131759_800-360x153.jpg 360w, https:\/\/eldigitaldeasturias.com\/magazine365\/wp-content\/uploads\/2015\/07\/fotonoticia_20150630131759_800-650x275.jpg 650w, https:\/\/eldigitaldeasturias.com\/magazine365\/wp-content\/uploads\/2015\/07\/fotonoticia_20150630131759_800-768x325.jpg 768w, https:\/\/eldigitaldeasturias.com\/magazine365\/wp-content\/uploads\/2015\/07\/fotonoticia_20150630131759_800-150x64.jpg 150w, https:\/\/eldigitaldeasturias.com\/magazine365\/wp-content\/uploads\/2015\/07\/fotonoticia_20150630131759_800-450x191.jpg 450w, https:\/\/eldigitaldeasturias.com\/magazine365\/wp-content\/uploads\/2015\/07\/fotonoticia_20150630131759_800-696x295.jpg 696w, https:\/\/eldigitaldeasturias.com\/magazine365\/wp-content\/uploads\/2015\/07\/fotonoticia_20150630131759_800.jpg 800w\" sizes=\"(max-width: 360px) 100vw, 360px\" \/>Iberia Express ha puesto en marcha la instalaci\u00f3n en sus aviones de los &#8216;Slim Seats&#8217;, asientos m\u00e1s delgados que permitir\u00e1n incrementar el espacio disponible para cada pasajero, y que adem\u00e1s como son m\u00e1s ligeros, suponen un ahorro de combustible y de emisiones de C02.<\/p>\n<p>La compa\u00f1\u00eda de corto y medio radio de Iberia que es pionera en la instalaci\u00f3n de estos asientos en &#8216;retrofit&#8217;, es decir, modificando los aviones que ya tiene operativos, ha ampliado cinco cent\u00edmetros el espacio entre filas, lo que supone una mayor comodidad para los pasajeros.<\/p>\n<p>Adem\u00e1s de estas ventajas en cuanto a espacio, los nuevos asientos son m\u00e1s ligeros y permiten reducir el peso del avi\u00f3n en unos 350 kilos. Esto es posible gracias a un mejor dise\u00f1o y materiales de \u00faltima generaci\u00f3n, adem\u00e1s de la composici\u00f3n avanzada con la que est\u00e1n fabricados.<\/p>\n<p>Esta disminuci\u00f3n del peso permite adem\u00e1s un ahorro en combustible de 44 toneladas por aeronave al a\u00f1o y la correspondiente reducci\u00f3n de emisiones de CO2 en 140 toneladas.<\/p>\n<p>Esta iniciativa forma parte del proyecto de Iberia Express de poner en marcha iniciativas que mejoren las experiencia de los viajeros manteniendo su compromiso con la innovaci\u00f3n, \u00e1mbito en el que la compa\u00f1\u00eda tiene en marcha varios programas de desarrollo tecnol\u00f3gico.<\/p>\n","protected":false},"excerpt":{"rendered":"<p>Iberia Express ha puesto en marcha la instalaci\u00f3n en sus aviones de los &#8216;Slim Seats&#8217;, asientos m\u00e1s delgados que permitir\u00e1n incrementar el espacio disponible para cada pasajero, y que adem\u00e1s como son m\u00e1s ligeros, suponen un ahorro de combustible y de emisiones de C02. La compa\u00f1\u00eda de corto y medio radio de Iberia que es<\/p>\n","protected":false},"author":1,"featured_media":41391,"comment_status":"open","ping_status":"closed","sticky":false,"template":"","format":"standard","meta":{"footnotes":""},"categories":[222],"tags":[],"class_list":{"0":"post-41390","1":"post","2":"type-post","3":"status-publish","4":"format-standard","5":"has-post-thumbnail","7":"category-actualidad-turismo"},"aioseo_notices":[],"aioseo_head":"\n\t\t<!-- All in One SEO Pro 4.9.6.1 - aioseo.com -->\n\t<meta name=\"description\" content=\"Iberia Express ha puesto en marcha la instalaci\u00f3n en sus aviones de los &#039;Slim Seats&#039;, asientos m\u00e1s delgados que permitir\u00e1n incrementar el espacio disponible para cada pasajero, y que adem\u00e1s como son m\u00e1s ligeros, suponen un ahorro de combustible y de emisiones de C02. La compa\u00f1\u00eda de corto y medio radio de Iberia que es\" \/>\n\t<meta name=\"robots\" content=\"max-image-preview:large\" \/>\n\t<meta name=\"author\" content=\"admin\"\/>\n\t<meta name=\"google-site-verification\" content=\"UA-38556648-1\" \/>\n\t<meta name=\"keywords\" content=\"actualidad turismo\" \/>\n\t<link rel=\"canonical\" href=\"https:\/\/eldigitaldeasturias.com\/magazine365\/iberia-express-aumenta-el-espacio-disponible-para-los-pasajeros\/\" \/>\n\t<meta name=\"generator\" content=\"All in One SEO Pro (AIOSEO) 4.9.6.1\" \/>\n\t\t<meta property=\"og:locale\" content=\"es_ES\" \/>\n\t\t<meta property=\"og:site_name\" content=\"El Digital de Asturias \u2013 Revista de ocio, turismo y estilo de vida\" \/>\n\t\t<meta property=\"og:type\" content=\"article\" \/>\n\t\t<meta property=\"og:title\" content=\"Iberia Express aumenta el espacio disponible para los pasajeros | El Digital de Asturias\" \/>\n\t\t<meta property=\"og:description\" content=\"Iberia Express ha puesto en marcha la instalaci\u00f3n en sus aviones de los &#039;Slim Seats&#039;, asientos m\u00e1s delgados que permitir\u00e1n incrementar el espacio disponible para cada pasajero, y que adem\u00e1s como son m\u00e1s ligeros, suponen un ahorro de combustible y de emisiones de C02. La compa\u00f1\u00eda de corto y medio radio de Iberia que es\" \/>\n\t\t<meta property=\"og:url\" content=\"https:\/\/eldigitaldeasturias.com\/magazine365\/iberia-express-aumenta-el-espacio-disponible-para-los-pasajeros\/\" \/>\n\t\t<meta property=\"og:image\" content=\"https:\/\/eldigitaldeasturias.com\/magazine365\/wp-content\/uploads\/2015\/07\/fotonoticia_20150630131759_800.jpg\" \/>\n\t\t<meta property=\"og:image:secure_url\" content=\"https:\/\/eldigitaldeasturias.com\/magazine365\/wp-content\/uploads\/2015\/07\/fotonoticia_20150630131759_800.jpg\" \/>\n\t\t<meta property=\"og:image:width\" content=\"800\" \/>\n\t\t<meta property=\"og:image:height\" content=\"339\" \/>\n\t\t<meta property=\"article:published_time\" content=\"2015-07-01T11:27:19+00:00\" \/>\n\t\t<meta property=\"article:modified_time\" content=\"2015-07-01T11:27:19+00:00\" \/>\n\t\t<meta name=\"twitter:card\" content=\"summary_large_image\" \/>\n\t\t<meta name=\"twitter:title\" content=\"Iberia Express aumenta el espacio disponible para los pasajeros | El Digital de Asturias\" \/>\n\t\t<meta name=\"twitter:description\" content=\"Iberia Express ha puesto en marcha la instalaci\u00f3n en sus aviones de los &#039;Slim Seats&#039;, asientos m\u00e1s delgados que permitir\u00e1n incrementar el espacio disponible para cada pasajero, y que adem\u00e1s como son m\u00e1s ligeros, suponen un ahorro de combustible y de emisiones de C02. La compa\u00f1\u00eda de corto y medio radio de Iberia que es\" \/>\n\t\t<meta name=\"twitter:image\" content=\"https:\/\/eldigitaldeasturias.com\/magazine365\/wp-content\/uploads\/2015\/07\/fotonoticia_20150630131759_800.jpg\" \/>\n\t\t<script type=\"application\/ld+json\" class=\"aioseo-schema\">\n\t\t\t{\"@context\":\"https:\\\/\\\/schema.org\",\"@graph\":[{\"@type\":\"Article\",\"@id\":\"https:\\\/\\\/eldigitaldeasturias.com\\\/magazine365\\\/iberia-express-aumenta-el-espacio-disponible-para-los-pasajeros\\\/#article\",\"name\":\"Iberia Express aumenta el espacio disponible para los pasajeros | El Digital de Asturias\",\"headline\":\"Iberia Express aumenta el espacio disponible para los pasajeros\",\"author\":{\"@id\":\"https:\\\/\\\/eldigitaldeasturias.com\\\/magazine365\\\/author\\\/admin\\\/#author\"},\"publisher\":{\"@id\":\"https:\\\/\\\/eldigitaldeasturias.com\\\/magazine365\\\/#organization\"},\"image\":{\"@type\":\"ImageObject\",\"url\":\"https:\\\/\\\/eldigitaldeasturias.com\\\/magazine365\\\/wp-content\\\/uploads\\\/2015\\\/07\\\/fotonoticia_20150630131759_800.jpg\",\"width\":800,\"height\":339},\"datePublished\":\"2015-07-01T12:57:19+02:00\",\"dateModified\":\"2015-07-01T12:57:19+02:00\",\"inLanguage\":\"es-ES\",\"mainEntityOfPage\":{\"@id\":\"https:\\\/\\\/eldigitaldeasturias.com\\\/magazine365\\\/iberia-express-aumenta-el-espacio-disponible-para-los-pasajeros\\\/#webpage\"},\"isPartOf\":{\"@id\":\"https:\\\/\\\/eldigitaldeasturias.com\\\/magazine365\\\/iberia-express-aumenta-el-espacio-disponible-para-los-pasajeros\\\/#webpage\"},\"articleSection\":\"Actualidad Turismo\"},{\"@type\":\"BreadcrumbList\",\"@id\":\"https:\\\/\\\/eldigitaldeasturias.com\\\/magazine365\\\/iberia-express-aumenta-el-espacio-disponible-para-los-pasajeros\\\/#breadcrumblist\",\"itemListElement\":[{\"@type\":\"ListItem\",\"@id\":\"https:\\\/\\\/eldigitaldeasturias.com\\\/magazine365#listItem\",\"position\":1,\"name\":\"Home\",\"item\":\"https:\\\/\\\/eldigitaldeasturias.com\\\/magazine365\",\"nextItem\":{\"@type\":\"ListItem\",\"@id\":\"https:\\\/\\\/eldigitaldeasturias.com\\\/magazine365\\\/category\\\/actualidad-turismo\\\/#listItem\",\"name\":\"Actualidad Turismo\"}},{\"@type\":\"ListItem\",\"@id\":\"https:\\\/\\\/eldigitaldeasturias.com\\\/magazine365\\\/category\\\/actualidad-turismo\\\/#listItem\",\"position\":2,\"name\":\"Actualidad Turismo\",\"item\":\"https:\\\/\\\/eldigitaldeasturias.com\\\/magazine365\\\/category\\\/actualidad-turismo\\\/\",\"nextItem\":{\"@type\":\"ListItem\",\"@id\":\"https:\\\/\\\/eldigitaldeasturias.com\\\/magazine365\\\/iberia-express-aumenta-el-espacio-disponible-para-los-pasajeros\\\/#listItem\",\"name\":\"Iberia Express aumenta el espacio disponible para los pasajeros\"},\"previousItem\":{\"@type\":\"ListItem\",\"@id\":\"https:\\\/\\\/eldigitaldeasturias.com\\\/magazine365#listItem\",\"name\":\"Home\"}},{\"@type\":\"ListItem\",\"@id\":\"https:\\\/\\\/eldigitaldeasturias.com\\\/magazine365\\\/iberia-express-aumenta-el-espacio-disponible-para-los-pasajeros\\\/#listItem\",\"position\":3,\"name\":\"Iberia Express aumenta el espacio disponible para los pasajeros\",\"previousItem\":{\"@type\":\"ListItem\",\"@id\":\"https:\\\/\\\/eldigitaldeasturias.com\\\/magazine365\\\/category\\\/actualidad-turismo\\\/#listItem\",\"name\":\"Actualidad Turismo\"}}]},{\"@type\":\"Organization\",\"@id\":\"https:\\\/\\\/eldigitaldeasturias.com\\\/magazine365\\\/#organization\",\"name\":\"El digital de Asturias\",\"description\":\"Revista de ocio, turismo y estilo de vida\",\"url\":\"https:\\\/\\\/eldigitaldeasturias.com\\\/magazine365\\\/\",\"logo\":{\"@type\":\"ImageObject\",\"url\":\"https:\\\/\\\/www.eldigitaldeasturias.com\\\/noticias\\\/wp-content\\\/uploads\\\/2020\\\/12\\\/EDA.jpg\",\"@id\":\"https:\\\/\\\/eldigitaldeasturias.com\\\/magazine365\\\/iberia-express-aumenta-el-espacio-disponible-para-los-pasajeros\\\/#organizationLogo\"},\"image\":{\"@id\":\"https:\\\/\\\/eldigitaldeasturias.com\\\/magazine365\\\/iberia-express-aumenta-el-espacio-disponible-para-los-pasajeros\\\/#organizationLogo\"}},{\"@type\":\"Person\",\"@id\":\"https:\\\/\\\/eldigitaldeasturias.com\\\/magazine365\\\/author\\\/admin\\\/#author\",\"url\":\"https:\\\/\\\/eldigitaldeasturias.com\\\/magazine365\\\/author\\\/admin\\\/\",\"name\":\"admin\",\"image\":{\"@type\":\"ImageObject\",\"@id\":\"https:\\\/\\\/eldigitaldeasturias.com\\\/magazine365\\\/iberia-express-aumenta-el-espacio-disponible-para-los-pasajeros\\\/#authorImage\",\"url\":\"https:\\\/\\\/eldigitaldeasturias.com\\\/magazine365\\\/wp-content\\\/litespeed\\\/avatar\\\/e571bcf59a0edd6fa6838245a470f2fe.jpg?ver=1777574230\",\"width\":96,\"height\":96,\"caption\":\"admin\"}},{\"@type\":\"WebPage\",\"@id\":\"https:\\\/\\\/eldigitaldeasturias.com\\\/magazine365\\\/iberia-express-aumenta-el-espacio-disponible-para-los-pasajeros\\\/#webpage\",\"url\":\"https:\\\/\\\/eldigitaldeasturias.com\\\/magazine365\\\/iberia-express-aumenta-el-espacio-disponible-para-los-pasajeros\\\/\",\"name\":\"Iberia Express aumenta el espacio disponible para los pasajeros | El Digital de Asturias\",\"description\":\"Iberia Express ha puesto en marcha la instalaci\\u00f3n en sus aviones de los 'Slim Seats', asientos m\\u00e1s delgados que permitir\\u00e1n incrementar el espacio disponible para cada pasajero, y que adem\\u00e1s como son m\\u00e1s ligeros, suponen un ahorro de combustible y de emisiones de C02. La compa\\u00f1\\u00eda de corto y medio radio de Iberia que es\",\"inLanguage\":\"es-ES\",\"isPartOf\":{\"@id\":\"https:\\\/\\\/eldigitaldeasturias.com\\\/magazine365\\\/#website\"},\"breadcrumb\":{\"@id\":\"https:\\\/\\\/eldigitaldeasturias.com\\\/magazine365\\\/iberia-express-aumenta-el-espacio-disponible-para-los-pasajeros\\\/#breadcrumblist\"},\"author\":{\"@id\":\"https:\\\/\\\/eldigitaldeasturias.com\\\/magazine365\\\/author\\\/admin\\\/#author\"},\"creator\":{\"@id\":\"https:\\\/\\\/eldigitaldeasturias.com\\\/magazine365\\\/author\\\/admin\\\/#author\"},\"image\":{\"@type\":\"ImageObject\",\"url\":\"https:\\\/\\\/eldigitaldeasturias.com\\\/magazine365\\\/wp-content\\\/uploads\\\/2015\\\/07\\\/fotonoticia_20150630131759_800.jpg\",\"@id\":\"https:\\\/\\\/eldigitaldeasturias.com\\\/magazine365\\\/iberia-express-aumenta-el-espacio-disponible-para-los-pasajeros\\\/#mainImage\",\"width\":800,\"height\":339},\"primaryImageOfPage\":{\"@id\":\"https:\\\/\\\/eldigitaldeasturias.com\\\/magazine365\\\/iberia-express-aumenta-el-espacio-disponible-para-los-pasajeros\\\/#mainImage\"},\"datePublished\":\"2015-07-01T12:57:19+02:00\",\"dateModified\":\"2015-07-01T12:57:19+02:00\"},{\"@type\":\"WebSite\",\"@id\":\"https:\\\/\\\/eldigitaldeasturias.com\\\/magazine365\\\/#website\",\"url\":\"https:\\\/\\\/eldigitaldeasturias.com\\\/magazine365\\\/\",\"name\":\"El Digital de Asturias\",\"description\":\"Revista de ocio, turismo y estilo de vida\",\"inLanguage\":\"es-ES\",\"publisher\":{\"@id\":\"https:\\\/\\\/eldigitaldeasturias.com\\\/magazine365\\\/#organization\"}}]}\n\t\t<\/script>\n\t\t<!-- All in One SEO Pro -->\r\n\t\t<title>Iberia Express aumenta el espacio disponible para los pasajeros | El Digital de Asturias<\/title>\n\n","aioseo_head_json":{"title":"Iberia Express aumenta el espacio disponible para los pasajeros | El Digital de Asturias","description":"Iberia Express ha puesto en marcha la instalaci\u00f3n en sus aviones de los 'Slim Seats', asientos m\u00e1s delgados que permitir\u00e1n incrementar el espacio disponible para cada pasajero, y que adem\u00e1s como son m\u00e1s ligeros, suponen un ahorro de combustible y de emisiones de C02. La compa\u00f1\u00eda de corto y medio radio de Iberia que es","canonical_url":"https:\/\/eldigitaldeasturias.com\/magazine365\/iberia-express-aumenta-el-espacio-disponible-para-los-pasajeros\/","robots":"max-image-preview:large","keywords":"actualidad turismo","webmasterTools":{"google-site-verification":"UA-38556648-1","miscellaneous":""},"schema":{"@context":"https:\/\/schema.org","@graph":[{"@type":"Article","@id":"https:\/\/eldigitaldeasturias.com\/magazine365\/iberia-express-aumenta-el-espacio-disponible-para-los-pasajeros\/#article","name":"Iberia Express aumenta el espacio disponible para los pasajeros | El Digital de Asturias","headline":"Iberia Express aumenta el espacio disponible para los pasajeros","author":{"@id":"https:\/\/eldigitaldeasturias.com\/magazine365\/author\/admin\/#author"},"publisher":{"@id":"https:\/\/eldigitaldeasturias.com\/magazine365\/#organization"},"image":{"@type":"ImageObject","url":"https:\/\/eldigitaldeasturias.com\/magazine365\/wp-content\/uploads\/2015\/07\/fotonoticia_20150630131759_800.jpg","width":800,"height":339},"datePublished":"2015-07-01T12:57:19+02:00","dateModified":"2015-07-01T12:57:19+02:00","inLanguage":"es-ES","mainEntityOfPage":{"@id":"https:\/\/eldigitaldeasturias.com\/magazine365\/iberia-express-aumenta-el-espacio-disponible-para-los-pasajeros\/#webpage"},"isPartOf":{"@id":"https:\/\/eldigitaldeasturias.com\/magazine365\/iberia-express-aumenta-el-espacio-disponible-para-los-pasajeros\/#webpage"},"articleSection":"Actualidad Turismo"},{"@type":"BreadcrumbList","@id":"https:\/\/eldigitaldeasturias.com\/magazine365\/iberia-express-aumenta-el-espacio-disponible-para-los-pasajeros\/#breadcrumblist","itemListElement":[{"@type":"ListItem","@id":"https:\/\/eldigitaldeasturias.com\/magazine365#listItem","position":1,"name":"Home","item":"https:\/\/eldigitaldeasturias.com\/magazine365","nextItem":{"@type":"ListItem","@id":"https:\/\/eldigitaldeasturias.com\/magazine365\/category\/actualidad-turismo\/#listItem","name":"Actualidad Turismo"}},{"@type":"ListItem","@id":"https:\/\/eldigitaldeasturias.com\/magazine365\/category\/actualidad-turismo\/#listItem","position":2,"name":"Actualidad Turismo","item":"https:\/\/eldigitaldeasturias.com\/magazine365\/category\/actualidad-turismo\/","nextItem":{"@type":"ListItem","@id":"https:\/\/eldigitaldeasturias.com\/magazine365\/iberia-express-aumenta-el-espacio-disponible-para-los-pasajeros\/#listItem","name":"Iberia Express aumenta el espacio disponible para los pasajeros"},"previousItem":{"@type":"ListItem","@id":"https:\/\/eldigitaldeasturias.com\/magazine365#listItem","name":"Home"}},{"@type":"ListItem","@id":"https:\/\/eldigitaldeasturias.com\/magazine365\/iberia-express-aumenta-el-espacio-disponible-para-los-pasajeros\/#listItem","position":3,"name":"Iberia Express aumenta el espacio disponible para los pasajeros","previousItem":{"@type":"ListItem","@id":"https:\/\/eldigitaldeasturias.com\/magazine365\/category\/actualidad-turismo\/#listItem","name":"Actualidad Turismo"}}]},{"@type":"Organization","@id":"https:\/\/eldigitaldeasturias.com\/magazine365\/#organization","name":"El digital de Asturias","description":"Revista de ocio, turismo y estilo de vida","url":"https:\/\/eldigitaldeasturias.com\/magazine365\/","logo":{"@type":"ImageObject","url":"https:\/\/www.eldigitaldeasturias.com\/noticias\/wp-content\/uploads\/2020\/12\/EDA.jpg","@id":"https:\/\/eldigitaldeasturias.com\/magazine365\/iberia-express-aumenta-el-espacio-disponible-para-los-pasajeros\/#organizationLogo"},"image":{"@id":"https:\/\/eldigitaldeasturias.com\/magazine365\/iberia-express-aumenta-el-espacio-disponible-para-los-pasajeros\/#organizationLogo"}},{"@type":"Person","@id":"https:\/\/eldigitaldeasturias.com\/magazine365\/author\/admin\/#author","url":"https:\/\/eldigitaldeasturias.com\/magazine365\/author\/admin\/","name":"admin","image":{"@type":"ImageObject","@id":"https:\/\/eldigitaldeasturias.com\/magazine365\/iberia-express-aumenta-el-espacio-disponible-para-los-pasajeros\/#authorImage","url":"https:\/\/eldigitaldeasturias.com\/magazine365\/wp-content\/litespeed\/avatar\/e571bcf59a0edd6fa6838245a470f2fe.jpg?ver=1777574230","width":96,"height":96,"caption":"admin"}},{"@type":"WebPage","@id":"https:\/\/eldigitaldeasturias.com\/magazine365\/iberia-express-aumenta-el-espacio-disponible-para-los-pasajeros\/#webpage","url":"https:\/\/eldigitaldeasturias.com\/magazine365\/iberia-express-aumenta-el-espacio-disponible-para-los-pasajeros\/","name":"Iberia Express aumenta el espacio disponible para los pasajeros | El Digital de Asturias","description":"Iberia Express ha puesto en marcha la instalaci\u00f3n en sus aviones de los 'Slim Seats', asientos m\u00e1s delgados que permitir\u00e1n incrementar el espacio disponible para cada pasajero, y que adem\u00e1s como son m\u00e1s ligeros, suponen un ahorro de combustible y de emisiones de C02. La compa\u00f1\u00eda de corto y medio radio de Iberia que es","inLanguage":"es-ES","isPartOf":{"@id":"https:\/\/eldigitaldeasturias.com\/magazine365\/#website"},"breadcrumb":{"@id":"https:\/\/eldigitaldeasturias.com\/magazine365\/iberia-express-aumenta-el-espacio-disponible-para-los-pasajeros\/#breadcrumblist"},"author":{"@id":"https:\/\/eldigitaldeasturias.com\/magazine365\/author\/admin\/#author"},"creator":{"@id":"https:\/\/eldigitaldeasturias.com\/magazine365\/author\/admin\/#author"},"image":{"@type":"ImageObject","url":"https:\/\/eldigitaldeasturias.com\/magazine365\/wp-content\/uploads\/2015\/07\/fotonoticia_20150630131759_800.jpg","@id":"https:\/\/eldigitaldeasturias.com\/magazine365\/iberia-express-aumenta-el-espacio-disponible-para-los-pasajeros\/#mainImage","width":800,"height":339},"primaryImageOfPage":{"@id":"https:\/\/eldigitaldeasturias.com\/magazine365\/iberia-express-aumenta-el-espacio-disponible-para-los-pasajeros\/#mainImage"},"datePublished":"2015-07-01T12:57:19+02:00","dateModified":"2015-07-01T12:57:19+02:00"},{"@type":"WebSite","@id":"https:\/\/eldigitaldeasturias.com\/magazine365\/#website","url":"https:\/\/eldigitaldeasturias.com\/magazine365\/","name":"El Digital de Asturias","description":"Revista de ocio, turismo y estilo de vida","inLanguage":"es-ES","publisher":{"@id":"https:\/\/eldigitaldeasturias.com\/magazine365\/#organization"}}]},"og:locale":"es_ES","og:site_name":"El Digital de Asturias \u2013 Revista de ocio, turismo y estilo de vida","og:type":"article","og:title":"Iberia Express aumenta el espacio disponible para los pasajeros | El Digital de Asturias","og:description":"Iberia Express ha puesto en marcha la instalaci\u00f3n en sus aviones de los 'Slim Seats', asientos m\u00e1s delgados que permitir\u00e1n incrementar el espacio disponible para cada pasajero, y que adem\u00e1s como son m\u00e1s ligeros, suponen un ahorro de combustible y de emisiones de C02. La compa\u00f1\u00eda de corto y medio radio de Iberia que es","og:url":"https:\/\/eldigitaldeasturias.com\/magazine365\/iberia-express-aumenta-el-espacio-disponible-para-los-pasajeros\/","og:image":"https:\/\/eldigitaldeasturias.com\/magazine365\/wp-content\/uploads\/2015\/07\/fotonoticia_20150630131759_800.jpg","og:image:secure_url":"https:\/\/eldigitaldeasturias.com\/magazine365\/wp-content\/uploads\/2015\/07\/fotonoticia_20150630131759_800.jpg","og:image:width":800,"og:image:height":339,"article:published_time":"2015-07-01T11:27:19+00:00","article:modified_time":"2015-07-01T11:27:19+00:00","twitter:card":"summary_large_image","twitter:title":"Iberia Express aumenta el espacio disponible para los pasajeros | El Digital de Asturias","twitter:description":"Iberia Express ha puesto en marcha la instalaci\u00f3n en sus aviones de los 'Slim Seats', asientos m\u00e1s delgados que permitir\u00e1n incrementar el espacio disponible para cada pasajero, y que adem\u00e1s como son m\u00e1s ligeros, suponen un ahorro de combustible y de emisiones de C02. La compa\u00f1\u00eda de corto y medio radio de Iberia que es","twitter:image":"https:\/\/eldigitaldeasturias.com\/magazine365\/wp-content\/uploads\/2015\/07\/fotonoticia_20150630131759_800.jpg"},"aioseo_meta_data":{"post_id":"41390","title":null,"description":null,"keywords":null,"keyphrases":null,"primary_term":null,"canonical_url":null,"og_title":null,"og_description":null,"og_object_type":"default","og_image_type":"default","og_image_url":null,"og_image_width":null,"og_image_height":null,"og_image_custom_url":null,"og_image_custom_fields":null,"og_video":null,"og_custom_url":null,"og_article_section":null,"og_article_tags":null,"twitter_use_og":false,"twitter_card":"default","twitter_image_type":"default","twitter_image_url":null,"twitter_image_custom_url":null,"twitter_image_custom_fields":null,"twitter_title":null,"twitter_description":null,"schema":{"blockGraphs":[],"customGraphs":[],"default":{"data":{"Article":[],"Course":[],"Dataset":[],"FAQPage":[],"Movie":[],"Person":[],"Product":[],"ProductReview":[],"Car":[],"Recipe":[],"Service":[],"SoftwareApplication":[],"WebPage":[]},"graphName":"","isEnabled":true},"graphs":[],"defaultGraph":"","defaultPostTypeGraph":""},"schema_type":null,"schema_type_options":null,"pillar_content":false,"robots_default":true,"robots_noindex":false,"robots_noarchive":false,"robots_nosnippet":false,"robots_nofollow":false,"robots_noimageindex":false,"robots_noodp":false,"robots_notranslate":false,"robots_max_snippet":null,"robots_max_videopreview":null,"robots_max_imagepreview":"large","priority":null,"frequency":null,"location":null,"local_seo":null,"seo_analyzer_scan_date":"2025-09-19 15:33:12","breadcrumb_settings":null,"limit_modified_date":false,"open_ai":null,"ai":null,"created":"2021-03-09 02:16:14","updated":"2025-09-19 15:33:12"},"aioseo_breadcrumb":"<div class=\"aioseo-breadcrumbs\"><span class=\"aioseo-breadcrumb\">\n\t<a href=\"https:\/\/eldigitaldeasturias.com\/magazine365\" title=\"Home\">Home<\/a>\n<\/span><span class=\"aioseo-breadcrumb-separator\">\u2013<\/span><span class=\"aioseo-breadcrumb\">\n\t<a href=\"https:\/\/eldigitaldeasturias.com\/magazine365\/category\/actualidad-turismo\/\" title=\"Actualidad Turismo\">Actualidad Turismo<\/a>\n<\/span><span class=\"aioseo-breadcrumb-separator\">\u2013<\/span><span class=\"aioseo-breadcrumb\">\n\t<a href=\"https:\/\/eldigitaldeasturias.com\/magazine365\/iberia-express-aumenta-el-espacio-disponible-para-los-pasajeros\/\" title=\"Iberia Express aumenta el espacio disponible para los pasajeros\">Iberia Express aumenta el espacio disponible para los pasajeros<\/a>\n<\/span><\/div>","aioseo_breadcrumb_json":[{"label":"Home","link":"https:\/\/eldigitaldeasturias.com\/magazine365"},{"label":"Actualidad Turismo","link":"https:\/\/eldigitaldeasturias.com\/magazine365\/category\/actualidad-turismo\/"},{"label":"Iberia Express aumenta el espacio disponible para los pasajeros","link":"https:\/\/eldigitaldeasturias.com\/magazine365\/iberia-express-aumenta-el-espacio-disponible-para-los-pasajeros\/"}],"_links":{"self":[{"href":"https:\/\/eldigitaldeasturias.com\/magazine365\/wp-json\/wp\/v2\/posts\/41390","targetHints":{"allow":["GET"]}}],"collection":[{"href":"https:\/\/eldigitaldeasturias.com\/magazine365\/wp-json\/wp\/v2\/posts"}],"about":[{"href":"https:\/\/eldigitaldeasturias.com\/magazine365\/wp-json\/wp\/v2\/types\/post"}],"author":[{"embeddable":true,"href":"https:\/\/eldigitaldeasturias.com\/magazine365\/wp-json\/wp\/v2\/users\/1"}],"replies":[{"embeddable":true,"href":"https:\/\/eldigitaldeasturias.com\/magazine365\/wp-json\/wp\/v2\/comments?post=41390"}],"version-history":[{"count":0,"href":"https:\/\/eldigitaldeasturias.com\/magazine365\/wp-json\/wp\/v2\/posts\/41390\/revisions"}],"wp:featuredmedia":[{"embeddable":true,"href":"https:\/\/eldigitaldeasturias.com\/magazine365\/wp-json\/wp\/v2\/media\/41391"}],"wp:attachment":[{"href":"https:\/\/eldigitaldeasturias.com\/magazine365\/wp-json\/wp\/v2\/media?parent=41390"}],"wp:term":[{"taxonomy":"category","embeddable":true,"href":"https:\/\/eldigitaldeasturias.com\/magazine365\/wp-json\/wp\/v2\/categories?post=41390"},{"taxonomy":"post_tag","embeddable":true,"href":"https:\/\/eldigitaldeasturias.com\/magazine365\/wp-json\/wp\/v2\/tags?post=41390"}],"curies":[{"name":"wp","href":"https:\/\/api.w.org\/{rel}","templated":true}]}}