{"id":41372,"date":"2015-07-01T12:45:39","date_gmt":"2015-07-01T11:15:39","guid":{"rendered":"http:\/\/eldigitaldeasturias.com\/magazine365\/?p=41372"},"modified":"2015-07-01T12:45:39","modified_gmt":"2015-07-01T11:15:39","slug":"costa-cruceros-y-emirates-se-alian-para-embarcar-pasajeros","status":"publish","type":"post","link":"https:\/\/eldigitaldeasturias.com\/magazine365\/costa-cruceros-y-emirates-se-alian-para-embarcar-pasajeros\/","title":{"rendered":"Costa Cruceros y Emirates se al\u00edan para embarcar pasajeros"},"content":{"rendered":"<p><img fetchpriority=\"high\" decoding=\"async\" class=\"alignleft size-medium wp-image-41373\" src=\"https:\/\/eldigitaldeasturias.com\/magazine365\/wp-content\/uploads\/2015\/07\/fotonoticia_20150630123939_800-360x240.jpg\" alt=\"fotonoticia_20150630123939_800\" width=\"360\" height=\"240\" srcset=\"https:\/\/eldigitaldeasturias.com\/magazine365\/wp-content\/uploads\/2015\/07\/fotonoticia_20150630123939_800-360x240.jpg 360w, https:\/\/eldigitaldeasturias.com\/magazine365\/wp-content\/uploads\/2015\/07\/fotonoticia_20150630123939_800-650x433.jpg 650w, https:\/\/eldigitaldeasturias.com\/magazine365\/wp-content\/uploads\/2015\/07\/fotonoticia_20150630123939_800-768x512.jpg 768w, https:\/\/eldigitaldeasturias.com\/magazine365\/wp-content\/uploads\/2015\/07\/fotonoticia_20150630123939_800-150x100.jpg 150w, https:\/\/eldigitaldeasturias.com\/magazine365\/wp-content\/uploads\/2015\/07\/fotonoticia_20150630123939_800-450x300.jpg 450w, https:\/\/eldigitaldeasturias.com\/magazine365\/wp-content\/uploads\/2015\/07\/fotonoticia_20150630123939_800-696x464.jpg 696w, https:\/\/eldigitaldeasturias.com\/magazine365\/wp-content\/uploads\/2015\/07\/fotonoticia_20150630123939_800-630x420.jpg 630w, https:\/\/eldigitaldeasturias.com\/magazine365\/wp-content\/uploads\/2015\/07\/fotonoticia_20150630123939_800-84x55.jpg 84w, https:\/\/eldigitaldeasturias.com\/magazine365\/wp-content\/uploads\/2015\/07\/fotonoticia_20150630123939_800.jpg 800w\" sizes=\"(max-width: 360px) 100vw, 360px\" \/>La compa\u00f1\u00eda de cruceros Costa Cruceros y la aerol\u00ednea Emirates han cerrado un acuerdo de colaboraci\u00f3n para acercar a los clientes de Costa hasta Dub\u00e1i antes de embarcar en el Costa Fortuna y el Costa neoRiviera para realizar itinerarios por los Emiratos \u00c1rabes y Om\u00e1n.<\/p>\n<p>Los pasajeros podr\u00e1n volar el A380 o el Boeing 777 desde Madrid y Barcelona, saliendo los viernes para los cruceros a bordo del Costa Fortuna y los domingos para los itinerarios del Costa neoRiviera.<\/p>\n<p>Los vuelos, cuyas salidas est\u00e1n programadas sobre las 14:00 para mayor comodidad de los clientes, llegar\u00e1n hasta el aeropuerto internacional de Dub\u00e1i, uno de los m\u00e1s modernos del mundo, donde los cruceristas contar\u00e1n con el transporte hasta el puerto de embarque.<\/p>\n<p>Entre los meses de diciembre de 2015 y marzo de 2016, el Costa Fortuna, realizar\u00e1 un itinerario de 8 d\u00edas y 7 noches con salida y llegada en Dub\u00e1i, donde el barco pasar\u00e1 dos noches para explorar a fondo esta ciudad, as\u00ed como escalas de dos d\u00edas en Muscat (Om\u00e1n), un d\u00eda en Khasab (Om\u00e1n) y otro en Abu Dhabi, la capital de los Emiratos \u00c1rabes Unidos.<\/p>\n<p>El Costa neoRiviera, embajador de la gama neoCollection y un buque especial por su tama\u00f1o m\u00e1s reducido y experiencia exclusiva, ofrecer\u00e1 un itinerario, tambi\u00e9n de 8 d\u00edas y 7 noches, en el que los pasajeros podr\u00e1n disfrutar de dos noches en Dub\u00e1i y una noche en Abu Dhabi, adem\u00e1s de realizar escalas tambi\u00e9n en Muscat y Om\u00e1n.<\/p>\n<p>Los pasajeros de este crucero podr\u00e1n disfrutar de la experiencia \u00fanica de tomar el t\u00e9 en la c\u00faspide de las torres Jumeira Etihad de Abu Dhabi y relajarse en la lujosa isla privada de Al Maya, entre muchas otras opciones.<\/p>\n","protected":false},"excerpt":{"rendered":"<p>La compa\u00f1\u00eda de cruceros Costa Cruceros y la aerol\u00ednea Emirates han cerrado un acuerdo de colaboraci\u00f3n para acercar a los clientes de Costa hasta Dub\u00e1i antes de embarcar en el Costa Fortuna y el Costa neoRiviera para realizar itinerarios por los Emiratos \u00c1rabes y Om\u00e1n. Los pasajeros podr\u00e1n volar el A380 o el Boeing 777<\/p>\n","protected":false},"author":1,"featured_media":41373,"comment_status":"open","ping_status":"closed","sticky":false,"template":"","format":"standard","meta":{"footnotes":""},"categories":[222],"tags":[],"class_list":{"0":"post-41372","1":"post","2":"type-post","3":"status-publish","4":"format-standard","5":"has-post-thumbnail","7":"category-actualidad-turismo"},"aioseo_notices":[],"aioseo_head":"\n\t\t<!-- All in One SEO Pro 4.9.6.1 - aioseo.com -->\n\t<meta name=\"description\" content=\"La compa\u00f1\u00eda de cruceros Costa Cruceros y la aerol\u00ednea Emirates han cerrado un acuerdo de colaboraci\u00f3n para acercar a los clientes de Costa hasta Dub\u00e1i antes de embarcar en el Costa Fortuna y el Costa neoRiviera para realizar itinerarios por los Emiratos \u00c1rabes y Om\u00e1n. Los pasajeros podr\u00e1n volar el A380 o el Boeing 777\" \/>\n\t<meta name=\"robots\" content=\"max-image-preview:large\" \/>\n\t<meta name=\"author\" content=\"admin\"\/>\n\t<meta name=\"google-site-verification\" content=\"UA-38556648-1\" \/>\n\t<meta name=\"keywords\" content=\"actualidad turismo\" \/>\n\t<link rel=\"canonical\" href=\"https:\/\/eldigitaldeasturias.com\/magazine365\/costa-cruceros-y-emirates-se-alian-para-embarcar-pasajeros\/\" \/>\n\t<meta name=\"generator\" content=\"All in One SEO Pro (AIOSEO) 4.9.6.1\" \/>\n\t\t<meta property=\"og:locale\" content=\"es_ES\" \/>\n\t\t<meta property=\"og:site_name\" content=\"El Digital de Asturias \u2013 Revista de ocio, turismo y estilo de vida\" \/>\n\t\t<meta property=\"og:type\" content=\"article\" \/>\n\t\t<meta property=\"og:title\" content=\"Costa Cruceros y Emirates se al\u00edan para embarcar pasajeros | El Digital de Asturias\" \/>\n\t\t<meta property=\"og:description\" content=\"La compa\u00f1\u00eda de cruceros Costa Cruceros y la aerol\u00ednea Emirates han cerrado un acuerdo de colaboraci\u00f3n para acercar a los clientes de Costa hasta Dub\u00e1i antes de embarcar en el Costa Fortuna y el Costa neoRiviera para realizar itinerarios por los Emiratos \u00c1rabes y Om\u00e1n. Los pasajeros podr\u00e1n volar el A380 o el Boeing 777\" \/>\n\t\t<meta property=\"og:url\" content=\"https:\/\/eldigitaldeasturias.com\/magazine365\/costa-cruceros-y-emirates-se-alian-para-embarcar-pasajeros\/\" \/>\n\t\t<meta property=\"og:image\" content=\"https:\/\/eldigitaldeasturias.com\/magazine365\/wp-content\/uploads\/2015\/07\/fotonoticia_20150630123939_800.jpg\" \/>\n\t\t<meta property=\"og:image:secure_url\" content=\"https:\/\/eldigitaldeasturias.com\/magazine365\/wp-content\/uploads\/2015\/07\/fotonoticia_20150630123939_800.jpg\" \/>\n\t\t<meta property=\"og:image:width\" content=\"800\" \/>\n\t\t<meta property=\"og:image:height\" content=\"533\" \/>\n\t\t<meta property=\"article:published_time\" content=\"2015-07-01T11:15:39+00:00\" \/>\n\t\t<meta property=\"article:modified_time\" content=\"2015-07-01T11:15:39+00:00\" \/>\n\t\t<meta name=\"twitter:card\" content=\"summary_large_image\" \/>\n\t\t<meta name=\"twitter:title\" content=\"Costa Cruceros y Emirates se al\u00edan para embarcar pasajeros | El Digital de Asturias\" \/>\n\t\t<meta name=\"twitter:description\" content=\"La compa\u00f1\u00eda de cruceros Costa Cruceros y la aerol\u00ednea Emirates han cerrado un acuerdo de colaboraci\u00f3n para acercar a los clientes de Costa hasta Dub\u00e1i antes de embarcar en el Costa Fortuna y el Costa neoRiviera para realizar itinerarios por los Emiratos \u00c1rabes y Om\u00e1n. Los pasajeros podr\u00e1n volar el A380 o el Boeing 777\" \/>\n\t\t<meta name=\"twitter:image\" content=\"https:\/\/eldigitaldeasturias.com\/magazine365\/wp-content\/uploads\/2015\/07\/fotonoticia_20150630123939_800.jpg\" \/>\n\t\t<script type=\"application\/ld+json\" class=\"aioseo-schema\">\n\t\t\t{\"@context\":\"https:\\\/\\\/schema.org\",\"@graph\":[{\"@type\":\"Article\",\"@id\":\"https:\\\/\\\/eldigitaldeasturias.com\\\/magazine365\\\/costa-cruceros-y-emirates-se-alian-para-embarcar-pasajeros\\\/#article\",\"name\":\"Costa Cruceros y Emirates se al\\u00edan para embarcar pasajeros | El Digital de Asturias\",\"headline\":\"Costa Cruceros y Emirates se al\\u00edan para embarcar pasajeros\",\"author\":{\"@id\":\"https:\\\/\\\/eldigitaldeasturias.com\\\/magazine365\\\/author\\\/admin\\\/#author\"},\"publisher\":{\"@id\":\"https:\\\/\\\/eldigitaldeasturias.com\\\/magazine365\\\/#organization\"},\"image\":{\"@type\":\"ImageObject\",\"url\":\"https:\\\/\\\/eldigitaldeasturias.com\\\/magazine365\\\/wp-content\\\/uploads\\\/2015\\\/07\\\/fotonoticia_20150630123939_800.jpg\",\"width\":800,\"height\":533},\"datePublished\":\"2015-07-01T12:45:39+02:00\",\"dateModified\":\"2015-07-01T12:45:39+02:00\",\"inLanguage\":\"es-ES\",\"mainEntityOfPage\":{\"@id\":\"https:\\\/\\\/eldigitaldeasturias.com\\\/magazine365\\\/costa-cruceros-y-emirates-se-alian-para-embarcar-pasajeros\\\/#webpage\"},\"isPartOf\":{\"@id\":\"https:\\\/\\\/eldigitaldeasturias.com\\\/magazine365\\\/costa-cruceros-y-emirates-se-alian-para-embarcar-pasajeros\\\/#webpage\"},\"articleSection\":\"Actualidad Turismo\"},{\"@type\":\"BreadcrumbList\",\"@id\":\"https:\\\/\\\/eldigitaldeasturias.com\\\/magazine365\\\/costa-cruceros-y-emirates-se-alian-para-embarcar-pasajeros\\\/#breadcrumblist\",\"itemListElement\":[{\"@type\":\"ListItem\",\"@id\":\"https:\\\/\\\/eldigitaldeasturias.com\\\/magazine365#listItem\",\"position\":1,\"name\":\"Home\",\"item\":\"https:\\\/\\\/eldigitaldeasturias.com\\\/magazine365\",\"nextItem\":{\"@type\":\"ListItem\",\"@id\":\"https:\\\/\\\/eldigitaldeasturias.com\\\/magazine365\\\/category\\\/actualidad-turismo\\\/#listItem\",\"name\":\"Actualidad Turismo\"}},{\"@type\":\"ListItem\",\"@id\":\"https:\\\/\\\/eldigitaldeasturias.com\\\/magazine365\\\/category\\\/actualidad-turismo\\\/#listItem\",\"position\":2,\"name\":\"Actualidad Turismo\",\"item\":\"https:\\\/\\\/eldigitaldeasturias.com\\\/magazine365\\\/category\\\/actualidad-turismo\\\/\",\"nextItem\":{\"@type\":\"ListItem\",\"@id\":\"https:\\\/\\\/eldigitaldeasturias.com\\\/magazine365\\\/costa-cruceros-y-emirates-se-alian-para-embarcar-pasajeros\\\/#listItem\",\"name\":\"Costa Cruceros y Emirates se al\\u00edan para embarcar pasajeros\"},\"previousItem\":{\"@type\":\"ListItem\",\"@id\":\"https:\\\/\\\/eldigitaldeasturias.com\\\/magazine365#listItem\",\"name\":\"Home\"}},{\"@type\":\"ListItem\",\"@id\":\"https:\\\/\\\/eldigitaldeasturias.com\\\/magazine365\\\/costa-cruceros-y-emirates-se-alian-para-embarcar-pasajeros\\\/#listItem\",\"position\":3,\"name\":\"Costa Cruceros y Emirates se al\\u00edan para embarcar pasajeros\",\"previousItem\":{\"@type\":\"ListItem\",\"@id\":\"https:\\\/\\\/eldigitaldeasturias.com\\\/magazine365\\\/category\\\/actualidad-turismo\\\/#listItem\",\"name\":\"Actualidad Turismo\"}}]},{\"@type\":\"Organization\",\"@id\":\"https:\\\/\\\/eldigitaldeasturias.com\\\/magazine365\\\/#organization\",\"name\":\"El digital de Asturias\",\"description\":\"Revista de ocio, turismo y estilo de vida\",\"url\":\"https:\\\/\\\/eldigitaldeasturias.com\\\/magazine365\\\/\",\"logo\":{\"@type\":\"ImageObject\",\"url\":\"https:\\\/\\\/www.eldigitaldeasturias.com\\\/noticias\\\/wp-content\\\/uploads\\\/2020\\\/12\\\/EDA.jpg\",\"@id\":\"https:\\\/\\\/eldigitaldeasturias.com\\\/magazine365\\\/costa-cruceros-y-emirates-se-alian-para-embarcar-pasajeros\\\/#organizationLogo\"},\"image\":{\"@id\":\"https:\\\/\\\/eldigitaldeasturias.com\\\/magazine365\\\/costa-cruceros-y-emirates-se-alian-para-embarcar-pasajeros\\\/#organizationLogo\"}},{\"@type\":\"Person\",\"@id\":\"https:\\\/\\\/eldigitaldeasturias.com\\\/magazine365\\\/author\\\/admin\\\/#author\",\"url\":\"https:\\\/\\\/eldigitaldeasturias.com\\\/magazine365\\\/author\\\/admin\\\/\",\"name\":\"admin\",\"image\":{\"@type\":\"ImageObject\",\"@id\":\"https:\\\/\\\/eldigitaldeasturias.com\\\/magazine365\\\/costa-cruceros-y-emirates-se-alian-para-embarcar-pasajeros\\\/#authorImage\",\"url\":\"https:\\\/\\\/eldigitaldeasturias.com\\\/magazine365\\\/wp-content\\\/litespeed\\\/avatar\\\/e571bcf59a0edd6fa6838245a470f2fe.jpg?ver=1777574230\",\"width\":96,\"height\":96,\"caption\":\"admin\"}},{\"@type\":\"WebPage\",\"@id\":\"https:\\\/\\\/eldigitaldeasturias.com\\\/magazine365\\\/costa-cruceros-y-emirates-se-alian-para-embarcar-pasajeros\\\/#webpage\",\"url\":\"https:\\\/\\\/eldigitaldeasturias.com\\\/magazine365\\\/costa-cruceros-y-emirates-se-alian-para-embarcar-pasajeros\\\/\",\"name\":\"Costa Cruceros y Emirates se al\\u00edan para embarcar pasajeros | El Digital de Asturias\",\"description\":\"La compa\\u00f1\\u00eda de cruceros Costa Cruceros y la aerol\\u00ednea Emirates han cerrado un acuerdo de colaboraci\\u00f3n para acercar a los clientes de Costa hasta Dub\\u00e1i antes de embarcar en el Costa Fortuna y el Costa neoRiviera para realizar itinerarios por los Emiratos \\u00c1rabes y Om\\u00e1n. Los pasajeros podr\\u00e1n volar el A380 o el Boeing 777\",\"inLanguage\":\"es-ES\",\"isPartOf\":{\"@id\":\"https:\\\/\\\/eldigitaldeasturias.com\\\/magazine365\\\/#website\"},\"breadcrumb\":{\"@id\":\"https:\\\/\\\/eldigitaldeasturias.com\\\/magazine365\\\/costa-cruceros-y-emirates-se-alian-para-embarcar-pasajeros\\\/#breadcrumblist\"},\"author\":{\"@id\":\"https:\\\/\\\/eldigitaldeasturias.com\\\/magazine365\\\/author\\\/admin\\\/#author\"},\"creator\":{\"@id\":\"https:\\\/\\\/eldigitaldeasturias.com\\\/magazine365\\\/author\\\/admin\\\/#author\"},\"image\":{\"@type\":\"ImageObject\",\"url\":\"https:\\\/\\\/eldigitaldeasturias.com\\\/magazine365\\\/wp-content\\\/uploads\\\/2015\\\/07\\\/fotonoticia_20150630123939_800.jpg\",\"@id\":\"https:\\\/\\\/eldigitaldeasturias.com\\\/magazine365\\\/costa-cruceros-y-emirates-se-alian-para-embarcar-pasajeros\\\/#mainImage\",\"width\":800,\"height\":533},\"primaryImageOfPage\":{\"@id\":\"https:\\\/\\\/eldigitaldeasturias.com\\\/magazine365\\\/costa-cruceros-y-emirates-se-alian-para-embarcar-pasajeros\\\/#mainImage\"},\"datePublished\":\"2015-07-01T12:45:39+02:00\",\"dateModified\":\"2015-07-01T12:45:39+02:00\"},{\"@type\":\"WebSite\",\"@id\":\"https:\\\/\\\/eldigitaldeasturias.com\\\/magazine365\\\/#website\",\"url\":\"https:\\\/\\\/eldigitaldeasturias.com\\\/magazine365\\\/\",\"name\":\"El Digital de Asturias\",\"description\":\"Revista de ocio, turismo y estilo de vida\",\"inLanguage\":\"es-ES\",\"publisher\":{\"@id\":\"https:\\\/\\\/eldigitaldeasturias.com\\\/magazine365\\\/#organization\"}}]}\n\t\t<\/script>\n\t\t<!-- All in One SEO Pro -->\r\n\t\t<title>Costa Cruceros y Emirates se al\u00edan para embarcar pasajeros | El Digital de Asturias<\/title>\n\n","aioseo_head_json":{"title":"Costa Cruceros y Emirates se al\u00edan para embarcar pasajeros | El Digital de Asturias","description":"La compa\u00f1\u00eda de cruceros Costa Cruceros y la aerol\u00ednea Emirates han cerrado un acuerdo de colaboraci\u00f3n para acercar a los clientes de Costa hasta Dub\u00e1i antes de embarcar en el Costa Fortuna y el Costa neoRiviera para realizar itinerarios por los Emiratos \u00c1rabes y Om\u00e1n. Los pasajeros podr\u00e1n volar el A380 o el Boeing 777","canonical_url":"https:\/\/eldigitaldeasturias.com\/magazine365\/costa-cruceros-y-emirates-se-alian-para-embarcar-pasajeros\/","robots":"max-image-preview:large","keywords":"actualidad turismo","webmasterTools":{"google-site-verification":"UA-38556648-1","miscellaneous":""},"schema":{"@context":"https:\/\/schema.org","@graph":[{"@type":"Article","@id":"https:\/\/eldigitaldeasturias.com\/magazine365\/costa-cruceros-y-emirates-se-alian-para-embarcar-pasajeros\/#article","name":"Costa Cruceros y Emirates se al\u00edan para embarcar pasajeros | El Digital de Asturias","headline":"Costa Cruceros y Emirates se al\u00edan para embarcar pasajeros","author":{"@id":"https:\/\/eldigitaldeasturias.com\/magazine365\/author\/admin\/#author"},"publisher":{"@id":"https:\/\/eldigitaldeasturias.com\/magazine365\/#organization"},"image":{"@type":"ImageObject","url":"https:\/\/eldigitaldeasturias.com\/magazine365\/wp-content\/uploads\/2015\/07\/fotonoticia_20150630123939_800.jpg","width":800,"height":533},"datePublished":"2015-07-01T12:45:39+02:00","dateModified":"2015-07-01T12:45:39+02:00","inLanguage":"es-ES","mainEntityOfPage":{"@id":"https:\/\/eldigitaldeasturias.com\/magazine365\/costa-cruceros-y-emirates-se-alian-para-embarcar-pasajeros\/#webpage"},"isPartOf":{"@id":"https:\/\/eldigitaldeasturias.com\/magazine365\/costa-cruceros-y-emirates-se-alian-para-embarcar-pasajeros\/#webpage"},"articleSection":"Actualidad Turismo"},{"@type":"BreadcrumbList","@id":"https:\/\/eldigitaldeasturias.com\/magazine365\/costa-cruceros-y-emirates-se-alian-para-embarcar-pasajeros\/#breadcrumblist","itemListElement":[{"@type":"ListItem","@id":"https:\/\/eldigitaldeasturias.com\/magazine365#listItem","position":1,"name":"Home","item":"https:\/\/eldigitaldeasturias.com\/magazine365","nextItem":{"@type":"ListItem","@id":"https:\/\/eldigitaldeasturias.com\/magazine365\/category\/actualidad-turismo\/#listItem","name":"Actualidad Turismo"}},{"@type":"ListItem","@id":"https:\/\/eldigitaldeasturias.com\/magazine365\/category\/actualidad-turismo\/#listItem","position":2,"name":"Actualidad Turismo","item":"https:\/\/eldigitaldeasturias.com\/magazine365\/category\/actualidad-turismo\/","nextItem":{"@type":"ListItem","@id":"https:\/\/eldigitaldeasturias.com\/magazine365\/costa-cruceros-y-emirates-se-alian-para-embarcar-pasajeros\/#listItem","name":"Costa Cruceros y Emirates se al\u00edan para embarcar pasajeros"},"previousItem":{"@type":"ListItem","@id":"https:\/\/eldigitaldeasturias.com\/magazine365#listItem","name":"Home"}},{"@type":"ListItem","@id":"https:\/\/eldigitaldeasturias.com\/magazine365\/costa-cruceros-y-emirates-se-alian-para-embarcar-pasajeros\/#listItem","position":3,"name":"Costa Cruceros y Emirates se al\u00edan para embarcar pasajeros","previousItem":{"@type":"ListItem","@id":"https:\/\/eldigitaldeasturias.com\/magazine365\/category\/actualidad-turismo\/#listItem","name":"Actualidad Turismo"}}]},{"@type":"Organization","@id":"https:\/\/eldigitaldeasturias.com\/magazine365\/#organization","name":"El digital de Asturias","description":"Revista de ocio, turismo y estilo de vida","url":"https:\/\/eldigitaldeasturias.com\/magazine365\/","logo":{"@type":"ImageObject","url":"https:\/\/www.eldigitaldeasturias.com\/noticias\/wp-content\/uploads\/2020\/12\/EDA.jpg","@id":"https:\/\/eldigitaldeasturias.com\/magazine365\/costa-cruceros-y-emirates-se-alian-para-embarcar-pasajeros\/#organizationLogo"},"image":{"@id":"https:\/\/eldigitaldeasturias.com\/magazine365\/costa-cruceros-y-emirates-se-alian-para-embarcar-pasajeros\/#organizationLogo"}},{"@type":"Person","@id":"https:\/\/eldigitaldeasturias.com\/magazine365\/author\/admin\/#author","url":"https:\/\/eldigitaldeasturias.com\/magazine365\/author\/admin\/","name":"admin","image":{"@type":"ImageObject","@id":"https:\/\/eldigitaldeasturias.com\/magazine365\/costa-cruceros-y-emirates-se-alian-para-embarcar-pasajeros\/#authorImage","url":"https:\/\/eldigitaldeasturias.com\/magazine365\/wp-content\/litespeed\/avatar\/e571bcf59a0edd6fa6838245a470f2fe.jpg?ver=1777574230","width":96,"height":96,"caption":"admin"}},{"@type":"WebPage","@id":"https:\/\/eldigitaldeasturias.com\/magazine365\/costa-cruceros-y-emirates-se-alian-para-embarcar-pasajeros\/#webpage","url":"https:\/\/eldigitaldeasturias.com\/magazine365\/costa-cruceros-y-emirates-se-alian-para-embarcar-pasajeros\/","name":"Costa Cruceros y Emirates se al\u00edan para embarcar pasajeros | El Digital de Asturias","description":"La compa\u00f1\u00eda de cruceros Costa Cruceros y la aerol\u00ednea Emirates han cerrado un acuerdo de colaboraci\u00f3n para acercar a los clientes de Costa hasta Dub\u00e1i antes de embarcar en el Costa Fortuna y el Costa neoRiviera para realizar itinerarios por los Emiratos \u00c1rabes y Om\u00e1n. Los pasajeros podr\u00e1n volar el A380 o el Boeing 777","inLanguage":"es-ES","isPartOf":{"@id":"https:\/\/eldigitaldeasturias.com\/magazine365\/#website"},"breadcrumb":{"@id":"https:\/\/eldigitaldeasturias.com\/magazine365\/costa-cruceros-y-emirates-se-alian-para-embarcar-pasajeros\/#breadcrumblist"},"author":{"@id":"https:\/\/eldigitaldeasturias.com\/magazine365\/author\/admin\/#author"},"creator":{"@id":"https:\/\/eldigitaldeasturias.com\/magazine365\/author\/admin\/#author"},"image":{"@type":"ImageObject","url":"https:\/\/eldigitaldeasturias.com\/magazine365\/wp-content\/uploads\/2015\/07\/fotonoticia_20150630123939_800.jpg","@id":"https:\/\/eldigitaldeasturias.com\/magazine365\/costa-cruceros-y-emirates-se-alian-para-embarcar-pasajeros\/#mainImage","width":800,"height":533},"primaryImageOfPage":{"@id":"https:\/\/eldigitaldeasturias.com\/magazine365\/costa-cruceros-y-emirates-se-alian-para-embarcar-pasajeros\/#mainImage"},"datePublished":"2015-07-01T12:45:39+02:00","dateModified":"2015-07-01T12:45:39+02:00"},{"@type":"WebSite","@id":"https:\/\/eldigitaldeasturias.com\/magazine365\/#website","url":"https:\/\/eldigitaldeasturias.com\/magazine365\/","name":"El Digital de Asturias","description":"Revista de ocio, turismo y estilo de vida","inLanguage":"es-ES","publisher":{"@id":"https:\/\/eldigitaldeasturias.com\/magazine365\/#organization"}}]},"og:locale":"es_ES","og:site_name":"El Digital de Asturias \u2013 Revista de ocio, turismo y estilo de vida","og:type":"article","og:title":"Costa Cruceros y Emirates se al\u00edan para embarcar pasajeros | El Digital de Asturias","og:description":"La compa\u00f1\u00eda de cruceros Costa Cruceros y la aerol\u00ednea Emirates han cerrado un acuerdo de colaboraci\u00f3n para acercar a los clientes de Costa hasta Dub\u00e1i antes de embarcar en el Costa Fortuna y el Costa neoRiviera para realizar itinerarios por los Emiratos \u00c1rabes y Om\u00e1n. Los pasajeros podr\u00e1n volar el A380 o el Boeing 777","og:url":"https:\/\/eldigitaldeasturias.com\/magazine365\/costa-cruceros-y-emirates-se-alian-para-embarcar-pasajeros\/","og:image":"https:\/\/eldigitaldeasturias.com\/magazine365\/wp-content\/uploads\/2015\/07\/fotonoticia_20150630123939_800.jpg","og:image:secure_url":"https:\/\/eldigitaldeasturias.com\/magazine365\/wp-content\/uploads\/2015\/07\/fotonoticia_20150630123939_800.jpg","og:image:width":800,"og:image:height":533,"article:published_time":"2015-07-01T11:15:39+00:00","article:modified_time":"2015-07-01T11:15:39+00:00","twitter:card":"summary_large_image","twitter:title":"Costa Cruceros y Emirates se al\u00edan para embarcar pasajeros | El Digital de Asturias","twitter:description":"La compa\u00f1\u00eda de cruceros Costa Cruceros y la aerol\u00ednea Emirates han cerrado un acuerdo de colaboraci\u00f3n para acercar a los clientes de Costa hasta Dub\u00e1i antes de embarcar en el Costa Fortuna y el Costa neoRiviera para realizar itinerarios por los Emiratos \u00c1rabes y Om\u00e1n. Los pasajeros podr\u00e1n volar el A380 o el Boeing 777","twitter:image":"https:\/\/eldigitaldeasturias.com\/magazine365\/wp-content\/uploads\/2015\/07\/fotonoticia_20150630123939_800.jpg"},"aioseo_meta_data":{"post_id":"41372","title":null,"description":null,"keywords":null,"keyphrases":null,"primary_term":null,"canonical_url":null,"og_title":null,"og_description":null,"og_object_type":"default","og_image_type":"default","og_image_url":null,"og_image_width":null,"og_image_height":null,"og_image_custom_url":null,"og_image_custom_fields":null,"og_video":null,"og_custom_url":null,"og_article_section":null,"og_article_tags":null,"twitter_use_og":false,"twitter_card":"default","twitter_image_type":"default","twitter_image_url":null,"twitter_image_custom_url":null,"twitter_image_custom_fields":null,"twitter_title":null,"twitter_description":null,"schema":{"blockGraphs":[],"customGraphs":[],"default":{"data":{"Article":[],"Course":[],"Dataset":[],"FAQPage":[],"Movie":[],"Person":[],"Product":[],"ProductReview":[],"Car":[],"Recipe":[],"Service":[],"SoftwareApplication":[],"WebPage":[]},"graphName":"","isEnabled":true},"graphs":[],"defaultGraph":"","defaultPostTypeGraph":""},"schema_type":null,"schema_type_options":null,"pillar_content":false,"robots_default":true,"robots_noindex":false,"robots_noarchive":false,"robots_nosnippet":false,"robots_nofollow":false,"robots_noimageindex":false,"robots_noodp":false,"robots_notranslate":false,"robots_max_snippet":null,"robots_max_videopreview":null,"robots_max_imagepreview":"large","priority":null,"frequency":null,"location":null,"local_seo":null,"seo_analyzer_scan_date":"2025-09-19 15:29:36","breadcrumb_settings":null,"limit_modified_date":false,"open_ai":null,"ai":null,"created":"2021-03-09 02:16:52","updated":"2025-09-19 15:29:36"},"aioseo_breadcrumb":"<div class=\"aioseo-breadcrumbs\"><span class=\"aioseo-breadcrumb\">\n\t<a href=\"https:\/\/eldigitaldeasturias.com\/magazine365\" title=\"Home\">Home<\/a>\n<\/span><span class=\"aioseo-breadcrumb-separator\">\u2013<\/span><span class=\"aioseo-breadcrumb\">\n\t<a href=\"https:\/\/eldigitaldeasturias.com\/magazine365\/category\/actualidad-turismo\/\" title=\"Actualidad Turismo\">Actualidad Turismo<\/a>\n<\/span><span class=\"aioseo-breadcrumb-separator\">\u2013<\/span><span class=\"aioseo-breadcrumb\">\n\t<a href=\"https:\/\/eldigitaldeasturias.com\/magazine365\/costa-cruceros-y-emirates-se-alian-para-embarcar-pasajeros\/\" title=\"Costa Cruceros y Emirates se al\u00edan para embarcar pasajeros\">Costa Cruceros y Emirates se al\u00edan para embarcar pasajeros<\/a>\n<\/span><\/div>","aioseo_breadcrumb_json":[{"label":"Home","link":"https:\/\/eldigitaldeasturias.com\/magazine365"},{"label":"Actualidad Turismo","link":"https:\/\/eldigitaldeasturias.com\/magazine365\/category\/actualidad-turismo\/"},{"label":"Costa Cruceros y Emirates se al\u00edan para embarcar pasajeros","link":"https:\/\/eldigitaldeasturias.com\/magazine365\/costa-cruceros-y-emirates-se-alian-para-embarcar-pasajeros\/"}],"_links":{"self":[{"href":"https:\/\/eldigitaldeasturias.com\/magazine365\/wp-json\/wp\/v2\/posts\/41372","targetHints":{"allow":["GET"]}}],"collection":[{"href":"https:\/\/eldigitaldeasturias.com\/magazine365\/wp-json\/wp\/v2\/posts"}],"about":[{"href":"https:\/\/eldigitaldeasturias.com\/magazine365\/wp-json\/wp\/v2\/types\/post"}],"author":[{"embeddable":true,"href":"https:\/\/eldigitaldeasturias.com\/magazine365\/wp-json\/wp\/v2\/users\/1"}],"replies":[{"embeddable":true,"href":"https:\/\/eldigitaldeasturias.com\/magazine365\/wp-json\/wp\/v2\/comments?post=41372"}],"version-history":[{"count":0,"href":"https:\/\/eldigitaldeasturias.com\/magazine365\/wp-json\/wp\/v2\/posts\/41372\/revisions"}],"wp:featuredmedia":[{"embeddable":true,"href":"https:\/\/eldigitaldeasturias.com\/magazine365\/wp-json\/wp\/v2\/media\/41373"}],"wp:attachment":[{"href":"https:\/\/eldigitaldeasturias.com\/magazine365\/wp-json\/wp\/v2\/media?parent=41372"}],"wp:term":[{"taxonomy":"category","embeddable":true,"href":"https:\/\/eldigitaldeasturias.com\/magazine365\/wp-json\/wp\/v2\/categories?post=41372"},{"taxonomy":"post_tag","embeddable":true,"href":"https:\/\/eldigitaldeasturias.com\/magazine365\/wp-json\/wp\/v2\/tags?post=41372"}],"curies":[{"name":"wp","href":"https:\/\/api.w.org\/{rel}","templated":true}]}}