{"id":41351,"date":"2015-07-01T11:10:59","date_gmt":"2015-07-01T09:40:59","guid":{"rendered":"http:\/\/eldigitaldeasturias.com\/magazine365\/?p=41351"},"modified":"2015-07-01T11:10:59","modified_gmt":"2015-07-01T09:40:59","slug":"el-plan-de-desvio-de-camiones-a-las-autopistas-debe-pasar-por-consejo-de-ministros-antes-de-arrancar","status":"publish","type":"post","link":"https:\/\/eldigitaldeasturias.com\/magazine365\/el-plan-de-desvio-de-camiones-a-las-autopistas-debe-pasar-por-consejo-de-ministros-antes-de-arrancar\/","title":{"rendered":"El plan de desv\u00edo de camiones a las autopistas debe pasar por Consejo de Ministros antes de arrancar"},"content":{"rendered":"<p><img fetchpriority=\"high\" decoding=\"async\" class=\"alignleft size-medium wp-image-41352\" src=\"https:\/\/eldigitaldeasturias.com\/magazine365\/wp-content\/uploads\/2015\/07\/fotonoticia_20150630111020_800-360x239.jpg\" alt=\"fotonoticia_20150630111020_800\" width=\"360\" height=\"239\" srcset=\"https:\/\/eldigitaldeasturias.com\/magazine365\/wp-content\/uploads\/2015\/07\/fotonoticia_20150630111020_800-360x239.jpg 360w, https:\/\/eldigitaldeasturias.com\/magazine365\/wp-content\/uploads\/2015\/07\/fotonoticia_20150630111020_800-650x432.jpg 650w, https:\/\/eldigitaldeasturias.com\/magazine365\/wp-content\/uploads\/2015\/07\/fotonoticia_20150630111020_800-768x511.jpg 768w, https:\/\/eldigitaldeasturias.com\/magazine365\/wp-content\/uploads\/2015\/07\/fotonoticia_20150630111020_800-150x100.jpg 150w, https:\/\/eldigitaldeasturias.com\/magazine365\/wp-content\/uploads\/2015\/07\/fotonoticia_20150630111020_800-450x299.jpg 450w, https:\/\/eldigitaldeasturias.com\/magazine365\/wp-content\/uploads\/2015\/07\/fotonoticia_20150630111020_800-696x463.jpg 696w, https:\/\/eldigitaldeasturias.com\/magazine365\/wp-content\/uploads\/2015\/07\/fotonoticia_20150630111020_800-632x420.jpg 632w, https:\/\/eldigitaldeasturias.com\/magazine365\/wp-content\/uploads\/2015\/07\/fotonoticia_20150630111020_800-84x55.jpg 84w, https:\/\/eldigitaldeasturias.com\/magazine365\/wp-content\/uploads\/2015\/07\/fotonoticia_20150630111020_800.jpg 800w\" sizes=\"(max-width: 360px) 100vw, 360px\" \/>El plan para que los grandes camiones dejen de circular por las carreteras y desv\u00eden su viaje por las autopistas debe ser aprobado por el Consejo de Ministros antes de su entrada en vigor, seg\u00fan asegur\u00f3 la ministra de Fomento, Ana Pastor.<\/p>\n<p>Su puesta en marcha, inicialmente prevista para ma\u00f1ana mi\u00e9rcoles, d\u00eda 1, tendr\u00e1 lugar \u00aba lo largo del mes de julio, tan pronto como se apruebe por el Consejo de Ministros, apunt\u00f3 Pastor tras intervenir en la Conferencia Anual de la Industria.<\/p>\n<p>La iniciativa pasa por ofrecer a los camiones de mayores dimensiones la posibilidad de dejar de circular por las carreteras en los tramos m\u00e1s congestionados y desviar su trayecto hacia las autopistas alternativas a cambio de un descuento del 50% en el precio del peaje.<\/p>\n<p>Fomento calcula que 1,3 millones de camiones pueden acogerse a esta iniciativa, cuyo objetivo es mejorar la seguridad vial y redistribuir los tr\u00e1ficos por las distintas infraestructuras.<\/p>\n<p>La ministra record\u00f3 que el plan arrancar\u00e1 a modo de \u00abexperiencia piloto\u00bb, desde julio hasta el pr\u00f3ximo 30 de noviembre, en seis tramos de carreteras que suman 326 kil\u00f3metros de longitud y con car\u00e1cter voluntario para los camioneros.<\/p>\n<p>Los tramos de autopista en los que los camioneros tendr\u00e1n descuento por abandonar las carreteras son el Villalba-Villacast\u00edn de la AP-6, el Dos Hermanas-Jerez Norte de la AP-4, el Lleida-Montblanc de la AP-2, el Rubena-Armi\u00f1\u00f3n de la AP-1, el Puxeiros-Pori\u00f1o Frontera Portuguesa de la AP-9 y el Le\u00f3n-Campomanes de la AP-66. Estas v\u00edas de pago son en su pr\u00e1ctica totalidad titularidad de Abertis e It\u00ednere.<\/p>\n<p>El Ministerio cuenta en su Presupuesto de 2015 con una partida de 10 millones de euros para compensar a las sociedades concesionarias de las autopistas de peaje de las bonificaciones que apliquen en los peajes a los camiones que se acojan a esta medida.<\/p>\n","protected":false},"excerpt":{"rendered":"<p>El plan para que los grandes camiones dejen de circular por las carreteras y desv\u00eden su viaje por las autopistas debe ser aprobado por el Consejo de Ministros antes de su entrada en vigor, seg\u00fan asegur\u00f3 la ministra de Fomento, Ana Pastor. Su puesta en marcha, inicialmente prevista para ma\u00f1ana mi\u00e9rcoles, d\u00eda 1, tendr\u00e1 lugar<\/p>\n","protected":false},"author":1,"featured_media":41352,"comment_status":"open","ping_status":"closed","sticky":false,"template":"","format":"standard","meta":{"footnotes":""},"categories":[222],"tags":[],"class_list":{"0":"post-41351","1":"post","2":"type-post","3":"status-publish","4":"format-standard","5":"has-post-thumbnail","7":"category-actualidad-turismo"},"aioseo_notices":[],"aioseo_head":"\n\t\t<!-- All in One SEO Pro 4.9.6.1 - aioseo.com -->\n\t<meta name=\"description\" content=\"El plan para que los grandes camiones dejen de circular por las carreteras y desv\u00eden su viaje por las autopistas debe ser aprobado por el Consejo de Ministros antes de su entrada en vigor, seg\u00fan asegur\u00f3 la ministra de Fomento, Ana Pastor. Su puesta en marcha, inicialmente prevista para ma\u00f1ana mi\u00e9rcoles, d\u00eda 1, tendr\u00e1 lugar\" \/>\n\t<meta name=\"robots\" content=\"max-image-preview:large\" \/>\n\t<meta name=\"author\" content=\"admin\"\/>\n\t<meta name=\"google-site-verification\" content=\"UA-38556648-1\" \/>\n\t<meta name=\"keywords\" content=\"actualidad turismo\" \/>\n\t<link rel=\"canonical\" href=\"https:\/\/eldigitaldeasturias.com\/magazine365\/el-plan-de-desvio-de-camiones-a-las-autopistas-debe-pasar-por-consejo-de-ministros-antes-de-arrancar\/\" \/>\n\t<meta name=\"generator\" content=\"All in One SEO Pro (AIOSEO) 4.9.6.1\" \/>\n\t\t<meta property=\"og:locale\" content=\"es_ES\" \/>\n\t\t<meta property=\"og:site_name\" content=\"El Digital de Asturias \u2013 Revista de ocio, turismo y estilo de vida\" \/>\n\t\t<meta property=\"og:type\" content=\"article\" \/>\n\t\t<meta property=\"og:title\" content=\"El plan de desv\u00edo de camiones a las autopistas debe pasar por Consejo de Ministros antes de arrancar | El Digital de Asturias\" \/>\n\t\t<meta property=\"og:description\" content=\"El plan para que los grandes camiones dejen de circular por las carreteras y desv\u00eden su viaje por las autopistas debe ser aprobado por el Consejo de Ministros antes de su entrada en vigor, seg\u00fan asegur\u00f3 la ministra de Fomento, Ana Pastor. Su puesta en marcha, inicialmente prevista para ma\u00f1ana mi\u00e9rcoles, d\u00eda 1, tendr\u00e1 lugar\" \/>\n\t\t<meta property=\"og:url\" content=\"https:\/\/eldigitaldeasturias.com\/magazine365\/el-plan-de-desvio-de-camiones-a-las-autopistas-debe-pasar-por-consejo-de-ministros-antes-de-arrancar\/\" \/>\n\t\t<meta property=\"og:image\" content=\"https:\/\/eldigitaldeasturias.com\/magazine365\/wp-content\/uploads\/2015\/07\/fotonoticia_20150630111020_800.jpg\" \/>\n\t\t<meta property=\"og:image:secure_url\" content=\"https:\/\/eldigitaldeasturias.com\/magazine365\/wp-content\/uploads\/2015\/07\/fotonoticia_20150630111020_800.jpg\" \/>\n\t\t<meta property=\"og:image:width\" content=\"800\" \/>\n\t\t<meta property=\"og:image:height\" content=\"532\" \/>\n\t\t<meta property=\"article:published_time\" content=\"2015-07-01T09:40:59+00:00\" \/>\n\t\t<meta property=\"article:modified_time\" content=\"2015-07-01T09:40:59+00:00\" \/>\n\t\t<meta name=\"twitter:card\" content=\"summary_large_image\" \/>\n\t\t<meta name=\"twitter:title\" content=\"El plan de desv\u00edo de camiones a las autopistas debe pasar por Consejo de Ministros antes de arrancar | El Digital de Asturias\" \/>\n\t\t<meta name=\"twitter:description\" content=\"El plan para que los grandes camiones dejen de circular por las carreteras y desv\u00eden su viaje por las autopistas debe ser aprobado por el Consejo de Ministros antes de su entrada en vigor, seg\u00fan asegur\u00f3 la ministra de Fomento, Ana Pastor. Su puesta en marcha, inicialmente prevista para ma\u00f1ana mi\u00e9rcoles, d\u00eda 1, tendr\u00e1 lugar\" \/>\n\t\t<meta name=\"twitter:image\" content=\"https:\/\/eldigitaldeasturias.com\/magazine365\/wp-content\/uploads\/2015\/07\/fotonoticia_20150630111020_800.jpg\" \/>\n\t\t<script type=\"application\/ld+json\" class=\"aioseo-schema\">\n\t\t\t{\"@context\":\"https:\\\/\\\/schema.org\",\"@graph\":[{\"@type\":\"Article\",\"@id\":\"https:\\\/\\\/eldigitaldeasturias.com\\\/magazine365\\\/el-plan-de-desvio-de-camiones-a-las-autopistas-debe-pasar-por-consejo-de-ministros-antes-de-arrancar\\\/#article\",\"name\":\"El plan de desv\\u00edo de camiones a las autopistas debe pasar por Consejo de Ministros antes de arrancar | El Digital de Asturias\",\"headline\":\"El plan de desv\\u00edo de camiones a las autopistas debe pasar por Consejo de Ministros antes de arrancar\",\"author\":{\"@id\":\"https:\\\/\\\/eldigitaldeasturias.com\\\/magazine365\\\/author\\\/admin\\\/#author\"},\"publisher\":{\"@id\":\"https:\\\/\\\/eldigitaldeasturias.com\\\/magazine365\\\/#organization\"},\"image\":{\"@type\":\"ImageObject\",\"url\":\"https:\\\/\\\/eldigitaldeasturias.com\\\/magazine365\\\/wp-content\\\/uploads\\\/2015\\\/07\\\/fotonoticia_20150630111020_800.jpg\",\"width\":800,\"height\":532},\"datePublished\":\"2015-07-01T11:10:59+02:00\",\"dateModified\":\"2015-07-01T11:10:59+02:00\",\"inLanguage\":\"es-ES\",\"mainEntityOfPage\":{\"@id\":\"https:\\\/\\\/eldigitaldeasturias.com\\\/magazine365\\\/el-plan-de-desvio-de-camiones-a-las-autopistas-debe-pasar-por-consejo-de-ministros-antes-de-arrancar\\\/#webpage\"},\"isPartOf\":{\"@id\":\"https:\\\/\\\/eldigitaldeasturias.com\\\/magazine365\\\/el-plan-de-desvio-de-camiones-a-las-autopistas-debe-pasar-por-consejo-de-ministros-antes-de-arrancar\\\/#webpage\"},\"articleSection\":\"Actualidad Turismo\"},{\"@type\":\"BreadcrumbList\",\"@id\":\"https:\\\/\\\/eldigitaldeasturias.com\\\/magazine365\\\/el-plan-de-desvio-de-camiones-a-las-autopistas-debe-pasar-por-consejo-de-ministros-antes-de-arrancar\\\/#breadcrumblist\",\"itemListElement\":[{\"@type\":\"ListItem\",\"@id\":\"https:\\\/\\\/eldigitaldeasturias.com\\\/magazine365#listItem\",\"position\":1,\"name\":\"Home\",\"item\":\"https:\\\/\\\/eldigitaldeasturias.com\\\/magazine365\",\"nextItem\":{\"@type\":\"ListItem\",\"@id\":\"https:\\\/\\\/eldigitaldeasturias.com\\\/magazine365\\\/category\\\/actualidad-turismo\\\/#listItem\",\"name\":\"Actualidad Turismo\"}},{\"@type\":\"ListItem\",\"@id\":\"https:\\\/\\\/eldigitaldeasturias.com\\\/magazine365\\\/category\\\/actualidad-turismo\\\/#listItem\",\"position\":2,\"name\":\"Actualidad Turismo\",\"item\":\"https:\\\/\\\/eldigitaldeasturias.com\\\/magazine365\\\/category\\\/actualidad-turismo\\\/\",\"nextItem\":{\"@type\":\"ListItem\",\"@id\":\"https:\\\/\\\/eldigitaldeasturias.com\\\/magazine365\\\/el-plan-de-desvio-de-camiones-a-las-autopistas-debe-pasar-por-consejo-de-ministros-antes-de-arrancar\\\/#listItem\",\"name\":\"El plan de desv\\u00edo de camiones a las autopistas debe pasar por Consejo de Ministros antes de arrancar\"},\"previousItem\":{\"@type\":\"ListItem\",\"@id\":\"https:\\\/\\\/eldigitaldeasturias.com\\\/magazine365#listItem\",\"name\":\"Home\"}},{\"@type\":\"ListItem\",\"@id\":\"https:\\\/\\\/eldigitaldeasturias.com\\\/magazine365\\\/el-plan-de-desvio-de-camiones-a-las-autopistas-debe-pasar-por-consejo-de-ministros-antes-de-arrancar\\\/#listItem\",\"position\":3,\"name\":\"El plan de desv\\u00edo de camiones a las autopistas debe pasar por Consejo de Ministros antes de arrancar\",\"previousItem\":{\"@type\":\"ListItem\",\"@id\":\"https:\\\/\\\/eldigitaldeasturias.com\\\/magazine365\\\/category\\\/actualidad-turismo\\\/#listItem\",\"name\":\"Actualidad Turismo\"}}]},{\"@type\":\"Organization\",\"@id\":\"https:\\\/\\\/eldigitaldeasturias.com\\\/magazine365\\\/#organization\",\"name\":\"El digital de Asturias\",\"description\":\"Revista de ocio, turismo y estilo de vida\",\"url\":\"https:\\\/\\\/eldigitaldeasturias.com\\\/magazine365\\\/\",\"logo\":{\"@type\":\"ImageObject\",\"url\":\"https:\\\/\\\/www.eldigitaldeasturias.com\\\/noticias\\\/wp-content\\\/uploads\\\/2020\\\/12\\\/EDA.jpg\",\"@id\":\"https:\\\/\\\/eldigitaldeasturias.com\\\/magazine365\\\/el-plan-de-desvio-de-camiones-a-las-autopistas-debe-pasar-por-consejo-de-ministros-antes-de-arrancar\\\/#organizationLogo\"},\"image\":{\"@id\":\"https:\\\/\\\/eldigitaldeasturias.com\\\/magazine365\\\/el-plan-de-desvio-de-camiones-a-las-autopistas-debe-pasar-por-consejo-de-ministros-antes-de-arrancar\\\/#organizationLogo\"}},{\"@type\":\"Person\",\"@id\":\"https:\\\/\\\/eldigitaldeasturias.com\\\/magazine365\\\/author\\\/admin\\\/#author\",\"url\":\"https:\\\/\\\/eldigitaldeasturias.com\\\/magazine365\\\/author\\\/admin\\\/\",\"name\":\"admin\",\"image\":{\"@type\":\"ImageObject\",\"@id\":\"https:\\\/\\\/eldigitaldeasturias.com\\\/magazine365\\\/el-plan-de-desvio-de-camiones-a-las-autopistas-debe-pasar-por-consejo-de-ministros-antes-de-arrancar\\\/#authorImage\",\"url\":\"https:\\\/\\\/eldigitaldeasturias.com\\\/magazine365\\\/wp-content\\\/litespeed\\\/avatar\\\/e571bcf59a0edd6fa6838245a470f2fe.jpg?ver=1777574230\",\"width\":96,\"height\":96,\"caption\":\"admin\"}},{\"@type\":\"WebPage\",\"@id\":\"https:\\\/\\\/eldigitaldeasturias.com\\\/magazine365\\\/el-plan-de-desvio-de-camiones-a-las-autopistas-debe-pasar-por-consejo-de-ministros-antes-de-arrancar\\\/#webpage\",\"url\":\"https:\\\/\\\/eldigitaldeasturias.com\\\/magazine365\\\/el-plan-de-desvio-de-camiones-a-las-autopistas-debe-pasar-por-consejo-de-ministros-antes-de-arrancar\\\/\",\"name\":\"El plan de desv\\u00edo de camiones a las autopistas debe pasar por Consejo de Ministros antes de arrancar | El Digital de Asturias\",\"description\":\"El plan para que los grandes camiones dejen de circular por las carreteras y desv\\u00eden su viaje por las autopistas debe ser aprobado por el Consejo de Ministros antes de su entrada en vigor, seg\\u00fan asegur\\u00f3 la ministra de Fomento, Ana Pastor. Su puesta en marcha, inicialmente prevista para ma\\u00f1ana mi\\u00e9rcoles, d\\u00eda 1, tendr\\u00e1 lugar\",\"inLanguage\":\"es-ES\",\"isPartOf\":{\"@id\":\"https:\\\/\\\/eldigitaldeasturias.com\\\/magazine365\\\/#website\"},\"breadcrumb\":{\"@id\":\"https:\\\/\\\/eldigitaldeasturias.com\\\/magazine365\\\/el-plan-de-desvio-de-camiones-a-las-autopistas-debe-pasar-por-consejo-de-ministros-antes-de-arrancar\\\/#breadcrumblist\"},\"author\":{\"@id\":\"https:\\\/\\\/eldigitaldeasturias.com\\\/magazine365\\\/author\\\/admin\\\/#author\"},\"creator\":{\"@id\":\"https:\\\/\\\/eldigitaldeasturias.com\\\/magazine365\\\/author\\\/admin\\\/#author\"},\"image\":{\"@type\":\"ImageObject\",\"url\":\"https:\\\/\\\/eldigitaldeasturias.com\\\/magazine365\\\/wp-content\\\/uploads\\\/2015\\\/07\\\/fotonoticia_20150630111020_800.jpg\",\"@id\":\"https:\\\/\\\/eldigitaldeasturias.com\\\/magazine365\\\/el-plan-de-desvio-de-camiones-a-las-autopistas-debe-pasar-por-consejo-de-ministros-antes-de-arrancar\\\/#mainImage\",\"width\":800,\"height\":532},\"primaryImageOfPage\":{\"@id\":\"https:\\\/\\\/eldigitaldeasturias.com\\\/magazine365\\\/el-plan-de-desvio-de-camiones-a-las-autopistas-debe-pasar-por-consejo-de-ministros-antes-de-arrancar\\\/#mainImage\"},\"datePublished\":\"2015-07-01T11:10:59+02:00\",\"dateModified\":\"2015-07-01T11:10:59+02:00\"},{\"@type\":\"WebSite\",\"@id\":\"https:\\\/\\\/eldigitaldeasturias.com\\\/magazine365\\\/#website\",\"url\":\"https:\\\/\\\/eldigitaldeasturias.com\\\/magazine365\\\/\",\"name\":\"El Digital de Asturias\",\"description\":\"Revista de ocio, turismo y estilo de vida\",\"inLanguage\":\"es-ES\",\"publisher\":{\"@id\":\"https:\\\/\\\/eldigitaldeasturias.com\\\/magazine365\\\/#organization\"}}]}\n\t\t<\/script>\n\t\t<!-- All in One SEO Pro -->\r\n\t\t<title>El plan de desv\u00edo de camiones a las autopistas debe pasar por Consejo de Ministros antes de arrancar | El Digital de Asturias<\/title>\n\n","aioseo_head_json":{"title":"El plan de desv\u00edo de camiones a las autopistas debe pasar por Consejo de Ministros antes de arrancar | El Digital de Asturias","description":"El plan para que los grandes camiones dejen de circular por las carreteras y desv\u00eden su viaje por las autopistas debe ser aprobado por el Consejo de Ministros antes de su entrada en vigor, seg\u00fan asegur\u00f3 la ministra de Fomento, Ana Pastor. Su puesta en marcha, inicialmente prevista para ma\u00f1ana mi\u00e9rcoles, d\u00eda 1, tendr\u00e1 lugar","canonical_url":"https:\/\/eldigitaldeasturias.com\/magazine365\/el-plan-de-desvio-de-camiones-a-las-autopistas-debe-pasar-por-consejo-de-ministros-antes-de-arrancar\/","robots":"max-image-preview:large","keywords":"actualidad turismo","webmasterTools":{"google-site-verification":"UA-38556648-1","miscellaneous":""},"schema":{"@context":"https:\/\/schema.org","@graph":[{"@type":"Article","@id":"https:\/\/eldigitaldeasturias.com\/magazine365\/el-plan-de-desvio-de-camiones-a-las-autopistas-debe-pasar-por-consejo-de-ministros-antes-de-arrancar\/#article","name":"El plan de desv\u00edo de camiones a las autopistas debe pasar por Consejo de Ministros antes de arrancar | El Digital de Asturias","headline":"El plan de desv\u00edo de camiones a las autopistas debe pasar por Consejo de Ministros antes de arrancar","author":{"@id":"https:\/\/eldigitaldeasturias.com\/magazine365\/author\/admin\/#author"},"publisher":{"@id":"https:\/\/eldigitaldeasturias.com\/magazine365\/#organization"},"image":{"@type":"ImageObject","url":"https:\/\/eldigitaldeasturias.com\/magazine365\/wp-content\/uploads\/2015\/07\/fotonoticia_20150630111020_800.jpg","width":800,"height":532},"datePublished":"2015-07-01T11:10:59+02:00","dateModified":"2015-07-01T11:10:59+02:00","inLanguage":"es-ES","mainEntityOfPage":{"@id":"https:\/\/eldigitaldeasturias.com\/magazine365\/el-plan-de-desvio-de-camiones-a-las-autopistas-debe-pasar-por-consejo-de-ministros-antes-de-arrancar\/#webpage"},"isPartOf":{"@id":"https:\/\/eldigitaldeasturias.com\/magazine365\/el-plan-de-desvio-de-camiones-a-las-autopistas-debe-pasar-por-consejo-de-ministros-antes-de-arrancar\/#webpage"},"articleSection":"Actualidad Turismo"},{"@type":"BreadcrumbList","@id":"https:\/\/eldigitaldeasturias.com\/magazine365\/el-plan-de-desvio-de-camiones-a-las-autopistas-debe-pasar-por-consejo-de-ministros-antes-de-arrancar\/#breadcrumblist","itemListElement":[{"@type":"ListItem","@id":"https:\/\/eldigitaldeasturias.com\/magazine365#listItem","position":1,"name":"Home","item":"https:\/\/eldigitaldeasturias.com\/magazine365","nextItem":{"@type":"ListItem","@id":"https:\/\/eldigitaldeasturias.com\/magazine365\/category\/actualidad-turismo\/#listItem","name":"Actualidad Turismo"}},{"@type":"ListItem","@id":"https:\/\/eldigitaldeasturias.com\/magazine365\/category\/actualidad-turismo\/#listItem","position":2,"name":"Actualidad Turismo","item":"https:\/\/eldigitaldeasturias.com\/magazine365\/category\/actualidad-turismo\/","nextItem":{"@type":"ListItem","@id":"https:\/\/eldigitaldeasturias.com\/magazine365\/el-plan-de-desvio-de-camiones-a-las-autopistas-debe-pasar-por-consejo-de-ministros-antes-de-arrancar\/#listItem","name":"El plan de desv\u00edo de camiones a las autopistas debe pasar por Consejo de Ministros antes de arrancar"},"previousItem":{"@type":"ListItem","@id":"https:\/\/eldigitaldeasturias.com\/magazine365#listItem","name":"Home"}},{"@type":"ListItem","@id":"https:\/\/eldigitaldeasturias.com\/magazine365\/el-plan-de-desvio-de-camiones-a-las-autopistas-debe-pasar-por-consejo-de-ministros-antes-de-arrancar\/#listItem","position":3,"name":"El plan de desv\u00edo de camiones a las autopistas debe pasar por Consejo de Ministros antes de arrancar","previousItem":{"@type":"ListItem","@id":"https:\/\/eldigitaldeasturias.com\/magazine365\/category\/actualidad-turismo\/#listItem","name":"Actualidad Turismo"}}]},{"@type":"Organization","@id":"https:\/\/eldigitaldeasturias.com\/magazine365\/#organization","name":"El digital de Asturias","description":"Revista de ocio, turismo y estilo de vida","url":"https:\/\/eldigitaldeasturias.com\/magazine365\/","logo":{"@type":"ImageObject","url":"https:\/\/www.eldigitaldeasturias.com\/noticias\/wp-content\/uploads\/2020\/12\/EDA.jpg","@id":"https:\/\/eldigitaldeasturias.com\/magazine365\/el-plan-de-desvio-de-camiones-a-las-autopistas-debe-pasar-por-consejo-de-ministros-antes-de-arrancar\/#organizationLogo"},"image":{"@id":"https:\/\/eldigitaldeasturias.com\/magazine365\/el-plan-de-desvio-de-camiones-a-las-autopistas-debe-pasar-por-consejo-de-ministros-antes-de-arrancar\/#organizationLogo"}},{"@type":"Person","@id":"https:\/\/eldigitaldeasturias.com\/magazine365\/author\/admin\/#author","url":"https:\/\/eldigitaldeasturias.com\/magazine365\/author\/admin\/","name":"admin","image":{"@type":"ImageObject","@id":"https:\/\/eldigitaldeasturias.com\/magazine365\/el-plan-de-desvio-de-camiones-a-las-autopistas-debe-pasar-por-consejo-de-ministros-antes-de-arrancar\/#authorImage","url":"https:\/\/eldigitaldeasturias.com\/magazine365\/wp-content\/litespeed\/avatar\/e571bcf59a0edd6fa6838245a470f2fe.jpg?ver=1777574230","width":96,"height":96,"caption":"admin"}},{"@type":"WebPage","@id":"https:\/\/eldigitaldeasturias.com\/magazine365\/el-plan-de-desvio-de-camiones-a-las-autopistas-debe-pasar-por-consejo-de-ministros-antes-de-arrancar\/#webpage","url":"https:\/\/eldigitaldeasturias.com\/magazine365\/el-plan-de-desvio-de-camiones-a-las-autopistas-debe-pasar-por-consejo-de-ministros-antes-de-arrancar\/","name":"El plan de desv\u00edo de camiones a las autopistas debe pasar por Consejo de Ministros antes de arrancar | El Digital de Asturias","description":"El plan para que los grandes camiones dejen de circular por las carreteras y desv\u00eden su viaje por las autopistas debe ser aprobado por el Consejo de Ministros antes de su entrada en vigor, seg\u00fan asegur\u00f3 la ministra de Fomento, Ana Pastor. Su puesta en marcha, inicialmente prevista para ma\u00f1ana mi\u00e9rcoles, d\u00eda 1, tendr\u00e1 lugar","inLanguage":"es-ES","isPartOf":{"@id":"https:\/\/eldigitaldeasturias.com\/magazine365\/#website"},"breadcrumb":{"@id":"https:\/\/eldigitaldeasturias.com\/magazine365\/el-plan-de-desvio-de-camiones-a-las-autopistas-debe-pasar-por-consejo-de-ministros-antes-de-arrancar\/#breadcrumblist"},"author":{"@id":"https:\/\/eldigitaldeasturias.com\/magazine365\/author\/admin\/#author"},"creator":{"@id":"https:\/\/eldigitaldeasturias.com\/magazine365\/author\/admin\/#author"},"image":{"@type":"ImageObject","url":"https:\/\/eldigitaldeasturias.com\/magazine365\/wp-content\/uploads\/2015\/07\/fotonoticia_20150630111020_800.jpg","@id":"https:\/\/eldigitaldeasturias.com\/magazine365\/el-plan-de-desvio-de-camiones-a-las-autopistas-debe-pasar-por-consejo-de-ministros-antes-de-arrancar\/#mainImage","width":800,"height":532},"primaryImageOfPage":{"@id":"https:\/\/eldigitaldeasturias.com\/magazine365\/el-plan-de-desvio-de-camiones-a-las-autopistas-debe-pasar-por-consejo-de-ministros-antes-de-arrancar\/#mainImage"},"datePublished":"2015-07-01T11:10:59+02:00","dateModified":"2015-07-01T11:10:59+02:00"},{"@type":"WebSite","@id":"https:\/\/eldigitaldeasturias.com\/magazine365\/#website","url":"https:\/\/eldigitaldeasturias.com\/magazine365\/","name":"El Digital de Asturias","description":"Revista de ocio, turismo y estilo de vida","inLanguage":"es-ES","publisher":{"@id":"https:\/\/eldigitaldeasturias.com\/magazine365\/#organization"}}]},"og:locale":"es_ES","og:site_name":"El Digital de Asturias \u2013 Revista de ocio, turismo y estilo de vida","og:type":"article","og:title":"El plan de desv\u00edo de camiones a las autopistas debe pasar por Consejo de Ministros antes de arrancar | El Digital de Asturias","og:description":"El plan para que los grandes camiones dejen de circular por las carreteras y desv\u00eden su viaje por las autopistas debe ser aprobado por el Consejo de Ministros antes de su entrada en vigor, seg\u00fan asegur\u00f3 la ministra de Fomento, Ana Pastor. Su puesta en marcha, inicialmente prevista para ma\u00f1ana mi\u00e9rcoles, d\u00eda 1, tendr\u00e1 lugar","og:url":"https:\/\/eldigitaldeasturias.com\/magazine365\/el-plan-de-desvio-de-camiones-a-las-autopistas-debe-pasar-por-consejo-de-ministros-antes-de-arrancar\/","og:image":"https:\/\/eldigitaldeasturias.com\/magazine365\/wp-content\/uploads\/2015\/07\/fotonoticia_20150630111020_800.jpg","og:image:secure_url":"https:\/\/eldigitaldeasturias.com\/magazine365\/wp-content\/uploads\/2015\/07\/fotonoticia_20150630111020_800.jpg","og:image:width":800,"og:image:height":532,"article:published_time":"2015-07-01T09:40:59+00:00","article:modified_time":"2015-07-01T09:40:59+00:00","twitter:card":"summary_large_image","twitter:title":"El plan de desv\u00edo de camiones a las autopistas debe pasar por Consejo de Ministros antes de arrancar | El Digital de Asturias","twitter:description":"El plan para que los grandes camiones dejen de circular por las carreteras y desv\u00eden su viaje por las autopistas debe ser aprobado por el Consejo de Ministros antes de su entrada en vigor, seg\u00fan asegur\u00f3 la ministra de Fomento, Ana Pastor. Su puesta en marcha, inicialmente prevista para ma\u00f1ana mi\u00e9rcoles, d\u00eda 1, tendr\u00e1 lugar","twitter:image":"https:\/\/eldigitaldeasturias.com\/magazine365\/wp-content\/uploads\/2015\/07\/fotonoticia_20150630111020_800.jpg"},"aioseo_meta_data":{"post_id":"41351","title":null,"description":null,"keywords":null,"keyphrases":null,"primary_term":null,"canonical_url":null,"og_title":null,"og_description":null,"og_object_type":"default","og_image_type":"default","og_image_url":null,"og_image_width":null,"og_image_height":null,"og_image_custom_url":null,"og_image_custom_fields":null,"og_video":null,"og_custom_url":null,"og_article_section":null,"og_article_tags":null,"twitter_use_og":false,"twitter_card":"default","twitter_image_type":"default","twitter_image_url":null,"twitter_image_custom_url":null,"twitter_image_custom_fields":null,"twitter_title":null,"twitter_description":null,"schema":{"blockGraphs":[],"customGraphs":[],"default":{"data":{"Article":[],"Course":[],"Dataset":[],"FAQPage":[],"Movie":[],"Person":[],"Product":[],"ProductReview":[],"Car":[],"Recipe":[],"Service":[],"SoftwareApplication":[],"WebPage":[]},"graphName":"","isEnabled":true},"graphs":[],"defaultGraph":"","defaultPostTypeGraph":""},"schema_type":null,"schema_type_options":null,"pillar_content":false,"robots_default":true,"robots_noindex":false,"robots_noarchive":false,"robots_nosnippet":false,"robots_nofollow":false,"robots_noimageindex":false,"robots_noodp":false,"robots_notranslate":false,"robots_max_snippet":null,"robots_max_videopreview":null,"robots_max_imagepreview":"large","priority":null,"frequency":null,"location":null,"local_seo":null,"seo_analyzer_scan_date":"2025-09-19 15:28:10","breadcrumb_settings":null,"limit_modified_date":false,"open_ai":null,"ai":null,"created":"2021-03-09 02:16:53","updated":"2025-09-19 15:28:10"},"aioseo_breadcrumb":"<div class=\"aioseo-breadcrumbs\"><span class=\"aioseo-breadcrumb\">\n\t<a href=\"https:\/\/eldigitaldeasturias.com\/magazine365\" title=\"Home\">Home<\/a>\n<\/span><span class=\"aioseo-breadcrumb-separator\">\u2013<\/span><span class=\"aioseo-breadcrumb\">\n\t<a href=\"https:\/\/eldigitaldeasturias.com\/magazine365\/category\/actualidad-turismo\/\" title=\"Actualidad Turismo\">Actualidad Turismo<\/a>\n<\/span><span class=\"aioseo-breadcrumb-separator\">\u2013<\/span><span class=\"aioseo-breadcrumb\">\n\t<a href=\"https:\/\/eldigitaldeasturias.com\/magazine365\/el-plan-de-desvio-de-camiones-a-las-autopistas-debe-pasar-por-consejo-de-ministros-antes-de-arrancar\/\" title=\"El plan de desv\u00edo de camiones a las autopistas debe pasar por Consejo de Ministros antes de arrancar\">El plan de desv\u00edo de camiones a las autopistas debe pasar por Consejo de Ministros antes de arrancar<\/a>\n<\/span><\/div>","aioseo_breadcrumb_json":[{"label":"Home","link":"https:\/\/eldigitaldeasturias.com\/magazine365"},{"label":"Actualidad Turismo","link":"https:\/\/eldigitaldeasturias.com\/magazine365\/category\/actualidad-turismo\/"},{"label":"El plan de desv\u00edo de camiones a las autopistas debe pasar por Consejo de Ministros antes de arrancar","link":"https:\/\/eldigitaldeasturias.com\/magazine365\/el-plan-de-desvio-de-camiones-a-las-autopistas-debe-pasar-por-consejo-de-ministros-antes-de-arrancar\/"}],"_links":{"self":[{"href":"https:\/\/eldigitaldeasturias.com\/magazine365\/wp-json\/wp\/v2\/posts\/41351","targetHints":{"allow":["GET"]}}],"collection":[{"href":"https:\/\/eldigitaldeasturias.com\/magazine365\/wp-json\/wp\/v2\/posts"}],"about":[{"href":"https:\/\/eldigitaldeasturias.com\/magazine365\/wp-json\/wp\/v2\/types\/post"}],"author":[{"embeddable":true,"href":"https:\/\/eldigitaldeasturias.com\/magazine365\/wp-json\/wp\/v2\/users\/1"}],"replies":[{"embeddable":true,"href":"https:\/\/eldigitaldeasturias.com\/magazine365\/wp-json\/wp\/v2\/comments?post=41351"}],"version-history":[{"count":0,"href":"https:\/\/eldigitaldeasturias.com\/magazine365\/wp-json\/wp\/v2\/posts\/41351\/revisions"}],"wp:featuredmedia":[{"embeddable":true,"href":"https:\/\/eldigitaldeasturias.com\/magazine365\/wp-json\/wp\/v2\/media\/41352"}],"wp:attachment":[{"href":"https:\/\/eldigitaldeasturias.com\/magazine365\/wp-json\/wp\/v2\/media?parent=41351"}],"wp:term":[{"taxonomy":"category","embeddable":true,"href":"https:\/\/eldigitaldeasturias.com\/magazine365\/wp-json\/wp\/v2\/categories?post=41351"},{"taxonomy":"post_tag","embeddable":true,"href":"https:\/\/eldigitaldeasturias.com\/magazine365\/wp-json\/wp\/v2\/tags?post=41351"}],"curies":[{"name":"wp","href":"https:\/\/api.w.org\/{rel}","templated":true}]}}