{"id":41342,"date":"2015-07-01T11:00:25","date_gmt":"2015-07-01T09:30:25","guid":{"rendered":"http:\/\/eldigitaldeasturias.com\/magazine365\/?p=41342"},"modified":"2015-07-01T11:00:25","modified_gmt":"2015-07-01T09:30:25","slug":"una-fiesta-en-la-plaza-margarida-xirgu-da-la-bienvenida-al-festival-grec-2015","status":"publish","type":"post","link":"https:\/\/eldigitaldeasturias.com\/magazine365\/una-fiesta-en-la-plaza-margarida-xirgu-da-la-bienvenida-al-festival-grec-2015\/","title":{"rendered":"Una fiesta en la plaza Margarida Xirgu da la bienvenida al Festival Grec 2015"},"content":{"rendered":"<p><img fetchpriority=\"high\" decoding=\"async\" class=\"alignleft size-medium wp-image-41343\" src=\"https:\/\/eldigitaldeasturias.com\/magazine365\/wp-content\/uploads\/2015\/07\/fotonoticia_20150630091701_800-360x203.jpg\" alt=\"fotonoticia_20150630091701_800\" width=\"360\" height=\"203\" srcset=\"https:\/\/eldigitaldeasturias.com\/magazine365\/wp-content\/uploads\/2015\/07\/fotonoticia_20150630091701_800-360x203.jpg 360w, https:\/\/eldigitaldeasturias.com\/magazine365\/wp-content\/uploads\/2015\/07\/fotonoticia_20150630091701_800-650x366.jpg 650w, https:\/\/eldigitaldeasturias.com\/magazine365\/wp-content\/uploads\/2015\/07\/fotonoticia_20150630091701_800-768x432.jpg 768w, https:\/\/eldigitaldeasturias.com\/magazine365\/wp-content\/uploads\/2015\/07\/fotonoticia_20150630091701_800-150x84.jpg 150w, https:\/\/eldigitaldeasturias.com\/magazine365\/wp-content\/uploads\/2015\/07\/fotonoticia_20150630091701_800-450x253.jpg 450w, https:\/\/eldigitaldeasturias.com\/magazine365\/wp-content\/uploads\/2015\/07\/fotonoticia_20150630091701_800-696x392.jpg 696w, https:\/\/eldigitaldeasturias.com\/magazine365\/wp-content\/uploads\/2015\/07\/fotonoticia_20150630091701_800-747x420.jpg 747w, https:\/\/eldigitaldeasturias.com\/magazine365\/wp-content\/uploads\/2015\/07\/fotonoticia_20150630091701_800-499x280.jpg 499w, https:\/\/eldigitaldeasturias.com\/magazine365\/wp-content\/uploads\/2015\/07\/fotonoticia_20150630091701_800.jpg 800w\" sizes=\"(max-width: 360px) 100vw, 360px\" \/>El Festival Grec 2015 arrancar\u00e1 este martes con una fiesta in\u00e9dita en la plaza Margarida Xirgu, que dar\u00e1 paso durante todo el mes de julio a un centenar de obras de teatro, m\u00fasica, danza, circo y espect\u00e1culos h\u00edbridos en total repartidos en 36 espacios de la ciudad.<\/p>\n<p>La fiesta de este martes, a la que acudir\u00e1 la alcaldesa, Ada Colau, estar\u00e1 animada por las bandas Obeses y Oques Grasses a partir de las 20.30 horas: Obeses presentar\u00e1 primero su nuevo disco &#8216;Monstres i princeses&#8217; con la Orquestra Municipal de Barcelona (OMB), y la fiesta continuar\u00e1 con la gira &#8216;Living in the Hol\u00b7les&#8217;, de Oques Grasses.<\/p>\n<p>Despu\u00e9s de la fiesta, el espect\u00e1culo inaugural se podr\u00e1 ver el mi\u00e9rcoles de la mano de la compa\u00f1\u00eda La Veronal y su propuesta de danza &#8216;Vor\u00f2nia&#8217;, con un discurso acerca del infierno a partir de una cueva que simboliza el lugar m\u00e1s profundo de la tierra.<\/p>\n<p>M\u00c1S PROPUESTAS INTERNACIONALES<\/p>\n<p>\u00c9ste ser\u00e1 el principio de una edici\u00f3n en la que crecen las propuestas internacionales &#8211;17 espect\u00e1culos, de los que una decena son coproducciones del Grec&#8211;, y en la que se exhibir\u00e1n 36 estrenos; todo, con un presupuesto de 3 millones de euros, como la pasada edici\u00f3n.<\/p>\n<p>En teatro internacional, destacar\u00e1 la presencia del canadiense Wajdi Mouawad con el mon\u00f3logo femenino &#8216;Soeurs&#8217; &#8211;en el segundo t\u00edtulo de su ciclo &#8216;Domestic&#8217; dedicado al entorno familiar&#8211;; el regreso del ya conocido por el festival Alain Platel en codirecci\u00f3n con Frank van Laeke en el montaje musical &#8216;En avant, marche!&#8217; con una visi\u00f3n de las bandas y las orquestas, y el regreso ya anunciado del holand\u00e9s Ivo van Hove con la adaptaci\u00f3n &#8216;La voix humaine&#8217;.<\/p>\n<p>La insolencia y transgresi\u00f3n llegar\u00e1n con la propuesta de la compa\u00f1\u00eda chilena &#8216;Re-sentida&#8217; con &#8216;La imaginaci\u00f3n del futuro&#8217;; la radiograf\u00eda social estar\u00e1 en &#8216;The Civil Wars&#8217;, del director y autor Milo Rau; la profundizaci\u00f3n en los cr\u00edmenes de guerra centrar\u00e1n &#8216;Helverora noc&#8217;, de Igmar Villqist, mientras que la ruptura sentimental tendr\u00e1 su espacio en &#8216;La clausura del amor&#8217;, de la mano de Pascal Rambert.<\/p>\n<p>La escena local aportar\u00e1 al festival &#8216;Amor i Shakespeare&#8217;, de Guillem-Jordi Graells y direcci\u00f3n de Josep Maria Mestres con la interpretaci\u00f3n de Ariadna Gil, Laura Aubert, Merc\u00e8 Pons y S\u00edlvia Bel; Pep Tosar dirigir\u00e1 e interpretar\u00e1 &#8216;Federico Garc\u00eda&#8217; basada en el poeta granadino; Josep Maria Mir\u00f3 dirigir\u00e1 el estreno &#8216;El Carrer Franklin&#8217;, de Llu\u00efsa Cunill\u00e9, y el referente argentino Ciro Zorzoli ofrecer\u00e1 &#8216;Premis i C\u00e0stings&#8217; con la compa\u00f1\u00eda T de Teatre.<\/p>\n<p>En danza, con seis coproducciones internacionales de una docena de propuestas, se suman a las anunciadas el proyecto &#8216;WW (We Women)&#8217;, de Sol Pic\u00f3; &#8216;La Mesura del desorde&#8217;, del belga Thomas Haubert; &#8216;Incisions&#8217;, de Tomeo Verg\u00e9s; la noruega Ina Christel Johanssen con su exploraci\u00f3n de la hospitalidad &#8216;Zero visibility corp&#8217;; el teatro f\u00edsico de Jordi Cort\u00e9s, y el regreso de Peeping Tom con &#8216;\u00c0 louer&#8217; &#8211;tambi\u00e9n anunciado hace un mes&#8211;.<\/p>\n<p>En circo, destaca la propuesta con 22 acr\u00f3batas &#8216;Il n&#8217;est pas encore minuit&#8217;, de la compa\u00f1\u00eda XY; la coproducci\u00f3n internacional &#8216;Pals&#8217;, de Leandro Mendoza, y el espect\u00e1culo h\u00edbrido &#8216;Fuga&#8217;, de Res de Res.<\/p>\n<p>NUEVOS FORMATOS<\/p>\n<p>De hecho, los nuevos formatos tambi\u00e9n se potencian en esta edici\u00f3n, con &#8216;CaRRoussel&#8217;, de la compa\u00f1\u00eda La Reial que tiene como escenario el interior de un coche; as\u00ed como &#8216;Aquil\u00b7les o l&#8217;estupoor&#8217;, donde actores, m\u00fasicos y compa\u00f1\u00edas de IT Danza narran \u00abde manera poco convencional\u00bb la vida del h\u00e9roe griego Aquiles, y &#8216;Nom\u00e9s ens vol protegir del cel&#8217;, de S\u00edlvia Delagneau.<\/p>\n","protected":false},"excerpt":{"rendered":"<p>El Festival Grec 2015 arrancar\u00e1 este martes con una fiesta in\u00e9dita en la plaza Margarida Xirgu, que dar\u00e1 paso durante todo el mes de julio a un centenar de obras de teatro, m\u00fasica, danza, circo y espect\u00e1culos h\u00edbridos en total repartidos en 36 espacios de la ciudad. La fiesta de este martes, a la que<\/p>\n","protected":false},"author":1,"featured_media":41343,"comment_status":"open","ping_status":"closed","sticky":false,"template":"","format":"standard","meta":{"footnotes":""},"categories":[222],"tags":[],"class_list":{"0":"post-41342","1":"post","2":"type-post","3":"status-publish","4":"format-standard","5":"has-post-thumbnail","7":"category-actualidad-turismo"},"aioseo_notices":[],"aioseo_head":"\n\t\t<!-- All in One SEO Pro 4.9.6.1 - aioseo.com -->\n\t<meta name=\"description\" content=\"El Festival Grec 2015 arrancar\u00e1 este martes con una fiesta in\u00e9dita en la plaza Margarida Xirgu, que dar\u00e1 paso durante todo el mes de julio a un centenar de obras de teatro, m\u00fasica, danza, circo y espect\u00e1culos h\u00edbridos en total repartidos en 36 espacios de la ciudad. La fiesta de este martes, a la que\" \/>\n\t<meta name=\"robots\" content=\"max-image-preview:large\" \/>\n\t<meta name=\"author\" content=\"admin\"\/>\n\t<meta name=\"google-site-verification\" content=\"UA-38556648-1\" \/>\n\t<meta name=\"keywords\" content=\"actualidad turismo\" \/>\n\t<link rel=\"canonical\" href=\"https:\/\/eldigitaldeasturias.com\/magazine365\/una-fiesta-en-la-plaza-margarida-xirgu-da-la-bienvenida-al-festival-grec-2015\/\" \/>\n\t<meta name=\"generator\" content=\"All in One SEO Pro (AIOSEO) 4.9.6.1\" \/>\n\t\t<meta property=\"og:locale\" content=\"es_ES\" \/>\n\t\t<meta property=\"og:site_name\" content=\"El Digital de Asturias \u2013 Revista de ocio, turismo y estilo de vida\" \/>\n\t\t<meta property=\"og:type\" content=\"article\" \/>\n\t\t<meta property=\"og:title\" content=\"Una fiesta en la plaza Margarida Xirgu da la bienvenida al Festival Grec 2015 | El Digital de Asturias\" \/>\n\t\t<meta property=\"og:description\" content=\"El Festival Grec 2015 arrancar\u00e1 este martes con una fiesta in\u00e9dita en la plaza Margarida Xirgu, que dar\u00e1 paso durante todo el mes de julio a un centenar de obras de teatro, m\u00fasica, danza, circo y espect\u00e1culos h\u00edbridos en total repartidos en 36 espacios de la ciudad. La fiesta de este martes, a la que\" \/>\n\t\t<meta property=\"og:url\" content=\"https:\/\/eldigitaldeasturias.com\/magazine365\/una-fiesta-en-la-plaza-margarida-xirgu-da-la-bienvenida-al-festival-grec-2015\/\" \/>\n\t\t<meta property=\"og:image\" content=\"https:\/\/eldigitaldeasturias.com\/magazine365\/wp-content\/uploads\/2015\/07\/fotonoticia_20150630091701_800.jpg\" \/>\n\t\t<meta property=\"og:image:secure_url\" content=\"https:\/\/eldigitaldeasturias.com\/magazine365\/wp-content\/uploads\/2015\/07\/fotonoticia_20150630091701_800.jpg\" \/>\n\t\t<meta property=\"og:image:width\" content=\"800\" \/>\n\t\t<meta property=\"og:image:height\" content=\"450\" \/>\n\t\t<meta property=\"article:published_time\" content=\"2015-07-01T09:30:25+00:00\" \/>\n\t\t<meta property=\"article:modified_time\" content=\"2015-07-01T09:30:25+00:00\" \/>\n\t\t<meta name=\"twitter:card\" content=\"summary_large_image\" \/>\n\t\t<meta name=\"twitter:title\" content=\"Una fiesta en la plaza Margarida Xirgu da la bienvenida al Festival Grec 2015 | El Digital de Asturias\" \/>\n\t\t<meta name=\"twitter:description\" content=\"El Festival Grec 2015 arrancar\u00e1 este martes con una fiesta in\u00e9dita en la plaza Margarida Xirgu, que dar\u00e1 paso durante todo el mes de julio a un centenar de obras de teatro, m\u00fasica, danza, circo y espect\u00e1culos h\u00edbridos en total repartidos en 36 espacios de la ciudad. La fiesta de este martes, a la que\" \/>\n\t\t<meta name=\"twitter:image\" content=\"https:\/\/eldigitaldeasturias.com\/magazine365\/wp-content\/uploads\/2015\/07\/fotonoticia_20150630091701_800.jpg\" \/>\n\t\t<script type=\"application\/ld+json\" class=\"aioseo-schema\">\n\t\t\t{\"@context\":\"https:\\\/\\\/schema.org\",\"@graph\":[{\"@type\":\"Article\",\"@id\":\"https:\\\/\\\/eldigitaldeasturias.com\\\/magazine365\\\/una-fiesta-en-la-plaza-margarida-xirgu-da-la-bienvenida-al-festival-grec-2015\\\/#article\",\"name\":\"Una fiesta en la plaza Margarida Xirgu da la bienvenida al Festival Grec 2015 | El Digital de Asturias\",\"headline\":\"Una fiesta en la plaza Margarida Xirgu da la bienvenida al Festival Grec 2015\",\"author\":{\"@id\":\"https:\\\/\\\/eldigitaldeasturias.com\\\/magazine365\\\/author\\\/admin\\\/#author\"},\"publisher\":{\"@id\":\"https:\\\/\\\/eldigitaldeasturias.com\\\/magazine365\\\/#organization\"},\"image\":{\"@type\":\"ImageObject\",\"url\":\"https:\\\/\\\/eldigitaldeasturias.com\\\/magazine365\\\/wp-content\\\/uploads\\\/2015\\\/07\\\/fotonoticia_20150630091701_800.jpg\",\"width\":800,\"height\":450},\"datePublished\":\"2015-07-01T11:00:25+02:00\",\"dateModified\":\"2015-07-01T11:00:25+02:00\",\"inLanguage\":\"es-ES\",\"mainEntityOfPage\":{\"@id\":\"https:\\\/\\\/eldigitaldeasturias.com\\\/magazine365\\\/una-fiesta-en-la-plaza-margarida-xirgu-da-la-bienvenida-al-festival-grec-2015\\\/#webpage\"},\"isPartOf\":{\"@id\":\"https:\\\/\\\/eldigitaldeasturias.com\\\/magazine365\\\/una-fiesta-en-la-plaza-margarida-xirgu-da-la-bienvenida-al-festival-grec-2015\\\/#webpage\"},\"articleSection\":\"Actualidad Turismo\"},{\"@type\":\"BreadcrumbList\",\"@id\":\"https:\\\/\\\/eldigitaldeasturias.com\\\/magazine365\\\/una-fiesta-en-la-plaza-margarida-xirgu-da-la-bienvenida-al-festival-grec-2015\\\/#breadcrumblist\",\"itemListElement\":[{\"@type\":\"ListItem\",\"@id\":\"https:\\\/\\\/eldigitaldeasturias.com\\\/magazine365#listItem\",\"position\":1,\"name\":\"Home\",\"item\":\"https:\\\/\\\/eldigitaldeasturias.com\\\/magazine365\",\"nextItem\":{\"@type\":\"ListItem\",\"@id\":\"https:\\\/\\\/eldigitaldeasturias.com\\\/magazine365\\\/category\\\/actualidad-turismo\\\/#listItem\",\"name\":\"Actualidad Turismo\"}},{\"@type\":\"ListItem\",\"@id\":\"https:\\\/\\\/eldigitaldeasturias.com\\\/magazine365\\\/category\\\/actualidad-turismo\\\/#listItem\",\"position\":2,\"name\":\"Actualidad Turismo\",\"item\":\"https:\\\/\\\/eldigitaldeasturias.com\\\/magazine365\\\/category\\\/actualidad-turismo\\\/\",\"nextItem\":{\"@type\":\"ListItem\",\"@id\":\"https:\\\/\\\/eldigitaldeasturias.com\\\/magazine365\\\/una-fiesta-en-la-plaza-margarida-xirgu-da-la-bienvenida-al-festival-grec-2015\\\/#listItem\",\"name\":\"Una fiesta en la plaza Margarida Xirgu da la bienvenida al Festival Grec 2015\"},\"previousItem\":{\"@type\":\"ListItem\",\"@id\":\"https:\\\/\\\/eldigitaldeasturias.com\\\/magazine365#listItem\",\"name\":\"Home\"}},{\"@type\":\"ListItem\",\"@id\":\"https:\\\/\\\/eldigitaldeasturias.com\\\/magazine365\\\/una-fiesta-en-la-plaza-margarida-xirgu-da-la-bienvenida-al-festival-grec-2015\\\/#listItem\",\"position\":3,\"name\":\"Una fiesta en la plaza Margarida Xirgu da la bienvenida al Festival Grec 2015\",\"previousItem\":{\"@type\":\"ListItem\",\"@id\":\"https:\\\/\\\/eldigitaldeasturias.com\\\/magazine365\\\/category\\\/actualidad-turismo\\\/#listItem\",\"name\":\"Actualidad Turismo\"}}]},{\"@type\":\"Organization\",\"@id\":\"https:\\\/\\\/eldigitaldeasturias.com\\\/magazine365\\\/#organization\",\"name\":\"El digital de Asturias\",\"description\":\"Revista de ocio, turismo y estilo de vida\",\"url\":\"https:\\\/\\\/eldigitaldeasturias.com\\\/magazine365\\\/\",\"logo\":{\"@type\":\"ImageObject\",\"url\":\"https:\\\/\\\/www.eldigitaldeasturias.com\\\/noticias\\\/wp-content\\\/uploads\\\/2020\\\/12\\\/EDA.jpg\",\"@id\":\"https:\\\/\\\/eldigitaldeasturias.com\\\/magazine365\\\/una-fiesta-en-la-plaza-margarida-xirgu-da-la-bienvenida-al-festival-grec-2015\\\/#organizationLogo\"},\"image\":{\"@id\":\"https:\\\/\\\/eldigitaldeasturias.com\\\/magazine365\\\/una-fiesta-en-la-plaza-margarida-xirgu-da-la-bienvenida-al-festival-grec-2015\\\/#organizationLogo\"}},{\"@type\":\"Person\",\"@id\":\"https:\\\/\\\/eldigitaldeasturias.com\\\/magazine365\\\/author\\\/admin\\\/#author\",\"url\":\"https:\\\/\\\/eldigitaldeasturias.com\\\/magazine365\\\/author\\\/admin\\\/\",\"name\":\"admin\",\"image\":{\"@type\":\"ImageObject\",\"@id\":\"https:\\\/\\\/eldigitaldeasturias.com\\\/magazine365\\\/una-fiesta-en-la-plaza-margarida-xirgu-da-la-bienvenida-al-festival-grec-2015\\\/#authorImage\",\"url\":\"https:\\\/\\\/eldigitaldeasturias.com\\\/magazine365\\\/wp-content\\\/litespeed\\\/avatar\\\/e571bcf59a0edd6fa6838245a470f2fe.jpg?ver=1777574230\",\"width\":96,\"height\":96,\"caption\":\"admin\"}},{\"@type\":\"WebPage\",\"@id\":\"https:\\\/\\\/eldigitaldeasturias.com\\\/magazine365\\\/una-fiesta-en-la-plaza-margarida-xirgu-da-la-bienvenida-al-festival-grec-2015\\\/#webpage\",\"url\":\"https:\\\/\\\/eldigitaldeasturias.com\\\/magazine365\\\/una-fiesta-en-la-plaza-margarida-xirgu-da-la-bienvenida-al-festival-grec-2015\\\/\",\"name\":\"Una fiesta en la plaza Margarida Xirgu da la bienvenida al Festival Grec 2015 | El Digital de Asturias\",\"description\":\"El Festival Grec 2015 arrancar\\u00e1 este martes con una fiesta in\\u00e9dita en la plaza Margarida Xirgu, que dar\\u00e1 paso durante todo el mes de julio a un centenar de obras de teatro, m\\u00fasica, danza, circo y espect\\u00e1culos h\\u00edbridos en total repartidos en 36 espacios de la ciudad. La fiesta de este martes, a la que\",\"inLanguage\":\"es-ES\",\"isPartOf\":{\"@id\":\"https:\\\/\\\/eldigitaldeasturias.com\\\/magazine365\\\/#website\"},\"breadcrumb\":{\"@id\":\"https:\\\/\\\/eldigitaldeasturias.com\\\/magazine365\\\/una-fiesta-en-la-plaza-margarida-xirgu-da-la-bienvenida-al-festival-grec-2015\\\/#breadcrumblist\"},\"author\":{\"@id\":\"https:\\\/\\\/eldigitaldeasturias.com\\\/magazine365\\\/author\\\/admin\\\/#author\"},\"creator\":{\"@id\":\"https:\\\/\\\/eldigitaldeasturias.com\\\/magazine365\\\/author\\\/admin\\\/#author\"},\"image\":{\"@type\":\"ImageObject\",\"url\":\"https:\\\/\\\/eldigitaldeasturias.com\\\/magazine365\\\/wp-content\\\/uploads\\\/2015\\\/07\\\/fotonoticia_20150630091701_800.jpg\",\"@id\":\"https:\\\/\\\/eldigitaldeasturias.com\\\/magazine365\\\/una-fiesta-en-la-plaza-margarida-xirgu-da-la-bienvenida-al-festival-grec-2015\\\/#mainImage\",\"width\":800,\"height\":450},\"primaryImageOfPage\":{\"@id\":\"https:\\\/\\\/eldigitaldeasturias.com\\\/magazine365\\\/una-fiesta-en-la-plaza-margarida-xirgu-da-la-bienvenida-al-festival-grec-2015\\\/#mainImage\"},\"datePublished\":\"2015-07-01T11:00:25+02:00\",\"dateModified\":\"2015-07-01T11:00:25+02:00\"},{\"@type\":\"WebSite\",\"@id\":\"https:\\\/\\\/eldigitaldeasturias.com\\\/magazine365\\\/#website\",\"url\":\"https:\\\/\\\/eldigitaldeasturias.com\\\/magazine365\\\/\",\"name\":\"El Digital de Asturias\",\"description\":\"Revista de ocio, turismo y estilo de vida\",\"inLanguage\":\"es-ES\",\"publisher\":{\"@id\":\"https:\\\/\\\/eldigitaldeasturias.com\\\/magazine365\\\/#organization\"}}]}\n\t\t<\/script>\n\t\t<!-- All in One SEO Pro -->\r\n\t\t<title>Una fiesta en la plaza Margarida Xirgu da la bienvenida al Festival Grec 2015 | El Digital de Asturias<\/title>\n\n","aioseo_head_json":{"title":"Una fiesta en la plaza Margarida Xirgu da la bienvenida al Festival Grec 2015 | El Digital de Asturias","description":"El Festival Grec 2015 arrancar\u00e1 este martes con una fiesta in\u00e9dita en la plaza Margarida Xirgu, que dar\u00e1 paso durante todo el mes de julio a un centenar de obras de teatro, m\u00fasica, danza, circo y espect\u00e1culos h\u00edbridos en total repartidos en 36 espacios de la ciudad. La fiesta de este martes, a la que","canonical_url":"https:\/\/eldigitaldeasturias.com\/magazine365\/una-fiesta-en-la-plaza-margarida-xirgu-da-la-bienvenida-al-festival-grec-2015\/","robots":"max-image-preview:large","keywords":"actualidad turismo","webmasterTools":{"google-site-verification":"UA-38556648-1","miscellaneous":""},"schema":{"@context":"https:\/\/schema.org","@graph":[{"@type":"Article","@id":"https:\/\/eldigitaldeasturias.com\/magazine365\/una-fiesta-en-la-plaza-margarida-xirgu-da-la-bienvenida-al-festival-grec-2015\/#article","name":"Una fiesta en la plaza Margarida Xirgu da la bienvenida al Festival Grec 2015 | El Digital de Asturias","headline":"Una fiesta en la plaza Margarida Xirgu da la bienvenida al Festival Grec 2015","author":{"@id":"https:\/\/eldigitaldeasturias.com\/magazine365\/author\/admin\/#author"},"publisher":{"@id":"https:\/\/eldigitaldeasturias.com\/magazine365\/#organization"},"image":{"@type":"ImageObject","url":"https:\/\/eldigitaldeasturias.com\/magazine365\/wp-content\/uploads\/2015\/07\/fotonoticia_20150630091701_800.jpg","width":800,"height":450},"datePublished":"2015-07-01T11:00:25+02:00","dateModified":"2015-07-01T11:00:25+02:00","inLanguage":"es-ES","mainEntityOfPage":{"@id":"https:\/\/eldigitaldeasturias.com\/magazine365\/una-fiesta-en-la-plaza-margarida-xirgu-da-la-bienvenida-al-festival-grec-2015\/#webpage"},"isPartOf":{"@id":"https:\/\/eldigitaldeasturias.com\/magazine365\/una-fiesta-en-la-plaza-margarida-xirgu-da-la-bienvenida-al-festival-grec-2015\/#webpage"},"articleSection":"Actualidad Turismo"},{"@type":"BreadcrumbList","@id":"https:\/\/eldigitaldeasturias.com\/magazine365\/una-fiesta-en-la-plaza-margarida-xirgu-da-la-bienvenida-al-festival-grec-2015\/#breadcrumblist","itemListElement":[{"@type":"ListItem","@id":"https:\/\/eldigitaldeasturias.com\/magazine365#listItem","position":1,"name":"Home","item":"https:\/\/eldigitaldeasturias.com\/magazine365","nextItem":{"@type":"ListItem","@id":"https:\/\/eldigitaldeasturias.com\/magazine365\/category\/actualidad-turismo\/#listItem","name":"Actualidad Turismo"}},{"@type":"ListItem","@id":"https:\/\/eldigitaldeasturias.com\/magazine365\/category\/actualidad-turismo\/#listItem","position":2,"name":"Actualidad Turismo","item":"https:\/\/eldigitaldeasturias.com\/magazine365\/category\/actualidad-turismo\/","nextItem":{"@type":"ListItem","@id":"https:\/\/eldigitaldeasturias.com\/magazine365\/una-fiesta-en-la-plaza-margarida-xirgu-da-la-bienvenida-al-festival-grec-2015\/#listItem","name":"Una fiesta en la plaza Margarida Xirgu da la bienvenida al Festival Grec 2015"},"previousItem":{"@type":"ListItem","@id":"https:\/\/eldigitaldeasturias.com\/magazine365#listItem","name":"Home"}},{"@type":"ListItem","@id":"https:\/\/eldigitaldeasturias.com\/magazine365\/una-fiesta-en-la-plaza-margarida-xirgu-da-la-bienvenida-al-festival-grec-2015\/#listItem","position":3,"name":"Una fiesta en la plaza Margarida Xirgu da la bienvenida al Festival Grec 2015","previousItem":{"@type":"ListItem","@id":"https:\/\/eldigitaldeasturias.com\/magazine365\/category\/actualidad-turismo\/#listItem","name":"Actualidad Turismo"}}]},{"@type":"Organization","@id":"https:\/\/eldigitaldeasturias.com\/magazine365\/#organization","name":"El digital de Asturias","description":"Revista de ocio, turismo y estilo de vida","url":"https:\/\/eldigitaldeasturias.com\/magazine365\/","logo":{"@type":"ImageObject","url":"https:\/\/www.eldigitaldeasturias.com\/noticias\/wp-content\/uploads\/2020\/12\/EDA.jpg","@id":"https:\/\/eldigitaldeasturias.com\/magazine365\/una-fiesta-en-la-plaza-margarida-xirgu-da-la-bienvenida-al-festival-grec-2015\/#organizationLogo"},"image":{"@id":"https:\/\/eldigitaldeasturias.com\/magazine365\/una-fiesta-en-la-plaza-margarida-xirgu-da-la-bienvenida-al-festival-grec-2015\/#organizationLogo"}},{"@type":"Person","@id":"https:\/\/eldigitaldeasturias.com\/magazine365\/author\/admin\/#author","url":"https:\/\/eldigitaldeasturias.com\/magazine365\/author\/admin\/","name":"admin","image":{"@type":"ImageObject","@id":"https:\/\/eldigitaldeasturias.com\/magazine365\/una-fiesta-en-la-plaza-margarida-xirgu-da-la-bienvenida-al-festival-grec-2015\/#authorImage","url":"https:\/\/eldigitaldeasturias.com\/magazine365\/wp-content\/litespeed\/avatar\/e571bcf59a0edd6fa6838245a470f2fe.jpg?ver=1777574230","width":96,"height":96,"caption":"admin"}},{"@type":"WebPage","@id":"https:\/\/eldigitaldeasturias.com\/magazine365\/una-fiesta-en-la-plaza-margarida-xirgu-da-la-bienvenida-al-festival-grec-2015\/#webpage","url":"https:\/\/eldigitaldeasturias.com\/magazine365\/una-fiesta-en-la-plaza-margarida-xirgu-da-la-bienvenida-al-festival-grec-2015\/","name":"Una fiesta en la plaza Margarida Xirgu da la bienvenida al Festival Grec 2015 | El Digital de Asturias","description":"El Festival Grec 2015 arrancar\u00e1 este martes con una fiesta in\u00e9dita en la plaza Margarida Xirgu, que dar\u00e1 paso durante todo el mes de julio a un centenar de obras de teatro, m\u00fasica, danza, circo y espect\u00e1culos h\u00edbridos en total repartidos en 36 espacios de la ciudad. La fiesta de este martes, a la que","inLanguage":"es-ES","isPartOf":{"@id":"https:\/\/eldigitaldeasturias.com\/magazine365\/#website"},"breadcrumb":{"@id":"https:\/\/eldigitaldeasturias.com\/magazine365\/una-fiesta-en-la-plaza-margarida-xirgu-da-la-bienvenida-al-festival-grec-2015\/#breadcrumblist"},"author":{"@id":"https:\/\/eldigitaldeasturias.com\/magazine365\/author\/admin\/#author"},"creator":{"@id":"https:\/\/eldigitaldeasturias.com\/magazine365\/author\/admin\/#author"},"image":{"@type":"ImageObject","url":"https:\/\/eldigitaldeasturias.com\/magazine365\/wp-content\/uploads\/2015\/07\/fotonoticia_20150630091701_800.jpg","@id":"https:\/\/eldigitaldeasturias.com\/magazine365\/una-fiesta-en-la-plaza-margarida-xirgu-da-la-bienvenida-al-festival-grec-2015\/#mainImage","width":800,"height":450},"primaryImageOfPage":{"@id":"https:\/\/eldigitaldeasturias.com\/magazine365\/una-fiesta-en-la-plaza-margarida-xirgu-da-la-bienvenida-al-festival-grec-2015\/#mainImage"},"datePublished":"2015-07-01T11:00:25+02:00","dateModified":"2015-07-01T11:00:25+02:00"},{"@type":"WebSite","@id":"https:\/\/eldigitaldeasturias.com\/magazine365\/#website","url":"https:\/\/eldigitaldeasturias.com\/magazine365\/","name":"El Digital de Asturias","description":"Revista de ocio, turismo y estilo de vida","inLanguage":"es-ES","publisher":{"@id":"https:\/\/eldigitaldeasturias.com\/magazine365\/#organization"}}]},"og:locale":"es_ES","og:site_name":"El Digital de Asturias \u2013 Revista de ocio, turismo y estilo de vida","og:type":"article","og:title":"Una fiesta en la plaza Margarida Xirgu da la bienvenida al Festival Grec 2015 | El Digital de Asturias","og:description":"El Festival Grec 2015 arrancar\u00e1 este martes con una fiesta in\u00e9dita en la plaza Margarida Xirgu, que dar\u00e1 paso durante todo el mes de julio a un centenar de obras de teatro, m\u00fasica, danza, circo y espect\u00e1culos h\u00edbridos en total repartidos en 36 espacios de la ciudad. La fiesta de este martes, a la que","og:url":"https:\/\/eldigitaldeasturias.com\/magazine365\/una-fiesta-en-la-plaza-margarida-xirgu-da-la-bienvenida-al-festival-grec-2015\/","og:image":"https:\/\/eldigitaldeasturias.com\/magazine365\/wp-content\/uploads\/2015\/07\/fotonoticia_20150630091701_800.jpg","og:image:secure_url":"https:\/\/eldigitaldeasturias.com\/magazine365\/wp-content\/uploads\/2015\/07\/fotonoticia_20150630091701_800.jpg","og:image:width":800,"og:image:height":450,"article:published_time":"2015-07-01T09:30:25+00:00","article:modified_time":"2015-07-01T09:30:25+00:00","twitter:card":"summary_large_image","twitter:title":"Una fiesta en la plaza Margarida Xirgu da la bienvenida al Festival Grec 2015 | El Digital de Asturias","twitter:description":"El Festival Grec 2015 arrancar\u00e1 este martes con una fiesta in\u00e9dita en la plaza Margarida Xirgu, que dar\u00e1 paso durante todo el mes de julio a un centenar de obras de teatro, m\u00fasica, danza, circo y espect\u00e1culos h\u00edbridos en total repartidos en 36 espacios de la ciudad. La fiesta de este martes, a la que","twitter:image":"https:\/\/eldigitaldeasturias.com\/magazine365\/wp-content\/uploads\/2015\/07\/fotonoticia_20150630091701_800.jpg"},"aioseo_meta_data":{"post_id":"41342","title":null,"description":null,"keywords":null,"keyphrases":null,"primary_term":null,"canonical_url":null,"og_title":null,"og_description":null,"og_object_type":"default","og_image_type":"default","og_image_url":null,"og_image_width":null,"og_image_height":null,"og_image_custom_url":null,"og_image_custom_fields":null,"og_video":null,"og_custom_url":null,"og_article_section":null,"og_article_tags":null,"twitter_use_og":false,"twitter_card":"default","twitter_image_type":"default","twitter_image_url":null,"twitter_image_custom_url":null,"twitter_image_custom_fields":null,"twitter_title":null,"twitter_description":null,"schema":{"blockGraphs":[],"customGraphs":[],"default":{"data":{"Article":[],"Course":[],"Dataset":[],"FAQPage":[],"Movie":[],"Person":[],"Product":[],"ProductReview":[],"Car":[],"Recipe":[],"Service":[],"SoftwareApplication":[],"WebPage":[]},"graphName":"","isEnabled":true},"graphs":[],"defaultGraph":"","defaultPostTypeGraph":""},"schema_type":null,"schema_type_options":null,"pillar_content":false,"robots_default":true,"robots_noindex":false,"robots_noarchive":false,"robots_nosnippet":false,"robots_nofollow":false,"robots_noimageindex":false,"robots_noodp":false,"robots_notranslate":false,"robots_max_snippet":null,"robots_max_videopreview":null,"robots_max_imagepreview":"large","priority":null,"frequency":null,"location":null,"local_seo":null,"seo_analyzer_scan_date":"2025-09-19 15:27:03","breadcrumb_settings":null,"limit_modified_date":false,"open_ai":null,"ai":null,"created":"2021-03-09 02:16:53","updated":"2025-09-19 15:27:03"},"aioseo_breadcrumb":"<div class=\"aioseo-breadcrumbs\"><span class=\"aioseo-breadcrumb\">\n\t<a href=\"https:\/\/eldigitaldeasturias.com\/magazine365\" title=\"Home\">Home<\/a>\n<\/span><span class=\"aioseo-breadcrumb-separator\">\u2013<\/span><span class=\"aioseo-breadcrumb\">\n\t<a href=\"https:\/\/eldigitaldeasturias.com\/magazine365\/category\/actualidad-turismo\/\" title=\"Actualidad Turismo\">Actualidad Turismo<\/a>\n<\/span><span class=\"aioseo-breadcrumb-separator\">\u2013<\/span><span class=\"aioseo-breadcrumb\">\n\t<a href=\"https:\/\/eldigitaldeasturias.com\/magazine365\/una-fiesta-en-la-plaza-margarida-xirgu-da-la-bienvenida-al-festival-grec-2015\/\" title=\"Una fiesta en la plaza Margarida Xirgu da la bienvenida al Festival Grec 2015\">Una fiesta en la plaza Margarida Xirgu da la bienvenida al Festival Grec 2015<\/a>\n<\/span><\/div>","aioseo_breadcrumb_json":[{"label":"Home","link":"https:\/\/eldigitaldeasturias.com\/magazine365"},{"label":"Actualidad Turismo","link":"https:\/\/eldigitaldeasturias.com\/magazine365\/category\/actualidad-turismo\/"},{"label":"Una fiesta en la plaza Margarida Xirgu da la bienvenida al Festival Grec 2015","link":"https:\/\/eldigitaldeasturias.com\/magazine365\/una-fiesta-en-la-plaza-margarida-xirgu-da-la-bienvenida-al-festival-grec-2015\/"}],"_links":{"self":[{"href":"https:\/\/eldigitaldeasturias.com\/magazine365\/wp-json\/wp\/v2\/posts\/41342","targetHints":{"allow":["GET"]}}],"collection":[{"href":"https:\/\/eldigitaldeasturias.com\/magazine365\/wp-json\/wp\/v2\/posts"}],"about":[{"href":"https:\/\/eldigitaldeasturias.com\/magazine365\/wp-json\/wp\/v2\/types\/post"}],"author":[{"embeddable":true,"href":"https:\/\/eldigitaldeasturias.com\/magazine365\/wp-json\/wp\/v2\/users\/1"}],"replies":[{"embeddable":true,"href":"https:\/\/eldigitaldeasturias.com\/magazine365\/wp-json\/wp\/v2\/comments?post=41342"}],"version-history":[{"count":0,"href":"https:\/\/eldigitaldeasturias.com\/magazine365\/wp-json\/wp\/v2\/posts\/41342\/revisions"}],"wp:featuredmedia":[{"embeddable":true,"href":"https:\/\/eldigitaldeasturias.com\/magazine365\/wp-json\/wp\/v2\/media\/41343"}],"wp:attachment":[{"href":"https:\/\/eldigitaldeasturias.com\/magazine365\/wp-json\/wp\/v2\/media?parent=41342"}],"wp:term":[{"taxonomy":"category","embeddable":true,"href":"https:\/\/eldigitaldeasturias.com\/magazine365\/wp-json\/wp\/v2\/categories?post=41342"},{"taxonomy":"post_tag","embeddable":true,"href":"https:\/\/eldigitaldeasturias.com\/magazine365\/wp-json\/wp\/v2\/tags?post=41342"}],"curies":[{"name":"wp","href":"https:\/\/api.w.org\/{rel}","templated":true}]}}